{"id":350845,"date":"2016-11-27T00:00:00","date_gmt":"2016-11-27T04:00:00","guid":{"rendered":"https:\/\/casadecampoliving.com\/calendario-completo-de-eventos-de-navidad-en-altos-de-chavon\/"},"modified":"2022-11-10T10:01:50","modified_gmt":"2022-11-10T14:01:50","slug":"calendario-completo-de-eventos-de-navidad-en-altos-de-chavon","status":"publish","type":"post","link":"https:\/\/casadecampoliving.com\/es\/calendario-completo-de-eventos-de-navidad-en-altos-de-chavon\/","title":{"rendered":"\u00a1La temporada festiva est\u00e1 m\u00e1s cerca que nunca! \u00a1El calendario completo de eventos de Navidad est\u00e1 aqu\u00ed!"},"content":{"rendered":"<p style=\"text-align: justify;\">\u00a1Esta Navidad, Altos de Chav\u00f3n es el lugar para celebrar! Con la inauguraci\u00f3n oficial de la temporada m\u00e1s feliz con la Ceremonia de Encendido de Luces Navide\u00f1as el viernes 9 de diciembre, pensamos que ser\u00eda \u00fatil traerles el calendario COMPLETO de eventos navide\u00f1os. Esperamos verlos a todos aqu\u00ed, y les animamos a echar un vistazo al video de abajo para poner una sonrisa en su cara y extender la alegr\u00eda navide\u00f1a.<\/p>\n<p style=\"text-align: justify;\"><!--more--><\/p>\n<p id=\"tw-target-text\" class=\"tw-data-text tw-ta tw-text-small\" dir=\"ltr\" data-placeholder=\"Translation\"><span lang=\"es\">Este es un evento espectacular y considerado como uno de los m\u00e1s extraordinarios del a\u00f1o. Ya pronto podremos ver c\u00f3mo las luces adornan la Iglesia San Estanislao desde el techo, el campanario y todos los locales y edificios de la villa<\/span>. \u00a1Altos de Chav\u00f3n se convertir\u00e1 en un lugar a\u00fan m\u00e1s magn\u00edfico con la magia de la Navidad!<\/p>\n<p style=\"text-align: justify;\"><img data-recalc-dims=\"1\" loading=\"lazy\" decoding=\"async\" class=\"aligncenter size-full wp-image-115653\" src=\"https:\/\/i0.wp.com\/casadecampoliving.com\/wp-content\/uploads\/2022\/10\/Christmas-Lighting-Ceremony-1.jpg?resize=650%2C400&#038;ssl=1\" alt=\"Christmas Lighting Ceremony 1\" width=\"650\" height=\"400\" \/><\/p>\n<p style=\"text-align: justify;\">Los peque\u00f1os se sentar\u00e1n en el regazo de Santa y bailar\u00e1n alrededor, sintiendo el esp\u00edritu navide\u00f1o. A las 7:30 pm, la Ceremonia de Encendido de Luces Navide\u00f1as comienza, marcando el inicio de las vacaciones y fiestas llenas de alegr\u00eda. Despu\u00e9s de la exhibici\u00f3n de luces, se realizar\u00e1 un concierto de Navidad\u00a0por la Orquesta Sinf\u00f3nica Nacional Juvenil, dirigido por el Maestro Alberto Rincon y el Coro Koribe, dirigido por la Prof. Nadia Nicola, con villancicos tradicionales.<\/p>\n<p style=\"text-align: center;\"><iframe loading=\"lazy\" src=\"https:\/\/www.youtube.com\/embed\/aWqqPlstcO4\" width=\"560\" height=\"315\" frameborder=\"0\" allowfullscreen=\"allowfullscreen\" data-mce-fragment=\"1\"><\/iframe><\/p>\n<p style=\"text-align: left;\">Adem\u00e1s, vea la galer\u00eda del a\u00f1o pasado de fotos tomadas por Mariana Heredia durante la Ceremonia de Encendido de Luces Navide\u00f1as de 2015 en Altos de Chav\u00f3n: [nggallery id = 2407]<\/p>\n<p id=\"tw-target-text\" class=\"tw-data-text tw-ta tw-text-medium\" dir=\"ltr\" data-placeholder=\"Translation\"><strong><span lang=\"es\">\u00a1No te pierdas ninguno de los eventos de este a\u00f1o!<\/span><\/strong><\/p>\n<blockquote>\n<h2 style=\"text-align: center;\">\u00a1TEMPORADA NAVIDE\u00d1A EN ALTOS DE CHAV\u00d3N!<\/h2>\n<p><strong>S\u00e1bado, Diciembre 3\u00a0<\/strong><\/p>\n<p>Anfiteatro<\/p>\n<p><strong>7:30 P.M.<\/strong> Ballet \u201cLA BAYADERE\u201d de la Escuela de Ballet Elizabeth P. De Zeller<\/p>\n<p>RD$200.00 p\/p a beneficio del Hogar de Ancianos Padre Abreu<\/p>\n<p><strong>Viernes, Diciembre 9<\/strong><\/p>\n<p>Plaza Chav\u00f3n<\/p>\n<p><strong>6-8 PM<\/strong> Santa Claus llega a Chav\u00f3n!<\/p>\n<p>Santa y sus alegres duendes llegan para saludar a ni\u00f1os y adultos con c\u00e1mara en mano. As\u00ed que peque\u00f1ines y grandotes\u2026no olviden traer sus cartas!<\/p>\n<p><strong>7:30 PM<\/strong> Ceremonia de Encendido de Luces Navide\u00f1as<\/p>\n<p>Es nuestra tradicional ceremonia que indica que oficialmente es navidad en Casa de Campo, con el encendido de luces de nuestras decoraciones y nuestro hermoso \u00c1rbol de Navidad.<\/p>\n<p>&nbsp;<\/p>\n<p><strong>8:00 pm\u00a0\u00a0\u00a0 \u00a0\u00a0\u00a0\u00a0<\/strong> CONCIERTO DE NAVIDAD con la ORQUESTA SINFONICA NACIONAL JUVENIL, dirigida por el Maestro Alberto Rinc\u00f3n y el CORO KORIBE, dirigido por la Prof. Nadia Nicola con el auspicio del Ministerio de Cultura de la Republica Dominicana.<\/p>\n<p><strong>Mi\u00e9rcoles, 14 de diciembre <\/strong><\/p>\n<p>Museo Arqueol\u00f3gico Regional<\/p>\n<p><strong>5:00 PM \u00a0\u00a0\u00a0\u00a0\u00a0<\/strong>\u00a0\u00a0\u00a0\u00a0\u00a0\u00a0\u00a0 Taller de maracas navide\u00f1as<\/p>\n<p><strong>6:00 PM\u00a0\u00a0 \u00a0\u00a0\u00a0\u00a0<\/strong>\u00a0\u00a0\u00a0\u00a0\u00a0\u00a0 Aguinaldo Navide\u00f1o<\/p>\n<p><strong>Jueves, 15 de diciembre<\/strong><\/p>\n<p>La Galer\u00eda<\/p>\n<p><strong>7:30 PM<\/strong> Coctel Inaugural Exhibici\u00f3n Arte de Carlos Montesino<\/p>\n<p><strong>Viernes, 16 de diciembre<\/strong><\/p>\n<p><strong>6-8 PM<\/strong>\u00a0\u00a1Santa Claus llega a Chav\u00f3n!<\/p>\n<p>&nbsp;<\/p>\n<p><strong>9.00PM<\/strong> FIESTA ON THE ROCKS: BENNY &amp; THE CUPIDS<\/p>\n<p>Unas navidades en Republica Dominicana tienen que tener una gran fiesta! Esta excelente orquesta pondr\u00e1 a bailar a todos!<\/p>\n<p>&nbsp;<\/p>\n<p><strong>Viernes, 23 de diciembre<\/strong><\/p>\n<p><strong>6:30 PM<\/strong> Nacimiento Viviente a cargo de los ni\u00f1os de Fundaci\u00f3n MIR<\/p>\n<p>Los ni\u00f1os de dos de los programas de la Misi\u00f3n Internacional de Rescate (MIR) en La Romana (Escuela Nueva Esperanza y Escuela Vocacional) presentan una velada especial de Navidad con la llegada del Ni\u00f1o Jes\u00fas y villancicos tradicionales.<\/p>\n<p><strong> 7-9 PM<\/strong> Santa Claus llega a Chav\u00f3n!<\/p>\n<p><strong>9:00 PM<\/strong> BOLEROS ON THE ROCK: Johanna Almanzar y su banda. Una noche bohemia con la gran voz y presencia de Johanna Almanzar con un repertorio<\/p>\n<p>de grandes exitos latinoamericanos.<\/p>\n<p><strong>S\u00e1bado, Diciembre 24<\/strong><\/p>\n<p>Plaza Chav\u00f3n<\/p>\n<p><strong>6-11 PM<\/strong> Men\u00fa especial de Navidad en:<\/p>\n<p>La Piazzetta Restaurant, Se requiere reservar.<\/p>\n<p>&nbsp;<\/p>\n<p><strong>9 PM<\/strong> Villancicos a cargo del Coro Madrigalistas, bajo la direcci\u00f3n del Profesor Andr\u00e9s Capell\u00e1n<\/p>\n<p><strong>10 PM<\/strong> Celebraci\u00f3n Eucar\u00edstica, Iglesia San Estanislao. Brindis de Eggnog, despu\u00e9s de la misa.<\/p>\n<p><strong>Domingo, Diciembre 25<\/strong><\/p>\n<p>Plaza Chav\u00f3n<\/p>\n<p>Una tarde y una noche para que toda la familia disfrute un momento de reflexi\u00f3n, magia, diversi\u00f3n, m\u00fasica y baile en la Plaza de Altos de Chav\u00f3n. Vamos a celebrar\u2026.. \u00a1es Navidad!<\/p>\n<p>&nbsp;<\/p>\n<p><strong>5:30 PM<\/strong> Celebraci\u00f3n Eucar\u00edstica, Iglesia San Estanislao<\/p>\n<p><strong>6:30- 7:30 PM<\/strong> CORO ARMONIA \u2013 Un alegre concierto de villancicos dominicanos e internacionales con esta reconocida agrupaci\u00f3n coral. Tendremos brindis del tradicional te de Jengibre!<\/p>\n<p><strong>6:30 &#8211; 8:30 PM<\/strong> Santa llega! Y viene acompa\u00f1ado de sus duendes quienes har\u00e1n divertidas actividades para los ni\u00f1os y de paso le traen regalitos navide\u00f1os!<\/p>\n<p><strong>8:00 \u201311:00 PM<\/strong> Celebraci\u00f3n de Navidad Dominicana. Calce sus zapatos de baile y disfrute de la M\u00fasica navide\u00f1a de la Orquesta Dekadas que tocar\u00e1 merengues tradicionales de la temporada.<\/p>\n<p><strong> Lunes, Diciembre 26<\/strong><\/p>\n<p>Plaza Chav\u00f3n<\/p>\n<p><strong>9:00 p.m.<\/strong> JAZZ ON THE ROCKS: CARLOS MARCELO JAZZ &amp; MAS QUARTET Talentosisimos musicos dominicanos le invitan a disfrutar una noche con lo mejor del Jazz.<\/p>\n<p><strong>Martes, Diciembre 27<\/strong><\/p>\n<p>Plaza Chav\u00f3n<\/p>\n<p><strong>9.00PM<\/strong> SON ON THE ROCKS: GRUPO BONYE. Esta emblematica agrupacion ofrece lo mejor del Son, meringue y salsa.<\/p>\n<p><strong>Jueves, Diciembre 29<\/strong><\/p>\n<p>Plaza Chav\u00f3n<\/p>\n<p><strong>9.00 PM<\/strong> SHOW FOLKLORICO DEL MINISTERIO DE TURISMO DE REP. DOM. MITUR<\/p>\n<p><strong>Viernes, Diciembre 30<\/strong><\/p>\n<p>Anfiteatro<\/p>\n<p><strong>8:30 PM<\/strong>\u00a0Concierto ENRIQUE IGLESIAS &amp; GENTE DE ZONA<\/p>\n<p><strong>S\u00e1bado, Diciembre 31<\/strong><\/p>\n<p>Altos de Chavon es una sola fiesta para recibir el 2017! En todos nuestros bares y restaurantes encontrara una ambiente extraordinario!<\/p>\n<p><strong>5:00 p.m.<\/strong> Celebraci\u00f3n Eucar\u00edstica, Iglesia San Estanislao<\/p>\n<p><strong>6 PM-12 AM<\/strong> Cenas especiales de A\u00f1o nuevo en: LA PIAZZETTA &#8211; Se requiere reservar<\/p>\n<p><strong>11 PM<\/strong> Fiestas de A\u00f1o nuevo<\/p>\n<p>Espere el 2017 en el ambiente mas divertido, glamoroso y excitante de Casa de Campo. \u00a1Pronto m\u00e1s detalles!<\/p>\n<p><strong>Domingo\u00a01ero Enero\u00a0<\/strong><\/p>\n<p>Plaza Chav\u00f3n<\/p>\n<p><strong>5:30 PM<\/strong> Misa de A\u00f1o Nuevo, Iglesia San Estanislao<\/p><\/blockquote>\n","protected":false},"excerpt":{"rendered":"<p>\u00a1Esta Navidad, Altos de Chav\u00f3n es el lugar para celebrar! Con la inauguraci\u00f3n oficial de la temporada m\u00e1s feliz con la Ceremonia de Encendido de Luces Navide\u00f1as el viernes 9 de diciembre, pensamos que ser\u00eda \u00fatil traerles el calendario COMPLETO de eventos navide\u00f1os. Esperamos verlos a todos aqu\u00ed, y les animamos a echar un vistazo [&hellip;]<\/p>\n","protected":false},"author":36682,"featured_media":314081,"comment_status":"closed","ping_status":"closed","sticky":false,"template":"","format":"standard","meta":{"newspack_ads_suppress_ads":false,"newspack_popups_has_disabled_popups":false,"newspack_sponsor_sponsorship_scope":"","newspack_sponsor_native_byline_display":"inherit","newspack_sponsor_native_category_display":"inherit","newspack_sponsor_underwriter_style":"inherit","newspack_sponsor_underwriter_placement":"inherit","_newspack_byline_active":false,"_newspack_byline":"","newspack_hide_updated_date":false,"newspack_show_updated_date":false,"newspack_content_restriction_is_exempt":false,"newspack_featured_image_position":"","newspack_post_subtitle":"","newspack_article_summary_title":"Overview:","newspack_article_summary":"","_jetpack_memberships_contains_paid_content":false,"footnotes":"","jetpack_publicize_message":"","jetpack_publicize_feature_enabled":true,"jetpack_social_post_already_shared":false,"jetpack_social_options":{"image_generator_settings":{"template":"highway","default_image_id":0,"font":"","enabled":false},"version":2},"_wpas_customize_per_network":false},"categories":[26819,26823,14631,2522,14625,14627,2521,26822],"tags":[3575,15387,520,23815,8072,2677,9289,14736,19786,1662,830,13747],"newspack_spnsrs_tax":[],"class_list":["post-350845","post","type-post","status-publish","format-standard","has-post-thumbnail","hentry","category-altos-de-chavon-es","category-arte-y-cultura","category-estilo-de-vida","category-eventos-es","category-noticias-locales","category-proximamente","category-republica-dominicana-2","category-resort-casa-de-campo","tag-altos-de-chavon-es-2","tag-altos-de-chavon-es","tag-ballet","tag-casa-de-campo-es-17","tag-ceremonia-de-encendido-de-luces-navidenas","tag-conciertos","tag-enrique-iglesias-es","tag-featured-topview-es","tag-gente-de-zona-es","tag-navidad","tag-santa-claus","tag-villancicos","entry"],"yoast_head":"<!-- This site is optimized with the Yoast SEO plugin v27.4 - https:\/\/yoast.com\/product\/yoast-seo-wordpress\/ -->\n<title>\u00a1La temporada festiva est\u00e1 m\u00e1s cerca que nunca! \u00a1El calendario completo de eventos de Navidad est\u00e1 aqu\u00ed! | Casa de Campo Living<\/title>\n<meta name=\"description\" content=\"\u00a1Esta Navidad, Altos de Chav\u00f3n es el lugar para celebrar! Con la inauguraci\u00f3n oficial de la temporada m\u00e1s feliz con la Ceremonia de Encendido de Luces\" \/>\n<meta name=\"robots\" content=\"index, follow, max-snippet:-1, max-image-preview:large, max-video-preview:-1\" \/>\n<link rel=\"canonical\" href=\"https:\/\/casadecampoliving.com\/es\/calendario-completo-de-eventos-de-navidad-en-altos-de-chavon\/\" \/>\n<meta property=\"og:locale\" content=\"es_ES\" \/>\n<meta property=\"og:type\" content=\"article\" \/>\n<meta property=\"og:title\" content=\"\u00a1La temporada festiva est\u00e1 m\u00e1s cerca que nunca! \u00a1El calendario completo de eventos de Navidad est\u00e1 aqu\u00ed! | Casa de Campo Living\" \/>\n<meta property=\"og:description\" content=\"\u00a1Esta Navidad, Altos de Chav\u00f3n es el lugar para celebrar! Con la inauguraci\u00f3n oficial de la temporada m\u00e1s feliz con la Ceremonia de Encendido de Luces\" \/>\n<meta property=\"og:url\" content=\"https:\/\/casadecampoliving.com\/es\/calendario-completo-de-eventos-de-navidad-en-altos-de-chavon\/\" \/>\n<meta property=\"og:site_name\" content=\"Casa de Campo Living\" \/>\n<meta property=\"article:publisher\" content=\"https:\/\/www.facebook.com\/casadecampoliving\" \/>\n<meta property=\"article:published_time\" content=\"2016-11-27T04:00:00+00:00\" \/>\n<meta property=\"article:modified_time\" content=\"2022-11-10T14:01:50+00:00\" \/>\n<meta property=\"og:image\" content=\"https:\/\/i0.wp.com\/casadecampoliving.com\/wp-content\/uploads\/2022\/10\/DSC_0411.jpg?fit=1000%2C603&ssl=1\" \/>\n\t<meta property=\"og:image:width\" content=\"1000\" \/>\n\t<meta property=\"og:image:height\" content=\"603\" \/>\n\t<meta property=\"og:image:type\" content=\"image\/jpeg\" \/>\n<meta name=\"author\" content=\"Marlenys Guzm\u00e1n Casta\u00f1os\" \/>\n<meta name=\"twitter:card\" content=\"summary_large_image\" \/>\n<meta name=\"twitter:creator\" content=\"@cdcliving\" \/>\n<meta name=\"twitter:site\" content=\"@cdcliving\" \/>\n<meta name=\"twitter:label1\" content=\"Escrito por\" \/>\n\t<meta name=\"twitter:data1\" content=\"Marlenys Guzm\u00e1n Casta\u00f1os\" \/>\n\t<meta name=\"twitter:label2\" content=\"Tiempo de lectura\" \/>\n\t<meta name=\"twitter:data2\" content=\"5 minutos\" \/>\n<script type=\"application\/ld+json\" class=\"yoast-schema-graph\">{\"@context\":\"https:\\\/\\\/schema.org\",\"@graph\":[{\"@type\":\"Article\",\"@id\":\"https:\\\/\\\/casadecampoliving.com\\\/es\\\/calendario-completo-de-eventos-de-navidad-en-altos-de-chavon\\\/#article\",\"isPartOf\":{\"@id\":\"https:\\\/\\\/casadecampoliving.com\\\/es\\\/calendario-completo-de-eventos-de-navidad-en-altos-de-chavon\\\/\"},\"author\":{\"name\":\"Marlenys Guzm\u00e1n Casta\u00f1os\",\"@id\":\"https:\\\/\\\/casadecampoliving.com\\\/es\\\/#\\\/schema\\\/person\\\/b6606bd87f9cec8f5903e2141cafda24\"},\"headline\":\"\u00a1La temporada festiva est\u00e1 m\u00e1s cerca que nunca! \u00a1El calendario completo de eventos de Navidad est\u00e1 aqu\u00ed!\",\"datePublished\":\"2016-11-27T04:00:00+00:00\",\"dateModified\":\"2022-11-10T14:01:50+00:00\",\"mainEntityOfPage\":{\"@id\":\"https:\\\/\\\/casadecampoliving.com\\\/es\\\/calendario-completo-de-eventos-de-navidad-en-altos-de-chavon\\\/\"},\"wordCount\":966,\"publisher\":{\"@id\":\"https:\\\/\\\/casadecampoliving.com\\\/es\\\/#organization\"},\"image\":{\"@id\":\"https:\\\/\\\/casadecampoliving.com\\\/es\\\/calendario-completo-de-eventos-de-navidad-en-altos-de-chavon\\\/#primaryimage\"},\"thumbnailUrl\":\"https:\\\/\\\/i0.wp.com\\\/casadecampoliving.com\\\/wp-content\\\/uploads\\\/2022\\\/10\\\/DSC_0411.jpg?fit=1000%2C603&ssl=1\",\"keywords\":[\"Altos de Chavon -es\",\"Altos de Chavon\",\"ballet\",\"Casa de Campo\",\"Ceremonia de Encendido de Luces Navide\u00f1as\",\"conciertos\",\"enrique iglesias @es\",\"Featured-TopView @es\",\"gente de zona @es\",\"navidad\",\"santa claus\",\"Villancicos\"],\"articleSection\":[\"Altos de Chavon @es\",\"Arte y cultura\",\"Estilo de Vida\",\"Eventos\",\"Noticias Locales\",\"Proximamente\",\"Rep\u00fablica Dominicana @es\",\"Resort Casa de Campo\"],\"inLanguage\":\"es\"},{\"@type\":\"WebPage\",\"@id\":\"https:\\\/\\\/casadecampoliving.com\\\/es\\\/calendario-completo-de-eventos-de-navidad-en-altos-de-chavon\\\/\",\"url\":\"https:\\\/\\\/casadecampoliving.com\\\/es\\\/calendario-completo-de-eventos-de-navidad-en-altos-de-chavon\\\/\",\"name\":\"\u00a1La temporada festiva est\u00e1 m\u00e1s cerca que nunca! \u00a1El calendario completo de eventos de Navidad est\u00e1 aqu\u00ed! | Casa de Campo Living\",\"isPartOf\":{\"@id\":\"https:\\\/\\\/casadecampoliving.com\\\/es\\\/#website\"},\"primaryImageOfPage\":{\"@id\":\"https:\\\/\\\/casadecampoliving.com\\\/es\\\/calendario-completo-de-eventos-de-navidad-en-altos-de-chavon\\\/#primaryimage\"},\"image\":{\"@id\":\"https:\\\/\\\/casadecampoliving.com\\\/es\\\/calendario-completo-de-eventos-de-navidad-en-altos-de-chavon\\\/#primaryimage\"},\"thumbnailUrl\":\"https:\\\/\\\/i0.wp.com\\\/casadecampoliving.com\\\/wp-content\\\/uploads\\\/2022\\\/10\\\/DSC_0411.jpg?fit=1000%2C603&ssl=1\",\"datePublished\":\"2016-11-27T04:00:00+00:00\",\"dateModified\":\"2022-11-10T14:01:50+00:00\",\"description\":\"\u00a1Esta Navidad, Altos de Chav\u00f3n es el lugar para celebrar! Con la inauguraci\u00f3n oficial de la temporada m\u00e1s feliz con la Ceremonia de Encendido de Luces\",\"breadcrumb\":{\"@id\":\"https:\\\/\\\/casadecampoliving.com\\\/es\\\/calendario-completo-de-eventos-de-navidad-en-altos-de-chavon\\\/#breadcrumb\"},\"inLanguage\":\"es\",\"potentialAction\":[{\"@type\":\"ReadAction\",\"target\":[\"https:\\\/\\\/casadecampoliving.com\\\/es\\\/calendario-completo-de-eventos-de-navidad-en-altos-de-chavon\\\/\"]}]},{\"@type\":\"ImageObject\",\"inLanguage\":\"es\",\"@id\":\"https:\\\/\\\/casadecampoliving.com\\\/es\\\/calendario-completo-de-eventos-de-navidad-en-altos-de-chavon\\\/#primaryimage\",\"url\":\"https:\\\/\\\/i0.wp.com\\\/casadecampoliving.com\\\/wp-content\\\/uploads\\\/2022\\\/10\\\/DSC_0411.jpg?fit=1000%2C603&ssl=1\",\"contentUrl\":\"https:\\\/\\\/i0.wp.com\\\/casadecampoliving.com\\\/wp-content\\\/uploads\\\/2022\\\/10\\\/DSC_0411.jpg?fit=1000%2C603&ssl=1\",\"width\":1000,\"height\":603,\"caption\":\"Christmas - Altos de Chav\u00f3n\"},{\"@type\":\"BreadcrumbList\",\"@id\":\"https:\\\/\\\/casadecampoliving.com\\\/es\\\/calendario-completo-de-eventos-de-navidad-en-altos-de-chavon\\\/#breadcrumb\",\"itemListElement\":[{\"@type\":\"ListItem\",\"position\":1,\"name\":\"Home\",\"item\":\"https:\\\/\\\/casadecampoliving.com\\\/es\\\/\"},{\"@type\":\"ListItem\",\"position\":2,\"name\":\"\u00a1La temporada festiva est\u00e1 m\u00e1s cerca que nunca! \u00a1El calendario completo de eventos de Navidad est\u00e1 aqu\u00ed!\"}]},{\"@type\":\"WebSite\",\"@id\":\"https:\\\/\\\/casadecampoliving.com\\\/es\\\/#website\",\"url\":\"https:\\\/\\\/casadecampoliving.com\\\/es\\\/\",\"name\":\"Casa de Campo Living\",\"description\":\"Resort community news and resources.\",\"publisher\":{\"@id\":\"https:\\\/\\\/casadecampoliving.com\\\/es\\\/#organization\"},\"potentialAction\":[{\"@type\":\"SearchAction\",\"target\":{\"@type\":\"EntryPoint\",\"urlTemplate\":\"https:\\\/\\\/casadecampoliving.com\\\/es\\\/?s={search_term_string}\"},\"query-input\":{\"@type\":\"PropertyValueSpecification\",\"valueRequired\":true,\"valueName\":\"search_term_string\"}}],\"inLanguage\":\"es\"},{\"@type\":\"Organization\",\"@id\":\"https:\\\/\\\/casadecampoliving.com\\\/es\\\/#organization\",\"name\":\"Casa de Campo Living\",\"url\":\"https:\\\/\\\/casadecampoliving.com\\\/es\\\/\",\"logo\":{\"@type\":\"ImageObject\",\"inLanguage\":\"es\",\"@id\":\"https:\\\/\\\/casadecampoliving.com\\\/es\\\/#\\\/schema\\\/logo\\\/image\\\/\",\"url\":\"https:\\\/\\\/i0.wp.com\\\/casadecampoliving.com\\\/wp-content\\\/uploads\\\/2022\\\/07\\\/CDCLivingLogo_V1-white-sized.png?fit=800%2C214&ssl=1\",\"contentUrl\":\"https:\\\/\\\/i0.wp.com\\\/casadecampoliving.com\\\/wp-content\\\/uploads\\\/2022\\\/07\\\/CDCLivingLogo_V1-white-sized.png?fit=800%2C214&ssl=1\",\"width\":800,\"height\":214,\"caption\":\"Casa de Campo Living\"},\"image\":{\"@id\":\"https:\\\/\\\/casadecampoliving.com\\\/es\\\/#\\\/schema\\\/logo\\\/image\\\/\"},\"sameAs\":[\"https:\\\/\\\/www.facebook.com\\\/casadecampoliving\",\"https:\\\/\\\/x.com\\\/cdcliving\"]},{\"@type\":\"Person\",\"@id\":\"https:\\\/\\\/casadecampoliving.com\\\/es\\\/#\\\/schema\\\/person\\\/b6606bd87f9cec8f5903e2141cafda24\",\"name\":\"Marlenys Guzm\u00e1n Casta\u00f1os\",\"image\":{\"@type\":\"ImageObject\",\"inLanguage\":\"es\",\"@id\":\"https:\\\/\\\/secure.gravatar.com\\\/avatar\\\/72f3f86b8e6b3ec744201aeadf11d4a6055e8af194aecd9ad30ffff4437878ee?s=96&d=mm&r=g\",\"url\":\"https:\\\/\\\/secure.gravatar.com\\\/avatar\\\/72f3f86b8e6b3ec744201aeadf11d4a6055e8af194aecd9ad30ffff4437878ee?s=96&d=mm&r=g\",\"contentUrl\":\"https:\\\/\\\/secure.gravatar.com\\\/avatar\\\/72f3f86b8e6b3ec744201aeadf11d4a6055e8af194aecd9ad30ffff4437878ee?s=96&d=mm&r=g\",\"caption\":\"Marlenys Guzm\u00e1n Casta\u00f1os\"},\"url\":\"https:\\\/\\\/casadecampoliving.com\\\/es\\\/author\\\/mguzman\\\/\"}]}<\/script>\n<!-- \/ Yoast SEO plugin. -->","yoast_head_json":{"title":"\u00a1La temporada festiva est\u00e1 m\u00e1s cerca que nunca! \u00a1El calendario completo de eventos de Navidad est\u00e1 aqu\u00ed! | Casa de Campo Living","description":"\u00a1Esta Navidad, Altos de Chav\u00f3n es el lugar para celebrar! Con la inauguraci\u00f3n oficial de la temporada m\u00e1s feliz con la Ceremonia de Encendido de Luces","robots":{"index":"index","follow":"follow","max-snippet":"max-snippet:-1","max-image-preview":"max-image-preview:large","max-video-preview":"max-video-preview:-1"},"canonical":"https:\/\/casadecampoliving.com\/es\/calendario-completo-de-eventos-de-navidad-en-altos-de-chavon\/","og_locale":"es_ES","og_type":"article","og_title":"\u00a1La temporada festiva est\u00e1 m\u00e1s cerca que nunca! \u00a1El calendario completo de eventos de Navidad est\u00e1 aqu\u00ed! | Casa de Campo Living","og_description":"\u00a1Esta Navidad, Altos de Chav\u00f3n es el lugar para celebrar! Con la inauguraci\u00f3n oficial de la temporada m\u00e1s feliz con la Ceremonia de Encendido de Luces","og_url":"https:\/\/casadecampoliving.com\/es\/calendario-completo-de-eventos-de-navidad-en-altos-de-chavon\/","og_site_name":"Casa de Campo Living","article_publisher":"https:\/\/www.facebook.com\/casadecampoliving","article_published_time":"2016-11-27T04:00:00+00:00","article_modified_time":"2022-11-10T14:01:50+00:00","og_image":[{"width":1000,"height":603,"url":"https:\/\/i0.wp.com\/casadecampoliving.com\/wp-content\/uploads\/2022\/10\/DSC_0411.jpg?fit=1000%2C603&ssl=1","type":"image\/jpeg"}],"author":"Marlenys Guzm\u00e1n Casta\u00f1os","twitter_card":"summary_large_image","twitter_creator":"@cdcliving","twitter_site":"@cdcliving","twitter_misc":{"Escrito por":"Marlenys Guzm\u00e1n Casta\u00f1os","Tiempo de lectura":"5 minutos"},"schema":{"@context":"https:\/\/schema.org","@graph":[{"@type":"Article","@id":"https:\/\/casadecampoliving.com\/es\/calendario-completo-de-eventos-de-navidad-en-altos-de-chavon\/#article","isPartOf":{"@id":"https:\/\/casadecampoliving.com\/es\/calendario-completo-de-eventos-de-navidad-en-altos-de-chavon\/"},"author":{"name":"Marlenys Guzm\u00e1n Casta\u00f1os","@id":"https:\/\/casadecampoliving.com\/es\/#\/schema\/person\/b6606bd87f9cec8f5903e2141cafda24"},"headline":"\u00a1La temporada festiva est\u00e1 m\u00e1s cerca que nunca! \u00a1El calendario completo de eventos de Navidad est\u00e1 aqu\u00ed!","datePublished":"2016-11-27T04:00:00+00:00","dateModified":"2022-11-10T14:01:50+00:00","mainEntityOfPage":{"@id":"https:\/\/casadecampoliving.com\/es\/calendario-completo-de-eventos-de-navidad-en-altos-de-chavon\/"},"wordCount":966,"publisher":{"@id":"https:\/\/casadecampoliving.com\/es\/#organization"},"image":{"@id":"https:\/\/casadecampoliving.com\/es\/calendario-completo-de-eventos-de-navidad-en-altos-de-chavon\/#primaryimage"},"thumbnailUrl":"https:\/\/i0.wp.com\/casadecampoliving.com\/wp-content\/uploads\/2022\/10\/DSC_0411.jpg?fit=1000%2C603&ssl=1","keywords":["Altos de Chavon -es","Altos de Chavon","ballet","Casa de Campo","Ceremonia de Encendido de Luces Navide\u00f1as","conciertos","enrique iglesias @es","Featured-TopView @es","gente de zona @es","navidad","santa claus","Villancicos"],"articleSection":["Altos de Chavon @es","Arte y cultura","Estilo de Vida","Eventos","Noticias Locales","Proximamente","Rep\u00fablica Dominicana @es","Resort Casa de Campo"],"inLanguage":"es"},{"@type":"WebPage","@id":"https:\/\/casadecampoliving.com\/es\/calendario-completo-de-eventos-de-navidad-en-altos-de-chavon\/","url":"https:\/\/casadecampoliving.com\/es\/calendario-completo-de-eventos-de-navidad-en-altos-de-chavon\/","name":"\u00a1La temporada festiva est\u00e1 m\u00e1s cerca que nunca! \u00a1El calendario completo de eventos de Navidad est\u00e1 aqu\u00ed! | Casa de Campo Living","isPartOf":{"@id":"https:\/\/casadecampoliving.com\/es\/#website"},"primaryImageOfPage":{"@id":"https:\/\/casadecampoliving.com\/es\/calendario-completo-de-eventos-de-navidad-en-altos-de-chavon\/#primaryimage"},"image":{"@id":"https:\/\/casadecampoliving.com\/es\/calendario-completo-de-eventos-de-navidad-en-altos-de-chavon\/#primaryimage"},"thumbnailUrl":"https:\/\/i0.wp.com\/casadecampoliving.com\/wp-content\/uploads\/2022\/10\/DSC_0411.jpg?fit=1000%2C603&ssl=1","datePublished":"2016-11-27T04:00:00+00:00","dateModified":"2022-11-10T14:01:50+00:00","description":"\u00a1Esta Navidad, Altos de Chav\u00f3n es el lugar para celebrar! Con la inauguraci\u00f3n oficial de la temporada m\u00e1s feliz con la Ceremonia de Encendido de Luces","breadcrumb":{"@id":"https:\/\/casadecampoliving.com\/es\/calendario-completo-de-eventos-de-navidad-en-altos-de-chavon\/#breadcrumb"},"inLanguage":"es","potentialAction":[{"@type":"ReadAction","target":["https:\/\/casadecampoliving.com\/es\/calendario-completo-de-eventos-de-navidad-en-altos-de-chavon\/"]}]},{"@type":"ImageObject","inLanguage":"es","@id":"https:\/\/casadecampoliving.com\/es\/calendario-completo-de-eventos-de-navidad-en-altos-de-chavon\/#primaryimage","url":"https:\/\/i0.wp.com\/casadecampoliving.com\/wp-content\/uploads\/2022\/10\/DSC_0411.jpg?fit=1000%2C603&ssl=1","contentUrl":"https:\/\/i0.wp.com\/casadecampoliving.com\/wp-content\/uploads\/2022\/10\/DSC_0411.jpg?fit=1000%2C603&ssl=1","width":1000,"height":603,"caption":"Christmas - Altos de Chav\u00f3n"},{"@type":"BreadcrumbList","@id":"https:\/\/casadecampoliving.com\/es\/calendario-completo-de-eventos-de-navidad-en-altos-de-chavon\/#breadcrumb","itemListElement":[{"@type":"ListItem","position":1,"name":"Home","item":"https:\/\/casadecampoliving.com\/es\/"},{"@type":"ListItem","position":2,"name":"\u00a1La temporada festiva est\u00e1 m\u00e1s cerca que nunca! \u00a1El calendario completo de eventos de Navidad est\u00e1 aqu\u00ed!"}]},{"@type":"WebSite","@id":"https:\/\/casadecampoliving.com\/es\/#website","url":"https:\/\/casadecampoliving.com\/es\/","name":"Casa de Campo Living","description":"Resort community news and resources.","publisher":{"@id":"https:\/\/casadecampoliving.com\/es\/#organization"},"potentialAction":[{"@type":"SearchAction","target":{"@type":"EntryPoint","urlTemplate":"https:\/\/casadecampoliving.com\/es\/?s={search_term_string}"},"query-input":{"@type":"PropertyValueSpecification","valueRequired":true,"valueName":"search_term_string"}}],"inLanguage":"es"},{"@type":"Organization","@id":"https:\/\/casadecampoliving.com\/es\/#organization","name":"Casa de Campo Living","url":"https:\/\/casadecampoliving.com\/es\/","logo":{"@type":"ImageObject","inLanguage":"es","@id":"https:\/\/casadecampoliving.com\/es\/#\/schema\/logo\/image\/","url":"https:\/\/i0.wp.com\/casadecampoliving.com\/wp-content\/uploads\/2022\/07\/CDCLivingLogo_V1-white-sized.png?fit=800%2C214&ssl=1","contentUrl":"https:\/\/i0.wp.com\/casadecampoliving.com\/wp-content\/uploads\/2022\/07\/CDCLivingLogo_V1-white-sized.png?fit=800%2C214&ssl=1","width":800,"height":214,"caption":"Casa de Campo Living"},"image":{"@id":"https:\/\/casadecampoliving.com\/es\/#\/schema\/logo\/image\/"},"sameAs":["https:\/\/www.facebook.com\/casadecampoliving","https:\/\/x.com\/cdcliving"]},{"@type":"Person","@id":"https:\/\/casadecampoliving.com\/es\/#\/schema\/person\/b6606bd87f9cec8f5903e2141cafda24","name":"Marlenys Guzm\u00e1n Casta\u00f1os","image":{"@type":"ImageObject","inLanguage":"es","@id":"https:\/\/secure.gravatar.com\/avatar\/72f3f86b8e6b3ec744201aeadf11d4a6055e8af194aecd9ad30ffff4437878ee?s=96&d=mm&r=g","url":"https:\/\/secure.gravatar.com\/avatar\/72f3f86b8e6b3ec744201aeadf11d4a6055e8af194aecd9ad30ffff4437878ee?s=96&d=mm&r=g","contentUrl":"https:\/\/secure.gravatar.com\/avatar\/72f3f86b8e6b3ec744201aeadf11d4a6055e8af194aecd9ad30ffff4437878ee?s=96&d=mm&r=g","caption":"Marlenys Guzm\u00e1n Casta\u00f1os"},"url":"https:\/\/casadecampoliving.com\/es\/author\/mguzman\/"}]}},"parsely":{"version":"1.1.0","canonical_url":"https:\/\/casadecampoliving.com\/es\/calendario-completo-de-eventos-de-navidad-en-altos-de-chavon\/","smart_links":{"inbound":0,"outbound":0},"traffic_boost_suggestions_count":0,"meta":{"@context":"https:\/\/schema.org","@type":"NewsArticle","headline":"\u00a1La temporada festiva est\u00e1 m\u00e1s cerca que nunca! \u00a1El calendario completo de eventos de Navidad est\u00e1 aqu\u00ed!","url":"http:\/\/casadecampoliving.com\/es\/calendario-completo-de-eventos-de-navidad-en-altos-de-chavon\/","mainEntityOfPage":{"@type":"WebPage","@id":"http:\/\/casadecampoliving.com\/es\/calendario-completo-de-eventos-de-navidad-en-altos-de-chavon\/"},"thumbnailUrl":"https:\/\/i0.wp.com\/casadecampoliving.com\/wp-content\/uploads\/2022\/10\/DSC_0411.jpg?resize=150%2C150&ssl=1","image":{"@type":"ImageObject","url":"https:\/\/i0.wp.com\/casadecampoliving.com\/wp-content\/uploads\/2022\/10\/DSC_0411.jpg?fit=1000%2C603&ssl=1"},"articleSection":"Altos de Chavon @es","author":[{"@type":"Person","name":"Marlenys Guzm\u00e1n Casta\u00f1os"}],"creator":["Marlenys Guzm\u00e1n Casta\u00f1os"],"publisher":{"@type":"Organization","name":"Casa de Campo Living","logo":"https:\/\/casadecampoliving.com\/wp-content\/uploads\/2022\/07\/CDCLivingLogo_V1-white-sized.png"},"keywords":["altos de chavon","altos de chavon -es","ballet","casa de campo","ceremonia de encendido de luces navide\u00f1as","conciertos","enrique iglesias @es","featured-topview @es","gente de zona @es","navidad","santa claus","villancicos"],"dateCreated":"2016-11-27T04:00:00Z","datePublished":"2016-11-27T04:00:00Z","dateModified":"2022-11-10T14:01:50Z"},"rendered":"<script type=\"application\/ld+json\" class=\"wp-parsely-metadata\">{\"@context\":\"https:\\\/\\\/schema.org\",\"@type\":\"NewsArticle\",\"headline\":\"\\u00a1La temporada festiva est\\u00e1 m\\u00e1s cerca que nunca! \\u00a1El calendario completo de eventos de Navidad est\\u00e1 aqu\\u00ed!\",\"url\":\"http:\\\/\\\/casadecampoliving.com\\\/es\\\/calendario-completo-de-eventos-de-navidad-en-altos-de-chavon\\\/\",\"mainEntityOfPage\":{\"@type\":\"WebPage\",\"@id\":\"http:\\\/\\\/casadecampoliving.com\\\/es\\\/calendario-completo-de-eventos-de-navidad-en-altos-de-chavon\\\/\"},\"thumbnailUrl\":\"https:\\\/\\\/i0.wp.com\\\/casadecampoliving.com\\\/wp-content\\\/uploads\\\/2022\\\/10\\\/DSC_0411.jpg?resize=150%2C150&ssl=1\",\"image\":{\"@type\":\"ImageObject\",\"url\":\"https:\\\/\\\/i0.wp.com\\\/casadecampoliving.com\\\/wp-content\\\/uploads\\\/2022\\\/10\\\/DSC_0411.jpg?fit=1000%2C603&ssl=1\"},\"articleSection\":\"Altos de Chavon @es\",\"author\":[{\"@type\":\"Person\",\"name\":\"Marlenys Guzm\\u00e1n Casta\\u00f1os\"}],\"creator\":[\"Marlenys Guzm\\u00e1n Casta\\u00f1os\"],\"publisher\":{\"@type\":\"Organization\",\"name\":\"Casa de Campo Living\",\"logo\":\"https:\\\/\\\/casadecampoliving.com\\\/wp-content\\\/uploads\\\/2022\\\/07\\\/CDCLivingLogo_V1-white-sized.png\"},\"keywords\":[\"altos de chavon\",\"altos de chavon -es\",\"ballet\",\"casa de campo\",\"ceremonia de encendido de luces navide\\u00f1as\",\"conciertos\",\"enrique iglesias @es\",\"featured-topview @es\",\"gente de zona @es\",\"navidad\",\"santa claus\",\"villancicos\"],\"dateCreated\":\"2016-11-27T04:00:00Z\",\"datePublished\":\"2016-11-27T04:00:00Z\",\"dateModified\":\"2022-11-10T14:01:50Z\"}<\/script>","tracker_url":"https:\/\/cdn.parsely.com\/keys\/casadecampoliving.com\/p.js"},"jetpack_publicize_connections":[],"jetpack_featured_media_url":"https:\/\/i0.wp.com\/casadecampoliving.com\/wp-content\/uploads\/2022\/10\/DSC_0411.jpg?fit=1000%2C603&ssl=1","jetpack-related-posts":[{"id":354210,"url":"https:\/\/casadecampoliving.com\/es\/es-la-temporada-para-brillar-la-ceremonia-de-encendido-de-luces-navidena-sera-este-domingo-y-se-transmitira-en-vivo\/","url_meta":{"origin":350845,"position":0},"title":"\u00a1Es la temporada para brillar! \u00a1La Ceremonia de encendido de luces navide\u00f1a ser\u00e1 ESTE domingo y se transmitir\u00e1 en vivo!","author":"Casa de Campo Living","date":"29 Nov, 2021","format":false,"excerpt":"El domingo 5 de diciembre, Casa de Campo y Altos de Chav\u00f3n te invitan a celebrar el inicio oficial de la temporada navide\u00f1a con la Ceremonia de Encendido del \u00c1rbol de Navidad y un concierto de Navidad \u2013 este a\u00f1o la ceremonia volver\u00e1 a tener lugar en los Altos de\u2026","rel":"","context":"En \u00abAltos de Chavon @es\u00bb","block_context":{"text":"Altos de Chavon @es","link":"https:\/\/casadecampoliving.com\/category\/altos-de-chavon-es\/"},"img":{"alt_text":"","src":"https:\/\/i0.wp.com\/casadecampoliving.com\/wp-content\/uploads\/2022\/10\/AG_00458-1.jpg?fit=1000%2C667&ssl=1&resize=350%2C200","width":350,"height":200,"srcset":"https:\/\/i0.wp.com\/casadecampoliving.com\/wp-content\/uploads\/2022\/10\/AG_00458-1.jpg?fit=1000%2C667&ssl=1&resize=350%2C200 1x, https:\/\/i0.wp.com\/casadecampoliving.com\/wp-content\/uploads\/2022\/10\/AG_00458-1.jpg?fit=1000%2C667&ssl=1&resize=525%2C300 1.5x, https:\/\/i0.wp.com\/casadecampoliving.com\/wp-content\/uploads\/2022\/10\/AG_00458-1.jpg?fit=1000%2C667&ssl=1&resize=700%2C400 2x"},"classes":[]},{"id":353621,"url":"https:\/\/casadecampoliving.com\/es\/la-magia-de-las-fiestas-ya-esta-aqui-ceremonia-de-encendido-de-las-luces-de-navidad-este-viernes\/","url_meta":{"origin":350845,"position":1},"title":"La magia de las fiestas ya est\u00e1 aqu\u00ed: \u00a1Ceremonia de encendido de las luces de navidad ESTE viernes!","author":"Casa de Campo Living","date":"2 Dic, 2019","format":false,"excerpt":"\u00a1El viernes 6 de diciembre, Casa de Campo y Altos de Chav\u00f3n te invitan a celebrar el inicio oficial de la temporada navide\u00f1a con la primera aparici\u00f3n de Santa Claus, la Ceremonia de Iluminaci\u00f3n del \u00c1rbol de Navidad y un concierto de navidad en la plaza principal de Altos de\u2026","rel":"","context":"En \u00abAltos de Chavon @es\u00bb","block_context":{"text":"Altos de Chavon @es","link":"https:\/\/casadecampoliving.com\/category\/altos-de-chavon-es\/"},"img":{"alt_text":"","src":"https:\/\/i0.wp.com\/casadecampoliving.com\/wp-content\/uploads\/2022\/10\/Fatima-Renedo-Jose-Luis-Bianchi-Teresa-Bianchi.jpg?fit=1000%2C606&ssl=1&resize=350%2C200","width":350,"height":200,"srcset":"https:\/\/i0.wp.com\/casadecampoliving.com\/wp-content\/uploads\/2022\/10\/Fatima-Renedo-Jose-Luis-Bianchi-Teresa-Bianchi.jpg?fit=1000%2C606&ssl=1&resize=350%2C200 1x, https:\/\/i0.wp.com\/casadecampoliving.com\/wp-content\/uploads\/2022\/10\/Fatima-Renedo-Jose-Luis-Bianchi-Teresa-Bianchi.jpg?fit=1000%2C606&ssl=1&resize=525%2C300 1.5x, https:\/\/i0.wp.com\/casadecampoliving.com\/wp-content\/uploads\/2022\/10\/Fatima-Renedo-Jose-Luis-Bianchi-Teresa-Bianchi.jpg?fit=1000%2C606&ssl=1&resize=700%2C400 2x"},"classes":[]},{"id":352256,"url":"https:\/\/casadecampoliving.com\/es\/esta-es-la-temporada-para-estar-alegre-el-calendario-de-navidad-completo-esta-aqui\/","url_meta":{"origin":350845,"position":2},"title":"\u00a1Esta es la temporada para estar alegre! El calendario de navidad completo est\u00e1 aqu\u00ed!","author":"Marlenys Guzm\u00e1n Casta\u00f1os","date":"4 Dic, 2017","format":false,"excerpt":"\u00a1Que comiencen las fiestas navide\u00f1as! \u00a1Esta temporada de fiestas Altos de Chav\u00f3n es el lugar para celebrar! Desde hace un par de d\u00edas hemos visto a como se esta trabajando arduamente instalando luces para asegurarse de que esta sea una temporada m\u00e1gica para todos. La tradicional ceremonia de encendido de\u2026","rel":"","context":"En \u00abAltos de Chavon @es\u00bb","block_context":{"text":"Altos de Chavon @es","link":"https:\/\/casadecampoliving.com\/category\/altos-de-chavon-es\/"},"img":{"alt_text":"","src":"https:\/\/i0.wp.com\/casadecampoliving.com\/wp-content\/uploads\/2022\/10\/DSC_0321-1.jpg?fit=1000%2C667&ssl=1&resize=350%2C200","width":350,"height":200,"srcset":"https:\/\/i0.wp.com\/casadecampoliving.com\/wp-content\/uploads\/2022\/10\/DSC_0321-1.jpg?fit=1000%2C667&ssl=1&resize=350%2C200 1x, https:\/\/i0.wp.com\/casadecampoliving.com\/wp-content\/uploads\/2022\/10\/DSC_0321-1.jpg?fit=1000%2C667&ssl=1&resize=525%2C300 1.5x, https:\/\/i0.wp.com\/casadecampoliving.com\/wp-content\/uploads\/2022\/10\/DSC_0321-1.jpg?fit=1000%2C667&ssl=1&resize=700%2C400 2x"},"classes":[]},{"id":353917,"url":"https:\/\/casadecampoliving.com\/es\/la-magia-ya-esta-aqui-la-ceremonia-de-encendido-de-luces-navidena-sera-la-proxima-semana-y-se-transmitira-en-vivo\/","url_meta":{"origin":350845,"position":3},"title":"La magia ya est\u00e1 aqu\u00ed: \u00a1La Ceremonia de encendido de luces navide\u00f1a ser\u00e1 la pr\u00f3xima semana y se transmitir\u00e1 en vivo!","author":"Casa de Campo Living","date":"23 Nov, 2020","format":false,"excerpt":"El viernes 4 de diciembre, Casa de Campo y Altos de Chav\u00f3n lo invitan a celebrar el inicio oficial de la temporada navide\u00f1a con la Ceremonia de iluminaci\u00f3n del \u00e1rbol de Navidad e incluso un concierto de Navidad, que este a\u00f1o se llevar\u00e1 a cabo en el anfiteatro de Altos\u2026","rel":"","context":"En \u00abAltos de Chavon @es\u00bb","block_context":{"text":"Altos de Chavon @es","link":"https:\/\/casadecampoliving.com\/category\/altos-de-chavon-es\/"},"img":{"alt_text":"","src":"https:\/\/i0.wp.com\/casadecampoliving.com\/wp-content\/uploads\/2022\/10\/DSC_0361-3.jpg?fit=1000%2C667&ssl=1&resize=350%2C200","width":350,"height":200,"srcset":"https:\/\/i0.wp.com\/casadecampoliving.com\/wp-content\/uploads\/2022\/10\/DSC_0361-3.jpg?fit=1000%2C667&ssl=1&resize=350%2C200 1x, https:\/\/i0.wp.com\/casadecampoliving.com\/wp-content\/uploads\/2022\/10\/DSC_0361-3.jpg?fit=1000%2C667&ssl=1&resize=525%2C300 1.5x, https:\/\/i0.wp.com\/casadecampoliving.com\/wp-content\/uploads\/2022\/10\/DSC_0361-3.jpg?fit=1000%2C667&ssl=1&resize=700%2C400 2x"},"classes":[]},{"id":524378,"url":"https:\/\/casadecampoliving.com\/es\/comienza-la-cuenta-regresiva-ceremonia-de-iluminacion-navidena-en-dos-semanas\/","url_meta":{"origin":350845,"position":4},"title":"Comienza la cuenta regresiva: \u00a1Ceremonia de encendido navide\u00f1a en dos semanas!","author":"Casa de Campo Living","date":"20 Nov, 2023","format":false,"excerpt":"\u00a1La tan esperada ceremonia de encendido del \u00c1rbol de Navidad de Casa de Campo est\u00e1 casi aqu\u00ed! El s\u00e1bado 2 de diciembre, en medio del impresionante paisaje de Altos de Chav\u00f3n, esta celebraci\u00f3n anual invita a residentes, propietarios de villas e invitados por igual a dar la bienvenida a la\u2026","rel":"","context":"En \u00abAltos de Chav\u00f3n\u00bb","block_context":{"text":"Altos de Chav\u00f3n","link":"https:\/\/casadecampoliving.com\/es\/category\/altos-de-chavon-6\/"},"img":{"alt_text":"","src":"https:\/\/i0.wp.com\/casadecampoliving.com\/wp-content\/uploads\/2022\/12\/EJ4B4333.jpg?fit=1200%2C800&ssl=1&resize=350%2C200","width":350,"height":200,"srcset":"https:\/\/i0.wp.com\/casadecampoliving.com\/wp-content\/uploads\/2022\/12\/EJ4B4333.jpg?fit=1200%2C800&ssl=1&resize=350%2C200 1x, https:\/\/i0.wp.com\/casadecampoliving.com\/wp-content\/uploads\/2022\/12\/EJ4B4333.jpg?fit=1200%2C800&ssl=1&resize=525%2C300 1.5x, https:\/\/i0.wp.com\/casadecampoliving.com\/wp-content\/uploads\/2022\/12\/EJ4B4333.jpg?fit=1200%2C800&ssl=1&resize=700%2C400 2x, https:\/\/i0.wp.com\/casadecampoliving.com\/wp-content\/uploads\/2022\/12\/EJ4B4333.jpg?fit=1200%2C800&ssl=1&resize=1050%2C600 3x"},"classes":[]},{"id":346439,"url":"https:\/\/casadecampoliving.com\/es\/hermoso-video-de-encendido-de-luces-navidenas-en-altos-de-chavon\/","url_meta":{"origin":350845,"position":5},"title":"Hermoso video del encendido de luces navide\u00f1as en Altos de Chav\u00f3n","author":"Rebecca Hughes","date":"3 Ene, 2015","format":false,"excerpt":"A medida que las celebraciones de las fiestas llegan a su fin, aqu\u00ed les traemos lo mejor de la temporada de fiestas en Casa de Campo \u2013 y es nuestro favorito \u2013 la inauguraci\u00f3n de la Navidad en Altos de Chav\u00f3n, \u00a1la majestuosa Ceremonia de Encendido de Luces Navide\u00f1as! La\u2026","rel":"","context":"En \u00abAltos de Chavon @es\u00bb","block_context":{"text":"Altos de Chavon @es","link":"https:\/\/casadecampoliving.com\/category\/altos-de-chavon-es\/"},"img":{"alt_text":"Altos de Chavon Christmas","src":"https:\/\/i0.wp.com\/casadecampoliving.com\/wp-content\/uploads\/2022\/10\/Altos_de_Chavon_Christmas-1.jpg?fit=650%2C375&ssl=1&resize=350%2C200","width":350,"height":200,"srcset":"https:\/\/i0.wp.com\/casadecampoliving.com\/wp-content\/uploads\/2022\/10\/Altos_de_Chavon_Christmas-1.jpg?fit=650%2C375&ssl=1&resize=350%2C200 1x, https:\/\/i0.wp.com\/casadecampoliving.com\/wp-content\/uploads\/2022\/10\/Altos_de_Chavon_Christmas-1.jpg?fit=650%2C375&ssl=1&resize=525%2C300 1.5x"},"classes":[]}],"jetpack_sharing_enabled":true,"_links":{"self":[{"href":"https:\/\/casadecampoliving.com\/es\/wp-json\/wp\/v2\/posts\/350845","targetHints":{"allow":["GET"]}}],"collection":[{"href":"https:\/\/casadecampoliving.com\/es\/wp-json\/wp\/v2\/posts"}],"about":[{"href":"https:\/\/casadecampoliving.com\/es\/wp-json\/wp\/v2\/types\/post"}],"author":[{"embeddable":true,"href":"https:\/\/casadecampoliving.com\/es\/wp-json\/wp\/v2\/users\/36682"}],"replies":[{"embeddable":true,"href":"https:\/\/casadecampoliving.com\/es\/wp-json\/wp\/v2\/comments?post=350845"}],"version-history":[{"count":1,"href":"https:\/\/casadecampoliving.com\/es\/wp-json\/wp\/v2\/posts\/350845\/revisions"}],"predecessor-version":[{"id":350846,"href":"https:\/\/casadecampoliving.com\/es\/wp-json\/wp\/v2\/posts\/350845\/revisions\/350846"}],"wp:featuredmedia":[{"embeddable":true,"href":"https:\/\/casadecampoliving.com\/es\/wp-json\/wp\/v2\/media\/314081"}],"wp:attachment":[{"href":"https:\/\/casadecampoliving.com\/es\/wp-json\/wp\/v2\/media?parent=350845"}],"wp:term":[{"taxonomy":"category","embeddable":true,"href":"https:\/\/casadecampoliving.com\/es\/wp-json\/wp\/v2\/categories?post=350845"},{"taxonomy":"post_tag","embeddable":true,"href":"https:\/\/casadecampoliving.com\/es\/wp-json\/wp\/v2\/tags?post=350845"},{"taxonomy":"newspack_spnsrs_tax","embeddable":true,"href":"https:\/\/casadecampoliving.com\/es\/wp-json\/wp\/v2\/newspack_spnsrs_tax?post=350845"}],"curies":[{"name":"wp","href":"https:\/\/api.w.org\/{rel}","templated":true}]}}