{"id":350838,"date":"2016-11-24T00:00:00","date_gmt":"2016-11-24T04:00:00","guid":{"rendered":"https:\/\/casadecampoliving.com\/feliz-dia-de-accion-de-gracias-2016\/"},"modified":"2022-10-21T18:58:49","modified_gmt":"2022-10-21T22:58:49","slug":"feliz-dia-de-accion-de-gracias-2016","status":"publish","type":"post","link":"https:\/\/casadecampoliving.com\/es\/feliz-dia-de-accion-de-gracias-2016\/","title":{"rendered":"\u00a1Feliz D\u00eda de Acci\u00f3n de Gracias! \u00a1La comunidad de Casa de Campo comparte con nosotros por lo que se sienten agradecidos!"},"content":{"rendered":"\n<p>Si bien no s\u00f3lo hay un d\u00eda de los 365 d\u00edas del a\u00f1o en que debemos expresar nuestro agradecimiento, tenemos la bendici\u00f3n de tener un d\u00eda designado para celebrar la familia y los amigos, reunidos alrededor de una mesa compartiendo un agradable tiempo juntos.<em> Casa de Campo Living<\/em> se acerc\u00f3 a algunos miembros de nuestra comunidad para descubrir por&nbsp;lo que est\u00e1n agradecidos este 2016!<\/p>\n\n\n\n<!--more-->\n\n\n\n<p>As\u00ed que al cortar el pavo esta tarde o noche, y unir sus manos en oraci\u00f3n, recuerde que la vida es exactamente lo que usted hace de ella, y cuanto m\u00e1s agradecidos son, \u00a1m\u00e1s abiertos est\u00e1n de ver cu\u00e1ntas todo por lo cual&nbsp;hay que estar&nbsp;agradecido!<\/p>\n\n\n\n<figure class=\"wp-block-image alignnone size-full wp-image-128487 is-resized\"><img loading=\"lazy\" decoding=\"async\" src=\"https:\/\/i0.wp.com\/casadecampoliving.com\/wp-content\/uploads\/2022\/10\/countryliving.jpg?resize=980%2C490&amp;ssl=1\" alt=\"Thanksgiving\" class=\"wp-image-128487\" height=\"490\" width=\"980\"\/><figcaption>Foto por Countryliving.com<\/figcaption><\/figure>\n\n\n\n<blockquote class=\"wp-block-quote is-layout-flow wp-block-quote-is-layout-flow\"><p><strong><em>&nbsp;Estoy agradecida por la naturaleza que me rodea. Por el sol que brilla casi todo el a\u00f1o y los d\u00edas calurosos incluso durante el invierno. Estoy agradecida por mi familia por siempre apoyarme, y por la salud con la que hemos sido bendecidos.<\/em><\/strong><\/p><p>\u2013 Martina Avanzini<\/p><p><strong><em>\u00a1\u00a1Estoy agradecida por estar viva!! Estoy agradecido por ustedes y por todos en esta maravillosa comunidad.<\/em><\/strong><\/p><p>\u2013&nbsp;Sarah Troncoso de Castro<\/p><p><strong><em>Esta es una cita en la que creo y estoy agradecido por su significado: \u201cLa mejor clase de personas son las que entran en tu vida y te hacen ver el sol donde una vez viste nubes. Gente que cree en ti tanto, que hasta t\u00fa mismo empiezas a creer en TI.&nbsp;Las personas que te aman simplemente por ser t\u00fa. El tipo de gente de solo una vez en la vida\u201d.<\/em><\/strong><\/p><p>\u2013 Mathew de Valle<\/p><p><strong><em>&nbsp;El D\u00eda de Acci\u00f3n de Gracias es una celebraci\u00f3n americana, pero el mundo entero debe imitarla y dar gracias a Dios por todo, \u00a1y no s\u00f3lo un d\u00eda! Personalmente, estoy muy agradecida por estar viva, por mi hermosa familia y por vivir en un lugar tan maravilloso y seguro como lo es&nbsp;Casa de Campo.<\/em><\/strong><\/p><p>\u2013 Yollmary&nbsp;Genao<\/p><p><strong><em>\u00a1Agradecida por todos los peque\u00f1os y grandes momentos en mi vida! Por&nbsp;mi familia, amigos \u00a1y sobre todo por mi hija maravillosa! Me siento agradecida cada d\u00eda \u2026 \u00a1muy&nbsp;bendecida!<\/em><\/strong><\/p><p>\u2013 Sandra Alvarado<\/p><p><strong><em>Estoy agradecida por las nuevas experiencias, grandes amigos, risas a trav\u00e9s de los tiempos dif\u00edciles, y recordando que todos los d\u00edas son&nbsp;una bendici\u00f3n y deben de ser apreciados.<\/em><\/strong><\/p><p>\u2013 Heather Lincoln<\/p><p><em><strong>Estoy muy agradecido de que mi madre est\u00e1 viva y que ella est\u00e1 conmigo. \u00a1Ella es mi ROCA!!!<\/strong><\/em><\/p><p>\u2013 Robert Garcia<\/p><p><strong><em>\u00a1Estoy muy agradecida por tanto, especialmente por ser, \u00a1por el regalo de la vida! Estoy agradecida todos los d\u00edas, porque todos los d\u00edas tengo una nueva oportunidad de experimentar todo con nuevos ojos: por&nbsp;el amanecer que nunca volver\u00e1 a ser el mismo, los p\u00e1jaros que vuelan&nbsp;sobre m\u00ed con una nueva melod\u00eda, las personas que me rodean y que cada d\u00eda me ense\u00f1an cosas incre\u00edbles y nuevas\u2026 Especialmente mis hijos; Son mis mejores profesores, estoy muy agradecida por ellos. Estoy agradecida porque puedo ver el Amor en todo.<\/em><\/strong><\/p><p>\u2013 Xioma Men\u00e9ndez<\/p><p><em><strong>Estoy agradecida por mi curiosidad, por la capacidad innata de ver la belleza en cada aspecto de la vida, por la convicci\u00f3n incesante de que las cosas pueden y van a cambiar para mejor, por la confianza que tengo en la naturaleza benigna del Universo.<\/strong><\/em><\/p><p>\u2013 Marina Spadafora<\/p><\/blockquote>\n\n\n\n<p><strong>De todos nosotros aqu\u00ed en <em>Casa de Campo Living,<\/em>&nbsp;les deseamos un muy feliz D\u00eda de Acci\u00f3n de Gracias \u00a1y brindemos por&nbsp;la salud, la felicidad, el amor y la vida!<\/strong><\/p>\n","protected":false},"excerpt":{"rendered":"<p>Si bien no s\u00f3lo hay un d\u00eda de los 365 d\u00edas del a\u00f1o en que debemos expresar nuestro agradecimiento, tenemos la bendici\u00f3n de tener un d\u00eda designado para celebrar la familia y los amigos, reunidos alrededor de una mesa compartiendo un agradable tiempo juntos. Casa de Campo Living se acerc\u00f3 a algunos miembros de nuestra [&hellip;]<\/p>\n","protected":false},"author":36681,"featured_media":314020,"comment_status":"closed","ping_status":"closed","sticky":false,"template":"","format":"standard","meta":{"newspack_ads_suppress_ads":false,"newspack_popups_has_disabled_popups":false,"newspack_sponsor_sponsorship_scope":"","newspack_sponsor_native_byline_display":"inherit","newspack_sponsor_native_category_display":"inherit","newspack_sponsor_underwriter_style":"inherit","newspack_sponsor_underwriter_placement":"inherit","_newspack_byline_active":false,"_newspack_byline":"","newspack_hide_updated_date":false,"newspack_show_updated_date":false,"newspack_content_restriction_is_exempt":false,"newspack_featured_image_position":"","newspack_post_subtitle":"","newspack_article_summary_title":"Overview:","newspack_article_summary":"","_jetpack_memberships_contains_paid_content":false,"footnotes":"","jetpack_publicize_message":"","jetpack_publicize_feature_enabled":true,"jetpack_social_post_already_shared":false,"jetpack_social_options":{"image_generator_settings":{"template":"highway","default_image_id":0,"font":"","enabled":false},"version":2},"_wpas_customize_per_network":false},"categories":[26936,14629,14631],"tags":[2858,23815,7792,14492,12109],"newspack_spnsrs_tax":[],"class_list":["post-350838","post","type-post","status-publish","format-standard","has-post-thumbnail","hentry","category-casa-de-campo-living-es","category-comidas-bebidas","category-estilo-de-vida","tag-accion-de-gracias","tag-casa-de-campo-es-17","tag-comunidad","tag-sandra-alvarado-es","tag-xioma-menendez-es","entry"],"yoast_head":"<!-- This site is optimized with the Yoast SEO plugin v27.4 - https:\/\/yoast.com\/product\/yoast-seo-wordpress\/ -->\n<title>\u00a1Feliz D\u00eda de Acci\u00f3n de Gracias! \u00a1La comunidad de Casa de Campo comparte con nosotros por lo que se sienten agradecidos! | Casa de Campo Living<\/title>\n<meta name=\"description\" content=\"Si bien no s\u00f3lo hay un d\u00eda de los 365 d\u00edas del a\u00f1o en que debemos expresar nuestro agradecimiento, tenemos la bendici\u00f3n de tener un d\u00eda designado para\" \/>\n<meta name=\"robots\" content=\"index, follow, max-snippet:-1, max-image-preview:large, max-video-preview:-1\" \/>\n<link rel=\"canonical\" href=\"https:\/\/casadecampoliving.com\/es\/feliz-dia-de-accion-de-gracias-2016\/\" \/>\n<meta property=\"og:locale\" content=\"es_ES\" \/>\n<meta property=\"og:type\" content=\"article\" \/>\n<meta property=\"og:title\" content=\"\u00a1Feliz D\u00eda de Acci\u00f3n de Gracias! \u00a1La comunidad de Casa de Campo comparte con nosotros por lo que se sienten agradecidos! | Casa de Campo Living\" \/>\n<meta property=\"og:description\" content=\"Si bien no s\u00f3lo hay un d\u00eda de los 365 d\u00edas del a\u00f1o en que debemos expresar nuestro agradecimiento, tenemos la bendici\u00f3n de tener un d\u00eda designado para\" \/>\n<meta property=\"og:url\" content=\"https:\/\/casadecampoliving.com\/es\/feliz-dia-de-accion-de-gracias-2016\/\" \/>\n<meta property=\"og:site_name\" content=\"Casa de Campo Living\" \/>\n<meta property=\"article:publisher\" content=\"https:\/\/www.facebook.com\/casadecampoliving\" \/>\n<meta property=\"article:published_time\" content=\"2016-11-24T04:00:00+00:00\" \/>\n<meta property=\"article:modified_time\" content=\"2022-10-21T22:58:49+00:00\" \/>\n<meta property=\"og:image\" content=\"https:\/\/i0.wp.com\/casadecampoliving.com\/wp-content\/uploads\/2022\/10\/dinnerparty-e1480013970905.png?fit=1000%2C563&ssl=1\" \/>\n\t<meta property=\"og:image:width\" content=\"1000\" \/>\n\t<meta property=\"og:image:height\" content=\"563\" \/>\n\t<meta property=\"og:image:type\" content=\"image\/png\" \/>\n<meta name=\"author\" content=\"Heather Lincoln\" \/>\n<meta name=\"twitter:card\" content=\"summary_large_image\" \/>\n<meta name=\"twitter:creator\" content=\"@cdcliving\" \/>\n<meta name=\"twitter:site\" content=\"@cdcliving\" \/>\n<meta name=\"twitter:label1\" content=\"Escrito por\" \/>\n\t<meta name=\"twitter:data1\" content=\"Heather Lincoln\" \/>\n\t<meta name=\"twitter:label2\" content=\"Tiempo de lectura\" \/>\n\t<meta name=\"twitter:data2\" content=\"3 minutos\" \/>\n<script type=\"application\/ld+json\" class=\"yoast-schema-graph\">{\"@context\":\"https:\\\/\\\/schema.org\",\"@graph\":[{\"@type\":\"Article\",\"@id\":\"https:\\\/\\\/casadecampoliving.com\\\/es\\\/feliz-dia-de-accion-de-gracias-2016\\\/#article\",\"isPartOf\":{\"@id\":\"https:\\\/\\\/casadecampoliving.com\\\/es\\\/feliz-dia-de-accion-de-gracias-2016\\\/\"},\"author\":{\"name\":\"Heather Lincoln\",\"@id\":\"https:\\\/\\\/casadecampoliving.com\\\/es\\\/#\\\/schema\\\/person\\\/e3abfc63c1478fd703266a6f33a3145d\"},\"headline\":\"\u00a1Feliz D\u00eda de Acci\u00f3n de Gracias! \u00a1La comunidad de Casa de Campo comparte con nosotros por lo que se sienten agradecidos!\",\"datePublished\":\"2016-11-24T04:00:00+00:00\",\"dateModified\":\"2022-10-21T22:58:49+00:00\",\"mainEntityOfPage\":{\"@id\":\"https:\\\/\\\/casadecampoliving.com\\\/es\\\/feliz-dia-de-accion-de-gracias-2016\\\/\"},\"wordCount\":637,\"publisher\":{\"@id\":\"https:\\\/\\\/casadecampoliving.com\\\/es\\\/#organization\"},\"image\":{\"@id\":\"https:\\\/\\\/casadecampoliving.com\\\/es\\\/feliz-dia-de-accion-de-gracias-2016\\\/#primaryimage\"},\"thumbnailUrl\":\"https:\\\/\\\/i0.wp.com\\\/casadecampoliving.com\\\/wp-content\\\/uploads\\\/2022\\\/10\\\/dinnerparty-e1480013970905.png?fit=1000%2C563&ssl=1\",\"keywords\":[\"accion de gracias\",\"Casa de Campo\",\"comunidad\",\"Sandra Alvarado @es\",\"Xioma Menendez @es\"],\"articleSection\":[\"Casa de Campo Living @es\",\"Comidas &amp; Bebidas\",\"Estilo de Vida\"],\"inLanguage\":\"es\"},{\"@type\":\"WebPage\",\"@id\":\"https:\\\/\\\/casadecampoliving.com\\\/es\\\/feliz-dia-de-accion-de-gracias-2016\\\/\",\"url\":\"https:\\\/\\\/casadecampoliving.com\\\/es\\\/feliz-dia-de-accion-de-gracias-2016\\\/\",\"name\":\"\u00a1Feliz D\u00eda de Acci\u00f3n de Gracias! \u00a1La comunidad de Casa de Campo comparte con nosotros por lo que se sienten agradecidos! | Casa de Campo Living\",\"isPartOf\":{\"@id\":\"https:\\\/\\\/casadecampoliving.com\\\/es\\\/#website\"},\"primaryImageOfPage\":{\"@id\":\"https:\\\/\\\/casadecampoliving.com\\\/es\\\/feliz-dia-de-accion-de-gracias-2016\\\/#primaryimage\"},\"image\":{\"@id\":\"https:\\\/\\\/casadecampoliving.com\\\/es\\\/feliz-dia-de-accion-de-gracias-2016\\\/#primaryimage\"},\"thumbnailUrl\":\"https:\\\/\\\/i0.wp.com\\\/casadecampoliving.com\\\/wp-content\\\/uploads\\\/2022\\\/10\\\/dinnerparty-e1480013970905.png?fit=1000%2C563&ssl=1\",\"datePublished\":\"2016-11-24T04:00:00+00:00\",\"dateModified\":\"2022-10-21T22:58:49+00:00\",\"description\":\"Si bien no s\u00f3lo hay un d\u00eda de los 365 d\u00edas del a\u00f1o en que debemos expresar nuestro agradecimiento, tenemos la bendici\u00f3n de tener un d\u00eda designado para\",\"breadcrumb\":{\"@id\":\"https:\\\/\\\/casadecampoliving.com\\\/es\\\/feliz-dia-de-accion-de-gracias-2016\\\/#breadcrumb\"},\"inLanguage\":\"es\",\"potentialAction\":[{\"@type\":\"ReadAction\",\"target\":[\"https:\\\/\\\/casadecampoliving.com\\\/es\\\/feliz-dia-de-accion-de-gracias-2016\\\/\"]}]},{\"@type\":\"ImageObject\",\"inLanguage\":\"es\",\"@id\":\"https:\\\/\\\/casadecampoliving.com\\\/es\\\/feliz-dia-de-accion-de-gracias-2016\\\/#primaryimage\",\"url\":\"https:\\\/\\\/i0.wp.com\\\/casadecampoliving.com\\\/wp-content\\\/uploads\\\/2022\\\/10\\\/dinnerparty-e1480013970905.png?fit=1000%2C563&ssl=1\",\"contentUrl\":\"https:\\\/\\\/i0.wp.com\\\/casadecampoliving.com\\\/wp-content\\\/uploads\\\/2022\\\/10\\\/dinnerparty-e1480013970905.png?fit=1000%2C563&ssl=1\",\"width\":1000,\"height\":563,\"caption\":\"Thanksgiving\"},{\"@type\":\"BreadcrumbList\",\"@id\":\"https:\\\/\\\/casadecampoliving.com\\\/es\\\/feliz-dia-de-accion-de-gracias-2016\\\/#breadcrumb\",\"itemListElement\":[{\"@type\":\"ListItem\",\"position\":1,\"name\":\"Home\",\"item\":\"https:\\\/\\\/casadecampoliving.com\\\/es\\\/\"},{\"@type\":\"ListItem\",\"position\":2,\"name\":\"\u00a1Feliz D\u00eda de Acci\u00f3n de Gracias! \u00a1La comunidad de Casa de Campo comparte con nosotros por lo que se sienten agradecidos!\"}]},{\"@type\":\"WebSite\",\"@id\":\"https:\\\/\\\/casadecampoliving.com\\\/es\\\/#website\",\"url\":\"https:\\\/\\\/casadecampoliving.com\\\/es\\\/\",\"name\":\"Casa de Campo Living\",\"description\":\"Resort community news and resources.\",\"publisher\":{\"@id\":\"https:\\\/\\\/casadecampoliving.com\\\/es\\\/#organization\"},\"potentialAction\":[{\"@type\":\"SearchAction\",\"target\":{\"@type\":\"EntryPoint\",\"urlTemplate\":\"https:\\\/\\\/casadecampoliving.com\\\/es\\\/?s={search_term_string}\"},\"query-input\":{\"@type\":\"PropertyValueSpecification\",\"valueRequired\":true,\"valueName\":\"search_term_string\"}}],\"inLanguage\":\"es\"},{\"@type\":\"Organization\",\"@id\":\"https:\\\/\\\/casadecampoliving.com\\\/es\\\/#organization\",\"name\":\"Casa de Campo Living\",\"url\":\"https:\\\/\\\/casadecampoliving.com\\\/es\\\/\",\"logo\":{\"@type\":\"ImageObject\",\"inLanguage\":\"es\",\"@id\":\"https:\\\/\\\/casadecampoliving.com\\\/es\\\/#\\\/schema\\\/logo\\\/image\\\/\",\"url\":\"https:\\\/\\\/i0.wp.com\\\/casadecampoliving.com\\\/wp-content\\\/uploads\\\/2022\\\/07\\\/CDCLivingLogo_V1-white-sized.png?fit=800%2C214&ssl=1\",\"contentUrl\":\"https:\\\/\\\/i0.wp.com\\\/casadecampoliving.com\\\/wp-content\\\/uploads\\\/2022\\\/07\\\/CDCLivingLogo_V1-white-sized.png?fit=800%2C214&ssl=1\",\"width\":800,\"height\":214,\"caption\":\"Casa de Campo Living\"},\"image\":{\"@id\":\"https:\\\/\\\/casadecampoliving.com\\\/es\\\/#\\\/schema\\\/logo\\\/image\\\/\"},\"sameAs\":[\"https:\\\/\\\/www.facebook.com\\\/casadecampoliving\",\"https:\\\/\\\/x.com\\\/cdcliving\"]},{\"@type\":\"Person\",\"@id\":\"https:\\\/\\\/casadecampoliving.com\\\/es\\\/#\\\/schema\\\/person\\\/e3abfc63c1478fd703266a6f33a3145d\",\"name\":\"Heather Lincoln\",\"image\":{\"@type\":\"ImageObject\",\"inLanguage\":\"es\",\"@id\":\"https:\\\/\\\/secure.gravatar.com\\\/avatar\\\/e8fc1ce4ad50385675908137b0d8d66be281d034bf072b4700460237638ea6d0?s=96&d=mm&r=g\",\"url\":\"https:\\\/\\\/secure.gravatar.com\\\/avatar\\\/e8fc1ce4ad50385675908137b0d8d66be281d034bf072b4700460237638ea6d0?s=96&d=mm&r=g\",\"contentUrl\":\"https:\\\/\\\/secure.gravatar.com\\\/avatar\\\/e8fc1ce4ad50385675908137b0d8d66be281d034bf072b4700460237638ea6d0?s=96&d=mm&r=g\",\"caption\":\"Heather Lincoln\"},\"url\":\"https:\\\/\\\/casadecampoliving.com\\\/es\\\/author\\\/hcastillo\\\/\"}]}<\/script>\n<!-- \/ Yoast SEO plugin. -->","yoast_head_json":{"title":"\u00a1Feliz D\u00eda de Acci\u00f3n de Gracias! \u00a1La comunidad de Casa de Campo comparte con nosotros por lo que se sienten agradecidos! | Casa de Campo Living","description":"Si bien no s\u00f3lo hay un d\u00eda de los 365 d\u00edas del a\u00f1o en que debemos expresar nuestro agradecimiento, tenemos la bendici\u00f3n de tener un d\u00eda designado para","robots":{"index":"index","follow":"follow","max-snippet":"max-snippet:-1","max-image-preview":"max-image-preview:large","max-video-preview":"max-video-preview:-1"},"canonical":"https:\/\/casadecampoliving.com\/es\/feliz-dia-de-accion-de-gracias-2016\/","og_locale":"es_ES","og_type":"article","og_title":"\u00a1Feliz D\u00eda de Acci\u00f3n de Gracias! \u00a1La comunidad de Casa de Campo comparte con nosotros por lo que se sienten agradecidos! | Casa de Campo Living","og_description":"Si bien no s\u00f3lo hay un d\u00eda de los 365 d\u00edas del a\u00f1o en que debemos expresar nuestro agradecimiento, tenemos la bendici\u00f3n de tener un d\u00eda designado para","og_url":"https:\/\/casadecampoliving.com\/es\/feliz-dia-de-accion-de-gracias-2016\/","og_site_name":"Casa de Campo Living","article_publisher":"https:\/\/www.facebook.com\/casadecampoliving","article_published_time":"2016-11-24T04:00:00+00:00","article_modified_time":"2022-10-21T22:58:49+00:00","og_image":[{"width":1000,"height":563,"url":"https:\/\/i0.wp.com\/casadecampoliving.com\/wp-content\/uploads\/2022\/10\/dinnerparty-e1480013970905.png?fit=1000%2C563&ssl=1","type":"image\/png"}],"author":"Heather Lincoln","twitter_card":"summary_large_image","twitter_creator":"@cdcliving","twitter_site":"@cdcliving","twitter_misc":{"Escrito por":"Heather Lincoln","Tiempo de lectura":"3 minutos"},"schema":{"@context":"https:\/\/schema.org","@graph":[{"@type":"Article","@id":"https:\/\/casadecampoliving.com\/es\/feliz-dia-de-accion-de-gracias-2016\/#article","isPartOf":{"@id":"https:\/\/casadecampoliving.com\/es\/feliz-dia-de-accion-de-gracias-2016\/"},"author":{"name":"Heather Lincoln","@id":"https:\/\/casadecampoliving.com\/es\/#\/schema\/person\/e3abfc63c1478fd703266a6f33a3145d"},"headline":"\u00a1Feliz D\u00eda de Acci\u00f3n de Gracias! \u00a1La comunidad de Casa de Campo comparte con nosotros por lo que se sienten agradecidos!","datePublished":"2016-11-24T04:00:00+00:00","dateModified":"2022-10-21T22:58:49+00:00","mainEntityOfPage":{"@id":"https:\/\/casadecampoliving.com\/es\/feliz-dia-de-accion-de-gracias-2016\/"},"wordCount":637,"publisher":{"@id":"https:\/\/casadecampoliving.com\/es\/#organization"},"image":{"@id":"https:\/\/casadecampoliving.com\/es\/feliz-dia-de-accion-de-gracias-2016\/#primaryimage"},"thumbnailUrl":"https:\/\/i0.wp.com\/casadecampoliving.com\/wp-content\/uploads\/2022\/10\/dinnerparty-e1480013970905.png?fit=1000%2C563&ssl=1","keywords":["accion de gracias","Casa de Campo","comunidad","Sandra Alvarado @es","Xioma Menendez @es"],"articleSection":["Casa de Campo Living @es","Comidas &amp; Bebidas","Estilo de Vida"],"inLanguage":"es"},{"@type":"WebPage","@id":"https:\/\/casadecampoliving.com\/es\/feliz-dia-de-accion-de-gracias-2016\/","url":"https:\/\/casadecampoliving.com\/es\/feliz-dia-de-accion-de-gracias-2016\/","name":"\u00a1Feliz D\u00eda de Acci\u00f3n de Gracias! \u00a1La comunidad de Casa de Campo comparte con nosotros por lo que se sienten agradecidos! | Casa de Campo Living","isPartOf":{"@id":"https:\/\/casadecampoliving.com\/es\/#website"},"primaryImageOfPage":{"@id":"https:\/\/casadecampoliving.com\/es\/feliz-dia-de-accion-de-gracias-2016\/#primaryimage"},"image":{"@id":"https:\/\/casadecampoliving.com\/es\/feliz-dia-de-accion-de-gracias-2016\/#primaryimage"},"thumbnailUrl":"https:\/\/i0.wp.com\/casadecampoliving.com\/wp-content\/uploads\/2022\/10\/dinnerparty-e1480013970905.png?fit=1000%2C563&ssl=1","datePublished":"2016-11-24T04:00:00+00:00","dateModified":"2022-10-21T22:58:49+00:00","description":"Si bien no s\u00f3lo hay un d\u00eda de los 365 d\u00edas del a\u00f1o en que debemos expresar nuestro agradecimiento, tenemos la bendici\u00f3n de tener un d\u00eda designado para","breadcrumb":{"@id":"https:\/\/casadecampoliving.com\/es\/feliz-dia-de-accion-de-gracias-2016\/#breadcrumb"},"inLanguage":"es","potentialAction":[{"@type":"ReadAction","target":["https:\/\/casadecampoliving.com\/es\/feliz-dia-de-accion-de-gracias-2016\/"]}]},{"@type":"ImageObject","inLanguage":"es","@id":"https:\/\/casadecampoliving.com\/es\/feliz-dia-de-accion-de-gracias-2016\/#primaryimage","url":"https:\/\/i0.wp.com\/casadecampoliving.com\/wp-content\/uploads\/2022\/10\/dinnerparty-e1480013970905.png?fit=1000%2C563&ssl=1","contentUrl":"https:\/\/i0.wp.com\/casadecampoliving.com\/wp-content\/uploads\/2022\/10\/dinnerparty-e1480013970905.png?fit=1000%2C563&ssl=1","width":1000,"height":563,"caption":"Thanksgiving"},{"@type":"BreadcrumbList","@id":"https:\/\/casadecampoliving.com\/es\/feliz-dia-de-accion-de-gracias-2016\/#breadcrumb","itemListElement":[{"@type":"ListItem","position":1,"name":"Home","item":"https:\/\/casadecampoliving.com\/es\/"},{"@type":"ListItem","position":2,"name":"\u00a1Feliz D\u00eda de Acci\u00f3n de Gracias! \u00a1La comunidad de Casa de Campo comparte con nosotros por lo que se sienten agradecidos!"}]},{"@type":"WebSite","@id":"https:\/\/casadecampoliving.com\/es\/#website","url":"https:\/\/casadecampoliving.com\/es\/","name":"Casa de Campo Living","description":"Resort community news and resources.","publisher":{"@id":"https:\/\/casadecampoliving.com\/es\/#organization"},"potentialAction":[{"@type":"SearchAction","target":{"@type":"EntryPoint","urlTemplate":"https:\/\/casadecampoliving.com\/es\/?s={search_term_string}"},"query-input":{"@type":"PropertyValueSpecification","valueRequired":true,"valueName":"search_term_string"}}],"inLanguage":"es"},{"@type":"Organization","@id":"https:\/\/casadecampoliving.com\/es\/#organization","name":"Casa de Campo Living","url":"https:\/\/casadecampoliving.com\/es\/","logo":{"@type":"ImageObject","inLanguage":"es","@id":"https:\/\/casadecampoliving.com\/es\/#\/schema\/logo\/image\/","url":"https:\/\/i0.wp.com\/casadecampoliving.com\/wp-content\/uploads\/2022\/07\/CDCLivingLogo_V1-white-sized.png?fit=800%2C214&ssl=1","contentUrl":"https:\/\/i0.wp.com\/casadecampoliving.com\/wp-content\/uploads\/2022\/07\/CDCLivingLogo_V1-white-sized.png?fit=800%2C214&ssl=1","width":800,"height":214,"caption":"Casa de Campo Living"},"image":{"@id":"https:\/\/casadecampoliving.com\/es\/#\/schema\/logo\/image\/"},"sameAs":["https:\/\/www.facebook.com\/casadecampoliving","https:\/\/x.com\/cdcliving"]},{"@type":"Person","@id":"https:\/\/casadecampoliving.com\/es\/#\/schema\/person\/e3abfc63c1478fd703266a6f33a3145d","name":"Heather Lincoln","image":{"@type":"ImageObject","inLanguage":"es","@id":"https:\/\/secure.gravatar.com\/avatar\/e8fc1ce4ad50385675908137b0d8d66be281d034bf072b4700460237638ea6d0?s=96&d=mm&r=g","url":"https:\/\/secure.gravatar.com\/avatar\/e8fc1ce4ad50385675908137b0d8d66be281d034bf072b4700460237638ea6d0?s=96&d=mm&r=g","contentUrl":"https:\/\/secure.gravatar.com\/avatar\/e8fc1ce4ad50385675908137b0d8d66be281d034bf072b4700460237638ea6d0?s=96&d=mm&r=g","caption":"Heather Lincoln"},"url":"https:\/\/casadecampoliving.com\/es\/author\/hcastillo\/"}]}},"parsely":{"version":"1.1.0","canonical_url":"https:\/\/casadecampoliving.com\/es\/feliz-dia-de-accion-de-gracias-2016\/","smart_links":{"inbound":0,"outbound":0},"traffic_boost_suggestions_count":0,"meta":{"@context":"https:\/\/schema.org","@type":"NewsArticle","headline":"\u00a1Feliz D\u00eda de Acci\u00f3n de Gracias! \u00a1La comunidad de Casa de Campo comparte con nosotros por lo que se sienten agradecidos!","url":"http:\/\/casadecampoliving.com\/es\/feliz-dia-de-accion-de-gracias-2016\/","mainEntityOfPage":{"@type":"WebPage","@id":"http:\/\/casadecampoliving.com\/es\/feliz-dia-de-accion-de-gracias-2016\/"},"thumbnailUrl":"https:\/\/i0.wp.com\/casadecampoliving.com\/wp-content\/uploads\/2022\/10\/dinnerparty-e1480013970905.png?resize=150%2C150&ssl=1","image":{"@type":"ImageObject","url":"https:\/\/i0.wp.com\/casadecampoliving.com\/wp-content\/uploads\/2022\/10\/dinnerparty-e1480013970905.png?fit=1000%2C563&ssl=1"},"articleSection":"Casa de Campo Living @es","author":[{"@type":"Person","name":"Heather Lincoln"}],"creator":["Heather Lincoln"],"publisher":{"@type":"Organization","name":"Casa de Campo Living","logo":"https:\/\/casadecampoliving.com\/wp-content\/uploads\/2022\/07\/CDCLivingLogo_V1-white-sized.png"},"keywords":["accion de gracias","casa de campo","comunidad","sandra alvarado @es","xioma menendez @es"],"dateCreated":"2016-11-24T04:00:00Z","datePublished":"2016-11-24T04:00:00Z","dateModified":"2022-10-21T22:58:49Z"},"rendered":"<script type=\"application\/ld+json\" class=\"wp-parsely-metadata\">{\"@context\":\"https:\\\/\\\/schema.org\",\"@type\":\"NewsArticle\",\"headline\":\"\\u00a1Feliz D\\u00eda de Acci\\u00f3n de Gracias! \\u00a1La comunidad de Casa de Campo comparte con nosotros por lo que se sienten agradecidos!\",\"url\":\"http:\\\/\\\/casadecampoliving.com\\\/es\\\/feliz-dia-de-accion-de-gracias-2016\\\/\",\"mainEntityOfPage\":{\"@type\":\"WebPage\",\"@id\":\"http:\\\/\\\/casadecampoliving.com\\\/es\\\/feliz-dia-de-accion-de-gracias-2016\\\/\"},\"thumbnailUrl\":\"https:\\\/\\\/i0.wp.com\\\/casadecampoliving.com\\\/wp-content\\\/uploads\\\/2022\\\/10\\\/dinnerparty-e1480013970905.png?resize=150%2C150&ssl=1\",\"image\":{\"@type\":\"ImageObject\",\"url\":\"https:\\\/\\\/i0.wp.com\\\/casadecampoliving.com\\\/wp-content\\\/uploads\\\/2022\\\/10\\\/dinnerparty-e1480013970905.png?fit=1000%2C563&ssl=1\"},\"articleSection\":\"Casa de Campo Living @es\",\"author\":[{\"@type\":\"Person\",\"name\":\"Heather Lincoln\"}],\"creator\":[\"Heather Lincoln\"],\"publisher\":{\"@type\":\"Organization\",\"name\":\"Casa de Campo Living\",\"logo\":\"https:\\\/\\\/casadecampoliving.com\\\/wp-content\\\/uploads\\\/2022\\\/07\\\/CDCLivingLogo_V1-white-sized.png\"},\"keywords\":[\"accion de gracias\",\"casa de campo\",\"comunidad\",\"sandra alvarado @es\",\"xioma menendez @es\"],\"dateCreated\":\"2016-11-24T04:00:00Z\",\"datePublished\":\"2016-11-24T04:00:00Z\",\"dateModified\":\"2022-10-21T22:58:49Z\"}<\/script>","tracker_url":"https:\/\/cdn.parsely.com\/keys\/casadecampoliving.com\/p.js"},"jetpack_publicize_connections":[],"jetpack_featured_media_url":"https:\/\/i0.wp.com\/casadecampoliving.com\/wp-content\/uploads\/2022\/10\/dinnerparty-e1480013970905.png?fit=1000%2C563&ssl=1","jetpack-related-posts":[{"id":353925,"url":"https:\/\/casadecampoliving.com\/es\/deseando-a-todos-un-feliz-dia-de-accion-de-gracias-los-miembros-de-la-comunidad-de-casa-de-campo-comparten-aquello-por-lo-que-estan-agradecidos\/","url_meta":{"origin":350838,"position":0},"title":"\u00a1Deseando a todos un Feliz D\u00eda de Acci\u00f3n de Gracias! Los miembros de la comunidad de Casa de Campo comparten aquello por lo que est\u00e1n agradecidos.","author":"Casa de Campo Living","date":"26 Nov, 2020","format":false,"excerpt":"\u00a1Feliz D\u00eda de Acci\u00f3n de Gracias, comunidad de Casa de Campo! Este a\u00f1o podr\u00eda haber sido un poco dificil, y estamos seguros de que todos hemos tenido nuestros altibajos, pero estamos seguros de que todos tenemos cosas por las que estar agradecidos. Si bien puede que no sea una tradici\u00f3n\u2026","rel":"","context":"En \u00abCasa de Campo Living @es\u00bb","block_context":{"text":"Casa de Campo Living @es","link":"https:\/\/casadecampoliving.com\/category\/casa-de-campo-living-es\/"},"img":{"alt_text":"","src":"https:\/\/i0.wp.com\/casadecampoliving.com\/wp-content\/uploads\/2022\/10\/element5-digital-RPjyNMHDrFY-unsplash-1.jpg?fit=1000%2C662&ssl=1&resize=350%2C200","width":350,"height":200,"srcset":"https:\/\/i0.wp.com\/casadecampoliving.com\/wp-content\/uploads\/2022\/10\/element5-digital-RPjyNMHDrFY-unsplash-1.jpg?fit=1000%2C662&ssl=1&resize=350%2C200 1x, https:\/\/i0.wp.com\/casadecampoliving.com\/wp-content\/uploads\/2022\/10\/element5-digital-RPjyNMHDrFY-unsplash-1.jpg?fit=1000%2C662&ssl=1&resize=525%2C300 1.5x, https:\/\/i0.wp.com\/casadecampoliving.com\/wp-content\/uploads\/2022\/10\/element5-digital-RPjyNMHDrFY-unsplash-1.jpg?fit=1000%2C662&ssl=1&resize=700%2C400 2x"},"classes":[]},{"id":352230,"url":"https:\/\/casadecampoliving.com\/es\/la-comunidad-de-casa-de-campo-comparten-por-lo-que-se-sienten-agradecidos\/","url_meta":{"origin":350838,"position":1},"title":"\u00a1Los miembros de la comunidad de Casa de Campo comparten por lo que se sienten agradecidos!","author":"Heather Lincoln","date":"23 Nov, 2017","format":false,"excerpt":"Hay muchas cosas maravillosas por las cuales estar agradecidos todos los d\u00edas, y m\u00e1s a\u00fan todos los a\u00f1os. Cuente sus bendiciones, no sus problemas, ha sido una perspectiva positiva que hemos mantenido durante todo 2017. Afortunados de vivir en una comunidad tan acogedora, unida y caritativa, compartimos lo que nuestros\u2026","rel":"","context":"En \u00abCasa de Campo Living @es\u00bb","block_context":{"text":"Casa de Campo Living @es","link":"https:\/\/casadecampoliving.com\/category\/casa-de-campo-living-es\/"},"img":{"alt_text":"Thanksgiving","src":"https:\/\/i0.wp.com\/casadecampoliving.com\/wp-content\/uploads\/2022\/10\/DSC_0470-e1511449545117.jpg?fit=1000%2C600&ssl=1&resize=350%2C200","width":350,"height":200,"srcset":"https:\/\/i0.wp.com\/casadecampoliving.com\/wp-content\/uploads\/2022\/10\/DSC_0470-e1511449545117.jpg?fit=1000%2C600&ssl=1&resize=350%2C200 1x, https:\/\/i0.wp.com\/casadecampoliving.com\/wp-content\/uploads\/2022\/10\/DSC_0470-e1511449545117.jpg?fit=1000%2C600&ssl=1&resize=525%2C300 1.5x, https:\/\/i0.wp.com\/casadecampoliving.com\/wp-content\/uploads\/2022\/10\/DSC_0470-e1511449545117.jpg?fit=1000%2C600&ssl=1&resize=700%2C400 2x"},"classes":[]},{"id":346093,"url":"https:\/\/casadecampoliving.com\/es\/feliz-dia-de-accion-de-gracias-departe-de-fundacion-mir\/","url_meta":{"origin":350838,"position":2},"title":"Feliz D\u00eda de Acci\u00f3n de Gracias departe de Fundaci\u00f3n MIR","author":"Daniela Medina","date":"27 Nov, 2014","format":false,"excerpt":"Fundaci\u00f3n MIR les desea a todos un muy feliz D\u00eda de Acci\u00f3n de Gracias. Fundaci\u00f3n MIR , est\u00e1 agradecida por todas las bendiciones que han recibido, \u00a1pero aqu\u00ed tenemos un par de cosas por las que est\u00e1n especialmente agradecidos! \u201cEs dif\u00edcil expresar con palabras lo agradecidos que estamos por todos\u2026","rel":"","context":"En \u00abCasa de Campo Living @es\u00bb","block_context":{"text":"Casa de Campo Living @es","link":"https:\/\/casadecampoliving.com\/category\/casa-de-campo-living-es\/"},"img":{"alt_text":"","src":"https:\/\/i0.wp.com\/casadecampoliving.com\/wp-content\/uploads\/2022\/10\/MIR-Thanksgiving-1.jpg?fit=650%2C500&ssl=1&resize=350%2C200","width":350,"height":200,"srcset":"https:\/\/i0.wp.com\/casadecampoliving.com\/wp-content\/uploads\/2022\/10\/MIR-Thanksgiving-1.jpg?fit=650%2C500&ssl=1&resize=350%2C200 1x, https:\/\/i0.wp.com\/casadecampoliving.com\/wp-content\/uploads\/2022\/10\/MIR-Thanksgiving-1.jpg?fit=650%2C500&ssl=1&resize=525%2C300 1.5x"},"classes":[]},{"id":433460,"url":"https:\/\/casadecampoliving.com\/es\/no-se-pierdan-el-increible-tributo-a-frank-sinatra-para-celebrar-el-40-aniversario-del-anfiteatro-altos-de-chavon\/","url_meta":{"origin":350838,"position":3},"title":"No se pierdan el incre\u00edble tributo a Frank Sinatra para celebrar el 40 aniversario del\u00a0Anfiteatro Altos de Chav\u00f3n","author":"Casa de Campo Living","date":"20 Oct, 2022","format":false,"excerpt":"Siendo uno de los escenarios m\u00e1s emblem\u00e1ticos del pa\u00eds, Casa de Campo Resort\u00ae & Villas celebra las cuatro d\u00e9cadas de aniversario de Altos de Chav\u00f3n con un tributo al gran Frank Sinatra, protagonizado por artistas invitados y una big band tal cual la que acompa\u00f1\u00f3 al artista hace 40 a\u00f1os\u2026","rel":"","context":"En \u00abUncategorized @es\u00bb","block_context":{"text":"Uncategorized @es","link":"https:\/\/casadecampoliving.com\/es\/category\/uncategorized-es\/"},"img":{"alt_text":"","src":"https:\/\/i0.wp.com\/casadecampoliving.com\/wp-content\/uploads\/2022\/10\/Tributo-Frank-Sinatra-Foto-Principal-Amaury-Sanchez-Danilo-Ginebra-Andres-Pichardo-y-Jose-Gabriel-Perez-.jpg?fit=1200%2C873&ssl=1&resize=350%2C200","width":350,"height":200,"srcset":"https:\/\/i0.wp.com\/casadecampoliving.com\/wp-content\/uploads\/2022\/10\/Tributo-Frank-Sinatra-Foto-Principal-Amaury-Sanchez-Danilo-Ginebra-Andres-Pichardo-y-Jose-Gabriel-Perez-.jpg?fit=1200%2C873&ssl=1&resize=350%2C200 1x, https:\/\/i0.wp.com\/casadecampoliving.com\/wp-content\/uploads\/2022\/10\/Tributo-Frank-Sinatra-Foto-Principal-Amaury-Sanchez-Danilo-Ginebra-Andres-Pichardo-y-Jose-Gabriel-Perez-.jpg?fit=1200%2C873&ssl=1&resize=525%2C300 1.5x, https:\/\/i0.wp.com\/casadecampoliving.com\/wp-content\/uploads\/2022\/10\/Tributo-Frank-Sinatra-Foto-Principal-Amaury-Sanchez-Danilo-Ginebra-Andres-Pichardo-y-Jose-Gabriel-Perez-.jpg?fit=1200%2C873&ssl=1&resize=700%2C400 2x, https:\/\/i0.wp.com\/casadecampoliving.com\/wp-content\/uploads\/2022\/10\/Tributo-Frank-Sinatra-Foto-Principal-Amaury-Sanchez-Danilo-Ginebra-Andres-Pichardo-y-Jose-Gabriel-Perez-.jpg?fit=1200%2C873&ssl=1&resize=1050%2C600 3x"},"classes":[]},{"id":343361,"url":"https:\/\/casadecampoliving.com\/es\/feliz-dia-de-accion-de-gracias-de-parte-de-fundacion-mir\/","url_meta":{"origin":350838,"position":4},"title":"Feliz D\u00eda de Acci\u00f3n de Gracias de parte de Fundaci\u00f3n MIR","author":"Ana Alba","date":"28 Nov, 2013","format":false,"excerpt":"El 2013 ha sido de mucha Felicidad y bendici\u00f3n para la familia de La Fundaci\u00f3n MIR, as\u00ed que aqu\u00ed compartimos el por que estamos tan felices; \u00a1por el D\u00eda Acci\u00f3n de Gracias! Estamos agradecidos de nuestros patrocinadores; especialmente Scotiabank por la generosa donaci\u00f3n de $25,000 a nuestro programa de beca.\u2026","rel":"","context":"En \u00abEstilo de Vida\u00bb","block_context":{"text":"Estilo de Vida","link":"https:\/\/casadecampoliving.com\/es\/category\/estilo-de-vida\/"},"img":{"alt_text":"Thanksgiving Fundacion MIR","src":"https:\/\/i0.wp.com\/casadecampoliving.com\/wp-content\/uploads\/2022\/10\/fundacion_MIR-Thanksgiving-1.jpg?fit=650%2C410&ssl=1&resize=350%2C200","width":350,"height":200,"srcset":"https:\/\/i0.wp.com\/casadecampoliving.com\/wp-content\/uploads\/2022\/10\/fundacion_MIR-Thanksgiving-1.jpg?fit=650%2C410&ssl=1&resize=350%2C200 1x, https:\/\/i0.wp.com\/casadecampoliving.com\/wp-content\/uploads\/2022\/10\/fundacion_MIR-Thanksgiving-1.jpg?fit=650%2C410&ssl=1&resize=525%2C300 1.5x"},"classes":[]},{"id":353951,"url":"https:\/\/casadecampoliving.com\/es\/feliz-ano-nuevo-la-edicion-de-invierno-2020-de-casa-de-campo-living-magazine-ya-esta-en-linea\/","url_meta":{"origin":350838,"position":5},"title":"\u00a1Feliz a\u00f1o nuevo! \u00a1La edici\u00f3n de invierno 2020 de Casa de Campo Living Magazine ya est\u00e1 en l\u00ednea!","author":"Casa de Campo Living","date":"1 Ene, 2021","format":false,"excerpt":"\u00a1Buen d\u00eda, familia Casa! \u00a1Feliz a\u00f1o nuevo! Esperamos que est\u00e9n todos sanos y salvos. Mucho ha cambiado este a\u00f1o, pero tenemos la esperanza de que 2021 sea el a\u00f1o que anhelamos. \u00a1Este a\u00f1o, Casa de Campo Living Magazine ha realizado algunos cambios que incluyen que nos volvamos digitales y que\u2026","rel":"","context":"En \u00abAltos de Chavon @es\u00bb","block_context":{"text":"Altos de Chavon @es","link":"https:\/\/casadecampoliving.com\/category\/altos-de-chavon-es\/"},"img":{"alt_text":"","src":"https:\/\/i0.wp.com\/casadecampoliving.com\/wp-content\/uploads\/2022\/10\/CDCLIVING_winter_website-cover2020-1.jpg?fit=1000%2C600&ssl=1&resize=350%2C200","width":350,"height":200,"srcset":"https:\/\/i0.wp.com\/casadecampoliving.com\/wp-content\/uploads\/2022\/10\/CDCLIVING_winter_website-cover2020-1.jpg?fit=1000%2C600&ssl=1&resize=350%2C200 1x, https:\/\/i0.wp.com\/casadecampoliving.com\/wp-content\/uploads\/2022\/10\/CDCLIVING_winter_website-cover2020-1.jpg?fit=1000%2C600&ssl=1&resize=525%2C300 1.5x, https:\/\/i0.wp.com\/casadecampoliving.com\/wp-content\/uploads\/2022\/10\/CDCLIVING_winter_website-cover2020-1.jpg?fit=1000%2C600&ssl=1&resize=700%2C400 2x"},"classes":[]}],"jetpack_sharing_enabled":true,"_links":{"self":[{"href":"https:\/\/casadecampoliving.com\/es\/wp-json\/wp\/v2\/posts\/350838","targetHints":{"allow":["GET"]}}],"collection":[{"href":"https:\/\/casadecampoliving.com\/es\/wp-json\/wp\/v2\/posts"}],"about":[{"href":"https:\/\/casadecampoliving.com\/es\/wp-json\/wp\/v2\/types\/post"}],"author":[{"embeddable":true,"href":"https:\/\/casadecampoliving.com\/es\/wp-json\/wp\/v2\/users\/36681"}],"replies":[{"embeddable":true,"href":"https:\/\/casadecampoliving.com\/es\/wp-json\/wp\/v2\/comments?post=350838"}],"version-history":[{"count":1,"href":"https:\/\/casadecampoliving.com\/es\/wp-json\/wp\/v2\/posts\/350838\/revisions"}],"predecessor-version":[{"id":350839,"href":"https:\/\/casadecampoliving.com\/es\/wp-json\/wp\/v2\/posts\/350838\/revisions\/350839"}],"wp:featuredmedia":[{"embeddable":true,"href":"https:\/\/casadecampoliving.com\/es\/wp-json\/wp\/v2\/media\/314020"}],"wp:attachment":[{"href":"https:\/\/casadecampoliving.com\/es\/wp-json\/wp\/v2\/media?parent=350838"}],"wp:term":[{"taxonomy":"category","embeddable":true,"href":"https:\/\/casadecampoliving.com\/es\/wp-json\/wp\/v2\/categories?post=350838"},{"taxonomy":"post_tag","embeddable":true,"href":"https:\/\/casadecampoliving.com\/es\/wp-json\/wp\/v2\/tags?post=350838"},{"taxonomy":"newspack_spnsrs_tax","embeddable":true,"href":"https:\/\/casadecampoliving.com\/es\/wp-json\/wp\/v2\/newspack_spnsrs_tax?post=350838"}],"curies":[{"name":"wp","href":"https:\/\/api.w.org\/{rel}","templated":true}]}}