{"id":350827,"date":"2016-11-21T00:00:00","date_gmt":"2016-11-21T04:00:00","guid":{"rendered":"https:\/\/casadecampoliving.com\/designan-al-senor-andres-pichardo-rosenberg-como-presidente-hotel-casa-de-campo\/"},"modified":"2022-10-21T19:07:47","modified_gmt":"2022-10-21T23:07:47","slug":"designan-al-senor-andres-pichardo-rosenberg-como-presidente-hotel-casa-de-campo","status":"publish","type":"post","link":"https:\/\/casadecampoliving.com\/es\/designan-al-senor-andres-pichardo-rosenberg-como-presidente-hotel-casa-de-campo\/","title":{"rendered":"Designan al Se\u00f1or Andr\u00e9s Pichardo Rosenberg como presidente Hotel Casa de Campo"},"content":{"rendered":"\n<p><em>La Romana, Rep\u00fablica Dominicana.- <\/em>El Comit\u00e9 Ejecutivo de Central Romana Corporation, Ltd. anunci\u00f3 la designaci\u00f3n del se\u00f1or Andr\u00e9s Pichardo Rosenberg como Presidente del hotel Casa de Campo.<\/p>\n\n\n\n<!--more-->\n\n\n\n<p>De nacionalidad dominicana, el se\u00f1or Andr\u00e9s Pichardo tiene una amplia experiencia en la industria tur\u00edstica nacional e internacional. De joven creci\u00f3 en los Estados Unidos y concluy\u00f3 su bachillerato en el pa\u00eds en el Carol Morgan School. Es egresado del Instituto Tecnol\u00f3gico de Santo Domingo (INTEC) con una Licenciatura en Administraci\u00f3n de Empresas y Econom\u00eda. &nbsp;Una parte de sus estudios&nbsp; profesionales de hoteler\u00eda los desarroll\u00f3 en Cornell University en el estado de Nueva York, EEUU.<\/p>\n\n\n\n<p>Durante varios a\u00f1os ha desempe\u00f1ado distintas posiciones ejecutivas en grupos hoteleros y de bienes ra\u00edces, tanto en el extranjero como en las zonas Este y Norte del pa\u00eds.<\/p>\n\n\n\n<p>Ocup\u00f3 la posici\u00f3n de Director de Operaciones Caribe Mexicano en Occidental Hoteles\/Barcel\u00f3, formando parte del equipo que durante el \u00faltimo a\u00f1o &nbsp;aport\u00f3 al proceso de integraci\u00f3n entre ambas cadenas hoteleras en esa regi\u00f3n. Anteriormente se desempe\u00f1aba en Occidental Hoteles como Senior Vice-presidente de Operaciones, Mercadeo y Ventas para Estados Unidos, M\u00e9xico y Aruba, teniendo como responsabilidades la planificaci\u00f3n, desarrollo de todo el equipo de ventas, mercadeo y el e-commerce para los mercados norteamericano y M\u00e9xico.<\/p>\n\n\n\n<p>\u201cNos sentimos complacidos de poder integrar a Andr\u00e9s Pichardo Rosenberg como un ejecutivo importante en nuestra estructura de hospitalidad y servicios. Su figura dentro de la hoteler\u00eda y perfil profesional aportar\u00e1n al crecimiento de nuestro resort Casa de Campo para que mantenga su nivel de liderazgo como el destino m\u00e1s exclusivo del Caribe\u201d expresa la nota de prensa enviada por el Comit\u00e9 Ejecutivo de Central Romana.<\/p>\n\n\n\n<p>De su lado, Pichardo Rosenberg expres\u00f3 su agradecimiento y gran satisfacci\u00f3n por su integraci\u00f3n al resort. \u201cEs un privilegio pertenecer a este resort de clase mundial tan altamente valorado por sus hu\u00e9spedes y propietarios de villas, siempre acostumbrados a los est\u00e1ndares m\u00e1s exigentes. Estoy seguro que enfrentaremos cualquier reto con pasi\u00f3n, trabajo en equipo y propuestas novedosas que mantengan &nbsp;a Casa de Campo como el destino de lujo de mayor preferencia\u201d enfatiz\u00f3.<\/p>\n","protected":false},"excerpt":{"rendered":"<p>La Romana, Rep\u00fablica Dominicana.- El Comit\u00e9 Ejecutivo de Central Romana Corporation, Ltd. anunci\u00f3 la designaci\u00f3n del se\u00f1or Andr\u00e9s Pichardo Rosenberg como Presidente del hotel Casa de Campo.<\/p>\n","protected":false},"author":36675,"featured_media":313880,"comment_status":"closed","ping_status":"closed","sticky":false,"template":"","format":"standard","meta":{"newspack_ads_suppress_ads":false,"newspack_popups_has_disabled_popups":false,"newspack_sponsor_sponsorship_scope":"","newspack_sponsor_native_byline_display":"inherit","newspack_sponsor_native_category_display":"inherit","newspack_sponsor_underwriter_style":"inherit","newspack_sponsor_underwriter_placement":"inherit","_newspack_byline_active":false,"_newspack_byline":"","newspack_hide_updated_date":false,"newspack_show_updated_date":false,"newspack_content_restriction_is_exempt":false,"newspack_featured_image_position":"","newspack_post_subtitle":"","newspack_article_summary_title":"Overview:","newspack_article_summary":"","_jetpack_memberships_contains_paid_content":false,"footnotes":"","jetpack_publicize_message":"","jetpack_publicize_feature_enabled":true,"jetpack_social_post_already_shared":false,"jetpack_social_options":{"image_generator_settings":{"template":"highway","default_image_id":0,"font":"","enabled":false},"version":2},"_wpas_customize_per_network":false},"categories":[14625,2521,26822,2526],"tags":[19905,3626,14736],"newspack_spnsrs_tax":[],"class_list":["post-350827","post","type-post","status-publish","format-standard","has-post-thumbnail","hentry","category-noticias-locales","category-republica-dominicana-2","category-resort-casa-de-campo","category-titulares-es","tag-andres-pichardo-rosenberg-es","tag-casa-de-campo-es","tag-featured-topview-es","entry"],"yoast_head":"<!-- This site is optimized with the Yoast SEO plugin v27.4 - https:\/\/yoast.com\/product\/yoast-seo-wordpress\/ -->\n<title>Designan al Se\u00f1or Andr\u00e9s Pichardo Rosenberg como presidente Hotel Casa de Campo | Casa de Campo Living<\/title>\n<meta name=\"description\" content=\"La Romana, Rep\u00fablica Dominicana.- El Comit\u00e9 Ejecutivo de Central Romana Corporation, Ltd. anunci\u00f3 la designaci\u00f3n del se\u00f1or Andr\u00e9s Pichardo Rosenberg como\" \/>\n<meta name=\"robots\" content=\"index, follow, max-snippet:-1, max-image-preview:large, max-video-preview:-1\" \/>\n<link rel=\"canonical\" href=\"https:\/\/casadecampoliving.com\/es\/designan-al-senor-andres-pichardo-rosenberg-como-presidente-hotel-casa-de-campo\/\" \/>\n<meta property=\"og:locale\" content=\"es_ES\" \/>\n<meta property=\"og:type\" content=\"article\" \/>\n<meta property=\"og:title\" content=\"Designan al Se\u00f1or Andr\u00e9s Pichardo Rosenberg como presidente Hotel Casa de Campo | Casa de Campo Living\" \/>\n<meta property=\"og:description\" content=\"La Romana, Rep\u00fablica Dominicana.- El Comit\u00e9 Ejecutivo de Central Romana Corporation, Ltd. anunci\u00f3 la designaci\u00f3n del se\u00f1or Andr\u00e9s Pichardo Rosenberg como\" \/>\n<meta property=\"og:url\" content=\"https:\/\/casadecampoliving.com\/es\/designan-al-senor-andres-pichardo-rosenberg-como-presidente-hotel-casa-de-campo\/\" \/>\n<meta property=\"og:site_name\" content=\"Casa de Campo Living\" \/>\n<meta property=\"article:publisher\" content=\"https:\/\/www.facebook.com\/casadecampoliving\" \/>\n<meta property=\"article:published_time\" content=\"2016-11-21T04:00:00+00:00\" \/>\n<meta property=\"article:modified_time\" content=\"2022-10-21T23:07:47+00:00\" \/>\n<meta property=\"og:image\" content=\"https:\/\/i0.wp.com\/casadecampoliving.com\/wp-content\/uploads\/2022\/10\/Andres_Pichardo_Rosenberg_Casa_de_Campo_president-e1479748875916.jpg?fit=1000%2C650&ssl=1\" \/>\n\t<meta property=\"og:image:width\" content=\"1000\" \/>\n\t<meta property=\"og:image:height\" content=\"650\" \/>\n\t<meta property=\"og:image:type\" content=\"image\/jpeg\" \/>\n<meta name=\"author\" content=\"Casa de Campo Resort\" \/>\n<meta name=\"twitter:card\" content=\"summary_large_image\" \/>\n<meta name=\"twitter:creator\" content=\"@cdcliving\" \/>\n<meta name=\"twitter:site\" content=\"@cdcliving\" \/>\n<meta name=\"twitter:label1\" content=\"Escrito por\" \/>\n\t<meta name=\"twitter:data1\" content=\"Casa de Campo Resort\" \/>\n\t<meta name=\"twitter:label2\" content=\"Tiempo de lectura\" \/>\n\t<meta name=\"twitter:data2\" content=\"2 minutos\" \/>\n<script type=\"application\/ld+json\" class=\"yoast-schema-graph\">{\"@context\":\"https:\\\/\\\/schema.org\",\"@graph\":[{\"@type\":\"Article\",\"@id\":\"https:\\\/\\\/casadecampoliving.com\\\/es\\\/designan-al-senor-andres-pichardo-rosenberg-como-presidente-hotel-casa-de-campo\\\/#article\",\"isPartOf\":{\"@id\":\"https:\\\/\\\/casadecampoliving.com\\\/es\\\/designan-al-senor-andres-pichardo-rosenberg-como-presidente-hotel-casa-de-campo\\\/\"},\"author\":{\"name\":\"Casa de Campo Resort\",\"@id\":\"https:\\\/\\\/casadecampoliving.com\\\/es\\\/#\\\/schema\\\/person\\\/52642ac476979f209529cc58bb6c9787\"},\"headline\":\"Designan al Se\u00f1or Andr\u00e9s Pichardo Rosenberg como presidente Hotel Casa de Campo\",\"datePublished\":\"2016-11-21T04:00:00+00:00\",\"dateModified\":\"2022-10-21T23:07:47+00:00\",\"mainEntityOfPage\":{\"@id\":\"https:\\\/\\\/casadecampoliving.com\\\/es\\\/designan-al-senor-andres-pichardo-rosenberg-como-presidente-hotel-casa-de-campo\\\/\"},\"wordCount\":397,\"publisher\":{\"@id\":\"https:\\\/\\\/casadecampoliving.com\\\/es\\\/#organization\"},\"image\":{\"@id\":\"https:\\\/\\\/casadecampoliving.com\\\/es\\\/designan-al-senor-andres-pichardo-rosenberg-como-presidente-hotel-casa-de-campo\\\/#primaryimage\"},\"thumbnailUrl\":\"https:\\\/\\\/i0.wp.com\\\/casadecampoliving.com\\\/wp-content\\\/uploads\\\/2022\\\/10\\\/Andres_Pichardo_Rosenberg_Casa_de_Campo_president-e1479748875916.jpg?fit=1000%2C650&ssl=1\",\"keywords\":[\"Andr\u00e9s Pichardo Rosenberg @es\",\"casa de campo @es\",\"Featured-TopView @es\"],\"articleSection\":[\"Noticias Locales\",\"Rep\u00fablica Dominicana @es\",\"Resort Casa de Campo\",\"Titulares\"],\"inLanguage\":\"es\"},{\"@type\":\"WebPage\",\"@id\":\"https:\\\/\\\/casadecampoliving.com\\\/es\\\/designan-al-senor-andres-pichardo-rosenberg-como-presidente-hotel-casa-de-campo\\\/\",\"url\":\"https:\\\/\\\/casadecampoliving.com\\\/es\\\/designan-al-senor-andres-pichardo-rosenberg-como-presidente-hotel-casa-de-campo\\\/\",\"name\":\"Designan al Se\u00f1or Andr\u00e9s Pichardo Rosenberg como presidente Hotel Casa de Campo | Casa de Campo Living\",\"isPartOf\":{\"@id\":\"https:\\\/\\\/casadecampoliving.com\\\/es\\\/#website\"},\"primaryImageOfPage\":{\"@id\":\"https:\\\/\\\/casadecampoliving.com\\\/es\\\/designan-al-senor-andres-pichardo-rosenberg-como-presidente-hotel-casa-de-campo\\\/#primaryimage\"},\"image\":{\"@id\":\"https:\\\/\\\/casadecampoliving.com\\\/es\\\/designan-al-senor-andres-pichardo-rosenberg-como-presidente-hotel-casa-de-campo\\\/#primaryimage\"},\"thumbnailUrl\":\"https:\\\/\\\/i0.wp.com\\\/casadecampoliving.com\\\/wp-content\\\/uploads\\\/2022\\\/10\\\/Andres_Pichardo_Rosenberg_Casa_de_Campo_president-e1479748875916.jpg?fit=1000%2C650&ssl=1\",\"datePublished\":\"2016-11-21T04:00:00+00:00\",\"dateModified\":\"2022-10-21T23:07:47+00:00\",\"description\":\"La Romana, Rep\u00fablica Dominicana.- El Comit\u00e9 Ejecutivo de Central Romana Corporation, Ltd. anunci\u00f3 la designaci\u00f3n del se\u00f1or Andr\u00e9s Pichardo Rosenberg como\",\"breadcrumb\":{\"@id\":\"https:\\\/\\\/casadecampoliving.com\\\/es\\\/designan-al-senor-andres-pichardo-rosenberg-como-presidente-hotel-casa-de-campo\\\/#breadcrumb\"},\"inLanguage\":\"es\",\"potentialAction\":[{\"@type\":\"ReadAction\",\"target\":[\"https:\\\/\\\/casadecampoliving.com\\\/es\\\/designan-al-senor-andres-pichardo-rosenberg-como-presidente-hotel-casa-de-campo\\\/\"]}]},{\"@type\":\"ImageObject\",\"inLanguage\":\"es\",\"@id\":\"https:\\\/\\\/casadecampoliving.com\\\/es\\\/designan-al-senor-andres-pichardo-rosenberg-como-presidente-hotel-casa-de-campo\\\/#primaryimage\",\"url\":\"https:\\\/\\\/i0.wp.com\\\/casadecampoliving.com\\\/wp-content\\\/uploads\\\/2022\\\/10\\\/Andres_Pichardo_Rosenberg_Casa_de_Campo_president-e1479748875916.jpg?fit=1000%2C650&ssl=1\",\"contentUrl\":\"https:\\\/\\\/i0.wp.com\\\/casadecampoliving.com\\\/wp-content\\\/uploads\\\/2022\\\/10\\\/Andres_Pichardo_Rosenberg_Casa_de_Campo_president-e1479748875916.jpg?fit=1000%2C650&ssl=1\",\"width\":1000,\"height\":650,\"caption\":\"Andres Pichardo Rosenberg, president of Casa de Campo Resort & Villas\"},{\"@type\":\"BreadcrumbList\",\"@id\":\"https:\\\/\\\/casadecampoliving.com\\\/es\\\/designan-al-senor-andres-pichardo-rosenberg-como-presidente-hotel-casa-de-campo\\\/#breadcrumb\",\"itemListElement\":[{\"@type\":\"ListItem\",\"position\":1,\"name\":\"Home\",\"item\":\"https:\\\/\\\/casadecampoliving.com\\\/es\\\/\"},{\"@type\":\"ListItem\",\"position\":2,\"name\":\"Designan al Se\u00f1or Andr\u00e9s Pichardo Rosenberg como presidente Hotel Casa de Campo\"}]},{\"@type\":\"WebSite\",\"@id\":\"https:\\\/\\\/casadecampoliving.com\\\/es\\\/#website\",\"url\":\"https:\\\/\\\/casadecampoliving.com\\\/es\\\/\",\"name\":\"Casa de Campo Living\",\"description\":\"Resort community news and resources.\",\"publisher\":{\"@id\":\"https:\\\/\\\/casadecampoliving.com\\\/es\\\/#organization\"},\"potentialAction\":[{\"@type\":\"SearchAction\",\"target\":{\"@type\":\"EntryPoint\",\"urlTemplate\":\"https:\\\/\\\/casadecampoliving.com\\\/es\\\/?s={search_term_string}\"},\"query-input\":{\"@type\":\"PropertyValueSpecification\",\"valueRequired\":true,\"valueName\":\"search_term_string\"}}],\"inLanguage\":\"es\"},{\"@type\":\"Organization\",\"@id\":\"https:\\\/\\\/casadecampoliving.com\\\/es\\\/#organization\",\"name\":\"Casa de Campo Living\",\"url\":\"https:\\\/\\\/casadecampoliving.com\\\/es\\\/\",\"logo\":{\"@type\":\"ImageObject\",\"inLanguage\":\"es\",\"@id\":\"https:\\\/\\\/casadecampoliving.com\\\/es\\\/#\\\/schema\\\/logo\\\/image\\\/\",\"url\":\"https:\\\/\\\/i0.wp.com\\\/casadecampoliving.com\\\/wp-content\\\/uploads\\\/2022\\\/07\\\/CDCLivingLogo_V1-white-sized.png?fit=800%2C214&ssl=1\",\"contentUrl\":\"https:\\\/\\\/i0.wp.com\\\/casadecampoliving.com\\\/wp-content\\\/uploads\\\/2022\\\/07\\\/CDCLivingLogo_V1-white-sized.png?fit=800%2C214&ssl=1\",\"width\":800,\"height\":214,\"caption\":\"Casa de Campo Living\"},\"image\":{\"@id\":\"https:\\\/\\\/casadecampoliving.com\\\/es\\\/#\\\/schema\\\/logo\\\/image\\\/\"},\"sameAs\":[\"https:\\\/\\\/www.facebook.com\\\/casadecampoliving\",\"https:\\\/\\\/x.com\\\/cdcliving\"]},{\"@type\":\"Person\",\"@id\":\"https:\\\/\\\/casadecampoliving.com\\\/es\\\/#\\\/schema\\\/person\\\/52642ac476979f209529cc58bb6c9787\",\"name\":\"Casa de Campo Resort\",\"image\":{\"@type\":\"ImageObject\",\"inLanguage\":\"es\",\"@id\":\"https:\\\/\\\/secure.gravatar.com\\\/avatar\\\/630e193f5d6de4142cc28292ac77a3b7ec1b8b66d948ac83f36a80720ef224d5?s=96&d=mm&r=g\",\"url\":\"https:\\\/\\\/secure.gravatar.com\\\/avatar\\\/630e193f5d6de4142cc28292ac77a3b7ec1b8b66d948ac83f36a80720ef224d5?s=96&d=mm&r=g\",\"contentUrl\":\"https:\\\/\\\/secure.gravatar.com\\\/avatar\\\/630e193f5d6de4142cc28292ac77a3b7ec1b8b66d948ac83f36a80720ef224d5?s=96&d=mm&r=g\",\"caption\":\"Casa de Campo Resort\"},\"url\":\"https:\\\/\\\/casadecampoliving.com\\\/es\\\/author\\\/cdc\\\/\"}]}<\/script>\n<!-- \/ Yoast SEO plugin. -->","yoast_head_json":{"title":"Designan al Se\u00f1or Andr\u00e9s Pichardo Rosenberg como presidente Hotel Casa de Campo | Casa de Campo Living","description":"La Romana, Rep\u00fablica Dominicana.- El Comit\u00e9 Ejecutivo de Central Romana Corporation, Ltd. anunci\u00f3 la designaci\u00f3n del se\u00f1or Andr\u00e9s Pichardo Rosenberg como","robots":{"index":"index","follow":"follow","max-snippet":"max-snippet:-1","max-image-preview":"max-image-preview:large","max-video-preview":"max-video-preview:-1"},"canonical":"https:\/\/casadecampoliving.com\/es\/designan-al-senor-andres-pichardo-rosenberg-como-presidente-hotel-casa-de-campo\/","og_locale":"es_ES","og_type":"article","og_title":"Designan al Se\u00f1or Andr\u00e9s Pichardo Rosenberg como presidente Hotel Casa de Campo | Casa de Campo Living","og_description":"La Romana, Rep\u00fablica Dominicana.- El Comit\u00e9 Ejecutivo de Central Romana Corporation, Ltd. anunci\u00f3 la designaci\u00f3n del se\u00f1or Andr\u00e9s Pichardo Rosenberg como","og_url":"https:\/\/casadecampoliving.com\/es\/designan-al-senor-andres-pichardo-rosenberg-como-presidente-hotel-casa-de-campo\/","og_site_name":"Casa de Campo Living","article_publisher":"https:\/\/www.facebook.com\/casadecampoliving","article_published_time":"2016-11-21T04:00:00+00:00","article_modified_time":"2022-10-21T23:07:47+00:00","og_image":[{"width":1000,"height":650,"url":"https:\/\/i0.wp.com\/casadecampoliving.com\/wp-content\/uploads\/2022\/10\/Andres_Pichardo_Rosenberg_Casa_de_Campo_president-e1479748875916.jpg?fit=1000%2C650&ssl=1","type":"image\/jpeg"}],"author":"Casa de Campo Resort","twitter_card":"summary_large_image","twitter_creator":"@cdcliving","twitter_site":"@cdcliving","twitter_misc":{"Escrito por":"Casa de Campo Resort","Tiempo de lectura":"2 minutos"},"schema":{"@context":"https:\/\/schema.org","@graph":[{"@type":"Article","@id":"https:\/\/casadecampoliving.com\/es\/designan-al-senor-andres-pichardo-rosenberg-como-presidente-hotel-casa-de-campo\/#article","isPartOf":{"@id":"https:\/\/casadecampoliving.com\/es\/designan-al-senor-andres-pichardo-rosenberg-como-presidente-hotel-casa-de-campo\/"},"author":{"name":"Casa de Campo Resort","@id":"https:\/\/casadecampoliving.com\/es\/#\/schema\/person\/52642ac476979f209529cc58bb6c9787"},"headline":"Designan al Se\u00f1or Andr\u00e9s Pichardo Rosenberg como presidente Hotel Casa de Campo","datePublished":"2016-11-21T04:00:00+00:00","dateModified":"2022-10-21T23:07:47+00:00","mainEntityOfPage":{"@id":"https:\/\/casadecampoliving.com\/es\/designan-al-senor-andres-pichardo-rosenberg-como-presidente-hotel-casa-de-campo\/"},"wordCount":397,"publisher":{"@id":"https:\/\/casadecampoliving.com\/es\/#organization"},"image":{"@id":"https:\/\/casadecampoliving.com\/es\/designan-al-senor-andres-pichardo-rosenberg-como-presidente-hotel-casa-de-campo\/#primaryimage"},"thumbnailUrl":"https:\/\/i0.wp.com\/casadecampoliving.com\/wp-content\/uploads\/2022\/10\/Andres_Pichardo_Rosenberg_Casa_de_Campo_president-e1479748875916.jpg?fit=1000%2C650&ssl=1","keywords":["Andr\u00e9s Pichardo Rosenberg @es","casa de campo @es","Featured-TopView @es"],"articleSection":["Noticias Locales","Rep\u00fablica Dominicana @es","Resort Casa de Campo","Titulares"],"inLanguage":"es"},{"@type":"WebPage","@id":"https:\/\/casadecampoliving.com\/es\/designan-al-senor-andres-pichardo-rosenberg-como-presidente-hotel-casa-de-campo\/","url":"https:\/\/casadecampoliving.com\/es\/designan-al-senor-andres-pichardo-rosenberg-como-presidente-hotel-casa-de-campo\/","name":"Designan al Se\u00f1or Andr\u00e9s Pichardo Rosenberg como presidente Hotel Casa de Campo | Casa de Campo Living","isPartOf":{"@id":"https:\/\/casadecampoliving.com\/es\/#website"},"primaryImageOfPage":{"@id":"https:\/\/casadecampoliving.com\/es\/designan-al-senor-andres-pichardo-rosenberg-como-presidente-hotel-casa-de-campo\/#primaryimage"},"image":{"@id":"https:\/\/casadecampoliving.com\/es\/designan-al-senor-andres-pichardo-rosenberg-como-presidente-hotel-casa-de-campo\/#primaryimage"},"thumbnailUrl":"https:\/\/i0.wp.com\/casadecampoliving.com\/wp-content\/uploads\/2022\/10\/Andres_Pichardo_Rosenberg_Casa_de_Campo_president-e1479748875916.jpg?fit=1000%2C650&ssl=1","datePublished":"2016-11-21T04:00:00+00:00","dateModified":"2022-10-21T23:07:47+00:00","description":"La Romana, Rep\u00fablica Dominicana.- El Comit\u00e9 Ejecutivo de Central Romana Corporation, Ltd. anunci\u00f3 la designaci\u00f3n del se\u00f1or Andr\u00e9s Pichardo Rosenberg como","breadcrumb":{"@id":"https:\/\/casadecampoliving.com\/es\/designan-al-senor-andres-pichardo-rosenberg-como-presidente-hotel-casa-de-campo\/#breadcrumb"},"inLanguage":"es","potentialAction":[{"@type":"ReadAction","target":["https:\/\/casadecampoliving.com\/es\/designan-al-senor-andres-pichardo-rosenberg-como-presidente-hotel-casa-de-campo\/"]}]},{"@type":"ImageObject","inLanguage":"es","@id":"https:\/\/casadecampoliving.com\/es\/designan-al-senor-andres-pichardo-rosenberg-como-presidente-hotel-casa-de-campo\/#primaryimage","url":"https:\/\/i0.wp.com\/casadecampoliving.com\/wp-content\/uploads\/2022\/10\/Andres_Pichardo_Rosenberg_Casa_de_Campo_president-e1479748875916.jpg?fit=1000%2C650&ssl=1","contentUrl":"https:\/\/i0.wp.com\/casadecampoliving.com\/wp-content\/uploads\/2022\/10\/Andres_Pichardo_Rosenberg_Casa_de_Campo_president-e1479748875916.jpg?fit=1000%2C650&ssl=1","width":1000,"height":650,"caption":"Andres Pichardo Rosenberg, president of Casa de Campo Resort & Villas"},{"@type":"BreadcrumbList","@id":"https:\/\/casadecampoliving.com\/es\/designan-al-senor-andres-pichardo-rosenberg-como-presidente-hotel-casa-de-campo\/#breadcrumb","itemListElement":[{"@type":"ListItem","position":1,"name":"Home","item":"https:\/\/casadecampoliving.com\/es\/"},{"@type":"ListItem","position":2,"name":"Designan al Se\u00f1or Andr\u00e9s Pichardo Rosenberg como presidente Hotel Casa de Campo"}]},{"@type":"WebSite","@id":"https:\/\/casadecampoliving.com\/es\/#website","url":"https:\/\/casadecampoliving.com\/es\/","name":"Casa de Campo Living","description":"Resort community news and resources.","publisher":{"@id":"https:\/\/casadecampoliving.com\/es\/#organization"},"potentialAction":[{"@type":"SearchAction","target":{"@type":"EntryPoint","urlTemplate":"https:\/\/casadecampoliving.com\/es\/?s={search_term_string}"},"query-input":{"@type":"PropertyValueSpecification","valueRequired":true,"valueName":"search_term_string"}}],"inLanguage":"es"},{"@type":"Organization","@id":"https:\/\/casadecampoliving.com\/es\/#organization","name":"Casa de Campo Living","url":"https:\/\/casadecampoliving.com\/es\/","logo":{"@type":"ImageObject","inLanguage":"es","@id":"https:\/\/casadecampoliving.com\/es\/#\/schema\/logo\/image\/","url":"https:\/\/i0.wp.com\/casadecampoliving.com\/wp-content\/uploads\/2022\/07\/CDCLivingLogo_V1-white-sized.png?fit=800%2C214&ssl=1","contentUrl":"https:\/\/i0.wp.com\/casadecampoliving.com\/wp-content\/uploads\/2022\/07\/CDCLivingLogo_V1-white-sized.png?fit=800%2C214&ssl=1","width":800,"height":214,"caption":"Casa de Campo Living"},"image":{"@id":"https:\/\/casadecampoliving.com\/es\/#\/schema\/logo\/image\/"},"sameAs":["https:\/\/www.facebook.com\/casadecampoliving","https:\/\/x.com\/cdcliving"]},{"@type":"Person","@id":"https:\/\/casadecampoliving.com\/es\/#\/schema\/person\/52642ac476979f209529cc58bb6c9787","name":"Casa de Campo Resort","image":{"@type":"ImageObject","inLanguage":"es","@id":"https:\/\/secure.gravatar.com\/avatar\/630e193f5d6de4142cc28292ac77a3b7ec1b8b66d948ac83f36a80720ef224d5?s=96&d=mm&r=g","url":"https:\/\/secure.gravatar.com\/avatar\/630e193f5d6de4142cc28292ac77a3b7ec1b8b66d948ac83f36a80720ef224d5?s=96&d=mm&r=g","contentUrl":"https:\/\/secure.gravatar.com\/avatar\/630e193f5d6de4142cc28292ac77a3b7ec1b8b66d948ac83f36a80720ef224d5?s=96&d=mm&r=g","caption":"Casa de Campo Resort"},"url":"https:\/\/casadecampoliving.com\/es\/author\/cdc\/"}]}},"parsely":{"version":"1.1.0","canonical_url":"https:\/\/casadecampoliving.com\/es\/designan-al-senor-andres-pichardo-rosenberg-como-presidente-hotel-casa-de-campo\/","smart_links":{"inbound":0,"outbound":0},"traffic_boost_suggestions_count":0,"meta":{"@context":"https:\/\/schema.org","@type":"NewsArticle","headline":"Designan al Se\u00f1or Andr\u00e9s Pichardo Rosenberg como presidente Hotel Casa de Campo","url":"http:\/\/casadecampoliving.com\/es\/designan-al-senor-andres-pichardo-rosenberg-como-presidente-hotel-casa-de-campo\/","mainEntityOfPage":{"@type":"WebPage","@id":"http:\/\/casadecampoliving.com\/es\/designan-al-senor-andres-pichardo-rosenberg-como-presidente-hotel-casa-de-campo\/"},"thumbnailUrl":"https:\/\/i0.wp.com\/casadecampoliving.com\/wp-content\/uploads\/2022\/10\/Andres_Pichardo_Rosenberg_Casa_de_Campo_president-e1479748875916.jpg?resize=150%2C150&ssl=1","image":{"@type":"ImageObject","url":"https:\/\/i0.wp.com\/casadecampoliving.com\/wp-content\/uploads\/2022\/10\/Andres_Pichardo_Rosenberg_Casa_de_Campo_president-e1479748875916.jpg?fit=1000%2C650&ssl=1"},"articleSection":"Noticias Locales","author":[{"@type":"Person","name":"Casa de Campo Resort"}],"creator":["Casa de Campo Resort"],"publisher":{"@type":"Organization","name":"Casa de Campo Living","logo":"https:\/\/casadecampoliving.com\/wp-content\/uploads\/2022\/07\/CDCLivingLogo_V1-white-sized.png"},"keywords":["andr\u00e9s pichardo rosenberg @es","casa de campo @es","featured-topview @es"],"dateCreated":"2016-11-21T04:00:00Z","datePublished":"2016-11-21T04:00:00Z","dateModified":"2022-10-21T23:07:47Z"},"rendered":"<script type=\"application\/ld+json\" class=\"wp-parsely-metadata\">{\"@context\":\"https:\\\/\\\/schema.org\",\"@type\":\"NewsArticle\",\"headline\":\"Designan al Se\\u00f1or Andr\\u00e9s Pichardo Rosenberg como presidente Hotel Casa de Campo\",\"url\":\"http:\\\/\\\/casadecampoliving.com\\\/es\\\/designan-al-senor-andres-pichardo-rosenberg-como-presidente-hotel-casa-de-campo\\\/\",\"mainEntityOfPage\":{\"@type\":\"WebPage\",\"@id\":\"http:\\\/\\\/casadecampoliving.com\\\/es\\\/designan-al-senor-andres-pichardo-rosenberg-como-presidente-hotel-casa-de-campo\\\/\"},\"thumbnailUrl\":\"https:\\\/\\\/i0.wp.com\\\/casadecampoliving.com\\\/wp-content\\\/uploads\\\/2022\\\/10\\\/Andres_Pichardo_Rosenberg_Casa_de_Campo_president-e1479748875916.jpg?resize=150%2C150&ssl=1\",\"image\":{\"@type\":\"ImageObject\",\"url\":\"https:\\\/\\\/i0.wp.com\\\/casadecampoliving.com\\\/wp-content\\\/uploads\\\/2022\\\/10\\\/Andres_Pichardo_Rosenberg_Casa_de_Campo_president-e1479748875916.jpg?fit=1000%2C650&ssl=1\"},\"articleSection\":\"Noticias Locales\",\"author\":[{\"@type\":\"Person\",\"name\":\"Casa de Campo Resort\"}],\"creator\":[\"Casa de Campo Resort\"],\"publisher\":{\"@type\":\"Organization\",\"name\":\"Casa de Campo Living\",\"logo\":\"https:\\\/\\\/casadecampoliving.com\\\/wp-content\\\/uploads\\\/2022\\\/07\\\/CDCLivingLogo_V1-white-sized.png\"},\"keywords\":[\"andr\\u00e9s pichardo rosenberg @es\",\"casa de campo @es\",\"featured-topview @es\"],\"dateCreated\":\"2016-11-21T04:00:00Z\",\"datePublished\":\"2016-11-21T04:00:00Z\",\"dateModified\":\"2022-10-21T23:07:47Z\"}<\/script>","tracker_url":"https:\/\/cdn.parsely.com\/keys\/casadecampoliving.com\/p.js"},"jetpack_publicize_connections":[],"jetpack_featured_media_url":"https:\/\/i0.wp.com\/casadecampoliving.com\/wp-content\/uploads\/2022\/10\/Andres_Pichardo_Rosenberg_Casa_de_Campo_president-e1479748875916.jpg?fit=1000%2C650&ssl=1","jetpack-related-posts":[{"id":433460,"url":"https:\/\/casadecampoliving.com\/es\/no-se-pierdan-el-increible-tributo-a-frank-sinatra-para-celebrar-el-40-aniversario-del-anfiteatro-altos-de-chavon\/","url_meta":{"origin":350827,"position":0},"title":"No se pierdan el incre\u00edble tributo a Frank Sinatra para celebrar el 40 aniversario del\u00a0Anfiteatro Altos de Chav\u00f3n","author":"Casa de Campo Living","date":"20 Oct, 2022","format":false,"excerpt":"Siendo uno de los escenarios m\u00e1s emblem\u00e1ticos del pa\u00eds, Casa de Campo Resort\u00ae & Villas celebra las cuatro d\u00e9cadas de aniversario de Altos de Chav\u00f3n con un tributo al gran Frank Sinatra, protagonizado por artistas invitados y una big band tal cual la que acompa\u00f1\u00f3 al artista hace 40 a\u00f1os\u2026","rel":"","context":"En \u00abUncategorized @es\u00bb","block_context":{"text":"Uncategorized @es","link":"https:\/\/casadecampoliving.com\/es\/category\/uncategorized-es\/"},"img":{"alt_text":"","src":"https:\/\/i0.wp.com\/casadecampoliving.com\/wp-content\/uploads\/2022\/10\/Tributo-Frank-Sinatra-Foto-Principal-Amaury-Sanchez-Danilo-Ginebra-Andres-Pichardo-y-Jose-Gabriel-Perez-.jpg?fit=1200%2C873&ssl=1&resize=350%2C200","width":350,"height":200,"srcset":"https:\/\/i0.wp.com\/casadecampoliving.com\/wp-content\/uploads\/2022\/10\/Tributo-Frank-Sinatra-Foto-Principal-Amaury-Sanchez-Danilo-Ginebra-Andres-Pichardo-y-Jose-Gabriel-Perez-.jpg?fit=1200%2C873&ssl=1&resize=350%2C200 1x, https:\/\/i0.wp.com\/casadecampoliving.com\/wp-content\/uploads\/2022\/10\/Tributo-Frank-Sinatra-Foto-Principal-Amaury-Sanchez-Danilo-Ginebra-Andres-Pichardo-y-Jose-Gabriel-Perez-.jpg?fit=1200%2C873&ssl=1&resize=525%2C300 1.5x, https:\/\/i0.wp.com\/casadecampoliving.com\/wp-content\/uploads\/2022\/10\/Tributo-Frank-Sinatra-Foto-Principal-Amaury-Sanchez-Danilo-Ginebra-Andres-Pichardo-y-Jose-Gabriel-Perez-.jpg?fit=1200%2C873&ssl=1&resize=700%2C400 2x, https:\/\/i0.wp.com\/casadecampoliving.com\/wp-content\/uploads\/2022\/10\/Tributo-Frank-Sinatra-Foto-Principal-Amaury-Sanchez-Danilo-Ginebra-Andres-Pichardo-y-Jose-Gabriel-Perez-.jpg?fit=1200%2C873&ssl=1&resize=1050%2C600 3x"},"classes":[]},{"id":540752,"url":"https:\/\/casadecampoliving.com\/es\/asociacion-de-hoteles-de-la-romana-bayahibe-anuncia-el-xii-torneo-de-golf-la-romana\/","url_meta":{"origin":350827,"position":1},"title":"Asociaci\u00f3n de Hoteles de La Romana-Bayahibe Anuncia el XII Torneo de Golf La Romana","author":"Casa de Campo Living","date":"3 May, 2025","format":false,"excerpt":"El XII Torneo de Golf La Romana se jugar\u00e1 el s\u00e1bado 31 de mayo de 2025 en el reconocido campo The Links dentro de Casa de Campo Resort & Villas. El evento reunir\u00e1 a m\u00e1s de 100 participantes para un d\u00eda de golf competitivo con causa, adem\u00e1s de rendir homenaje\u2026","rel":"","context":"En \u00abCasa de Campo Resort &amp; Villas\u00bb","block_context":{"text":"Casa de Campo Resort &amp; Villas","link":"https:\/\/casadecampoliving.com\/es\/category\/casa-de-campo-resort-villas\/"},"img":{"alt_text":"","src":"https:\/\/i0.wp.com\/casadecampoliving.com\/wp-content\/uploads\/2025\/05\/Armando-y-Andres-Pichardo.jpg?fit=1200%2C800&ssl=1&resize=350%2C200","width":350,"height":200,"srcset":"https:\/\/i0.wp.com\/casadecampoliving.com\/wp-content\/uploads\/2025\/05\/Armando-y-Andres-Pichardo.jpg?fit=1200%2C800&ssl=1&resize=350%2C200 1x, https:\/\/i0.wp.com\/casadecampoliving.com\/wp-content\/uploads\/2025\/05\/Armando-y-Andres-Pichardo.jpg?fit=1200%2C800&ssl=1&resize=525%2C300 1.5x, https:\/\/i0.wp.com\/casadecampoliving.com\/wp-content\/uploads\/2025\/05\/Armando-y-Andres-Pichardo.jpg?fit=1200%2C800&ssl=1&resize=700%2C400 2x, https:\/\/i0.wp.com\/casadecampoliving.com\/wp-content\/uploads\/2025\/05\/Armando-y-Andres-Pichardo.jpg?fit=1200%2C800&ssl=1&resize=1050%2C600 3x"},"classes":[]},{"id":541210,"url":"https:\/\/casadecampoliving.com\/es\/finaliza-con-exito-el-xii-torneo-de-golf-la-romana-dedicado-a-andres-pichardo-rosenberg\/","url_meta":{"origin":350827,"position":2},"title":"Finaliza con \u00e9xito el XII Torneo de Golf La Romana dedicado a Andr\u00e9s Pichardo Rosenberg","author":"Mairobi Herrera","date":"3 Jun, 2025","format":false,"excerpt":"La Asociaci\u00f3n de Hoteles La Romana Bayahibe concluy\u00f3 con \u00e9xito el pasado fin de semana la duod\u00e9cima edici\u00f3n del Torneo de Golf La Romana, celebrada en honor a Andr\u00e9s Pichardo Rosenberg, presidente de Casa de Campo Resort & Villas. El torneo, bajo el formato Scramble en pareja, propici\u00f3 una jornada\u2026","rel":"","context":"En \u00abCasa de Campo Resort &amp; Villas\u00bb","block_context":{"text":"Casa de Campo Resort &amp; Villas","link":"https:\/\/casadecampoliving.com\/es\/category\/casa-de-campo-resort-villas\/"},"img":{"alt_text":"","src":"https:\/\/i0.wp.com\/casadecampoliving.com\/wp-content\/uploads\/2025\/06\/FN3A7046-1-scaled.jpg?fit=1200%2C800&ssl=1&resize=350%2C200","width":350,"height":200,"srcset":"https:\/\/i0.wp.com\/casadecampoliving.com\/wp-content\/uploads\/2025\/06\/FN3A7046-1-scaled.jpg?fit=1200%2C800&ssl=1&resize=350%2C200 1x, https:\/\/i0.wp.com\/casadecampoliving.com\/wp-content\/uploads\/2025\/06\/FN3A7046-1-scaled.jpg?fit=1200%2C800&ssl=1&resize=525%2C300 1.5x, https:\/\/i0.wp.com\/casadecampoliving.com\/wp-content\/uploads\/2025\/06\/FN3A7046-1-scaled.jpg?fit=1200%2C800&ssl=1&resize=700%2C400 2x, https:\/\/i0.wp.com\/casadecampoliving.com\/wp-content\/uploads\/2025\/06\/FN3A7046-1-scaled.jpg?fit=1200%2C800&ssl=1&resize=1050%2C600 3x"},"classes":[]},{"id":354198,"url":"https:\/\/casadecampoliving.com\/es\/con-la-presencia-del-presidente-abinader-casa-de-campo-anuncia-el-inicio-de-la-ampliacion-de-su-renombrado-hotel\/","url_meta":{"origin":350827,"position":3},"title":"Con la presencia del Presidente Luis Abinader, Casa de Campo anuncia el inicio de la ampliaci\u00f3n de su renombrado hotel","author":"Casa de Campo Living","date":"15 Nov, 2021","format":false,"excerpt":"El pasado s\u00e1bado, 13 de noviembre en una actividad realizada en Casa de Campo Resort & Villas y con la presencia del Presidente Luis Abinader; el se\u00f1or David Collado, Ministro de Turismo; se\u00f1or Andr\u00e9s Pichardo Rosenberg, Presidente de Casa de Campo Resort; y los principales ejecutivos de la Corporaci\u00f3n Central\u2026","rel":"","context":"En \u00abCasa de Campo Living @es\u00bb","block_context":{"text":"Casa de Campo Living @es","link":"https:\/\/casadecampoliving.com\/category\/casa-de-campo-living-es\/"},"img":{"alt_text":"","src":"https:\/\/i0.wp.com\/casadecampoliving.com\/wp-content\/uploads\/2022\/10\/EJ4B6562-1.jpg?fit=1000%2C667&ssl=1&resize=350%2C200","width":350,"height":200,"srcset":"https:\/\/i0.wp.com\/casadecampoliving.com\/wp-content\/uploads\/2022\/10\/EJ4B6562-1.jpg?fit=1000%2C667&ssl=1&resize=350%2C200 1x, https:\/\/i0.wp.com\/casadecampoliving.com\/wp-content\/uploads\/2022\/10\/EJ4B6562-1.jpg?fit=1000%2C667&ssl=1&resize=525%2C300 1.5x, https:\/\/i0.wp.com\/casadecampoliving.com\/wp-content\/uploads\/2022\/10\/EJ4B6562-1.jpg?fit=1000%2C667&ssl=1&resize=700%2C400 2x"},"classes":[]},{"id":351020,"url":"https:\/\/casadecampoliving.com\/es\/casa-de-campo-resort-anuncia-nuevas-designaciones-promociones-y-novedades\/","url_meta":{"origin":350827,"position":4},"title":"Casa de Campo Resort anuncia nuevas designaciones, promociones y novedades","author":"Casa de Campo Resort","date":"16 Ene, 2017","format":false,"excerpt":"Durante un c\u00f3ctel celebrado en Santo Domingo, en compa\u00f1\u00eda de distinguidas personalidades del sector tur\u00edstico, Casa de Campo Resort & Villas present\u00f3 de manera oficial a Andr\u00e9s Pichardo Rosenberg como su nuevo presidente. Pichardo Rosenberg, con una amplia experiencia en la industria tur\u00edstica nacional e internacional, regresa a su natal\u2026","rel":"","context":"En \u00abEventos\u00bb","block_context":{"text":"Eventos","link":"https:\/\/casadecampoliving.com\/es\/category\/eventos-es\/"},"img":{"alt_text":"","src":"https:\/\/i0.wp.com\/casadecampoliving.com\/wp-content\/uploads\/2022\/10\/Andres-Pichardo-Raemil-Tatis-y-Juan-Manuel-Marti%CC%81n-de-Oliva.jpg?fit=1000%2C667&ssl=1&resize=350%2C200","width":350,"height":200,"srcset":"https:\/\/i0.wp.com\/casadecampoliving.com\/wp-content\/uploads\/2022\/10\/Andres-Pichardo-Raemil-Tatis-y-Juan-Manuel-Marti%CC%81n-de-Oliva.jpg?fit=1000%2C667&ssl=1&resize=350%2C200 1x, https:\/\/i0.wp.com\/casadecampoliving.com\/wp-content\/uploads\/2022\/10\/Andres-Pichardo-Raemil-Tatis-y-Juan-Manuel-Marti%CC%81n-de-Oliva.jpg?fit=1000%2C667&ssl=1&resize=525%2C300 1.5x, https:\/\/i0.wp.com\/casadecampoliving.com\/wp-content\/uploads\/2022\/10\/Andres-Pichardo-Raemil-Tatis-y-Juan-Manuel-Marti%CC%81n-de-Oliva.jpg?fit=1000%2C667&ssl=1&resize=700%2C400 2x"},"classes":[]},{"id":353607,"url":"https:\/\/casadecampoliving.com\/es\/casa-de-campo-inaugura-su-nuevo-moderno-centro-de-eventos-y-convenciones-marina-riverside\/","url_meta":{"origin":350827,"position":5},"title":"Casa de Campo inaugura su nuevo moderno centro de eventos y convenciones Marina Riverside","author":"Casa de Campo Living","date":"22 Nov, 2019","format":false,"excerpt":"El Presidente Danilo Medina dej\u00f3 inaugurado el nuevo y moderno Marina Riverside Center, un centro de eventos y convenciones ubicado en La Marina de Casa de Campo, con dominantes vistas hacia el R\u00edo Chav\u00f3n y el Mar Caribe. La obra con capacidad para 1,360 personas cuenta con todas las facilidades\u2026","rel":"","context":"En \u00abbusinesses\u00bb","block_context":{"text":"businesses","link":"https:\/\/casadecampoliving.com\/es\/category\/businesses\/"},"img":{"alt_text":"","src":"https:\/\/i0.wp.com\/casadecampoliving.com\/wp-content\/uploads\/2022\/10\/EJ4B4055.jpg?fit=1000%2C619&ssl=1&resize=350%2C200","width":350,"height":200,"srcset":"https:\/\/i0.wp.com\/casadecampoliving.com\/wp-content\/uploads\/2022\/10\/EJ4B4055.jpg?fit=1000%2C619&ssl=1&resize=350%2C200 1x, https:\/\/i0.wp.com\/casadecampoliving.com\/wp-content\/uploads\/2022\/10\/EJ4B4055.jpg?fit=1000%2C619&ssl=1&resize=525%2C300 1.5x, https:\/\/i0.wp.com\/casadecampoliving.com\/wp-content\/uploads\/2022\/10\/EJ4B4055.jpg?fit=1000%2C619&ssl=1&resize=700%2C400 2x"},"classes":[]}],"jetpack_sharing_enabled":true,"_links":{"self":[{"href":"https:\/\/casadecampoliving.com\/es\/wp-json\/wp\/v2\/posts\/350827","targetHints":{"allow":["GET"]}}],"collection":[{"href":"https:\/\/casadecampoliving.com\/es\/wp-json\/wp\/v2\/posts"}],"about":[{"href":"https:\/\/casadecampoliving.com\/es\/wp-json\/wp\/v2\/types\/post"}],"author":[{"embeddable":true,"href":"https:\/\/casadecampoliving.com\/es\/wp-json\/wp\/v2\/users\/36675"}],"replies":[{"embeddable":true,"href":"https:\/\/casadecampoliving.com\/es\/wp-json\/wp\/v2\/comments?post=350827"}],"version-history":[{"count":0,"href":"https:\/\/casadecampoliving.com\/es\/wp-json\/wp\/v2\/posts\/350827\/revisions"}],"wp:featuredmedia":[{"embeddable":true,"href":"https:\/\/casadecampoliving.com\/es\/wp-json\/wp\/v2\/media\/313880"}],"wp:attachment":[{"href":"https:\/\/casadecampoliving.com\/es\/wp-json\/wp\/v2\/media?parent=350827"}],"wp:term":[{"taxonomy":"category","embeddable":true,"href":"https:\/\/casadecampoliving.com\/es\/wp-json\/wp\/v2\/categories?post=350827"},{"taxonomy":"post_tag","embeddable":true,"href":"https:\/\/casadecampoliving.com\/es\/wp-json\/wp\/v2\/tags?post=350827"},{"taxonomy":"newspack_spnsrs_tax","embeddable":true,"href":"https:\/\/casadecampoliving.com\/es\/wp-json\/wp\/v2\/newspack_spnsrs_tax?post=350827"}],"curies":[{"name":"wp","href":"https:\/\/api.w.org\/{rel}","templated":true}]}}