{"id":350825,"date":"2016-11-21T00:00:00","date_gmt":"2016-11-21T04:00:00","guid":{"rendered":"https:\/\/casadecampoliving.com\/cafe-de-la-leche-nos-animo-a-participar-en-casa-de-campo-corre\/"},"modified":"2022-11-10T10:31:23","modified_gmt":"2022-11-10T14:31:23","slug":"cafe-de-la-leche-nos-animo-a-participar-en-casa-de-campo-corre","status":"publish","type":"post","link":"https:\/\/casadecampoliving.com\/es\/cafe-de-la-leche-nos-animo-a-participar-en-casa-de-campo-corre\/","title":{"rendered":"\u00a1El Caf\u00e9 de la Leche nos anim\u00f3 a\u00fan m\u00e1s a participar en el Casa de Campo Corre!"},"content":{"rendered":"<p style=\"text-align: justify;\">Hab\u00eda mucho de qu\u00e9 hablar en esta \u00faltima edici\u00f3n del Caf\u00e9 de la Leche. Realizada en Punta Minitas 35A, los miembros de la comunidad de Caf\u00e9 de la Leche conversaban animadamente\u00a0con la Sra. Joyce Berman, quien hab\u00eda regresado recientemente de Manhattan. La energ\u00eda\u00a0magn\u00e9tica de la anfitriona hizo que olvid\u00e1ramos la tarde lluviosa.\n<!--more--><\/p>\n<img data-recalc-dims=\"1\" loading=\"lazy\" decoding=\"async\" class=\"size-full wp-image-128315 aligncenter\" src=\"https:\/\/i0.wp.com\/casadecampoliving.com\/wp-content\/uploads\/2022\/10\/DSC_0483-e1479735621279.jpg?resize=1000%2C667&#038;ssl=1\" alt=\"Caf\u00e9 de la Leche with Ms. Joyce Berman\" width=\"1000\" height=\"667\" \/>\n<p style=\"text-align: justify;\">El equipo de Casa de Campo Corre, Yoheidy S\u00e1nchez, Xioma Men\u00e9ndez, Sandra Alvarado, Anny Abreu y Alessandra Avanzini mostraron con orgullo sus camisetas \u00a0Casa de Campo Corre 2016, \u00a1las cuales por cierto quedaron excelentes! Su dise\u00f1o\u00a0y composici\u00f3n hacen que sean de larga duraci\u00f3n, \u00a1d\u00e1ndonos as\u00ed a\u00fan m\u00e1s razones para adquirir\u00a0nuestro boleto para la carrera! Todas est\u00e1n emocionadas por otra fant\u00e1stica carrera ya que atrae a muchos al\u00a0resort para apoyar a los ni\u00f1os de La Romana. <a href=\"https:\/\/casadecampoliving.com\/es\/casa-de-campo-corre-por-hogar-del-nino-2016\/\">\u00a1Vea el video promocional del marat\u00f3n de Casa de Campo aqu\u00ed!<\/a><\/p>\n<img data-recalc-dims=\"1\" loading=\"lazy\" decoding=\"async\" class=\"size-full wp-image-128317 aligncenter\" src=\"https:\/\/i0.wp.com\/casadecampoliving.com\/wp-content\/uploads\/2022\/10\/DSC_0451-e1479736020261.jpg?resize=1000%2C667&#038;ssl=1\" alt=\"Caf\u00e9 de la Leche with Ms. Joyce Berman\" width=\"1000\" height=\"667\" \/>\n<p style=\"text-align: justify;\">Vimos muchas caras familiares\u00a0entre los asistentes el viernes por la noche, incluyendo a Phyllis Berney <a href=\"https:\/\/casadecampoliving.com\/es\/tour-inspirador-del-hogar-del-nino-con-la-sra-phyllis-berney\/\">(haga clic aqu\u00ed para leer sobre nuestro recorrido del Hogar del Ni\u00f1o con ella)<\/a>, Marilyn Chattman, Merrilee Gagnon, Juanita Rodriguez y Erika Vilain adem\u00e1s de\u00a0muchas m\u00e1s. Los hu\u00e9spedes disfrutaron de\u00a0mini s\u00e1ndwiches, pastelitos, y galletas que fueron un \u00e9xito enorme entre los asistentes. Ya que\u00a0los eventos del Caf\u00e9 de la Leche aportan el 80% de la f\u00f3rmula y la leche necesaria para alimentar a los beb\u00e9s de la Sala\u00a0Cuna Hogar del Ni\u00f1o, les\u00a0animamos a estar atentos a la\u00a0pr\u00f3xima edici\u00f3n\u00a0para que pueda disfrutar de una\u00a0maravillosa velada con amigos mientras apoya una maravillosa causa.<\/p>\n<img data-recalc-dims=\"1\" loading=\"lazy\" decoding=\"async\" class=\"size-full wp-image-128318 aligncenter\" src=\"https:\/\/i0.wp.com\/casadecampoliving.com\/wp-content\/uploads\/2022\/10\/DSC_0552-e1479736270490.jpg?resize=1000%2C667&#038;ssl=1\" alt=\"Caf\u00e9 de la Leche with Ms. Joyce Berman\" width=\"1000\" height=\"667\" \/>\n\nVea la galer\u00eda de fotos de esta \u00faltima edici\u00f3n del Caf\u00e9 de la Leche, organizada por la Sra. Joyce Berman, presidenta del Adopt a Crib, tomadas el viernes 18 de noviembre por Mariana Heredia:\n\n\n<figure class=\"wp-block-gallery has-nested-images columns-default is-cropped wp-block-gallery-1 is-layout-flex wp-block-gallery-is-layout-flex\">\n<figure class=\"wp-block-image size-large\"><img data-recalc-dims=\"1\" loading=\"lazy\" decoding=\"async\" width=\"1000\" height=\"667\" data-id=\"464949\" src=\"https:\/\/i0.wp.com\/casadecampoliving.com\/wp-content\/uploads\/2022\/10\/DSC_0417-3.jpg?resize=1000%2C667&#038;ssl=1\" alt=\"\" class=\"wp-image-464949\" srcset=\"https:\/\/i0.wp.com\/casadecampoliving.com\/wp-content\/uploads\/2022\/10\/DSC_0417-3.jpg?w=1000&amp;ssl=1 1000w, https:\/\/i0.wp.com\/casadecampoliving.com\/wp-content\/uploads\/2022\/10\/DSC_0417-3.jpg?resize=300%2C200&amp;ssl=1 300w, https:\/\/i0.wp.com\/casadecampoliving.com\/wp-content\/uploads\/2022\/10\/DSC_0417-3.jpg?resize=768%2C512&amp;ssl=1 768w, https:\/\/i0.wp.com\/casadecampoliving.com\/wp-content\/uploads\/2022\/10\/DSC_0417-3.jpg?resize=400%2C267&amp;ssl=1 400w, https:\/\/i0.wp.com\/casadecampoliving.com\/wp-content\/uploads\/2022\/10\/DSC_0417-3.jpg?resize=706%2C471&amp;ssl=1 706w, https:\/\/i0.wp.com\/casadecampoliving.com\/wp-content\/uploads\/2022\/10\/DSC_0417-3.jpg?resize=150%2C100&amp;ssl=1 150w, https:\/\/i0.wp.com\/casadecampoliving.com\/wp-content\/uploads\/2022\/10\/DSC_0417-3.jpg?w=370&amp;ssl=1 370w\" sizes=\"auto, (max-width: 1000px) 100vw, 1000px\" \/><\/figure>\n\n\n\n<figure class=\"wp-block-image size-large\"><img data-recalc-dims=\"1\" loading=\"lazy\" decoding=\"async\" width=\"824\" height=\"1000\" data-id=\"464976\" src=\"https:\/\/i0.wp.com\/casadecampoliving.com\/wp-content\/uploads\/2022\/10\/DSC_0420-1.jpg?resize=824%2C1000&#038;ssl=1\" alt=\"\" class=\"wp-image-464976\" srcset=\"https:\/\/i0.wp.com\/casadecampoliving.com\/wp-content\/uploads\/2022\/10\/DSC_0420-1.jpg?w=824&amp;ssl=1 824w, https:\/\/i0.wp.com\/casadecampoliving.com\/wp-content\/uploads\/2022\/10\/DSC_0420-1.jpg?resize=247%2C300&amp;ssl=1 247w, https:\/\/i0.wp.com\/casadecampoliving.com\/wp-content\/uploads\/2022\/10\/DSC_0420-1.jpg?resize=768%2C932&amp;ssl=1 768w, https:\/\/i0.wp.com\/casadecampoliving.com\/wp-content\/uploads\/2022\/10\/DSC_0420-1.jpg?resize=400%2C485&amp;ssl=1 400w, https:\/\/i0.wp.com\/casadecampoliving.com\/wp-content\/uploads\/2022\/10\/DSC_0420-1.jpg?resize=706%2C857&amp;ssl=1 706w, https:\/\/i0.wp.com\/casadecampoliving.com\/wp-content\/uploads\/2022\/10\/DSC_0420-1.jpg?resize=150%2C182&amp;ssl=1 150w, https:\/\/i0.wp.com\/casadecampoliving.com\/wp-content\/uploads\/2022\/10\/DSC_0420-1.jpg?w=370&amp;ssl=1 370w\" sizes=\"auto, (max-width: 824px) 100vw, 824px\" \/><\/figure>\n\n\n\n<figure class=\"wp-block-image size-large\"><img data-recalc-dims=\"1\" loading=\"lazy\" decoding=\"async\" width=\"1000\" height=\"667\" data-id=\"464992\" src=\"https:\/\/i0.wp.com\/casadecampoliving.com\/wp-content\/uploads\/2022\/10\/DSC_0441-4.jpg?resize=1000%2C667&#038;ssl=1\" alt=\"\" class=\"wp-image-464992\" srcset=\"https:\/\/i0.wp.com\/casadecampoliving.com\/wp-content\/uploads\/2022\/10\/DSC_0441-4.jpg?w=1000&amp;ssl=1 1000w, https:\/\/i0.wp.com\/casadecampoliving.com\/wp-content\/uploads\/2022\/10\/DSC_0441-4.jpg?resize=300%2C200&amp;ssl=1 300w, https:\/\/i0.wp.com\/casadecampoliving.com\/wp-content\/uploads\/2022\/10\/DSC_0441-4.jpg?resize=768%2C512&amp;ssl=1 768w, https:\/\/i0.wp.com\/casadecampoliving.com\/wp-content\/uploads\/2022\/10\/DSC_0441-4.jpg?resize=400%2C267&amp;ssl=1 400w, https:\/\/i0.wp.com\/casadecampoliving.com\/wp-content\/uploads\/2022\/10\/DSC_0441-4.jpg?resize=706%2C471&amp;ssl=1 706w, https:\/\/i0.wp.com\/casadecampoliving.com\/wp-content\/uploads\/2022\/10\/DSC_0441-4.jpg?resize=150%2C100&amp;ssl=1 150w, https:\/\/i0.wp.com\/casadecampoliving.com\/wp-content\/uploads\/2022\/10\/DSC_0441-4.jpg?w=370&amp;ssl=1 370w\" sizes=\"auto, (max-width: 1000px) 100vw, 1000px\" \/><\/figure>\n\n\n\n<figure class=\"wp-block-image size-large\"><img data-recalc-dims=\"1\" loading=\"lazy\" decoding=\"async\" width=\"1000\" height=\"914\" data-id=\"465013\" src=\"https:\/\/i0.wp.com\/casadecampoliving.com\/wp-content\/uploads\/2022\/10\/DSC_0458-2.jpg?resize=1000%2C914&#038;ssl=1\" alt=\"\" class=\"wp-image-465013\" srcset=\"https:\/\/i0.wp.com\/casadecampoliving.com\/wp-content\/uploads\/2022\/10\/DSC_0458-2.jpg?w=1000&amp;ssl=1 1000w, https:\/\/i0.wp.com\/casadecampoliving.com\/wp-content\/uploads\/2022\/10\/DSC_0458-2.jpg?resize=300%2C274&amp;ssl=1 300w, https:\/\/i0.wp.com\/casadecampoliving.com\/wp-content\/uploads\/2022\/10\/DSC_0458-2.jpg?resize=768%2C702&amp;ssl=1 768w, https:\/\/i0.wp.com\/casadecampoliving.com\/wp-content\/uploads\/2022\/10\/DSC_0458-2.jpg?resize=400%2C366&amp;ssl=1 400w, https:\/\/i0.wp.com\/casadecampoliving.com\/wp-content\/uploads\/2022\/10\/DSC_0458-2.jpg?resize=706%2C645&amp;ssl=1 706w, https:\/\/i0.wp.com\/casadecampoliving.com\/wp-content\/uploads\/2022\/10\/DSC_0458-2.jpg?resize=150%2C137&amp;ssl=1 150w, https:\/\/i0.wp.com\/casadecampoliving.com\/wp-content\/uploads\/2022\/10\/DSC_0458-2.jpg?w=370&amp;ssl=1 370w\" sizes=\"auto, (max-width: 1000px) 100vw, 1000px\" \/><\/figure>\n\n\n\n<figure class=\"wp-block-image size-large\"><img data-recalc-dims=\"1\" loading=\"lazy\" decoding=\"async\" width=\"1000\" height=\"667\" data-id=\"465036\" src=\"https:\/\/i0.wp.com\/casadecampoliving.com\/wp-content\/uploads\/2022\/10\/DSC_0461-1.jpg?resize=1000%2C667&#038;ssl=1\" alt=\"\" class=\"wp-image-465036\" srcset=\"https:\/\/i0.wp.com\/casadecampoliving.com\/wp-content\/uploads\/2022\/10\/DSC_0461-1.jpg?w=1000&amp;ssl=1 1000w, https:\/\/i0.wp.com\/casadecampoliving.com\/wp-content\/uploads\/2022\/10\/DSC_0461-1.jpg?resize=300%2C200&amp;ssl=1 300w, https:\/\/i0.wp.com\/casadecampoliving.com\/wp-content\/uploads\/2022\/10\/DSC_0461-1.jpg?resize=768%2C512&amp;ssl=1 768w, https:\/\/i0.wp.com\/casadecampoliving.com\/wp-content\/uploads\/2022\/10\/DSC_0461-1.jpg?resize=400%2C267&amp;ssl=1 400w, https:\/\/i0.wp.com\/casadecampoliving.com\/wp-content\/uploads\/2022\/10\/DSC_0461-1.jpg?resize=706%2C471&amp;ssl=1 706w, https:\/\/i0.wp.com\/casadecampoliving.com\/wp-content\/uploads\/2022\/10\/DSC_0461-1.jpg?resize=150%2C100&amp;ssl=1 150w, https:\/\/i0.wp.com\/casadecampoliving.com\/wp-content\/uploads\/2022\/10\/DSC_0461-1.jpg?w=370&amp;ssl=1 370w\" sizes=\"auto, (max-width: 1000px) 100vw, 1000px\" \/><\/figure>\n\n\n\n<figure class=\"wp-block-image size-large\"><img data-recalc-dims=\"1\" loading=\"lazy\" decoding=\"async\" width=\"1000\" height=\"667\" data-id=\"465055\" src=\"https:\/\/i0.wp.com\/casadecampoliving.com\/wp-content\/uploads\/2022\/10\/DSC_0471-1.jpg?resize=1000%2C667&#038;ssl=1\" alt=\"\" class=\"wp-image-465055\" srcset=\"https:\/\/i0.wp.com\/casadecampoliving.com\/wp-content\/uploads\/2022\/10\/DSC_0471-1.jpg?w=1000&amp;ssl=1 1000w, https:\/\/i0.wp.com\/casadecampoliving.com\/wp-content\/uploads\/2022\/10\/DSC_0471-1.jpg?resize=300%2C200&amp;ssl=1 300w, https:\/\/i0.wp.com\/casadecampoliving.com\/wp-content\/uploads\/2022\/10\/DSC_0471-1.jpg?resize=768%2C512&amp;ssl=1 768w, https:\/\/i0.wp.com\/casadecampoliving.com\/wp-content\/uploads\/2022\/10\/DSC_0471-1.jpg?resize=400%2C267&amp;ssl=1 400w, https:\/\/i0.wp.com\/casadecampoliving.com\/wp-content\/uploads\/2022\/10\/DSC_0471-1.jpg?resize=706%2C471&amp;ssl=1 706w, https:\/\/i0.wp.com\/casadecampoliving.com\/wp-content\/uploads\/2022\/10\/DSC_0471-1.jpg?resize=150%2C100&amp;ssl=1 150w, https:\/\/i0.wp.com\/casadecampoliving.com\/wp-content\/uploads\/2022\/10\/DSC_0471-1.jpg?w=370&amp;ssl=1 370w\" sizes=\"auto, (max-width: 1000px) 100vw, 1000px\" \/><\/figure>\n\n\n\n<figure class=\"wp-block-image size-large\"><img data-recalc-dims=\"1\" loading=\"lazy\" decoding=\"async\" width=\"1000\" height=\"667\" data-id=\"465080\" src=\"https:\/\/i0.wp.com\/casadecampoliving.com\/wp-content\/uploads\/2022\/10\/DSC_0475-3.jpg?resize=1000%2C667&#038;ssl=1\" alt=\"\" class=\"wp-image-465080\" srcset=\"https:\/\/i0.wp.com\/casadecampoliving.com\/wp-content\/uploads\/2022\/10\/DSC_0475-3.jpg?w=1000&amp;ssl=1 1000w, https:\/\/i0.wp.com\/casadecampoliving.com\/wp-content\/uploads\/2022\/10\/DSC_0475-3.jpg?resize=300%2C200&amp;ssl=1 300w, https:\/\/i0.wp.com\/casadecampoliving.com\/wp-content\/uploads\/2022\/10\/DSC_0475-3.jpg?resize=768%2C512&amp;ssl=1 768w, https:\/\/i0.wp.com\/casadecampoliving.com\/wp-content\/uploads\/2022\/10\/DSC_0475-3.jpg?resize=400%2C267&amp;ssl=1 400w, https:\/\/i0.wp.com\/casadecampoliving.com\/wp-content\/uploads\/2022\/10\/DSC_0475-3.jpg?resize=706%2C471&amp;ssl=1 706w, https:\/\/i0.wp.com\/casadecampoliving.com\/wp-content\/uploads\/2022\/10\/DSC_0475-3.jpg?resize=150%2C100&amp;ssl=1 150w, https:\/\/i0.wp.com\/casadecampoliving.com\/wp-content\/uploads\/2022\/10\/DSC_0475-3.jpg?w=370&amp;ssl=1 370w\" sizes=\"auto, (max-width: 1000px) 100vw, 1000px\" \/><\/figure>\n\n\n\n<figure class=\"wp-block-image size-large\"><img data-recalc-dims=\"1\" loading=\"lazy\" decoding=\"async\" width=\"1000\" height=\"667\" data-id=\"465101\" src=\"https:\/\/i0.wp.com\/casadecampoliving.com\/wp-content\/uploads\/2022\/10\/DSC_0490-3.jpg?resize=1000%2C667&#038;ssl=1\" alt=\"\" class=\"wp-image-465101\" srcset=\"https:\/\/i0.wp.com\/casadecampoliving.com\/wp-content\/uploads\/2022\/10\/DSC_0490-3.jpg?w=1000&amp;ssl=1 1000w, https:\/\/i0.wp.com\/casadecampoliving.com\/wp-content\/uploads\/2022\/10\/DSC_0490-3.jpg?resize=300%2C200&amp;ssl=1 300w, https:\/\/i0.wp.com\/casadecampoliving.com\/wp-content\/uploads\/2022\/10\/DSC_0490-3.jpg?resize=768%2C512&amp;ssl=1 768w, https:\/\/i0.wp.com\/casadecampoliving.com\/wp-content\/uploads\/2022\/10\/DSC_0490-3.jpg?resize=400%2C267&amp;ssl=1 400w, https:\/\/i0.wp.com\/casadecampoliving.com\/wp-content\/uploads\/2022\/10\/DSC_0490-3.jpg?resize=706%2C471&amp;ssl=1 706w, https:\/\/i0.wp.com\/casadecampoliving.com\/wp-content\/uploads\/2022\/10\/DSC_0490-3.jpg?resize=150%2C100&amp;ssl=1 150w, https:\/\/i0.wp.com\/casadecampoliving.com\/wp-content\/uploads\/2022\/10\/DSC_0490-3.jpg?w=370&amp;ssl=1 370w\" sizes=\"auto, (max-width: 1000px) 100vw, 1000px\" \/><\/figure>\n\n\n\n<figure class=\"wp-block-image size-large\"><img data-recalc-dims=\"1\" loading=\"lazy\" decoding=\"async\" width=\"1000\" height=\"667\" data-id=\"465123\" src=\"https:\/\/i0.wp.com\/casadecampoliving.com\/wp-content\/uploads\/2022\/10\/DSC_0507-2.jpg?resize=1000%2C667&#038;ssl=1\" alt=\"\" class=\"wp-image-465123\" srcset=\"https:\/\/i0.wp.com\/casadecampoliving.com\/wp-content\/uploads\/2022\/10\/DSC_0507-2.jpg?w=1000&amp;ssl=1 1000w, https:\/\/i0.wp.com\/casadecampoliving.com\/wp-content\/uploads\/2022\/10\/DSC_0507-2.jpg?resize=300%2C200&amp;ssl=1 300w, https:\/\/i0.wp.com\/casadecampoliving.com\/wp-content\/uploads\/2022\/10\/DSC_0507-2.jpg?resize=768%2C512&amp;ssl=1 768w, https:\/\/i0.wp.com\/casadecampoliving.com\/wp-content\/uploads\/2022\/10\/DSC_0507-2.jpg?resize=400%2C267&amp;ssl=1 400w, https:\/\/i0.wp.com\/casadecampoliving.com\/wp-content\/uploads\/2022\/10\/DSC_0507-2.jpg?resize=706%2C471&amp;ssl=1 706w, https:\/\/i0.wp.com\/casadecampoliving.com\/wp-content\/uploads\/2022\/10\/DSC_0507-2.jpg?resize=150%2C100&amp;ssl=1 150w, https:\/\/i0.wp.com\/casadecampoliving.com\/wp-content\/uploads\/2022\/10\/DSC_0507-2.jpg?w=370&amp;ssl=1 370w\" sizes=\"auto, (max-width: 1000px) 100vw, 1000px\" \/><\/figure>\n\n\n\n<figure class=\"wp-block-image size-large\"><img data-recalc-dims=\"1\" loading=\"lazy\" decoding=\"async\" width=\"1000\" height=\"667\" data-id=\"465138\" src=\"https:\/\/i0.wp.com\/casadecampoliving.com\/wp-content\/uploads\/2022\/10\/DSC_0514-2.jpg?resize=1000%2C667&#038;ssl=1\" alt=\"\" class=\"wp-image-465138\" srcset=\"https:\/\/i0.wp.com\/casadecampoliving.com\/wp-content\/uploads\/2022\/10\/DSC_0514-2.jpg?w=1000&amp;ssl=1 1000w, https:\/\/i0.wp.com\/casadecampoliving.com\/wp-content\/uploads\/2022\/10\/DSC_0514-2.jpg?resize=300%2C200&amp;ssl=1 300w, https:\/\/i0.wp.com\/casadecampoliving.com\/wp-content\/uploads\/2022\/10\/DSC_0514-2.jpg?resize=768%2C512&amp;ssl=1 768w, https:\/\/i0.wp.com\/casadecampoliving.com\/wp-content\/uploads\/2022\/10\/DSC_0514-2.jpg?resize=400%2C267&amp;ssl=1 400w, https:\/\/i0.wp.com\/casadecampoliving.com\/wp-content\/uploads\/2022\/10\/DSC_0514-2.jpg?resize=706%2C471&amp;ssl=1 706w, https:\/\/i0.wp.com\/casadecampoliving.com\/wp-content\/uploads\/2022\/10\/DSC_0514-2.jpg?resize=150%2C100&amp;ssl=1 150w, https:\/\/i0.wp.com\/casadecampoliving.com\/wp-content\/uploads\/2022\/10\/DSC_0514-2.jpg?w=370&amp;ssl=1 370w\" sizes=\"auto, (max-width: 1000px) 100vw, 1000px\" \/><\/figure>\n\n\n\n<figure class=\"wp-block-image size-large\"><img data-recalc-dims=\"1\" loading=\"lazy\" decoding=\"async\" width=\"1000\" height=\"667\" data-id=\"465161\" src=\"https:\/\/i0.wp.com\/casadecampoliving.com\/wp-content\/uploads\/2022\/10\/DSC_0517-2.jpg?resize=1000%2C667&#038;ssl=1\" alt=\"\" class=\"wp-image-465161\" srcset=\"https:\/\/i0.wp.com\/casadecampoliving.com\/wp-content\/uploads\/2022\/10\/DSC_0517-2.jpg?w=1000&amp;ssl=1 1000w, https:\/\/i0.wp.com\/casadecampoliving.com\/wp-content\/uploads\/2022\/10\/DSC_0517-2.jpg?resize=300%2C200&amp;ssl=1 300w, https:\/\/i0.wp.com\/casadecampoliving.com\/wp-content\/uploads\/2022\/10\/DSC_0517-2.jpg?resize=768%2C512&amp;ssl=1 768w, https:\/\/i0.wp.com\/casadecampoliving.com\/wp-content\/uploads\/2022\/10\/DSC_0517-2.jpg?resize=400%2C267&amp;ssl=1 400w, https:\/\/i0.wp.com\/casadecampoliving.com\/wp-content\/uploads\/2022\/10\/DSC_0517-2.jpg?resize=706%2C471&amp;ssl=1 706w, https:\/\/i0.wp.com\/casadecampoliving.com\/wp-content\/uploads\/2022\/10\/DSC_0517-2.jpg?resize=150%2C100&amp;ssl=1 150w, https:\/\/i0.wp.com\/casadecampoliving.com\/wp-content\/uploads\/2022\/10\/DSC_0517-2.jpg?w=370&amp;ssl=1 370w\" sizes=\"auto, (max-width: 1000px) 100vw, 1000px\" \/><\/figure>\n\n\n\n<figure class=\"wp-block-image size-large\"><img data-recalc-dims=\"1\" loading=\"lazy\" decoding=\"async\" width=\"1000\" height=\"667\" data-id=\"465183\" src=\"https:\/\/i0.wp.com\/casadecampoliving.com\/wp-content\/uploads\/2022\/10\/DSC_0532.jpg?resize=1000%2C667&#038;ssl=1\" alt=\"\" class=\"wp-image-465183\" srcset=\"https:\/\/i0.wp.com\/casadecampoliving.com\/wp-content\/uploads\/2022\/10\/DSC_0532.jpg?w=1000&amp;ssl=1 1000w, https:\/\/i0.wp.com\/casadecampoliving.com\/wp-content\/uploads\/2022\/10\/DSC_0532.jpg?resize=300%2C200&amp;ssl=1 300w, https:\/\/i0.wp.com\/casadecampoliving.com\/wp-content\/uploads\/2022\/10\/DSC_0532.jpg?resize=768%2C512&amp;ssl=1 768w, https:\/\/i0.wp.com\/casadecampoliving.com\/wp-content\/uploads\/2022\/10\/DSC_0532.jpg?resize=400%2C267&amp;ssl=1 400w, https:\/\/i0.wp.com\/casadecampoliving.com\/wp-content\/uploads\/2022\/10\/DSC_0532.jpg?resize=706%2C471&amp;ssl=1 706w, https:\/\/i0.wp.com\/casadecampoliving.com\/wp-content\/uploads\/2022\/10\/DSC_0532.jpg?resize=150%2C100&amp;ssl=1 150w, https:\/\/i0.wp.com\/casadecampoliving.com\/wp-content\/uploads\/2022\/10\/DSC_0532.jpg?w=370&amp;ssl=1 370w\" sizes=\"auto, (max-width: 1000px) 100vw, 1000px\" \/><\/figure>\n\n\n\n<figure class=\"wp-block-image size-large\"><img data-recalc-dims=\"1\" loading=\"lazy\" decoding=\"async\" width=\"1000\" height=\"667\" data-id=\"465200\" src=\"https:\/\/i0.wp.com\/casadecampoliving.com\/wp-content\/uploads\/2022\/10\/DSC_0536-2.jpg?resize=1000%2C667&#038;ssl=1\" alt=\"\" class=\"wp-image-465200\" srcset=\"https:\/\/i0.wp.com\/casadecampoliving.com\/wp-content\/uploads\/2022\/10\/DSC_0536-2.jpg?w=1000&amp;ssl=1 1000w, https:\/\/i0.wp.com\/casadecampoliving.com\/wp-content\/uploads\/2022\/10\/DSC_0536-2.jpg?resize=300%2C200&amp;ssl=1 300w, https:\/\/i0.wp.com\/casadecampoliving.com\/wp-content\/uploads\/2022\/10\/DSC_0536-2.jpg?resize=768%2C512&amp;ssl=1 768w, https:\/\/i0.wp.com\/casadecampoliving.com\/wp-content\/uploads\/2022\/10\/DSC_0536-2.jpg?resize=400%2C267&amp;ssl=1 400w, https:\/\/i0.wp.com\/casadecampoliving.com\/wp-content\/uploads\/2022\/10\/DSC_0536-2.jpg?resize=706%2C471&amp;ssl=1 706w, https:\/\/i0.wp.com\/casadecampoliving.com\/wp-content\/uploads\/2022\/10\/DSC_0536-2.jpg?resize=150%2C100&amp;ssl=1 150w, https:\/\/i0.wp.com\/casadecampoliving.com\/wp-content\/uploads\/2022\/10\/DSC_0536-2.jpg?w=370&amp;ssl=1 370w\" sizes=\"auto, (max-width: 1000px) 100vw, 1000px\" \/><\/figure>\n\n\n\n<figure class=\"wp-block-image size-large\"><img data-recalc-dims=\"1\" loading=\"lazy\" decoding=\"async\" width=\"1000\" height=\"667\" data-id=\"465220\" src=\"https:\/\/i0.wp.com\/casadecampoliving.com\/wp-content\/uploads\/2022\/10\/DSC_0545-3.jpg?resize=1000%2C667&#038;ssl=1\" alt=\"\" class=\"wp-image-465220\" srcset=\"https:\/\/i0.wp.com\/casadecampoliving.com\/wp-content\/uploads\/2022\/10\/DSC_0545-3.jpg?w=1000&amp;ssl=1 1000w, https:\/\/i0.wp.com\/casadecampoliving.com\/wp-content\/uploads\/2022\/10\/DSC_0545-3.jpg?resize=300%2C200&amp;ssl=1 300w, https:\/\/i0.wp.com\/casadecampoliving.com\/wp-content\/uploads\/2022\/10\/DSC_0545-3.jpg?resize=768%2C512&amp;ssl=1 768w, https:\/\/i0.wp.com\/casadecampoliving.com\/wp-content\/uploads\/2022\/10\/DSC_0545-3.jpg?resize=400%2C267&amp;ssl=1 400w, https:\/\/i0.wp.com\/casadecampoliving.com\/wp-content\/uploads\/2022\/10\/DSC_0545-3.jpg?resize=706%2C471&amp;ssl=1 706w, https:\/\/i0.wp.com\/casadecampoliving.com\/wp-content\/uploads\/2022\/10\/DSC_0545-3.jpg?resize=150%2C100&amp;ssl=1 150w, https:\/\/i0.wp.com\/casadecampoliving.com\/wp-content\/uploads\/2022\/10\/DSC_0545-3.jpg?w=370&amp;ssl=1 370w\" sizes=\"auto, (max-width: 1000px) 100vw, 1000px\" \/><\/figure>\n\n\n\n<figure class=\"wp-block-image size-large\"><img data-recalc-dims=\"1\" loading=\"lazy\" decoding=\"async\" width=\"1000\" height=\"667\" data-id=\"465241\" src=\"https:\/\/i0.wp.com\/casadecampoliving.com\/wp-content\/uploads\/2022\/10\/DSC_0551-2.jpg?resize=1000%2C667&#038;ssl=1\" alt=\"\" class=\"wp-image-465241\" srcset=\"https:\/\/i0.wp.com\/casadecampoliving.com\/wp-content\/uploads\/2022\/10\/DSC_0551-2.jpg?w=1000&amp;ssl=1 1000w, https:\/\/i0.wp.com\/casadecampoliving.com\/wp-content\/uploads\/2022\/10\/DSC_0551-2.jpg?resize=300%2C200&amp;ssl=1 300w, https:\/\/i0.wp.com\/casadecampoliving.com\/wp-content\/uploads\/2022\/10\/DSC_0551-2.jpg?resize=768%2C512&amp;ssl=1 768w, https:\/\/i0.wp.com\/casadecampoliving.com\/wp-content\/uploads\/2022\/10\/DSC_0551-2.jpg?resize=400%2C267&amp;ssl=1 400w, https:\/\/i0.wp.com\/casadecampoliving.com\/wp-content\/uploads\/2022\/10\/DSC_0551-2.jpg?resize=706%2C471&amp;ssl=1 706w, https:\/\/i0.wp.com\/casadecampoliving.com\/wp-content\/uploads\/2022\/10\/DSC_0551-2.jpg?resize=150%2C100&amp;ssl=1 150w, https:\/\/i0.wp.com\/casadecampoliving.com\/wp-content\/uploads\/2022\/10\/DSC_0551-2.jpg?w=370&amp;ssl=1 370w\" sizes=\"auto, (max-width: 1000px) 100vw, 1000px\" \/><\/figure>\n<\/figure>\n\n<blockquote><b><img data-recalc-dims=\"1\" loading=\"lazy\" decoding=\"async\" class=\"size-full wp-image-128143 aligncenter\" src=\"https:\/\/i0.wp.com\/casadecampoliving.com\/wp-content\/uploads\/2022\/10\/Casa_de_Campo_Corre_2016-2.jpg?resize=960%2C960&#038;ssl=1\" sizes=\"auto, (max-width: 960px) 100vw, 960px\" srcset=\"https:\/\/casadecampoliving.com\/wp-content\/uploads\/2022\/10\/Casa_de_Campo_Corre_2016-2.jpg 960w, https:\/\/casadecampoliving.com\/wp-content\/uploads\/2022\/10\/Casa_de_Campo_Corre_2016-2.jpg 150w, https:\/\/casadecampoliving.com\/wp-content\/uploads\/2022\/10\/Casa_de_Campo_Corre_2016-2-300x300.jpg 300w, https:\/\/casadecampoliving.com\/wp-content\/uploads\/2022\/10\/Casa_de_Campo_Corre_2016-2.jpg 768w, https:\/\/casadecampoliving.com\/wp-content\/uploads\/2022\/10\/Casa_de_Campo_Corre_2016-2.jpg 80w\" alt=\"Casa de Campo Corre 2016\" width=\"960\" height=\"960\" \/><\/b>\n\n<b>Casa de Campo Corre<\/b>\n\n<b>Fecha:<\/b><span style=\"font-weight: 400;\">\u00a0Domingo 27 de noviembre<\/span>\n\n<b>Ubicaci\u00f3n:<\/b><span style=\"font-weight: 400;\"> Casa de Campo<\/span>\n\n<b>Para m\u00e1s informaci\u00f3n, contacte a:<\/b>\n\n<b>Tel: <\/b><span style=\"font-weight: 400;\">809-523-8901 \/ 809-556-3181<\/span>\n\n<b>Email: <\/b><a href=\"mailto:maraton@pbo.org.do\"><span style=\"font-weight: 400;\">maraton@pbo.org.do<\/span><\/a>\n\n<b>Inscr\u00edbase:<\/b> <a href=\"http:\/\/cdccorre.org\/en\/\"><span style=\"font-weight: 400;\">www.cdccorre.org<\/span><\/a>\n\n<i><span style=\"font-weight: 400;\">\u00a1Vea las reglas y regulaciones espec\u00edficas\u00a0en su sitio web!<\/span><\/i><\/blockquote>\n<blockquote><strong><a href=\"https:\/\/casadecampoliving.com\/hogardelnino\/\">The Hogar del Ni\u00f1o<\/a><\/strong>\n\n<img data-recalc-dims=\"1\" loading=\"lazy\" decoding=\"async\" class=\"alignright\" title=\"hogar_del_nino\" src=\"https:\/\/i0.wp.com\/casadecampoliving.com\/wp-content\/uploads\/2022\/10\/hogar_del_nino-28.jpg?resize=200%2C105&#038;ssl=1\" alt=\"hogar del nino \" width=\"200\" height=\"105\" \/>\n\nEl Hogar del Ni\u00f1o es un centro educacional y de cuidado para m\u00e1s de 1,500 ni\u00f1os, ubicado en el pueblo de La Romana, justo a las afueras de Casa de Campo. Ni\u00f1os que van desde los pocas semanas de nacidos hasta los 18 a\u00f1os de edad, son cuidados y educados a diario desde las 5:30am las 7pm.\n\nLa organizaci\u00f3n tambi\u00e9n provee educaci\u00f3n especial para ni\u00f1os especiales que padecen de ceguera o con limitaciones auditivas, al igual que una escuela vocacional en la que m\u00e1s de 235 estudiantes reciben educaci\u00f3n en las distintas \u00e1reas como: costura, preparaci\u00f3n industrial, mantenimiento e instalaci\u00f3n el\u00e9ctrica; manejo de programas de c\u00f3mputos.\n\n<strong>Comun\u00edquese con el Hogar del Ni\u00f1o al:\nTel:\u00a0<\/strong>(809) 523-8901<strong>\u00a0<\/strong>o al (809) 556-3181<strong>\nEmail:\u00a0<\/strong><a href=\"mailto:info@pbo.org.do\" target=\"_blank\" rel=\"noopener\">info@pbo.org.do<\/a><strong>\nSitio Web:\u00a0<\/strong><a href=\"http:\/\/pbo.org.do\/site\/es\/\" target=\"_blank\" rel=\"noopener\">pbo.org.do<\/a><\/blockquote>","protected":false},"excerpt":{"rendered":"<p>Hab\u00eda mucho de qu\u00e9 hablar en esta \u00faltima edici\u00f3n del Caf\u00e9 de la Leche. Realizada en Punta Minitas 35A, los miembros de la comunidad de Caf\u00e9 de la Leche conversaban animadamente\u00a0con la Sra. Joyce Berman, quien hab\u00eda regresado recientemente de Manhattan. La energ\u00eda\u00a0magn\u00e9tica de la anfitriona hizo que olvid\u00e1ramos la tarde lluviosa.<\/p>\n","protected":false},"author":36681,"featured_media":313849,"comment_status":"closed","ping_status":"closed","sticky":false,"template":"","format":"standard","meta":{"newspack_ads_suppress_ads":false,"newspack_popups_has_disabled_popups":false,"newspack_sponsor_sponsorship_scope":"","newspack_sponsor_native_byline_display":"inherit","newspack_sponsor_native_category_display":"inherit","newspack_sponsor_underwriter_style":"inherit","newspack_sponsor_underwriter_placement":"inherit","_newspack_byline_active":false,"_newspack_byline":"","newspack_hide_updated_date":false,"newspack_show_updated_date":false,"newspack_content_restriction_is_exempt":false,"newspack_featured_image_position":"","newspack_post_subtitle":"","newspack_article_summary_title":"Overview:","newspack_article_summary":"","_jetpack_memberships_contains_paid_content":false,"footnotes":"","jetpack_publicize_message":"","jetpack_publicize_feature_enabled":true,"jetpack_social_post_already_shared":false,"jetpack_social_options":{"image_generator_settings":{"template":"highway","default_image_id":0,"font":"","enabled":false},"version":2},"_wpas_customize_per_network":false},"categories":[2521,2522,14629,2516,14631,14625,2514,2498],"tags":[3970,3105,23755,5744,9026,4484,14736,8053],"newspack_spnsrs_tax":[],"class_list":["post-350825","post","type-post","status-publish","format-standard","has-post-thumbnail","hentry","category-republica-dominicana-2","category-eventos-es","category-comidas-bebidas","category-hogar-del-nino-es","category-estilo-de-vida","category-noticias-locales","category-fundaciones-es","category-uncategorized-es","tag-adopte-una-cuna","tag-alessandra-avanzini","tag-cafe-de-la-leche-es-5","tag-cafe-de-la-leche-es","tag-casa-de-campo-corre-es","tag-el-hogar-del-nino","tag-featured-topview-es","tag-phyllis-berney-es","entry"],"yoast_head":"<!-- This site is optimized with the Yoast SEO plugin v27.4 - https:\/\/yoast.com\/product\/yoast-seo-wordpress\/ -->\n<title>\u00a1El Caf\u00e9 de la Leche nos anim\u00f3 a\u00fan m\u00e1s a participar en el Casa de Campo Corre! | Casa de Campo Living<\/title>\n<meta name=\"description\" content=\"Hab\u00eda mucho de qu\u00e9 hablar en esta \u00faltima edici\u00f3n del Caf\u00e9 de la Leche. Realizada en Punta Minitas 35A, los miembros de la comunidad de Caf\u00e9 de la Leche\" \/>\n<meta name=\"robots\" content=\"index, follow, max-snippet:-1, max-image-preview:large, max-video-preview:-1\" \/>\n<link rel=\"canonical\" href=\"https:\/\/casadecampoliving.com\/es\/cafe-de-la-leche-nos-animo-a-participar-en-casa-de-campo-corre\/\" \/>\n<meta property=\"og:locale\" content=\"es_ES\" \/>\n<meta property=\"og:type\" content=\"article\" \/>\n<meta property=\"og:title\" content=\"\u00a1El Caf\u00e9 de la Leche nos anim\u00f3 a\u00fan m\u00e1s a participar en el Casa de Campo Corre! | Casa de Campo Living\" \/>\n<meta property=\"og:description\" content=\"Hab\u00eda mucho de qu\u00e9 hablar en esta \u00faltima edici\u00f3n del Caf\u00e9 de la Leche. Realizada en Punta Minitas 35A, los miembros de la comunidad de Caf\u00e9 de la Leche\" \/>\n<meta property=\"og:url\" content=\"https:\/\/casadecampoliving.com\/es\/cafe-de-la-leche-nos-animo-a-participar-en-casa-de-campo-corre\/\" \/>\n<meta property=\"og:site_name\" content=\"Casa de Campo Living\" \/>\n<meta property=\"article:publisher\" content=\"https:\/\/www.facebook.com\/casadecampoliving\" \/>\n<meta property=\"article:published_time\" content=\"2016-11-21T04:00:00+00:00\" \/>\n<meta property=\"article:modified_time\" content=\"2022-11-10T14:31:23+00:00\" \/>\n<meta property=\"og:image\" content=\"https:\/\/i0.wp.com\/casadecampoliving.com\/wp-content\/uploads\/2022\/10\/DSC_0425-e1479736430254.jpg?fit=1000%2C717&ssl=1\" \/>\n\t<meta property=\"og:image:width\" content=\"1000\" \/>\n\t<meta property=\"og:image:height\" content=\"717\" \/>\n\t<meta property=\"og:image:type\" content=\"image\/jpeg\" \/>\n<meta name=\"author\" content=\"Heather Lincoln\" \/>\n<meta name=\"twitter:card\" content=\"summary_large_image\" \/>\n<meta name=\"twitter:creator\" content=\"@cdcliving\" \/>\n<meta name=\"twitter:site\" content=\"@cdcliving\" \/>\n<meta name=\"twitter:label1\" content=\"Escrito por\" \/>\n\t<meta name=\"twitter:data1\" content=\"Heather Lincoln\" \/>\n\t<meta name=\"twitter:label2\" content=\"Tiempo de lectura\" \/>\n\t<meta name=\"twitter:data2\" content=\"3 minutos\" \/>\n<script type=\"application\/ld+json\" class=\"yoast-schema-graph\">{\"@context\":\"https:\\\/\\\/schema.org\",\"@graph\":[{\"@type\":\"Article\",\"@id\":\"https:\\\/\\\/casadecampoliving.com\\\/es\\\/cafe-de-la-leche-nos-animo-a-participar-en-casa-de-campo-corre\\\/#article\",\"isPartOf\":{\"@id\":\"https:\\\/\\\/casadecampoliving.com\\\/es\\\/cafe-de-la-leche-nos-animo-a-participar-en-casa-de-campo-corre\\\/\"},\"author\":{\"name\":\"Heather Lincoln\",\"@id\":\"https:\\\/\\\/casadecampoliving.com\\\/es\\\/#\\\/schema\\\/person\\\/e3abfc63c1478fd703266a6f33a3145d\"},\"headline\":\"\u00a1El Caf\u00e9 de la Leche nos anim\u00f3 a\u00fan m\u00e1s a participar en el Casa de Campo Corre!\",\"datePublished\":\"2016-11-21T04:00:00+00:00\",\"dateModified\":\"2022-11-10T14:31:23+00:00\",\"mainEntityOfPage\":{\"@id\":\"https:\\\/\\\/casadecampoliving.com\\\/es\\\/cafe-de-la-leche-nos-animo-a-participar-en-casa-de-campo-corre\\\/\"},\"wordCount\":531,\"publisher\":{\"@id\":\"https:\\\/\\\/casadecampoliving.com\\\/es\\\/#organization\"},\"image\":{\"@id\":\"https:\\\/\\\/casadecampoliving.com\\\/es\\\/cafe-de-la-leche-nos-animo-a-participar-en-casa-de-campo-corre\\\/#primaryimage\"},\"thumbnailUrl\":\"https:\\\/\\\/i0.wp.com\\\/casadecampoliving.com\\\/wp-content\\\/uploads\\\/2022\\\/10\\\/DSC_0425-e1479736430254.jpg?fit=1000%2C717&ssl=1\",\"keywords\":[\"adopte una cuna\",\"alessandra avanzini\",\"cafe de la leche\",\"cafe de la leche @es\",\"Casa de Campo Corre @es\",\"el hogar del nino\",\"Featured-TopView @es\",\"phyllis berney @es\"],\"articleSection\":[\"Rep\u00fablica Dominicana @es\",\"Eventos\",\"Comidas &amp; Bebidas\",\"Hogar del Ni\u00f1o @es\",\"Estilo de Vida\",\"Noticias Locales\",\"Fundaciones\",\"Uncategorized @es\"],\"inLanguage\":\"es\"},{\"@type\":\"WebPage\",\"@id\":\"https:\\\/\\\/casadecampoliving.com\\\/es\\\/cafe-de-la-leche-nos-animo-a-participar-en-casa-de-campo-corre\\\/\",\"url\":\"https:\\\/\\\/casadecampoliving.com\\\/es\\\/cafe-de-la-leche-nos-animo-a-participar-en-casa-de-campo-corre\\\/\",\"name\":\"\u00a1El Caf\u00e9 de la Leche nos anim\u00f3 a\u00fan m\u00e1s a participar en el Casa de Campo Corre! | Casa de Campo Living\",\"isPartOf\":{\"@id\":\"https:\\\/\\\/casadecampoliving.com\\\/es\\\/#website\"},\"primaryImageOfPage\":{\"@id\":\"https:\\\/\\\/casadecampoliving.com\\\/es\\\/cafe-de-la-leche-nos-animo-a-participar-en-casa-de-campo-corre\\\/#primaryimage\"},\"image\":{\"@id\":\"https:\\\/\\\/casadecampoliving.com\\\/es\\\/cafe-de-la-leche-nos-animo-a-participar-en-casa-de-campo-corre\\\/#primaryimage\"},\"thumbnailUrl\":\"https:\\\/\\\/i0.wp.com\\\/casadecampoliving.com\\\/wp-content\\\/uploads\\\/2022\\\/10\\\/DSC_0425-e1479736430254.jpg?fit=1000%2C717&ssl=1\",\"datePublished\":\"2016-11-21T04:00:00+00:00\",\"dateModified\":\"2022-11-10T14:31:23+00:00\",\"description\":\"Hab\u00eda mucho de qu\u00e9 hablar en esta \u00faltima edici\u00f3n del Caf\u00e9 de la Leche. Realizada en Punta Minitas 35A, los miembros de la comunidad de Caf\u00e9 de la Leche\",\"breadcrumb\":{\"@id\":\"https:\\\/\\\/casadecampoliving.com\\\/es\\\/cafe-de-la-leche-nos-animo-a-participar-en-casa-de-campo-corre\\\/#breadcrumb\"},\"inLanguage\":\"es\",\"potentialAction\":[{\"@type\":\"ReadAction\",\"target\":[\"https:\\\/\\\/casadecampoliving.com\\\/es\\\/cafe-de-la-leche-nos-animo-a-participar-en-casa-de-campo-corre\\\/\"]}]},{\"@type\":\"ImageObject\",\"inLanguage\":\"es\",\"@id\":\"https:\\\/\\\/casadecampoliving.com\\\/es\\\/cafe-de-la-leche-nos-animo-a-participar-en-casa-de-campo-corre\\\/#primaryimage\",\"url\":\"https:\\\/\\\/i0.wp.com\\\/casadecampoliving.com\\\/wp-content\\\/uploads\\\/2022\\\/10\\\/DSC_0425-e1479736430254.jpg?fit=1000%2C717&ssl=1\",\"contentUrl\":\"https:\\\/\\\/i0.wp.com\\\/casadecampoliving.com\\\/wp-content\\\/uploads\\\/2022\\\/10\\\/DSC_0425-e1479736430254.jpg?fit=1000%2C717&ssl=1\",\"width\":1000,\"height\":717,\"caption\":\"Caf\u00e9 de la Leche with Ms. Joyce Berman\"},{\"@type\":\"BreadcrumbList\",\"@id\":\"https:\\\/\\\/casadecampoliving.com\\\/es\\\/cafe-de-la-leche-nos-animo-a-participar-en-casa-de-campo-corre\\\/#breadcrumb\",\"itemListElement\":[{\"@type\":\"ListItem\",\"position\":1,\"name\":\"Home\",\"item\":\"https:\\\/\\\/casadecampoliving.com\\\/es\\\/\"},{\"@type\":\"ListItem\",\"position\":2,\"name\":\"\u00a1El Caf\u00e9 de la Leche nos anim\u00f3 a\u00fan m\u00e1s a participar en el Casa de Campo Corre!\"}]},{\"@type\":\"WebSite\",\"@id\":\"https:\\\/\\\/casadecampoliving.com\\\/es\\\/#website\",\"url\":\"https:\\\/\\\/casadecampoliving.com\\\/es\\\/\",\"name\":\"Casa de Campo Living\",\"description\":\"Resort community news and resources.\",\"publisher\":{\"@id\":\"https:\\\/\\\/casadecampoliving.com\\\/es\\\/#organization\"},\"potentialAction\":[{\"@type\":\"SearchAction\",\"target\":{\"@type\":\"EntryPoint\",\"urlTemplate\":\"https:\\\/\\\/casadecampoliving.com\\\/es\\\/?s={search_term_string}\"},\"query-input\":{\"@type\":\"PropertyValueSpecification\",\"valueRequired\":true,\"valueName\":\"search_term_string\"}}],\"inLanguage\":\"es\"},{\"@type\":\"Organization\",\"@id\":\"https:\\\/\\\/casadecampoliving.com\\\/es\\\/#organization\",\"name\":\"Casa de Campo Living\",\"url\":\"https:\\\/\\\/casadecampoliving.com\\\/es\\\/\",\"logo\":{\"@type\":\"ImageObject\",\"inLanguage\":\"es\",\"@id\":\"https:\\\/\\\/casadecampoliving.com\\\/es\\\/#\\\/schema\\\/logo\\\/image\\\/\",\"url\":\"https:\\\/\\\/i0.wp.com\\\/casadecampoliving.com\\\/wp-content\\\/uploads\\\/2022\\\/07\\\/CDCLivingLogo_V1-white-sized.png?fit=800%2C214&ssl=1\",\"contentUrl\":\"https:\\\/\\\/i0.wp.com\\\/casadecampoliving.com\\\/wp-content\\\/uploads\\\/2022\\\/07\\\/CDCLivingLogo_V1-white-sized.png?fit=800%2C214&ssl=1\",\"width\":800,\"height\":214,\"caption\":\"Casa de Campo Living\"},\"image\":{\"@id\":\"https:\\\/\\\/casadecampoliving.com\\\/es\\\/#\\\/schema\\\/logo\\\/image\\\/\"},\"sameAs\":[\"https:\\\/\\\/www.facebook.com\\\/casadecampoliving\",\"https:\\\/\\\/x.com\\\/cdcliving\"]},{\"@type\":\"Person\",\"@id\":\"https:\\\/\\\/casadecampoliving.com\\\/es\\\/#\\\/schema\\\/person\\\/e3abfc63c1478fd703266a6f33a3145d\",\"name\":\"Heather Lincoln\",\"image\":{\"@type\":\"ImageObject\",\"inLanguage\":\"es\",\"@id\":\"https:\\\/\\\/secure.gravatar.com\\\/avatar\\\/e8fc1ce4ad50385675908137b0d8d66be281d034bf072b4700460237638ea6d0?s=96&d=mm&r=g\",\"url\":\"https:\\\/\\\/secure.gravatar.com\\\/avatar\\\/e8fc1ce4ad50385675908137b0d8d66be281d034bf072b4700460237638ea6d0?s=96&d=mm&r=g\",\"contentUrl\":\"https:\\\/\\\/secure.gravatar.com\\\/avatar\\\/e8fc1ce4ad50385675908137b0d8d66be281d034bf072b4700460237638ea6d0?s=96&d=mm&r=g\",\"caption\":\"Heather Lincoln\"},\"url\":\"https:\\\/\\\/casadecampoliving.com\\\/es\\\/author\\\/hcastillo\\\/\"}]}<\/script>\n<!-- \/ Yoast SEO plugin. -->","yoast_head_json":{"title":"\u00a1El Caf\u00e9 de la Leche nos anim\u00f3 a\u00fan m\u00e1s a participar en el Casa de Campo Corre! | Casa de Campo Living","description":"Hab\u00eda mucho de qu\u00e9 hablar en esta \u00faltima edici\u00f3n del Caf\u00e9 de la Leche. Realizada en Punta Minitas 35A, los miembros de la comunidad de Caf\u00e9 de la Leche","robots":{"index":"index","follow":"follow","max-snippet":"max-snippet:-1","max-image-preview":"max-image-preview:large","max-video-preview":"max-video-preview:-1"},"canonical":"https:\/\/casadecampoliving.com\/es\/cafe-de-la-leche-nos-animo-a-participar-en-casa-de-campo-corre\/","og_locale":"es_ES","og_type":"article","og_title":"\u00a1El Caf\u00e9 de la Leche nos anim\u00f3 a\u00fan m\u00e1s a participar en el Casa de Campo Corre! | Casa de Campo Living","og_description":"Hab\u00eda mucho de qu\u00e9 hablar en esta \u00faltima edici\u00f3n del Caf\u00e9 de la Leche. Realizada en Punta Minitas 35A, los miembros de la comunidad de Caf\u00e9 de la Leche","og_url":"https:\/\/casadecampoliving.com\/es\/cafe-de-la-leche-nos-animo-a-participar-en-casa-de-campo-corre\/","og_site_name":"Casa de Campo Living","article_publisher":"https:\/\/www.facebook.com\/casadecampoliving","article_published_time":"2016-11-21T04:00:00+00:00","article_modified_time":"2022-11-10T14:31:23+00:00","og_image":[{"width":1000,"height":717,"url":"https:\/\/i0.wp.com\/casadecampoliving.com\/wp-content\/uploads\/2022\/10\/DSC_0425-e1479736430254.jpg?fit=1000%2C717&ssl=1","type":"image\/jpeg"}],"author":"Heather Lincoln","twitter_card":"summary_large_image","twitter_creator":"@cdcliving","twitter_site":"@cdcliving","twitter_misc":{"Escrito por":"Heather Lincoln","Tiempo de lectura":"3 minutos"},"schema":{"@context":"https:\/\/schema.org","@graph":[{"@type":"Article","@id":"https:\/\/casadecampoliving.com\/es\/cafe-de-la-leche-nos-animo-a-participar-en-casa-de-campo-corre\/#article","isPartOf":{"@id":"https:\/\/casadecampoliving.com\/es\/cafe-de-la-leche-nos-animo-a-participar-en-casa-de-campo-corre\/"},"author":{"name":"Heather Lincoln","@id":"https:\/\/casadecampoliving.com\/es\/#\/schema\/person\/e3abfc63c1478fd703266a6f33a3145d"},"headline":"\u00a1El Caf\u00e9 de la Leche nos anim\u00f3 a\u00fan m\u00e1s a participar en el Casa de Campo Corre!","datePublished":"2016-11-21T04:00:00+00:00","dateModified":"2022-11-10T14:31:23+00:00","mainEntityOfPage":{"@id":"https:\/\/casadecampoliving.com\/es\/cafe-de-la-leche-nos-animo-a-participar-en-casa-de-campo-corre\/"},"wordCount":531,"publisher":{"@id":"https:\/\/casadecampoliving.com\/es\/#organization"},"image":{"@id":"https:\/\/casadecampoliving.com\/es\/cafe-de-la-leche-nos-animo-a-participar-en-casa-de-campo-corre\/#primaryimage"},"thumbnailUrl":"https:\/\/i0.wp.com\/casadecampoliving.com\/wp-content\/uploads\/2022\/10\/DSC_0425-e1479736430254.jpg?fit=1000%2C717&ssl=1","keywords":["adopte una cuna","alessandra avanzini","cafe de la leche","cafe de la leche @es","Casa de Campo Corre @es","el hogar del nino","Featured-TopView @es","phyllis berney @es"],"articleSection":["Rep\u00fablica Dominicana @es","Eventos","Comidas &amp; Bebidas","Hogar del Ni\u00f1o @es","Estilo de Vida","Noticias Locales","Fundaciones","Uncategorized @es"],"inLanguage":"es"},{"@type":"WebPage","@id":"https:\/\/casadecampoliving.com\/es\/cafe-de-la-leche-nos-animo-a-participar-en-casa-de-campo-corre\/","url":"https:\/\/casadecampoliving.com\/es\/cafe-de-la-leche-nos-animo-a-participar-en-casa-de-campo-corre\/","name":"\u00a1El Caf\u00e9 de la Leche nos anim\u00f3 a\u00fan m\u00e1s a participar en el Casa de Campo Corre! | Casa de Campo Living","isPartOf":{"@id":"https:\/\/casadecampoliving.com\/es\/#website"},"primaryImageOfPage":{"@id":"https:\/\/casadecampoliving.com\/es\/cafe-de-la-leche-nos-animo-a-participar-en-casa-de-campo-corre\/#primaryimage"},"image":{"@id":"https:\/\/casadecampoliving.com\/es\/cafe-de-la-leche-nos-animo-a-participar-en-casa-de-campo-corre\/#primaryimage"},"thumbnailUrl":"https:\/\/i0.wp.com\/casadecampoliving.com\/wp-content\/uploads\/2022\/10\/DSC_0425-e1479736430254.jpg?fit=1000%2C717&ssl=1","datePublished":"2016-11-21T04:00:00+00:00","dateModified":"2022-11-10T14:31:23+00:00","description":"Hab\u00eda mucho de qu\u00e9 hablar en esta \u00faltima edici\u00f3n del Caf\u00e9 de la Leche. Realizada en Punta Minitas 35A, los miembros de la comunidad de Caf\u00e9 de la Leche","breadcrumb":{"@id":"https:\/\/casadecampoliving.com\/es\/cafe-de-la-leche-nos-animo-a-participar-en-casa-de-campo-corre\/#breadcrumb"},"inLanguage":"es","potentialAction":[{"@type":"ReadAction","target":["https:\/\/casadecampoliving.com\/es\/cafe-de-la-leche-nos-animo-a-participar-en-casa-de-campo-corre\/"]}]},{"@type":"ImageObject","inLanguage":"es","@id":"https:\/\/casadecampoliving.com\/es\/cafe-de-la-leche-nos-animo-a-participar-en-casa-de-campo-corre\/#primaryimage","url":"https:\/\/i0.wp.com\/casadecampoliving.com\/wp-content\/uploads\/2022\/10\/DSC_0425-e1479736430254.jpg?fit=1000%2C717&ssl=1","contentUrl":"https:\/\/i0.wp.com\/casadecampoliving.com\/wp-content\/uploads\/2022\/10\/DSC_0425-e1479736430254.jpg?fit=1000%2C717&ssl=1","width":1000,"height":717,"caption":"Caf\u00e9 de la Leche with Ms. Joyce Berman"},{"@type":"BreadcrumbList","@id":"https:\/\/casadecampoliving.com\/es\/cafe-de-la-leche-nos-animo-a-participar-en-casa-de-campo-corre\/#breadcrumb","itemListElement":[{"@type":"ListItem","position":1,"name":"Home","item":"https:\/\/casadecampoliving.com\/es\/"},{"@type":"ListItem","position":2,"name":"\u00a1El Caf\u00e9 de la Leche nos anim\u00f3 a\u00fan m\u00e1s a participar en el Casa de Campo Corre!"}]},{"@type":"WebSite","@id":"https:\/\/casadecampoliving.com\/es\/#website","url":"https:\/\/casadecampoliving.com\/es\/","name":"Casa de Campo Living","description":"Resort community news and resources.","publisher":{"@id":"https:\/\/casadecampoliving.com\/es\/#organization"},"potentialAction":[{"@type":"SearchAction","target":{"@type":"EntryPoint","urlTemplate":"https:\/\/casadecampoliving.com\/es\/?s={search_term_string}"},"query-input":{"@type":"PropertyValueSpecification","valueRequired":true,"valueName":"search_term_string"}}],"inLanguage":"es"},{"@type":"Organization","@id":"https:\/\/casadecampoliving.com\/es\/#organization","name":"Casa de Campo Living","url":"https:\/\/casadecampoliving.com\/es\/","logo":{"@type":"ImageObject","inLanguage":"es","@id":"https:\/\/casadecampoliving.com\/es\/#\/schema\/logo\/image\/","url":"https:\/\/i0.wp.com\/casadecampoliving.com\/wp-content\/uploads\/2022\/07\/CDCLivingLogo_V1-white-sized.png?fit=800%2C214&ssl=1","contentUrl":"https:\/\/i0.wp.com\/casadecampoliving.com\/wp-content\/uploads\/2022\/07\/CDCLivingLogo_V1-white-sized.png?fit=800%2C214&ssl=1","width":800,"height":214,"caption":"Casa de Campo Living"},"image":{"@id":"https:\/\/casadecampoliving.com\/es\/#\/schema\/logo\/image\/"},"sameAs":["https:\/\/www.facebook.com\/casadecampoliving","https:\/\/x.com\/cdcliving"]},{"@type":"Person","@id":"https:\/\/casadecampoliving.com\/es\/#\/schema\/person\/e3abfc63c1478fd703266a6f33a3145d","name":"Heather Lincoln","image":{"@type":"ImageObject","inLanguage":"es","@id":"https:\/\/secure.gravatar.com\/avatar\/e8fc1ce4ad50385675908137b0d8d66be281d034bf072b4700460237638ea6d0?s=96&d=mm&r=g","url":"https:\/\/secure.gravatar.com\/avatar\/e8fc1ce4ad50385675908137b0d8d66be281d034bf072b4700460237638ea6d0?s=96&d=mm&r=g","contentUrl":"https:\/\/secure.gravatar.com\/avatar\/e8fc1ce4ad50385675908137b0d8d66be281d034bf072b4700460237638ea6d0?s=96&d=mm&r=g","caption":"Heather Lincoln"},"url":"https:\/\/casadecampoliving.com\/es\/author\/hcastillo\/"}]}},"parsely":{"version":"1.1.0","canonical_url":"https:\/\/casadecampoliving.com\/es\/cafe-de-la-leche-nos-animo-a-participar-en-casa-de-campo-corre\/","smart_links":{"inbound":0,"outbound":0},"traffic_boost_suggestions_count":0,"meta":{"@context":"https:\/\/schema.org","@type":"NewsArticle","headline":"\u00a1El Caf\u00e9 de la Leche nos anim\u00f3 a\u00fan m\u00e1s a participar en el Casa de Campo Corre!","url":"http:\/\/casadecampoliving.com\/es\/cafe-de-la-leche-nos-animo-a-participar-en-casa-de-campo-corre\/","mainEntityOfPage":{"@type":"WebPage","@id":"http:\/\/casadecampoliving.com\/es\/cafe-de-la-leche-nos-animo-a-participar-en-casa-de-campo-corre\/"},"thumbnailUrl":"https:\/\/i0.wp.com\/casadecampoliving.com\/wp-content\/uploads\/2022\/10\/DSC_0425-e1479736430254.jpg?resize=150%2C150&ssl=1","image":{"@type":"ImageObject","url":"https:\/\/i0.wp.com\/casadecampoliving.com\/wp-content\/uploads\/2022\/10\/DSC_0425-e1479736430254.jpg?fit=1000%2C717&ssl=1"},"articleSection":"Rep\u00fablica Dominicana @es","author":[{"@type":"Person","name":"Heather Lincoln"}],"creator":["Heather Lincoln"],"publisher":{"@type":"Organization","name":"Casa de Campo Living","logo":"https:\/\/casadecampoliving.com\/wp-content\/uploads\/2022\/07\/CDCLivingLogo_V1-white-sized.png"},"keywords":["adopte una cuna","alessandra avanzini","cafe de la leche","cafe de la leche @es","casa de campo corre @es","el hogar del nino","featured-topview @es","phyllis berney @es"],"dateCreated":"2016-11-21T04:00:00Z","datePublished":"2016-11-21T04:00:00Z","dateModified":"2022-11-10T14:31:23Z"},"rendered":"<script type=\"application\/ld+json\" class=\"wp-parsely-metadata\">{\"@context\":\"https:\\\/\\\/schema.org\",\"@type\":\"NewsArticle\",\"headline\":\"\\u00a1El Caf\\u00e9 de la Leche nos anim\\u00f3 a\\u00fan m\\u00e1s a participar en el Casa de Campo Corre!\",\"url\":\"http:\\\/\\\/casadecampoliving.com\\\/es\\\/cafe-de-la-leche-nos-animo-a-participar-en-casa-de-campo-corre\\\/\",\"mainEntityOfPage\":{\"@type\":\"WebPage\",\"@id\":\"http:\\\/\\\/casadecampoliving.com\\\/es\\\/cafe-de-la-leche-nos-animo-a-participar-en-casa-de-campo-corre\\\/\"},\"thumbnailUrl\":\"https:\\\/\\\/i0.wp.com\\\/casadecampoliving.com\\\/wp-content\\\/uploads\\\/2022\\\/10\\\/DSC_0425-e1479736430254.jpg?resize=150%2C150&ssl=1\",\"image\":{\"@type\":\"ImageObject\",\"url\":\"https:\\\/\\\/i0.wp.com\\\/casadecampoliving.com\\\/wp-content\\\/uploads\\\/2022\\\/10\\\/DSC_0425-e1479736430254.jpg?fit=1000%2C717&ssl=1\"},\"articleSection\":\"Rep\\u00fablica Dominicana @es\",\"author\":[{\"@type\":\"Person\",\"name\":\"Heather Lincoln\"}],\"creator\":[\"Heather Lincoln\"],\"publisher\":{\"@type\":\"Organization\",\"name\":\"Casa de Campo Living\",\"logo\":\"https:\\\/\\\/casadecampoliving.com\\\/wp-content\\\/uploads\\\/2022\\\/07\\\/CDCLivingLogo_V1-white-sized.png\"},\"keywords\":[\"adopte una cuna\",\"alessandra avanzini\",\"cafe de la leche\",\"cafe de la leche @es\",\"casa de campo corre @es\",\"el hogar del nino\",\"featured-topview @es\",\"phyllis berney @es\"],\"dateCreated\":\"2016-11-21T04:00:00Z\",\"datePublished\":\"2016-11-21T04:00:00Z\",\"dateModified\":\"2022-11-10T14:31:23Z\"}<\/script>","tracker_url":"https:\/\/cdn.parsely.com\/keys\/casadecampoliving.com\/p.js"},"jetpack_publicize_connections":[],"jetpack_featured_media_url":"https:\/\/i0.wp.com\/casadecampoliving.com\/wp-content\/uploads\/2022\/10\/DSC_0425-e1479736430254.jpg?fit=1000%2C717&ssl=1","jetpack-related-posts":[{"id":328385,"url":"https:\/\/casadecampoliving.com\/cafe-de-la-leche-november-2016-joyce-berman\/","url_meta":{"origin":350825,"position":0},"title":"Caf\u00e9 de la Leche sets the spirit for the Casa de Campo Corre!","author":"Heather Lincoln","date":"21 Nov, 2016","format":false,"excerpt":"There was much to talk about at this past edition of Caf\u00e9 de la Leche. Held at Punta Minitas 35A, Caf\u00e9 de la Leche's community members quickly fell into conversations with Ms. Joyce Berman,\u00a0who had recently returned from Manhattan. The magnetic host was a bundle of energy that whisked away\u2026","rel":"","context":"En \u00abDominican Republic\u00bb","block_context":{"text":"Dominican Republic","link":"https:\/\/casadecampoliving.com\/category\/dominican-republic\/"},"img":{"alt_text":"Caf\u00e9 de la Leche with Ms. Joyce Berman","src":"https:\/\/i0.wp.com\/casadecampoliving.com\/wp-content\/uploads\/2022\/10\/DSC_0425-e1479736430254.jpg?fit=1000%2C717&ssl=1&resize=350%2C200","width":350,"height":200,"srcset":"https:\/\/i0.wp.com\/casadecampoliving.com\/wp-content\/uploads\/2022\/10\/DSC_0425-e1479736430254.jpg?fit=1000%2C717&ssl=1&resize=350%2C200 1x, https:\/\/i0.wp.com\/casadecampoliving.com\/wp-content\/uploads\/2022\/10\/DSC_0425-e1479736430254.jpg?fit=1000%2C717&ssl=1&resize=525%2C300 1.5x, https:\/\/i0.wp.com\/casadecampoliving.com\/wp-content\/uploads\/2022\/10\/DSC_0425-e1479736430254.jpg?fit=1000%2C717&ssl=1&resize=700%2C400 2x"},"classes":[]},{"id":346744,"url":"https:\/\/casadecampoliving.com\/es\/mucho-mas-que-un-cafe-de-la-leche-de-blanco-en-limoncello\/","url_meta":{"origin":350825,"position":1},"title":"Mucho m\u00e1s que un Caf\u00e9 de la Leche de blanco en Limoncello","author":"Felix Guerrero","date":"13 Feb, 2015","format":false,"excerpt":"El jueves 12 de febrero ya hora de otra edici\u00f3n de la famosa reuni\u00f3n en el Caf\u00e9 de la Leche - y fue, por mucho, \u00a1m\u00e1s que blanco! Aunque no se estableci\u00f3 un c\u00f3digo de vestimenta para \u00e9sta edici\u00f3n del Caf\u00e9 de la Leche, al parecer hab\u00eda alg\u00fan tipo de\u2026","rel":"","context":"En \u00abCasa de Campo Living @es\u00bb","block_context":{"text":"Casa de Campo Living @es","link":"https:\/\/casadecampoliving.com\/category\/casa-de-campo-living-es\/"},"img":{"alt_text":"Rocio Caraballo, Lauren Llenas, Adriana Feaugas, Erika Vilain, Alessandra Avanzini, Mapi Avanzini","src":"https:\/\/i0.wp.com\/casadecampoliving.com\/wp-content\/uploads\/2022\/10\/Rocio_Caraballo-Lauren_Llenas-Adriana_Feaugas-Erika_Vilain-Alessandra_Avanzini-Mapi_Avanzini-1.jpg?fit=650%2C397&ssl=1&resize=350%2C200","width":350,"height":200,"srcset":"https:\/\/i0.wp.com\/casadecampoliving.com\/wp-content\/uploads\/2022\/10\/Rocio_Caraballo-Lauren_Llenas-Adriana_Feaugas-Erika_Vilain-Alessandra_Avanzini-Mapi_Avanzini-1.jpg?fit=650%2C397&ssl=1&resize=350%2C200 1x, https:\/\/i0.wp.com\/casadecampoliving.com\/wp-content\/uploads\/2022\/10\/Rocio_Caraballo-Lauren_Llenas-Adriana_Feaugas-Erika_Vilain-Alessandra_Avanzini-Mapi_Avanzini-1.jpg?fit=650%2C397&ssl=1&resize=525%2C300 1.5x"},"classes":[]},{"id":325237,"url":"https:\/\/casadecampoliving.com\/cafe-de-la-leche-limoncello\/","url_meta":{"origin":350825,"position":2},"title":"Much more than all-white Caf\u00e9 de la Leche at Limoncello","author":"Rebecca Silvestri","date":"13 Feb, 2015","format":false,"excerpt":"On Thursday February 12th it was time for another edition of the famous Caf\u00e9 de la Leche gathering - and it was far more than all-white! Pun intended! Although there was no planned theme for this edition of the Caf\u00e9 de la Leche (that is in addition to the usual\u2026","rel":"","context":"En \u00abCasa de Campo Resort\u00bb","block_context":{"text":"Casa de Campo Resort","link":"https:\/\/casadecampoliving.com\/category\/casa-de-campo-resort\/"},"img":{"alt_text":"Rocio Caraballo, Lauren Llenas, Adriana Feaugas, Erika Vilain, Alessandra Avanzini, Mapi Avanzini","src":"https:\/\/i0.wp.com\/casadecampoliving.com\/wp-content\/uploads\/2022\/10\/Rocio_Caraballo-Lauren_Llenas-Adriana_Feaugas-Erika_Vilain-Alessandra_Avanzini-Mapi_Avanzini-1.jpg?fit=650%2C397&ssl=1&resize=350%2C200","width":350,"height":200,"srcset":"https:\/\/i0.wp.com\/casadecampoliving.com\/wp-content\/uploads\/2022\/10\/Rocio_Caraballo-Lauren_Llenas-Adriana_Feaugas-Erika_Vilain-Alessandra_Avanzini-Mapi_Avanzini-1.jpg?fit=650%2C397&ssl=1&resize=350%2C200 1x, https:\/\/i0.wp.com\/casadecampoliving.com\/wp-content\/uploads\/2022\/10\/Rocio_Caraballo-Lauren_Llenas-Adriana_Feaugas-Erika_Vilain-Alessandra_Avanzini-Mapi_Avanzini-1.jpg?fit=650%2C397&ssl=1&resize=525%2C300 1.5x"},"classes":[]},{"id":337247,"url":"https:\/\/casadecampoliving.com\/es\/cafe-de-la-leche-la-hermosa-historia-detras-de-la-labor-benefica-para-el-hogar-del-nino\/","url_meta":{"origin":350825,"position":3},"title":"\u201cCaf\u00e9 de la Leche\u201d: La hermosa historia detr\u00e1s de la labor ben\u00e9fica para el Hogar del Ni\u00f1o","author":"","date":"7 Dic, 2011","format":false,"excerpt":"\u00bfQui\u00e9n hubiera imaginado que una tarde de caf\u00e9 y de bocadillos se convertir\u00eda hoy en una de las actividades ben\u00e9ficas m\u00e1s populares y activas de La Romana? La idea fue propuesta por tres madres de familia que hace 10 a\u00f1os se conocieron en esta comunidad de La Romana. Fue as\u00ed\u2026","rel":"","context":"En \u00abDestacados\u00bb","block_context":{"text":"Destacados","link":"https:\/\/casadecampoliving.com\/es\/category\/destacados\/"},"img":{"alt_text":"","src":"https:\/\/i0.wp.com\/casadecampoliving.com\/wp-content\/uploads\/2022\/10\/cafe-de-la-leche-march-3.jpg?fit=575%2C359&ssl=1&resize=350%2C200","width":350,"height":200,"srcset":"https:\/\/i0.wp.com\/casadecampoliving.com\/wp-content\/uploads\/2022\/10\/cafe-de-la-leche-march-3.jpg?fit=575%2C359&ssl=1&resize=350%2C200 1x, https:\/\/i0.wp.com\/casadecampoliving.com\/wp-content\/uploads\/2022\/10\/cafe-de-la-leche-march-3.jpg?fit=575%2C359&ssl=1&resize=525%2C300 1.5x"},"classes":[]},{"id":320662,"url":"https:\/\/casadecampoliving.com\/the-history-of-the-cafe-de-la-leche-10-years-gathering-milk-supplies-for-the-hogar-del-nino\/","url_meta":{"origin":350825,"position":4},"title":"The History of the \u00abCaf\u00e9 de la Leche\u00bb &#8211; 10 years gathering milk supplies for the Hogar del Ni\u00f1o!","author":"","date":"7 Dic, 2011","format":false,"excerpt":"Who would have thought that a a cup of coffee and a few snacks shared between three ladies, would soon become one of the most active and popular fundraising activities in Casa de Campo La Romana? The now well-known monthly charity event, the \u201cCaf\u00e9 de La Leche\u201d for the Hogar\u2026","rel":"","context":"En \u00abBeyond Casa\u00bb","block_context":{"text":"Beyond Casa","link":"https:\/\/casadecampoliving.com\/category\/beyond-casa\/"},"img":{"alt_text":"","src":"https:\/\/i0.wp.com\/casadecampoliving.com\/wp-content\/uploads\/2022\/10\/cafe-de-la-leche-march-3.jpg?fit=575%2C359&ssl=1&resize=350%2C200","width":350,"height":200,"srcset":"https:\/\/i0.wp.com\/casadecampoliving.com\/wp-content\/uploads\/2022\/10\/cafe-de-la-leche-march-3.jpg?fit=575%2C359&ssl=1&resize=350%2C200 1x, https:\/\/i0.wp.com\/casadecampoliving.com\/wp-content\/uploads\/2022\/10\/cafe-de-la-leche-march-3.jpg?fit=575%2C359&ssl=1&resize=525%2C300 1.5x"},"classes":[]},{"id":327805,"url":"https:\/\/casadecampoliving.com\/cafe-de-la-leche-15th-anniversary-2\/","url_meta":{"origin":350825,"position":5},"title":"Caf\u00e9 de la Leche celebrates 15 years of ongoing support from the Casa de Campo community","author":"Heather Lincoln","date":"12 Sep, 2016","format":false,"excerpt":"Caf\u00e9 de la Leche events\u00a0continue to rise\u00a0in attendance as Casa de Campo ladies gather in support of the Hogar del Ni\u00f1o.\u00a0Last month's \"Ojal\u00e1 Victoria\" themed party\u00a0hosted by Malele Strofer brought in quite the crown, and this past\u00a0Thursday's celebration with\u00a0Amelia Pereyra was no exception either. It fell on\u00a0Caf\u00e9 de la Leche's\u2026","rel":"","context":"En \u00abEvents and Activities\u00bb","block_context":{"text":"Events and Activities","link":"https:\/\/casadecampoliving.com\/category\/events-and-activities\/"},"img":{"alt_text":"Caf\u00e9 de la Leche 15th Anniversary","src":"https:\/\/i0.wp.com\/casadecampoliving.com\/wp-content\/uploads\/2022\/10\/DSC_0888.jpg?fit=1000%2C667&ssl=1&resize=350%2C200","width":350,"height":200,"srcset":"https:\/\/i0.wp.com\/casadecampoliving.com\/wp-content\/uploads\/2022\/10\/DSC_0888.jpg?fit=1000%2C667&ssl=1&resize=350%2C200 1x, https:\/\/i0.wp.com\/casadecampoliving.com\/wp-content\/uploads\/2022\/10\/DSC_0888.jpg?fit=1000%2C667&ssl=1&resize=525%2C300 1.5x, https:\/\/i0.wp.com\/casadecampoliving.com\/wp-content\/uploads\/2022\/10\/DSC_0888.jpg?fit=1000%2C667&ssl=1&resize=700%2C400 2x"},"classes":[]}],"jetpack_sharing_enabled":true,"_links":{"self":[{"href":"https:\/\/casadecampoliving.com\/es\/wp-json\/wp\/v2\/posts\/350825","targetHints":{"allow":["GET"]}}],"collection":[{"href":"https:\/\/casadecampoliving.com\/es\/wp-json\/wp\/v2\/posts"}],"about":[{"href":"https:\/\/casadecampoliving.com\/es\/wp-json\/wp\/v2\/types\/post"}],"author":[{"embeddable":true,"href":"https:\/\/casadecampoliving.com\/es\/wp-json\/wp\/v2\/users\/36681"}],"replies":[{"embeddable":true,"href":"https:\/\/casadecampoliving.com\/es\/wp-json\/wp\/v2\/comments?post=350825"}],"version-history":[{"count":2,"href":"https:\/\/casadecampoliving.com\/es\/wp-json\/wp\/v2\/posts\/350825\/revisions"}],"predecessor-version":[{"id":506831,"href":"https:\/\/casadecampoliving.com\/es\/wp-json\/wp\/v2\/posts\/350825\/revisions\/506831"}],"wp:featuredmedia":[{"embeddable":true,"href":"https:\/\/casadecampoliving.com\/es\/wp-json\/wp\/v2\/media\/313849"}],"wp:attachment":[{"href":"https:\/\/casadecampoliving.com\/es\/wp-json\/wp\/v2\/media?parent=350825"}],"wp:term":[{"taxonomy":"category","embeddable":true,"href":"https:\/\/casadecampoliving.com\/es\/wp-json\/wp\/v2\/categories?post=350825"},{"taxonomy":"post_tag","embeddable":true,"href":"https:\/\/casadecampoliving.com\/es\/wp-json\/wp\/v2\/tags?post=350825"},{"taxonomy":"newspack_spnsrs_tax","embeddable":true,"href":"https:\/\/casadecampoliving.com\/es\/wp-json\/wp\/v2\/newspack_spnsrs_tax?post=350825"}],"curies":[{"name":"wp","href":"https:\/\/api.w.org\/{rel}","templated":true}]}}