{"id":350812,"date":"2016-11-15T00:00:00","date_gmt":"2016-11-15T04:00:00","guid":{"rendered":"https:\/\/casadecampoliving.com\/dos-exposiciones-unicas-llegan-la-aldea-cultural-santa-rosa-delima-este-viernes\/"},"modified":"2022-10-21T19:06:40","modified_gmt":"2022-10-21T23:06:40","slug":"dos-exposiciones-unicas-llegan-la-aldea-cultural-santa-rosa-delima-este-viernes","status":"publish","type":"post","link":"https:\/\/casadecampoliving.com\/es\/dos-exposiciones-unicas-llegan-la-aldea-cultural-santa-rosa-delima-este-viernes\/","title":{"rendered":"Dos exposiciones unicas llegan a la Aldea Cultural Santa Rosa de Lima este viernes"},"content":{"rendered":"\n<p>El 18 de noviembre a las 7:00pm, la Aldea Cultural Santa Rosa de Lima, dirigida por la dise\u00f1adora dominicana Jenny Polanco, abrir\u00e1 dos nuevas exposiciones:DISE\u00d1AN\u00cdA \u2013 Dise\u00f1o + Artesania&nbsp;\u2013 y GUANEANDO presentadas por el Centro Cultural de Espa\u00f1a y el Instituto Tecnol\u00f3gico de Santo Domingo (INTEC).Ambas exposiciones formaron parte de la Bienal de Dise\u00f1o DRD que se celebr\u00f3 en Santo Domingo y no s\u00f3lo muestran, sino que reconocen la importancia de unir el dise\u00f1o y la artesan\u00eda para el desarrollo de nuevos productos innovadores realizados con materiales y manufactura nacional y por tanto de la marca\/pa\u00eds.<\/p>\n\n\n\n<p><\/p>\n\n\n\n<!--more-->\n\n\n\n<p>En <em>Dise\u00f1an\u00eda<\/em> un nutrido grupo de dise\u00f1adores mostrar\u00e1n sus dise\u00f1os realizados con materiales y t\u00e9cnicas artesanales. En esta exposici\u00f3n se podr\u00e1n apreciar trabajos de Zagarella, Joao Rodr\u00edguez, Vainillas, Jenny Polanco, <a href=\"https:\/\/casadecampoliving.com\/es\/descuentos-en-tiendas-altos-de-chavon-fall-fest\/\">Los Tejedores y La Buena Fe<\/a>. Jenny Polanco es miembro de nuestra comunidad desde hace mucho tiempo y hemos podido ver&nbsp;c\u00f3mo ella innova constantemente sus colecciones de ropa y accesorios y como tambi\u00e9n cuenta con piezas de artistas locales en sus tiendas. Los Tejedores y La Buena Fe estuvieron recientemente en Casa, en el <a href=\"https:\/\/casadecampoliving.com\/es\/altos-de-chavon-fall-fest-2\/\">Altos de Chav\u00f3n Fall Fest.<\/a><\/p>\n\n\n<div class=\"wp-block-image size-full wp-image-128119\">\n<figure class=\"aligncenter is-resized\"><img loading=\"lazy\" decoding=\"async\" src=\"https:\/\/i0.wp.com\/casadecampoliving.com\/wp-content\/uploads\/2022\/10\/IMG_0477.jpg?resize=1000%2C667&amp;ssl=1\" alt=\"Los Tejedores at the Altos de Chav\u00f3n Fall Fest\" class=\"wp-image-128119\" height=\"667\" width=\"1000\"\/><figcaption>Los Tejedores en el&nbsp;Altos de Chav\u00f3n Fall Fest<\/figcaption><figcaption> Los Tejedores en el\u00a0Altos de Chav\u00f3n Fall Fest<\/figcaption><\/figure>\n<\/div>\n\n\n<p>En <em>Guaneando<\/em>, dise\u00f1adores de diferentes disciplinas se enfrentan al desaf\u00edo de crear un producto basado en guano, un tipo de palmera m\u00e1s com\u00fanmente encontrado en pa\u00edses tropicales. Las hojas de esta palma se utilizan para construir los techos de casas rurales, adem\u00e1s de la fabricaci\u00f3n de sombreros, cestas, ventiladores, escobas, etc. Los tallos viejos se utilizan para la construcci\u00f3n de viviendas. Los artistas visitaron El Lim\u00f3n, una comunidad de Mata del Jobo en Santiago Rodr\u00edguez, donde trabajan las artesanas del guano. Las piezas que se muestran pertenecen a Jos\u00e9 Dur\u00e1n, Trapitos de Sof\u00eda, Orlando Isaac, Michelle Urtecho, Madame Blanco&nbsp;(quien tambi\u00e9n particip\u00f3 en el&nbsp;<a href=\"https:\/\/casadecampoliving.com\/es\/altos-de-chavon-fall-fest-2\/\">Altos de Chav\u00f3n Fall Fest<\/a>), Tuto y Carola y Mateo5. A continuaci\u00f3n encontrar\u00e1 un video de cada uno de los artistas hablando de su experiencia con este proyecto y c\u00f3mo experimentaron con su arte individual&nbsp;para crear piezas \u00fanicas con este material natural y muy vers\u00e1til.<\/p>\n\n\n\n<p class=\"has-text-align-center\"><iframe loading=\"lazy\" src=\"https:\/\/www.youtube.com\/embed\/vNC4mmidU5Y\" width=\"600\" height=\"415\" frameborder=\"0\" allowfullscreen=\"allowfullscreen\" data-mce-fragment=\"1\"><\/iframe><\/p>\n\n\n\n<p><strong>No te pierdas esta exposici\u00f3n que celebra el arte, el dise\u00f1o, los artistas y los artesanos dominicanos y estar\u00e1 abierta al p\u00fablico del 18 de noviembre al 18 de diciembre.<\/strong><\/p>\n\n\n\n<blockquote><figure><img decoding=\"async\" loading=\"lazy\" class=\"aligncenter size-full wp-image-128121\" src=\"https:\/\/i0.wp.com\/casadecampoliving.com\/wp-content\/uploads\/2022\/10\/IMG_0719.JPG-e1479219571992.jpeg?resize=1000%2C1000&amp;ssl=1\" alt=\"img_0719-jpg\" width=\"1000\" height=\"1000\"><\/figure><p><strong>Qu\u00e9:<\/strong>&nbsp;Apertura de las exposiciones DISE\u00d1AN\u00cdA <em>Dise\u00f1o + Artesania<\/em>&nbsp;y GUANEANDO<\/p><p><strong>Cu\u00e1ndo:<\/strong>&nbsp;18 de noviembre, 7:00pm<\/p><p><strong>D\u00f3nde:<\/strong> La Aldea Cutural Santa Rosa de Lima<\/p><p style=\"text-align: justify;\">La Aldea Cultural Santa Rosa de Lima esta a la derecha inmediatamente como si cruzaras el puente sobre R\u00edo Salao entrando a La Romana. Es una construcci\u00f3n blanca que se asemeja un poco a una fortaleza (con un nombre \u2013 La Fortaleza). Tiene que estar en el lado de la carretera que conduce desde La Romana con direcci\u00f3n a Casa de Campo, antes de cruzar el puente, gire a la derecha y cruce la v\u00eda f\u00e9rrea.<\/p><p><em>Las exposiciones estar\u00e1n abiertas al p\u00fablico del 18 de noviembre al 18 de diciembre.<\/em><\/p><p>Para m\u00e1s informaci\u00f3n de las exhibiciones puede visitar&nbsp;<a href=\"http:\/\/ccesd.org\/\" target=\"_blank\" rel=\"noopener\">www.ccesd.org<\/a>, cuenta de twitter&nbsp;<a class=\"ProfileHeaderCard-screennameLink u-linkComplex js-nav\" href=\"https:\/\/twitter.com\/disenoRD\" target=\"_blank\" rel=\"noopener\">@<span class=\"u-linkComplex-target\">disenoRD<\/span><\/a>&nbsp;y la p\u00e1gina de Facebook&nbsp;<a href=\"https:\/\/www.facebook.com\/disenord\/?fref=ts\" target=\"_blank\" rel=\"noopener\">Dise\u00f1o Rep\u00fablica Dominicana<\/a><\/p><\/blockquote>\n\n\n\n<blockquote><p><strong><a href=\"https:\/\/casadecampoliving.com\/es\/altos-de-chavon-fall-fest-2\/\">Los Colores y el Esp\u00edritu de la comunidad, m\u00fasica, arte, y risas en el Altos de Chav\u00f3n Fall Festival<\/a><\/strong><\/p><figure><img decoding=\"async\" loading=\"lazy\" data-amp-lightbox=\"true\" lightbox=\"true\" class=\"aligncenter wp-image-127156 size-full\" src=\"https:\/\/i0.wp.com\/casadecampoliving.com\/wp-content\/uploads\/2022\/10\/IMG_0407-e1478189244141.jpg?resize=1000%2C667&amp;ssl=1\" alt=\"Chav\u00f3n Fall Fest\" width=\"1000\" height=\"667\"><\/figure><p>Fue incre\u00edble para nosotros estar en el coraz\u00f3n de Casa de Campo compartiendo en la&nbsp;hermosa villa de Altos de Chav\u00f3n entre los establecimientos locales, vendedores, invitados, artesanos, ni\u00f1os y familias. Todos los que asistieron&nbsp;consiguieron <em>redescubrir Chav\u00f3n<\/em>, una frase popular&nbsp;del d\u00eda y la variedad de actividades que disfrutamos organizar para la comunidad. <a href=\"https:\/\/casadecampoliving.com\/es\/altos-de-chavon-fall-fest-2\/\">Seguir leyendo aqu\u00ed<\/a>.<\/p><\/blockquote>\n","protected":false},"excerpt":{"rendered":"<p>El 18 de noviembre a las 7:00pm, la Aldea Cultural Santa Rosa de Lima, dirigida por la dise\u00f1adora dominicana Jenny Polanco, abrir\u00e1 dos nuevas exposiciones:DISE\u00d1AN\u00cdA \u2013 Dise\u00f1o + Artesania&nbsp;\u2013 y GUANEANDO presentadas por el Centro Cultural de Espa\u00f1a y el Instituto Tecnol\u00f3gico de Santo Domingo (INTEC).Ambas exposiciones formaron parte de la Bienal de Dise\u00f1o DRD [&hellip;]<\/p>\n","protected":false},"author":36682,"featured_media":313663,"comment_status":"closed","ping_status":"closed","sticky":false,"template":"","format":"standard","meta":{"newspack_ads_suppress_ads":false,"newspack_popups_has_disabled_popups":false,"newspack_sponsor_sponsorship_scope":"","newspack_sponsor_native_byline_display":"inherit","newspack_sponsor_native_category_display":"inherit","newspack_sponsor_underwriter_style":"inherit","newspack_sponsor_underwriter_placement":"inherit","_newspack_byline_active":false,"_newspack_byline":"","newspack_content_restriction_is_exempt":false,"newspack_featured_image_position":"","newspack_post_subtitle":"","newspack_article_summary_title":"Overview:","newspack_article_summary":"","newspack_hide_updated_date":false,"newspack_show_updated_date":false,"_jetpack_memberships_contains_paid_content":false,"footnotes":"","jetpack_publicize_message":"","jetpack_publicize_feature_enabled":true,"jetpack_social_post_already_shared":false,"jetpack_social_options":{"image_generator_settings":{"template":"highway","default_image_id":0,"font":"","enabled":false},"version":2},"_wpas_customize_per_network":false},"categories":[26823,14631,2522,2506,14627,2521,19622],"tags":[14736,4903,11517,18932],"newspack_spnsrs_tax":[],"class_list":["post-350812","post","type-post","status-publish","format-standard","has-post-thumbnail","hentry","category-arte-y-cultura","category-estilo-de-vida","category-eventos-es","category-mas-alla-de-casa-es","category-proximamente","category-republica-dominicana-2","category-video-es-2","tag-featured-topview-es","tag-jenny-polanco-es","tag-joao-rodriguez-es","tag-la-romana-es-4","entry"],"yoast_head":"<!-- This site is optimized with the Yoast SEO plugin v27.2 - https:\/\/yoast.com\/product\/yoast-seo-wordpress\/ -->\n<title>Dos exposiciones unicas llegan a la Aldea Cultural Santa Rosa de Lima este viernes | Casa de Campo Living<\/title>\n<meta name=\"description\" content=\"El 18 de noviembre a las 7:00pm, la Aldea Cultural Santa Rosa de Lima, dirigida por la dise\u00f1adora dominicana Jenny Polanco, abrir\u00e1 dos nuevas\" \/>\n<meta name=\"robots\" content=\"index, follow, max-snippet:-1, max-image-preview:large, max-video-preview:-1\" \/>\n<link rel=\"canonical\" href=\"https:\/\/casadecampoliving.com\/es\/dos-exposiciones-unicas-llegan-la-aldea-cultural-santa-rosa-delima-este-viernes\/\" \/>\n<meta property=\"og:locale\" content=\"es_ES\" \/>\n<meta property=\"og:type\" content=\"article\" \/>\n<meta property=\"og:title\" content=\"Dos exposiciones unicas llegan a la Aldea Cultural Santa Rosa de Lima este viernes | Casa de Campo Living\" \/>\n<meta property=\"og:description\" content=\"El 18 de noviembre a las 7:00pm, la Aldea Cultural Santa Rosa de Lima, dirigida por la dise\u00f1adora dominicana Jenny Polanco, abrir\u00e1 dos nuevas\" \/>\n<meta property=\"og:url\" content=\"https:\/\/casadecampoliving.com\/es\/dos-exposiciones-unicas-llegan-la-aldea-cultural-santa-rosa-delima-este-viernes\/\" \/>\n<meta property=\"og:site_name\" content=\"Casa de Campo Living\" \/>\n<meta property=\"article:publisher\" content=\"https:\/\/www.facebook.com\/casadecampoliving\" \/>\n<meta property=\"article:published_time\" content=\"2016-11-15T04:00:00+00:00\" \/>\n<meta property=\"article:modified_time\" content=\"2022-10-21T23:06:40+00:00\" \/>\n<meta property=\"og:image\" content=\"https:\/\/i0.wp.com\/casadecampoliving.com\/wp-content\/uploads\/2022\/10\/IMG_0463.jpg?fit=1000%2C667&ssl=1\" \/>\n\t<meta property=\"og:image:width\" content=\"1000\" \/>\n\t<meta property=\"og:image:height\" content=\"667\" \/>\n\t<meta property=\"og:image:type\" content=\"image\/jpeg\" \/>\n<meta name=\"author\" content=\"Marlenys Guzm\u00e1n Casta\u00f1os\" \/>\n<meta name=\"twitter:card\" content=\"summary_large_image\" \/>\n<meta name=\"twitter:creator\" content=\"@cdcliving\" \/>\n<meta name=\"twitter:site\" content=\"@cdcliving\" \/>\n<meta name=\"twitter:label1\" content=\"Escrito por\" \/>\n\t<meta name=\"twitter:data1\" content=\"Marlenys Guzm\u00e1n Casta\u00f1os\" \/>\n\t<meta name=\"twitter:label2\" content=\"Tiempo de lectura\" \/>\n\t<meta name=\"twitter:data2\" content=\"3 minutos\" \/>\n<script type=\"application\/ld+json\" class=\"yoast-schema-graph\">{\"@context\":\"https:\/\/schema.org\",\"@graph\":[{\"@type\":\"Article\",\"@id\":\"https:\/\/casadecampoliving.com\/es\/dos-exposiciones-unicas-llegan-la-aldea-cultural-santa-rosa-delima-este-viernes\/#article\",\"isPartOf\":{\"@id\":\"https:\/\/casadecampoliving.com\/es\/dos-exposiciones-unicas-llegan-la-aldea-cultural-santa-rosa-delima-este-viernes\/\"},\"author\":{\"name\":\"Marlenys Guzm\u00e1n Casta\u00f1os\",\"@id\":\"https:\/\/casadecampoliving.com\/es\/#\/schema\/person\/b6606bd87f9cec8f5903e2141cafda24\"},\"headline\":\"Dos exposiciones unicas llegan a la Aldea Cultural Santa Rosa de Lima este viernes\",\"datePublished\":\"2016-11-15T04:00:00+00:00\",\"dateModified\":\"2022-10-21T23:06:40+00:00\",\"mainEntityOfPage\":{\"@id\":\"https:\/\/casadecampoliving.com\/es\/dos-exposiciones-unicas-llegan-la-aldea-cultural-santa-rosa-delima-este-viernes\/\"},\"wordCount\":691,\"publisher\":{\"@id\":\"https:\/\/casadecampoliving.com\/es\/#organization\"},\"image\":{\"@id\":\"https:\/\/casadecampoliving.com\/es\/dos-exposiciones-unicas-llegan-la-aldea-cultural-santa-rosa-delima-este-viernes\/#primaryimage\"},\"thumbnailUrl\":\"https:\/\/i0.wp.com\/casadecampoliving.com\/wp-content\/uploads\/2022\/10\/IMG_0463.jpg?fit=1000%2C667&ssl=1\",\"keywords\":[\"Featured-TopView @es\",\"jenny polanco @es\",\"Joao Rodr\u00edguez @es\",\"La Romana\"],\"articleSection\":[\"Arte y cultura\",\"Estilo de Vida\",\"Eventos\",\"M\u00e1s all\u00e1 de Casa\",\"Proximamente\",\"Rep\u00fablica Dominicana @es\",\"Video\"],\"inLanguage\":\"es\"},{\"@type\":\"WebPage\",\"@id\":\"https:\/\/casadecampoliving.com\/es\/dos-exposiciones-unicas-llegan-la-aldea-cultural-santa-rosa-delima-este-viernes\/\",\"url\":\"https:\/\/casadecampoliving.com\/es\/dos-exposiciones-unicas-llegan-la-aldea-cultural-santa-rosa-delima-este-viernes\/\",\"name\":\"Dos exposiciones unicas llegan a la Aldea Cultural Santa Rosa de Lima este viernes | Casa de Campo Living\",\"isPartOf\":{\"@id\":\"https:\/\/casadecampoliving.com\/es\/#website\"},\"primaryImageOfPage\":{\"@id\":\"https:\/\/casadecampoliving.com\/es\/dos-exposiciones-unicas-llegan-la-aldea-cultural-santa-rosa-delima-este-viernes\/#primaryimage\"},\"image\":{\"@id\":\"https:\/\/casadecampoliving.com\/es\/dos-exposiciones-unicas-llegan-la-aldea-cultural-santa-rosa-delima-este-viernes\/#primaryimage\"},\"thumbnailUrl\":\"https:\/\/i0.wp.com\/casadecampoliving.com\/wp-content\/uploads\/2022\/10\/IMG_0463.jpg?fit=1000%2C667&ssl=1\",\"datePublished\":\"2016-11-15T04:00:00+00:00\",\"dateModified\":\"2022-10-21T23:06:40+00:00\",\"description\":\"El 18 de noviembre a las 7:00pm, la Aldea Cultural Santa Rosa de Lima, dirigida por la dise\u00f1adora dominicana Jenny Polanco, abrir\u00e1 dos nuevas\",\"breadcrumb\":{\"@id\":\"https:\/\/casadecampoliving.com\/es\/dos-exposiciones-unicas-llegan-la-aldea-cultural-santa-rosa-delima-este-viernes\/#breadcrumb\"},\"inLanguage\":\"es\",\"potentialAction\":[{\"@type\":\"ReadAction\",\"target\":[\"https:\/\/casadecampoliving.com\/es\/dos-exposiciones-unicas-llegan-la-aldea-cultural-santa-rosa-delima-este-viernes\/\"]}]},{\"@type\":\"ImageObject\",\"inLanguage\":\"es\",\"@id\":\"https:\/\/casadecampoliving.com\/es\/dos-exposiciones-unicas-llegan-la-aldea-cultural-santa-rosa-delima-este-viernes\/#primaryimage\",\"url\":\"https:\/\/i0.wp.com\/casadecampoliving.com\/wp-content\/uploads\/2022\/10\/IMG_0463.jpg?fit=1000%2C667&ssl=1\",\"contentUrl\":\"https:\/\/i0.wp.com\/casadecampoliving.com\/wp-content\/uploads\/2022\/10\/IMG_0463.jpg?fit=1000%2C667&ssl=1\",\"width\":1000,\"height\":667,\"caption\":\"Madame Blanco at the Altos de Chav\u00f3n Fall Fest\"},{\"@type\":\"BreadcrumbList\",\"@id\":\"https:\/\/casadecampoliving.com\/es\/dos-exposiciones-unicas-llegan-la-aldea-cultural-santa-rosa-delima-este-viernes\/#breadcrumb\",\"itemListElement\":[{\"@type\":\"ListItem\",\"position\":1,\"name\":\"Home\",\"item\":\"https:\/\/casadecampoliving.com\/es\/\"},{\"@type\":\"ListItem\",\"position\":2,\"name\":\"Dos exposiciones unicas llegan a la Aldea Cultural Santa Rosa de Lima este viernes\"}]},{\"@type\":\"WebSite\",\"@id\":\"https:\/\/casadecampoliving.com\/es\/#website\",\"url\":\"https:\/\/casadecampoliving.com\/es\/\",\"name\":\"Casa de Campo Living\",\"description\":\"Resort community news and resources.\",\"publisher\":{\"@id\":\"https:\/\/casadecampoliving.com\/es\/#organization\"},\"potentialAction\":[{\"@type\":\"SearchAction\",\"target\":{\"@type\":\"EntryPoint\",\"urlTemplate\":\"https:\/\/casadecampoliving.com\/es\/?s={search_term_string}\"},\"query-input\":{\"@type\":\"PropertyValueSpecification\",\"valueRequired\":true,\"valueName\":\"search_term_string\"}}],\"inLanguage\":\"es\"},{\"@type\":\"Organization\",\"@id\":\"https:\/\/casadecampoliving.com\/es\/#organization\",\"name\":\"Casa de Campo Living\",\"url\":\"https:\/\/casadecampoliving.com\/es\/\",\"logo\":{\"@type\":\"ImageObject\",\"inLanguage\":\"es\",\"@id\":\"https:\/\/casadecampoliving.com\/es\/#\/schema\/logo\/image\/\",\"url\":\"https:\/\/i0.wp.com\/casadecampoliving.com\/wp-content\/uploads\/2022\/07\/CDCLivingLogo_V1-white-sized.png?fit=800%2C214&ssl=1\",\"contentUrl\":\"https:\/\/i0.wp.com\/casadecampoliving.com\/wp-content\/uploads\/2022\/07\/CDCLivingLogo_V1-white-sized.png?fit=800%2C214&ssl=1\",\"width\":800,\"height\":214,\"caption\":\"Casa de Campo Living\"},\"image\":{\"@id\":\"https:\/\/casadecampoliving.com\/es\/#\/schema\/logo\/image\/\"},\"sameAs\":[\"https:\/\/www.facebook.com\/casadecampoliving\",\"https:\/\/x.com\/cdcliving\"]},{\"@type\":\"Person\",\"@id\":\"https:\/\/casadecampoliving.com\/es\/#\/schema\/person\/b6606bd87f9cec8f5903e2141cafda24\",\"name\":\"Marlenys Guzm\u00e1n Casta\u00f1os\",\"image\":{\"@type\":\"ImageObject\",\"inLanguage\":\"es\",\"@id\":\"https:\/\/secure.gravatar.com\/avatar\/72f3f86b8e6b3ec744201aeadf11d4a6055e8af194aecd9ad30ffff4437878ee?s=96&d=mm&r=g\",\"url\":\"https:\/\/secure.gravatar.com\/avatar\/72f3f86b8e6b3ec744201aeadf11d4a6055e8af194aecd9ad30ffff4437878ee?s=96&d=mm&r=g\",\"contentUrl\":\"https:\/\/secure.gravatar.com\/avatar\/72f3f86b8e6b3ec744201aeadf11d4a6055e8af194aecd9ad30ffff4437878ee?s=96&d=mm&r=g\",\"caption\":\"Marlenys Guzm\u00e1n Casta\u00f1os\"},\"url\":\"https:\/\/casadecampoliving.com\/es\/author\/mguzman\/\"}]}<\/script>\n<!-- \/ Yoast SEO plugin. -->","yoast_head_json":{"title":"Dos exposiciones unicas llegan a la Aldea Cultural Santa Rosa de Lima este viernes | Casa de Campo Living","description":"El 18 de noviembre a las 7:00pm, la Aldea Cultural Santa Rosa de Lima, dirigida por la dise\u00f1adora dominicana Jenny Polanco, abrir\u00e1 dos nuevas","robots":{"index":"index","follow":"follow","max-snippet":"max-snippet:-1","max-image-preview":"max-image-preview:large","max-video-preview":"max-video-preview:-1"},"canonical":"https:\/\/casadecampoliving.com\/es\/dos-exposiciones-unicas-llegan-la-aldea-cultural-santa-rosa-delima-este-viernes\/","og_locale":"es_ES","og_type":"article","og_title":"Dos exposiciones unicas llegan a la Aldea Cultural Santa Rosa de Lima este viernes | Casa de Campo Living","og_description":"El 18 de noviembre a las 7:00pm, la Aldea Cultural Santa Rosa de Lima, dirigida por la dise\u00f1adora dominicana Jenny Polanco, abrir\u00e1 dos nuevas","og_url":"https:\/\/casadecampoliving.com\/es\/dos-exposiciones-unicas-llegan-la-aldea-cultural-santa-rosa-delima-este-viernes\/","og_site_name":"Casa de Campo Living","article_publisher":"https:\/\/www.facebook.com\/casadecampoliving","article_published_time":"2016-11-15T04:00:00+00:00","article_modified_time":"2022-10-21T23:06:40+00:00","og_image":[{"width":1000,"height":667,"url":"https:\/\/i0.wp.com\/casadecampoliving.com\/wp-content\/uploads\/2022\/10\/IMG_0463.jpg?fit=1000%2C667&ssl=1","type":"image\/jpeg"}],"author":"Marlenys Guzm\u00e1n Casta\u00f1os","twitter_card":"summary_large_image","twitter_creator":"@cdcliving","twitter_site":"@cdcliving","twitter_misc":{"Escrito por":"Marlenys Guzm\u00e1n Casta\u00f1os","Tiempo de lectura":"3 minutos"},"schema":{"@context":"https:\/\/schema.org","@graph":[{"@type":"Article","@id":"https:\/\/casadecampoliving.com\/es\/dos-exposiciones-unicas-llegan-la-aldea-cultural-santa-rosa-delima-este-viernes\/#article","isPartOf":{"@id":"https:\/\/casadecampoliving.com\/es\/dos-exposiciones-unicas-llegan-la-aldea-cultural-santa-rosa-delima-este-viernes\/"},"author":{"name":"Marlenys Guzm\u00e1n Casta\u00f1os","@id":"https:\/\/casadecampoliving.com\/es\/#\/schema\/person\/b6606bd87f9cec8f5903e2141cafda24"},"headline":"Dos exposiciones unicas llegan a la Aldea Cultural Santa Rosa de Lima este viernes","datePublished":"2016-11-15T04:00:00+00:00","dateModified":"2022-10-21T23:06:40+00:00","mainEntityOfPage":{"@id":"https:\/\/casadecampoliving.com\/es\/dos-exposiciones-unicas-llegan-la-aldea-cultural-santa-rosa-delima-este-viernes\/"},"wordCount":691,"publisher":{"@id":"https:\/\/casadecampoliving.com\/es\/#organization"},"image":{"@id":"https:\/\/casadecampoliving.com\/es\/dos-exposiciones-unicas-llegan-la-aldea-cultural-santa-rosa-delima-este-viernes\/#primaryimage"},"thumbnailUrl":"https:\/\/i0.wp.com\/casadecampoliving.com\/wp-content\/uploads\/2022\/10\/IMG_0463.jpg?fit=1000%2C667&ssl=1","keywords":["Featured-TopView @es","jenny polanco @es","Joao Rodr\u00edguez @es","La Romana"],"articleSection":["Arte y cultura","Estilo de Vida","Eventos","M\u00e1s all\u00e1 de Casa","Proximamente","Rep\u00fablica Dominicana @es","Video"],"inLanguage":"es"},{"@type":"WebPage","@id":"https:\/\/casadecampoliving.com\/es\/dos-exposiciones-unicas-llegan-la-aldea-cultural-santa-rosa-delima-este-viernes\/","url":"https:\/\/casadecampoliving.com\/es\/dos-exposiciones-unicas-llegan-la-aldea-cultural-santa-rosa-delima-este-viernes\/","name":"Dos exposiciones unicas llegan a la Aldea Cultural Santa Rosa de Lima este viernes | Casa de Campo Living","isPartOf":{"@id":"https:\/\/casadecampoliving.com\/es\/#website"},"primaryImageOfPage":{"@id":"https:\/\/casadecampoliving.com\/es\/dos-exposiciones-unicas-llegan-la-aldea-cultural-santa-rosa-delima-este-viernes\/#primaryimage"},"image":{"@id":"https:\/\/casadecampoliving.com\/es\/dos-exposiciones-unicas-llegan-la-aldea-cultural-santa-rosa-delima-este-viernes\/#primaryimage"},"thumbnailUrl":"https:\/\/i0.wp.com\/casadecampoliving.com\/wp-content\/uploads\/2022\/10\/IMG_0463.jpg?fit=1000%2C667&ssl=1","datePublished":"2016-11-15T04:00:00+00:00","dateModified":"2022-10-21T23:06:40+00:00","description":"El 18 de noviembre a las 7:00pm, la Aldea Cultural Santa Rosa de Lima, dirigida por la dise\u00f1adora dominicana Jenny Polanco, abrir\u00e1 dos nuevas","breadcrumb":{"@id":"https:\/\/casadecampoliving.com\/es\/dos-exposiciones-unicas-llegan-la-aldea-cultural-santa-rosa-delima-este-viernes\/#breadcrumb"},"inLanguage":"es","potentialAction":[{"@type":"ReadAction","target":["https:\/\/casadecampoliving.com\/es\/dos-exposiciones-unicas-llegan-la-aldea-cultural-santa-rosa-delima-este-viernes\/"]}]},{"@type":"ImageObject","inLanguage":"es","@id":"https:\/\/casadecampoliving.com\/es\/dos-exposiciones-unicas-llegan-la-aldea-cultural-santa-rosa-delima-este-viernes\/#primaryimage","url":"https:\/\/i0.wp.com\/casadecampoliving.com\/wp-content\/uploads\/2022\/10\/IMG_0463.jpg?fit=1000%2C667&ssl=1","contentUrl":"https:\/\/i0.wp.com\/casadecampoliving.com\/wp-content\/uploads\/2022\/10\/IMG_0463.jpg?fit=1000%2C667&ssl=1","width":1000,"height":667,"caption":"Madame Blanco at the Altos de Chav\u00f3n Fall Fest"},{"@type":"BreadcrumbList","@id":"https:\/\/casadecampoliving.com\/es\/dos-exposiciones-unicas-llegan-la-aldea-cultural-santa-rosa-delima-este-viernes\/#breadcrumb","itemListElement":[{"@type":"ListItem","position":1,"name":"Home","item":"https:\/\/casadecampoliving.com\/es\/"},{"@type":"ListItem","position":2,"name":"Dos exposiciones unicas llegan a la Aldea Cultural Santa Rosa de Lima este viernes"}]},{"@type":"WebSite","@id":"https:\/\/casadecampoliving.com\/es\/#website","url":"https:\/\/casadecampoliving.com\/es\/","name":"Casa de Campo Living","description":"Resort community news and resources.","publisher":{"@id":"https:\/\/casadecampoliving.com\/es\/#organization"},"potentialAction":[{"@type":"SearchAction","target":{"@type":"EntryPoint","urlTemplate":"https:\/\/casadecampoliving.com\/es\/?s={search_term_string}"},"query-input":{"@type":"PropertyValueSpecification","valueRequired":true,"valueName":"search_term_string"}}],"inLanguage":"es"},{"@type":"Organization","@id":"https:\/\/casadecampoliving.com\/es\/#organization","name":"Casa de Campo Living","url":"https:\/\/casadecampoliving.com\/es\/","logo":{"@type":"ImageObject","inLanguage":"es","@id":"https:\/\/casadecampoliving.com\/es\/#\/schema\/logo\/image\/","url":"https:\/\/i0.wp.com\/casadecampoliving.com\/wp-content\/uploads\/2022\/07\/CDCLivingLogo_V1-white-sized.png?fit=800%2C214&ssl=1","contentUrl":"https:\/\/i0.wp.com\/casadecampoliving.com\/wp-content\/uploads\/2022\/07\/CDCLivingLogo_V1-white-sized.png?fit=800%2C214&ssl=1","width":800,"height":214,"caption":"Casa de Campo Living"},"image":{"@id":"https:\/\/casadecampoliving.com\/es\/#\/schema\/logo\/image\/"},"sameAs":["https:\/\/www.facebook.com\/casadecampoliving","https:\/\/x.com\/cdcliving"]},{"@type":"Person","@id":"https:\/\/casadecampoliving.com\/es\/#\/schema\/person\/b6606bd87f9cec8f5903e2141cafda24","name":"Marlenys Guzm\u00e1n Casta\u00f1os","image":{"@type":"ImageObject","inLanguage":"es","@id":"https:\/\/secure.gravatar.com\/avatar\/72f3f86b8e6b3ec744201aeadf11d4a6055e8af194aecd9ad30ffff4437878ee?s=96&d=mm&r=g","url":"https:\/\/secure.gravatar.com\/avatar\/72f3f86b8e6b3ec744201aeadf11d4a6055e8af194aecd9ad30ffff4437878ee?s=96&d=mm&r=g","contentUrl":"https:\/\/secure.gravatar.com\/avatar\/72f3f86b8e6b3ec744201aeadf11d4a6055e8af194aecd9ad30ffff4437878ee?s=96&d=mm&r=g","caption":"Marlenys Guzm\u00e1n Casta\u00f1os"},"url":"https:\/\/casadecampoliving.com\/es\/author\/mguzman\/"}]}},"parsely":{"version":"1.1.0","canonical_url":"https:\/\/casadecampoliving.com\/es\/dos-exposiciones-unicas-llegan-la-aldea-cultural-santa-rosa-delima-este-viernes\/","smart_links":{"inbound":0,"outbound":0},"traffic_boost_suggestions_count":0,"meta":{"@context":"https:\/\/schema.org","@type":"NewsArticle","headline":"Dos exposiciones unicas llegan a la Aldea Cultural Santa Rosa de Lima este viernes","url":"http:\/\/casadecampoliving.com\/es\/dos-exposiciones-unicas-llegan-la-aldea-cultural-santa-rosa-delima-este-viernes\/","mainEntityOfPage":{"@type":"WebPage","@id":"http:\/\/casadecampoliving.com\/es\/dos-exposiciones-unicas-llegan-la-aldea-cultural-santa-rosa-delima-este-viernes\/"},"thumbnailUrl":"https:\/\/i0.wp.com\/casadecampoliving.com\/wp-content\/uploads\/2022\/10\/IMG_0463.jpg?resize=150%2C150&ssl=1","image":{"@type":"ImageObject","url":"https:\/\/i0.wp.com\/casadecampoliving.com\/wp-content\/uploads\/2022\/10\/IMG_0463.jpg?fit=1000%2C667&ssl=1"},"articleSection":"Arte y cultura","author":[{"@type":"Person","name":"Marlenys Guzm\u00e1n Casta\u00f1os"}],"creator":["Marlenys Guzm\u00e1n Casta\u00f1os"],"publisher":{"@type":"Organization","name":"Casa de Campo Living","logo":"https:\/\/casadecampoliving.com\/wp-content\/uploads\/2022\/07\/CDCLivingLogo_V1-white-sized.png"},"keywords":["featured-topview @es","jenny polanco @es","joao rodr\u00edguez @es","la romana"],"dateCreated":"2016-11-15T04:00:00Z","datePublished":"2016-11-15T04:00:00Z","dateModified":"2022-10-21T23:06:40Z"},"rendered":"<script type=\"application\/ld+json\" class=\"wp-parsely-metadata\">{\"@context\":\"https:\\\/\\\/schema.org\",\"@type\":\"NewsArticle\",\"headline\":\"Dos exposiciones unicas llegan a la Aldea Cultural Santa Rosa de Lima este viernes\",\"url\":\"http:\\\/\\\/casadecampoliving.com\\\/es\\\/dos-exposiciones-unicas-llegan-la-aldea-cultural-santa-rosa-delima-este-viernes\\\/\",\"mainEntityOfPage\":{\"@type\":\"WebPage\",\"@id\":\"http:\\\/\\\/casadecampoliving.com\\\/es\\\/dos-exposiciones-unicas-llegan-la-aldea-cultural-santa-rosa-delima-este-viernes\\\/\"},\"thumbnailUrl\":\"https:\\\/\\\/i0.wp.com\\\/casadecampoliving.com\\\/wp-content\\\/uploads\\\/2022\\\/10\\\/IMG_0463.jpg?resize=150%2C150&ssl=1\",\"image\":{\"@type\":\"ImageObject\",\"url\":\"https:\\\/\\\/i0.wp.com\\\/casadecampoliving.com\\\/wp-content\\\/uploads\\\/2022\\\/10\\\/IMG_0463.jpg?fit=1000%2C667&ssl=1\"},\"articleSection\":\"Arte y cultura\",\"author\":[{\"@type\":\"Person\",\"name\":\"Marlenys Guzm\\u00e1n Casta\\u00f1os\"}],\"creator\":[\"Marlenys Guzm\\u00e1n Casta\\u00f1os\"],\"publisher\":{\"@type\":\"Organization\",\"name\":\"Casa de Campo Living\",\"logo\":\"https:\\\/\\\/casadecampoliving.com\\\/wp-content\\\/uploads\\\/2022\\\/07\\\/CDCLivingLogo_V1-white-sized.png\"},\"keywords\":[\"featured-topview @es\",\"jenny polanco @es\",\"joao rodr\\u00edguez @es\",\"la romana\"],\"dateCreated\":\"2016-11-15T04:00:00Z\",\"datePublished\":\"2016-11-15T04:00:00Z\",\"dateModified\":\"2022-10-21T23:06:40Z\"}<\/script>","tracker_url":"https:\/\/cdn.parsely.com\/keys\/casadecampoliving.com\/p.js"},"jetpack_publicize_connections":[],"jetpack_featured_media_url":"https:\/\/i0.wp.com\/casadecampoliving.com\/wp-content\/uploads\/2022\/10\/IMG_0463.jpg?fit=1000%2C667&ssl=1","jetpack-related-posts":[{"id":350870,"url":"https:\/\/casadecampoliving.com\/es\/nueva-exhibicion-de-la-aldea-cultural-santa-rosa-de-lima\/","url_meta":{"origin":350812,"position":0},"title":"Artesanos locales muestran su talento en la nueva exhibici\u00f3n de La Aldea Cultural Santa Rosa de Lima","author":"Heather Lincoln","date":"1 Dic, 2016","format":false,"excerpt":"Dos exposiciones de arte se inauguraron no hace mucho tiempo en la Aldea Cultural de Santa Rosa de Lima, donde la comunidad de La Romana tuvo la oportunidad de ver piezas\u00a0dise\u00f1adas por artesanos locales que mostraron impresionantes t\u00e9cnicas de tejido, carpinter\u00eda, y decoraci\u00f3n del hogar. DISE\u00d1AN\u00cdA Dise\u00f1o + Artesania\u00a0y GUANEANDO,\u2026","rel":"","context":"En \u00abArte y cultura\u00bb","block_context":{"text":"Arte y cultura","link":"https:\/\/casadecampoliving.com\/category\/arte-y-cultura\/"},"img":{"alt_text":"","src":"https:\/\/i0.wp.com\/casadecampoliving.com\/wp-content\/uploads\/2022\/10\/IMG_3993-e1480624779966.jpg?fit=1000%2C667&ssl=1&resize=350%2C200","width":350,"height":200,"srcset":"https:\/\/i0.wp.com\/casadecampoliving.com\/wp-content\/uploads\/2022\/10\/IMG_3993-e1480624779966.jpg?fit=1000%2C667&ssl=1&resize=350%2C200 1x, https:\/\/i0.wp.com\/casadecampoliving.com\/wp-content\/uploads\/2022\/10\/IMG_3993-e1480624779966.jpg?fit=1000%2C667&ssl=1&resize=525%2C300 1.5x, https:\/\/i0.wp.com\/casadecampoliving.com\/wp-content\/uploads\/2022\/10\/IMG_3993-e1480624779966.jpg?fit=1000%2C667&ssl=1&resize=700%2C400 2x"},"classes":[]},{"id":328378,"url":"https:\/\/casadecampoliving.com\/local-exhibitions-on-display-la-aldea-cultural-santa-rosa-de-lima\/","url_meta":{"origin":350812,"position":1},"title":"Unique exhibitions on display this Friday at La Aldea Cultural Santa Rosa de Lima","author":"Marlenys Guzm\u00e1n Casta\u00f1os","date":"15 Nov, 2016","format":false,"excerpt":"On November 18th at 7pm the Aldea Cultural Santa Rosa de Lima, directed by Dominican womenswear designer Jenny Polanco, will be opening\u00a0two exhibitions: DISE\u00d1AN\u00cdA Dise\u00f1o + Artesania (design + crafts) and GUANEANDO presented by the Cultural Center of Spain (Centro Cultural de Espa\u00f1a) and the Technological Institute of Santo Domingo\u2026","rel":"","context":"En \u00abArt and Culture\u00bb","block_context":{"text":"Art and Culture","link":"https:\/\/casadecampoliving.com\/category\/art-and-culture\/"},"img":{"alt_text":"","src":"https:\/\/i0.wp.com\/casadecampoliving.com\/wp-content\/uploads\/2022\/10\/IMG_0463.jpg?fit=1000%2C667&ssl=1&resize=350%2C200","width":350,"height":200,"srcset":"https:\/\/i0.wp.com\/casadecampoliving.com\/wp-content\/uploads\/2022\/10\/IMG_0463.jpg?fit=1000%2C667&ssl=1&resize=350%2C200 1x, https:\/\/i0.wp.com\/casadecampoliving.com\/wp-content\/uploads\/2022\/10\/IMG_0463.jpg?fit=1000%2C667&ssl=1&resize=525%2C300 1.5x, https:\/\/i0.wp.com\/casadecampoliving.com\/wp-content\/uploads\/2022\/10\/IMG_0463.jpg?fit=1000%2C667&ssl=1&resize=700%2C400 2x"},"classes":[]},{"id":328411,"url":"https:\/\/casadecampoliving.com\/local-artisans-aldea-cultural-santa-rosa-de-lima-exhibition\/","url_meta":{"origin":350812,"position":2},"title":"Local Artisans make a statement at La Aldea Cultural Santa Rosa de Lima","author":"Heather Lincoln","date":"1 Dic, 2016","format":false,"excerpt":"In two art exhibitions that opened\u00a0not long ago at the Aldea Cultural Santa Rosa de Lima, the La Romana community got a chance to view crafts designed by local artisans that showcased\u00a0impressive basketweaving, woodworking, home furnishings and d\u00e9cor.\u00a0DISE\u00d1AN\u00cdA Dise\u00f1o + Artesania (design + crafts) and GUANEANDO, presented by the Cultural\u2026","rel":"","context":"En \u00abArt and Culture\u00bb","block_context":{"text":"Art and Culture","link":"https:\/\/casadecampoliving.com\/category\/art-and-culture\/"},"img":{"alt_text":"","src":"https:\/\/i0.wp.com\/casadecampoliving.com\/wp-content\/uploads\/2022\/10\/IMG_3993-e1480624779966.jpg?fit=1000%2C667&ssl=1&resize=350%2C200","width":350,"height":200,"srcset":"https:\/\/i0.wp.com\/casadecampoliving.com\/wp-content\/uploads\/2022\/10\/IMG_3993-e1480624779966.jpg?fit=1000%2C667&ssl=1&resize=350%2C200 1x, https:\/\/i0.wp.com\/casadecampoliving.com\/wp-content\/uploads\/2022\/10\/IMG_3993-e1480624779966.jpg?fit=1000%2C667&ssl=1&resize=525%2C300 1.5x, https:\/\/i0.wp.com\/casadecampoliving.com\/wp-content\/uploads\/2022\/10\/IMG_3993-e1480624779966.jpg?fit=1000%2C667&ssl=1&resize=700%2C400 2x"},"classes":[]},{"id":349968,"url":"https:\/\/casadecampoliving.com\/es\/koribe-la-aldea-cultural-santa-rosa-de-lima\/","url_meta":{"origin":350812,"position":3},"title":"El Coro Koribe se presentar\u00e1 ma\u00f1ana en La Aldea Cultural Santa Rosa de Lima, en honor a San Antonio de Padua","author":"Felix Guerrero","date":"10 Jun, 2016","format":false,"excerpt":"Jenny Polanco es una reconocida dise\u00f1adora de moda tanto localmente como en el extranjero por sus dise\u00f1os pr\u00eat \u2013 \u00e0-porter y de alta costura, lo que no saben es que ella tambi\u00e9n promueve todos los eventos culturales en la regi\u00f3n este de la Rep\u00fablica Dominicana, y nos invita a una\u2026","rel":"","context":"En \u00abArte y cultura\u00bb","block_context":{"text":"Arte y cultura","link":"https:\/\/casadecampoliving.com\/category\/arte-y-cultura\/"},"img":{"alt_text":"Featured Image La Aldea","src":"https:\/\/i0.wp.com\/casadecampoliving.com\/wp-content\/uploads\/2022\/10\/Featured-Image-La-Aldea.jpg?fit=1000%2C600&ssl=1&resize=350%2C200","width":350,"height":200,"srcset":"https:\/\/i0.wp.com\/casadecampoliving.com\/wp-content\/uploads\/2022\/10\/Featured-Image-La-Aldea.jpg?fit=1000%2C600&ssl=1&resize=350%2C200 1x, https:\/\/i0.wp.com\/casadecampoliving.com\/wp-content\/uploads\/2022\/10\/Featured-Image-La-Aldea.jpg?fit=1000%2C600&ssl=1&resize=525%2C300 1.5x, https:\/\/i0.wp.com\/casadecampoliving.com\/wp-content\/uploads\/2022\/10\/Featured-Image-La-Aldea.jpg?fit=1000%2C600&ssl=1&resize=700%2C400 2x"},"classes":[]},{"id":348343,"url":"https:\/\/casadecampoliving.com\/es\/una-otra-romana-aldea-cultural-santa-rosa-de-lima-2\/","url_meta":{"origin":350812,"position":4},"title":"\u00abUna Otra Romana\u00bb por Gianfraco Fini en la Aldea Cultural Santa Rosa de Lima","author":"Felix Guerrero","date":"2 Oct, 2015","format":false,"excerpt":"La semana pasada compartimos el m\u00e1s reciente trabajo del Arquitecto Gianfranco Fini en\u00a0la Casa de Campo Marina, la renovaci\u00f3n del Supermercado Nacional. Dado\u00a0que su arte va m\u00e1s all\u00e1 de la arquitectura, le invitamos cordialmente a conocer un poco de su trabajo fotogr\u00e1fico. Jenny Polanco, principal promotora de la\u00a0Aldea Cultural Santa\u2026","rel":"","context":"En \u00abArte y cultura\u00bb","block_context":{"text":"Arte y cultura","link":"https:\/\/casadecampoliving.com\/category\/arte-y-cultura\/"},"img":{"alt_text":"Una Otra Romana","src":"https:\/\/i0.wp.com\/casadecampoliving.com\/wp-content\/uploads\/2022\/10\/Una-Otra-Romana-1.jpg?fit=650%2C400&ssl=1&resize=350%2C200","width":350,"height":200,"srcset":"https:\/\/i0.wp.com\/casadecampoliving.com\/wp-content\/uploads\/2022\/10\/Una-Otra-Romana-1.jpg?fit=650%2C400&ssl=1&resize=350%2C200 1x, https:\/\/i0.wp.com\/casadecampoliving.com\/wp-content\/uploads\/2022\/10\/Una-Otra-Romana-1.jpg?fit=650%2C400&ssl=1&resize=525%2C300 1.5x"},"classes":[]},{"id":350494,"url":"https:\/\/casadecampoliving.com\/es\/retratos-en-la-aldea-cultural-santa-rosa-de-lima\/","url_meta":{"origin":350812,"position":5},"title":"Un vistazo a: \u00abRetratos\u00bb en la Aldea Cultural Santa Rosa de Lima captando m\u00e1s que solo rostros","author":"Marlenys Guzm\u00e1n Casta\u00f1os","date":"14 Sep, 2016","format":false,"excerpt":"El s\u00e1bado pasado, la Aldea Cultural Santa Rosa de Lima, dio la bienvenida a los amantes del arte a la apertura de su nueva exposici\u00f3n, \u201cRetratos\u201d por un grupo de estudiantes de la carrera de Comunicaci\u00f3n Social en la PUCMM. Fue una reuni\u00f3n muy exitosa donde los espectadores pudieron conocer\u00a0los\u00a0rostros\u2026","rel":"","context":"En \u00abArte y cultura\u00bb","block_context":{"text":"Arte y cultura","link":"https:\/\/casadecampoliving.com\/category\/arte-y-cultura\/"},"img":{"alt_text":"","src":"https:\/\/i0.wp.com\/casadecampoliving.com\/wp-content\/uploads\/2022\/10\/FullSizeRender-1-3.jpg?fit=1000%2C879&ssl=1&resize=350%2C200","width":350,"height":200,"srcset":"https:\/\/i0.wp.com\/casadecampoliving.com\/wp-content\/uploads\/2022\/10\/FullSizeRender-1-3.jpg?fit=1000%2C879&ssl=1&resize=350%2C200 1x, https:\/\/i0.wp.com\/casadecampoliving.com\/wp-content\/uploads\/2022\/10\/FullSizeRender-1-3.jpg?fit=1000%2C879&ssl=1&resize=525%2C300 1.5x, https:\/\/i0.wp.com\/casadecampoliving.com\/wp-content\/uploads\/2022\/10\/FullSizeRender-1-3.jpg?fit=1000%2C879&ssl=1&resize=700%2C400 2x"},"classes":[]}],"jetpack_sharing_enabled":true,"_links":{"self":[{"href":"https:\/\/casadecampoliving.com\/es\/wp-json\/wp\/v2\/posts\/350812","targetHints":{"allow":["GET"]}}],"collection":[{"href":"https:\/\/casadecampoliving.com\/es\/wp-json\/wp\/v2\/posts"}],"about":[{"href":"https:\/\/casadecampoliving.com\/es\/wp-json\/wp\/v2\/types\/post"}],"author":[{"embeddable":true,"href":"https:\/\/casadecampoliving.com\/es\/wp-json\/wp\/v2\/users\/36682"}],"replies":[{"embeddable":true,"href":"https:\/\/casadecampoliving.com\/es\/wp-json\/wp\/v2\/comments?post=350812"}],"version-history":[{"count":1,"href":"https:\/\/casadecampoliving.com\/es\/wp-json\/wp\/v2\/posts\/350812\/revisions"}],"predecessor-version":[{"id":350813,"href":"https:\/\/casadecampoliving.com\/es\/wp-json\/wp\/v2\/posts\/350812\/revisions\/350813"}],"wp:featuredmedia":[{"embeddable":true,"href":"https:\/\/casadecampoliving.com\/es\/wp-json\/wp\/v2\/media\/313663"}],"wp:attachment":[{"href":"https:\/\/casadecampoliving.com\/es\/wp-json\/wp\/v2\/media?parent=350812"}],"wp:term":[{"taxonomy":"category","embeddable":true,"href":"https:\/\/casadecampoliving.com\/es\/wp-json\/wp\/v2\/categories?post=350812"},{"taxonomy":"post_tag","embeddable":true,"href":"https:\/\/casadecampoliving.com\/es\/wp-json\/wp\/v2\/tags?post=350812"},{"taxonomy":"newspack_spnsrs_tax","embeddable":true,"href":"https:\/\/casadecampoliving.com\/es\/wp-json\/wp\/v2\/newspack_spnsrs_tax?post=350812"}],"curies":[{"name":"wp","href":"https:\/\/api.w.org\/{rel}","templated":true}]}}