{"id":350810,"date":"2016-11-14T00:00:00","date_gmt":"2016-11-14T04:00:00","guid":{"rendered":"https:\/\/casadecampoliving.com\/flavors-world-peru-tiene-un-nuevo-chef-jaime-pesaque\/"},"modified":"2022-10-21T19:06:31","modified_gmt":"2022-10-21T23:06:31","slug":"flavors-world-peru-tiene-un-nuevo-chef-jaime-pesaque","status":"publish","type":"post","link":"https:\/\/casadecampoliving.com\/es\/flavors-world-peru-tiene-un-nuevo-chef-jaime-pesaque\/","title":{"rendered":"\u00a1\u00bbFlavors of the World\u00bb Peru tiene un nuevo Chef: Jaime Pesaque!"},"content":{"rendered":"\n<p>El&nbsp;pr\u00f3ximo Viernes 18, S\u00e1bado 19 y Domingo 20 de Noviembre, Casa de campo Resort &amp; Villas celebra una vez m\u00e1s su iniciativa gastron\u00f3mica \u201cFlavors of the World\u201d con una de sus versiones m\u00e1s esperadas: Per\u00fa.<\/p>\n\n\n<div class=\"wp-block-image\">\n<figure class=\"alignright is-resized\"><img loading=\"lazy\" decoding=\"async\" src=\"https:\/\/i0.wp.com\/casadecampoliving.com\/wp-content\/uploads\/2022\/10\/ceviche-5-800x600-1.jpg?resize=500%2C375&amp;ssl=1\" alt=\"ceviche-5-800x600-1\" class=\"wp-image-128106\" height=\"375\" width=\"500\"\/><\/figure>\n<\/div>\n\n\n<p><br>\n<\/p>\n\n\n\n<!--more-->\n\n\n\n<p>Con una de las gastronom\u00edas m\u00e1s famosas y con la vista puesta en ellos con numerosos restaurantes catalogados entre los mejores del mundo, Per\u00fa llega a ser parte de la serie de eventos mensuales que desde el mes de Mayo se celebran con \u00e9xito en el complejo hotelero junto con cenas, c\u00f3cteles, d\u00edas de playa, brunch y m\u00fasica para el disfrute de los m\u00e1s exigentes comensales y sibaritas.<\/p>\n\n\n\n<p>En representaci\u00f3n del aclamado pa\u00eds, el chef Jaime Pesaque del famoso y trendy&nbsp;restaurante&nbsp;<em><a href=\"http:\/\/maytarestaurante.com\/home\/\" target=\"_blank\" rel=\"noopener\">Mayta<\/a><\/em>, uno de los lugares favoritos para los amantes de la gastronom\u00eda peruana en Lima y Dubai, donde combina t\u00e9cnicas culinarias contempor\u00e1neas con ingredientes locales frescos, productos y especias para crear y &nbsp;transformar platos simples a sofisticadas creaciones culinarias. El chef Pesaque ser\u00e1 quien se encargue de toda una experiencia culinaria para los asistentes del fin de semana de celebraci\u00f3n de Flavors of the World, con dos cenas magistrales viernes y s\u00e1bado,&nbsp;y el esperado brunch del domingo.<\/p>\n\n\n\n<p>Influenciado por el tiempo que dur\u00f3 en Italia y Espa\u00f1a despu\u00e9s de trabajar en restaurantes como el 3 estrellas Michelin \u201cCeller de Can Roca\u201d, Chef Pesaque abre las puertas de MAYTA, donde transforma platos peruanos en \u00e9xoticas creaciones y recibe el premio Summum &nbsp;como uno de los mejores restaurantes del Per\u00fa.<\/p>\n\n\n\n<p>Su cocina en evoluci\u00f3n es la clave de su \u00e9xito y reputaci\u00f3n como uno de los Tops Chefs del pa\u00eds. Su visita a Casa de Campo no pasar\u00e1 desapercibida.<\/p>\n\n\n\n<p><em>*Fotos de la p\u00e1gina web del restaurante&nbsp;<a href=\"http:\/\/maytarestaurante.com\/home\/\" target=\"_blank\" rel=\"noopener\">Mayta<\/a><\/em><\/p>\n\n\n\n<blockquote><figure><img decoding=\"async\" loading=\"lazy\" class=\"aligncenter wp-image-128089 size-full\" src=\"https:\/\/i0.wp.com\/casadecampoliving.com\/wp-content\/uploads\/2022\/10\/FOTW_Peru_flyer-FINAL-01-1.jpg?resize=1000%2C870&amp;ssl=1\" width=\"1000\" height=\"870\"><\/figure><h3>FLAVORS OF THE WORLD PERU<\/h3><p><b>Horario:<\/b><\/p><ul>\n<li>Viernes 18 y s\u00e1bado 19 de noviembre: <em><b>2 cenas<\/b><\/em> <em><strong>magistrales<\/strong><\/em> en el Beach Club \u2013 8 PM \u2013 US$100.00 por persona *impuestos incluidos<\/li>\n<li>Domingo 20 de noviembre: Brunch en playa Minitas con Chef Jaime Pesaque; $50 p\/p impuestos incluidos, los ni\u00f1os hasta 12 a\u00f1os pagan el 50% (brunch)<\/li>\n<\/ul><p><b>Chef Invitado: <\/b>Chef Jaime Pesaque del famoso y trendy&nbsp;restaurante&nbsp;<em><a href=\"http:\/\/maytarestaurante.com\/home\/\" target=\"_blank\" rel=\"noopener\">Mayta<\/a><\/em><\/p><p>Para reservaciones, por favor llamar a Casa de Campo concierge al 809-523-3165 (o 3166).<\/p><\/blockquote>\n\n\n\n<blockquote><h4>MAS \u201cFLAVORS OF THE WORLD\u201d&nbsp;PROXIMAMENTE<\/h4><figure><a href=\"https:\/\/i0.wp.com\/casadecampoliving.com\/wp-content\/uploads\/2022\/10\/FOW_logo-e1469046136920.jpg?ssl=1\"><img decoding=\"async\" loading=\"lazy\" class=\"size-full wp-image-120711 alignright\" src=\"https:\/\/i0.wp.com\/casadecampoliving.com\/wp-content\/uploads\/2022\/10\/FOW_logo-e1469046136920.jpg?resize=150%2C150&amp;ssl=1\" alt=\"Flavors of the World logo\" width=\"150\" height=\"150\"><\/a><\/figure><p>\u201cFlavors of the World\u201d (Sabores del Mundo), es un viaje gastron\u00f3mico que destaca un sin n\u00famero de opciones de alta cocina, gourmet, casual que estar\u00e1 disponible en Casa de Campo. Este evento se dividir\u00e1 en actividades mensuales hasta noviembre donde chefs de renombre internacional trabajar\u00e1n junto con el equipo de cocina creativa del resort, dirigido por el chef ejecutivo Anthony Masas, honrando la gastronom\u00eda y cultura de los distintos pa\u00edses. Esto nos da la oportunidad a nosotros, los amantes de la cocina, de conocer a estos mundialmente reconocidos y talentosos chefs \u00a1y adem\u00e1s disfrutar de deliciosas creaciones culinarias!<\/p><ul>\n<li>Flavors of Portugal: 2-4 de diciembre&nbsp;\u2013&nbsp;ULTIMO EVENTO<\/li>\n<\/ul><p>Para realizar sus reservaciones para los pr\u00f3ximos&nbsp;\u201cFlavors of the World\u201d llame a:&nbsp;(855) 877-3643, (800) 336-5520, o (809) 523-3333 ext. 3165 y&nbsp;3166.<\/p><\/blockquote>\n","protected":false},"excerpt":{"rendered":"<p>El&nbsp;pr\u00f3ximo Viernes 18, S\u00e1bado 19 y Domingo 20 de Noviembre, Casa de campo Resort &amp; Villas celebra una vez m\u00e1s su iniciativa gastron\u00f3mica \u201cFlavors of the World\u201d con una de sus versiones m\u00e1s esperadas: Per\u00fa.<\/p>\n","protected":false},"author":36682,"featured_media":313632,"comment_status":"closed","ping_status":"closed","sticky":false,"template":"","format":"standard","meta":{"newspack_ads_suppress_ads":false,"newspack_popups_has_disabled_popups":false,"newspack_sponsor_sponsorship_scope":"","newspack_sponsor_native_byline_display":"inherit","newspack_sponsor_native_category_display":"inherit","newspack_sponsor_underwriter_style":"inherit","newspack_sponsor_underwriter_placement":"inherit","_newspack_byline_active":false,"_newspack_byline":"","newspack_hide_updated_date":false,"newspack_show_updated_date":false,"newspack_content_restriction_is_exempt":false,"newspack_featured_image_position":"","newspack_post_subtitle":"","newspack_article_summary_title":"Overview:","newspack_article_summary":"","_jetpack_memberships_contains_paid_content":false,"footnotes":"","jetpack_publicize_message":"","jetpack_publicize_feature_enabled":true,"jetpack_social_post_already_shared":false,"jetpack_social_options":{"image_generator_settings":{"template":"highway","default_image_id":0,"font":"","enabled":false},"version":2},"_wpas_customize_per_network":false},"categories":[2513,14629,14631,2522,14627,2521,26822,2520],"tags":[3750,3512,14736,18408,11640,7543,502],"newspack_spnsrs_tax":[],"class_list":["post-350810","post","type-post","status-publish","format-standard","has-post-thumbnail","hentry","category-celebridades-es","category-comidas-bebidas","category-estilo-de-vida","category-eventos-es","category-proximamente","category-republica-dominicana-2","category-resort-casa-de-campo","category-restaurantes-es","tag-beach-club-by-le-cirque-es","tag-chef","tag-featured-topview-es","tag-flavors-of-the-world-es","tag-lima","tag-peru","tag-playa-minitas","entry"],"yoast_head":"<!-- This site is optimized with the Yoast SEO plugin v27.5 - https:\/\/yoast.com\/product\/yoast-seo-wordpress\/ -->\n<title>\u00a1&quot;Flavors of the World&quot; Peru tiene un nuevo Chef: Jaime Pesaque! | Casa de Campo Living<\/title>\n<meta name=\"description\" content=\"El&nbsp;pr\u00f3ximo Viernes 18, S\u00e1bado 19 y Domingo 20 de Noviembre, Casa de campo Resort &amp; Villas celebra una vez m\u00e1s su iniciativa gastron\u00f3mica \u201cFlavors\" \/>\n<meta name=\"robots\" content=\"index, follow, max-snippet:-1, max-image-preview:large, max-video-preview:-1\" \/>\n<link rel=\"canonical\" href=\"https:\/\/casadecampoliving.com\/es\/flavors-world-peru-tiene-un-nuevo-chef-jaime-pesaque\/\" \/>\n<meta property=\"og:locale\" content=\"es_ES\" \/>\n<meta property=\"og:type\" content=\"article\" \/>\n<meta property=\"og:title\" content=\"\u00a1&quot;Flavors of the World&quot; Peru tiene un nuevo Chef: Jaime Pesaque! | Casa de Campo Living\" \/>\n<meta property=\"og:description\" content=\"El&nbsp;pr\u00f3ximo Viernes 18, S\u00e1bado 19 y Domingo 20 de Noviembre, Casa de campo Resort &amp; Villas celebra una vez m\u00e1s su iniciativa gastron\u00f3mica \u201cFlavors\" \/>\n<meta property=\"og:url\" content=\"https:\/\/casadecampoliving.com\/es\/flavors-world-peru-tiene-un-nuevo-chef-jaime-pesaque\/\" \/>\n<meta property=\"og:site_name\" content=\"Casa de Campo Living\" \/>\n<meta property=\"article:publisher\" content=\"https:\/\/www.facebook.com\/casadecampoliving\" \/>\n<meta property=\"article:published_time\" content=\"2016-11-14T04:00:00+00:00\" \/>\n<meta property=\"article:modified_time\" content=\"2022-10-21T23:06:31+00:00\" \/>\n<meta property=\"og:image\" content=\"https:\/\/i0.wp.com\/casadecampoliving.com\/wp-content\/uploads\/2022\/10\/jaime-pesaque-home.jpg?fit=998%2C600&ssl=1\" \/>\n\t<meta property=\"og:image:width\" content=\"998\" \/>\n\t<meta property=\"og:image:height\" content=\"600\" \/>\n\t<meta property=\"og:image:type\" content=\"image\/jpeg\" \/>\n<meta name=\"author\" content=\"Marlenys Guzm\u00e1n Casta\u00f1os\" \/>\n<meta name=\"twitter:card\" content=\"summary_large_image\" \/>\n<meta name=\"twitter:creator\" content=\"@cdcliving\" \/>\n<meta name=\"twitter:site\" content=\"@cdcliving\" \/>\n<meta name=\"twitter:label1\" content=\"Escrito por\" \/>\n\t<meta name=\"twitter:data1\" content=\"Marlenys Guzm\u00e1n Casta\u00f1os\" \/>\n\t<meta name=\"twitter:label2\" content=\"Tiempo de lectura\" \/>\n\t<meta name=\"twitter:data2\" content=\"3 minutos\" \/>\n<script type=\"application\/ld+json\" class=\"yoast-schema-graph\">{\"@context\":\"https:\\\/\\\/schema.org\",\"@graph\":[{\"@type\":\"Article\",\"@id\":\"https:\\\/\\\/casadecampoliving.com\\\/es\\\/flavors-world-peru-tiene-un-nuevo-chef-jaime-pesaque\\\/#article\",\"isPartOf\":{\"@id\":\"https:\\\/\\\/casadecampoliving.com\\\/es\\\/flavors-world-peru-tiene-un-nuevo-chef-jaime-pesaque\\\/\"},\"author\":{\"name\":\"Marlenys Guzm\u00e1n Casta\u00f1os\",\"@id\":\"https:\\\/\\\/casadecampoliving.com\\\/es\\\/#\\\/schema\\\/person\\\/b6606bd87f9cec8f5903e2141cafda24\"},\"headline\":\"\u00a1\u00bbFlavors of the World\u00bb Peru tiene un nuevo Chef: Jaime Pesaque!\",\"datePublished\":\"2016-11-14T04:00:00+00:00\",\"dateModified\":\"2022-10-21T23:06:31+00:00\",\"mainEntityOfPage\":{\"@id\":\"https:\\\/\\\/casadecampoliving.com\\\/es\\\/flavors-world-peru-tiene-un-nuevo-chef-jaime-pesaque\\\/\"},\"wordCount\":541,\"publisher\":{\"@id\":\"https:\\\/\\\/casadecampoliving.com\\\/es\\\/#organization\"},\"image\":{\"@id\":\"https:\\\/\\\/casadecampoliving.com\\\/es\\\/flavors-world-peru-tiene-un-nuevo-chef-jaime-pesaque\\\/#primaryimage\"},\"thumbnailUrl\":\"https:\\\/\\\/i0.wp.com\\\/casadecampoliving.com\\\/wp-content\\\/uploads\\\/2022\\\/10\\\/jaime-pesaque-home.jpg?fit=998%2C600&ssl=1\",\"keywords\":[\"beach club by le cirque @es\",\"chef\",\"Featured-TopView @es\",\"Flavors of the World @es\",\"lima\",\"peru\",\"playa minitas\"],\"articleSection\":[\"Celebridades\",\"Comidas &amp; Bebidas\",\"Estilo de Vida\",\"Eventos\",\"Proximamente\",\"Rep\u00fablica Dominicana @es\",\"Resort Casa de Campo\",\"Restaurantes\"],\"inLanguage\":\"es\"},{\"@type\":\"WebPage\",\"@id\":\"https:\\\/\\\/casadecampoliving.com\\\/es\\\/flavors-world-peru-tiene-un-nuevo-chef-jaime-pesaque\\\/\",\"url\":\"https:\\\/\\\/casadecampoliving.com\\\/es\\\/flavors-world-peru-tiene-un-nuevo-chef-jaime-pesaque\\\/\",\"name\":\"\u00a1\\\"Flavors of the World\\\" Peru tiene un nuevo Chef: Jaime Pesaque! | Casa de Campo Living\",\"isPartOf\":{\"@id\":\"https:\\\/\\\/casadecampoliving.com\\\/es\\\/#website\"},\"primaryImageOfPage\":{\"@id\":\"https:\\\/\\\/casadecampoliving.com\\\/es\\\/flavors-world-peru-tiene-un-nuevo-chef-jaime-pesaque\\\/#primaryimage\"},\"image\":{\"@id\":\"https:\\\/\\\/casadecampoliving.com\\\/es\\\/flavors-world-peru-tiene-un-nuevo-chef-jaime-pesaque\\\/#primaryimage\"},\"thumbnailUrl\":\"https:\\\/\\\/i0.wp.com\\\/casadecampoliving.com\\\/wp-content\\\/uploads\\\/2022\\\/10\\\/jaime-pesaque-home.jpg?fit=998%2C600&ssl=1\",\"datePublished\":\"2016-11-14T04:00:00+00:00\",\"dateModified\":\"2022-10-21T23:06:31+00:00\",\"description\":\"El&nbsp;pr\u00f3ximo Viernes 18, S\u00e1bado 19 y Domingo 20 de Noviembre, Casa de campo Resort &amp; Villas celebra una vez m\u00e1s su iniciativa gastron\u00f3mica \u201cFlavors\",\"breadcrumb\":{\"@id\":\"https:\\\/\\\/casadecampoliving.com\\\/es\\\/flavors-world-peru-tiene-un-nuevo-chef-jaime-pesaque\\\/#breadcrumb\"},\"inLanguage\":\"es\",\"potentialAction\":[{\"@type\":\"ReadAction\",\"target\":[\"https:\\\/\\\/casadecampoliving.com\\\/es\\\/flavors-world-peru-tiene-un-nuevo-chef-jaime-pesaque\\\/\"]}]},{\"@type\":\"ImageObject\",\"inLanguage\":\"es\",\"@id\":\"https:\\\/\\\/casadecampoliving.com\\\/es\\\/flavors-world-peru-tiene-un-nuevo-chef-jaime-pesaque\\\/#primaryimage\",\"url\":\"https:\\\/\\\/i0.wp.com\\\/casadecampoliving.com\\\/wp-content\\\/uploads\\\/2022\\\/10\\\/jaime-pesaque-home.jpg?fit=998%2C600&ssl=1\",\"contentUrl\":\"https:\\\/\\\/i0.wp.com\\\/casadecampoliving.com\\\/wp-content\\\/uploads\\\/2022\\\/10\\\/jaime-pesaque-home.jpg?fit=998%2C600&ssl=1\",\"width\":998,\"height\":600},{\"@type\":\"BreadcrumbList\",\"@id\":\"https:\\\/\\\/casadecampoliving.com\\\/es\\\/flavors-world-peru-tiene-un-nuevo-chef-jaime-pesaque\\\/#breadcrumb\",\"itemListElement\":[{\"@type\":\"ListItem\",\"position\":1,\"name\":\"Home\",\"item\":\"https:\\\/\\\/casadecampoliving.com\\\/es\\\/\"},{\"@type\":\"ListItem\",\"position\":2,\"name\":\"\u00a1&#8221;Flavors of the World&#8221; Peru tiene un nuevo Chef: Jaime Pesaque!\"}]},{\"@type\":\"WebSite\",\"@id\":\"https:\\\/\\\/casadecampoliving.com\\\/es\\\/#website\",\"url\":\"https:\\\/\\\/casadecampoliving.com\\\/es\\\/\",\"name\":\"Casa de Campo Living\",\"description\":\"Resort community news and resources.\",\"publisher\":{\"@id\":\"https:\\\/\\\/casadecampoliving.com\\\/es\\\/#organization\"},\"potentialAction\":[{\"@type\":\"SearchAction\",\"target\":{\"@type\":\"EntryPoint\",\"urlTemplate\":\"https:\\\/\\\/casadecampoliving.com\\\/es\\\/?s={search_term_string}\"},\"query-input\":{\"@type\":\"PropertyValueSpecification\",\"valueRequired\":true,\"valueName\":\"search_term_string\"}}],\"inLanguage\":\"es\"},{\"@type\":\"Organization\",\"@id\":\"https:\\\/\\\/casadecampoliving.com\\\/es\\\/#organization\",\"name\":\"Casa de Campo Living\",\"url\":\"https:\\\/\\\/casadecampoliving.com\\\/es\\\/\",\"logo\":{\"@type\":\"ImageObject\",\"inLanguage\":\"es\",\"@id\":\"https:\\\/\\\/casadecampoliving.com\\\/es\\\/#\\\/schema\\\/logo\\\/image\\\/\",\"url\":\"https:\\\/\\\/i0.wp.com\\\/casadecampoliving.com\\\/wp-content\\\/uploads\\\/2022\\\/07\\\/CDCLivingLogo_V1-white-sized.png?fit=800%2C214&ssl=1\",\"contentUrl\":\"https:\\\/\\\/i0.wp.com\\\/casadecampoliving.com\\\/wp-content\\\/uploads\\\/2022\\\/07\\\/CDCLivingLogo_V1-white-sized.png?fit=800%2C214&ssl=1\",\"width\":800,\"height\":214,\"caption\":\"Casa de Campo Living\"},\"image\":{\"@id\":\"https:\\\/\\\/casadecampoliving.com\\\/es\\\/#\\\/schema\\\/logo\\\/image\\\/\"},\"sameAs\":[\"https:\\\/\\\/www.facebook.com\\\/casadecampoliving\",\"https:\\\/\\\/x.com\\\/cdcliving\"]},{\"@type\":\"Person\",\"@id\":\"https:\\\/\\\/casadecampoliving.com\\\/es\\\/#\\\/schema\\\/person\\\/b6606bd87f9cec8f5903e2141cafda24\",\"name\":\"Marlenys Guzm\u00e1n Casta\u00f1os\",\"image\":{\"@type\":\"ImageObject\",\"inLanguage\":\"es\",\"@id\":\"https:\\\/\\\/secure.gravatar.com\\\/avatar\\\/72f3f86b8e6b3ec744201aeadf11d4a6055e8af194aecd9ad30ffff4437878ee?s=96&d=mm&r=g\",\"url\":\"https:\\\/\\\/secure.gravatar.com\\\/avatar\\\/72f3f86b8e6b3ec744201aeadf11d4a6055e8af194aecd9ad30ffff4437878ee?s=96&d=mm&r=g\",\"contentUrl\":\"https:\\\/\\\/secure.gravatar.com\\\/avatar\\\/72f3f86b8e6b3ec744201aeadf11d4a6055e8af194aecd9ad30ffff4437878ee?s=96&d=mm&r=g\",\"caption\":\"Marlenys Guzm\u00e1n Casta\u00f1os\"},\"url\":\"https:\\\/\\\/casadecampoliving.com\\\/es\\\/author\\\/mguzman\\\/\"}]}<\/script>\n<!-- \/ Yoast SEO plugin. -->","yoast_head_json":{"title":"\u00a1\"Flavors of the World\" Peru tiene un nuevo Chef: Jaime Pesaque! | Casa de Campo Living","description":"El&nbsp;pr\u00f3ximo Viernes 18, S\u00e1bado 19 y Domingo 20 de Noviembre, Casa de campo Resort &amp; Villas celebra una vez m\u00e1s su iniciativa gastron\u00f3mica \u201cFlavors","robots":{"index":"index","follow":"follow","max-snippet":"max-snippet:-1","max-image-preview":"max-image-preview:large","max-video-preview":"max-video-preview:-1"},"canonical":"https:\/\/casadecampoliving.com\/es\/flavors-world-peru-tiene-un-nuevo-chef-jaime-pesaque\/","og_locale":"es_ES","og_type":"article","og_title":"\u00a1\"Flavors of the World\" Peru tiene un nuevo Chef: Jaime Pesaque! | Casa de Campo Living","og_description":"El&nbsp;pr\u00f3ximo Viernes 18, S\u00e1bado 19 y Domingo 20 de Noviembre, Casa de campo Resort &amp; Villas celebra una vez m\u00e1s su iniciativa gastron\u00f3mica \u201cFlavors","og_url":"https:\/\/casadecampoliving.com\/es\/flavors-world-peru-tiene-un-nuevo-chef-jaime-pesaque\/","og_site_name":"Casa de Campo Living","article_publisher":"https:\/\/www.facebook.com\/casadecampoliving","article_published_time":"2016-11-14T04:00:00+00:00","article_modified_time":"2022-10-21T23:06:31+00:00","og_image":[{"width":998,"height":600,"url":"https:\/\/i0.wp.com\/casadecampoliving.com\/wp-content\/uploads\/2022\/10\/jaime-pesaque-home.jpg?fit=998%2C600&ssl=1","type":"image\/jpeg"}],"author":"Marlenys Guzm\u00e1n Casta\u00f1os","twitter_card":"summary_large_image","twitter_creator":"@cdcliving","twitter_site":"@cdcliving","twitter_misc":{"Escrito por":"Marlenys Guzm\u00e1n Casta\u00f1os","Tiempo de lectura":"3 minutos"},"schema":{"@context":"https:\/\/schema.org","@graph":[{"@type":"Article","@id":"https:\/\/casadecampoliving.com\/es\/flavors-world-peru-tiene-un-nuevo-chef-jaime-pesaque\/#article","isPartOf":{"@id":"https:\/\/casadecampoliving.com\/es\/flavors-world-peru-tiene-un-nuevo-chef-jaime-pesaque\/"},"author":{"name":"Marlenys Guzm\u00e1n Casta\u00f1os","@id":"https:\/\/casadecampoliving.com\/es\/#\/schema\/person\/b6606bd87f9cec8f5903e2141cafda24"},"headline":"\u00a1\u00bbFlavors of the World\u00bb Peru tiene un nuevo Chef: Jaime Pesaque!","datePublished":"2016-11-14T04:00:00+00:00","dateModified":"2022-10-21T23:06:31+00:00","mainEntityOfPage":{"@id":"https:\/\/casadecampoliving.com\/es\/flavors-world-peru-tiene-un-nuevo-chef-jaime-pesaque\/"},"wordCount":541,"publisher":{"@id":"https:\/\/casadecampoliving.com\/es\/#organization"},"image":{"@id":"https:\/\/casadecampoliving.com\/es\/flavors-world-peru-tiene-un-nuevo-chef-jaime-pesaque\/#primaryimage"},"thumbnailUrl":"https:\/\/i0.wp.com\/casadecampoliving.com\/wp-content\/uploads\/2022\/10\/jaime-pesaque-home.jpg?fit=998%2C600&ssl=1","keywords":["beach club by le cirque @es","chef","Featured-TopView @es","Flavors of the World @es","lima","peru","playa minitas"],"articleSection":["Celebridades","Comidas &amp; Bebidas","Estilo de Vida","Eventos","Proximamente","Rep\u00fablica Dominicana @es","Resort Casa de Campo","Restaurantes"],"inLanguage":"es"},{"@type":"WebPage","@id":"https:\/\/casadecampoliving.com\/es\/flavors-world-peru-tiene-un-nuevo-chef-jaime-pesaque\/","url":"https:\/\/casadecampoliving.com\/es\/flavors-world-peru-tiene-un-nuevo-chef-jaime-pesaque\/","name":"\u00a1\"Flavors of the World\" Peru tiene un nuevo Chef: Jaime Pesaque! | Casa de Campo Living","isPartOf":{"@id":"https:\/\/casadecampoliving.com\/es\/#website"},"primaryImageOfPage":{"@id":"https:\/\/casadecampoliving.com\/es\/flavors-world-peru-tiene-un-nuevo-chef-jaime-pesaque\/#primaryimage"},"image":{"@id":"https:\/\/casadecampoliving.com\/es\/flavors-world-peru-tiene-un-nuevo-chef-jaime-pesaque\/#primaryimage"},"thumbnailUrl":"https:\/\/i0.wp.com\/casadecampoliving.com\/wp-content\/uploads\/2022\/10\/jaime-pesaque-home.jpg?fit=998%2C600&ssl=1","datePublished":"2016-11-14T04:00:00+00:00","dateModified":"2022-10-21T23:06:31+00:00","description":"El&nbsp;pr\u00f3ximo Viernes 18, S\u00e1bado 19 y Domingo 20 de Noviembre, Casa de campo Resort &amp; Villas celebra una vez m\u00e1s su iniciativa gastron\u00f3mica \u201cFlavors","breadcrumb":{"@id":"https:\/\/casadecampoliving.com\/es\/flavors-world-peru-tiene-un-nuevo-chef-jaime-pesaque\/#breadcrumb"},"inLanguage":"es","potentialAction":[{"@type":"ReadAction","target":["https:\/\/casadecampoliving.com\/es\/flavors-world-peru-tiene-un-nuevo-chef-jaime-pesaque\/"]}]},{"@type":"ImageObject","inLanguage":"es","@id":"https:\/\/casadecampoliving.com\/es\/flavors-world-peru-tiene-un-nuevo-chef-jaime-pesaque\/#primaryimage","url":"https:\/\/i0.wp.com\/casadecampoliving.com\/wp-content\/uploads\/2022\/10\/jaime-pesaque-home.jpg?fit=998%2C600&ssl=1","contentUrl":"https:\/\/i0.wp.com\/casadecampoliving.com\/wp-content\/uploads\/2022\/10\/jaime-pesaque-home.jpg?fit=998%2C600&ssl=1","width":998,"height":600},{"@type":"BreadcrumbList","@id":"https:\/\/casadecampoliving.com\/es\/flavors-world-peru-tiene-un-nuevo-chef-jaime-pesaque\/#breadcrumb","itemListElement":[{"@type":"ListItem","position":1,"name":"Home","item":"https:\/\/casadecampoliving.com\/es\/"},{"@type":"ListItem","position":2,"name":"\u00a1&#8221;Flavors of the World&#8221; Peru tiene un nuevo Chef: Jaime Pesaque!"}]},{"@type":"WebSite","@id":"https:\/\/casadecampoliving.com\/es\/#website","url":"https:\/\/casadecampoliving.com\/es\/","name":"Casa de Campo Living","description":"Resort community news and resources.","publisher":{"@id":"https:\/\/casadecampoliving.com\/es\/#organization"},"potentialAction":[{"@type":"SearchAction","target":{"@type":"EntryPoint","urlTemplate":"https:\/\/casadecampoliving.com\/es\/?s={search_term_string}"},"query-input":{"@type":"PropertyValueSpecification","valueRequired":true,"valueName":"search_term_string"}}],"inLanguage":"es"},{"@type":"Organization","@id":"https:\/\/casadecampoliving.com\/es\/#organization","name":"Casa de Campo Living","url":"https:\/\/casadecampoliving.com\/es\/","logo":{"@type":"ImageObject","inLanguage":"es","@id":"https:\/\/casadecampoliving.com\/es\/#\/schema\/logo\/image\/","url":"https:\/\/i0.wp.com\/casadecampoliving.com\/wp-content\/uploads\/2022\/07\/CDCLivingLogo_V1-white-sized.png?fit=800%2C214&ssl=1","contentUrl":"https:\/\/i0.wp.com\/casadecampoliving.com\/wp-content\/uploads\/2022\/07\/CDCLivingLogo_V1-white-sized.png?fit=800%2C214&ssl=1","width":800,"height":214,"caption":"Casa de Campo Living"},"image":{"@id":"https:\/\/casadecampoliving.com\/es\/#\/schema\/logo\/image\/"},"sameAs":["https:\/\/www.facebook.com\/casadecampoliving","https:\/\/x.com\/cdcliving"]},{"@type":"Person","@id":"https:\/\/casadecampoliving.com\/es\/#\/schema\/person\/b6606bd87f9cec8f5903e2141cafda24","name":"Marlenys Guzm\u00e1n Casta\u00f1os","image":{"@type":"ImageObject","inLanguage":"es","@id":"https:\/\/secure.gravatar.com\/avatar\/72f3f86b8e6b3ec744201aeadf11d4a6055e8af194aecd9ad30ffff4437878ee?s=96&d=mm&r=g","url":"https:\/\/secure.gravatar.com\/avatar\/72f3f86b8e6b3ec744201aeadf11d4a6055e8af194aecd9ad30ffff4437878ee?s=96&d=mm&r=g","contentUrl":"https:\/\/secure.gravatar.com\/avatar\/72f3f86b8e6b3ec744201aeadf11d4a6055e8af194aecd9ad30ffff4437878ee?s=96&d=mm&r=g","caption":"Marlenys Guzm\u00e1n Casta\u00f1os"},"url":"https:\/\/casadecampoliving.com\/es\/author\/mguzman\/"}]}},"parsely":{"version":"1.1.0","canonical_url":"https:\/\/casadecampoliving.com\/es\/flavors-world-peru-tiene-un-nuevo-chef-jaime-pesaque\/","smart_links":{"inbound":0,"outbound":0},"traffic_boost_suggestions_count":0,"meta":{"@context":"https:\/\/schema.org","@type":"NewsArticle","headline":"\u00a1\u00bbFlavors of the World\u00bb Peru tiene un nuevo Chef: Jaime Pesaque!","url":"http:\/\/casadecampoliving.com\/es\/flavors-world-peru-tiene-un-nuevo-chef-jaime-pesaque\/","mainEntityOfPage":{"@type":"WebPage","@id":"http:\/\/casadecampoliving.com\/es\/flavors-world-peru-tiene-un-nuevo-chef-jaime-pesaque\/"},"thumbnailUrl":"https:\/\/i0.wp.com\/casadecampoliving.com\/wp-content\/uploads\/2022\/10\/jaime-pesaque-home.jpg?resize=150%2C150&ssl=1","image":{"@type":"ImageObject","url":"https:\/\/i0.wp.com\/casadecampoliving.com\/wp-content\/uploads\/2022\/10\/jaime-pesaque-home.jpg?fit=998%2C600&ssl=1"},"articleSection":"Celebridades","author":[{"@type":"Person","name":"Marlenys Guzm\u00e1n Casta\u00f1os"}],"creator":["Marlenys Guzm\u00e1n Casta\u00f1os"],"publisher":{"@type":"Organization","name":"Casa de Campo Living","logo":"https:\/\/casadecampoliving.com\/wp-content\/uploads\/2022\/07\/CDCLivingLogo_V1-white-sized.png"},"keywords":["beach club by le cirque @es","chef","featured-topview @es","flavors of the world @es","lima","peru","playa minitas"],"dateCreated":"2016-11-14T04:00:00Z","datePublished":"2016-11-14T04:00:00Z","dateModified":"2022-10-21T23:06:31Z"},"rendered":"<script type=\"application\/ld+json\" class=\"wp-parsely-metadata\">{\"@context\":\"https:\\\/\\\/schema.org\",\"@type\":\"NewsArticle\",\"headline\":\"\\u00a1\\u00bbFlavors of the World\\u00bb Peru tiene un nuevo Chef: Jaime Pesaque!\",\"url\":\"http:\\\/\\\/casadecampoliving.com\\\/es\\\/flavors-world-peru-tiene-un-nuevo-chef-jaime-pesaque\\\/\",\"mainEntityOfPage\":{\"@type\":\"WebPage\",\"@id\":\"http:\\\/\\\/casadecampoliving.com\\\/es\\\/flavors-world-peru-tiene-un-nuevo-chef-jaime-pesaque\\\/\"},\"thumbnailUrl\":\"https:\\\/\\\/i0.wp.com\\\/casadecampoliving.com\\\/wp-content\\\/uploads\\\/2022\\\/10\\\/jaime-pesaque-home.jpg?resize=150%2C150&ssl=1\",\"image\":{\"@type\":\"ImageObject\",\"url\":\"https:\\\/\\\/i0.wp.com\\\/casadecampoliving.com\\\/wp-content\\\/uploads\\\/2022\\\/10\\\/jaime-pesaque-home.jpg?fit=998%2C600&ssl=1\"},\"articleSection\":\"Celebridades\",\"author\":[{\"@type\":\"Person\",\"name\":\"Marlenys Guzm\\u00e1n Casta\\u00f1os\"}],\"creator\":[\"Marlenys Guzm\\u00e1n Casta\\u00f1os\"],\"publisher\":{\"@type\":\"Organization\",\"name\":\"Casa de Campo Living\",\"logo\":\"https:\\\/\\\/casadecampoliving.com\\\/wp-content\\\/uploads\\\/2022\\\/07\\\/CDCLivingLogo_V1-white-sized.png\"},\"keywords\":[\"beach club by le cirque @es\",\"chef\",\"featured-topview @es\",\"flavors of the world @es\",\"lima\",\"peru\",\"playa minitas\"],\"dateCreated\":\"2016-11-14T04:00:00Z\",\"datePublished\":\"2016-11-14T04:00:00Z\",\"dateModified\":\"2022-10-21T23:06:31Z\"}<\/script>","tracker_url":"https:\/\/cdn.parsely.com\/keys\/casadecampoliving.com\/p.js"},"jetpack_publicize_connections":[],"jetpack_featured_media_url":"https:\/\/i0.wp.com\/casadecampoliving.com\/wp-content\/uploads\/2022\/10\/jaime-pesaque-home.jpg?fit=998%2C600&ssl=1","jetpack-related-posts":[{"id":352979,"url":"https:\/\/casadecampoliving.com\/es\/el-ultimo-del-ano-flavors-of-the-world-presenta-a-peru-con-renzo-garibaldi\/","url_meta":{"origin":350810,"position":0},"title":"\u00a1El \u00faltimo del a\u00f1o! Flavors of the World presenta a Per\u00fa con Renzo Garibaldi","author":"Casa de Campo Living","date":"2 Nov, 2018","format":false,"excerpt":"Este es el final del tercer a\u00f1o para Flavors of the World en Casa de Campo \u00a1y ha sido verdaderamente exquisito! Flavors of the World de este a\u00f1o se ha dedicado a Am\u00e9rica Latina, con chefs de Guadalajara, Chile, Bolivia, Argentina y Venezuela. La \u00faltima edici\u00f3n del a\u00f1o se llevar\u00e1\u2026","rel":"","context":"En \u00abComidas &amp; Bebidas\u00bb","block_context":{"text":"Comidas &amp; Bebidas","link":"https:\/\/casadecampoliving.com\/es\/category\/comidas-bebidas\/"},"img":{"alt_text":"","src":"https:\/\/i0.wp.com\/casadecampoliving.com\/wp-content\/uploads\/2018\/11\/Osso-Restaurant-Renzo-Garibaldi-Flavors-of-the-World.jpg?resize=350%2C200&ssl=1","width":350,"height":200,"srcset":"https:\/\/i0.wp.com\/casadecampoliving.com\/wp-content\/uploads\/2018\/11\/Osso-Restaurant-Renzo-Garibaldi-Flavors-of-the-World.jpg?resize=350%2C200&ssl=1 1x, https:\/\/i0.wp.com\/casadecampoliving.com\/wp-content\/uploads\/2018\/11\/Osso-Restaurant-Renzo-Garibaldi-Flavors-of-the-World.jpg?resize=525%2C300&ssl=1 1.5x, https:\/\/i0.wp.com\/casadecampoliving.com\/wp-content\/uploads\/2018\/11\/Osso-Restaurant-Renzo-Garibaldi-Flavors-of-the-World.jpg?resize=700%2C400&ssl=1 2x"},"classes":[]},{"id":350777,"url":"https:\/\/casadecampoliving.com\/es\/flavors-of-the-world-peru-con-chef-rafael-piqueras\/","url_meta":{"origin":350810,"position":1},"title":"*ACTUALIZACI\u00d3N: un nuevo chef de Per\u00fa: Jaime Pesaque!* \u00abFlavors of the World\u00bb Peru es el fin de semana que viene con Rafael Piqueras","author":"Heather Lincoln","date":"8 Nov, 2016","format":false,"excerpt":"*ACTUALIZACI\u00d3N: \u00a1\u201dFlavors of the World\u201d anuncia un nuevo chef de Per\u00fa: Jaime Pesaque! \u00a1Vea el art\u00edculo actualizado aqu\u00ed!*\u00a0Tengo que admitir que\u00a0los fines de semana que he pasado en Casa de Campo incluyen algunas de las mejores experiencias culinarias\u00a0que he tenido, y con los eventos gastron\u00f3micos de Flavors of the World\u00a0tendr\u00e9\u2026","rel":"","context":"En \u00abAltos de Chavon @es\u00bb","block_context":{"text":"Altos de Chavon @es","link":"https:\/\/casadecampoliving.com\/category\/altos-de-chavon-es\/"},"img":{"alt_text":"Rafael Piqueras","src":"https:\/\/i0.wp.com\/casadecampoliving.com\/wp-content\/uploads\/2022\/10\/rafael_piqueras_maras.jpg?fit=700%2C467&ssl=1&resize=350%2C200","width":350,"height":200,"srcset":"https:\/\/i0.wp.com\/casadecampoliving.com\/wp-content\/uploads\/2022\/10\/rafael_piqueras_maras.jpg?fit=700%2C467&ssl=1&resize=350%2C200 1x, https:\/\/i0.wp.com\/casadecampoliving.com\/wp-content\/uploads\/2022\/10\/rafael_piqueras_maras.jpg?fit=700%2C467&ssl=1&resize=525%2C300 1.5x, https:\/\/i0.wp.com\/casadecampoliving.com\/wp-content\/uploads\/2022\/10\/rafael_piqueras_maras.jpg?fit=700%2C467&ssl=1&resize=700%2C400 2x"},"classes":[]},{"id":350851,"url":"https:\/\/casadecampoliving.com\/es\/casa-de-campo-encanta-todos-con-flavors-world-peru\/","url_meta":{"origin":350810,"position":2},"title":"Casa de Campo encanta a todos con Flavors of the World Peru","author":"Heather Lincoln","date":"28 Nov, 2016","format":false,"excerpt":"Los fines de semana de Flavors of the World suelen atraer a mucha gente de\u00a0Casa de Campo y los que viven en la capital, y esta \u00faltima edici\u00f3n con el chef Jaime Pesaque no fue la excepci\u00f3n. Todos los cupos del\u00a0tan esperado evento \u00a0se agotaron \u00a1en su primera noche! El\u2026","rel":"","context":"En \u00abRestaurantes\u00bb","block_context":{"text":"Restaurantes","link":"https:\/\/casadecampoliving.com\/es\/category\/restaurantes-es\/"},"img":{"alt_text":"Flavors of the World Peru","src":"https:\/\/i0.wp.com\/casadecampoliving.com\/wp-content\/uploads\/2022\/10\/Flavors_of_the_World_Peru_dinner09.jpg?fit=1000%2C668&ssl=1&resize=350%2C200","width":350,"height":200,"srcset":"https:\/\/i0.wp.com\/casadecampoliving.com\/wp-content\/uploads\/2022\/10\/Flavors_of_the_World_Peru_dinner09.jpg?fit=1000%2C668&ssl=1&resize=350%2C200 1x, https:\/\/i0.wp.com\/casadecampoliving.com\/wp-content\/uploads\/2022\/10\/Flavors_of_the_World_Peru_dinner09.jpg?fit=1000%2C668&ssl=1&resize=525%2C300 1.5x, https:\/\/i0.wp.com\/casadecampoliving.com\/wp-content\/uploads\/2022\/10\/Flavors_of_the_World_Peru_dinner09.jpg?fit=1000%2C668&ssl=1&resize=700%2C400 2x"},"classes":[]},{"id":350510,"url":"https:\/\/casadecampoliving.com\/es\/flavors-of-the-world-mexico-fiesta-barbacoa\/","url_meta":{"origin":350810,"position":3},"title":"Una fiesta y barbacoa con mucho sabor en Playa Minitas gracias al Flavors of the World M\u00e9xico *Actualizado: \u00a1M\u00e1s Fotos!*","author":"Heather Lincoln","date":"19 Sep, 2016","format":false,"excerpt":"Al igual que su predecesor - Flavors of the world Miami, \u00a1la barbacoa y fiesta en la playa del s\u00e1bado en playa Minitas de Flavors of the World M\u00e9xico fue un gran \u00e9xito! El Chef Gerardo V\u00e1zquez Lugo del restaurante Nicos en el D. F. nos trajo lo mejor de\u2026","rel":"","context":"En \u00abRep\u00fablica Dominicana @es\u00bb","block_context":{"text":"Rep\u00fablica Dominicana @es","link":"https:\/\/casadecampoliving.com\/es\/category\/republica-dominicana-2\/"},"img":{"alt_text":"Flavors of the World Minitas Beach Party","src":"https:\/\/i0.wp.com\/casadecampoliving.com\/wp-content\/uploads\/2022\/10\/Flavors_of_the_World_Minitas_Beach_01-1.jpg?fit=1000%2C667&ssl=1&resize=350%2C200","width":350,"height":200,"srcset":"https:\/\/i0.wp.com\/casadecampoliving.com\/wp-content\/uploads\/2022\/10\/Flavors_of_the_World_Minitas_Beach_01-1.jpg?fit=1000%2C667&ssl=1&resize=350%2C200 1x, https:\/\/i0.wp.com\/casadecampoliving.com\/wp-content\/uploads\/2022\/10\/Flavors_of_the_World_Minitas_Beach_01-1.jpg?fit=1000%2C667&ssl=1&resize=525%2C300 1.5x, https:\/\/i0.wp.com\/casadecampoliving.com\/wp-content\/uploads\/2022\/10\/Flavors_of_the_World_Minitas_Beach_01-1.jpg?fit=1000%2C667&ssl=1&resize=700%2C400 2x"},"classes":[]},{"id":353492,"url":"https:\/\/casadecampoliving.com\/es\/casa-de-campo-presenta-oficialmente-los-flavors-del-2019-durante-un-coctel-en-minitas-beach-club\/","url_meta":{"origin":350810,"position":4},"title":"Casa de Campo presenta oficialmente los Flavors del 2019 durante un coctel en Minitas Beach Club","author":"Casa de Campo Resort","date":"12 Jul, 2019","format":false,"excerpt":"El pasado jueves 4 de julio, y en un fin de semana dedicado a la sensualidad de la gastronom\u00eda peruana, Casa de Campo Resort & Villas present\u00f3 en Minitas Beach Club su calendario Flavors para el 2019. Ambientado con luces rojiblancas en honor a Per\u00fa y con el sonido de\u2026","rel":"","context":"En \u00abCasa de Campo Resort\u00bb","block_context":{"text":"Casa de Campo Resort","link":"https:\/\/casadecampoliving.com\/category\/casa-de-campo-resort\/"},"img":{"alt_text":"","src":"https:\/\/i0.wp.com\/casadecampoliving.com\/wp-content\/uploads\/2022\/10\/FOTO-PRINCIPAL.jpg?fit=1000%2C667&ssl=1&resize=350%2C200","width":350,"height":200,"srcset":"https:\/\/i0.wp.com\/casadecampoliving.com\/wp-content\/uploads\/2022\/10\/FOTO-PRINCIPAL.jpg?fit=1000%2C667&ssl=1&resize=350%2C200 1x, https:\/\/i0.wp.com\/casadecampoliving.com\/wp-content\/uploads\/2022\/10\/FOTO-PRINCIPAL.jpg?fit=1000%2C667&ssl=1&resize=525%2C300 1.5x, https:\/\/i0.wp.com\/casadecampoliving.com\/wp-content\/uploads\/2022\/10\/FOTO-PRINCIPAL.jpg?fit=1000%2C667&ssl=1&resize=700%2C400 2x"},"classes":[]},{"id":350855,"url":"https:\/\/casadecampoliving.com\/es\/chef-vitor-matos-de-portugal-ultima-edicion-de-flavors-world\/","url_meta":{"origin":350810,"position":5},"title":"Chef Vitor Matos de Portugal llega a Casa de Campo para la \u00faltima edici\u00f3n de \u00abFlavors of the World\u00bb","author":"Marlenys Guzm\u00e1n Casta\u00f1os","date":"29 Nov, 2016","format":false,"excerpt":"Una serie de actividades para esta temporada de fiestas llenan nuestro calendario de Navidad de Casa de Campo \u00a1y comienzan este s\u00e1bado con la presentaci\u00f3n de la Escuela de Ballet\u00a0Elizabeth P. Zeller! Pero antes de que entremos totalmente en la temporada de villancicos y fiestas, Casa de Campo nos trae\u2026","rel":"","context":"En \u00abComidas &amp; Bebidas\u00bb","block_context":{"text":"Comidas &amp; Bebidas","link":"https:\/\/casadecampoliving.com\/es\/category\/comidas-bebidas\/"},"img":{"alt_text":"Antiqvvm, Portugal","src":"https:\/\/i0.wp.com\/casadecampoliving.com\/wp-content\/uploads\/2022\/10\/Antiqvvm_Portugal-e1480444798465.jpg?fit=1000%2C667&ssl=1&resize=350%2C200","width":350,"height":200,"srcset":"https:\/\/i0.wp.com\/casadecampoliving.com\/wp-content\/uploads\/2022\/10\/Antiqvvm_Portugal-e1480444798465.jpg?fit=1000%2C667&ssl=1&resize=350%2C200 1x, https:\/\/i0.wp.com\/casadecampoliving.com\/wp-content\/uploads\/2022\/10\/Antiqvvm_Portugal-e1480444798465.jpg?fit=1000%2C667&ssl=1&resize=525%2C300 1.5x, https:\/\/i0.wp.com\/casadecampoliving.com\/wp-content\/uploads\/2022\/10\/Antiqvvm_Portugal-e1480444798465.jpg?fit=1000%2C667&ssl=1&resize=700%2C400 2x"},"classes":[]}],"jetpack_sharing_enabled":true,"_links":{"self":[{"href":"https:\/\/casadecampoliving.com\/es\/wp-json\/wp\/v2\/posts\/350810","targetHints":{"allow":["GET"]}}],"collection":[{"href":"https:\/\/casadecampoliving.com\/es\/wp-json\/wp\/v2\/posts"}],"about":[{"href":"https:\/\/casadecampoliving.com\/es\/wp-json\/wp\/v2\/types\/post"}],"author":[{"embeddable":true,"href":"https:\/\/casadecampoliving.com\/es\/wp-json\/wp\/v2\/users\/36682"}],"replies":[{"embeddable":true,"href":"https:\/\/casadecampoliving.com\/es\/wp-json\/wp\/v2\/comments?post=350810"}],"version-history":[{"count":1,"href":"https:\/\/casadecampoliving.com\/es\/wp-json\/wp\/v2\/posts\/350810\/revisions"}],"predecessor-version":[{"id":350811,"href":"https:\/\/casadecampoliving.com\/es\/wp-json\/wp\/v2\/posts\/350810\/revisions\/350811"}],"wp:featuredmedia":[{"embeddable":true,"href":"https:\/\/casadecampoliving.com\/es\/wp-json\/wp\/v2\/media\/313632"}],"wp:attachment":[{"href":"https:\/\/casadecampoliving.com\/es\/wp-json\/wp\/v2\/media?parent=350810"}],"wp:term":[{"taxonomy":"category","embeddable":true,"href":"https:\/\/casadecampoliving.com\/es\/wp-json\/wp\/v2\/categories?post=350810"},{"taxonomy":"post_tag","embeddable":true,"href":"https:\/\/casadecampoliving.com\/es\/wp-json\/wp\/v2\/tags?post=350810"},{"taxonomy":"newspack_spnsrs_tax","embeddable":true,"href":"https:\/\/casadecampoliving.com\/es\/wp-json\/wp\/v2\/newspack_spnsrs_tax?post=350810"}],"curies":[{"name":"wp","href":"https:\/\/api.w.org\/{rel}","templated":true}]}}