{"id":350806,"date":"2016-11-14T00:00:00","date_gmt":"2016-11-14T04:00:00","guid":{"rendered":"https:\/\/casadecampoliving.com\/cafe-de-la-leche-noviembre\/"},"modified":"2022-10-21T19:06:19","modified_gmt":"2022-10-21T23:06:19","slug":"cafe-de-la-leche-noviembre","status":"publish","type":"post","link":"https:\/\/casadecampoliving.com\/es\/cafe-de-la-leche-noviembre\/","title":{"rendered":"Celebre junto con Joyce Berman, actual presidenta de Adopte una Cuna, el Caf\u00e9 de la Leche de este mes"},"content":{"rendered":"\n<p>\u00a1Esta semana, Caf\u00e9 de la Leche tiene una anfitriona especial! Nada m\u00e1s y nada menos que la se\u00f1ora Joyce Berman, presidenta del programa Adopte una Cuna del Hogar del Ni\u00f1o, nos invita a su casa en&nbsp;Campo de Campo este viernes 18 de noviembre a las 5:00 p.m.<\/p>\n\n\n\n<!--more-->\n\n\n<div class=\"wp-block-image\">\n<figure class=\"aligncenter is-resized\"><img loading=\"lazy\" decoding=\"async\" src=\"https:\/\/i0.wp.com\/casadecampoliving.com\/wp-content\/uploads\/2022\/10\/IMG_7942-e1479146715633.jpg?resize=1000%2C667&amp;ssl=1\" alt=\"Caf\u00e9 de la Leche\" class=\"wp-image-128093\" height=\"667\" width=\"1000\"\/><\/figure>\n<\/div>\n\n\n<p>En 1996, el programa Adopte una Cuna se form\u00f3 bajo la direcci\u00f3n de la Sra. Phyllis Berney y durante las \u00faltimas dos d\u00e9cadas ha sido capaz de verla florecer. La se\u00f1ora Berman, la cual&nbsp;vive la mayor parte del a\u00f1o en Nueva York, ha regresado recientemente para la temporada de invierno. Ella es una entusiasta partidaria del Hogar del Ni\u00f1o y adem\u00e1s de ser una gran amiga de la Sra. Berney ha sido residente de Casa de Campo desde hace mucho tiempo. Sus iniciativas a lo largo del a\u00f1o han ayudado el programa Adopte una Cuna a crecer.<\/p>\n\n\n<div class=\"wp-block-image\">\n<figure class=\"aligncenter is-resized\"><img loading=\"lazy\" decoding=\"async\" src=\"https:\/\/i0.wp.com\/casadecampoliving.com\/wp-content\/uploads\/2022\/10\/Phyllis_Berney.jpg?resize=1000%2C667&amp;ssl=1\" alt=\"Adopt a Crib - Phyllis Berney\" class=\"wp-image-128092\" height=\"667\" width=\"1000\"\/><\/figure>\n<\/div>\n\n\n<p>A principios de este a\u00f1o, la Sra. Berney se\u00f1al\u00f3 su entusiasmo y agradecimiento por el apoyo recibido durante todo el a\u00f1o la iniciativa <a href=\"https:\/\/casadecampoliving.com\/es\/encantadora-cena-adopte-una-cuna\/\">Adopte una Cuna durante su cena anual en febrero, <\/a>donde se celebr\u00f3 a todos&nbsp;sus benefactores y los&nbsp;logros del programa:<\/p>\n\n\n\n<p><b>\u201c<\/b><strong>Siempre nos planteamos el reto de hacerlo mejor cada a\u00f1o y este a\u00f1o hemos superado el reto. El a\u00f1o que viene tenemos una nueva meta que superar en nuestros esfuerzos de recaudaci\u00f3n de fondos, y vamos a mantenernos firmes. Les doy las gracias por su generosidad sin precedentes en los 20 a\u00f1os del programa \u201cAdopte una Cuna\u201d\u2026.La cena es para mostrar nuestro agradecimiento, su generosidad no se toma a la ligera o la bondad detr\u00e1s de sus acciones.\u201d<\/strong><\/p>\n\n\n\n<p>\u00a1Venga y reunase con todos los que apoyamos en Patronato Ben\u00e9ficio Oriental este viernes en Punta Minitas # 35A y aprenda m\u00e1s sobre sus iniciativas y progresos actuales !!<\/p>\n\n\n\n<blockquote><figure><img decoding=\"async\" loading=\"lazy\" class=\"size-full wp-image-128091 aligncenter\" src=\"https:\/\/i0.wp.com\/casadecampoliving.com\/wp-content\/uploads\/2022\/10\/Cafe_de_la_Leche-e1479142792717.jpg?resize=773%2C1000&amp;ssl=1\" alt=\"Caf\u00e9 de la Leche November 2016\" width=\"773\" height=\"1000\"><\/figure><p><strong>Cu\u00e1ndo: <\/strong>Viernes 18 de noviembre<\/p><p><strong>D\u00f3nde:&nbsp;<\/strong>Punta Minitas #35A<\/p><p><strong>Hora:&nbsp;<\/strong>5 pm \u2013 7 pm<\/p><p><strong>Contribuci\u00f3n:&nbsp;<\/strong>Milex Kinder, Gold, NAN, Enfamil, Alacta Plus, Nido Crecimiento de&nbsp;1,800 gramos, o RD $1,200<\/p><\/blockquote>\n\n\n\n<blockquote><h4 class=\"post-title left\"><a href=\"https:\/\/casadecampoliving.com\/es\/fiesta-de-te-durante-el-cafe-de-la-leche-del-mes-de-octubre\/\">Un elegante coctel y fiesta de t\u00e9 durante el Caf\u00e9 de la Leche del mes de octubre *\u00a1NUEVAS FOTOS!*<\/a><\/h4><figure><img decoding=\"async\" loading=\"lazy\" data-amp-lightbox=\"true\" lightbox=\"true\" class=\"wp-image-125188 size-full aligncenter\" src=\"https:\/\/i0.wp.com\/casadecampoliving.com\/wp-content\/uploads\/2022\/10\/IMG_7902-e1476149565213-1.jpg?resize=830%2C667&amp;ssl=1\" alt=\"Caf\u00e9 de la Leche Tea Party\" width=\"830\" height=\"667\"><\/figure><p>Cada mes tenemos la suerte de estar en contacto con amigos y celebrar una causa muy especial. Caf\u00e9 de la Leche recolecta&nbsp;donaciones para la Sala&nbsp;Cuna del Hogar del Ni\u00f1o, que alimenta a m\u00e1s de 200 beb\u00e9s todos los d\u00edas, \u00a1y gracias a las&nbsp;contribuciones entregadas durante el&nbsp;Caf\u00e9 de la Leche se logra suministrar m\u00e1s del 80% de la leche y formula necesaria! Uno de los mejores aspectos de estas reuniones, adem\u00e1s de ayudar a los ni\u00f1os de La Romana, es vestirse&nbsp;para las fiestas tematicas \u00a1las cuales se han convertido en una tendencia agradable! <a href=\"https:\/\/casadecampoliving.com\/es\/fiesta-de-te-durante-el-cafe-de-la-leche-del-mes-de-octubre\/\">Seguir leyendo aqu\u00ed.<\/a><\/p><\/blockquote>\n\n\n\n<blockquote><p><strong>The Hogar del Ni\u00f1o<\/strong><\/p><figure><img decoding=\"async\" loading=\"lazy\" class=\"alignright\" title=\"hogar_del_nino\" src=\"https:\/\/i0.wp.com\/casadecampoliving.com\/wp-content\/uploads\/2022\/10\/hogar_del_nino-28.jpg?resize=200%2C105&amp;ssl=1\" alt=\"hogar del nino \" width=\"200\" height=\"105\"><\/figure><p style=\"text-align: justify;\">El Hogar del Ni\u00f1o es un centro educacional y de cuidado para m\u00e1s de 1,500 ni\u00f1os, ubicado en el pueblo de La Romana, justo a las afueras de Casa de Campo. Ni\u00f1os que van desde los pocas semanas de nacidos hasta los 18 a\u00f1os de edad, son cuidados y educados a diario desde las 5:30am las 7pm.<\/p><p style=\"text-align: justify;\">La organizaci\u00f3n tambi\u00e9n provee educaci\u00f3n especial para ni\u00f1os especiales que padecen de ceguera o con limitaciones auditivas, al igual que una escuela vocacional en la que m\u00e1s de 235 estudiantes reciben educaci\u00f3n en las distintas \u00e1reas como: costura, preparaci\u00f3n industrial, mantenimiento e instalaci\u00f3n el\u00e9ctrica; manejo de programas de c\u00f3mputos.<\/p><p style=\"text-align: justify;\"><strong>Comun\u00edquese con el Hogar del Ni\u00f1o al:<br>\nTel:&nbsp;<\/strong>(809) 523-8901<strong>&nbsp;<\/strong>o al (809) 556-3181<strong><br>\nEmail:&nbsp;<\/strong><a href=\"mailto:info@pbo.org.do\" target=\"_blank\" rel=\"noopener\">info@pbo.org.do<\/a><strong><br>\nSitio Web:&nbsp;<\/strong><a href=\"http:\/\/pbo.org.do\/site\/es\/\" target=\"_blank\" rel=\"noopener\">pbo.org.do<\/a><\/p><\/blockquote>\n","protected":false},"excerpt":{"rendered":"<p>\u00a1Esta semana, Caf\u00e9 de la Leche tiene una anfitriona especial! Nada m\u00e1s y nada menos que la se\u00f1ora Joyce Berman, presidenta del programa Adopte una Cuna del Hogar del Ni\u00f1o, nos invita a su casa en&nbsp;Campo de Campo este viernes 18 de noviembre a las 5:00 p.m.<\/p>\n","protected":false},"author":36681,"featured_media":313570,"comment_status":"closed","ping_status":"closed","sticky":false,"template":"","format":"standard","meta":{"newspack_ads_suppress_ads":false,"newspack_popups_has_disabled_popups":false,"newspack_sponsor_sponsorship_scope":"","newspack_sponsor_native_byline_display":"inherit","newspack_sponsor_native_category_display":"inherit","newspack_sponsor_underwriter_style":"inherit","newspack_sponsor_underwriter_placement":"inherit","_newspack_byline_active":false,"_newspack_byline":"","newspack_hide_updated_date":false,"newspack_show_updated_date":false,"newspack_content_restriction_is_exempt":false,"newspack_featured_image_position":"","newspack_post_subtitle":"","newspack_article_summary_title":"Overview:","newspack_article_summary":"","_jetpack_memberships_contains_paid_content":false,"footnotes":"","jetpack_publicize_message":"","jetpack_publicize_feature_enabled":true,"jetpack_social_post_already_shared":false,"jetpack_social_options":{"image_generator_settings":{"template":"highway","default_image_id":0,"font":"","enabled":false},"version":2},"_wpas_customize_per_network":false},"categories":[14629,14631,2522,2514,2516,14625,14627,2521],"tags":[19842,23755,4484,9917,8676,23828,3177,8658],"newspack_spnsrs_tax":[],"class_list":["post-350806","post","type-post","status-publish","format-standard","has-post-thumbnail","hentry","category-comidas-bebidas","category-estilo-de-vida","category-eventos-es","category-fundaciones-es","category-hogar-del-nino-es","category-noticias-locales","category-proximamente","category-republica-dominicana-2","tag-bebes","tag-cafe-de-la-leche-es-5","tag-el-hogar-del-nino","tag-evento","tag-ninos","tag-patronato-benefico-oriental-es-2","tag-pbo","tag-sala-cuna","entry"],"yoast_head":"<!-- This site is optimized with the Yoast SEO plugin v27.5 - https:\/\/yoast.com\/product\/yoast-seo-wordpress\/ -->\n<title>Celebre junto con Joyce Berman, actual presidenta de Adopte una Cuna, el Caf\u00e9 de la Leche de este mes | Casa de Campo Living<\/title>\n<meta name=\"description\" content=\"\u00a1Esta semana, Caf\u00e9 de la Leche tiene una anfitriona especial! Nada m\u00e1s y nada menos que la se\u00f1ora Joyce Berman, presidenta del programa Adopte una Cuna\" \/>\n<meta name=\"robots\" content=\"index, follow, max-snippet:-1, max-image-preview:large, max-video-preview:-1\" \/>\n<link rel=\"canonical\" href=\"https:\/\/casadecampoliving.com\/es\/cafe-de-la-leche-noviembre\/\" \/>\n<meta property=\"og:locale\" content=\"es_ES\" \/>\n<meta property=\"og:type\" content=\"article\" \/>\n<meta property=\"og:title\" content=\"Celebre junto con Joyce Berman, actual presidenta de Adopte una Cuna, el Caf\u00e9 de la Leche de este mes | Casa de Campo Living\" \/>\n<meta property=\"og:description\" content=\"\u00a1Esta semana, Caf\u00e9 de la Leche tiene una anfitriona especial! Nada m\u00e1s y nada menos que la se\u00f1ora Joyce Berman, presidenta del programa Adopte una Cuna\" \/>\n<meta property=\"og:url\" content=\"https:\/\/casadecampoliving.com\/es\/cafe-de-la-leche-noviembre\/\" \/>\n<meta property=\"og:site_name\" content=\"Casa de Campo Living\" \/>\n<meta property=\"article:publisher\" content=\"https:\/\/www.facebook.com\/casadecampoliving\" \/>\n<meta property=\"article:published_time\" content=\"2016-11-14T04:00:00+00:00\" \/>\n<meta property=\"article:modified_time\" content=\"2022-10-21T23:06:19+00:00\" \/>\n<meta property=\"og:image\" content=\"https:\/\/i0.wp.com\/casadecampoliving.com\/wp-content\/uploads\/2022\/10\/IMG_7911-e1479146756854.jpg?fit=1000%2C667&ssl=1\" \/>\n\t<meta property=\"og:image:width\" content=\"1000\" \/>\n\t<meta property=\"og:image:height\" content=\"667\" \/>\n\t<meta property=\"og:image:type\" content=\"image\/jpeg\" \/>\n<meta name=\"author\" content=\"Heather Lincoln\" \/>\n<meta name=\"twitter:card\" content=\"summary_large_image\" \/>\n<meta name=\"twitter:creator\" content=\"@cdcliving\" \/>\n<meta name=\"twitter:site\" content=\"@cdcliving\" \/>\n<meta name=\"twitter:label1\" content=\"Escrito por\" \/>\n\t<meta name=\"twitter:data1\" content=\"Heather Lincoln\" \/>\n\t<meta name=\"twitter:label2\" content=\"Tiempo de lectura\" \/>\n\t<meta name=\"twitter:data2\" content=\"3 minutos\" \/>\n<script type=\"application\/ld+json\" class=\"yoast-schema-graph\">{\"@context\":\"https:\\\/\\\/schema.org\",\"@graph\":[{\"@type\":\"Article\",\"@id\":\"https:\\\/\\\/casadecampoliving.com\\\/es\\\/cafe-de-la-leche-noviembre\\\/#article\",\"isPartOf\":{\"@id\":\"https:\\\/\\\/casadecampoliving.com\\\/es\\\/cafe-de-la-leche-noviembre\\\/\"},\"author\":{\"name\":\"Heather Lincoln\",\"@id\":\"https:\\\/\\\/casadecampoliving.com\\\/es\\\/#\\\/schema\\\/person\\\/e3abfc63c1478fd703266a6f33a3145d\"},\"headline\":\"Celebre junto con Joyce Berman, actual presidenta de Adopte una Cuna, el Caf\u00e9 de la Leche de este mes\",\"datePublished\":\"2016-11-14T04:00:00+00:00\",\"dateModified\":\"2022-10-21T23:06:19+00:00\",\"mainEntityOfPage\":{\"@id\":\"https:\\\/\\\/casadecampoliving.com\\\/es\\\/cafe-de-la-leche-noviembre\\\/\"},\"wordCount\":649,\"publisher\":{\"@id\":\"https:\\\/\\\/casadecampoliving.com\\\/es\\\/#organization\"},\"image\":{\"@id\":\"https:\\\/\\\/casadecampoliving.com\\\/es\\\/cafe-de-la-leche-noviembre\\\/#primaryimage\"},\"thumbnailUrl\":\"https:\\\/\\\/i0.wp.com\\\/casadecampoliving.com\\\/wp-content\\\/uploads\\\/2022\\\/10\\\/IMG_7911-e1479146756854.jpg?fit=1000%2C667&ssl=1\",\"keywords\":[\"bebes\",\"cafe de la leche\",\"el hogar del nino\",\"evento\",\"ni\u00f1os\",\"patronato ben\u00e9fico oriental\",\"pbo\",\"Sala Cuna\"],\"articleSection\":[\"Comidas &amp; Bebidas\",\"Estilo de Vida\",\"Eventos\",\"Fundaciones\",\"Hogar del Ni\u00f1o @es\",\"Noticias Locales\",\"Proximamente\",\"Rep\u00fablica Dominicana @es\"],\"inLanguage\":\"es\"},{\"@type\":\"WebPage\",\"@id\":\"https:\\\/\\\/casadecampoliving.com\\\/es\\\/cafe-de-la-leche-noviembre\\\/\",\"url\":\"https:\\\/\\\/casadecampoliving.com\\\/es\\\/cafe-de-la-leche-noviembre\\\/\",\"name\":\"Celebre junto con Joyce Berman, actual presidenta de Adopte una Cuna, el Caf\u00e9 de la Leche de este mes | Casa de Campo Living\",\"isPartOf\":{\"@id\":\"https:\\\/\\\/casadecampoliving.com\\\/es\\\/#website\"},\"primaryImageOfPage\":{\"@id\":\"https:\\\/\\\/casadecampoliving.com\\\/es\\\/cafe-de-la-leche-noviembre\\\/#primaryimage\"},\"image\":{\"@id\":\"https:\\\/\\\/casadecampoliving.com\\\/es\\\/cafe-de-la-leche-noviembre\\\/#primaryimage\"},\"thumbnailUrl\":\"https:\\\/\\\/i0.wp.com\\\/casadecampoliving.com\\\/wp-content\\\/uploads\\\/2022\\\/10\\\/IMG_7911-e1479146756854.jpg?fit=1000%2C667&ssl=1\",\"datePublished\":\"2016-11-14T04:00:00+00:00\",\"dateModified\":\"2022-10-21T23:06:19+00:00\",\"description\":\"\u00a1Esta semana, Caf\u00e9 de la Leche tiene una anfitriona especial! Nada m\u00e1s y nada menos que la se\u00f1ora Joyce Berman, presidenta del programa Adopte una Cuna\",\"breadcrumb\":{\"@id\":\"https:\\\/\\\/casadecampoliving.com\\\/es\\\/cafe-de-la-leche-noviembre\\\/#breadcrumb\"},\"inLanguage\":\"es\",\"potentialAction\":[{\"@type\":\"ReadAction\",\"target\":[\"https:\\\/\\\/casadecampoliving.com\\\/es\\\/cafe-de-la-leche-noviembre\\\/\"]}]},{\"@type\":\"ImageObject\",\"inLanguage\":\"es\",\"@id\":\"https:\\\/\\\/casadecampoliving.com\\\/es\\\/cafe-de-la-leche-noviembre\\\/#primaryimage\",\"url\":\"https:\\\/\\\/i0.wp.com\\\/casadecampoliving.com\\\/wp-content\\\/uploads\\\/2022\\\/10\\\/IMG_7911-e1479146756854.jpg?fit=1000%2C667&ssl=1\",\"contentUrl\":\"https:\\\/\\\/i0.wp.com\\\/casadecampoliving.com\\\/wp-content\\\/uploads\\\/2022\\\/10\\\/IMG_7911-e1479146756854.jpg?fit=1000%2C667&ssl=1\",\"width\":1000,\"height\":667,\"caption\":\"Caf\u00e9 de la Leche\"},{\"@type\":\"BreadcrumbList\",\"@id\":\"https:\\\/\\\/casadecampoliving.com\\\/es\\\/cafe-de-la-leche-noviembre\\\/#breadcrumb\",\"itemListElement\":[{\"@type\":\"ListItem\",\"position\":1,\"name\":\"Home\",\"item\":\"https:\\\/\\\/casadecampoliving.com\\\/es\\\/\"},{\"@type\":\"ListItem\",\"position\":2,\"name\":\"Celebre junto con Joyce Berman, actual presidenta de Adopte una Cuna, el Caf\u00e9 de la Leche de este mes\"}]},{\"@type\":\"WebSite\",\"@id\":\"https:\\\/\\\/casadecampoliving.com\\\/es\\\/#website\",\"url\":\"https:\\\/\\\/casadecampoliving.com\\\/es\\\/\",\"name\":\"Casa de Campo Living\",\"description\":\"Resort community news and resources.\",\"publisher\":{\"@id\":\"https:\\\/\\\/casadecampoliving.com\\\/es\\\/#organization\"},\"potentialAction\":[{\"@type\":\"SearchAction\",\"target\":{\"@type\":\"EntryPoint\",\"urlTemplate\":\"https:\\\/\\\/casadecampoliving.com\\\/es\\\/?s={search_term_string}\"},\"query-input\":{\"@type\":\"PropertyValueSpecification\",\"valueRequired\":true,\"valueName\":\"search_term_string\"}}],\"inLanguage\":\"es\"},{\"@type\":\"Organization\",\"@id\":\"https:\\\/\\\/casadecampoliving.com\\\/es\\\/#organization\",\"name\":\"Casa de Campo Living\",\"url\":\"https:\\\/\\\/casadecampoliving.com\\\/es\\\/\",\"logo\":{\"@type\":\"ImageObject\",\"inLanguage\":\"es\",\"@id\":\"https:\\\/\\\/casadecampoliving.com\\\/es\\\/#\\\/schema\\\/logo\\\/image\\\/\",\"url\":\"https:\\\/\\\/i0.wp.com\\\/casadecampoliving.com\\\/wp-content\\\/uploads\\\/2022\\\/07\\\/CDCLivingLogo_V1-white-sized.png?fit=800%2C214&ssl=1\",\"contentUrl\":\"https:\\\/\\\/i0.wp.com\\\/casadecampoliving.com\\\/wp-content\\\/uploads\\\/2022\\\/07\\\/CDCLivingLogo_V1-white-sized.png?fit=800%2C214&ssl=1\",\"width\":800,\"height\":214,\"caption\":\"Casa de Campo Living\"},\"image\":{\"@id\":\"https:\\\/\\\/casadecampoliving.com\\\/es\\\/#\\\/schema\\\/logo\\\/image\\\/\"},\"sameAs\":[\"https:\\\/\\\/www.facebook.com\\\/casadecampoliving\",\"https:\\\/\\\/x.com\\\/cdcliving\"]},{\"@type\":\"Person\",\"@id\":\"https:\\\/\\\/casadecampoliving.com\\\/es\\\/#\\\/schema\\\/person\\\/e3abfc63c1478fd703266a6f33a3145d\",\"name\":\"Heather Lincoln\",\"image\":{\"@type\":\"ImageObject\",\"inLanguage\":\"es\",\"@id\":\"https:\\\/\\\/secure.gravatar.com\\\/avatar\\\/e8fc1ce4ad50385675908137b0d8d66be281d034bf072b4700460237638ea6d0?s=96&d=mm&r=g\",\"url\":\"https:\\\/\\\/secure.gravatar.com\\\/avatar\\\/e8fc1ce4ad50385675908137b0d8d66be281d034bf072b4700460237638ea6d0?s=96&d=mm&r=g\",\"contentUrl\":\"https:\\\/\\\/secure.gravatar.com\\\/avatar\\\/e8fc1ce4ad50385675908137b0d8d66be281d034bf072b4700460237638ea6d0?s=96&d=mm&r=g\",\"caption\":\"Heather Lincoln\"},\"url\":\"https:\\\/\\\/casadecampoliving.com\\\/es\\\/author\\\/hcastillo\\\/\"}]}<\/script>\n<!-- \/ Yoast SEO plugin. -->","yoast_head_json":{"title":"Celebre junto con Joyce Berman, actual presidenta de Adopte una Cuna, el Caf\u00e9 de la Leche de este mes | Casa de Campo Living","description":"\u00a1Esta semana, Caf\u00e9 de la Leche tiene una anfitriona especial! Nada m\u00e1s y nada menos que la se\u00f1ora Joyce Berman, presidenta del programa Adopte una Cuna","robots":{"index":"index","follow":"follow","max-snippet":"max-snippet:-1","max-image-preview":"max-image-preview:large","max-video-preview":"max-video-preview:-1"},"canonical":"https:\/\/casadecampoliving.com\/es\/cafe-de-la-leche-noviembre\/","og_locale":"es_ES","og_type":"article","og_title":"Celebre junto con Joyce Berman, actual presidenta de Adopte una Cuna, el Caf\u00e9 de la Leche de este mes | Casa de Campo Living","og_description":"\u00a1Esta semana, Caf\u00e9 de la Leche tiene una anfitriona especial! Nada m\u00e1s y nada menos que la se\u00f1ora Joyce Berman, presidenta del programa Adopte una Cuna","og_url":"https:\/\/casadecampoliving.com\/es\/cafe-de-la-leche-noviembre\/","og_site_name":"Casa de Campo Living","article_publisher":"https:\/\/www.facebook.com\/casadecampoliving","article_published_time":"2016-11-14T04:00:00+00:00","article_modified_time":"2022-10-21T23:06:19+00:00","og_image":[{"width":1000,"height":667,"url":"https:\/\/i0.wp.com\/casadecampoliving.com\/wp-content\/uploads\/2022\/10\/IMG_7911-e1479146756854.jpg?fit=1000%2C667&ssl=1","type":"image\/jpeg"}],"author":"Heather Lincoln","twitter_card":"summary_large_image","twitter_creator":"@cdcliving","twitter_site":"@cdcliving","twitter_misc":{"Escrito por":"Heather Lincoln","Tiempo de lectura":"3 minutos"},"schema":{"@context":"https:\/\/schema.org","@graph":[{"@type":"Article","@id":"https:\/\/casadecampoliving.com\/es\/cafe-de-la-leche-noviembre\/#article","isPartOf":{"@id":"https:\/\/casadecampoliving.com\/es\/cafe-de-la-leche-noviembre\/"},"author":{"name":"Heather Lincoln","@id":"https:\/\/casadecampoliving.com\/es\/#\/schema\/person\/e3abfc63c1478fd703266a6f33a3145d"},"headline":"Celebre junto con Joyce Berman, actual presidenta de Adopte una Cuna, el Caf\u00e9 de la Leche de este mes","datePublished":"2016-11-14T04:00:00+00:00","dateModified":"2022-10-21T23:06:19+00:00","mainEntityOfPage":{"@id":"https:\/\/casadecampoliving.com\/es\/cafe-de-la-leche-noviembre\/"},"wordCount":649,"publisher":{"@id":"https:\/\/casadecampoliving.com\/es\/#organization"},"image":{"@id":"https:\/\/casadecampoliving.com\/es\/cafe-de-la-leche-noviembre\/#primaryimage"},"thumbnailUrl":"https:\/\/i0.wp.com\/casadecampoliving.com\/wp-content\/uploads\/2022\/10\/IMG_7911-e1479146756854.jpg?fit=1000%2C667&ssl=1","keywords":["bebes","cafe de la leche","el hogar del nino","evento","ni\u00f1os","patronato ben\u00e9fico oriental","pbo","Sala Cuna"],"articleSection":["Comidas &amp; Bebidas","Estilo de Vida","Eventos","Fundaciones","Hogar del Ni\u00f1o @es","Noticias Locales","Proximamente","Rep\u00fablica Dominicana @es"],"inLanguage":"es"},{"@type":"WebPage","@id":"https:\/\/casadecampoliving.com\/es\/cafe-de-la-leche-noviembre\/","url":"https:\/\/casadecampoliving.com\/es\/cafe-de-la-leche-noviembre\/","name":"Celebre junto con Joyce Berman, actual presidenta de Adopte una Cuna, el Caf\u00e9 de la Leche de este mes | Casa de Campo Living","isPartOf":{"@id":"https:\/\/casadecampoliving.com\/es\/#website"},"primaryImageOfPage":{"@id":"https:\/\/casadecampoliving.com\/es\/cafe-de-la-leche-noviembre\/#primaryimage"},"image":{"@id":"https:\/\/casadecampoliving.com\/es\/cafe-de-la-leche-noviembre\/#primaryimage"},"thumbnailUrl":"https:\/\/i0.wp.com\/casadecampoliving.com\/wp-content\/uploads\/2022\/10\/IMG_7911-e1479146756854.jpg?fit=1000%2C667&ssl=1","datePublished":"2016-11-14T04:00:00+00:00","dateModified":"2022-10-21T23:06:19+00:00","description":"\u00a1Esta semana, Caf\u00e9 de la Leche tiene una anfitriona especial! Nada m\u00e1s y nada menos que la se\u00f1ora Joyce Berman, presidenta del programa Adopte una Cuna","breadcrumb":{"@id":"https:\/\/casadecampoliving.com\/es\/cafe-de-la-leche-noviembre\/#breadcrumb"},"inLanguage":"es","potentialAction":[{"@type":"ReadAction","target":["https:\/\/casadecampoliving.com\/es\/cafe-de-la-leche-noviembre\/"]}]},{"@type":"ImageObject","inLanguage":"es","@id":"https:\/\/casadecampoliving.com\/es\/cafe-de-la-leche-noviembre\/#primaryimage","url":"https:\/\/i0.wp.com\/casadecampoliving.com\/wp-content\/uploads\/2022\/10\/IMG_7911-e1479146756854.jpg?fit=1000%2C667&ssl=1","contentUrl":"https:\/\/i0.wp.com\/casadecampoliving.com\/wp-content\/uploads\/2022\/10\/IMG_7911-e1479146756854.jpg?fit=1000%2C667&ssl=1","width":1000,"height":667,"caption":"Caf\u00e9 de la Leche"},{"@type":"BreadcrumbList","@id":"https:\/\/casadecampoliving.com\/es\/cafe-de-la-leche-noviembre\/#breadcrumb","itemListElement":[{"@type":"ListItem","position":1,"name":"Home","item":"https:\/\/casadecampoliving.com\/es\/"},{"@type":"ListItem","position":2,"name":"Celebre junto con Joyce Berman, actual presidenta de Adopte una Cuna, el Caf\u00e9 de la Leche de este mes"}]},{"@type":"WebSite","@id":"https:\/\/casadecampoliving.com\/es\/#website","url":"https:\/\/casadecampoliving.com\/es\/","name":"Casa de Campo Living","description":"Resort community news and resources.","publisher":{"@id":"https:\/\/casadecampoliving.com\/es\/#organization"},"potentialAction":[{"@type":"SearchAction","target":{"@type":"EntryPoint","urlTemplate":"https:\/\/casadecampoliving.com\/es\/?s={search_term_string}"},"query-input":{"@type":"PropertyValueSpecification","valueRequired":true,"valueName":"search_term_string"}}],"inLanguage":"es"},{"@type":"Organization","@id":"https:\/\/casadecampoliving.com\/es\/#organization","name":"Casa de Campo Living","url":"https:\/\/casadecampoliving.com\/es\/","logo":{"@type":"ImageObject","inLanguage":"es","@id":"https:\/\/casadecampoliving.com\/es\/#\/schema\/logo\/image\/","url":"https:\/\/i0.wp.com\/casadecampoliving.com\/wp-content\/uploads\/2022\/07\/CDCLivingLogo_V1-white-sized.png?fit=800%2C214&ssl=1","contentUrl":"https:\/\/i0.wp.com\/casadecampoliving.com\/wp-content\/uploads\/2022\/07\/CDCLivingLogo_V1-white-sized.png?fit=800%2C214&ssl=1","width":800,"height":214,"caption":"Casa de Campo Living"},"image":{"@id":"https:\/\/casadecampoliving.com\/es\/#\/schema\/logo\/image\/"},"sameAs":["https:\/\/www.facebook.com\/casadecampoliving","https:\/\/x.com\/cdcliving"]},{"@type":"Person","@id":"https:\/\/casadecampoliving.com\/es\/#\/schema\/person\/e3abfc63c1478fd703266a6f33a3145d","name":"Heather Lincoln","image":{"@type":"ImageObject","inLanguage":"es","@id":"https:\/\/secure.gravatar.com\/avatar\/e8fc1ce4ad50385675908137b0d8d66be281d034bf072b4700460237638ea6d0?s=96&d=mm&r=g","url":"https:\/\/secure.gravatar.com\/avatar\/e8fc1ce4ad50385675908137b0d8d66be281d034bf072b4700460237638ea6d0?s=96&d=mm&r=g","contentUrl":"https:\/\/secure.gravatar.com\/avatar\/e8fc1ce4ad50385675908137b0d8d66be281d034bf072b4700460237638ea6d0?s=96&d=mm&r=g","caption":"Heather Lincoln"},"url":"https:\/\/casadecampoliving.com\/es\/author\/hcastillo\/"}]}},"parsely":{"version":"1.1.0","canonical_url":"https:\/\/casadecampoliving.com\/es\/cafe-de-la-leche-noviembre\/","smart_links":{"inbound":0,"outbound":0},"traffic_boost_suggestions_count":0,"meta":{"@context":"https:\/\/schema.org","@type":"NewsArticle","headline":"Celebre junto con Joyce Berman, actual presidenta de Adopte una Cuna, el Caf\u00e9 de la Leche de este mes","url":"http:\/\/casadecampoliving.com\/es\/cafe-de-la-leche-noviembre\/","mainEntityOfPage":{"@type":"WebPage","@id":"http:\/\/casadecampoliving.com\/es\/cafe-de-la-leche-noviembre\/"},"thumbnailUrl":"https:\/\/i0.wp.com\/casadecampoliving.com\/wp-content\/uploads\/2022\/10\/IMG_7911-e1479146756854.jpg?resize=150%2C150&ssl=1","image":{"@type":"ImageObject","url":"https:\/\/i0.wp.com\/casadecampoliving.com\/wp-content\/uploads\/2022\/10\/IMG_7911-e1479146756854.jpg?fit=1000%2C667&ssl=1"},"articleSection":"Comidas &amp; Bebidas","author":[{"@type":"Person","name":"Heather Lincoln"}],"creator":["Heather Lincoln"],"publisher":{"@type":"Organization","name":"Casa de Campo Living","logo":"https:\/\/casadecampoliving.com\/wp-content\/uploads\/2022\/07\/CDCLivingLogo_V1-white-sized.png"},"keywords":["bebes","cafe de la leche","el hogar del nino","evento","ni\u00f1os","patronato ben\u00e9fico oriental","pbo","sala cuna"],"dateCreated":"2016-11-14T04:00:00Z","datePublished":"2016-11-14T04:00:00Z","dateModified":"2022-10-21T23:06:19Z"},"rendered":"<script type=\"application\/ld+json\" class=\"wp-parsely-metadata\">{\"@context\":\"https:\\\/\\\/schema.org\",\"@type\":\"NewsArticle\",\"headline\":\"Celebre junto con Joyce Berman, actual presidenta de Adopte una Cuna, el Caf\\u00e9 de la Leche de este mes\",\"url\":\"http:\\\/\\\/casadecampoliving.com\\\/es\\\/cafe-de-la-leche-noviembre\\\/\",\"mainEntityOfPage\":{\"@type\":\"WebPage\",\"@id\":\"http:\\\/\\\/casadecampoliving.com\\\/es\\\/cafe-de-la-leche-noviembre\\\/\"},\"thumbnailUrl\":\"https:\\\/\\\/i0.wp.com\\\/casadecampoliving.com\\\/wp-content\\\/uploads\\\/2022\\\/10\\\/IMG_7911-e1479146756854.jpg?resize=150%2C150&ssl=1\",\"image\":{\"@type\":\"ImageObject\",\"url\":\"https:\\\/\\\/i0.wp.com\\\/casadecampoliving.com\\\/wp-content\\\/uploads\\\/2022\\\/10\\\/IMG_7911-e1479146756854.jpg?fit=1000%2C667&ssl=1\"},\"articleSection\":\"Comidas &amp; Bebidas\",\"author\":[{\"@type\":\"Person\",\"name\":\"Heather Lincoln\"}],\"creator\":[\"Heather Lincoln\"],\"publisher\":{\"@type\":\"Organization\",\"name\":\"Casa de Campo Living\",\"logo\":\"https:\\\/\\\/casadecampoliving.com\\\/wp-content\\\/uploads\\\/2022\\\/07\\\/CDCLivingLogo_V1-white-sized.png\"},\"keywords\":[\"bebes\",\"cafe de la leche\",\"el hogar del nino\",\"evento\",\"ni\\u00f1os\",\"patronato ben\\u00e9fico oriental\",\"pbo\",\"sala cuna\"],\"dateCreated\":\"2016-11-14T04:00:00Z\",\"datePublished\":\"2016-11-14T04:00:00Z\",\"dateModified\":\"2022-10-21T23:06:19Z\"}<\/script>","tracker_url":"https:\/\/cdn.parsely.com\/keys\/casadecampoliving.com\/p.js"},"jetpack_publicize_connections":[],"jetpack_featured_media_url":"https:\/\/i0.wp.com\/casadecampoliving.com\/wp-content\/uploads\/2022\/10\/IMG_7911-e1479146756854.jpg?fit=1000%2C667&ssl=1","jetpack-related-posts":[{"id":350825,"url":"https:\/\/casadecampoliving.com\/es\/cafe-de-la-leche-nos-animo-a-participar-en-casa-de-campo-corre\/","url_meta":{"origin":350806,"position":0},"title":"\u00a1El Caf\u00e9 de la Leche nos anim\u00f3 a\u00fan m\u00e1s a participar en el Casa de Campo Corre!","author":"Heather Lincoln","date":"21 Nov, 2016","format":false,"excerpt":"Hab\u00eda mucho de qu\u00e9 hablar en esta \u00faltima edici\u00f3n del Caf\u00e9 de la Leche. Realizada en Punta Minitas 35A, los miembros de la comunidad de Caf\u00e9 de la Leche conversaban animadamente\u00a0con la Sra. Joyce Berman, quien hab\u00eda regresado recientemente de Manhattan. La energ\u00eda\u00a0magn\u00e9tica de la anfitriona hizo que olvid\u00e1ramos la\u2026","rel":"","context":"En \u00abRep\u00fablica Dominicana @es\u00bb","block_context":{"text":"Rep\u00fablica Dominicana @es","link":"https:\/\/casadecampoliving.com\/es\/category\/republica-dominicana-2\/"},"img":{"alt_text":"Caf\u00e9 de la Leche with Ms. Joyce Berman","src":"https:\/\/i0.wp.com\/casadecampoliving.com\/wp-content\/uploads\/2022\/10\/DSC_0425-e1479736430254.jpg?fit=1000%2C717&ssl=1&resize=350%2C200","width":350,"height":200,"srcset":"https:\/\/i0.wp.com\/casadecampoliving.com\/wp-content\/uploads\/2022\/10\/DSC_0425-e1479736430254.jpg?fit=1000%2C717&ssl=1&resize=350%2C200 1x, https:\/\/i0.wp.com\/casadecampoliving.com\/wp-content\/uploads\/2022\/10\/DSC_0425-e1479736430254.jpg?fit=1000%2C717&ssl=1&resize=525%2C300 1.5x, https:\/\/i0.wp.com\/casadecampoliving.com\/wp-content\/uploads\/2022\/10\/DSC_0425-e1479736430254.jpg?fit=1000%2C717&ssl=1&resize=700%2C400 2x"},"classes":[]},{"id":343908,"url":"https:\/\/casadecampoliving.com\/es\/adopta-una-cuna\/","url_meta":{"origin":350806,"position":1},"title":"\u00bfAdopta Una Cuna?","author":"Perkin Agramonte","date":"19 Feb, 2014","format":false,"excerpt":"La \u201cSala de Beb\u00e9s\u201d en el Hogar del Ni\u00f1o, es una sala repleta de extremo a extremo de cunas blancas en madera y mas de 200 infantes en ellas, sin dudas es un lugar muy especial. Es un lugar, donde un batall\u00f3n de ni\u00f1eras entrenadas cuidan de estos beb\u00e9s desde\u2026","rel":"","context":"En \u00abDestacados\u00bb","block_context":{"text":"Destacados","link":"https:\/\/casadecampoliving.com\/es\/category\/destacados\/"},"img":{"alt_text":"sala de cuna hogar del nino","src":"https:\/\/i0.wp.com\/casadecampoliving.com\/wp-content\/uploads\/2022\/10\/sala-de-cuna-hogar-del-nino-1.jpg?fit=650%2C433&ssl=1&resize=350%2C200","width":350,"height":200,"srcset":"https:\/\/i0.wp.com\/casadecampoliving.com\/wp-content\/uploads\/2022\/10\/sala-de-cuna-hogar-del-nino-1.jpg?fit=650%2C433&ssl=1&resize=350%2C200 1x, https:\/\/i0.wp.com\/casadecampoliving.com\/wp-content\/uploads\/2022\/10\/sala-de-cuna-hogar-del-nino-1.jpg?fit=650%2C433&ssl=1&resize=525%2C300 1.5x"},"classes":[]},{"id":349712,"url":"https:\/\/casadecampoliving.com\/es\/sala-cuna-cafe-de-la-leche-mayo-2016\/","url_meta":{"origin":350806,"position":2},"title":"\u00a1Lo que aprend\u00ed durante mi visita a la Sala Cuna y porque no puede perderse este viernes el Caf\u00e9 de la Leche!","author":"Carla Campos","date":"3 May, 2016","format":false,"excerpt":"Es ese tiempo del mes otra vez se\u00f1oras \u2013 \u00a1Marque su calendario para el Caf\u00e9 de la Leche de\u00a0este viernes organizado por Cesarina Grisol\u00eda! \u00bfPuede usted creer que tenemos mas de 15 a\u00f1os reuni\u00e9ndonos mensualmente para recolectar leche para los beb\u00e9s en la Sala Cuna del Hogar del Ni\u00f1o? Cada\u2026","rel":"","context":"En \u00abDestacados\u00bb","block_context":{"text":"Destacados","link":"https:\/\/casadecampoliving.com\/es\/category\/destacados\/"},"img":{"alt_text":"","src":"https:\/\/i0.wp.com\/casadecampoliving.com\/wp-content\/uploads\/2022\/10\/Sala-de-Infancia-Ninos-Tomando-Leche-3-e1462313971297.jpg?fit=1000%2C563&ssl=1&resize=350%2C200","width":350,"height":200,"srcset":"https:\/\/i0.wp.com\/casadecampoliving.com\/wp-content\/uploads\/2022\/10\/Sala-de-Infancia-Ninos-Tomando-Leche-3-e1462313971297.jpg?fit=1000%2C563&ssl=1&resize=350%2C200 1x, https:\/\/i0.wp.com\/casadecampoliving.com\/wp-content\/uploads\/2022\/10\/Sala-de-Infancia-Ninos-Tomando-Leche-3-e1462313971297.jpg?fit=1000%2C563&ssl=1&resize=525%2C300 1.5x, https:\/\/i0.wp.com\/casadecampoliving.com\/wp-content\/uploads\/2022\/10\/Sala-de-Infancia-Ninos-Tomando-Leche-3-e1462313971297.jpg?fit=1000%2C563&ssl=1&resize=700%2C400 2x"},"classes":[]},{"id":352846,"url":"https:\/\/casadecampoliving.com\/es\/feliz-17-aniversario-cafe-de-la-leche-hogar-del-nino\/","url_meta":{"origin":350806,"position":3},"title":"\u00a1Feliz 17\u00b0 aniversario Caf\u00e9 de la Leche!","author":"Marlenys Guzm\u00e1n Casta\u00f1os","date":"29 Ago, 2018","format":false,"excerpt":"El pr\u00f3ximo jueves 6 de septiembre, el Patronato Ben\u00e9fico Oriental (PBO) solicita su asistencia a una edici\u00f3n muy especial de Caf\u00e9 de la Leche. El evento, que ser\u00e1 organizado por Amelia Pereyra en Golf Villa # 279, celebra 17 a\u00f1os desde el comienzo de las reuniones mensuales que comenzaron en\u2026","rel":"","context":"En \u00abEstilo de Vida\u00bb","block_context":{"text":"Estilo de Vida","link":"https:\/\/casadecampoliving.com\/es\/category\/estilo-de-vida\/"},"img":{"alt_text":"","src":"https:\/\/i0.wp.com\/casadecampoliving.com\/wp-content\/uploads\/2018\/08\/IMG_0441.jpg?resize=350%2C200&ssl=1","width":350,"height":200,"srcset":"https:\/\/i0.wp.com\/casadecampoliving.com\/wp-content\/uploads\/2018\/08\/IMG_0441.jpg?resize=350%2C200&ssl=1 1x, https:\/\/i0.wp.com\/casadecampoliving.com\/wp-content\/uploads\/2018\/08\/IMG_0441.jpg?resize=525%2C300&ssl=1 1.5x, https:\/\/i0.wp.com\/casadecampoliving.com\/wp-content\/uploads\/2018\/08\/IMG_0441.jpg?resize=700%2C400&ssl=1 2x"},"classes":[]},{"id":342306,"url":"https:\/\/casadecampoliving.com\/es\/una-hermosa-tarde-veraniega-en-el-cafe-de-la-leche-de-phyllis-berney\/","url_meta":{"origin":350806,"position":4},"title":"Una hermosa tarde veraniega en el Caf\u00e9 de la Leche de Phyllis Berney","author":"Mairobi Herrera","date":"9 Jul, 2013","format":false,"excerpt":"El pasado viernes 5 de julio se realiz\u00f3 un ameno Caf\u00e9 de la Leche en la residencia de la se\u00f1ora\u00a0Phyllis Berney- una generosa mujer colaboradora de organizaciones ben\u00e9ficas locales, en especial en el Hogar del Ni\u00f1o. Su hogar est\u00e1 ubicado en \u00a0Barranca Este # 66, en Casa de Campo. Hermosas\u2026","rel":"","context":"En \u00abEventos\u00bb","block_context":{"text":"Eventos","link":"https:\/\/casadecampoliving.com\/es\/category\/eventos-es\/"},"img":{"alt_text":"cafe de la leche","src":"https:\/\/i0.wp.com\/casadecampoliving.com\/wp-content\/uploads\/2022\/10\/photo-8.jpg?fit=650%2C324&ssl=1&resize=350%2C200","width":350,"height":200,"srcset":"https:\/\/i0.wp.com\/casadecampoliving.com\/wp-content\/uploads\/2022\/10\/photo-8.jpg?fit=650%2C324&ssl=1&resize=350%2C200 1x, https:\/\/i0.wp.com\/casadecampoliving.com\/wp-content\/uploads\/2022\/10\/photo-8.jpg?fit=650%2C324&ssl=1&resize=525%2C300 1.5x"},"classes":[]},{"id":352868,"url":"https:\/\/casadecampoliving.com\/es\/comenzando-un-nuevo-ano-de-reuniones-de-cafe-de-la-leche-para-el-hogar-del-nino\/","url_meta":{"origin":350806,"position":5},"title":"Comenzando un nuevo a\u00f1o de reuniones de Caf\u00e9 de la Leche para el Hogar del Ni\u00f1o","author":"Marlenys Guzm\u00e1n Casta\u00f1os","date":"10 Sep, 2018","format":false,"excerpt":"\u00a1Las reuniones mensuales de Caf\u00e9 de la Leche se han convertido en una excelente manera de comenzar el fin de semana temprano! El evento tuvo lugar el jueves 6 de septiembre en la villa de Casa de Campo de Amelia Pereyra y cont\u00f3 con la asistencia de muchas damas y\u2026","rel":"","context":"En \u00abEstilo de Vida\u00bb","block_context":{"text":"Estilo de Vida","link":"https:\/\/casadecampoliving.com\/es\/category\/estilo-de-vida\/"},"img":{"alt_text":"","src":"https:\/\/i0.wp.com\/casadecampoliving-wp.s3-accelerate.amazonaws.com\/2018\/09\/IMG_1828.jpg?resize=350%2C200&ssl=1","width":350,"height":200,"srcset":"https:\/\/i0.wp.com\/casadecampoliving-wp.s3-accelerate.amazonaws.com\/2018\/09\/IMG_1828.jpg?resize=350%2C200&ssl=1 1x, https:\/\/i0.wp.com\/casadecampoliving-wp.s3-accelerate.amazonaws.com\/2018\/09\/IMG_1828.jpg?resize=525%2C300&ssl=1 1.5x, https:\/\/i0.wp.com\/casadecampoliving-wp.s3-accelerate.amazonaws.com\/2018\/09\/IMG_1828.jpg?resize=700%2C400&ssl=1 2x"},"classes":[]}],"jetpack_sharing_enabled":true,"_links":{"self":[{"href":"https:\/\/casadecampoliving.com\/es\/wp-json\/wp\/v2\/posts\/350806","targetHints":{"allow":["GET"]}}],"collection":[{"href":"https:\/\/casadecampoliving.com\/es\/wp-json\/wp\/v2\/posts"}],"about":[{"href":"https:\/\/casadecampoliving.com\/es\/wp-json\/wp\/v2\/types\/post"}],"author":[{"embeddable":true,"href":"https:\/\/casadecampoliving.com\/es\/wp-json\/wp\/v2\/users\/36681"}],"replies":[{"embeddable":true,"href":"https:\/\/casadecampoliving.com\/es\/wp-json\/wp\/v2\/comments?post=350806"}],"version-history":[{"count":1,"href":"https:\/\/casadecampoliving.com\/es\/wp-json\/wp\/v2\/posts\/350806\/revisions"}],"predecessor-version":[{"id":350807,"href":"https:\/\/casadecampoliving.com\/es\/wp-json\/wp\/v2\/posts\/350806\/revisions\/350807"}],"wp:featuredmedia":[{"embeddable":true,"href":"https:\/\/casadecampoliving.com\/es\/wp-json\/wp\/v2\/media\/313570"}],"wp:attachment":[{"href":"https:\/\/casadecampoliving.com\/es\/wp-json\/wp\/v2\/media?parent=350806"}],"wp:term":[{"taxonomy":"category","embeddable":true,"href":"https:\/\/casadecampoliving.com\/es\/wp-json\/wp\/v2\/categories?post=350806"},{"taxonomy":"post_tag","embeddable":true,"href":"https:\/\/casadecampoliving.com\/es\/wp-json\/wp\/v2\/tags?post=350806"},{"taxonomy":"newspack_spnsrs_tax","embeddable":true,"href":"https:\/\/casadecampoliving.com\/es\/wp-json\/wp\/v2\/newspack_spnsrs_tax?post=350806"}],"curies":[{"name":"wp","href":"https:\/\/api.w.org\/{rel}","templated":true}]}}