{"id":350799,"date":"2016-11-11T00:00:00","date_gmt":"2016-11-11T04:00:00","guid":{"rendered":"https:\/\/casadecampoliving.com\/artista-en-residencia-otono-2016-la-galeria-altos-de-chavon\/"},"modified":"2022-10-21T19:05:47","modified_gmt":"2022-10-21T23:05:47","slug":"artista-en-residencia-otono-2016-la-galeria-altos-de-chavon","status":"publish","type":"post","link":"https:\/\/casadecampoliving.com\/es\/artista-en-residencia-otono-2016-la-galeria-altos-de-chavon\/","title":{"rendered":"\u00a1Nueva exhibici\u00f3n \u00abArtista en Residencia, Oto\u00f1o 2016\u00bb en La Galer\u00eda Altos de Chav\u00f3n el pr\u00f3ximo jueves!"},"content":{"rendered":"\n<p>La&nbsp;Galer\u00eda Principal de Altos de Chav\u00f3n anuncia la apertura, el jueves 17 de noviembre, de la exposici\u00f3n \u201cArtista en Residencia, Oto\u00f1o 2016\u201d, programa bajo la Fundaci\u00f3n Centro Cultural Altos de Chav\u00f3n, con los artistas Luis Valverde y Gustavo Ferm\u00edn.&nbsp;El programa de&nbsp;\u201cArtistas en Residencia\u201d tiene como objetivo propiciar un intercambio educativo y cultural entre artistas dominicanos y extranjeros, quienes viven y trabajan en Altos de Chav\u00f3n por tres meses. Durante este tiempo interact\u00faan con sus contrapartes dominicanas,&nbsp;intercambiando experiencias e ideas en las distintas disciplinas. Este intercambio din\u00e1mico ha logrado introducir cambios en la forma tradicional de trabajar los materiales o de aplicar la t\u00e9cnica en las distintas formas de arte. Los artistas trabajan sus&nbsp;proyectos en espacio propio, y al final de su estad\u00eda participan en una exposici\u00f3n colectiva en La Galer\u00eda.<\/p>\n\n\n<div class=\"wp-block-image\">\n<figure class=\"aligncenter is-resized\"><img loading=\"lazy\" decoding=\"async\" src=\"https:\/\/i0.wp.com\/casadecampoliving.com\/wp-content\/uploads\/2022\/10\/DSC_0189-1-1.jpg?resize=1000%2C579&amp;ssl=1\" alt=\"Luis Valverde\" class=\"wp-image-128050\" height=\"579\" width=\"1000\"\/><\/figure>\n<\/div>\n\n\n<p><\/p>\n\n\n\n<p><strong>Luis Valverde,<\/strong> egresado de Chav\u00f3n La Escuela de Dise\u00f1o de la carrera t\u00e9cnica de Dise\u00f1o de Comunicaciones,&nbsp;complet\u00f3 sus estudios en Argentina en: Stop Motion, Motion Graphics y Manipulaci\u00f3n de videos en tiempo real o vjing. Desde el 2014 es Co-Director del departamento de Comunicaci\u00f3n Visual de La Escuela de Dise\u00f1o.<\/p>\n\n\n\n<p>Su trabajo es una exploraci\u00f3n de un medio que quiere profundizar; la serigraf\u00eda. Est\u00e1 basado en la combinaci\u00f3n de formas simples como el tri\u00e1ngulo, el cuadrado y el c\u00edrculo para crear elementos m\u00e1s complejos.&nbsp;La representaci\u00f3n de luz y sombra son factores de gran importancia en esta b\u00fasqueda porque le permiten crear un espacio tridimensional con un medio bidimensional y conseguir formas que sean de gran impacto e inter\u00e9s para el espectador.<\/p>\n\n\n<div class=\"wp-block-image\">\n<figure class=\"alignright is-resized\"><img loading=\"lazy\" decoding=\"async\" src=\"https:\/\/i0.wp.com\/casadecampoliving.com\/wp-content\/uploads\/2022\/10\/Gustavo_Fermin-e1478881974651-256x300-2.jpg?resize=256%2C300&amp;ssl=1\" alt=\"Gustavo Ferm\u00edn\" class=\"wp-image-128051\" height=\"300\" width=\"256\"\/><\/figure>\n<\/div>\n\n\n<p><strong>Gustavo Ferm\u00edn,<\/strong> tambi\u00e9n egresado de Chav\u00f3n La Escuela de Dise\u00f1o de la carrera t\u00e9cnica de Bellas Artes y luego transferido a Parsons School&nbsp;for Design para continuar con su licenciatura. Fue colaborador por 6 a\u00f1os del reconocido fot\u00f3grafo norteamericano, Peter Beard, en todos los aspectos de conceptualizaci\u00f3n, realizaci\u00f3n de t\u00e9cnica y producci\u00f3n de proyectos de arte. Es miembro desde el 2014 del&nbsp;colectivo audiovisual \u2018\u2019Les Gens Normaux\u2019\u2019.<\/p>\n\n\n\n<p>En su estancia en Chav\u00f3n, como artista en residencia, ha desarrollado un nuevo cuerpo de trabajo alrededor de cuestiones sobre valor, moneda corriente y agentes de cambio, destacando como estos impregnan cada aspecto de la sociedad.<\/p>\n\n\n\n<blockquote><h4 style=\"text-align: justify;\">Artistas en Residencia, Oto\u00f1o&nbsp;2016<\/h4><figure><img decoding=\"async\" loading=\"lazy\" class=\"aligncenter size-large wp-image-128045\" src=\"https:\/\/i0.wp.com\/casadecampoliving.com\/wp-content\/uploads\/2022\/10\/AR_OTON17DO_20161-640x1024-2.jpg?resize=620%2C992&amp;ssl=1\" alt=\"ar_oton17do_20161\" width=\"620\" height=\"992\"><\/figure><p><strong>Qu\u00e9:<\/strong>&nbsp;Coctel de apertura exhibici\u00f3n Artistas en Residencia, Oto\u00f1o 2016<\/p><p><strong>Cu\u00e1ndo:<\/strong>&nbsp;Jueves 17 de noviembre<\/p><p><b>D\u00f3nde: <\/b>La Galer\u00eda, Altos de Chav\u00f3n<\/p><p><em>La exposici\u00f3n permanecer\u00e1 abierta al p\u00fablico hasta el 12 de diciembre.<\/em><\/p><p><b>Horario:<\/b><\/p><p>Lunes&nbsp;\u2013 Domingo, 8am \u2013 6pm<\/p><p><strong>Tel:<\/strong>&nbsp;(809) 523-8470<\/p><\/blockquote>\n","protected":false},"excerpt":{"rendered":"<p>La&nbsp;Galer\u00eda Principal de Altos de Chav\u00f3n anuncia la apertura, el jueves 17 de noviembre, de la exposici\u00f3n \u201cArtista en Residencia, Oto\u00f1o 2016\u201d, programa bajo la Fundaci\u00f3n Centro Cultural Altos de Chav\u00f3n, con los artistas Luis Valverde y Gustavo Ferm\u00edn.&nbsp;El programa de&nbsp;\u201cArtistas en Residencia\u201d tiene como objetivo propiciar un intercambio educativo y cultural entre artistas dominicanos [&hellip;]<\/p>\n","protected":false},"author":36682,"featured_media":313484,"comment_status":"closed","ping_status":"closed","sticky":false,"template":"","format":"standard","meta":{"newspack_ads_suppress_ads":false,"newspack_popups_has_disabled_popups":false,"newspack_sponsor_sponsorship_scope":"","newspack_sponsor_native_byline_display":"inherit","newspack_sponsor_native_category_display":"inherit","newspack_sponsor_underwriter_style":"inherit","newspack_sponsor_underwriter_placement":"inherit","_newspack_byline_active":false,"_newspack_byline":"","newspack_hide_updated_date":false,"newspack_show_updated_date":false,"newspack_content_restriction_is_exempt":false,"newspack_featured_image_position":"","newspack_post_subtitle":"","newspack_article_summary_title":"Overview:","newspack_article_summary":"","_jetpack_memberships_contains_paid_content":false,"footnotes":"","jetpack_publicize_message":"","jetpack_publicize_feature_enabled":true,"jetpack_social_post_already_shared":false,"jetpack_social_options":{"image_generator_settings":{"template":"highway","default_image_id":0,"font":"","enabled":false},"version":2},"_wpas_customize_per_network":false},"categories":[26819,26823,14631,2522,14627,2521],"tags":[15387,2733,1929,4246,4743,6474,4381,9569],"newspack_spnsrs_tax":[],"class_list":["post-350799","post","type-post","status-publish","format-standard","has-post-thumbnail","hentry","category-altos-de-chavon-es","category-arte-y-cultura","category-estilo-de-vida","category-eventos-es","category-proximamente","category-republica-dominicana-2","tag-altos-de-chavon-es","tag-apertura","tag-artistas-en-residencia","tag-coctel","tag-escuela-de-diseno","tag-exhibicion","tag-fundacion-centro-cultural-altos-de-chavon","tag-galeria","entry"],"yoast_head":"<!-- This site is optimized with the Yoast SEO plugin v27.5 - https:\/\/yoast.com\/product\/yoast-seo-wordpress\/ -->\n<title>\u00a1Nueva exhibici\u00f3n &quot;Artista en Residencia, Oto\u00f1o 2016&quot; en La Galer\u00eda Altos de Chav\u00f3n el pr\u00f3ximo jueves! | Casa de Campo Living<\/title>\n<meta name=\"description\" content=\"La&nbsp;Galer\u00eda Principal de Altos de Chav\u00f3n anuncia la apertura, el jueves 17 de noviembre, de la exposici\u00f3n \u201cArtista en Residencia, Oto\u00f1o 2016\u201d,\" \/>\n<meta name=\"robots\" content=\"index, follow, max-snippet:-1, max-image-preview:large, max-video-preview:-1\" \/>\n<link rel=\"canonical\" href=\"https:\/\/casadecampoliving.com\/es\/artista-en-residencia-otono-2016-la-galeria-altos-de-chavon\/\" \/>\n<meta property=\"og:locale\" content=\"es_ES\" \/>\n<meta property=\"og:type\" content=\"article\" \/>\n<meta property=\"og:title\" content=\"\u00a1Nueva exhibici\u00f3n &quot;Artista en Residencia, Oto\u00f1o 2016&quot; en La Galer\u00eda Altos de Chav\u00f3n el pr\u00f3ximo jueves! | Casa de Campo Living\" \/>\n<meta property=\"og:description\" content=\"La&nbsp;Galer\u00eda Principal de Altos de Chav\u00f3n anuncia la apertura, el jueves 17 de noviembre, de la exposici\u00f3n \u201cArtista en Residencia, Oto\u00f1o 2016\u201d,\" \/>\n<meta property=\"og:url\" content=\"https:\/\/casadecampoliving.com\/es\/artista-en-residencia-otono-2016-la-galeria-altos-de-chavon\/\" \/>\n<meta property=\"og:site_name\" content=\"Casa de Campo Living\" \/>\n<meta property=\"article:publisher\" content=\"https:\/\/www.facebook.com\/casadecampoliving\" \/>\n<meta property=\"article:published_time\" content=\"2016-11-11T04:00:00+00:00\" \/>\n<meta property=\"article:modified_time\" content=\"2022-10-21T23:05:47+00:00\" \/>\n<meta property=\"og:image\" content=\"https:\/\/i0.wp.com\/casadecampoliving.com\/wp-content\/uploads\/2022\/10\/AR_OTON17DO_20161-e1478882198736.jpg?fit=1000%2C600&ssl=1\" \/>\n\t<meta property=\"og:image:width\" content=\"1000\" \/>\n\t<meta property=\"og:image:height\" content=\"600\" \/>\n\t<meta property=\"og:image:type\" content=\"image\/jpeg\" \/>\n<meta name=\"author\" content=\"Marlenys Guzm\u00e1n Casta\u00f1os\" \/>\n<meta name=\"twitter:card\" content=\"summary_large_image\" \/>\n<meta name=\"twitter:creator\" content=\"@cdcliving\" \/>\n<meta name=\"twitter:site\" content=\"@cdcliving\" \/>\n<meta name=\"twitter:label1\" content=\"Escrito por\" \/>\n\t<meta name=\"twitter:data1\" content=\"Marlenys Guzm\u00e1n Casta\u00f1os\" \/>\n\t<meta name=\"twitter:label2\" content=\"Tiempo de lectura\" \/>\n\t<meta name=\"twitter:data2\" content=\"2 minutos\" \/>\n<script type=\"application\/ld+json\" class=\"yoast-schema-graph\">{\"@context\":\"https:\\\/\\\/schema.org\",\"@graph\":[{\"@type\":\"Article\",\"@id\":\"https:\\\/\\\/casadecampoliving.com\\\/es\\\/artista-en-residencia-otono-2016-la-galeria-altos-de-chavon\\\/#article\",\"isPartOf\":{\"@id\":\"https:\\\/\\\/casadecampoliving.com\\\/es\\\/artista-en-residencia-otono-2016-la-galeria-altos-de-chavon\\\/\"},\"author\":{\"name\":\"Marlenys Guzm\u00e1n Casta\u00f1os\",\"@id\":\"https:\\\/\\\/casadecampoliving.com\\\/es\\\/#\\\/schema\\\/person\\\/b6606bd87f9cec8f5903e2141cafda24\"},\"headline\":\"\u00a1Nueva exhibici\u00f3n \u00abArtista en Residencia, Oto\u00f1o 2016\u00bb en La Galer\u00eda Altos de Chav\u00f3n el pr\u00f3ximo jueves!\",\"datePublished\":\"2016-11-11T04:00:00+00:00\",\"dateModified\":\"2022-10-21T23:05:47+00:00\",\"mainEntityOfPage\":{\"@id\":\"https:\\\/\\\/casadecampoliving.com\\\/es\\\/artista-en-residencia-otono-2016-la-galeria-altos-de-chavon\\\/\"},\"wordCount\":481,\"publisher\":{\"@id\":\"https:\\\/\\\/casadecampoliving.com\\\/es\\\/#organization\"},\"image\":{\"@id\":\"https:\\\/\\\/casadecampoliving.com\\\/es\\\/artista-en-residencia-otono-2016-la-galeria-altos-de-chavon\\\/#primaryimage\"},\"thumbnailUrl\":\"https:\\\/\\\/i0.wp.com\\\/casadecampoliving.com\\\/wp-content\\\/uploads\\\/2022\\\/10\\\/AR_OTON17DO_20161-e1478882198736.jpg?fit=1000%2C600&ssl=1\",\"keywords\":[\"Altos de Chavon\",\"apertura\",\"artistas en residencia\",\"coctel\",\"escuela de dise\u00f1o\",\"exhibicion\",\"fundacion centro cultural altos de chavon\",\"galeria\"],\"articleSection\":[\"Altos de Chavon @es\",\"Arte y cultura\",\"Estilo de Vida\",\"Eventos\",\"Proximamente\",\"Rep\u00fablica Dominicana @es\"],\"inLanguage\":\"es\"},{\"@type\":\"WebPage\",\"@id\":\"https:\\\/\\\/casadecampoliving.com\\\/es\\\/artista-en-residencia-otono-2016-la-galeria-altos-de-chavon\\\/\",\"url\":\"https:\\\/\\\/casadecampoliving.com\\\/es\\\/artista-en-residencia-otono-2016-la-galeria-altos-de-chavon\\\/\",\"name\":\"\u00a1Nueva exhibici\u00f3n \\\"Artista en Residencia, Oto\u00f1o 2016\\\" en La Galer\u00eda Altos de Chav\u00f3n el pr\u00f3ximo jueves! | Casa de Campo Living\",\"isPartOf\":{\"@id\":\"https:\\\/\\\/casadecampoliving.com\\\/es\\\/#website\"},\"primaryImageOfPage\":{\"@id\":\"https:\\\/\\\/casadecampoliving.com\\\/es\\\/artista-en-residencia-otono-2016-la-galeria-altos-de-chavon\\\/#primaryimage\"},\"image\":{\"@id\":\"https:\\\/\\\/casadecampoliving.com\\\/es\\\/artista-en-residencia-otono-2016-la-galeria-altos-de-chavon\\\/#primaryimage\"},\"thumbnailUrl\":\"https:\\\/\\\/i0.wp.com\\\/casadecampoliving.com\\\/wp-content\\\/uploads\\\/2022\\\/10\\\/AR_OTON17DO_20161-e1478882198736.jpg?fit=1000%2C600&ssl=1\",\"datePublished\":\"2016-11-11T04:00:00+00:00\",\"dateModified\":\"2022-10-21T23:05:47+00:00\",\"description\":\"La&nbsp;Galer\u00eda Principal de Altos de Chav\u00f3n anuncia la apertura, el jueves 17 de noviembre, de la exposici\u00f3n \u201cArtista en Residencia, Oto\u00f1o 2016\u201d,\",\"breadcrumb\":{\"@id\":\"https:\\\/\\\/casadecampoliving.com\\\/es\\\/artista-en-residencia-otono-2016-la-galeria-altos-de-chavon\\\/#breadcrumb\"},\"inLanguage\":\"es\",\"potentialAction\":[{\"@type\":\"ReadAction\",\"target\":[\"https:\\\/\\\/casadecampoliving.com\\\/es\\\/artista-en-residencia-otono-2016-la-galeria-altos-de-chavon\\\/\"]}]},{\"@type\":\"ImageObject\",\"inLanguage\":\"es\",\"@id\":\"https:\\\/\\\/casadecampoliving.com\\\/es\\\/artista-en-residencia-otono-2016-la-galeria-altos-de-chavon\\\/#primaryimage\",\"url\":\"https:\\\/\\\/i0.wp.com\\\/casadecampoliving.com\\\/wp-content\\\/uploads\\\/2022\\\/10\\\/AR_OTON17DO_20161-e1478882198736.jpg?fit=1000%2C600&ssl=1\",\"contentUrl\":\"https:\\\/\\\/i0.wp.com\\\/casadecampoliving.com\\\/wp-content\\\/uploads\\\/2022\\\/10\\\/AR_OTON17DO_20161-e1478882198736.jpg?fit=1000%2C600&ssl=1\",\"width\":1000,\"height\":600,\"caption\":\"The Gallery Artist in Residence\"},{\"@type\":\"BreadcrumbList\",\"@id\":\"https:\\\/\\\/casadecampoliving.com\\\/es\\\/artista-en-residencia-otono-2016-la-galeria-altos-de-chavon\\\/#breadcrumb\",\"itemListElement\":[{\"@type\":\"ListItem\",\"position\":1,\"name\":\"Home\",\"item\":\"https:\\\/\\\/casadecampoliving.com\\\/es\\\/\"},{\"@type\":\"ListItem\",\"position\":2,\"name\":\"\u00a1Nueva exhibici\u00f3n &#8220;Artista en Residencia, Oto\u00f1o 2016&#8221; en La Galer\u00eda Altos de Chav\u00f3n el pr\u00f3ximo jueves!\"}]},{\"@type\":\"WebSite\",\"@id\":\"https:\\\/\\\/casadecampoliving.com\\\/es\\\/#website\",\"url\":\"https:\\\/\\\/casadecampoliving.com\\\/es\\\/\",\"name\":\"Casa de Campo Living\",\"description\":\"Resort community news and resources.\",\"publisher\":{\"@id\":\"https:\\\/\\\/casadecampoliving.com\\\/es\\\/#organization\"},\"potentialAction\":[{\"@type\":\"SearchAction\",\"target\":{\"@type\":\"EntryPoint\",\"urlTemplate\":\"https:\\\/\\\/casadecampoliving.com\\\/es\\\/?s={search_term_string}\"},\"query-input\":{\"@type\":\"PropertyValueSpecification\",\"valueRequired\":true,\"valueName\":\"search_term_string\"}}],\"inLanguage\":\"es\"},{\"@type\":\"Organization\",\"@id\":\"https:\\\/\\\/casadecampoliving.com\\\/es\\\/#organization\",\"name\":\"Casa de Campo Living\",\"url\":\"https:\\\/\\\/casadecampoliving.com\\\/es\\\/\",\"logo\":{\"@type\":\"ImageObject\",\"inLanguage\":\"es\",\"@id\":\"https:\\\/\\\/casadecampoliving.com\\\/es\\\/#\\\/schema\\\/logo\\\/image\\\/\",\"url\":\"https:\\\/\\\/i0.wp.com\\\/casadecampoliving.com\\\/wp-content\\\/uploads\\\/2022\\\/07\\\/CDCLivingLogo_V1-white-sized.png?fit=800%2C214&ssl=1\",\"contentUrl\":\"https:\\\/\\\/i0.wp.com\\\/casadecampoliving.com\\\/wp-content\\\/uploads\\\/2022\\\/07\\\/CDCLivingLogo_V1-white-sized.png?fit=800%2C214&ssl=1\",\"width\":800,\"height\":214,\"caption\":\"Casa de Campo Living\"},\"image\":{\"@id\":\"https:\\\/\\\/casadecampoliving.com\\\/es\\\/#\\\/schema\\\/logo\\\/image\\\/\"},\"sameAs\":[\"https:\\\/\\\/www.facebook.com\\\/casadecampoliving\",\"https:\\\/\\\/x.com\\\/cdcliving\"]},{\"@type\":\"Person\",\"@id\":\"https:\\\/\\\/casadecampoliving.com\\\/es\\\/#\\\/schema\\\/person\\\/b6606bd87f9cec8f5903e2141cafda24\",\"name\":\"Marlenys Guzm\u00e1n Casta\u00f1os\",\"image\":{\"@type\":\"ImageObject\",\"inLanguage\":\"es\",\"@id\":\"https:\\\/\\\/secure.gravatar.com\\\/avatar\\\/72f3f86b8e6b3ec744201aeadf11d4a6055e8af194aecd9ad30ffff4437878ee?s=96&d=mm&r=g\",\"url\":\"https:\\\/\\\/secure.gravatar.com\\\/avatar\\\/72f3f86b8e6b3ec744201aeadf11d4a6055e8af194aecd9ad30ffff4437878ee?s=96&d=mm&r=g\",\"contentUrl\":\"https:\\\/\\\/secure.gravatar.com\\\/avatar\\\/72f3f86b8e6b3ec744201aeadf11d4a6055e8af194aecd9ad30ffff4437878ee?s=96&d=mm&r=g\",\"caption\":\"Marlenys Guzm\u00e1n Casta\u00f1os\"},\"url\":\"https:\\\/\\\/casadecampoliving.com\\\/es\\\/author\\\/mguzman\\\/\"}]}<\/script>\n<!-- \/ Yoast SEO plugin. -->","yoast_head_json":{"title":"\u00a1Nueva exhibici\u00f3n \"Artista en Residencia, Oto\u00f1o 2016\" en La Galer\u00eda Altos de Chav\u00f3n el pr\u00f3ximo jueves! | Casa de Campo Living","description":"La&nbsp;Galer\u00eda Principal de Altos de Chav\u00f3n anuncia la apertura, el jueves 17 de noviembre, de la exposici\u00f3n \u201cArtista en Residencia, Oto\u00f1o 2016\u201d,","robots":{"index":"index","follow":"follow","max-snippet":"max-snippet:-1","max-image-preview":"max-image-preview:large","max-video-preview":"max-video-preview:-1"},"canonical":"https:\/\/casadecampoliving.com\/es\/artista-en-residencia-otono-2016-la-galeria-altos-de-chavon\/","og_locale":"es_ES","og_type":"article","og_title":"\u00a1Nueva exhibici\u00f3n \"Artista en Residencia, Oto\u00f1o 2016\" en La Galer\u00eda Altos de Chav\u00f3n el pr\u00f3ximo jueves! | Casa de Campo Living","og_description":"La&nbsp;Galer\u00eda Principal de Altos de Chav\u00f3n anuncia la apertura, el jueves 17 de noviembre, de la exposici\u00f3n \u201cArtista en Residencia, Oto\u00f1o 2016\u201d,","og_url":"https:\/\/casadecampoliving.com\/es\/artista-en-residencia-otono-2016-la-galeria-altos-de-chavon\/","og_site_name":"Casa de Campo Living","article_publisher":"https:\/\/www.facebook.com\/casadecampoliving","article_published_time":"2016-11-11T04:00:00+00:00","article_modified_time":"2022-10-21T23:05:47+00:00","og_image":[{"width":1000,"height":600,"url":"https:\/\/i0.wp.com\/casadecampoliving.com\/wp-content\/uploads\/2022\/10\/AR_OTON17DO_20161-e1478882198736.jpg?fit=1000%2C600&ssl=1","type":"image\/jpeg"}],"author":"Marlenys Guzm\u00e1n Casta\u00f1os","twitter_card":"summary_large_image","twitter_creator":"@cdcliving","twitter_site":"@cdcliving","twitter_misc":{"Escrito por":"Marlenys Guzm\u00e1n Casta\u00f1os","Tiempo de lectura":"2 minutos"},"schema":{"@context":"https:\/\/schema.org","@graph":[{"@type":"Article","@id":"https:\/\/casadecampoliving.com\/es\/artista-en-residencia-otono-2016-la-galeria-altos-de-chavon\/#article","isPartOf":{"@id":"https:\/\/casadecampoliving.com\/es\/artista-en-residencia-otono-2016-la-galeria-altos-de-chavon\/"},"author":{"name":"Marlenys Guzm\u00e1n Casta\u00f1os","@id":"https:\/\/casadecampoliving.com\/es\/#\/schema\/person\/b6606bd87f9cec8f5903e2141cafda24"},"headline":"\u00a1Nueva exhibici\u00f3n \u00abArtista en Residencia, Oto\u00f1o 2016\u00bb en La Galer\u00eda Altos de Chav\u00f3n el pr\u00f3ximo jueves!","datePublished":"2016-11-11T04:00:00+00:00","dateModified":"2022-10-21T23:05:47+00:00","mainEntityOfPage":{"@id":"https:\/\/casadecampoliving.com\/es\/artista-en-residencia-otono-2016-la-galeria-altos-de-chavon\/"},"wordCount":481,"publisher":{"@id":"https:\/\/casadecampoliving.com\/es\/#organization"},"image":{"@id":"https:\/\/casadecampoliving.com\/es\/artista-en-residencia-otono-2016-la-galeria-altos-de-chavon\/#primaryimage"},"thumbnailUrl":"https:\/\/i0.wp.com\/casadecampoliving.com\/wp-content\/uploads\/2022\/10\/AR_OTON17DO_20161-e1478882198736.jpg?fit=1000%2C600&ssl=1","keywords":["Altos de Chavon","apertura","artistas en residencia","coctel","escuela de dise\u00f1o","exhibicion","fundacion centro cultural altos de chavon","galeria"],"articleSection":["Altos de Chavon @es","Arte y cultura","Estilo de Vida","Eventos","Proximamente","Rep\u00fablica Dominicana @es"],"inLanguage":"es"},{"@type":"WebPage","@id":"https:\/\/casadecampoliving.com\/es\/artista-en-residencia-otono-2016-la-galeria-altos-de-chavon\/","url":"https:\/\/casadecampoliving.com\/es\/artista-en-residencia-otono-2016-la-galeria-altos-de-chavon\/","name":"\u00a1Nueva exhibici\u00f3n \"Artista en Residencia, Oto\u00f1o 2016\" en La Galer\u00eda Altos de Chav\u00f3n el pr\u00f3ximo jueves! | Casa de Campo Living","isPartOf":{"@id":"https:\/\/casadecampoliving.com\/es\/#website"},"primaryImageOfPage":{"@id":"https:\/\/casadecampoliving.com\/es\/artista-en-residencia-otono-2016-la-galeria-altos-de-chavon\/#primaryimage"},"image":{"@id":"https:\/\/casadecampoliving.com\/es\/artista-en-residencia-otono-2016-la-galeria-altos-de-chavon\/#primaryimage"},"thumbnailUrl":"https:\/\/i0.wp.com\/casadecampoliving.com\/wp-content\/uploads\/2022\/10\/AR_OTON17DO_20161-e1478882198736.jpg?fit=1000%2C600&ssl=1","datePublished":"2016-11-11T04:00:00+00:00","dateModified":"2022-10-21T23:05:47+00:00","description":"La&nbsp;Galer\u00eda Principal de Altos de Chav\u00f3n anuncia la apertura, el jueves 17 de noviembre, de la exposici\u00f3n \u201cArtista en Residencia, Oto\u00f1o 2016\u201d,","breadcrumb":{"@id":"https:\/\/casadecampoliving.com\/es\/artista-en-residencia-otono-2016-la-galeria-altos-de-chavon\/#breadcrumb"},"inLanguage":"es","potentialAction":[{"@type":"ReadAction","target":["https:\/\/casadecampoliving.com\/es\/artista-en-residencia-otono-2016-la-galeria-altos-de-chavon\/"]}]},{"@type":"ImageObject","inLanguage":"es","@id":"https:\/\/casadecampoliving.com\/es\/artista-en-residencia-otono-2016-la-galeria-altos-de-chavon\/#primaryimage","url":"https:\/\/i0.wp.com\/casadecampoliving.com\/wp-content\/uploads\/2022\/10\/AR_OTON17DO_20161-e1478882198736.jpg?fit=1000%2C600&ssl=1","contentUrl":"https:\/\/i0.wp.com\/casadecampoliving.com\/wp-content\/uploads\/2022\/10\/AR_OTON17DO_20161-e1478882198736.jpg?fit=1000%2C600&ssl=1","width":1000,"height":600,"caption":"The Gallery Artist in Residence"},{"@type":"BreadcrumbList","@id":"https:\/\/casadecampoliving.com\/es\/artista-en-residencia-otono-2016-la-galeria-altos-de-chavon\/#breadcrumb","itemListElement":[{"@type":"ListItem","position":1,"name":"Home","item":"https:\/\/casadecampoliving.com\/es\/"},{"@type":"ListItem","position":2,"name":"\u00a1Nueva exhibici\u00f3n &#8220;Artista en Residencia, Oto\u00f1o 2016&#8221; en La Galer\u00eda Altos de Chav\u00f3n el pr\u00f3ximo jueves!"}]},{"@type":"WebSite","@id":"https:\/\/casadecampoliving.com\/es\/#website","url":"https:\/\/casadecampoliving.com\/es\/","name":"Casa de Campo Living","description":"Resort community news and resources.","publisher":{"@id":"https:\/\/casadecampoliving.com\/es\/#organization"},"potentialAction":[{"@type":"SearchAction","target":{"@type":"EntryPoint","urlTemplate":"https:\/\/casadecampoliving.com\/es\/?s={search_term_string}"},"query-input":{"@type":"PropertyValueSpecification","valueRequired":true,"valueName":"search_term_string"}}],"inLanguage":"es"},{"@type":"Organization","@id":"https:\/\/casadecampoliving.com\/es\/#organization","name":"Casa de Campo Living","url":"https:\/\/casadecampoliving.com\/es\/","logo":{"@type":"ImageObject","inLanguage":"es","@id":"https:\/\/casadecampoliving.com\/es\/#\/schema\/logo\/image\/","url":"https:\/\/i0.wp.com\/casadecampoliving.com\/wp-content\/uploads\/2022\/07\/CDCLivingLogo_V1-white-sized.png?fit=800%2C214&ssl=1","contentUrl":"https:\/\/i0.wp.com\/casadecampoliving.com\/wp-content\/uploads\/2022\/07\/CDCLivingLogo_V1-white-sized.png?fit=800%2C214&ssl=1","width":800,"height":214,"caption":"Casa de Campo Living"},"image":{"@id":"https:\/\/casadecampoliving.com\/es\/#\/schema\/logo\/image\/"},"sameAs":["https:\/\/www.facebook.com\/casadecampoliving","https:\/\/x.com\/cdcliving"]},{"@type":"Person","@id":"https:\/\/casadecampoliving.com\/es\/#\/schema\/person\/b6606bd87f9cec8f5903e2141cafda24","name":"Marlenys Guzm\u00e1n Casta\u00f1os","image":{"@type":"ImageObject","inLanguage":"es","@id":"https:\/\/secure.gravatar.com\/avatar\/72f3f86b8e6b3ec744201aeadf11d4a6055e8af194aecd9ad30ffff4437878ee?s=96&d=mm&r=g","url":"https:\/\/secure.gravatar.com\/avatar\/72f3f86b8e6b3ec744201aeadf11d4a6055e8af194aecd9ad30ffff4437878ee?s=96&d=mm&r=g","contentUrl":"https:\/\/secure.gravatar.com\/avatar\/72f3f86b8e6b3ec744201aeadf11d4a6055e8af194aecd9ad30ffff4437878ee?s=96&d=mm&r=g","caption":"Marlenys Guzm\u00e1n Casta\u00f1os"},"url":"https:\/\/casadecampoliving.com\/es\/author\/mguzman\/"}]}},"parsely":{"version":"1.1.0","canonical_url":"https:\/\/casadecampoliving.com\/es\/artista-en-residencia-otono-2016-la-galeria-altos-de-chavon\/","smart_links":{"inbound":0,"outbound":0},"traffic_boost_suggestions_count":0,"meta":{"@context":"https:\/\/schema.org","@type":"NewsArticle","headline":"\u00a1Nueva exhibici\u00f3n \u00abArtista en Residencia, Oto\u00f1o 2016\u00bb en La Galer\u00eda Altos de Chav\u00f3n el pr\u00f3ximo jueves!","url":"http:\/\/casadecampoliving.com\/es\/artista-en-residencia-otono-2016-la-galeria-altos-de-chavon\/","mainEntityOfPage":{"@type":"WebPage","@id":"http:\/\/casadecampoliving.com\/es\/artista-en-residencia-otono-2016-la-galeria-altos-de-chavon\/"},"thumbnailUrl":"https:\/\/i0.wp.com\/casadecampoliving.com\/wp-content\/uploads\/2022\/10\/AR_OTON17DO_20161-e1478882198736.jpg?resize=150%2C150&ssl=1","image":{"@type":"ImageObject","url":"https:\/\/i0.wp.com\/casadecampoliving.com\/wp-content\/uploads\/2022\/10\/AR_OTON17DO_20161-e1478882198736.jpg?fit=1000%2C600&ssl=1"},"articleSection":"Altos de Chavon @es","author":[{"@type":"Person","name":"Marlenys Guzm\u00e1n Casta\u00f1os"}],"creator":["Marlenys Guzm\u00e1n Casta\u00f1os"],"publisher":{"@type":"Organization","name":"Casa de Campo Living","logo":"https:\/\/casadecampoliving.com\/wp-content\/uploads\/2022\/07\/CDCLivingLogo_V1-white-sized.png"},"keywords":["altos de chavon","apertura","artistas en residencia","coctel","escuela de dise\u00f1o","exhibicion","fundacion centro cultural altos de chavon","galeria"],"dateCreated":"2016-11-11T04:00:00Z","datePublished":"2016-11-11T04:00:00Z","dateModified":"2022-10-21T23:05:47Z"},"rendered":"<script type=\"application\/ld+json\" class=\"wp-parsely-metadata\">{\"@context\":\"https:\\\/\\\/schema.org\",\"@type\":\"NewsArticle\",\"headline\":\"\\u00a1Nueva exhibici\\u00f3n \\u00abArtista en Residencia, Oto\\u00f1o 2016\\u00bb en La Galer\\u00eda Altos de Chav\\u00f3n el pr\\u00f3ximo jueves!\",\"url\":\"http:\\\/\\\/casadecampoliving.com\\\/es\\\/artista-en-residencia-otono-2016-la-galeria-altos-de-chavon\\\/\",\"mainEntityOfPage\":{\"@type\":\"WebPage\",\"@id\":\"http:\\\/\\\/casadecampoliving.com\\\/es\\\/artista-en-residencia-otono-2016-la-galeria-altos-de-chavon\\\/\"},\"thumbnailUrl\":\"https:\\\/\\\/i0.wp.com\\\/casadecampoliving.com\\\/wp-content\\\/uploads\\\/2022\\\/10\\\/AR_OTON17DO_20161-e1478882198736.jpg?resize=150%2C150&ssl=1\",\"image\":{\"@type\":\"ImageObject\",\"url\":\"https:\\\/\\\/i0.wp.com\\\/casadecampoliving.com\\\/wp-content\\\/uploads\\\/2022\\\/10\\\/AR_OTON17DO_20161-e1478882198736.jpg?fit=1000%2C600&ssl=1\"},\"articleSection\":\"Altos de Chavon @es\",\"author\":[{\"@type\":\"Person\",\"name\":\"Marlenys Guzm\\u00e1n Casta\\u00f1os\"}],\"creator\":[\"Marlenys Guzm\\u00e1n Casta\\u00f1os\"],\"publisher\":{\"@type\":\"Organization\",\"name\":\"Casa de Campo Living\",\"logo\":\"https:\\\/\\\/casadecampoliving.com\\\/wp-content\\\/uploads\\\/2022\\\/07\\\/CDCLivingLogo_V1-white-sized.png\"},\"keywords\":[\"altos de chavon\",\"apertura\",\"artistas en residencia\",\"coctel\",\"escuela de dise\\u00f1o\",\"exhibicion\",\"fundacion centro cultural altos de chavon\",\"galeria\"],\"dateCreated\":\"2016-11-11T04:00:00Z\",\"datePublished\":\"2016-11-11T04:00:00Z\",\"dateModified\":\"2022-10-21T23:05:47Z\"}<\/script>","tracker_url":"https:\/\/cdn.parsely.com\/keys\/casadecampoliving.com\/p.js"},"jetpack_publicize_connections":[],"jetpack_featured_media_url":"https:\/\/i0.wp.com\/casadecampoliving.com\/wp-content\/uploads\/2022\/10\/AR_OTON17DO_20161-e1478882198736.jpg?fit=1000%2C600&ssl=1","jetpack-related-posts":[{"id":352183,"url":"https:\/\/casadecampoliving.com\/es\/la-galeria-altos-de-chavon-presenta-artistas-en-residencia-otono-2017\/","url_meta":{"origin":350799,"position":0},"title":"Pr\u00f3xima exhibici\u00f3n en La Galer\u00eda Altos de Chav\u00f3n: Artistas en Residencia Oto\u00f1o 2017","author":"Marlenys Guzm\u00e1n Casta\u00f1os","date":"10 Nov, 2017","format":false,"excerpt":"La Galer\u00eda en Altos de Chav\u00f3n anuncia la apertura de la exposici\u00f3n \u201cArtistas en Residencia, Oto\u00f1o 2017\u201d, un programa de la Fundaci\u00f3n Centro Cultural Altos de Chav\u00f3n con los artistas Tom\u00e1s Pichardo y Lisa Iglesias el 16 de noviembre. El programa \u201cArtistas en Residencia\u201d tiene como objetivo promover el intercambio\u2026","rel":"","context":"En \u00abAltos de Chavon @es\u00bb","block_context":{"text":"Altos de Chavon @es","link":"https:\/\/casadecampoliving.com\/category\/altos-de-chavon-es\/"},"img":{"alt_text":"","src":"https:\/\/i0.wp.com\/casadecampoliving.com\/wp-content\/uploads\/2022\/10\/Artists-in-Residence-Fall-2017-Tomas-Pichardo-and-Lisa-Iglesia.jpg?fit=1000%2C505&ssl=1&resize=350%2C200","width":350,"height":200,"srcset":"https:\/\/i0.wp.com\/casadecampoliving.com\/wp-content\/uploads\/2022\/10\/Artists-in-Residence-Fall-2017-Tomas-Pichardo-and-Lisa-Iglesia.jpg?fit=1000%2C505&ssl=1&resize=350%2C200 1x, https:\/\/i0.wp.com\/casadecampoliving.com\/wp-content\/uploads\/2022\/10\/Artists-in-Residence-Fall-2017-Tomas-Pichardo-and-Lisa-Iglesia.jpg?fit=1000%2C505&ssl=1&resize=525%2C300 1.5x, https:\/\/i0.wp.com\/casadecampoliving.com\/wp-content\/uploads\/2022\/10\/Artists-in-Residence-Fall-2017-Tomas-Pichardo-and-Lisa-Iglesia.jpg?fit=1000%2C505&ssl=1&resize=700%2C400 2x"},"classes":[]},{"id":350832,"url":"https:\/\/casadecampoliving.com\/es\/artistas-en-residencia-otono-2016-la-galeria-altos-de-chavon\/","url_meta":{"origin":350799,"position":1},"title":"La apertura de la exhibici\u00f3n \u201cArtistas en Residencia Oto\u00f1o 2016\u201d atrajo a los amantes del arte de la comunidad","author":"Marlenys Guzm\u00e1n Casta\u00f1os","date":"22 Nov, 2016","format":false,"excerpt":"El pasado jueves 17 de noviembre, el talentoso d\u00fao Luis Valverde y Gustavo Ferm\u00edn presentaron\u00a0su exposici\u00f3n de arte \"Artistas en Residencia Oto\u00f1o\u00a02016\" con un c\u00f3ctel en la Galer\u00eda de Altos de Chav\u00f3n. Las impresionantes creaciones de estos artistas, estuvieron dispersadas por todas las paredes \u00e9 incluso el piso de la\u2026","rel":"","context":"En \u00abAltos de Chavon @es\u00bb","block_context":{"text":"Altos de Chavon @es","link":"https:\/\/casadecampoliving.com\/category\/altos-de-chavon-es\/"},"img":{"alt_text":"","src":"https:\/\/i0.wp.com\/casadecampoliving.com\/wp-content\/uploads\/2022\/10\/Artists-in-Residence.jpeg?fit=1000%2C601&ssl=1&resize=350%2C200","width":350,"height":200,"srcset":"https:\/\/i0.wp.com\/casadecampoliving.com\/wp-content\/uploads\/2022\/10\/Artists-in-Residence.jpeg?fit=1000%2C601&ssl=1&resize=350%2C200 1x, https:\/\/i0.wp.com\/casadecampoliving.com\/wp-content\/uploads\/2022\/10\/Artists-in-Residence.jpeg?fit=1000%2C601&ssl=1&resize=525%2C300 1.5x, https:\/\/i0.wp.com\/casadecampoliving.com\/wp-content\/uploads\/2022\/10\/Artists-in-Residence.jpeg?fit=1000%2C601&ssl=1&resize=700%2C400 2x"},"classes":[]},{"id":433460,"url":"https:\/\/casadecampoliving.com\/es\/no-se-pierdan-el-increible-tributo-a-frank-sinatra-para-celebrar-el-40-aniversario-del-anfiteatro-altos-de-chavon\/","url_meta":{"origin":350799,"position":2},"title":"No se pierdan el incre\u00edble tributo a Frank Sinatra para celebrar el 40 aniversario del\u00a0Anfiteatro Altos de Chav\u00f3n","author":"Casa de Campo Living","date":"20 Oct, 2022","format":false,"excerpt":"Siendo uno de los escenarios m\u00e1s emblem\u00e1ticos del pa\u00eds, Casa de Campo Resort\u00ae & Villas celebra las cuatro d\u00e9cadas de aniversario de Altos de Chav\u00f3n con un tributo al gran Frank Sinatra, protagonizado por artistas invitados y una big band tal cual la que acompa\u00f1\u00f3 al artista hace 40 a\u00f1os\u2026","rel":"","context":"En \u00abUncategorized @es\u00bb","block_context":{"text":"Uncategorized @es","link":"https:\/\/casadecampoliving.com\/es\/category\/uncategorized-es\/"},"img":{"alt_text":"","src":"https:\/\/i0.wp.com\/casadecampoliving.com\/wp-content\/uploads\/2022\/10\/Tributo-Frank-Sinatra-Foto-Principal-Amaury-Sanchez-Danilo-Ginebra-Andres-Pichardo-y-Jose-Gabriel-Perez-.jpg?fit=1200%2C873&ssl=1&resize=350%2C200","width":350,"height":200,"srcset":"https:\/\/i0.wp.com\/casadecampoliving.com\/wp-content\/uploads\/2022\/10\/Tributo-Frank-Sinatra-Foto-Principal-Amaury-Sanchez-Danilo-Ginebra-Andres-Pichardo-y-Jose-Gabriel-Perez-.jpg?fit=1200%2C873&ssl=1&resize=350%2C200 1x, https:\/\/i0.wp.com\/casadecampoliving.com\/wp-content\/uploads\/2022\/10\/Tributo-Frank-Sinatra-Foto-Principal-Amaury-Sanchez-Danilo-Ginebra-Andres-Pichardo-y-Jose-Gabriel-Perez-.jpg?fit=1200%2C873&ssl=1&resize=525%2C300 1.5x, https:\/\/i0.wp.com\/casadecampoliving.com\/wp-content\/uploads\/2022\/10\/Tributo-Frank-Sinatra-Foto-Principal-Amaury-Sanchez-Danilo-Ginebra-Andres-Pichardo-y-Jose-Gabriel-Perez-.jpg?fit=1200%2C873&ssl=1&resize=700%2C400 2x, https:\/\/i0.wp.com\/casadecampoliving.com\/wp-content\/uploads\/2022\/10\/Tributo-Frank-Sinatra-Foto-Principal-Amaury-Sanchez-Danilo-Ginebra-Andres-Pichardo-y-Jose-Gabriel-Perez-.jpg?fit=1200%2C873&ssl=1&resize=1050%2C600 3x"},"classes":[]},{"id":348562,"url":"https:\/\/casadecampoliving.com\/es\/exposicion-artistas-en-residencia-altos-de-chavon-otono-2015\/","url_meta":{"origin":350799,"position":3},"title":"Exposici\u00f3n de Artistas en Residencia en La Galer\u00eda de Altos de Chav\u00f3n este jueves","author":"Felix Guerrero","date":"17 Nov, 2015","format":false,"excerpt":"La Galer\u00eda Principal de Altos de Chav\u00f3n anuncia la exposici\u00f3n del\u00a0programa\u00a0\u201cArtistas en Residencia, Oto\u00f1o 2015\u201d, bajo la Fundaci\u00f3n Centro Cultural Altos de Chav\u00f3n, la cual ser\u00e1 oficialmente inaugurada con un coctel de apertura en La Galer\u00eda este jueves, 19 de noviembre, a las 6pm, con los artistas Alma Peguero, Tom\u00e1s\u2026","rel":"","context":"En \u00abAltos de Chavon @es\u00bb","block_context":{"text":"Altos de Chavon @es","link":"https:\/\/casadecampoliving.com\/category\/altos-de-chavon-es\/"},"img":{"alt_text":"AIR Header","src":"https:\/\/i0.wp.com\/casadecampoliving.com\/wp-content\/uploads\/2022\/10\/AIR-Header-1.jpg?fit=650%2C400&ssl=1&resize=350%2C200","width":350,"height":200,"srcset":"https:\/\/i0.wp.com\/casadecampoliving.com\/wp-content\/uploads\/2022\/10\/AIR-Header-1.jpg?fit=650%2C400&ssl=1&resize=350%2C200 1x, https:\/\/i0.wp.com\/casadecampoliving.com\/wp-content\/uploads\/2022\/10\/AIR-Header-1.jpg?fit=650%2C400&ssl=1&resize=525%2C300 1.5x"},"classes":[]},{"id":344087,"url":"https:\/\/casadecampoliving.com\/es\/exhibicion-de-arte-suenos-persistentes-por-fermin-ceballos\/","url_meta":{"origin":350799,"position":4},"title":"Exhibici\u00f3n de arte \u00abSue\u00f1os Persistentes\u00bb por Ferm\u00edn Ceballos","author":"Perkin Agramonte","date":"31 Mar, 2014","format":false,"excerpt":"El pr\u00f3ximo Jueves 3 de abril, el Centro Cultural Fundaci\u00f3n de Altos de Chavon abrir\u00e1 una nueva exhibici\u00f3n, llamada \u201cSue\u00f1os Persistentes\u201d presentada por el artista en residencia Ferm\u00edn Ceballos. El programa \u201cArtistas en Residencia\u201d dirigido por la Escuela de Arte y Dise\u00f1o Altos de Chav\u00f3n enfatiza la importancia del intercambio\u2026","rel":"","context":"En \u00abAltos de Chavon @es\u00bb","block_context":{"text":"Altos de Chavon @es","link":"https:\/\/casadecampoliving.com\/category\/altos-de-chavon-es\/"},"img":{"alt_text":"","src":"https:\/\/i0.wp.com\/casadecampoliving.com\/wp-content\/uploads\/2022\/10\/FC_AIRp14_header-1.jpg?fit=650%2C464&ssl=1&resize=350%2C200","width":350,"height":200,"srcset":"https:\/\/i0.wp.com\/casadecampoliving.com\/wp-content\/uploads\/2022\/10\/FC_AIRp14_header-1.jpg?fit=650%2C464&ssl=1&resize=350%2C200 1x, https:\/\/i0.wp.com\/casadecampoliving.com\/wp-content\/uploads\/2022\/10\/FC_AIRp14_header-1.jpg?fit=650%2C464&ssl=1&resize=525%2C300 1.5x"},"classes":[]},{"id":340098,"url":"https:\/\/casadecampoliving.com\/es\/inauguracion-de-la-nueva-exhibicion-de-arte-artistas-en-residencia-este-jueves-15-de-nov\/","url_meta":{"origin":350799,"position":5},"title":"Inauguraci\u00f3n de la nueva exhibici\u00f3n de arte \u00abArtistas en Residencia\u00bb, este jueves 15 de nov.","author":"Rebecca Silvestri","date":"13 Nov, 2012","format":false,"excerpt":"Este jueves 15 de noviembre, la nueva exhibici\u00f3n \u201cArtistas en Residencia\u201d, ser\u00e1 oficialmente inaugurada en la galer\u00eda de arte de Altos de Chav\u00f3n y celebrada con c\u00f3ctel inaugural, al cual est\u00e1n cordialmente invitados!\u00a0 En esta ocasi\u00f3n, la nueva exhibici\u00f3n \u201cArtistas en Residencia\u201d, ser\u00e1 presentada por dos artistas; Irene Rodr\u00edguez desde\u2026","rel":"","context":"En \u00abAltos de Chavon @es\u00bb","block_context":{"text":"Altos de Chavon @es","link":"https:\/\/casadecampoliving.com\/category\/altos-de-chavon-es\/"},"img":{"alt_text":"altos de chavon","src":"https:\/\/i0.wp.com\/casadecampoliving.com\/wp-content\/uploads\/2022\/10\/altos_de_chavon-8.jpg?fit=650%2C647&ssl=1&resize=350%2C200","width":350,"height":200,"srcset":"https:\/\/i0.wp.com\/casadecampoliving.com\/wp-content\/uploads\/2022\/10\/altos_de_chavon-8.jpg?fit=650%2C647&ssl=1&resize=350%2C200 1x, https:\/\/i0.wp.com\/casadecampoliving.com\/wp-content\/uploads\/2022\/10\/altos_de_chavon-8.jpg?fit=650%2C647&ssl=1&resize=525%2C300 1.5x"},"classes":[]}],"jetpack_sharing_enabled":true,"_links":{"self":[{"href":"https:\/\/casadecampoliving.com\/es\/wp-json\/wp\/v2\/posts\/350799","targetHints":{"allow":["GET"]}}],"collection":[{"href":"https:\/\/casadecampoliving.com\/es\/wp-json\/wp\/v2\/posts"}],"about":[{"href":"https:\/\/casadecampoliving.com\/es\/wp-json\/wp\/v2\/types\/post"}],"author":[{"embeddable":true,"href":"https:\/\/casadecampoliving.com\/es\/wp-json\/wp\/v2\/users\/36682"}],"replies":[{"embeddable":true,"href":"https:\/\/casadecampoliving.com\/es\/wp-json\/wp\/v2\/comments?post=350799"}],"version-history":[{"count":1,"href":"https:\/\/casadecampoliving.com\/es\/wp-json\/wp\/v2\/posts\/350799\/revisions"}],"predecessor-version":[{"id":350802,"href":"https:\/\/casadecampoliving.com\/es\/wp-json\/wp\/v2\/posts\/350799\/revisions\/350802"}],"wp:featuredmedia":[{"embeddable":true,"href":"https:\/\/casadecampoliving.com\/es\/wp-json\/wp\/v2\/media\/313484"}],"wp:attachment":[{"href":"https:\/\/casadecampoliving.com\/es\/wp-json\/wp\/v2\/media?parent=350799"}],"wp:term":[{"taxonomy":"category","embeddable":true,"href":"https:\/\/casadecampoliving.com\/es\/wp-json\/wp\/v2\/categories?post=350799"},{"taxonomy":"post_tag","embeddable":true,"href":"https:\/\/casadecampoliving.com\/es\/wp-json\/wp\/v2\/tags?post=350799"},{"taxonomy":"newspack_spnsrs_tax","embeddable":true,"href":"https:\/\/casadecampoliving.com\/es\/wp-json\/wp\/v2\/newspack_spnsrs_tax?post=350799"}],"curies":[{"name":"wp","href":"https:\/\/api.w.org\/{rel}","templated":true}]}}