{"id":350728,"date":"2016-10-31T00:00:00","date_gmt":"2016-10-31T04:00:00","guid":{"rendered":"https:\/\/casadecampoliving.com\/10-cosas-que-nos-encanto-del-fall-fest\/"},"modified":"2022-10-21T19:02:54","modified_gmt":"2022-10-21T23:02:54","slug":"10-cosas-que-nos-encanto-del-fall-fest","status":"publish","type":"post","link":"https:\/\/casadecampoliving.com\/es\/10-cosas-que-nos-encanto-del-fall-fest\/","title":{"rendered":"10 Cosas que nos encant\u00f3 del Fall Fest"},"content":{"rendered":"\n<p>El Altos de Chav\u00f3n Fall Fest puede haber terminado, \u00a1pero eso no nos impida recordar todos los buenos momentos con fotos del evento! Vea que bien la pasamos ayer&nbsp;con golosinas, arte, manualidades, m\u00fasica en vivo, amigos y buenos tiempos. \u00a1\u00a1\u00a1Hasta la pr\u00f3xima vez!!!<\/p>\n\n\n\n<!--more-->\n\n\n\n<h3 class=\"wp-block-heading\">1. Los ni\u00f1os se divirtieron mucho<\/h3>\n\n\n\n<p>y se ensuciaron un poco tambi\u00e9n!!<\/p>\n\n\n\n<figure class=\"wp-block-image is-resized\"><img loading=\"lazy\" decoding=\"async\" src=\"https:\/\/i0.wp.com\/casadecampoliving.com\/wp-content\/uploads\/2022\/10\/IMG_4480-2.jpg?resize=285%2C426&amp;ssl=1\" alt=\"Chav\u00f3n Fall Fest\" class=\"wp-image-126366\" height=\"426\" width=\"285\"\/><\/figure>\n\n\n\n<div><\/div>\n\n\n\n<h3 class=\"wp-block-heading\">2. \u00a1El stand de Costa Farms estuvo sorprendente!<\/h3>\n\n\n\n<p>\u00a1Estuvo todo muy bello! \u00a1Y&nbsp;sus&nbsp;poinsettias nos record\u00f3 que la navidad ya casi esta aqu\u00ed!<\/p>\n\n\n\n<figure class=\"wp-block-image is-resized\"><img loading=\"lazy\" decoding=\"async\" src=\"https:\/\/i0.wp.com\/casadecampoliving.com\/wp-content\/uploads\/2022\/10\/IMG_4474-2.jpg?resize=640%2C426&amp;ssl=1\" alt=\"Chav\u00f3n Fall Fest\" class=\"wp-image-126367\" height=\"426\" width=\"640\"\/><\/figure>\n\n\n\n<div><\/div>\n\n\n\n<h3 class=\"wp-block-heading\">3. El Brunch de La Piazzetta fue todo un \u00e9xito<\/h3>\n\n\n\n<p>Un pianista en vivo, el aire acondicionado&nbsp;nos mantuvo frescos&nbsp;en un d\u00eda caluroso, \u00a1y la comida estaba&nbsp;demasiado buena! Adem\u00e1s, \u00a1por la tarde se present\u00f3&nbsp;un saxofonista&nbsp;en vivo!<\/p>\n\n\n\n<blockquote class=\"instagram-media\" style=\"background: #FFF; border: 0; border-radius: 3px; box-shadow: 0 0 1px 0 rgba(0,0,0,0.5),0 1px 10px 0 rgba(0,0,0,0.15); margin: 1px; max-width: 658px; padding: 0; width: calc(100% - 2px);\" data-instgrm-version=\"7\"><div style=\"padding: 8px;\">\n<div style=\"background: #F8F8F8; line-height: 0; margin-top: 40px; padding: 50.0% 0; text-align: center; width: 100%;\"><\/div>\n<p style=\"color: #c9c8cd; font-family: Arial,sans-serif; font-size: 14px; line-height: 17px; margin-bottom: 0; margin-top: 8px; overflow: hidden; padding: 8px 0 7px; text-align: center; text-overflow: ellipsis; white-space: nowrap;\"><a style=\"color: #c9c8cd; font-family: Arial,sans-serif; font-size: 14px; font-style: normal; font-weight: normal; line-height: 17px; text-decoration: none;\" href=\"https:\/\/www.instagram.com\/p\/BMMVqgkgLtQ\/\" target=\"_blank\" rel=\"noopener\">A video posted by Casa de Campo Living (@cdcliving)<\/a> on <time style=\"font-family: Arial,sans-serif; font-size: 14px; line-height: 17px;\" datetime=\"2016-10-30T15:53:10+00:00\">Oct 30, 2016 at 8:53am PDT<\/time><\/p>\n<\/div><\/blockquote>\n\n\n\n<p><script async=\"\" defer=\"\" src=\"\/\/platform.instagram.com\/en_US\/embeds.js\"><\/script><\/p>\n\n\n\n<h3 class=\"wp-block-heading\">4. Truco o Trato mantuvo a los ni\u00f1os activos durante la tarde<\/h3>\n\n\n\n<p>\u00a1y vimos los disfraces m\u00e1s bellos!<\/p>\n\n\n\n<figure class=\"wp-block-image is-resized\"><img loading=\"lazy\" decoding=\"async\" src=\"https:\/\/i0.wp.com\/casadecampoliving.com\/wp-content\/uploads\/2022\/10\/IMG_4465-e1477931069972-2.jpg?resize=333%2C500&amp;ssl=1\" alt=\"Chav\u00f3n Fall Fest\" class=\"wp-image-126368\" height=\"500\" width=\"333\"\/><\/figure>\n\n\n\n<div><\/div>\n\n\n\n<h3 class=\"wp-block-heading\">5. Las Compras\u2026 \u00a1oh las compras!<\/h3>\n\n\n\n<p>Los vendedores invitados ten\u00edan de todo desde perfumes hasta hermosas plantas\u2026 mientras que las tiendas locales ten\u00edan incre\u00edbles descuentos.<\/p>\n\n\n\n<figure class=\"wp-block-image is-resized\"><img loading=\"lazy\" decoding=\"async\" src=\"https:\/\/i0.wp.com\/casadecampoliving.com\/wp-content\/uploads\/2022\/10\/IMG_4468-e1477931177681-2.jpg?resize=333%2C500&amp;ssl=1\" alt=\"Chav\u00f3n Fall Fest\" class=\"wp-image-126369\" height=\"500\" width=\"333\"\/><\/figure>\n\n\n\n<h3 class=\"wp-block-heading\">6. Decoraci\u00f3n de la tienda del Dia de los Muertos<\/h3>\n\n\n\n<p>\u00a1Una joya escondida del Fall Fest! El pasillo frente a La Tienda era extra\u00f1o e interesante al mismo tiempo.<\/p>\n\n\n\n<figure class=\"wp-block-image is-resized\"><img loading=\"lazy\" decoding=\"async\" src=\"https:\/\/i0.wp.com\/casadecampoliving.com\/wp-content\/uploads\/2022\/10\/IMG_4462-e1477931442778-2-rotated.jpg?resize=375%2C500&amp;ssl=1\" alt=\"Chav\u00f3n Fall Fest\" class=\"wp-image-126370\" height=\"500\" width=\"375\"\/><\/figure>\n\n\n\n<h3 class=\"wp-block-heading\">7. La fiesta de reggae durante la apertura de la Eskina<\/h3>\n\n\n\n<p>Algunos de nosotros PUEDE ser que nos hayamos ido tarde \u2013 MUY&nbsp;tarde.<\/p>\n\n\n\n<blockquote class=\"instagram-media\" style=\"background: #FFF; border: 0; border-radius: 3px; box-shadow: 0 0 1px 0 rgba(0,0,0,0.5),0 1px 10px 0 rgba(0,0,0,0.15); margin: 1px; max-width: 658px; padding: 0; width: calc(100% - 2px);\" data-instgrm-captioned=\"\" data-instgrm-version=\"7\"><div style=\"padding: 8px;\">\n<div style=\"background: #F8F8F8; line-height: 0; margin-top: 40px; padding: 50.0% 0; text-align: center; width: 100%;\"><\/div>\n<p style=\"margin: 8px 0 0 0; padding: 0 4px;\"><a style=\"color: #000; font-family: Arial,sans-serif; font-size: 14px; font-style: normal; font-weight: normal; line-height: 17px; text-decoration: none; word-wrap: break-word;\" href=\"https:\/\/www.instagram.com\/p\/BMM7I3KAfBh\/\" target=\"_blank\" rel=\"noopener\">Live music @freshfreshchavon is reason enough to stay around to enjoy an afternoon at @altosdechavon ! #rediscoverchavon #chavonfallfest #redescubrechavon<\/a><\/p>\n<p style=\"color: #c9c8cd; font-family: Arial,sans-serif; font-size: 14px; line-height: 17px; margin-bottom: 0; margin-top: 8px; overflow: hidden; padding: 8px 0 7px; text-align: center; text-overflow: ellipsis; white-space: nowrap;\">A video posted by Casa de Campo Living (@cdcliving) on <time style=\"font-family: Arial,sans-serif; font-size: 14px; line-height: 17px;\" datetime=\"2016-10-30T21:20:37+00:00\">Oct 30, 2016 at 2:20pm PDT<\/time><\/p>\n<\/div><\/blockquote>\n\n\n\n<p><script async=\"\" defer=\"\" src=\"\/\/platform.instagram.com\/en_US\/embeds.js\"><\/script><\/p>\n\n\n\n<div><\/div>\n\n\n\n<h3 class=\"wp-block-heading\">8. Peque\u00f1os Chavoneros en acci\u00f3n<\/h3>\n\n\n\n<p>Cer\u00e1mica, creaci\u00f3n de maracas, talla&nbsp;de calabaza y mucho m\u00e1s. \u00a1Los ni\u00f1os descubrieron todo lo implica&nbsp;Chav\u00f3n!<\/p>\n\n\n\n<figure class=\"wp-block-image is-resized\"><img loading=\"lazy\" decoding=\"async\" src=\"https:\/\/i0.wp.com\/casadecampoliving.com\/wp-content\/uploads\/2022\/10\/Chavon_fall_fest_kids-e1477934404110-2.jpg?resize=500%2C500&amp;ssl=1\" alt=\"Chav\u00f3n Fall Fest\" class=\"wp-image-126371\" height=\"500\" width=\"500\"\/><\/figure>\n\n\n\n<div><\/div>\n\n\n\n<h3 class=\"wp-block-heading\">9. La lluvia no detuvo la fiesta<\/h3>\n\n\n\n<p>Es posible que nos hayamos mojado un poco, pero eso no fren\u00f3 a nadie. \u00a1La fiesta post lluvia fue&nbsp;a\u00fan mejor!<\/p>\n\n\n\n<figure class=\"wp-block-image is-resized\"><img loading=\"lazy\" decoding=\"async\" src=\"https:\/\/i0.wp.com\/casadecampoliving.com\/wp-content\/uploads\/2022\/10\/Chavon_2016-e1477941862235-2.jpg?resize=640%2C480&amp;ssl=1\" alt=\"Chav\u00f3n Fall Fest\" class=\"wp-image-126460\" height=\"480\" width=\"640\"\/><\/figure>\n\n\n\n<div>&nbsp;<\/div>\n\n\n\n<h3 class=\"wp-block-heading\">10. Altos de Chav\u00f3n se esta encaminando a ser EL LUGAR familiar de los domingos<\/h3>\n\n\n\n<p>La idea detr\u00e1s del Fall Fest era brindarle&nbsp;a las familias una hermosa tarde de domingo y al parecer pronto vamos a estar viendo m\u00e1s familias en la Villa de los Artistas los domingos.<\/p>\n\n\n\n<figure class=\"wp-block-image is-resized\"><img loading=\"lazy\" decoding=\"async\" src=\"https:\/\/i0.wp.com\/casadecampoliving.com\/wp-content\/uploads\/2022\/10\/IMG_0133-e1477936932407-2.jpg?resize=640%2C427&amp;ssl=1\" alt=\"Chav\u00f3n Fall Fest\" class=\"wp-image-126372\" height=\"427\" width=\"640\"\/><\/figure>\n","protected":false},"excerpt":{"rendered":"<p>El Altos de Chav\u00f3n Fall Fest puede haber terminado, \u00a1pero eso no nos impida recordar todos los buenos momentos con fotos del evento! Vea que bien la pasamos ayer&nbsp;con golosinas, arte, manualidades, m\u00fasica en vivo, amigos y buenos tiempos. \u00a1\u00a1\u00a1Hasta la pr\u00f3xima vez!!!<\/p>\n","protected":false},"author":36672,"featured_media":328070,"comment_status":"closed","ping_status":"closed","sticky":false,"template":"","format":"standard","meta":{"newspack_ads_suppress_ads":false,"newspack_popups_has_disabled_popups":false,"newspack_sponsor_sponsorship_scope":"","newspack_sponsor_native_byline_display":"inherit","newspack_sponsor_native_category_display":"inherit","newspack_sponsor_underwriter_style":"inherit","newspack_sponsor_underwriter_placement":"inherit","_newspack_byline_active":false,"_newspack_byline":"","newspack_hide_updated_date":false,"newspack_show_updated_date":false,"newspack_content_restriction_is_exempt":false,"newspack_featured_image_position":"","newspack_post_subtitle":"","newspack_article_summary_title":"Overview:","newspack_article_summary":"","_jetpack_memberships_contains_paid_content":false,"footnotes":"","jetpack_publicize_message":"","jetpack_publicize_feature_enabled":true,"jetpack_social_post_already_shared":false,"jetpack_social_options":{"image_generator_settings":{"template":"highway","default_image_id":0,"font":"","enabled":false},"version":2},"_wpas_customize_per_network":false},"categories":[26819,26823,26936,26951,14629,2530,14631,2522,14625,2521,2520,19622],"tags":[3058,15387,19670,8532,19597,14736,6775,12130,8676],"newspack_spnsrs_tax":[],"class_list":["post-350728","post","type-post","status-publish","format-standard","has-post-thumbnail","hentry","category-altos-de-chavon-es","category-arte-y-cultura","category-casa-de-campo-living-es","category-ccl-presenta","category-comidas-bebidas","category-compras-es","category-estilo-de-vida","category-eventos-es","category-noticias-locales","category-republica-dominicana-2","category-restaurantes-es","category-video-es-2","tag-actividades","tag-altos-de-chavon-es","tag-costa-farms-es","tag-disfraces","tag-fall-fest","tag-featured-topview-es","tag-la-piazzetta-es","tag-la-tienda-es","tag-ninos","entry"],"yoast_head":"<!-- This site is optimized with the Yoast SEO plugin v27.5 - https:\/\/yoast.com\/product\/yoast-seo-wordpress\/ -->\n<title>10 Cosas que nos encant\u00f3 del Fall Fest | Casa de Campo Living<\/title>\n<meta name=\"description\" content=\"El Altos de Chav\u00f3n Fall Fest puede haber terminado, \u00a1pero eso no nos impida recordar todos los buenos momentos con fotos del evento! Vea que bien la\" \/>\n<meta name=\"robots\" content=\"index, follow, max-snippet:-1, max-image-preview:large, max-video-preview:-1\" \/>\n<link rel=\"canonical\" href=\"https:\/\/casadecampoliving.com\/es\/10-cosas-que-nos-encanto-del-fall-fest\/\" \/>\n<meta property=\"og:locale\" content=\"es_ES\" \/>\n<meta property=\"og:type\" content=\"article\" \/>\n<meta property=\"og:title\" content=\"10 Cosas que nos encant\u00f3 del Fall Fest | Casa de Campo Living\" \/>\n<meta property=\"og:description\" content=\"El Altos de Chav\u00f3n Fall Fest puede haber terminado, \u00a1pero eso no nos impida recordar todos los buenos momentos con fotos del evento! Vea que bien la\" \/>\n<meta property=\"og:url\" content=\"https:\/\/casadecampoliving.com\/es\/10-cosas-que-nos-encanto-del-fall-fest\/\" \/>\n<meta property=\"og:site_name\" content=\"Casa de Campo Living\" \/>\n<meta property=\"article:publisher\" content=\"https:\/\/www.facebook.com\/casadecampoliving\" \/>\n<meta property=\"article:published_time\" content=\"2016-10-31T04:00:00+00:00\" \/>\n<meta property=\"article:modified_time\" content=\"2022-10-21T23:02:54+00:00\" \/>\n<meta property=\"og:image\" content=\"https:\/\/i0.wp.com\/casadecampoliving.com\/wp-content\/uploads\/2022\/10\/IMG_0379-1.jpg?fit=1000%2C667&ssl=1\" \/>\n\t<meta property=\"og:image:width\" content=\"1000\" \/>\n\t<meta property=\"og:image:height\" content=\"667\" \/>\n\t<meta property=\"og:image:type\" content=\"image\/jpeg\" \/>\n<meta name=\"author\" content=\"Carla Campos\" \/>\n<meta name=\"twitter:card\" content=\"summary_large_image\" \/>\n<meta name=\"twitter:creator\" content=\"@cdcliving\" \/>\n<meta name=\"twitter:site\" content=\"@cdcliving\" \/>\n<meta name=\"twitter:label1\" content=\"Escrito por\" \/>\n\t<meta name=\"twitter:data1\" content=\"Carla Campos\" \/>\n\t<meta name=\"twitter:label2\" content=\"Tiempo de lectura\" \/>\n\t<meta name=\"twitter:data2\" content=\"2 minutos\" \/>\n<script type=\"application\/ld+json\" class=\"yoast-schema-graph\">{\"@context\":\"https:\\\/\\\/schema.org\",\"@graph\":[{\"@type\":\"Article\",\"@id\":\"https:\\\/\\\/casadecampoliving.com\\\/es\\\/10-cosas-que-nos-encanto-del-fall-fest\\\/#article\",\"isPartOf\":{\"@id\":\"https:\\\/\\\/casadecampoliving.com\\\/es\\\/10-cosas-que-nos-encanto-del-fall-fest\\\/\"},\"author\":{\"name\":\"Carla Campos\",\"@id\":\"https:\\\/\\\/casadecampoliving.com\\\/es\\\/#\\\/schema\\\/person\\\/31e9c79dd1ae5946a5bc1d006945aad1\"},\"headline\":\"10 Cosas que nos encant\u00f3 del Fall Fest\",\"datePublished\":\"2016-10-31T04:00:00+00:00\",\"dateModified\":\"2022-10-21T23:02:54+00:00\",\"mainEntityOfPage\":{\"@id\":\"https:\\\/\\\/casadecampoliving.com\\\/es\\\/10-cosas-que-nos-encanto-del-fall-fest\\\/\"},\"wordCount\":396,\"publisher\":{\"@id\":\"https:\\\/\\\/casadecampoliving.com\\\/es\\\/#organization\"},\"image\":{\"@id\":\"https:\\\/\\\/casadecampoliving.com\\\/es\\\/10-cosas-que-nos-encanto-del-fall-fest\\\/#primaryimage\"},\"thumbnailUrl\":\"https:\\\/\\\/i0.wp.com\\\/casadecampoliving.com\\\/wp-content\\\/uploads\\\/2022\\\/10\\\/IMG_0379-1.jpg?fit=1000%2C667&ssl=1\",\"keywords\":[\"actividades\",\"Altos de Chavon\",\"Costa Farms @es\",\"Disfraces\",\"Fall fest\",\"Featured-TopView @es\",\"la piazzetta @es\",\"La Tienda @es\",\"ni\u00f1os\"],\"articleSection\":[\"Altos de Chavon @es\",\"Arte y cultura\",\"Casa de Campo Living @es\",\"CCL presenta\",\"Comidas &amp; Bebidas\",\"Compras\",\"Estilo de Vida\",\"Eventos\",\"Noticias Locales\",\"Rep\u00fablica Dominicana @es\",\"Restaurantes\",\"Video\"],\"inLanguage\":\"es\"},{\"@type\":\"WebPage\",\"@id\":\"https:\\\/\\\/casadecampoliving.com\\\/es\\\/10-cosas-que-nos-encanto-del-fall-fest\\\/\",\"url\":\"https:\\\/\\\/casadecampoliving.com\\\/es\\\/10-cosas-que-nos-encanto-del-fall-fest\\\/\",\"name\":\"10 Cosas que nos encant\u00f3 del Fall Fest | Casa de Campo Living\",\"isPartOf\":{\"@id\":\"https:\\\/\\\/casadecampoliving.com\\\/es\\\/#website\"},\"primaryImageOfPage\":{\"@id\":\"https:\\\/\\\/casadecampoliving.com\\\/es\\\/10-cosas-que-nos-encanto-del-fall-fest\\\/#primaryimage\"},\"image\":{\"@id\":\"https:\\\/\\\/casadecampoliving.com\\\/es\\\/10-cosas-que-nos-encanto-del-fall-fest\\\/#primaryimage\"},\"thumbnailUrl\":\"https:\\\/\\\/i0.wp.com\\\/casadecampoliving.com\\\/wp-content\\\/uploads\\\/2022\\\/10\\\/IMG_0379-1.jpg?fit=1000%2C667&ssl=1\",\"datePublished\":\"2016-10-31T04:00:00+00:00\",\"dateModified\":\"2022-10-21T23:02:54+00:00\",\"description\":\"El Altos de Chav\u00f3n Fall Fest puede haber terminado, \u00a1pero eso no nos impida recordar todos los buenos momentos con fotos del evento! Vea que bien la\",\"breadcrumb\":{\"@id\":\"https:\\\/\\\/casadecampoliving.com\\\/es\\\/10-cosas-que-nos-encanto-del-fall-fest\\\/#breadcrumb\"},\"inLanguage\":\"es\",\"potentialAction\":[{\"@type\":\"ReadAction\",\"target\":[\"https:\\\/\\\/casadecampoliving.com\\\/es\\\/10-cosas-que-nos-encanto-del-fall-fest\\\/\"]}]},{\"@type\":\"ImageObject\",\"inLanguage\":\"es\",\"@id\":\"https:\\\/\\\/casadecampoliving.com\\\/es\\\/10-cosas-que-nos-encanto-del-fall-fest\\\/#primaryimage\",\"url\":\"https:\\\/\\\/i0.wp.com\\\/casadecampoliving.com\\\/wp-content\\\/uploads\\\/2022\\\/10\\\/IMG_0379-1.jpg?fit=1000%2C667&ssl=1\",\"contentUrl\":\"https:\\\/\\\/i0.wp.com\\\/casadecampoliving.com\\\/wp-content\\\/uploads\\\/2022\\\/10\\\/IMG_0379-1.jpg?fit=1000%2C667&ssl=1\",\"width\":1000,\"height\":667},{\"@type\":\"BreadcrumbList\",\"@id\":\"https:\\\/\\\/casadecampoliving.com\\\/es\\\/10-cosas-que-nos-encanto-del-fall-fest\\\/#breadcrumb\",\"itemListElement\":[{\"@type\":\"ListItem\",\"position\":1,\"name\":\"Home\",\"item\":\"https:\\\/\\\/casadecampoliving.com\\\/es\\\/\"},{\"@type\":\"ListItem\",\"position\":2,\"name\":\"10 Cosas que nos encant\u00f3 del Fall Fest\"}]},{\"@type\":\"WebSite\",\"@id\":\"https:\\\/\\\/casadecampoliving.com\\\/es\\\/#website\",\"url\":\"https:\\\/\\\/casadecampoliving.com\\\/es\\\/\",\"name\":\"Casa de Campo Living\",\"description\":\"Resort community news and resources.\",\"publisher\":{\"@id\":\"https:\\\/\\\/casadecampoliving.com\\\/es\\\/#organization\"},\"potentialAction\":[{\"@type\":\"SearchAction\",\"target\":{\"@type\":\"EntryPoint\",\"urlTemplate\":\"https:\\\/\\\/casadecampoliving.com\\\/es\\\/?s={search_term_string}\"},\"query-input\":{\"@type\":\"PropertyValueSpecification\",\"valueRequired\":true,\"valueName\":\"search_term_string\"}}],\"inLanguage\":\"es\"},{\"@type\":\"Organization\",\"@id\":\"https:\\\/\\\/casadecampoliving.com\\\/es\\\/#organization\",\"name\":\"Casa de Campo Living\",\"url\":\"https:\\\/\\\/casadecampoliving.com\\\/es\\\/\",\"logo\":{\"@type\":\"ImageObject\",\"inLanguage\":\"es\",\"@id\":\"https:\\\/\\\/casadecampoliving.com\\\/es\\\/#\\\/schema\\\/logo\\\/image\\\/\",\"url\":\"https:\\\/\\\/i0.wp.com\\\/casadecampoliving.com\\\/wp-content\\\/uploads\\\/2022\\\/07\\\/CDCLivingLogo_V1-white-sized.png?fit=800%2C214&ssl=1\",\"contentUrl\":\"https:\\\/\\\/i0.wp.com\\\/casadecampoliving.com\\\/wp-content\\\/uploads\\\/2022\\\/07\\\/CDCLivingLogo_V1-white-sized.png?fit=800%2C214&ssl=1\",\"width\":800,\"height\":214,\"caption\":\"Casa de Campo Living\"},\"image\":{\"@id\":\"https:\\\/\\\/casadecampoliving.com\\\/es\\\/#\\\/schema\\\/logo\\\/image\\\/\"},\"sameAs\":[\"https:\\\/\\\/www.facebook.com\\\/casadecampoliving\",\"https:\\\/\\\/x.com\\\/cdcliving\"]},{\"@type\":\"Person\",\"@id\":\"https:\\\/\\\/casadecampoliving.com\\\/es\\\/#\\\/schema\\\/person\\\/31e9c79dd1ae5946a5bc1d006945aad1\",\"name\":\"Carla Campos\",\"image\":{\"@type\":\"ImageObject\",\"inLanguage\":\"es\",\"@id\":\"https:\\\/\\\/secure.gravatar.com\\\/avatar\\\/73cf86e3450dfb9b46e1fdb84b1d556861d8ff8c40e6925be3e987154c3b5772?s=96&d=mm&r=g\",\"url\":\"https:\\\/\\\/secure.gravatar.com\\\/avatar\\\/73cf86e3450dfb9b46e1fdb84b1d556861d8ff8c40e6925be3e987154c3b5772?s=96&d=mm&r=g\",\"contentUrl\":\"https:\\\/\\\/secure.gravatar.com\\\/avatar\\\/73cf86e3450dfb9b46e1fdb84b1d556861d8ff8c40e6925be3e987154c3b5772?s=96&d=mm&r=g\",\"caption\":\"Carla Campos\"},\"url\":\"https:\\\/\\\/casadecampoliving.com\\\/es\\\/author\\\/ccampos\\\/\"}]}<\/script>\n<!-- \/ Yoast SEO plugin. -->","yoast_head_json":{"title":"10 Cosas que nos encant\u00f3 del Fall Fest | Casa de Campo Living","description":"El Altos de Chav\u00f3n Fall Fest puede haber terminado, \u00a1pero eso no nos impida recordar todos los buenos momentos con fotos del evento! Vea que bien la","robots":{"index":"index","follow":"follow","max-snippet":"max-snippet:-1","max-image-preview":"max-image-preview:large","max-video-preview":"max-video-preview:-1"},"canonical":"https:\/\/casadecampoliving.com\/es\/10-cosas-que-nos-encanto-del-fall-fest\/","og_locale":"es_ES","og_type":"article","og_title":"10 Cosas que nos encant\u00f3 del Fall Fest | Casa de Campo Living","og_description":"El Altos de Chav\u00f3n Fall Fest puede haber terminado, \u00a1pero eso no nos impida recordar todos los buenos momentos con fotos del evento! Vea que bien la","og_url":"https:\/\/casadecampoliving.com\/es\/10-cosas-que-nos-encanto-del-fall-fest\/","og_site_name":"Casa de Campo Living","article_publisher":"https:\/\/www.facebook.com\/casadecampoliving","article_published_time":"2016-10-31T04:00:00+00:00","article_modified_time":"2022-10-21T23:02:54+00:00","og_image":[{"width":1000,"height":667,"url":"https:\/\/i0.wp.com\/casadecampoliving.com\/wp-content\/uploads\/2022\/10\/IMG_0379-1.jpg?fit=1000%2C667&ssl=1","type":"image\/jpeg"}],"author":"Carla Campos","twitter_card":"summary_large_image","twitter_creator":"@cdcliving","twitter_site":"@cdcliving","twitter_misc":{"Escrito por":"Carla Campos","Tiempo de lectura":"2 minutos"},"schema":{"@context":"https:\/\/schema.org","@graph":[{"@type":"Article","@id":"https:\/\/casadecampoliving.com\/es\/10-cosas-que-nos-encanto-del-fall-fest\/#article","isPartOf":{"@id":"https:\/\/casadecampoliving.com\/es\/10-cosas-que-nos-encanto-del-fall-fest\/"},"author":{"name":"Carla Campos","@id":"https:\/\/casadecampoliving.com\/es\/#\/schema\/person\/31e9c79dd1ae5946a5bc1d006945aad1"},"headline":"10 Cosas que nos encant\u00f3 del Fall Fest","datePublished":"2016-10-31T04:00:00+00:00","dateModified":"2022-10-21T23:02:54+00:00","mainEntityOfPage":{"@id":"https:\/\/casadecampoliving.com\/es\/10-cosas-que-nos-encanto-del-fall-fest\/"},"wordCount":396,"publisher":{"@id":"https:\/\/casadecampoliving.com\/es\/#organization"},"image":{"@id":"https:\/\/casadecampoliving.com\/es\/10-cosas-que-nos-encanto-del-fall-fest\/#primaryimage"},"thumbnailUrl":"https:\/\/i0.wp.com\/casadecampoliving.com\/wp-content\/uploads\/2022\/10\/IMG_0379-1.jpg?fit=1000%2C667&ssl=1","keywords":["actividades","Altos de Chavon","Costa Farms @es","Disfraces","Fall fest","Featured-TopView @es","la piazzetta @es","La Tienda @es","ni\u00f1os"],"articleSection":["Altos de Chavon @es","Arte y cultura","Casa de Campo Living @es","CCL presenta","Comidas &amp; Bebidas","Compras","Estilo de Vida","Eventos","Noticias Locales","Rep\u00fablica Dominicana @es","Restaurantes","Video"],"inLanguage":"es"},{"@type":"WebPage","@id":"https:\/\/casadecampoliving.com\/es\/10-cosas-que-nos-encanto-del-fall-fest\/","url":"https:\/\/casadecampoliving.com\/es\/10-cosas-que-nos-encanto-del-fall-fest\/","name":"10 Cosas que nos encant\u00f3 del Fall Fest | Casa de Campo Living","isPartOf":{"@id":"https:\/\/casadecampoliving.com\/es\/#website"},"primaryImageOfPage":{"@id":"https:\/\/casadecampoliving.com\/es\/10-cosas-que-nos-encanto-del-fall-fest\/#primaryimage"},"image":{"@id":"https:\/\/casadecampoliving.com\/es\/10-cosas-que-nos-encanto-del-fall-fest\/#primaryimage"},"thumbnailUrl":"https:\/\/i0.wp.com\/casadecampoliving.com\/wp-content\/uploads\/2022\/10\/IMG_0379-1.jpg?fit=1000%2C667&ssl=1","datePublished":"2016-10-31T04:00:00+00:00","dateModified":"2022-10-21T23:02:54+00:00","description":"El Altos de Chav\u00f3n Fall Fest puede haber terminado, \u00a1pero eso no nos impida recordar todos los buenos momentos con fotos del evento! Vea que bien la","breadcrumb":{"@id":"https:\/\/casadecampoliving.com\/es\/10-cosas-que-nos-encanto-del-fall-fest\/#breadcrumb"},"inLanguage":"es","potentialAction":[{"@type":"ReadAction","target":["https:\/\/casadecampoliving.com\/es\/10-cosas-que-nos-encanto-del-fall-fest\/"]}]},{"@type":"ImageObject","inLanguage":"es","@id":"https:\/\/casadecampoliving.com\/es\/10-cosas-que-nos-encanto-del-fall-fest\/#primaryimage","url":"https:\/\/i0.wp.com\/casadecampoliving.com\/wp-content\/uploads\/2022\/10\/IMG_0379-1.jpg?fit=1000%2C667&ssl=1","contentUrl":"https:\/\/i0.wp.com\/casadecampoliving.com\/wp-content\/uploads\/2022\/10\/IMG_0379-1.jpg?fit=1000%2C667&ssl=1","width":1000,"height":667},{"@type":"BreadcrumbList","@id":"https:\/\/casadecampoliving.com\/es\/10-cosas-que-nos-encanto-del-fall-fest\/#breadcrumb","itemListElement":[{"@type":"ListItem","position":1,"name":"Home","item":"https:\/\/casadecampoliving.com\/es\/"},{"@type":"ListItem","position":2,"name":"10 Cosas que nos encant\u00f3 del Fall Fest"}]},{"@type":"WebSite","@id":"https:\/\/casadecampoliving.com\/es\/#website","url":"https:\/\/casadecampoliving.com\/es\/","name":"Casa de Campo Living","description":"Resort community news and resources.","publisher":{"@id":"https:\/\/casadecampoliving.com\/es\/#organization"},"potentialAction":[{"@type":"SearchAction","target":{"@type":"EntryPoint","urlTemplate":"https:\/\/casadecampoliving.com\/es\/?s={search_term_string}"},"query-input":{"@type":"PropertyValueSpecification","valueRequired":true,"valueName":"search_term_string"}}],"inLanguage":"es"},{"@type":"Organization","@id":"https:\/\/casadecampoliving.com\/es\/#organization","name":"Casa de Campo Living","url":"https:\/\/casadecampoliving.com\/es\/","logo":{"@type":"ImageObject","inLanguage":"es","@id":"https:\/\/casadecampoliving.com\/es\/#\/schema\/logo\/image\/","url":"https:\/\/i0.wp.com\/casadecampoliving.com\/wp-content\/uploads\/2022\/07\/CDCLivingLogo_V1-white-sized.png?fit=800%2C214&ssl=1","contentUrl":"https:\/\/i0.wp.com\/casadecampoliving.com\/wp-content\/uploads\/2022\/07\/CDCLivingLogo_V1-white-sized.png?fit=800%2C214&ssl=1","width":800,"height":214,"caption":"Casa de Campo Living"},"image":{"@id":"https:\/\/casadecampoliving.com\/es\/#\/schema\/logo\/image\/"},"sameAs":["https:\/\/www.facebook.com\/casadecampoliving","https:\/\/x.com\/cdcliving"]},{"@type":"Person","@id":"https:\/\/casadecampoliving.com\/es\/#\/schema\/person\/31e9c79dd1ae5946a5bc1d006945aad1","name":"Carla Campos","image":{"@type":"ImageObject","inLanguage":"es","@id":"https:\/\/secure.gravatar.com\/avatar\/73cf86e3450dfb9b46e1fdb84b1d556861d8ff8c40e6925be3e987154c3b5772?s=96&d=mm&r=g","url":"https:\/\/secure.gravatar.com\/avatar\/73cf86e3450dfb9b46e1fdb84b1d556861d8ff8c40e6925be3e987154c3b5772?s=96&d=mm&r=g","contentUrl":"https:\/\/secure.gravatar.com\/avatar\/73cf86e3450dfb9b46e1fdb84b1d556861d8ff8c40e6925be3e987154c3b5772?s=96&d=mm&r=g","caption":"Carla Campos"},"url":"https:\/\/casadecampoliving.com\/es\/author\/ccampos\/"}]}},"parsely":{"version":"1.1.0","canonical_url":"https:\/\/casadecampoliving.com\/es\/10-cosas-que-nos-encanto-del-fall-fest\/","smart_links":{"inbound":0,"outbound":0},"traffic_boost_suggestions_count":0,"meta":{"@context":"https:\/\/schema.org","@type":"NewsArticle","headline":"10 Cosas que nos encant\u00f3 del Fall Fest","url":"http:\/\/casadecampoliving.com\/es\/10-cosas-que-nos-encanto-del-fall-fest\/","mainEntityOfPage":{"@type":"WebPage","@id":"http:\/\/casadecampoliving.com\/es\/10-cosas-que-nos-encanto-del-fall-fest\/"},"thumbnailUrl":"https:\/\/i0.wp.com\/casadecampoliving.com\/wp-content\/uploads\/2022\/10\/IMG_0379-1.jpg?resize=150%2C150&ssl=1","image":{"@type":"ImageObject","url":"https:\/\/i0.wp.com\/casadecampoliving.com\/wp-content\/uploads\/2022\/10\/IMG_0379-1.jpg?fit=1000%2C667&ssl=1"},"articleSection":"Altos de Chavon @es","author":[{"@type":"Person","name":"Carla Campos"}],"creator":["Carla Campos"],"publisher":{"@type":"Organization","name":"Casa de Campo Living","logo":"https:\/\/casadecampoliving.com\/wp-content\/uploads\/2022\/07\/CDCLivingLogo_V1-white-sized.png"},"keywords":["actividades","altos de chavon","costa farms @es","disfraces","fall fest","featured-topview @es","la piazzetta @es","la tienda @es","ni\u00f1os"],"dateCreated":"2016-10-31T04:00:00Z","datePublished":"2016-10-31T04:00:00Z","dateModified":"2022-10-21T23:02:54Z"},"rendered":"<script type=\"application\/ld+json\" class=\"wp-parsely-metadata\">{\"@context\":\"https:\\\/\\\/schema.org\",\"@type\":\"NewsArticle\",\"headline\":\"10 Cosas que nos encant\\u00f3 del Fall Fest\",\"url\":\"http:\\\/\\\/casadecampoliving.com\\\/es\\\/10-cosas-que-nos-encanto-del-fall-fest\\\/\",\"mainEntityOfPage\":{\"@type\":\"WebPage\",\"@id\":\"http:\\\/\\\/casadecampoliving.com\\\/es\\\/10-cosas-que-nos-encanto-del-fall-fest\\\/\"},\"thumbnailUrl\":\"https:\\\/\\\/i0.wp.com\\\/casadecampoliving.com\\\/wp-content\\\/uploads\\\/2022\\\/10\\\/IMG_0379-1.jpg?resize=150%2C150&ssl=1\",\"image\":{\"@type\":\"ImageObject\",\"url\":\"https:\\\/\\\/i0.wp.com\\\/casadecampoliving.com\\\/wp-content\\\/uploads\\\/2022\\\/10\\\/IMG_0379-1.jpg?fit=1000%2C667&ssl=1\"},\"articleSection\":\"Altos de Chavon @es\",\"author\":[{\"@type\":\"Person\",\"name\":\"Carla Campos\"}],\"creator\":[\"Carla Campos\"],\"publisher\":{\"@type\":\"Organization\",\"name\":\"Casa de Campo Living\",\"logo\":\"https:\\\/\\\/casadecampoliving.com\\\/wp-content\\\/uploads\\\/2022\\\/07\\\/CDCLivingLogo_V1-white-sized.png\"},\"keywords\":[\"actividades\",\"altos de chavon\",\"costa farms @es\",\"disfraces\",\"fall fest\",\"featured-topview @es\",\"la piazzetta @es\",\"la tienda @es\",\"ni\\u00f1os\"],\"dateCreated\":\"2016-10-31T04:00:00Z\",\"datePublished\":\"2016-10-31T04:00:00Z\",\"dateModified\":\"2022-10-21T23:02:54Z\"}<\/script>","tracker_url":"https:\/\/cdn.parsely.com\/keys\/casadecampoliving.com\/p.js"},"jetpack_publicize_connections":[],"jetpack_featured_media_url":"https:\/\/i0.wp.com\/casadecampoliving.com\/wp-content\/uploads\/2022\/10\/IMG_0379-1.jpg?fit=1000%2C667&ssl=1","jetpack-related-posts":[{"id":433460,"url":"https:\/\/casadecampoliving.com\/es\/no-se-pierdan-el-increible-tributo-a-frank-sinatra-para-celebrar-el-40-aniversario-del-anfiteatro-altos-de-chavon\/","url_meta":{"origin":350728,"position":0},"title":"No se pierdan el incre\u00edble tributo a Frank Sinatra para celebrar el 40 aniversario del\u00a0Anfiteatro Altos de Chav\u00f3n","author":"Casa de Campo Living","date":"20 Oct, 2022","format":false,"excerpt":"Siendo uno de los escenarios m\u00e1s emblem\u00e1ticos del pa\u00eds, Casa de Campo Resort\u00ae & Villas celebra las cuatro d\u00e9cadas de aniversario de Altos de Chav\u00f3n con un tributo al gran Frank Sinatra, protagonizado por artistas invitados y una big band tal cual la que acompa\u00f1\u00f3 al artista hace 40 a\u00f1os\u2026","rel":"","context":"En \u00abUncategorized @es\u00bb","block_context":{"text":"Uncategorized @es","link":"https:\/\/casadecampoliving.com\/es\/category\/uncategorized-es\/"},"img":{"alt_text":"","src":"https:\/\/i0.wp.com\/casadecampoliving.com\/wp-content\/uploads\/2022\/10\/Tributo-Frank-Sinatra-Foto-Principal-Amaury-Sanchez-Danilo-Ginebra-Andres-Pichardo-y-Jose-Gabriel-Perez-.jpg?fit=1200%2C873&ssl=1&resize=350%2C200","width":350,"height":200,"srcset":"https:\/\/i0.wp.com\/casadecampoliving.com\/wp-content\/uploads\/2022\/10\/Tributo-Frank-Sinatra-Foto-Principal-Amaury-Sanchez-Danilo-Ginebra-Andres-Pichardo-y-Jose-Gabriel-Perez-.jpg?fit=1200%2C873&ssl=1&resize=350%2C200 1x, https:\/\/i0.wp.com\/casadecampoliving.com\/wp-content\/uploads\/2022\/10\/Tributo-Frank-Sinatra-Foto-Principal-Amaury-Sanchez-Danilo-Ginebra-Andres-Pichardo-y-Jose-Gabriel-Perez-.jpg?fit=1200%2C873&ssl=1&resize=525%2C300 1.5x, https:\/\/i0.wp.com\/casadecampoliving.com\/wp-content\/uploads\/2022\/10\/Tributo-Frank-Sinatra-Foto-Principal-Amaury-Sanchez-Danilo-Ginebra-Andres-Pichardo-y-Jose-Gabriel-Perez-.jpg?fit=1200%2C873&ssl=1&resize=700%2C400 2x, https:\/\/i0.wp.com\/casadecampoliving.com\/wp-content\/uploads\/2022\/10\/Tributo-Frank-Sinatra-Foto-Principal-Amaury-Sanchez-Danilo-Ginebra-Andres-Pichardo-y-Jose-Gabriel-Perez-.jpg?fit=1200%2C873&ssl=1&resize=1050%2C600 3x"},"classes":[]},{"id":350722,"url":"https:\/\/casadecampoliving.com\/es\/fall-fest-ya-esta-aqui-sucediendo-ahora-en-altos-de-chavon\/","url_meta":{"origin":350728,"position":1},"title":"\u00a1FALL FEST YA ESTA AQU\u00cd! \u00a1Sucediendo AHORA en Altos de Chav\u00f3n!","author":"Marlenys Guzm\u00e1n Casta\u00f1os","date":"30 Oct, 2016","format":false,"excerpt":"\u00bfEsta usted tan emocionado como nosotros?! \u00a1El Altos de Chav\u00f3n Fall Fest es HOY! Casa de Campo Living se ha asociado con todas las tiendas y restaurantes de Chav\u00f3n, y hemos trabajado arduamente para\u00a0montar el evento de hoy. El Fall Fest\u00a0es un d\u00eda familiar\u00a0para brunch, incre\u00edbles descuentos en los establecimientos\u2026","rel":"","context":"En \u00abAltos de Chavon @es\u00bb","block_context":{"text":"Altos de Chavon @es","link":"https:\/\/casadecampoliving.com\/category\/altos-de-chavon-es\/"},"img":{"alt_text":"Altos de Chavon Fall Fest","src":"https:\/\/i0.wp.com\/casadecampoliving.com\/wp-content\/uploads\/2022\/10\/IMG_2973-e1477758174242-1.jpg?fit=1000%2C750&ssl=1&resize=350%2C200","width":350,"height":200,"srcset":"https:\/\/i0.wp.com\/casadecampoliving.com\/wp-content\/uploads\/2022\/10\/IMG_2973-e1477758174242-1.jpg?fit=1000%2C750&ssl=1&resize=350%2C200 1x, https:\/\/i0.wp.com\/casadecampoliving.com\/wp-content\/uploads\/2022\/10\/IMG_2973-e1477758174242-1.jpg?fit=1000%2C750&ssl=1&resize=525%2C300 1.5x, https:\/\/i0.wp.com\/casadecampoliving.com\/wp-content\/uploads\/2022\/10\/IMG_2973-e1477758174242-1.jpg?fit=1000%2C750&ssl=1&resize=700%2C400 2x"},"classes":[]},{"id":350644,"url":"https:\/\/casadecampoliving.com\/es\/fallfest\/","url_meta":{"origin":350728,"position":2},"title":"\u00a1Anunciando el Altos de Chav\u00f3n Fall Fest: Domingo 30 de Octubre!","author":"Carla Campos","date":"17 Oct, 2016","format":false,"excerpt":"Si pensaba que el fin de semana de Due\u00f1os 2016 iba a ser divertido, contin\u00fae leyendo para averiguar c\u00f3mo Casa de Campo Living lo har\u00e1 a\u00fan m\u00e1s \u00a1EPICO! En asociaci\u00f3n con todas las tiendas y restaurantes de Altos de Chav\u00f3n, estamos organizando el\u00a0Altos de Chav\u00f3n Fall Fest -\u00a0Festival de Oto\u00f1o-,\u2026","rel":"","context":"En \u00abAltos de Chavon @es\u00bb","block_context":{"text":"Altos de Chavon @es","link":"https:\/\/casadecampoliving.com\/category\/altos-de-chavon-es\/"},"img":{"alt_text":"","src":"https:\/\/i0.wp.com\/casadecampoliving.com\/wp-content\/uploads\/2022\/10\/FacebookPost-copy.jpg?fit=1000%2C672&ssl=1&resize=350%2C200","width":350,"height":200,"srcset":"https:\/\/i0.wp.com\/casadecampoliving.com\/wp-content\/uploads\/2022\/10\/FacebookPost-copy.jpg?fit=1000%2C672&ssl=1&resize=350%2C200 1x, https:\/\/i0.wp.com\/casadecampoliving.com\/wp-content\/uploads\/2022\/10\/FacebookPost-copy.jpg?fit=1000%2C672&ssl=1&resize=525%2C300 1.5x, https:\/\/i0.wp.com\/casadecampoliving.com\/wp-content\/uploads\/2022\/10\/FacebookPost-copy.jpg?fit=1000%2C672&ssl=1&resize=700%2C400 2x"},"classes":[]},{"id":350744,"url":"https:\/\/casadecampoliving.com\/es\/altos-de-chavon-fall-fest-2\/","url_meta":{"origin":350728,"position":3},"title":"Los Colores y el Esp\u00edritu de la comunidad, m\u00fasica, arte, y risas en el Altos de Chav\u00f3n Fall Festival","author":"Heather Lincoln","date":"3 Nov, 2016","format":false,"excerpt":"Las numerosas actividades del Altos de Chav\u00f3n Fall Fest mantuvieron el fin de semana pasado como uno muy activo y animado. Saliendo de los eventos del fin de semana de Due\u00f1os 2016 y de las fiestas de Halloween en la Mansi\u00f3n\u00a0Simply Haunted y Genesis Nightclub, el domingo parec\u00eda que ser\u00eda\u2026","rel":"","context":"En \u00abAltos de Chavon @es\u00bb","block_context":{"text":"Altos de Chavon @es","link":"https:\/\/casadecampoliving.com\/category\/altos-de-chavon-es\/"},"img":{"alt_text":"","src":"https:\/\/i0.wp.com\/casadecampoliving.com\/wp-content\/uploads\/2022\/10\/IMG_0407-e1478189244141-2.jpg?fit=1000%2C667&ssl=1&resize=350%2C200","width":350,"height":200,"srcset":"https:\/\/i0.wp.com\/casadecampoliving.com\/wp-content\/uploads\/2022\/10\/IMG_0407-e1478189244141-2.jpg?fit=1000%2C667&ssl=1&resize=350%2C200 1x, https:\/\/i0.wp.com\/casadecampoliving.com\/wp-content\/uploads\/2022\/10\/IMG_0407-e1478189244141-2.jpg?fit=1000%2C667&ssl=1&resize=525%2C300 1.5x, https:\/\/i0.wp.com\/casadecampoliving.com\/wp-content\/uploads\/2022\/10\/IMG_0407-e1478189244141-2.jpg?fit=1000%2C667&ssl=1&resize=700%2C400 2x"},"classes":[]},{"id":350682,"url":"https:\/\/casadecampoliving.com\/es\/costa-farms-en-altos-de-chavon-fall-fest\/","url_meta":{"origin":350728,"position":4},"title":"\u00a1Obtenga su planta y arreglos florales para la temporada festiva, este fin de semana en el Altos de Chav\u00f3n Fall Fest con Costa Farms!","author":"Marlenys Guzm\u00e1n Casta\u00f1os","date":"25 Oct, 2016","format":false,"excerpt":"Como ya hemos anunciado, este fin de semana ser\u00e1 el Altos de Chav\u00f3n Fall Fest \u00a1y es un evento el cual usted no querr\u00e1 perderse! Con una gran variedad de actividades para Due\u00f1os 2016 y Halloween el viernes y s\u00e1bado, queremos que se quede un poco mas en\u00a0Casa de Campo\u2026","rel":"","context":"En \u00abAltos de Chavon @es\u00bb","block_context":{"text":"Altos de Chavon @es","link":"https:\/\/casadecampoliving.com\/category\/altos-de-chavon-es\/"},"img":{"alt_text":"Costa Farms","src":"https:\/\/i0.wp.com\/casadecampoliving.com\/wp-content\/uploads\/2022\/10\/DSC_0224-e1477432744255-1.jpg?fit=1000%2C563&ssl=1&resize=350%2C200","width":350,"height":200,"srcset":"https:\/\/i0.wp.com\/casadecampoliving.com\/wp-content\/uploads\/2022\/10\/DSC_0224-e1477432744255-1.jpg?fit=1000%2C563&ssl=1&resize=350%2C200 1x, https:\/\/i0.wp.com\/casadecampoliving.com\/wp-content\/uploads\/2022\/10\/DSC_0224-e1477432744255-1.jpg?fit=1000%2C563&ssl=1&resize=525%2C300 1.5x, https:\/\/i0.wp.com\/casadecampoliving.com\/wp-content\/uploads\/2022\/10\/DSC_0224-e1477432744255-1.jpg?fit=1000%2C563&ssl=1&resize=700%2C400 2x"},"classes":[]},{"id":350734,"url":"https:\/\/casadecampoliving.com\/es\/2016-fall-fest-fundacion-mir\/","url_meta":{"origin":350728,"position":5},"title":"\u00a1Un vistazo al Fall Fest 2016 por Fundaci\u00f3n MIR!","author":"Carla Campos","date":"1 Nov, 2016","format":false,"excerpt":"Cuando empezamos a organizar el Altos de Chav\u00f3n Fall Fest 2016, la lista de invitados fue una de las primeras cosas que hicimos. Quer\u00edamos que la comunidad en general participara en este evento. Primero en la\u00a0lista estaban los ni\u00f1os de la Fundaci\u00f3n MIR, el Hogar del Ni\u00f1o y el Orfanato\u2026","rel":"","context":"En \u00abAltos de Chavon @es\u00bb","block_context":{"text":"Altos de Chavon @es","link":"https:\/\/casadecampoliving.com\/category\/altos-de-chavon-es\/"},"img":{"alt_text":"","src":"https:\/\/i0.wp.com\/casadecampoliving.com\/wp-content\/uploads\/2022\/10\/2016-11-01-1-2.jpg?fit=1000%2C667&ssl=1&resize=350%2C200","width":350,"height":200,"srcset":"https:\/\/i0.wp.com\/casadecampoliving.com\/wp-content\/uploads\/2022\/10\/2016-11-01-1-2.jpg?fit=1000%2C667&ssl=1&resize=350%2C200 1x, https:\/\/i0.wp.com\/casadecampoliving.com\/wp-content\/uploads\/2022\/10\/2016-11-01-1-2.jpg?fit=1000%2C667&ssl=1&resize=525%2C300 1.5x, https:\/\/i0.wp.com\/casadecampoliving.com\/wp-content\/uploads\/2022\/10\/2016-11-01-1-2.jpg?fit=1000%2C667&ssl=1&resize=700%2C400 2x"},"classes":[]}],"jetpack_sharing_enabled":true,"_links":{"self":[{"href":"https:\/\/casadecampoliving.com\/es\/wp-json\/wp\/v2\/posts\/350728","targetHints":{"allow":["GET"]}}],"collection":[{"href":"https:\/\/casadecampoliving.com\/es\/wp-json\/wp\/v2\/posts"}],"about":[{"href":"https:\/\/casadecampoliving.com\/es\/wp-json\/wp\/v2\/types\/post"}],"author":[{"embeddable":true,"href":"https:\/\/casadecampoliving.com\/es\/wp-json\/wp\/v2\/users\/36672"}],"replies":[{"embeddable":true,"href":"https:\/\/casadecampoliving.com\/es\/wp-json\/wp\/v2\/comments?post=350728"}],"version-history":[{"count":1,"href":"https:\/\/casadecampoliving.com\/es\/wp-json\/wp\/v2\/posts\/350728\/revisions"}],"predecessor-version":[{"id":350729,"href":"https:\/\/casadecampoliving.com\/es\/wp-json\/wp\/v2\/posts\/350728\/revisions\/350729"}],"wp:featuredmedia":[{"embeddable":true,"href":"https:\/\/casadecampoliving.com\/es\/wp-json\/wp\/v2\/media\/328070"}],"wp:attachment":[{"href":"https:\/\/casadecampoliving.com\/es\/wp-json\/wp\/v2\/media?parent=350728"}],"wp:term":[{"taxonomy":"category","embeddable":true,"href":"https:\/\/casadecampoliving.com\/es\/wp-json\/wp\/v2\/categories?post=350728"},{"taxonomy":"post_tag","embeddable":true,"href":"https:\/\/casadecampoliving.com\/es\/wp-json\/wp\/v2\/tags?post=350728"},{"taxonomy":"newspack_spnsrs_tax","embeddable":true,"href":"https:\/\/casadecampoliving.com\/es\/wp-json\/wp\/v2\/newspack_spnsrs_tax?post=350728"}],"curies":[{"name":"wp","href":"https:\/\/api.w.org\/{rel}","templated":true}]}}