{"id":350722,"date":"2016-10-30T00:00:00","date_gmt":"2016-10-30T04:00:00","guid":{"rendered":"https:\/\/casadecampoliving.com\/fall-fest-ya-esta-aqui-sucediendo-ahora-en-altos-de-chavon\/"},"modified":"2022-10-21T19:02:39","modified_gmt":"2022-10-21T23:02:39","slug":"fall-fest-ya-esta-aqui-sucediendo-ahora-en-altos-de-chavon","status":"publish","type":"post","link":"https:\/\/casadecampoliving.com\/es\/fall-fest-ya-esta-aqui-sucediendo-ahora-en-altos-de-chavon\/","title":{"rendered":"\u00a1FALL FEST YA ESTA AQU\u00cd! \u00a1Sucediendo AHORA en Altos de Chav\u00f3n!"},"content":{"rendered":"\n<p>\u00bfEsta usted tan emocionado como nosotros?! \u00a1El Altos de Chav\u00f3n Fall Fest es HOY! Casa de Campo Living se ha asociado con todas las tiendas y restaurantes de Chav\u00f3n, y hemos trabajado arduamente para&nbsp;montar el evento de hoy. El Fall Fest&nbsp;es un d\u00eda familiar&nbsp;para brunch, incre\u00edbles descuentos en los establecimientos locales, un bazar, \u00a1y un mont\u00f3n de actividades gratuitas para los ni\u00f1os! Adem\u00e1s, \u00a1usted tiene la hermosa oportunidad de redescubrir Chav\u00f3n!<br>\n<\/p>\n\n\n\n<!--more-->\n\n\n\n<p>Esperamos que haya disfrutado de las maravillosas actividades de este fin de semana con&nbsp;Due\u00f1os 2016, el concierto de Gipsy Kings y DJ Joe Maz en G\u00e9nesis y una espeluznante mansi\u00f3n embrujada&nbsp;y recaudaci\u00f3n de fondos en Cacique 31, pero hay otro&nbsp;evento de fin de semana en el&nbsp;cual esperamos que participe\u2026 \u00a1el Fall Fest! Sabemos que puede estar&nbsp;un poco cansado&nbsp;y listo para retirarse, pero esta es la manera perfecta de relajarse del ajetreado fin de semana antes de regresar. Lluvia o sol estaremos afuera&nbsp;disfrutando de juegos y talleres, y la celebraci\u00f3n de la temporada de oto\u00f1o. Si llueve, \u00a1traiga&nbsp;su paraguas Due\u00f1os!! \u00a1A todos nos encanta! \u00a1Ven a ver lo mejor de Chav\u00f3n! \u00a1Es por eso que redescubrir Chav\u00f3n es tan importante! Al final podr\u00e1 marcharse, feliz y relajados \u00a1y tenemos la certeza de que ver\u00e1&nbsp;a Altos de Chav\u00f3n bajo una nueva luz!<\/p>\n\n\n\n<h4 class=\"wp-block-heading\"><strong>\u00a1\u00a1Gracias a todos por su apoyo, nos vemos en el FALL FEST!!<\/strong><\/h4>\n\n\n\n<h2 class=\"wp-block-heading\">Programa de eventos Altos de Chav\u00f3n Fall Fest:<\/h2>\n\n\n\n<blockquote><h3>Brunch y&nbsp;Mimosas<\/h3><p><a href=\"https:\/\/casadecampoliving.com\/es\/brunch-mimosas-y-musica-en-vivo-en-altos-de-chavon-fall-fest\/\">\u00a1Men\u00fa especial de brunch y Mimosas toda la tarde!<\/a><\/p><ul>\n<li>La Piazzetta<\/li>\n<li>La Cantina<\/li>\n<li>Caf\u00e9 Marietta<\/li>\n<li>Fresh Fresh<\/li>\n<\/ul><p id=\"tw-target-text\" class=\"tw-data-text tw-ta tw-text-small\" dir=\"ltr\" data-placeholder=\"Translation\"><span lang=\"es\">\u00a1Los restaurantes los sorprender\u00e1n con sus&nbsp;Mimosas! Descubra y comp\u00e1rtalas&nbsp;todas en Instagram utilizando los hashtags #chavonfallfest y #rediscoverchavon para &nbsp;autom\u00e1ticamente entrar en un sorteo por \u00a1$200 d\u00f3lares en tratamientos de spa! <a href=\"https:\/\/casadecampoliving.com\/es\/brunch-mimosas-y-musica-en-vivo-en-altos-de-chavon-fall-fest\/\">Conozca m\u00e1s detalles aqu\u00ed<\/a>.<\/span><\/p><h3>Carritos de compras<\/h3><p>\u00a1Durante el d\u00eda podremos disfrutar de los carritos de <em>snacks<\/em>&nbsp;en toda el \u00e1rea!<\/p><\/blockquote>\n\n\n\n<ul class=\"wp-block-list\"><li>\n<blockquote><p>Frio Frio por&nbsp;Tres Eventos<\/p><\/blockquote>\n<\/li><li>\n<blockquote><p>Cocos por&nbsp;Tres Eventos<\/p><\/blockquote>\n<\/li><li>\n<blockquote><p>Popcorn por&nbsp;Multiplaza La Romana *GRATIS*<\/p><\/blockquote>\n<\/li><li>\n<blockquote><p>Algod\u00f3n dulce&nbsp;por&nbsp;Multiplaza La Romana *GRATIS*<\/p><\/blockquote>\n<\/li><\/ul>\n\n\n\n<blockquote><h3>Trick or Treat \u2013 Dulce \u00f3 Truco<\/h3><p>ALL participating establishments will welcome the little Chavoners with CANDY!! Bring your kids along as&nbsp;you visit the local shops and restaurants for some sweet treats, and don\u2019t forget&nbsp;your own&nbsp;goodie bag! To help kids&nbsp;in this very serious search for candy, we\u2019ll be handing out a detailed map with all the locations and more info on Fall Fest.<\/p><p>Todos los establecimientos participantes dar\u00e1n la bienvenida a los peque\u00f1os Chavoners con el caramelo !! Llevar a sus hijos a lo largo de al visitar las tiendas y restaurantes locales para algunos dulces, y no se olvide de su propia bolsa de regalos! Para ayudar a los ni\u00f1os en esta b\u00fasqueda muy grave para el caramelo, estaremos distribuyendo un mapa detallado con todos los lugares y m\u00e1s informaci\u00f3n sobre el Festival de Oto\u00f1o.<\/p><\/blockquote>\n\n\n\n<blockquote><h3>Compras<\/h3><p><a href=\"https:\/\/casadecampoliving.com\/es\/descuentos-en-tiendas-altos-de-chavon-fall-fest\/\">Descuentos en todas las tiendas locales y un bazar<\/a> en Altos de Chav\u00f3n, \u00a1es la excusa perfecta para comenzar a comprar regalos para estas fiestas!<\/p><p><strong>Tiendas:<\/strong><\/p><ul>\n<li>Art Studios by Emilio Robba<\/li>\n<li>La Tienda<\/li>\n<li>Everett Designs<\/li>\n<li>Jenny Polanco Project<\/li>\n<li>Jenny Polanco<\/li>\n<li>Particolari<\/li>\n<li>El Batey<\/li>\n<li>Amber World Museums<\/li>\n<\/ul><p><strong>Bazar:<\/strong><\/p><ul>\n<li>Costa Nursery<\/li>\n<li>Collares Rojos<\/li>\n<li>Bernardo Tejidos<\/li>\n<li>La Jaiba Bazaar<\/li>\n<li>Cabana<\/li>\n<li>Onda Brasil Beachwear<\/li>\n<li>Sormed Fine Arts<\/li>\n<li>Fuf\u00fa Lal\u00e1<\/li>\n<li>La Tiendecita<\/li>\n<li>Le Bam Joyas<\/li>\n<li>Dominican Perfumes<\/li>\n<li>Seek &amp; Find<\/li>\n<li>Patricio Correa<\/li>\n<li>Corno Rd<\/li>\n<li>Clarlin Rivera<\/li>\n<li>Dominique Calder\u00f3n<\/li>\n<li>Los Tejedores<\/li>\n<\/ul><p><a href=\"https:\/\/casadecampoliving.com\/es\/descuentos-en-tiendas-altos-de-chavon-fall-fest\/\">Encuentre m\u00e1s detalles de los descuentos aqu\u00ed<\/a><\/p><\/blockquote>\n\n\n\n<blockquote><h3>Atracciones<\/h3><ul>\n<li>\u00a1Juegos inflables GRATIS&nbsp;para ni\u00f1os!<\/li>\n<li>Pinta caritas<\/li>\n<li>Manualidades con La Vecindad<\/li>\n<li>Globos<\/li>\n<li>Exhibici\u00f3n de arte colectiva en La Galeria<\/li>\n<li>Retratos por los estudiantes de la Escuela de Dise\u00f1o.<\/li>\n<li>Conoce a los artistas en residencia, Gustavo Fermin y Luis Valverde<\/li>\n<\/ul><p><a href=\"https:\/\/casadecampoliving.com\/es\/actividades-para-ninos-este-domingo-fall-fest\/\">Encuentre m\u00e1s detalles de las incre\u00edbles actividades para ni\u00f1os aqu\u00ed<\/a><\/p><\/blockquote>\n\n\n\n<blockquote><h3>Chav\u00f3n EN VIVO<\/h3><ul>\n<li>Tornero de barro&nbsp;La Tienda 10am-12pm<\/li>\n<li>Crea tu propia maraca&nbsp;en Museo Arquel\u00f3gico Regional 11am-12pm<\/li>\n<li>Agrupaci\u00f3n de Covers en La Cantina 12pm-2:30pm<\/li>\n<li>Taller de sellos ind\u00edgenas en Museo Arquel\u00f3gico Regional 1pm-2pm<\/li>\n<li>Mu\u00f1equitos en&nbsp;VIVO&nbsp;1-5pm<\/li>\n<li>Reggae en&nbsp;VIVO en&nbsp;Fresh Fresh Caf\u00e9 2pm-4pm<\/li>\n<li>Lectura de Tarot en&nbsp;Fresh Fresh Caf\u00e9&nbsp;2-4pm<\/li>\n<li>Jazz en VIVO&nbsp;en La Piazzetta 4pm-6pm<\/li>\n<li>Talla de Calabazas&nbsp;at The&nbsp;Gallery 4pm-6pm<\/li>\n<li>Misa cat\u00f3lica&nbsp;6pm-7pm<\/li>\n<li>Pirata en VIVO en&nbsp;Everett Designs \u2013 Todo el d\u00eda<\/li>\n<\/ul><\/blockquote>\n\n\n\n<blockquote><h3>B\u00fasqueda de Tesoros, redescubre Chav\u00f3n<\/h3><p>Un equipo de dos participantes ganar\u00e1 US$400 en tratamientos del Spa&nbsp;de Casa de Campo ($200 por participantes)!!<\/p><ul>\n<li>Paso&nbsp;1<\/li>\n<\/ul><p>Publica una foto en Instagram en Altos de Chav\u00f3n con tu compa\u00f1ero de equipo. Incluye @cdcliving, usando los hashtags #chavonfallfest y&nbsp;#rediscoverchavon&nbsp;en el cometario de tu foto<\/p><ul>\n<li>Paso&nbsp;2<\/li>\n<\/ul><p>Visita las oficinas de&nbsp;<em>Casa de Campo Living&nbsp;<\/em>(encima de la Piazzetta, \u00a1y si a\u00fan no esta seguro puede verificar nuestro&nbsp;mapa del Fall Fest!) para registrarse y buscar las pistas e instrucciones<\/p><ul>\n<li>Paso&nbsp;3<\/li>\n<\/ul><p>ADIVINA las pistas y sigue las instrucciones<\/p><p>La busqueda de tesoros, Redescubre Chav\u00f3n culminar\u00e1 a las 8pm. Los ganadores ser\u00e1n anunciados el martes 1ro de noviembre a las 12pm por las cuentas de Instagram y Facebook de <em>Casa de Campo Living<\/em>&nbsp;(<a href=\"https:\/\/www.instagram.com\/cdcliving\/?hl=en\" target=\"_blank\" rel=\"noopener\">@cdcliving<\/a> || <a href=\"https:\/\/www.facebook.com\/casadecampoliving\/\" target=\"_blank\" rel=\"noopener\">casadecampoliving<\/a>)<\/p><\/blockquote>\n\n\n\n<blockquote><h4><a href=\"https:\/\/casadecampoliving.com\/es\/juegos-inflables-actividades-gratis-para-ninos-en-fall-fest\/\">\u00a1Juegos inflables y actividades **GRATIS** para los peque\u00f1os en Altos de Chavon Fall Fest!<\/a><\/h4><figure><img decoding=\"async\" loading=\"lazy\" data-amp-lightbox=\"true\" lightbox=\"true\" class=\"aligncenter size-full wp-image-125965\" src=\"https:\/\/i0.wp.com\/casadecampoliving.com\/wp-content\/uploads\/2022\/10\/IMG_3313-e1477329567779.jpg?resize=1000%2C750&amp;ssl=1\" alt=\"Altos de Chavon festival\" width=\"1000\" height=\"750\"><\/figure><p>El domingo 30 de octubre vamos a ver todos los establecimientos de Chav\u00f3n \u2013 museos, restaurantes, tiendas, unidos para un d\u00eda de campo en el cual vamos a poder <em>redescubrir&nbsp;Chav\u00f3n <\/em>en el Altos de Chav\u00f3n Fall Fest. La villa de los artistas es uno de los mejores atributos de Casa de Campo \u00a1y ahora m\u00e1s que nunca vamos a poder&nbsp;experimentar lo mejor de ello todo a la vez! En el pasado, Altos de Chav\u00f3n ha sido la sede de&nbsp;bazares familiares con varios proveedores, \u00a1pero este a\u00f1o todo el mundo est\u00e1 participando! Habr\u00e1 men\u00fas de almuerzo especiales y mimosas en todos los restaurantes, ventas en tiendas locales, un bazar&nbsp;de artesanos y vendedores, \u00a1as\u00ed como un sin numero de juegos y diversi\u00f3n para los ni\u00f1os! Seguir leyendo <a href=\"https:\/\/casadecampoliving.com\/es\/juegos-inflables-actividades-gratis-para-ninos-en-fall-fest\/\">aqu\u00ed.<\/a><\/p><\/blockquote>\n\n\n\n<blockquote><h4><a href=\"https:\/\/casadecampoliving.com\/es\/costa-farms-en-altos-de-chavon-fall-fest\/\">\u00a1Obtenga su planta y arreglos florales para la temporada festiva, este fin de semana en el Altos de Chav\u00f3n Fall Fest con Costa Farms!<\/a><\/h4><figure><a href=\"https:\/\/casadecampoliving.com\/es\/costa-farms-en-altos-de-chavon-fall-fest\/\"><img decoding=\"async\" loading=\"lazy\" class=\"aligncenter size-full wp-image-126062\" src=\"https:\/\/i0.wp.com\/casadecampoliving.com\/wp-content\/uploads\/2022\/10\/DSC_0224-e1477432744255.jpg?resize=1000%2C563&amp;ssl=1\" alt=\"Costa Farms\" width=\"1000\" height=\"563\"><\/a><\/figure><p>Como ya hemos anunciado, este fin de semana ser\u00e1 el Altos de Chav\u00f3n Fall Fest \u00a1y es un evento el cual usted no querr\u00e1 perderse! Con una gran variedad de actividades para Due\u00f1os 2016 y Halloween el viernes y s\u00e1bado, queremos que se quede un poco mas en&nbsp;Casa de Campo el domingo para el primer festival de oto\u00f1o de Chav\u00f3n. <a href=\"https:\/\/casadecampoliving.com\/es\/juegos-inflables-actividades-gratis-para-ninos-en-fall-fest\/\">Tendremos varios eventos GRATIS&nbsp;para los ni\u00f1os como juegos inflables, pinta caritas, manualidades, talleres y truco o trato, <\/a>y estamos preparando muchas&nbsp;m\u00e1s cosas para&nbsp;hacer durante toda la semana. Muchos vendedores se instalar\u00e1n en la villa de los artistas&nbsp;en un bazar al aire libre, entre ellos, Costa Farms. La empresa familiar que se extiende desde Carolina del Norte hasta el sur de Florida y la Rep\u00fablica Dominicana, opera con los m\u00e1s grandes comerciantes&nbsp;y vende&nbsp;plantas para&nbsp;interiores&nbsp;y exteriores. Seguir leyendo<a href=\"https:\/\/casadecampoliving.com\/es\/costa-farms-en-altos-de-chavon-fall-fest\/\"> aqu\u00ed.<\/a><\/p><\/blockquote>\n\n\n\n<blockquote><h4><a href=\"https:\/\/casadecampoliving.com\/es\/descuentos-en-tiendas-altos-de-chavon-fall-fest\/\">\u00a1Descuentos incre\u00edbles en todas las tiendas locales y un bazar en el Altos de Chav\u00f3n Fall Fest!<\/a><\/h4><figure><a href=\"https:\/\/casadecampoliving.com\/es\/descuentos-en-tiendas-altos-de-chavon-fall-fest\/\"><img decoding=\"async\" loading=\"lazy\" class=\"aligncenter size-full wp-image-126254\" src=\"https:\/\/i0.wp.com\/casadecampoliving.com\/wp-content\/uploads\/2022\/10\/Altos-de-Chavo\u0301n-Fall-Fest.jpg?resize=1000%2C660&amp;ssl=1\" alt=\"altos-de-chavon-fall-fest\" width=\"1000\" height=\"660\"><\/a><\/figure><p>\u00a1El Altos de Chav\u00f3n Fall Fest ser\u00e1 en tan s\u00f3lo unos d\u00edas! Nos hemos unido con todas las tiendas y restaurantes locales para traerles&nbsp;incre\u00edbles descuentos y sorpresas \u00a1que no se puede perder! Los restaurantes ofrecer\u00e1n men\u00fas especial de brunch por solo ese d\u00eda, mimosas, e incluso m\u00fasica en vivo, del cual de hablaremos m\u00e1s en el transcurso del d\u00eda. Adem\u00e1s de <a href=\"https:\/\/casadecampoliving.com\/es\/juegos-inflables-actividades-gratis-para-ninos-en-fall-fest\/\">todas las actividades GRATIS que tendremos para los ni\u00f1os<\/a>, las tiendas est\u00e1n presentando nuevas colecciones, fabulosos descuentos, mercanc\u00eda&nbsp;exclusiva para Fall Fest, talleres \u00a1e incluso invitados especiales! Ya que&nbsp;Halloween es oficialmente el lunes que viene, los restaurantes y tiendas estar\u00e1n entregando&nbsp;golosinas&nbsp;para el Dulce o Truco de&nbsp;Fall&nbsp;Fest, \u00a1por lo cual le recomendamos llevar&nbsp;a los ni\u00f1os con usted mientras&nbsp;visita todos los establecimientos! Adem\u00e1s, el bazar&nbsp;tendr\u00e1 una <a href=\"https:\/\/casadecampoliving.com\/es\/costa-farms-en-altos-de-chavon-fall-fest\/\">hermosa selecci\u00f3n de plantas para el oto\u00f1o e invierno de Costa Farms<\/a> \u00a1as\u00ed como&nbsp;una gran cantidad de mercanc\u00eda en exhibici\u00f3n perfecto para regalos! Encuentre &nbsp;una lista&nbsp;de todo lo que estar\u00e1 disponible este domingo 30 de octubre <a href=\"https:\/\/casadecampoliving.com\/es\/descuentos-en-tiendas-altos-de-chavon-fall-fest\/\">aqu\u00ed<\/a>.<\/p><\/blockquote>\n\n\n\n<blockquote><h4><a href=\"https:\/\/casadecampoliving.com\/es\/la-eskina-en-altos-de-chavon-justo-a-tiempo-para-el-fall-fest\/\">\u00a1GRAN APERTURA! \u00a1La Eskina en Altos de Chav\u00f3n justo a tiempo para el Fall Fest!<\/a><\/h4><figure><a href=\"https:\/\/casadecampoliving.com\/es\/la-eskina-en-altos-de-chavon-justo-a-tiempo-para-el-fall-fest\/\"><img decoding=\"async\" loading=\"lazy\" class=\"aligncenter size-full wp-image-126262\" src=\"https:\/\/i0.wp.com\/casadecampoliving.com\/wp-content\/uploads\/2022\/10\/la_eskina_coming_soon-e1477584664784.jpg?resize=1000%2C561&amp;ssl=1\" alt=\"La Eskina Coming Soon\" width=\"1000\" height=\"561\"><\/a><\/figure><p>En Altos de Chav\u00f3n hay muchos lugares para comer, pero \u00bfexiste alg\u00fan lugar donde&nbsp;s\u00f3lo pueda ir tomar una cerveza y alguna picadera&nbsp;sencilla? \u00a1Presentando La Eskina! Un nuevo concepto de Fresh Fresh que&nbsp;est\u00e1 captando el inter\u00e9s de todos. En&nbsp;la parte de&nbsp;afuera de su colorida cafeter\u00eda, La Eskina es&nbsp;un espacio para locales y turistas en busca de m\u00e1s que&nbsp;un batido. El bar al aire libre ofrecer\u00e1 cervezas y c\u00f3cteles a partir de este domingo, \u00a1justo a tiempo para el <a href=\"https:\/\/casadecampoliving.com\/es\/juegos-inflables-actividades-gratis-para-ninos-en-fall-fest\/\">Altos de&nbsp;Chav\u00f3n Fall Fest<\/a>! Seguir leyendo <a href=\"https:\/\/casadecampoliving.com\/es\/la-eskina-en-altos-de-chavon-justo-a-tiempo-para-el-fall-fest\/\">aqu\u00ed.<\/a><\/p><\/blockquote>\n\n\n\n<blockquote><p><strong><a href=\"https:\/\/casadecampoliving.com\/es\/brunch-mimosas-y-musica-en-vivo-en-altos-de-chavon-fall-fest\/\">\u00a1Brunch, Mimosas y m\u00fasica en VIVO en el Altos de Chav\u00f3n Fall Fest este domingo!<\/a><\/strong><\/p><figure><img decoding=\"async\" loading=\"lazy\" class=\"aligncenter size-full wp-image-126297\" src=\"https:\/\/i0.wp.com\/casadecampoliving.com\/wp-content\/uploads\/2022\/10\/La_Piazzetta_Chavon-e1477672304601.jpg?resize=1000%2C666&amp;ssl=1\" alt=\"La Piazzetta Altos de Chav\u00f3n\" width=\"1000\" height=\"666\"><\/figure><p><a href=\"https:\/\/casadecampoliving.com\/es\/brunch-mimosas-y-musica-en-vivo-en-altos-de-chavon-fall-fest\/\"><br>\nSi bien hemos estado anunciando durante toda la semana todas las incre\u00edbles actividades que tendremos durante el Altos de Chav\u00f3n Fall Fest que sin duda har\u00e1n de este ultimo fin de semana de octubre sea el mejor del mes, \u00a1estamos aqu\u00ed para hacerlo aun mejor! Los restaurantes de Chav\u00f3n se est\u00e1n uniendo para brindarle a todos los visitantes men\u00fas especiales de brunch y mimosas toda la ma\u00f1ana y tarde. <\/a><a href=\"https:\/\/casadecampoliving.com\/es\/brunch-mimosas-y-musica-en-vivo-en-altos-de-chavon-fall-fest\/\">Seguir leyendo aqu\u00ed.<\/a><\/p><\/blockquote>\n\n\n\n<blockquote><h4 style=\"text-align: justify;\">Altos de Chav\u00f3n Fall Fest 2016<\/h4><figure><img decoding=\"async\" loading=\"lazy\" class=\"aligncenter wp-image-126271 size-full\" src=\"https:\/\/i0.wp.com\/casadecampoliving.com\/wp-content\/uploads\/2022\/10\/FacebookPost-e1477593394839.jpg?resize=1000%2C750&amp;ssl=1\" width=\"1000\" height=\"750\"><\/figure><p style=\"text-align: justify;\"><\/p><p style=\"text-align: justify;\"><em>\u00a1No pierda la oportunidad de redescubrir&nbsp;Chav\u00f3n!<\/em><\/p><p style=\"text-align: justify;\"><strong>D\u00f3nde:<\/strong> Altos de Chav\u00f3n<\/p><p style=\"text-align: justify;\"><strong>Cu\u00e1ndo:<\/strong>&nbsp;Domingo 30 de octubre,&nbsp;10:00am-6:00pm<\/p><p style=\"text-align: justify;\"><strong>Qu\u00e9:<\/strong> Brunch, mimosas, bazaar, \u00a1y mucha diversi\u00f3n para los ni\u00f1os!<\/p><\/blockquote>\n","protected":false},"excerpt":{"rendered":"<p>\u00bfEsta usted tan emocionado como nosotros?! \u00a1El Altos de Chav\u00f3n Fall Fest es HOY! Casa de Campo Living se ha asociado con todas las tiendas y restaurantes de Chav\u00f3n, y hemos trabajado arduamente para&nbsp;montar el evento de hoy. El Fall Fest&nbsp;es un d\u00eda familiar&nbsp;para brunch, incre\u00edbles descuentos en los establecimientos locales, un bazar, \u00a1y un [&hellip;]<\/p>\n","protected":false},"author":36682,"featured_media":328016,"comment_status":"closed","ping_status":"closed","sticky":false,"template":"","format":"standard","meta":{"newspack_ads_suppress_ads":false,"newspack_popups_has_disabled_popups":false,"newspack_sponsor_sponsorship_scope":"","newspack_sponsor_native_byline_display":"inherit","newspack_sponsor_native_category_display":"inherit","newspack_sponsor_underwriter_style":"inherit","newspack_sponsor_underwriter_placement":"inherit","_newspack_byline_active":false,"_newspack_byline":"","newspack_hide_updated_date":false,"newspack_show_updated_date":false,"newspack_content_restriction_is_exempt":false,"newspack_featured_image_position":"","newspack_post_subtitle":"","newspack_article_summary_title":"Overview:","newspack_article_summary":"","_jetpack_memberships_contains_paid_content":false,"footnotes":"","jetpack_publicize_message":"","jetpack_publicize_feature_enabled":true,"jetpack_social_post_already_shared":false,"jetpack_social_options":{"image_generator_settings":{"template":"highway","default_image_id":0,"font":"","enabled":false},"version":2},"_wpas_customize_per_network":false},"categories":[26819,26823,26936,26951,14629,2530,14631,2522,2523,14625,14627,2521,26822,2520],"tags":[15387,3575,1458,11550,4865,18929,3905,18837,3697,18932],"newspack_spnsrs_tax":[],"class_list":["post-350722","post","type-post","status-publish","format-standard","has-post-thumbnail","hentry","category-altos-de-chavon-es","category-arte-y-cultura","category-casa-de-campo-living-es","category-ccl-presenta","category-comidas-bebidas","category-compras-es","category-estilo-de-vida","category-eventos-es","category-moda-es","category-noticias-locales","category-proximamente","category-republica-dominicana-2","category-resort-casa-de-campo","category-restaurantes-es","tag-altos-de-chavon-es","tag-altos-de-chavon-es-2","tag-bazar","tag-cafe-marietta","tag-collares-rojos","tag-dining-es","tag-festival","tag-fresh-fresh-cafe-es-2","tag-la-cantina-es","tag-la-romana-es-4","entry"],"yoast_head":"<!-- This site is optimized with the Yoast SEO plugin v27.5 - https:\/\/yoast.com\/product\/yoast-seo-wordpress\/ -->\n<title>\u00a1FALL FEST YA ESTA AQU\u00cd! \u00a1Sucediendo AHORA en Altos de Chav\u00f3n! | Casa de Campo Living<\/title>\n<meta name=\"description\" content=\"\u00bfEsta usted tan emocionado como nosotros?! \u00a1El Altos de Chav\u00f3n Fall Fest es HOY! Casa de Campo Living se ha asociado con todas las tiendas y restaurantes\" \/>\n<meta name=\"robots\" content=\"index, follow, max-snippet:-1, max-image-preview:large, max-video-preview:-1\" \/>\n<link rel=\"canonical\" href=\"https:\/\/casadecampoliving.com\/es\/fall-fest-ya-esta-aqui-sucediendo-ahora-en-altos-de-chavon\/\" \/>\n<meta property=\"og:locale\" content=\"es_ES\" \/>\n<meta property=\"og:type\" content=\"article\" \/>\n<meta property=\"og:title\" content=\"\u00a1FALL FEST YA ESTA AQU\u00cd! \u00a1Sucediendo AHORA en Altos de Chav\u00f3n! | Casa de Campo Living\" \/>\n<meta property=\"og:description\" content=\"\u00bfEsta usted tan emocionado como nosotros?! \u00a1El Altos de Chav\u00f3n Fall Fest es HOY! Casa de Campo Living se ha asociado con todas las tiendas y restaurantes\" \/>\n<meta property=\"og:url\" content=\"https:\/\/casadecampoliving.com\/es\/fall-fest-ya-esta-aqui-sucediendo-ahora-en-altos-de-chavon\/\" \/>\n<meta property=\"og:site_name\" content=\"Casa de Campo Living\" \/>\n<meta property=\"article:publisher\" content=\"https:\/\/www.facebook.com\/casadecampoliving\" \/>\n<meta property=\"article:published_time\" content=\"2016-10-30T04:00:00+00:00\" \/>\n<meta property=\"article:modified_time\" content=\"2022-10-21T23:02:39+00:00\" \/>\n<meta property=\"og:image\" content=\"https:\/\/i0.wp.com\/casadecampoliving.com\/wp-content\/uploads\/2022\/10\/IMG_2973-e1477758174242-1.jpg?fit=1000%2C750&ssl=1\" \/>\n\t<meta property=\"og:image:width\" content=\"1000\" \/>\n\t<meta property=\"og:image:height\" content=\"750\" \/>\n\t<meta property=\"og:image:type\" content=\"image\/jpeg\" \/>\n<meta name=\"author\" content=\"Marlenys Guzm\u00e1n Casta\u00f1os\" \/>\n<meta name=\"twitter:card\" content=\"summary_large_image\" \/>\n<meta name=\"twitter:creator\" content=\"@cdcliving\" \/>\n<meta name=\"twitter:site\" content=\"@cdcliving\" \/>\n<meta name=\"twitter:label1\" content=\"Escrito por\" \/>\n\t<meta name=\"twitter:data1\" content=\"Marlenys Guzm\u00e1n Casta\u00f1os\" \/>\n\t<meta name=\"twitter:label2\" content=\"Tiempo de lectura\" \/>\n\t<meta name=\"twitter:data2\" content=\"9 minutos\" \/>\n<script type=\"application\/ld+json\" class=\"yoast-schema-graph\">{\"@context\":\"https:\\\/\\\/schema.org\",\"@graph\":[{\"@type\":\"Article\",\"@id\":\"https:\\\/\\\/casadecampoliving.com\\\/es\\\/fall-fest-ya-esta-aqui-sucediendo-ahora-en-altos-de-chavon\\\/#article\",\"isPartOf\":{\"@id\":\"https:\\\/\\\/casadecampoliving.com\\\/es\\\/fall-fest-ya-esta-aqui-sucediendo-ahora-en-altos-de-chavon\\\/\"},\"author\":{\"name\":\"Marlenys Guzm\u00e1n Casta\u00f1os\",\"@id\":\"https:\\\/\\\/casadecampoliving.com\\\/es\\\/#\\\/schema\\\/person\\\/b6606bd87f9cec8f5903e2141cafda24\"},\"headline\":\"\u00a1FALL FEST YA ESTA AQU\u00cd! \u00a1Sucediendo AHORA en Altos de Chav\u00f3n!\",\"datePublished\":\"2016-10-30T04:00:00+00:00\",\"dateModified\":\"2022-10-21T23:02:39+00:00\",\"mainEntityOfPage\":{\"@id\":\"https:\\\/\\\/casadecampoliving.com\\\/es\\\/fall-fest-ya-esta-aqui-sucediendo-ahora-en-altos-de-chavon\\\/\"},\"wordCount\":1788,\"publisher\":{\"@id\":\"https:\\\/\\\/casadecampoliving.com\\\/es\\\/#organization\"},\"image\":{\"@id\":\"https:\\\/\\\/casadecampoliving.com\\\/es\\\/fall-fest-ya-esta-aqui-sucediendo-ahora-en-altos-de-chavon\\\/#primaryimage\"},\"thumbnailUrl\":\"https:\\\/\\\/i0.wp.com\\\/casadecampoliving.com\\\/wp-content\\\/uploads\\\/2022\\\/10\\\/IMG_2973-e1477758174242-1.jpg?fit=1000%2C750&ssl=1\",\"keywords\":[\"Altos de Chavon\",\"Altos de Chavon -es\",\"bazar\",\"Caf\u00e9 Marietta\",\"collares rojos\",\"Dining\",\"festival\",\"Fresh Fresh Caf\u00e9\",\"La Cantina @es\",\"La Romana\"],\"articleSection\":[\"Altos de Chavon @es\",\"Arte y cultura\",\"Casa de Campo Living @es\",\"CCL presenta\",\"Comidas &amp; Bebidas\",\"Compras\",\"Estilo de Vida\",\"Eventos\",\"Moda\",\"Noticias Locales\",\"Proximamente\",\"Rep\u00fablica Dominicana @es\",\"Resort Casa de Campo\",\"Restaurantes\"],\"inLanguage\":\"es\"},{\"@type\":\"WebPage\",\"@id\":\"https:\\\/\\\/casadecampoliving.com\\\/es\\\/fall-fest-ya-esta-aqui-sucediendo-ahora-en-altos-de-chavon\\\/\",\"url\":\"https:\\\/\\\/casadecampoliving.com\\\/es\\\/fall-fest-ya-esta-aqui-sucediendo-ahora-en-altos-de-chavon\\\/\",\"name\":\"\u00a1FALL FEST YA ESTA AQU\u00cd! \u00a1Sucediendo AHORA en Altos de Chav\u00f3n! | Casa de Campo Living\",\"isPartOf\":{\"@id\":\"https:\\\/\\\/casadecampoliving.com\\\/es\\\/#website\"},\"primaryImageOfPage\":{\"@id\":\"https:\\\/\\\/casadecampoliving.com\\\/es\\\/fall-fest-ya-esta-aqui-sucediendo-ahora-en-altos-de-chavon\\\/#primaryimage\"},\"image\":{\"@id\":\"https:\\\/\\\/casadecampoliving.com\\\/es\\\/fall-fest-ya-esta-aqui-sucediendo-ahora-en-altos-de-chavon\\\/#primaryimage\"},\"thumbnailUrl\":\"https:\\\/\\\/i0.wp.com\\\/casadecampoliving.com\\\/wp-content\\\/uploads\\\/2022\\\/10\\\/IMG_2973-e1477758174242-1.jpg?fit=1000%2C750&ssl=1\",\"datePublished\":\"2016-10-30T04:00:00+00:00\",\"dateModified\":\"2022-10-21T23:02:39+00:00\",\"description\":\"\u00bfEsta usted tan emocionado como nosotros?! \u00a1El Altos de Chav\u00f3n Fall Fest es HOY! Casa de Campo Living se ha asociado con todas las tiendas y restaurantes\",\"breadcrumb\":{\"@id\":\"https:\\\/\\\/casadecampoliving.com\\\/es\\\/fall-fest-ya-esta-aqui-sucediendo-ahora-en-altos-de-chavon\\\/#breadcrumb\"},\"inLanguage\":\"es\",\"potentialAction\":[{\"@type\":\"ReadAction\",\"target\":[\"https:\\\/\\\/casadecampoliving.com\\\/es\\\/fall-fest-ya-esta-aqui-sucediendo-ahora-en-altos-de-chavon\\\/\"]}]},{\"@type\":\"ImageObject\",\"inLanguage\":\"es\",\"@id\":\"https:\\\/\\\/casadecampoliving.com\\\/es\\\/fall-fest-ya-esta-aqui-sucediendo-ahora-en-altos-de-chavon\\\/#primaryimage\",\"url\":\"https:\\\/\\\/i0.wp.com\\\/casadecampoliving.com\\\/wp-content\\\/uploads\\\/2022\\\/10\\\/IMG_2973-e1477758174242-1.jpg?fit=1000%2C750&ssl=1\",\"contentUrl\":\"https:\\\/\\\/i0.wp.com\\\/casadecampoliving.com\\\/wp-content\\\/uploads\\\/2022\\\/10\\\/IMG_2973-e1477758174242-1.jpg?fit=1000%2C750&ssl=1\",\"width\":1000,\"height\":750,\"caption\":\"Altos de Chavon Fall Fest\"},{\"@type\":\"BreadcrumbList\",\"@id\":\"https:\\\/\\\/casadecampoliving.com\\\/es\\\/fall-fest-ya-esta-aqui-sucediendo-ahora-en-altos-de-chavon\\\/#breadcrumb\",\"itemListElement\":[{\"@type\":\"ListItem\",\"position\":1,\"name\":\"Home\",\"item\":\"https:\\\/\\\/casadecampoliving.com\\\/es\\\/\"},{\"@type\":\"ListItem\",\"position\":2,\"name\":\"\u00a1FALL FEST YA ESTA AQU\u00cd! \u00a1Sucediendo AHORA en Altos de Chav\u00f3n!\"}]},{\"@type\":\"WebSite\",\"@id\":\"https:\\\/\\\/casadecampoliving.com\\\/es\\\/#website\",\"url\":\"https:\\\/\\\/casadecampoliving.com\\\/es\\\/\",\"name\":\"Casa de Campo Living\",\"description\":\"Resort community news and resources.\",\"publisher\":{\"@id\":\"https:\\\/\\\/casadecampoliving.com\\\/es\\\/#organization\"},\"potentialAction\":[{\"@type\":\"SearchAction\",\"target\":{\"@type\":\"EntryPoint\",\"urlTemplate\":\"https:\\\/\\\/casadecampoliving.com\\\/es\\\/?s={search_term_string}\"},\"query-input\":{\"@type\":\"PropertyValueSpecification\",\"valueRequired\":true,\"valueName\":\"search_term_string\"}}],\"inLanguage\":\"es\"},{\"@type\":\"Organization\",\"@id\":\"https:\\\/\\\/casadecampoliving.com\\\/es\\\/#organization\",\"name\":\"Casa de Campo Living\",\"url\":\"https:\\\/\\\/casadecampoliving.com\\\/es\\\/\",\"logo\":{\"@type\":\"ImageObject\",\"inLanguage\":\"es\",\"@id\":\"https:\\\/\\\/casadecampoliving.com\\\/es\\\/#\\\/schema\\\/logo\\\/image\\\/\",\"url\":\"https:\\\/\\\/i0.wp.com\\\/casadecampoliving.com\\\/wp-content\\\/uploads\\\/2022\\\/07\\\/CDCLivingLogo_V1-white-sized.png?fit=800%2C214&ssl=1\",\"contentUrl\":\"https:\\\/\\\/i0.wp.com\\\/casadecampoliving.com\\\/wp-content\\\/uploads\\\/2022\\\/07\\\/CDCLivingLogo_V1-white-sized.png?fit=800%2C214&ssl=1\",\"width\":800,\"height\":214,\"caption\":\"Casa de Campo Living\"},\"image\":{\"@id\":\"https:\\\/\\\/casadecampoliving.com\\\/es\\\/#\\\/schema\\\/logo\\\/image\\\/\"},\"sameAs\":[\"https:\\\/\\\/www.facebook.com\\\/casadecampoliving\",\"https:\\\/\\\/x.com\\\/cdcliving\"]},{\"@type\":\"Person\",\"@id\":\"https:\\\/\\\/casadecampoliving.com\\\/es\\\/#\\\/schema\\\/person\\\/b6606bd87f9cec8f5903e2141cafda24\",\"name\":\"Marlenys Guzm\u00e1n Casta\u00f1os\",\"image\":{\"@type\":\"ImageObject\",\"inLanguage\":\"es\",\"@id\":\"https:\\\/\\\/secure.gravatar.com\\\/avatar\\\/72f3f86b8e6b3ec744201aeadf11d4a6055e8af194aecd9ad30ffff4437878ee?s=96&d=mm&r=g\",\"url\":\"https:\\\/\\\/secure.gravatar.com\\\/avatar\\\/72f3f86b8e6b3ec744201aeadf11d4a6055e8af194aecd9ad30ffff4437878ee?s=96&d=mm&r=g\",\"contentUrl\":\"https:\\\/\\\/secure.gravatar.com\\\/avatar\\\/72f3f86b8e6b3ec744201aeadf11d4a6055e8af194aecd9ad30ffff4437878ee?s=96&d=mm&r=g\",\"caption\":\"Marlenys Guzm\u00e1n Casta\u00f1os\"},\"url\":\"https:\\\/\\\/casadecampoliving.com\\\/es\\\/author\\\/mguzman\\\/\"}]}<\/script>\n<!-- \/ Yoast SEO plugin. -->","yoast_head_json":{"title":"\u00a1FALL FEST YA ESTA AQU\u00cd! \u00a1Sucediendo AHORA en Altos de Chav\u00f3n! | Casa de Campo Living","description":"\u00bfEsta usted tan emocionado como nosotros?! \u00a1El Altos de Chav\u00f3n Fall Fest es HOY! Casa de Campo Living se ha asociado con todas las tiendas y restaurantes","robots":{"index":"index","follow":"follow","max-snippet":"max-snippet:-1","max-image-preview":"max-image-preview:large","max-video-preview":"max-video-preview:-1"},"canonical":"https:\/\/casadecampoliving.com\/es\/fall-fest-ya-esta-aqui-sucediendo-ahora-en-altos-de-chavon\/","og_locale":"es_ES","og_type":"article","og_title":"\u00a1FALL FEST YA ESTA AQU\u00cd! \u00a1Sucediendo AHORA en Altos de Chav\u00f3n! | Casa de Campo Living","og_description":"\u00bfEsta usted tan emocionado como nosotros?! \u00a1El Altos de Chav\u00f3n Fall Fest es HOY! Casa de Campo Living se ha asociado con todas las tiendas y restaurantes","og_url":"https:\/\/casadecampoliving.com\/es\/fall-fest-ya-esta-aqui-sucediendo-ahora-en-altos-de-chavon\/","og_site_name":"Casa de Campo Living","article_publisher":"https:\/\/www.facebook.com\/casadecampoliving","article_published_time":"2016-10-30T04:00:00+00:00","article_modified_time":"2022-10-21T23:02:39+00:00","og_image":[{"width":1000,"height":750,"url":"https:\/\/i0.wp.com\/casadecampoliving.com\/wp-content\/uploads\/2022\/10\/IMG_2973-e1477758174242-1.jpg?fit=1000%2C750&ssl=1","type":"image\/jpeg"}],"author":"Marlenys Guzm\u00e1n Casta\u00f1os","twitter_card":"summary_large_image","twitter_creator":"@cdcliving","twitter_site":"@cdcliving","twitter_misc":{"Escrito por":"Marlenys Guzm\u00e1n Casta\u00f1os","Tiempo de lectura":"9 minutos"},"schema":{"@context":"https:\/\/schema.org","@graph":[{"@type":"Article","@id":"https:\/\/casadecampoliving.com\/es\/fall-fest-ya-esta-aqui-sucediendo-ahora-en-altos-de-chavon\/#article","isPartOf":{"@id":"https:\/\/casadecampoliving.com\/es\/fall-fest-ya-esta-aqui-sucediendo-ahora-en-altos-de-chavon\/"},"author":{"name":"Marlenys Guzm\u00e1n Casta\u00f1os","@id":"https:\/\/casadecampoliving.com\/es\/#\/schema\/person\/b6606bd87f9cec8f5903e2141cafda24"},"headline":"\u00a1FALL FEST YA ESTA AQU\u00cd! \u00a1Sucediendo AHORA en Altos de Chav\u00f3n!","datePublished":"2016-10-30T04:00:00+00:00","dateModified":"2022-10-21T23:02:39+00:00","mainEntityOfPage":{"@id":"https:\/\/casadecampoliving.com\/es\/fall-fest-ya-esta-aqui-sucediendo-ahora-en-altos-de-chavon\/"},"wordCount":1788,"publisher":{"@id":"https:\/\/casadecampoliving.com\/es\/#organization"},"image":{"@id":"https:\/\/casadecampoliving.com\/es\/fall-fest-ya-esta-aqui-sucediendo-ahora-en-altos-de-chavon\/#primaryimage"},"thumbnailUrl":"https:\/\/i0.wp.com\/casadecampoliving.com\/wp-content\/uploads\/2022\/10\/IMG_2973-e1477758174242-1.jpg?fit=1000%2C750&ssl=1","keywords":["Altos de Chavon","Altos de Chavon -es","bazar","Caf\u00e9 Marietta","collares rojos","Dining","festival","Fresh Fresh Caf\u00e9","La Cantina @es","La Romana"],"articleSection":["Altos de Chavon @es","Arte y cultura","Casa de Campo Living @es","CCL presenta","Comidas &amp; Bebidas","Compras","Estilo de Vida","Eventos","Moda","Noticias Locales","Proximamente","Rep\u00fablica Dominicana @es","Resort Casa de Campo","Restaurantes"],"inLanguage":"es"},{"@type":"WebPage","@id":"https:\/\/casadecampoliving.com\/es\/fall-fest-ya-esta-aqui-sucediendo-ahora-en-altos-de-chavon\/","url":"https:\/\/casadecampoliving.com\/es\/fall-fest-ya-esta-aqui-sucediendo-ahora-en-altos-de-chavon\/","name":"\u00a1FALL FEST YA ESTA AQU\u00cd! \u00a1Sucediendo AHORA en Altos de Chav\u00f3n! | Casa de Campo Living","isPartOf":{"@id":"https:\/\/casadecampoliving.com\/es\/#website"},"primaryImageOfPage":{"@id":"https:\/\/casadecampoliving.com\/es\/fall-fest-ya-esta-aqui-sucediendo-ahora-en-altos-de-chavon\/#primaryimage"},"image":{"@id":"https:\/\/casadecampoliving.com\/es\/fall-fest-ya-esta-aqui-sucediendo-ahora-en-altos-de-chavon\/#primaryimage"},"thumbnailUrl":"https:\/\/i0.wp.com\/casadecampoliving.com\/wp-content\/uploads\/2022\/10\/IMG_2973-e1477758174242-1.jpg?fit=1000%2C750&ssl=1","datePublished":"2016-10-30T04:00:00+00:00","dateModified":"2022-10-21T23:02:39+00:00","description":"\u00bfEsta usted tan emocionado como nosotros?! \u00a1El Altos de Chav\u00f3n Fall Fest es HOY! Casa de Campo Living se ha asociado con todas las tiendas y restaurantes","breadcrumb":{"@id":"https:\/\/casadecampoliving.com\/es\/fall-fest-ya-esta-aqui-sucediendo-ahora-en-altos-de-chavon\/#breadcrumb"},"inLanguage":"es","potentialAction":[{"@type":"ReadAction","target":["https:\/\/casadecampoliving.com\/es\/fall-fest-ya-esta-aqui-sucediendo-ahora-en-altos-de-chavon\/"]}]},{"@type":"ImageObject","inLanguage":"es","@id":"https:\/\/casadecampoliving.com\/es\/fall-fest-ya-esta-aqui-sucediendo-ahora-en-altos-de-chavon\/#primaryimage","url":"https:\/\/i0.wp.com\/casadecampoliving.com\/wp-content\/uploads\/2022\/10\/IMG_2973-e1477758174242-1.jpg?fit=1000%2C750&ssl=1","contentUrl":"https:\/\/i0.wp.com\/casadecampoliving.com\/wp-content\/uploads\/2022\/10\/IMG_2973-e1477758174242-1.jpg?fit=1000%2C750&ssl=1","width":1000,"height":750,"caption":"Altos de Chavon Fall Fest"},{"@type":"BreadcrumbList","@id":"https:\/\/casadecampoliving.com\/es\/fall-fest-ya-esta-aqui-sucediendo-ahora-en-altos-de-chavon\/#breadcrumb","itemListElement":[{"@type":"ListItem","position":1,"name":"Home","item":"https:\/\/casadecampoliving.com\/es\/"},{"@type":"ListItem","position":2,"name":"\u00a1FALL FEST YA ESTA AQU\u00cd! \u00a1Sucediendo AHORA en Altos de Chav\u00f3n!"}]},{"@type":"WebSite","@id":"https:\/\/casadecampoliving.com\/es\/#website","url":"https:\/\/casadecampoliving.com\/es\/","name":"Casa de Campo Living","description":"Resort community news and resources.","publisher":{"@id":"https:\/\/casadecampoliving.com\/es\/#organization"},"potentialAction":[{"@type":"SearchAction","target":{"@type":"EntryPoint","urlTemplate":"https:\/\/casadecampoliving.com\/es\/?s={search_term_string}"},"query-input":{"@type":"PropertyValueSpecification","valueRequired":true,"valueName":"search_term_string"}}],"inLanguage":"es"},{"@type":"Organization","@id":"https:\/\/casadecampoliving.com\/es\/#organization","name":"Casa de Campo Living","url":"https:\/\/casadecampoliving.com\/es\/","logo":{"@type":"ImageObject","inLanguage":"es","@id":"https:\/\/casadecampoliving.com\/es\/#\/schema\/logo\/image\/","url":"https:\/\/i0.wp.com\/casadecampoliving.com\/wp-content\/uploads\/2022\/07\/CDCLivingLogo_V1-white-sized.png?fit=800%2C214&ssl=1","contentUrl":"https:\/\/i0.wp.com\/casadecampoliving.com\/wp-content\/uploads\/2022\/07\/CDCLivingLogo_V1-white-sized.png?fit=800%2C214&ssl=1","width":800,"height":214,"caption":"Casa de Campo Living"},"image":{"@id":"https:\/\/casadecampoliving.com\/es\/#\/schema\/logo\/image\/"},"sameAs":["https:\/\/www.facebook.com\/casadecampoliving","https:\/\/x.com\/cdcliving"]},{"@type":"Person","@id":"https:\/\/casadecampoliving.com\/es\/#\/schema\/person\/b6606bd87f9cec8f5903e2141cafda24","name":"Marlenys Guzm\u00e1n Casta\u00f1os","image":{"@type":"ImageObject","inLanguage":"es","@id":"https:\/\/secure.gravatar.com\/avatar\/72f3f86b8e6b3ec744201aeadf11d4a6055e8af194aecd9ad30ffff4437878ee?s=96&d=mm&r=g","url":"https:\/\/secure.gravatar.com\/avatar\/72f3f86b8e6b3ec744201aeadf11d4a6055e8af194aecd9ad30ffff4437878ee?s=96&d=mm&r=g","contentUrl":"https:\/\/secure.gravatar.com\/avatar\/72f3f86b8e6b3ec744201aeadf11d4a6055e8af194aecd9ad30ffff4437878ee?s=96&d=mm&r=g","caption":"Marlenys Guzm\u00e1n Casta\u00f1os"},"url":"https:\/\/casadecampoliving.com\/es\/author\/mguzman\/"}]}},"parsely":{"version":"1.1.0","canonical_url":"https:\/\/casadecampoliving.com\/es\/fall-fest-ya-esta-aqui-sucediendo-ahora-en-altos-de-chavon\/","smart_links":{"inbound":0,"outbound":0},"traffic_boost_suggestions_count":0,"meta":{"@context":"https:\/\/schema.org","@type":"NewsArticle","headline":"\u00a1FALL FEST YA ESTA AQU\u00cd! \u00a1Sucediendo AHORA en Altos de Chav\u00f3n!","url":"http:\/\/casadecampoliving.com\/es\/fall-fest-ya-esta-aqui-sucediendo-ahora-en-altos-de-chavon\/","mainEntityOfPage":{"@type":"WebPage","@id":"http:\/\/casadecampoliving.com\/es\/fall-fest-ya-esta-aqui-sucediendo-ahora-en-altos-de-chavon\/"},"thumbnailUrl":"https:\/\/i0.wp.com\/casadecampoliving.com\/wp-content\/uploads\/2022\/10\/IMG_2973-e1477758174242-1.jpg?resize=150%2C150&ssl=1","image":{"@type":"ImageObject","url":"https:\/\/i0.wp.com\/casadecampoliving.com\/wp-content\/uploads\/2022\/10\/IMG_2973-e1477758174242-1.jpg?fit=1000%2C750&ssl=1"},"articleSection":"Altos de Chavon @es","author":[{"@type":"Person","name":"Marlenys Guzm\u00e1n Casta\u00f1os"}],"creator":["Marlenys Guzm\u00e1n Casta\u00f1os"],"publisher":{"@type":"Organization","name":"Casa de Campo Living","logo":"https:\/\/casadecampoliving.com\/wp-content\/uploads\/2022\/07\/CDCLivingLogo_V1-white-sized.png"},"keywords":["altos de chavon","altos de chavon -es","bazar","caf\u00e9 marietta","collares rojos","dining","festival","fresh fresh caf\u00e9","la cantina @es","la romana"],"dateCreated":"2016-10-30T04:00:00Z","datePublished":"2016-10-30T04:00:00Z","dateModified":"2022-10-21T23:02:39Z"},"rendered":"<script type=\"application\/ld+json\" class=\"wp-parsely-metadata\">{\"@context\":\"https:\\\/\\\/schema.org\",\"@type\":\"NewsArticle\",\"headline\":\"\\u00a1FALL FEST YA ESTA AQU\\u00cd! \\u00a1Sucediendo AHORA en Altos de Chav\\u00f3n!\",\"url\":\"http:\\\/\\\/casadecampoliving.com\\\/es\\\/fall-fest-ya-esta-aqui-sucediendo-ahora-en-altos-de-chavon\\\/\",\"mainEntityOfPage\":{\"@type\":\"WebPage\",\"@id\":\"http:\\\/\\\/casadecampoliving.com\\\/es\\\/fall-fest-ya-esta-aqui-sucediendo-ahora-en-altos-de-chavon\\\/\"},\"thumbnailUrl\":\"https:\\\/\\\/i0.wp.com\\\/casadecampoliving.com\\\/wp-content\\\/uploads\\\/2022\\\/10\\\/IMG_2973-e1477758174242-1.jpg?resize=150%2C150&ssl=1\",\"image\":{\"@type\":\"ImageObject\",\"url\":\"https:\\\/\\\/i0.wp.com\\\/casadecampoliving.com\\\/wp-content\\\/uploads\\\/2022\\\/10\\\/IMG_2973-e1477758174242-1.jpg?fit=1000%2C750&ssl=1\"},\"articleSection\":\"Altos de Chavon @es\",\"author\":[{\"@type\":\"Person\",\"name\":\"Marlenys Guzm\\u00e1n Casta\\u00f1os\"}],\"creator\":[\"Marlenys Guzm\\u00e1n Casta\\u00f1os\"],\"publisher\":{\"@type\":\"Organization\",\"name\":\"Casa de Campo Living\",\"logo\":\"https:\\\/\\\/casadecampoliving.com\\\/wp-content\\\/uploads\\\/2022\\\/07\\\/CDCLivingLogo_V1-white-sized.png\"},\"keywords\":[\"altos de chavon\",\"altos de chavon -es\",\"bazar\",\"caf\\u00e9 marietta\",\"collares rojos\",\"dining\",\"festival\",\"fresh fresh caf\\u00e9\",\"la cantina @es\",\"la romana\"],\"dateCreated\":\"2016-10-30T04:00:00Z\",\"datePublished\":\"2016-10-30T04:00:00Z\",\"dateModified\":\"2022-10-21T23:02:39Z\"}<\/script>","tracker_url":"https:\/\/cdn.parsely.com\/keys\/casadecampoliving.com\/p.js"},"jetpack_publicize_connections":[],"jetpack_featured_media_url":"https:\/\/i0.wp.com\/casadecampoliving.com\/wp-content\/uploads\/2022\/10\/IMG_2973-e1477758174242-1.jpg?fit=1000%2C750&ssl=1","jetpack-related-posts":[{"id":433460,"url":"https:\/\/casadecampoliving.com\/es\/no-se-pierdan-el-increible-tributo-a-frank-sinatra-para-celebrar-el-40-aniversario-del-anfiteatro-altos-de-chavon\/","url_meta":{"origin":350722,"position":0},"title":"No se pierdan el incre\u00edble tributo a Frank Sinatra para celebrar el 40 aniversario del\u00a0Anfiteatro Altos de Chav\u00f3n","author":"Casa de Campo Living","date":"20 Oct, 2022","format":false,"excerpt":"Siendo uno de los escenarios m\u00e1s emblem\u00e1ticos del pa\u00eds, Casa de Campo Resort\u00ae & Villas celebra las cuatro d\u00e9cadas de aniversario de Altos de Chav\u00f3n con un tributo al gran Frank Sinatra, protagonizado por artistas invitados y una big band tal cual la que acompa\u00f1\u00f3 al artista hace 40 a\u00f1os\u2026","rel":"","context":"En \u00abUncategorized @es\u00bb","block_context":{"text":"Uncategorized @es","link":"https:\/\/casadecampoliving.com\/es\/category\/uncategorized-es\/"},"img":{"alt_text":"","src":"https:\/\/i0.wp.com\/casadecampoliving.com\/wp-content\/uploads\/2022\/10\/Tributo-Frank-Sinatra-Foto-Principal-Amaury-Sanchez-Danilo-Ginebra-Andres-Pichardo-y-Jose-Gabriel-Perez-.jpg?fit=1200%2C873&ssl=1&resize=350%2C200","width":350,"height":200,"srcset":"https:\/\/i0.wp.com\/casadecampoliving.com\/wp-content\/uploads\/2022\/10\/Tributo-Frank-Sinatra-Foto-Principal-Amaury-Sanchez-Danilo-Ginebra-Andres-Pichardo-y-Jose-Gabriel-Perez-.jpg?fit=1200%2C873&ssl=1&resize=350%2C200 1x, https:\/\/i0.wp.com\/casadecampoliving.com\/wp-content\/uploads\/2022\/10\/Tributo-Frank-Sinatra-Foto-Principal-Amaury-Sanchez-Danilo-Ginebra-Andres-Pichardo-y-Jose-Gabriel-Perez-.jpg?fit=1200%2C873&ssl=1&resize=525%2C300 1.5x, https:\/\/i0.wp.com\/casadecampoliving.com\/wp-content\/uploads\/2022\/10\/Tributo-Frank-Sinatra-Foto-Principal-Amaury-Sanchez-Danilo-Ginebra-Andres-Pichardo-y-Jose-Gabriel-Perez-.jpg?fit=1200%2C873&ssl=1&resize=700%2C400 2x, https:\/\/i0.wp.com\/casadecampoliving.com\/wp-content\/uploads\/2022\/10\/Tributo-Frank-Sinatra-Foto-Principal-Amaury-Sanchez-Danilo-Ginebra-Andres-Pichardo-y-Jose-Gabriel-Perez-.jpg?fit=1200%2C873&ssl=1&resize=1050%2C600 3x"},"classes":[]},{"id":350692,"url":"https:\/\/casadecampoliving.com\/es\/la-eskina-en-altos-de-chavon-justo-a-tiempo-para-el-fall-fest\/","url_meta":{"origin":350722,"position":1},"title":"\u00a1GRAN APERTURA! \u00a1La Eskina en Altos de Chav\u00f3n justo a tiempo para el Fall Fest!","author":"Heather Lincoln","date":"27 Oct, 2016","format":false,"excerpt":"En Altos de Chav\u00f3n hay muchos lugares para comer, pero \u00bfexiste alg\u00fan lugar donde\u00a0s\u00f3lo pueda ir tomar una cerveza y alguna picadera\u00a0sencilla? \u00a1Presentando La Eskina! Un nuevo concepto de Fresh Fresh que\u00a0est\u00e1 captando el inter\u00e9s de todos. En\u00a0la parte de\u00a0afuera de su colorida cafeter\u00eda, La Eskina es\u00a0un espacio para locales\u2026","rel":"","context":"En \u00abAltos de Chavon @es\u00bb","block_context":{"text":"Altos de Chavon @es","link":"https:\/\/casadecampoliving.com\/category\/altos-de-chavon-es\/"},"img":{"alt_text":"La Eskina Coming Soon","src":"https:\/\/i0.wp.com\/casadecampoliving.com\/wp-content\/uploads\/2022\/10\/la_eskina_coming_soon-e1477584664784-1.jpg?fit=1000%2C561&ssl=1&resize=350%2C200","width":350,"height":200,"srcset":"https:\/\/i0.wp.com\/casadecampoliving.com\/wp-content\/uploads\/2022\/10\/la_eskina_coming_soon-e1477584664784-1.jpg?fit=1000%2C561&ssl=1&resize=350%2C200 1x, https:\/\/i0.wp.com\/casadecampoliving.com\/wp-content\/uploads\/2022\/10\/la_eskina_coming_soon-e1477584664784-1.jpg?fit=1000%2C561&ssl=1&resize=525%2C300 1.5x, https:\/\/i0.wp.com\/casadecampoliving.com\/wp-content\/uploads\/2022\/10\/la_eskina_coming_soon-e1477584664784-1.jpg?fit=1000%2C561&ssl=1&resize=700%2C400 2x"},"classes":[]},{"id":350644,"url":"https:\/\/casadecampoliving.com\/es\/fallfest\/","url_meta":{"origin":350722,"position":2},"title":"\u00a1Anunciando el Altos de Chav\u00f3n Fall Fest: Domingo 30 de Octubre!","author":"Carla Campos","date":"17 Oct, 2016","format":false,"excerpt":"Si pensaba que el fin de semana de Due\u00f1os 2016 iba a ser divertido, contin\u00fae leyendo para averiguar c\u00f3mo Casa de Campo Living lo har\u00e1 a\u00fan m\u00e1s \u00a1EPICO! En asociaci\u00f3n con todas las tiendas y restaurantes de Altos de Chav\u00f3n, estamos organizando el\u00a0Altos de Chav\u00f3n Fall Fest -\u00a0Festival de Oto\u00f1o-,\u2026","rel":"","context":"En \u00abAltos de Chavon @es\u00bb","block_context":{"text":"Altos de Chavon @es","link":"https:\/\/casadecampoliving.com\/category\/altos-de-chavon-es\/"},"img":{"alt_text":"","src":"https:\/\/i0.wp.com\/casadecampoliving.com\/wp-content\/uploads\/2022\/10\/FacebookPost-copy.jpg?fit=1000%2C672&ssl=1&resize=350%2C200","width":350,"height":200,"srcset":"https:\/\/i0.wp.com\/casadecampoliving.com\/wp-content\/uploads\/2022\/10\/FacebookPost-copy.jpg?fit=1000%2C672&ssl=1&resize=350%2C200 1x, https:\/\/i0.wp.com\/casadecampoliving.com\/wp-content\/uploads\/2022\/10\/FacebookPost-copy.jpg?fit=1000%2C672&ssl=1&resize=525%2C300 1.5x, https:\/\/i0.wp.com\/casadecampoliving.com\/wp-content\/uploads\/2022\/10\/FacebookPost-copy.jpg?fit=1000%2C672&ssl=1&resize=700%2C400 2x"},"classes":[]},{"id":350718,"url":"https:\/\/casadecampoliving.com\/es\/actividades-para-ninos-este-domingo-fall-fest\/","url_meta":{"origin":350722,"position":3},"title":"\u00a1M\u00e1s actividades para ni\u00f1os este domingo en Fall Fest!","author":"Heather Lincoln","date":"29 Oct, 2016","format":false,"excerpt":"Las alegr\u00edas de ser un ni\u00f1o se est\u00e1n presentando en muchas manera\u00a0este fin de semana. Ya hemos mencionado varias actividades para los ni\u00f1os que estar\u00e1n disponibles en Altos de Chav\u00f3n para el Festival de Oto\u00f1o de este domingo como juegos inflables, talleres de arte y manualidades de La Vecindad,\u00a0ceramica\u00a0y pinta\u2026","rel":"","context":"En \u00abAltos de Chavon @es\u00bb","block_context":{"text":"Altos de Chavon @es","link":"https:\/\/casadecampoliving.com\/category\/altos-de-chavon-es\/"},"img":{"alt_text":"Altos de Chavon Fall Fest","src":"https:\/\/i0.wp.com\/casadecampoliving.com\/wp-content\/uploads\/2022\/10\/IMG_3124-e1477750849175-1.jpg?fit=1000%2C750&ssl=1&resize=350%2C200","width":350,"height":200,"srcset":"https:\/\/i0.wp.com\/casadecampoliving.com\/wp-content\/uploads\/2022\/10\/IMG_3124-e1477750849175-1.jpg?fit=1000%2C750&ssl=1&resize=350%2C200 1x, https:\/\/i0.wp.com\/casadecampoliving.com\/wp-content\/uploads\/2022\/10\/IMG_3124-e1477750849175-1.jpg?fit=1000%2C750&ssl=1&resize=525%2C300 1.5x, https:\/\/i0.wp.com\/casadecampoliving.com\/wp-content\/uploads\/2022\/10\/IMG_3124-e1477750849175-1.jpg?fit=1000%2C750&ssl=1&resize=700%2C400 2x"},"classes":[]},{"id":350678,"url":"https:\/\/casadecampoliving.com\/es\/juegos-inflables-actividades-gratis-para-ninos-en-fall-fest\/","url_meta":{"origin":350722,"position":4},"title":"\u00a1Juegos inflables y actividades **GRATIS** para los peque\u00f1os en Altos de Chavon Fall Fest!","author":"Heather Lincoln","date":"24 Oct, 2016","format":false,"excerpt":"Oto\u00f1o siempre ha\u00a0sido\u00a0uno de mis momentos favoritos del a\u00f1o; siendo de\u00a0Carolina del Norte, me gusta el clima fresco de oto\u00f1o, las hojas de color rojo y naranja que llenan los paisajes, y los festivales que siempre rodean esta emocionante temporada. El uso de botas de vaquero y la buscar\u00a0la mejor\u2026","rel":"","context":"En \u00abAltos de Chavon @es\u00bb","block_context":{"text":"Altos de Chavon @es","link":"https:\/\/casadecampoliving.com\/category\/altos-de-chavon-es\/"},"img":{"alt_text":"Altos de Chavon Fall Fest","src":"https:\/\/i0.wp.com\/casadecampoliving.com\/wp-content\/uploads\/2022\/10\/IMG_3313-e1477329567779-1.jpg?fit=1000%2C750&ssl=1&resize=350%2C200","width":350,"height":200,"srcset":"https:\/\/i0.wp.com\/casadecampoliving.com\/wp-content\/uploads\/2022\/10\/IMG_3313-e1477329567779-1.jpg?fit=1000%2C750&ssl=1&resize=350%2C200 1x, https:\/\/i0.wp.com\/casadecampoliving.com\/wp-content\/uploads\/2022\/10\/IMG_3313-e1477329567779-1.jpg?fit=1000%2C750&ssl=1&resize=525%2C300 1.5x, https:\/\/i0.wp.com\/casadecampoliving.com\/wp-content\/uploads\/2022\/10\/IMG_3313-e1477329567779-1.jpg?fit=1000%2C750&ssl=1&resize=700%2C400 2x"},"classes":[]},{"id":350682,"url":"https:\/\/casadecampoliving.com\/es\/costa-farms-en-altos-de-chavon-fall-fest\/","url_meta":{"origin":350722,"position":5},"title":"\u00a1Obtenga su planta y arreglos florales para la temporada festiva, este fin de semana en el Altos de Chav\u00f3n Fall Fest con Costa Farms!","author":"Marlenys Guzm\u00e1n Casta\u00f1os","date":"25 Oct, 2016","format":false,"excerpt":"Como ya hemos anunciado, este fin de semana ser\u00e1 el Altos de Chav\u00f3n Fall Fest \u00a1y es un evento el cual usted no querr\u00e1 perderse! Con una gran variedad de actividades para Due\u00f1os 2016 y Halloween el viernes y s\u00e1bado, queremos que se quede un poco mas en\u00a0Casa de Campo\u2026","rel":"","context":"En \u00abAltos de Chavon @es\u00bb","block_context":{"text":"Altos de Chavon @es","link":"https:\/\/casadecampoliving.com\/category\/altos-de-chavon-es\/"},"img":{"alt_text":"Costa Farms","src":"https:\/\/i0.wp.com\/casadecampoliving.com\/wp-content\/uploads\/2022\/10\/DSC_0224-e1477432744255-1.jpg?fit=1000%2C563&ssl=1&resize=350%2C200","width":350,"height":200,"srcset":"https:\/\/i0.wp.com\/casadecampoliving.com\/wp-content\/uploads\/2022\/10\/DSC_0224-e1477432744255-1.jpg?fit=1000%2C563&ssl=1&resize=350%2C200 1x, https:\/\/i0.wp.com\/casadecampoliving.com\/wp-content\/uploads\/2022\/10\/DSC_0224-e1477432744255-1.jpg?fit=1000%2C563&ssl=1&resize=525%2C300 1.5x, https:\/\/i0.wp.com\/casadecampoliving.com\/wp-content\/uploads\/2022\/10\/DSC_0224-e1477432744255-1.jpg?fit=1000%2C563&ssl=1&resize=700%2C400 2x"},"classes":[]}],"jetpack_sharing_enabled":true,"_links":{"self":[{"href":"https:\/\/casadecampoliving.com\/es\/wp-json\/wp\/v2\/posts\/350722","targetHints":{"allow":["GET"]}}],"collection":[{"href":"https:\/\/casadecampoliving.com\/es\/wp-json\/wp\/v2\/posts"}],"about":[{"href":"https:\/\/casadecampoliving.com\/es\/wp-json\/wp\/v2\/types\/post"}],"author":[{"embeddable":true,"href":"https:\/\/casadecampoliving.com\/es\/wp-json\/wp\/v2\/users\/36682"}],"replies":[{"embeddable":true,"href":"https:\/\/casadecampoliving.com\/es\/wp-json\/wp\/v2\/comments?post=350722"}],"version-history":[{"count":1,"href":"https:\/\/casadecampoliving.com\/es\/wp-json\/wp\/v2\/posts\/350722\/revisions"}],"predecessor-version":[{"id":350723,"href":"https:\/\/casadecampoliving.com\/es\/wp-json\/wp\/v2\/posts\/350722\/revisions\/350723"}],"wp:featuredmedia":[{"embeddable":true,"href":"https:\/\/casadecampoliving.com\/es\/wp-json\/wp\/v2\/media\/328016"}],"wp:attachment":[{"href":"https:\/\/casadecampoliving.com\/es\/wp-json\/wp\/v2\/media?parent=350722"}],"wp:term":[{"taxonomy":"category","embeddable":true,"href":"https:\/\/casadecampoliving.com\/es\/wp-json\/wp\/v2\/categories?post=350722"},{"taxonomy":"post_tag","embeddable":true,"href":"https:\/\/casadecampoliving.com\/es\/wp-json\/wp\/v2\/tags?post=350722"},{"taxonomy":"newspack_spnsrs_tax","embeddable":true,"href":"https:\/\/casadecampoliving.com\/es\/wp-json\/wp\/v2\/newspack_spnsrs_tax?post=350722"}],"curies":[{"name":"wp","href":"https:\/\/api.w.org\/{rel}","templated":true}]}}