{"id":350720,"date":"2016-10-28T00:00:00","date_gmt":"2016-10-28T04:00:00","guid":{"rendered":"https:\/\/casadecampoliving.com\/brunch-mimosas-y-musica-en-vivo-en-altos-de-chavon-fall-fest\/"},"modified":"2022-11-10T10:32:04","modified_gmt":"2022-11-10T14:32:04","slug":"brunch-mimosas-y-musica-en-vivo-en-altos-de-chavon-fall-fest","status":"publish","type":"post","link":"https:\/\/casadecampoliving.com\/es\/brunch-mimosas-y-musica-en-vivo-en-altos-de-chavon-fall-fest\/","title":{"rendered":"\u00a1Brunch, Mimosas y m\u00fasica en VIVO en el Altos de Chav\u00f3n Fall Fest este domingo!"},"content":{"rendered":"<p style=\"text-align: justify;\">Si bien hemos estado anunciando durante toda la semana todas las incre\u00edbles actividades que tendremos durante el\u00a0<a href=\"https:\/\/casadecampoliving.com\/es\/fallfest\/\">Altos de Chav\u00f3n Fall Fest<\/a> que sin duda har\u00e1n de este ultimo fin de semana de octubre sea el mejor del mes, \u00a1estamos aqu\u00ed para hacerlo aun\u00a0mejor! Los restaurantes de Chav\u00f3n se est\u00e1n uniendo para brindarle a todos los visitantes men\u00fas especiales de brunch\u00a0y mimosas toda la ma\u00f1ana y tarde.<\/p>\n<p style=\"text-align: justify;\"><!--more--><\/p>\n<p style=\"text-align: justify;\">Caf\u00e9 Marietta servir\u00e1 su delicioso men\u00fa de brunch\u00a0 de 10 am a 2 pm y har\u00e1 un happy hour de bebidas &#8211;\u00a02 por 1 &#8211; de 5pm &#8211; 9pm. Elija de Grey Goose, Dewars 12, Bombay Sapphire y Bacardi para finalizar el\u00a0fin de semana de buena manera. Luego, <a href=\"https:\/\/casadecampoliving.com\/es\/el-ultimo-fin-de-semana-de-octubre-comienza-hoy-en-genesis\/\">m\u00e1s tarde, nos podemos dirigir a G\u00e9nesis para Sunday\u00a0Funday!<\/a><\/p>\n<img data-recalc-dims=\"1\" loading=\"lazy\" decoding=\"async\" class=\"size-full wp-image-126298 aligncenter\" src=\"https:\/\/i0.wp.com\/casadecampoliving.com\/wp-content\/uploads\/2022\/10\/IMG_0420-e1477672535762-2.jpg?resize=1000%2C666&#038;ssl=1\" alt=\"Caf\u00e9 Marietta Altos de Chav\u00f3n\" width=\"1000\" height=\"666\" \/>\n<p style=\"text-align: justify;\">Nuevo en la ciudad y justo\u00a0afuera del lugar favorito de Chav\u00f3n para comida saludable Fresh Fresh Caf\u00e9, esta un nuevo concepto de bar de &#8211; La Eskina. \u00a1Haciendo su debut este domingo en el Fall Fest!! El lugar es ideal para tomar una cerveza o <em>koktel<\/em> para llevar, sentarse a charlar, o pedir algunas <em>pikaderas<\/em> con amigos. Adem\u00e1s, tendr\u00e1n una presentaci\u00f3n de\u00a0m\u00fasica reggae de 2:00pm-4:00pm \u00bfExiste acaso algo m\u00e1s\u00a0divertido que esto?<\/p>\n\n<blockquote class=\"instagram-media\" style=\"background: #FFF; border: 0; border-radius: 3px; box-shadow: 0 0 1px 0 rgba(0,0,0,0.5),0 1px 10px 0 rgba(0,0,0,0.15); margin: 1px; max-width: 658px; padding: 0; width: calc(100% - 2px);\" data-instgrm-captioned=\"\" data-instgrm-version=\"7\">\n<div style=\"padding: 8px;\">\n<div style=\"background: #F8F8F8; line-height: 0; margin-top: 40px; padding: 51.1111111111% 0; text-align: center; width: 100%;\"><\/div>\n<p style=\"margin: 8px 0 0 0; padding: 0 4px;\"><a style=\"color: #000; font-family: Arial,sans-serif; font-size: 14px; font-style: normal; font-weight: normal; line-height: 17px; text-decoration: none; word-wrap: break-word;\" href=\"https:\/\/www.instagram.com\/p\/BMFx3bkgbQd\/\" target=\"_blank\" rel=\"noopener\">? Aqu\u00ed se est\u00e1 cocinando algo muuuyyyy bueno \u00abLa EsKina\u00bb abre este Domingo en Altos de Chav\u00f3n con MUSIKA en vivo a partir de las 2PM ? @ameliapereyrab @salvarado99 #laeskinachavon #beerlover<\/a><\/p>\n<p style=\"color: #c9c8cd; font-family: Arial,sans-serif; font-size: 14px; line-height: 17px; margin-bottom: 0; margin-top: 8px; overflow: hidden; padding: 8px 0 7px; text-align: center; text-overflow: ellipsis; white-space: nowrap;\">A photo posted by Xioma Men\u00e9ndez (@xiomamd) on <time style=\"font-family: Arial,sans-serif; font-size: 14px; line-height: 17px;\" datetime=\"2016-10-28T02:44:55+00:00\">Oct 27, 2016 at 7:44pm PDT<\/time><\/p>\n\n<\/div><\/blockquote>\n<script async defer src=\"\/\/platform.instagram.com\/en_US\/embeds.js\"><\/script>\n<p style=\"text-align: justify;\">Ese mismo d\u00eda no deje de visitar\u00a0La Cantina, ya que tambi\u00e9n tendr\u00e1n su\u00a0propio men\u00fa especial de brunch y una selecci\u00f3n de bebidas, y La Piazzetta no se queda atr\u00e1s con\u00a0especiales de\u00a0vino y mimosas, as\u00ed como en aperitivos, s\u00e1ndwiches, platos principales, y una \u00abBarra de Anti-Brunch\u00bb (pre brunch) con un giro a su selecci\u00f3n habitual de <em>antipasto.<\/em>\u00a0\u00bfEst\u00e1n dispuestos a probarlo? \u00a1Pues su barra\u00a0antibrunch costar\u00e1 tan s\u00f3lo $10! Echa un vistazo a su men\u00fa especial (fotos abajo) y no deje de pasar ya que tendr\u00e1n\u00a0m\u00fasica de jazz en vivo de 4:00pm-6:00pm. <strong>Adem\u00e1s, todos los restaurantes tendr\u00e1n caramelos para los m\u00e1s peque\u00f1os &#8211; \u00a1hay algo para todos en la familia!<\/strong><\/p>\n<p style=\"text-align: justify;\">Si pensaba que no pod\u00eda ser mejor, \u00a1tenemos para decirles que a\u00fan hay m\u00e1s! <em>Casa de Campo Living<\/em>\u00a0tambi\u00e9n se ha asociado con estos restaurantes para realizar una\u00a0<strong>\u00abRifa Mimosa\u00bb.<\/strong>\u00a0Cuando visite cada uno de los\u00a04 establecimientos mencionados (Caf\u00e9 Marietta, Fresh Fresh\u00a0&#8211; La Eskina, La Cantina &amp; La Piazzetta) y ordene su Mimosa secreta t\u00f3mese una foto con ella, subala a instagram y \u00a0etiquetela con los hashtags #chavonfallfest y #rediscoverchavon y autom\u00e1ticamente entrar\u00e1s en un sorteo para ganar \u00a1$200 d\u00f3lares en\u00a0tratamientos de spa! Vaya, si celebrar el Fall Fest con un c\u00f3ctel en una tarde de domingo no es raz\u00f3n suficiente para tomarse un trago, \u00a1ESTO SEGURO QUE LO ES! \u00a1No deje de participar!<\/p>\n<p style=\"text-align: justify;\">\n<figure class=\"wp-block-gallery has-nested-images columns-default is-cropped wp-block-gallery-1 is-layout-flex wp-block-gallery-is-layout-flex\">\n<figure class=\"wp-block-image size-large\"><img data-recalc-dims=\"1\" loading=\"lazy\" decoding=\"async\" width=\"1554\" height=\"2560\" data-id=\"450691\" src=\"https:\/\/i0.wp.com\/casadecampoliving.com\/wp-content\/uploads\/2022\/10\/MENU-BRUNCH-PIAZZETTA-01-scaled.jpg?resize=1554%2C2560&#038;ssl=1\" alt=\"\" class=\"wp-image-450691\" srcset=\"https:\/\/i0.wp.com\/casadecampoliving.com\/wp-content\/uploads\/2022\/10\/MENU-BRUNCH-PIAZZETTA-01-scaled.jpg?w=1554&amp;ssl=1 1554w, https:\/\/i0.wp.com\/casadecampoliving.com\/wp-content\/uploads\/2022\/10\/MENU-BRUNCH-PIAZZETTA-01-scaled.jpg?resize=182%2C300&amp;ssl=1 182w, https:\/\/i0.wp.com\/casadecampoliving.com\/wp-content\/uploads\/2022\/10\/MENU-BRUNCH-PIAZZETTA-01-scaled.jpg?resize=622%2C1024&amp;ssl=1 622w, https:\/\/i0.wp.com\/casadecampoliving.com\/wp-content\/uploads\/2022\/10\/MENU-BRUNCH-PIAZZETTA-01-scaled.jpg?resize=768%2C1265&amp;ssl=1 768w, https:\/\/i0.wp.com\/casadecampoliving.com\/wp-content\/uploads\/2022\/10\/MENU-BRUNCH-PIAZZETTA-01-scaled.jpg?resize=933%2C1536&amp;ssl=1 933w, https:\/\/i0.wp.com\/casadecampoliving.com\/wp-content\/uploads\/2022\/10\/MENU-BRUNCH-PIAZZETTA-01-scaled.jpg?resize=1243%2C2048&amp;ssl=1 1243w, https:\/\/i0.wp.com\/casadecampoliving.com\/wp-content\/uploads\/2022\/10\/MENU-BRUNCH-PIAZZETTA-01-scaled.jpg?resize=1200%2C1976&amp;ssl=1 1200w, https:\/\/i0.wp.com\/casadecampoliving.com\/wp-content\/uploads\/2022\/10\/MENU-BRUNCH-PIAZZETTA-01-scaled.jpg?resize=1568%2C2582&amp;ssl=1 1568w, https:\/\/i0.wp.com\/casadecampoliving.com\/wp-content\/uploads\/2022\/10\/MENU-BRUNCH-PIAZZETTA-01-scaled.jpg?resize=400%2C659&amp;ssl=1 400w, https:\/\/i0.wp.com\/casadecampoliving.com\/wp-content\/uploads\/2022\/10\/MENU-BRUNCH-PIAZZETTA-01-scaled.jpg?resize=706%2C1163&amp;ssl=1 706w, https:\/\/i0.wp.com\/casadecampoliving.com\/wp-content\/uploads\/2022\/10\/MENU-BRUNCH-PIAZZETTA-01-scaled.jpg?resize=150%2C247&amp;ssl=1 150w, https:\/\/i0.wp.com\/casadecampoliving.com\/wp-content\/uploads\/2022\/10\/MENU-BRUNCH-PIAZZETTA-01-scaled.jpg?w=370&amp;ssl=1 370w\" sizes=\"auto, (max-width: 1000px) 100vw, 1000px\" \/><\/figure>\n\n\n\n<figure class=\"wp-block-image size-large\"><img data-recalc-dims=\"1\" loading=\"lazy\" decoding=\"async\" width=\"1978\" height=\"2560\" data-id=\"450721\" src=\"https:\/\/i0.wp.com\/casadecampoliving.com\/wp-content\/uploads\/2022\/10\/IMG_5149-scaled.jpg?resize=1978%2C2560&#038;ssl=1\" alt=\"\" class=\"wp-image-450721\" srcset=\"https:\/\/i0.wp.com\/casadecampoliving.com\/wp-content\/uploads\/2022\/10\/IMG_5149-scaled.jpg?w=1978&amp;ssl=1 1978w, https:\/\/i0.wp.com\/casadecampoliving.com\/wp-content\/uploads\/2022\/10\/IMG_5149-scaled.jpg?resize=232%2C300&amp;ssl=1 232w, https:\/\/i0.wp.com\/casadecampoliving.com\/wp-content\/uploads\/2022\/10\/IMG_5149-scaled.jpg?resize=791%2C1024&amp;ssl=1 791w, https:\/\/i0.wp.com\/casadecampoliving.com\/wp-content\/uploads\/2022\/10\/IMG_5149-scaled.jpg?resize=768%2C994&amp;ssl=1 768w, https:\/\/i0.wp.com\/casadecampoliving.com\/wp-content\/uploads\/2022\/10\/IMG_5149-scaled.jpg?resize=1187%2C1536&amp;ssl=1 1187w, https:\/\/i0.wp.com\/casadecampoliving.com\/wp-content\/uploads\/2022\/10\/IMG_5149-scaled.jpg?resize=1583%2C2048&amp;ssl=1 1583w, https:\/\/i0.wp.com\/casadecampoliving.com\/wp-content\/uploads\/2022\/10\/IMG_5149-scaled.jpg?resize=1200%2C1553&amp;ssl=1 1200w, https:\/\/i0.wp.com\/casadecampoliving.com\/wp-content\/uploads\/2022\/10\/IMG_5149-scaled.jpg?resize=1568%2C2029&amp;ssl=1 1568w, https:\/\/i0.wp.com\/casadecampoliving.com\/wp-content\/uploads\/2022\/10\/IMG_5149-scaled.jpg?resize=400%2C518&amp;ssl=1 400w, https:\/\/i0.wp.com\/casadecampoliving.com\/wp-content\/uploads\/2022\/10\/IMG_5149-scaled.jpg?resize=706%2C914&amp;ssl=1 706w, https:\/\/i0.wp.com\/casadecampoliving.com\/wp-content\/uploads\/2022\/10\/IMG_5149-scaled.jpg?resize=150%2C194&amp;ssl=1 150w, https:\/\/i0.wp.com\/casadecampoliving.com\/wp-content\/uploads\/2022\/10\/IMG_5149-scaled.jpg?w=370&amp;ssl=1 370w\" sizes=\"auto, (max-width: 1000px) 100vw, 1000px\" \/><\/figure>\n<\/figure>\n<\/p>\n\n<blockquote>\n<h4><a href=\"https:\/\/casadecampoliving.com\/es\/fallfest\/\">\u00a1Anunciando el Altos de Chav\u00f3n Fall Fest: Domingo 30 de Octubre!<\/a><\/h4>\n<a href=\"https:\/\/casadecampoliving.com\/es\/fallfest\/\"><img data-recalc-dims=\"1\" loading=\"lazy\" decoding=\"async\" class=\"aligncenter wp-image-126271 size-full\" src=\"https:\/\/i0.wp.com\/casadecampoliving.com\/wp-content\/uploads\/2022\/10\/FacebookPost-e1477593394839.jpg?resize=1000%2C750&#038;ssl=1\" width=\"1000\" height=\"750\" \/><\/a>\n<p style=\"text-align: justify;\">Si pensaba que el fin de semana de Due\u00f1os 2016 iba a ser divertido, contin\u00fae leyendo para averiguar c\u00f3mo <em>Casa de Campo Living<\/em> lo har\u00e1 a\u00fan m\u00e1s \u00a1EPICO! En asociaci\u00f3n con todas las tiendas y restaurantes de Altos de Chav\u00f3n, estamos organizando el\u00a0Altos de Chav\u00f3n Fall Fest \u2013\u00a0<em>Festival de Oto\u00f1o-<\/em>, una tarde con\u00a0brunch, mimosas, incre\u00edbles descuentos comerciales, un bazaar, \u00a1y un mont\u00f3n de actividades para los m\u00e1s peque\u00f1os! Marque su calendario porque el domingo, 30 de octubre es va a ser un d\u00eda para volver a descubrir Altos de Chav\u00f3n con su familia \u2026 Algo que seguramente no querr\u00e1\u00a0perderse. Seguir leyendo <a href=\"https:\/\/casadecampoliving.com\/es\/fallfest\/\">aqu\u00ed<\/a><\/p>\n<\/blockquote>","protected":false},"excerpt":{"rendered":"<p>Si bien hemos estado anunciando durante toda la semana todas las incre\u00edbles actividades que tendremos durante el\u00a0Altos de Chav\u00f3n Fall Fest que sin duda har\u00e1n de este ultimo fin de semana de octubre sea el mejor del mes, \u00a1estamos aqu\u00ed para hacerlo aun\u00a0mejor! Los restaurantes de Chav\u00f3n se est\u00e1n uniendo para brindarle a todos los [&hellip;]<\/p>\n","protected":false},"author":36682,"featured_media":328004,"comment_status":"closed","ping_status":"closed","sticky":false,"template":"","format":"standard","meta":{"newspack_ads_suppress_ads":false,"newspack_popups_has_disabled_popups":false,"newspack_sponsor_sponsorship_scope":"","newspack_sponsor_native_byline_display":"inherit","newspack_sponsor_native_category_display":"inherit","newspack_sponsor_underwriter_style":"inherit","newspack_sponsor_underwriter_placement":"inherit","_newspack_byline_active":false,"_newspack_byline":"","newspack_hide_updated_date":false,"newspack_show_updated_date":false,"newspack_content_restriction_is_exempt":false,"newspack_featured_image_position":"","newspack_post_subtitle":"","newspack_article_summary_title":"Overview:","newspack_article_summary":"","_jetpack_memberships_contains_paid_content":false,"footnotes":"","jetpack_publicize_message":"","jetpack_publicize_feature_enabled":true,"jetpack_social_post_already_shared":false,"jetpack_social_options":{"image_generator_settings":{"template":"highway","default_image_id":0,"font":"","enabled":false},"version":2},"_wpas_customize_per_network":false},"categories":[26819,2501,26936,26951,2521,2522,14629,14631,14625,14627],"tags":[15387,8587,11550,11715,2866,18929,19671,19725,3905,18837,9682,3089,3697,6775,8676,19724],"newspack_spnsrs_tax":[],"class_list":["post-350720","post","type-post","status-publish","format-standard","has-post-thumbnail","hentry","category-altos-de-chavon-es","category-vida-nocturna-es","category-casa-de-campo-living-es","category-ccl-presenta","category-republica-dominicana-2","category-eventos-es","category-comidas-bebidas","category-estilo-de-vida","category-noticias-locales","category-proximamente","tag-altos-de-chavon-es","tag-brunch-es","tag-cafe-marietta","tag-cafe-marietta-es","tag-concurso","tag-dining-es","tag-fall-fest-es","tag-familiar","tag-festival","tag-fresh-fresh-cafe-es-2","tag-instagram-es","tag-la-cantina","tag-la-cantina-es","tag-la-piazzetta-es","tag-ninos","tag-rifa","entry"],"yoast_head":"<!-- This site is optimized with the Yoast SEO plugin v27.4 - https:\/\/yoast.com\/product\/yoast-seo-wordpress\/ -->\n<title>\u00a1Brunch, Mimosas y m\u00fasica en VIVO en el Altos de Chav\u00f3n Fall Fest este domingo! | Casa de Campo Living<\/title>\n<meta name=\"description\" content=\"Si bien hemos estado anunciando durante toda la semana todas las incre\u00edbles actividades que tendremos durante el\u00a0Altos de Chav\u00f3n Fall Fest que sin duda\" \/>\n<meta name=\"robots\" content=\"index, follow, max-snippet:-1, max-image-preview:large, max-video-preview:-1\" \/>\n<link rel=\"canonical\" href=\"https:\/\/casadecampoliving.com\/es\/brunch-mimosas-y-musica-en-vivo-en-altos-de-chavon-fall-fest\/\" \/>\n<meta property=\"og:locale\" content=\"es_ES\" \/>\n<meta property=\"og:type\" content=\"article\" \/>\n<meta property=\"og:title\" content=\"\u00a1Brunch, Mimosas y m\u00fasica en VIVO en el Altos de Chav\u00f3n Fall Fest este domingo! | Casa de Campo Living\" \/>\n<meta property=\"og:description\" content=\"Si bien hemos estado anunciando durante toda la semana todas las incre\u00edbles actividades que tendremos durante el\u00a0Altos de Chav\u00f3n Fall Fest que sin duda\" \/>\n<meta property=\"og:url\" content=\"https:\/\/casadecampoliving.com\/es\/brunch-mimosas-y-musica-en-vivo-en-altos-de-chavon-fall-fest\/\" \/>\n<meta property=\"og:site_name\" content=\"Casa de Campo Living\" \/>\n<meta property=\"article:publisher\" content=\"https:\/\/www.facebook.com\/casadecampoliving\" \/>\n<meta property=\"article:published_time\" content=\"2016-10-28T04:00:00+00:00\" \/>\n<meta property=\"article:modified_time\" content=\"2022-11-10T14:32:04+00:00\" \/>\n<meta property=\"og:image\" content=\"https:\/\/i0.wp.com\/casadecampoliving.com\/wp-content\/uploads\/2022\/10\/La_Piazzetta_Chavon-e1477672304601-2.jpg?fit=1000%2C666&ssl=1\" \/>\n\t<meta property=\"og:image:width\" content=\"1000\" \/>\n\t<meta property=\"og:image:height\" content=\"666\" \/>\n\t<meta property=\"og:image:type\" content=\"image\/jpeg\" \/>\n<meta name=\"author\" content=\"Marlenys Guzm\u00e1n Casta\u00f1os\" \/>\n<meta name=\"twitter:card\" content=\"summary_large_image\" \/>\n<meta name=\"twitter:creator\" content=\"@cdcliving\" \/>\n<meta name=\"twitter:site\" content=\"@cdcliving\" \/>\n<meta name=\"twitter:label1\" content=\"Escrito por\" \/>\n\t<meta name=\"twitter:data1\" content=\"Marlenys Guzm\u00e1n Casta\u00f1os\" \/>\n\t<meta name=\"twitter:label2\" content=\"Tiempo de lectura\" \/>\n\t<meta name=\"twitter:data2\" content=\"3 minutos\" \/>\n<script type=\"application\/ld+json\" class=\"yoast-schema-graph\">{\"@context\":\"https:\\\/\\\/schema.org\",\"@graph\":[{\"@type\":\"Article\",\"@id\":\"https:\\\/\\\/casadecampoliving.com\\\/es\\\/brunch-mimosas-y-musica-en-vivo-en-altos-de-chavon-fall-fest\\\/#article\",\"isPartOf\":{\"@id\":\"https:\\\/\\\/casadecampoliving.com\\\/es\\\/brunch-mimosas-y-musica-en-vivo-en-altos-de-chavon-fall-fest\\\/\"},\"author\":{\"name\":\"Marlenys Guzm\u00e1n Casta\u00f1os\",\"@id\":\"https:\\\/\\\/casadecampoliving.com\\\/es\\\/#\\\/schema\\\/person\\\/b6606bd87f9cec8f5903e2141cafda24\"},\"headline\":\"\u00a1Brunch, Mimosas y m\u00fasica en VIVO en el Altos de Chav\u00f3n Fall Fest este domingo!\",\"datePublished\":\"2016-10-28T04:00:00+00:00\",\"dateModified\":\"2022-11-10T14:32:04+00:00\",\"mainEntityOfPage\":{\"@id\":\"https:\\\/\\\/casadecampoliving.com\\\/es\\\/brunch-mimosas-y-musica-en-vivo-en-altos-de-chavon-fall-fest\\\/\"},\"wordCount\":656,\"publisher\":{\"@id\":\"https:\\\/\\\/casadecampoliving.com\\\/es\\\/#organization\"},\"image\":{\"@id\":\"https:\\\/\\\/casadecampoliving.com\\\/es\\\/brunch-mimosas-y-musica-en-vivo-en-altos-de-chavon-fall-fest\\\/#primaryimage\"},\"thumbnailUrl\":\"https:\\\/\\\/i0.wp.com\\\/casadecampoliving.com\\\/wp-content\\\/uploads\\\/2022\\\/10\\\/La_Piazzetta_Chavon-e1477672304601-2.jpg?fit=1000%2C666&ssl=1\",\"keywords\":[\"Altos de Chavon\",\"Brunch @es\",\"Caf\u00e9 Marietta\",\"Caf\u00e9 Marietta @es\",\"concurso\",\"Dining\",\"Fall Fest @es\",\"familiar\",\"festival\",\"Fresh Fresh Caf\u00e9\",\"instagram es\",\"la cantina\",\"La Cantina @es\",\"la piazzetta @es\",\"ni\u00f1os\",\"rifa\"],\"articleSection\":[\"Altos de Chavon @es\",\"Vida Nocturna\",\"Casa de Campo Living @es\",\"CCL presenta\",\"Rep\u00fablica Dominicana @es\",\"Eventos\",\"Comidas &amp; Bebidas\",\"Estilo de Vida\",\"Noticias Locales\",\"Proximamente\"],\"inLanguage\":\"es\"},{\"@type\":\"WebPage\",\"@id\":\"https:\\\/\\\/casadecampoliving.com\\\/es\\\/brunch-mimosas-y-musica-en-vivo-en-altos-de-chavon-fall-fest\\\/\",\"url\":\"https:\\\/\\\/casadecampoliving.com\\\/es\\\/brunch-mimosas-y-musica-en-vivo-en-altos-de-chavon-fall-fest\\\/\",\"name\":\"\u00a1Brunch, Mimosas y m\u00fasica en VIVO en el Altos de Chav\u00f3n Fall Fest este domingo! | Casa de Campo Living\",\"isPartOf\":{\"@id\":\"https:\\\/\\\/casadecampoliving.com\\\/es\\\/#website\"},\"primaryImageOfPage\":{\"@id\":\"https:\\\/\\\/casadecampoliving.com\\\/es\\\/brunch-mimosas-y-musica-en-vivo-en-altos-de-chavon-fall-fest\\\/#primaryimage\"},\"image\":{\"@id\":\"https:\\\/\\\/casadecampoliving.com\\\/es\\\/brunch-mimosas-y-musica-en-vivo-en-altos-de-chavon-fall-fest\\\/#primaryimage\"},\"thumbnailUrl\":\"https:\\\/\\\/i0.wp.com\\\/casadecampoliving.com\\\/wp-content\\\/uploads\\\/2022\\\/10\\\/La_Piazzetta_Chavon-e1477672304601-2.jpg?fit=1000%2C666&ssl=1\",\"datePublished\":\"2016-10-28T04:00:00+00:00\",\"dateModified\":\"2022-11-10T14:32:04+00:00\",\"description\":\"Si bien hemos estado anunciando durante toda la semana todas las incre\u00edbles actividades que tendremos durante el\u00a0Altos de Chav\u00f3n Fall Fest que sin duda\",\"breadcrumb\":{\"@id\":\"https:\\\/\\\/casadecampoliving.com\\\/es\\\/brunch-mimosas-y-musica-en-vivo-en-altos-de-chavon-fall-fest\\\/#breadcrumb\"},\"inLanguage\":\"es\",\"potentialAction\":[{\"@type\":\"ReadAction\",\"target\":[\"https:\\\/\\\/casadecampoliving.com\\\/es\\\/brunch-mimosas-y-musica-en-vivo-en-altos-de-chavon-fall-fest\\\/\"]}]},{\"@type\":\"ImageObject\",\"inLanguage\":\"es\",\"@id\":\"https:\\\/\\\/casadecampoliving.com\\\/es\\\/brunch-mimosas-y-musica-en-vivo-en-altos-de-chavon-fall-fest\\\/#primaryimage\",\"url\":\"https:\\\/\\\/i0.wp.com\\\/casadecampoliving.com\\\/wp-content\\\/uploads\\\/2022\\\/10\\\/La_Piazzetta_Chavon-e1477672304601-2.jpg?fit=1000%2C666&ssl=1\",\"contentUrl\":\"https:\\\/\\\/i0.wp.com\\\/casadecampoliving.com\\\/wp-content\\\/uploads\\\/2022\\\/10\\\/La_Piazzetta_Chavon-e1477672304601-2.jpg?fit=1000%2C666&ssl=1\",\"width\":1000,\"height\":666,\"caption\":\"La Piazzetta Altos de Chav\u00f3n\"},{\"@type\":\"BreadcrumbList\",\"@id\":\"https:\\\/\\\/casadecampoliving.com\\\/es\\\/brunch-mimosas-y-musica-en-vivo-en-altos-de-chavon-fall-fest\\\/#breadcrumb\",\"itemListElement\":[{\"@type\":\"ListItem\",\"position\":1,\"name\":\"Home\",\"item\":\"https:\\\/\\\/casadecampoliving.com\\\/es\\\/\"},{\"@type\":\"ListItem\",\"position\":2,\"name\":\"\u00a1Brunch, Mimosas y m\u00fasica en VIVO en el Altos de Chav\u00f3n Fall Fest este domingo!\"}]},{\"@type\":\"WebSite\",\"@id\":\"https:\\\/\\\/casadecampoliving.com\\\/es\\\/#website\",\"url\":\"https:\\\/\\\/casadecampoliving.com\\\/es\\\/\",\"name\":\"Casa de Campo Living\",\"description\":\"Resort community news and resources.\",\"publisher\":{\"@id\":\"https:\\\/\\\/casadecampoliving.com\\\/es\\\/#organization\"},\"potentialAction\":[{\"@type\":\"SearchAction\",\"target\":{\"@type\":\"EntryPoint\",\"urlTemplate\":\"https:\\\/\\\/casadecampoliving.com\\\/es\\\/?s={search_term_string}\"},\"query-input\":{\"@type\":\"PropertyValueSpecification\",\"valueRequired\":true,\"valueName\":\"search_term_string\"}}],\"inLanguage\":\"es\"},{\"@type\":\"Organization\",\"@id\":\"https:\\\/\\\/casadecampoliving.com\\\/es\\\/#organization\",\"name\":\"Casa de Campo Living\",\"url\":\"https:\\\/\\\/casadecampoliving.com\\\/es\\\/\",\"logo\":{\"@type\":\"ImageObject\",\"inLanguage\":\"es\",\"@id\":\"https:\\\/\\\/casadecampoliving.com\\\/es\\\/#\\\/schema\\\/logo\\\/image\\\/\",\"url\":\"https:\\\/\\\/i0.wp.com\\\/casadecampoliving.com\\\/wp-content\\\/uploads\\\/2022\\\/07\\\/CDCLivingLogo_V1-white-sized.png?fit=800%2C214&ssl=1\",\"contentUrl\":\"https:\\\/\\\/i0.wp.com\\\/casadecampoliving.com\\\/wp-content\\\/uploads\\\/2022\\\/07\\\/CDCLivingLogo_V1-white-sized.png?fit=800%2C214&ssl=1\",\"width\":800,\"height\":214,\"caption\":\"Casa de Campo Living\"},\"image\":{\"@id\":\"https:\\\/\\\/casadecampoliving.com\\\/es\\\/#\\\/schema\\\/logo\\\/image\\\/\"},\"sameAs\":[\"https:\\\/\\\/www.facebook.com\\\/casadecampoliving\",\"https:\\\/\\\/x.com\\\/cdcliving\"]},{\"@type\":\"Person\",\"@id\":\"https:\\\/\\\/casadecampoliving.com\\\/es\\\/#\\\/schema\\\/person\\\/b6606bd87f9cec8f5903e2141cafda24\",\"name\":\"Marlenys Guzm\u00e1n Casta\u00f1os\",\"image\":{\"@type\":\"ImageObject\",\"inLanguage\":\"es\",\"@id\":\"https:\\\/\\\/secure.gravatar.com\\\/avatar\\\/72f3f86b8e6b3ec744201aeadf11d4a6055e8af194aecd9ad30ffff4437878ee?s=96&d=mm&r=g\",\"url\":\"https:\\\/\\\/secure.gravatar.com\\\/avatar\\\/72f3f86b8e6b3ec744201aeadf11d4a6055e8af194aecd9ad30ffff4437878ee?s=96&d=mm&r=g\",\"contentUrl\":\"https:\\\/\\\/secure.gravatar.com\\\/avatar\\\/72f3f86b8e6b3ec744201aeadf11d4a6055e8af194aecd9ad30ffff4437878ee?s=96&d=mm&r=g\",\"caption\":\"Marlenys Guzm\u00e1n Casta\u00f1os\"},\"url\":\"https:\\\/\\\/casadecampoliving.com\\\/es\\\/author\\\/mguzman\\\/\"}]}<\/script>\n<!-- \/ Yoast SEO plugin. -->","yoast_head_json":{"title":"\u00a1Brunch, Mimosas y m\u00fasica en VIVO en el Altos de Chav\u00f3n Fall Fest este domingo! | Casa de Campo Living","description":"Si bien hemos estado anunciando durante toda la semana todas las incre\u00edbles actividades que tendremos durante el\u00a0Altos de Chav\u00f3n Fall Fest que sin duda","robots":{"index":"index","follow":"follow","max-snippet":"max-snippet:-1","max-image-preview":"max-image-preview:large","max-video-preview":"max-video-preview:-1"},"canonical":"https:\/\/casadecampoliving.com\/es\/brunch-mimosas-y-musica-en-vivo-en-altos-de-chavon-fall-fest\/","og_locale":"es_ES","og_type":"article","og_title":"\u00a1Brunch, Mimosas y m\u00fasica en VIVO en el Altos de Chav\u00f3n Fall Fest este domingo! | Casa de Campo Living","og_description":"Si bien hemos estado anunciando durante toda la semana todas las incre\u00edbles actividades que tendremos durante el\u00a0Altos de Chav\u00f3n Fall Fest que sin duda","og_url":"https:\/\/casadecampoliving.com\/es\/brunch-mimosas-y-musica-en-vivo-en-altos-de-chavon-fall-fest\/","og_site_name":"Casa de Campo Living","article_publisher":"https:\/\/www.facebook.com\/casadecampoliving","article_published_time":"2016-10-28T04:00:00+00:00","article_modified_time":"2022-11-10T14:32:04+00:00","og_image":[{"width":1000,"height":666,"url":"https:\/\/i0.wp.com\/casadecampoliving.com\/wp-content\/uploads\/2022\/10\/La_Piazzetta_Chavon-e1477672304601-2.jpg?fit=1000%2C666&ssl=1","type":"image\/jpeg"}],"author":"Marlenys Guzm\u00e1n Casta\u00f1os","twitter_card":"summary_large_image","twitter_creator":"@cdcliving","twitter_site":"@cdcliving","twitter_misc":{"Escrito por":"Marlenys Guzm\u00e1n Casta\u00f1os","Tiempo de lectura":"3 minutos"},"schema":{"@context":"https:\/\/schema.org","@graph":[{"@type":"Article","@id":"https:\/\/casadecampoliving.com\/es\/brunch-mimosas-y-musica-en-vivo-en-altos-de-chavon-fall-fest\/#article","isPartOf":{"@id":"https:\/\/casadecampoliving.com\/es\/brunch-mimosas-y-musica-en-vivo-en-altos-de-chavon-fall-fest\/"},"author":{"name":"Marlenys Guzm\u00e1n Casta\u00f1os","@id":"https:\/\/casadecampoliving.com\/es\/#\/schema\/person\/b6606bd87f9cec8f5903e2141cafda24"},"headline":"\u00a1Brunch, Mimosas y m\u00fasica en VIVO en el Altos de Chav\u00f3n Fall Fest este domingo!","datePublished":"2016-10-28T04:00:00+00:00","dateModified":"2022-11-10T14:32:04+00:00","mainEntityOfPage":{"@id":"https:\/\/casadecampoliving.com\/es\/brunch-mimosas-y-musica-en-vivo-en-altos-de-chavon-fall-fest\/"},"wordCount":656,"publisher":{"@id":"https:\/\/casadecampoliving.com\/es\/#organization"},"image":{"@id":"https:\/\/casadecampoliving.com\/es\/brunch-mimosas-y-musica-en-vivo-en-altos-de-chavon-fall-fest\/#primaryimage"},"thumbnailUrl":"https:\/\/i0.wp.com\/casadecampoliving.com\/wp-content\/uploads\/2022\/10\/La_Piazzetta_Chavon-e1477672304601-2.jpg?fit=1000%2C666&ssl=1","keywords":["Altos de Chavon","Brunch @es","Caf\u00e9 Marietta","Caf\u00e9 Marietta @es","concurso","Dining","Fall Fest @es","familiar","festival","Fresh Fresh Caf\u00e9","instagram es","la cantina","La Cantina @es","la piazzetta @es","ni\u00f1os","rifa"],"articleSection":["Altos de Chavon @es","Vida Nocturna","Casa de Campo Living @es","CCL presenta","Rep\u00fablica Dominicana @es","Eventos","Comidas &amp; Bebidas","Estilo de Vida","Noticias Locales","Proximamente"],"inLanguage":"es"},{"@type":"WebPage","@id":"https:\/\/casadecampoliving.com\/es\/brunch-mimosas-y-musica-en-vivo-en-altos-de-chavon-fall-fest\/","url":"https:\/\/casadecampoliving.com\/es\/brunch-mimosas-y-musica-en-vivo-en-altos-de-chavon-fall-fest\/","name":"\u00a1Brunch, Mimosas y m\u00fasica en VIVO en el Altos de Chav\u00f3n Fall Fest este domingo! | Casa de Campo Living","isPartOf":{"@id":"https:\/\/casadecampoliving.com\/es\/#website"},"primaryImageOfPage":{"@id":"https:\/\/casadecampoliving.com\/es\/brunch-mimosas-y-musica-en-vivo-en-altos-de-chavon-fall-fest\/#primaryimage"},"image":{"@id":"https:\/\/casadecampoliving.com\/es\/brunch-mimosas-y-musica-en-vivo-en-altos-de-chavon-fall-fest\/#primaryimage"},"thumbnailUrl":"https:\/\/i0.wp.com\/casadecampoliving.com\/wp-content\/uploads\/2022\/10\/La_Piazzetta_Chavon-e1477672304601-2.jpg?fit=1000%2C666&ssl=1","datePublished":"2016-10-28T04:00:00+00:00","dateModified":"2022-11-10T14:32:04+00:00","description":"Si bien hemos estado anunciando durante toda la semana todas las incre\u00edbles actividades que tendremos durante el\u00a0Altos de Chav\u00f3n Fall Fest que sin duda","breadcrumb":{"@id":"https:\/\/casadecampoliving.com\/es\/brunch-mimosas-y-musica-en-vivo-en-altos-de-chavon-fall-fest\/#breadcrumb"},"inLanguage":"es","potentialAction":[{"@type":"ReadAction","target":["https:\/\/casadecampoliving.com\/es\/brunch-mimosas-y-musica-en-vivo-en-altos-de-chavon-fall-fest\/"]}]},{"@type":"ImageObject","inLanguage":"es","@id":"https:\/\/casadecampoliving.com\/es\/brunch-mimosas-y-musica-en-vivo-en-altos-de-chavon-fall-fest\/#primaryimage","url":"https:\/\/i0.wp.com\/casadecampoliving.com\/wp-content\/uploads\/2022\/10\/La_Piazzetta_Chavon-e1477672304601-2.jpg?fit=1000%2C666&ssl=1","contentUrl":"https:\/\/i0.wp.com\/casadecampoliving.com\/wp-content\/uploads\/2022\/10\/La_Piazzetta_Chavon-e1477672304601-2.jpg?fit=1000%2C666&ssl=1","width":1000,"height":666,"caption":"La Piazzetta Altos de Chav\u00f3n"},{"@type":"BreadcrumbList","@id":"https:\/\/casadecampoliving.com\/es\/brunch-mimosas-y-musica-en-vivo-en-altos-de-chavon-fall-fest\/#breadcrumb","itemListElement":[{"@type":"ListItem","position":1,"name":"Home","item":"https:\/\/casadecampoliving.com\/es\/"},{"@type":"ListItem","position":2,"name":"\u00a1Brunch, Mimosas y m\u00fasica en VIVO en el Altos de Chav\u00f3n Fall Fest este domingo!"}]},{"@type":"WebSite","@id":"https:\/\/casadecampoliving.com\/es\/#website","url":"https:\/\/casadecampoliving.com\/es\/","name":"Casa de Campo Living","description":"Resort community news and resources.","publisher":{"@id":"https:\/\/casadecampoliving.com\/es\/#organization"},"potentialAction":[{"@type":"SearchAction","target":{"@type":"EntryPoint","urlTemplate":"https:\/\/casadecampoliving.com\/es\/?s={search_term_string}"},"query-input":{"@type":"PropertyValueSpecification","valueRequired":true,"valueName":"search_term_string"}}],"inLanguage":"es"},{"@type":"Organization","@id":"https:\/\/casadecampoliving.com\/es\/#organization","name":"Casa de Campo Living","url":"https:\/\/casadecampoliving.com\/es\/","logo":{"@type":"ImageObject","inLanguage":"es","@id":"https:\/\/casadecampoliving.com\/es\/#\/schema\/logo\/image\/","url":"https:\/\/i0.wp.com\/casadecampoliving.com\/wp-content\/uploads\/2022\/07\/CDCLivingLogo_V1-white-sized.png?fit=800%2C214&ssl=1","contentUrl":"https:\/\/i0.wp.com\/casadecampoliving.com\/wp-content\/uploads\/2022\/07\/CDCLivingLogo_V1-white-sized.png?fit=800%2C214&ssl=1","width":800,"height":214,"caption":"Casa de Campo Living"},"image":{"@id":"https:\/\/casadecampoliving.com\/es\/#\/schema\/logo\/image\/"},"sameAs":["https:\/\/www.facebook.com\/casadecampoliving","https:\/\/x.com\/cdcliving"]},{"@type":"Person","@id":"https:\/\/casadecampoliving.com\/es\/#\/schema\/person\/b6606bd87f9cec8f5903e2141cafda24","name":"Marlenys Guzm\u00e1n Casta\u00f1os","image":{"@type":"ImageObject","inLanguage":"es","@id":"https:\/\/secure.gravatar.com\/avatar\/72f3f86b8e6b3ec744201aeadf11d4a6055e8af194aecd9ad30ffff4437878ee?s=96&d=mm&r=g","url":"https:\/\/secure.gravatar.com\/avatar\/72f3f86b8e6b3ec744201aeadf11d4a6055e8af194aecd9ad30ffff4437878ee?s=96&d=mm&r=g","contentUrl":"https:\/\/secure.gravatar.com\/avatar\/72f3f86b8e6b3ec744201aeadf11d4a6055e8af194aecd9ad30ffff4437878ee?s=96&d=mm&r=g","caption":"Marlenys Guzm\u00e1n Casta\u00f1os"},"url":"https:\/\/casadecampoliving.com\/es\/author\/mguzman\/"}]}},"parsely":{"version":"1.1.0","canonical_url":"https:\/\/casadecampoliving.com\/es\/brunch-mimosas-y-musica-en-vivo-en-altos-de-chavon-fall-fest\/","smart_links":{"inbound":0,"outbound":0},"traffic_boost_suggestions_count":0,"meta":{"@context":"https:\/\/schema.org","@type":"NewsArticle","headline":"\u00a1Brunch, Mimosas y m\u00fasica en VIVO en el Altos de Chav\u00f3n Fall Fest este domingo!","url":"http:\/\/casadecampoliving.com\/es\/brunch-mimosas-y-musica-en-vivo-en-altos-de-chavon-fall-fest\/","mainEntityOfPage":{"@type":"WebPage","@id":"http:\/\/casadecampoliving.com\/es\/brunch-mimosas-y-musica-en-vivo-en-altos-de-chavon-fall-fest\/"},"thumbnailUrl":"https:\/\/i0.wp.com\/casadecampoliving.com\/wp-content\/uploads\/2022\/10\/La_Piazzetta_Chavon-e1477672304601-2.jpg?resize=150%2C150&ssl=1","image":{"@type":"ImageObject","url":"https:\/\/i0.wp.com\/casadecampoliving.com\/wp-content\/uploads\/2022\/10\/La_Piazzetta_Chavon-e1477672304601-2.jpg?fit=1000%2C666&ssl=1"},"articleSection":"Altos de Chavon @es","author":[{"@type":"Person","name":"Marlenys Guzm\u00e1n Casta\u00f1os"}],"creator":["Marlenys Guzm\u00e1n Casta\u00f1os"],"publisher":{"@type":"Organization","name":"Casa de Campo Living","logo":"https:\/\/casadecampoliving.com\/wp-content\/uploads\/2022\/07\/CDCLivingLogo_V1-white-sized.png"},"keywords":["altos de chavon","brunch @es","caf\u00e9 marietta","caf\u00e9 marietta @es","concurso","dining","fall fest @es","familiar","festival","fresh fresh caf\u00e9","instagram es","la cantina","la cantina @es","la piazzetta @es","ni\u00f1os","rifa"],"dateCreated":"2016-10-28T04:00:00Z","datePublished":"2016-10-28T04:00:00Z","dateModified":"2022-11-10T14:32:04Z"},"rendered":"<script type=\"application\/ld+json\" class=\"wp-parsely-metadata\">{\"@context\":\"https:\\\/\\\/schema.org\",\"@type\":\"NewsArticle\",\"headline\":\"\\u00a1Brunch, Mimosas y m\\u00fasica en VIVO en el Altos de Chav\\u00f3n Fall Fest este domingo!\",\"url\":\"http:\\\/\\\/casadecampoliving.com\\\/es\\\/brunch-mimosas-y-musica-en-vivo-en-altos-de-chavon-fall-fest\\\/\",\"mainEntityOfPage\":{\"@type\":\"WebPage\",\"@id\":\"http:\\\/\\\/casadecampoliving.com\\\/es\\\/brunch-mimosas-y-musica-en-vivo-en-altos-de-chavon-fall-fest\\\/\"},\"thumbnailUrl\":\"https:\\\/\\\/i0.wp.com\\\/casadecampoliving.com\\\/wp-content\\\/uploads\\\/2022\\\/10\\\/La_Piazzetta_Chavon-e1477672304601-2.jpg?resize=150%2C150&ssl=1\",\"image\":{\"@type\":\"ImageObject\",\"url\":\"https:\\\/\\\/i0.wp.com\\\/casadecampoliving.com\\\/wp-content\\\/uploads\\\/2022\\\/10\\\/La_Piazzetta_Chavon-e1477672304601-2.jpg?fit=1000%2C666&ssl=1\"},\"articleSection\":\"Altos de Chavon @es\",\"author\":[{\"@type\":\"Person\",\"name\":\"Marlenys Guzm\\u00e1n Casta\\u00f1os\"}],\"creator\":[\"Marlenys Guzm\\u00e1n Casta\\u00f1os\"],\"publisher\":{\"@type\":\"Organization\",\"name\":\"Casa de Campo Living\",\"logo\":\"https:\\\/\\\/casadecampoliving.com\\\/wp-content\\\/uploads\\\/2022\\\/07\\\/CDCLivingLogo_V1-white-sized.png\"},\"keywords\":[\"altos de chavon\",\"brunch @es\",\"caf\\u00e9 marietta\",\"caf\\u00e9 marietta @es\",\"concurso\",\"dining\",\"fall fest @es\",\"familiar\",\"festival\",\"fresh fresh caf\\u00e9\",\"instagram es\",\"la cantina\",\"la cantina @es\",\"la piazzetta @es\",\"ni\\u00f1os\",\"rifa\"],\"dateCreated\":\"2016-10-28T04:00:00Z\",\"datePublished\":\"2016-10-28T04:00:00Z\",\"dateModified\":\"2022-11-10T14:32:04Z\"}<\/script>","tracker_url":"https:\/\/cdn.parsely.com\/keys\/casadecampoliving.com\/p.js"},"jetpack_publicize_connections":[],"jetpack_featured_media_url":"https:\/\/i0.wp.com\/casadecampoliving.com\/wp-content\/uploads\/2022\/10\/La_Piazzetta_Chavon-e1477672304601-2.jpg?fit=1000%2C666&ssl=1","jetpack-related-posts":[{"id":328000,"url":"https:\/\/casadecampoliving.com\/brunch-mimosas-live-music-chavon-fall-fest\/","url_meta":{"origin":350720,"position":0},"title":"Announcing Brunch &#038; Mimosas and LIVE music at Fall Fest this Sunday!","author":"Heather Lincoln","date":"28 Oct, 2016","format":false,"excerpt":"While we've been announcing all week the ways in which Altos de Chav\u00f3n Fall Fest is going to send the last weekend of October out with a bang, we're here to sweeten the pot! The restaurants in Chav\u00f3n are all coming together to bring passerbys special brunch menus and mimosas\u2026","rel":"","context":"En \u00abAltos de Chavon\u00bb","block_context":{"text":"Altos de Chavon","link":"https:\/\/casadecampoliving.com\/category\/altos-de-chavon\/"},"img":{"alt_text":"La Piazzetta Altos de Chav\u00f3n","src":"https:\/\/i0.wp.com\/casadecampoliving.com\/wp-content\/uploads\/2022\/10\/La_Piazzetta_Chavon-e1477672304601-2.jpg?fit=1000%2C666&ssl=1&resize=350%2C200","width":350,"height":200,"srcset":"https:\/\/i0.wp.com\/casadecampoliving.com\/wp-content\/uploads\/2022\/10\/La_Piazzetta_Chavon-e1477672304601-2.jpg?fit=1000%2C666&ssl=1&resize=350%2C200 1x, https:\/\/i0.wp.com\/casadecampoliving.com\/wp-content\/uploads\/2022\/10\/La_Piazzetta_Chavon-e1477672304601-2.jpg?fit=1000%2C666&ssl=1&resize=525%2C300 1.5x, https:\/\/i0.wp.com\/casadecampoliving.com\/wp-content\/uploads\/2022\/10\/La_Piazzetta_Chavon-e1477672304601-2.jpg?fit=1000%2C666&ssl=1&resize=700%2C400 2x"},"classes":[]},{"id":350722,"url":"https:\/\/casadecampoliving.com\/es\/fall-fest-ya-esta-aqui-sucediendo-ahora-en-altos-de-chavon\/","url_meta":{"origin":350720,"position":1},"title":"\u00a1FALL FEST YA ESTA AQU\u00cd! \u00a1Sucediendo AHORA en Altos de Chav\u00f3n!","author":"Marlenys Guzm\u00e1n Casta\u00f1os","date":"30 Oct, 2016","format":false,"excerpt":"\u00bfEsta usted tan emocionado como nosotros?! \u00a1El Altos de Chav\u00f3n Fall Fest es HOY! Casa de Campo Living se ha asociado con todas las tiendas y restaurantes de Chav\u00f3n, y hemos trabajado arduamente para\u00a0montar el evento de hoy. El Fall Fest\u00a0es un d\u00eda familiar\u00a0para brunch, incre\u00edbles descuentos en los establecimientos\u2026","rel":"","context":"En \u00abAltos de Chavon @es\u00bb","block_context":{"text":"Altos de Chavon @es","link":"https:\/\/casadecampoliving.com\/category\/altos-de-chavon-es\/"},"img":{"alt_text":"Altos de Chavon Fall Fest","src":"https:\/\/i0.wp.com\/casadecampoliving.com\/wp-content\/uploads\/2022\/10\/IMG_2973-e1477758174242-1.jpg?fit=1000%2C750&ssl=1&resize=350%2C200","width":350,"height":200,"srcset":"https:\/\/i0.wp.com\/casadecampoliving.com\/wp-content\/uploads\/2022\/10\/IMG_2973-e1477758174242-1.jpg?fit=1000%2C750&ssl=1&resize=350%2C200 1x, https:\/\/i0.wp.com\/casadecampoliving.com\/wp-content\/uploads\/2022\/10\/IMG_2973-e1477758174242-1.jpg?fit=1000%2C750&ssl=1&resize=525%2C300 1.5x, https:\/\/i0.wp.com\/casadecampoliving.com\/wp-content\/uploads\/2022\/10\/IMG_2973-e1477758174242-1.jpg?fit=1000%2C750&ssl=1&resize=700%2C400 2x"},"classes":[]},{"id":328014,"url":"https:\/\/casadecampoliving.com\/fall-fest-arrived-today-altosdechavon\/","url_meta":{"origin":350720,"position":2},"title":"FALL FEST HAS ARRIVED! Going on TODAY in Altos de Chav\u00f3n!","author":"Marlenys Guzm\u00e1n Casta\u00f1os","date":"30 Oct, 2016","format":false,"excerpt":"Are you as excited as we are?! The Altos de Chav\u00f3n Fall Fest is TODAY! Casa de Campo Living has\u00a0partnered with ALL of the Chav\u00f3n stores and restaurants, and we have worked hard\u00a0putting together today\u2019s event. \u00a0Fall Fest is a family day for brunching, incredible shopping discounts, a pop-up market,\u2026","rel":"","context":"En \u00abAltos de Chavon\u00bb","block_context":{"text":"Altos de Chavon","link":"https:\/\/casadecampoliving.com\/category\/altos-de-chavon\/"},"img":{"alt_text":"Altos de Chavon Fall Fest","src":"https:\/\/i0.wp.com\/casadecampoliving.com\/wp-content\/uploads\/2022\/10\/IMG_2973-e1477758174242-1.jpg?fit=1000%2C750&ssl=1&resize=350%2C200","width":350,"height":200,"srcset":"https:\/\/i0.wp.com\/casadecampoliving.com\/wp-content\/uploads\/2022\/10\/IMG_2973-e1477758174242-1.jpg?fit=1000%2C750&ssl=1&resize=350%2C200 1x, https:\/\/i0.wp.com\/casadecampoliving.com\/wp-content\/uploads\/2022\/10\/IMG_2973-e1477758174242-1.jpg?fit=1000%2C750&ssl=1&resize=525%2C300 1.5x, https:\/\/i0.wp.com\/casadecampoliving.com\/wp-content\/uploads\/2022\/10\/IMG_2973-e1477758174242-1.jpg?fit=1000%2C750&ssl=1&resize=700%2C400 2x"},"classes":[]},{"id":349663,"url":"https:\/\/casadecampoliving.com\/es\/se-pierda-el-brunch-de-cafe-marietta-todos-los-sabados-y-domingos\/","url_meta":{"origin":350720,"position":3},"title":"\u00a1No se pierda el Brunch de Caf\u00e9 Marietta todos los s\u00e1bados y domingos!","author":"Anna Pavilsova","date":"21 Abr, 2016","format":false,"excerpt":"\u00a1Nos encanta desayunar tarde los fines de semanas, y estamos seguros de que a ustedes tambi\u00e9n! \u00bfExiste una mejor manera de empezar tu fin de semana? Por si a\u00fan no se han enterado, \u00a1Caf\u00e9 Marietta ofrece un fabuloso brunch todos los s\u00e1bados y domingos por la ma\u00f1ana! Ahora podremos disfrutar\u2026","rel":"","context":"En \u00abAltos de Chavon @es\u00bb","block_context":{"text":"Altos de Chavon @es","link":"https:\/\/casadecampoliving.com\/category\/altos-de-chavon-es\/"},"img":{"alt_text":"Featured Image Cafe Marietta Sunday Brunch","src":"https:\/\/i0.wp.com\/casadecampoliving.com\/wp-content\/uploads\/2022\/10\/Featured-Image-Cafe-Marietta-Sunday-Brunch-1.jpg?fit=1000%2C600&ssl=1&resize=350%2C200","width":350,"height":200,"srcset":"https:\/\/i0.wp.com\/casadecampoliving.com\/wp-content\/uploads\/2022\/10\/Featured-Image-Cafe-Marietta-Sunday-Brunch-1.jpg?fit=1000%2C600&ssl=1&resize=350%2C200 1x, https:\/\/i0.wp.com\/casadecampoliving.com\/wp-content\/uploads\/2022\/10\/Featured-Image-Cafe-Marietta-Sunday-Brunch-1.jpg?fit=1000%2C600&ssl=1&resize=525%2C300 1.5x, https:\/\/i0.wp.com\/casadecampoliving.com\/wp-content\/uploads\/2022\/10\/Featured-Image-Cafe-Marietta-Sunday-Brunch-1.jpg?fit=1000%2C600&ssl=1&resize=700%2C400 2x"},"classes":[]},{"id":350644,"url":"https:\/\/casadecampoliving.com\/es\/fallfest\/","url_meta":{"origin":350720,"position":4},"title":"\u00a1Anunciando el Altos de Chav\u00f3n Fall Fest: Domingo 30 de Octubre!","author":"Carla Campos","date":"17 Oct, 2016","format":false,"excerpt":"Si pensaba que el fin de semana de Due\u00f1os 2016 iba a ser divertido, contin\u00fae leyendo para averiguar c\u00f3mo Casa de Campo Living lo har\u00e1 a\u00fan m\u00e1s \u00a1EPICO! En asociaci\u00f3n con todas las tiendas y restaurantes de Altos de Chav\u00f3n, estamos organizando el\u00a0Altos de Chav\u00f3n Fall Fest -\u00a0Festival de Oto\u00f1o-,\u2026","rel":"","context":"En \u00abAltos de Chavon @es\u00bb","block_context":{"text":"Altos de Chavon @es","link":"https:\/\/casadecampoliving.com\/category\/altos-de-chavon-es\/"},"img":{"alt_text":"","src":"https:\/\/i0.wp.com\/casadecampoliving.com\/wp-content\/uploads\/2022\/10\/FacebookPost-copy.jpg?fit=1000%2C672&ssl=1&resize=350%2C200","width":350,"height":200,"srcset":"https:\/\/i0.wp.com\/casadecampoliving.com\/wp-content\/uploads\/2022\/10\/FacebookPost-copy.jpg?fit=1000%2C672&ssl=1&resize=350%2C200 1x, https:\/\/i0.wp.com\/casadecampoliving.com\/wp-content\/uploads\/2022\/10\/FacebookPost-copy.jpg?fit=1000%2C672&ssl=1&resize=525%2C300 1.5x, https:\/\/i0.wp.com\/casadecampoliving.com\/wp-content\/uploads\/2022\/10\/FacebookPost-copy.jpg?fit=1000%2C672&ssl=1&resize=700%2C400 2x"},"classes":[]},{"id":350170,"url":"https:\/\/casadecampoliving.com\/es\/happy-hour-2x1-cafe-marietta\/","url_meta":{"origin":350720,"position":5},"title":"Libera el estr\u00e9s luego del trabajo con el Happy Hour 2&#215;1 de Caf\u00e9 Marietta!","author":"Marlenys Guzm\u00e1n Casta\u00f1os","date":"13 Jul, 2016","format":false,"excerpt":"No todo es Work, work, work, work, work como la canci\u00f3n de Rihanna. Caf\u00e9 Marietta nos recuerda que debemos dejar de lado los problemas y estr\u00e9s del trabajo \u00a1y unirnos a ellos durante su Happy Hour! \u00a1Ahora todos los d\u00edas, de lunes a viernes, la comunidad de Casa de Campo\u2026","rel":"","context":"En \u00abAltos de Chavon @es\u00bb","block_context":{"text":"Altos de Chavon @es","link":"https:\/\/casadecampoliving.com\/category\/altos-de-chavon-es\/"},"img":{"alt_text":"Featured Image Cafe Marietta After Work 2x1","src":"https:\/\/i0.wp.com\/casadecampoliving.com\/wp-content\/uploads\/2022\/10\/Featured-Image-Cafe-Marietta-After-Work-2x1-1.jpg?fit=1200%2C1200&ssl=1&resize=350%2C200","width":350,"height":200,"srcset":"https:\/\/i0.wp.com\/casadecampoliving.com\/wp-content\/uploads\/2022\/10\/Featured-Image-Cafe-Marietta-After-Work-2x1-1.jpg?fit=1200%2C1200&ssl=1&resize=350%2C200 1x, https:\/\/i0.wp.com\/casadecampoliving.com\/wp-content\/uploads\/2022\/10\/Featured-Image-Cafe-Marietta-After-Work-2x1-1.jpg?fit=1200%2C1200&ssl=1&resize=525%2C300 1.5x, https:\/\/i0.wp.com\/casadecampoliving.com\/wp-content\/uploads\/2022\/10\/Featured-Image-Cafe-Marietta-After-Work-2x1-1.jpg?fit=1200%2C1200&ssl=1&resize=700%2C400 2x, https:\/\/i0.wp.com\/casadecampoliving.com\/wp-content\/uploads\/2022\/10\/Featured-Image-Cafe-Marietta-After-Work-2x1-1.jpg?fit=1200%2C1200&ssl=1&resize=1050%2C600 3x"},"classes":[]}],"jetpack_sharing_enabled":true,"_links":{"self":[{"href":"https:\/\/casadecampoliving.com\/es\/wp-json\/wp\/v2\/posts\/350720","targetHints":{"allow":["GET"]}}],"collection":[{"href":"https:\/\/casadecampoliving.com\/es\/wp-json\/wp\/v2\/posts"}],"about":[{"href":"https:\/\/casadecampoliving.com\/es\/wp-json\/wp\/v2\/types\/post"}],"author":[{"embeddable":true,"href":"https:\/\/casadecampoliving.com\/es\/wp-json\/wp\/v2\/users\/36682"}],"replies":[{"embeddable":true,"href":"https:\/\/casadecampoliving.com\/es\/wp-json\/wp\/v2\/comments?post=350720"}],"version-history":[{"count":2,"href":"https:\/\/casadecampoliving.com\/es\/wp-json\/wp\/v2\/posts\/350720\/revisions"}],"predecessor-version":[{"id":506970,"href":"https:\/\/casadecampoliving.com\/es\/wp-json\/wp\/v2\/posts\/350720\/revisions\/506970"}],"wp:featuredmedia":[{"embeddable":true,"href":"https:\/\/casadecampoliving.com\/es\/wp-json\/wp\/v2\/media\/328004"}],"wp:attachment":[{"href":"https:\/\/casadecampoliving.com\/es\/wp-json\/wp\/v2\/media?parent=350720"}],"wp:term":[{"taxonomy":"category","embeddable":true,"href":"https:\/\/casadecampoliving.com\/es\/wp-json\/wp\/v2\/categories?post=350720"},{"taxonomy":"post_tag","embeddable":true,"href":"https:\/\/casadecampoliving.com\/es\/wp-json\/wp\/v2\/tags?post=350720"},{"taxonomy":"newspack_spnsrs_tax","embeddable":true,"href":"https:\/\/casadecampoliving.com\/es\/wp-json\/wp\/v2\/newspack_spnsrs_tax?post=350720"}],"curies":[{"name":"wp","href":"https:\/\/api.w.org\/{rel}","templated":true}]}}