{"id":350666,"date":"2016-10-21T00:00:00","date_gmt":"2016-10-21T04:00:00","guid":{"rendered":"https:\/\/casadecampoliving.com\/gabriella-reginato-receta-inspirada-en-el-otono\/"},"modified":"2022-10-21T19:00:34","modified_gmt":"2022-10-21T23:00:34","slug":"gabriella-reginato-receta-inspirada-en-el-otono","status":"publish","type":"post","link":"https:\/\/casadecampoliving.com\/es\/gabriella-reginato-receta-inspirada-en-el-otono\/","title":{"rendered":"\u00a1Gabriella Reginato nos trae una receta inspirada en el oto\u00f1o que tiene que probar!"},"content":{"rendered":"\n<p>Una vez m\u00e1s Gabriella Reginato, reconocida chef Dominicana y creadora de la l\u00ednea gourmet&nbsp;<em>VOILA<\/em>! comparte con nosotros una receta inspirada en la temporada. Gabriella, quien es parte de la comunidad de Casa de Campo,&nbsp;nos dej\u00f3 saber que su estudio de cocina en La Romana tendr\u00e1 una apertura preliminar el martes 1ero &nbsp;de noviembre\u2026 \u00a1Les traeremos m\u00e1s detalles sobre esto pronto!<\/p>\n\n\n\n<!--more-->\n\n\n\n<p>A pesar de que en la Rep\u00fablica Dominicana no tenemos 4 estaciones definidas que&nbsp;se pueden identificar como en otras partes del mundo, todav\u00eda somos capaces de encontrar algunas caracter\u00edsticas innegables; por ejemplo, algunos \u00e1rboles pierden sus hojas,podemos comprar verduras que s\u00f3lo crecen en esta&nbsp;\u00e9poca del a\u00f1o, y aunque todav\u00eda hace calor,&nbsp;somos bendecidos con la lluvia de vez en cuando para refrescarnos y bajar la temperatura un poco. Con el oto\u00f1o tambi\u00e9n viene de Acci\u00f3n de Gracias, como pa\u00eds no celebramos&nbsp;esta fiesta, pero algunos de nosotros nos unimos&nbsp;a esta&nbsp;festividad y celebramos la idea principal de esta que es el dar gracias, rodeados de amigos y familiares. Pruebe esta receta que es&nbsp;ligera, sabrosa \u00a1y llena de textura! \u00a1Y nos deja&nbsp;saber c\u00f3mo les fue!<\/p>\n\n\n\n<blockquote><p style=\"text-align: justify;\"><em>Ya entramos en Oto\u00f1o y aunque el calor aun se siente, las tarde se tornan mas frescas, el sol se acuesta mas temprano y los amaneceres resultan ser espectaculares\u2026&nbsp;Pronto inician las fiestas de temporada, mas reuniones en casa y la llegada de esa \u00e9poca brillante de la navidad.&nbsp;Y antes de encender el \u00e1rbol, nos reunimos en casa a celebrar la tradicional noche de acci\u00f3n de gracias\u2026<\/em><\/p><p style=\"text-align: justify;\"><em>Una receta que me encanta preparar para esta noche es la ensalada de auyama asada\u2026 Me encantan sus colores, ademas del contraste de sabores y texturas\u2026 acidos, dulces, crujientes y sobre todo la nobleza y sabor de la auyama.&nbsp;Una receta diferente para este a\u00f1o, una celebraci\u00f3n, que mas que una tradici\u00f3n, es el momento perfecto de reunirnos en familia, amigos y dar gracias.<\/em><\/p><p><em>Deseando que la disfruten mucho!!!<\/em><\/p><p><em>Abrazos<\/em><\/p><figure><img decoding=\"async\" loading=\"lazy\" class=\" wp-image-125912 alignright\" src=\"https:\/\/i0.wp.com\/casadecampoliving.com\/wp-content\/uploads\/2022\/10\/IMG_4970-1-1.jpg?resize=308%2C410&amp;ssl=1\" alt=\"img_4970-1\" width=\"308\" height=\"410\"><\/figure><p>Gabriella<br>\n<strong><br>\nENSALADA DE AUYAMA ROSTIZADA<br>\nPor: Gabriella Reginato<\/strong><\/p><p style=\"text-align: justify;\">INGREDIENTES<br>\n2 Libras de auyama cortada en cubos o laminadas ( la puede dejar con cascara)<br>\n\u00bc Taza de aceite de oliva<br>\nSal<br>\n\u00bd Taza de pi\u00f1ones ( macadamias, nueces, almendras o pistachos )<br>\n2 Cucharadas de menta fresca<br>\n\u00bd Taza de queso feta desmenuzado<br>\n\u00bc Taza de Cranberries<br>\n2 Tazas de hojas de rucula<strong><br>\n<\/strong><\/p><p style=\"text-align: justify;\"><strong>ADEREZO BALSAMICO CON MIEL<\/strong><br>\n\u00bc Taza de miel<br>\n2 Cucharadas de vinagre balsamico<br>\n1 Cucharada de aceite de oliva<br>\n<strong><br>\nPREPARACION<\/strong><br>\nPrecalienta en horno a 400 grados F.<br>\nColoca la auyama en una bandeja y ba\u00f1a con aceite de oliva. Espolvore la sal. Cocine la auyama por unos 20 minutos. Revise y de vuelta y deje cocinar por unos 15 miutos mas ( hasta que el auyama este tierna ) para que tueste y se pongan doraditas. Si las hace laminadas Cocine primero por 10 minutos y luego por 10 mas.<br>\nTueste aparte los pi\u00f1ones,&nbsp;( macadamias, nueces, almendras o pistachos )&nbsp;hasta que doren y reserve.<br>\nPrepare el aderezo, mezcle todos los ingredientes y reserve.<br>\nRetire la auyama del horno y deje enfriar a temperatura ambiente.<br>\nColoque la rucula en un plato y ba\u00f1e con la mitad del aderezo, por arriba coloque la&nbsp;auyama , espolvore la menta. Agregue el queso feta, los cranberries y los pi\u00f1ones&nbsp;( macadamias, nueces, almendras o pistachos )&nbsp;por arriba y ba\u00f1e con el resto del aderezo.<br>\nIdeal es preparar doble racion del aderezo para dejar una porcion junto al plato de ensalada para que cada comenzal agregue un poco mas si desea. Si hace esto, cuando vaya a servir, lleve el aderezo unos 15 segundo a calentar al microondas, le dara un toque diferente a la ensalada.<\/p><p>Mas recetas en&nbsp;<a href=\"http:\/\/www.gabriellareginato.com\/\" target=\"_blank\" rel=\"noopener\">www.gabriellareginato.com<\/a><br>\nInstagram<a href=\"https:\/\/www.instagram.com\/gabriellareginato\/\" target=\"_blank\" rel=\"noopener\">@gabriellareginato<\/a><br>\nTwitter<a href=\"https:\/\/twitter.com\/gabriellareg\" target=\"_blank\" rel=\"noopener\">@gabriellareg<\/a><\/p><\/blockquote>\n","protected":false},"excerpt":{"rendered":"<p>Una vez m\u00e1s Gabriella Reginato, reconocida chef Dominicana y creadora de la l\u00ednea gourmet&nbsp;VOILA! comparte con nosotros una receta inspirada en la temporada. Gabriella, quien es parte de la comunidad de Casa de Campo,&nbsp;nos dej\u00f3 saber que su estudio de cocina en La Romana tendr\u00e1 una apertura preliminar el martes 1ero &nbsp;de noviembre\u2026 \u00a1Les traeremos [&hellip;]<\/p>\n","protected":false},"author":36682,"featured_media":302372,"comment_status":"closed","ping_status":"closed","sticky":false,"template":"","format":"standard","meta":{"newspack_ads_suppress_ads":false,"newspack_popups_has_disabled_popups":false,"newspack_sponsor_sponsorship_scope":"","newspack_sponsor_native_byline_display":"inherit","newspack_sponsor_native_category_display":"inherit","newspack_sponsor_underwriter_style":"inherit","newspack_sponsor_underwriter_placement":"inherit","_newspack_byline_active":false,"_newspack_byline":"","newspack_hide_updated_date":false,"newspack_show_updated_date":false,"newspack_content_restriction_is_exempt":false,"newspack_featured_image_position":"","newspack_post_subtitle":"","newspack_article_summary_title":"Overview:","newspack_article_summary":"","_jetpack_memberships_contains_paid_content":false,"footnotes":"","jetpack_publicize_message":"","jetpack_publicize_feature_enabled":true,"jetpack_social_post_already_shared":false,"jetpack_social_options":{"image_generator_settings":{"template":"highway","default_image_id":0,"font":"","enabled":false},"version":2},"_wpas_customize_per_network":false},"categories":[2513,14629,14631],"tags":[12450,12449,5687,14736,19028,19631,19630,3171],"newspack_spnsrs_tax":[],"class_list":["post-350666","post","type-post","status-publish","format-standard","has-post-thumbnail","hentry","category-celebridades-es","category-comidas-bebidas","category-estilo-de-vida","tag-chef-es","tag-cocina","tag-comida","tag-featured-topview-es","tag-gabriella-reginato-es","tag-ingredientes","tag-preparacion","tag-receta","entry"],"yoast_head":"<!-- This site is optimized with the Yoast SEO plugin v27.4 - https:\/\/yoast.com\/product\/yoast-seo-wordpress\/ -->\n<title>\u00a1Gabriella Reginato nos trae una receta inspirada en el oto\u00f1o que tiene que probar! | Casa de Campo Living<\/title>\n<meta name=\"description\" content=\"Una vez m\u00e1s Gabriella Reginato, reconocida chef Dominicana y creadora de la l\u00ednea gourmet&nbsp;VOILA! comparte con nosotros una receta inspirada en la\" \/>\n<meta name=\"robots\" content=\"index, follow, max-snippet:-1, max-image-preview:large, max-video-preview:-1\" \/>\n<link rel=\"canonical\" href=\"https:\/\/casadecampoliving.com\/es\/gabriella-reginato-receta-inspirada-en-el-otono\/\" \/>\n<meta property=\"og:locale\" content=\"es_ES\" \/>\n<meta property=\"og:type\" content=\"article\" \/>\n<meta property=\"og:title\" content=\"\u00a1Gabriella Reginato nos trae una receta inspirada en el oto\u00f1o que tiene que probar! | Casa de Campo Living\" \/>\n<meta property=\"og:description\" content=\"Una vez m\u00e1s Gabriella Reginato, reconocida chef Dominicana y creadora de la l\u00ednea gourmet&nbsp;VOILA! comparte con nosotros una receta inspirada en la\" \/>\n<meta property=\"og:url\" content=\"https:\/\/casadecampoliving.com\/es\/gabriella-reginato-receta-inspirada-en-el-otono\/\" \/>\n<meta property=\"og:site_name\" content=\"Casa de Campo Living\" \/>\n<meta property=\"article:publisher\" content=\"https:\/\/www.facebook.com\/casadecampoliving\" \/>\n<meta property=\"article:published_time\" content=\"2016-10-21T04:00:00+00:00\" \/>\n<meta property=\"article:modified_time\" content=\"2022-10-21T23:00:34+00:00\" \/>\n<meta property=\"og:image\" content=\"https:\/\/i0.wp.com\/casadecampoliving.com\/wp-content\/uploads\/2022\/10\/shutterstock_219277294-e1476990244927.jpg?fit=1000%2C667&ssl=1\" \/>\n\t<meta property=\"og:image:width\" content=\"1000\" \/>\n\t<meta property=\"og:image:height\" content=\"667\" \/>\n\t<meta property=\"og:image:type\" content=\"image\/jpeg\" \/>\n<meta name=\"author\" content=\"Marlenys Guzm\u00e1n Casta\u00f1os\" \/>\n<meta name=\"twitter:card\" content=\"summary_large_image\" \/>\n<meta name=\"twitter:creator\" content=\"@cdcliving\" \/>\n<meta name=\"twitter:site\" content=\"@cdcliving\" \/>\n<meta name=\"twitter:label1\" content=\"Escrito por\" \/>\n\t<meta name=\"twitter:data1\" content=\"Marlenys Guzm\u00e1n Casta\u00f1os\" \/>\n\t<meta name=\"twitter:label2\" content=\"Tiempo de lectura\" \/>\n\t<meta name=\"twitter:data2\" content=\"3 minutos\" \/>\n<script type=\"application\/ld+json\" class=\"yoast-schema-graph\">{\"@context\":\"https:\\\/\\\/schema.org\",\"@graph\":[{\"@type\":\"Article\",\"@id\":\"https:\\\/\\\/casadecampoliving.com\\\/es\\\/gabriella-reginato-receta-inspirada-en-el-otono\\\/#article\",\"isPartOf\":{\"@id\":\"https:\\\/\\\/casadecampoliving.com\\\/es\\\/gabriella-reginato-receta-inspirada-en-el-otono\\\/\"},\"author\":{\"name\":\"Marlenys Guzm\u00e1n Casta\u00f1os\",\"@id\":\"https:\\\/\\\/casadecampoliving.com\\\/es\\\/#\\\/schema\\\/person\\\/b6606bd87f9cec8f5903e2141cafda24\"},\"headline\":\"\u00a1Gabriella Reginato nos trae una receta inspirada en el oto\u00f1o que tiene que probar!\",\"datePublished\":\"2016-10-21T04:00:00+00:00\",\"dateModified\":\"2022-10-21T23:00:34+00:00\",\"mainEntityOfPage\":{\"@id\":\"https:\\\/\\\/casadecampoliving.com\\\/es\\\/gabriella-reginato-receta-inspirada-en-el-otono\\\/\"},\"wordCount\":660,\"publisher\":{\"@id\":\"https:\\\/\\\/casadecampoliving.com\\\/es\\\/#organization\"},\"image\":{\"@id\":\"https:\\\/\\\/casadecampoliving.com\\\/es\\\/gabriella-reginato-receta-inspirada-en-el-otono\\\/#primaryimage\"},\"thumbnailUrl\":\"https:\\\/\\\/i0.wp.com\\\/casadecampoliving.com\\\/wp-content\\\/uploads\\\/2022\\\/10\\\/shutterstock_219277294-e1476990244927.jpg?fit=1000%2C667&ssl=1\",\"keywords\":[\"Chef @es\",\"Cocina\",\"comida\",\"Featured-TopView @es\",\"Gabriella Reginato @es\",\"ingredientes\",\"preparacion\",\"receta\"],\"articleSection\":[\"Celebridades\",\"Comidas &amp; Bebidas\",\"Estilo de Vida\"],\"inLanguage\":\"es\"},{\"@type\":\"WebPage\",\"@id\":\"https:\\\/\\\/casadecampoliving.com\\\/es\\\/gabriella-reginato-receta-inspirada-en-el-otono\\\/\",\"url\":\"https:\\\/\\\/casadecampoliving.com\\\/es\\\/gabriella-reginato-receta-inspirada-en-el-otono\\\/\",\"name\":\"\u00a1Gabriella Reginato nos trae una receta inspirada en el oto\u00f1o que tiene que probar! | Casa de Campo Living\",\"isPartOf\":{\"@id\":\"https:\\\/\\\/casadecampoliving.com\\\/es\\\/#website\"},\"primaryImageOfPage\":{\"@id\":\"https:\\\/\\\/casadecampoliving.com\\\/es\\\/gabriella-reginato-receta-inspirada-en-el-otono\\\/#primaryimage\"},\"image\":{\"@id\":\"https:\\\/\\\/casadecampoliving.com\\\/es\\\/gabriella-reginato-receta-inspirada-en-el-otono\\\/#primaryimage\"},\"thumbnailUrl\":\"https:\\\/\\\/i0.wp.com\\\/casadecampoliving.com\\\/wp-content\\\/uploads\\\/2022\\\/10\\\/shutterstock_219277294-e1476990244927.jpg?fit=1000%2C667&ssl=1\",\"datePublished\":\"2016-10-21T04:00:00+00:00\",\"dateModified\":\"2022-10-21T23:00:34+00:00\",\"description\":\"Una vez m\u00e1s Gabriella Reginato, reconocida chef Dominicana y creadora de la l\u00ednea gourmet&nbsp;VOILA! comparte con nosotros una receta inspirada en la\",\"breadcrumb\":{\"@id\":\"https:\\\/\\\/casadecampoliving.com\\\/es\\\/gabriella-reginato-receta-inspirada-en-el-otono\\\/#breadcrumb\"},\"inLanguage\":\"es\",\"potentialAction\":[{\"@type\":\"ReadAction\",\"target\":[\"https:\\\/\\\/casadecampoliving.com\\\/es\\\/gabriella-reginato-receta-inspirada-en-el-otono\\\/\"]}]},{\"@type\":\"ImageObject\",\"inLanguage\":\"es\",\"@id\":\"https:\\\/\\\/casadecampoliving.com\\\/es\\\/gabriella-reginato-receta-inspirada-en-el-otono\\\/#primaryimage\",\"url\":\"https:\\\/\\\/i0.wp.com\\\/casadecampoliving.com\\\/wp-content\\\/uploads\\\/2022\\\/10\\\/shutterstock_219277294-e1476990244927.jpg?fit=1000%2C667&ssl=1\",\"contentUrl\":\"https:\\\/\\\/i0.wp.com\\\/casadecampoliving.com\\\/wp-content\\\/uploads\\\/2022\\\/10\\\/shutterstock_219277294-e1476990244927.jpg?fit=1000%2C667&ssl=1\",\"width\":1000,\"height\":667},{\"@type\":\"BreadcrumbList\",\"@id\":\"https:\\\/\\\/casadecampoliving.com\\\/es\\\/gabriella-reginato-receta-inspirada-en-el-otono\\\/#breadcrumb\",\"itemListElement\":[{\"@type\":\"ListItem\",\"position\":1,\"name\":\"Home\",\"item\":\"https:\\\/\\\/casadecampoliving.com\\\/es\\\/\"},{\"@type\":\"ListItem\",\"position\":2,\"name\":\"\u00a1Gabriella Reginato nos trae una receta inspirada en el oto\u00f1o que tiene que probar!\"}]},{\"@type\":\"WebSite\",\"@id\":\"https:\\\/\\\/casadecampoliving.com\\\/es\\\/#website\",\"url\":\"https:\\\/\\\/casadecampoliving.com\\\/es\\\/\",\"name\":\"Casa de Campo Living\",\"description\":\"Resort community news and resources.\",\"publisher\":{\"@id\":\"https:\\\/\\\/casadecampoliving.com\\\/es\\\/#organization\"},\"potentialAction\":[{\"@type\":\"SearchAction\",\"target\":{\"@type\":\"EntryPoint\",\"urlTemplate\":\"https:\\\/\\\/casadecampoliving.com\\\/es\\\/?s={search_term_string}\"},\"query-input\":{\"@type\":\"PropertyValueSpecification\",\"valueRequired\":true,\"valueName\":\"search_term_string\"}}],\"inLanguage\":\"es\"},{\"@type\":\"Organization\",\"@id\":\"https:\\\/\\\/casadecampoliving.com\\\/es\\\/#organization\",\"name\":\"Casa de Campo Living\",\"url\":\"https:\\\/\\\/casadecampoliving.com\\\/es\\\/\",\"logo\":{\"@type\":\"ImageObject\",\"inLanguage\":\"es\",\"@id\":\"https:\\\/\\\/casadecampoliving.com\\\/es\\\/#\\\/schema\\\/logo\\\/image\\\/\",\"url\":\"https:\\\/\\\/i0.wp.com\\\/casadecampoliving.com\\\/wp-content\\\/uploads\\\/2022\\\/07\\\/CDCLivingLogo_V1-white-sized.png?fit=800%2C214&ssl=1\",\"contentUrl\":\"https:\\\/\\\/i0.wp.com\\\/casadecampoliving.com\\\/wp-content\\\/uploads\\\/2022\\\/07\\\/CDCLivingLogo_V1-white-sized.png?fit=800%2C214&ssl=1\",\"width\":800,\"height\":214,\"caption\":\"Casa de Campo Living\"},\"image\":{\"@id\":\"https:\\\/\\\/casadecampoliving.com\\\/es\\\/#\\\/schema\\\/logo\\\/image\\\/\"},\"sameAs\":[\"https:\\\/\\\/www.facebook.com\\\/casadecampoliving\",\"https:\\\/\\\/x.com\\\/cdcliving\"]},{\"@type\":\"Person\",\"@id\":\"https:\\\/\\\/casadecampoliving.com\\\/es\\\/#\\\/schema\\\/person\\\/b6606bd87f9cec8f5903e2141cafda24\",\"name\":\"Marlenys Guzm\u00e1n Casta\u00f1os\",\"image\":{\"@type\":\"ImageObject\",\"inLanguage\":\"es\",\"@id\":\"https:\\\/\\\/secure.gravatar.com\\\/avatar\\\/72f3f86b8e6b3ec744201aeadf11d4a6055e8af194aecd9ad30ffff4437878ee?s=96&d=mm&r=g\",\"url\":\"https:\\\/\\\/secure.gravatar.com\\\/avatar\\\/72f3f86b8e6b3ec744201aeadf11d4a6055e8af194aecd9ad30ffff4437878ee?s=96&d=mm&r=g\",\"contentUrl\":\"https:\\\/\\\/secure.gravatar.com\\\/avatar\\\/72f3f86b8e6b3ec744201aeadf11d4a6055e8af194aecd9ad30ffff4437878ee?s=96&d=mm&r=g\",\"caption\":\"Marlenys Guzm\u00e1n Casta\u00f1os\"},\"url\":\"https:\\\/\\\/casadecampoliving.com\\\/es\\\/author\\\/mguzman\\\/\"}]}<\/script>\n<!-- \/ Yoast SEO plugin. -->","yoast_head_json":{"title":"\u00a1Gabriella Reginato nos trae una receta inspirada en el oto\u00f1o que tiene que probar! | Casa de Campo Living","description":"Una vez m\u00e1s Gabriella Reginato, reconocida chef Dominicana y creadora de la l\u00ednea gourmet&nbsp;VOILA! comparte con nosotros una receta inspirada en la","robots":{"index":"index","follow":"follow","max-snippet":"max-snippet:-1","max-image-preview":"max-image-preview:large","max-video-preview":"max-video-preview:-1"},"canonical":"https:\/\/casadecampoliving.com\/es\/gabriella-reginato-receta-inspirada-en-el-otono\/","og_locale":"es_ES","og_type":"article","og_title":"\u00a1Gabriella Reginato nos trae una receta inspirada en el oto\u00f1o que tiene que probar! | Casa de Campo Living","og_description":"Una vez m\u00e1s Gabriella Reginato, reconocida chef Dominicana y creadora de la l\u00ednea gourmet&nbsp;VOILA! comparte con nosotros una receta inspirada en la","og_url":"https:\/\/casadecampoliving.com\/es\/gabriella-reginato-receta-inspirada-en-el-otono\/","og_site_name":"Casa de Campo Living","article_publisher":"https:\/\/www.facebook.com\/casadecampoliving","article_published_time":"2016-10-21T04:00:00+00:00","article_modified_time":"2022-10-21T23:00:34+00:00","og_image":[{"width":1000,"height":667,"url":"https:\/\/i0.wp.com\/casadecampoliving.com\/wp-content\/uploads\/2022\/10\/shutterstock_219277294-e1476990244927.jpg?fit=1000%2C667&ssl=1","type":"image\/jpeg"}],"author":"Marlenys Guzm\u00e1n Casta\u00f1os","twitter_card":"summary_large_image","twitter_creator":"@cdcliving","twitter_site":"@cdcliving","twitter_misc":{"Escrito por":"Marlenys Guzm\u00e1n Casta\u00f1os","Tiempo de lectura":"3 minutos"},"schema":{"@context":"https:\/\/schema.org","@graph":[{"@type":"Article","@id":"https:\/\/casadecampoliving.com\/es\/gabriella-reginato-receta-inspirada-en-el-otono\/#article","isPartOf":{"@id":"https:\/\/casadecampoliving.com\/es\/gabriella-reginato-receta-inspirada-en-el-otono\/"},"author":{"name":"Marlenys Guzm\u00e1n Casta\u00f1os","@id":"https:\/\/casadecampoliving.com\/es\/#\/schema\/person\/b6606bd87f9cec8f5903e2141cafda24"},"headline":"\u00a1Gabriella Reginato nos trae una receta inspirada en el oto\u00f1o que tiene que probar!","datePublished":"2016-10-21T04:00:00+00:00","dateModified":"2022-10-21T23:00:34+00:00","mainEntityOfPage":{"@id":"https:\/\/casadecampoliving.com\/es\/gabriella-reginato-receta-inspirada-en-el-otono\/"},"wordCount":660,"publisher":{"@id":"https:\/\/casadecampoliving.com\/es\/#organization"},"image":{"@id":"https:\/\/casadecampoliving.com\/es\/gabriella-reginato-receta-inspirada-en-el-otono\/#primaryimage"},"thumbnailUrl":"https:\/\/i0.wp.com\/casadecampoliving.com\/wp-content\/uploads\/2022\/10\/shutterstock_219277294-e1476990244927.jpg?fit=1000%2C667&ssl=1","keywords":["Chef @es","Cocina","comida","Featured-TopView @es","Gabriella Reginato @es","ingredientes","preparacion","receta"],"articleSection":["Celebridades","Comidas &amp; Bebidas","Estilo de Vida"],"inLanguage":"es"},{"@type":"WebPage","@id":"https:\/\/casadecampoliving.com\/es\/gabriella-reginato-receta-inspirada-en-el-otono\/","url":"https:\/\/casadecampoliving.com\/es\/gabriella-reginato-receta-inspirada-en-el-otono\/","name":"\u00a1Gabriella Reginato nos trae una receta inspirada en el oto\u00f1o que tiene que probar! | Casa de Campo Living","isPartOf":{"@id":"https:\/\/casadecampoliving.com\/es\/#website"},"primaryImageOfPage":{"@id":"https:\/\/casadecampoliving.com\/es\/gabriella-reginato-receta-inspirada-en-el-otono\/#primaryimage"},"image":{"@id":"https:\/\/casadecampoliving.com\/es\/gabriella-reginato-receta-inspirada-en-el-otono\/#primaryimage"},"thumbnailUrl":"https:\/\/i0.wp.com\/casadecampoliving.com\/wp-content\/uploads\/2022\/10\/shutterstock_219277294-e1476990244927.jpg?fit=1000%2C667&ssl=1","datePublished":"2016-10-21T04:00:00+00:00","dateModified":"2022-10-21T23:00:34+00:00","description":"Una vez m\u00e1s Gabriella Reginato, reconocida chef Dominicana y creadora de la l\u00ednea gourmet&nbsp;VOILA! comparte con nosotros una receta inspirada en la","breadcrumb":{"@id":"https:\/\/casadecampoliving.com\/es\/gabriella-reginato-receta-inspirada-en-el-otono\/#breadcrumb"},"inLanguage":"es","potentialAction":[{"@type":"ReadAction","target":["https:\/\/casadecampoliving.com\/es\/gabriella-reginato-receta-inspirada-en-el-otono\/"]}]},{"@type":"ImageObject","inLanguage":"es","@id":"https:\/\/casadecampoliving.com\/es\/gabriella-reginato-receta-inspirada-en-el-otono\/#primaryimage","url":"https:\/\/i0.wp.com\/casadecampoliving.com\/wp-content\/uploads\/2022\/10\/shutterstock_219277294-e1476990244927.jpg?fit=1000%2C667&ssl=1","contentUrl":"https:\/\/i0.wp.com\/casadecampoliving.com\/wp-content\/uploads\/2022\/10\/shutterstock_219277294-e1476990244927.jpg?fit=1000%2C667&ssl=1","width":1000,"height":667},{"@type":"BreadcrumbList","@id":"https:\/\/casadecampoliving.com\/es\/gabriella-reginato-receta-inspirada-en-el-otono\/#breadcrumb","itemListElement":[{"@type":"ListItem","position":1,"name":"Home","item":"https:\/\/casadecampoliving.com\/es\/"},{"@type":"ListItem","position":2,"name":"\u00a1Gabriella Reginato nos trae una receta inspirada en el oto\u00f1o que tiene que probar!"}]},{"@type":"WebSite","@id":"https:\/\/casadecampoliving.com\/es\/#website","url":"https:\/\/casadecampoliving.com\/es\/","name":"Casa de Campo Living","description":"Resort community news and resources.","publisher":{"@id":"https:\/\/casadecampoliving.com\/es\/#organization"},"potentialAction":[{"@type":"SearchAction","target":{"@type":"EntryPoint","urlTemplate":"https:\/\/casadecampoliving.com\/es\/?s={search_term_string}"},"query-input":{"@type":"PropertyValueSpecification","valueRequired":true,"valueName":"search_term_string"}}],"inLanguage":"es"},{"@type":"Organization","@id":"https:\/\/casadecampoliving.com\/es\/#organization","name":"Casa de Campo Living","url":"https:\/\/casadecampoliving.com\/es\/","logo":{"@type":"ImageObject","inLanguage":"es","@id":"https:\/\/casadecampoliving.com\/es\/#\/schema\/logo\/image\/","url":"https:\/\/i0.wp.com\/casadecampoliving.com\/wp-content\/uploads\/2022\/07\/CDCLivingLogo_V1-white-sized.png?fit=800%2C214&ssl=1","contentUrl":"https:\/\/i0.wp.com\/casadecampoliving.com\/wp-content\/uploads\/2022\/07\/CDCLivingLogo_V1-white-sized.png?fit=800%2C214&ssl=1","width":800,"height":214,"caption":"Casa de Campo Living"},"image":{"@id":"https:\/\/casadecampoliving.com\/es\/#\/schema\/logo\/image\/"},"sameAs":["https:\/\/www.facebook.com\/casadecampoliving","https:\/\/x.com\/cdcliving"]},{"@type":"Person","@id":"https:\/\/casadecampoliving.com\/es\/#\/schema\/person\/b6606bd87f9cec8f5903e2141cafda24","name":"Marlenys Guzm\u00e1n Casta\u00f1os","image":{"@type":"ImageObject","inLanguage":"es","@id":"https:\/\/secure.gravatar.com\/avatar\/72f3f86b8e6b3ec744201aeadf11d4a6055e8af194aecd9ad30ffff4437878ee?s=96&d=mm&r=g","url":"https:\/\/secure.gravatar.com\/avatar\/72f3f86b8e6b3ec744201aeadf11d4a6055e8af194aecd9ad30ffff4437878ee?s=96&d=mm&r=g","contentUrl":"https:\/\/secure.gravatar.com\/avatar\/72f3f86b8e6b3ec744201aeadf11d4a6055e8af194aecd9ad30ffff4437878ee?s=96&d=mm&r=g","caption":"Marlenys Guzm\u00e1n Casta\u00f1os"},"url":"https:\/\/casadecampoliving.com\/es\/author\/mguzman\/"}]}},"parsely":{"version":"1.1.0","canonical_url":"https:\/\/casadecampoliving.com\/es\/gabriella-reginato-receta-inspirada-en-el-otono\/","smart_links":{"inbound":0,"outbound":0},"traffic_boost_suggestions_count":0,"meta":{"@context":"https:\/\/schema.org","@type":"NewsArticle","headline":"\u00a1Gabriella Reginato nos trae una receta inspirada en el oto\u00f1o que tiene que probar!","url":"http:\/\/casadecampoliving.com\/es\/gabriella-reginato-receta-inspirada-en-el-otono\/","mainEntityOfPage":{"@type":"WebPage","@id":"http:\/\/casadecampoliving.com\/es\/gabriella-reginato-receta-inspirada-en-el-otono\/"},"thumbnailUrl":"https:\/\/i0.wp.com\/casadecampoliving.com\/wp-content\/uploads\/2022\/10\/shutterstock_219277294-e1476990244927.jpg?resize=150%2C150&ssl=1","image":{"@type":"ImageObject","url":"https:\/\/i0.wp.com\/casadecampoliving.com\/wp-content\/uploads\/2022\/10\/shutterstock_219277294-e1476990244927.jpg?fit=1000%2C667&ssl=1"},"articleSection":"Celebridades","author":[{"@type":"Person","name":"Marlenys Guzm\u00e1n Casta\u00f1os"}],"creator":["Marlenys Guzm\u00e1n Casta\u00f1os"],"publisher":{"@type":"Organization","name":"Casa de Campo Living","logo":"https:\/\/casadecampoliving.com\/wp-content\/uploads\/2022\/07\/CDCLivingLogo_V1-white-sized.png"},"keywords":["chef @es","cocina","comida","featured-topview @es","gabriella reginato @es","ingredientes","preparacion","receta"],"dateCreated":"2016-10-21T04:00:00Z","datePublished":"2016-10-21T04:00:00Z","dateModified":"2022-10-21T23:00:34Z"},"rendered":"<script type=\"application\/ld+json\" class=\"wp-parsely-metadata\">{\"@context\":\"https:\\\/\\\/schema.org\",\"@type\":\"NewsArticle\",\"headline\":\"\\u00a1Gabriella Reginato nos trae una receta inspirada en el oto\\u00f1o que tiene que probar!\",\"url\":\"http:\\\/\\\/casadecampoliving.com\\\/es\\\/gabriella-reginato-receta-inspirada-en-el-otono\\\/\",\"mainEntityOfPage\":{\"@type\":\"WebPage\",\"@id\":\"http:\\\/\\\/casadecampoliving.com\\\/es\\\/gabriella-reginato-receta-inspirada-en-el-otono\\\/\"},\"thumbnailUrl\":\"https:\\\/\\\/i0.wp.com\\\/casadecampoliving.com\\\/wp-content\\\/uploads\\\/2022\\\/10\\\/shutterstock_219277294-e1476990244927.jpg?resize=150%2C150&ssl=1\",\"image\":{\"@type\":\"ImageObject\",\"url\":\"https:\\\/\\\/i0.wp.com\\\/casadecampoliving.com\\\/wp-content\\\/uploads\\\/2022\\\/10\\\/shutterstock_219277294-e1476990244927.jpg?fit=1000%2C667&ssl=1\"},\"articleSection\":\"Celebridades\",\"author\":[{\"@type\":\"Person\",\"name\":\"Marlenys Guzm\\u00e1n Casta\\u00f1os\"}],\"creator\":[\"Marlenys Guzm\\u00e1n Casta\\u00f1os\"],\"publisher\":{\"@type\":\"Organization\",\"name\":\"Casa de Campo Living\",\"logo\":\"https:\\\/\\\/casadecampoliving.com\\\/wp-content\\\/uploads\\\/2022\\\/07\\\/CDCLivingLogo_V1-white-sized.png\"},\"keywords\":[\"chef @es\",\"cocina\",\"comida\",\"featured-topview @es\",\"gabriella reginato @es\",\"ingredientes\",\"preparacion\",\"receta\"],\"dateCreated\":\"2016-10-21T04:00:00Z\",\"datePublished\":\"2016-10-21T04:00:00Z\",\"dateModified\":\"2022-10-21T23:00:34Z\"}<\/script>","tracker_url":"https:\/\/cdn.parsely.com\/keys\/casadecampoliving.com\/p.js"},"jetpack_publicize_connections":[],"jetpack_featured_media_url":"https:\/\/i0.wp.com\/casadecampoliving.com\/wp-content\/uploads\/2022\/10\/shutterstock_219277294-e1476990244927.jpg?fit=1000%2C667&ssl=1","jetpack-related-posts":[{"id":350476,"url":"https:\/\/casadecampoliving.com\/es\/gabriella-reginato-abrira-un-nuevo-estudio-cocina-en-la-romana\/","url_meta":{"origin":350666,"position":0},"title":"\u00a1Aprenda a preparar Carpaccio de Zucchini con Gabriella Reginato!","author":"Marlenys Guzm\u00e1n Casta\u00f1os","date":"9 Sep, 2016","format":false,"excerpt":"El mes pasado la reconocida chef dominicana y miembro de la comunidad, Gabriella Reginato presento su nueva linea de productos gourmet en Azimut Caf\u00e9. Pero esto no es todo lo que ella ha estado haciendo ultimamente; ella estar\u00e1 abriendo un nuevo estudio cocina en\u00a0La Romana \u00a1y TAMBIEN estar\u00e1 compartiendo\u00a0con\u00a0Casa de\u2026","rel":"","context":"En \u00abCasa de Campo Living @es\u00bb","block_context":{"text":"Casa de Campo Living @es","link":"https:\/\/casadecampoliving.com\/category\/casa-de-campo-living-es\/"},"img":{"alt_text":"","src":"https:\/\/i0.wp.com\/casadecampoliving.com\/wp-content\/uploads\/2022\/10\/Gabriella-Reginato.jpg?fit=1000%2C600&ssl=1&resize=350%2C200","width":350,"height":200,"srcset":"https:\/\/i0.wp.com\/casadecampoliving.com\/wp-content\/uploads\/2022\/10\/Gabriella-Reginato.jpg?fit=1000%2C600&ssl=1&resize=350%2C200 1x, https:\/\/i0.wp.com\/casadecampoliving.com\/wp-content\/uploads\/2022\/10\/Gabriella-Reginato.jpg?fit=1000%2C600&ssl=1&resize=525%2C300 1.5x, https:\/\/i0.wp.com\/casadecampoliving.com\/wp-content\/uploads\/2022\/10\/Gabriella-Reginato.jpg?fit=1000%2C600&ssl=1&resize=700%2C400 2x"},"classes":[]},{"id":350688,"url":"https:\/\/casadecampoliving.com\/es\/studio-cocina-de-gabriella-reginato\/","url_meta":{"origin":350666,"position":1},"title":"\u00a1Conozca el nuevo Studio Cocina de Gabriella Reginato en su Open House el 1ero de noviembre!","author":"Heather Lincoln","date":"26 Oct, 2016","format":false,"excerpt":"Gabriella Reginato, quien nos present\u00f3 su nueva l\u00ednea de productos gourmet Voala!\u00a0hace unos meses en Azimut Caf\u00e9 en la Marina Casa de Campo, \u00a1abrir\u00e1 las puertas de su estudio-cocina en La Romana! Est\u00e1n todos\u00a0invitados a una tarde de degustaciones, c\u00f3cteles, y conocer m\u00e1s\u00a0de su amplia gama de servicios, mientras nos\u2026","rel":"","context":"En \u00abComidas &amp; Bebidas\u00bb","block_context":{"text":"Comidas &amp; Bebidas","link":"https:\/\/casadecampoliving.com\/es\/category\/comidas-bebidas\/"},"img":{"alt_text":"Gabriella Reginato Studio Cocina","src":"https:\/\/i0.wp.com\/casadecampoliving.com\/wp-content\/uploads\/2022\/10\/IMG_0027-e1477505129958.jpg?fit=1000%2C630&ssl=1&resize=350%2C200","width":350,"height":200,"srcset":"https:\/\/i0.wp.com\/casadecampoliving.com\/wp-content\/uploads\/2022\/10\/IMG_0027-e1477505129958.jpg?fit=1000%2C630&ssl=1&resize=350%2C200 1x, https:\/\/i0.wp.com\/casadecampoliving.com\/wp-content\/uploads\/2022\/10\/IMG_0027-e1477505129958.jpg?fit=1000%2C630&ssl=1&resize=525%2C300 1.5x, https:\/\/i0.wp.com\/casadecampoliving.com\/wp-content\/uploads\/2022\/10\/IMG_0027-e1477505129958.jpg?fit=1000%2C630&ssl=1&resize=700%2C400 2x"},"classes":[]},{"id":350771,"url":"https:\/\/casadecampoliving.com\/es\/apertura-del-studio-cocina-de-gabriella-reginato\/","url_meta":{"origin":350666,"position":2},"title":"\u00a1Celebrando con amigos la apertura del Studio Cocina de Gabriella Reginato!","author":"Heather Lincoln","date":"7 Nov, 2016","format":false,"excerpt":"Una reuni\u00f3n entre\u00a0amigos siempre es bueno, agregue comida y bebidas a la mezcla y usted tiene una fiesta en manos; \u00a1especialmente cuando incluye la popular\u00a0chef Gabriella Reginato! Inaugurando su nuevo espacio de cocina en La Romana, Studio Cocina, Gabriella organiz\u00f3 un Open House el 1 de noviembre invitando a la\u2026","rel":"","context":"En \u00abCelebridades\u00bb","block_context":{"text":"Celebridades","link":"https:\/\/casadecampoliving.com\/es\/category\/celebridades-es\/"},"img":{"alt_text":"Gabriella Reginato Open House","src":"https:\/\/i0.wp.com\/casadecampoliving.com\/wp-content\/uploads\/2022\/10\/Gabriella_Reginato_Open_House_09-1.jpg?fit=1000%2C667&ssl=1&resize=350%2C200","width":350,"height":200,"srcset":"https:\/\/i0.wp.com\/casadecampoliving.com\/wp-content\/uploads\/2022\/10\/Gabriella_Reginato_Open_House_09-1.jpg?fit=1000%2C667&ssl=1&resize=350%2C200 1x, https:\/\/i0.wp.com\/casadecampoliving.com\/wp-content\/uploads\/2022\/10\/Gabriella_Reginato_Open_House_09-1.jpg?fit=1000%2C667&ssl=1&resize=525%2C300 1.5x, https:\/\/i0.wp.com\/casadecampoliving.com\/wp-content\/uploads\/2022\/10\/Gabriella_Reginato_Open_House_09-1.jpg?fit=1000%2C667&ssl=1&resize=700%2C400 2x"},"classes":[]},{"id":350382,"url":"https:\/\/casadecampoliving.com\/es\/gabriella-reginato-nos-presenta-voala-en-azimut-cafe\/","url_meta":{"origin":350666,"position":3},"title":"Gabriella Reginato nos presenta \u00a1VOALA! durante un encantador coctel en Azimut Cafe","author":"Carla Campos","date":"16 Ago, 2016","format":false,"excerpt":"La noche del\u00a0jueves 11 de agosto, estuvo\u00a0llena de acontecimientos en la Marina de Casa de Campo donde muchos miembros de la comunidad asistieron al lanzamiento de la nueva l\u00ednea de productos gourmet de la Chef Gabriella Reginato en Azimut Caf\u00e9. En una muestra de unidad y amistad, muchos no dejaron\u2026","rel":"","context":"En \u00abCelebridades\u00bb","block_context":{"text":"Celebridades","link":"https:\/\/casadecampoliving.com\/es\/category\/celebridades-es\/"},"img":{"alt_text":"gabirella reginato","src":"https:\/\/i0.wp.com\/casadecampoliving.com\/wp-content\/uploads\/2022\/10\/IMG_0070-e1471280253891.jpg?fit=1000%2C600&ssl=1&resize=350%2C200","width":350,"height":200,"srcset":"https:\/\/i0.wp.com\/casadecampoliving.com\/wp-content\/uploads\/2022\/10\/IMG_0070-e1471280253891.jpg?fit=1000%2C600&ssl=1&resize=350%2C200 1x, https:\/\/i0.wp.com\/casadecampoliving.com\/wp-content\/uploads\/2022\/10\/IMG_0070-e1471280253891.jpg?fit=1000%2C600&ssl=1&resize=525%2C300 1.5x, https:\/\/i0.wp.com\/casadecampoliving.com\/wp-content\/uploads\/2022\/10\/IMG_0070-e1471280253891.jpg?fit=1000%2C600&ssl=1&resize=700%2C400 2x"},"classes":[]},{"id":352033,"url":"https:\/\/casadecampoliving.com\/es\/unete-gabriella-reginato-este-mes-de-octubre-y-aprende-cocinar-como-un-profesional\/","url_meta":{"origin":350666,"position":4},"title":"\u00danete a Gabriella Reginato este mes de octubre y aprende a cocinar como un profesional","author":"Heather Lincoln","date":"28 Sep, 2017","format":false,"excerpt":"Cualquier momento es un buen momento para aprender a cocinar, \u00a1pero con las festividades acerc\u00e1ndose parece casi vital! Las fiestas y reuniones familiares son una oportunidad para mostrar sus habilidades como chef en la cocina. Atr\u00e9vete a impresionar con deliciosos postres, alternativas saludables y platos grandes que dejar\u00e1n a todos\u2026","rel":"","context":"En \u00abEstilo de Vida\u00bb","block_context":{"text":"Estilo de Vida","link":"https:\/\/casadecampoliving.com\/es\/category\/estilo-de-vida\/"},"img":{"alt_text":"Gabriella Reginato Studio Cocina Workshop","src":"https:\/\/i0.wp.com\/casadecampoliving.com\/wp-content\/uploads\/2022\/10\/stir-fry.jpg?fit=1000%2C667&ssl=1&resize=350%2C200","width":350,"height":200,"srcset":"https:\/\/i0.wp.com\/casadecampoliving.com\/wp-content\/uploads\/2022\/10\/stir-fry.jpg?fit=1000%2C667&ssl=1&resize=350%2C200 1x, https:\/\/i0.wp.com\/casadecampoliving.com\/wp-content\/uploads\/2022\/10\/stir-fry.jpg?fit=1000%2C667&ssl=1&resize=525%2C300 1.5x, https:\/\/i0.wp.com\/casadecampoliving.com\/wp-content\/uploads\/2022\/10\/stir-fry.jpg?fit=1000%2C667&ssl=1&resize=700%2C400 2x"},"classes":[]},{"id":348905,"url":"https:\/\/casadecampoliving.com\/es\/tarde-de-cocina-con-melissa-gabriella\/","url_meta":{"origin":350666,"position":5},"title":"Tarde de Cocina con Melissa &#038; Gabriella","author":"Perkin Agramonte","date":"27 Dic, 2015","format":false,"excerpt":"Todas las damas de la comunidad Casa de Campo, y por qu\u00e9 no, los caballeros tambi\u00e9n, est\u00e1n invitados este lunes a una tarde de cocina con las renombradas Chefs Melissa Abusada y Gabriella Reginato. Esta actividad, en beneficio del Hogar del Ni\u00f1o, tendr\u00e1 lugar en Barranca del Mar #17, al\u2026","rel":"","context":"En \u00abCasa de Campo Living @es\u00bb","block_context":{"text":"Casa de Campo Living @es","link":"https:\/\/casadecampoliving.com\/category\/casa-de-campo-living-es\/"},"img":{"alt_text":"Tarde de Cocina","src":"https:\/\/i0.wp.com\/casadecampoliving.com\/wp-content\/uploads\/2022\/10\/TardedeCocina2-e1450977330462-1.jpg?fit=650%2C432&ssl=1&resize=350%2C200","width":350,"height":200,"srcset":"https:\/\/i0.wp.com\/casadecampoliving.com\/wp-content\/uploads\/2022\/10\/TardedeCocina2-e1450977330462-1.jpg?fit=650%2C432&ssl=1&resize=350%2C200 1x, https:\/\/i0.wp.com\/casadecampoliving.com\/wp-content\/uploads\/2022\/10\/TardedeCocina2-e1450977330462-1.jpg?fit=650%2C432&ssl=1&resize=525%2C300 1.5x"},"classes":[]}],"jetpack_sharing_enabled":true,"_links":{"self":[{"href":"https:\/\/casadecampoliving.com\/es\/wp-json\/wp\/v2\/posts\/350666","targetHints":{"allow":["GET"]}}],"collection":[{"href":"https:\/\/casadecampoliving.com\/es\/wp-json\/wp\/v2\/posts"}],"about":[{"href":"https:\/\/casadecampoliving.com\/es\/wp-json\/wp\/v2\/types\/post"}],"author":[{"embeddable":true,"href":"https:\/\/casadecampoliving.com\/es\/wp-json\/wp\/v2\/users\/36682"}],"replies":[{"embeddable":true,"href":"https:\/\/casadecampoliving.com\/es\/wp-json\/wp\/v2\/comments?post=350666"}],"version-history":[{"count":1,"href":"https:\/\/casadecampoliving.com\/es\/wp-json\/wp\/v2\/posts\/350666\/revisions"}],"predecessor-version":[{"id":350667,"href":"https:\/\/casadecampoliving.com\/es\/wp-json\/wp\/v2\/posts\/350666\/revisions\/350667"}],"wp:featuredmedia":[{"embeddable":true,"href":"https:\/\/casadecampoliving.com\/es\/wp-json\/wp\/v2\/media\/302372"}],"wp:attachment":[{"href":"https:\/\/casadecampoliving.com\/es\/wp-json\/wp\/v2\/media?parent=350666"}],"wp:term":[{"taxonomy":"category","embeddable":true,"href":"https:\/\/casadecampoliving.com\/es\/wp-json\/wp\/v2\/categories?post=350666"},{"taxonomy":"post_tag","embeddable":true,"href":"https:\/\/casadecampoliving.com\/es\/wp-json\/wp\/v2\/tags?post=350666"},{"taxonomy":"newspack_spnsrs_tax","embeddable":true,"href":"https:\/\/casadecampoliving.com\/es\/wp-json\/wp\/v2\/newspack_spnsrs_tax?post=350666"}],"curies":[{"name":"wp","href":"https:\/\/api.w.org\/{rel}","templated":true}]}}