{"id":350618,"date":"2016-10-11T00:00:00","date_gmt":"2016-10-11T04:00:00","guid":{"rendered":"https:\/\/casadecampoliving.com\/fiesta-de-te-durante-el-cafe-de-la-leche-del-mes-de-octubre\/"},"modified":"2022-11-10T10:03:58","modified_gmt":"2022-11-10T14:03:58","slug":"fiesta-de-te-durante-el-cafe-de-la-leche-del-mes-de-octubre","status":"publish","type":"post","link":"https:\/\/casadecampoliving.com\/es\/fiesta-de-te-durante-el-cafe-de-la-leche-del-mes-de-octubre\/","title":{"rendered":"Un elegante coctel y fiesta de t\u00e9 durante el Caf\u00e9 de la Leche del mes de octubre *\u00a1NUEVAS FOTOS!*"},"content":{"rendered":"<p><img data-recalc-dims=\"1\" loading=\"lazy\" decoding=\"async\" class=\"alignnone size-full wp-image-125188\" src=\"https:\/\/i0.wp.com\/casadecampoliving.com\/wp-content\/uploads\/2022\/10\/IMG_7902.jpg?resize=1000%2C667&#038;ssl=1\" alt=\"Caf\u00e9 de la Leche Tea Party\" width=\"1000\" height=\"667\" \/><\/p>\n<p style=\"text-align: justify;\"><strong>ACTUALIZACI\u00d3N: Vea la nueva galer\u00eda de fotos abajo!<\/strong> Cada mes tenemos la suerte de estar en contacto con amigos y celebrar una causa muy especial. Caf\u00e9 de la Leche recolecta\u00a0donaciones para la Sala\u00a0Cuna del Hogar del Ni\u00f1o, que alimenta a m\u00e1s de 200 beb\u00e9s todos los d\u00edas, \u00a1y gracias a las\u00a0contribuciones entregadas durante el\u00a0Caf\u00e9 de la Leche se logra suministrar m\u00e1s del 80% de la leche y formula necesaria! Uno de los mejores aspectos de estas reuniones, adem\u00e1s de ayudar a los ni\u00f1os de La Romana, es vestirse\u00a0para las fiestas tematicas \u00a1las cuales se han convertido en una tendencia agradable!<\/p>\n<p><!--more--><\/p>\n<p><img data-recalc-dims=\"1\" loading=\"lazy\" decoding=\"async\" class=\"alignnone size-full wp-image-125189\" src=\"https:\/\/i0.wp.com\/casadecampoliving.com\/wp-content\/uploads\/2022\/10\/IMG_8020.jpg?resize=1000%2C629&#038;ssl=1\" alt=\"Caf\u00e9 de la Leche Tea Party\" width=\"1000\" height=\"629\" \/><\/p>\n<p style=\"text-align: justify;\">Lauren Llenas e Idarmis Cucurullo organizaron una fiesta de t\u00e9 con sombreros y tocados muy al estilo chic de Londres el pasado jueves 6 de octubre. El d\u00fao nos tenia preparado\u00a0deliciosos entremeses incluyendo una degustaci\u00f3n de quesos Michel y Castello, junto con una lasa\u00f1a Michel, frutas, Vegetales\u00a0y hummus, cusc\u00fas, \u00a1y sandwichon gourmet! Una hermosa mesa de postres con mousse de chocolate blanco con\u00a0Oreo, tarta de limon, y una variedad de parfaits preparados\u00a0por Angela S\u00e1nchez, tambi\u00e9n estuvo presente\u00a0en la casa de Idarmis, Ribera del R\u00edo an La Marina.<\/p>\n<p><img data-recalc-dims=\"1\" loading=\"lazy\" decoding=\"async\" class=\"alignnone size-full wp-image-125191\" src=\"https:\/\/i0.wp.com\/casadecampoliving.com\/wp-content\/uploads\/2022\/10\/IMG_7908.jpg?resize=1000%2C667&#038;ssl=1\" alt=\"Caf\u00e9 de la Leche Tea Party\" width=\"1000\" height=\"667\" \/><\/p>\n<p style=\"text-align: justify;\">Durante la tarde las damas disfrutaron de\u00a0sangr\u00edas, y Prosecco servido sobre helados de frutas organicas sin azucar gracias a Puro Zumo, mientras que admiraban y elogiaban los sombreros y tocados que incluian estilos de flores de colores, a peque\u00f1os sombreros de ala ancha con plumas y velos. Todas las que asistieron agradecieron a\u00a0Lauren y Idarmis por este ingenioso y muy organizado evento. \u00ab\u00a1Es muy divertido vestirse para la ocaci\u00f3n!\u00bb dijeron muchas que &#8211; ya que, despu\u00e9s de todo, con el estilo de Kate Middleton como la inspiraci\u00f3n, le\u00a0fue f\u00e1cil a\u00a0las elegantes damas\u00a0de Casa de Campo mantenerse dentro del\u00a0tema de la fiesta. En una noche encantadora y llena de\u00a0elegancia compartimos con\u00a0amigos, brindamos por\u00a0los buenos tiempos, e incluso nos emocionamos al momento de la rifa de certificados de regalo a Pinecrest terapia f\u00edsica, Casa de Campo Spa, Lago Grill, \u00a1y el \u00faltimo gran premio de un elemento de ropa de playa de Carolina Soc\u00edas!<img data-recalc-dims=\"1\" loading=\"lazy\" decoding=\"async\" class=\"alignnone size-full wp-image-125192\" src=\"https:\/\/i0.wp.com\/casadecampoliving.com\/wp-content\/uploads\/2022\/10\/IMG_8032.jpg?resize=1000%2C667&#038;ssl=1\" alt=\"Caf\u00e9 de la Leche Tea Party\" width=\"1000\" height=\"667\" \/><\/p>\n<p>Con m\u00fasica gracias a\u00a0la hermana de Lauren, DJ Miss\u00a0Gem &#8211; Natasha Marie convirti\u00f3 la sofisticada reuni\u00f3n\u00a0del t\u00e9 en todo una fiesta al caer la tarde.\u00a0Tocando \u00e9xitos populares como \u00abLa Bicicleta\u00bb \u00a0de Carlos Vives y de Shakira al final de la noche, varios invitados sacaron sus celulares para capturar algunos snapchats memorables \u00a1y videos con amigos! El sol puede haberse ocultado pero, los\u00a0grandes eventos de Caf\u00e9 de la Leche continuan. <strong>\u00a1No se pierda el pr\u00f3ximo Caf\u00e9 de la Leche que se realizar\u00e1\u00a0en Casa de Campo el mes que viene!<\/strong><\/p>\n<p>Vea m\u00e1s fotos de la fiesta del t\u00e9 con\u00a0sombreros y tocados en la galer\u00eda de fotos a continuaci\u00f3n, tomadas por Laura Perdomo el jueves 6 de octubre:<\/p>\n<p>[nggallery id= 2701]<\/p>\n<p>y por\u00a0Mairobi Herrera:<\/p>\n<p>[nggallery id= 2707]<\/p>\n<blockquote><p><strong><a href=\"https:\/\/casadecampoliving.com\/hogardelnino\/\">The Hogar del Ni\u00f1o<\/a><\/strong><\/p>\n<p><img data-recalc-dims=\"1\" loading=\"lazy\" decoding=\"async\" class=\"alignright\" title=\"hogar_del_nino\" src=\"https:\/\/i0.wp.com\/casadecampoliving.com\/wp-content\/uploads\/2022\/10\/hogar_del_nino-28.jpg?resize=200%2C105&#038;ssl=1\" alt=\"hogar del nino \" width=\"200\" height=\"105\" \/><\/p>\n<p>El Hogar del Ni\u00f1o es un centro educacional y de cuidado para m\u00e1s de 1,500 ni\u00f1os, ubicado en el pueblo de La Romana, justo a las afueras de Casa de Campo. Ni\u00f1os que van desde los pocas semanas de nacidos hasta los 18 a\u00f1os de edad, son cuidados y educados a diario desde las 5:30am las 7pm.<\/p>\n<p>La organizaci\u00f3n tambi\u00e9n provee educaci\u00f3n especial para ni\u00f1os especiales que padecen de ceguera o con limitaciones auditivas, al igual que una escuela vocacional en la que m\u00e1s de 235 estudiantes reciben educaci\u00f3n en las distintas \u00e1reas como: costura, preparaci\u00f3n industrial, mantenimiento e instalaci\u00f3n el\u00e9ctrica; manejo de programas de c\u00f3mputos.<\/p>\n<p><strong>Comun\u00edquese con el Hogar del Ni\u00f1o al:<br \/>\nTel:\u00a0<\/strong>(809) 523-8901<strong>\u00a0<\/strong>o al (809) 556-3181<strong><br \/>\nEmail:\u00a0<\/strong><a href=\"mailto:info@pbo.org.do\" target=\"_blank\" rel=\"noopener\">info@pbo.org.do<\/a><strong><br \/>\nSitio Web:\u00a0<\/strong><a href=\"http:\/\/pbo.org.do\/site\/es\/\" target=\"_blank\" rel=\"noopener\">pbo.org.do<\/a><\/p>\n<p>&nbsp;<\/p><\/blockquote>\n","protected":false},"excerpt":{"rendered":"<p>ACTUALIZACI\u00d3N: Vea la nueva galer\u00eda de fotos abajo! Cada mes tenemos la suerte de estar en contacto con amigos y celebrar una causa muy especial. Caf\u00e9 de la Leche recolecta\u00a0donaciones para la Sala\u00a0Cuna del Hogar del Ni\u00f1o, que alimenta a m\u00e1s de 200 beb\u00e9s todos los d\u00edas, \u00a1y gracias a las\u00a0contribuciones entregadas durante el\u00a0Caf\u00e9 de [&hellip;]<\/p>\n","protected":false},"author":36681,"featured_media":300137,"comment_status":"closed","ping_status":"closed","sticky":false,"template":"","format":"standard","meta":{"newspack_ads_suppress_ads":false,"newspack_popups_has_disabled_popups":false,"newspack_sponsor_sponsorship_scope":"","newspack_sponsor_native_byline_display":"inherit","newspack_sponsor_native_category_display":"inherit","newspack_sponsor_underwriter_style":"inherit","newspack_sponsor_underwriter_placement":"inherit","_newspack_byline_active":false,"_newspack_byline":"","newspack_hide_updated_date":false,"newspack_show_updated_date":false,"newspack_content_restriction_is_exempt":false,"newspack_featured_image_position":"","newspack_post_subtitle":"","newspack_article_summary_title":"Overview:","newspack_article_summary":"","_jetpack_memberships_contains_paid_content":false,"footnotes":"","jetpack_publicize_message":"","jetpack_publicize_feature_enabled":true,"jetpack_social_post_already_shared":false,"jetpack_social_options":{"image_generator_settings":{"template":"highway","default_image_id":0,"font":"","enabled":false},"version":2},"_wpas_customize_per_network":false},"categories":[14629,14631,2522,2514,2516,2523,14625],"tags":[23755,5744,6113,4484,14736,12584,14876,13675,5718,12080,19415],"newspack_spnsrs_tax":[],"class_list":["post-350618","post","type-post","status-publish","format-standard","has-post-thumbnail","hentry","category-comidas-bebidas","category-estilo-de-vida","category-eventos-es","category-fundaciones-es","category-hogar-del-nino-es","category-moda-es","category-noticias-locales","tag-cafe-de-la-leche-es-5","tag-cafe-de-la-leche-es","tag-carolina-socias","tag-el-hogar-del-nino","tag-featured-topview-es","tag-fiesta-de-te","tag-hogar-del-nino-es","tag-idarmis-cucurullo-es","tag-la-marina","tag-sombreros","tag-tocados","entry"],"yoast_head":"<!-- This site is optimized with the Yoast SEO plugin v27.4 - https:\/\/yoast.com\/product\/yoast-seo-wordpress\/ -->\n<title>Un elegante coctel y fiesta de t\u00e9 durante el Caf\u00e9 de la Leche del mes de octubre *\u00a1NUEVAS FOTOS!* | Casa de Campo Living<\/title>\n<meta name=\"description\" content=\"ACTUALIZACI\u00d3N: Vea la nueva galer\u00eda de fotos abajo! Cada mes tenemos la suerte de estar en contacto con amigos y celebrar una causa muy especial. Caf\u00e9 de\" \/>\n<meta name=\"robots\" content=\"index, follow, max-snippet:-1, max-image-preview:large, max-video-preview:-1\" \/>\n<link rel=\"canonical\" href=\"https:\/\/casadecampoliving.com\/es\/fiesta-de-te-durante-el-cafe-de-la-leche-del-mes-de-octubre\/\" \/>\n<meta property=\"og:locale\" content=\"es_ES\" \/>\n<meta property=\"og:type\" content=\"article\" \/>\n<meta property=\"og:title\" content=\"Un elegante coctel y fiesta de t\u00e9 durante el Caf\u00e9 de la Leche del mes de octubre *\u00a1NUEVAS FOTOS!* | Casa de Campo Living\" \/>\n<meta property=\"og:description\" content=\"ACTUALIZACI\u00d3N: Vea la nueva galer\u00eda de fotos abajo! Cada mes tenemos la suerte de estar en contacto con amigos y celebrar una causa muy especial. Caf\u00e9 de\" \/>\n<meta property=\"og:url\" content=\"https:\/\/casadecampoliving.com\/es\/fiesta-de-te-durante-el-cafe-de-la-leche-del-mes-de-octubre\/\" \/>\n<meta property=\"og:site_name\" content=\"Casa de Campo Living\" \/>\n<meta property=\"article:publisher\" content=\"https:\/\/www.facebook.com\/casadecampoliving\" \/>\n<meta property=\"article:published_time\" content=\"2016-10-11T04:00:00+00:00\" \/>\n<meta property=\"article:modified_time\" content=\"2022-11-10T14:03:58+00:00\" \/>\n<meta property=\"og:image\" content=\"https:\/\/i0.wp.com\/casadecampoliving.com\/wp-content\/uploads\/2022\/10\/IMG_7902-e1476149565213.jpg?fit=830%2C667&ssl=1\" \/>\n\t<meta property=\"og:image:width\" content=\"830\" \/>\n\t<meta property=\"og:image:height\" content=\"667\" \/>\n\t<meta property=\"og:image:type\" content=\"image\/jpeg\" \/>\n<meta name=\"author\" content=\"Heather Lincoln\" \/>\n<meta name=\"twitter:card\" content=\"summary_large_image\" \/>\n<meta name=\"twitter:creator\" content=\"@cdcliving\" \/>\n<meta name=\"twitter:site\" content=\"@cdcliving\" \/>\n<meta name=\"twitter:label1\" content=\"Escrito por\" \/>\n\t<meta name=\"twitter:data1\" content=\"Heather Lincoln\" \/>\n\t<meta name=\"twitter:label2\" content=\"Tiempo de lectura\" \/>\n\t<meta name=\"twitter:data2\" content=\"3 minutos\" \/>\n<script type=\"application\/ld+json\" class=\"yoast-schema-graph\">{\"@context\":\"https:\\\/\\\/schema.org\",\"@graph\":[{\"@type\":\"Article\",\"@id\":\"https:\\\/\\\/casadecampoliving.com\\\/es\\\/fiesta-de-te-durante-el-cafe-de-la-leche-del-mes-de-octubre\\\/#article\",\"isPartOf\":{\"@id\":\"https:\\\/\\\/casadecampoliving.com\\\/es\\\/fiesta-de-te-durante-el-cafe-de-la-leche-del-mes-de-octubre\\\/\"},\"author\":{\"name\":\"Heather Lincoln\",\"@id\":\"https:\\\/\\\/casadecampoliving.com\\\/es\\\/#\\\/schema\\\/person\\\/e3abfc63c1478fd703266a6f33a3145d\"},\"headline\":\"Un elegante coctel y fiesta de t\u00e9 durante el Caf\u00e9 de la Leche del mes de octubre *\u00a1NUEVAS FOTOS!*\",\"datePublished\":\"2016-10-11T04:00:00+00:00\",\"dateModified\":\"2022-11-10T14:03:58+00:00\",\"mainEntityOfPage\":{\"@id\":\"https:\\\/\\\/casadecampoliving.com\\\/es\\\/fiesta-de-te-durante-el-cafe-de-la-leche-del-mes-de-octubre\\\/\"},\"wordCount\":681,\"publisher\":{\"@id\":\"https:\\\/\\\/casadecampoliving.com\\\/es\\\/#organization\"},\"image\":{\"@id\":\"https:\\\/\\\/casadecampoliving.com\\\/es\\\/fiesta-de-te-durante-el-cafe-de-la-leche-del-mes-de-octubre\\\/#primaryimage\"},\"thumbnailUrl\":\"https:\\\/\\\/i0.wp.com\\\/casadecampoliving.com\\\/wp-content\\\/uploads\\\/2022\\\/10\\\/IMG_7902-e1476149565213.jpg?fit=830%2C667&ssl=1\",\"keywords\":[\"cafe de la leche\",\"cafe de la leche @es\",\"carolina soc\u00edas\",\"el hogar del nino\",\"Featured-TopView @es\",\"Fiesta de T\u00e9\",\"hogar del nino\",\"Idarmis Cucurullo @es\",\"la marina\",\"Sombreros\",\"tocados\"],\"articleSection\":[\"Comidas &amp; Bebidas\",\"Estilo de Vida\",\"Eventos\",\"Fundaciones\",\"Hogar del Ni\u00f1o @es\",\"Moda\",\"Noticias Locales\"],\"inLanguage\":\"es\"},{\"@type\":\"WebPage\",\"@id\":\"https:\\\/\\\/casadecampoliving.com\\\/es\\\/fiesta-de-te-durante-el-cafe-de-la-leche-del-mes-de-octubre\\\/\",\"url\":\"https:\\\/\\\/casadecampoliving.com\\\/es\\\/fiesta-de-te-durante-el-cafe-de-la-leche-del-mes-de-octubre\\\/\",\"name\":\"Un elegante coctel y fiesta de t\u00e9 durante el Caf\u00e9 de la Leche del mes de octubre *\u00a1NUEVAS FOTOS!* | Casa de Campo Living\",\"isPartOf\":{\"@id\":\"https:\\\/\\\/casadecampoliving.com\\\/es\\\/#website\"},\"primaryImageOfPage\":{\"@id\":\"https:\\\/\\\/casadecampoliving.com\\\/es\\\/fiesta-de-te-durante-el-cafe-de-la-leche-del-mes-de-octubre\\\/#primaryimage\"},\"image\":{\"@id\":\"https:\\\/\\\/casadecampoliving.com\\\/es\\\/fiesta-de-te-durante-el-cafe-de-la-leche-del-mes-de-octubre\\\/#primaryimage\"},\"thumbnailUrl\":\"https:\\\/\\\/i0.wp.com\\\/casadecampoliving.com\\\/wp-content\\\/uploads\\\/2022\\\/10\\\/IMG_7902-e1476149565213.jpg?fit=830%2C667&ssl=1\",\"datePublished\":\"2016-10-11T04:00:00+00:00\",\"dateModified\":\"2022-11-10T14:03:58+00:00\",\"description\":\"ACTUALIZACI\u00d3N: Vea la nueva galer\u00eda de fotos abajo! Cada mes tenemos la suerte de estar en contacto con amigos y celebrar una causa muy especial. Caf\u00e9 de\",\"breadcrumb\":{\"@id\":\"https:\\\/\\\/casadecampoliving.com\\\/es\\\/fiesta-de-te-durante-el-cafe-de-la-leche-del-mes-de-octubre\\\/#breadcrumb\"},\"inLanguage\":\"es\",\"potentialAction\":[{\"@type\":\"ReadAction\",\"target\":[\"https:\\\/\\\/casadecampoliving.com\\\/es\\\/fiesta-de-te-durante-el-cafe-de-la-leche-del-mes-de-octubre\\\/\"]}]},{\"@type\":\"ImageObject\",\"inLanguage\":\"es\",\"@id\":\"https:\\\/\\\/casadecampoliving.com\\\/es\\\/fiesta-de-te-durante-el-cafe-de-la-leche-del-mes-de-octubre\\\/#primaryimage\",\"url\":\"https:\\\/\\\/i0.wp.com\\\/casadecampoliving.com\\\/wp-content\\\/uploads\\\/2022\\\/10\\\/IMG_7902-e1476149565213.jpg?fit=830%2C667&ssl=1\",\"contentUrl\":\"https:\\\/\\\/i0.wp.com\\\/casadecampoliving.com\\\/wp-content\\\/uploads\\\/2022\\\/10\\\/IMG_7902-e1476149565213.jpg?fit=830%2C667&ssl=1\",\"width\":830,\"height\":667,\"caption\":\"Caf\u00e9 de la Leche Tea Party\"},{\"@type\":\"BreadcrumbList\",\"@id\":\"https:\\\/\\\/casadecampoliving.com\\\/es\\\/fiesta-de-te-durante-el-cafe-de-la-leche-del-mes-de-octubre\\\/#breadcrumb\",\"itemListElement\":[{\"@type\":\"ListItem\",\"position\":1,\"name\":\"Home\",\"item\":\"https:\\\/\\\/casadecampoliving.com\\\/es\\\/\"},{\"@type\":\"ListItem\",\"position\":2,\"name\":\"Un elegante coctel y fiesta de t\u00e9 durante el Caf\u00e9 de la Leche del mes de octubre *\u00a1NUEVAS FOTOS!*\"}]},{\"@type\":\"WebSite\",\"@id\":\"https:\\\/\\\/casadecampoliving.com\\\/es\\\/#website\",\"url\":\"https:\\\/\\\/casadecampoliving.com\\\/es\\\/\",\"name\":\"Casa de Campo Living\",\"description\":\"Resort community news and resources.\",\"publisher\":{\"@id\":\"https:\\\/\\\/casadecampoliving.com\\\/es\\\/#organization\"},\"potentialAction\":[{\"@type\":\"SearchAction\",\"target\":{\"@type\":\"EntryPoint\",\"urlTemplate\":\"https:\\\/\\\/casadecampoliving.com\\\/es\\\/?s={search_term_string}\"},\"query-input\":{\"@type\":\"PropertyValueSpecification\",\"valueRequired\":true,\"valueName\":\"search_term_string\"}}],\"inLanguage\":\"es\"},{\"@type\":\"Organization\",\"@id\":\"https:\\\/\\\/casadecampoliving.com\\\/es\\\/#organization\",\"name\":\"Casa de Campo Living\",\"url\":\"https:\\\/\\\/casadecampoliving.com\\\/es\\\/\",\"logo\":{\"@type\":\"ImageObject\",\"inLanguage\":\"es\",\"@id\":\"https:\\\/\\\/casadecampoliving.com\\\/es\\\/#\\\/schema\\\/logo\\\/image\\\/\",\"url\":\"https:\\\/\\\/i0.wp.com\\\/casadecampoliving.com\\\/wp-content\\\/uploads\\\/2022\\\/07\\\/CDCLivingLogo_V1-white-sized.png?fit=800%2C214&ssl=1\",\"contentUrl\":\"https:\\\/\\\/i0.wp.com\\\/casadecampoliving.com\\\/wp-content\\\/uploads\\\/2022\\\/07\\\/CDCLivingLogo_V1-white-sized.png?fit=800%2C214&ssl=1\",\"width\":800,\"height\":214,\"caption\":\"Casa de Campo Living\"},\"image\":{\"@id\":\"https:\\\/\\\/casadecampoliving.com\\\/es\\\/#\\\/schema\\\/logo\\\/image\\\/\"},\"sameAs\":[\"https:\\\/\\\/www.facebook.com\\\/casadecampoliving\",\"https:\\\/\\\/x.com\\\/cdcliving\"]},{\"@type\":\"Person\",\"@id\":\"https:\\\/\\\/casadecampoliving.com\\\/es\\\/#\\\/schema\\\/person\\\/e3abfc63c1478fd703266a6f33a3145d\",\"name\":\"Heather Lincoln\",\"image\":{\"@type\":\"ImageObject\",\"inLanguage\":\"es\",\"@id\":\"https:\\\/\\\/secure.gravatar.com\\\/avatar\\\/e8fc1ce4ad50385675908137b0d8d66be281d034bf072b4700460237638ea6d0?s=96&d=mm&r=g\",\"url\":\"https:\\\/\\\/secure.gravatar.com\\\/avatar\\\/e8fc1ce4ad50385675908137b0d8d66be281d034bf072b4700460237638ea6d0?s=96&d=mm&r=g\",\"contentUrl\":\"https:\\\/\\\/secure.gravatar.com\\\/avatar\\\/e8fc1ce4ad50385675908137b0d8d66be281d034bf072b4700460237638ea6d0?s=96&d=mm&r=g\",\"caption\":\"Heather Lincoln\"},\"url\":\"https:\\\/\\\/casadecampoliving.com\\\/es\\\/author\\\/hcastillo\\\/\"}]}<\/script>\n<!-- \/ Yoast SEO plugin. -->","yoast_head_json":{"title":"Un elegante coctel y fiesta de t\u00e9 durante el Caf\u00e9 de la Leche del mes de octubre *\u00a1NUEVAS FOTOS!* | Casa de Campo Living","description":"ACTUALIZACI\u00d3N: Vea la nueva galer\u00eda de fotos abajo! Cada mes tenemos la suerte de estar en contacto con amigos y celebrar una causa muy especial. Caf\u00e9 de","robots":{"index":"index","follow":"follow","max-snippet":"max-snippet:-1","max-image-preview":"max-image-preview:large","max-video-preview":"max-video-preview:-1"},"canonical":"https:\/\/casadecampoliving.com\/es\/fiesta-de-te-durante-el-cafe-de-la-leche-del-mes-de-octubre\/","og_locale":"es_ES","og_type":"article","og_title":"Un elegante coctel y fiesta de t\u00e9 durante el Caf\u00e9 de la Leche del mes de octubre *\u00a1NUEVAS FOTOS!* | Casa de Campo Living","og_description":"ACTUALIZACI\u00d3N: Vea la nueva galer\u00eda de fotos abajo! Cada mes tenemos la suerte de estar en contacto con amigos y celebrar una causa muy especial. Caf\u00e9 de","og_url":"https:\/\/casadecampoliving.com\/es\/fiesta-de-te-durante-el-cafe-de-la-leche-del-mes-de-octubre\/","og_site_name":"Casa de Campo Living","article_publisher":"https:\/\/www.facebook.com\/casadecampoliving","article_published_time":"2016-10-11T04:00:00+00:00","article_modified_time":"2022-11-10T14:03:58+00:00","og_image":[{"width":830,"height":667,"url":"https:\/\/i0.wp.com\/casadecampoliving.com\/wp-content\/uploads\/2022\/10\/IMG_7902-e1476149565213.jpg?fit=830%2C667&ssl=1","type":"image\/jpeg"}],"author":"Heather Lincoln","twitter_card":"summary_large_image","twitter_creator":"@cdcliving","twitter_site":"@cdcliving","twitter_misc":{"Escrito por":"Heather Lincoln","Tiempo de lectura":"3 minutos"},"schema":{"@context":"https:\/\/schema.org","@graph":[{"@type":"Article","@id":"https:\/\/casadecampoliving.com\/es\/fiesta-de-te-durante-el-cafe-de-la-leche-del-mes-de-octubre\/#article","isPartOf":{"@id":"https:\/\/casadecampoliving.com\/es\/fiesta-de-te-durante-el-cafe-de-la-leche-del-mes-de-octubre\/"},"author":{"name":"Heather Lincoln","@id":"https:\/\/casadecampoliving.com\/es\/#\/schema\/person\/e3abfc63c1478fd703266a6f33a3145d"},"headline":"Un elegante coctel y fiesta de t\u00e9 durante el Caf\u00e9 de la Leche del mes de octubre *\u00a1NUEVAS FOTOS!*","datePublished":"2016-10-11T04:00:00+00:00","dateModified":"2022-11-10T14:03:58+00:00","mainEntityOfPage":{"@id":"https:\/\/casadecampoliving.com\/es\/fiesta-de-te-durante-el-cafe-de-la-leche-del-mes-de-octubre\/"},"wordCount":681,"publisher":{"@id":"https:\/\/casadecampoliving.com\/es\/#organization"},"image":{"@id":"https:\/\/casadecampoliving.com\/es\/fiesta-de-te-durante-el-cafe-de-la-leche-del-mes-de-octubre\/#primaryimage"},"thumbnailUrl":"https:\/\/i0.wp.com\/casadecampoliving.com\/wp-content\/uploads\/2022\/10\/IMG_7902-e1476149565213.jpg?fit=830%2C667&ssl=1","keywords":["cafe de la leche","cafe de la leche @es","carolina soc\u00edas","el hogar del nino","Featured-TopView @es","Fiesta de T\u00e9","hogar del nino","Idarmis Cucurullo @es","la marina","Sombreros","tocados"],"articleSection":["Comidas &amp; Bebidas","Estilo de Vida","Eventos","Fundaciones","Hogar del Ni\u00f1o @es","Moda","Noticias Locales"],"inLanguage":"es"},{"@type":"WebPage","@id":"https:\/\/casadecampoliving.com\/es\/fiesta-de-te-durante-el-cafe-de-la-leche-del-mes-de-octubre\/","url":"https:\/\/casadecampoliving.com\/es\/fiesta-de-te-durante-el-cafe-de-la-leche-del-mes-de-octubre\/","name":"Un elegante coctel y fiesta de t\u00e9 durante el Caf\u00e9 de la Leche del mes de octubre *\u00a1NUEVAS FOTOS!* | Casa de Campo Living","isPartOf":{"@id":"https:\/\/casadecampoliving.com\/es\/#website"},"primaryImageOfPage":{"@id":"https:\/\/casadecampoliving.com\/es\/fiesta-de-te-durante-el-cafe-de-la-leche-del-mes-de-octubre\/#primaryimage"},"image":{"@id":"https:\/\/casadecampoliving.com\/es\/fiesta-de-te-durante-el-cafe-de-la-leche-del-mes-de-octubre\/#primaryimage"},"thumbnailUrl":"https:\/\/i0.wp.com\/casadecampoliving.com\/wp-content\/uploads\/2022\/10\/IMG_7902-e1476149565213.jpg?fit=830%2C667&ssl=1","datePublished":"2016-10-11T04:00:00+00:00","dateModified":"2022-11-10T14:03:58+00:00","description":"ACTUALIZACI\u00d3N: Vea la nueva galer\u00eda de fotos abajo! Cada mes tenemos la suerte de estar en contacto con amigos y celebrar una causa muy especial. Caf\u00e9 de","breadcrumb":{"@id":"https:\/\/casadecampoliving.com\/es\/fiesta-de-te-durante-el-cafe-de-la-leche-del-mes-de-octubre\/#breadcrumb"},"inLanguage":"es","potentialAction":[{"@type":"ReadAction","target":["https:\/\/casadecampoliving.com\/es\/fiesta-de-te-durante-el-cafe-de-la-leche-del-mes-de-octubre\/"]}]},{"@type":"ImageObject","inLanguage":"es","@id":"https:\/\/casadecampoliving.com\/es\/fiesta-de-te-durante-el-cafe-de-la-leche-del-mes-de-octubre\/#primaryimage","url":"https:\/\/i0.wp.com\/casadecampoliving.com\/wp-content\/uploads\/2022\/10\/IMG_7902-e1476149565213.jpg?fit=830%2C667&ssl=1","contentUrl":"https:\/\/i0.wp.com\/casadecampoliving.com\/wp-content\/uploads\/2022\/10\/IMG_7902-e1476149565213.jpg?fit=830%2C667&ssl=1","width":830,"height":667,"caption":"Caf\u00e9 de la Leche Tea Party"},{"@type":"BreadcrumbList","@id":"https:\/\/casadecampoliving.com\/es\/fiesta-de-te-durante-el-cafe-de-la-leche-del-mes-de-octubre\/#breadcrumb","itemListElement":[{"@type":"ListItem","position":1,"name":"Home","item":"https:\/\/casadecampoliving.com\/es\/"},{"@type":"ListItem","position":2,"name":"Un elegante coctel y fiesta de t\u00e9 durante el Caf\u00e9 de la Leche del mes de octubre *\u00a1NUEVAS FOTOS!*"}]},{"@type":"WebSite","@id":"https:\/\/casadecampoliving.com\/es\/#website","url":"https:\/\/casadecampoliving.com\/es\/","name":"Casa de Campo Living","description":"Resort community news and resources.","publisher":{"@id":"https:\/\/casadecampoliving.com\/es\/#organization"},"potentialAction":[{"@type":"SearchAction","target":{"@type":"EntryPoint","urlTemplate":"https:\/\/casadecampoliving.com\/es\/?s={search_term_string}"},"query-input":{"@type":"PropertyValueSpecification","valueRequired":true,"valueName":"search_term_string"}}],"inLanguage":"es"},{"@type":"Organization","@id":"https:\/\/casadecampoliving.com\/es\/#organization","name":"Casa de Campo Living","url":"https:\/\/casadecampoliving.com\/es\/","logo":{"@type":"ImageObject","inLanguage":"es","@id":"https:\/\/casadecampoliving.com\/es\/#\/schema\/logo\/image\/","url":"https:\/\/i0.wp.com\/casadecampoliving.com\/wp-content\/uploads\/2022\/07\/CDCLivingLogo_V1-white-sized.png?fit=800%2C214&ssl=1","contentUrl":"https:\/\/i0.wp.com\/casadecampoliving.com\/wp-content\/uploads\/2022\/07\/CDCLivingLogo_V1-white-sized.png?fit=800%2C214&ssl=1","width":800,"height":214,"caption":"Casa de Campo Living"},"image":{"@id":"https:\/\/casadecampoliving.com\/es\/#\/schema\/logo\/image\/"},"sameAs":["https:\/\/www.facebook.com\/casadecampoliving","https:\/\/x.com\/cdcliving"]},{"@type":"Person","@id":"https:\/\/casadecampoliving.com\/es\/#\/schema\/person\/e3abfc63c1478fd703266a6f33a3145d","name":"Heather Lincoln","image":{"@type":"ImageObject","inLanguage":"es","@id":"https:\/\/secure.gravatar.com\/avatar\/e8fc1ce4ad50385675908137b0d8d66be281d034bf072b4700460237638ea6d0?s=96&d=mm&r=g","url":"https:\/\/secure.gravatar.com\/avatar\/e8fc1ce4ad50385675908137b0d8d66be281d034bf072b4700460237638ea6d0?s=96&d=mm&r=g","contentUrl":"https:\/\/secure.gravatar.com\/avatar\/e8fc1ce4ad50385675908137b0d8d66be281d034bf072b4700460237638ea6d0?s=96&d=mm&r=g","caption":"Heather Lincoln"},"url":"https:\/\/casadecampoliving.com\/es\/author\/hcastillo\/"}]}},"parsely":{"version":"1.1.0","canonical_url":"https:\/\/casadecampoliving.com\/es\/fiesta-de-te-durante-el-cafe-de-la-leche-del-mes-de-octubre\/","smart_links":{"inbound":0,"outbound":0},"traffic_boost_suggestions_count":0,"meta":{"@context":"https:\/\/schema.org","@type":"NewsArticle","headline":"Un elegante coctel y fiesta de t\u00e9 durante el Caf\u00e9 de la Leche del mes de octubre *\u00a1NUEVAS FOTOS!*","url":"http:\/\/casadecampoliving.com\/es\/fiesta-de-te-durante-el-cafe-de-la-leche-del-mes-de-octubre\/","mainEntityOfPage":{"@type":"WebPage","@id":"http:\/\/casadecampoliving.com\/es\/fiesta-de-te-durante-el-cafe-de-la-leche-del-mes-de-octubre\/"},"thumbnailUrl":"https:\/\/i0.wp.com\/casadecampoliving.com\/wp-content\/uploads\/2022\/10\/IMG_7902-e1476149565213.jpg?resize=150%2C150&ssl=1","image":{"@type":"ImageObject","url":"https:\/\/i0.wp.com\/casadecampoliving.com\/wp-content\/uploads\/2022\/10\/IMG_7902-e1476149565213.jpg?fit=830%2C667&ssl=1"},"articleSection":"Comidas &amp; Bebidas","author":[{"@type":"Person","name":"Heather Lincoln"}],"creator":["Heather Lincoln"],"publisher":{"@type":"Organization","name":"Casa de Campo Living","logo":"https:\/\/casadecampoliving.com\/wp-content\/uploads\/2022\/07\/CDCLivingLogo_V1-white-sized.png"},"keywords":["cafe de la leche","cafe de la leche @es","carolina soc\u00edas","el hogar del nino","featured-topview @es","fiesta de t\u00e9","hogar del nino","idarmis cucurullo @es","la marina","sombreros","tocados"],"dateCreated":"2016-10-11T04:00:00Z","datePublished":"2016-10-11T04:00:00Z","dateModified":"2022-11-10T14:03:58Z"},"rendered":"<script type=\"application\/ld+json\" class=\"wp-parsely-metadata\">{\"@context\":\"https:\\\/\\\/schema.org\",\"@type\":\"NewsArticle\",\"headline\":\"Un elegante coctel y fiesta de t\\u00e9 durante el Caf\\u00e9 de la Leche del mes de octubre *\\u00a1NUEVAS FOTOS!*\",\"url\":\"http:\\\/\\\/casadecampoliving.com\\\/es\\\/fiesta-de-te-durante-el-cafe-de-la-leche-del-mes-de-octubre\\\/\",\"mainEntityOfPage\":{\"@type\":\"WebPage\",\"@id\":\"http:\\\/\\\/casadecampoliving.com\\\/es\\\/fiesta-de-te-durante-el-cafe-de-la-leche-del-mes-de-octubre\\\/\"},\"thumbnailUrl\":\"https:\\\/\\\/i0.wp.com\\\/casadecampoliving.com\\\/wp-content\\\/uploads\\\/2022\\\/10\\\/IMG_7902-e1476149565213.jpg?resize=150%2C150&ssl=1\",\"image\":{\"@type\":\"ImageObject\",\"url\":\"https:\\\/\\\/i0.wp.com\\\/casadecampoliving.com\\\/wp-content\\\/uploads\\\/2022\\\/10\\\/IMG_7902-e1476149565213.jpg?fit=830%2C667&ssl=1\"},\"articleSection\":\"Comidas &amp; Bebidas\",\"author\":[{\"@type\":\"Person\",\"name\":\"Heather Lincoln\"}],\"creator\":[\"Heather Lincoln\"],\"publisher\":{\"@type\":\"Organization\",\"name\":\"Casa de Campo Living\",\"logo\":\"https:\\\/\\\/casadecampoliving.com\\\/wp-content\\\/uploads\\\/2022\\\/07\\\/CDCLivingLogo_V1-white-sized.png\"},\"keywords\":[\"cafe de la leche\",\"cafe de la leche @es\",\"carolina soc\\u00edas\",\"el hogar del nino\",\"featured-topview @es\",\"fiesta de t\\u00e9\",\"hogar del nino\",\"idarmis cucurullo @es\",\"la marina\",\"sombreros\",\"tocados\"],\"dateCreated\":\"2016-10-11T04:00:00Z\",\"datePublished\":\"2016-10-11T04:00:00Z\",\"dateModified\":\"2022-11-10T14:03:58Z\"}<\/script>","tracker_url":"https:\/\/cdn.parsely.com\/keys\/casadecampoliving.com\/p.js"},"jetpack_publicize_connections":[],"jetpack_featured_media_url":"https:\/\/i0.wp.com\/casadecampoliving.com\/wp-content\/uploads\/2022\/10\/IMG_7902-e1476149565213.jpg?fit=830%2C667&ssl=1","jetpack-related-posts":[{"id":342865,"url":"https:\/\/casadecampoliving.com\/es\/ganate-un-meet-greet-pitbull-en-el-cafe-de-la-leche\/","url_meta":{"origin":350618,"position":0},"title":"Ganate un \u00abmeet &#038; greet\u00bb con Pitbull en el After-Party del Caf\u00e9 de la Leche","author":"Lenny Castillo","date":"12 Sep, 2013","format":false,"excerpt":"Ma\u00f1ana, viernes 13 de septiembre, La Cantina Latin Bistro de Altos de Chav\u00f3n ser\u00e1 sede de la reuni\u00f3n mensual Caf\u00e9 de la Leche\u2026 tras la cual, habr\u00e1 una fiesta posterior con la oportunidad de ganar un \u201cmeet and greet\u201d con PITBULL! Como ya todos saben, Pitbull se presentar\u00e1 el pr\u00f3ximo\u2026","rel":"","context":"En \u00abAltos de Chavon @es\u00bb","block_context":{"text":"Altos de Chavon @es","link":"https:\/\/casadecampoliving.com\/category\/altos-de-chavon-es\/"},"img":{"alt_text":"Pitbull meet and greet","src":"https:\/\/i0.wp.com\/casadecampoliving.com\/wp-content\/uploads\/2022\/10\/pibtull_meet_and_greet-1.jpg?fit=650%2C289&ssl=1&resize=350%2C200","width":350,"height":200,"srcset":"https:\/\/i0.wp.com\/casadecampoliving.com\/wp-content\/uploads\/2022\/10\/pibtull_meet_and_greet-1.jpg?fit=650%2C289&ssl=1&resize=350%2C200 1x, https:\/\/i0.wp.com\/casadecampoliving.com\/wp-content\/uploads\/2022\/10\/pibtull_meet_and_greet-1.jpg?fit=650%2C289&ssl=1&resize=525%2C300 1.5x"},"classes":[]},{"id":350806,"url":"https:\/\/casadecampoliving.com\/es\/cafe-de-la-leche-noviembre\/","url_meta":{"origin":350618,"position":1},"title":"Celebre junto con Joyce Berman, actual presidenta de Adopte una Cuna, el Caf\u00e9 de la Leche de este mes","author":"Heather Lincoln","date":"14 Nov, 2016","format":false,"excerpt":"\u00a1Esta semana, Caf\u00e9 de la Leche tiene una anfitriona especial! Nada m\u00e1s y nada menos que la se\u00f1ora Joyce Berman, presidenta del programa Adopte una Cuna del Hogar del Ni\u00f1o, nos invita a su casa en\u00a0Campo de Campo este viernes 18 de noviembre a las 5:00 p.m. En 1996, el\u2026","rel":"","context":"En \u00abComidas &amp; Bebidas\u00bb","block_context":{"text":"Comidas &amp; Bebidas","link":"https:\/\/casadecampoliving.com\/es\/category\/comidas-bebidas\/"},"img":{"alt_text":"Caf\u00e9 de la Leche","src":"https:\/\/i0.wp.com\/casadecampoliving.com\/wp-content\/uploads\/2022\/10\/IMG_7911-e1479146756854.jpg?fit=1000%2C667&ssl=1&resize=350%2C200","width":350,"height":200,"srcset":"https:\/\/i0.wp.com\/casadecampoliving.com\/wp-content\/uploads\/2022\/10\/IMG_7911-e1479146756854.jpg?fit=1000%2C667&ssl=1&resize=350%2C200 1x, https:\/\/i0.wp.com\/casadecampoliving.com\/wp-content\/uploads\/2022\/10\/IMG_7911-e1479146756854.jpg?fit=1000%2C667&ssl=1&resize=525%2C300 1.5x, https:\/\/i0.wp.com\/casadecampoliving.com\/wp-content\/uploads\/2022\/10\/IMG_7911-e1479146756854.jpg?fit=1000%2C667&ssl=1&resize=700%2C400 2x"},"classes":[]},{"id":348827,"url":"https:\/\/casadecampoliving.com\/es\/un-feliz-cafe-de-la-leche\/","url_meta":{"origin":350618,"position":2},"title":"\u00a1Un feliz Caf\u00e9 de la Leche!","author":"Perkin Agramonte","date":"16 Dic, 2015","format":false,"excerpt":"\u00a1Los Buenos tiempos, la alegr\u00eda\u00a0y la generosidad est\u00e1n siempre presentes en el magnifico Caf\u00e9 de la Leche Navide\u00f1o! Durante todo este a\u00f1o hemos tra\u00eddo las fotos y coberturas de las celebraciones mensuales del Caf\u00e9 de la Leche, y la semana pasada compartimos un recuento de las reuniones del Caf\u00e9 de\u2026","rel":"","context":"En \u00abCasa de Campo Living @es\u00bb","block_context":{"text":"Casa de Campo Living @es","link":"https:\/\/casadecampoliving.com\/category\/casa-de-campo-living-es\/"},"img":{"alt_text":"","src":"https:\/\/i0.wp.com\/casadecampoliving.com\/wp-content\/uploads\/2022\/10\/Christmas_Cafe_de_la_Leche-2-scaled.jpg?fit=1200%2C904&ssl=1&resize=350%2C200","width":350,"height":200,"srcset":"https:\/\/i0.wp.com\/casadecampoliving.com\/wp-content\/uploads\/2022\/10\/Christmas_Cafe_de_la_Leche-2-scaled.jpg?fit=1200%2C904&ssl=1&resize=350%2C200 1x, https:\/\/i0.wp.com\/casadecampoliving.com\/wp-content\/uploads\/2022\/10\/Christmas_Cafe_de_la_Leche-2-scaled.jpg?fit=1200%2C904&ssl=1&resize=525%2C300 1.5x, https:\/\/i0.wp.com\/casadecampoliving.com\/wp-content\/uploads\/2022\/10\/Christmas_Cafe_de_la_Leche-2-scaled.jpg?fit=1200%2C904&ssl=1&resize=700%2C400 2x, https:\/\/i0.wp.com\/casadecampoliving.com\/wp-content\/uploads\/2022\/10\/Christmas_Cafe_de_la_Leche-2-scaled.jpg?fit=1200%2C904&ssl=1&resize=1050%2C600 3x"},"classes":[]},{"id":343315,"url":"https:\/\/casadecampoliving.com\/es\/se-acerca-el-cafe-de-la-leche-navideno\/","url_meta":{"origin":350618,"position":3},"title":"\u00a1Se acerca el Caf\u00e9 de la Leche Navide\u00f1o!","author":"Genesis Perdomo","date":"19 Nov, 2013","format":false,"excerpt":"\u00a1Las vacaciones se acercan! y una de las primeras celebraciones ser\u00e1 la del Caf\u00e9 de la Leche Navide\u00f1o organizado por Xiomara Men\u00e9ndez el viernes 13 de diciembre. Con las mejores decoraciones de temporada, la villa de Ram\u00f3n y Xiomara Men\u00e9ndez cada a\u00f1o es transformada en una lugar m\u00e1gico, haciendolo el\u2026","rel":"","context":"En \u00abCasa de Campo Living @es\u00bb","block_context":{"text":"Casa de Campo Living @es","link":"https:\/\/casadecampoliving.com\/category\/casa-de-campo-living-es\/"},"img":{"alt_text":"cafe de la leche","src":"https:\/\/i0.wp.com\/casadecampoliving.com\/wp-content\/uploads\/2022\/10\/cafe_de_la_leche-11.jpg?fit=650%2C412&ssl=1&resize=350%2C200","width":350,"height":200,"srcset":"https:\/\/i0.wp.com\/casadecampoliving.com\/wp-content\/uploads\/2022\/10\/cafe_de_la_leche-11.jpg?fit=650%2C412&ssl=1&resize=350%2C200 1x, https:\/\/i0.wp.com\/casadecampoliving.com\/wp-content\/uploads\/2022\/10\/cafe_de_la_leche-11.jpg?fit=650%2C412&ssl=1&resize=525%2C300 1.5x"},"classes":[]},{"id":348759,"url":"https:\/\/casadecampoliving.com\/es\/cafe-de-la-leche-navideno\/","url_meta":{"origin":350618,"position":4},"title":"\u00a1No te pierdas el mejor y m\u00e1s feliz Caf\u00e9 de la Leche del a\u00f1o!","author":"Felix Guerrero","date":"8 Dic, 2015","format":false,"excerpt":"Todos los meses nos reunimos para celebrar el Caf\u00e9 de la Leche en apoyo a los peque\u00f1ines\u00a0del Hogar del Ni\u00f1o, y este viernes, 11 de diciembre, no ser\u00e1 la excepci\u00f3n; siendo \u00e9ste el \u00faltimo del\u00a0a\u00f1o, el\u00a0Caf\u00e9 de la Leche Navide\u00f1o, \u00a1y vaya que ser\u00e1 espectacular! Como de costumbre, la anfitriona\u2026","rel":"","context":"En \u00abCasa de Campo Living @es\u00bb","block_context":{"text":"Casa de Campo Living @es","link":"https:\/\/casadecampoliving.com\/category\/casa-de-campo-living-es\/"},"img":{"alt_text":"Christmas Caf\u00e9 de la Leche","src":"https:\/\/i0.wp.com\/casadecampoliving.com\/wp-content\/uploads\/2022\/10\/Christmas-Cafe-de-la-Leche-1.jpg?fit=650%2C400&ssl=1&resize=350%2C200","width":350,"height":200,"srcset":"https:\/\/i0.wp.com\/casadecampoliving.com\/wp-content\/uploads\/2022\/10\/Christmas-Cafe-de-la-Leche-1.jpg?fit=650%2C400&ssl=1&resize=350%2C200 1x, https:\/\/i0.wp.com\/casadecampoliving.com\/wp-content\/uploads\/2022\/10\/Christmas-Cafe-de-la-Leche-1.jpg?fit=650%2C400&ssl=1&resize=525%2C300 1.5x"},"classes":[]},{"id":340108,"url":"https:\/\/casadecampoliving.com\/es\/un-espumante-cafe-de-la-leche-con-yrene-caslini\/","url_meta":{"origin":350618,"position":5},"title":"Un espumante Caf\u00e9 de la Leche con Yrene Caslini","author":"","date":"15 Nov, 2012","format":false,"excerpt":"Felicidades a Yrene Caslini, la anfitriona del evento del Caf\u00e9 de la Leche de este mes, realizado el pasado 9 de noviembre de 2012 en su villa de Casa de Campo en el Vivero. \u00a0 Con la gran celebraci\u00f3n Due\u00f1os 2012 que ya realizaba su primer evento de la \"Entrega\u2026","rel":"","context":"En \u00abCasa de Campo Living @es\u00bb","block_context":{"text":"Casa de Campo Living @es","link":"https:\/\/casadecampoliving.com\/category\/casa-de-campo-living-es\/"},"img":{"alt_text":"","src":"https:\/\/i0.wp.com\/casadecampoliving.com\/wp-content\/uploads\/2022\/10\/cafe_de_la_leche2-4.jpg?fit=650%2C363&ssl=1&resize=350%2C200","width":350,"height":200,"srcset":"https:\/\/i0.wp.com\/casadecampoliving.com\/wp-content\/uploads\/2022\/10\/cafe_de_la_leche2-4.jpg?fit=650%2C363&ssl=1&resize=350%2C200 1x, https:\/\/i0.wp.com\/casadecampoliving.com\/wp-content\/uploads\/2022\/10\/cafe_de_la_leche2-4.jpg?fit=650%2C363&ssl=1&resize=525%2C300 1.5x"},"classes":[]}],"jetpack_sharing_enabled":true,"_links":{"self":[{"href":"https:\/\/casadecampoliving.com\/es\/wp-json\/wp\/v2\/posts\/350618","targetHints":{"allow":["GET"]}}],"collection":[{"href":"https:\/\/casadecampoliving.com\/es\/wp-json\/wp\/v2\/posts"}],"about":[{"href":"https:\/\/casadecampoliving.com\/es\/wp-json\/wp\/v2\/types\/post"}],"author":[{"embeddable":true,"href":"https:\/\/casadecampoliving.com\/es\/wp-json\/wp\/v2\/users\/36681"}],"replies":[{"embeddable":true,"href":"https:\/\/casadecampoliving.com\/es\/wp-json\/wp\/v2\/comments?post=350618"}],"version-history":[{"count":1,"href":"https:\/\/casadecampoliving.com\/es\/wp-json\/wp\/v2\/posts\/350618\/revisions"}],"predecessor-version":[{"id":350619,"href":"https:\/\/casadecampoliving.com\/es\/wp-json\/wp\/v2\/posts\/350618\/revisions\/350619"}],"wp:featuredmedia":[{"embeddable":true,"href":"https:\/\/casadecampoliving.com\/es\/wp-json\/wp\/v2\/media\/300137"}],"wp:attachment":[{"href":"https:\/\/casadecampoliving.com\/es\/wp-json\/wp\/v2\/media?parent=350618"}],"wp:term":[{"taxonomy":"category","embeddable":true,"href":"https:\/\/casadecampoliving.com\/es\/wp-json\/wp\/v2\/categories?post=350618"},{"taxonomy":"post_tag","embeddable":true,"href":"https:\/\/casadecampoliving.com\/es\/wp-json\/wp\/v2\/tags?post=350618"},{"taxonomy":"newspack_spnsrs_tax","embeddable":true,"href":"https:\/\/casadecampoliving.com\/es\/wp-json\/wp\/v2\/newspack_spnsrs_tax?post=350618"}],"curies":[{"name":"wp","href":"https:\/\/api.w.org\/{rel}","templated":true}]}}