{"id":350585,"date":"2016-10-05T00:00:00","date_gmt":"2016-10-05T04:00:00","guid":{"rendered":"https:\/\/casadecampoliving.com\/nuevo-programa-de-cinematografia-en-chavon-escuela-de-diseno\/"},"modified":"2022-10-21T18:57:46","modified_gmt":"2022-10-21T22:57:46","slug":"nuevo-programa-de-cinematografia-en-chavon-escuela-de-diseno","status":"publish","type":"post","link":"https:\/\/casadecampoliving.com\/es\/nuevo-programa-de-cinematografia-en-chavon-escuela-de-diseno\/","title":{"rendered":"Inscripci\u00f3n abierta para el programa de cinematograf\u00eda en Chav\u00f3n Escuela de Dise\u00f1o"},"content":{"rendered":"\n<p id=\"tw-target-text\" dir=\"ltr\"><span lang=\"es\">Desde el pasado mes de&nbsp;septiembre, la Escuela de Dise\u00f1o ha estado&nbsp;aceptando solicitudes para su nuevo programa de Cinematograf\u00eda \u00a1que&nbsp;comenzar\u00e1&nbsp;en febrero de 2017 en el campus de Altos de Chav\u00f3n en Casa de Campo! El programa de dos a\u00f1os tendr\u00e1 una duraci\u00f3n de 30 semanas y profesores de la industria del cine e invitados especiales que dar\u00e1n conferencias en&nbsp;la escuela. La escuela le da la bienvenida a&nbsp;Tanya Valette quien ser\u00e1 la directora del programa, que se une a la Escuela de Dise\u00f1o de Chav\u00f3n despu\u00e9s de ser&nbsp;directora de la Escuela Internacional de Cine y Televisi\u00f3n de Cuba y la primera mujer en ocupar esa posici\u00f3n.<\/span><\/p>\n\n\n\n<p><\/p>\n\n\n\n<!--more-->\n\n\n\n<p id=\"tw-target-text\" dir=\"ltr\"><span lang=\"es\">A trav\u00e9s de talleres, conferencias, foros de cine, y visitas a museos y exposiciones, los estudiantes estar\u00e1n expuestos a un programa que pone \u00e9nfasis tanto en lo&nbsp;pr\u00e1ctico como en lo te\u00f3rico. Proyectos guiados, clases magistrales y tutoriales permiten a los estudiantes de&nbsp;cine trabajar con los profesionales y afinar su propio talento creativo, consolidar&nbsp;sus ideas y recibir&nbsp;retroalimentaci\u00f3n constructiva. Entre las muchas \u00e1reas de estudio, los estudiantes tendr\u00e1n asignaturas en&nbsp;ficci\u00f3n, documentales, ensayos, publicidad, transmedia y libretos. Entre las herramientas conceptuales podemos encontrar&nbsp;animaci\u00f3n, direcci\u00f3n de fotograf\u00eda, dise\u00f1o de sonido, dise\u00f1o de producci\u00f3n, y postproducci\u00f3n digital. <\/span><\/p>\n\n\n\n<p dir=\"ltr\"><span lang=\"es\">El programa de cine de Chav\u00f3n permite a los estudiantes descubrir su propia voz cinematogr\u00e1fica mediante&nbsp;la investigaci\u00f3n y la experimentaci\u00f3n, y moverse&nbsp;a trav\u00e9s de las etapas de concepci\u00f3n, desarrollo y realizaci\u00f3n dentro de cada proyecto. Al igual que en cualquier profesi\u00f3n y carrera creativa, el objetivo es que los estudiantes descubran y nutran su propio enfoque.<\/span><\/p>\n\n\n<div class=\"wp-block-image\">\n<figure class=\"aligncenter is-resized\"><img loading=\"lazy\" decoding=\"async\" src=\"https:\/\/i0.wp.com\/casadecampoliving.com\/wp-content\/uploads\/2022\/10\/Chavon_cinema.jpg?resize=1000%2C667&amp;ssl=1\" alt=\"Chav\u00f3n Cinema\" class=\"wp-image-124877\" height=\"667\" width=\"1000\"\/><\/figure>\n<\/div>\n\n\n<p dir=\"ltr\"><\/p>\n\n\n\n<p dir=\"ltr\"><span lang=\"es\">Conversamos con&nbsp;Tanya para conocer&nbsp;m\u00e1s sobre ella&nbsp;y lo que podemos esperar del nuevo programa.<\/span><\/p>\n\n\n\n<p><strong>\u00bfQui\u00e9nes son los profesores que formar\u00e1n parte del programa acad\u00e9mico?<\/strong><\/p>\n\n\n\n<p>Nuestros profesores son cineastas en activo, que en su mayor\u00eda tienen tambi\u00e9n una amplia trayectoria docente. Tendremos profesores internacionales de gran prestigio como Eliseo Altunaga, Pablo Solarz, Marcos L\u00f3pez, Daichi Saito, as\u00ed como profesores nacionales que conjugar\u00e1n su actividad acad\u00e9mica con su quehacer como cineastas, como ser\u00e1 el caso con Laura Amelia Guzm\u00e1n, Israel C\u00e1rdenas, Jaime Guerra, Nelson Carlo de los Santos, etc.<\/p>\n\n\n\n<p><strong>Nos puede hablar de su experiencia como directora de EICTV (Escuela Internacional de Cine y Televisi\u00f3n in Cuba) siendo usted la primera mujer y egresada en asumir ese cargo.<\/strong><\/p>\n\n\n\n<p>Fue una gran experiencia, para la cual me prepar\u00f3 fundamentalmente el hecho de haber sido estudiante fundadora, al pertenecer a la Primera Generaci\u00f3n de graduandos.&nbsp; Durante cuatro a\u00f1os y medio tuve la responsabilidad de gestionar una instituci\u00f3n emblem\u00e1tica en la formaci\u00f3n de cineastas, lo cual fue un reto estimulante.&nbsp; La escuela obtuvo galardones importantes en festivales de cine como Cannes, San Sebasti\u00e1n, La Habana; fueron creadas las C\u00e1tedras de G\u00e9nero y Restauraci\u00f3n y Patrimonio Cinematogr\u00e1fico y el Departamento de Altos Estudios para impartir diplomados y maestr\u00edas.<\/p>\n\n\n\n<p><strong>\u00bfPara qui\u00e9nes est\u00e1 dise\u00f1ado este programa y&nbsp;se necesita tener conocimientos b\u00e1sicos de cine, fotograf\u00eda, etc para inscribirse?<\/strong><\/p>\n\n\n\n<p>Para bachilleres con aptitudes y talento en el audiovisual, la comunicaci\u00f3n, las artes pl\u00e1sticas, m\u00fasica, escritura, dramaturgia; egresados de carreras vinculadas con el arte que deseen potenciar sus habilidades creativas y experimentar y poner a dialogar distintas formas expresivas.<\/p>\n\n\n\n<p>No necesariamente. Si ser\u00e1 necesario tener aptitudes para poder utilizar y desarrollar los conocimientos adquiridos durante la carrera, adem\u00e1s de talento y creatividad.<\/p>\n\n\n\n<p><strong>\u00bfC\u00f3mo se adaptar\u00e1n las instalaciones de Chav\u00f3n para este nueva carrera?<\/strong><\/p>\n\n\n\n<p>El programa requiere ciertos cambios de infraestructura para acomodar las necesidades de esta carrera. &nbsp;Adicional a esto, claro esta se incluir\u00e1 equipos t\u00e9cnicos propios de esta industria que no han sido necesarias en las otras carreras de La Escuela de Dise\u00f1o.&nbsp; Aparte de aulas de estudio habr\u00e1 un sal\u00f3n de proyecci\u00f3n, \u00e1reas de edici\u00f3n de video y grabaci\u00f3n de sonido.&nbsp; Los espacios ser\u00e1n adaptables para charlas y presentaciones a grupos grandes y encuentros m\u00e1s \u00edntimos de profesores y estudiantes.<\/p>\n\n\n\n<p><strong>\u00bfCu\u00e1l ser\u00e1 la filosof\u00eda detr\u00e1s de los estudios de cine en Chav\u00f3n? La escuela es conocida por sus&nbsp;carreras t\u00e9cnicas, \u00bfser\u00e1 esta&nbsp;la misma filosof\u00eda para cine?<\/strong><\/p>\n\n\n\n<p>La carrera tiene el esp\u00edritu de una central de vanguardia creativa,&nbsp; conjugando estudio, producci\u00f3n, experimentaci\u00f3n, invenci\u00f3n, riesgo y voluntad de rupturas con los c\u00e1nones dominantes.&nbsp; Ser\u00e1, por lo tanto, fiel al esp\u00edritu de la Escuela.&nbsp; Uno de sus objetivos es el de crear sinergias creativas entre los estudiantes de las distintas carreras, para tener como resultado artistas abiertos a lo interdisciplinario y a la creaci\u00f3n colectiva.<\/p>\n\n\n\n<p><strong>La carrera es de dos a\u00f1os, \u00bfcuales ser\u00e1n las \u00e1reas en las que&nbsp;se enfocar\u00e1 la carrera durante estos dos a\u00f1os?<\/strong><\/p>\n\n\n\n<p>Hemos elaborado el dise\u00f1o de la carrera para que de sus aulas salgan realizadores con una formaci\u00f3n s\u00f3lida en las distintas disciplinas del oficio de hacer cine, con lo cual habr\u00e1 un enfoque puntual en \u00e1reas como la escritura de guiones; la puesta en c\u00e1mara y en escena; el montaje; la fotograf\u00eda y el sonido como elementos expresivos y narrativos y el an\u00e1lisis y pensamiento cr\u00edtico.<\/p>\n\n\n\n<p><strong>\u00bfQu\u00e9 tan importante es este programa para el campus de Chav\u00f3n ahora que todas las carreras, a excepci\u00f3n de bellas artes, fueron trasladadas a Santo Domingo?&nbsp;<\/strong><\/p>\n\n\n\n<p>Realmente es importante para ambos campus ya que es parte de su programa de expansi\u00f3n. Alcanzadas tres d\u00e9cadas de excelencia acad\u00e9mica, La Escuela de Dise\u00f1o celebra un nuevo cap\u00edtulo en su historia \u2013 una evoluci\u00f3n que responde a la necesidad que el entorno profesional amerita con la misma trayectoria y proyecci\u00f3n internacional que le ha caracterizado.<\/p>\n\n\n\n<p><strong>\u00bfEn cu\u00e1les \u00e1reas de trabajo podr\u00e1n desempe\u00f1arse los egresados de esta carrera?<\/strong><\/p>\n\n\n\n<p>En la direcci\u00f3n y escritura de obras audiovisuales de ficci\u00f3n; documental; cine ensayo; cine experimental; cine h\u00edbrido; video arte; publicidad.<\/p>\n\n\n\n<p><strong>\u00bfQu\u00e9 opina de la industria del cine en este pa\u00eds en comparaci\u00f3n con Francia y Cuba, y como lo ve en el futuro?<\/strong><\/p>\n\n\n\n<p>El cine dominicano, como arte e industria est\u00e1 en un proceso ascendente de desarrollo y en esto tiene mucho que ver la apuesta que se est\u00e1 haciendo en la formaci\u00f3n de una generaci\u00f3n de cineastas creativos, cr\u00edticos y con las herramientas necesarias para concebir y realizar obras que tengan una trascendencia tanto geogr\u00e1fica como temporal.<\/p>\n\n\n<div class=\"wp-block-image\">\n<figure class=\"aligncenter is-resized\"><img loading=\"lazy\" decoding=\"async\" src=\"https:\/\/i0.wp.com\/casadecampoliving.com\/wp-content\/uploads\/2022\/10\/2016-10-05-1-3.gif?resize=1000%2C1038&amp;ssl=1\" alt=\"2016-10-05-1\" class=\"wp-image-124918\" height=\"1038\" width=\"1000\"\/><\/figure>\n<\/div>\n\n\n<p><\/p>\n\n\n\n<p>La llegada del programa de estudios de cine a Chav\u00f3n&nbsp;Escuela de Dise\u00f1o completan la historia y origen de Altos de Chav\u00f3n. Fue el padre de Dominique Bluhdorn, actual presidente del Centro Cultural Altos de Chav\u00f3n, Charles, que construy\u00f3 Altos de Chav\u00f3n en la d\u00e9cada de 1980 tras la adquisici\u00f3n de Paramount Pictures en 1966. Trat\u00f3 de hacer de&nbsp;la Rep\u00fablica Dominicana una meca para la creaci\u00f3n de pel\u00edculas y a menudo invitaba productores, directores, escritores y estrellas de cine a la isla. Altos de Chav\u00f3n, pueblo de estilo mediterr\u00e1neo del siglo 15, fue dise\u00f1ado por Roberto Copa \u2013 el escen\u00f3grafo de ese entonces&nbsp;de los estudios Paramount. Con los a\u00f1os, muchas pel\u00edculas se han rodado en la Rep\u00fablica Dominicana, incluyendo El Padrino: Parte II (1974), cuyas escenas que tuvieron lugar en Cuba se filmaron&nbsp;en Santo Domingo; El Mago (1977) fue grabada&nbsp;en las junglas&nbsp;de la Rep\u00fablica Dominicana; y Apocalypse Now (1979) y Parque Jur\u00e1sico (1993) muestra escenas del r\u00edo Chav\u00f3n. M\u00e1s recientemente, Xander Cage Returns (2017) filmada en Santo Domingo y a menudo nos encontramos con Vin Diesel en Casa de Campo, pasando su tiempo libre.<\/p>\n\n\n\n<p>El anfiteatro de 5,000 asientos de Altos de Chav\u00f3n fue inaugurado en 1982 por Frank Sinatra con su \u201cConcierto para las Am\u00e9ricas\u201d. Paramount Pictures grab\u00f3 el concierto para que pudiera ser visto en todo el mundo y resaltar la belleza de Altos de Chav\u00f3n, pueblo de artistas, e inmaculada propiedad de Casa de Campo. Al incluir el&nbsp;programa de Cinematograf\u00eda a Chav\u00f3n&nbsp;Escuela de Dise\u00f1o, la escuela esta dando un paso hacia adelante ya que su ubicaci\u00f3n y la Rep\u00fablica Dominicana en si&nbsp;celebran una rica historia en la industria del cine y tiene un&nbsp;futuro brillante. Esperamos con ansias ver lo que esta&nbsp;por venir para la industria cinematogr\u00e1fica en el pa\u00eds y del cuerpo de talentosos estudiantes de la escuela.<\/p>\n\n\n\n<p>&nbsp;Para obtener m\u00e1s informaci\u00f3n y el cat\u00e1logo detallado, llamar o visitar Chav\u00f3n Escuela de Dise\u00f1o.<\/p>\n\n\n\n<blockquote class=\"wp-block-quote is-layout-flow wp-block-quote-is-layout-flow\"><p style=\"text-align: justify;\"><strong>TANYA VALETTE<\/strong><\/p><p style=\"text-align: justify;\">Pertenece a la primera generaci\u00f3n de graduados de la Escuela Internacional de Cine y Televisi\u00f3n de San Antonio de los Ba\u00f1os, Cuba.&nbsp;Vivi\u00f3 durante doce a\u00f1os en Francia, pa\u00eds en el cual continu\u00f3 sus estudios de gui\u00f3n, en la Femis y se inici\u00f3 en el documental.&nbsp;&nbsp;A su regreso a la Rep\u00fablica Dominicana&nbsp;y hasta la fecha, se ha dedicado&nbsp;a la escritura y an\u00e1lisis de guiones de ficci\u00f3n y documental y ha&nbsp;Impartido talleres de gui\u00f3n en varias instituciones p\u00fablicas y privadas.<\/p><p style=\"text-align: justify;\">Directora de Proyectos de la Televisi\u00f3n Educativa, por el Ministerio de Educaci\u00f3n y encargada de estrategias de desarrollo de la Direcci\u00f3n Nacional de Cine de la Rep\u00fablica Dominicana.&nbsp; Trabaj\u00f3 junto con un equipo multidisciplinario, nombrado por la presidencia de la Rep\u00fablica, en la elaboraci\u00f3n de la actual Ley de Cine. S\u00e9ptima directora de la EICTV y primera egresada en asumir el cargo.&nbsp; En el 2011 recibi\u00f3 la medalla de Personalidad Cultural del Ministerio de Cultura de la Rep\u00fablica Dominicana, que se otorga a los dominicanos m\u00e1s destacados en el \u00e1mbito cultural en el extranjero y la Distinci\u00f3n de la Cultura Nacional de Cuba, en abril del 2012.&nbsp; Productora Ejecutiva de la Serie Documental Ser un Ser Humano, realizada por estudiantes de documental de siete escuelas de cine alrededor del mundo. En la actualidad es Asesora de la DGCINE, analista de Ibermedia, comisaria y coordinadora de encuentros y talleres para diversas instituciones y festivales alrededor del mundo y desde finales de los a\u00f1os 90 y hasta la fecha, consultora de proyectos audiovisuales y gestora cultural.<\/p><\/blockquote>\n\n\n\n<blockquote><p><b>CHAVO\u0301N | LA ESCUELA DE DISEN\u0303O<\/b><\/p><figure><img decoding=\"async\" loading=\"lazy\" class=\"alignright wp-image-119135 size-thumbnail\" src=\"https:\/\/i0.wp.com\/casadecampoliving.com\/wp-content\/uploads\/2022\/10\/1069373_10153061816630164_1122926614_n-1.jpg?resize=150%2C150&amp;ssl=1\" alt=\"Chav\u00f3n Santo Domingo\" width=\"150\" height=\"150\"><\/figure><p style=\"text-align: justify;\">Desde su fundacio\u0301n en 1983, la Escuela de Disen\u0303o Altos de Chavo\u0301n ofrece carreras en artes aplicadas en las a\u0301reas de Bellas Artes, Comunicacio\u0301n Visual y Modas. Esta tipologi\u0301a de programa intensivo y de dos an\u0303os culmina con un grado asociado a nivel te\u0301cnico, el cual provee una so\u0301lida educacio\u0301n que capacita a sus participantes para competir como profesionales en el campo del disen\u0303o y las artes a nivel nacional e internacional.<\/p><p style=\"text-align: justify;\">Los graduados de La Escuela de Disen\u0303o son elegibles para transferirse directamente a Parsons School of Design en Nueva York. Ma\u0301s de 2,000 estudiantes dominicanos y de diferentes lugares del mundo han egresado de La Escuela de Disen\u0303o, demostrando que una preparacio\u0301n solida en disen\u0303o, paralelo a un e\u0301nfasis en el desarrollo de la industria es la mejor fo\u0301rmula para una exitosa carrera profesional.<\/p><p style=\"text-align: justify;\">El programa de estudios, altamente pra\u0301ctico y orientado al mercado, provee a los estudiantes un excepcional conjunto de habilidades que les permite insertarse fa\u0301cilmente en el ambiente laboral.<\/p><p style=\"text-align: justify;\"><strong>Tel.:<\/strong> (809)&nbsp;523-8172 ,&nbsp;(809)&nbsp;523-8011<\/p><p style=\"text-align: justify;\"><strong>Email:<\/strong><a href=\"mailto:admisiones@altosdechavon.com\">admisiones@altosdechavon.com<\/a>,&nbsp;<a href=\"mailto:Info@altosdechavon.com\">Info@altosdechavon.com<\/a><\/p><p style=\"text-align: justify;\"><strong>P\u00e1gina web:<\/strong><a href=\"http:\/\/altosdechavon.edu.do\/\" target=\"_blank\" rel=\"noopener\">http:\/\/altosdechavon.edu.do<\/a><\/p><p style=\"text-align: justify;\"><strong>Facebook:<\/strong><a href=\"https:\/\/www.facebook.com\/AltosdeChavon.LaEscuela\/?fref=ts\" target=\"_blank\" rel=\"noopener\">Altos de Chavon\/La Escuela de Dise\u00f1o<\/a><\/p><p style=\"text-align: justify;\"><strong>Instagram:<\/strong><a href=\"https:\/\/www.instagram.com\/chavondiseno\/\" target=\"_blank\" rel=\"noopener\">@ChavonDiseno<\/a><\/p><\/blockquote>\n\n\n\n<h4 class=\"wp-block-heading\"><\/h4>\n","protected":false},"excerpt":{"rendered":"<p>Desde el pasado mes de&nbsp;septiembre, la Escuela de Dise\u00f1o ha estado&nbsp;aceptando solicitudes para su nuevo programa de Cinematograf\u00eda \u00a1que&nbsp;comenzar\u00e1&nbsp;en febrero de 2017 en el campus de Altos de Chav\u00f3n en Casa de Campo! El programa de dos a\u00f1os tendr\u00e1 una duraci\u00f3n de 30 semanas y profesores de la industria del cine e invitados especiales que [&hellip;]<\/p>\n","protected":false},"author":36681,"featured_media":299130,"comment_status":"closed","ping_status":"closed","sticky":false,"template":"","format":"standard","meta":{"newspack_ads_suppress_ads":false,"newspack_popups_has_disabled_popups":false,"newspack_sponsor_sponsorship_scope":"","newspack_sponsor_native_byline_display":"inherit","newspack_sponsor_native_category_display":"inherit","newspack_sponsor_underwriter_style":"inherit","newspack_sponsor_underwriter_placement":"inherit","_newspack_byline_active":false,"_newspack_byline":"","newspack_hide_updated_date":false,"newspack_show_updated_date":false,"newspack_content_restriction_is_exempt":false,"newspack_featured_image_position":"","newspack_post_subtitle":"","newspack_article_summary_title":"Overview:","newspack_article_summary":"","_jetpack_memberships_contains_paid_content":false,"footnotes":"","jetpack_publicize_message":"","jetpack_publicize_feature_enabled":true,"jetpack_social_post_already_shared":false,"jetpack_social_options":{"image_generator_settings":{"template":"highway","default_image_id":0,"font":"","enabled":false},"version":2},"_wpas_customize_per_network":false},"categories":[26819,26823,14631,14625,14627,2521],"tags":[15387,2559,19482,4743,2535,14736,19480],"newspack_spnsrs_tax":[],"class_list":["post-350585","post","type-post","status-publish","format-standard","has-post-thumbnail","hentry","category-altos-de-chavon-es","category-arte-y-cultura","category-estilo-de-vida","category-noticias-locales","category-proximamente","category-republica-dominicana-2","tag-altos-de-chavon-es","tag-cine","tag-cinematografia","tag-escuela-de-diseno","tag-estudiantes","tag-featured-topview-es","tag-tanya-valette","entry"],"yoast_head":"<!-- This site is optimized with the Yoast SEO plugin v27.4 - https:\/\/yoast.com\/product\/yoast-seo-wordpress\/ -->\n<title>Inscripci\u00f3n abierta para el programa de cinematograf\u00eda en Chav\u00f3n Escuela de Dise\u00f1o | Casa de Campo Living<\/title>\n<meta name=\"description\" content=\"Desde el pasado mes de&nbsp;septiembre, la Escuela de Dise\u00f1o ha estado&nbsp;aceptando solicitudes para su nuevo programa de Cinematograf\u00eda\" \/>\n<meta name=\"robots\" content=\"index, follow, max-snippet:-1, max-image-preview:large, max-video-preview:-1\" \/>\n<link rel=\"canonical\" href=\"https:\/\/casadecampoliving.com\/es\/nuevo-programa-de-cinematografia-en-chavon-escuela-de-diseno\/\" \/>\n<meta property=\"og:locale\" content=\"es_ES\" \/>\n<meta property=\"og:type\" content=\"article\" \/>\n<meta property=\"og:title\" content=\"Inscripci\u00f3n abierta para el programa de cinematograf\u00eda en Chav\u00f3n Escuela de Dise\u00f1o | Casa de Campo Living\" \/>\n<meta property=\"og:description\" content=\"Desde el pasado mes de&nbsp;septiembre, la Escuela de Dise\u00f1o ha estado&nbsp;aceptando solicitudes para su nuevo programa de Cinematograf\u00eda\" \/>\n<meta property=\"og:url\" content=\"https:\/\/casadecampoliving.com\/es\/nuevo-programa-de-cinematografia-en-chavon-escuela-de-diseno\/\" \/>\n<meta property=\"og:site_name\" content=\"Casa de Campo Living\" \/>\n<meta property=\"article:publisher\" content=\"https:\/\/www.facebook.com\/casadecampoliving\" \/>\n<meta property=\"article:published_time\" content=\"2016-10-05T04:00:00+00:00\" \/>\n<meta property=\"article:modified_time\" content=\"2022-10-21T22:57:46+00:00\" \/>\n<meta property=\"og:image\" content=\"https:\/\/i0.wp.com\/casadecampoliving.com\/wp-content\/uploads\/2022\/10\/2016-10-05.jpg?fit=1000%2C602&ssl=1\" \/>\n\t<meta property=\"og:image:width\" content=\"1000\" \/>\n\t<meta property=\"og:image:height\" content=\"602\" \/>\n\t<meta property=\"og:image:type\" content=\"image\/jpeg\" \/>\n<meta name=\"author\" content=\"Heather Lincoln\" \/>\n<meta name=\"twitter:card\" content=\"summary_large_image\" \/>\n<meta name=\"twitter:creator\" content=\"@cdcliving\" \/>\n<meta name=\"twitter:site\" content=\"@cdcliving\" \/>\n<meta name=\"twitter:label1\" content=\"Escrito por\" \/>\n\t<meta name=\"twitter:data1\" content=\"Heather Lincoln\" \/>\n\t<meta name=\"twitter:label2\" content=\"Tiempo de lectura\" \/>\n\t<meta name=\"twitter:data2\" content=\"10 minutos\" \/>\n<script type=\"application\/ld+json\" class=\"yoast-schema-graph\">{\"@context\":\"https:\\\/\\\/schema.org\",\"@graph\":[{\"@type\":\"Article\",\"@id\":\"https:\\\/\\\/casadecampoliving.com\\\/es\\\/nuevo-programa-de-cinematografia-en-chavon-escuela-de-diseno\\\/#article\",\"isPartOf\":{\"@id\":\"https:\\\/\\\/casadecampoliving.com\\\/es\\\/nuevo-programa-de-cinematografia-en-chavon-escuela-de-diseno\\\/\"},\"author\":{\"name\":\"Heather Lincoln\",\"@id\":\"https:\\\/\\\/casadecampoliving.com\\\/es\\\/#\\\/schema\\\/person\\\/e3abfc63c1478fd703266a6f33a3145d\"},\"headline\":\"Inscripci\u00f3n abierta para el programa de cinematograf\u00eda en Chav\u00f3n Escuela de Dise\u00f1o\",\"datePublished\":\"2016-10-05T04:00:00+00:00\",\"dateModified\":\"2022-10-21T22:57:46+00:00\",\"mainEntityOfPage\":{\"@id\":\"https:\\\/\\\/casadecampoliving.com\\\/es\\\/nuevo-programa-de-cinematografia-en-chavon-escuela-de-diseno\\\/\"},\"wordCount\":2048,\"publisher\":{\"@id\":\"https:\\\/\\\/casadecampoliving.com\\\/es\\\/#organization\"},\"image\":{\"@id\":\"https:\\\/\\\/casadecampoliving.com\\\/es\\\/nuevo-programa-de-cinematografia-en-chavon-escuela-de-diseno\\\/#primaryimage\"},\"thumbnailUrl\":\"https:\\\/\\\/i0.wp.com\\\/casadecampoliving.com\\\/wp-content\\\/uploads\\\/2022\\\/10\\\/2016-10-05.jpg?fit=1000%2C602&ssl=1\",\"keywords\":[\"Altos de Chavon\",\"cine\",\"cinematografia\",\"escuela de dise\u00f1o\",\"estudiantes\",\"Featured-TopView @es\",\"Tanya Valette\"],\"articleSection\":[\"Altos de Chavon @es\",\"Arte y cultura\",\"Estilo de Vida\",\"Noticias Locales\",\"Proximamente\",\"Rep\u00fablica Dominicana @es\"],\"inLanguage\":\"es\"},{\"@type\":\"WebPage\",\"@id\":\"https:\\\/\\\/casadecampoliving.com\\\/es\\\/nuevo-programa-de-cinematografia-en-chavon-escuela-de-diseno\\\/\",\"url\":\"https:\\\/\\\/casadecampoliving.com\\\/es\\\/nuevo-programa-de-cinematografia-en-chavon-escuela-de-diseno\\\/\",\"name\":\"Inscripci\u00f3n abierta para el programa de cinematograf\u00eda en Chav\u00f3n Escuela de Dise\u00f1o | Casa de Campo Living\",\"isPartOf\":{\"@id\":\"https:\\\/\\\/casadecampoliving.com\\\/es\\\/#website\"},\"primaryImageOfPage\":{\"@id\":\"https:\\\/\\\/casadecampoliving.com\\\/es\\\/nuevo-programa-de-cinematografia-en-chavon-escuela-de-diseno\\\/#primaryimage\"},\"image\":{\"@id\":\"https:\\\/\\\/casadecampoliving.com\\\/es\\\/nuevo-programa-de-cinematografia-en-chavon-escuela-de-diseno\\\/#primaryimage\"},\"thumbnailUrl\":\"https:\\\/\\\/i0.wp.com\\\/casadecampoliving.com\\\/wp-content\\\/uploads\\\/2022\\\/10\\\/2016-10-05.jpg?fit=1000%2C602&ssl=1\",\"datePublished\":\"2016-10-05T04:00:00+00:00\",\"dateModified\":\"2022-10-21T22:57:46+00:00\",\"description\":\"Desde el pasado mes de&nbsp;septiembre, la Escuela de Dise\u00f1o ha estado&nbsp;aceptando solicitudes para su nuevo programa de Cinematograf\u00eda\",\"breadcrumb\":{\"@id\":\"https:\\\/\\\/casadecampoliving.com\\\/es\\\/nuevo-programa-de-cinematografia-en-chavon-escuela-de-diseno\\\/#breadcrumb\"},\"inLanguage\":\"es\",\"potentialAction\":[{\"@type\":\"ReadAction\",\"target\":[\"https:\\\/\\\/casadecampoliving.com\\\/es\\\/nuevo-programa-de-cinematografia-en-chavon-escuela-de-diseno\\\/\"]}]},{\"@type\":\"ImageObject\",\"inLanguage\":\"es\",\"@id\":\"https:\\\/\\\/casadecampoliving.com\\\/es\\\/nuevo-programa-de-cinematografia-en-chavon-escuela-de-diseno\\\/#primaryimage\",\"url\":\"https:\\\/\\\/i0.wp.com\\\/casadecampoliving.com\\\/wp-content\\\/uploads\\\/2022\\\/10\\\/2016-10-05.jpg?fit=1000%2C602&ssl=1\",\"contentUrl\":\"https:\\\/\\\/i0.wp.com\\\/casadecampoliving.com\\\/wp-content\\\/uploads\\\/2022\\\/10\\\/2016-10-05.jpg?fit=1000%2C602&ssl=1\",\"width\":1000,\"height\":602,\"caption\":\"Chav\u00f3n cinematography\"},{\"@type\":\"BreadcrumbList\",\"@id\":\"https:\\\/\\\/casadecampoliving.com\\\/es\\\/nuevo-programa-de-cinematografia-en-chavon-escuela-de-diseno\\\/#breadcrumb\",\"itemListElement\":[{\"@type\":\"ListItem\",\"position\":1,\"name\":\"Home\",\"item\":\"https:\\\/\\\/casadecampoliving.com\\\/es\\\/\"},{\"@type\":\"ListItem\",\"position\":2,\"name\":\"Inscripci\u00f3n abierta para el programa de cinematograf\u00eda en Chav\u00f3n Escuela de Dise\u00f1o\"}]},{\"@type\":\"WebSite\",\"@id\":\"https:\\\/\\\/casadecampoliving.com\\\/es\\\/#website\",\"url\":\"https:\\\/\\\/casadecampoliving.com\\\/es\\\/\",\"name\":\"Casa de Campo Living\",\"description\":\"Resort community news and resources.\",\"publisher\":{\"@id\":\"https:\\\/\\\/casadecampoliving.com\\\/es\\\/#organization\"},\"potentialAction\":[{\"@type\":\"SearchAction\",\"target\":{\"@type\":\"EntryPoint\",\"urlTemplate\":\"https:\\\/\\\/casadecampoliving.com\\\/es\\\/?s={search_term_string}\"},\"query-input\":{\"@type\":\"PropertyValueSpecification\",\"valueRequired\":true,\"valueName\":\"search_term_string\"}}],\"inLanguage\":\"es\"},{\"@type\":\"Organization\",\"@id\":\"https:\\\/\\\/casadecampoliving.com\\\/es\\\/#organization\",\"name\":\"Casa de Campo Living\",\"url\":\"https:\\\/\\\/casadecampoliving.com\\\/es\\\/\",\"logo\":{\"@type\":\"ImageObject\",\"inLanguage\":\"es\",\"@id\":\"https:\\\/\\\/casadecampoliving.com\\\/es\\\/#\\\/schema\\\/logo\\\/image\\\/\",\"url\":\"https:\\\/\\\/i0.wp.com\\\/casadecampoliving.com\\\/wp-content\\\/uploads\\\/2022\\\/07\\\/CDCLivingLogo_V1-white-sized.png?fit=800%2C214&ssl=1\",\"contentUrl\":\"https:\\\/\\\/i0.wp.com\\\/casadecampoliving.com\\\/wp-content\\\/uploads\\\/2022\\\/07\\\/CDCLivingLogo_V1-white-sized.png?fit=800%2C214&ssl=1\",\"width\":800,\"height\":214,\"caption\":\"Casa de Campo Living\"},\"image\":{\"@id\":\"https:\\\/\\\/casadecampoliving.com\\\/es\\\/#\\\/schema\\\/logo\\\/image\\\/\"},\"sameAs\":[\"https:\\\/\\\/www.facebook.com\\\/casadecampoliving\",\"https:\\\/\\\/x.com\\\/cdcliving\"]},{\"@type\":\"Person\",\"@id\":\"https:\\\/\\\/casadecampoliving.com\\\/es\\\/#\\\/schema\\\/person\\\/e3abfc63c1478fd703266a6f33a3145d\",\"name\":\"Heather Lincoln\",\"image\":{\"@type\":\"ImageObject\",\"inLanguage\":\"es\",\"@id\":\"https:\\\/\\\/secure.gravatar.com\\\/avatar\\\/e8fc1ce4ad50385675908137b0d8d66be281d034bf072b4700460237638ea6d0?s=96&d=mm&r=g\",\"url\":\"https:\\\/\\\/secure.gravatar.com\\\/avatar\\\/e8fc1ce4ad50385675908137b0d8d66be281d034bf072b4700460237638ea6d0?s=96&d=mm&r=g\",\"contentUrl\":\"https:\\\/\\\/secure.gravatar.com\\\/avatar\\\/e8fc1ce4ad50385675908137b0d8d66be281d034bf072b4700460237638ea6d0?s=96&d=mm&r=g\",\"caption\":\"Heather Lincoln\"},\"url\":\"https:\\\/\\\/casadecampoliving.com\\\/es\\\/author\\\/hcastillo\\\/\"}]}<\/script>\n<!-- \/ Yoast SEO plugin. -->","yoast_head_json":{"title":"Inscripci\u00f3n abierta para el programa de cinematograf\u00eda en Chav\u00f3n Escuela de Dise\u00f1o | Casa de Campo Living","description":"Desde el pasado mes de&nbsp;septiembre, la Escuela de Dise\u00f1o ha estado&nbsp;aceptando solicitudes para su nuevo programa de Cinematograf\u00eda","robots":{"index":"index","follow":"follow","max-snippet":"max-snippet:-1","max-image-preview":"max-image-preview:large","max-video-preview":"max-video-preview:-1"},"canonical":"https:\/\/casadecampoliving.com\/es\/nuevo-programa-de-cinematografia-en-chavon-escuela-de-diseno\/","og_locale":"es_ES","og_type":"article","og_title":"Inscripci\u00f3n abierta para el programa de cinematograf\u00eda en Chav\u00f3n Escuela de Dise\u00f1o | Casa de Campo Living","og_description":"Desde el pasado mes de&nbsp;septiembre, la Escuela de Dise\u00f1o ha estado&nbsp;aceptando solicitudes para su nuevo programa de Cinematograf\u00eda","og_url":"https:\/\/casadecampoliving.com\/es\/nuevo-programa-de-cinematografia-en-chavon-escuela-de-diseno\/","og_site_name":"Casa de Campo Living","article_publisher":"https:\/\/www.facebook.com\/casadecampoliving","article_published_time":"2016-10-05T04:00:00+00:00","article_modified_time":"2022-10-21T22:57:46+00:00","og_image":[{"width":1000,"height":602,"url":"https:\/\/i0.wp.com\/casadecampoliving.com\/wp-content\/uploads\/2022\/10\/2016-10-05.jpg?fit=1000%2C602&ssl=1","type":"image\/jpeg"}],"author":"Heather Lincoln","twitter_card":"summary_large_image","twitter_creator":"@cdcliving","twitter_site":"@cdcliving","twitter_misc":{"Escrito por":"Heather Lincoln","Tiempo de lectura":"10 minutos"},"schema":{"@context":"https:\/\/schema.org","@graph":[{"@type":"Article","@id":"https:\/\/casadecampoliving.com\/es\/nuevo-programa-de-cinematografia-en-chavon-escuela-de-diseno\/#article","isPartOf":{"@id":"https:\/\/casadecampoliving.com\/es\/nuevo-programa-de-cinematografia-en-chavon-escuela-de-diseno\/"},"author":{"name":"Heather Lincoln","@id":"https:\/\/casadecampoliving.com\/es\/#\/schema\/person\/e3abfc63c1478fd703266a6f33a3145d"},"headline":"Inscripci\u00f3n abierta para el programa de cinematograf\u00eda en Chav\u00f3n Escuela de Dise\u00f1o","datePublished":"2016-10-05T04:00:00+00:00","dateModified":"2022-10-21T22:57:46+00:00","mainEntityOfPage":{"@id":"https:\/\/casadecampoliving.com\/es\/nuevo-programa-de-cinematografia-en-chavon-escuela-de-diseno\/"},"wordCount":2048,"publisher":{"@id":"https:\/\/casadecampoliving.com\/es\/#organization"},"image":{"@id":"https:\/\/casadecampoliving.com\/es\/nuevo-programa-de-cinematografia-en-chavon-escuela-de-diseno\/#primaryimage"},"thumbnailUrl":"https:\/\/i0.wp.com\/casadecampoliving.com\/wp-content\/uploads\/2022\/10\/2016-10-05.jpg?fit=1000%2C602&ssl=1","keywords":["Altos de Chavon","cine","cinematografia","escuela de dise\u00f1o","estudiantes","Featured-TopView @es","Tanya Valette"],"articleSection":["Altos de Chavon @es","Arte y cultura","Estilo de Vida","Noticias Locales","Proximamente","Rep\u00fablica Dominicana @es"],"inLanguage":"es"},{"@type":"WebPage","@id":"https:\/\/casadecampoliving.com\/es\/nuevo-programa-de-cinematografia-en-chavon-escuela-de-diseno\/","url":"https:\/\/casadecampoliving.com\/es\/nuevo-programa-de-cinematografia-en-chavon-escuela-de-diseno\/","name":"Inscripci\u00f3n abierta para el programa de cinematograf\u00eda en Chav\u00f3n Escuela de Dise\u00f1o | Casa de Campo Living","isPartOf":{"@id":"https:\/\/casadecampoliving.com\/es\/#website"},"primaryImageOfPage":{"@id":"https:\/\/casadecampoliving.com\/es\/nuevo-programa-de-cinematografia-en-chavon-escuela-de-diseno\/#primaryimage"},"image":{"@id":"https:\/\/casadecampoliving.com\/es\/nuevo-programa-de-cinematografia-en-chavon-escuela-de-diseno\/#primaryimage"},"thumbnailUrl":"https:\/\/i0.wp.com\/casadecampoliving.com\/wp-content\/uploads\/2022\/10\/2016-10-05.jpg?fit=1000%2C602&ssl=1","datePublished":"2016-10-05T04:00:00+00:00","dateModified":"2022-10-21T22:57:46+00:00","description":"Desde el pasado mes de&nbsp;septiembre, la Escuela de Dise\u00f1o ha estado&nbsp;aceptando solicitudes para su nuevo programa de Cinematograf\u00eda","breadcrumb":{"@id":"https:\/\/casadecampoliving.com\/es\/nuevo-programa-de-cinematografia-en-chavon-escuela-de-diseno\/#breadcrumb"},"inLanguage":"es","potentialAction":[{"@type":"ReadAction","target":["https:\/\/casadecampoliving.com\/es\/nuevo-programa-de-cinematografia-en-chavon-escuela-de-diseno\/"]}]},{"@type":"ImageObject","inLanguage":"es","@id":"https:\/\/casadecampoliving.com\/es\/nuevo-programa-de-cinematografia-en-chavon-escuela-de-diseno\/#primaryimage","url":"https:\/\/i0.wp.com\/casadecampoliving.com\/wp-content\/uploads\/2022\/10\/2016-10-05.jpg?fit=1000%2C602&ssl=1","contentUrl":"https:\/\/i0.wp.com\/casadecampoliving.com\/wp-content\/uploads\/2022\/10\/2016-10-05.jpg?fit=1000%2C602&ssl=1","width":1000,"height":602,"caption":"Chav\u00f3n cinematography"},{"@type":"BreadcrumbList","@id":"https:\/\/casadecampoliving.com\/es\/nuevo-programa-de-cinematografia-en-chavon-escuela-de-diseno\/#breadcrumb","itemListElement":[{"@type":"ListItem","position":1,"name":"Home","item":"https:\/\/casadecampoliving.com\/es\/"},{"@type":"ListItem","position":2,"name":"Inscripci\u00f3n abierta para el programa de cinematograf\u00eda en Chav\u00f3n Escuela de Dise\u00f1o"}]},{"@type":"WebSite","@id":"https:\/\/casadecampoliving.com\/es\/#website","url":"https:\/\/casadecampoliving.com\/es\/","name":"Casa de Campo Living","description":"Resort community news and resources.","publisher":{"@id":"https:\/\/casadecampoliving.com\/es\/#organization"},"potentialAction":[{"@type":"SearchAction","target":{"@type":"EntryPoint","urlTemplate":"https:\/\/casadecampoliving.com\/es\/?s={search_term_string}"},"query-input":{"@type":"PropertyValueSpecification","valueRequired":true,"valueName":"search_term_string"}}],"inLanguage":"es"},{"@type":"Organization","@id":"https:\/\/casadecampoliving.com\/es\/#organization","name":"Casa de Campo Living","url":"https:\/\/casadecampoliving.com\/es\/","logo":{"@type":"ImageObject","inLanguage":"es","@id":"https:\/\/casadecampoliving.com\/es\/#\/schema\/logo\/image\/","url":"https:\/\/i0.wp.com\/casadecampoliving.com\/wp-content\/uploads\/2022\/07\/CDCLivingLogo_V1-white-sized.png?fit=800%2C214&ssl=1","contentUrl":"https:\/\/i0.wp.com\/casadecampoliving.com\/wp-content\/uploads\/2022\/07\/CDCLivingLogo_V1-white-sized.png?fit=800%2C214&ssl=1","width":800,"height":214,"caption":"Casa de Campo Living"},"image":{"@id":"https:\/\/casadecampoliving.com\/es\/#\/schema\/logo\/image\/"},"sameAs":["https:\/\/www.facebook.com\/casadecampoliving","https:\/\/x.com\/cdcliving"]},{"@type":"Person","@id":"https:\/\/casadecampoliving.com\/es\/#\/schema\/person\/e3abfc63c1478fd703266a6f33a3145d","name":"Heather Lincoln","image":{"@type":"ImageObject","inLanguage":"es","@id":"https:\/\/secure.gravatar.com\/avatar\/e8fc1ce4ad50385675908137b0d8d66be281d034bf072b4700460237638ea6d0?s=96&d=mm&r=g","url":"https:\/\/secure.gravatar.com\/avatar\/e8fc1ce4ad50385675908137b0d8d66be281d034bf072b4700460237638ea6d0?s=96&d=mm&r=g","contentUrl":"https:\/\/secure.gravatar.com\/avatar\/e8fc1ce4ad50385675908137b0d8d66be281d034bf072b4700460237638ea6d0?s=96&d=mm&r=g","caption":"Heather Lincoln"},"url":"https:\/\/casadecampoliving.com\/es\/author\/hcastillo\/"}]}},"parsely":{"version":"1.1.0","canonical_url":"https:\/\/casadecampoliving.com\/es\/nuevo-programa-de-cinematografia-en-chavon-escuela-de-diseno\/","smart_links":{"inbound":0,"outbound":0},"traffic_boost_suggestions_count":0,"meta":{"@context":"https:\/\/schema.org","@type":"NewsArticle","headline":"Inscripci\u00f3n abierta para el programa de cinematograf\u00eda en Chav\u00f3n Escuela de Dise\u00f1o","url":"http:\/\/casadecampoliving.com\/es\/nuevo-programa-de-cinematografia-en-chavon-escuela-de-diseno\/","mainEntityOfPage":{"@type":"WebPage","@id":"http:\/\/casadecampoliving.com\/es\/nuevo-programa-de-cinematografia-en-chavon-escuela-de-diseno\/"},"thumbnailUrl":"https:\/\/i0.wp.com\/casadecampoliving.com\/wp-content\/uploads\/2022\/10\/2016-10-05.jpg?resize=150%2C150&ssl=1","image":{"@type":"ImageObject","url":"https:\/\/i0.wp.com\/casadecampoliving.com\/wp-content\/uploads\/2022\/10\/2016-10-05.jpg?fit=1000%2C602&ssl=1"},"articleSection":"Altos de Chavon @es","author":[{"@type":"Person","name":"Heather Lincoln"}],"creator":["Heather Lincoln"],"publisher":{"@type":"Organization","name":"Casa de Campo Living","logo":"https:\/\/casadecampoliving.com\/wp-content\/uploads\/2022\/07\/CDCLivingLogo_V1-white-sized.png"},"keywords":["altos de chavon","cine","cinematografia","escuela de dise\u00f1o","estudiantes","featured-topview @es","tanya valette"],"dateCreated":"2016-10-05T04:00:00Z","datePublished":"2016-10-05T04:00:00Z","dateModified":"2022-10-21T22:57:46Z"},"rendered":"<script type=\"application\/ld+json\" class=\"wp-parsely-metadata\">{\"@context\":\"https:\\\/\\\/schema.org\",\"@type\":\"NewsArticle\",\"headline\":\"Inscripci\\u00f3n abierta para el programa de cinematograf\\u00eda en Chav\\u00f3n Escuela de Dise\\u00f1o\",\"url\":\"http:\\\/\\\/casadecampoliving.com\\\/es\\\/nuevo-programa-de-cinematografia-en-chavon-escuela-de-diseno\\\/\",\"mainEntityOfPage\":{\"@type\":\"WebPage\",\"@id\":\"http:\\\/\\\/casadecampoliving.com\\\/es\\\/nuevo-programa-de-cinematografia-en-chavon-escuela-de-diseno\\\/\"},\"thumbnailUrl\":\"https:\\\/\\\/i0.wp.com\\\/casadecampoliving.com\\\/wp-content\\\/uploads\\\/2022\\\/10\\\/2016-10-05.jpg?resize=150%2C150&ssl=1\",\"image\":{\"@type\":\"ImageObject\",\"url\":\"https:\\\/\\\/i0.wp.com\\\/casadecampoliving.com\\\/wp-content\\\/uploads\\\/2022\\\/10\\\/2016-10-05.jpg?fit=1000%2C602&ssl=1\"},\"articleSection\":\"Altos de Chavon @es\",\"author\":[{\"@type\":\"Person\",\"name\":\"Heather Lincoln\"}],\"creator\":[\"Heather Lincoln\"],\"publisher\":{\"@type\":\"Organization\",\"name\":\"Casa de Campo Living\",\"logo\":\"https:\\\/\\\/casadecampoliving.com\\\/wp-content\\\/uploads\\\/2022\\\/07\\\/CDCLivingLogo_V1-white-sized.png\"},\"keywords\":[\"altos de chavon\",\"cine\",\"cinematografia\",\"escuela de dise\\u00f1o\",\"estudiantes\",\"featured-topview @es\",\"tanya valette\"],\"dateCreated\":\"2016-10-05T04:00:00Z\",\"datePublished\":\"2016-10-05T04:00:00Z\",\"dateModified\":\"2022-10-21T22:57:46Z\"}<\/script>","tracker_url":"https:\/\/cdn.parsely.com\/keys\/casadecampoliving.com\/p.js"},"jetpack_publicize_connections":[],"jetpack_featured_media_url":"https:\/\/i0.wp.com\/casadecampoliving.com\/wp-content\/uploads\/2022\/10\/2016-10-05.jpg?fit=1000%2C602&ssl=1","jetpack-related-posts":[{"id":352934,"url":"https:\/\/casadecampoliving.com\/es\/facultad-de-cine-de-chavon-escuela-de-diseno\/","url_meta":{"origin":350585,"position":0},"title":"Facultad de Cine de Chav\u00f3n Escuela de Dise\u00f1o","author":"Casa de Campo Living","date":"11 Oct, 2018","format":false,"excerpt":"Hace poco m\u00e1s de un a\u00f1o, en febrero de 2017, Chav\u00f3n Escuela de Dise\u00f1o abri\u00f3 un nuevo programa de Cinematograf\u00eda en el campus de Altos de Chav\u00f3n. El programa de dos a\u00f1os cuenta con profesores invitados con trayectorias impresionantes en la industria cinematogr\u00e1fica. El programa ense\u00f1a de manera te\u00f3rica pero\u2026","rel":"","context":"En \u00abAltos de Chavon @es\u00bb","block_context":{"text":"Altos de Chavon @es","link":"https:\/\/casadecampoliving.com\/category\/altos-de-chavon-es\/"},"img":{"alt_text":"","src":"https:\/\/i0.wp.com\/casadecampoliving.com\/wp-content\/uploads\/2022\/10\/1069373_10153061816630164_1122926614_n-1.jpg?fit=400%2C400&ssl=1&resize=350%2C200","width":350,"height":200},"classes":[]},{"id":351948,"url":"https:\/\/casadecampoliving.com\/es\/un-futuro-muy-prometedor-para-los-estudiantes-de-cine-de-chavon-escuela-de-diseno\/","url_meta":{"origin":350585,"position":1},"title":"Un futuro muy prometedor para los estudiantes de cine de Chav\u00f3n Escuela de Dise\u00f1o","author":"Marlenys Guzm\u00e1n Casta\u00f1os","date":"5 Sep, 2017","format":false,"excerpt":"La industria del cine en Rep\u00fablica Dominicana se ve muy prometedora. Podemos verlo en las pel\u00edculas que se estrenaron recientemente, entre ellas \"Todas las Mujeres Son Iguales\", dirigida por uno de los miembros de nuestra comunidad, David Maler y protagonizada por su esposa Nashla Bogeart, tambi\u00e9n al ver que Chav\u00f3n\u2026","rel":"","context":"En \u00abAltos de Chavon @es\u00bb","block_context":{"text":"Altos de Chavon @es","link":"https:\/\/casadecampoliving.com\/category\/altos-de-chavon-es\/"},"img":{"alt_text":"","src":"https:\/\/i0.wp.com\/casadecampoliving.com\/wp-content\/uploads\/2022\/10\/Film-Chavon-School-of-Design.jpeg?fit=1000%2C601&ssl=1&resize=350%2C200","width":350,"height":200,"srcset":"https:\/\/i0.wp.com\/casadecampoliving.com\/wp-content\/uploads\/2022\/10\/Film-Chavon-School-of-Design.jpeg?fit=1000%2C601&ssl=1&resize=350%2C200 1x, https:\/\/i0.wp.com\/casadecampoliving.com\/wp-content\/uploads\/2022\/10\/Film-Chavon-School-of-Design.jpeg?fit=1000%2C601&ssl=1&resize=525%2C300 1.5x, https:\/\/i0.wp.com\/casadecampoliving.com\/wp-content\/uploads\/2022\/10\/Film-Chavon-School-of-Design.jpeg?fit=1000%2C601&ssl=1&resize=700%2C400 2x"},"classes":[]},{"id":351270,"url":"https:\/\/casadecampoliving.com\/es\/el-nuevo-estudio-de-cine-de-altos-de-chavon-esta-listo\/","url_meta":{"origin":350585,"position":2},"title":"\u00a1El nuevo estudio de cine de Altos de Chav\u00f3n esta listo!","author":"Heather Lincoln","date":"20 Mar, 2017","format":false,"excerpt":"El programa de Cinematograf\u00eda de la Escuela de Dise\u00f1o de Altos de Chav\u00f3n que se inaugur\u00f3 oficialmente el mes pasado ya ha hecho algunos cambios impresionantes dentro de las instalaciones de la escuela. Entre los planes para el nuevo programa de dos a\u00f1os est\u00e1 una sala de proyecci\u00f3n que ha\u2026","rel":"","context":"En \u00abAltos de Chavon @es\u00bb","block_context":{"text":"Altos de Chavon @es","link":"https:\/\/casadecampoliving.com\/category\/altos-de-chavon-es\/"},"img":{"alt_text":"Chav\u00f3n New Film Studio","src":"https:\/\/i0.wp.com\/casadecampoliving.com\/wp-content\/uploads\/2022\/10\/IMG_8610-e1489776331949.jpg?fit=1000%2C600&ssl=1&resize=350%2C200","width":350,"height":200,"srcset":"https:\/\/i0.wp.com\/casadecampoliving.com\/wp-content\/uploads\/2022\/10\/IMG_8610-e1489776331949.jpg?fit=1000%2C600&ssl=1&resize=350%2C200 1x, https:\/\/i0.wp.com\/casadecampoliving.com\/wp-content\/uploads\/2022\/10\/IMG_8610-e1489776331949.jpg?fit=1000%2C600&ssl=1&resize=525%2C300 1.5x, https:\/\/i0.wp.com\/casadecampoliving.com\/wp-content\/uploads\/2022\/10\/IMG_8610-e1489776331949.jpg?fit=1000%2C600&ssl=1&resize=700%2C400 2x"},"classes":[]},{"id":352377,"url":"https:\/\/casadecampoliving.com\/es\/chavon-escuela-de-diseno-tiene-dos-nuevos-talleres-de-cine-este-mes\/","url_meta":{"origin":350585,"position":3},"title":"\u00a1Chav\u00f3n Escuela de Dise\u00f1o tiene dos nuevos talleres de cine este mes!","author":"Marlenys Guzm\u00e1n Casta\u00f1os","date":"8 Ene, 2018","format":false,"excerpt":"La industria del cine en la Rep\u00fablica Dominicana est\u00e1 creciendo r\u00e1pidamente y de igual manera tambi\u00e9n la nueva carrera cinematogr\u00e1fica aqu\u00ed en Chav\u00f3n Escuela de Dise\u00f1o. Esta nueva carrera de 2 a\u00f1os, abri\u00f3 el a\u00f1o pasado en febrero y ya tiene dos grupos, el primero se estar\u00e1 graduando el pr\u00f3ximo\u2026","rel":"","context":"En \u00abAltos de Chavon @es\u00bb","block_context":{"text":"Altos de Chavon @es","link":"https:\/\/casadecampoliving.com\/category\/altos-de-chavon-es\/"},"img":{"alt_text":"","src":"https:\/\/i0.wp.com\/casadecampoliving-wp.s3-accelerate.amazonaws.com\/2018\/01\/19467739_10158913077260164_7485352314038892899_o.jpg?resize=350%2C200&ssl=1","width":350,"height":200,"srcset":"https:\/\/i0.wp.com\/casadecampoliving-wp.s3-accelerate.amazonaws.com\/2018\/01\/19467739_10158913077260164_7485352314038892899_o.jpg?resize=350%2C200&ssl=1 1x, https:\/\/i0.wp.com\/casadecampoliving-wp.s3-accelerate.amazonaws.com\/2018\/01\/19467739_10158913077260164_7485352314038892899_o.jpg?resize=525%2C300&ssl=1 1.5x, https:\/\/i0.wp.com\/casadecampoliving-wp.s3-accelerate.amazonaws.com\/2018\/01\/19467739_10158913077260164_7485352314038892899_o.jpg?resize=700%2C400&ssl=1 2x"},"classes":[]},{"id":352104,"url":"https:\/\/casadecampoliving.com\/es\/primera-proyeccion-cine-al-aire-libre-altos-de-chavon\/","url_meta":{"origin":350585,"position":4},"title":"\u00a1No te pierdas la primera proyecci\u00f3n del Cine al Aire Libre de Altos de Chav\u00f3n!","author":"Marlenys Guzm\u00e1n Casta\u00f1os","date":"19 Oct, 2017","format":false,"excerpt":"\u00a1La Direcci\u00f3n General de Cine y Chav\u00f3n Escuela de Dise\u00f1o nos invitan al primer teatro al aire libre en Altos de Chav\u00f3n! Un tema desde hace alg\u00fan tiempo, la escuela comenzar\u00e1 a proyectar pel\u00edculas usando el ic\u00f3nico anfiteatro como su ubicaci\u00f3n. Tanya Valette, directora de cine de la escuela, dice:\u2026","rel":"","context":"En \u00abAltos de Chavon @es\u00bb","block_context":{"text":"Altos de Chavon @es","link":"https:\/\/casadecampoliving.com\/category\/altos-de-chavon-es\/"},"img":{"alt_text":"","src":"https:\/\/i0.wp.com\/casadecampoliving.com\/wp-content\/uploads\/2022\/10\/Foto-1-1.png?fit=1000%2C607&ssl=1&resize=350%2C200","width":350,"height":200,"srcset":"https:\/\/i0.wp.com\/casadecampoliving.com\/wp-content\/uploads\/2022\/10\/Foto-1-1.png?fit=1000%2C607&ssl=1&resize=350%2C200 1x, https:\/\/i0.wp.com\/casadecampoliving.com\/wp-content\/uploads\/2022\/10\/Foto-1-1.png?fit=1000%2C607&ssl=1&resize=525%2C300 1.5x, https:\/\/i0.wp.com\/casadecampoliving.com\/wp-content\/uploads\/2022\/10\/Foto-1-1.png?fit=1000%2C607&ssl=1&resize=700%2C400 2x"},"classes":[]},{"id":350714,"url":"https:\/\/casadecampoliving.com\/es\/charla-visita-a-altos-de-chavon-de-stefan-sagmeister\/","url_meta":{"origin":350585,"position":5},"title":"Inspiradora charla de Stefan Sagmeister sobre \u00ab\u00bfPor qu\u00e9 la belleza importa?\u00bb y su visita a Altos de Chav\u00f3n","author":"Stephen Kaplan","date":"28 Oct, 2016","format":false,"excerpt":"Cuando las superestrellas del mundo del arte y el dise\u00f1o brillan en\u00a0Chav\u00f3n es verdaderamente esclarecedor. Este pasado fin de semana el mega talentoso, nacido en Austria, basado en Nueva York, Stefan Sagmeister, ilumin\u00f3 a una audiencia de 300 en el cine \u00c1gora con su versi\u00f3n de \"\u00bfPor qu\u00e9 la belleza\u2026","rel":"","context":"En \u00abAltos de Chavon @es\u00bb","block_context":{"text":"Altos de Chavon @es","link":"https:\/\/casadecampoliving.com\/category\/altos-de-chavon-es\/"},"img":{"alt_text":"Stefan Sagmeister Charla Agora Mall","src":"https:\/\/i0.wp.com\/casadecampoliving.com\/wp-content\/uploads\/2022\/10\/Stefan_Sagmeister_sdq-e1477667214931.jpg?fit=1000%2C750&ssl=1&resize=350%2C200","width":350,"height":200,"srcset":"https:\/\/i0.wp.com\/casadecampoliving.com\/wp-content\/uploads\/2022\/10\/Stefan_Sagmeister_sdq-e1477667214931.jpg?fit=1000%2C750&ssl=1&resize=350%2C200 1x, https:\/\/i0.wp.com\/casadecampoliving.com\/wp-content\/uploads\/2022\/10\/Stefan_Sagmeister_sdq-e1477667214931.jpg?fit=1000%2C750&ssl=1&resize=525%2C300 1.5x, https:\/\/i0.wp.com\/casadecampoliving.com\/wp-content\/uploads\/2022\/10\/Stefan_Sagmeister_sdq-e1477667214931.jpg?fit=1000%2C750&ssl=1&resize=700%2C400 2x"},"classes":[]}],"jetpack_sharing_enabled":true,"_links":{"self":[{"href":"https:\/\/casadecampoliving.com\/es\/wp-json\/wp\/v2\/posts\/350585","targetHints":{"allow":["GET"]}}],"collection":[{"href":"https:\/\/casadecampoliving.com\/es\/wp-json\/wp\/v2\/posts"}],"about":[{"href":"https:\/\/casadecampoliving.com\/es\/wp-json\/wp\/v2\/types\/post"}],"author":[{"embeddable":true,"href":"https:\/\/casadecampoliving.com\/es\/wp-json\/wp\/v2\/users\/36681"}],"replies":[{"embeddable":true,"href":"https:\/\/casadecampoliving.com\/es\/wp-json\/wp\/v2\/comments?post=350585"}],"version-history":[{"count":1,"href":"https:\/\/casadecampoliving.com\/es\/wp-json\/wp\/v2\/posts\/350585\/revisions"}],"predecessor-version":[{"id":350588,"href":"https:\/\/casadecampoliving.com\/es\/wp-json\/wp\/v2\/posts\/350585\/revisions\/350588"}],"wp:featuredmedia":[{"embeddable":true,"href":"https:\/\/casadecampoliving.com\/es\/wp-json\/wp\/v2\/media\/299130"}],"wp:attachment":[{"href":"https:\/\/casadecampoliving.com\/es\/wp-json\/wp\/v2\/media?parent=350585"}],"wp:term":[{"taxonomy":"category","embeddable":true,"href":"https:\/\/casadecampoliving.com\/es\/wp-json\/wp\/v2\/categories?post=350585"},{"taxonomy":"post_tag","embeddable":true,"href":"https:\/\/casadecampoliving.com\/es\/wp-json\/wp\/v2\/tags?post=350585"},{"taxonomy":"newspack_spnsrs_tax","embeddable":true,"href":"https:\/\/casadecampoliving.com\/es\/wp-json\/wp\/v2\/newspack_spnsrs_tax?post=350585"}],"curies":[{"name":"wp","href":"https:\/\/api.w.org\/{rel}","templated":true}]}}