{"id":350571,"date":"2016-10-02T00:00:00","date_gmt":"2016-10-02T04:00:00","guid":{"rendered":"https:\/\/casadecampoliving.com\/true-cost-pelicula-moda-impacto-mundial\/"},"modified":"2022-11-10T10:32:27","modified_gmt":"2022-11-10T14:32:27","slug":"true-cost-pelicula-moda-impacto-mundial","status":"publish","type":"post","link":"https:\/\/casadecampoliving.com\/es\/true-cost-pelicula-moda-impacto-mundial\/","title":{"rendered":"\u00abThe True Cost\u00bb: Una pel\u00edcula sobre el impacto de la moda en el mundo"},"content":{"rendered":"<p style=\"text-align: justify;\">No hace mucho tiempo, la Muestra de Cine Medioambiental Dominicana (DREFF por sus siglas en ingl\u00e9s) celebr\u00f3 su sexta edici\u00f3n en el pa\u00eds, con el lema de este\u00a0a\u00f1o siendo \u00abYo soy Sostenible\u00bb. Muchas pel\u00edculas se presentaron en un esfuerzo de ayudar a\u00a0tomar conciencia en cuanto a los cambios ambientales y las pr\u00e1cticas nocivas de la industria dentro de los pa\u00edses de todo el mundo, e incluy\u00f3 temas\u00a0sobre las pol\u00edticas p\u00fablicas, agua potable, fuentes de energ\u00eda alternativas y el desarrollo socioecon\u00f3mico sostenible. Instituciones y empresas de todo el pa\u00eds realizaron\u00a0proyecciones, actividades comunitarias, y eventos con l\u00edderes ambientales e invitados especiales para promover DREFF, la cual\u00a0comenz\u00f3 en 2011 como una iniciativa de la Fundaci\u00f3n Global Democracia y Desarrollo (Funglode).<\/p>\n<!--more-->\n\n<figure id=\"attachment_124783\" aria-describedby=\"caption-attachment-124783\" style=\"width: 1000px\" class=\"wp-caption alignnone\"><img data-recalc-dims=\"1\" loading=\"lazy\" decoding=\"async\" class=\"wp-image-124783 size-full\" src=\"https:\/\/i0.wp.com\/casadecampoliving.com\/wp-content\/uploads\/2022\/10\/true_cost_still-e1475286365526.jpg?resize=1000%2C563&#038;ssl=1\" alt=\"&quot;The True Cost&quot; still\" width=\"1000\" height=\"563\" \/><figcaption id=\"caption-attachment-124783\" class=\"wp-caption-text\">Still from \u00abThe True Cost\u00bb<\/figcaption><\/figure>\n<p style=\"text-align: justify;\">El festival abri\u00f3\u00a0con el documental \u00abThe True Cost\u00bb dirigido por Andrew Morgan, en el Palacio del Cine de \u00c1gora Mall, que mostr\u00f3\u00a0los profundos efectos del <em>\u00abfast-fashion\u00bb<\/em> en nuestro medio ambiente y los que hacen nuestra ropa.\u00a0<em>\u00abFast-fashion\u00bb<\/em> se refiere a las marcas y los minoristas que producen un alarmante n\u00famero de prendas de vestir para el consumo masivo de permanecer en o incluso por delante de las tendencias. Una industria que sol\u00eda tener dos temporadas de moda, primavera\/verano y oto\u00f1o\/invierno, la industria de la moda ahora produce en serie 52 \u00abmicro-estaciones\u00bb con el objetivo de vender la mayor cantidad de productos lo m\u00e1s r\u00e1pido posible. Entre los muchos aspectos negativos de moda r\u00e1pida encontramos el consumismo\u00a0y el desperdicio, las pr\u00e1cticas nocivas del medio ambiente y las malas condiciones de trabajo en el extranjero para cumplir con los est\u00e1ndares de producci\u00f3n.<\/p>\n\n\n<figure id=\"attachment_124782\" aria-describedby=\"caption-attachment-124782\" style=\"width: 960px\" class=\"wp-caption alignnone\"><img data-recalc-dims=\"1\" loading=\"lazy\" decoding=\"async\" class=\"size-full wp-image-124782\" src=\"https:\/\/i0.wp.com\/casadecampoliving.com\/wp-content\/uploads\/2022\/10\/Bangladesh_factory_collapse.jpg?resize=960%2C540&#038;ssl=1\" alt=\"&quot;The True Cost&quot;\" width=\"960\" height=\"540\" \/><figcaption id=\"caption-attachment-124782\" class=\"wp-caption-text\">Bangladesh factory collapse 2013, image by CTVnews.<\/figcaption><\/figure>\n<p style=\"text-align: justify;\">La pel\u00edcula\u00a0muestra el\u00a0colapso de la f\u00e1brica en Dhaka, Bangladesh en el a\u00f1o 2013, donde Rana Plaza, un edificio de ocho pisos se colapso\u00a0y mat\u00f3 a m\u00e1s de 1,100 empleados en un d\u00eda. La f\u00e1brica, el hogar de minoristas occidentales populares, hab\u00edan ignorado durante mucho tiempo, los problemas de infraestructura y ha buscaba\u00a0cumplir con los pedidos de producci\u00f3n competitivos sin tomar en cuanta\u00a0las precauciones de seguridad, ejemplo de\u00a0los altos costos que tiene satisfacer\u00a0de la demanda y la severidad de la pobreza al economizar. Ganando menos de $3.00 al d\u00eda, los trabajadores explotados de Bangladesh se encuentran entre las personas con\u00a0ingresos m\u00e1s bajos en el mundo, y sin embargo, el pa\u00eds es uno de los exportadores m\u00e1s grandes del mundo en la industria de la ropa. La pel\u00edcula tambi\u00e9n nos habla de\u00a0los efectos sobre la salud y el medio ambiente de los campos de algod\u00f3n en la India que son inundados de pesticidas, la exposici\u00f3n a sustancias qu\u00edmicas en las\u00a0f\u00e1bricas de\u00a0calzado en Kanpur, as\u00ed como la contaminaci\u00f3n masiva en Hait\u00ed, donde una buena parte de la ropa usada que donamos\u00a0\u00a1terminan\u00a0en los vertederos! Resulta que la industria de la moda esta en el puesto #2 de los m\u00e1s contaminantes\u00a0en la tierra, despu\u00e9s de la industria del petr\u00f3leo. El<em>\u00a0New York Times<\/em> llama el documental <strong>\u00abUn retrato de la explotaci\u00f3n.\u00bb<\/strong><\/p>\n\n\n<figure id=\"attachment_124781\" aria-describedby=\"caption-attachment-124781\" style=\"width: 1000px\" class=\"wp-caption alignnone\"><img data-recalc-dims=\"1\" loading=\"lazy\" decoding=\"async\" class=\"wp-image-124781 size-full\" src=\"https:\/\/i0.wp.com\/casadecampoliving.com\/wp-content\/uploads\/2022\/10\/DREFF_Zaida-Goveo-Marina-Spadafora-Gina-Constanza-1-e1475287089168.jpg?resize=1000%2C668&#038;ssl=1\" alt=\"DREFF &quot;The True Cost&quot;\" width=\"1000\" height=\"668\" \/><figcaption id=\"caption-attachment-124781\" class=\"wp-caption-text\">From left to right: Zaida Goveo, Marina Spadafora, and Gina Constanza at DREFF inauguration<\/figcaption><\/figure>\n<p style=\"text-align: justify;\">Para presentar\u00a0la pel\u00edcula estuvieron presentes\u00a0activistas del medio ambiente dentro de la industria de la moda, Zaida Goveo, Coordinadora de <em>Fashion Revolution<\/em>\u00a0en Puerto Rico, Gina Constanza, fundadora de\u00a0<em>\u00abEco Fashion in the Park,\u00bb<\/em> y la directora de moda de Chav\u00f3n Escuela de Dise\u00f1o, Marina Spadafora.\u00a0<em>Fashion Revolution<\/em> es una empresa sin fines de lucro que\u00a0busca\u00a0involucrar a la comunidad mundial en pensar diferente acerca de lo que llevan puesto &#8211; &#8216;transparencia en la transformaci\u00f3n de la industria &#8216;. Su campa\u00f1a del 2016 #whomademyclothes? pide a las marcas revelar sus proveedores, y hasta ahora ha sido recibida con una respuesta abrumadora de los productores y trabajadores de la confecci\u00f3n de ropa que comparten sus historias en\u00a0#imadeyourclothes. Zaida es tambi\u00e9n un artista textil que trabaja exclusivamente con fibras org\u00e1nicas y materiales reciclados en su proyecto, BALMASEDA para fortalecer una relaci\u00f3n entre los consumidores con la naturaleza.<\/p>\n\n\n<figure id=\"attachment_124779\" aria-describedby=\"caption-attachment-124779\" style=\"width: 1000px\" class=\"wp-caption alignnone\"><img data-recalc-dims=\"1\" loading=\"lazy\" decoding=\"async\" class=\"wp-image-124779 size-full\" src=\"https:\/\/i0.wp.com\/casadecampoliving.com\/wp-content\/uploads\/2022\/10\/DREFF_Las-Modelos-e1475285015797.jpg?resize=1000%2C662&#038;ssl=1\" alt=\"DREFF &quot;Eco Fashion in the Park&quot;\" width=\"1000\" height=\"662\" \/><figcaption id=\"caption-attachment-124779\" class=\"wp-caption-text\">\u00abEco Fashion in the Park\u00bb collection displayed at DREFF<\/figcaption><\/figure>\n<p style=\"text-align: justify;\">El trabajo de Gina en\u00bbEco Fashion in the Park\u00bb ha sido recibida con mucho \u00e9xito gracias a\u00a0sus iniciativas al organizar intercambios\u00a0de ropa en\u00a0la Ciudad de Nueva York y la promoci\u00f3n de dise\u00f1adores independientes y respetuosas del medio ambiente. Su \u00faltima colecci\u00f3n fue presentada\u00a0en el lanzamiento del DREFF antes de la proyecci\u00f3n de la pel\u00edcula. Marina, directora creativa detr\u00e1s de la marca, \u00abAuteurs du Monde,\u00bb atraviesa el mundo, desde la India, Nepal, Vietnam, Per\u00fa y Ecuador, entre otros pa\u00edses, buscando productores dentro del marco moda \u00e9tica que pertenezcan en su totalidad a la Organizaci\u00f3n Mundial del Comercio Justo. Tambi\u00e9n ocupa el cargo de Coordinadora Nacional de Italia para<em> Fashion Revolution<\/em> y es miembro del Comit\u00e9 Consultor\u00a0Mundial para Europa. Adem\u00e1s, trabaja con\u00a0<em>Fashion 4\u00a0Development<\/em> &#8211; una plataforma global que junto con las Naciones Unidas busca\u00a0ayudar a las econom\u00edas emergentes a trav\u00e9s de la moda. En 2015, fue galardonada con el Premio <em>\u00abWomen Together\u00bb<\/em>, que reconoce a los que se dedican al desarrollo sostenible y la erradicaci\u00f3n de la injusticia social y la pobreza.<\/p>\n\n\n<figure id=\"attachment_124780\" aria-describedby=\"caption-attachment-124780\" style=\"width: 1000px\" class=\"wp-caption alignnone\"><img data-recalc-dims=\"1\" loading=\"lazy\" decoding=\"async\" class=\"wp-image-124780\" src=\"https:\/\/i0.wp.com\/casadecampoliving.com\/wp-content\/uploads\/2022\/10\/DREFF_Natasha-Despotovic-Marina-Spadafora-2-scaled.jpg?resize=1000%2C667&#038;ssl=1\" alt=\"DREFF &quot;The True Cost&quot;\" width=\"1000\" height=\"667\" \/><figcaption id=\"caption-attachment-124780\" class=\"wp-caption-text\">Natasha Despotovic con\u00a0Marina Spadafora, sosteniendo el premio\u00a0DREFF Fashion Revolution, reconociendo sus contribuciones a la concientizaci\u00f3n ambiental<\/figcaption><\/figure>\n<p style=\"text-align: justify;\">El t\u00e9rmino \u00abconsumo consciente\u00bb viene a la mente despu\u00e9s de ver la pel\u00edcula y aprender m\u00e1s sobre los que se han formado carreras en torno a mejorar los est\u00e1ndares de la industria. Piense c\u00f3mo nuestras acciones, como algo tan sencillo como ir de compras, afecta a los humanos, como nosotros con coraz\u00f3n y manos y familias, a miles de millas de distancia. Andrew Morgan dice lo siguiente mientras \u00e9l trata de llegar a los\u00a0consumidores:<\/p>\n\n<blockquote>\n<p style=\"text-align: justify;\"><strong>\u00abEsta es una parte de nuestro mundo loco, y es horrible que nunca he o\u00eddo hablar de \u00e9l. Por ejemplo, c\u00f3mo viv\u00ed tanto tiempo, sin considerar siquiera algo tan b\u00e1sico como de donde vino mi ropa&#8230; Lo que encontr\u00e9 es que mientras que no hab\u00eda hecho\u00a0algunas de estas preguntas,\u00a0hay realmente un sin n\u00famero de\u00a0personas que al igual que yo\u00a0que no han hecho\u00a0a algunas de esas preguntas &#8230; [la pel\u00edcula] es una invitaci\u00f3n a decir &#8216;bueno, eso es algo muy importante en el mundo que no se ha considerado, y del cual son parte integral\u00a0mediante la compra de ropa&#8217; \u00bb <\/strong>(<a href=\"http:\/\/truecostmovie.com\/about\/\" target=\"_blank\" rel=\"noopener\">truecostmovie.com<\/a>)<\/p>\n<\/blockquote>\n<p style=\"text-align: justify;\">La Escuela de Dise\u00f1o Chav\u00f3n dentro de su programa de moda pone un fuerte \u00e9nfasis en la sostenibilidad y el comercio justo en\u00a0su curso \u00abModa \u00c9tica\u00bb, dirigido por Marina Spadafora. Mant\u00e9ngase atento ya que les traeremos m\u00e1s informaci\u00f3n sobre el enfoque ambiental de Chav\u00f3n en la moda, y si usted est\u00e1 interesado en aprender m\u00e1s acerca de d\u00f3nde proviene\u00a0su ropa, recomendamos unirse a las iniciativas antes mencionadas y leer el\u00a0libro, <em>\u00abWhere am I Wearing?\u00bb<\/em> de Kelsey Timmerman que, como Andrew Morgan, se une a la b\u00fasqueda del consumismo consciente y saca a la luz el verdadero costo de nuestros h\u00e1bitos de compra sobre el medio ambiente y en las personas de todo el mundo. \u00bfEsto cuesta a qu\u00e9 costo?<\/p>\n<p style=\"text-align: justify;\">Las siguientes fotos fueron tomadas el 13 de septiembre en la inauguraci\u00f3n de la Muestra de Cine Medioambiental Dominicana en el Palacio del Cine en \u00c1gora Mall\u00a0\u00a0durante la proyecci\u00f3n de\u00a0\u00abThe True Cost\u00bb:<\/p>\n\n<figure class=\"wp-block-gallery has-nested-images columns-default is-cropped wp-block-gallery-1 is-layout-flex wp-block-gallery-is-layout-flex\">\n<figure class=\"wp-block-image size-large\"><img data-recalc-dims=\"1\" loading=\"lazy\" decoding=\"async\" width=\"662\" height=\"1000\" data-id=\"442026\" src=\"https:\/\/i0.wp.com\/casadecampoliving.com\/wp-content\/uploads\/2022\/10\/Jenny-Almonte-y-Myriam-Lopez.jpg?resize=662%2C1000&#038;ssl=1\" alt=\"\" class=\"wp-image-442026\" srcset=\"https:\/\/i0.wp.com\/casadecampoliving.com\/wp-content\/uploads\/2022\/10\/Jenny-Almonte-y-Myriam-Lopez.jpg?w=662&amp;ssl=1 662w, https:\/\/i0.wp.com\/casadecampoliving.com\/wp-content\/uploads\/2022\/10\/Jenny-Almonte-y-Myriam-Lopez.jpg?resize=199%2C300&amp;ssl=1 199w, https:\/\/i0.wp.com\/casadecampoliving.com\/wp-content\/uploads\/2022\/10\/Jenny-Almonte-y-Myriam-Lopez.jpg?resize=400%2C604&amp;ssl=1 400w, https:\/\/i0.wp.com\/casadecampoliving.com\/wp-content\/uploads\/2022\/10\/Jenny-Almonte-y-Myriam-Lopez.jpg?resize=150%2C227&amp;ssl=1 150w, https:\/\/i0.wp.com\/casadecampoliving.com\/wp-content\/uploads\/2022\/10\/Jenny-Almonte-y-Myriam-Lopez.jpg?w=370&amp;ssl=1 370w\" sizes=\"auto, (max-width: 662px) 100vw, 662px\" \/><\/figure>\n\n\n\n<figure class=\"wp-block-image size-large\"><img data-recalc-dims=\"1\" loading=\"lazy\" decoding=\"async\" width=\"1000\" height=\"662\" data-id=\"442046\" src=\"https:\/\/i0.wp.com\/casadecampoliving.com\/wp-content\/uploads\/2022\/10\/Francisco-Dominguez-Brito-Maria-Victoria-Natasha-Destopovic.jpg?resize=1000%2C662&#038;ssl=1\" alt=\"\" class=\"wp-image-442046\" srcset=\"https:\/\/i0.wp.com\/casadecampoliving.com\/wp-content\/uploads\/2022\/10\/Francisco-Dominguez-Brito-Maria-Victoria-Natasha-Destopovic.jpg?w=1000&amp;ssl=1 1000w, https:\/\/i0.wp.com\/casadecampoliving.com\/wp-content\/uploads\/2022\/10\/Francisco-Dominguez-Brito-Maria-Victoria-Natasha-Destopovic.jpg?resize=300%2C199&amp;ssl=1 300w, https:\/\/i0.wp.com\/casadecampoliving.com\/wp-content\/uploads\/2022\/10\/Francisco-Dominguez-Brito-Maria-Victoria-Natasha-Destopovic.jpg?resize=768%2C508&amp;ssl=1 768w, https:\/\/i0.wp.com\/casadecampoliving.com\/wp-content\/uploads\/2022\/10\/Francisco-Dominguez-Brito-Maria-Victoria-Natasha-Destopovic.jpg?resize=400%2C265&amp;ssl=1 400w, https:\/\/i0.wp.com\/casadecampoliving.com\/wp-content\/uploads\/2022\/10\/Francisco-Dominguez-Brito-Maria-Victoria-Natasha-Destopovic.jpg?resize=706%2C467&amp;ssl=1 706w, https:\/\/i0.wp.com\/casadecampoliving.com\/wp-content\/uploads\/2022\/10\/Francisco-Dominguez-Brito-Maria-Victoria-Natasha-Destopovic.jpg?resize=150%2C99&amp;ssl=1 150w, https:\/\/i0.wp.com\/casadecampoliving.com\/wp-content\/uploads\/2022\/10\/Francisco-Dominguez-Brito-Maria-Victoria-Natasha-Destopovic.jpg?w=370&amp;ssl=1 370w\" sizes=\"auto, (max-width: 1000px) 100vw, 1000px\" \/><\/figure>\n\n\n\n<figure class=\"wp-block-image size-large\"><img data-recalc-dims=\"1\" loading=\"lazy\" decoding=\"async\" width=\"1000\" height=\"668\" data-id=\"442060\" src=\"https:\/\/i0.wp.com\/casadecampoliving.com\/wp-content\/uploads\/2022\/10\/Gil-Matos-Michael-Cortina.jpg?resize=1000%2C668&#038;ssl=1\" alt=\"\" class=\"wp-image-442060\" srcset=\"https:\/\/i0.wp.com\/casadecampoliving.com\/wp-content\/uploads\/2022\/10\/Gil-Matos-Michael-Cortina.jpg?w=1000&amp;ssl=1 1000w, https:\/\/i0.wp.com\/casadecampoliving.com\/wp-content\/uploads\/2022\/10\/Gil-Matos-Michael-Cortina.jpg?resize=300%2C200&amp;ssl=1 300w, https:\/\/i0.wp.com\/casadecampoliving.com\/wp-content\/uploads\/2022\/10\/Gil-Matos-Michael-Cortina.jpg?resize=768%2C513&amp;ssl=1 768w, https:\/\/i0.wp.com\/casadecampoliving.com\/wp-content\/uploads\/2022\/10\/Gil-Matos-Michael-Cortina.jpg?resize=400%2C267&amp;ssl=1 400w, https:\/\/i0.wp.com\/casadecampoliving.com\/wp-content\/uploads\/2022\/10\/Gil-Matos-Michael-Cortina.jpg?resize=706%2C472&amp;ssl=1 706w, https:\/\/i0.wp.com\/casadecampoliving.com\/wp-content\/uploads\/2022\/10\/Gil-Matos-Michael-Cortina.jpg?resize=150%2C100&amp;ssl=1 150w, https:\/\/i0.wp.com\/casadecampoliving.com\/wp-content\/uploads\/2022\/10\/Gil-Matos-Michael-Cortina.jpg?w=370&amp;ssl=1 370w\" sizes=\"auto, (max-width: 1000px) 100vw, 1000px\" \/><\/figure>\n\n\n\n<figure class=\"wp-block-image size-large\"><img data-recalc-dims=\"1\" loading=\"lazy\" decoding=\"async\" width=\"1000\" height=\"662\" data-id=\"442085\" src=\"https:\/\/i0.wp.com\/casadecampoliving.com\/wp-content\/uploads\/2022\/10\/Gina-Constanza-Presentacion.jpg?resize=1000%2C662&#038;ssl=1\" alt=\"\" class=\"wp-image-442085\" srcset=\"https:\/\/i0.wp.com\/casadecampoliving.com\/wp-content\/uploads\/2022\/10\/Gina-Constanza-Presentacion.jpg?w=1000&amp;ssl=1 1000w, https:\/\/i0.wp.com\/casadecampoliving.com\/wp-content\/uploads\/2022\/10\/Gina-Constanza-Presentacion.jpg?resize=300%2C199&amp;ssl=1 300w, https:\/\/i0.wp.com\/casadecampoliving.com\/wp-content\/uploads\/2022\/10\/Gina-Constanza-Presentacion.jpg?resize=768%2C508&amp;ssl=1 768w, https:\/\/i0.wp.com\/casadecampoliving.com\/wp-content\/uploads\/2022\/10\/Gina-Constanza-Presentacion.jpg?resize=400%2C265&amp;ssl=1 400w, https:\/\/i0.wp.com\/casadecampoliving.com\/wp-content\/uploads\/2022\/10\/Gina-Constanza-Presentacion.jpg?resize=706%2C467&amp;ssl=1 706w, https:\/\/i0.wp.com\/casadecampoliving.com\/wp-content\/uploads\/2022\/10\/Gina-Constanza-Presentacion.jpg?resize=150%2C99&amp;ssl=1 150w, https:\/\/i0.wp.com\/casadecampoliving.com\/wp-content\/uploads\/2022\/10\/Gina-Constanza-Presentacion.jpg?w=370&amp;ssl=1 370w\" sizes=\"auto, (max-width: 1000px) 100vw, 1000px\" \/><\/figure>\n\n\n\n<figure class=\"wp-block-image size-large\"><img data-recalc-dims=\"1\" loading=\"lazy\" decoding=\"async\" width=\"1000\" height=\"668\" data-id=\"442110\" src=\"https:\/\/i0.wp.com\/casadecampoliving.com\/wp-content\/uploads\/2022\/10\/Graciella-Lerebours-Milagro-Rodriguez-Natasha-Despotovic.jpg?resize=1000%2C668&#038;ssl=1\" alt=\"\" class=\"wp-image-442110\" srcset=\"https:\/\/i0.wp.com\/casadecampoliving.com\/wp-content\/uploads\/2022\/10\/Graciella-Lerebours-Milagro-Rodriguez-Natasha-Despotovic.jpg?w=1000&amp;ssl=1 1000w, https:\/\/i0.wp.com\/casadecampoliving.com\/wp-content\/uploads\/2022\/10\/Graciella-Lerebours-Milagro-Rodriguez-Natasha-Despotovic.jpg?resize=300%2C200&amp;ssl=1 300w, https:\/\/i0.wp.com\/casadecampoliving.com\/wp-content\/uploads\/2022\/10\/Graciella-Lerebours-Milagro-Rodriguez-Natasha-Despotovic.jpg?resize=768%2C513&amp;ssl=1 768w, https:\/\/i0.wp.com\/casadecampoliving.com\/wp-content\/uploads\/2022\/10\/Graciella-Lerebours-Milagro-Rodriguez-Natasha-Despotovic.jpg?resize=400%2C267&amp;ssl=1 400w, https:\/\/i0.wp.com\/casadecampoliving.com\/wp-content\/uploads\/2022\/10\/Graciella-Lerebours-Milagro-Rodriguez-Natasha-Despotovic.jpg?resize=706%2C472&amp;ssl=1 706w, https:\/\/i0.wp.com\/casadecampoliving.com\/wp-content\/uploads\/2022\/10\/Graciella-Lerebours-Milagro-Rodriguez-Natasha-Despotovic.jpg?resize=150%2C100&amp;ssl=1 150w, https:\/\/i0.wp.com\/casadecampoliving.com\/wp-content\/uploads\/2022\/10\/Graciella-Lerebours-Milagro-Rodriguez-Natasha-Despotovic.jpg?w=370&amp;ssl=1 370w\" sizes=\"auto, (max-width: 1000px) 100vw, 1000px\" \/><\/figure>\n\n\n\n<figure class=\"wp-block-image size-large\"><img data-recalc-dims=\"1\" loading=\"lazy\" decoding=\"async\" width=\"1000\" height=\"668\" data-id=\"442124\" src=\"https:\/\/i0.wp.com\/casadecampoliving.com\/wp-content\/uploads\/2022\/10\/Hector-Anibal-Pedro-Urrutia-3.jpg?resize=1000%2C668&#038;ssl=1\" alt=\"\" class=\"wp-image-442124\" srcset=\"https:\/\/i0.wp.com\/casadecampoliving.com\/wp-content\/uploads\/2022\/10\/Hector-Anibal-Pedro-Urrutia-3.jpg?w=1000&amp;ssl=1 1000w, https:\/\/i0.wp.com\/casadecampoliving.com\/wp-content\/uploads\/2022\/10\/Hector-Anibal-Pedro-Urrutia-3.jpg?resize=300%2C200&amp;ssl=1 300w, https:\/\/i0.wp.com\/casadecampoliving.com\/wp-content\/uploads\/2022\/10\/Hector-Anibal-Pedro-Urrutia-3.jpg?resize=768%2C513&amp;ssl=1 768w, https:\/\/i0.wp.com\/casadecampoliving.com\/wp-content\/uploads\/2022\/10\/Hector-Anibal-Pedro-Urrutia-3.jpg?resize=400%2C267&amp;ssl=1 400w, https:\/\/i0.wp.com\/casadecampoliving.com\/wp-content\/uploads\/2022\/10\/Hector-Anibal-Pedro-Urrutia-3.jpg?resize=706%2C472&amp;ssl=1 706w, https:\/\/i0.wp.com\/casadecampoliving.com\/wp-content\/uploads\/2022\/10\/Hector-Anibal-Pedro-Urrutia-3.jpg?resize=150%2C100&amp;ssl=1 150w, https:\/\/i0.wp.com\/casadecampoliving.com\/wp-content\/uploads\/2022\/10\/Hector-Anibal-Pedro-Urrutia-3.jpg?w=370&amp;ssl=1 370w\" sizes=\"auto, (max-width: 1000px) 100vw, 1000px\" \/><\/figure>\n\n\n\n<figure class=\"wp-block-image size-large\"><img data-recalc-dims=\"1\" loading=\"lazy\" decoding=\"async\" width=\"1000\" height=\"668\" data-id=\"442146\" src=\"https:\/\/i0.wp.com\/casadecampoliving.com\/wp-content\/uploads\/2022\/10\/Jean-Lemire-Suzan-Beraza-Jeremy-Newberger-Misha-Milojkovic-Jasmina-Bojic-Gustavo-Kurlat-Semiramis-de-Miranda.jpg?resize=1000%2C668&#038;ssl=1\" alt=\"\" class=\"wp-image-442146\" srcset=\"https:\/\/i0.wp.com\/casadecampoliving.com\/wp-content\/uploads\/2022\/10\/Jean-Lemire-Suzan-Beraza-Jeremy-Newberger-Misha-Milojkovic-Jasmina-Bojic-Gustavo-Kurlat-Semiramis-de-Miranda.jpg?w=1000&amp;ssl=1 1000w, https:\/\/i0.wp.com\/casadecampoliving.com\/wp-content\/uploads\/2022\/10\/Jean-Lemire-Suzan-Beraza-Jeremy-Newberger-Misha-Milojkovic-Jasmina-Bojic-Gustavo-Kurlat-Semiramis-de-Miranda.jpg?resize=300%2C200&amp;ssl=1 300w, https:\/\/i0.wp.com\/casadecampoliving.com\/wp-content\/uploads\/2022\/10\/Jean-Lemire-Suzan-Beraza-Jeremy-Newberger-Misha-Milojkovic-Jasmina-Bojic-Gustavo-Kurlat-Semiramis-de-Miranda.jpg?resize=768%2C513&amp;ssl=1 768w, https:\/\/i0.wp.com\/casadecampoliving.com\/wp-content\/uploads\/2022\/10\/Jean-Lemire-Suzan-Beraza-Jeremy-Newberger-Misha-Milojkovic-Jasmina-Bojic-Gustavo-Kurlat-Semiramis-de-Miranda.jpg?resize=400%2C267&amp;ssl=1 400w, https:\/\/i0.wp.com\/casadecampoliving.com\/wp-content\/uploads\/2022\/10\/Jean-Lemire-Suzan-Beraza-Jeremy-Newberger-Misha-Milojkovic-Jasmina-Bojic-Gustavo-Kurlat-Semiramis-de-Miranda.jpg?resize=706%2C472&amp;ssl=1 706w, https:\/\/i0.wp.com\/casadecampoliving.com\/wp-content\/uploads\/2022\/10\/Jean-Lemire-Suzan-Beraza-Jeremy-Newberger-Misha-Milojkovic-Jasmina-Bojic-Gustavo-Kurlat-Semiramis-de-Miranda.jpg?resize=150%2C100&amp;ssl=1 150w, https:\/\/i0.wp.com\/casadecampoliving.com\/wp-content\/uploads\/2022\/10\/Jean-Lemire-Suzan-Beraza-Jeremy-Newberger-Misha-Milojkovic-Jasmina-Bojic-Gustavo-Kurlat-Semiramis-de-Miranda.jpg?w=370&amp;ssl=1 370w\" sizes=\"auto, (max-width: 1000px) 100vw, 1000px\" \/><\/figure>\n\n\n\n<figure class=\"wp-block-image size-large\"><img data-recalc-dims=\"1\" loading=\"lazy\" decoding=\"async\" width=\"1000\" height=\"668\" data-id=\"442171\" src=\"https:\/\/i0.wp.com\/casadecampoliving.com\/wp-content\/uploads\/2022\/10\/Marco-Herrera-Francisco-Dominguez-Brito-Yvette-Marichal-Omar-de-la-Cruz.jpg?resize=1000%2C668&#038;ssl=1\" alt=\"\" class=\"wp-image-442171\" srcset=\"https:\/\/i0.wp.com\/casadecampoliving.com\/wp-content\/uploads\/2022\/10\/Marco-Herrera-Francisco-Dominguez-Brito-Yvette-Marichal-Omar-de-la-Cruz.jpg?w=1000&amp;ssl=1 1000w, https:\/\/i0.wp.com\/casadecampoliving.com\/wp-content\/uploads\/2022\/10\/Marco-Herrera-Francisco-Dominguez-Brito-Yvette-Marichal-Omar-de-la-Cruz.jpg?resize=300%2C200&amp;ssl=1 300w, https:\/\/i0.wp.com\/casadecampoliving.com\/wp-content\/uploads\/2022\/10\/Marco-Herrera-Francisco-Dominguez-Brito-Yvette-Marichal-Omar-de-la-Cruz.jpg?resize=768%2C513&amp;ssl=1 768w, https:\/\/i0.wp.com\/casadecampoliving.com\/wp-content\/uploads\/2022\/10\/Marco-Herrera-Francisco-Dominguez-Brito-Yvette-Marichal-Omar-de-la-Cruz.jpg?resize=400%2C267&amp;ssl=1 400w, https:\/\/i0.wp.com\/casadecampoliving.com\/wp-content\/uploads\/2022\/10\/Marco-Herrera-Francisco-Dominguez-Brito-Yvette-Marichal-Omar-de-la-Cruz.jpg?resize=706%2C472&amp;ssl=1 706w, https:\/\/i0.wp.com\/casadecampoliving.com\/wp-content\/uploads\/2022\/10\/Marco-Herrera-Francisco-Dominguez-Brito-Yvette-Marichal-Omar-de-la-Cruz.jpg?resize=150%2C100&amp;ssl=1 150w, https:\/\/i0.wp.com\/casadecampoliving.com\/wp-content\/uploads\/2022\/10\/Marco-Herrera-Francisco-Dominguez-Brito-Yvette-Marichal-Omar-de-la-Cruz.jpg?w=370&amp;ssl=1 370w\" sizes=\"auto, (max-width: 1000px) 100vw, 1000px\" \/><\/figure>\n\n\n\n<figure class=\"wp-block-image size-large\"><img data-recalc-dims=\"1\" loading=\"lazy\" decoding=\"async\" width=\"1000\" height=\"668\" data-id=\"442193\" src=\"https:\/\/i0.wp.com\/casadecampoliving.com\/wp-content\/uploads\/2022\/10\/Margaret-Buks-Laurence-Hausman.jpg?resize=1000%2C668&#038;ssl=1\" alt=\"\" class=\"wp-image-442193\" srcset=\"https:\/\/i0.wp.com\/casadecampoliving.com\/wp-content\/uploads\/2022\/10\/Margaret-Buks-Laurence-Hausman.jpg?w=1000&amp;ssl=1 1000w, https:\/\/i0.wp.com\/casadecampoliving.com\/wp-content\/uploads\/2022\/10\/Margaret-Buks-Laurence-Hausman.jpg?resize=300%2C200&amp;ssl=1 300w, https:\/\/i0.wp.com\/casadecampoliving.com\/wp-content\/uploads\/2022\/10\/Margaret-Buks-Laurence-Hausman.jpg?resize=768%2C513&amp;ssl=1 768w, https:\/\/i0.wp.com\/casadecampoliving.com\/wp-content\/uploads\/2022\/10\/Margaret-Buks-Laurence-Hausman.jpg?resize=400%2C267&amp;ssl=1 400w, https:\/\/i0.wp.com\/casadecampoliving.com\/wp-content\/uploads\/2022\/10\/Margaret-Buks-Laurence-Hausman.jpg?resize=706%2C472&amp;ssl=1 706w, https:\/\/i0.wp.com\/casadecampoliving.com\/wp-content\/uploads\/2022\/10\/Margaret-Buks-Laurence-Hausman.jpg?resize=150%2C100&amp;ssl=1 150w, https:\/\/i0.wp.com\/casadecampoliving.com\/wp-content\/uploads\/2022\/10\/Margaret-Buks-Laurence-Hausman.jpg?w=370&amp;ssl=1 370w\" sizes=\"auto, (max-width: 1000px) 100vw, 1000px\" \/><\/figure>\n\n\n\n<figure class=\"wp-block-image size-large\"><img data-recalc-dims=\"1\" loading=\"lazy\" decoding=\"async\" width=\"1000\" height=\"668\" data-id=\"442209\" src=\"https:\/\/i0.wp.com\/casadecampoliving.com\/wp-content\/uploads\/2022\/10\/Maria-Victoria-Abreu-Francisco-Dominguez-Brito-Ash-Pachauri-Natasha-Despotovic.jpg?resize=1000%2C668&#038;ssl=1\" alt=\"\" class=\"wp-image-442209\" srcset=\"https:\/\/i0.wp.com\/casadecampoliving.com\/wp-content\/uploads\/2022\/10\/Maria-Victoria-Abreu-Francisco-Dominguez-Brito-Ash-Pachauri-Natasha-Despotovic.jpg?w=1000&amp;ssl=1 1000w, https:\/\/i0.wp.com\/casadecampoliving.com\/wp-content\/uploads\/2022\/10\/Maria-Victoria-Abreu-Francisco-Dominguez-Brito-Ash-Pachauri-Natasha-Despotovic.jpg?resize=300%2C200&amp;ssl=1 300w, https:\/\/i0.wp.com\/casadecampoliving.com\/wp-content\/uploads\/2022\/10\/Maria-Victoria-Abreu-Francisco-Dominguez-Brito-Ash-Pachauri-Natasha-Despotovic.jpg?resize=768%2C513&amp;ssl=1 768w, https:\/\/i0.wp.com\/casadecampoliving.com\/wp-content\/uploads\/2022\/10\/Maria-Victoria-Abreu-Francisco-Dominguez-Brito-Ash-Pachauri-Natasha-Despotovic.jpg?resize=400%2C267&amp;ssl=1 400w, https:\/\/i0.wp.com\/casadecampoliving.com\/wp-content\/uploads\/2022\/10\/Maria-Victoria-Abreu-Francisco-Dominguez-Brito-Ash-Pachauri-Natasha-Despotovic.jpg?resize=706%2C472&amp;ssl=1 706w, https:\/\/i0.wp.com\/casadecampoliving.com\/wp-content\/uploads\/2022\/10\/Maria-Victoria-Abreu-Francisco-Dominguez-Brito-Ash-Pachauri-Natasha-Despotovic.jpg?resize=150%2C100&amp;ssl=1 150w, https:\/\/i0.wp.com\/casadecampoliving.com\/wp-content\/uploads\/2022\/10\/Maria-Victoria-Abreu-Francisco-Dominguez-Brito-Ash-Pachauri-Natasha-Despotovic.jpg?w=370&amp;ssl=1 370w\" sizes=\"auto, (max-width: 1000px) 100vw, 1000px\" \/><\/figure>\n\n\n\n<figure class=\"wp-block-image size-large\"><img data-recalc-dims=\"1\" loading=\"lazy\" decoding=\"async\" width=\"1000\" height=\"662\" data-id=\"442229\" src=\"https:\/\/i0.wp.com\/casadecampoliving.com\/wp-content\/uploads\/2022\/10\/Natasha-Despotovic-Marina-Spadafora-y-Gina-Constanza.jpg?resize=1000%2C662&#038;ssl=1\" alt=\"\" class=\"wp-image-442229\" srcset=\"https:\/\/i0.wp.com\/casadecampoliving.com\/wp-content\/uploads\/2022\/10\/Natasha-Despotovic-Marina-Spadafora-y-Gina-Constanza.jpg?w=1000&amp;ssl=1 1000w, https:\/\/i0.wp.com\/casadecampoliving.com\/wp-content\/uploads\/2022\/10\/Natasha-Despotovic-Marina-Spadafora-y-Gina-Constanza.jpg?resize=300%2C199&amp;ssl=1 300w, https:\/\/i0.wp.com\/casadecampoliving.com\/wp-content\/uploads\/2022\/10\/Natasha-Despotovic-Marina-Spadafora-y-Gina-Constanza.jpg?resize=768%2C508&amp;ssl=1 768w, https:\/\/i0.wp.com\/casadecampoliving.com\/wp-content\/uploads\/2022\/10\/Natasha-Despotovic-Marina-Spadafora-y-Gina-Constanza.jpg?resize=400%2C265&amp;ssl=1 400w, https:\/\/i0.wp.com\/casadecampoliving.com\/wp-content\/uploads\/2022\/10\/Natasha-Despotovic-Marina-Spadafora-y-Gina-Constanza.jpg?resize=706%2C467&amp;ssl=1 706w, https:\/\/i0.wp.com\/casadecampoliving.com\/wp-content\/uploads\/2022\/10\/Natasha-Despotovic-Marina-Spadafora-y-Gina-Constanza.jpg?resize=150%2C99&amp;ssl=1 150w, https:\/\/i0.wp.com\/casadecampoliving.com\/wp-content\/uploads\/2022\/10\/Natasha-Despotovic-Marina-Spadafora-y-Gina-Constanza.jpg?w=370&amp;ssl=1 370w\" sizes=\"auto, (max-width: 1000px) 100vw, 1000px\" \/><\/figure>\n\n\n\n<figure class=\"wp-block-image size-large\"><img data-recalc-dims=\"1\" loading=\"lazy\" decoding=\"async\" width=\"1000\" height=\"668\" data-id=\"442244\" src=\"https:\/\/i0.wp.com\/casadecampoliving.com\/wp-content\/uploads\/2022\/10\/Nick-Chevallier-David-Verastegui-2.jpg?resize=1000%2C668&#038;ssl=1\" alt=\"\" class=\"wp-image-442244\" srcset=\"https:\/\/i0.wp.com\/casadecampoliving.com\/wp-content\/uploads\/2022\/10\/Nick-Chevallier-David-Verastegui-2.jpg?w=1000&amp;ssl=1 1000w, https:\/\/i0.wp.com\/casadecampoliving.com\/wp-content\/uploads\/2022\/10\/Nick-Chevallier-David-Verastegui-2.jpg?resize=300%2C200&amp;ssl=1 300w, https:\/\/i0.wp.com\/casadecampoliving.com\/wp-content\/uploads\/2022\/10\/Nick-Chevallier-David-Verastegui-2.jpg?resize=768%2C513&amp;ssl=1 768w, https:\/\/i0.wp.com\/casadecampoliving.com\/wp-content\/uploads\/2022\/10\/Nick-Chevallier-David-Verastegui-2.jpg?resize=400%2C267&amp;ssl=1 400w, https:\/\/i0.wp.com\/casadecampoliving.com\/wp-content\/uploads\/2022\/10\/Nick-Chevallier-David-Verastegui-2.jpg?resize=706%2C472&amp;ssl=1 706w, https:\/\/i0.wp.com\/casadecampoliving.com\/wp-content\/uploads\/2022\/10\/Nick-Chevallier-David-Verastegui-2.jpg?resize=150%2C100&amp;ssl=1 150w, https:\/\/i0.wp.com\/casadecampoliving.com\/wp-content\/uploads\/2022\/10\/Nick-Chevallier-David-Verastegui-2.jpg?w=370&amp;ssl=1 370w\" sizes=\"auto, (max-width: 1000px) 100vw, 1000px\" \/><\/figure>\n\n\n\n<figure class=\"wp-block-image size-large\"><img data-recalc-dims=\"1\" loading=\"lazy\" decoding=\"async\" width=\"1000\" height=\"662\" data-id=\"442267\" src=\"https:\/\/i0.wp.com\/casadecampoliving.com\/wp-content\/uploads\/2022\/10\/Ninos-Inauguracion-1.jpg?resize=1000%2C662&#038;ssl=1\" alt=\"\" class=\"wp-image-442267\" srcset=\"https:\/\/i0.wp.com\/casadecampoliving.com\/wp-content\/uploads\/2022\/10\/Ninos-Inauguracion-1.jpg?w=1000&amp;ssl=1 1000w, https:\/\/i0.wp.com\/casadecampoliving.com\/wp-content\/uploads\/2022\/10\/Ninos-Inauguracion-1.jpg?resize=300%2C199&amp;ssl=1 300w, https:\/\/i0.wp.com\/casadecampoliving.com\/wp-content\/uploads\/2022\/10\/Ninos-Inauguracion-1.jpg?resize=768%2C508&amp;ssl=1 768w, https:\/\/i0.wp.com\/casadecampoliving.com\/wp-content\/uploads\/2022\/10\/Ninos-Inauguracion-1.jpg?resize=400%2C265&amp;ssl=1 400w, https:\/\/i0.wp.com\/casadecampoliving.com\/wp-content\/uploads\/2022\/10\/Ninos-Inauguracion-1.jpg?resize=706%2C467&amp;ssl=1 706w, https:\/\/i0.wp.com\/casadecampoliving.com\/wp-content\/uploads\/2022\/10\/Ninos-Inauguracion-1.jpg?resize=150%2C99&amp;ssl=1 150w, https:\/\/i0.wp.com\/casadecampoliving.com\/wp-content\/uploads\/2022\/10\/Ninos-Inauguracion-1.jpg?w=370&amp;ssl=1 370w\" sizes=\"auto, (max-width: 1000px) 100vw, 1000px\" \/><\/figure>\n\n\n\n<figure class=\"wp-block-image size-large\"><img data-recalc-dims=\"1\" loading=\"lazy\" decoding=\"async\" width=\"1000\" height=\"668\" data-id=\"442283\" src=\"https:\/\/i0.wp.com\/casadecampoliving.com\/wp-content\/uploads\/2022\/10\/Pedro-Jimenez.jpg?resize=1000%2C668&#038;ssl=1\" alt=\"\" class=\"wp-image-442283\" srcset=\"https:\/\/i0.wp.com\/casadecampoliving.com\/wp-content\/uploads\/2022\/10\/Pedro-Jimenez.jpg?w=1000&amp;ssl=1 1000w, https:\/\/i0.wp.com\/casadecampoliving.com\/wp-content\/uploads\/2022\/10\/Pedro-Jimenez.jpg?resize=300%2C200&amp;ssl=1 300w, https:\/\/i0.wp.com\/casadecampoliving.com\/wp-content\/uploads\/2022\/10\/Pedro-Jimenez.jpg?resize=768%2C513&amp;ssl=1 768w, https:\/\/i0.wp.com\/casadecampoliving.com\/wp-content\/uploads\/2022\/10\/Pedro-Jimenez.jpg?resize=400%2C267&amp;ssl=1 400w, https:\/\/i0.wp.com\/casadecampoliving.com\/wp-content\/uploads\/2022\/10\/Pedro-Jimenez.jpg?resize=706%2C472&amp;ssl=1 706w, https:\/\/i0.wp.com\/casadecampoliving.com\/wp-content\/uploads\/2022\/10\/Pedro-Jimenez.jpg?resize=150%2C100&amp;ssl=1 150w, https:\/\/i0.wp.com\/casadecampoliving.com\/wp-content\/uploads\/2022\/10\/Pedro-Jimenez.jpg?w=370&amp;ssl=1 370w\" sizes=\"auto, (max-width: 1000px) 100vw, 1000px\" \/><\/figure>\n\n\n\n<figure class=\"wp-block-image size-large\"><img data-recalc-dims=\"1\" loading=\"lazy\" decoding=\"async\" width=\"1000\" height=\"662\" data-id=\"442305\" src=\"https:\/\/i0.wp.com\/casadecampoliving.com\/wp-content\/uploads\/2022\/10\/Peter-OBrien-Roger-Sorkin-y-Jake-Kheel.jpg?resize=1000%2C662&#038;ssl=1\" alt=\"\" class=\"wp-image-442305\" srcset=\"https:\/\/i0.wp.com\/casadecampoliving.com\/wp-content\/uploads\/2022\/10\/Peter-OBrien-Roger-Sorkin-y-Jake-Kheel.jpg?w=1000&amp;ssl=1 1000w, https:\/\/i0.wp.com\/casadecampoliving.com\/wp-content\/uploads\/2022\/10\/Peter-OBrien-Roger-Sorkin-y-Jake-Kheel.jpg?resize=300%2C199&amp;ssl=1 300w, https:\/\/i0.wp.com\/casadecampoliving.com\/wp-content\/uploads\/2022\/10\/Peter-OBrien-Roger-Sorkin-y-Jake-Kheel.jpg?resize=768%2C508&amp;ssl=1 768w, https:\/\/i0.wp.com\/casadecampoliving.com\/wp-content\/uploads\/2022\/10\/Peter-OBrien-Roger-Sorkin-y-Jake-Kheel.jpg?resize=400%2C265&amp;ssl=1 400w, https:\/\/i0.wp.com\/casadecampoliving.com\/wp-content\/uploads\/2022\/10\/Peter-OBrien-Roger-Sorkin-y-Jake-Kheel.jpg?resize=706%2C467&amp;ssl=1 706w, https:\/\/i0.wp.com\/casadecampoliving.com\/wp-content\/uploads\/2022\/10\/Peter-OBrien-Roger-Sorkin-y-Jake-Kheel.jpg?resize=150%2C99&amp;ssl=1 150w, https:\/\/i0.wp.com\/casadecampoliving.com\/wp-content\/uploads\/2022\/10\/Peter-OBrien-Roger-Sorkin-y-Jake-Kheel.jpg?w=370&amp;ssl=1 370w\" sizes=\"auto, (max-width: 1000px) 100vw, 1000px\" \/><\/figure>\n\n\n\n<figure class=\"wp-block-image size-large\"><img data-recalc-dims=\"1\" loading=\"lazy\" decoding=\"async\" width=\"1000\" height=\"668\" data-id=\"442321\" src=\"https:\/\/i0.wp.com\/casadecampoliving.com\/wp-content\/uploads\/2022\/10\/recrearte-2.jpg?resize=1000%2C668&#038;ssl=1\" alt=\"\" class=\"wp-image-442321\" srcset=\"https:\/\/i0.wp.com\/casadecampoliving.com\/wp-content\/uploads\/2022\/10\/recrearte-2.jpg?w=1000&amp;ssl=1 1000w, https:\/\/i0.wp.com\/casadecampoliving.com\/wp-content\/uploads\/2022\/10\/recrearte-2.jpg?resize=300%2C200&amp;ssl=1 300w, https:\/\/i0.wp.com\/casadecampoliving.com\/wp-content\/uploads\/2022\/10\/recrearte-2.jpg?resize=768%2C513&amp;ssl=1 768w, https:\/\/i0.wp.com\/casadecampoliving.com\/wp-content\/uploads\/2022\/10\/recrearte-2.jpg?resize=400%2C267&amp;ssl=1 400w, https:\/\/i0.wp.com\/casadecampoliving.com\/wp-content\/uploads\/2022\/10\/recrearte-2.jpg?resize=706%2C472&amp;ssl=1 706w, https:\/\/i0.wp.com\/casadecampoliving.com\/wp-content\/uploads\/2022\/10\/recrearte-2.jpg?resize=150%2C100&amp;ssl=1 150w, https:\/\/i0.wp.com\/casadecampoliving.com\/wp-content\/uploads\/2022\/10\/recrearte-2.jpg?w=370&amp;ssl=1 370w\" sizes=\"auto, (max-width: 1000px) 100vw, 1000px\" \/><\/figure>\n\n\n\n<figure class=\"wp-block-image size-large\"><img data-recalc-dims=\"1\" loading=\"lazy\" decoding=\"async\" width=\"1000\" height=\"662\" data-id=\"442343\" src=\"https:\/\/i0.wp.com\/casadecampoliving.com\/wp-content\/uploads\/2022\/10\/Raykel-King-Loraine-Isa.jpg?resize=1000%2C662&#038;ssl=1\" alt=\"\" class=\"wp-image-442343\" srcset=\"https:\/\/i0.wp.com\/casadecampoliving.com\/wp-content\/uploads\/2022\/10\/Raykel-King-Loraine-Isa.jpg?w=1000&amp;ssl=1 1000w, https:\/\/i0.wp.com\/casadecampoliving.com\/wp-content\/uploads\/2022\/10\/Raykel-King-Loraine-Isa.jpg?resize=300%2C199&amp;ssl=1 300w, https:\/\/i0.wp.com\/casadecampoliving.com\/wp-content\/uploads\/2022\/10\/Raykel-King-Loraine-Isa.jpg?resize=768%2C508&amp;ssl=1 768w, https:\/\/i0.wp.com\/casadecampoliving.com\/wp-content\/uploads\/2022\/10\/Raykel-King-Loraine-Isa.jpg?resize=400%2C265&amp;ssl=1 400w, https:\/\/i0.wp.com\/casadecampoliving.com\/wp-content\/uploads\/2022\/10\/Raykel-King-Loraine-Isa.jpg?resize=706%2C467&amp;ssl=1 706w, https:\/\/i0.wp.com\/casadecampoliving.com\/wp-content\/uploads\/2022\/10\/Raykel-King-Loraine-Isa.jpg?resize=150%2C99&amp;ssl=1 150w, https:\/\/i0.wp.com\/casadecampoliving.com\/wp-content\/uploads\/2022\/10\/Raykel-King-Loraine-Isa.jpg?w=370&amp;ssl=1 370w\" sizes=\"auto, (max-width: 1000px) 100vw, 1000px\" \/><\/figure>\n\n\n\n<figure class=\"wp-block-image size-large\"><img data-recalc-dims=\"1\" loading=\"lazy\" decoding=\"async\" width=\"1000\" height=\"668\" data-id=\"442361\" src=\"https:\/\/i0.wp.com\/casadecampoliving.com\/wp-content\/uploads\/2022\/10\/Staff-2.jpg?resize=1000%2C668&#038;ssl=1\" alt=\"\" class=\"wp-image-442361\" srcset=\"https:\/\/i0.wp.com\/casadecampoliving.com\/wp-content\/uploads\/2022\/10\/Staff-2.jpg?w=1000&amp;ssl=1 1000w, https:\/\/i0.wp.com\/casadecampoliving.com\/wp-content\/uploads\/2022\/10\/Staff-2.jpg?resize=300%2C200&amp;ssl=1 300w, https:\/\/i0.wp.com\/casadecampoliving.com\/wp-content\/uploads\/2022\/10\/Staff-2.jpg?resize=768%2C513&amp;ssl=1 768w, https:\/\/i0.wp.com\/casadecampoliving.com\/wp-content\/uploads\/2022\/10\/Staff-2.jpg?resize=400%2C267&amp;ssl=1 400w, https:\/\/i0.wp.com\/casadecampoliving.com\/wp-content\/uploads\/2022\/10\/Staff-2.jpg?resize=706%2C472&amp;ssl=1 706w, https:\/\/i0.wp.com\/casadecampoliving.com\/wp-content\/uploads\/2022\/10\/Staff-2.jpg?resize=150%2C100&amp;ssl=1 150w, https:\/\/i0.wp.com\/casadecampoliving.com\/wp-content\/uploads\/2022\/10\/Staff-2.jpg?w=370&amp;ssl=1 370w\" sizes=\"auto, (max-width: 1000px) 100vw, 1000px\" \/><\/figure>\n\n\n\n<figure class=\"wp-block-image size-large\"><img data-recalc-dims=\"1\" loading=\"lazy\" decoding=\"async\" width=\"1000\" height=\"668\" data-id=\"442378\" src=\"https:\/\/i0.wp.com\/casadecampoliving.com\/wp-content\/uploads\/2022\/10\/Zaida-Goveo-1.jpg?resize=1000%2C668&#038;ssl=1\" alt=\"\" class=\"wp-image-442378\" srcset=\"https:\/\/i0.wp.com\/casadecampoliving.com\/wp-content\/uploads\/2022\/10\/Zaida-Goveo-1.jpg?w=1000&amp;ssl=1 1000w, https:\/\/i0.wp.com\/casadecampoliving.com\/wp-content\/uploads\/2022\/10\/Zaida-Goveo-1.jpg?resize=300%2C200&amp;ssl=1 300w, https:\/\/i0.wp.com\/casadecampoliving.com\/wp-content\/uploads\/2022\/10\/Zaida-Goveo-1.jpg?resize=768%2C513&amp;ssl=1 768w, https:\/\/i0.wp.com\/casadecampoliving.com\/wp-content\/uploads\/2022\/10\/Zaida-Goveo-1.jpg?resize=400%2C267&amp;ssl=1 400w, https:\/\/i0.wp.com\/casadecampoliving.com\/wp-content\/uploads\/2022\/10\/Zaida-Goveo-1.jpg?resize=706%2C472&amp;ssl=1 706w, https:\/\/i0.wp.com\/casadecampoliving.com\/wp-content\/uploads\/2022\/10\/Zaida-Goveo-1.jpg?resize=150%2C100&amp;ssl=1 150w, https:\/\/i0.wp.com\/casadecampoliving.com\/wp-content\/uploads\/2022\/10\/Zaida-Goveo-1.jpg?w=370&amp;ssl=1 370w\" sizes=\"auto, (max-width: 1000px) 100vw, 1000px\" \/><\/figure>\n\n\n\n<figure class=\"wp-block-image size-large\"><img data-recalc-dims=\"1\" loading=\"lazy\" decoding=\"async\" width=\"1000\" height=\"662\" data-id=\"442402\" src=\"https:\/\/i0.wp.com\/casadecampoliving.com\/wp-content\/uploads\/2022\/10\/Natasha-Despotovic-Marina-Spadafora-y-Gina-Constanza-2.jpg?resize=1000%2C662&#038;ssl=1\" alt=\"\" class=\"wp-image-442402\" srcset=\"https:\/\/i0.wp.com\/casadecampoliving.com\/wp-content\/uploads\/2022\/10\/Natasha-Despotovic-Marina-Spadafora-y-Gina-Constanza-2.jpg?w=1000&amp;ssl=1 1000w, https:\/\/i0.wp.com\/casadecampoliving.com\/wp-content\/uploads\/2022\/10\/Natasha-Despotovic-Marina-Spadafora-y-Gina-Constanza-2.jpg?resize=300%2C199&amp;ssl=1 300w, https:\/\/i0.wp.com\/casadecampoliving.com\/wp-content\/uploads\/2022\/10\/Natasha-Despotovic-Marina-Spadafora-y-Gina-Constanza-2.jpg?resize=768%2C508&amp;ssl=1 768w, https:\/\/i0.wp.com\/casadecampoliving.com\/wp-content\/uploads\/2022\/10\/Natasha-Despotovic-Marina-Spadafora-y-Gina-Constanza-2.jpg?resize=400%2C265&amp;ssl=1 400w, https:\/\/i0.wp.com\/casadecampoliving.com\/wp-content\/uploads\/2022\/10\/Natasha-Despotovic-Marina-Spadafora-y-Gina-Constanza-2.jpg?resize=706%2C467&amp;ssl=1 706w, https:\/\/i0.wp.com\/casadecampoliving.com\/wp-content\/uploads\/2022\/10\/Natasha-Despotovic-Marina-Spadafora-y-Gina-Constanza-2.jpg?resize=150%2C99&amp;ssl=1 150w, https:\/\/i0.wp.com\/casadecampoliving.com\/wp-content\/uploads\/2022\/10\/Natasha-Despotovic-Marina-Spadafora-y-Gina-Constanza-2.jpg?w=370&amp;ssl=1 370w\" sizes=\"auto, (max-width: 1000px) 100vw, 1000px\" \/><\/figure>\n\n\n\n<figure class=\"wp-block-image size-large\"><img data-recalc-dims=\"1\" loading=\"lazy\" decoding=\"async\" width=\"1000\" height=\"662\" data-id=\"442414\" src=\"https:\/\/i0.wp.com\/casadecampoliving.com\/wp-content\/uploads\/2022\/10\/Zaida-Goveo-presentacion.jpg?resize=1000%2C662&#038;ssl=1\" alt=\"\" class=\"wp-image-442414\" srcset=\"https:\/\/i0.wp.com\/casadecampoliving.com\/wp-content\/uploads\/2022\/10\/Zaida-Goveo-presentacion.jpg?w=1000&amp;ssl=1 1000w, https:\/\/i0.wp.com\/casadecampoliving.com\/wp-content\/uploads\/2022\/10\/Zaida-Goveo-presentacion.jpg?resize=300%2C199&amp;ssl=1 300w, https:\/\/i0.wp.com\/casadecampoliving.com\/wp-content\/uploads\/2022\/10\/Zaida-Goveo-presentacion.jpg?resize=768%2C508&amp;ssl=1 768w, https:\/\/i0.wp.com\/casadecampoliving.com\/wp-content\/uploads\/2022\/10\/Zaida-Goveo-presentacion.jpg?resize=400%2C265&amp;ssl=1 400w, https:\/\/i0.wp.com\/casadecampoliving.com\/wp-content\/uploads\/2022\/10\/Zaida-Goveo-presentacion.jpg?resize=706%2C467&amp;ssl=1 706w, https:\/\/i0.wp.com\/casadecampoliving.com\/wp-content\/uploads\/2022\/10\/Zaida-Goveo-presentacion.jpg?resize=150%2C99&amp;ssl=1 150w, https:\/\/i0.wp.com\/casadecampoliving.com\/wp-content\/uploads\/2022\/10\/Zaida-Goveo-presentacion.jpg?w=370&amp;ssl=1 370w\" sizes=\"auto, (max-width: 1000px) 100vw, 1000px\" \/><\/figure>\n\n\n\n<figure class=\"wp-block-image size-large\"><img data-recalc-dims=\"1\" loading=\"lazy\" decoding=\"async\" width=\"1000\" height=\"662\" data-id=\"442438\" src=\"https:\/\/i0.wp.com\/casadecampoliving.com\/wp-content\/uploads\/2022\/10\/DREFF_Teatro-lleno.jpg?resize=1000%2C662&#038;ssl=1\" alt=\"\" class=\"wp-image-442438\" srcset=\"https:\/\/i0.wp.com\/casadecampoliving.com\/wp-content\/uploads\/2022\/10\/DREFF_Teatro-lleno.jpg?w=1000&amp;ssl=1 1000w, https:\/\/i0.wp.com\/casadecampoliving.com\/wp-content\/uploads\/2022\/10\/DREFF_Teatro-lleno.jpg?resize=300%2C199&amp;ssl=1 300w, https:\/\/i0.wp.com\/casadecampoliving.com\/wp-content\/uploads\/2022\/10\/DREFF_Teatro-lleno.jpg?resize=768%2C508&amp;ssl=1 768w, https:\/\/i0.wp.com\/casadecampoliving.com\/wp-content\/uploads\/2022\/10\/DREFF_Teatro-lleno.jpg?resize=400%2C265&amp;ssl=1 400w, https:\/\/i0.wp.com\/casadecampoliving.com\/wp-content\/uploads\/2022\/10\/DREFF_Teatro-lleno.jpg?resize=706%2C467&amp;ssl=1 706w, https:\/\/i0.wp.com\/casadecampoliving.com\/wp-content\/uploads\/2022\/10\/DREFF_Teatro-lleno.jpg?resize=150%2C99&amp;ssl=1 150w, https:\/\/i0.wp.com\/casadecampoliving.com\/wp-content\/uploads\/2022\/10\/DREFF_Teatro-lleno.jpg?w=370&amp;ssl=1 370w\" sizes=\"auto, (max-width: 1000px) 100vw, 1000px\" \/><\/figure>\n\n\n\n<figure class=\"wp-block-image size-large\"><img data-recalc-dims=\"1\" loading=\"lazy\" decoding=\"async\" width=\"1000\" height=\"668\" data-id=\"442457\" src=\"https:\/\/i0.wp.com\/casadecampoliving.com\/wp-content\/uploads\/2022\/10\/DREFF_Publico-4.jpg?resize=1000%2C668&#038;ssl=1\" alt=\"\" class=\"wp-image-442457\" srcset=\"https:\/\/i0.wp.com\/casadecampoliving.com\/wp-content\/uploads\/2022\/10\/DREFF_Publico-4.jpg?w=1000&amp;ssl=1 1000w, https:\/\/i0.wp.com\/casadecampoliving.com\/wp-content\/uploads\/2022\/10\/DREFF_Publico-4.jpg?resize=300%2C200&amp;ssl=1 300w, https:\/\/i0.wp.com\/casadecampoliving.com\/wp-content\/uploads\/2022\/10\/DREFF_Publico-4.jpg?resize=768%2C513&amp;ssl=1 768w, https:\/\/i0.wp.com\/casadecampoliving.com\/wp-content\/uploads\/2022\/10\/DREFF_Publico-4.jpg?resize=400%2C267&amp;ssl=1 400w, https:\/\/i0.wp.com\/casadecampoliving.com\/wp-content\/uploads\/2022\/10\/DREFF_Publico-4.jpg?resize=706%2C472&amp;ssl=1 706w, https:\/\/i0.wp.com\/casadecampoliving.com\/wp-content\/uploads\/2022\/10\/DREFF_Publico-4.jpg?resize=150%2C100&amp;ssl=1 150w, https:\/\/i0.wp.com\/casadecampoliving.com\/wp-content\/uploads\/2022\/10\/DREFF_Publico-4.jpg?w=370&amp;ssl=1 370w\" sizes=\"auto, (max-width: 1000px) 100vw, 1000px\" \/><\/figure>\n\n\n\n<figure class=\"wp-block-image size-large\"><img data-recalc-dims=\"1\" loading=\"lazy\" decoding=\"async\" width=\"662\" height=\"1000\" data-id=\"442480\" src=\"https:\/\/i0.wp.com\/casadecampoliving.com\/wp-content\/uploads\/2022\/10\/DREFF_Modelo-2.jpg?resize=662%2C1000&#038;ssl=1\" alt=\"\" class=\"wp-image-442480\" srcset=\"https:\/\/i0.wp.com\/casadecampoliving.com\/wp-content\/uploads\/2022\/10\/DREFF_Modelo-2.jpg?w=662&amp;ssl=1 662w, https:\/\/i0.wp.com\/casadecampoliving.com\/wp-content\/uploads\/2022\/10\/DREFF_Modelo-2.jpg?resize=199%2C300&amp;ssl=1 199w, https:\/\/i0.wp.com\/casadecampoliving.com\/wp-content\/uploads\/2022\/10\/DREFF_Modelo-2.jpg?resize=400%2C604&amp;ssl=1 400w, https:\/\/i0.wp.com\/casadecampoliving.com\/wp-content\/uploads\/2022\/10\/DREFF_Modelo-2.jpg?resize=150%2C227&amp;ssl=1 150w, https:\/\/i0.wp.com\/casadecampoliving.com\/wp-content\/uploads\/2022\/10\/DREFF_Modelo-2.jpg?w=370&amp;ssl=1 370w\" sizes=\"auto, (max-width: 662px) 100vw, 662px\" \/><\/figure>\n\n\n\n<figure class=\"wp-block-image size-large\"><img data-recalc-dims=\"1\" loading=\"lazy\" decoding=\"async\" width=\"1000\" height=\"662\" data-id=\"442501\" src=\"https:\/\/i0.wp.com\/casadecampoliving.com\/wp-content\/uploads\/2022\/10\/DREFF_Marina-Spadafora-presentacion.jpg?resize=1000%2C662&#038;ssl=1\" alt=\"\" class=\"wp-image-442501\" srcset=\"https:\/\/i0.wp.com\/casadecampoliving.com\/wp-content\/uploads\/2022\/10\/DREFF_Marina-Spadafora-presentacion.jpg?w=1000&amp;ssl=1 1000w, https:\/\/i0.wp.com\/casadecampoliving.com\/wp-content\/uploads\/2022\/10\/DREFF_Marina-Spadafora-presentacion.jpg?resize=300%2C199&amp;ssl=1 300w, https:\/\/i0.wp.com\/casadecampoliving.com\/wp-content\/uploads\/2022\/10\/DREFF_Marina-Spadafora-presentacion.jpg?resize=768%2C508&amp;ssl=1 768w, https:\/\/i0.wp.com\/casadecampoliving.com\/wp-content\/uploads\/2022\/10\/DREFF_Marina-Spadafora-presentacion.jpg?resize=400%2C265&amp;ssl=1 400w, https:\/\/i0.wp.com\/casadecampoliving.com\/wp-content\/uploads\/2022\/10\/DREFF_Marina-Spadafora-presentacion.jpg?resize=706%2C467&amp;ssl=1 706w, https:\/\/i0.wp.com\/casadecampoliving.com\/wp-content\/uploads\/2022\/10\/DREFF_Marina-Spadafora-presentacion.jpg?resize=150%2C99&amp;ssl=1 150w, https:\/\/i0.wp.com\/casadecampoliving.com\/wp-content\/uploads\/2022\/10\/DREFF_Marina-Spadafora-presentacion.jpg?w=370&amp;ssl=1 370w\" sizes=\"auto, (max-width: 1000px) 100vw, 1000px\" \/><\/figure>\n<\/figure>\n","protected":false},"excerpt":{"rendered":"<p>No hace mucho tiempo, la Muestra de Cine Medioambiental Dominicana (DREFF por sus siglas en ingl\u00e9s) celebr\u00f3 su sexta edici\u00f3n en el pa\u00eds, con el lema de este\u00a0a\u00f1o siendo \u00abYo soy Sostenible\u00bb. Muchas pel\u00edculas se presentaron en un esfuerzo de ayudar a\u00a0tomar conciencia en cuanto a los cambios ambientales y las pr\u00e1cticas nocivas de la [&hellip;]<\/p>\n","protected":false},"author":36681,"featured_media":298544,"comment_status":"closed","ping_status":"closed","sticky":false,"template":"","format":"standard","meta":{"newspack_ads_suppress_ads":false,"newspack_popups_has_disabled_popups":false,"newspack_sponsor_sponsorship_scope":"","newspack_sponsor_native_byline_display":"inherit","newspack_sponsor_native_category_display":"inherit","newspack_sponsor_underwriter_style":"inherit","newspack_sponsor_underwriter_placement":"inherit","_newspack_byline_active":false,"_newspack_byline":"","newspack_content_restriction_is_exempt":false,"newspack_featured_image_position":"","newspack_post_subtitle":"","newspack_article_summary_title":"Overview:","newspack_article_summary":"","newspack_hide_updated_date":false,"newspack_show_updated_date":false,"_jetpack_memberships_contains_paid_content":false,"footnotes":"","jetpack_publicize_message":"","jetpack_publicize_feature_enabled":true,"jetpack_social_post_already_shared":false,"jetpack_social_options":{"image_generator_settings":{"template":"highway","default_image_id":0,"font":"","enabled":false},"version":2},"_wpas_customize_per_network":false},"categories":[26823,2506,2521,2522,2523,14631,2530],"tags":[19454,18629,14736,13098,3229,7596,14777,18084],"newspack_spnsrs_tax":[],"class_list":["post-350571","post","type-post","status-publish","format-standard","has-post-thumbnail","hentry","category-arte-y-cultura","category-mas-alla-de-casa-es","category-republica-dominicana-2","category-eventos-es","category-moda-es","category-estilo-de-vida","category-compras-es","tag-documental","tag-dominican-republic-es-5","tag-featured-topview-es","tag-marina-spadafora-es","tag-moda","tag-pelicula","tag-republica-dominicana-es-18","tag-sostenible","entry"],"yoast_head":"<!-- This site is optimized with the Yoast SEO plugin v27.3 - https:\/\/yoast.com\/product\/yoast-seo-wordpress\/ -->\n<title>&quot;The True Cost&quot;: Una pel\u00edcula sobre el impacto de la moda en el mundo | Casa de Campo Living<\/title>\n<meta name=\"description\" content=\"No hace mucho tiempo, la Muestra de Cine Medioambiental Dominicana (DREFF por sus siglas en ingl\u00e9s) celebr\u00f3 su sexta edici\u00f3n en el pa\u00eds, con el lema de\" \/>\n<meta name=\"robots\" content=\"index, follow, max-snippet:-1, max-image-preview:large, max-video-preview:-1\" \/>\n<link rel=\"canonical\" href=\"https:\/\/casadecampoliving.com\/es\/true-cost-pelicula-moda-impacto-mundial\/\" \/>\n<meta property=\"og:locale\" content=\"es_ES\" \/>\n<meta property=\"og:type\" content=\"article\" \/>\n<meta property=\"og:title\" content=\"&quot;The True Cost&quot;: Una pel\u00edcula sobre el impacto de la moda en el mundo | Casa de Campo Living\" \/>\n<meta property=\"og:description\" content=\"No hace mucho tiempo, la Muestra de Cine Medioambiental Dominicana (DREFF por sus siglas en ingl\u00e9s) celebr\u00f3 su sexta edici\u00f3n en el pa\u00eds, con el lema de\" \/>\n<meta property=\"og:url\" content=\"https:\/\/casadecampoliving.com\/es\/true-cost-pelicula-moda-impacto-mundial\/\" \/>\n<meta property=\"og:site_name\" content=\"Casa de Campo Living\" \/>\n<meta property=\"article:publisher\" content=\"https:\/\/www.facebook.com\/casadecampoliving\" \/>\n<meta property=\"article:published_time\" content=\"2016-10-02T04:00:00+00:00\" \/>\n<meta property=\"article:modified_time\" content=\"2022-11-10T14:32:27+00:00\" \/>\n<meta property=\"og:image\" content=\"https:\/\/i0.wp.com\/casadecampoliving.com\/wp-content\/uploads\/2022\/10\/DREFF_inauguration-e1475286870680.jpg?fit=1000%2C668&ssl=1\" \/>\n\t<meta property=\"og:image:width\" content=\"1000\" \/>\n\t<meta property=\"og:image:height\" content=\"668\" \/>\n\t<meta property=\"og:image:type\" content=\"image\/jpeg\" \/>\n<meta name=\"author\" content=\"Heather Lincoln\" \/>\n<meta name=\"twitter:card\" content=\"summary_large_image\" \/>\n<meta name=\"twitter:creator\" content=\"@cdcliving\" \/>\n<meta name=\"twitter:site\" content=\"@cdcliving\" \/>\n<meta name=\"twitter:label1\" content=\"Escrito por\" \/>\n\t<meta name=\"twitter:data1\" content=\"Heather Lincoln\" \/>\n\t<meta name=\"twitter:label2\" content=\"Tiempo de lectura\" \/>\n\t<meta name=\"twitter:data2\" content=\"7 minutos\" \/>\n<script type=\"application\/ld+json\" class=\"yoast-schema-graph\">{\"@context\":\"https:\\\/\\\/schema.org\",\"@graph\":[{\"@type\":\"Article\",\"@id\":\"https:\\\/\\\/casadecampoliving.com\\\/es\\\/true-cost-pelicula-moda-impacto-mundial\\\/#article\",\"isPartOf\":{\"@id\":\"https:\\\/\\\/casadecampoliving.com\\\/es\\\/true-cost-pelicula-moda-impacto-mundial\\\/\"},\"author\":{\"name\":\"Heather Lincoln\",\"@id\":\"https:\\\/\\\/casadecampoliving.com\\\/es\\\/#\\\/schema\\\/person\\\/e3abfc63c1478fd703266a6f33a3145d\"},\"headline\":\"\u00abThe True Cost\u00bb: Una pel\u00edcula sobre el impacto de la moda en el mundo\",\"datePublished\":\"2016-10-02T04:00:00+00:00\",\"dateModified\":\"2022-11-10T14:32:27+00:00\",\"mainEntityOfPage\":{\"@id\":\"https:\\\/\\\/casadecampoliving.com\\\/es\\\/true-cost-pelicula-moda-impacto-mundial\\\/\"},\"wordCount\":1346,\"publisher\":{\"@id\":\"https:\\\/\\\/casadecampoliving.com\\\/es\\\/#organization\"},\"image\":{\"@id\":\"https:\\\/\\\/casadecampoliving.com\\\/es\\\/true-cost-pelicula-moda-impacto-mundial\\\/#primaryimage\"},\"thumbnailUrl\":\"https:\\\/\\\/i0.wp.com\\\/casadecampoliving.com\\\/wp-content\\\/uploads\\\/2022\\\/10\\\/DREFF_inauguration-e1475286870680.jpg?fit=1000%2C668&ssl=1\",\"keywords\":[\"Documental\",\"Dominican Republic\",\"Featured-TopView @es\",\"Marina Spadafora @es\",\"moda\",\"pel\u00edcula\",\"Republica Dominicana\",\"Sostenible\"],\"articleSection\":[\"Arte y cultura\",\"M\u00e1s all\u00e1 de Casa\",\"Rep\u00fablica Dominicana @es\",\"Eventos\",\"Moda\",\"Estilo de Vida\",\"Compras\"],\"inLanguage\":\"es\"},{\"@type\":\"WebPage\",\"@id\":\"https:\\\/\\\/casadecampoliving.com\\\/es\\\/true-cost-pelicula-moda-impacto-mundial\\\/\",\"url\":\"https:\\\/\\\/casadecampoliving.com\\\/es\\\/true-cost-pelicula-moda-impacto-mundial\\\/\",\"name\":\"\\\"The True Cost\\\": Una pel\u00edcula sobre el impacto de la moda en el mundo | Casa de Campo Living\",\"isPartOf\":{\"@id\":\"https:\\\/\\\/casadecampoliving.com\\\/es\\\/#website\"},\"primaryImageOfPage\":{\"@id\":\"https:\\\/\\\/casadecampoliving.com\\\/es\\\/true-cost-pelicula-moda-impacto-mundial\\\/#primaryimage\"},\"image\":{\"@id\":\"https:\\\/\\\/casadecampoliving.com\\\/es\\\/true-cost-pelicula-moda-impacto-mundial\\\/#primaryimage\"},\"thumbnailUrl\":\"https:\\\/\\\/i0.wp.com\\\/casadecampoliving.com\\\/wp-content\\\/uploads\\\/2022\\\/10\\\/DREFF_inauguration-e1475286870680.jpg?fit=1000%2C668&ssl=1\",\"datePublished\":\"2016-10-02T04:00:00+00:00\",\"dateModified\":\"2022-11-10T14:32:27+00:00\",\"description\":\"No hace mucho tiempo, la Muestra de Cine Medioambiental Dominicana (DREFF por sus siglas en ingl\u00e9s) celebr\u00f3 su sexta edici\u00f3n en el pa\u00eds, con el lema de\",\"breadcrumb\":{\"@id\":\"https:\\\/\\\/casadecampoliving.com\\\/es\\\/true-cost-pelicula-moda-impacto-mundial\\\/#breadcrumb\"},\"inLanguage\":\"es\",\"potentialAction\":[{\"@type\":\"ReadAction\",\"target\":[\"https:\\\/\\\/casadecampoliving.com\\\/es\\\/true-cost-pelicula-moda-impacto-mundial\\\/\"]}]},{\"@type\":\"ImageObject\",\"inLanguage\":\"es\",\"@id\":\"https:\\\/\\\/casadecampoliving.com\\\/es\\\/true-cost-pelicula-moda-impacto-mundial\\\/#primaryimage\",\"url\":\"https:\\\/\\\/i0.wp.com\\\/casadecampoliving.com\\\/wp-content\\\/uploads\\\/2022\\\/10\\\/DREFF_inauguration-e1475286870680.jpg?fit=1000%2C668&ssl=1\",\"contentUrl\":\"https:\\\/\\\/i0.wp.com\\\/casadecampoliving.com\\\/wp-content\\\/uploads\\\/2022\\\/10\\\/DREFF_inauguration-e1475286870680.jpg?fit=1000%2C668&ssl=1\",\"width\":1000,\"height\":668,\"caption\":\"DREFF inauguration\"},{\"@type\":\"BreadcrumbList\",\"@id\":\"https:\\\/\\\/casadecampoliving.com\\\/es\\\/true-cost-pelicula-moda-impacto-mundial\\\/#breadcrumb\",\"itemListElement\":[{\"@type\":\"ListItem\",\"position\":1,\"name\":\"Home\",\"item\":\"https:\\\/\\\/casadecampoliving.com\\\/es\\\/\"},{\"@type\":\"ListItem\",\"position\":2,\"name\":\"&#8220;The True Cost&#8221;: Una pel\u00edcula sobre el impacto de la moda en el mundo\"}]},{\"@type\":\"WebSite\",\"@id\":\"https:\\\/\\\/casadecampoliving.com\\\/es\\\/#website\",\"url\":\"https:\\\/\\\/casadecampoliving.com\\\/es\\\/\",\"name\":\"Casa de Campo Living\",\"description\":\"Resort community news and resources.\",\"publisher\":{\"@id\":\"https:\\\/\\\/casadecampoliving.com\\\/es\\\/#organization\"},\"potentialAction\":[{\"@type\":\"SearchAction\",\"target\":{\"@type\":\"EntryPoint\",\"urlTemplate\":\"https:\\\/\\\/casadecampoliving.com\\\/es\\\/?s={search_term_string}\"},\"query-input\":{\"@type\":\"PropertyValueSpecification\",\"valueRequired\":true,\"valueName\":\"search_term_string\"}}],\"inLanguage\":\"es\"},{\"@type\":\"Organization\",\"@id\":\"https:\\\/\\\/casadecampoliving.com\\\/es\\\/#organization\",\"name\":\"Casa de Campo Living\",\"url\":\"https:\\\/\\\/casadecampoliving.com\\\/es\\\/\",\"logo\":{\"@type\":\"ImageObject\",\"inLanguage\":\"es\",\"@id\":\"https:\\\/\\\/casadecampoliving.com\\\/es\\\/#\\\/schema\\\/logo\\\/image\\\/\",\"url\":\"https:\\\/\\\/i0.wp.com\\\/casadecampoliving.com\\\/wp-content\\\/uploads\\\/2022\\\/07\\\/CDCLivingLogo_V1-white-sized.png?fit=800%2C214&ssl=1\",\"contentUrl\":\"https:\\\/\\\/i0.wp.com\\\/casadecampoliving.com\\\/wp-content\\\/uploads\\\/2022\\\/07\\\/CDCLivingLogo_V1-white-sized.png?fit=800%2C214&ssl=1\",\"width\":800,\"height\":214,\"caption\":\"Casa de Campo Living\"},\"image\":{\"@id\":\"https:\\\/\\\/casadecampoliving.com\\\/es\\\/#\\\/schema\\\/logo\\\/image\\\/\"},\"sameAs\":[\"https:\\\/\\\/www.facebook.com\\\/casadecampoliving\",\"https:\\\/\\\/x.com\\\/cdcliving\"]},{\"@type\":\"Person\",\"@id\":\"https:\\\/\\\/casadecampoliving.com\\\/es\\\/#\\\/schema\\\/person\\\/e3abfc63c1478fd703266a6f33a3145d\",\"name\":\"Heather Lincoln\",\"image\":{\"@type\":\"ImageObject\",\"inLanguage\":\"es\",\"@id\":\"https:\\\/\\\/secure.gravatar.com\\\/avatar\\\/e8fc1ce4ad50385675908137b0d8d66be281d034bf072b4700460237638ea6d0?s=96&d=mm&r=g\",\"url\":\"https:\\\/\\\/secure.gravatar.com\\\/avatar\\\/e8fc1ce4ad50385675908137b0d8d66be281d034bf072b4700460237638ea6d0?s=96&d=mm&r=g\",\"contentUrl\":\"https:\\\/\\\/secure.gravatar.com\\\/avatar\\\/e8fc1ce4ad50385675908137b0d8d66be281d034bf072b4700460237638ea6d0?s=96&d=mm&r=g\",\"caption\":\"Heather Lincoln\"},\"url\":\"https:\\\/\\\/casadecampoliving.com\\\/es\\\/author\\\/hcastillo\\\/\"}]}<\/script>\n<!-- \/ Yoast SEO plugin. -->","yoast_head_json":{"title":"\"The True Cost\": Una pel\u00edcula sobre el impacto de la moda en el mundo | Casa de Campo Living","description":"No hace mucho tiempo, la Muestra de Cine Medioambiental Dominicana (DREFF por sus siglas en ingl\u00e9s) celebr\u00f3 su sexta edici\u00f3n en el pa\u00eds, con el lema de","robots":{"index":"index","follow":"follow","max-snippet":"max-snippet:-1","max-image-preview":"max-image-preview:large","max-video-preview":"max-video-preview:-1"},"canonical":"https:\/\/casadecampoliving.com\/es\/true-cost-pelicula-moda-impacto-mundial\/","og_locale":"es_ES","og_type":"article","og_title":"\"The True Cost\": Una pel\u00edcula sobre el impacto de la moda en el mundo | Casa de Campo Living","og_description":"No hace mucho tiempo, la Muestra de Cine Medioambiental Dominicana (DREFF por sus siglas en ingl\u00e9s) celebr\u00f3 su sexta edici\u00f3n en el pa\u00eds, con el lema de","og_url":"https:\/\/casadecampoliving.com\/es\/true-cost-pelicula-moda-impacto-mundial\/","og_site_name":"Casa de Campo Living","article_publisher":"https:\/\/www.facebook.com\/casadecampoliving","article_published_time":"2016-10-02T04:00:00+00:00","article_modified_time":"2022-11-10T14:32:27+00:00","og_image":[{"width":1000,"height":668,"url":"https:\/\/i0.wp.com\/casadecampoliving.com\/wp-content\/uploads\/2022\/10\/DREFF_inauguration-e1475286870680.jpg?fit=1000%2C668&ssl=1","type":"image\/jpeg"}],"author":"Heather Lincoln","twitter_card":"summary_large_image","twitter_creator":"@cdcliving","twitter_site":"@cdcliving","twitter_misc":{"Escrito por":"Heather Lincoln","Tiempo de lectura":"7 minutos"},"schema":{"@context":"https:\/\/schema.org","@graph":[{"@type":"Article","@id":"https:\/\/casadecampoliving.com\/es\/true-cost-pelicula-moda-impacto-mundial\/#article","isPartOf":{"@id":"https:\/\/casadecampoliving.com\/es\/true-cost-pelicula-moda-impacto-mundial\/"},"author":{"name":"Heather Lincoln","@id":"https:\/\/casadecampoliving.com\/es\/#\/schema\/person\/e3abfc63c1478fd703266a6f33a3145d"},"headline":"\u00abThe True Cost\u00bb: Una pel\u00edcula sobre el impacto de la moda en el mundo","datePublished":"2016-10-02T04:00:00+00:00","dateModified":"2022-11-10T14:32:27+00:00","mainEntityOfPage":{"@id":"https:\/\/casadecampoliving.com\/es\/true-cost-pelicula-moda-impacto-mundial\/"},"wordCount":1346,"publisher":{"@id":"https:\/\/casadecampoliving.com\/es\/#organization"},"image":{"@id":"https:\/\/casadecampoliving.com\/es\/true-cost-pelicula-moda-impacto-mundial\/#primaryimage"},"thumbnailUrl":"https:\/\/i0.wp.com\/casadecampoliving.com\/wp-content\/uploads\/2022\/10\/DREFF_inauguration-e1475286870680.jpg?fit=1000%2C668&ssl=1","keywords":["Documental","Dominican Republic","Featured-TopView @es","Marina Spadafora @es","moda","pel\u00edcula","Republica Dominicana","Sostenible"],"articleSection":["Arte y cultura","M\u00e1s all\u00e1 de Casa","Rep\u00fablica Dominicana @es","Eventos","Moda","Estilo de Vida","Compras"],"inLanguage":"es"},{"@type":"WebPage","@id":"https:\/\/casadecampoliving.com\/es\/true-cost-pelicula-moda-impacto-mundial\/","url":"https:\/\/casadecampoliving.com\/es\/true-cost-pelicula-moda-impacto-mundial\/","name":"\"The True Cost\": Una pel\u00edcula sobre el impacto de la moda en el mundo | Casa de Campo Living","isPartOf":{"@id":"https:\/\/casadecampoliving.com\/es\/#website"},"primaryImageOfPage":{"@id":"https:\/\/casadecampoliving.com\/es\/true-cost-pelicula-moda-impacto-mundial\/#primaryimage"},"image":{"@id":"https:\/\/casadecampoliving.com\/es\/true-cost-pelicula-moda-impacto-mundial\/#primaryimage"},"thumbnailUrl":"https:\/\/i0.wp.com\/casadecampoliving.com\/wp-content\/uploads\/2022\/10\/DREFF_inauguration-e1475286870680.jpg?fit=1000%2C668&ssl=1","datePublished":"2016-10-02T04:00:00+00:00","dateModified":"2022-11-10T14:32:27+00:00","description":"No hace mucho tiempo, la Muestra de Cine Medioambiental Dominicana (DREFF por sus siglas en ingl\u00e9s) celebr\u00f3 su sexta edici\u00f3n en el pa\u00eds, con el lema de","breadcrumb":{"@id":"https:\/\/casadecampoliving.com\/es\/true-cost-pelicula-moda-impacto-mundial\/#breadcrumb"},"inLanguage":"es","potentialAction":[{"@type":"ReadAction","target":["https:\/\/casadecampoliving.com\/es\/true-cost-pelicula-moda-impacto-mundial\/"]}]},{"@type":"ImageObject","inLanguage":"es","@id":"https:\/\/casadecampoliving.com\/es\/true-cost-pelicula-moda-impacto-mundial\/#primaryimage","url":"https:\/\/i0.wp.com\/casadecampoliving.com\/wp-content\/uploads\/2022\/10\/DREFF_inauguration-e1475286870680.jpg?fit=1000%2C668&ssl=1","contentUrl":"https:\/\/i0.wp.com\/casadecampoliving.com\/wp-content\/uploads\/2022\/10\/DREFF_inauguration-e1475286870680.jpg?fit=1000%2C668&ssl=1","width":1000,"height":668,"caption":"DREFF inauguration"},{"@type":"BreadcrumbList","@id":"https:\/\/casadecampoliving.com\/es\/true-cost-pelicula-moda-impacto-mundial\/#breadcrumb","itemListElement":[{"@type":"ListItem","position":1,"name":"Home","item":"https:\/\/casadecampoliving.com\/es\/"},{"@type":"ListItem","position":2,"name":"&#8220;The True Cost&#8221;: Una pel\u00edcula sobre el impacto de la moda en el mundo"}]},{"@type":"WebSite","@id":"https:\/\/casadecampoliving.com\/es\/#website","url":"https:\/\/casadecampoliving.com\/es\/","name":"Casa de Campo Living","description":"Resort community news and resources.","publisher":{"@id":"https:\/\/casadecampoliving.com\/es\/#organization"},"potentialAction":[{"@type":"SearchAction","target":{"@type":"EntryPoint","urlTemplate":"https:\/\/casadecampoliving.com\/es\/?s={search_term_string}"},"query-input":{"@type":"PropertyValueSpecification","valueRequired":true,"valueName":"search_term_string"}}],"inLanguage":"es"},{"@type":"Organization","@id":"https:\/\/casadecampoliving.com\/es\/#organization","name":"Casa de Campo Living","url":"https:\/\/casadecampoliving.com\/es\/","logo":{"@type":"ImageObject","inLanguage":"es","@id":"https:\/\/casadecampoliving.com\/es\/#\/schema\/logo\/image\/","url":"https:\/\/i0.wp.com\/casadecampoliving.com\/wp-content\/uploads\/2022\/07\/CDCLivingLogo_V1-white-sized.png?fit=800%2C214&ssl=1","contentUrl":"https:\/\/i0.wp.com\/casadecampoliving.com\/wp-content\/uploads\/2022\/07\/CDCLivingLogo_V1-white-sized.png?fit=800%2C214&ssl=1","width":800,"height":214,"caption":"Casa de Campo Living"},"image":{"@id":"https:\/\/casadecampoliving.com\/es\/#\/schema\/logo\/image\/"},"sameAs":["https:\/\/www.facebook.com\/casadecampoliving","https:\/\/x.com\/cdcliving"]},{"@type":"Person","@id":"https:\/\/casadecampoliving.com\/es\/#\/schema\/person\/e3abfc63c1478fd703266a6f33a3145d","name":"Heather Lincoln","image":{"@type":"ImageObject","inLanguage":"es","@id":"https:\/\/secure.gravatar.com\/avatar\/e8fc1ce4ad50385675908137b0d8d66be281d034bf072b4700460237638ea6d0?s=96&d=mm&r=g","url":"https:\/\/secure.gravatar.com\/avatar\/e8fc1ce4ad50385675908137b0d8d66be281d034bf072b4700460237638ea6d0?s=96&d=mm&r=g","contentUrl":"https:\/\/secure.gravatar.com\/avatar\/e8fc1ce4ad50385675908137b0d8d66be281d034bf072b4700460237638ea6d0?s=96&d=mm&r=g","caption":"Heather Lincoln"},"url":"https:\/\/casadecampoliving.com\/es\/author\/hcastillo\/"}]}},"parsely":{"version":"1.1.0","canonical_url":"https:\/\/casadecampoliving.com\/es\/true-cost-pelicula-moda-impacto-mundial\/","smart_links":{"inbound":0,"outbound":0},"traffic_boost_suggestions_count":0,"meta":{"@context":"https:\/\/schema.org","@type":"NewsArticle","headline":"\u00abThe True Cost\u00bb: Una pel\u00edcula sobre el impacto de la moda en el mundo","url":"http:\/\/casadecampoliving.com\/es\/true-cost-pelicula-moda-impacto-mundial\/","mainEntityOfPage":{"@type":"WebPage","@id":"http:\/\/casadecampoliving.com\/es\/true-cost-pelicula-moda-impacto-mundial\/"},"thumbnailUrl":"https:\/\/i0.wp.com\/casadecampoliving.com\/wp-content\/uploads\/2022\/10\/DREFF_inauguration-e1475286870680.jpg?resize=150%2C150&ssl=1","image":{"@type":"ImageObject","url":"https:\/\/i0.wp.com\/casadecampoliving.com\/wp-content\/uploads\/2022\/10\/DREFF_inauguration-e1475286870680.jpg?fit=1000%2C668&ssl=1"},"articleSection":"Arte y cultura","author":[{"@type":"Person","name":"Heather Lincoln"}],"creator":["Heather Lincoln"],"publisher":{"@type":"Organization","name":"Casa de Campo Living","logo":"https:\/\/casadecampoliving.com\/wp-content\/uploads\/2022\/07\/CDCLivingLogo_V1-white-sized.png"},"keywords":["documental","dominican republic","featured-topview @es","marina spadafora @es","moda","pel\u00edcula","republica dominicana","sostenible"],"dateCreated":"2016-10-02T04:00:00Z","datePublished":"2016-10-02T04:00:00Z","dateModified":"2022-11-10T14:32:27Z"},"rendered":"<script type=\"application\/ld+json\" class=\"wp-parsely-metadata\">{\"@context\":\"https:\\\/\\\/schema.org\",\"@type\":\"NewsArticle\",\"headline\":\"\\u00abThe True Cost\\u00bb: Una pel\\u00edcula sobre el impacto de la moda en el mundo\",\"url\":\"http:\\\/\\\/casadecampoliving.com\\\/es\\\/true-cost-pelicula-moda-impacto-mundial\\\/\",\"mainEntityOfPage\":{\"@type\":\"WebPage\",\"@id\":\"http:\\\/\\\/casadecampoliving.com\\\/es\\\/true-cost-pelicula-moda-impacto-mundial\\\/\"},\"thumbnailUrl\":\"https:\\\/\\\/i0.wp.com\\\/casadecampoliving.com\\\/wp-content\\\/uploads\\\/2022\\\/10\\\/DREFF_inauguration-e1475286870680.jpg?resize=150%2C150&ssl=1\",\"image\":{\"@type\":\"ImageObject\",\"url\":\"https:\\\/\\\/i0.wp.com\\\/casadecampoliving.com\\\/wp-content\\\/uploads\\\/2022\\\/10\\\/DREFF_inauguration-e1475286870680.jpg?fit=1000%2C668&ssl=1\"},\"articleSection\":\"Arte y cultura\",\"author\":[{\"@type\":\"Person\",\"name\":\"Heather Lincoln\"}],\"creator\":[\"Heather Lincoln\"],\"publisher\":{\"@type\":\"Organization\",\"name\":\"Casa de Campo Living\",\"logo\":\"https:\\\/\\\/casadecampoliving.com\\\/wp-content\\\/uploads\\\/2022\\\/07\\\/CDCLivingLogo_V1-white-sized.png\"},\"keywords\":[\"documental\",\"dominican republic\",\"featured-topview @es\",\"marina spadafora @es\",\"moda\",\"pel\\u00edcula\",\"republica dominicana\",\"sostenible\"],\"dateCreated\":\"2016-10-02T04:00:00Z\",\"datePublished\":\"2016-10-02T04:00:00Z\",\"dateModified\":\"2022-11-10T14:32:27Z\"}<\/script>","tracker_url":"https:\/\/cdn.parsely.com\/keys\/casadecampoliving.com\/p.js"},"jetpack_publicize_connections":[],"jetpack_featured_media_url":"https:\/\/i0.wp.com\/casadecampoliving.com\/wp-content\/uploads\/2022\/10\/DREFF_inauguration-e1475286870680.jpg?fit=1000%2C668&ssl=1","jetpack-related-posts":[{"id":433460,"url":"https:\/\/casadecampoliving.com\/es\/no-se-pierdan-el-increible-tributo-a-frank-sinatra-para-celebrar-el-40-aniversario-del-anfiteatro-altos-de-chavon\/","url_meta":{"origin":350571,"position":0},"title":"No se pierdan el incre\u00edble tributo a Frank Sinatra para celebrar el 40 aniversario del\u00a0Anfiteatro Altos de Chav\u00f3n","author":"Casa de Campo Living","date":"20 Oct, 2022","format":false,"excerpt":"Siendo uno de los escenarios m\u00e1s emblem\u00e1ticos del pa\u00eds, Casa de Campo Resort\u00ae & Villas celebra las cuatro d\u00e9cadas de aniversario de Altos de Chav\u00f3n con un tributo al gran Frank Sinatra, protagonizado por artistas invitados y una big band tal cual la que acompa\u00f1\u00f3 al artista hace 40 a\u00f1os\u2026","rel":"","context":"En \u00abUncategorized @es\u00bb","block_context":{"text":"Uncategorized @es","link":"https:\/\/casadecampoliving.com\/es\/category\/uncategorized-es\/"},"img":{"alt_text":"","src":"https:\/\/i0.wp.com\/casadecampoliving.com\/wp-content\/uploads\/2022\/10\/Tributo-Frank-Sinatra-Foto-Principal-Amaury-Sanchez-Danilo-Ginebra-Andres-Pichardo-y-Jose-Gabriel-Perez-.jpg?fit=1200%2C873&ssl=1&resize=350%2C200","width":350,"height":200,"srcset":"https:\/\/i0.wp.com\/casadecampoliving.com\/wp-content\/uploads\/2022\/10\/Tributo-Frank-Sinatra-Foto-Principal-Amaury-Sanchez-Danilo-Ginebra-Andres-Pichardo-y-Jose-Gabriel-Perez-.jpg?fit=1200%2C873&ssl=1&resize=350%2C200 1x, https:\/\/i0.wp.com\/casadecampoliving.com\/wp-content\/uploads\/2022\/10\/Tributo-Frank-Sinatra-Foto-Principal-Amaury-Sanchez-Danilo-Ginebra-Andres-Pichardo-y-Jose-Gabriel-Perez-.jpg?fit=1200%2C873&ssl=1&resize=525%2C300 1.5x, https:\/\/i0.wp.com\/casadecampoliving.com\/wp-content\/uploads\/2022\/10\/Tributo-Frank-Sinatra-Foto-Principal-Amaury-Sanchez-Danilo-Ginebra-Andres-Pichardo-y-Jose-Gabriel-Perez-.jpg?fit=1200%2C873&ssl=1&resize=700%2C400 2x, https:\/\/i0.wp.com\/casadecampoliving.com\/wp-content\/uploads\/2022\/10\/Tributo-Frank-Sinatra-Foto-Principal-Amaury-Sanchez-Danilo-Ginebra-Andres-Pichardo-y-Jose-Gabriel-Perez-.jpg?fit=1200%2C873&ssl=1&resize=1050%2C600 3x"},"classes":[]},{"id":352088,"url":"https:\/\/casadecampoliving.com\/es\/dominicana-moda-comienza-este-miercoles\/","url_meta":{"origin":350571,"position":1},"title":"Dominicana Moda comienza este mi\u00e9rcoles \u00a1Moda por una buena causa!","author":"Heather Lincoln","date":"16 Oct, 2017","format":false,"excerpt":"Dominicana Moda es uno de esos eventos anuales m\u00e1s esperados en la Rep\u00fablica Dominicana, y no solo para los fashionistas; los concurridos espect\u00e1culos re\u00fanen a varias empresas las cuales apoyan distintas causas y expanden la imagen cultural del pa\u00eds como una fuerza creativa en el mundo de la moda global.\u2026","rel":"","context":"En \u00abAltos de Chavon @es\u00bb","block_context":{"text":"Altos de Chavon @es","link":"https:\/\/casadecampoliving.com\/category\/altos-de-chavon-es\/"},"img":{"alt_text":"Jaqueline Then","src":"https:\/\/i0.wp.com\/casadecampoliving.com\/wp-content\/uploads\/2022\/10\/JaquelineThen_DM.jpg?fit=1000%2C600&ssl=1&resize=350%2C200","width":350,"height":200,"srcset":"https:\/\/i0.wp.com\/casadecampoliving.com\/wp-content\/uploads\/2022\/10\/JaquelineThen_DM.jpg?fit=1000%2C600&ssl=1&resize=350%2C200 1x, https:\/\/i0.wp.com\/casadecampoliving.com\/wp-content\/uploads\/2022\/10\/JaquelineThen_DM.jpg?fit=1000%2C600&ssl=1&resize=525%2C300 1.5x, https:\/\/i0.wp.com\/casadecampoliving.com\/wp-content\/uploads\/2022\/10\/JaquelineThen_DM.jpg?fit=1000%2C600&ssl=1&resize=700%2C400 2x"},"classes":[]},{"id":352536,"url":"https:\/\/casadecampoliving.com\/es\/proyeccion-jeffrey-bajo-las-estrellas\/","url_meta":{"origin":350571,"position":2},"title":"Proyecci\u00f3n de \u00abJeffrey\u00bb bajo las estrellas","author":"Gallagher Foxworthy","date":"20 Mar, 2018","format":false,"excerpt":"El pasado jueves, 15 de marzo de la Direcci\u00f3n General de Cine, Chav\u00f3n Escuela de Dise\u00f1o, y Casa de Campo mostraron otra fant\u00e1stica pel\u00edcula dominicana bajo las estrellas en Altos de Chav\u00f3n, en el anfiteatro de fama mundial. Estudiantes, residentes y vacacionistas llenaron el teatro emergente con ganas de ver\u2026","rel":"","context":"En \u00abAltos de Chavon @es\u00bb","block_context":{"text":"Altos de Chavon @es","link":"https:\/\/casadecampoliving.com\/category\/altos-de-chavon-es\/"},"img":{"alt_text":"IMG_5935","src":"https:\/\/i0.wp.com\/casadecampoliving.com\/wp-content\/uploads\/2022\/10\/IMG_5935-1.jpg?resize=350%2C200","width":350,"height":200,"srcset":"https:\/\/i0.wp.com\/casadecampoliving.com\/wp-content\/uploads\/2022\/10\/IMG_5935-1.jpg?resize=350%2C200 1x, https:\/\/i0.wp.com\/casadecampoliving.com\/wp-content\/uploads\/2022\/10\/IMG_5935-1.jpg?resize=525%2C300 1.5x, https:\/\/i0.wp.com\/casadecampoliving.com\/wp-content\/uploads\/2022\/10\/IMG_5935-1.jpg?resize=700%2C400 2x, https:\/\/i0.wp.com\/casadecampoliving.com\/wp-content\/uploads\/2022\/10\/IMG_5935-1.jpg?resize=1050%2C600 3x, https:\/\/i0.wp.com\/casadecampoliving.com\/wp-content\/uploads\/2022\/10\/IMG_5935-1.jpg?resize=1400%2C800 4x"},"classes":[]},{"id":354461,"url":"https:\/\/casadecampoliving.com\/es\/wao-cine-en-las-rocas-isla-de-plastico-por-jose-maria-cabral\/","url_meta":{"origin":350571,"position":3},"title":"WAO Cine en las Rocas: Isla de Pl\u00e1stico por Jos\u00e9 Mar\u00eda Cabral","author":"Casa de Campo Living","date":"3 Ago, 2022","format":false,"excerpt":"El pasado s\u00e1bado 30 de julio WAO Chav\u00f3n Innovation Hub, una de las iniciativas sostenibles de impacto social con el objetivo de promover la Cultura creado por el Patronato Ben\u00e9fico Oriental, present\u00f3 Movies On The Rocks con el largometraje Isla de Pl\u00e1stico dirigida por Jos\u00e9 Mar\u00eda Cabral, en coordinaci\u00f3n con\u2026","rel":"","context":"En \u00abAltos de Chavon @es\u00bb","block_context":{"text":"Altos de Chavon @es","link":"https:\/\/casadecampoliving.com\/category\/altos-de-chavon-es\/"},"img":{"alt_text":"","src":"https:\/\/i0.wp.com\/casadecampoliving.com\/wp-content\/uploads\/2022\/10\/EJ4B7164-3.jpg?fit=1000%2C667&ssl=1&resize=350%2C200","width":350,"height":200,"srcset":"https:\/\/i0.wp.com\/casadecampoliving.com\/wp-content\/uploads\/2022\/10\/EJ4B7164-3.jpg?fit=1000%2C667&ssl=1&resize=350%2C200 1x, https:\/\/i0.wp.com\/casadecampoliving.com\/wp-content\/uploads\/2022\/10\/EJ4B7164-3.jpg?fit=1000%2C667&ssl=1&resize=525%2C300 1.5x, https:\/\/i0.wp.com\/casadecampoliving.com\/wp-content\/uploads\/2022\/10\/EJ4B7164-3.jpg?fit=1000%2C667&ssl=1&resize=700%2C400 2x"},"classes":[]},{"id":354445,"url":"https:\/\/casadecampoliving.com\/es\/peliculas-en-las-rocas-isla-de-plastico-llega-este-mes-a-wao-chavon\/","url_meta":{"origin":350571,"position":4},"title":"Pel\u00edculas en las rocas: \u201cIsla de pl\u00e1stico\u201d llega este mes a WAO Chav\u00f3n &#8211; \u00a1No te lo pierdas!","author":"Casa de Campo Living","date":"18 Jul, 2022","format":false,"excerpt":"Una buena pel\u00edcula siempre es una gran opci\u00f3n, pero una que pretende ense\u00f1ar y concientizar es a\u00fan mejor. Este mes WAO Chav\u00f3n nos invita a su cine al aire libre para la proyecci\u00f3n de \u201cIsla de pl\u00e1stico\u201d del joven y talentoso director, guionista y productor dominicano, Jos\u00e9 Mar\u00eda Cabral. El\u2026","rel":"","context":"En \u00abAltos de Chavon @es\u00bb","block_context":{"text":"Altos de Chavon @es","link":"https:\/\/casadecampoliving.com\/category\/altos-de-chavon-es\/"},"img":{"alt_text":"","src":"https:\/\/i0.wp.com\/casadecampoliving.com\/wp-content\/uploads\/2022\/10\/image_content_10311537_20180717200202-1.jpg?fit=1000%2C656&ssl=1&resize=350%2C200","width":350,"height":200,"srcset":"https:\/\/i0.wp.com\/casadecampoliving.com\/wp-content\/uploads\/2022\/10\/image_content_10311537_20180717200202-1.jpg?fit=1000%2C656&ssl=1&resize=350%2C200 1x, https:\/\/i0.wp.com\/casadecampoliving.com\/wp-content\/uploads\/2022\/10\/image_content_10311537_20180717200202-1.jpg?fit=1000%2C656&ssl=1&resize=525%2C300 1.5x, https:\/\/i0.wp.com\/casadecampoliving.com\/wp-content\/uploads\/2022\/10\/image_content_10311537_20180717200202-1.jpg?fit=1000%2C656&ssl=1&resize=700%2C400 2x"},"classes":[]},{"id":351278,"url":"https:\/\/casadecampoliving.com\/es\/intercambio-de-ropa-fashion-revolution-donacion-para-el-hogar-del-nino\/","url_meta":{"origin":350571,"position":5},"title":"\u00a1El Intercambio de Ropa de Fashion Revolution tambi\u00e9n fue una donaci\u00f3n para el Hogar del Ni\u00f1o!","author":"Heather Lincoln","date":"22 Mar, 2017","format":false,"excerpt":"\u00bfQu\u00e9 es Fashion Revolution? \u00bfPuede que usted se pregunte qu\u00e9 es exactamente Fashion Revolution? Bueno, es un movimiento global que opera en 90 pa\u00edses de todo el mundo con el prop\u00f3sito de elevar los est\u00e1ndares \u00e9ticos y ambientales de producci\u00f3n de la industria de la moda. Con una mayor transparencia\u2026","rel":"","context":"En \u00abAltos de Chavon @es\u00bb","block_context":{"text":"Altos de Chavon @es","link":"https:\/\/casadecampoliving.com\/category\/altos-de-chavon-es\/"},"img":{"alt_text":"Fashion Revolution DR Clothing Swap","src":"https:\/\/i0.wp.com\/casadecampoliving.com\/wp-content\/uploads\/2022\/10\/IMG_3776-e1490200198542.jpg?fit=1000%2C600&ssl=1&resize=350%2C200","width":350,"height":200,"srcset":"https:\/\/i0.wp.com\/casadecampoliving.com\/wp-content\/uploads\/2022\/10\/IMG_3776-e1490200198542.jpg?fit=1000%2C600&ssl=1&resize=350%2C200 1x, https:\/\/i0.wp.com\/casadecampoliving.com\/wp-content\/uploads\/2022\/10\/IMG_3776-e1490200198542.jpg?fit=1000%2C600&ssl=1&resize=525%2C300 1.5x, https:\/\/i0.wp.com\/casadecampoliving.com\/wp-content\/uploads\/2022\/10\/IMG_3776-e1490200198542.jpg?fit=1000%2C600&ssl=1&resize=700%2C400 2x"},"classes":[]}],"jetpack_sharing_enabled":true,"_links":{"self":[{"href":"https:\/\/casadecampoliving.com\/es\/wp-json\/wp\/v2\/posts\/350571","targetHints":{"allow":["GET"]}}],"collection":[{"href":"https:\/\/casadecampoliving.com\/es\/wp-json\/wp\/v2\/posts"}],"about":[{"href":"https:\/\/casadecampoliving.com\/es\/wp-json\/wp\/v2\/types\/post"}],"author":[{"embeddable":true,"href":"https:\/\/casadecampoliving.com\/es\/wp-json\/wp\/v2\/users\/36681"}],"replies":[{"embeddable":true,"href":"https:\/\/casadecampoliving.com\/es\/wp-json\/wp\/v2\/comments?post=350571"}],"version-history":[{"count":2,"href":"https:\/\/casadecampoliving.com\/es\/wp-json\/wp\/v2\/posts\/350571\/revisions"}],"predecessor-version":[{"id":507069,"href":"https:\/\/casadecampoliving.com\/es\/wp-json\/wp\/v2\/posts\/350571\/revisions\/507069"}],"wp:featuredmedia":[{"embeddable":true,"href":"https:\/\/casadecampoliving.com\/es\/wp-json\/wp\/v2\/media\/298544"}],"wp:attachment":[{"href":"https:\/\/casadecampoliving.com\/es\/wp-json\/wp\/v2\/media?parent=350571"}],"wp:term":[{"taxonomy":"category","embeddable":true,"href":"https:\/\/casadecampoliving.com\/es\/wp-json\/wp\/v2\/categories?post=350571"},{"taxonomy":"post_tag","embeddable":true,"href":"https:\/\/casadecampoliving.com\/es\/wp-json\/wp\/v2\/tags?post=350571"},{"taxonomy":"newspack_spnsrs_tax","embeddable":true,"href":"https:\/\/casadecampoliving.com\/es\/wp-json\/wp\/v2\/newspack_spnsrs_tax?post=350571"}],"curies":[{"name":"wp","href":"https:\/\/api.w.org\/{rel}","templated":true}]}}