{"id":350569,"date":"2016-09-30T00:00:00","date_gmt":"2016-09-30T04:00:00","guid":{"rendered":"https:\/\/casadecampoliving.com\/2016-duenos-fin-de-semana\/"},"modified":"2022-10-21T19:08:34","modified_gmt":"2022-10-21T23:08:34","slug":"2016-duenos-fin-de-semana","status":"publish","type":"post","link":"https:\/\/casadecampoliving.com\/es\/2016-duenos-fin-de-semana\/","title":{"rendered":"\u00a1Reserven la fecha para el fin de semana de Due\u00f1os 2016!"},"content":{"rendered":"\n<p>La celebraci\u00f3n anual para los due\u00f1os de villas de Casa de Campo ya tiene fecha \u00a1y ser\u00e1 el mes que viene! El viernes 28 de octubre y el s\u00e1bado 29, ser\u00e1 un fin de semana lleno&nbsp;de diversi\u00f3n \u00a1que usted no querr\u00e1 perderse!<\/p>\n\n\n\n<!--more-->\n\n\n\n<p>Organizado por Costasur y Casa de Campo, la celebraci\u00f3n Due\u00f1os es&nbsp;una de las fiestas m\u00e1s grandes del a\u00f1o y es una forma de agradecer a los&nbsp;propietarios de villas por su apoyo continuo hac\u00eda Casa de Campo. Los eventos del fin de semana incluyen una gran variedad de actividades deportivas como el golf, Night Golf, lecciones de golf, un Casathon, paseos a caballo, tiro, tenis, polo, cl\u00ednicas de f\u00fatbol, tardes en el Spa, Camp Frost, La Vecindad, \u00a1as\u00ed como una noche de cena y baile!<\/p>\n\n\n\n<figure class=\"wp-block-image is-resized\"><img loading=\"lazy\" decoding=\"async\" src=\"https:\/\/i0.wp.com\/casadecampoliving.com\/wp-content\/uploads\/2022\/10\/DSC_0148-e1475269147629.jpg?resize=1000%2C667&amp;ssl=1\" alt=\"Due\u00f1os Weekend\" class=\"wp-image-124776\" height=\"667\" width=\"1000\"\/><\/figure>\n\n\n\n<p>Recuerde que para participar en las actividades debe ser propietario de villa en&nbsp;Casa de Campo y para los&nbsp;deportes, tendr\u00e1 que inscribirse con anticipaci\u00f3n. Mant\u00e9ngase atento ya que pronto les traeremos&nbsp;m\u00e1s detalles sobre la programaci\u00f3n del fin de semana en&nbsp;octubre, pero por ahora \u2013 \u00a1marquen su calendario!<\/p>\n\n\n\n<blockquote><figure><img decoding=\"async\" loading=\"lazy\" class=\"alignnone size-full wp-image-124770\" src=\"https:\/\/i0.wp.com\/casadecampoliving.com\/wp-content\/uploads\/2022\/10\/Save-the-Date_Duenos-e1475266717171.png?resize=1000%2C933&amp;ssl=1\" alt=\"Due\u00f1os Weekend\" width=\"1000\" height=\"933\"><\/figure><p><strong>Qu\u00e9: <\/strong>Fin de semana<strong>&nbsp;<\/strong>Due\u00f1os 2016<\/p><p><strong>Cu\u00e1ndo:&nbsp;<\/strong>Viernes 28 de octubre \u2013 s\u00e1bado 29 de octubre<\/p><p><strong>D\u00f3nde:<\/strong> Casa de Campo, La Romana<\/p><\/blockquote>\n","protected":false},"excerpt":{"rendered":"<p>La celebraci\u00f3n anual para los due\u00f1os de villas de Casa de Campo ya tiene fecha \u00a1y ser\u00e1 el mes que viene! El viernes 28 de octubre y el s\u00e1bado 29, ser\u00e1 un fin de semana lleno&nbsp;de diversi\u00f3n \u00a1que usted no querr\u00e1 perderse!<\/p>\n","protected":false},"author":36681,"featured_media":298692,"comment_status":"closed","ping_status":"closed","sticky":false,"template":"","format":"standard","meta":{"newspack_ads_suppress_ads":false,"newspack_popups_has_disabled_popups":false,"newspack_sponsor_sponsorship_scope":"","newspack_sponsor_native_byline_display":"inherit","newspack_sponsor_native_category_display":"inherit","newspack_sponsor_underwriter_style":"inherit","newspack_sponsor_underwriter_placement":"inherit","_newspack_byline_active":false,"_newspack_byline":"","newspack_content_restriction_is_exempt":false,"newspack_featured_image_position":"","newspack_post_subtitle":"","newspack_article_summary_title":"Overview:","newspack_article_summary":"","newspack_hide_updated_date":false,"newspack_show_updated_date":false,"_jetpack_memberships_contains_paid_content":false,"footnotes":"","jetpack_publicize_message":"","jetpack_publicize_feature_enabled":true,"jetpack_social_post_already_shared":false,"jetpack_social_options":{"image_generator_settings":{"template":"highway","default_image_id":0,"font":"","enabled":false},"version":2},"_wpas_customize_per_network":false},"categories":[2519,2525,14631,2522,14625,14627,2521,26822,2527],"tags":[23815,3626,7528,3890,4486,2740,2652],"newspack_spnsrs_tax":[],"class_list":["post-350569","post","type-post","status-publish","format-standard","has-post-thumbnail","hentry","category-costasur-dominicana-es","category-golf-deportes-es","category-estilo-de-vida","category-eventos-es","category-noticias-locales","category-proximamente","category-republica-dominicana-2","category-resort-casa-de-campo","category-salud","tag-casa-de-campo-es-17","tag-casa-de-campo-es","tag-celebracion","tag-deportes","tag-duenos-es","tag-eventos","tag-fiesta","entry"],"yoast_head":"<!-- This site is optimized with the Yoast SEO plugin v27.3 - https:\/\/yoast.com\/product\/yoast-seo-wordpress\/ -->\n<title>\u00a1Reserven la fecha para el fin de semana de Due\u00f1os 2016! | Casa de Campo Living<\/title>\n<meta name=\"description\" content=\"La celebraci\u00f3n anual para los due\u00f1os de villas de Casa de Campo ya tiene fecha \u00a1y ser\u00e1 el mes que viene! El viernes 28 de octubre y el s\u00e1bado 29, ser\u00e1 un\" \/>\n<meta name=\"robots\" content=\"index, follow, max-snippet:-1, max-image-preview:large, max-video-preview:-1\" \/>\n<link rel=\"canonical\" href=\"https:\/\/casadecampoliving.com\/es\/2016-duenos-fin-de-semana\/\" \/>\n<meta property=\"og:locale\" content=\"es_ES\" \/>\n<meta property=\"og:type\" content=\"article\" \/>\n<meta property=\"og:title\" content=\"\u00a1Reserven la fecha para el fin de semana de Due\u00f1os 2016! | Casa de Campo Living\" \/>\n<meta property=\"og:description\" content=\"La celebraci\u00f3n anual para los due\u00f1os de villas de Casa de Campo ya tiene fecha \u00a1y ser\u00e1 el mes que viene! El viernes 28 de octubre y el s\u00e1bado 29, ser\u00e1 un\" \/>\n<meta property=\"og:url\" content=\"https:\/\/casadecampoliving.com\/es\/2016-duenos-fin-de-semana\/\" \/>\n<meta property=\"og:site_name\" content=\"Casa de Campo Living\" \/>\n<meta property=\"article:publisher\" content=\"https:\/\/www.facebook.com\/casadecampoliving\" \/>\n<meta property=\"article:published_time\" content=\"2016-09-30T04:00:00+00:00\" \/>\n<meta property=\"article:modified_time\" content=\"2022-10-21T23:08:34+00:00\" \/>\n<meta property=\"og:image\" content=\"https:\/\/i0.wp.com\/casadecampoliving.com\/wp-content\/uploads\/2022\/10\/DSC_0355-1-e1475268776538.jpg?fit=1000%2C667&ssl=1\" \/>\n\t<meta property=\"og:image:width\" content=\"1000\" \/>\n\t<meta property=\"og:image:height\" content=\"667\" \/>\n\t<meta property=\"og:image:type\" content=\"image\/jpeg\" \/>\n<meta name=\"author\" content=\"Heather Lincoln\" \/>\n<meta name=\"twitter:card\" content=\"summary_large_image\" \/>\n<meta name=\"twitter:creator\" content=\"@cdcliving\" \/>\n<meta name=\"twitter:site\" content=\"@cdcliving\" \/>\n<meta name=\"twitter:label1\" content=\"Escrito por\" \/>\n\t<meta name=\"twitter:data1\" content=\"Heather Lincoln\" \/>\n\t<meta name=\"twitter:label2\" content=\"Tiempo de lectura\" \/>\n\t<meta name=\"twitter:data2\" content=\"1 minuto\" \/>\n<script type=\"application\/ld+json\" class=\"yoast-schema-graph\">{\"@context\":\"https:\\\/\\\/schema.org\",\"@graph\":[{\"@type\":\"Article\",\"@id\":\"https:\\\/\\\/casadecampoliving.com\\\/es\\\/2016-duenos-fin-de-semana\\\/#article\",\"isPartOf\":{\"@id\":\"https:\\\/\\\/casadecampoliving.com\\\/es\\\/2016-duenos-fin-de-semana\\\/\"},\"author\":{\"name\":\"Heather Lincoln\",\"@id\":\"https:\\\/\\\/casadecampoliving.com\\\/es\\\/#\\\/schema\\\/person\\\/e3abfc63c1478fd703266a6f33a3145d\"},\"headline\":\"\u00a1Reserven la fecha para el fin de semana de Due\u00f1os 2016!\",\"datePublished\":\"2016-09-30T04:00:00+00:00\",\"dateModified\":\"2022-10-21T23:08:34+00:00\",\"mainEntityOfPage\":{\"@id\":\"https:\\\/\\\/casadecampoliving.com\\\/es\\\/2016-duenos-fin-de-semana\\\/\"},\"wordCount\":233,\"publisher\":{\"@id\":\"https:\\\/\\\/casadecampoliving.com\\\/es\\\/#organization\"},\"image\":{\"@id\":\"https:\\\/\\\/casadecampoliving.com\\\/es\\\/2016-duenos-fin-de-semana\\\/#primaryimage\"},\"thumbnailUrl\":\"https:\\\/\\\/i0.wp.com\\\/casadecampoliving.com\\\/wp-content\\\/uploads\\\/2022\\\/10\\\/DSC_0355-1-e1475268776538.jpg?fit=1000%2C667&ssl=1\",\"keywords\":[\"Casa de Campo\",\"casa de campo @es\",\"celebracion\",\"deportes\",\"duenos @es\",\"eventos\",\"fiesta\"],\"articleSection\":[\"Costasur Dominicana @es\",\"Deportes\",\"Estilo de Vida\",\"Eventos\",\"Noticias Locales\",\"Proximamente\",\"Rep\u00fablica Dominicana @es\",\"Resort Casa de Campo\",\"Salud\"],\"inLanguage\":\"es\"},{\"@type\":\"WebPage\",\"@id\":\"https:\\\/\\\/casadecampoliving.com\\\/es\\\/2016-duenos-fin-de-semana\\\/\",\"url\":\"https:\\\/\\\/casadecampoliving.com\\\/es\\\/2016-duenos-fin-de-semana\\\/\",\"name\":\"\u00a1Reserven la fecha para el fin de semana de Due\u00f1os 2016! | Casa de Campo Living\",\"isPartOf\":{\"@id\":\"https:\\\/\\\/casadecampoliving.com\\\/es\\\/#website\"},\"primaryImageOfPage\":{\"@id\":\"https:\\\/\\\/casadecampoliving.com\\\/es\\\/2016-duenos-fin-de-semana\\\/#primaryimage\"},\"image\":{\"@id\":\"https:\\\/\\\/casadecampoliving.com\\\/es\\\/2016-duenos-fin-de-semana\\\/#primaryimage\"},\"thumbnailUrl\":\"https:\\\/\\\/i0.wp.com\\\/casadecampoliving.com\\\/wp-content\\\/uploads\\\/2022\\\/10\\\/DSC_0355-1-e1475268776538.jpg?fit=1000%2C667&ssl=1\",\"datePublished\":\"2016-09-30T04:00:00+00:00\",\"dateModified\":\"2022-10-21T23:08:34+00:00\",\"description\":\"La celebraci\u00f3n anual para los due\u00f1os de villas de Casa de Campo ya tiene fecha \u00a1y ser\u00e1 el mes que viene! El viernes 28 de octubre y el s\u00e1bado 29, ser\u00e1 un\",\"breadcrumb\":{\"@id\":\"https:\\\/\\\/casadecampoliving.com\\\/es\\\/2016-duenos-fin-de-semana\\\/#breadcrumb\"},\"inLanguage\":\"es\",\"potentialAction\":[{\"@type\":\"ReadAction\",\"target\":[\"https:\\\/\\\/casadecampoliving.com\\\/es\\\/2016-duenos-fin-de-semana\\\/\"]}]},{\"@type\":\"ImageObject\",\"inLanguage\":\"es\",\"@id\":\"https:\\\/\\\/casadecampoliving.com\\\/es\\\/2016-duenos-fin-de-semana\\\/#primaryimage\",\"url\":\"https:\\\/\\\/i0.wp.com\\\/casadecampoliving.com\\\/wp-content\\\/uploads\\\/2022\\\/10\\\/DSC_0355-1-e1475268776538.jpg?fit=1000%2C667&ssl=1\",\"contentUrl\":\"https:\\\/\\\/i0.wp.com\\\/casadecampoliving.com\\\/wp-content\\\/uploads\\\/2022\\\/10\\\/DSC_0355-1-e1475268776538.jpg?fit=1000%2C667&ssl=1\",\"width\":1000,\"height\":667,\"caption\":\"Due\u00f1os Weekend\"},{\"@type\":\"BreadcrumbList\",\"@id\":\"https:\\\/\\\/casadecampoliving.com\\\/es\\\/2016-duenos-fin-de-semana\\\/#breadcrumb\",\"itemListElement\":[{\"@type\":\"ListItem\",\"position\":1,\"name\":\"Home\",\"item\":\"https:\\\/\\\/casadecampoliving.com\\\/es\\\/\"},{\"@type\":\"ListItem\",\"position\":2,\"name\":\"\u00a1Reserven la fecha para el fin de semana de Due\u00f1os 2016!\"}]},{\"@type\":\"WebSite\",\"@id\":\"https:\\\/\\\/casadecampoliving.com\\\/es\\\/#website\",\"url\":\"https:\\\/\\\/casadecampoliving.com\\\/es\\\/\",\"name\":\"Casa de Campo Living\",\"description\":\"Resort community news and resources.\",\"publisher\":{\"@id\":\"https:\\\/\\\/casadecampoliving.com\\\/es\\\/#organization\"},\"potentialAction\":[{\"@type\":\"SearchAction\",\"target\":{\"@type\":\"EntryPoint\",\"urlTemplate\":\"https:\\\/\\\/casadecampoliving.com\\\/es\\\/?s={search_term_string}\"},\"query-input\":{\"@type\":\"PropertyValueSpecification\",\"valueRequired\":true,\"valueName\":\"search_term_string\"}}],\"inLanguage\":\"es\"},{\"@type\":\"Organization\",\"@id\":\"https:\\\/\\\/casadecampoliving.com\\\/es\\\/#organization\",\"name\":\"Casa de Campo Living\",\"url\":\"https:\\\/\\\/casadecampoliving.com\\\/es\\\/\",\"logo\":{\"@type\":\"ImageObject\",\"inLanguage\":\"es\",\"@id\":\"https:\\\/\\\/casadecampoliving.com\\\/es\\\/#\\\/schema\\\/logo\\\/image\\\/\",\"url\":\"https:\\\/\\\/i0.wp.com\\\/casadecampoliving.com\\\/wp-content\\\/uploads\\\/2022\\\/07\\\/CDCLivingLogo_V1-white-sized.png?fit=800%2C214&ssl=1\",\"contentUrl\":\"https:\\\/\\\/i0.wp.com\\\/casadecampoliving.com\\\/wp-content\\\/uploads\\\/2022\\\/07\\\/CDCLivingLogo_V1-white-sized.png?fit=800%2C214&ssl=1\",\"width\":800,\"height\":214,\"caption\":\"Casa de Campo Living\"},\"image\":{\"@id\":\"https:\\\/\\\/casadecampoliving.com\\\/es\\\/#\\\/schema\\\/logo\\\/image\\\/\"},\"sameAs\":[\"https:\\\/\\\/www.facebook.com\\\/casadecampoliving\",\"https:\\\/\\\/x.com\\\/cdcliving\"]},{\"@type\":\"Person\",\"@id\":\"https:\\\/\\\/casadecampoliving.com\\\/es\\\/#\\\/schema\\\/person\\\/e3abfc63c1478fd703266a6f33a3145d\",\"name\":\"Heather Lincoln\",\"image\":{\"@type\":\"ImageObject\",\"inLanguage\":\"es\",\"@id\":\"https:\\\/\\\/secure.gravatar.com\\\/avatar\\\/e8fc1ce4ad50385675908137b0d8d66be281d034bf072b4700460237638ea6d0?s=96&d=mm&r=g\",\"url\":\"https:\\\/\\\/secure.gravatar.com\\\/avatar\\\/e8fc1ce4ad50385675908137b0d8d66be281d034bf072b4700460237638ea6d0?s=96&d=mm&r=g\",\"contentUrl\":\"https:\\\/\\\/secure.gravatar.com\\\/avatar\\\/e8fc1ce4ad50385675908137b0d8d66be281d034bf072b4700460237638ea6d0?s=96&d=mm&r=g\",\"caption\":\"Heather Lincoln\"},\"url\":\"https:\\\/\\\/casadecampoliving.com\\\/es\\\/author\\\/hcastillo\\\/\"}]}<\/script>\n<!-- \/ Yoast SEO plugin. -->","yoast_head_json":{"title":"\u00a1Reserven la fecha para el fin de semana de Due\u00f1os 2016! | Casa de Campo Living","description":"La celebraci\u00f3n anual para los due\u00f1os de villas de Casa de Campo ya tiene fecha \u00a1y ser\u00e1 el mes que viene! El viernes 28 de octubre y el s\u00e1bado 29, ser\u00e1 un","robots":{"index":"index","follow":"follow","max-snippet":"max-snippet:-1","max-image-preview":"max-image-preview:large","max-video-preview":"max-video-preview:-1"},"canonical":"https:\/\/casadecampoliving.com\/es\/2016-duenos-fin-de-semana\/","og_locale":"es_ES","og_type":"article","og_title":"\u00a1Reserven la fecha para el fin de semana de Due\u00f1os 2016! | Casa de Campo Living","og_description":"La celebraci\u00f3n anual para los due\u00f1os de villas de Casa de Campo ya tiene fecha \u00a1y ser\u00e1 el mes que viene! El viernes 28 de octubre y el s\u00e1bado 29, ser\u00e1 un","og_url":"https:\/\/casadecampoliving.com\/es\/2016-duenos-fin-de-semana\/","og_site_name":"Casa de Campo Living","article_publisher":"https:\/\/www.facebook.com\/casadecampoliving","article_published_time":"2016-09-30T04:00:00+00:00","article_modified_time":"2022-10-21T23:08:34+00:00","og_image":[{"width":1000,"height":667,"url":"https:\/\/i0.wp.com\/casadecampoliving.com\/wp-content\/uploads\/2022\/10\/DSC_0355-1-e1475268776538.jpg?fit=1000%2C667&ssl=1","type":"image\/jpeg"}],"author":"Heather Lincoln","twitter_card":"summary_large_image","twitter_creator":"@cdcliving","twitter_site":"@cdcliving","twitter_misc":{"Escrito por":"Heather Lincoln","Tiempo de lectura":"1 minuto"},"schema":{"@context":"https:\/\/schema.org","@graph":[{"@type":"Article","@id":"https:\/\/casadecampoliving.com\/es\/2016-duenos-fin-de-semana\/#article","isPartOf":{"@id":"https:\/\/casadecampoliving.com\/es\/2016-duenos-fin-de-semana\/"},"author":{"name":"Heather Lincoln","@id":"https:\/\/casadecampoliving.com\/es\/#\/schema\/person\/e3abfc63c1478fd703266a6f33a3145d"},"headline":"\u00a1Reserven la fecha para el fin de semana de Due\u00f1os 2016!","datePublished":"2016-09-30T04:00:00+00:00","dateModified":"2022-10-21T23:08:34+00:00","mainEntityOfPage":{"@id":"https:\/\/casadecampoliving.com\/es\/2016-duenos-fin-de-semana\/"},"wordCount":233,"publisher":{"@id":"https:\/\/casadecampoliving.com\/es\/#organization"},"image":{"@id":"https:\/\/casadecampoliving.com\/es\/2016-duenos-fin-de-semana\/#primaryimage"},"thumbnailUrl":"https:\/\/i0.wp.com\/casadecampoliving.com\/wp-content\/uploads\/2022\/10\/DSC_0355-1-e1475268776538.jpg?fit=1000%2C667&ssl=1","keywords":["Casa de Campo","casa de campo @es","celebracion","deportes","duenos @es","eventos","fiesta"],"articleSection":["Costasur Dominicana @es","Deportes","Estilo de Vida","Eventos","Noticias Locales","Proximamente","Rep\u00fablica Dominicana @es","Resort Casa de Campo","Salud"],"inLanguage":"es"},{"@type":"WebPage","@id":"https:\/\/casadecampoliving.com\/es\/2016-duenos-fin-de-semana\/","url":"https:\/\/casadecampoliving.com\/es\/2016-duenos-fin-de-semana\/","name":"\u00a1Reserven la fecha para el fin de semana de Due\u00f1os 2016! | Casa de Campo Living","isPartOf":{"@id":"https:\/\/casadecampoliving.com\/es\/#website"},"primaryImageOfPage":{"@id":"https:\/\/casadecampoliving.com\/es\/2016-duenos-fin-de-semana\/#primaryimage"},"image":{"@id":"https:\/\/casadecampoliving.com\/es\/2016-duenos-fin-de-semana\/#primaryimage"},"thumbnailUrl":"https:\/\/i0.wp.com\/casadecampoliving.com\/wp-content\/uploads\/2022\/10\/DSC_0355-1-e1475268776538.jpg?fit=1000%2C667&ssl=1","datePublished":"2016-09-30T04:00:00+00:00","dateModified":"2022-10-21T23:08:34+00:00","description":"La celebraci\u00f3n anual para los due\u00f1os de villas de Casa de Campo ya tiene fecha \u00a1y ser\u00e1 el mes que viene! El viernes 28 de octubre y el s\u00e1bado 29, ser\u00e1 un","breadcrumb":{"@id":"https:\/\/casadecampoliving.com\/es\/2016-duenos-fin-de-semana\/#breadcrumb"},"inLanguage":"es","potentialAction":[{"@type":"ReadAction","target":["https:\/\/casadecampoliving.com\/es\/2016-duenos-fin-de-semana\/"]}]},{"@type":"ImageObject","inLanguage":"es","@id":"https:\/\/casadecampoliving.com\/es\/2016-duenos-fin-de-semana\/#primaryimage","url":"https:\/\/i0.wp.com\/casadecampoliving.com\/wp-content\/uploads\/2022\/10\/DSC_0355-1-e1475268776538.jpg?fit=1000%2C667&ssl=1","contentUrl":"https:\/\/i0.wp.com\/casadecampoliving.com\/wp-content\/uploads\/2022\/10\/DSC_0355-1-e1475268776538.jpg?fit=1000%2C667&ssl=1","width":1000,"height":667,"caption":"Due\u00f1os Weekend"},{"@type":"BreadcrumbList","@id":"https:\/\/casadecampoliving.com\/es\/2016-duenos-fin-de-semana\/#breadcrumb","itemListElement":[{"@type":"ListItem","position":1,"name":"Home","item":"https:\/\/casadecampoliving.com\/es\/"},{"@type":"ListItem","position":2,"name":"\u00a1Reserven la fecha para el fin de semana de Due\u00f1os 2016!"}]},{"@type":"WebSite","@id":"https:\/\/casadecampoliving.com\/es\/#website","url":"https:\/\/casadecampoliving.com\/es\/","name":"Casa de Campo Living","description":"Resort community news and resources.","publisher":{"@id":"https:\/\/casadecampoliving.com\/es\/#organization"},"potentialAction":[{"@type":"SearchAction","target":{"@type":"EntryPoint","urlTemplate":"https:\/\/casadecampoliving.com\/es\/?s={search_term_string}"},"query-input":{"@type":"PropertyValueSpecification","valueRequired":true,"valueName":"search_term_string"}}],"inLanguage":"es"},{"@type":"Organization","@id":"https:\/\/casadecampoliving.com\/es\/#organization","name":"Casa de Campo Living","url":"https:\/\/casadecampoliving.com\/es\/","logo":{"@type":"ImageObject","inLanguage":"es","@id":"https:\/\/casadecampoliving.com\/es\/#\/schema\/logo\/image\/","url":"https:\/\/i0.wp.com\/casadecampoliving.com\/wp-content\/uploads\/2022\/07\/CDCLivingLogo_V1-white-sized.png?fit=800%2C214&ssl=1","contentUrl":"https:\/\/i0.wp.com\/casadecampoliving.com\/wp-content\/uploads\/2022\/07\/CDCLivingLogo_V1-white-sized.png?fit=800%2C214&ssl=1","width":800,"height":214,"caption":"Casa de Campo Living"},"image":{"@id":"https:\/\/casadecampoliving.com\/es\/#\/schema\/logo\/image\/"},"sameAs":["https:\/\/www.facebook.com\/casadecampoliving","https:\/\/x.com\/cdcliving"]},{"@type":"Person","@id":"https:\/\/casadecampoliving.com\/es\/#\/schema\/person\/e3abfc63c1478fd703266a6f33a3145d","name":"Heather Lincoln","image":{"@type":"ImageObject","inLanguage":"es","@id":"https:\/\/secure.gravatar.com\/avatar\/e8fc1ce4ad50385675908137b0d8d66be281d034bf072b4700460237638ea6d0?s=96&d=mm&r=g","url":"https:\/\/secure.gravatar.com\/avatar\/e8fc1ce4ad50385675908137b0d8d66be281d034bf072b4700460237638ea6d0?s=96&d=mm&r=g","contentUrl":"https:\/\/secure.gravatar.com\/avatar\/e8fc1ce4ad50385675908137b0d8d66be281d034bf072b4700460237638ea6d0?s=96&d=mm&r=g","caption":"Heather Lincoln"},"url":"https:\/\/casadecampoliving.com\/es\/author\/hcastillo\/"}]}},"parsely":{"version":"1.1.0","canonical_url":"https:\/\/casadecampoliving.com\/es\/2016-duenos-fin-de-semana\/","smart_links":{"inbound":0,"outbound":0},"traffic_boost_suggestions_count":0,"meta":{"@context":"https:\/\/schema.org","@type":"NewsArticle","headline":"\u00a1Reserven la fecha para el fin de semana de Due\u00f1os 2016!","url":"http:\/\/casadecampoliving.com\/es\/2016-duenos-fin-de-semana\/","mainEntityOfPage":{"@type":"WebPage","@id":"http:\/\/casadecampoliving.com\/es\/2016-duenos-fin-de-semana\/"},"thumbnailUrl":"https:\/\/i0.wp.com\/casadecampoliving.com\/wp-content\/uploads\/2022\/10\/DSC_0355-1-e1475268776538.jpg?resize=150%2C150&ssl=1","image":{"@type":"ImageObject","url":"https:\/\/i0.wp.com\/casadecampoliving.com\/wp-content\/uploads\/2022\/10\/DSC_0355-1-e1475268776538.jpg?fit=1000%2C667&ssl=1"},"articleSection":"Costasur Dominicana @es","author":[{"@type":"Person","name":"Heather Lincoln"}],"creator":["Heather Lincoln"],"publisher":{"@type":"Organization","name":"Casa de Campo Living","logo":"https:\/\/casadecampoliving.com\/wp-content\/uploads\/2022\/07\/CDCLivingLogo_V1-white-sized.png"},"keywords":["casa de campo","casa de campo @es","celebracion","deportes","duenos @es","eventos","fiesta"],"dateCreated":"2016-09-30T04:00:00Z","datePublished":"2016-09-30T04:00:00Z","dateModified":"2022-10-21T23:08:34Z"},"rendered":"<script type=\"application\/ld+json\" class=\"wp-parsely-metadata\">{\"@context\":\"https:\\\/\\\/schema.org\",\"@type\":\"NewsArticle\",\"headline\":\"\\u00a1Reserven la fecha para el fin de semana de Due\\u00f1os 2016!\",\"url\":\"http:\\\/\\\/casadecampoliving.com\\\/es\\\/2016-duenos-fin-de-semana\\\/\",\"mainEntityOfPage\":{\"@type\":\"WebPage\",\"@id\":\"http:\\\/\\\/casadecampoliving.com\\\/es\\\/2016-duenos-fin-de-semana\\\/\"},\"thumbnailUrl\":\"https:\\\/\\\/i0.wp.com\\\/casadecampoliving.com\\\/wp-content\\\/uploads\\\/2022\\\/10\\\/DSC_0355-1-e1475268776538.jpg?resize=150%2C150&ssl=1\",\"image\":{\"@type\":\"ImageObject\",\"url\":\"https:\\\/\\\/i0.wp.com\\\/casadecampoliving.com\\\/wp-content\\\/uploads\\\/2022\\\/10\\\/DSC_0355-1-e1475268776538.jpg?fit=1000%2C667&ssl=1\"},\"articleSection\":\"Costasur Dominicana @es\",\"author\":[{\"@type\":\"Person\",\"name\":\"Heather Lincoln\"}],\"creator\":[\"Heather Lincoln\"],\"publisher\":{\"@type\":\"Organization\",\"name\":\"Casa de Campo Living\",\"logo\":\"https:\\\/\\\/casadecampoliving.com\\\/wp-content\\\/uploads\\\/2022\\\/07\\\/CDCLivingLogo_V1-white-sized.png\"},\"keywords\":[\"casa de campo\",\"casa de campo @es\",\"celebracion\",\"deportes\",\"duenos @es\",\"eventos\",\"fiesta\"],\"dateCreated\":\"2016-09-30T04:00:00Z\",\"datePublished\":\"2016-09-30T04:00:00Z\",\"dateModified\":\"2022-10-21T23:08:34Z\"}<\/script>","tracker_url":"https:\/\/cdn.parsely.com\/keys\/casadecampoliving.com\/p.js"},"jetpack_publicize_connections":[],"jetpack_featured_media_url":"https:\/\/i0.wp.com\/casadecampoliving.com\/wp-content\/uploads\/2022\/10\/DSC_0355-1-e1475268776538.jpg?fit=1000%2C667&ssl=1","jetpack-related-posts":[{"id":352840,"url":"https:\/\/casadecampoliving.com\/es\/reserven-la-fecha-para-el-fin-de-semana-de-duenos-2018\/","url_meta":{"origin":350569,"position":0},"title":"\u00a1Reserven la fecha para el fin de semana de Due\u00f1os 2018!","author":"Casa de Campo Living","date":"29 Ago, 2018","format":false,"excerpt":"La celebraci\u00f3n anual para los due\u00f1os de villas de Casa de Campo ya tiene fecha \u00a1y ser\u00e1 el mes que viene! El viernes 28 de octubre y el s\u00e1bado 29, ser\u00e1 un fin de semana lleno\u00a0de diversi\u00f3n \u00a1que usted no querr\u00e1 perderse! Organizado por Costasur y Casa de Campo, la\u2026","rel":"","context":"En \u00abCostasur Dominicana @es\u00bb","block_context":{"text":"Costasur Dominicana @es","link":"https:\/\/casadecampoliving.com\/es\/category\/costasur-dominicana-es\/"},"img":{"alt_text":"","src":"https:\/\/i0.wp.com\/casadecampoliving.com\/wp-content\/uploads\/2022\/10\/EJ4B1029-1.jpg?fit=1000%2C667&ssl=1&resize=350%2C200","width":350,"height":200,"srcset":"https:\/\/i0.wp.com\/casadecampoliving.com\/wp-content\/uploads\/2022\/10\/EJ4B1029-1.jpg?fit=1000%2C667&ssl=1&resize=350%2C200 1x, https:\/\/i0.wp.com\/casadecampoliving.com\/wp-content\/uploads\/2022\/10\/EJ4B1029-1.jpg?fit=1000%2C667&ssl=1&resize=525%2C300 1.5x, https:\/\/i0.wp.com\/casadecampoliving.com\/wp-content\/uploads\/2022\/10\/EJ4B1029-1.jpg?fit=1000%2C667&ssl=1&resize=700%2C400 2x"},"classes":[]},{"id":345223,"url":"https:\/\/casadecampoliving.com\/es\/nueva-fecha-para-duenos-2014\/","url_meta":{"origin":350569,"position":1},"title":"\u00a1Nueva fecha para Due\u00f1os 2014!","author":"Maria Isabel B\u00e1ez","date":"29 Ago, 2014","format":false,"excerpt":"\u00a1Costasur Dominicana y Casa de Campo han anunciado que la fecha de la celebraci\u00f3n de Due\u00f1os 2014 ha sido cambiada! Due\u00f1os 2014 fue planeado originalmente para que fuese celebrado en el fin de semana 14 y 15 de Noviembre \u00a1pero ahora fue confirmado para el Viernes 21 y el S\u00e1bado\u2026","rel":"","context":"En \u00abCostasur Dominicana @es\u00bb","block_context":{"text":"Costasur Dominicana @es","link":"https:\/\/casadecampoliving.com\/es\/category\/costasur-dominicana-es\/"},"img":{"alt_text":"Alfonso Paniagua, Claudio Silvestri","src":"https:\/\/i0.wp.com\/casadecampoliving.com\/wp-content\/uploads\/2022\/10\/alfonso_paniagua_Claudio_silvestri-1.jpg?fit=650%2C436&ssl=1&resize=350%2C200","width":350,"height":200,"srcset":"https:\/\/i0.wp.com\/casadecampoliving.com\/wp-content\/uploads\/2022\/10\/alfonso_paniagua_Claudio_silvestri-1.jpg?fit=650%2C436&ssl=1&resize=350%2C200 1x, https:\/\/i0.wp.com\/casadecampoliving.com\/wp-content\/uploads\/2022\/10\/alfonso_paniagua_Claudio_silvestri-1.jpg?fit=650%2C436&ssl=1&resize=525%2C300 1.5x"},"classes":[]},{"id":351955,"url":"https:\/\/casadecampoliving.com\/es\/marque-la-fecha-para-el-fin-de-semana-de-duenos-de-este-ano\/","url_meta":{"origin":350569,"position":2},"title":"\u00a1Marque la fecha para el fin de semana de Due\u00f1os de este a\u00f1o!","author":"Marlenys Guzm\u00e1n Casta\u00f1os","date":"8 Sep, 2017","format":false,"excerpt":"\u00a1Estamos emocionados de traerle una excelente noticia despu\u00e9s de todas las preocupaciones del hurac\u00e1n! Las fechas de uno de los eventos anuales favoritos de Casa han sido anunciadas. La celebraci\u00f3n anual de Due\u00f1os en Casa de Campo est\u00e1 a dos meses de distancia. El viernes 17 \u2013 s\u00e1bado 18 de\u2026","rel":"","context":"En \u00abComidas &amp; Bebidas\u00bb","block_context":{"text":"Comidas &amp; Bebidas","link":"https:\/\/casadecampoliving.com\/es\/category\/comidas-bebidas\/"},"img":{"alt_text":"","src":"https:\/\/i0.wp.com\/casadecampoliving.com\/wp-content\/uploads\/2022\/10\/DSC_1333-1.jpg?fit=1000%2C665&ssl=1&resize=350%2C200","width":350,"height":200,"srcset":"https:\/\/i0.wp.com\/casadecampoliving.com\/wp-content\/uploads\/2022\/10\/DSC_1333-1.jpg?fit=1000%2C665&ssl=1&resize=350%2C200 1x, https:\/\/i0.wp.com\/casadecampoliving.com\/wp-content\/uploads\/2022\/10\/DSC_1333-1.jpg?fit=1000%2C665&ssl=1&resize=525%2C300 1.5x, https:\/\/i0.wp.com\/casadecampoliving.com\/wp-content\/uploads\/2022\/10\/DSC_1333-1.jpg?fit=1000%2C665&ssl=1&resize=700%2C400 2x"},"classes":[]},{"id":353544,"url":"https:\/\/casadecampoliving.com\/es\/estas-invitado-reserva-la-fecha-para-el-fin-de-semana-duenos-2019\/","url_meta":{"origin":350569,"position":3},"title":"\u00a1Est\u00e1s invitado! \u00a1Reserva la fecha para el Fin de Semana Due\u00f1os 2019!","author":"Casa de Campo Living","date":"11 Sep, 2019","format":false,"excerpt":"\u00a1Estamos emocionados de traerte excelentes noticias! Las fechas de uno de nuestros eventos anuales favoritos acaban de anunciarse. La celebraci\u00f3n organizada por Costasur y Casa de Campo para los due\u00f1os de villas de Casa de Campo, \u201cDue\u00f1os 2019\u201d, se llevar\u00e1 a cabo del viernes 25 de octubre al s\u00e1bado 26\u2026","rel":"","context":"En \u00abCostasur Dominicana @es\u00bb","block_context":{"text":"Costasur Dominicana @es","link":"https:\/\/casadecampoliving.com\/es\/category\/costasur-dominicana-es\/"},"img":{"alt_text":"","src":"https:\/\/i0.wp.com\/casadecampoliving.com\/wp-content\/uploads\/2022\/10\/4-1-1.jpg?fit=1000%2C600&ssl=1&resize=350%2C200","width":350,"height":200,"srcset":"https:\/\/i0.wp.com\/casadecampoliving.com\/wp-content\/uploads\/2022\/10\/4-1-1.jpg?fit=1000%2C600&ssl=1&resize=350%2C200 1x, https:\/\/i0.wp.com\/casadecampoliving.com\/wp-content\/uploads\/2022\/10\/4-1-1.jpg?fit=1000%2C600&ssl=1&resize=525%2C300 1.5x, https:\/\/i0.wp.com\/casadecampoliving.com\/wp-content\/uploads\/2022\/10\/4-1-1.jpg?fit=1000%2C600&ssl=1&resize=700%2C400 2x"},"classes":[]},{"id":352154,"url":"https:\/\/casadecampoliving.com\/es\/preparate-para-el-fin-de-semana-duenos-2017-este-mes\/","url_meta":{"origin":350569,"position":4},"title":"\u00a1Prep\u00e1rate para el fin de semana Due\u00f1os 2017 este mes!","author":"Marlenys Guzm\u00e1n Casta\u00f1os","date":"3 Nov, 2017","format":false,"excerpt":"\u00a1Due\u00f1os es la fiesta del a\u00f1o para los due\u00f1os de villas! Los amigos de toda la vida estar\u00e1n aqu\u00ed una vez m\u00e1s en el complejo para disfrutar este fin de semana con nosotros. Este a\u00f1o, el evento tendr\u00e1 lugar el 17 y 18 de noviembre y hoy compartimos el programa\u2026","rel":"","context":"En \u00abCostasur Dominicana @es\u00bb","block_context":{"text":"Costasur Dominicana @es","link":"https:\/\/casadecampoliving.com\/es\/category\/costasur-dominicana-es\/"},"img":{"alt_text":"","src":"https:\/\/i0.wp.com\/casadecampoliving.com\/wp-content\/uploads\/2022\/10\/DSC_0389-1.jpg?fit=1000%2C602&ssl=1&resize=350%2C200","width":350,"height":200,"srcset":"https:\/\/i0.wp.com\/casadecampoliving.com\/wp-content\/uploads\/2022\/10\/DSC_0389-1.jpg?fit=1000%2C602&ssl=1&resize=350%2C200 1x, https:\/\/i0.wp.com\/casadecampoliving.com\/wp-content\/uploads\/2022\/10\/DSC_0389-1.jpg?fit=1000%2C602&ssl=1&resize=525%2C300 1.5x, https:\/\/i0.wp.com\/casadecampoliving.com\/wp-content\/uploads\/2022\/10\/DSC_0389-1.jpg?fit=1000%2C602&ssl=1&resize=700%2C400 2x"},"classes":[]},{"id":342625,"url":"https:\/\/casadecampoliving.com\/es\/costasur-anuncia-las-fechas-de-duenos-2013\/","url_meta":{"origin":350569,"position":5},"title":"\u00a1Costasur anuncia las fechas de Due\u00f1os 2013!","author":"Eliana Alba","date":"31 Jul, 2013","format":false,"excerpt":"\u00a1Hurrah! La fecha de la anual celebraci\u00f3n de \u201cDue\u00f1os\u201d, organizada por Costasur y Casa de Campoo para los due\u00f1os de villa, acaba de ser anunciada\u2026 ser\u00e1 del 22 al 24 de noviembre del 2013. Lamentablemente todav\u00eda no han anunciado m\u00e1s detalles sobre \u201cDue\u00f1os \u201913\u201d \u2013 pero no cabe duda que\u2026","rel":"","context":"En \u00abCostasur Dominicana @es\u00bb","block_context":{"text":"Costasur Dominicana @es","link":"https:\/\/casadecampoliving.com\/es\/category\/costasur-dominicana-es\/"},"img":{"alt_text":"alfonso paniagua claudio silvestri","src":"https:\/\/i0.wp.com\/casadecampoliving.com\/wp-content\/uploads\/2022\/10\/alfonso_paniagua_claudio_silvestri-1.jpg?fit=650%2C436&ssl=1&resize=350%2C200","width":350,"height":200,"srcset":"https:\/\/i0.wp.com\/casadecampoliving.com\/wp-content\/uploads\/2022\/10\/alfonso_paniagua_claudio_silvestri-1.jpg?fit=650%2C436&ssl=1&resize=350%2C200 1x, https:\/\/i0.wp.com\/casadecampoliving.com\/wp-content\/uploads\/2022\/10\/alfonso_paniagua_claudio_silvestri-1.jpg?fit=650%2C436&ssl=1&resize=525%2C300 1.5x"},"classes":[]}],"jetpack_sharing_enabled":true,"_links":{"self":[{"href":"https:\/\/casadecampoliving.com\/es\/wp-json\/wp\/v2\/posts\/350569","targetHints":{"allow":["GET"]}}],"collection":[{"href":"https:\/\/casadecampoliving.com\/es\/wp-json\/wp\/v2\/posts"}],"about":[{"href":"https:\/\/casadecampoliving.com\/es\/wp-json\/wp\/v2\/types\/post"}],"author":[{"embeddable":true,"href":"https:\/\/casadecampoliving.com\/es\/wp-json\/wp\/v2\/users\/36681"}],"replies":[{"embeddable":true,"href":"https:\/\/casadecampoliving.com\/es\/wp-json\/wp\/v2\/comments?post=350569"}],"version-history":[{"count":1,"href":"https:\/\/casadecampoliving.com\/es\/wp-json\/wp\/v2\/posts\/350569\/revisions"}],"predecessor-version":[{"id":350570,"href":"https:\/\/casadecampoliving.com\/es\/wp-json\/wp\/v2\/posts\/350569\/revisions\/350570"}],"wp:featuredmedia":[{"embeddable":true,"href":"https:\/\/casadecampoliving.com\/es\/wp-json\/wp\/v2\/media\/298692"}],"wp:attachment":[{"href":"https:\/\/casadecampoliving.com\/es\/wp-json\/wp\/v2\/media?parent=350569"}],"wp:term":[{"taxonomy":"category","embeddable":true,"href":"https:\/\/casadecampoliving.com\/es\/wp-json\/wp\/v2\/categories?post=350569"},{"taxonomy":"post_tag","embeddable":true,"href":"https:\/\/casadecampoliving.com\/es\/wp-json\/wp\/v2\/tags?post=350569"},{"taxonomy":"newspack_spnsrs_tax","embeddable":true,"href":"https:\/\/casadecampoliving.com\/es\/wp-json\/wp\/v2\/newspack_spnsrs_tax?post=350569"}],"curies":[{"name":"wp","href":"https:\/\/api.w.org\/{rel}","templated":true}]}}