{"id":350501,"date":"2016-09-16T00:00:00","date_gmt":"2016-09-16T04:00:00","guid":{"rendered":"https:\/\/casadecampoliving.com\/otorgaron-seis-becas-a-estudiantes-de-altos-de-chavon-escuela-de-diseno\/"},"modified":"2022-10-21T19:04:19","modified_gmt":"2022-10-21T23:04:19","slug":"otorgaron-seis-becas-a-estudiantes-de-altos-de-chavon-escuela-de-diseno","status":"publish","type":"post","link":"https:\/\/casadecampoliving.com\/es\/otorgaron-seis-becas-a-estudiantes-de-altos-de-chavon-escuela-de-diseno\/","title":{"rendered":"Banco Popular y la Fundaci\u00f3n Centro Cultural Altos de Chav\u00f3n otorga becas a 6 estudiantes meritorios"},"content":{"rendered":"\n<p>En honor a que esta es la segunda semana en el nuevo a\u00f1o escolar de la de Chav\u00f3n Escuela de Dise\u00f1o, \u00a1les traemos algunas noticias fant\u00e1sticas! El Banco Popular Dominicano y la Fundaci\u00f3n Centro Cultural Altos de Chav\u00f3n han otorgado becas a seis j\u00f3venes estudiantes meritorios para continuar sus estudios&nbsp;en las \u00e1reas de la comunicaci\u00f3n visual y el dise\u00f1o de moda. La beca incluye todos los gastos de matriculaci\u00f3n y graduaci\u00f3n cubiertos por la organizaci\u00f3n financiera.<\/p>\n\n\n\n<p><\/p>\n\n\n\n<!--more-->\n\n\n\n<p>La Escuela de Dise\u00f1o Altos de Chav\u00f3n ofrece <a href=\"http:\/\/altosdechavon.edu.do\/ayuda-financiera\/\" target=\"_blank\" rel=\"noopener\">distintas&nbsp;opciones de ayuda financiera<\/a> a los artistas con talento que quieran asistir a la escuela gracias a sus&nbsp;alianzas con diferentes entidades dominicanas, as\u00ed como un programa de becas con el apoyo de laFundaci\u00f3n Centro Cultural Altos de Chav\u00f3n, que re\u00fane fondos&nbsp;a trav\u00e9s de diversos eventos, <a href=\"https:\/\/casadecampoliving.com\/es\/catalogo-digital-de-art-chavon-2016-disponible\/\">tales como Art Chav\u00f3n<\/a>. Esta es la primera vez que el Banco Popular Dominicano ha otorgado becas a un grupo de individuos merecedores&nbsp;dentro del programa de becas de la entidad bancaria Excelencia Popular. Estos&nbsp;asistiran al&nbsp;nuevo campus urbano de Santo Domingo, 5 en el \u00e1rea de Comunicaci\u00f3n Visual y 1 en dise\u00f1o de moda.<\/p>\n\n\n<div class=\"wp-block-image\">\n<figure class=\"aligncenter is-resized\"><img loading=\"lazy\" decoding=\"async\" src=\"https:\/\/i0.wp.com\/casadecampoliving.com\/wp-content\/uploads\/2022\/10\/School-of-Design-3.jpg?resize=1000%2C600&amp;ssl=1\" alt=\"school-of-design-3\" class=\"wp-image-123471\" height=\"600\" width=\"1000\"\/><\/figure>\n<\/div>\n\n\n<p><br>\nActualmente, Excelencia Popular brinda oportunidades educativas a m\u00e1s de 199 becados con grado sobresaliente y recursos limitados para estudiar en 19 centros universitarios y t\u00e9cnicos de todo el pa\u00eds. El objetivo es elevar los est\u00e1ndares profesionales y \u00e9ticos de estos futuros profesionales dominicanos para que contribuyan a la construcci\u00f3n de una mejor sociedad.<\/p>\n\n\n\n<p>Estos seis estudiantes fueron seleccionados por Chav\u00f3n Escuela de Dise\u00f1o; los solicitantes deben presentar un portafolio de arte y&nbsp;que ademas fueran j\u00f3venes de escasos recursos econ\u00f3micos. Lo que impresion\u00f3 a la escuela m\u00e1s acerca de los individuos seleccionados fue&nbsp;su talento y pasi\u00f3n hacia&nbsp;el arte y el dise\u00f1o y el enorme deseo de estudiar en sus programas. Las becas se otorgaron de la&nbsp;siguiente manera: cinco de los j\u00f3venes beneficiados recibir\u00e1n la beca completa de dos a\u00f1os, tiempo que durar\u00e1n sus carreras en el campus de Santo Domingo de este centro educativo, mientras que el sexto joven ser\u00e1 becado durante su segundo a\u00f1o para que pueda concluir as\u00ed sus estudios.<\/p>\n\n\n<div class=\"wp-block-image\">\n<figure class=\"aligncenter is-resized\"><img loading=\"lazy\" decoding=\"async\" src=\"https:\/\/i0.wp.com\/casadecampoliving.com\/wp-content\/uploads\/2022\/10\/School-of-Design1.jpg?resize=1000%2C600&amp;ssl=1\" alt=\"school-of-design1\" class=\"wp-image-123473\" height=\"600\" width=\"1000\"\/><\/figure>\n<\/div>\n\n\n<p><\/p>\n\n\n\n<p>Tras la firma del acuerdo, por parte del Banco Popular Dominicano, su vicepresidente ejecutivo de Relaciones P\u00fablicas y Comunicaciones, se\u00f1or Jos\u00e9 M\u00e1rmol, manifest\u00f3 que <em>\u201cel programa de becas Excelencia Popular es un importante esfuerzo de nuestra instituci\u00f3n para que estos j\u00f3venes estudiantes puedan obtener el d\u00eda de ma\u00f1ana un empleo digno que les ayude a mejorar su calidad de vida y, al mismo tiempo, se conviertan en profesionales \u00e9ticos y solidarios que contribuyan con el desarrollo sostenible de sus comunidades\u201d.<\/em><\/p>\n\n\n\n<p>En tanto, en nombre de la Fundaci\u00f3n Centro Cultural Altos de Chav\u00f3n, su presidenta, se\u00f1ora Dominique F. Bluhdorn, reafirm\u00f3 el sentido de su misi\u00f3n educativa, subrayando que buscan <em>\u201cfomentar el talento bajo los m\u00e1s altos est\u00e1ndares de excelencia y de pensamiento global, dando a los estudiantes la oportunidad de explotar su creatividad y competir a nivel mundial, marcando tendencias a trav\u00e9s de sus dise\u00f1os vanguardistas. Estas becas van en esa direcci\u00f3n, ya que benefician a j\u00f3venes talentos del dise\u00f1o dominicano\u201d.<\/em><\/p>\n\n\n<div class=\"wp-block-image\">\n<figure class=\"aligncenter is-resized\"><img loading=\"lazy\" decoding=\"async\" src=\"https:\/\/i0.wp.com\/casadecampoliving.com\/wp-content\/uploads\/2022\/10\/School-of-Design2.jpg?resize=1000%2C600&amp;ssl=1\" alt=\"school-of-design2\" class=\"wp-image-123472\" height=\"600\" width=\"1000\"\/><\/figure>\n<\/div>\n\n\n<p><\/p>\n\n\n\n<p>Para permanecer en el programa Excelencia Popular es un requisito que los becados mantengan un alto rendimiento acad\u00e9mico y un intachable comportamiento \u00e9tico.&nbsp;Como empresa socialmente responsable, el Popular participa en la formaci\u00f3n integral de estos j\u00f3venes, agregando valor al curr\u00edculo educativo con programas de educaci\u00f3n financiera, cultura de valores y negocios, entre otras materias.<\/p>\n\n\n\n<p>*Fotos&nbsp;de&nbsp;<a href=\"https:\/\/www.facebook.com\/AltosdeChavon.LaEscuela\/?fref=ts\" target=\"_blank\" rel=\"noopener\">Altos de Chavon\/La Escuela de Dise\u00f1o<\/a><\/p>\n\n\n\n<blockquote class=\"wp-block-quote is-layout-flow wp-block-quote-is-layout-flow\"><p style=\"text-align: justify;\"><b>LA FUNDACIO\u0301N CENTRO CULTURAL ALTOS DE CHAVO\u0301N<\/b><\/p><p style=\"text-align: justify;\">La Fundacio\u0301n Centro Cultural Altos de Chavo\u0301n, ubicada en la Repu\u0301blica Dominicana, es una entidad cultural y educativa sin fines de lucro. Desde su formacio\u0301n en 1983, se ha dedicado a la creacio\u0301n de una comunidad arti\u0301stica multiface\u0301tica que incluye artes visuales, talleres artesanales, presentaciones arti\u0301sticas y programas de ensen\u0303anza.<\/p><p style=\"text-align: justify;\">Con sus dependencias interrelacionadas \u2013 Museo Arqueolo\u0301gico Regional, Programa de Artistas en Residencia, La Galeri\u0301a y La Escuela de Disen\u0303o \u2013 la Fundacio\u0301n ha contribuido, por ma\u0301s de tres de\u0301cadas, al enriquecimiento del panorama intelectual, arti\u0301stico y cultural de la Repu\u0301blica Dominicana.<\/p><p style=\"text-align: justify;\">Los egresados de La Escuela de Disen\u0303o han logrado ubicarse exitosamente en las diferentes a\u0301reas de la creciente comunidad del mundo del disen\u0303o a nivel nacional e internacional . El programa de Artistas en Residencia ha realizado una contribucio\u0301n encomiable al intercambio arti\u0301stico nacional con un alcance que ha llegado a nivel mundial.<\/p><p style=\"text-align: justify;\">La labor de la Fundacio\u0301n ha llegado a muchos, con impresionantes resultados. Esta diversa programacio\u0301n educativa, le confiere a Altos de Chavo\u0301n ese cara\u0301cter cultural dina\u0301mico que nutre y estimula la creatividad de los disen\u0303adores de hoy y de man\u0303ana. La Fundacio\u0301n Centro Cultural Altos de Chavo\u0301n celebra en el 2013, treinta an\u0303os de constantes e invaluables aportes al arte y la cultura en la Repu\u0301blica Dominicana, brindando a cada artista la oportunidad de encontrar su expresio\u0301n individual a trave\u0301s de exploracio\u0301n y bu\u0301squeda permanente.<\/p><\/blockquote>\n\n\n\n<blockquote><p><b>CHAVO\u0301N | LA ESCUELA DE DISEN\u0303O<\/b><\/p><figure><img decoding=\"async\" loading=\"lazy\" class=\"alignright wp-image-119135 size-thumbnail\" src=\"https:\/\/i0.wp.com\/casadecampoliving.com\/wp-content\/uploads\/2022\/10\/1069373_10153061816630164_1122926614_n-1.jpg?resize=150%2C150&amp;ssl=1\" alt=\"Chav\u00f3n Santo Domingo\" width=\"150\" height=\"150\"><\/figure><p style=\"text-align: justify;\">Desde su fundacio\u0301n en 1983, la Escuela de Disen\u0303o Altos de Chavo\u0301n ofrece carreras en artes aplicadas en las a\u0301reas de Bellas Artes, Comunicacio\u0301n Visual y Modas. Esta tipologi\u0301a de programa intensivo y de dos an\u0303os culmina con un grado asociado a nivel te\u0301cnico, el cual provee una so\u0301lida educacio\u0301n que capacita a sus participantes para competir como profesionales en el campo del disen\u0303o y las artes a nivel nacional e internacional.<\/p><p style=\"text-align: justify;\">Los graduados de La Escuela de Disen\u0303o son elegibles para transferirse directamente a Parsons School of Design en Nueva York. Ma\u0301s de 2,000 estudiantes dominicanos y de diferentes lugares del mundo han egresado de La Escuela de Disen\u0303o, demostrando que una preparacio\u0301n solida en disen\u0303o, paralelo a un e\u0301nfasis en el desarrollo de la industria es la mejor fo\u0301rmula para una exitosa carrera profesional.<\/p><p style=\"text-align: justify;\">El programa de estudios, altamente pra\u0301ctico y orientado al mercado, provee a los estudiantes un excepcional conjunto de habilidades que les permite insertarse fa\u0301cilmente en el ambiente laboral.<\/p><\/blockquote>\n\n\n\n<blockquote><p style=\"text-align: justify;\"><a href=\"https:\/\/casadecampoliving.com\/es\/catalogo-digital-de-art-chavon-2016-disponible\/\"><strong>\u00a1El cat\u00e1logo digital de Art Chav\u00f3n 2016 ya esta disponible!<\/strong><\/a><\/p><figure><img decoding=\"async\" loading=\"lazy\" data-amp-lightbox=\"true\" lightbox=\"true\" class=\"size-full wp-image-122278 aligncenter\" src=\"https:\/\/i0.wp.com\/casadecampoliving.com\/wp-content\/uploads\/2022\/10\/Art_Chavon_2016-e1471976329477-1.jpg?resize=1000%2C563&amp;ssl=1\" alt=\"Art Chav\u00f3n 2016\" width=\"1000\" height=\"563\"><\/figure><p style=\"text-align: justify;\"><br>\nLa Fundaci\u00f3n Centro Cultural Altos de Chav\u00f3n acaba de publicar&nbsp;el cat\u00e1logo digital de Art Chav\u00f3n 2016, con una serie de obras de arte de los estudiantes actuales, graduados, \u00a1y Artistas en Residencia Davidoff! El cat\u00e1logo es&nbsp;una excelente manera de <a href=\"https:\/\/casadecampoliving.com\/es\/art-chavon-2016-santo-domingo\/\">ver la colecci\u00f3n completa que estaba en exhibici\u00f3n el pasado mes de julio<\/a> en la nueva galer\u00eda del&nbsp;campus de la Escuela de Dise\u00f1o en Santo Domingo. Seguir leyendo <a href=\"https:\/\/casadecampoliving.com\/es\/catalogo-digital-de-art-chavon-2016-disponible\/\">aqu\u00ed.<\/a><\/p><\/blockquote>\n","protected":false},"excerpt":{"rendered":"<p>En honor a que esta es la segunda semana en el nuevo a\u00f1o escolar de la de Chav\u00f3n Escuela de Dise\u00f1o, \u00a1les traemos algunas noticias fant\u00e1sticas! El Banco Popular Dominicano y la Fundaci\u00f3n Centro Cultural Altos de Chav\u00f3n han otorgado becas a seis j\u00f3venes estudiantes meritorios para continuar sus estudios&nbsp;en las \u00e1reas de la comunicaci\u00f3n [&hellip;]<\/p>\n","protected":false},"author":36682,"featured_media":295127,"comment_status":"closed","ping_status":"closed","sticky":false,"template":"","format":"standard","meta":{"newspack_ads_suppress_ads":false,"newspack_popups_has_disabled_popups":false,"newspack_sponsor_sponsorship_scope":"","newspack_sponsor_native_byline_display":"inherit","newspack_sponsor_native_category_display":"inherit","newspack_sponsor_underwriter_style":"inherit","newspack_sponsor_underwriter_placement":"inherit","_newspack_byline_active":false,"_newspack_byline":"","newspack_content_restriction_is_exempt":false,"newspack_featured_image_position":"","newspack_post_subtitle":"","newspack_article_summary_title":"Overview:","newspack_article_summary":"","newspack_hide_updated_date":false,"newspack_show_updated_date":false,"_jetpack_memberships_contains_paid_content":false,"footnotes":"","jetpack_publicize_message":"","jetpack_publicize_feature_enabled":true,"jetpack_social_post_already_shared":false,"jetpack_social_options":{"image_generator_settings":{"template":"highway","default_image_id":0,"font":"","enabled":false},"version":2},"_wpas_customize_per_network":false},"categories":[26819,26823,2514,2506,2523,14625,2521,2498],"tags":[15387,267,8641,4743,2535,14736,4381],"newspack_spnsrs_tax":[],"class_list":["post-350501","post","type-post","status-publish","format-standard","has-post-thumbnail","hentry","category-altos-de-chavon-es","category-arte-y-cultura","category-fundaciones-es","category-mas-alla-de-casa-es","category-moda-es","category-noticias-locales","category-republica-dominicana-2","category-uncategorized-es","tag-altos-de-chavon-es","tag-banco-popular","tag-becas","tag-escuela-de-diseno","tag-estudiantes","tag-featured-topview-es","tag-fundacion-centro-cultural-altos-de-chavon","entry"],"yoast_head":"<!-- This site is optimized with the Yoast SEO plugin v27.3 - https:\/\/yoast.com\/product\/yoast-seo-wordpress\/ -->\n<title>Banco Popular y la Fundaci\u00f3n Centro Cultural Altos de Chav\u00f3n otorga becas a 6 estudiantes meritorios | Casa de Campo Living<\/title>\n<meta name=\"description\" content=\"En honor a que esta es la segunda semana en el nuevo a\u00f1o escolar de la de Chav\u00f3n Escuela de Dise\u00f1o, \u00a1les traemos algunas noticias fant\u00e1sticas! El Banco\" \/>\n<meta name=\"robots\" content=\"index, follow, max-snippet:-1, max-image-preview:large, max-video-preview:-1\" \/>\n<link rel=\"canonical\" href=\"https:\/\/casadecampoliving.com\/es\/otorgaron-seis-becas-a-estudiantes-de-altos-de-chavon-escuela-de-diseno\/\" \/>\n<meta property=\"og:locale\" content=\"es_ES\" \/>\n<meta property=\"og:type\" content=\"article\" \/>\n<meta property=\"og:title\" content=\"Banco Popular y la Fundaci\u00f3n Centro Cultural Altos de Chav\u00f3n otorga becas a 6 estudiantes meritorios | Casa de Campo Living\" \/>\n<meta property=\"og:description\" content=\"En honor a que esta es la segunda semana en el nuevo a\u00f1o escolar de la de Chav\u00f3n Escuela de Dise\u00f1o, \u00a1les traemos algunas noticias fant\u00e1sticas! El Banco\" \/>\n<meta property=\"og:url\" content=\"https:\/\/casadecampoliving.com\/es\/otorgaron-seis-becas-a-estudiantes-de-altos-de-chavon-escuela-de-diseno\/\" \/>\n<meta property=\"og:site_name\" content=\"Casa de Campo Living\" \/>\n<meta property=\"article:publisher\" content=\"https:\/\/www.facebook.com\/casadecampoliving\" \/>\n<meta property=\"article:published_time\" content=\"2016-09-16T04:00:00+00:00\" \/>\n<meta property=\"article:modified_time\" content=\"2022-10-21T23:04:19+00:00\" \/>\n<meta property=\"og:image\" content=\"https:\/\/i0.wp.com\/casadecampoliving.com\/wp-content\/uploads\/2022\/10\/Scholarship-School-of-Design.jpg?fit=1000%2C600&ssl=1\" \/>\n\t<meta property=\"og:image:width\" content=\"1000\" \/>\n\t<meta property=\"og:image:height\" content=\"600\" \/>\n\t<meta property=\"og:image:type\" content=\"image\/jpeg\" \/>\n<meta name=\"author\" content=\"Marlenys Guzm\u00e1n Casta\u00f1os\" \/>\n<meta name=\"twitter:card\" content=\"summary_large_image\" \/>\n<meta name=\"twitter:creator\" content=\"@cdcliving\" \/>\n<meta name=\"twitter:site\" content=\"@cdcliving\" \/>\n<meta name=\"twitter:label1\" content=\"Escrito por\" \/>\n\t<meta name=\"twitter:data1\" content=\"Marlenys Guzm\u00e1n Casta\u00f1os\" \/>\n\t<meta name=\"twitter:label2\" content=\"Tiempo de lectura\" \/>\n\t<meta name=\"twitter:data2\" content=\"6 minutos\" \/>\n<script type=\"application\/ld+json\" class=\"yoast-schema-graph\">{\"@context\":\"https:\\\/\\\/schema.org\",\"@graph\":[{\"@type\":\"Article\",\"@id\":\"https:\\\/\\\/casadecampoliving.com\\\/es\\\/otorgaron-seis-becas-a-estudiantes-de-altos-de-chavon-escuela-de-diseno\\\/#article\",\"isPartOf\":{\"@id\":\"https:\\\/\\\/casadecampoliving.com\\\/es\\\/otorgaron-seis-becas-a-estudiantes-de-altos-de-chavon-escuela-de-diseno\\\/\"},\"author\":{\"name\":\"Marlenys Guzm\u00e1n Casta\u00f1os\",\"@id\":\"https:\\\/\\\/casadecampoliving.com\\\/es\\\/#\\\/schema\\\/person\\\/b6606bd87f9cec8f5903e2141cafda24\"},\"headline\":\"Banco Popular y la Fundaci\u00f3n Centro Cultural Altos de Chav\u00f3n otorga becas a 6 estudiantes meritorios\",\"datePublished\":\"2016-09-16T04:00:00+00:00\",\"dateModified\":\"2022-10-21T23:04:19+00:00\",\"mainEntityOfPage\":{\"@id\":\"https:\\\/\\\/casadecampoliving.com\\\/es\\\/otorgaron-seis-becas-a-estudiantes-de-altos-de-chavon-escuela-de-diseno\\\/\"},\"wordCount\":1220,\"publisher\":{\"@id\":\"https:\\\/\\\/casadecampoliving.com\\\/es\\\/#organization\"},\"image\":{\"@id\":\"https:\\\/\\\/casadecampoliving.com\\\/es\\\/otorgaron-seis-becas-a-estudiantes-de-altos-de-chavon-escuela-de-diseno\\\/#primaryimage\"},\"thumbnailUrl\":\"https:\\\/\\\/i0.wp.com\\\/casadecampoliving.com\\\/wp-content\\\/uploads\\\/2022\\\/10\\\/Scholarship-School-of-Design.jpg?fit=1000%2C600&ssl=1\",\"keywords\":[\"Altos de Chavon\",\"Banco Popular\",\"becas\",\"escuela de dise\u00f1o\",\"estudiantes\",\"Featured-TopView @es\",\"fundacion centro cultural altos de chavon\"],\"articleSection\":[\"Altos de Chavon @es\",\"Arte y cultura\",\"Fundaciones\",\"M\u00e1s all\u00e1 de Casa\",\"Moda\",\"Noticias Locales\",\"Rep\u00fablica Dominicana @es\",\"Uncategorized @es\"],\"inLanguage\":\"es\"},{\"@type\":\"WebPage\",\"@id\":\"https:\\\/\\\/casadecampoliving.com\\\/es\\\/otorgaron-seis-becas-a-estudiantes-de-altos-de-chavon-escuela-de-diseno\\\/\",\"url\":\"https:\\\/\\\/casadecampoliving.com\\\/es\\\/otorgaron-seis-becas-a-estudiantes-de-altos-de-chavon-escuela-de-diseno\\\/\",\"name\":\"Banco Popular y la Fundaci\u00f3n Centro Cultural Altos de Chav\u00f3n otorga becas a 6 estudiantes meritorios | Casa de Campo Living\",\"isPartOf\":{\"@id\":\"https:\\\/\\\/casadecampoliving.com\\\/es\\\/#website\"},\"primaryImageOfPage\":{\"@id\":\"https:\\\/\\\/casadecampoliving.com\\\/es\\\/otorgaron-seis-becas-a-estudiantes-de-altos-de-chavon-escuela-de-diseno\\\/#primaryimage\"},\"image\":{\"@id\":\"https:\\\/\\\/casadecampoliving.com\\\/es\\\/otorgaron-seis-becas-a-estudiantes-de-altos-de-chavon-escuela-de-diseno\\\/#primaryimage\"},\"thumbnailUrl\":\"https:\\\/\\\/i0.wp.com\\\/casadecampoliving.com\\\/wp-content\\\/uploads\\\/2022\\\/10\\\/Scholarship-School-of-Design.jpg?fit=1000%2C600&ssl=1\",\"datePublished\":\"2016-09-16T04:00:00+00:00\",\"dateModified\":\"2022-10-21T23:04:19+00:00\",\"description\":\"En honor a que esta es la segunda semana en el nuevo a\u00f1o escolar de la de Chav\u00f3n Escuela de Dise\u00f1o, \u00a1les traemos algunas noticias fant\u00e1sticas! El Banco\",\"breadcrumb\":{\"@id\":\"https:\\\/\\\/casadecampoliving.com\\\/es\\\/otorgaron-seis-becas-a-estudiantes-de-altos-de-chavon-escuela-de-diseno\\\/#breadcrumb\"},\"inLanguage\":\"es\",\"potentialAction\":[{\"@type\":\"ReadAction\",\"target\":[\"https:\\\/\\\/casadecampoliving.com\\\/es\\\/otorgaron-seis-becas-a-estudiantes-de-altos-de-chavon-escuela-de-diseno\\\/\"]}]},{\"@type\":\"ImageObject\",\"inLanguage\":\"es\",\"@id\":\"https:\\\/\\\/casadecampoliving.com\\\/es\\\/otorgaron-seis-becas-a-estudiantes-de-altos-de-chavon-escuela-de-diseno\\\/#primaryimage\",\"url\":\"https:\\\/\\\/i0.wp.com\\\/casadecampoliving.com\\\/wp-content\\\/uploads\\\/2022\\\/10\\\/Scholarship-School-of-Design.jpg?fit=1000%2C600&ssl=1\",\"contentUrl\":\"https:\\\/\\\/i0.wp.com\\\/casadecampoliving.com\\\/wp-content\\\/uploads\\\/2022\\\/10\\\/Scholarship-School-of-Design.jpg?fit=1000%2C600&ssl=1\",\"width\":1000,\"height\":600},{\"@type\":\"BreadcrumbList\",\"@id\":\"https:\\\/\\\/casadecampoliving.com\\\/es\\\/otorgaron-seis-becas-a-estudiantes-de-altos-de-chavon-escuela-de-diseno\\\/#breadcrumb\",\"itemListElement\":[{\"@type\":\"ListItem\",\"position\":1,\"name\":\"Home\",\"item\":\"https:\\\/\\\/casadecampoliving.com\\\/es\\\/\"},{\"@type\":\"ListItem\",\"position\":2,\"name\":\"Banco Popular y la Fundaci\u00f3n Centro Cultural Altos de Chav\u00f3n otorga becas a 6 estudiantes meritorios\"}]},{\"@type\":\"WebSite\",\"@id\":\"https:\\\/\\\/casadecampoliving.com\\\/es\\\/#website\",\"url\":\"https:\\\/\\\/casadecampoliving.com\\\/es\\\/\",\"name\":\"Casa de Campo Living\",\"description\":\"Resort community news and resources.\",\"publisher\":{\"@id\":\"https:\\\/\\\/casadecampoliving.com\\\/es\\\/#organization\"},\"potentialAction\":[{\"@type\":\"SearchAction\",\"target\":{\"@type\":\"EntryPoint\",\"urlTemplate\":\"https:\\\/\\\/casadecampoliving.com\\\/es\\\/?s={search_term_string}\"},\"query-input\":{\"@type\":\"PropertyValueSpecification\",\"valueRequired\":true,\"valueName\":\"search_term_string\"}}],\"inLanguage\":\"es\"},{\"@type\":\"Organization\",\"@id\":\"https:\\\/\\\/casadecampoliving.com\\\/es\\\/#organization\",\"name\":\"Casa de Campo Living\",\"url\":\"https:\\\/\\\/casadecampoliving.com\\\/es\\\/\",\"logo\":{\"@type\":\"ImageObject\",\"inLanguage\":\"es\",\"@id\":\"https:\\\/\\\/casadecampoliving.com\\\/es\\\/#\\\/schema\\\/logo\\\/image\\\/\",\"url\":\"https:\\\/\\\/i0.wp.com\\\/casadecampoliving.com\\\/wp-content\\\/uploads\\\/2022\\\/07\\\/CDCLivingLogo_V1-white-sized.png?fit=800%2C214&ssl=1\",\"contentUrl\":\"https:\\\/\\\/i0.wp.com\\\/casadecampoliving.com\\\/wp-content\\\/uploads\\\/2022\\\/07\\\/CDCLivingLogo_V1-white-sized.png?fit=800%2C214&ssl=1\",\"width\":800,\"height\":214,\"caption\":\"Casa de Campo Living\"},\"image\":{\"@id\":\"https:\\\/\\\/casadecampoliving.com\\\/es\\\/#\\\/schema\\\/logo\\\/image\\\/\"},\"sameAs\":[\"https:\\\/\\\/www.facebook.com\\\/casadecampoliving\",\"https:\\\/\\\/x.com\\\/cdcliving\"]},{\"@type\":\"Person\",\"@id\":\"https:\\\/\\\/casadecampoliving.com\\\/es\\\/#\\\/schema\\\/person\\\/b6606bd87f9cec8f5903e2141cafda24\",\"name\":\"Marlenys Guzm\u00e1n Casta\u00f1os\",\"image\":{\"@type\":\"ImageObject\",\"inLanguage\":\"es\",\"@id\":\"https:\\\/\\\/secure.gravatar.com\\\/avatar\\\/72f3f86b8e6b3ec744201aeadf11d4a6055e8af194aecd9ad30ffff4437878ee?s=96&d=mm&r=g\",\"url\":\"https:\\\/\\\/secure.gravatar.com\\\/avatar\\\/72f3f86b8e6b3ec744201aeadf11d4a6055e8af194aecd9ad30ffff4437878ee?s=96&d=mm&r=g\",\"contentUrl\":\"https:\\\/\\\/secure.gravatar.com\\\/avatar\\\/72f3f86b8e6b3ec744201aeadf11d4a6055e8af194aecd9ad30ffff4437878ee?s=96&d=mm&r=g\",\"caption\":\"Marlenys Guzm\u00e1n Casta\u00f1os\"},\"url\":\"https:\\\/\\\/casadecampoliving.com\\\/es\\\/author\\\/mguzman\\\/\"}]}<\/script>\n<!-- \/ Yoast SEO plugin. -->","yoast_head_json":{"title":"Banco Popular y la Fundaci\u00f3n Centro Cultural Altos de Chav\u00f3n otorga becas a 6 estudiantes meritorios | Casa de Campo Living","description":"En honor a que esta es la segunda semana en el nuevo a\u00f1o escolar de la de Chav\u00f3n Escuela de Dise\u00f1o, \u00a1les traemos algunas noticias fant\u00e1sticas! El Banco","robots":{"index":"index","follow":"follow","max-snippet":"max-snippet:-1","max-image-preview":"max-image-preview:large","max-video-preview":"max-video-preview:-1"},"canonical":"https:\/\/casadecampoliving.com\/es\/otorgaron-seis-becas-a-estudiantes-de-altos-de-chavon-escuela-de-diseno\/","og_locale":"es_ES","og_type":"article","og_title":"Banco Popular y la Fundaci\u00f3n Centro Cultural Altos de Chav\u00f3n otorga becas a 6 estudiantes meritorios | Casa de Campo Living","og_description":"En honor a que esta es la segunda semana en el nuevo a\u00f1o escolar de la de Chav\u00f3n Escuela de Dise\u00f1o, \u00a1les traemos algunas noticias fant\u00e1sticas! El Banco","og_url":"https:\/\/casadecampoliving.com\/es\/otorgaron-seis-becas-a-estudiantes-de-altos-de-chavon-escuela-de-diseno\/","og_site_name":"Casa de Campo Living","article_publisher":"https:\/\/www.facebook.com\/casadecampoliving","article_published_time":"2016-09-16T04:00:00+00:00","article_modified_time":"2022-10-21T23:04:19+00:00","og_image":[{"width":1000,"height":600,"url":"https:\/\/i0.wp.com\/casadecampoliving.com\/wp-content\/uploads\/2022\/10\/Scholarship-School-of-Design.jpg?fit=1000%2C600&ssl=1","type":"image\/jpeg"}],"author":"Marlenys Guzm\u00e1n Casta\u00f1os","twitter_card":"summary_large_image","twitter_creator":"@cdcliving","twitter_site":"@cdcliving","twitter_misc":{"Escrito por":"Marlenys Guzm\u00e1n Casta\u00f1os","Tiempo de lectura":"6 minutos"},"schema":{"@context":"https:\/\/schema.org","@graph":[{"@type":"Article","@id":"https:\/\/casadecampoliving.com\/es\/otorgaron-seis-becas-a-estudiantes-de-altos-de-chavon-escuela-de-diseno\/#article","isPartOf":{"@id":"https:\/\/casadecampoliving.com\/es\/otorgaron-seis-becas-a-estudiantes-de-altos-de-chavon-escuela-de-diseno\/"},"author":{"name":"Marlenys Guzm\u00e1n Casta\u00f1os","@id":"https:\/\/casadecampoliving.com\/es\/#\/schema\/person\/b6606bd87f9cec8f5903e2141cafda24"},"headline":"Banco Popular y la Fundaci\u00f3n Centro Cultural Altos de Chav\u00f3n otorga becas a 6 estudiantes meritorios","datePublished":"2016-09-16T04:00:00+00:00","dateModified":"2022-10-21T23:04:19+00:00","mainEntityOfPage":{"@id":"https:\/\/casadecampoliving.com\/es\/otorgaron-seis-becas-a-estudiantes-de-altos-de-chavon-escuela-de-diseno\/"},"wordCount":1220,"publisher":{"@id":"https:\/\/casadecampoliving.com\/es\/#organization"},"image":{"@id":"https:\/\/casadecampoliving.com\/es\/otorgaron-seis-becas-a-estudiantes-de-altos-de-chavon-escuela-de-diseno\/#primaryimage"},"thumbnailUrl":"https:\/\/i0.wp.com\/casadecampoliving.com\/wp-content\/uploads\/2022\/10\/Scholarship-School-of-Design.jpg?fit=1000%2C600&ssl=1","keywords":["Altos de Chavon","Banco Popular","becas","escuela de dise\u00f1o","estudiantes","Featured-TopView @es","fundacion centro cultural altos de chavon"],"articleSection":["Altos de Chavon @es","Arte y cultura","Fundaciones","M\u00e1s all\u00e1 de Casa","Moda","Noticias Locales","Rep\u00fablica Dominicana @es","Uncategorized @es"],"inLanguage":"es"},{"@type":"WebPage","@id":"https:\/\/casadecampoliving.com\/es\/otorgaron-seis-becas-a-estudiantes-de-altos-de-chavon-escuela-de-diseno\/","url":"https:\/\/casadecampoliving.com\/es\/otorgaron-seis-becas-a-estudiantes-de-altos-de-chavon-escuela-de-diseno\/","name":"Banco Popular y la Fundaci\u00f3n Centro Cultural Altos de Chav\u00f3n otorga becas a 6 estudiantes meritorios | Casa de Campo Living","isPartOf":{"@id":"https:\/\/casadecampoliving.com\/es\/#website"},"primaryImageOfPage":{"@id":"https:\/\/casadecampoliving.com\/es\/otorgaron-seis-becas-a-estudiantes-de-altos-de-chavon-escuela-de-diseno\/#primaryimage"},"image":{"@id":"https:\/\/casadecampoliving.com\/es\/otorgaron-seis-becas-a-estudiantes-de-altos-de-chavon-escuela-de-diseno\/#primaryimage"},"thumbnailUrl":"https:\/\/i0.wp.com\/casadecampoliving.com\/wp-content\/uploads\/2022\/10\/Scholarship-School-of-Design.jpg?fit=1000%2C600&ssl=1","datePublished":"2016-09-16T04:00:00+00:00","dateModified":"2022-10-21T23:04:19+00:00","description":"En honor a que esta es la segunda semana en el nuevo a\u00f1o escolar de la de Chav\u00f3n Escuela de Dise\u00f1o, \u00a1les traemos algunas noticias fant\u00e1sticas! El Banco","breadcrumb":{"@id":"https:\/\/casadecampoliving.com\/es\/otorgaron-seis-becas-a-estudiantes-de-altos-de-chavon-escuela-de-diseno\/#breadcrumb"},"inLanguage":"es","potentialAction":[{"@type":"ReadAction","target":["https:\/\/casadecampoliving.com\/es\/otorgaron-seis-becas-a-estudiantes-de-altos-de-chavon-escuela-de-diseno\/"]}]},{"@type":"ImageObject","inLanguage":"es","@id":"https:\/\/casadecampoliving.com\/es\/otorgaron-seis-becas-a-estudiantes-de-altos-de-chavon-escuela-de-diseno\/#primaryimage","url":"https:\/\/i0.wp.com\/casadecampoliving.com\/wp-content\/uploads\/2022\/10\/Scholarship-School-of-Design.jpg?fit=1000%2C600&ssl=1","contentUrl":"https:\/\/i0.wp.com\/casadecampoliving.com\/wp-content\/uploads\/2022\/10\/Scholarship-School-of-Design.jpg?fit=1000%2C600&ssl=1","width":1000,"height":600},{"@type":"BreadcrumbList","@id":"https:\/\/casadecampoliving.com\/es\/otorgaron-seis-becas-a-estudiantes-de-altos-de-chavon-escuela-de-diseno\/#breadcrumb","itemListElement":[{"@type":"ListItem","position":1,"name":"Home","item":"https:\/\/casadecampoliving.com\/es\/"},{"@type":"ListItem","position":2,"name":"Banco Popular y la Fundaci\u00f3n Centro Cultural Altos de Chav\u00f3n otorga becas a 6 estudiantes meritorios"}]},{"@type":"WebSite","@id":"https:\/\/casadecampoliving.com\/es\/#website","url":"https:\/\/casadecampoliving.com\/es\/","name":"Casa de Campo Living","description":"Resort community news and resources.","publisher":{"@id":"https:\/\/casadecampoliving.com\/es\/#organization"},"potentialAction":[{"@type":"SearchAction","target":{"@type":"EntryPoint","urlTemplate":"https:\/\/casadecampoliving.com\/es\/?s={search_term_string}"},"query-input":{"@type":"PropertyValueSpecification","valueRequired":true,"valueName":"search_term_string"}}],"inLanguage":"es"},{"@type":"Organization","@id":"https:\/\/casadecampoliving.com\/es\/#organization","name":"Casa de Campo Living","url":"https:\/\/casadecampoliving.com\/es\/","logo":{"@type":"ImageObject","inLanguage":"es","@id":"https:\/\/casadecampoliving.com\/es\/#\/schema\/logo\/image\/","url":"https:\/\/i0.wp.com\/casadecampoliving.com\/wp-content\/uploads\/2022\/07\/CDCLivingLogo_V1-white-sized.png?fit=800%2C214&ssl=1","contentUrl":"https:\/\/i0.wp.com\/casadecampoliving.com\/wp-content\/uploads\/2022\/07\/CDCLivingLogo_V1-white-sized.png?fit=800%2C214&ssl=1","width":800,"height":214,"caption":"Casa de Campo Living"},"image":{"@id":"https:\/\/casadecampoliving.com\/es\/#\/schema\/logo\/image\/"},"sameAs":["https:\/\/www.facebook.com\/casadecampoliving","https:\/\/x.com\/cdcliving"]},{"@type":"Person","@id":"https:\/\/casadecampoliving.com\/es\/#\/schema\/person\/b6606bd87f9cec8f5903e2141cafda24","name":"Marlenys Guzm\u00e1n Casta\u00f1os","image":{"@type":"ImageObject","inLanguage":"es","@id":"https:\/\/secure.gravatar.com\/avatar\/72f3f86b8e6b3ec744201aeadf11d4a6055e8af194aecd9ad30ffff4437878ee?s=96&d=mm&r=g","url":"https:\/\/secure.gravatar.com\/avatar\/72f3f86b8e6b3ec744201aeadf11d4a6055e8af194aecd9ad30ffff4437878ee?s=96&d=mm&r=g","contentUrl":"https:\/\/secure.gravatar.com\/avatar\/72f3f86b8e6b3ec744201aeadf11d4a6055e8af194aecd9ad30ffff4437878ee?s=96&d=mm&r=g","caption":"Marlenys Guzm\u00e1n Casta\u00f1os"},"url":"https:\/\/casadecampoliving.com\/es\/author\/mguzman\/"}]}},"parsely":{"version":"1.1.0","canonical_url":"https:\/\/casadecampoliving.com\/es\/otorgaron-seis-becas-a-estudiantes-de-altos-de-chavon-escuela-de-diseno\/","smart_links":{"inbound":0,"outbound":0},"traffic_boost_suggestions_count":0,"meta":{"@context":"https:\/\/schema.org","@type":"NewsArticle","headline":"Banco Popular y la Fundaci\u00f3n Centro Cultural Altos de Chav\u00f3n otorga becas a 6 estudiantes meritorios","url":"http:\/\/casadecampoliving.com\/es\/otorgaron-seis-becas-a-estudiantes-de-altos-de-chavon-escuela-de-diseno\/","mainEntityOfPage":{"@type":"WebPage","@id":"http:\/\/casadecampoliving.com\/es\/otorgaron-seis-becas-a-estudiantes-de-altos-de-chavon-escuela-de-diseno\/"},"thumbnailUrl":"https:\/\/i0.wp.com\/casadecampoliving.com\/wp-content\/uploads\/2022\/10\/Scholarship-School-of-Design.jpg?resize=150%2C150&ssl=1","image":{"@type":"ImageObject","url":"https:\/\/i0.wp.com\/casadecampoliving.com\/wp-content\/uploads\/2022\/10\/Scholarship-School-of-Design.jpg?fit=1000%2C600&ssl=1"},"articleSection":"Altos de Chavon @es","author":[{"@type":"Person","name":"Marlenys Guzm\u00e1n Casta\u00f1os"}],"creator":["Marlenys Guzm\u00e1n Casta\u00f1os"],"publisher":{"@type":"Organization","name":"Casa de Campo Living","logo":"https:\/\/casadecampoliving.com\/wp-content\/uploads\/2022\/07\/CDCLivingLogo_V1-white-sized.png"},"keywords":["altos de chavon","banco popular","becas","escuela de dise\u00f1o","estudiantes","featured-topview @es","fundacion centro cultural altos de chavon"],"dateCreated":"2016-09-16T04:00:00Z","datePublished":"2016-09-16T04:00:00Z","dateModified":"2022-10-21T23:04:19Z"},"rendered":"<script type=\"application\/ld+json\" class=\"wp-parsely-metadata\">{\"@context\":\"https:\\\/\\\/schema.org\",\"@type\":\"NewsArticle\",\"headline\":\"Banco Popular y la Fundaci\\u00f3n Centro Cultural Altos de Chav\\u00f3n otorga becas a 6 estudiantes meritorios\",\"url\":\"http:\\\/\\\/casadecampoliving.com\\\/es\\\/otorgaron-seis-becas-a-estudiantes-de-altos-de-chavon-escuela-de-diseno\\\/\",\"mainEntityOfPage\":{\"@type\":\"WebPage\",\"@id\":\"http:\\\/\\\/casadecampoliving.com\\\/es\\\/otorgaron-seis-becas-a-estudiantes-de-altos-de-chavon-escuela-de-diseno\\\/\"},\"thumbnailUrl\":\"https:\\\/\\\/i0.wp.com\\\/casadecampoliving.com\\\/wp-content\\\/uploads\\\/2022\\\/10\\\/Scholarship-School-of-Design.jpg?resize=150%2C150&ssl=1\",\"image\":{\"@type\":\"ImageObject\",\"url\":\"https:\\\/\\\/i0.wp.com\\\/casadecampoliving.com\\\/wp-content\\\/uploads\\\/2022\\\/10\\\/Scholarship-School-of-Design.jpg?fit=1000%2C600&ssl=1\"},\"articleSection\":\"Altos de Chavon @es\",\"author\":[{\"@type\":\"Person\",\"name\":\"Marlenys Guzm\\u00e1n Casta\\u00f1os\"}],\"creator\":[\"Marlenys Guzm\\u00e1n Casta\\u00f1os\"],\"publisher\":{\"@type\":\"Organization\",\"name\":\"Casa de Campo Living\",\"logo\":\"https:\\\/\\\/casadecampoliving.com\\\/wp-content\\\/uploads\\\/2022\\\/07\\\/CDCLivingLogo_V1-white-sized.png\"},\"keywords\":[\"altos de chavon\",\"banco popular\",\"becas\",\"escuela de dise\\u00f1o\",\"estudiantes\",\"featured-topview @es\",\"fundacion centro cultural altos de chavon\"],\"dateCreated\":\"2016-09-16T04:00:00Z\",\"datePublished\":\"2016-09-16T04:00:00Z\",\"dateModified\":\"2022-10-21T23:04:19Z\"}<\/script>","tracker_url":"https:\/\/cdn.parsely.com\/keys\/casadecampoliving.com\/p.js"},"jetpack_publicize_connections":[],"jetpack_featured_media_url":"https:\/\/i0.wp.com\/casadecampoliving.com\/wp-content\/uploads\/2022\/10\/Scholarship-School-of-Design.jpg?fit=1000%2C600&ssl=1","jetpack-related-posts":[{"id":433460,"url":"https:\/\/casadecampoliving.com\/es\/no-se-pierdan-el-increible-tributo-a-frank-sinatra-para-celebrar-el-40-aniversario-del-anfiteatro-altos-de-chavon\/","url_meta":{"origin":350501,"position":0},"title":"No se pierdan el incre\u00edble tributo a Frank Sinatra para celebrar el 40 aniversario del\u00a0Anfiteatro Altos de Chav\u00f3n","author":"Casa de Campo Living","date":"20 Oct, 2022","format":false,"excerpt":"Siendo uno de los escenarios m\u00e1s emblem\u00e1ticos del pa\u00eds, Casa de Campo Resort\u00ae & Villas celebra las cuatro d\u00e9cadas de aniversario de Altos de Chav\u00f3n con un tributo al gran Frank Sinatra, protagonizado por artistas invitados y una big band tal cual la que acompa\u00f1\u00f3 al artista hace 40 a\u00f1os\u2026","rel":"","context":"En \u00abUncategorized @es\u00bb","block_context":{"text":"Uncategorized @es","link":"https:\/\/casadecampoliving.com\/es\/category\/uncategorized-es\/"},"img":{"alt_text":"","src":"https:\/\/i0.wp.com\/casadecampoliving.com\/wp-content\/uploads\/2022\/10\/Tributo-Frank-Sinatra-Foto-Principal-Amaury-Sanchez-Danilo-Ginebra-Andres-Pichardo-y-Jose-Gabriel-Perez-.jpg?fit=1200%2C873&ssl=1&resize=350%2C200","width":350,"height":200,"srcset":"https:\/\/i0.wp.com\/casadecampoliving.com\/wp-content\/uploads\/2022\/10\/Tributo-Frank-Sinatra-Foto-Principal-Amaury-Sanchez-Danilo-Ginebra-Andres-Pichardo-y-Jose-Gabriel-Perez-.jpg?fit=1200%2C873&ssl=1&resize=350%2C200 1x, https:\/\/i0.wp.com\/casadecampoliving.com\/wp-content\/uploads\/2022\/10\/Tributo-Frank-Sinatra-Foto-Principal-Amaury-Sanchez-Danilo-Ginebra-Andres-Pichardo-y-Jose-Gabriel-Perez-.jpg?fit=1200%2C873&ssl=1&resize=525%2C300 1.5x, https:\/\/i0.wp.com\/casadecampoliving.com\/wp-content\/uploads\/2022\/10\/Tributo-Frank-Sinatra-Foto-Principal-Amaury-Sanchez-Danilo-Ginebra-Andres-Pichardo-y-Jose-Gabriel-Perez-.jpg?fit=1200%2C873&ssl=1&resize=700%2C400 2x, https:\/\/i0.wp.com\/casadecampoliving.com\/wp-content\/uploads\/2022\/10\/Tributo-Frank-Sinatra-Foto-Principal-Amaury-Sanchez-Danilo-Ginebra-Andres-Pichardo-y-Jose-Gabriel-Perez-.jpg?fit=1200%2C873&ssl=1&resize=1050%2C600 3x"},"classes":[]},{"id":349797,"url":"https:\/\/casadecampoliving.com\/es\/escuela-de-diseno-chavon-inaugura-nuevo-campus-en-santo-domingo\/","url_meta":{"origin":350501,"position":1},"title":"Nuevo Campus Urbano de La Escuela de Dise\u00f1o Chav\u00f3n en SDQ","author":"Heather Lincoln","date":"12 May, 2016","format":false,"excerpt":"En una instalaci\u00f3n moderna y super amplia, la Escuela de Dise\u00f1o de Altos de Chav\u00f3n inaugur\u00f3 su nuevo campus en Santo Domingo el jueves 21 de abril. Despu\u00e9s de tres d\u00e9cadas en con su campus \u00fanico en Casa de Campo, \u00a0varios programas ser\u00e1n trasladados a la capital este oto\u00f1o para\u2026","rel":"","context":"En \u00abAltos de Chavon @es\u00bb","block_context":{"text":"Altos de Chavon @es","link":"https:\/\/casadecampoliving.com\/category\/altos-de-chavon-es\/"},"img":{"alt_text":"Chav\u00f3n Santo Domingo","src":"https:\/\/i0.wp.com\/casadecampoliving.com\/wp-content\/uploads\/2022\/10\/ChavonSantoDomingo4-1.jpg?fit=1000%2C667&ssl=1&resize=350%2C200","width":350,"height":200,"srcset":"https:\/\/i0.wp.com\/casadecampoliving.com\/wp-content\/uploads\/2022\/10\/ChavonSantoDomingo4-1.jpg?fit=1000%2C667&ssl=1&resize=350%2C200 1x, https:\/\/i0.wp.com\/casadecampoliving.com\/wp-content\/uploads\/2022\/10\/ChavonSantoDomingo4-1.jpg?fit=1000%2C667&ssl=1&resize=525%2C300 1.5x, https:\/\/i0.wp.com\/casadecampoliving.com\/wp-content\/uploads\/2022\/10\/ChavonSantoDomingo4-1.jpg?fit=1000%2C667&ssl=1&resize=700%2C400 2x"},"classes":[]},{"id":350413,"url":"https:\/\/casadecampoliving.com\/es\/catalogo-digital-de-art-chavon-2016-disponible\/","url_meta":{"origin":350501,"position":2},"title":"\u00a1El cat\u00e1logo digital de Art Chav\u00f3n 2016 ya esta disponible!","author":"Heather Lincoln","date":"23 Ago, 2016","format":false,"excerpt":"La Fundaci\u00f3n Centro Cultural Altos de Chav\u00f3n acaba de publicar\u00a0el cat\u00e1logo digital de Art Chav\u00f3n 2016, con una serie de obras de arte de los estudiantes actuales, graduados, \u00a1y Artistas en Residencia Davidoff! El cat\u00e1logo es\u00a0una excelente manera de ver la colecci\u00f3n completa que estaba en exhibici\u00f3n el pasado mes\u2026","rel":"","context":"En \u00abAltos de Chavon @es\u00bb","block_context":{"text":"Altos de Chavon @es","link":"https:\/\/casadecampoliving.com\/category\/altos-de-chavon-es\/"},"img":{"alt_text":"Art Chav\u00f3n 2016","src":"https:\/\/i0.wp.com\/casadecampoliving.com\/wp-content\/uploads\/2022\/10\/Art_Chavon_2016-e1471976329477.jpg?fit=1000%2C563&ssl=1&resize=350%2C200","width":350,"height":200,"srcset":"https:\/\/i0.wp.com\/casadecampoliving.com\/wp-content\/uploads\/2022\/10\/Art_Chavon_2016-e1471976329477.jpg?fit=1000%2C563&ssl=1&resize=350%2C200 1x, https:\/\/i0.wp.com\/casadecampoliving.com\/wp-content\/uploads\/2022\/10\/Art_Chavon_2016-e1471976329477.jpg?fit=1000%2C563&ssl=1&resize=525%2C300 1.5x, https:\/\/i0.wp.com\/casadecampoliving.com\/wp-content\/uploads\/2022\/10\/Art_Chavon_2016-e1471976329477.jpg?fit=1000%2C563&ssl=1&resize=700%2C400 2x"},"classes":[]},{"id":338993,"url":"https:\/\/casadecampoliving.com\/es\/la-exposicion-fin-de-ano-de-la-escuela-de-arte-y-diseno-de-altos-de-chavon-sera-inaugurada-el-sab-12-de-mayo\/","url_meta":{"origin":350501,"position":3},"title":"La exposici\u00f3n \u00abFin de A\u00f1o\u00bb de la Escuela de Arte y Dise\u00f1o de Altos de Chav\u00f3n ser\u00e1 inaugurada el s\u00e1b 12 de mayo!","author":"","date":"11 May, 2012","format":false,"excerpt":"Este s\u00e1bado 12 de mayo, la clase graduanda de la Escuela de Arte y Dise\u00f1o de Altos de Chav\u00f3n estar\u00e1n celebrando su graduaci\u00f3n con el c\u00f3ctel de inauguraci\u00f3n de su exhibici\u00f3n de arte \u201cFin de A\u00f1o\u201d \u2013 la cual ya se encuentra en la galer\u00eda de arte de Altos de\u2026","rel":"","context":"En \u00abAltos de Chavon @es\u00bb","block_context":{"text":"Altos de Chavon @es","link":"https:\/\/casadecampoliving.com\/category\/altos-de-chavon-es\/"},"img":{"alt_text":"","src":"https:\/\/i0.wp.com\/casadecampoliving.com\/wp-content\/uploads\/2022\/10\/altos_de_chavon_students_casadecampo-1.jpg?fit=565%2C366&ssl=1&resize=350%2C200","width":350,"height":200,"srcset":"https:\/\/i0.wp.com\/casadecampoliving.com\/wp-content\/uploads\/2022\/10\/altos_de_chavon_students_casadecampo-1.jpg?fit=565%2C366&ssl=1&resize=350%2C200 1x, https:\/\/i0.wp.com\/casadecampoliving.com\/wp-content\/uploads\/2022\/10\/altos_de_chavon_students_casadecampo-1.jpg?fit=565%2C366&ssl=1&resize=525%2C300 1.5x"},"classes":[]},{"id":350200,"url":"https:\/\/casadecampoliving.com\/es\/la-fundacion-centro-cultural-altos-de-chavon-presenta-art-chavon-2016\/","url_meta":{"origin":350501,"position":4},"title":"La Fundaci\u00f3n Centro Cultural Altos de Chav\u00f3n presenta: Art Chav\u00f3n 2016","author":"Heather Lincoln","date":"18 Jul, 2016","format":false,"excerpt":"Por sexto a\u00f1o consecutivo, La Fundaci\u00f3n Centro Cultural Altos de Chav\u00f3n celebra, \u2018\u2019Art Chav\u00f3n 2016\u2019\u2019: un evento de car\u00e1cter ben\u00e9fico, cuyo objetivo principal es recaudar recursos econ\u00f3micos para el fondo de becas de La Escuela de Dise\u00f1o Altos de Chav\u00f3n, ofreciendo al p\u00fablico la oportunidad de adquirir el trabajo art\u00edstico\u2026","rel":"","context":"En \u00abAltos de Chavon @es\u00bb","block_context":{"text":"Altos de Chavon @es","link":"https:\/\/casadecampoliving.com\/category\/altos-de-chavon-es\/"},"img":{"alt_text":"Jeffry Correa Art Chav\u00f3n 2016","src":"https:\/\/i0.wp.com\/casadecampoliving.com\/wp-content\/uploads\/2022\/10\/Jeffry-Correa.jpg?fit=1000%2C667&ssl=1&resize=350%2C200","width":350,"height":200,"srcset":"https:\/\/i0.wp.com\/casadecampoliving.com\/wp-content\/uploads\/2022\/10\/Jeffry-Correa.jpg?fit=1000%2C667&ssl=1&resize=350%2C200 1x, https:\/\/i0.wp.com\/casadecampoliving.com\/wp-content\/uploads\/2022\/10\/Jeffry-Correa.jpg?fit=1000%2C667&ssl=1&resize=525%2C300 1.5x, https:\/\/i0.wp.com\/casadecampoliving.com\/wp-content\/uploads\/2022\/10\/Jeffry-Correa.jpg?fit=1000%2C667&ssl=1&resize=700%2C400 2x"},"classes":[]},{"id":351636,"url":"https:\/\/casadecampoliving.com\/es\/reflexiones-sentimentales-de-los-estudiantes-sobre-su-tiempo-en-la-escuela-de-diseno-altos-de-chavon\/","url_meta":{"origin":350501,"position":5},"title":"Reflexiones sentimentales de los estudiantes sobre su tiempo en la Escuela de Dise\u00f1o Altos de Chav\u00f3n","author":"Heather Lincoln","date":"21 Jun, 2017","format":false,"excerpt":"Todos los que llegan a conocer Altos de Chav\u00f3n se enamoran de su majestad. Tanto los residentes como los visitantes est\u00e1n asombrados de la joya artesanal que es nuestra villa de los artistas donde tambi\u00e9n podemos encontrar una escuela tan especial, tan \u00fanica, que transforma las vidas de todos los\u2026","rel":"","context":"En \u00abAltos de Chavon @es\u00bb","block_context":{"text":"Altos de Chavon @es","link":"https:\/\/casadecampoliving.com\/category\/altos-de-chavon-es\/"},"img":{"alt_text":"Altos de Chav\u00f3n School of Design","src":"https:\/\/i0.wp.com\/casadecampoliving.com\/wp-content\/uploads\/2022\/10\/IMG_3199-e1498077298704.jpg?fit=1000%2C600&ssl=1&resize=350%2C200","width":350,"height":200,"srcset":"https:\/\/i0.wp.com\/casadecampoliving.com\/wp-content\/uploads\/2022\/10\/IMG_3199-e1498077298704.jpg?fit=1000%2C600&ssl=1&resize=350%2C200 1x, https:\/\/i0.wp.com\/casadecampoliving.com\/wp-content\/uploads\/2022\/10\/IMG_3199-e1498077298704.jpg?fit=1000%2C600&ssl=1&resize=525%2C300 1.5x, https:\/\/i0.wp.com\/casadecampoliving.com\/wp-content\/uploads\/2022\/10\/IMG_3199-e1498077298704.jpg?fit=1000%2C600&ssl=1&resize=700%2C400 2x"},"classes":[]}],"jetpack_sharing_enabled":true,"_links":{"self":[{"href":"https:\/\/casadecampoliving.com\/es\/wp-json\/wp\/v2\/posts\/350501","targetHints":{"allow":["GET"]}}],"collection":[{"href":"https:\/\/casadecampoliving.com\/es\/wp-json\/wp\/v2\/posts"}],"about":[{"href":"https:\/\/casadecampoliving.com\/es\/wp-json\/wp\/v2\/types\/post"}],"author":[{"embeddable":true,"href":"https:\/\/casadecampoliving.com\/es\/wp-json\/wp\/v2\/users\/36682"}],"replies":[{"embeddable":true,"href":"https:\/\/casadecampoliving.com\/es\/wp-json\/wp\/v2\/comments?post=350501"}],"version-history":[{"count":1,"href":"https:\/\/casadecampoliving.com\/es\/wp-json\/wp\/v2\/posts\/350501\/revisions"}],"predecessor-version":[{"id":350502,"href":"https:\/\/casadecampoliving.com\/es\/wp-json\/wp\/v2\/posts\/350501\/revisions\/350502"}],"wp:featuredmedia":[{"embeddable":true,"href":"https:\/\/casadecampoliving.com\/es\/wp-json\/wp\/v2\/media\/295127"}],"wp:attachment":[{"href":"https:\/\/casadecampoliving.com\/es\/wp-json\/wp\/v2\/media?parent=350501"}],"wp:term":[{"taxonomy":"category","embeddable":true,"href":"https:\/\/casadecampoliving.com\/es\/wp-json\/wp\/v2\/categories?post=350501"},{"taxonomy":"post_tag","embeddable":true,"href":"https:\/\/casadecampoliving.com\/es\/wp-json\/wp\/v2\/tags?post=350501"},{"taxonomy":"newspack_spnsrs_tax","embeddable":true,"href":"https:\/\/casadecampoliving.com\/es\/wp-json\/wp\/v2\/newspack_spnsrs_tax?post=350501"}],"curies":[{"name":"wp","href":"https:\/\/api.w.org\/{rel}","templated":true}]}}