{"id":350494,"date":"2016-09-14T00:00:00","date_gmt":"2016-09-14T04:00:00","guid":{"rendered":"https:\/\/casadecampoliving.com\/retratos-en-la-aldea-cultural-santa-rosa-de-lima\/"},"modified":"2022-10-21T19:03:49","modified_gmt":"2022-10-21T23:03:49","slug":"retratos-en-la-aldea-cultural-santa-rosa-de-lima","status":"publish","type":"post","link":"https:\/\/casadecampoliving.com\/es\/retratos-en-la-aldea-cultural-santa-rosa-de-lima\/","title":{"rendered":"Un vistazo a: \u00abRetratos\u00bb en la Aldea Cultural Santa Rosa de Lima captando m\u00e1s que solo rostros"},"content":{"rendered":"<div class=\"wp-block-image\">\n<figure class=\"aligncenter is-resized\"><img loading=\"lazy\" decoding=\"async\" src=\"https:\/\/i0.wp.com\/casadecampoliving.com\/wp-content\/uploads\/2022\/10\/FullSizeRender-1-2.jpg?resize=1000%2C879&amp;ssl=1\" alt=\"fullsizerender-1\" class=\"wp-image-123450\" height=\"879\" width=\"1000\"\/><\/figure>\n<\/div>\n\n\n<p>El s\u00e1bado pasado, la Aldea Cultural Santa Rosa de Lima, dio la bienvenida a los amantes del arte a la apertura de su nueva exposici\u00f3n, \u201cRetratos\u201d por un grupo de estudiantes de la carrera de Comunicaci\u00f3n Social en la PUCMM. Fue una reuni\u00f3n muy exitosa donde los espectadores pudieron conocer&nbsp;los&nbsp;rostros de personas de todo el pa\u00eds.<\/p>\n\n\n\n<p><\/p>\n\n\n\n<!--more-->\n\n\n\n<p>\u201cRetratos\u201d de los estudiantes PUCMM y bajo la direcci\u00f3n de la profesora&nbsp;Elizabeth Veloz incluy\u00f3 un total de 149 caras que fueron captadas como parte de la asignatura Seminario VI (COM 209, Fotograf\u00eda Digital) y Fotograf\u00eda. Esta exhibicion forma parte del festival de fotografia Photoimagen,una iniciativa sin \u00e1nimo de lucro, organizada por la <a href=\"http:\/\/www.centrodelaimagenrd.org\/\" target=\"_blank\" rel=\"noopener\">Fundaci\u00f3n Imagen 83<\/a> y el&nbsp;<a href=\"http:\/\/www.centrodelaimagenrd.org\/centro-de-la-imagen\/\">Centro de la Imagen<\/a>&nbsp;para promover la fotograf\u00eda Dominicana en&nbsp;el mundo, descubrir nuevos talentos emergentes, ratificar la vigencia de los artistas ya consagrados y confrontar las tendencias dominantes en este campo art\u00edstico.<\/p>\n\n\n<div class=\"wp-block-image\">\n<figure class=\"aligncenter is-resized\"><img loading=\"lazy\" decoding=\"async\" src=\"https:\/\/i0.wp.com\/casadecampoliving.com\/wp-content\/uploads\/2022\/10\/IMG_8924.jpg?resize=1000%2C828&amp;ssl=1\" alt=\"img_8924\" class=\"wp-image-123448\" height=\"828\" width=\"1000\"\/><\/figure>\n<\/div>\n\n\n<p>Como reflejo de los muchos aspectos de las vidas de las personas que viven en la Rep\u00fablica Dominicana, \u201cRetratos\u201d capta&nbsp;la creatividad de los individuos, sus deseos, sue\u00f1os, miedos, dolor y amor. En definitiva, es una interesante recopilaci\u00f3n de la identidad de nuestro pa\u00eds como se ve a trav\u00e9s del lente de una generaci\u00f3n joven, con talento. Se puede ver en las fotograf\u00edas&nbsp;no es s\u00f3lo el lado bueno de la vida, sino tambi\u00e9n podemos ver lo&nbsp;dif\u00edcil que esta puede llegar a ser.<\/p>\n\n\n\n<p>Esta exposici\u00f3n fue curada por el director del Centro de la Imagen, Carlos Acero Ruiz, que comparti\u00f3 estas palabras sobre el colectivo:<\/p>\n\n\n<div class=\"wp-block-image\">\n<figure class=\"alignright is-resized\"><img loading=\"lazy\" decoding=\"async\" src=\"https:\/\/i0.wp.com\/casadecampoliving.com\/wp-content\/uploads\/2022\/10\/IMG_8932-1-300x263-2.jpg?resize=316%2C277&amp;ssl=1\" alt=\"\" class=\"wp-image-123451\" height=\"277\" width=\"316\"\/><\/figure>\n<\/div>\n\n\n<p><em>\u201c<span class=\"s1\">Para el festival de fotograf\u00eda<span class=\"Apple-converted-space\">&nbsp; <\/span>y video PHOTOIMAGEN 2016, es de particular relevancia la participaci\u00f3n de una joven instituci\u00f3n<span class=\"Apple-converted-space\">&nbsp; <\/span>como la Aldea Cultural Santa Rosa de Lima, de la ciudad de La Romana.<span class=\"Apple-converted-space\">&nbsp; <\/span>Este nuevo centro cultural es regenteado por la dise\u00f1adora de modas y gestora cultural Jenny Polanco, quien siempre ha estado apoyando las artes visuales de la Rep\u00fablica Dominicana.<\/span><\/em><\/p>\n\n\n\n<p><em><span class=\"s1\">Retratos es el t\u00edtulo de esta colectiva conformada por Un total de 149 rostros que fueron registrados por 51 estudiantes de la asignatura Seminario VI (COM 209, Fotograf\u00eda Digital) y Fotograf\u00eda de la PCMM con la gu\u00eda de la profesora Elizabeth Veloz, dise\u00f1adora gr\u00e1fica y fot\u00f3grafa, durante el pasado semestre de verano. Estas im\u00e1genes fueron tomadas en toda la Rep\u00fablica Dominicana con la intenci\u00f3n de retratar las miradas, sentires y sue\u00f1os de las personas que habitan en el pa\u00eds. <\/span><\/em><\/p>\n\n\n\n<p><em><span class=\"s1\">Desde las primeras ediciones de PHOTOIMAGEN, las Escuelas de Arquitectura y Comunicaci\u00f3n Social han tenido una importante presencia, y se han convertido en las \u00fanicas muestras dedicadas a estudiantes universitarios del pa\u00eds. Agradecemos el inter\u00e9s y el apoyo que cada a\u00f1o recibimos de la Pontificia Universidad Cat\u00f3lica Madre y Maestra, tanto en sus recintos de las ciudades de Santo Domingo y Santiago, por ser parte de la importante fiesta visual, dedicada a la creaci\u00f3n fotogr\u00e1fica nacional e internacional.<\/span>\u201c<\/em><\/p>\n\n\n<div class=\"wp-block-image\">\n<figure class=\"aligncenter is-resized\"><img loading=\"lazy\" decoding=\"async\" src=\"https:\/\/i0.wp.com\/casadecampoliving.com\/wp-content\/uploads\/2022\/10\/IMG_8931.jpg?resize=1000%2C600&amp;ssl=1\" alt=\"img_8931\" class=\"wp-image-123447\" height=\"600\" width=\"1000\"\/><\/figure>\n<\/div>\n\n\n<p>La exposici\u00f3n estar\u00e1 hasta al 30 de septiembre en la Aldea Cultural Santa Rosa de Lima, La Romana y es una que bien vale la pena visitar y&nbsp;ver una muestra m\u00e1s&nbsp;personal de&nbsp;nuestra naci\u00f3n captada&nbsp;en 149 rostros.<\/p>\n\n\n\n<blockquote><h4><strong>\u201cRETRATOS\u201d: UNA COLECTIVA DEL ESTUDIANTADO DE COMUNICACI\u00d3N SOCIAL DE LA PUCMM<\/strong><\/h4><p><strong>Cu\u00e1ndo:&nbsp;<\/strong>10 \u2013 30 de&nbsp;septiembre<\/p><p><strong>D\u00f3nde:<\/strong> La Aldea Cutural Santa Rosa de Lima<\/p><p>La Aldea Cultural Santa Rosa de Lima esta a la derecha inmediatamente como si cruzaras el puente sobre R\u00edo Salao entrando a La Romana. Es una construcci\u00f3n blanca que se asemeja un poco a una fortaleza (con un nombre \u2013 La Fortaleza).Tienes que estar en el lado de la carretera que conduce desde La Romana con direcci\u00f3n a Casa de Campo, antes de cruzar el puente, gire a la derecha y cruce la v\u00eda f\u00e9rrea.<\/p><p><strong>Qu\u00e9:&nbsp;<\/strong>&nbsp;Exposici\u00f3n&nbsp;\u201cRetratos\u201d, una colectiva del estudiantado de Comunicaci\u00f3n Social de la PUCMM<\/p><\/blockquote>\n\n\n\n<p>*Fotos cortes\u00eda de la&nbsp;Aldea Cultural Santa Rosa de Lima.<\/p>\n\n\n\n<blockquote><p class=\"post-title left\"><a href=\"https:\/\/casadecampoliving.com\/es\/pucmm-expone-retratos-en-aldea-cultural-santa-rosa-de-lima\/\"><strong>PUCMM expone \u201cRetratos\u201d en Aldea Cultural Santa Rosa de Lima ma\u00f1ana en la noche<\/strong><\/a><\/p><figure><img decoding=\"async\" loading=\"lazy\" data-amp-lightbox=\"true\" lightbox=\"true\" class=\"aligncenter wp-image-123128 size-full\" src=\"https:\/\/i0.wp.com\/casadecampoliving.com\/wp-content\/uploads\/2022\/10\/PUCMM-Foto-1-1.jpg?resize=999%2C776&amp;ssl=1\" alt=\"pucmm-foto-1\" width=\"999\" height=\"776\"><\/figure><p class=\"post-title left\"><\/p><p class=\"post-title left\">Esta exhibici\u00f3n por los estudiantes de La Pontificia Universidad Cat\u00f3lica Madre y Maestra, participa en el circuito fotogr\u00e1fico Photoimagen\u201916 del cual tambi\u00e9 es parte la exposici\u00f3n<a href=\"https:\/\/casadecampoliving.com\/es\/peregrinos-de-la-altagracia-por-yael-duval-museo-de-la-altagracia\/\">&nbsp;\u201cPeregrinos de la Altagracia\u201d por Yael Duval que abrir\u00e1 ma\u00f1ana en Higuey.<\/a>&nbsp;Curada por Carlos Acero Ruiz,por el cr\u00edtico de arte Carlos Acero y director del&nbsp;Centro de la Imagen. Seguir leyendo <a href=\"https:\/\/casadecampoliving.com\/es\/pucmm-expone-retratos-en-aldea-cultural-santa-rosa-de-lima\/\">aqu\u00ed<\/a>.<\/p><\/blockquote>\n","protected":false},"excerpt":{"rendered":"<p>El s\u00e1bado pasado, la Aldea Cultural Santa Rosa de Lima, dio la bienvenida a los amantes del arte a la apertura de su nueva exposici\u00f3n, \u201cRetratos\u201d por un grupo de estudiantes de la carrera de Comunicaci\u00f3n Social en la PUCMM. Fue una reuni\u00f3n muy exitosa donde los espectadores pudieron conocer&nbsp;los&nbsp;rostros de personas de todo el [&hellip;]<\/p>\n","protected":false},"author":36682,"featured_media":294806,"comment_status":"closed","ping_status":"closed","sticky":false,"template":"","format":"standard","meta":{"newspack_ads_suppress_ads":false,"newspack_popups_has_disabled_popups":false,"newspack_sponsor_sponsorship_scope":"","newspack_sponsor_native_byline_display":"inherit","newspack_sponsor_native_category_display":"inherit","newspack_sponsor_underwriter_style":"inherit","newspack_sponsor_underwriter_placement":"inherit","_newspack_byline_active":false,"_newspack_byline":"","newspack_hide_updated_date":false,"newspack_show_updated_date":false,"newspack_content_restriction_is_exempt":false,"newspack_featured_image_position":"","newspack_post_subtitle":"","newspack_article_summary_title":"Overview:","newspack_article_summary":"","_jetpack_memberships_contains_paid_content":false,"footnotes":"","jetpack_publicize_message":"","jetpack_publicize_feature_enabled":true,"jetpack_social_post_already_shared":false,"jetpack_social_options":{"image_generator_settings":{"template":"highway","default_image_id":0,"font":"","enabled":false},"version":2},"_wpas_customize_per_network":false},"categories":[26823,2522,14625,2521],"tags":[9952,19221,2535,14736,19220,4903,19219,2753,19275],"newspack_spnsrs_tax":[],"class_list":["post-350494","post","type-post","status-publish","format-standard","has-post-thumbnail","hentry","category-arte-y-cultura","category-eventos-es","category-noticias-locales","category-republica-dominicana-2","tag-aldea-cultural-santa-rosa-de-lima-es","tag-centro-de-la-imagen-es","tag-estudiantes","tag-featured-topview-es","tag-fundacion-imagen-83-es","tag-jenny-polanco-es","tag-photoimagen-es","tag-pucmm","tag-retratos","entry"],"yoast_head":"<!-- This site is optimized with the Yoast SEO plugin v27.5 - https:\/\/yoast.com\/product\/yoast-seo-wordpress\/ -->\n<title>Un vistazo a: &quot;Retratos&quot; en la Aldea Cultural Santa Rosa de Lima captando m\u00e1s que solo rostros | Casa de Campo Living<\/title>\n<meta name=\"description\" content=\"El s\u00e1bado pasado, la Aldea Cultural Santa Rosa de Lima, dio la bienvenida a los amantes del arte a la apertura de su nueva exposici\u00f3n, \u201cRetratos\u201d por un\" \/>\n<meta name=\"robots\" content=\"index, follow, max-snippet:-1, max-image-preview:large, max-video-preview:-1\" \/>\n<link rel=\"canonical\" href=\"https:\/\/casadecampoliving.com\/es\/retratos-en-la-aldea-cultural-santa-rosa-de-lima\/\" \/>\n<meta property=\"og:locale\" content=\"es_ES\" \/>\n<meta property=\"og:type\" content=\"article\" \/>\n<meta property=\"og:title\" content=\"Un vistazo a: &quot;Retratos&quot; en la Aldea Cultural Santa Rosa de Lima captando m\u00e1s que solo rostros | Casa de Campo Living\" \/>\n<meta property=\"og:description\" content=\"El s\u00e1bado pasado, la Aldea Cultural Santa Rosa de Lima, dio la bienvenida a los amantes del arte a la apertura de su nueva exposici\u00f3n, \u201cRetratos\u201d por un\" \/>\n<meta property=\"og:url\" content=\"https:\/\/casadecampoliving.com\/es\/retratos-en-la-aldea-cultural-santa-rosa-de-lima\/\" \/>\n<meta property=\"og:site_name\" content=\"Casa de Campo Living\" \/>\n<meta property=\"article:publisher\" content=\"https:\/\/www.facebook.com\/casadecampoliving\" \/>\n<meta property=\"article:published_time\" content=\"2016-09-14T04:00:00+00:00\" \/>\n<meta property=\"article:modified_time\" content=\"2022-10-21T23:03:49+00:00\" \/>\n<meta property=\"og:image\" content=\"https:\/\/i0.wp.com\/casadecampoliving.com\/wp-content\/uploads\/2022\/10\/FullSizeRender-1-3.jpg?fit=1000%2C879&ssl=1\" \/>\n\t<meta property=\"og:image:width\" content=\"1000\" \/>\n\t<meta property=\"og:image:height\" content=\"879\" \/>\n\t<meta property=\"og:image:type\" content=\"image\/jpeg\" \/>\n<meta name=\"author\" content=\"Marlenys Guzm\u00e1n Casta\u00f1os\" \/>\n<meta name=\"twitter:card\" content=\"summary_large_image\" \/>\n<meta name=\"twitter:creator\" content=\"@cdcliving\" \/>\n<meta name=\"twitter:site\" content=\"@cdcliving\" \/>\n<meta name=\"twitter:label1\" content=\"Escrito por\" \/>\n\t<meta name=\"twitter:data1\" content=\"Marlenys Guzm\u00e1n Casta\u00f1os\" \/>\n\t<meta name=\"twitter:label2\" content=\"Tiempo de lectura\" \/>\n\t<meta name=\"twitter:data2\" content=\"4 minutos\" \/>\n<script type=\"application\/ld+json\" class=\"yoast-schema-graph\">{\"@context\":\"https:\\\/\\\/schema.org\",\"@graph\":[{\"@type\":\"Article\",\"@id\":\"https:\\\/\\\/casadecampoliving.com\\\/es\\\/retratos-en-la-aldea-cultural-santa-rosa-de-lima\\\/#article\",\"isPartOf\":{\"@id\":\"https:\\\/\\\/casadecampoliving.com\\\/es\\\/retratos-en-la-aldea-cultural-santa-rosa-de-lima\\\/\"},\"author\":{\"name\":\"Marlenys Guzm\u00e1n Casta\u00f1os\",\"@id\":\"https:\\\/\\\/casadecampoliving.com\\\/es\\\/#\\\/schema\\\/person\\\/b6606bd87f9cec8f5903e2141cafda24\"},\"headline\":\"Un vistazo a: \u00abRetratos\u00bb en la Aldea Cultural Santa Rosa de Lima captando m\u00e1s que solo rostros\",\"datePublished\":\"2016-09-14T04:00:00+00:00\",\"dateModified\":\"2022-10-21T23:03:49+00:00\",\"mainEntityOfPage\":{\"@id\":\"https:\\\/\\\/casadecampoliving.com\\\/es\\\/retratos-en-la-aldea-cultural-santa-rosa-de-lima\\\/\"},\"wordCount\":809,\"publisher\":{\"@id\":\"https:\\\/\\\/casadecampoliving.com\\\/es\\\/#organization\"},\"image\":{\"@id\":\"https:\\\/\\\/casadecampoliving.com\\\/es\\\/retratos-en-la-aldea-cultural-santa-rosa-de-lima\\\/#primaryimage\"},\"thumbnailUrl\":\"https:\\\/\\\/i0.wp.com\\\/casadecampoliving.com\\\/wp-content\\\/uploads\\\/2022\\\/10\\\/FullSizeRender-1-3.jpg?fit=1000%2C879&ssl=1\",\"keywords\":[\"Aldea Cultural Santa Rosa de Lima @es\",\"Centro de la Imagen @es\",\"estudiantes\",\"Featured-TopView @es\",\"fundacion imagen 83 @es\",\"jenny polanco @es\",\"photoimagen @es\",\"PUCMM\",\"Retratos\"],\"articleSection\":[\"Arte y cultura\",\"Eventos\",\"Noticias Locales\",\"Rep\u00fablica Dominicana @es\"],\"inLanguage\":\"es\"},{\"@type\":\"WebPage\",\"@id\":\"https:\\\/\\\/casadecampoliving.com\\\/es\\\/retratos-en-la-aldea-cultural-santa-rosa-de-lima\\\/\",\"url\":\"https:\\\/\\\/casadecampoliving.com\\\/es\\\/retratos-en-la-aldea-cultural-santa-rosa-de-lima\\\/\",\"name\":\"Un vistazo a: \\\"Retratos\\\" en la Aldea Cultural Santa Rosa de Lima captando m\u00e1s que solo rostros | Casa de Campo Living\",\"isPartOf\":{\"@id\":\"https:\\\/\\\/casadecampoliving.com\\\/es\\\/#website\"},\"primaryImageOfPage\":{\"@id\":\"https:\\\/\\\/casadecampoliving.com\\\/es\\\/retratos-en-la-aldea-cultural-santa-rosa-de-lima\\\/#primaryimage\"},\"image\":{\"@id\":\"https:\\\/\\\/casadecampoliving.com\\\/es\\\/retratos-en-la-aldea-cultural-santa-rosa-de-lima\\\/#primaryimage\"},\"thumbnailUrl\":\"https:\\\/\\\/i0.wp.com\\\/casadecampoliving.com\\\/wp-content\\\/uploads\\\/2022\\\/10\\\/FullSizeRender-1-3.jpg?fit=1000%2C879&ssl=1\",\"datePublished\":\"2016-09-14T04:00:00+00:00\",\"dateModified\":\"2022-10-21T23:03:49+00:00\",\"description\":\"El s\u00e1bado pasado, la Aldea Cultural Santa Rosa de Lima, dio la bienvenida a los amantes del arte a la apertura de su nueva exposici\u00f3n, \u201cRetratos\u201d por un\",\"breadcrumb\":{\"@id\":\"https:\\\/\\\/casadecampoliving.com\\\/es\\\/retratos-en-la-aldea-cultural-santa-rosa-de-lima\\\/#breadcrumb\"},\"inLanguage\":\"es\",\"potentialAction\":[{\"@type\":\"ReadAction\",\"target\":[\"https:\\\/\\\/casadecampoliving.com\\\/es\\\/retratos-en-la-aldea-cultural-santa-rosa-de-lima\\\/\"]}]},{\"@type\":\"ImageObject\",\"inLanguage\":\"es\",\"@id\":\"https:\\\/\\\/casadecampoliving.com\\\/es\\\/retratos-en-la-aldea-cultural-santa-rosa-de-lima\\\/#primaryimage\",\"url\":\"https:\\\/\\\/i0.wp.com\\\/casadecampoliving.com\\\/wp-content\\\/uploads\\\/2022\\\/10\\\/FullSizeRender-1-3.jpg?fit=1000%2C879&ssl=1\",\"contentUrl\":\"https:\\\/\\\/i0.wp.com\\\/casadecampoliving.com\\\/wp-content\\\/uploads\\\/2022\\\/10\\\/FullSizeRender-1-3.jpg?fit=1000%2C879&ssl=1\",\"width\":1000,\"height\":879},{\"@type\":\"BreadcrumbList\",\"@id\":\"https:\\\/\\\/casadecampoliving.com\\\/es\\\/retratos-en-la-aldea-cultural-santa-rosa-de-lima\\\/#breadcrumb\",\"itemListElement\":[{\"@type\":\"ListItem\",\"position\":1,\"name\":\"Home\",\"item\":\"https:\\\/\\\/casadecampoliving.com\\\/es\\\/\"},{\"@type\":\"ListItem\",\"position\":2,\"name\":\"Un vistazo a: &#8220;Retratos&#8221; en la Aldea Cultural Santa Rosa de Lima captando m\u00e1s que solo rostros\"}]},{\"@type\":\"WebSite\",\"@id\":\"https:\\\/\\\/casadecampoliving.com\\\/es\\\/#website\",\"url\":\"https:\\\/\\\/casadecampoliving.com\\\/es\\\/\",\"name\":\"Casa de Campo Living\",\"description\":\"Resort community news and resources.\",\"publisher\":{\"@id\":\"https:\\\/\\\/casadecampoliving.com\\\/es\\\/#organization\"},\"potentialAction\":[{\"@type\":\"SearchAction\",\"target\":{\"@type\":\"EntryPoint\",\"urlTemplate\":\"https:\\\/\\\/casadecampoliving.com\\\/es\\\/?s={search_term_string}\"},\"query-input\":{\"@type\":\"PropertyValueSpecification\",\"valueRequired\":true,\"valueName\":\"search_term_string\"}}],\"inLanguage\":\"es\"},{\"@type\":\"Organization\",\"@id\":\"https:\\\/\\\/casadecampoliving.com\\\/es\\\/#organization\",\"name\":\"Casa de Campo Living\",\"url\":\"https:\\\/\\\/casadecampoliving.com\\\/es\\\/\",\"logo\":{\"@type\":\"ImageObject\",\"inLanguage\":\"es\",\"@id\":\"https:\\\/\\\/casadecampoliving.com\\\/es\\\/#\\\/schema\\\/logo\\\/image\\\/\",\"url\":\"https:\\\/\\\/i0.wp.com\\\/casadecampoliving.com\\\/wp-content\\\/uploads\\\/2022\\\/07\\\/CDCLivingLogo_V1-white-sized.png?fit=800%2C214&ssl=1\",\"contentUrl\":\"https:\\\/\\\/i0.wp.com\\\/casadecampoliving.com\\\/wp-content\\\/uploads\\\/2022\\\/07\\\/CDCLivingLogo_V1-white-sized.png?fit=800%2C214&ssl=1\",\"width\":800,\"height\":214,\"caption\":\"Casa de Campo Living\"},\"image\":{\"@id\":\"https:\\\/\\\/casadecampoliving.com\\\/es\\\/#\\\/schema\\\/logo\\\/image\\\/\"},\"sameAs\":[\"https:\\\/\\\/www.facebook.com\\\/casadecampoliving\",\"https:\\\/\\\/x.com\\\/cdcliving\"]},{\"@type\":\"Person\",\"@id\":\"https:\\\/\\\/casadecampoliving.com\\\/es\\\/#\\\/schema\\\/person\\\/b6606bd87f9cec8f5903e2141cafda24\",\"name\":\"Marlenys Guzm\u00e1n Casta\u00f1os\",\"image\":{\"@type\":\"ImageObject\",\"inLanguage\":\"es\",\"@id\":\"https:\\\/\\\/secure.gravatar.com\\\/avatar\\\/72f3f86b8e6b3ec744201aeadf11d4a6055e8af194aecd9ad30ffff4437878ee?s=96&d=mm&r=g\",\"url\":\"https:\\\/\\\/secure.gravatar.com\\\/avatar\\\/72f3f86b8e6b3ec744201aeadf11d4a6055e8af194aecd9ad30ffff4437878ee?s=96&d=mm&r=g\",\"contentUrl\":\"https:\\\/\\\/secure.gravatar.com\\\/avatar\\\/72f3f86b8e6b3ec744201aeadf11d4a6055e8af194aecd9ad30ffff4437878ee?s=96&d=mm&r=g\",\"caption\":\"Marlenys Guzm\u00e1n Casta\u00f1os\"},\"url\":\"https:\\\/\\\/casadecampoliving.com\\\/es\\\/author\\\/mguzman\\\/\"}]}<\/script>\n<!-- \/ Yoast SEO plugin. -->","yoast_head_json":{"title":"Un vistazo a: \"Retratos\" en la Aldea Cultural Santa Rosa de Lima captando m\u00e1s que solo rostros | Casa de Campo Living","description":"El s\u00e1bado pasado, la Aldea Cultural Santa Rosa de Lima, dio la bienvenida a los amantes del arte a la apertura de su nueva exposici\u00f3n, \u201cRetratos\u201d por un","robots":{"index":"index","follow":"follow","max-snippet":"max-snippet:-1","max-image-preview":"max-image-preview:large","max-video-preview":"max-video-preview:-1"},"canonical":"https:\/\/casadecampoliving.com\/es\/retratos-en-la-aldea-cultural-santa-rosa-de-lima\/","og_locale":"es_ES","og_type":"article","og_title":"Un vistazo a: \"Retratos\" en la Aldea Cultural Santa Rosa de Lima captando m\u00e1s que solo rostros | Casa de Campo Living","og_description":"El s\u00e1bado pasado, la Aldea Cultural Santa Rosa de Lima, dio la bienvenida a los amantes del arte a la apertura de su nueva exposici\u00f3n, \u201cRetratos\u201d por un","og_url":"https:\/\/casadecampoliving.com\/es\/retratos-en-la-aldea-cultural-santa-rosa-de-lima\/","og_site_name":"Casa de Campo Living","article_publisher":"https:\/\/www.facebook.com\/casadecampoliving","article_published_time":"2016-09-14T04:00:00+00:00","article_modified_time":"2022-10-21T23:03:49+00:00","og_image":[{"width":1000,"height":879,"url":"https:\/\/i0.wp.com\/casadecampoliving.com\/wp-content\/uploads\/2022\/10\/FullSizeRender-1-3.jpg?fit=1000%2C879&ssl=1","type":"image\/jpeg"}],"author":"Marlenys Guzm\u00e1n Casta\u00f1os","twitter_card":"summary_large_image","twitter_creator":"@cdcliving","twitter_site":"@cdcliving","twitter_misc":{"Escrito por":"Marlenys Guzm\u00e1n Casta\u00f1os","Tiempo de lectura":"4 minutos"},"schema":{"@context":"https:\/\/schema.org","@graph":[{"@type":"Article","@id":"https:\/\/casadecampoliving.com\/es\/retratos-en-la-aldea-cultural-santa-rosa-de-lima\/#article","isPartOf":{"@id":"https:\/\/casadecampoliving.com\/es\/retratos-en-la-aldea-cultural-santa-rosa-de-lima\/"},"author":{"name":"Marlenys Guzm\u00e1n Casta\u00f1os","@id":"https:\/\/casadecampoliving.com\/es\/#\/schema\/person\/b6606bd87f9cec8f5903e2141cafda24"},"headline":"Un vistazo a: \u00abRetratos\u00bb en la Aldea Cultural Santa Rosa de Lima captando m\u00e1s que solo rostros","datePublished":"2016-09-14T04:00:00+00:00","dateModified":"2022-10-21T23:03:49+00:00","mainEntityOfPage":{"@id":"https:\/\/casadecampoliving.com\/es\/retratos-en-la-aldea-cultural-santa-rosa-de-lima\/"},"wordCount":809,"publisher":{"@id":"https:\/\/casadecampoliving.com\/es\/#organization"},"image":{"@id":"https:\/\/casadecampoliving.com\/es\/retratos-en-la-aldea-cultural-santa-rosa-de-lima\/#primaryimage"},"thumbnailUrl":"https:\/\/i0.wp.com\/casadecampoliving.com\/wp-content\/uploads\/2022\/10\/FullSizeRender-1-3.jpg?fit=1000%2C879&ssl=1","keywords":["Aldea Cultural Santa Rosa de Lima @es","Centro de la Imagen @es","estudiantes","Featured-TopView @es","fundacion imagen 83 @es","jenny polanco @es","photoimagen @es","PUCMM","Retratos"],"articleSection":["Arte y cultura","Eventos","Noticias Locales","Rep\u00fablica Dominicana @es"],"inLanguage":"es"},{"@type":"WebPage","@id":"https:\/\/casadecampoliving.com\/es\/retratos-en-la-aldea-cultural-santa-rosa-de-lima\/","url":"https:\/\/casadecampoliving.com\/es\/retratos-en-la-aldea-cultural-santa-rosa-de-lima\/","name":"Un vistazo a: \"Retratos\" en la Aldea Cultural Santa Rosa de Lima captando m\u00e1s que solo rostros | Casa de Campo Living","isPartOf":{"@id":"https:\/\/casadecampoliving.com\/es\/#website"},"primaryImageOfPage":{"@id":"https:\/\/casadecampoliving.com\/es\/retratos-en-la-aldea-cultural-santa-rosa-de-lima\/#primaryimage"},"image":{"@id":"https:\/\/casadecampoliving.com\/es\/retratos-en-la-aldea-cultural-santa-rosa-de-lima\/#primaryimage"},"thumbnailUrl":"https:\/\/i0.wp.com\/casadecampoliving.com\/wp-content\/uploads\/2022\/10\/FullSizeRender-1-3.jpg?fit=1000%2C879&ssl=1","datePublished":"2016-09-14T04:00:00+00:00","dateModified":"2022-10-21T23:03:49+00:00","description":"El s\u00e1bado pasado, la Aldea Cultural Santa Rosa de Lima, dio la bienvenida a los amantes del arte a la apertura de su nueva exposici\u00f3n, \u201cRetratos\u201d por un","breadcrumb":{"@id":"https:\/\/casadecampoliving.com\/es\/retratos-en-la-aldea-cultural-santa-rosa-de-lima\/#breadcrumb"},"inLanguage":"es","potentialAction":[{"@type":"ReadAction","target":["https:\/\/casadecampoliving.com\/es\/retratos-en-la-aldea-cultural-santa-rosa-de-lima\/"]}]},{"@type":"ImageObject","inLanguage":"es","@id":"https:\/\/casadecampoliving.com\/es\/retratos-en-la-aldea-cultural-santa-rosa-de-lima\/#primaryimage","url":"https:\/\/i0.wp.com\/casadecampoliving.com\/wp-content\/uploads\/2022\/10\/FullSizeRender-1-3.jpg?fit=1000%2C879&ssl=1","contentUrl":"https:\/\/i0.wp.com\/casadecampoliving.com\/wp-content\/uploads\/2022\/10\/FullSizeRender-1-3.jpg?fit=1000%2C879&ssl=1","width":1000,"height":879},{"@type":"BreadcrumbList","@id":"https:\/\/casadecampoliving.com\/es\/retratos-en-la-aldea-cultural-santa-rosa-de-lima\/#breadcrumb","itemListElement":[{"@type":"ListItem","position":1,"name":"Home","item":"https:\/\/casadecampoliving.com\/es\/"},{"@type":"ListItem","position":2,"name":"Un vistazo a: &#8220;Retratos&#8221; en la Aldea Cultural Santa Rosa de Lima captando m\u00e1s que solo rostros"}]},{"@type":"WebSite","@id":"https:\/\/casadecampoliving.com\/es\/#website","url":"https:\/\/casadecampoliving.com\/es\/","name":"Casa de Campo Living","description":"Resort community news and resources.","publisher":{"@id":"https:\/\/casadecampoliving.com\/es\/#organization"},"potentialAction":[{"@type":"SearchAction","target":{"@type":"EntryPoint","urlTemplate":"https:\/\/casadecampoliving.com\/es\/?s={search_term_string}"},"query-input":{"@type":"PropertyValueSpecification","valueRequired":true,"valueName":"search_term_string"}}],"inLanguage":"es"},{"@type":"Organization","@id":"https:\/\/casadecampoliving.com\/es\/#organization","name":"Casa de Campo Living","url":"https:\/\/casadecampoliving.com\/es\/","logo":{"@type":"ImageObject","inLanguage":"es","@id":"https:\/\/casadecampoliving.com\/es\/#\/schema\/logo\/image\/","url":"https:\/\/i0.wp.com\/casadecampoliving.com\/wp-content\/uploads\/2022\/07\/CDCLivingLogo_V1-white-sized.png?fit=800%2C214&ssl=1","contentUrl":"https:\/\/i0.wp.com\/casadecampoliving.com\/wp-content\/uploads\/2022\/07\/CDCLivingLogo_V1-white-sized.png?fit=800%2C214&ssl=1","width":800,"height":214,"caption":"Casa de Campo Living"},"image":{"@id":"https:\/\/casadecampoliving.com\/es\/#\/schema\/logo\/image\/"},"sameAs":["https:\/\/www.facebook.com\/casadecampoliving","https:\/\/x.com\/cdcliving"]},{"@type":"Person","@id":"https:\/\/casadecampoliving.com\/es\/#\/schema\/person\/b6606bd87f9cec8f5903e2141cafda24","name":"Marlenys Guzm\u00e1n Casta\u00f1os","image":{"@type":"ImageObject","inLanguage":"es","@id":"https:\/\/secure.gravatar.com\/avatar\/72f3f86b8e6b3ec744201aeadf11d4a6055e8af194aecd9ad30ffff4437878ee?s=96&d=mm&r=g","url":"https:\/\/secure.gravatar.com\/avatar\/72f3f86b8e6b3ec744201aeadf11d4a6055e8af194aecd9ad30ffff4437878ee?s=96&d=mm&r=g","contentUrl":"https:\/\/secure.gravatar.com\/avatar\/72f3f86b8e6b3ec744201aeadf11d4a6055e8af194aecd9ad30ffff4437878ee?s=96&d=mm&r=g","caption":"Marlenys Guzm\u00e1n Casta\u00f1os"},"url":"https:\/\/casadecampoliving.com\/es\/author\/mguzman\/"}]}},"parsely":{"version":"1.1.0","canonical_url":"https:\/\/casadecampoliving.com\/es\/retratos-en-la-aldea-cultural-santa-rosa-de-lima\/","smart_links":{"inbound":0,"outbound":0},"traffic_boost_suggestions_count":0,"meta":{"@context":"https:\/\/schema.org","@type":"NewsArticle","headline":"Un vistazo a: \u00abRetratos\u00bb en la Aldea Cultural Santa Rosa de Lima captando m\u00e1s que solo rostros","url":"http:\/\/casadecampoliving.com\/es\/retratos-en-la-aldea-cultural-santa-rosa-de-lima\/","mainEntityOfPage":{"@type":"WebPage","@id":"http:\/\/casadecampoliving.com\/es\/retratos-en-la-aldea-cultural-santa-rosa-de-lima\/"},"thumbnailUrl":"https:\/\/i0.wp.com\/casadecampoliving.com\/wp-content\/uploads\/2022\/10\/FullSizeRender-1-3.jpg?resize=150%2C150&ssl=1","image":{"@type":"ImageObject","url":"https:\/\/i0.wp.com\/casadecampoliving.com\/wp-content\/uploads\/2022\/10\/FullSizeRender-1-3.jpg?fit=1000%2C879&ssl=1"},"articleSection":"Arte y cultura","author":[{"@type":"Person","name":"Marlenys Guzm\u00e1n Casta\u00f1os"}],"creator":["Marlenys Guzm\u00e1n Casta\u00f1os"],"publisher":{"@type":"Organization","name":"Casa de Campo Living","logo":"https:\/\/casadecampoliving.com\/wp-content\/uploads\/2022\/07\/CDCLivingLogo_V1-white-sized.png"},"keywords":["aldea cultural santa rosa de lima @es","centro de la imagen @es","estudiantes","featured-topview @es","fundacion imagen 83 @es","jenny polanco @es","photoimagen @es","pucmm","retratos"],"dateCreated":"2016-09-14T04:00:00Z","datePublished":"2016-09-14T04:00:00Z","dateModified":"2022-10-21T23:03:49Z"},"rendered":"<script type=\"application\/ld+json\" class=\"wp-parsely-metadata\">{\"@context\":\"https:\\\/\\\/schema.org\",\"@type\":\"NewsArticle\",\"headline\":\"Un vistazo a: \\u00abRetratos\\u00bb en la Aldea Cultural Santa Rosa de Lima captando m\\u00e1s que solo rostros\",\"url\":\"http:\\\/\\\/casadecampoliving.com\\\/es\\\/retratos-en-la-aldea-cultural-santa-rosa-de-lima\\\/\",\"mainEntityOfPage\":{\"@type\":\"WebPage\",\"@id\":\"http:\\\/\\\/casadecampoliving.com\\\/es\\\/retratos-en-la-aldea-cultural-santa-rosa-de-lima\\\/\"},\"thumbnailUrl\":\"https:\\\/\\\/i0.wp.com\\\/casadecampoliving.com\\\/wp-content\\\/uploads\\\/2022\\\/10\\\/FullSizeRender-1-3.jpg?resize=150%2C150&ssl=1\",\"image\":{\"@type\":\"ImageObject\",\"url\":\"https:\\\/\\\/i0.wp.com\\\/casadecampoliving.com\\\/wp-content\\\/uploads\\\/2022\\\/10\\\/FullSizeRender-1-3.jpg?fit=1000%2C879&ssl=1\"},\"articleSection\":\"Arte y cultura\",\"author\":[{\"@type\":\"Person\",\"name\":\"Marlenys Guzm\\u00e1n Casta\\u00f1os\"}],\"creator\":[\"Marlenys Guzm\\u00e1n Casta\\u00f1os\"],\"publisher\":{\"@type\":\"Organization\",\"name\":\"Casa de Campo Living\",\"logo\":\"https:\\\/\\\/casadecampoliving.com\\\/wp-content\\\/uploads\\\/2022\\\/07\\\/CDCLivingLogo_V1-white-sized.png\"},\"keywords\":[\"aldea cultural santa rosa de lima @es\",\"centro de la imagen @es\",\"estudiantes\",\"featured-topview @es\",\"fundacion imagen 83 @es\",\"jenny polanco @es\",\"photoimagen @es\",\"pucmm\",\"retratos\"],\"dateCreated\":\"2016-09-14T04:00:00Z\",\"datePublished\":\"2016-09-14T04:00:00Z\",\"dateModified\":\"2022-10-21T23:03:49Z\"}<\/script>","tracker_url":"https:\/\/cdn.parsely.com\/keys\/casadecampoliving.com\/p.js"},"jetpack_publicize_connections":[],"jetpack_featured_media_url":"https:\/\/i0.wp.com\/casadecampoliving.com\/wp-content\/uploads\/2022\/10\/FullSizeRender-1-3.jpg?fit=1000%2C879&ssl=1","jetpack-related-posts":[{"id":350478,"url":"https:\/\/casadecampoliving.com\/es\/pucmm-expone-retratos-en-aldea-cultural-santa-rosa-de-lima\/","url_meta":{"origin":350494,"position":0},"title":"PUCMM expone \u201cRetratos\u201d en Aldea Cultural Santa Rosa de Lima ma\u00f1ana en la noche","author":"Marlenys Guzm\u00e1n Casta\u00f1os","date":"9 Sep, 2016","format":false,"excerpt":"Una colectiva del estudiantado de Comunicaci\u00f3n Social de la PUCMM estar\u00e1 presentando su exposici\u00f3n\u00a0\u201cRetratos\u201d en la Aldea\u00a0Cultural Santa Rosa de Lima \u00a0en La Romana ma\u00f1ana, s\u00e1bado 10 de septiembre a las 7:00pm. Con esta Muestra La Pontificia Universidad Cat\u00f3lica Madre y Maestra,participa en el circuito fotogr\u00e1fico Photoimagen\u201916 del cual tambi\u00e9\u2026","rel":"","context":"En \u00abEventos\u00bb","block_context":{"text":"Eventos","link":"https:\/\/casadecampoliving.com\/es\/category\/eventos-es\/"},"img":{"alt_text":"","src":"https:\/\/i0.wp.com\/casadecampoliving.com\/wp-content\/uploads\/2022\/10\/PUCMM-Foto-1-1-1.jpg?fit=999%2C776&ssl=1&resize=350%2C200","width":350,"height":200,"srcset":"https:\/\/i0.wp.com\/casadecampoliving.com\/wp-content\/uploads\/2022\/10\/PUCMM-Foto-1-1-1.jpg?fit=999%2C776&ssl=1&resize=350%2C200 1x, https:\/\/i0.wp.com\/casadecampoliving.com\/wp-content\/uploads\/2022\/10\/PUCMM-Foto-1-1-1.jpg?fit=999%2C776&ssl=1&resize=525%2C300 1.5x, https:\/\/i0.wp.com\/casadecampoliving.com\/wp-content\/uploads\/2022\/10\/PUCMM-Foto-1-1-1.jpg?fit=999%2C776&ssl=1&resize=700%2C400 2x"},"classes":[]},{"id":327813,"url":"https:\/\/casadecampoliving.com\/portraits-aldea-cultural-santa-rosa-de-lima\/","url_meta":{"origin":350494,"position":1},"title":"A Look Within: \u00abPortraits\u00bb at the Aldea Cultural Santa Rosa de Lima captures more than faces","author":"Marlenys Guzm\u00e1n Casta\u00f1os","date":"14 Sep, 2016","format":false,"excerpt":"Last Saturday, the Aldea Cultural Santa Rosa de Lima welcomed art lovers to the opening of their newest exhibition, \u201cPortraits\u201d by a group of students from the career of Social Communication in PUCMM. It was a very successful gathering where viewers admired\u00a0faces of people from all around the country. \u201cPortraits\u201d\u2026","rel":"","context":"En \u00abArt and Culture\u00bb","block_context":{"text":"Art and Culture","link":"https:\/\/casadecampoliving.com\/category\/art-and-culture\/"},"img":{"alt_text":"","src":"https:\/\/i0.wp.com\/casadecampoliving.com\/wp-content\/uploads\/2022\/10\/FullSizeRender-1-3.jpg?fit=1000%2C879&ssl=1&resize=350%2C200","width":350,"height":200,"srcset":"https:\/\/i0.wp.com\/casadecampoliving.com\/wp-content\/uploads\/2022\/10\/FullSizeRender-1-3.jpg?fit=1000%2C879&ssl=1&resize=350%2C200 1x, https:\/\/i0.wp.com\/casadecampoliving.com\/wp-content\/uploads\/2022\/10\/FullSizeRender-1-3.jpg?fit=1000%2C879&ssl=1&resize=525%2C300 1.5x, https:\/\/i0.wp.com\/casadecampoliving.com\/wp-content\/uploads\/2022\/10\/FullSizeRender-1-3.jpg?fit=1000%2C879&ssl=1&resize=700%2C400 2x"},"classes":[]},{"id":327801,"url":"https:\/\/casadecampoliving.com\/pucmm-portraits-aldea-cultural-santa-rosa-de-lima\/","url_meta":{"origin":350494,"position":2},"title":"PUCMM opens their exhibition \u00abPortraits\u00bb at the Aldea Cultural Santa Rosa de Lima","author":"Marlenys Guzm\u00e1n Casta\u00f1os","date":"9 Sep, 2016","format":false,"excerpt":"A group of students from the career of Social Communication of PUCMM will be presenting their collective exhibition \u201cPortraits\u201d in the Aldea Cultural Santa Rosa de Lima in La Romana tomorrow, Saturday September 10th at 7pm. \u00a0 This exhibition by the students of the Pontificia Universidad Catolica Madre y Maestra\u2026","rel":"","context":"En \u00abBeyond Casa\u00bb","block_context":{"text":"Beyond Casa","link":"https:\/\/casadecampoliving.com\/category\/beyond-casa\/"},"img":{"alt_text":"","src":"https:\/\/i0.wp.com\/casadecampoliving.com\/wp-content\/uploads\/2022\/10\/PUCMM-Foto-1-1-1.jpg?fit=999%2C776&ssl=1&resize=350%2C200","width":350,"height":200,"srcset":"https:\/\/i0.wp.com\/casadecampoliving.com\/wp-content\/uploads\/2022\/10\/PUCMM-Foto-1-1-1.jpg?fit=999%2C776&ssl=1&resize=350%2C200 1x, https:\/\/i0.wp.com\/casadecampoliving.com\/wp-content\/uploads\/2022\/10\/PUCMM-Foto-1-1-1.jpg?fit=999%2C776&ssl=1&resize=525%2C300 1.5x, https:\/\/i0.wp.com\/casadecampoliving.com\/wp-content\/uploads\/2022\/10\/PUCMM-Foto-1-1-1.jpg?fit=999%2C776&ssl=1&resize=700%2C400 2x"},"classes":[]},{"id":346607,"url":"https:\/\/casadecampoliving.com\/es\/cultural-celebration-la-aldea-cultural-santa-rosa-de-lima\/","url_meta":{"origin":350494,"position":3},"title":"Celebraci\u00f3n cultural en \u00abLa Aldea Cultural Santa Rosa de Lima\u00bb","author":"Perkin Agramonte","date":"23 Ene, 2015","format":false,"excerpt":"Ma\u00f1ana s\u00e1bado 24 de enero, el Ministerio de Cultura de la Rep\u00fablica Dominicana invita cordialmente a disfrutar del verdadero sabor de la cultura dominicana en la Aldea Cultural Santa Rosa de Lima. La Aldea Cultural Santa Rosa de Lima en colaboraci\u00f3n con El Museo Altagraciano, se une a la Celebraci\u00f3n\u2026","rel":"","context":"En \u00abArte y cultura\u00bb","block_context":{"text":"Arte y cultura","link":"https:\/\/casadecampoliving.com\/category\/arte-y-cultura\/"},"img":{"alt_text":"","src":"https:\/\/i0.wp.com\/casadecampoliving.com\/wp-content\/uploads\/2022\/10\/Frank-Luna-1.png?fit=650%2C450&ssl=1&resize=350%2C200","width":350,"height":200,"srcset":"https:\/\/i0.wp.com\/casadecampoliving.com\/wp-content\/uploads\/2022\/10\/Frank-Luna-1.png?fit=650%2C450&ssl=1&resize=350%2C200 1x, https:\/\/i0.wp.com\/casadecampoliving.com\/wp-content\/uploads\/2022\/10\/Frank-Luna-1.png?fit=650%2C450&ssl=1&resize=525%2C300 1.5x"},"classes":[]},{"id":350094,"url":"https:\/\/casadecampoliving.com\/es\/cervantes-este-que-veis-aqui-en-la-aldea-cultural\/","url_meta":{"origin":350494,"position":4},"title":"\u201cCervantes, este que veis aqu\u00ed\u201d una celebracion a la vida y obra de Miguel de Cervantes en La Aldea Cultural","author":"Marlenys Guzm\u00e1n Casta\u00f1os","date":"29 Jun, 2016","format":false,"excerpt":"La Aldea Cultural Santa Rosa de Lima nos invita a disfrutar de una exposici\u00f3n especial bajo\u00a0el nombre de Cervantes, este que veis aqu\u00ed\u00a0en La Romana este viernes 1ro de julio a las 7pm. Esta exposici\u00f3n conmemora el 400 aniversario de la muerte del escritor Miguel de Cervantes y Saavedra y\u2026","rel":"","context":"En \u00abArte y cultura\u00bb","block_context":{"text":"Arte y cultura","link":"https:\/\/casadecampoliving.com\/category\/arte-y-cultura\/"},"img":{"alt_text":"","src":"https:\/\/i0.wp.com\/casadecampoliving.com\/wp-content\/uploads\/2022\/10\/shutterstock_192292961.jpg?fit=1000%2C664&ssl=1&resize=350%2C200","width":350,"height":200,"srcset":"https:\/\/i0.wp.com\/casadecampoliving.com\/wp-content\/uploads\/2022\/10\/shutterstock_192292961.jpg?fit=1000%2C664&ssl=1&resize=350%2C200 1x, https:\/\/i0.wp.com\/casadecampoliving.com\/wp-content\/uploads\/2022\/10\/shutterstock_192292961.jpg?fit=1000%2C664&ssl=1&resize=525%2C300 1.5x, https:\/\/i0.wp.com\/casadecampoliving.com\/wp-content\/uploads\/2022\/10\/shutterstock_192292961.jpg?fit=1000%2C664&ssl=1&resize=700%2C400 2x"},"classes":[]},{"id":325124,"url":"https:\/\/casadecampoliving.com\/cultural-celebration-la-aldea-cultural-santa-rosa-de-lima-2\/","url_meta":{"origin":350494,"position":5},"title":"Cultural celebration at \u00abLa Aldea Cultural Santa Rosa de Lima\u00bb","author":"Perkin Agramonte","date":"23 Ene, 2015","format":false,"excerpt":"Tomorrow Saturday January 24th, the Dominican Ministry of Culture a cordially invited to enjoy a true taste of the Dominican culture at the cultural village \u201cLa Aldea Cultural Santa Rosa de Lima\u201d.\u00a0 The celebration to mark \u201cVirgen de La Altagracia\u201d (which was this past Wednesday January 21st) is being organized\u2026","rel":"","context":"En \u00abArt and Culture\u00bb","block_context":{"text":"Art and Culture","link":"https:\/\/casadecampoliving.com\/category\/art-and-culture\/"},"img":{"alt_text":"","src":"https:\/\/i0.wp.com\/casadecampoliving.com\/wp-content\/uploads\/2022\/10\/Frank-Luna-1.png?fit=650%2C450&ssl=1&resize=350%2C200","width":350,"height":200,"srcset":"https:\/\/i0.wp.com\/casadecampoliving.com\/wp-content\/uploads\/2022\/10\/Frank-Luna-1.png?fit=650%2C450&ssl=1&resize=350%2C200 1x, https:\/\/i0.wp.com\/casadecampoliving.com\/wp-content\/uploads\/2022\/10\/Frank-Luna-1.png?fit=650%2C450&ssl=1&resize=525%2C300 1.5x"},"classes":[]}],"jetpack_sharing_enabled":true,"_links":{"self":[{"href":"https:\/\/casadecampoliving.com\/es\/wp-json\/wp\/v2\/posts\/350494","targetHints":{"allow":["GET"]}}],"collection":[{"href":"https:\/\/casadecampoliving.com\/es\/wp-json\/wp\/v2\/posts"}],"about":[{"href":"https:\/\/casadecampoliving.com\/es\/wp-json\/wp\/v2\/types\/post"}],"author":[{"embeddable":true,"href":"https:\/\/casadecampoliving.com\/es\/wp-json\/wp\/v2\/users\/36682"}],"replies":[{"embeddable":true,"href":"https:\/\/casadecampoliving.com\/es\/wp-json\/wp\/v2\/comments?post=350494"}],"version-history":[{"count":1,"href":"https:\/\/casadecampoliving.com\/es\/wp-json\/wp\/v2\/posts\/350494\/revisions"}],"predecessor-version":[{"id":350495,"href":"https:\/\/casadecampoliving.com\/es\/wp-json\/wp\/v2\/posts\/350494\/revisions\/350495"}],"wp:featuredmedia":[{"embeddable":true,"href":"https:\/\/casadecampoliving.com\/es\/wp-json\/wp\/v2\/media\/294806"}],"wp:attachment":[{"href":"https:\/\/casadecampoliving.com\/es\/wp-json\/wp\/v2\/media?parent=350494"}],"wp:term":[{"taxonomy":"category","embeddable":true,"href":"https:\/\/casadecampoliving.com\/es\/wp-json\/wp\/v2\/categories?post=350494"},{"taxonomy":"post_tag","embeddable":true,"href":"https:\/\/casadecampoliving.com\/es\/wp-json\/wp\/v2\/tags?post=350494"},{"taxonomy":"newspack_spnsrs_tax","embeddable":true,"href":"https:\/\/casadecampoliving.com\/es\/wp-json\/wp\/v2\/newspack_spnsrs_tax?post=350494"}],"curies":[{"name":"wp","href":"https:\/\/api.w.org\/{rel}","templated":true}]}}