{"id":350488,"date":"2016-09-12T00:00:00","date_gmt":"2016-09-12T04:00:00","guid":{"rendered":"https:\/\/casadecampoliving.com\/cafe-de-la-leche-celebra-15-anos\/"},"modified":"2022-11-10T10:05:04","modified_gmt":"2022-11-10T14:05:04","slug":"cafe-de-la-leche-celebra-15-anos","status":"publish","type":"post","link":"https:\/\/casadecampoliving.com\/es\/cafe-de-la-leche-celebra-15-anos\/","title":{"rendered":"Caf\u00e9 de la Leche celebra 15 a\u00f1os de apoyo continuo de la comunidad de Casa de Campo"},"content":{"rendered":"<p style=\"text-align: justify;\">Los eventos de Caf\u00e9 de la Leche cuenta cada d\u00eda m\u00e1s con la asistencia continua de las damas de Casa de Campo quienes se re\u00fanen en apoyo del Hogar del Ni\u00f1o. Su edici\u00f3n del\u00a0mes pasado bajo el <a href=\"https:\/\/casadecampoliving.com\/es\/angeles-por-doquier-en-la-mas-reciente-edicion-de-cafe-de-la-leche-por-malele\/\">tema de \u00abOjal\u00e1 Victoria\u00bb organizada por Malele Strofer <\/a>atrajo a muchas personas, y este pasado jueves el evento organizado por\u00a0de Amelia Pereyra no fue la\u00a0excepci\u00f3n. La celebraci\u00f3n del\u00a015to aniversario del Caf\u00e9 de la Leche fue una ocasi\u00f3n muy especial para todos los que han hecho del evento mensual un \u00e9xito.<\/p>\n<p><!--more--><\/p>\n<p><img data-recalc-dims=\"1\" loading=\"lazy\" decoding=\"async\" class=\"size-full wp-image-123338 aligncenter\" src=\"https:\/\/i0.wp.com\/casadecampoliving.com\/wp-content\/uploads\/2022\/10\/DSC_0936.jpg?resize=1000%2C667&#038;ssl=1\" alt=\"Caf\u00e9 de la Leche\" width=\"1000\" height=\"667\" \/><\/p>\n<p style=\"text-align: justify;\">En un ambiente agradable, al aire libre en el patio del hogar de Amelia, los hu\u00e9spedes pudieron disfrutar de entremeses por <a href=\"https:\/\/www.facebook.com\/TresCoordinacionyDecoraciondeEventos\/\" target=\"_blank\" rel=\"noopener\">TRES Coordinaci\u00f3n y Decoracion de Eventos<\/a> y disfrutaron de la\u00a0agradable m\u00fasica de jazz por\u00a0<a href=\"https:\/\/www.facebook.com\/tonkaentertainment\/\" target=\"_blank\" rel=\"noopener\">Tonka Entertainment<\/a>, quienes se\u00a0han presentado\u00a0desde hace mucho tiempo en todo el complejo, Santo Domingo, La Romana y Punta Cana. Esta edici\u00f3n de Caf\u00e9 de la Leche tambi\u00e9n cont\u00f3 con un puesto de ventas de la joyer\u00eda de perlas de colores por Yamilka donde las damas pudieron comprar y probarse las piezas y\u00a0un porcentaje de las ventas fueron destinadas a apoyar a la fundaci\u00f3n.<\/p>\n<p><img data-recalc-dims=\"1\" loading=\"lazy\" decoding=\"async\" class=\"size-full wp-image-123335 aligncenter\" src=\"https:\/\/i0.wp.com\/casadecampoliving.com\/wp-content\/uploads\/2022\/10\/DSC_1000.jpg?resize=1000%2C667&#038;ssl=1\" alt=\"Caf\u00e9 de la Leche with Tonka Entertainment\" width=\"1000\" height=\"667\" \/><\/p>\n<p style=\"text-align: justify;\">Damas pasaron la tarde\u00a0hablando\u00a0de sus planes de oto\u00f1o, mientras disfrutaban de los\u00a0deliciosos Fr\u00edo-Fr\u00edo. La terraza estaba iluminado con luces del patio que decoraban\u00a0las copas de los \u00e1rboles haciendo de este lugar perfecto para hermosas\u00a0fotos pintorescas. En honor a su 15to aniversario, el PBO regalo a los asistentes un monedero de su <a href=\"https:\/\/casadecampoliving.com\/es\/nueva-linea-de-accesosios-eco-del-pbo\/\">nueva linea de accesorios de regreso a clases Eco.<\/a><\/p>\n<p><img data-recalc-dims=\"1\" loading=\"lazy\" decoding=\"async\" class=\"size-full wp-image-123337 aligncenter\" src=\"https:\/\/i0.wp.com\/casadecampoliving.com\/wp-content\/uploads\/2022\/10\/DSC_0988.jpg?resize=1000%2C667&#038;ssl=1\" alt=\"Caf\u00e9 de la Leche\" width=\"1000\" height=\"667\" \/><\/p>\n<blockquote><p>Alessandra Avanzini del\u00a0PBO nos dijo:<\/p>\n<p style=\"text-align: justify;\">\u00abEs incre\u00edble haber celebrado los 15 a\u00f1os del Caf\u00e9 de la Leche, un programa que empez\u00f3 justamente en Septiembre 2001 cuando junto a Monica Davila y Claudia Davila invitamos a las se\u00f1oras de La Romana a compartir\u00a0 un Caf\u00e9 en casa de Claudia, a cambio de una lata de leche para lo bebes de la sala de Infancia del Hogar del Ni\u00f1o. Desde este primer evento hasta el d\u00eda de hoy, el Cafe de la leche ha seguido aportando leche mensualmente al hogar, contribuyendo hoy en d\u00eda con un 80% de las necesidades de consumo de leche para los 200 bebes de Sala de Infancia. Esto es de gran ayuda al PBO, ya que todos los dias se preparan 800 biberones de leche para alimentar a los\u00a0bebes. Quiero dar la gracias a todas las \u00abSe\u00f1oras del Cafe de la Leche\u00bb que desde siempre han\u00a0apoyando incasablemente e incondicionalmente a este programa, \u00a1sin el apoyo de ustedes no hubi\u00e9ramos podido celebrar Los 15 del Caf\u00e9 de la Leche!\u00bb<\/p>\n<\/blockquote>\n<p><strong>El pr\u00f3ximo Caf\u00e9 de la Leche ser\u00e1 el viernes 7 de octubre y sera organizado por Lauren Llenas e\u00a0Idarmis\u00a0<strong>Cucurullo<\/strong>\u00a0en\u00a0Ribera del Rio 11.<\/strong><\/p>\n<p>\u00a1Esperamos contar con el apoyo de siempre de la comunidad hacia esta organizaci\u00f3n y su causa!<\/p>\n<p>Las siguientes fotos fueron tomadas por Mariana Heredia el pasado jueves 8 de septiembre durante la celebraci\u00f3n del\u00a015to aniversario de Caf\u00e9 de la Leche:<\/p>\n<p>[nggallery id=\u00a02675]<\/p>\n<blockquote>\n<h4 class=\"post-title left\"><a href=\"https:\/\/casadecampoliving.com\/es\/angeles-por-doquier-en-la-mas-reciente-edicion-de-cafe-de-la-leche-por-malele\/\">\u00c1ngeles por doquier en la m\u00e1s reciente edici\u00f3n de Caf\u00e9 de la Leche por Malele<\/a><\/h4>\n<p><a href=\"https:\/\/casadecampoliving.com\/es\/angeles-por-doquier-en-la-mas-reciente-edicion-de-cafe-de-la-leche-por-malele\/\"><img data-recalc-dims=\"1\" loading=\"lazy\" decoding=\"async\" class=\"aligncenter wp-image-121685 size-full\" src=\"https:\/\/i0.wp.com\/casadecampoliving.com\/wp-content\/uploads\/2022\/10\/IMG_4408-e1471286997507-1.jpg?resize=1000%2C600&#038;ssl=1\" alt=\"cafe de la leche\" width=\"1000\" height=\"600\" \/><\/a><\/p>\n<p>Alas de \u00e1ngeles de todas las formas, tama\u00f1os y materiales se desplazaron por una pasarela en el c\u00e9sped en hermosas modelos muy parecida al Victoria\u2019s Secret Fashion Show \u2013 \u00a1s\u00f3lo que el VSFS no se compara a toda la diversi\u00f3n que tuvimos el pasado viernes 12 de agosto! La \u00faltima edici\u00f3n del Caf\u00e9 de la Leche, organizado por Malele Strofer en su casa en Ingenio fue uno que recordaremos por mucho tiempo \u00a1gracias a las docenas de mujeres de la comunidad de la Casa de Campo que se unieron a la diversi\u00f3n! <a href=\"https:\/\/casadecampoliving.com\/es\/angeles-por-doquier-en-la-mas-reciente-edicion-de-cafe-de-la-leche-por-malele\/\">Seguir leyendo.<\/a><\/p><\/blockquote>\n","protected":false},"excerpt":{"rendered":"<p>Los eventos de Caf\u00e9 de la Leche cuenta cada d\u00eda m\u00e1s con la asistencia continua de las damas de Casa de Campo quienes se re\u00fanen en apoyo del Hogar del Ni\u00f1o. Su edici\u00f3n del\u00a0mes pasado bajo el tema de \u00abOjal\u00e1 Victoria\u00bb organizada por Malele Strofer atrajo a muchas personas, y este pasado jueves el evento [&hellip;]<\/p>\n","protected":false},"author":36681,"featured_media":294162,"comment_status":"closed","ping_status":"closed","sticky":false,"template":"","format":"standard","meta":{"newspack_ads_suppress_ads":false,"newspack_popups_has_disabled_popups":false,"newspack_sponsor_sponsorship_scope":"","newspack_sponsor_native_byline_display":"inherit","newspack_sponsor_native_category_display":"inherit","newspack_sponsor_underwriter_style":"inherit","newspack_sponsor_underwriter_placement":"inherit","_newspack_byline_active":false,"_newspack_byline":"","newspack_hide_updated_date":false,"newspack_show_updated_date":false,"newspack_content_restriction_is_exempt":false,"newspack_featured_image_position":"","newspack_post_subtitle":"","newspack_article_summary_title":"Overview:","newspack_article_summary":"","_jetpack_memberships_contains_paid_content":false,"footnotes":"","jetpack_publicize_message":"","jetpack_publicize_feature_enabled":true,"jetpack_social_post_already_shared":false,"jetpack_social_options":{"image_generator_settings":{"template":"highway","default_image_id":0,"font":"","enabled":false},"version":2},"_wpas_customize_per_network":false},"categories":[2530,14631,2522,2514,2516],"tags":[3105,19187,23755,5744,7528,12278,4484,19258,14736,8657,3177,8658],"newspack_spnsrs_tax":[],"class_list":["post-350488","post","type-post","status-publish","format-standard","has-post-thumbnail","hentry","category-compras-es","category-estilo-de-vida","category-eventos-es","category-fundaciones-es","category-hogar-del-nino-es","tag-alessandra-avanzini","tag-aniversario","tag-cafe-de-la-leche-es-5","tag-cafe-de-la-leche-es","tag-celebracion","tag-donacion","tag-el-hogar-del-nino","tag-evento-mensual","tag-featured-topview-es","tag-leche","tag-pbo","tag-sala-cuna","entry"],"yoast_head":"<!-- This site is optimized with the Yoast SEO plugin v27.5 - https:\/\/yoast.com\/product\/yoast-seo-wordpress\/ -->\n<title>Caf\u00e9 de la Leche celebra 15 a\u00f1os de apoyo continuo de la comunidad de Casa de Campo | Casa de Campo Living<\/title>\n<meta name=\"description\" content=\"Los eventos de Caf\u00e9 de la Leche cuenta cada d\u00eda m\u00e1s con la asistencia continua de las damas de Casa de Campo quienes se re\u00fanen en apoyo del Hogar del\" \/>\n<meta name=\"robots\" content=\"index, follow, max-snippet:-1, max-image-preview:large, max-video-preview:-1\" \/>\n<link rel=\"canonical\" href=\"https:\/\/casadecampoliving.com\/es\/cafe-de-la-leche-celebra-15-anos\/\" \/>\n<meta property=\"og:locale\" content=\"es_ES\" \/>\n<meta property=\"og:type\" content=\"article\" \/>\n<meta property=\"og:title\" content=\"Caf\u00e9 de la Leche celebra 15 a\u00f1os de apoyo continuo de la comunidad de Casa de Campo | Casa de Campo Living\" \/>\n<meta property=\"og:description\" content=\"Los eventos de Caf\u00e9 de la Leche cuenta cada d\u00eda m\u00e1s con la asistencia continua de las damas de Casa de Campo quienes se re\u00fanen en apoyo del Hogar del\" \/>\n<meta property=\"og:url\" content=\"https:\/\/casadecampoliving.com\/es\/cafe-de-la-leche-celebra-15-anos\/\" \/>\n<meta property=\"og:site_name\" content=\"Casa de Campo Living\" \/>\n<meta property=\"article:publisher\" content=\"https:\/\/www.facebook.com\/casadecampoliving\" \/>\n<meta property=\"article:published_time\" content=\"2016-09-12T04:00:00+00:00\" \/>\n<meta property=\"article:modified_time\" content=\"2022-11-10T14:05:04+00:00\" \/>\n<meta property=\"og:image\" content=\"https:\/\/i0.wp.com\/casadecampoliving.com\/wp-content\/uploads\/2022\/10\/DSC_0888.jpg?fit=1000%2C667&ssl=1\" \/>\n\t<meta property=\"og:image:width\" content=\"1000\" \/>\n\t<meta property=\"og:image:height\" content=\"667\" \/>\n\t<meta property=\"og:image:type\" content=\"image\/jpeg\" \/>\n<meta name=\"author\" content=\"Heather Lincoln\" \/>\n<meta name=\"twitter:card\" content=\"summary_large_image\" \/>\n<meta name=\"twitter:creator\" content=\"@cdcliving\" \/>\n<meta name=\"twitter:site\" content=\"@cdcliving\" \/>\n<meta name=\"twitter:label1\" content=\"Escrito por\" \/>\n\t<meta name=\"twitter:data1\" content=\"Heather Lincoln\" \/>\n\t<meta name=\"twitter:label2\" content=\"Tiempo de lectura\" \/>\n\t<meta name=\"twitter:data2\" content=\"3 minutos\" \/>\n<script type=\"application\/ld+json\" class=\"yoast-schema-graph\">{\"@context\":\"https:\\\/\\\/schema.org\",\"@graph\":[{\"@type\":\"Article\",\"@id\":\"https:\\\/\\\/casadecampoliving.com\\\/es\\\/cafe-de-la-leche-celebra-15-anos\\\/#article\",\"isPartOf\":{\"@id\":\"https:\\\/\\\/casadecampoliving.com\\\/es\\\/cafe-de-la-leche-celebra-15-anos\\\/\"},\"author\":{\"name\":\"Heather Lincoln\",\"@id\":\"https:\\\/\\\/casadecampoliving.com\\\/es\\\/#\\\/schema\\\/person\\\/e3abfc63c1478fd703266a6f33a3145d\"},\"headline\":\"Caf\u00e9 de la Leche celebra 15 a\u00f1os de apoyo continuo de la comunidad de Casa de Campo\",\"datePublished\":\"2016-09-12T04:00:00+00:00\",\"dateModified\":\"2022-11-10T14:05:04+00:00\",\"mainEntityOfPage\":{\"@id\":\"https:\\\/\\\/casadecampoliving.com\\\/es\\\/cafe-de-la-leche-celebra-15-anos\\\/\"},\"wordCount\":654,\"publisher\":{\"@id\":\"https:\\\/\\\/casadecampoliving.com\\\/es\\\/#organization\"},\"image\":{\"@id\":\"https:\\\/\\\/casadecampoliving.com\\\/es\\\/cafe-de-la-leche-celebra-15-anos\\\/#primaryimage\"},\"thumbnailUrl\":\"https:\\\/\\\/i0.wp.com\\\/casadecampoliving.com\\\/wp-content\\\/uploads\\\/2022\\\/10\\\/DSC_0888.jpg?fit=1000%2C667&ssl=1\",\"keywords\":[\"alessandra avanzini\",\"aniversario\",\"cafe de la leche\",\"cafe de la leche @es\",\"celebracion\",\"Donaci\u00f3n\",\"el hogar del nino\",\"evento mensual\",\"Featured-TopView @es\",\"leche\",\"pbo\",\"Sala Cuna\"],\"articleSection\":[\"Compras\",\"Estilo de Vida\",\"Eventos\",\"Fundaciones\",\"Hogar del Ni\u00f1o @es\"],\"inLanguage\":\"es\"},{\"@type\":\"WebPage\",\"@id\":\"https:\\\/\\\/casadecampoliving.com\\\/es\\\/cafe-de-la-leche-celebra-15-anos\\\/\",\"url\":\"https:\\\/\\\/casadecampoliving.com\\\/es\\\/cafe-de-la-leche-celebra-15-anos\\\/\",\"name\":\"Caf\u00e9 de la Leche celebra 15 a\u00f1os de apoyo continuo de la comunidad de Casa de Campo | Casa de Campo Living\",\"isPartOf\":{\"@id\":\"https:\\\/\\\/casadecampoliving.com\\\/es\\\/#website\"},\"primaryImageOfPage\":{\"@id\":\"https:\\\/\\\/casadecampoliving.com\\\/es\\\/cafe-de-la-leche-celebra-15-anos\\\/#primaryimage\"},\"image\":{\"@id\":\"https:\\\/\\\/casadecampoliving.com\\\/es\\\/cafe-de-la-leche-celebra-15-anos\\\/#primaryimage\"},\"thumbnailUrl\":\"https:\\\/\\\/i0.wp.com\\\/casadecampoliving.com\\\/wp-content\\\/uploads\\\/2022\\\/10\\\/DSC_0888.jpg?fit=1000%2C667&ssl=1\",\"datePublished\":\"2016-09-12T04:00:00+00:00\",\"dateModified\":\"2022-11-10T14:05:04+00:00\",\"description\":\"Los eventos de Caf\u00e9 de la Leche cuenta cada d\u00eda m\u00e1s con la asistencia continua de las damas de Casa de Campo quienes se re\u00fanen en apoyo del Hogar del\",\"breadcrumb\":{\"@id\":\"https:\\\/\\\/casadecampoliving.com\\\/es\\\/cafe-de-la-leche-celebra-15-anos\\\/#breadcrumb\"},\"inLanguage\":\"es\",\"potentialAction\":[{\"@type\":\"ReadAction\",\"target\":[\"https:\\\/\\\/casadecampoliving.com\\\/es\\\/cafe-de-la-leche-celebra-15-anos\\\/\"]}]},{\"@type\":\"ImageObject\",\"inLanguage\":\"es\",\"@id\":\"https:\\\/\\\/casadecampoliving.com\\\/es\\\/cafe-de-la-leche-celebra-15-anos\\\/#primaryimage\",\"url\":\"https:\\\/\\\/i0.wp.com\\\/casadecampoliving.com\\\/wp-content\\\/uploads\\\/2022\\\/10\\\/DSC_0888.jpg?fit=1000%2C667&ssl=1\",\"contentUrl\":\"https:\\\/\\\/i0.wp.com\\\/casadecampoliving.com\\\/wp-content\\\/uploads\\\/2022\\\/10\\\/DSC_0888.jpg?fit=1000%2C667&ssl=1\",\"width\":1000,\"height\":667,\"caption\":\"Caf\u00e9 de la Leche 15th Anniversary\"},{\"@type\":\"BreadcrumbList\",\"@id\":\"https:\\\/\\\/casadecampoliving.com\\\/es\\\/cafe-de-la-leche-celebra-15-anos\\\/#breadcrumb\",\"itemListElement\":[{\"@type\":\"ListItem\",\"position\":1,\"name\":\"Home\",\"item\":\"https:\\\/\\\/casadecampoliving.com\\\/es\\\/\"},{\"@type\":\"ListItem\",\"position\":2,\"name\":\"Caf\u00e9 de la Leche celebra 15 a\u00f1os de apoyo continuo de la comunidad de Casa de Campo\"}]},{\"@type\":\"WebSite\",\"@id\":\"https:\\\/\\\/casadecampoliving.com\\\/es\\\/#website\",\"url\":\"https:\\\/\\\/casadecampoliving.com\\\/es\\\/\",\"name\":\"Casa de Campo Living\",\"description\":\"Resort community news and resources.\",\"publisher\":{\"@id\":\"https:\\\/\\\/casadecampoliving.com\\\/es\\\/#organization\"},\"potentialAction\":[{\"@type\":\"SearchAction\",\"target\":{\"@type\":\"EntryPoint\",\"urlTemplate\":\"https:\\\/\\\/casadecampoliving.com\\\/es\\\/?s={search_term_string}\"},\"query-input\":{\"@type\":\"PropertyValueSpecification\",\"valueRequired\":true,\"valueName\":\"search_term_string\"}}],\"inLanguage\":\"es\"},{\"@type\":\"Organization\",\"@id\":\"https:\\\/\\\/casadecampoliving.com\\\/es\\\/#organization\",\"name\":\"Casa de Campo Living\",\"url\":\"https:\\\/\\\/casadecampoliving.com\\\/es\\\/\",\"logo\":{\"@type\":\"ImageObject\",\"inLanguage\":\"es\",\"@id\":\"https:\\\/\\\/casadecampoliving.com\\\/es\\\/#\\\/schema\\\/logo\\\/image\\\/\",\"url\":\"https:\\\/\\\/i0.wp.com\\\/casadecampoliving.com\\\/wp-content\\\/uploads\\\/2022\\\/07\\\/CDCLivingLogo_V1-white-sized.png?fit=800%2C214&ssl=1\",\"contentUrl\":\"https:\\\/\\\/i0.wp.com\\\/casadecampoliving.com\\\/wp-content\\\/uploads\\\/2022\\\/07\\\/CDCLivingLogo_V1-white-sized.png?fit=800%2C214&ssl=1\",\"width\":800,\"height\":214,\"caption\":\"Casa de Campo Living\"},\"image\":{\"@id\":\"https:\\\/\\\/casadecampoliving.com\\\/es\\\/#\\\/schema\\\/logo\\\/image\\\/\"},\"sameAs\":[\"https:\\\/\\\/www.facebook.com\\\/casadecampoliving\",\"https:\\\/\\\/x.com\\\/cdcliving\"]},{\"@type\":\"Person\",\"@id\":\"https:\\\/\\\/casadecampoliving.com\\\/es\\\/#\\\/schema\\\/person\\\/e3abfc63c1478fd703266a6f33a3145d\",\"name\":\"Heather Lincoln\",\"image\":{\"@type\":\"ImageObject\",\"inLanguage\":\"es\",\"@id\":\"https:\\\/\\\/secure.gravatar.com\\\/avatar\\\/e8fc1ce4ad50385675908137b0d8d66be281d034bf072b4700460237638ea6d0?s=96&d=mm&r=g\",\"url\":\"https:\\\/\\\/secure.gravatar.com\\\/avatar\\\/e8fc1ce4ad50385675908137b0d8d66be281d034bf072b4700460237638ea6d0?s=96&d=mm&r=g\",\"contentUrl\":\"https:\\\/\\\/secure.gravatar.com\\\/avatar\\\/e8fc1ce4ad50385675908137b0d8d66be281d034bf072b4700460237638ea6d0?s=96&d=mm&r=g\",\"caption\":\"Heather Lincoln\"},\"url\":\"https:\\\/\\\/casadecampoliving.com\\\/es\\\/author\\\/hcastillo\\\/\"}]}<\/script>\n<!-- \/ Yoast SEO plugin. -->","yoast_head_json":{"title":"Caf\u00e9 de la Leche celebra 15 a\u00f1os de apoyo continuo de la comunidad de Casa de Campo | Casa de Campo Living","description":"Los eventos de Caf\u00e9 de la Leche cuenta cada d\u00eda m\u00e1s con la asistencia continua de las damas de Casa de Campo quienes se re\u00fanen en apoyo del Hogar del","robots":{"index":"index","follow":"follow","max-snippet":"max-snippet:-1","max-image-preview":"max-image-preview:large","max-video-preview":"max-video-preview:-1"},"canonical":"https:\/\/casadecampoliving.com\/es\/cafe-de-la-leche-celebra-15-anos\/","og_locale":"es_ES","og_type":"article","og_title":"Caf\u00e9 de la Leche celebra 15 a\u00f1os de apoyo continuo de la comunidad de Casa de Campo | Casa de Campo Living","og_description":"Los eventos de Caf\u00e9 de la Leche cuenta cada d\u00eda m\u00e1s con la asistencia continua de las damas de Casa de Campo quienes se re\u00fanen en apoyo del Hogar del","og_url":"https:\/\/casadecampoliving.com\/es\/cafe-de-la-leche-celebra-15-anos\/","og_site_name":"Casa de Campo Living","article_publisher":"https:\/\/www.facebook.com\/casadecampoliving","article_published_time":"2016-09-12T04:00:00+00:00","article_modified_time":"2022-11-10T14:05:04+00:00","og_image":[{"width":1000,"height":667,"url":"https:\/\/i0.wp.com\/casadecampoliving.com\/wp-content\/uploads\/2022\/10\/DSC_0888.jpg?fit=1000%2C667&ssl=1","type":"image\/jpeg"}],"author":"Heather Lincoln","twitter_card":"summary_large_image","twitter_creator":"@cdcliving","twitter_site":"@cdcliving","twitter_misc":{"Escrito por":"Heather Lincoln","Tiempo de lectura":"3 minutos"},"schema":{"@context":"https:\/\/schema.org","@graph":[{"@type":"Article","@id":"https:\/\/casadecampoliving.com\/es\/cafe-de-la-leche-celebra-15-anos\/#article","isPartOf":{"@id":"https:\/\/casadecampoliving.com\/es\/cafe-de-la-leche-celebra-15-anos\/"},"author":{"name":"Heather Lincoln","@id":"https:\/\/casadecampoliving.com\/es\/#\/schema\/person\/e3abfc63c1478fd703266a6f33a3145d"},"headline":"Caf\u00e9 de la Leche celebra 15 a\u00f1os de apoyo continuo de la comunidad de Casa de Campo","datePublished":"2016-09-12T04:00:00+00:00","dateModified":"2022-11-10T14:05:04+00:00","mainEntityOfPage":{"@id":"https:\/\/casadecampoliving.com\/es\/cafe-de-la-leche-celebra-15-anos\/"},"wordCount":654,"publisher":{"@id":"https:\/\/casadecampoliving.com\/es\/#organization"},"image":{"@id":"https:\/\/casadecampoliving.com\/es\/cafe-de-la-leche-celebra-15-anos\/#primaryimage"},"thumbnailUrl":"https:\/\/i0.wp.com\/casadecampoliving.com\/wp-content\/uploads\/2022\/10\/DSC_0888.jpg?fit=1000%2C667&ssl=1","keywords":["alessandra avanzini","aniversario","cafe de la leche","cafe de la leche @es","celebracion","Donaci\u00f3n","el hogar del nino","evento mensual","Featured-TopView @es","leche","pbo","Sala Cuna"],"articleSection":["Compras","Estilo de Vida","Eventos","Fundaciones","Hogar del Ni\u00f1o @es"],"inLanguage":"es"},{"@type":"WebPage","@id":"https:\/\/casadecampoliving.com\/es\/cafe-de-la-leche-celebra-15-anos\/","url":"https:\/\/casadecampoliving.com\/es\/cafe-de-la-leche-celebra-15-anos\/","name":"Caf\u00e9 de la Leche celebra 15 a\u00f1os de apoyo continuo de la comunidad de Casa de Campo | Casa de Campo Living","isPartOf":{"@id":"https:\/\/casadecampoliving.com\/es\/#website"},"primaryImageOfPage":{"@id":"https:\/\/casadecampoliving.com\/es\/cafe-de-la-leche-celebra-15-anos\/#primaryimage"},"image":{"@id":"https:\/\/casadecampoliving.com\/es\/cafe-de-la-leche-celebra-15-anos\/#primaryimage"},"thumbnailUrl":"https:\/\/i0.wp.com\/casadecampoliving.com\/wp-content\/uploads\/2022\/10\/DSC_0888.jpg?fit=1000%2C667&ssl=1","datePublished":"2016-09-12T04:00:00+00:00","dateModified":"2022-11-10T14:05:04+00:00","description":"Los eventos de Caf\u00e9 de la Leche cuenta cada d\u00eda m\u00e1s con la asistencia continua de las damas de Casa de Campo quienes se re\u00fanen en apoyo del Hogar del","breadcrumb":{"@id":"https:\/\/casadecampoliving.com\/es\/cafe-de-la-leche-celebra-15-anos\/#breadcrumb"},"inLanguage":"es","potentialAction":[{"@type":"ReadAction","target":["https:\/\/casadecampoliving.com\/es\/cafe-de-la-leche-celebra-15-anos\/"]}]},{"@type":"ImageObject","inLanguage":"es","@id":"https:\/\/casadecampoliving.com\/es\/cafe-de-la-leche-celebra-15-anos\/#primaryimage","url":"https:\/\/i0.wp.com\/casadecampoliving.com\/wp-content\/uploads\/2022\/10\/DSC_0888.jpg?fit=1000%2C667&ssl=1","contentUrl":"https:\/\/i0.wp.com\/casadecampoliving.com\/wp-content\/uploads\/2022\/10\/DSC_0888.jpg?fit=1000%2C667&ssl=1","width":1000,"height":667,"caption":"Caf\u00e9 de la Leche 15th Anniversary"},{"@type":"BreadcrumbList","@id":"https:\/\/casadecampoliving.com\/es\/cafe-de-la-leche-celebra-15-anos\/#breadcrumb","itemListElement":[{"@type":"ListItem","position":1,"name":"Home","item":"https:\/\/casadecampoliving.com\/es\/"},{"@type":"ListItem","position":2,"name":"Caf\u00e9 de la Leche celebra 15 a\u00f1os de apoyo continuo de la comunidad de Casa de Campo"}]},{"@type":"WebSite","@id":"https:\/\/casadecampoliving.com\/es\/#website","url":"https:\/\/casadecampoliving.com\/es\/","name":"Casa de Campo Living","description":"Resort community news and resources.","publisher":{"@id":"https:\/\/casadecampoliving.com\/es\/#organization"},"potentialAction":[{"@type":"SearchAction","target":{"@type":"EntryPoint","urlTemplate":"https:\/\/casadecampoliving.com\/es\/?s={search_term_string}"},"query-input":{"@type":"PropertyValueSpecification","valueRequired":true,"valueName":"search_term_string"}}],"inLanguage":"es"},{"@type":"Organization","@id":"https:\/\/casadecampoliving.com\/es\/#organization","name":"Casa de Campo Living","url":"https:\/\/casadecampoliving.com\/es\/","logo":{"@type":"ImageObject","inLanguage":"es","@id":"https:\/\/casadecampoliving.com\/es\/#\/schema\/logo\/image\/","url":"https:\/\/i0.wp.com\/casadecampoliving.com\/wp-content\/uploads\/2022\/07\/CDCLivingLogo_V1-white-sized.png?fit=800%2C214&ssl=1","contentUrl":"https:\/\/i0.wp.com\/casadecampoliving.com\/wp-content\/uploads\/2022\/07\/CDCLivingLogo_V1-white-sized.png?fit=800%2C214&ssl=1","width":800,"height":214,"caption":"Casa de Campo Living"},"image":{"@id":"https:\/\/casadecampoliving.com\/es\/#\/schema\/logo\/image\/"},"sameAs":["https:\/\/www.facebook.com\/casadecampoliving","https:\/\/x.com\/cdcliving"]},{"@type":"Person","@id":"https:\/\/casadecampoliving.com\/es\/#\/schema\/person\/e3abfc63c1478fd703266a6f33a3145d","name":"Heather Lincoln","image":{"@type":"ImageObject","inLanguage":"es","@id":"https:\/\/secure.gravatar.com\/avatar\/e8fc1ce4ad50385675908137b0d8d66be281d034bf072b4700460237638ea6d0?s=96&d=mm&r=g","url":"https:\/\/secure.gravatar.com\/avatar\/e8fc1ce4ad50385675908137b0d8d66be281d034bf072b4700460237638ea6d0?s=96&d=mm&r=g","contentUrl":"https:\/\/secure.gravatar.com\/avatar\/e8fc1ce4ad50385675908137b0d8d66be281d034bf072b4700460237638ea6d0?s=96&d=mm&r=g","caption":"Heather Lincoln"},"url":"https:\/\/casadecampoliving.com\/es\/author\/hcastillo\/"}]}},"parsely":{"version":"1.1.0","canonical_url":"https:\/\/casadecampoliving.com\/es\/cafe-de-la-leche-celebra-15-anos\/","smart_links":{"inbound":0,"outbound":0},"traffic_boost_suggestions_count":0,"meta":{"@context":"https:\/\/schema.org","@type":"NewsArticle","headline":"Caf\u00e9 de la Leche celebra 15 a\u00f1os de apoyo continuo de la comunidad de Casa de Campo","url":"http:\/\/casadecampoliving.com\/es\/cafe-de-la-leche-celebra-15-anos\/","mainEntityOfPage":{"@type":"WebPage","@id":"http:\/\/casadecampoliving.com\/es\/cafe-de-la-leche-celebra-15-anos\/"},"thumbnailUrl":"https:\/\/i0.wp.com\/casadecampoliving.com\/wp-content\/uploads\/2022\/10\/DSC_0888.jpg?resize=150%2C150&ssl=1","image":{"@type":"ImageObject","url":"https:\/\/i0.wp.com\/casadecampoliving.com\/wp-content\/uploads\/2022\/10\/DSC_0888.jpg?fit=1000%2C667&ssl=1"},"articleSection":"Compras","author":[{"@type":"Person","name":"Heather Lincoln"}],"creator":["Heather Lincoln"],"publisher":{"@type":"Organization","name":"Casa de Campo Living","logo":"https:\/\/casadecampoliving.com\/wp-content\/uploads\/2022\/07\/CDCLivingLogo_V1-white-sized.png"},"keywords":["alessandra avanzini","aniversario","cafe de la leche","cafe de la leche @es","celebracion","donaci\u00f3n","el hogar del nino","evento mensual","featured-topview @es","leche","pbo","sala cuna"],"dateCreated":"2016-09-12T04:00:00Z","datePublished":"2016-09-12T04:00:00Z","dateModified":"2022-11-10T14:05:04Z"},"rendered":"<script type=\"application\/ld+json\" class=\"wp-parsely-metadata\">{\"@context\":\"https:\\\/\\\/schema.org\",\"@type\":\"NewsArticle\",\"headline\":\"Caf\\u00e9 de la Leche celebra 15 a\\u00f1os de apoyo continuo de la comunidad de Casa de Campo\",\"url\":\"http:\\\/\\\/casadecampoliving.com\\\/es\\\/cafe-de-la-leche-celebra-15-anos\\\/\",\"mainEntityOfPage\":{\"@type\":\"WebPage\",\"@id\":\"http:\\\/\\\/casadecampoliving.com\\\/es\\\/cafe-de-la-leche-celebra-15-anos\\\/\"},\"thumbnailUrl\":\"https:\\\/\\\/i0.wp.com\\\/casadecampoliving.com\\\/wp-content\\\/uploads\\\/2022\\\/10\\\/DSC_0888.jpg?resize=150%2C150&ssl=1\",\"image\":{\"@type\":\"ImageObject\",\"url\":\"https:\\\/\\\/i0.wp.com\\\/casadecampoliving.com\\\/wp-content\\\/uploads\\\/2022\\\/10\\\/DSC_0888.jpg?fit=1000%2C667&ssl=1\"},\"articleSection\":\"Compras\",\"author\":[{\"@type\":\"Person\",\"name\":\"Heather Lincoln\"}],\"creator\":[\"Heather Lincoln\"],\"publisher\":{\"@type\":\"Organization\",\"name\":\"Casa de Campo Living\",\"logo\":\"https:\\\/\\\/casadecampoliving.com\\\/wp-content\\\/uploads\\\/2022\\\/07\\\/CDCLivingLogo_V1-white-sized.png\"},\"keywords\":[\"alessandra avanzini\",\"aniversario\",\"cafe de la leche\",\"cafe de la leche @es\",\"celebracion\",\"donaci\\u00f3n\",\"el hogar del nino\",\"evento mensual\",\"featured-topview @es\",\"leche\",\"pbo\",\"sala cuna\"],\"dateCreated\":\"2016-09-12T04:00:00Z\",\"datePublished\":\"2016-09-12T04:00:00Z\",\"dateModified\":\"2022-11-10T14:05:04Z\"}<\/script>","tracker_url":"https:\/\/cdn.parsely.com\/keys\/casadecampoliving.com\/p.js"},"jetpack_publicize_connections":[],"jetpack_featured_media_url":"https:\/\/i0.wp.com\/casadecampoliving.com\/wp-content\/uploads\/2022\/10\/DSC_0888.jpg?fit=1000%2C667&ssl=1","jetpack-related-posts":[{"id":350453,"url":"https:\/\/casadecampoliving.com\/es\/cafe-de-la-leche-15to-aniversario\/","url_meta":{"origin":350488,"position":0},"title":"\u00a1Caf\u00e9 de la Leche los invita a la celebraci\u00f3n de su 15to aniversario este jueves!","author":"Heather Lincoln","date":"5 Sep, 2016","format":false,"excerpt":"Este jueves 8 de septiembre, el Patronato Ben\u00e9fico Oriental (PBO) los invita a una edici\u00f3n muy especial del Caf\u00e9 de la Leche. Este evento, que ser\u00e1 organizado por Amelia Pereyra en\u00a0Golf Villa #279, \u00a1marca\u00a0el 15to aniversario de este evento mensual que comenz\u00f3 en 2001! A trav\u00e9s de las contribuciones del\u2026","rel":"","context":"En \u00abEstilo de Vida\u00bb","block_context":{"text":"Estilo de Vida","link":"https:\/\/casadecampoliving.com\/es\/category\/estilo-de-vida\/"},"img":{"alt_text":"Cafe de la Leche","src":"https:\/\/i0.wp.com\/casadecampoliving.com\/wp-content\/uploads\/2022\/10\/BDC_5982-e1473100245255.jpg?fit=1000%2C667&ssl=1&resize=350%2C200","width":350,"height":200,"srcset":"https:\/\/i0.wp.com\/casadecampoliving.com\/wp-content\/uploads\/2022\/10\/BDC_5982-e1473100245255.jpg?fit=1000%2C667&ssl=1&resize=350%2C200 1x, https:\/\/i0.wp.com\/casadecampoliving.com\/wp-content\/uploads\/2022\/10\/BDC_5982-e1473100245255.jpg?fit=1000%2C667&ssl=1&resize=525%2C300 1.5x, https:\/\/i0.wp.com\/casadecampoliving.com\/wp-content\/uploads\/2022\/10\/BDC_5982-e1473100245255.jpg?fit=1000%2C667&ssl=1&resize=700%2C400 2x"},"classes":[]},{"id":352846,"url":"https:\/\/casadecampoliving.com\/es\/feliz-17-aniversario-cafe-de-la-leche-hogar-del-nino\/","url_meta":{"origin":350488,"position":1},"title":"\u00a1Feliz 17\u00b0 aniversario Caf\u00e9 de la Leche!","author":"Marlenys Guzm\u00e1n Casta\u00f1os","date":"29 Ago, 2018","format":false,"excerpt":"El pr\u00f3ximo jueves 6 de septiembre, el Patronato Ben\u00e9fico Oriental (PBO) solicita su asistencia a una edici\u00f3n muy especial de Caf\u00e9 de la Leche. El evento, que ser\u00e1 organizado por Amelia Pereyra en Golf Villa # 279, celebra 17 a\u00f1os desde el comienzo de las reuniones mensuales que comenzaron en\u2026","rel":"","context":"En \u00abEstilo de Vida\u00bb","block_context":{"text":"Estilo de Vida","link":"https:\/\/casadecampoliving.com\/es\/category\/estilo-de-vida\/"},"img":{"alt_text":"","src":"https:\/\/i0.wp.com\/casadecampoliving.com\/wp-content\/uploads\/2018\/08\/IMG_0441.jpg?resize=350%2C200&ssl=1","width":350,"height":200,"srcset":"https:\/\/i0.wp.com\/casadecampoliving.com\/wp-content\/uploads\/2018\/08\/IMG_0441.jpg?resize=350%2C200&ssl=1 1x, https:\/\/i0.wp.com\/casadecampoliving.com\/wp-content\/uploads\/2018\/08\/IMG_0441.jpg?resize=525%2C300&ssl=1 1.5x, https:\/\/i0.wp.com\/casadecampoliving.com\/wp-content\/uploads\/2018\/08\/IMG_0441.jpg?resize=700%2C400&ssl=1 2x"},"classes":[]},{"id":354325,"url":"https:\/\/casadecampoliving.com\/es\/estas-invitado-unete-al-cafe-de-la-leche-de-abril-con-amelia-pereyra-en-buena-vista-norte\/","url_meta":{"origin":350488,"position":2},"title":"\u00a1Est\u00e1s invitado! \u00danete al Caf\u00e9 de la Leche de abril con Amelia Pereyra en Buena Vista Norte","author":"Casa de Campo Living","date":"28 Mar, 2022","format":false,"excerpt":"\u00a1Con un nuevo mes llega una nueva oportunidad de unirnos por una gran causa! Caf\u00e9 de la Leche regresa el 13 de abril de la mano de Amelia Pereyra en Buena Vista Norte. Sin duda, este ser\u00e1 un evento magn\u00edfico y una manera maravillosa de continuar las celebraciones de Semana\u2026","rel":"","context":"En \u00abCasa de Campo Living @es\u00bb","block_context":{"text":"Casa de Campo Living @es","link":"https:\/\/casadecampoliving.com\/category\/casa-de-campo-living-es\/"},"img":{"alt_text":"","src":"https:\/\/i0.wp.com\/casadecampoliving.com\/wp-content\/uploads\/2022\/10\/Amelia-Pereya-Adriana-de-Feaugas-Erika-Pelaez-1.jpg?fit=1000%2C667&ssl=1&resize=350%2C200","width":350,"height":200,"srcset":"https:\/\/i0.wp.com\/casadecampoliving.com\/wp-content\/uploads\/2022\/10\/Amelia-Pereya-Adriana-de-Feaugas-Erika-Pelaez-1.jpg?fit=1000%2C667&ssl=1&resize=350%2C200 1x, https:\/\/i0.wp.com\/casadecampoliving.com\/wp-content\/uploads\/2022\/10\/Amelia-Pereya-Adriana-de-Feaugas-Erika-Pelaez-1.jpg?fit=1000%2C667&ssl=1&resize=525%2C300 1.5x, https:\/\/i0.wp.com\/casadecampoliving.com\/wp-content\/uploads\/2022\/10\/Amelia-Pereya-Adriana-de-Feaugas-Erika-Pelaez-1.jpg?fit=1000%2C667&ssl=1&resize=700%2C400 2x"},"classes":[]},{"id":353556,"url":"https:\/\/casadecampoliving.com\/es\/amelia-pereyra-te-invita-a-celebrar-el-18o-aniversario-del-cafe-de-la-leche-este-viernes\/","url_meta":{"origin":350488,"position":3},"title":"\u00a1Amelia Pereyra te invita a celebrar el 18\u00ba aniversario del Caf\u00e9 de la Leche este viernes!","author":"Casa de Campo Living","date":"26 Sep, 2019","format":false,"excerpt":"Este viernes 27 de septiembre, el Patronato Ben\u00e9fico Oriental (PBO) solicita su asistencia a una edici\u00f3n muy especial de Caf\u00e9 de la Leche. El evento, que ser\u00e1 organizado por Amelia Pereyra en The Living Room by Good Vibe en Altos de Chav\u00f3n, \u00a1marca 18 a\u00f1os desde el comienzo de las\u2026","rel":"","context":"En \u00abAltos de Chavon @es\u00bb","block_context":{"text":"Altos de Chavon @es","link":"https:\/\/casadecampoliving.com\/category\/altos-de-chavon-es\/"},"img":{"alt_text":"","src":"https:\/\/i0.wp.com\/casadecampoliving.com\/wp-content\/uploads\/2022\/10\/IMG_9960.jpg?fit=1000%2C600&ssl=1&resize=350%2C200","width":350,"height":200,"srcset":"https:\/\/i0.wp.com\/casadecampoliving.com\/wp-content\/uploads\/2022\/10\/IMG_9960.jpg?fit=1000%2C600&ssl=1&resize=350%2C200 1x, https:\/\/i0.wp.com\/casadecampoliving.com\/wp-content\/uploads\/2022\/10\/IMG_9960.jpg?fit=1000%2C600&ssl=1&resize=525%2C300 1.5x, https:\/\/i0.wp.com\/casadecampoliving.com\/wp-content\/uploads\/2022\/10\/IMG_9960.jpg?fit=1000%2C600&ssl=1&resize=700%2C400 2x"},"classes":[]},{"id":353559,"url":"https:\/\/casadecampoliving.com\/es\/feliz-18-aniversario-cafe-de-la-leche\/","url_meta":{"origin":350488,"position":4},"title":"\u00a1Feliz 18 aniversario Caf\u00e9 de la Leche!","author":"Casa de Campo Living","date":"30 Sep, 2019","format":false,"excerpt":"\u00a1Las reuniones de Caf\u00e9 de la Leche son una excelente manera de comenzar el fin de semana temprano! El evento de este mes tuvo lugar el viernes 27 de septiembre en The Living Room by Good Vibe, organizado por Amelia Pereyra, quien durante los \u00faltimos a\u00f1os ha dado a la\u2026","rel":"","context":"En \u00abEstilo de Vida\u00bb","block_context":{"text":"Estilo de Vida","link":"https:\/\/casadecampoliving.com\/es\/category\/estilo-de-vida\/"},"img":{"alt_text":"","src":"https:\/\/i0.wp.com\/casadecampoliving.com\/wp-content\/uploads\/2022\/10\/cafe-10.jpg?fit=1000%2C600&ssl=1&resize=350%2C200","width":350,"height":200,"srcset":"https:\/\/i0.wp.com\/casadecampoliving.com\/wp-content\/uploads\/2022\/10\/cafe-10.jpg?fit=1000%2C600&ssl=1&resize=350%2C200 1x, https:\/\/i0.wp.com\/casadecampoliving.com\/wp-content\/uploads\/2022\/10\/cafe-10.jpg?fit=1000%2C600&ssl=1&resize=525%2C300 1.5x, https:\/\/i0.wp.com\/casadecampoliving.com\/wp-content\/uploads\/2022\/10\/cafe-10.jpg?fit=1000%2C600&ssl=1&resize=700%2C400 2x"},"classes":[]},{"id":354145,"url":"https:\/\/casadecampoliving.com\/es\/cafe-de-la-leche-20-anos-de-la-comunidad-mostrando-su-continuo-apoyo-al-hogar-del-nino\/","url_meta":{"origin":350488,"position":5},"title":"Caf\u00e9 de la Leche: 20 a\u00f1os de la comunidad mostrando su continuo apoyo al Hogar del Ni\u00f1o","author":"Casa de Campo Living","date":"3 Sep, 2021","format":false,"excerpt":"\u00bfQui\u00e9n hubiera pensado que una taza de caf\u00e9 y unos bocadillos compartidos entre tres mujeres pronto se convertir\u00eda en una de las actividades de recaudaci\u00f3n de fondos m\u00e1s activas y populares en Casa de Campo La Romana? El ahora muy conocido evento ben\u00e9fico, el \u201cCaf\u00e9 de la Leche\u201d para el\u2026","rel":"","context":"En \u00abAltos de Chavon @es\u00bb","block_context":{"text":"Altos de Chavon @es","link":"https:\/\/casadecampoliving.com\/category\/altos-de-chavon-es\/"},"img":{"alt_text":"","src":"https:\/\/i0.wp.com\/casadecampoliving.com\/wp-content\/uploads\/2022\/10\/Gabriella-Reginato-Sandra-Alvarado-Xiomara-Menendez-Alexandra-Avanzini-2-e1630947042301-1.jpg?fit=1000%2C667&ssl=1&resize=350%2C200","width":350,"height":200,"srcset":"https:\/\/i0.wp.com\/casadecampoliving.com\/wp-content\/uploads\/2022\/10\/Gabriella-Reginato-Sandra-Alvarado-Xiomara-Menendez-Alexandra-Avanzini-2-e1630947042301-1.jpg?fit=1000%2C667&ssl=1&resize=350%2C200 1x, https:\/\/i0.wp.com\/casadecampoliving.com\/wp-content\/uploads\/2022\/10\/Gabriella-Reginato-Sandra-Alvarado-Xiomara-Menendez-Alexandra-Avanzini-2-e1630947042301-1.jpg?fit=1000%2C667&ssl=1&resize=525%2C300 1.5x, https:\/\/i0.wp.com\/casadecampoliving.com\/wp-content\/uploads\/2022\/10\/Gabriella-Reginato-Sandra-Alvarado-Xiomara-Menendez-Alexandra-Avanzini-2-e1630947042301-1.jpg?fit=1000%2C667&ssl=1&resize=700%2C400 2x"},"classes":[]}],"jetpack_sharing_enabled":true,"_links":{"self":[{"href":"https:\/\/casadecampoliving.com\/es\/wp-json\/wp\/v2\/posts\/350488","targetHints":{"allow":["GET"]}}],"collection":[{"href":"https:\/\/casadecampoliving.com\/es\/wp-json\/wp\/v2\/posts"}],"about":[{"href":"https:\/\/casadecampoliving.com\/es\/wp-json\/wp\/v2\/types\/post"}],"author":[{"embeddable":true,"href":"https:\/\/casadecampoliving.com\/es\/wp-json\/wp\/v2\/users\/36681"}],"replies":[{"embeddable":true,"href":"https:\/\/casadecampoliving.com\/es\/wp-json\/wp\/v2\/comments?post=350488"}],"version-history":[{"count":1,"href":"https:\/\/casadecampoliving.com\/es\/wp-json\/wp\/v2\/posts\/350488\/revisions"}],"predecessor-version":[{"id":350489,"href":"https:\/\/casadecampoliving.com\/es\/wp-json\/wp\/v2\/posts\/350488\/revisions\/350489"}],"wp:featuredmedia":[{"embeddable":true,"href":"https:\/\/casadecampoliving.com\/es\/wp-json\/wp\/v2\/media\/294162"}],"wp:attachment":[{"href":"https:\/\/casadecampoliving.com\/es\/wp-json\/wp\/v2\/media?parent=350488"}],"wp:term":[{"taxonomy":"category","embeddable":true,"href":"https:\/\/casadecampoliving.com\/es\/wp-json\/wp\/v2\/categories?post=350488"},{"taxonomy":"post_tag","embeddable":true,"href":"https:\/\/casadecampoliving.com\/es\/wp-json\/wp\/v2\/tags?post=350488"},{"taxonomy":"newspack_spnsrs_tax","embeddable":true,"href":"https:\/\/casadecampoliving.com\/es\/wp-json\/wp\/v2\/newspack_spnsrs_tax?post=350488"}],"curies":[{"name":"wp","href":"https:\/\/api.w.org\/{rel}","templated":true}]}}