{"id":350442,"date":"2016-08-30T00:00:00","date_gmt":"2016-08-30T04:00:00","guid":{"rendered":"https:\/\/casadecampoliving.com\/casa-de-campo-anuncia-el-39o-international-tennis-tournament-in-santo-domingo\/"},"modified":"2022-11-10T10:33:07","modified_gmt":"2022-11-10T14:33:07","slug":"casa-de-campo-anuncia-el-39o-international-tennis-tournament-in-santo-domingo","status":"publish","type":"post","link":"https:\/\/casadecampoliving.com\/es\/casa-de-campo-anuncia-el-39o-international-tennis-tournament-in-santo-domingo\/","title":{"rendered":"Casa de Campo anuncia el 39o Torneo Internacional de Tenis en Santo Domingo"},"content":{"rendered":"<img data-recalc-dims=\"1\" loading=\"lazy\" decoding=\"async\" class=\"size-full wp-image-122747 aligncenter\" src=\"https:\/\/i0.wp.com\/casadecampoliving.com\/wp-content\/uploads\/2022\/10\/CdC_pressconference23.jpg?resize=1000%2C667&#038;ssl=1\" alt=\"CdC_pressconference23\" width=\"1000\" height=\"667\" \/>\n<p style=\"text-align: justify;\">La rueda de prensa y el c\u00f3ctel de Casa de Campo se llevo acabo en el Santo Domingo Country Club y celebr\u00f3 el anuncio del 39\u00ba\u00a0Torneo Internacional de Tenis que se realizar\u00e1\u00a0este fin de semana en el Centro de Tenis La Terraza. El evento anual da la bienvenida a los jugadores y los entusiastas de tenis de todo el mundo \u00a1y es una antigua tradici\u00f3n que no debe perderse! Daniel Hern\u00e1ndez, director de la Casa de Campo Resort &amp; Villas, expres\u00f3 su emoci\u00f3n por el torneo que comienza el jueves 1ro de Septiembre, e invito a los\u00a0miembros de los dem\u00e1s clubes de tenis a participar en el evento.<\/p>\n<!--more--><img data-recalc-dims=\"1\" loading=\"lazy\" decoding=\"async\" class=\"alignright wp-image-122748\" src=\"https:\/\/i0.wp.com\/casadecampoliving.com\/wp-content\/uploads\/2022\/10\/CdC_pressconference29.jpg?resize=300%2C450&#038;ssl=1\" alt=\"CdC_pressconference29\" width=\"300\" height=\"450\" \/>\n<p class=\"p1\" style=\"text-align: justify;\"><span class=\"s1\">El Torneo Internacional de Tenis Copa Casa de Campo fue fundado por el empresario \u00edtalo-dominicano Vincenzo Mastrolilli en 1978 y desde entonces ha contado con el apoyo de todos. Este a\u00f1o el torneo <\/span><span class=\"s1\">est\u00e1 dedicado a Emilio V\u00e1squez, quien hasta el pasado a\u00f1o fungi\u00f3 como Director de Tenis del hotel Casa de Campo, en reconocimiento a<span class=\"Apple-converted-space\">\u00a0 <\/span>su labor de m\u00e1s de 35 a\u00f1os en la organizaci\u00f3n del torneo.<\/span><\/p>\n<p class=\"p1\" style=\"text-align: justify;\"><span class=\"s1\">En el encuentro con los periodistas estuvieron presentes tambi\u00e9n, Emilio V\u00e1squez, quien intervino para agradecer<span class=\"Apple-converted-space\">\u00a0 <\/span>el reconocimiento que le hace Casa de Campo; Persio Maldonado, presidente de la Federaci\u00f3n Dominicana de Tenis y Roberto Rizik, presidente del Santo Domingo Tennis Club. \u00a0<\/span><span class=\"s1\">Igualmente, Ulises Quezada y Mario Emilio Guerrero, miembros del Comit\u00e9 Organizador de la justa y Jean Michael Alfaro, directivo del Club Deportivo Naco.\u00a0<\/span><span class=\"s1\">Quezada ofreci\u00f3 los detalles del torneo y tanto Maldonado como Rizik resaltaron la importancia del evento y su gran tradici\u00f3n. Guerrero tuvo a su cargo la semblanza de Emilio V\u00e1squez.\u00a0<\/span><span class=\"s1\">Considerado el \u00abWimbledon del Caribe\u00bb por la revista Travel + Leisure y \u00abMejor instalaci\u00f3n de Tenis\u00bb por el USPTR (United States Professional Tennis Registry), este evento cuenta con la participaci\u00f3n de\u00a0<\/span><span class=\"s1\">jugadores que vienen desde\u00a0Puerto Rico, Aruba, Curazao, Bonaire, Venezuela, Colombia, Espa\u00f1a, Italia, Guatemala y Estados Unidos (Nueva York y Miami), adem\u00e1s de Rep\u00fablica Dominicana. El 39\u00ba Torneo Internacional de Tenis\u00a0<\/span><span class=\"s1\">cuenta con el patrocinio del Central Romana Corporation, <\/span><span class=\"s2\">Casa de Campo, Resort &amp; Villas,<\/span><span class=\"s1\"> Orange, Brugal y ARS Palic.<\/span><\/p>\n<img data-recalc-dims=\"1\" loading=\"lazy\" decoding=\"async\" class=\"alignnone size-full wp-image-122746\" src=\"https:\/\/i0.wp.com\/casadecampoliving.com\/wp-content\/uploads\/2022\/10\/CdC_pressconference08.jpg?resize=1000%2C667&#038;ssl=1\" alt=\"CdC_pressconference08\" width=\"1000\" height=\"667\" \/>\n\nSin duda, es nuestra esperanza de que los jugadores de tenis y los residentes de Casa de Campo y las regiones circundantes apoyen este evento\u00a0este fin de semana. Se\u00a0<span style=\"line-height: 1.5;\">esperan cerca de 100 tenistas, \u00a1as\u00ed que habr\u00e1n muchos partidos emocionantes!<\/span>\u00a0<strong>\u00a1La inscripci\u00f3n se cierra este MIERCOLES\u00a0a las\u00a010am as\u00ed que si\u00a0esta interesado en participar no deje\u00a0de llamar al 809-523-8698!<\/strong> \u00a1Nos vemos en la cancha!\n\nLas siguientes fotos son cortes\u00eda de Casa de Campo Resort &amp; Villas y fueron tomadas durante la rueda de prensa que se celebr\u00f3 en\u00a0Santo Domingo:\n\n\n<figure class=\"wp-block-gallery has-nested-images columns-default is-cropped wp-block-gallery-1 is-layout-flex wp-block-gallery-is-layout-flex\">\n<figure class=\"wp-block-image size-large\"><img data-recalc-dims=\"1\" loading=\"lazy\" decoding=\"async\" width=\"1000\" height=\"667\" data-id=\"426983\" src=\"https:\/\/i0.wp.com\/casadecampoliving.com\/wp-content\/uploads\/2022\/10\/CdC_pressconference01.jpg?resize=1000%2C667&#038;ssl=1\" alt=\"\" class=\"wp-image-426983\" srcset=\"https:\/\/i0.wp.com\/casadecampoliving.com\/wp-content\/uploads\/2022\/10\/CdC_pressconference01.jpg?w=1000&amp;ssl=1 1000w, https:\/\/i0.wp.com\/casadecampoliving.com\/wp-content\/uploads\/2022\/10\/CdC_pressconference01.jpg?resize=300%2C200&amp;ssl=1 300w, https:\/\/i0.wp.com\/casadecampoliving.com\/wp-content\/uploads\/2022\/10\/CdC_pressconference01.jpg?resize=768%2C512&amp;ssl=1 768w, https:\/\/i0.wp.com\/casadecampoliving.com\/wp-content\/uploads\/2022\/10\/CdC_pressconference01.jpg?resize=400%2C267&amp;ssl=1 400w, https:\/\/i0.wp.com\/casadecampoliving.com\/wp-content\/uploads\/2022\/10\/CdC_pressconference01.jpg?resize=706%2C471&amp;ssl=1 706w, https:\/\/i0.wp.com\/casadecampoliving.com\/wp-content\/uploads\/2022\/10\/CdC_pressconference01.jpg?resize=150%2C100&amp;ssl=1 150w, https:\/\/i0.wp.com\/casadecampoliving.com\/wp-content\/uploads\/2022\/10\/CdC_pressconference01.jpg?w=370&amp;ssl=1 370w\" sizes=\"auto, (max-width: 1000px) 100vw, 1000px\" \/><\/figure>\n\n\n\n<figure class=\"wp-block-image size-large\"><img data-recalc-dims=\"1\" loading=\"lazy\" decoding=\"async\" width=\"1000\" height=\"667\" data-id=\"427007\" src=\"https:\/\/i0.wp.com\/casadecampoliving.com\/wp-content\/uploads\/2022\/10\/CdC_pressconference02.jpg?resize=1000%2C667&#038;ssl=1\" alt=\"\" class=\"wp-image-427007\" srcset=\"https:\/\/i0.wp.com\/casadecampoliving.com\/wp-content\/uploads\/2022\/10\/CdC_pressconference02.jpg?w=1000&amp;ssl=1 1000w, https:\/\/i0.wp.com\/casadecampoliving.com\/wp-content\/uploads\/2022\/10\/CdC_pressconference02.jpg?resize=300%2C200&amp;ssl=1 300w, https:\/\/i0.wp.com\/casadecampoliving.com\/wp-content\/uploads\/2022\/10\/CdC_pressconference02.jpg?resize=768%2C512&amp;ssl=1 768w, https:\/\/i0.wp.com\/casadecampoliving.com\/wp-content\/uploads\/2022\/10\/CdC_pressconference02.jpg?resize=400%2C267&amp;ssl=1 400w, https:\/\/i0.wp.com\/casadecampoliving.com\/wp-content\/uploads\/2022\/10\/CdC_pressconference02.jpg?resize=706%2C471&amp;ssl=1 706w, https:\/\/i0.wp.com\/casadecampoliving.com\/wp-content\/uploads\/2022\/10\/CdC_pressconference02.jpg?resize=150%2C100&amp;ssl=1 150w, https:\/\/i0.wp.com\/casadecampoliving.com\/wp-content\/uploads\/2022\/10\/CdC_pressconference02.jpg?w=370&amp;ssl=1 370w\" sizes=\"auto, (max-width: 1000px) 100vw, 1000px\" \/><\/figure>\n\n\n\n<figure class=\"wp-block-image size-large\"><img data-recalc-dims=\"1\" loading=\"lazy\" decoding=\"async\" width=\"1000\" height=\"667\" data-id=\"427029\" src=\"https:\/\/i0.wp.com\/casadecampoliving.com\/wp-content\/uploads\/2022\/10\/CdC_pressconference03.jpg?resize=1000%2C667&#038;ssl=1\" alt=\"\" class=\"wp-image-427029\" srcset=\"https:\/\/i0.wp.com\/casadecampoliving.com\/wp-content\/uploads\/2022\/10\/CdC_pressconference03.jpg?w=1000&amp;ssl=1 1000w, https:\/\/i0.wp.com\/casadecampoliving.com\/wp-content\/uploads\/2022\/10\/CdC_pressconference03.jpg?resize=300%2C200&amp;ssl=1 300w, https:\/\/i0.wp.com\/casadecampoliving.com\/wp-content\/uploads\/2022\/10\/CdC_pressconference03.jpg?resize=768%2C512&amp;ssl=1 768w, https:\/\/i0.wp.com\/casadecampoliving.com\/wp-content\/uploads\/2022\/10\/CdC_pressconference03.jpg?resize=400%2C267&amp;ssl=1 400w, https:\/\/i0.wp.com\/casadecampoliving.com\/wp-content\/uploads\/2022\/10\/CdC_pressconference03.jpg?resize=706%2C471&amp;ssl=1 706w, https:\/\/i0.wp.com\/casadecampoliving.com\/wp-content\/uploads\/2022\/10\/CdC_pressconference03.jpg?resize=150%2C100&amp;ssl=1 150w, https:\/\/i0.wp.com\/casadecampoliving.com\/wp-content\/uploads\/2022\/10\/CdC_pressconference03.jpg?w=370&amp;ssl=1 370w\" sizes=\"auto, (max-width: 1000px) 100vw, 1000px\" \/><\/figure>\n\n\n\n<figure class=\"wp-block-image size-large\"><img data-recalc-dims=\"1\" loading=\"lazy\" decoding=\"async\" width=\"1000\" height=\"667\" data-id=\"427045\" src=\"https:\/\/i0.wp.com\/casadecampoliving.com\/wp-content\/uploads\/2022\/10\/CdC_pressconference04.jpg?resize=1000%2C667&#038;ssl=1\" alt=\"\" class=\"wp-image-427045\" srcset=\"https:\/\/i0.wp.com\/casadecampoliving.com\/wp-content\/uploads\/2022\/10\/CdC_pressconference04.jpg?w=1000&amp;ssl=1 1000w, https:\/\/i0.wp.com\/casadecampoliving.com\/wp-content\/uploads\/2022\/10\/CdC_pressconference04.jpg?resize=300%2C200&amp;ssl=1 300w, https:\/\/i0.wp.com\/casadecampoliving.com\/wp-content\/uploads\/2022\/10\/CdC_pressconference04.jpg?resize=768%2C512&amp;ssl=1 768w, https:\/\/i0.wp.com\/casadecampoliving.com\/wp-content\/uploads\/2022\/10\/CdC_pressconference04.jpg?resize=400%2C267&amp;ssl=1 400w, https:\/\/i0.wp.com\/casadecampoliving.com\/wp-content\/uploads\/2022\/10\/CdC_pressconference04.jpg?resize=706%2C471&amp;ssl=1 706w, https:\/\/i0.wp.com\/casadecampoliving.com\/wp-content\/uploads\/2022\/10\/CdC_pressconference04.jpg?resize=150%2C100&amp;ssl=1 150w, https:\/\/i0.wp.com\/casadecampoliving.com\/wp-content\/uploads\/2022\/10\/CdC_pressconference04.jpg?w=370&amp;ssl=1 370w\" sizes=\"auto, (max-width: 1000px) 100vw, 1000px\" \/><\/figure>\n\n\n\n<figure class=\"wp-block-image size-large\"><img data-recalc-dims=\"1\" loading=\"lazy\" decoding=\"async\" width=\"1000\" height=\"894\" data-id=\"427072\" src=\"https:\/\/i0.wp.com\/casadecampoliving.com\/wp-content\/uploads\/2022\/10\/CdC_pressconference05.jpg?resize=1000%2C894&#038;ssl=1\" alt=\"\" class=\"wp-image-427072\" srcset=\"https:\/\/i0.wp.com\/casadecampoliving.com\/wp-content\/uploads\/2022\/10\/CdC_pressconference05.jpg?w=1000&amp;ssl=1 1000w, https:\/\/i0.wp.com\/casadecampoliving.com\/wp-content\/uploads\/2022\/10\/CdC_pressconference05.jpg?resize=300%2C268&amp;ssl=1 300w, https:\/\/i0.wp.com\/casadecampoliving.com\/wp-content\/uploads\/2022\/10\/CdC_pressconference05.jpg?resize=768%2C687&amp;ssl=1 768w, https:\/\/i0.wp.com\/casadecampoliving.com\/wp-content\/uploads\/2022\/10\/CdC_pressconference05.jpg?resize=400%2C358&amp;ssl=1 400w, https:\/\/i0.wp.com\/casadecampoliving.com\/wp-content\/uploads\/2022\/10\/CdC_pressconference05.jpg?resize=706%2C631&amp;ssl=1 706w, https:\/\/i0.wp.com\/casadecampoliving.com\/wp-content\/uploads\/2022\/10\/CdC_pressconference05.jpg?resize=150%2C134&amp;ssl=1 150w, https:\/\/i0.wp.com\/casadecampoliving.com\/wp-content\/uploads\/2022\/10\/CdC_pressconference05.jpg?w=370&amp;ssl=1 370w\" sizes=\"auto, (max-width: 1000px) 100vw, 1000px\" \/><\/figure>\n\n\n\n<figure class=\"wp-block-image size-large\"><img data-recalc-dims=\"1\" loading=\"lazy\" decoding=\"async\" width=\"1000\" height=\"667\" data-id=\"427094\" src=\"https:\/\/i0.wp.com\/casadecampoliving.com\/wp-content\/uploads\/2022\/10\/CdC_pressconference06.jpg?resize=1000%2C667&#038;ssl=1\" alt=\"\" class=\"wp-image-427094\" srcset=\"https:\/\/i0.wp.com\/casadecampoliving.com\/wp-content\/uploads\/2022\/10\/CdC_pressconference06.jpg?w=1000&amp;ssl=1 1000w, https:\/\/i0.wp.com\/casadecampoliving.com\/wp-content\/uploads\/2022\/10\/CdC_pressconference06.jpg?resize=300%2C200&amp;ssl=1 300w, https:\/\/i0.wp.com\/casadecampoliving.com\/wp-content\/uploads\/2022\/10\/CdC_pressconference06.jpg?resize=768%2C512&amp;ssl=1 768w, https:\/\/i0.wp.com\/casadecampoliving.com\/wp-content\/uploads\/2022\/10\/CdC_pressconference06.jpg?resize=400%2C267&amp;ssl=1 400w, https:\/\/i0.wp.com\/casadecampoliving.com\/wp-content\/uploads\/2022\/10\/CdC_pressconference06.jpg?resize=706%2C471&amp;ssl=1 706w, https:\/\/i0.wp.com\/casadecampoliving.com\/wp-content\/uploads\/2022\/10\/CdC_pressconference06.jpg?resize=150%2C100&amp;ssl=1 150w, https:\/\/i0.wp.com\/casadecampoliving.com\/wp-content\/uploads\/2022\/10\/CdC_pressconference06.jpg?w=370&amp;ssl=1 370w\" sizes=\"auto, (max-width: 1000px) 100vw, 1000px\" \/><\/figure>\n\n\n\n<figure class=\"wp-block-image size-large\"><img data-recalc-dims=\"1\" loading=\"lazy\" decoding=\"async\" width=\"1000\" height=\"667\" data-id=\"427115\" src=\"https:\/\/i0.wp.com\/casadecampoliving.com\/wp-content\/uploads\/2022\/10\/CdC_pressconference07.jpg?resize=1000%2C667&#038;ssl=1\" alt=\"\" class=\"wp-image-427115\" srcset=\"https:\/\/i0.wp.com\/casadecampoliving.com\/wp-content\/uploads\/2022\/10\/CdC_pressconference07.jpg?w=1000&amp;ssl=1 1000w, https:\/\/i0.wp.com\/casadecampoliving.com\/wp-content\/uploads\/2022\/10\/CdC_pressconference07.jpg?resize=300%2C200&amp;ssl=1 300w, https:\/\/i0.wp.com\/casadecampoliving.com\/wp-content\/uploads\/2022\/10\/CdC_pressconference07.jpg?resize=768%2C512&amp;ssl=1 768w, https:\/\/i0.wp.com\/casadecampoliving.com\/wp-content\/uploads\/2022\/10\/CdC_pressconference07.jpg?resize=400%2C267&amp;ssl=1 400w, https:\/\/i0.wp.com\/casadecampoliving.com\/wp-content\/uploads\/2022\/10\/CdC_pressconference07.jpg?resize=706%2C471&amp;ssl=1 706w, https:\/\/i0.wp.com\/casadecampoliving.com\/wp-content\/uploads\/2022\/10\/CdC_pressconference07.jpg?resize=150%2C100&amp;ssl=1 150w, https:\/\/i0.wp.com\/casadecampoliving.com\/wp-content\/uploads\/2022\/10\/CdC_pressconference07.jpg?w=370&amp;ssl=1 370w\" sizes=\"auto, (max-width: 1000px) 100vw, 1000px\" \/><\/figure>\n\n\n\n<figure class=\"wp-block-image size-large\"><img data-recalc-dims=\"1\" loading=\"lazy\" decoding=\"async\" width=\"1000\" height=\"667\" data-id=\"427137\" src=\"https:\/\/i0.wp.com\/casadecampoliving.com\/wp-content\/uploads\/2022\/10\/CdC_pressconference08-2.jpg?resize=1000%2C667&#038;ssl=1\" alt=\"\" class=\"wp-image-427137\" srcset=\"https:\/\/i0.wp.com\/casadecampoliving.com\/wp-content\/uploads\/2022\/10\/CdC_pressconference08-2.jpg?w=1000&amp;ssl=1 1000w, https:\/\/i0.wp.com\/casadecampoliving.com\/wp-content\/uploads\/2022\/10\/CdC_pressconference08-2.jpg?resize=300%2C200&amp;ssl=1 300w, https:\/\/i0.wp.com\/casadecampoliving.com\/wp-content\/uploads\/2022\/10\/CdC_pressconference08-2.jpg?resize=768%2C512&amp;ssl=1 768w, https:\/\/i0.wp.com\/casadecampoliving.com\/wp-content\/uploads\/2022\/10\/CdC_pressconference08-2.jpg?resize=400%2C267&amp;ssl=1 400w, https:\/\/i0.wp.com\/casadecampoliving.com\/wp-content\/uploads\/2022\/10\/CdC_pressconference08-2.jpg?resize=706%2C471&amp;ssl=1 706w, https:\/\/i0.wp.com\/casadecampoliving.com\/wp-content\/uploads\/2022\/10\/CdC_pressconference08-2.jpg?resize=150%2C100&amp;ssl=1 150w, https:\/\/i0.wp.com\/casadecampoliving.com\/wp-content\/uploads\/2022\/10\/CdC_pressconference08-2.jpg?w=370&amp;ssl=1 370w\" sizes=\"auto, (max-width: 1000px) 100vw, 1000px\" \/><\/figure>\n\n\n\n<figure class=\"wp-block-image size-large\"><img data-recalc-dims=\"1\" loading=\"lazy\" decoding=\"async\" width=\"1000\" height=\"667\" data-id=\"427162\" src=\"https:\/\/i0.wp.com\/casadecampoliving.com\/wp-content\/uploads\/2022\/10\/CdC_pressconference09.jpg?resize=1000%2C667&#038;ssl=1\" alt=\"\" class=\"wp-image-427162\" srcset=\"https:\/\/i0.wp.com\/casadecampoliving.com\/wp-content\/uploads\/2022\/10\/CdC_pressconference09.jpg?w=1000&amp;ssl=1 1000w, https:\/\/i0.wp.com\/casadecampoliving.com\/wp-content\/uploads\/2022\/10\/CdC_pressconference09.jpg?resize=300%2C200&amp;ssl=1 300w, https:\/\/i0.wp.com\/casadecampoliving.com\/wp-content\/uploads\/2022\/10\/CdC_pressconference09.jpg?resize=768%2C512&amp;ssl=1 768w, https:\/\/i0.wp.com\/casadecampoliving.com\/wp-content\/uploads\/2022\/10\/CdC_pressconference09.jpg?resize=400%2C267&amp;ssl=1 400w, https:\/\/i0.wp.com\/casadecampoliving.com\/wp-content\/uploads\/2022\/10\/CdC_pressconference09.jpg?resize=706%2C471&amp;ssl=1 706w, https:\/\/i0.wp.com\/casadecampoliving.com\/wp-content\/uploads\/2022\/10\/CdC_pressconference09.jpg?resize=150%2C100&amp;ssl=1 150w, https:\/\/i0.wp.com\/casadecampoliving.com\/wp-content\/uploads\/2022\/10\/CdC_pressconference09.jpg?w=370&amp;ssl=1 370w\" sizes=\"auto, (max-width: 1000px) 100vw, 1000px\" \/><\/figure>\n\n\n\n<figure class=\"wp-block-image size-large\"><img data-recalc-dims=\"1\" loading=\"lazy\" decoding=\"async\" width=\"1000\" height=\"667\" data-id=\"427191\" src=\"https:\/\/i0.wp.com\/casadecampoliving.com\/wp-content\/uploads\/2022\/10\/CdC_pressconference10.jpg?resize=1000%2C667&#038;ssl=1\" alt=\"\" class=\"wp-image-427191\" srcset=\"https:\/\/i0.wp.com\/casadecampoliving.com\/wp-content\/uploads\/2022\/10\/CdC_pressconference10.jpg?w=1000&amp;ssl=1 1000w, https:\/\/i0.wp.com\/casadecampoliving.com\/wp-content\/uploads\/2022\/10\/CdC_pressconference10.jpg?resize=300%2C200&amp;ssl=1 300w, https:\/\/i0.wp.com\/casadecampoliving.com\/wp-content\/uploads\/2022\/10\/CdC_pressconference10.jpg?resize=768%2C512&amp;ssl=1 768w, https:\/\/i0.wp.com\/casadecampoliving.com\/wp-content\/uploads\/2022\/10\/CdC_pressconference10.jpg?resize=400%2C267&amp;ssl=1 400w, https:\/\/i0.wp.com\/casadecampoliving.com\/wp-content\/uploads\/2022\/10\/CdC_pressconference10.jpg?resize=706%2C471&amp;ssl=1 706w, https:\/\/i0.wp.com\/casadecampoliving.com\/wp-content\/uploads\/2022\/10\/CdC_pressconference10.jpg?resize=150%2C100&amp;ssl=1 150w, https:\/\/i0.wp.com\/casadecampoliving.com\/wp-content\/uploads\/2022\/10\/CdC_pressconference10.jpg?w=370&amp;ssl=1 370w\" sizes=\"auto, (max-width: 1000px) 100vw, 1000px\" \/><\/figure>\n\n\n\n<figure class=\"wp-block-image size-large\"><img data-recalc-dims=\"1\" loading=\"lazy\" decoding=\"async\" width=\"1000\" height=\"667\" data-id=\"427213\" src=\"https:\/\/i0.wp.com\/casadecampoliving.com\/wp-content\/uploads\/2022\/10\/CdC_pressconference11.jpg?resize=1000%2C667&#038;ssl=1\" alt=\"\" class=\"wp-image-427213\" srcset=\"https:\/\/i0.wp.com\/casadecampoliving.com\/wp-content\/uploads\/2022\/10\/CdC_pressconference11.jpg?w=1000&amp;ssl=1 1000w, https:\/\/i0.wp.com\/casadecampoliving.com\/wp-content\/uploads\/2022\/10\/CdC_pressconference11.jpg?resize=300%2C200&amp;ssl=1 300w, https:\/\/i0.wp.com\/casadecampoliving.com\/wp-content\/uploads\/2022\/10\/CdC_pressconference11.jpg?resize=768%2C512&amp;ssl=1 768w, https:\/\/i0.wp.com\/casadecampoliving.com\/wp-content\/uploads\/2022\/10\/CdC_pressconference11.jpg?resize=400%2C267&amp;ssl=1 400w, https:\/\/i0.wp.com\/casadecampoliving.com\/wp-content\/uploads\/2022\/10\/CdC_pressconference11.jpg?resize=706%2C471&amp;ssl=1 706w, https:\/\/i0.wp.com\/casadecampoliving.com\/wp-content\/uploads\/2022\/10\/CdC_pressconference11.jpg?resize=150%2C100&amp;ssl=1 150w, https:\/\/i0.wp.com\/casadecampoliving.com\/wp-content\/uploads\/2022\/10\/CdC_pressconference11.jpg?w=370&amp;ssl=1 370w\" sizes=\"auto, (max-width: 1000px) 100vw, 1000px\" \/><\/figure>\n\n\n\n<figure class=\"wp-block-image size-large\"><img data-recalc-dims=\"1\" loading=\"lazy\" decoding=\"async\" width=\"1000\" height=\"667\" data-id=\"427233\" src=\"https:\/\/i0.wp.com\/casadecampoliving.com\/wp-content\/uploads\/2022\/10\/CdC_pressconference12.jpg?resize=1000%2C667&#038;ssl=1\" alt=\"\" class=\"wp-image-427233\" srcset=\"https:\/\/i0.wp.com\/casadecampoliving.com\/wp-content\/uploads\/2022\/10\/CdC_pressconference12.jpg?w=1000&amp;ssl=1 1000w, https:\/\/i0.wp.com\/casadecampoliving.com\/wp-content\/uploads\/2022\/10\/CdC_pressconference12.jpg?resize=300%2C200&amp;ssl=1 300w, https:\/\/i0.wp.com\/casadecampoliving.com\/wp-content\/uploads\/2022\/10\/CdC_pressconference12.jpg?resize=768%2C512&amp;ssl=1 768w, https:\/\/i0.wp.com\/casadecampoliving.com\/wp-content\/uploads\/2022\/10\/CdC_pressconference12.jpg?resize=400%2C267&amp;ssl=1 400w, https:\/\/i0.wp.com\/casadecampoliving.com\/wp-content\/uploads\/2022\/10\/CdC_pressconference12.jpg?resize=706%2C471&amp;ssl=1 706w, https:\/\/i0.wp.com\/casadecampoliving.com\/wp-content\/uploads\/2022\/10\/CdC_pressconference12.jpg?resize=150%2C100&amp;ssl=1 150w, https:\/\/i0.wp.com\/casadecampoliving.com\/wp-content\/uploads\/2022\/10\/CdC_pressconference12.jpg?w=370&amp;ssl=1 370w\" sizes=\"auto, (max-width: 1000px) 100vw, 1000px\" \/><\/figure>\n\n\n\n<figure class=\"wp-block-image size-large\"><img data-recalc-dims=\"1\" loading=\"lazy\" decoding=\"async\" width=\"1000\" height=\"667\" data-id=\"427260\" src=\"https:\/\/i0.wp.com\/casadecampoliving.com\/wp-content\/uploads\/2022\/10\/CdC_pressconference13.jpg?resize=1000%2C667&#038;ssl=1\" alt=\"\" class=\"wp-image-427260\" srcset=\"https:\/\/i0.wp.com\/casadecampoliving.com\/wp-content\/uploads\/2022\/10\/CdC_pressconference13.jpg?w=1000&amp;ssl=1 1000w, https:\/\/i0.wp.com\/casadecampoliving.com\/wp-content\/uploads\/2022\/10\/CdC_pressconference13.jpg?resize=300%2C200&amp;ssl=1 300w, https:\/\/i0.wp.com\/casadecampoliving.com\/wp-content\/uploads\/2022\/10\/CdC_pressconference13.jpg?resize=768%2C512&amp;ssl=1 768w, https:\/\/i0.wp.com\/casadecampoliving.com\/wp-content\/uploads\/2022\/10\/CdC_pressconference13.jpg?resize=400%2C267&amp;ssl=1 400w, https:\/\/i0.wp.com\/casadecampoliving.com\/wp-content\/uploads\/2022\/10\/CdC_pressconference13.jpg?resize=706%2C471&amp;ssl=1 706w, https:\/\/i0.wp.com\/casadecampoliving.com\/wp-content\/uploads\/2022\/10\/CdC_pressconference13.jpg?resize=150%2C100&amp;ssl=1 150w, https:\/\/i0.wp.com\/casadecampoliving.com\/wp-content\/uploads\/2022\/10\/CdC_pressconference13.jpg?w=370&amp;ssl=1 370w\" sizes=\"auto, (max-width: 1000px) 100vw, 1000px\" \/><\/figure>\n\n\n\n<figure class=\"wp-block-image size-large\"><img data-recalc-dims=\"1\" loading=\"lazy\" decoding=\"async\" width=\"1000\" height=\"667\" data-id=\"427289\" src=\"https:\/\/i0.wp.com\/casadecampoliving.com\/wp-content\/uploads\/2022\/10\/CdC_pressconference14.jpg?resize=1000%2C667&#038;ssl=1\" alt=\"\" class=\"wp-image-427289\" srcset=\"https:\/\/i0.wp.com\/casadecampoliving.com\/wp-content\/uploads\/2022\/10\/CdC_pressconference14.jpg?w=1000&amp;ssl=1 1000w, https:\/\/i0.wp.com\/casadecampoliving.com\/wp-content\/uploads\/2022\/10\/CdC_pressconference14.jpg?resize=300%2C200&amp;ssl=1 300w, https:\/\/i0.wp.com\/casadecampoliving.com\/wp-content\/uploads\/2022\/10\/CdC_pressconference14.jpg?resize=768%2C512&amp;ssl=1 768w, https:\/\/i0.wp.com\/casadecampoliving.com\/wp-content\/uploads\/2022\/10\/CdC_pressconference14.jpg?resize=400%2C267&amp;ssl=1 400w, https:\/\/i0.wp.com\/casadecampoliving.com\/wp-content\/uploads\/2022\/10\/CdC_pressconference14.jpg?resize=706%2C471&amp;ssl=1 706w, https:\/\/i0.wp.com\/casadecampoliving.com\/wp-content\/uploads\/2022\/10\/CdC_pressconference14.jpg?resize=150%2C100&amp;ssl=1 150w, https:\/\/i0.wp.com\/casadecampoliving.com\/wp-content\/uploads\/2022\/10\/CdC_pressconference14.jpg?w=370&amp;ssl=1 370w\" sizes=\"auto, (max-width: 1000px) 100vw, 1000px\" \/><\/figure>\n\n\n\n<figure class=\"wp-block-image size-large\"><img data-recalc-dims=\"1\" loading=\"lazy\" decoding=\"async\" width=\"1000\" height=\"667\" data-id=\"427314\" src=\"https:\/\/i0.wp.com\/casadecampoliving.com\/wp-content\/uploads\/2022\/10\/CdC_pressconference15.jpg?resize=1000%2C667&#038;ssl=1\" alt=\"\" class=\"wp-image-427314\" srcset=\"https:\/\/i0.wp.com\/casadecampoliving.com\/wp-content\/uploads\/2022\/10\/CdC_pressconference15.jpg?w=1000&amp;ssl=1 1000w, https:\/\/i0.wp.com\/casadecampoliving.com\/wp-content\/uploads\/2022\/10\/CdC_pressconference15.jpg?resize=300%2C200&amp;ssl=1 300w, https:\/\/i0.wp.com\/casadecampoliving.com\/wp-content\/uploads\/2022\/10\/CdC_pressconference15.jpg?resize=768%2C512&amp;ssl=1 768w, https:\/\/i0.wp.com\/casadecampoliving.com\/wp-content\/uploads\/2022\/10\/CdC_pressconference15.jpg?resize=400%2C267&amp;ssl=1 400w, https:\/\/i0.wp.com\/casadecampoliving.com\/wp-content\/uploads\/2022\/10\/CdC_pressconference15.jpg?resize=706%2C471&amp;ssl=1 706w, https:\/\/i0.wp.com\/casadecampoliving.com\/wp-content\/uploads\/2022\/10\/CdC_pressconference15.jpg?resize=150%2C100&amp;ssl=1 150w, https:\/\/i0.wp.com\/casadecampoliving.com\/wp-content\/uploads\/2022\/10\/CdC_pressconference15.jpg?w=370&amp;ssl=1 370w\" sizes=\"auto, (max-width: 1000px) 100vw, 1000px\" \/><\/figure>\n\n\n\n<figure class=\"wp-block-image size-large\"><img data-recalc-dims=\"1\" loading=\"lazy\" decoding=\"async\" width=\"1000\" height=\"667\" data-id=\"427339\" src=\"https:\/\/i0.wp.com\/casadecampoliving.com\/wp-content\/uploads\/2022\/10\/CdC_pressconference16-1.jpg?resize=1000%2C667&#038;ssl=1\" alt=\"\" class=\"wp-image-427339\" srcset=\"https:\/\/i0.wp.com\/casadecampoliving.com\/wp-content\/uploads\/2022\/10\/CdC_pressconference16-1.jpg?w=1000&amp;ssl=1 1000w, https:\/\/i0.wp.com\/casadecampoliving.com\/wp-content\/uploads\/2022\/10\/CdC_pressconference16-1.jpg?resize=300%2C200&amp;ssl=1 300w, https:\/\/i0.wp.com\/casadecampoliving.com\/wp-content\/uploads\/2022\/10\/CdC_pressconference16-1.jpg?resize=768%2C512&amp;ssl=1 768w, https:\/\/i0.wp.com\/casadecampoliving.com\/wp-content\/uploads\/2022\/10\/CdC_pressconference16-1.jpg?resize=400%2C267&amp;ssl=1 400w, https:\/\/i0.wp.com\/casadecampoliving.com\/wp-content\/uploads\/2022\/10\/CdC_pressconference16-1.jpg?resize=706%2C471&amp;ssl=1 706w, https:\/\/i0.wp.com\/casadecampoliving.com\/wp-content\/uploads\/2022\/10\/CdC_pressconference16-1.jpg?resize=150%2C100&amp;ssl=1 150w, https:\/\/i0.wp.com\/casadecampoliving.com\/wp-content\/uploads\/2022\/10\/CdC_pressconference16-1.jpg?w=370&amp;ssl=1 370w\" sizes=\"auto, (max-width: 1000px) 100vw, 1000px\" \/><\/figure>\n\n\n\n<figure class=\"wp-block-image size-large\"><img data-recalc-dims=\"1\" loading=\"lazy\" decoding=\"async\" width=\"1000\" height=\"667\" data-id=\"427363\" src=\"https:\/\/i0.wp.com\/casadecampoliving.com\/wp-content\/uploads\/2022\/10\/CdC_pressconference17.jpg?resize=1000%2C667&#038;ssl=1\" alt=\"\" class=\"wp-image-427363\" srcset=\"https:\/\/i0.wp.com\/casadecampoliving.com\/wp-content\/uploads\/2022\/10\/CdC_pressconference17.jpg?w=1000&amp;ssl=1 1000w, https:\/\/i0.wp.com\/casadecampoliving.com\/wp-content\/uploads\/2022\/10\/CdC_pressconference17.jpg?resize=300%2C200&amp;ssl=1 300w, https:\/\/i0.wp.com\/casadecampoliving.com\/wp-content\/uploads\/2022\/10\/CdC_pressconference17.jpg?resize=768%2C512&amp;ssl=1 768w, https:\/\/i0.wp.com\/casadecampoliving.com\/wp-content\/uploads\/2022\/10\/CdC_pressconference17.jpg?resize=400%2C267&amp;ssl=1 400w, https:\/\/i0.wp.com\/casadecampoliving.com\/wp-content\/uploads\/2022\/10\/CdC_pressconference17.jpg?resize=706%2C471&amp;ssl=1 706w, https:\/\/i0.wp.com\/casadecampoliving.com\/wp-content\/uploads\/2022\/10\/CdC_pressconference17.jpg?resize=150%2C100&amp;ssl=1 150w, https:\/\/i0.wp.com\/casadecampoliving.com\/wp-content\/uploads\/2022\/10\/CdC_pressconference17.jpg?w=370&amp;ssl=1 370w\" sizes=\"auto, (max-width: 1000px) 100vw, 1000px\" \/><\/figure>\n\n\n\n<figure class=\"wp-block-image size-large\"><img data-recalc-dims=\"1\" loading=\"lazy\" decoding=\"async\" width=\"1000\" height=\"667\" data-id=\"427385\" src=\"https:\/\/i0.wp.com\/casadecampoliving.com\/wp-content\/uploads\/2022\/10\/CdC_pressconference18.jpg?resize=1000%2C667&#038;ssl=1\" alt=\"\" class=\"wp-image-427385\" srcset=\"https:\/\/i0.wp.com\/casadecampoliving.com\/wp-content\/uploads\/2022\/10\/CdC_pressconference18.jpg?w=1000&amp;ssl=1 1000w, https:\/\/i0.wp.com\/casadecampoliving.com\/wp-content\/uploads\/2022\/10\/CdC_pressconference18.jpg?resize=300%2C200&amp;ssl=1 300w, https:\/\/i0.wp.com\/casadecampoliving.com\/wp-content\/uploads\/2022\/10\/CdC_pressconference18.jpg?resize=768%2C512&amp;ssl=1 768w, https:\/\/i0.wp.com\/casadecampoliving.com\/wp-content\/uploads\/2022\/10\/CdC_pressconference18.jpg?resize=400%2C267&amp;ssl=1 400w, https:\/\/i0.wp.com\/casadecampoliving.com\/wp-content\/uploads\/2022\/10\/CdC_pressconference18.jpg?resize=706%2C471&amp;ssl=1 706w, https:\/\/i0.wp.com\/casadecampoliving.com\/wp-content\/uploads\/2022\/10\/CdC_pressconference18.jpg?resize=150%2C100&amp;ssl=1 150w, https:\/\/i0.wp.com\/casadecampoliving.com\/wp-content\/uploads\/2022\/10\/CdC_pressconference18.jpg?w=370&amp;ssl=1 370w\" sizes=\"auto, (max-width: 1000px) 100vw, 1000px\" \/><\/figure>\n\n\n\n<figure class=\"wp-block-image size-large\"><img data-recalc-dims=\"1\" loading=\"lazy\" decoding=\"async\" width=\"1000\" height=\"667\" data-id=\"427409\" src=\"https:\/\/i0.wp.com\/casadecampoliving.com\/wp-content\/uploads\/2022\/10\/CdC_pressconference19.jpg?resize=1000%2C667&#038;ssl=1\" alt=\"\" class=\"wp-image-427409\" srcset=\"https:\/\/i0.wp.com\/casadecampoliving.com\/wp-content\/uploads\/2022\/10\/CdC_pressconference19.jpg?w=1000&amp;ssl=1 1000w, https:\/\/i0.wp.com\/casadecampoliving.com\/wp-content\/uploads\/2022\/10\/CdC_pressconference19.jpg?resize=300%2C200&amp;ssl=1 300w, https:\/\/i0.wp.com\/casadecampoliving.com\/wp-content\/uploads\/2022\/10\/CdC_pressconference19.jpg?resize=768%2C512&amp;ssl=1 768w, https:\/\/i0.wp.com\/casadecampoliving.com\/wp-content\/uploads\/2022\/10\/CdC_pressconference19.jpg?resize=400%2C267&amp;ssl=1 400w, https:\/\/i0.wp.com\/casadecampoliving.com\/wp-content\/uploads\/2022\/10\/CdC_pressconference19.jpg?resize=706%2C471&amp;ssl=1 706w, https:\/\/i0.wp.com\/casadecampoliving.com\/wp-content\/uploads\/2022\/10\/CdC_pressconference19.jpg?resize=150%2C100&amp;ssl=1 150w, https:\/\/i0.wp.com\/casadecampoliving.com\/wp-content\/uploads\/2022\/10\/CdC_pressconference19.jpg?w=370&amp;ssl=1 370w\" sizes=\"auto, (max-width: 1000px) 100vw, 1000px\" \/><\/figure>\n\n\n\n<figure class=\"wp-block-image size-large\"><img data-recalc-dims=\"1\" loading=\"lazy\" decoding=\"async\" width=\"667\" height=\"1000\" data-id=\"427434\" src=\"https:\/\/i0.wp.com\/casadecampoliving.com\/wp-content\/uploads\/2022\/10\/CdC_pressconference20.jpg?resize=667%2C1000&#038;ssl=1\" alt=\"\" class=\"wp-image-427434\" srcset=\"https:\/\/i0.wp.com\/casadecampoliving.com\/wp-content\/uploads\/2022\/10\/CdC_pressconference20.jpg?w=667&amp;ssl=1 667w, https:\/\/i0.wp.com\/casadecampoliving.com\/wp-content\/uploads\/2022\/10\/CdC_pressconference20.jpg?resize=200%2C300&amp;ssl=1 200w, https:\/\/i0.wp.com\/casadecampoliving.com\/wp-content\/uploads\/2022\/10\/CdC_pressconference20.jpg?resize=400%2C600&amp;ssl=1 400w, https:\/\/i0.wp.com\/casadecampoliving.com\/wp-content\/uploads\/2022\/10\/CdC_pressconference20.jpg?resize=150%2C225&amp;ssl=1 150w, https:\/\/i0.wp.com\/casadecampoliving.com\/wp-content\/uploads\/2022\/10\/CdC_pressconference20.jpg?w=370&amp;ssl=1 370w\" sizes=\"auto, (max-width: 667px) 100vw, 667px\" \/><\/figure>\n\n\n\n<figure class=\"wp-block-image size-large\"><img data-recalc-dims=\"1\" loading=\"lazy\" decoding=\"async\" width=\"742\" height=\"1000\" data-id=\"427456\" src=\"https:\/\/i0.wp.com\/casadecampoliving.com\/wp-content\/uploads\/2022\/10\/CdC_pressconference21.jpg?resize=742%2C1000&#038;ssl=1\" alt=\"\" class=\"wp-image-427456\" srcset=\"https:\/\/i0.wp.com\/casadecampoliving.com\/wp-content\/uploads\/2022\/10\/CdC_pressconference21.jpg?w=742&amp;ssl=1 742w, https:\/\/i0.wp.com\/casadecampoliving.com\/wp-content\/uploads\/2022\/10\/CdC_pressconference21.jpg?resize=223%2C300&amp;ssl=1 223w, https:\/\/i0.wp.com\/casadecampoliving.com\/wp-content\/uploads\/2022\/10\/CdC_pressconference21.jpg?resize=400%2C539&amp;ssl=1 400w, https:\/\/i0.wp.com\/casadecampoliving.com\/wp-content\/uploads\/2022\/10\/CdC_pressconference21.jpg?resize=706%2C951&amp;ssl=1 706w, https:\/\/i0.wp.com\/casadecampoliving.com\/wp-content\/uploads\/2022\/10\/CdC_pressconference21.jpg?resize=150%2C202&amp;ssl=1 150w, https:\/\/i0.wp.com\/casadecampoliving.com\/wp-content\/uploads\/2022\/10\/CdC_pressconference21.jpg?w=370&amp;ssl=1 370w\" sizes=\"auto, (max-width: 742px) 100vw, 742px\" \/><\/figure>\n\n\n\n<figure class=\"wp-block-image size-large\"><img data-recalc-dims=\"1\" loading=\"lazy\" decoding=\"async\" width=\"1000\" height=\"667\" data-id=\"427479\" src=\"https:\/\/i0.wp.com\/casadecampoliving.com\/wp-content\/uploads\/2022\/10\/CdC_pressconference22.jpg?resize=1000%2C667&#038;ssl=1\" alt=\"\" class=\"wp-image-427479\" srcset=\"https:\/\/i0.wp.com\/casadecampoliving.com\/wp-content\/uploads\/2022\/10\/CdC_pressconference22.jpg?w=1000&amp;ssl=1 1000w, https:\/\/i0.wp.com\/casadecampoliving.com\/wp-content\/uploads\/2022\/10\/CdC_pressconference22.jpg?resize=300%2C200&amp;ssl=1 300w, https:\/\/i0.wp.com\/casadecampoliving.com\/wp-content\/uploads\/2022\/10\/CdC_pressconference22.jpg?resize=768%2C512&amp;ssl=1 768w, https:\/\/i0.wp.com\/casadecampoliving.com\/wp-content\/uploads\/2022\/10\/CdC_pressconference22.jpg?resize=400%2C267&amp;ssl=1 400w, https:\/\/i0.wp.com\/casadecampoliving.com\/wp-content\/uploads\/2022\/10\/CdC_pressconference22.jpg?resize=706%2C471&amp;ssl=1 706w, https:\/\/i0.wp.com\/casadecampoliving.com\/wp-content\/uploads\/2022\/10\/CdC_pressconference22.jpg?resize=150%2C100&amp;ssl=1 150w, https:\/\/i0.wp.com\/casadecampoliving.com\/wp-content\/uploads\/2022\/10\/CdC_pressconference22.jpg?w=370&amp;ssl=1 370w\" sizes=\"auto, (max-width: 1000px) 100vw, 1000px\" \/><\/figure>\n\n\n\n<figure class=\"wp-block-image size-large\"><img data-recalc-dims=\"1\" loading=\"lazy\" decoding=\"async\" width=\"1000\" height=\"667\" data-id=\"427504\" src=\"https:\/\/i0.wp.com\/casadecampoliving.com\/wp-content\/uploads\/2022\/10\/CdC_pressconference23-2.jpg?resize=1000%2C667&#038;ssl=1\" alt=\"\" class=\"wp-image-427504\" srcset=\"https:\/\/i0.wp.com\/casadecampoliving.com\/wp-content\/uploads\/2022\/10\/CdC_pressconference23-2.jpg?w=1000&amp;ssl=1 1000w, https:\/\/i0.wp.com\/casadecampoliving.com\/wp-content\/uploads\/2022\/10\/CdC_pressconference23-2.jpg?resize=300%2C200&amp;ssl=1 300w, https:\/\/i0.wp.com\/casadecampoliving.com\/wp-content\/uploads\/2022\/10\/CdC_pressconference23-2.jpg?resize=768%2C512&amp;ssl=1 768w, https:\/\/i0.wp.com\/casadecampoliving.com\/wp-content\/uploads\/2022\/10\/CdC_pressconference23-2.jpg?resize=400%2C267&amp;ssl=1 400w, https:\/\/i0.wp.com\/casadecampoliving.com\/wp-content\/uploads\/2022\/10\/CdC_pressconference23-2.jpg?resize=706%2C471&amp;ssl=1 706w, https:\/\/i0.wp.com\/casadecampoliving.com\/wp-content\/uploads\/2022\/10\/CdC_pressconference23-2.jpg?resize=150%2C100&amp;ssl=1 150w, https:\/\/i0.wp.com\/casadecampoliving.com\/wp-content\/uploads\/2022\/10\/CdC_pressconference23-2.jpg?w=370&amp;ssl=1 370w\" sizes=\"auto, (max-width: 1000px) 100vw, 1000px\" \/><\/figure>\n\n\n\n<figure class=\"wp-block-image size-large\"><img data-recalc-dims=\"1\" loading=\"lazy\" decoding=\"async\" width=\"1000\" height=\"667\" data-id=\"427520\" src=\"https:\/\/i0.wp.com\/casadecampoliving.com\/wp-content\/uploads\/2022\/10\/CdC_pressconference24.jpg?resize=1000%2C667&#038;ssl=1\" alt=\"\" class=\"wp-image-427520\" srcset=\"https:\/\/i0.wp.com\/casadecampoliving.com\/wp-content\/uploads\/2022\/10\/CdC_pressconference24.jpg?w=1000&amp;ssl=1 1000w, https:\/\/i0.wp.com\/casadecampoliving.com\/wp-content\/uploads\/2022\/10\/CdC_pressconference24.jpg?resize=300%2C200&amp;ssl=1 300w, https:\/\/i0.wp.com\/casadecampoliving.com\/wp-content\/uploads\/2022\/10\/CdC_pressconference24.jpg?resize=768%2C512&amp;ssl=1 768w, https:\/\/i0.wp.com\/casadecampoliving.com\/wp-content\/uploads\/2022\/10\/CdC_pressconference24.jpg?resize=400%2C267&amp;ssl=1 400w, https:\/\/i0.wp.com\/casadecampoliving.com\/wp-content\/uploads\/2022\/10\/CdC_pressconference24.jpg?resize=706%2C471&amp;ssl=1 706w, https:\/\/i0.wp.com\/casadecampoliving.com\/wp-content\/uploads\/2022\/10\/CdC_pressconference24.jpg?resize=150%2C100&amp;ssl=1 150w, https:\/\/i0.wp.com\/casadecampoliving.com\/wp-content\/uploads\/2022\/10\/CdC_pressconference24.jpg?w=370&amp;ssl=1 370w\" sizes=\"auto, (max-width: 1000px) 100vw, 1000px\" \/><\/figure>\n\n\n\n<figure class=\"wp-block-image size-large\"><img data-recalc-dims=\"1\" loading=\"lazy\" decoding=\"async\" width=\"667\" height=\"1000\" data-id=\"427544\" src=\"https:\/\/i0.wp.com\/casadecampoliving.com\/wp-content\/uploads\/2022\/10\/CdC_pressconference25.jpg?resize=667%2C1000&#038;ssl=1\" alt=\"\" class=\"wp-image-427544\" srcset=\"https:\/\/i0.wp.com\/casadecampoliving.com\/wp-content\/uploads\/2022\/10\/CdC_pressconference25.jpg?w=667&amp;ssl=1 667w, https:\/\/i0.wp.com\/casadecampoliving.com\/wp-content\/uploads\/2022\/10\/CdC_pressconference25.jpg?resize=200%2C300&amp;ssl=1 200w, https:\/\/i0.wp.com\/casadecampoliving.com\/wp-content\/uploads\/2022\/10\/CdC_pressconference25.jpg?resize=400%2C600&amp;ssl=1 400w, https:\/\/i0.wp.com\/casadecampoliving.com\/wp-content\/uploads\/2022\/10\/CdC_pressconference25.jpg?resize=150%2C225&amp;ssl=1 150w, https:\/\/i0.wp.com\/casadecampoliving.com\/wp-content\/uploads\/2022\/10\/CdC_pressconference25.jpg?w=370&amp;ssl=1 370w\" sizes=\"auto, (max-width: 667px) 100vw, 667px\" \/><\/figure>\n\n\n\n<figure class=\"wp-block-image size-large\"><img data-recalc-dims=\"1\" loading=\"lazy\" decoding=\"async\" width=\"1000\" height=\"667\" data-id=\"427565\" src=\"https:\/\/i0.wp.com\/casadecampoliving.com\/wp-content\/uploads\/2022\/10\/CdC_pressconference26.jpg?resize=1000%2C667&#038;ssl=1\" alt=\"\" class=\"wp-image-427565\" srcset=\"https:\/\/i0.wp.com\/casadecampoliving.com\/wp-content\/uploads\/2022\/10\/CdC_pressconference26.jpg?w=1000&amp;ssl=1 1000w, https:\/\/i0.wp.com\/casadecampoliving.com\/wp-content\/uploads\/2022\/10\/CdC_pressconference26.jpg?resize=300%2C200&amp;ssl=1 300w, https:\/\/i0.wp.com\/casadecampoliving.com\/wp-content\/uploads\/2022\/10\/CdC_pressconference26.jpg?resize=768%2C512&amp;ssl=1 768w, https:\/\/i0.wp.com\/casadecampoliving.com\/wp-content\/uploads\/2022\/10\/CdC_pressconference26.jpg?resize=400%2C267&amp;ssl=1 400w, https:\/\/i0.wp.com\/casadecampoliving.com\/wp-content\/uploads\/2022\/10\/CdC_pressconference26.jpg?resize=706%2C471&amp;ssl=1 706w, https:\/\/i0.wp.com\/casadecampoliving.com\/wp-content\/uploads\/2022\/10\/CdC_pressconference26.jpg?resize=150%2C100&amp;ssl=1 150w, https:\/\/i0.wp.com\/casadecampoliving.com\/wp-content\/uploads\/2022\/10\/CdC_pressconference26.jpg?w=370&amp;ssl=1 370w\" sizes=\"auto, (max-width: 1000px) 100vw, 1000px\" \/><\/figure>\n\n\n\n<figure class=\"wp-block-image size-large\"><img data-recalc-dims=\"1\" loading=\"lazy\" decoding=\"async\" width=\"667\" height=\"1000\" data-id=\"427585\" src=\"https:\/\/i0.wp.com\/casadecampoliving.com\/wp-content\/uploads\/2022\/10\/CdC_pressconference27.jpg?resize=667%2C1000&#038;ssl=1\" alt=\"\" class=\"wp-image-427585\" srcset=\"https:\/\/i0.wp.com\/casadecampoliving.com\/wp-content\/uploads\/2022\/10\/CdC_pressconference27.jpg?w=667&amp;ssl=1 667w, https:\/\/i0.wp.com\/casadecampoliving.com\/wp-content\/uploads\/2022\/10\/CdC_pressconference27.jpg?resize=200%2C300&amp;ssl=1 200w, https:\/\/i0.wp.com\/casadecampoliving.com\/wp-content\/uploads\/2022\/10\/CdC_pressconference27.jpg?resize=400%2C600&amp;ssl=1 400w, https:\/\/i0.wp.com\/casadecampoliving.com\/wp-content\/uploads\/2022\/10\/CdC_pressconference27.jpg?resize=150%2C225&amp;ssl=1 150w, https:\/\/i0.wp.com\/casadecampoliving.com\/wp-content\/uploads\/2022\/10\/CdC_pressconference27.jpg?w=370&amp;ssl=1 370w\" sizes=\"auto, (max-width: 667px) 100vw, 667px\" \/><\/figure>\n\n\n\n<figure class=\"wp-block-image size-large\"><img data-recalc-dims=\"1\" loading=\"lazy\" decoding=\"async\" width=\"667\" height=\"1000\" data-id=\"427601\" src=\"https:\/\/i0.wp.com\/casadecampoliving.com\/wp-content\/uploads\/2022\/10\/CdC_pressconference28.jpg?resize=667%2C1000&#038;ssl=1\" alt=\"\" class=\"wp-image-427601\" srcset=\"https:\/\/i0.wp.com\/casadecampoliving.com\/wp-content\/uploads\/2022\/10\/CdC_pressconference28.jpg?w=667&amp;ssl=1 667w, https:\/\/i0.wp.com\/casadecampoliving.com\/wp-content\/uploads\/2022\/10\/CdC_pressconference28.jpg?resize=200%2C300&amp;ssl=1 200w, https:\/\/i0.wp.com\/casadecampoliving.com\/wp-content\/uploads\/2022\/10\/CdC_pressconference28.jpg?resize=400%2C600&amp;ssl=1 400w, https:\/\/i0.wp.com\/casadecampoliving.com\/wp-content\/uploads\/2022\/10\/CdC_pressconference28.jpg?resize=150%2C225&amp;ssl=1 150w, https:\/\/i0.wp.com\/casadecampoliving.com\/wp-content\/uploads\/2022\/10\/CdC_pressconference28.jpg?w=370&amp;ssl=1 370w\" sizes=\"auto, (max-width: 667px) 100vw, 667px\" \/><\/figure>\n\n\n\n<figure class=\"wp-block-image size-large\"><img data-recalc-dims=\"1\" loading=\"lazy\" decoding=\"async\" width=\"667\" height=\"1000\" data-id=\"427623\" src=\"https:\/\/i0.wp.com\/casadecampoliving.com\/wp-content\/uploads\/2022\/10\/CdC_pressconference29-2.jpg?resize=667%2C1000&#038;ssl=1\" alt=\"\" class=\"wp-image-427623\" srcset=\"https:\/\/i0.wp.com\/casadecampoliving.com\/wp-content\/uploads\/2022\/10\/CdC_pressconference29-2.jpg?w=667&amp;ssl=1 667w, https:\/\/i0.wp.com\/casadecampoliving.com\/wp-content\/uploads\/2022\/10\/CdC_pressconference29-2.jpg?resize=200%2C300&amp;ssl=1 200w, https:\/\/i0.wp.com\/casadecampoliving.com\/wp-content\/uploads\/2022\/10\/CdC_pressconference29-2.jpg?resize=400%2C600&amp;ssl=1 400w, https:\/\/i0.wp.com\/casadecampoliving.com\/wp-content\/uploads\/2022\/10\/CdC_pressconference29-2.jpg?resize=150%2C225&amp;ssl=1 150w, https:\/\/i0.wp.com\/casadecampoliving.com\/wp-content\/uploads\/2022\/10\/CdC_pressconference29-2.jpg?w=370&amp;ssl=1 370w\" sizes=\"auto, (max-width: 667px) 100vw, 667px\" \/><\/figure>\n\n\n\n<figure class=\"wp-block-image size-large\"><img data-recalc-dims=\"1\" loading=\"lazy\" decoding=\"async\" width=\"1062\" height=\"1000\" data-id=\"427641\" src=\"https:\/\/i0.wp.com\/casadecampoliving.com\/wp-content\/uploads\/2022\/10\/CdC_pressconference30.jpg?resize=1062%2C1000&#038;ssl=1\" alt=\"\" class=\"wp-image-427641\" srcset=\"https:\/\/i0.wp.com\/casadecampoliving.com\/wp-content\/uploads\/2022\/10\/CdC_pressconference30.jpg?w=1062&amp;ssl=1 1062w, https:\/\/i0.wp.com\/casadecampoliving.com\/wp-content\/uploads\/2022\/10\/CdC_pressconference30.jpg?resize=300%2C282&amp;ssl=1 300w, https:\/\/i0.wp.com\/casadecampoliving.com\/wp-content\/uploads\/2022\/10\/CdC_pressconference30.jpg?resize=1024%2C964&amp;ssl=1 1024w, https:\/\/i0.wp.com\/casadecampoliving.com\/wp-content\/uploads\/2022\/10\/CdC_pressconference30.jpg?resize=768%2C723&amp;ssl=1 768w, https:\/\/i0.wp.com\/casadecampoliving.com\/wp-content\/uploads\/2022\/10\/CdC_pressconference30.jpg?resize=400%2C377&amp;ssl=1 400w, https:\/\/i0.wp.com\/casadecampoliving.com\/wp-content\/uploads\/2022\/10\/CdC_pressconference30.jpg?resize=706%2C665&amp;ssl=1 706w, https:\/\/i0.wp.com\/casadecampoliving.com\/wp-content\/uploads\/2022\/10\/CdC_pressconference30.jpg?resize=150%2C141&amp;ssl=1 150w, https:\/\/i0.wp.com\/casadecampoliving.com\/wp-content\/uploads\/2022\/10\/CdC_pressconference30.jpg?w=370&amp;ssl=1 370w\" sizes=\"auto, (max-width: 1000px) 100vw, 1000px\" \/><\/figure>\n\n\n\n<figure class=\"wp-block-image size-large\"><img data-recalc-dims=\"1\" loading=\"lazy\" decoding=\"async\" width=\"1000\" height=\"667\" data-id=\"427669\" src=\"https:\/\/i0.wp.com\/casadecampoliving.com\/wp-content\/uploads\/2022\/10\/CdC_pressconference31.jpg?resize=1000%2C667&#038;ssl=1\" alt=\"\" class=\"wp-image-427669\" srcset=\"https:\/\/i0.wp.com\/casadecampoliving.com\/wp-content\/uploads\/2022\/10\/CdC_pressconference31.jpg?w=1000&amp;ssl=1 1000w, https:\/\/i0.wp.com\/casadecampoliving.com\/wp-content\/uploads\/2022\/10\/CdC_pressconference31.jpg?resize=300%2C200&amp;ssl=1 300w, https:\/\/i0.wp.com\/casadecampoliving.com\/wp-content\/uploads\/2022\/10\/CdC_pressconference31.jpg?resize=768%2C512&amp;ssl=1 768w, https:\/\/i0.wp.com\/casadecampoliving.com\/wp-content\/uploads\/2022\/10\/CdC_pressconference31.jpg?resize=400%2C267&amp;ssl=1 400w, https:\/\/i0.wp.com\/casadecampoliving.com\/wp-content\/uploads\/2022\/10\/CdC_pressconference31.jpg?resize=706%2C471&amp;ssl=1 706w, https:\/\/i0.wp.com\/casadecampoliving.com\/wp-content\/uploads\/2022\/10\/CdC_pressconference31.jpg?resize=150%2C100&amp;ssl=1 150w, https:\/\/i0.wp.com\/casadecampoliving.com\/wp-content\/uploads\/2022\/10\/CdC_pressconference31.jpg?w=370&amp;ssl=1 370w\" sizes=\"auto, (max-width: 1000px) 100vw, 1000px\" \/><\/figure>\n\n\n\n<figure class=\"wp-block-image size-large\"><img data-recalc-dims=\"1\" loading=\"lazy\" decoding=\"async\" width=\"667\" height=\"1000\" data-id=\"427691\" src=\"https:\/\/i0.wp.com\/casadecampoliving.com\/wp-content\/uploads\/2022\/10\/CdC_pressconference32.jpg?resize=667%2C1000&#038;ssl=1\" alt=\"\" class=\"wp-image-427691\" srcset=\"https:\/\/i0.wp.com\/casadecampoliving.com\/wp-content\/uploads\/2022\/10\/CdC_pressconference32.jpg?w=667&amp;ssl=1 667w, https:\/\/i0.wp.com\/casadecampoliving.com\/wp-content\/uploads\/2022\/10\/CdC_pressconference32.jpg?resize=200%2C300&amp;ssl=1 200w, https:\/\/i0.wp.com\/casadecampoliving.com\/wp-content\/uploads\/2022\/10\/CdC_pressconference32.jpg?resize=400%2C600&amp;ssl=1 400w, https:\/\/i0.wp.com\/casadecampoliving.com\/wp-content\/uploads\/2022\/10\/CdC_pressconference32.jpg?resize=150%2C225&amp;ssl=1 150w, https:\/\/i0.wp.com\/casadecampoliving.com\/wp-content\/uploads\/2022\/10\/CdC_pressconference32.jpg?w=370&amp;ssl=1 370w\" sizes=\"auto, (max-width: 667px) 100vw, 667px\" \/><\/figure>\n\n\n\n<figure class=\"wp-block-image size-large\"><img data-recalc-dims=\"1\" loading=\"lazy\" decoding=\"async\" width=\"1000\" height=\"667\" data-id=\"427710\" src=\"https:\/\/i0.wp.com\/casadecampoliving.com\/wp-content\/uploads\/2022\/10\/CdC_pressconference33.jpg?resize=1000%2C667&#038;ssl=1\" alt=\"\" class=\"wp-image-427710\" srcset=\"https:\/\/i0.wp.com\/casadecampoliving.com\/wp-content\/uploads\/2022\/10\/CdC_pressconference33.jpg?w=1000&amp;ssl=1 1000w, https:\/\/i0.wp.com\/casadecampoliving.com\/wp-content\/uploads\/2022\/10\/CdC_pressconference33.jpg?resize=300%2C200&amp;ssl=1 300w, https:\/\/i0.wp.com\/casadecampoliving.com\/wp-content\/uploads\/2022\/10\/CdC_pressconference33.jpg?resize=768%2C512&amp;ssl=1 768w, https:\/\/i0.wp.com\/casadecampoliving.com\/wp-content\/uploads\/2022\/10\/CdC_pressconference33.jpg?resize=400%2C267&amp;ssl=1 400w, https:\/\/i0.wp.com\/casadecampoliving.com\/wp-content\/uploads\/2022\/10\/CdC_pressconference33.jpg?resize=706%2C471&amp;ssl=1 706w, https:\/\/i0.wp.com\/casadecampoliving.com\/wp-content\/uploads\/2022\/10\/CdC_pressconference33.jpg?resize=150%2C100&amp;ssl=1 150w, https:\/\/i0.wp.com\/casadecampoliving.com\/wp-content\/uploads\/2022\/10\/CdC_pressconference33.jpg?w=370&amp;ssl=1 370w\" sizes=\"auto, (max-width: 1000px) 100vw, 1000px\" \/><\/figure>\n\n\n\n<figure class=\"wp-block-image size-large\"><img data-recalc-dims=\"1\" loading=\"lazy\" decoding=\"async\" width=\"1000\" height=\"801\" data-id=\"427731\" src=\"https:\/\/i0.wp.com\/casadecampoliving.com\/wp-content\/uploads\/2022\/10\/CdC_pressconference34.jpg?resize=1000%2C801&#038;ssl=1\" alt=\"\" class=\"wp-image-427731\" srcset=\"https:\/\/i0.wp.com\/casadecampoliving.com\/wp-content\/uploads\/2022\/10\/CdC_pressconference34.jpg?w=1000&amp;ssl=1 1000w, https:\/\/i0.wp.com\/casadecampoliving.com\/wp-content\/uploads\/2022\/10\/CdC_pressconference34.jpg?resize=300%2C240&amp;ssl=1 300w, https:\/\/i0.wp.com\/casadecampoliving.com\/wp-content\/uploads\/2022\/10\/CdC_pressconference34.jpg?resize=768%2C615&amp;ssl=1 768w, https:\/\/i0.wp.com\/casadecampoliving.com\/wp-content\/uploads\/2022\/10\/CdC_pressconference34.jpg?resize=400%2C320&amp;ssl=1 400w, https:\/\/i0.wp.com\/casadecampoliving.com\/wp-content\/uploads\/2022\/10\/CdC_pressconference34.jpg?resize=706%2C566&amp;ssl=1 706w, https:\/\/i0.wp.com\/casadecampoliving.com\/wp-content\/uploads\/2022\/10\/CdC_pressconference34.jpg?resize=150%2C120&amp;ssl=1 150w, https:\/\/i0.wp.com\/casadecampoliving.com\/wp-content\/uploads\/2022\/10\/CdC_pressconference34.jpg?w=370&amp;ssl=1 370w\" sizes=\"auto, (max-width: 1000px) 100vw, 1000px\" \/><\/figure>\n<\/figure>\n\n<blockquote><strong>39\u00ba Copa anual de Tenis Casa de Campo<\/strong>\n\n<strong>Cu\u00e1ndo:\u00a0<\/strong>1 \u2013 4 de septiembre\n\n<strong>D\u00f3nde: <\/strong>Centro de Tenis\u00a0La Terraza, Casa de Campo\n\n<strong>Inscripci\u00f3n:\u00a0<\/strong><span class=\"s1\">Para inscribirse en el torneo o para aprender m\u00e1s sobre el XXXIX Torneo Internacional de Tenis Copa Casa de Campo, por favor llame al 809-523-8698; n\u00famero gratuito 1-888-212-5073; o correo electr\u00f3nico<span class=\"s2\"><a href=\"mailto:teniscasa@ccampo.com.do\">teniscasa@ccampo.com.do<\/a>\u00a0<\/span><\/span><span class=\"s1\">Las inscripciones estar\u00e1n abiertas hasta el mi\u00e9rcoles<span class=\"Apple-converted-space\">\u00a0 <\/span>31<span class=\"Apple-converted-space\">\u00a0 <\/span>de agosto, a las 10:00 de la ma\u00f1ana.<\/span><\/blockquote>\n&nbsp;\n<blockquote>\n<h4 class=\"post-title left\"><a href=\"https:\/\/casadecampoliving.com\/es\/torneo-internacional-de-tenis-casa-de-campo-dedicado-emilio-vasquez\/\">39no Torneo Internacional de Tenis Casa de Campo ser\u00e1 dedicado a Emilio V\u00e1squez<\/a><\/h4>\n<a href=\"https:\/\/casadecampoliving.com\/es\/torneo-internacional-de-tenis-casa-de-campo-dedicado-emilio-vasquez\/\"><img data-recalc-dims=\"1\" loading=\"lazy\" decoding=\"async\" class=\"size-full wp-image-113569 aligncenter\" src=\"https:\/\/i0.wp.com\/casadecampoliving.com\/wp-content\/uploads\/2022\/10\/Juan-Carlos-Rodriguez-Copello-Maria-Mastrolilli-Emilio-Vasquez-y-Daniel-Hernandez-durante-la-presentacion-de-la-Gran-Cop.jpg?resize=640%2C426&#038;ssl=1\" alt=\"Juan Carlos Rodr\u00edguez Copello, Mar\u00eda Mastrolilli, Emilio V\u00e1squez y Daniel Hern\u00e1ndez, durante la presentaci\u00f3n de la Gran Cop\" width=\"640\" height=\"426\" \/><\/a>\n<p class=\"p1\">Casa de Campo estar\u00e1 realizando su 39no Torneo Internacional de Tenis el pr\u00f3ximo mes\u00a0de septiembre y estamos muy contentos al enterarnos\u00a0que estar\u00e1 dedicado a Emilio V\u00e1squez, la leyenda del tenis, que desempe\u00f1o la labor de\u00a0Director de Tenis por m\u00e1s de 35 a\u00f1os, gan\u00e1ndose\u00a0un lugar muy especial en el coraz\u00f3n de nuestra comunidad. <a href=\"https:\/\/casadecampoliving.com\/es\/torneo-internacional-de-tenis-casa-de-campo-dedicado-emilio-vasquez\/\">Seguir leyendo<\/a><\/p>\n<\/blockquote>","protected":false},"excerpt":{"rendered":"<p>La rueda de prensa y el c\u00f3ctel de Casa de Campo se llevo acabo en el Santo Domingo Country Club y celebr\u00f3 el anuncio del 39\u00ba\u00a0Torneo Internacional de Tenis que se realizar\u00e1\u00a0este fin de semana en el Centro de Tenis La Terraza. El evento anual da la bienvenida a los jugadores y los entusiastas de [&hellip;]<\/p>\n","protected":false},"author":36681,"featured_media":291987,"comment_status":"closed","ping_status":"closed","sticky":false,"template":"","format":"standard","meta":{"newspack_ads_suppress_ads":false,"newspack_popups_has_disabled_popups":false,"newspack_sponsor_sponsorship_scope":"","newspack_sponsor_native_byline_display":"inherit","newspack_sponsor_native_category_display":"inherit","newspack_sponsor_underwriter_style":"inherit","newspack_sponsor_underwriter_placement":"inherit","_newspack_byline_active":false,"_newspack_byline":"","newspack_hide_updated_date":false,"newspack_show_updated_date":false,"newspack_content_restriction_is_exempt":false,"newspack_featured_image_position":"","newspack_post_subtitle":"","newspack_article_summary_title":"Overview:","newspack_article_summary":"","_jetpack_memberships_contains_paid_content":false,"footnotes":"","jetpack_publicize_message":"","jetpack_publicize_feature_enabled":true,"jetpack_social_post_already_shared":false,"jetpack_social_options":{"image_generator_settings":{"template":"highway","default_image_id":0,"font":"","enabled":false},"version":2},"_wpas_customize_per_network":false},"categories":[2521,14631,2522,2527,14631,14625,26822,2525,14627],"tags":[23815,3626,6384,8788,3920,8659,14736,8025,15091,3763,18813],"newspack_spnsrs_tax":[],"class_list":{"0":"post-350442","1":"post","2":"type-post","3":"status-publish","4":"format-standard","5":"has-post-thumbnail","6":"hentry","7":"category-republica-dominicana-2","8":"category-estilo-de-vida","9":"category-eventos-es","10":"category-salud","12":"category-noticias-locales","13":"category-resort-casa-de-campo","14":"category-golf-deportes-es","15":"category-proximamente","16":"tag-casa-de-campo-es-17","17":"tag-casa-de-campo-es","18":"tag-casa-de-campo-international-tennis-tournament","19":"tag-daniel-hernandez-es","20":"tag-deporte","21":"tag-emilio-vasquez-es","22":"tag-featured-topview-es","23":"tag-la-terraza-es","24":"tag-proximamente","25":"tag-santo-domingo-es","26":"tag-torneo-internacional-de-tenis","27":"entry"},"yoast_head":"<!-- This site is optimized with the Yoast SEO plugin v27.4 - https:\/\/yoast.com\/product\/yoast-seo-wordpress\/ -->\n<title>Casa de Campo anuncia el 39o Torneo Internacional de Tenis en Santo Domingo | Casa de Campo Living<\/title>\n<meta name=\"description\" content=\"La rueda de prensa y el c\u00f3ctel de Casa de Campo se llevo acabo en el Santo Domingo Country Club y celebr\u00f3 el anuncio del 39\u00ba\u00a0Torneo Internacional de Tenis\" \/>\n<meta name=\"robots\" content=\"index, follow, max-snippet:-1, max-image-preview:large, max-video-preview:-1\" \/>\n<link rel=\"canonical\" href=\"https:\/\/casadecampoliving.com\/es\/casa-de-campo-anuncia-el-39o-international-tennis-tournament-in-santo-domingo\/\" \/>\n<meta property=\"og:locale\" content=\"es_ES\" \/>\n<meta property=\"og:type\" content=\"article\" \/>\n<meta property=\"og:title\" content=\"Casa de Campo anuncia el 39o Torneo Internacional de Tenis en Santo Domingo | Casa de Campo Living\" \/>\n<meta property=\"og:description\" content=\"La rueda de prensa y el c\u00f3ctel de Casa de Campo se llevo acabo en el Santo Domingo Country Club y celebr\u00f3 el anuncio del 39\u00ba\u00a0Torneo Internacional de Tenis\" \/>\n<meta property=\"og:url\" content=\"https:\/\/casadecampoliving.com\/es\/casa-de-campo-anuncia-el-39o-international-tennis-tournament-in-santo-domingo\/\" \/>\n<meta property=\"og:site_name\" content=\"Casa de Campo Living\" \/>\n<meta property=\"article:publisher\" content=\"https:\/\/www.facebook.com\/casadecampoliving\" \/>\n<meta property=\"article:published_time\" content=\"2016-08-30T04:00:00+00:00\" \/>\n<meta property=\"article:modified_time\" content=\"2022-11-10T14:33:07+00:00\" \/>\n<meta property=\"og:image\" content=\"https:\/\/i0.wp.com\/casadecampoliving.com\/wp-content\/uploads\/2022\/10\/CdC_pressconference16.jpg?fit=1000%2C667&ssl=1\" \/>\n\t<meta property=\"og:image:width\" content=\"1000\" \/>\n\t<meta property=\"og:image:height\" content=\"667\" \/>\n\t<meta property=\"og:image:type\" content=\"image\/jpeg\" \/>\n<meta name=\"author\" content=\"Heather Lincoln\" \/>\n<meta name=\"twitter:card\" content=\"summary_large_image\" \/>\n<meta name=\"twitter:creator\" content=\"@cdcliving\" \/>\n<meta name=\"twitter:site\" content=\"@cdcliving\" \/>\n<meta name=\"twitter:label1\" content=\"Escrito por\" \/>\n\t<meta name=\"twitter:data1\" content=\"Heather Lincoln\" \/>\n\t<meta name=\"twitter:label2\" content=\"Tiempo de lectura\" \/>\n\t<meta name=\"twitter:data2\" content=\"3 minutos\" \/>\n<script type=\"application\/ld+json\" class=\"yoast-schema-graph\">{\"@context\":\"https:\\\/\\\/schema.org\",\"@graph\":[{\"@type\":\"Article\",\"@id\":\"https:\\\/\\\/casadecampoliving.com\\\/es\\\/casa-de-campo-anuncia-el-39o-international-tennis-tournament-in-santo-domingo\\\/#article\",\"isPartOf\":{\"@id\":\"https:\\\/\\\/casadecampoliving.com\\\/es\\\/casa-de-campo-anuncia-el-39o-international-tennis-tournament-in-santo-domingo\\\/\"},\"author\":{\"name\":\"Heather Lincoln\",\"@id\":\"https:\\\/\\\/casadecampoliving.com\\\/es\\\/#\\\/schema\\\/person\\\/e3abfc63c1478fd703266a6f33a3145d\"},\"headline\":\"Casa de Campo anuncia el 39o Torneo Internacional de Tenis en Santo Domingo\",\"datePublished\":\"2016-08-30T04:00:00+00:00\",\"dateModified\":\"2022-11-10T14:33:07+00:00\",\"mainEntityOfPage\":{\"@id\":\"https:\\\/\\\/casadecampoliving.com\\\/es\\\/casa-de-campo-anuncia-el-39o-international-tennis-tournament-in-santo-domingo\\\/\"},\"wordCount\":640,\"publisher\":{\"@id\":\"https:\\\/\\\/casadecampoliving.com\\\/es\\\/#organization\"},\"image\":{\"@id\":\"https:\\\/\\\/casadecampoliving.com\\\/es\\\/casa-de-campo-anuncia-el-39o-international-tennis-tournament-in-santo-domingo\\\/#primaryimage\"},\"thumbnailUrl\":\"https:\\\/\\\/i0.wp.com\\\/casadecampoliving.com\\\/wp-content\\\/uploads\\\/2022\\\/10\\\/CdC_pressconference16.jpg?fit=1000%2C667&ssl=1\",\"keywords\":[\"Casa de Campo\",\"casa de campo @es\",\"Casa de Campo International Tennis Tournament\",\"Daniel Hern\u00e1ndez @es\",\"deporte\",\"Emilio V\u00e1squez @es\",\"Featured-TopView @es\",\"la terraza @es\",\"Proximamente\",\"santo domingo @es\",\"Torneo internacional de tenis\"],\"articleSection\":[\"Rep\u00fablica Dominicana @es\",\"Estilo de Vida\",\"Eventos\",\"Salud\",\"Estilo de Vida\",\"Noticias Locales\",\"Resort Casa de Campo\",\"Deportes\",\"Proximamente\"],\"inLanguage\":\"es\"},{\"@type\":\"WebPage\",\"@id\":\"https:\\\/\\\/casadecampoliving.com\\\/es\\\/casa-de-campo-anuncia-el-39o-international-tennis-tournament-in-santo-domingo\\\/\",\"url\":\"https:\\\/\\\/casadecampoliving.com\\\/es\\\/casa-de-campo-anuncia-el-39o-international-tennis-tournament-in-santo-domingo\\\/\",\"name\":\"Casa de Campo anuncia el 39o Torneo Internacional de Tenis en Santo Domingo | Casa de Campo Living\",\"isPartOf\":{\"@id\":\"https:\\\/\\\/casadecampoliving.com\\\/es\\\/#website\"},\"primaryImageOfPage\":{\"@id\":\"https:\\\/\\\/casadecampoliving.com\\\/es\\\/casa-de-campo-anuncia-el-39o-international-tennis-tournament-in-santo-domingo\\\/#primaryimage\"},\"image\":{\"@id\":\"https:\\\/\\\/casadecampoliving.com\\\/es\\\/casa-de-campo-anuncia-el-39o-international-tennis-tournament-in-santo-domingo\\\/#primaryimage\"},\"thumbnailUrl\":\"https:\\\/\\\/i0.wp.com\\\/casadecampoliving.com\\\/wp-content\\\/uploads\\\/2022\\\/10\\\/CdC_pressconference16.jpg?fit=1000%2C667&ssl=1\",\"datePublished\":\"2016-08-30T04:00:00+00:00\",\"dateModified\":\"2022-11-10T14:33:07+00:00\",\"description\":\"La rueda de prensa y el c\u00f3ctel de Casa de Campo se llevo acabo en el Santo Domingo Country Club y celebr\u00f3 el anuncio del 39\u00ba\u00a0Torneo Internacional de Tenis\",\"breadcrumb\":{\"@id\":\"https:\\\/\\\/casadecampoliving.com\\\/es\\\/casa-de-campo-anuncia-el-39o-international-tennis-tournament-in-santo-domingo\\\/#breadcrumb\"},\"inLanguage\":\"es\",\"potentialAction\":[{\"@type\":\"ReadAction\",\"target\":[\"https:\\\/\\\/casadecampoliving.com\\\/es\\\/casa-de-campo-anuncia-el-39o-international-tennis-tournament-in-santo-domingo\\\/\"]}]},{\"@type\":\"ImageObject\",\"inLanguage\":\"es\",\"@id\":\"https:\\\/\\\/casadecampoliving.com\\\/es\\\/casa-de-campo-anuncia-el-39o-international-tennis-tournament-in-santo-domingo\\\/#primaryimage\",\"url\":\"https:\\\/\\\/i0.wp.com\\\/casadecampoliving.com\\\/wp-content\\\/uploads\\\/2022\\\/10\\\/CdC_pressconference16.jpg?fit=1000%2C667&ssl=1\",\"contentUrl\":\"https:\\\/\\\/i0.wp.com\\\/casadecampoliving.com\\\/wp-content\\\/uploads\\\/2022\\\/10\\\/CdC_pressconference16.jpg?fit=1000%2C667&ssl=1\",\"width\":1000,\"height\":667},{\"@type\":\"BreadcrumbList\",\"@id\":\"https:\\\/\\\/casadecampoliving.com\\\/es\\\/casa-de-campo-anuncia-el-39o-international-tennis-tournament-in-santo-domingo\\\/#breadcrumb\",\"itemListElement\":[{\"@type\":\"ListItem\",\"position\":1,\"name\":\"Home\",\"item\":\"https:\\\/\\\/casadecampoliving.com\\\/es\\\/\"},{\"@type\":\"ListItem\",\"position\":2,\"name\":\"Casa de Campo anuncia el 39o Torneo Internacional de Tenis en Santo Domingo\"}]},{\"@type\":\"WebSite\",\"@id\":\"https:\\\/\\\/casadecampoliving.com\\\/es\\\/#website\",\"url\":\"https:\\\/\\\/casadecampoliving.com\\\/es\\\/\",\"name\":\"Casa de Campo Living\",\"description\":\"Resort community news and resources.\",\"publisher\":{\"@id\":\"https:\\\/\\\/casadecampoliving.com\\\/es\\\/#organization\"},\"potentialAction\":[{\"@type\":\"SearchAction\",\"target\":{\"@type\":\"EntryPoint\",\"urlTemplate\":\"https:\\\/\\\/casadecampoliving.com\\\/es\\\/?s={search_term_string}\"},\"query-input\":{\"@type\":\"PropertyValueSpecification\",\"valueRequired\":true,\"valueName\":\"search_term_string\"}}],\"inLanguage\":\"es\"},{\"@type\":\"Organization\",\"@id\":\"https:\\\/\\\/casadecampoliving.com\\\/es\\\/#organization\",\"name\":\"Casa de Campo Living\",\"url\":\"https:\\\/\\\/casadecampoliving.com\\\/es\\\/\",\"logo\":{\"@type\":\"ImageObject\",\"inLanguage\":\"es\",\"@id\":\"https:\\\/\\\/casadecampoliving.com\\\/es\\\/#\\\/schema\\\/logo\\\/image\\\/\",\"url\":\"https:\\\/\\\/i0.wp.com\\\/casadecampoliving.com\\\/wp-content\\\/uploads\\\/2022\\\/07\\\/CDCLivingLogo_V1-white-sized.png?fit=800%2C214&ssl=1\",\"contentUrl\":\"https:\\\/\\\/i0.wp.com\\\/casadecampoliving.com\\\/wp-content\\\/uploads\\\/2022\\\/07\\\/CDCLivingLogo_V1-white-sized.png?fit=800%2C214&ssl=1\",\"width\":800,\"height\":214,\"caption\":\"Casa de Campo Living\"},\"image\":{\"@id\":\"https:\\\/\\\/casadecampoliving.com\\\/es\\\/#\\\/schema\\\/logo\\\/image\\\/\"},\"sameAs\":[\"https:\\\/\\\/www.facebook.com\\\/casadecampoliving\",\"https:\\\/\\\/x.com\\\/cdcliving\"]},{\"@type\":\"Person\",\"@id\":\"https:\\\/\\\/casadecampoliving.com\\\/es\\\/#\\\/schema\\\/person\\\/e3abfc63c1478fd703266a6f33a3145d\",\"name\":\"Heather Lincoln\",\"image\":{\"@type\":\"ImageObject\",\"inLanguage\":\"es\",\"@id\":\"https:\\\/\\\/secure.gravatar.com\\\/avatar\\\/e8fc1ce4ad50385675908137b0d8d66be281d034bf072b4700460237638ea6d0?s=96&d=mm&r=g\",\"url\":\"https:\\\/\\\/secure.gravatar.com\\\/avatar\\\/e8fc1ce4ad50385675908137b0d8d66be281d034bf072b4700460237638ea6d0?s=96&d=mm&r=g\",\"contentUrl\":\"https:\\\/\\\/secure.gravatar.com\\\/avatar\\\/e8fc1ce4ad50385675908137b0d8d66be281d034bf072b4700460237638ea6d0?s=96&d=mm&r=g\",\"caption\":\"Heather Lincoln\"},\"url\":\"https:\\\/\\\/casadecampoliving.com\\\/es\\\/author\\\/hcastillo\\\/\"}]}<\/script>\n<!-- \/ Yoast SEO plugin. -->","yoast_head_json":{"title":"Casa de Campo anuncia el 39o Torneo Internacional de Tenis en Santo Domingo | Casa de Campo Living","description":"La rueda de prensa y el c\u00f3ctel de Casa de Campo se llevo acabo en el Santo Domingo Country Club y celebr\u00f3 el anuncio del 39\u00ba\u00a0Torneo Internacional de Tenis","robots":{"index":"index","follow":"follow","max-snippet":"max-snippet:-1","max-image-preview":"max-image-preview:large","max-video-preview":"max-video-preview:-1"},"canonical":"https:\/\/casadecampoliving.com\/es\/casa-de-campo-anuncia-el-39o-international-tennis-tournament-in-santo-domingo\/","og_locale":"es_ES","og_type":"article","og_title":"Casa de Campo anuncia el 39o Torneo Internacional de Tenis en Santo Domingo | Casa de Campo Living","og_description":"La rueda de prensa y el c\u00f3ctel de Casa de Campo se llevo acabo en el Santo Domingo Country Club y celebr\u00f3 el anuncio del 39\u00ba\u00a0Torneo Internacional de Tenis","og_url":"https:\/\/casadecampoliving.com\/es\/casa-de-campo-anuncia-el-39o-international-tennis-tournament-in-santo-domingo\/","og_site_name":"Casa de Campo Living","article_publisher":"https:\/\/www.facebook.com\/casadecampoliving","article_published_time":"2016-08-30T04:00:00+00:00","article_modified_time":"2022-11-10T14:33:07+00:00","og_image":[{"width":1000,"height":667,"url":"https:\/\/i0.wp.com\/casadecampoliving.com\/wp-content\/uploads\/2022\/10\/CdC_pressconference16.jpg?fit=1000%2C667&ssl=1","type":"image\/jpeg"}],"author":"Heather Lincoln","twitter_card":"summary_large_image","twitter_creator":"@cdcliving","twitter_site":"@cdcliving","twitter_misc":{"Escrito por":"Heather Lincoln","Tiempo de lectura":"3 minutos"},"schema":{"@context":"https:\/\/schema.org","@graph":[{"@type":"Article","@id":"https:\/\/casadecampoliving.com\/es\/casa-de-campo-anuncia-el-39o-international-tennis-tournament-in-santo-domingo\/#article","isPartOf":{"@id":"https:\/\/casadecampoliving.com\/es\/casa-de-campo-anuncia-el-39o-international-tennis-tournament-in-santo-domingo\/"},"author":{"name":"Heather Lincoln","@id":"https:\/\/casadecampoliving.com\/es\/#\/schema\/person\/e3abfc63c1478fd703266a6f33a3145d"},"headline":"Casa de Campo anuncia el 39o Torneo Internacional de Tenis en Santo Domingo","datePublished":"2016-08-30T04:00:00+00:00","dateModified":"2022-11-10T14:33:07+00:00","mainEntityOfPage":{"@id":"https:\/\/casadecampoliving.com\/es\/casa-de-campo-anuncia-el-39o-international-tennis-tournament-in-santo-domingo\/"},"wordCount":640,"publisher":{"@id":"https:\/\/casadecampoliving.com\/es\/#organization"},"image":{"@id":"https:\/\/casadecampoliving.com\/es\/casa-de-campo-anuncia-el-39o-international-tennis-tournament-in-santo-domingo\/#primaryimage"},"thumbnailUrl":"https:\/\/i0.wp.com\/casadecampoliving.com\/wp-content\/uploads\/2022\/10\/CdC_pressconference16.jpg?fit=1000%2C667&ssl=1","keywords":["Casa de Campo","casa de campo @es","Casa de Campo International Tennis Tournament","Daniel Hern\u00e1ndez @es","deporte","Emilio V\u00e1squez @es","Featured-TopView @es","la terraza @es","Proximamente","santo domingo @es","Torneo internacional de tenis"],"articleSection":["Rep\u00fablica Dominicana @es","Estilo de Vida","Eventos","Salud","Estilo de Vida","Noticias Locales","Resort Casa de Campo","Deportes","Proximamente"],"inLanguage":"es"},{"@type":"WebPage","@id":"https:\/\/casadecampoliving.com\/es\/casa-de-campo-anuncia-el-39o-international-tennis-tournament-in-santo-domingo\/","url":"https:\/\/casadecampoliving.com\/es\/casa-de-campo-anuncia-el-39o-international-tennis-tournament-in-santo-domingo\/","name":"Casa de Campo anuncia el 39o Torneo Internacional de Tenis en Santo Domingo | Casa de Campo Living","isPartOf":{"@id":"https:\/\/casadecampoliving.com\/es\/#website"},"primaryImageOfPage":{"@id":"https:\/\/casadecampoliving.com\/es\/casa-de-campo-anuncia-el-39o-international-tennis-tournament-in-santo-domingo\/#primaryimage"},"image":{"@id":"https:\/\/casadecampoliving.com\/es\/casa-de-campo-anuncia-el-39o-international-tennis-tournament-in-santo-domingo\/#primaryimage"},"thumbnailUrl":"https:\/\/i0.wp.com\/casadecampoliving.com\/wp-content\/uploads\/2022\/10\/CdC_pressconference16.jpg?fit=1000%2C667&ssl=1","datePublished":"2016-08-30T04:00:00+00:00","dateModified":"2022-11-10T14:33:07+00:00","description":"La rueda de prensa y el c\u00f3ctel de Casa de Campo se llevo acabo en el Santo Domingo Country Club y celebr\u00f3 el anuncio del 39\u00ba\u00a0Torneo Internacional de Tenis","breadcrumb":{"@id":"https:\/\/casadecampoliving.com\/es\/casa-de-campo-anuncia-el-39o-international-tennis-tournament-in-santo-domingo\/#breadcrumb"},"inLanguage":"es","potentialAction":[{"@type":"ReadAction","target":["https:\/\/casadecampoliving.com\/es\/casa-de-campo-anuncia-el-39o-international-tennis-tournament-in-santo-domingo\/"]}]},{"@type":"ImageObject","inLanguage":"es","@id":"https:\/\/casadecampoliving.com\/es\/casa-de-campo-anuncia-el-39o-international-tennis-tournament-in-santo-domingo\/#primaryimage","url":"https:\/\/i0.wp.com\/casadecampoliving.com\/wp-content\/uploads\/2022\/10\/CdC_pressconference16.jpg?fit=1000%2C667&ssl=1","contentUrl":"https:\/\/i0.wp.com\/casadecampoliving.com\/wp-content\/uploads\/2022\/10\/CdC_pressconference16.jpg?fit=1000%2C667&ssl=1","width":1000,"height":667},{"@type":"BreadcrumbList","@id":"https:\/\/casadecampoliving.com\/es\/casa-de-campo-anuncia-el-39o-international-tennis-tournament-in-santo-domingo\/#breadcrumb","itemListElement":[{"@type":"ListItem","position":1,"name":"Home","item":"https:\/\/casadecampoliving.com\/es\/"},{"@type":"ListItem","position":2,"name":"Casa de Campo anuncia el 39o Torneo Internacional de Tenis en Santo Domingo"}]},{"@type":"WebSite","@id":"https:\/\/casadecampoliving.com\/es\/#website","url":"https:\/\/casadecampoliving.com\/es\/","name":"Casa de Campo Living","description":"Resort community news and resources.","publisher":{"@id":"https:\/\/casadecampoliving.com\/es\/#organization"},"potentialAction":[{"@type":"SearchAction","target":{"@type":"EntryPoint","urlTemplate":"https:\/\/casadecampoliving.com\/es\/?s={search_term_string}"},"query-input":{"@type":"PropertyValueSpecification","valueRequired":true,"valueName":"search_term_string"}}],"inLanguage":"es"},{"@type":"Organization","@id":"https:\/\/casadecampoliving.com\/es\/#organization","name":"Casa de Campo Living","url":"https:\/\/casadecampoliving.com\/es\/","logo":{"@type":"ImageObject","inLanguage":"es","@id":"https:\/\/casadecampoliving.com\/es\/#\/schema\/logo\/image\/","url":"https:\/\/i0.wp.com\/casadecampoliving.com\/wp-content\/uploads\/2022\/07\/CDCLivingLogo_V1-white-sized.png?fit=800%2C214&ssl=1","contentUrl":"https:\/\/i0.wp.com\/casadecampoliving.com\/wp-content\/uploads\/2022\/07\/CDCLivingLogo_V1-white-sized.png?fit=800%2C214&ssl=1","width":800,"height":214,"caption":"Casa de Campo Living"},"image":{"@id":"https:\/\/casadecampoliving.com\/es\/#\/schema\/logo\/image\/"},"sameAs":["https:\/\/www.facebook.com\/casadecampoliving","https:\/\/x.com\/cdcliving"]},{"@type":"Person","@id":"https:\/\/casadecampoliving.com\/es\/#\/schema\/person\/e3abfc63c1478fd703266a6f33a3145d","name":"Heather Lincoln","image":{"@type":"ImageObject","inLanguage":"es","@id":"https:\/\/secure.gravatar.com\/avatar\/e8fc1ce4ad50385675908137b0d8d66be281d034bf072b4700460237638ea6d0?s=96&d=mm&r=g","url":"https:\/\/secure.gravatar.com\/avatar\/e8fc1ce4ad50385675908137b0d8d66be281d034bf072b4700460237638ea6d0?s=96&d=mm&r=g","contentUrl":"https:\/\/secure.gravatar.com\/avatar\/e8fc1ce4ad50385675908137b0d8d66be281d034bf072b4700460237638ea6d0?s=96&d=mm&r=g","caption":"Heather Lincoln"},"url":"https:\/\/casadecampoliving.com\/es\/author\/hcastillo\/"}]}},"parsely":{"version":"1.1.0","canonical_url":"https:\/\/casadecampoliving.com\/es\/casa-de-campo-anuncia-el-39o-international-tennis-tournament-in-santo-domingo\/","smart_links":{"inbound":0,"outbound":0},"traffic_boost_suggestions_count":0,"meta":{"@context":"https:\/\/schema.org","@type":"NewsArticle","headline":"Casa de Campo anuncia el 39o Torneo Internacional de Tenis en Santo Domingo","url":"http:\/\/casadecampoliving.com\/es\/casa-de-campo-anuncia-el-39o-international-tennis-tournament-in-santo-domingo\/","mainEntityOfPage":{"@type":"WebPage","@id":"http:\/\/casadecampoliving.com\/es\/casa-de-campo-anuncia-el-39o-international-tennis-tournament-in-santo-domingo\/"},"thumbnailUrl":"https:\/\/i0.wp.com\/casadecampoliving.com\/wp-content\/uploads\/2022\/10\/CdC_pressconference16.jpg?resize=150%2C150&ssl=1","image":{"@type":"ImageObject","url":"https:\/\/i0.wp.com\/casadecampoliving.com\/wp-content\/uploads\/2022\/10\/CdC_pressconference16.jpg?fit=1000%2C667&ssl=1"},"articleSection":"Rep\u00fablica Dominicana @es","author":[{"@type":"Person","name":"Heather Lincoln"}],"creator":["Heather Lincoln"],"publisher":{"@type":"Organization","name":"Casa de Campo Living","logo":"https:\/\/casadecampoliving.com\/wp-content\/uploads\/2022\/07\/CDCLivingLogo_V1-white-sized.png"},"keywords":["casa de campo","casa de campo @es","casa de campo international tennis tournament","daniel hern\u00e1ndez @es","deporte","emilio v\u00e1squez @es","featured-topview @es","la terraza @es","proximamente","santo domingo @es","torneo internacional de tenis"],"dateCreated":"2016-08-30T04:00:00Z","datePublished":"2016-08-30T04:00:00Z","dateModified":"2022-11-10T14:33:07Z"},"rendered":"<script type=\"application\/ld+json\" class=\"wp-parsely-metadata\">{\"@context\":\"https:\\\/\\\/schema.org\",\"@type\":\"NewsArticle\",\"headline\":\"Casa de Campo anuncia el 39o Torneo Internacional de Tenis en Santo Domingo\",\"url\":\"http:\\\/\\\/casadecampoliving.com\\\/es\\\/casa-de-campo-anuncia-el-39o-international-tennis-tournament-in-santo-domingo\\\/\",\"mainEntityOfPage\":{\"@type\":\"WebPage\",\"@id\":\"http:\\\/\\\/casadecampoliving.com\\\/es\\\/casa-de-campo-anuncia-el-39o-international-tennis-tournament-in-santo-domingo\\\/\"},\"thumbnailUrl\":\"https:\\\/\\\/i0.wp.com\\\/casadecampoliving.com\\\/wp-content\\\/uploads\\\/2022\\\/10\\\/CdC_pressconference16.jpg?resize=150%2C150&ssl=1\",\"image\":{\"@type\":\"ImageObject\",\"url\":\"https:\\\/\\\/i0.wp.com\\\/casadecampoliving.com\\\/wp-content\\\/uploads\\\/2022\\\/10\\\/CdC_pressconference16.jpg?fit=1000%2C667&ssl=1\"},\"articleSection\":\"Rep\\u00fablica Dominicana @es\",\"author\":[{\"@type\":\"Person\",\"name\":\"Heather Lincoln\"}],\"creator\":[\"Heather Lincoln\"],\"publisher\":{\"@type\":\"Organization\",\"name\":\"Casa de Campo Living\",\"logo\":\"https:\\\/\\\/casadecampoliving.com\\\/wp-content\\\/uploads\\\/2022\\\/07\\\/CDCLivingLogo_V1-white-sized.png\"},\"keywords\":[\"casa de campo\",\"casa de campo @es\",\"casa de campo international tennis tournament\",\"daniel hern\\u00e1ndez @es\",\"deporte\",\"emilio v\\u00e1squez @es\",\"featured-topview @es\",\"la terraza @es\",\"proximamente\",\"santo domingo @es\",\"torneo internacional de tenis\"],\"dateCreated\":\"2016-08-30T04:00:00Z\",\"datePublished\":\"2016-08-30T04:00:00Z\",\"dateModified\":\"2022-11-10T14:33:07Z\"}<\/script>","tracker_url":"https:\/\/cdn.parsely.com\/keys\/casadecampoliving.com\/p.js"},"jetpack_publicize_connections":[],"jetpack_featured_media_url":"https:\/\/i0.wp.com\/casadecampoliving.com\/wp-content\/uploads\/2022\/10\/CdC_pressconference16.jpg?fit=1000%2C667&ssl=1","jetpack-related-posts":[{"id":350296,"url":"https:\/\/casadecampoliving.com\/es\/torneo-internacional-de-tenis-casa-de-campo-dedicado-emilio-vasquez\/","url_meta":{"origin":350442,"position":0},"title":"39no Torneo Internacional de Tenis Casa de Campo ser\u00e1 dedicado a Emilio V\u00e1squez","author":"Heather Lincoln","date":"1 Ago, 2016","format":false,"excerpt":"Casa de Campo estar\u00e1 realizando su 39no Torneo Internacional de Tenis el pr\u00f3ximo mes\u00a0de septiembre y estamos muy contentos al enterarnos\u00a0que estar\u00e1 dedicado a Emilio V\u00e1squez, la leyenda del tenis, que desempe\u00f1o la labor de\u00a0Director de Tenis por m\u00e1s de 35 a\u00f1os, gan\u00e1ndose\u00a0un lugar muy especial en el coraz\u00f3n de\u2026","rel":"","context":"En \u00abDeportes\u00bb","block_context":{"text":"Deportes","link":"https:\/\/casadecampoliving.com\/es\/category\/golf-deportes-es\/"},"img":{"alt_text":"","src":"https:\/\/i0.wp.com\/casadecampoliving.com\/wp-content\/uploads\/2022\/10\/DSC_0210-1.jpg?fit=1000%2C600&ssl=1&resize=350%2C200","width":350,"height":200,"srcset":"https:\/\/i0.wp.com\/casadecampoliving.com\/wp-content\/uploads\/2022\/10\/DSC_0210-1.jpg?fit=1000%2C600&ssl=1&resize=350%2C200 1x, https:\/\/i0.wp.com\/casadecampoliving.com\/wp-content\/uploads\/2022\/10\/DSC_0210-1.jpg?fit=1000%2C600&ssl=1&resize=525%2C300 1.5x, https:\/\/i0.wp.com\/casadecampoliving.com\/wp-content\/uploads\/2022\/10\/DSC_0210-1.jpg?fit=1000%2C600&ssl=1&resize=700%2C400 2x"},"classes":[]},{"id":433460,"url":"https:\/\/casadecampoliving.com\/es\/no-se-pierdan-el-increible-tributo-a-frank-sinatra-para-celebrar-el-40-aniversario-del-anfiteatro-altos-de-chavon\/","url_meta":{"origin":350442,"position":1},"title":"No se pierdan el incre\u00edble tributo a Frank Sinatra para celebrar el 40 aniversario del\u00a0Anfiteatro Altos de Chav\u00f3n","author":"Casa de Campo Living","date":"20 Oct, 2022","format":false,"excerpt":"Siendo uno de los escenarios m\u00e1s emblem\u00e1ticos del pa\u00eds, Casa de Campo Resort\u00ae & Villas celebra las cuatro d\u00e9cadas de aniversario de Altos de Chav\u00f3n con un tributo al gran Frank Sinatra, protagonizado por artistas invitados y una big band tal cual la que acompa\u00f1\u00f3 al artista hace 40 a\u00f1os\u2026","rel":"","context":"En \u00abUncategorized @es\u00bb","block_context":{"text":"Uncategorized @es","link":"https:\/\/casadecampoliving.com\/es\/category\/uncategorized-es\/"},"img":{"alt_text":"","src":"https:\/\/i0.wp.com\/casadecampoliving.com\/wp-content\/uploads\/2022\/10\/Tributo-Frank-Sinatra-Foto-Principal-Amaury-Sanchez-Danilo-Ginebra-Andres-Pichardo-y-Jose-Gabriel-Perez-.jpg?fit=1200%2C873&ssl=1&resize=350%2C200","width":350,"height":200,"srcset":"https:\/\/i0.wp.com\/casadecampoliving.com\/wp-content\/uploads\/2022\/10\/Tributo-Frank-Sinatra-Foto-Principal-Amaury-Sanchez-Danilo-Ginebra-Andres-Pichardo-y-Jose-Gabriel-Perez-.jpg?fit=1200%2C873&ssl=1&resize=350%2C200 1x, https:\/\/i0.wp.com\/casadecampoliving.com\/wp-content\/uploads\/2022\/10\/Tributo-Frank-Sinatra-Foto-Principal-Amaury-Sanchez-Danilo-Ginebra-Andres-Pichardo-y-Jose-Gabriel-Perez-.jpg?fit=1200%2C873&ssl=1&resize=525%2C300 1.5x, https:\/\/i0.wp.com\/casadecampoliving.com\/wp-content\/uploads\/2022\/10\/Tributo-Frank-Sinatra-Foto-Principal-Amaury-Sanchez-Danilo-Ginebra-Andres-Pichardo-y-Jose-Gabriel-Perez-.jpg?fit=1200%2C873&ssl=1&resize=700%2C400 2x, https:\/\/i0.wp.com\/casadecampoliving.com\/wp-content\/uploads\/2022\/10\/Tributo-Frank-Sinatra-Foto-Principal-Amaury-Sanchez-Danilo-Ginebra-Andres-Pichardo-y-Jose-Gabriel-Perez-.jpg?fit=1200%2C873&ssl=1&resize=1050%2C600 3x"},"classes":[]},{"id":327779,"url":"https:\/\/casadecampoliving.com\/es\/casa-de-campo-anuncia-39no-torneo-de-internacional-de-tenis\/","url_meta":{"origin":350442,"position":2},"title":"Casa de Campo anuncia celebraci\u00f3n del 39no Torneo de Internacional de Tenis en Santo Domingo","author":"Marlenys Guzm\u00e1n Casta\u00f1os","date":"31 Ago, 2016","format":false,"excerpt":"La rueda de prensa y el c\u00f3ctel que Casa de Campo realizo en el Santo Domingo Country Club celebr\u00f3 el anuncio del 39\u00ba Torneo Internacional de Tenis que tendr\u00e1\u00a0lugar este fin de semana en el Centro de Tenis La Terraza. El evento anual da la bienvenida a los jugadores y\u2026","rel":"","context":"En \u00abCasa de Campo Resort\u00bb","block_context":{"text":"Casa de Campo Resort","link":"https:\/\/casadecampoliving.com\/category\/casa-de-campo-resort\/"},"img":{"alt_text":"","src":"https:\/\/i0.wp.com\/casadecampoliving.com\/wp-content\/uploads\/2022\/10\/CdC_pressconference23.jpg?fit=1000%2C667&ssl=1&resize=350%2C200","width":350,"height":200,"srcset":"https:\/\/i0.wp.com\/casadecampoliving.com\/wp-content\/uploads\/2022\/10\/CdC_pressconference23.jpg?fit=1000%2C667&ssl=1&resize=350%2C200 1x, https:\/\/i0.wp.com\/casadecampoliving.com\/wp-content\/uploads\/2022\/10\/CdC_pressconference23.jpg?fit=1000%2C667&ssl=1&resize=525%2C300 1.5x, https:\/\/i0.wp.com\/casadecampoliving.com\/wp-content\/uploads\/2022\/10\/CdC_pressconference23.jpg?fit=1000%2C667&ssl=1&resize=700%2C400 2x"},"classes":[]},{"id":348186,"url":"https:\/\/casadecampoliving.com\/es\/torneo-internacional-de-tenis-de-casa-de-campo-copa-bdi\/","url_meta":{"origin":350442,"position":3},"title":"\u00a1Torneo Internacional de Tenis de Casa de Campo Copa BDI empez\u00f3 oficialmente!","author":"Perkin Agramonte","date":"4 Sep, 2015","format":false,"excerpt":"Ayer, jueves, 3 de septiembre la 38\u00aa edici\u00f3n anual del Torneo Internacional de Tenis \"Copa BDI - Casa de Campo\" fue inaugurado oficialmente en el Club de Tenis La Terraza en Casa de Campo. Luego de la entonaci\u00f3n del Himno Nacional Dominicano para dar inicio al acto inaugural de este\u2026","rel":"","context":"En \u00abCasa de Campo Living @es\u00bb","block_context":{"text":"Casa de Campo Living @es","link":"https:\/\/casadecampoliving.com\/category\/casa-de-campo-living-es\/"},"img":{"alt_text":"","src":"https:\/\/i0.wp.com\/casadecampoliving.com\/wp-content\/uploads\/2022\/10\/Juan-Carlos-Rodriguez-Copello-Maria-Mastrolilli-Emilio-Vasquez-y-Daniel-Hernandez-durante-la-presentacion-de-la-Gran-Cop-1.jpg?fit=640%2C426&ssl=1&resize=350%2C200","width":350,"height":200,"srcset":"https:\/\/i0.wp.com\/casadecampoliving.com\/wp-content\/uploads\/2022\/10\/Juan-Carlos-Rodriguez-Copello-Maria-Mastrolilli-Emilio-Vasquez-y-Daniel-Hernandez-durante-la-presentacion-de-la-Gran-Cop-1.jpg?fit=640%2C426&ssl=1&resize=350%2C200 1x, https:\/\/i0.wp.com\/casadecampoliving.com\/wp-content\/uploads\/2022\/10\/Juan-Carlos-Rodriguez-Copello-Maria-Mastrolilli-Emilio-Vasquez-y-Daniel-Hernandez-durante-la-presentacion-de-la-Gran-Cop-1.jpg?fit=640%2C426&ssl=1&resize=525%2C300 1.5x"},"classes":[]},{"id":353555,"url":"https:\/\/casadecampoliving.com\/es\/omar-ferreiras-e-idarmis-cucurullo-victoriosos-en-el-42o-torneo-internacional-de-tenis-casa-de-campo\/","url_meta":{"origin":350442,"position":4},"title":"Omar Ferreiras e Idarmis Cucurullo &#8211; victoriosos en el 42\u00ba Torneo Internacional de Tenis Casa de Campo","author":"Casa de Campo Living","date":"25 Sep, 2019","format":false,"excerpt":"El domingo 22 de septiembre fue el \u00faltimo d\u00eda del 42\u00ba Torneo Internacional de Tenis Casa de Campo que se jug\u00f3 en el Club de Tenis La Terraza desde el jueves 19 de septiembre hasta el fin de semana. Omar Ferreiras e Idarmis Cucurullo fueron coronados campeones individuales en la\u2026","rel":"","context":"En \u00abDeportes\u00bb","block_context":{"text":"Deportes","link":"https:\/\/casadecampoliving.com\/es\/category\/golf-deportes-es\/"},"img":{"alt_text":"","src":"https:\/\/i0.wp.com\/casadecampoliving.com\/wp-content\/uploads\/2022\/10\/IMG_0188.jpg?fit=1000%2C667&ssl=1&resize=350%2C200","width":350,"height":200,"srcset":"https:\/\/i0.wp.com\/casadecampoliving.com\/wp-content\/uploads\/2022\/10\/IMG_0188.jpg?fit=1000%2C667&ssl=1&resize=350%2C200 1x, https:\/\/i0.wp.com\/casadecampoliving.com\/wp-content\/uploads\/2022\/10\/IMG_0188.jpg?fit=1000%2C667&ssl=1&resize=525%2C300 1.5x, https:\/\/i0.wp.com\/casadecampoliving.com\/wp-content\/uploads\/2022\/10\/IMG_0188.jpg?fit=1000%2C667&ssl=1&resize=700%2C400 2x"},"classes":[]},{"id":345217,"url":"https:\/\/casadecampoliving.com\/es\/copa-casa-de-campo-inugurada-por-peter-bonell\/","url_meta":{"origin":350442,"position":5},"title":"Copa Casa de Campo inugurada por Peter Bonell","author":"Maria Isabel B\u00e1ez","date":"28 Ago, 2014","format":false,"excerpt":"El Trig\u00e9simo S\u00e9ptimo Torneo de Tenis, Copa Casa de Campo, fue inaugurado esta ma\u00f1ana con un fuerte saque de Peter Bonell y para los dominicanos Pedro Mercedes y Alexander Rozemko que salieron airosos en sus respectivos partidos. Con los primeros partidos de tenis empezando a las 9am en el club\u2026","rel":"","context":"En \u00abDeportes\u00bb","block_context":{"text":"Deportes","link":"https:\/\/casadecampoliving.com\/es\/category\/golf-deportes-es\/"},"img":{"alt_text":"Peter Bonell tennis Casa de Campo","src":"https:\/\/i0.wp.com\/casadecampoliving.com\/wp-content\/uploads\/2022\/10\/peter_bonell_tennis_Casa_de_Campo-1-scaled.jpg?fit=1200%2C797&ssl=1&resize=350%2C200","width":350,"height":200,"srcset":"https:\/\/i0.wp.com\/casadecampoliving.com\/wp-content\/uploads\/2022\/10\/peter_bonell_tennis_Casa_de_Campo-1-scaled.jpg?fit=1200%2C797&ssl=1&resize=350%2C200 1x, https:\/\/i0.wp.com\/casadecampoliving.com\/wp-content\/uploads\/2022\/10\/peter_bonell_tennis_Casa_de_Campo-1-scaled.jpg?fit=1200%2C797&ssl=1&resize=525%2C300 1.5x, https:\/\/i0.wp.com\/casadecampoliving.com\/wp-content\/uploads\/2022\/10\/peter_bonell_tennis_Casa_de_Campo-1-scaled.jpg?fit=1200%2C797&ssl=1&resize=700%2C400 2x, https:\/\/i0.wp.com\/casadecampoliving.com\/wp-content\/uploads\/2022\/10\/peter_bonell_tennis_Casa_de_Campo-1-scaled.jpg?fit=1200%2C797&ssl=1&resize=1050%2C600 3x"},"classes":[]}],"jetpack_sharing_enabled":true,"_links":{"self":[{"href":"https:\/\/casadecampoliving.com\/es\/wp-json\/wp\/v2\/posts\/350442","targetHints":{"allow":["GET"]}}],"collection":[{"href":"https:\/\/casadecampoliving.com\/es\/wp-json\/wp\/v2\/posts"}],"about":[{"href":"https:\/\/casadecampoliving.com\/es\/wp-json\/wp\/v2\/types\/post"}],"author":[{"embeddable":true,"href":"https:\/\/casadecampoliving.com\/es\/wp-json\/wp\/v2\/users\/36681"}],"replies":[{"embeddable":true,"href":"https:\/\/casadecampoliving.com\/es\/wp-json\/wp\/v2\/comments?post=350442"}],"version-history":[{"count":2,"href":"https:\/\/casadecampoliving.com\/es\/wp-json\/wp\/v2\/posts\/350442\/revisions"}],"predecessor-version":[{"id":507218,"href":"https:\/\/casadecampoliving.com\/es\/wp-json\/wp\/v2\/posts\/350442\/revisions\/507218"}],"wp:featuredmedia":[{"embeddable":true,"href":"https:\/\/casadecampoliving.com\/es\/wp-json\/wp\/v2\/media\/291987"}],"wp:attachment":[{"href":"https:\/\/casadecampoliving.com\/es\/wp-json\/wp\/v2\/media?parent=350442"}],"wp:term":[{"taxonomy":"category","embeddable":true,"href":"https:\/\/casadecampoliving.com\/es\/wp-json\/wp\/v2\/categories?post=350442"},{"taxonomy":"post_tag","embeddable":true,"href":"https:\/\/casadecampoliving.com\/es\/wp-json\/wp\/v2\/tags?post=350442"},{"taxonomy":"newspack_spnsrs_tax","embeddable":true,"href":"https:\/\/casadecampoliving.com\/es\/wp-json\/wp\/v2\/newspack_spnsrs_tax?post=350442"}],"curies":[{"name":"wp","href":"https:\/\/api.w.org\/{rel}","templated":true}]}}