{"id":350417,"date":"2016-08-25T00:00:00","date_gmt":"2016-08-25T04:00:00","guid":{"rendered":"https:\/\/casadecampoliving.com\/ministerio-de-turismo-reconoce-a-claudio-silvestri\/"},"modified":"2022-10-21T18:59:53","modified_gmt":"2022-10-21T22:59:53","slug":"ministerio-de-turismo-reconoce-a-claudio-silvestri","status":"publish","type":"post","link":"https:\/\/casadecampoliving.com\/es\/ministerio-de-turismo-reconoce-a-claudio-silvestri\/","title":{"rendered":"Ministerio de Turismo reconoce a Claudio Silvestri por sus aportes al sector Tur\u00edstico de Rep\u00fablica Dominicana."},"content":{"rendered":"<div class=\"wp-block-image size-full wp-image-122551\">\n<figure class=\"aligncenter is-resized\"><img loading=\"lazy\" decoding=\"async\" src=\"https:\/\/i0.wp.com\/casadecampoliving.com\/wp-content\/uploads\/2022\/10\/IMG_5936.jpg?resize=1000%2C667&amp;ssl=1\" alt=\"Claudio Silvestri and Francisco Javier Garc\u00eda. Picture from puertoplatahabla.com\" class=\"wp-image-122551\" height=\"667\" width=\"1000\"\/><figcaption>Claudio Silvestri and Francisco Javier Garc\u00eda. Picture from puertoplatahabla.com<\/figcaption><\/figure>\n<\/div>\n\n\n<p>Despu\u00e9s de tres d\u00e9cadas de trabajo diligente, ser un pionero en el mercado de turismo de lujo y un l\u00edder incansable, visionario y embajador por excelencia, estoy orgulloso de anunciar que los logros de mi padre, Claudio Silvestri acaban de ser reconocidos por el Ministerio de Turismo de Rep\u00fablica Dominicana.<\/p>\n\n\n\n<!--more-->\n\n\n\n<p>Me llena de gran alegr\u00eda ver como sus logros son celebrados y apreciados de&nbsp;esta forma. El turismo es uno de los principales pilares de la econom\u00eda de la Rep\u00fablica Dominicana. Pocas personas tienen la oportunidad de hacer una diferencia en una industria o un pa\u00eds, manteniendo al mismo tiempo el respeto y la amistad de incluso sus&nbsp;m\u00e1s grandes competidores \u2013 y a la vez tener la capacidad de hacerlo con cierto&nbsp;nivel de estilo, sofisticaci\u00f3n y profesionalismo digno de un verdadero caballero.<\/p>\n\n\n\n<p>A continuaci\u00f3n, algunos extractos del&nbsp;art\u00edculo publicado por el peri\u00f3dico&nbsp;Hoy:<\/p>\n\n\n<div class=\"wp-block-image size-full wp-image-122552\">\n<figure class=\"aligncenter is-resized\"><img loading=\"lazy\" decoding=\"async\" src=\"https:\/\/i0.wp.com\/casadecampoliving.com\/wp-content\/uploads\/2022\/10\/0001AAAAA4-24.jpg?resize=984%2C666&amp;ssl=1\" alt=\"Francisco Javier Garc\u00eda and Claudio Silvestri. Picture from queesnoticias.com.do \" class=\"wp-image-122552\" height=\"666\" width=\"984\"\/><figcaption>Francisco Javier Garc\u00eda and Claudio Silvestri. Picture from queesnoticias.com.do<\/figcaption><\/figure>\n<\/div>\n\n\n<p><em>El empresario Claudio Silvestri, quien dirigi\u00f3 Casa de Campo por m\u00e1s tres d\u00e9cadas, destac\u00f3 el potencial tur\u00edstico de la Rep\u00fablica Dominicana y calific\u00f3 de excelente la gesti\u00f3n de Francisco Javier Garc\u00eda al frente del Ministerio de Turismo.&nbsp;<\/em><em>\u201cPor razones de negocios he viajado a muchas partes del mundo, y no he encontrado que exista un pa\u00eds en el Caribe que haya avanzado tanto en el turismo como Rep\u00fablica Dominicana, no hay la misma infraestructura, el mismo cari\u00f1o, ni el sentido de la hospitalidad\u201d, manifest\u00f3.&nbsp;<\/em><em>Claudio Silvestri dio estas declaraciones al recibir un reconocimiento otorgado por el&nbsp; Ministerio de Turismo por sus aportes al sector Tur\u00edstico de Rep\u00fablica Dominicana.<\/em><\/p>\n\n\n\n<p><em>Al agradecer la distinci\u00f3n, el presidente y director ejecutivo del Grupo Silvestri,&nbsp; defini\u00f3 a la Rep\u00fablica Dominicana como un pa\u00eds maravilloso, \u201ccon grandes condiciones naturales\u201d, tras calificar al dominicano como el ser humano m\u00e1s hospitalario del mundo, condiciones que lo cautiv\u00f3 y lo mantiene desde hace&nbsp; 33 a\u00f1os en el pa\u00eds.<\/em><\/p>\n\n\n\n<p><em>En tanto, el ministro de Turismo, Francisco Javier Garc\u00eda, valor\u00f3 los aportes hechos por&nbsp; Claudio Silvestri, al desarrollo del sector tur\u00edstico de Rep\u00fablica Dominicana, liderando la oferta de turismo de lujo, por m\u00e1s de 30 a\u00f1os,&nbsp; convirtiendo a Casa de Campo, la regi\u00f3n&nbsp; Este, como un icono del turismo a nivel mundial.&nbsp;<\/em><em>Manifest\u00f3 que es dif\u00edcil poder enumerar&nbsp; todos los aportes de Silvestri al turismo dominicano, a quien calific\u00f3 como embajador del pa\u00eds en la industria tur\u00edstica nacional, siendo uno de los mayores promotores de la belleza del pa\u00eds.<\/em><\/p>\n\n\n\n<blockquote class=\"wp-block-quote is-layout-flow wp-block-quote-is-layout-flow\"><p><em>*Puede encontrar el art\u00edculo completo en el <strong><a href=\"http:\/\/hoy.com.do\/claudio-silvestri-destaca-potencial-turistico-de-republica-dominicana\/#\" target=\"_blank\" rel=\"noopener\">periodico Hoy<\/a><\/strong> del 21 de agosto 2016.<\/em><\/p><\/blockquote>\n","protected":false},"excerpt":{"rendered":"<p>Despu\u00e9s de tres d\u00e9cadas de trabajo diligente, ser un pionero en el mercado de turismo de lujo y un l\u00edder incansable, visionario y embajador por excelencia, estoy orgulloso de anunciar que los logros de mi padre, Claudio Silvestri acaban de ser reconocidos por el Ministerio de Turismo de Rep\u00fablica Dominicana.<\/p>\n","protected":false},"author":36671,"featured_media":290440,"comment_status":"closed","ping_status":"closed","sticky":false,"template":"","format":"standard","meta":{"newspack_ads_suppress_ads":false,"newspack_popups_has_disabled_popups":false,"newspack_sponsor_sponsorship_scope":"","newspack_sponsor_native_byline_display":"inherit","newspack_sponsor_native_category_display":"inherit","newspack_sponsor_underwriter_style":"inherit","newspack_sponsor_underwriter_placement":"inherit","_newspack_byline_active":false,"_newspack_byline":"","newspack_hide_updated_date":false,"newspack_show_updated_date":false,"newspack_content_restriction_is_exempt":false,"newspack_featured_image_position":"","newspack_post_subtitle":"","newspack_article_summary_title":"Overview:","newspack_article_summary":"","_jetpack_memberships_contains_paid_content":false,"footnotes":"","jetpack_publicize_message":"","jetpack_publicize_feature_enabled":true,"jetpack_social_post_already_shared":false,"jetpack_social_options":{"image_generator_settings":{"template":"highway","default_image_id":0,"font":"","enabled":false},"version":2},"_wpas_customize_per_network":false},"categories":[2524,14631,2506,14625,2521,2498],"tags":[23815,3626,7767,19120,8261,8661],"newspack_spnsrs_tax":[],"class_list":["post-350417","post","type-post","status-publish","format-standard","has-post-thumbnail","hentry","category-destacados","category-estilo-de-vida","category-mas-alla-de-casa-es","category-noticias-locales","category-republica-dominicana-2","category-uncategorized-es","tag-casa-de-campo-es-17","tag-casa-de-campo-es","tag-claudio-silvestri-es","tag-logros","tag-ministerio-de-turismo","tag-reconocimiento","entry"],"yoast_head":"<!-- This site is optimized with the Yoast SEO plugin v27.5 - https:\/\/yoast.com\/product\/yoast-seo-wordpress\/ -->\n<title>Ministerio de Turismo reconoce a Claudio Silvestri por sus aportes al sector Tur\u00edstico de Rep\u00fablica Dominicana. | Casa de Campo Living<\/title>\n<meta name=\"description\" content=\"Claudio Silvestri and Francisco Javier Garc\u00eda. Picture from puertoplatahabla.com Despu\u00e9s de tres d\u00e9cadas de trabajo diligente, ser un pionero en el\" \/>\n<meta name=\"robots\" content=\"index, follow, max-snippet:-1, max-image-preview:large, max-video-preview:-1\" \/>\n<link rel=\"canonical\" href=\"https:\/\/casadecampoliving.com\/es\/ministerio-de-turismo-reconoce-a-claudio-silvestri\/\" \/>\n<meta property=\"og:locale\" content=\"es_ES\" \/>\n<meta property=\"og:type\" content=\"article\" \/>\n<meta property=\"og:title\" content=\"Ministerio de Turismo reconoce a Claudio Silvestri por sus aportes al sector Tur\u00edstico de Rep\u00fablica Dominicana. | Casa de Campo Living\" \/>\n<meta property=\"og:description\" content=\"Claudio Silvestri and Francisco Javier Garc\u00eda. Picture from puertoplatahabla.com Despu\u00e9s de tres d\u00e9cadas de trabajo diligente, ser un pionero en el\" \/>\n<meta property=\"og:url\" content=\"https:\/\/casadecampoliving.com\/es\/ministerio-de-turismo-reconoce-a-claudio-silvestri\/\" \/>\n<meta property=\"og:site_name\" content=\"Casa de Campo Living\" \/>\n<meta property=\"article:publisher\" content=\"https:\/\/www.facebook.com\/casadecampoliving\" \/>\n<meta property=\"article:published_time\" content=\"2016-08-25T04:00:00+00:00\" \/>\n<meta property=\"article:modified_time\" content=\"2022-10-21T22:59:53+00:00\" \/>\n<meta property=\"og:image\" content=\"https:\/\/i0.wp.com\/casadecampoliving.com\/wp-content\/uploads\/2022\/10\/IMG_0591-1.jpg?fit=1000%2C667&ssl=1\" \/>\n\t<meta property=\"og:image:width\" content=\"1000\" \/>\n\t<meta property=\"og:image:height\" content=\"667\" \/>\n\t<meta property=\"og:image:type\" content=\"image\/jpeg\" \/>\n<meta name=\"author\" content=\"Philip Silvestri\" \/>\n<meta name=\"twitter:card\" content=\"summary_large_image\" \/>\n<meta name=\"twitter:creator\" content=\"@cdcliving\" \/>\n<meta name=\"twitter:site\" content=\"@cdcliving\" \/>\n<meta name=\"twitter:label1\" content=\"Escrito por\" \/>\n\t<meta name=\"twitter:data1\" content=\"Philip Silvestri\" \/>\n\t<meta name=\"twitter:label2\" content=\"Tiempo de lectura\" \/>\n\t<meta name=\"twitter:data2\" content=\"2 minutos\" \/>\n<script type=\"application\/ld+json\" class=\"yoast-schema-graph\">{\"@context\":\"https:\\\/\\\/schema.org\",\"@graph\":[{\"@type\":\"Article\",\"@id\":\"https:\\\/\\\/casadecampoliving.com\\\/es\\\/ministerio-de-turismo-reconoce-a-claudio-silvestri\\\/#article\",\"isPartOf\":{\"@id\":\"https:\\\/\\\/casadecampoliving.com\\\/es\\\/ministerio-de-turismo-reconoce-a-claudio-silvestri\\\/\"},\"author\":{\"name\":\"Philip Silvestri\",\"@id\":\"https:\\\/\\\/casadecampoliving.com\\\/es\\\/#\\\/schema\\\/person\\\/3cb17750474b44c6842e0541dfe03881\"},\"headline\":\"Ministerio de Turismo reconoce a Claudio Silvestri por sus aportes al sector Tur\u00edstico de Rep\u00fablica Dominicana.\",\"datePublished\":\"2016-08-25T04:00:00+00:00\",\"dateModified\":\"2022-10-21T22:59:53+00:00\",\"mainEntityOfPage\":{\"@id\":\"https:\\\/\\\/casadecampoliving.com\\\/es\\\/ministerio-de-turismo-reconoce-a-claudio-silvestri\\\/\"},\"wordCount\":499,\"publisher\":{\"@id\":\"https:\\\/\\\/casadecampoliving.com\\\/es\\\/#organization\"},\"image\":{\"@id\":\"https:\\\/\\\/casadecampoliving.com\\\/es\\\/ministerio-de-turismo-reconoce-a-claudio-silvestri\\\/#primaryimage\"},\"thumbnailUrl\":\"https:\\\/\\\/i0.wp.com\\\/casadecampoliving.com\\\/wp-content\\\/uploads\\\/2022\\\/10\\\/IMG_0591-1.jpg?fit=1000%2C667&ssl=1\",\"keywords\":[\"Casa de Campo\",\"casa de campo @es\",\"claudio silvestri @es\",\"logros\",\"ministerio de turismo\",\"Reconocimiento\"],\"articleSection\":[\"Destacados\",\"Estilo de Vida\",\"M\u00e1s all\u00e1 de Casa\",\"Noticias Locales\",\"Rep\u00fablica Dominicana @es\",\"Uncategorized @es\"],\"inLanguage\":\"es\"},{\"@type\":\"WebPage\",\"@id\":\"https:\\\/\\\/casadecampoliving.com\\\/es\\\/ministerio-de-turismo-reconoce-a-claudio-silvestri\\\/\",\"url\":\"https:\\\/\\\/casadecampoliving.com\\\/es\\\/ministerio-de-turismo-reconoce-a-claudio-silvestri\\\/\",\"name\":\"Ministerio de Turismo reconoce a Claudio Silvestri por sus aportes al sector Tur\u00edstico de Rep\u00fablica Dominicana. | Casa de Campo Living\",\"isPartOf\":{\"@id\":\"https:\\\/\\\/casadecampoliving.com\\\/es\\\/#website\"},\"primaryImageOfPage\":{\"@id\":\"https:\\\/\\\/casadecampoliving.com\\\/es\\\/ministerio-de-turismo-reconoce-a-claudio-silvestri\\\/#primaryimage\"},\"image\":{\"@id\":\"https:\\\/\\\/casadecampoliving.com\\\/es\\\/ministerio-de-turismo-reconoce-a-claudio-silvestri\\\/#primaryimage\"},\"thumbnailUrl\":\"https:\\\/\\\/i0.wp.com\\\/casadecampoliving.com\\\/wp-content\\\/uploads\\\/2022\\\/10\\\/IMG_0591-1.jpg?fit=1000%2C667&ssl=1\",\"datePublished\":\"2016-08-25T04:00:00+00:00\",\"dateModified\":\"2022-10-21T22:59:53+00:00\",\"description\":\"Claudio Silvestri and Francisco Javier Garc\u00eda. Picture from puertoplatahabla.com Despu\u00e9s de tres d\u00e9cadas de trabajo diligente, ser un pionero en el\",\"breadcrumb\":{\"@id\":\"https:\\\/\\\/casadecampoliving.com\\\/es\\\/ministerio-de-turismo-reconoce-a-claudio-silvestri\\\/#breadcrumb\"},\"inLanguage\":\"es\",\"potentialAction\":[{\"@type\":\"ReadAction\",\"target\":[\"https:\\\/\\\/casadecampoliving.com\\\/es\\\/ministerio-de-turismo-reconoce-a-claudio-silvestri\\\/\"]}]},{\"@type\":\"ImageObject\",\"inLanguage\":\"es\",\"@id\":\"https:\\\/\\\/casadecampoliving.com\\\/es\\\/ministerio-de-turismo-reconoce-a-claudio-silvestri\\\/#primaryimage\",\"url\":\"https:\\\/\\\/i0.wp.com\\\/casadecampoliving.com\\\/wp-content\\\/uploads\\\/2022\\\/10\\\/IMG_0591-1.jpg?fit=1000%2C667&ssl=1\",\"contentUrl\":\"https:\\\/\\\/i0.wp.com\\\/casadecampoliving.com\\\/wp-content\\\/uploads\\\/2022\\\/10\\\/IMG_0591-1.jpg?fit=1000%2C667&ssl=1\",\"width\":1000,\"height\":667},{\"@type\":\"BreadcrumbList\",\"@id\":\"https:\\\/\\\/casadecampoliving.com\\\/es\\\/ministerio-de-turismo-reconoce-a-claudio-silvestri\\\/#breadcrumb\",\"itemListElement\":[{\"@type\":\"ListItem\",\"position\":1,\"name\":\"Home\",\"item\":\"https:\\\/\\\/casadecampoliving.com\\\/es\\\/\"},{\"@type\":\"ListItem\",\"position\":2,\"name\":\"Ministerio de Turismo reconoce a Claudio Silvestri por sus aportes al sector Tur\u00edstico de Rep\u00fablica Dominicana.\"}]},{\"@type\":\"WebSite\",\"@id\":\"https:\\\/\\\/casadecampoliving.com\\\/es\\\/#website\",\"url\":\"https:\\\/\\\/casadecampoliving.com\\\/es\\\/\",\"name\":\"Casa de Campo Living\",\"description\":\"Resort community news and resources.\",\"publisher\":{\"@id\":\"https:\\\/\\\/casadecampoliving.com\\\/es\\\/#organization\"},\"potentialAction\":[{\"@type\":\"SearchAction\",\"target\":{\"@type\":\"EntryPoint\",\"urlTemplate\":\"https:\\\/\\\/casadecampoliving.com\\\/es\\\/?s={search_term_string}\"},\"query-input\":{\"@type\":\"PropertyValueSpecification\",\"valueRequired\":true,\"valueName\":\"search_term_string\"}}],\"inLanguage\":\"es\"},{\"@type\":\"Organization\",\"@id\":\"https:\\\/\\\/casadecampoliving.com\\\/es\\\/#organization\",\"name\":\"Casa de Campo Living\",\"url\":\"https:\\\/\\\/casadecampoliving.com\\\/es\\\/\",\"logo\":{\"@type\":\"ImageObject\",\"inLanguage\":\"es\",\"@id\":\"https:\\\/\\\/casadecampoliving.com\\\/es\\\/#\\\/schema\\\/logo\\\/image\\\/\",\"url\":\"https:\\\/\\\/i0.wp.com\\\/casadecampoliving.com\\\/wp-content\\\/uploads\\\/2022\\\/07\\\/CDCLivingLogo_V1-white-sized.png?fit=800%2C214&ssl=1\",\"contentUrl\":\"https:\\\/\\\/i0.wp.com\\\/casadecampoliving.com\\\/wp-content\\\/uploads\\\/2022\\\/07\\\/CDCLivingLogo_V1-white-sized.png?fit=800%2C214&ssl=1\",\"width\":800,\"height\":214,\"caption\":\"Casa de Campo Living\"},\"image\":{\"@id\":\"https:\\\/\\\/casadecampoliving.com\\\/es\\\/#\\\/schema\\\/logo\\\/image\\\/\"},\"sameAs\":[\"https:\\\/\\\/www.facebook.com\\\/casadecampoliving\",\"https:\\\/\\\/x.com\\\/cdcliving\"]},{\"@type\":\"Person\",\"@id\":\"https:\\\/\\\/casadecampoliving.com\\\/es\\\/#\\\/schema\\\/person\\\/3cb17750474b44c6842e0541dfe03881\",\"name\":\"Philip Silvestri\",\"image\":{\"@type\":\"ImageObject\",\"inLanguage\":\"es\",\"@id\":\"https:\\\/\\\/secure.gravatar.com\\\/avatar\\\/0145120393a48789013aae0024d10ebb814d248caecb46522a886d05bb7b2387?s=96&d=mm&r=g\",\"url\":\"https:\\\/\\\/secure.gravatar.com\\\/avatar\\\/0145120393a48789013aae0024d10ebb814d248caecb46522a886d05bb7b2387?s=96&d=mm&r=g\",\"contentUrl\":\"https:\\\/\\\/secure.gravatar.com\\\/avatar\\\/0145120393a48789013aae0024d10ebb814d248caecb46522a886d05bb7b2387?s=96&d=mm&r=g\",\"caption\":\"Philip Silvestri\"},\"url\":\"https:\\\/\\\/casadecampoliving.com\\\/es\\\/author\\\/philip\\\/\"}]}<\/script>\n<!-- \/ Yoast SEO plugin. -->","yoast_head_json":{"title":"Ministerio de Turismo reconoce a Claudio Silvestri por sus aportes al sector Tur\u00edstico de Rep\u00fablica Dominicana. | Casa de Campo Living","description":"Claudio Silvestri and Francisco Javier Garc\u00eda. Picture from puertoplatahabla.com Despu\u00e9s de tres d\u00e9cadas de trabajo diligente, ser un pionero en el","robots":{"index":"index","follow":"follow","max-snippet":"max-snippet:-1","max-image-preview":"max-image-preview:large","max-video-preview":"max-video-preview:-1"},"canonical":"https:\/\/casadecampoliving.com\/es\/ministerio-de-turismo-reconoce-a-claudio-silvestri\/","og_locale":"es_ES","og_type":"article","og_title":"Ministerio de Turismo reconoce a Claudio Silvestri por sus aportes al sector Tur\u00edstico de Rep\u00fablica Dominicana. | Casa de Campo Living","og_description":"Claudio Silvestri and Francisco Javier Garc\u00eda. Picture from puertoplatahabla.com Despu\u00e9s de tres d\u00e9cadas de trabajo diligente, ser un pionero en el","og_url":"https:\/\/casadecampoliving.com\/es\/ministerio-de-turismo-reconoce-a-claudio-silvestri\/","og_site_name":"Casa de Campo Living","article_publisher":"https:\/\/www.facebook.com\/casadecampoliving","article_published_time":"2016-08-25T04:00:00+00:00","article_modified_time":"2022-10-21T22:59:53+00:00","og_image":[{"width":1000,"height":667,"url":"https:\/\/i0.wp.com\/casadecampoliving.com\/wp-content\/uploads\/2022\/10\/IMG_0591-1.jpg?fit=1000%2C667&ssl=1","type":"image\/jpeg"}],"author":"Philip Silvestri","twitter_card":"summary_large_image","twitter_creator":"@cdcliving","twitter_site":"@cdcliving","twitter_misc":{"Escrito por":"Philip Silvestri","Tiempo de lectura":"2 minutos"},"schema":{"@context":"https:\/\/schema.org","@graph":[{"@type":"Article","@id":"https:\/\/casadecampoliving.com\/es\/ministerio-de-turismo-reconoce-a-claudio-silvestri\/#article","isPartOf":{"@id":"https:\/\/casadecampoliving.com\/es\/ministerio-de-turismo-reconoce-a-claudio-silvestri\/"},"author":{"name":"Philip Silvestri","@id":"https:\/\/casadecampoliving.com\/es\/#\/schema\/person\/3cb17750474b44c6842e0541dfe03881"},"headline":"Ministerio de Turismo reconoce a Claudio Silvestri por sus aportes al sector Tur\u00edstico de Rep\u00fablica Dominicana.","datePublished":"2016-08-25T04:00:00+00:00","dateModified":"2022-10-21T22:59:53+00:00","mainEntityOfPage":{"@id":"https:\/\/casadecampoliving.com\/es\/ministerio-de-turismo-reconoce-a-claudio-silvestri\/"},"wordCount":499,"publisher":{"@id":"https:\/\/casadecampoliving.com\/es\/#organization"},"image":{"@id":"https:\/\/casadecampoliving.com\/es\/ministerio-de-turismo-reconoce-a-claudio-silvestri\/#primaryimage"},"thumbnailUrl":"https:\/\/i0.wp.com\/casadecampoliving.com\/wp-content\/uploads\/2022\/10\/IMG_0591-1.jpg?fit=1000%2C667&ssl=1","keywords":["Casa de Campo","casa de campo @es","claudio silvestri @es","logros","ministerio de turismo","Reconocimiento"],"articleSection":["Destacados","Estilo de Vida","M\u00e1s all\u00e1 de Casa","Noticias Locales","Rep\u00fablica Dominicana @es","Uncategorized @es"],"inLanguage":"es"},{"@type":"WebPage","@id":"https:\/\/casadecampoliving.com\/es\/ministerio-de-turismo-reconoce-a-claudio-silvestri\/","url":"https:\/\/casadecampoliving.com\/es\/ministerio-de-turismo-reconoce-a-claudio-silvestri\/","name":"Ministerio de Turismo reconoce a Claudio Silvestri por sus aportes al sector Tur\u00edstico de Rep\u00fablica Dominicana. | Casa de Campo Living","isPartOf":{"@id":"https:\/\/casadecampoliving.com\/es\/#website"},"primaryImageOfPage":{"@id":"https:\/\/casadecampoliving.com\/es\/ministerio-de-turismo-reconoce-a-claudio-silvestri\/#primaryimage"},"image":{"@id":"https:\/\/casadecampoliving.com\/es\/ministerio-de-turismo-reconoce-a-claudio-silvestri\/#primaryimage"},"thumbnailUrl":"https:\/\/i0.wp.com\/casadecampoliving.com\/wp-content\/uploads\/2022\/10\/IMG_0591-1.jpg?fit=1000%2C667&ssl=1","datePublished":"2016-08-25T04:00:00+00:00","dateModified":"2022-10-21T22:59:53+00:00","description":"Claudio Silvestri and Francisco Javier Garc\u00eda. Picture from puertoplatahabla.com Despu\u00e9s de tres d\u00e9cadas de trabajo diligente, ser un pionero en el","breadcrumb":{"@id":"https:\/\/casadecampoliving.com\/es\/ministerio-de-turismo-reconoce-a-claudio-silvestri\/#breadcrumb"},"inLanguage":"es","potentialAction":[{"@type":"ReadAction","target":["https:\/\/casadecampoliving.com\/es\/ministerio-de-turismo-reconoce-a-claudio-silvestri\/"]}]},{"@type":"ImageObject","inLanguage":"es","@id":"https:\/\/casadecampoliving.com\/es\/ministerio-de-turismo-reconoce-a-claudio-silvestri\/#primaryimage","url":"https:\/\/i0.wp.com\/casadecampoliving.com\/wp-content\/uploads\/2022\/10\/IMG_0591-1.jpg?fit=1000%2C667&ssl=1","contentUrl":"https:\/\/i0.wp.com\/casadecampoliving.com\/wp-content\/uploads\/2022\/10\/IMG_0591-1.jpg?fit=1000%2C667&ssl=1","width":1000,"height":667},{"@type":"BreadcrumbList","@id":"https:\/\/casadecampoliving.com\/es\/ministerio-de-turismo-reconoce-a-claudio-silvestri\/#breadcrumb","itemListElement":[{"@type":"ListItem","position":1,"name":"Home","item":"https:\/\/casadecampoliving.com\/es\/"},{"@type":"ListItem","position":2,"name":"Ministerio de Turismo reconoce a Claudio Silvestri por sus aportes al sector Tur\u00edstico de Rep\u00fablica Dominicana."}]},{"@type":"WebSite","@id":"https:\/\/casadecampoliving.com\/es\/#website","url":"https:\/\/casadecampoliving.com\/es\/","name":"Casa de Campo Living","description":"Resort community news and resources.","publisher":{"@id":"https:\/\/casadecampoliving.com\/es\/#organization"},"potentialAction":[{"@type":"SearchAction","target":{"@type":"EntryPoint","urlTemplate":"https:\/\/casadecampoliving.com\/es\/?s={search_term_string}"},"query-input":{"@type":"PropertyValueSpecification","valueRequired":true,"valueName":"search_term_string"}}],"inLanguage":"es"},{"@type":"Organization","@id":"https:\/\/casadecampoliving.com\/es\/#organization","name":"Casa de Campo Living","url":"https:\/\/casadecampoliving.com\/es\/","logo":{"@type":"ImageObject","inLanguage":"es","@id":"https:\/\/casadecampoliving.com\/es\/#\/schema\/logo\/image\/","url":"https:\/\/i0.wp.com\/casadecampoliving.com\/wp-content\/uploads\/2022\/07\/CDCLivingLogo_V1-white-sized.png?fit=800%2C214&ssl=1","contentUrl":"https:\/\/i0.wp.com\/casadecampoliving.com\/wp-content\/uploads\/2022\/07\/CDCLivingLogo_V1-white-sized.png?fit=800%2C214&ssl=1","width":800,"height":214,"caption":"Casa de Campo Living"},"image":{"@id":"https:\/\/casadecampoliving.com\/es\/#\/schema\/logo\/image\/"},"sameAs":["https:\/\/www.facebook.com\/casadecampoliving","https:\/\/x.com\/cdcliving"]},{"@type":"Person","@id":"https:\/\/casadecampoliving.com\/es\/#\/schema\/person\/3cb17750474b44c6842e0541dfe03881","name":"Philip Silvestri","image":{"@type":"ImageObject","inLanguage":"es","@id":"https:\/\/secure.gravatar.com\/avatar\/0145120393a48789013aae0024d10ebb814d248caecb46522a886d05bb7b2387?s=96&d=mm&r=g","url":"https:\/\/secure.gravatar.com\/avatar\/0145120393a48789013aae0024d10ebb814d248caecb46522a886d05bb7b2387?s=96&d=mm&r=g","contentUrl":"https:\/\/secure.gravatar.com\/avatar\/0145120393a48789013aae0024d10ebb814d248caecb46522a886d05bb7b2387?s=96&d=mm&r=g","caption":"Philip Silvestri"},"url":"https:\/\/casadecampoliving.com\/es\/author\/philip\/"}]}},"parsely":{"version":"1.1.0","canonical_url":"https:\/\/casadecampoliving.com\/es\/ministerio-de-turismo-reconoce-a-claudio-silvestri\/","smart_links":{"inbound":0,"outbound":0},"traffic_boost_suggestions_count":0,"meta":{"@context":"https:\/\/schema.org","@type":"NewsArticle","headline":"Ministerio de Turismo reconoce a Claudio Silvestri por sus aportes al sector Tur\u00edstico de Rep\u00fablica Dominicana.","url":"http:\/\/casadecampoliving.com\/es\/ministerio-de-turismo-reconoce-a-claudio-silvestri\/","mainEntityOfPage":{"@type":"WebPage","@id":"http:\/\/casadecampoliving.com\/es\/ministerio-de-turismo-reconoce-a-claudio-silvestri\/"},"thumbnailUrl":"https:\/\/i0.wp.com\/casadecampoliving.com\/wp-content\/uploads\/2022\/10\/IMG_0591-1.jpg?resize=150%2C150&ssl=1","image":{"@type":"ImageObject","url":"https:\/\/i0.wp.com\/casadecampoliving.com\/wp-content\/uploads\/2022\/10\/IMG_0591-1.jpg?fit=1000%2C667&ssl=1"},"articleSection":"Destacados","author":[{"@type":"Person","name":"Philip Silvestri"}],"creator":["Philip Silvestri"],"publisher":{"@type":"Organization","name":"Casa de Campo Living","logo":"https:\/\/casadecampoliving.com\/wp-content\/uploads\/2022\/07\/CDCLivingLogo_V1-white-sized.png"},"keywords":["casa de campo","casa de campo @es","claudio silvestri @es","logros","ministerio de turismo","reconocimiento"],"dateCreated":"2016-08-25T04:00:00Z","datePublished":"2016-08-25T04:00:00Z","dateModified":"2022-10-21T22:59:53Z"},"rendered":"<script type=\"application\/ld+json\" class=\"wp-parsely-metadata\">{\"@context\":\"https:\\\/\\\/schema.org\",\"@type\":\"NewsArticle\",\"headline\":\"Ministerio de Turismo reconoce a Claudio Silvestri por sus aportes al sector Tur\\u00edstico de Rep\\u00fablica Dominicana.\",\"url\":\"http:\\\/\\\/casadecampoliving.com\\\/es\\\/ministerio-de-turismo-reconoce-a-claudio-silvestri\\\/\",\"mainEntityOfPage\":{\"@type\":\"WebPage\",\"@id\":\"http:\\\/\\\/casadecampoliving.com\\\/es\\\/ministerio-de-turismo-reconoce-a-claudio-silvestri\\\/\"},\"thumbnailUrl\":\"https:\\\/\\\/i0.wp.com\\\/casadecampoliving.com\\\/wp-content\\\/uploads\\\/2022\\\/10\\\/IMG_0591-1.jpg?resize=150%2C150&ssl=1\",\"image\":{\"@type\":\"ImageObject\",\"url\":\"https:\\\/\\\/i0.wp.com\\\/casadecampoliving.com\\\/wp-content\\\/uploads\\\/2022\\\/10\\\/IMG_0591-1.jpg?fit=1000%2C667&ssl=1\"},\"articleSection\":\"Destacados\",\"author\":[{\"@type\":\"Person\",\"name\":\"Philip Silvestri\"}],\"creator\":[\"Philip Silvestri\"],\"publisher\":{\"@type\":\"Organization\",\"name\":\"Casa de Campo Living\",\"logo\":\"https:\\\/\\\/casadecampoliving.com\\\/wp-content\\\/uploads\\\/2022\\\/07\\\/CDCLivingLogo_V1-white-sized.png\"},\"keywords\":[\"casa de campo\",\"casa de campo @es\",\"claudio silvestri @es\",\"logros\",\"ministerio de turismo\",\"reconocimiento\"],\"dateCreated\":\"2016-08-25T04:00:00Z\",\"datePublished\":\"2016-08-25T04:00:00Z\",\"dateModified\":\"2022-10-21T22:59:53Z\"}<\/script>","tracker_url":"https:\/\/cdn.parsely.com\/keys\/casadecampoliving.com\/p.js"},"jetpack_publicize_connections":[],"jetpack_featured_media_url":"https:\/\/i0.wp.com\/casadecampoliving.com\/wp-content\/uploads\/2022\/10\/IMG_0591-1.jpg?fit=1000%2C667&ssl=1","jetpack-related-posts":[{"id":348361,"url":"https:\/\/casadecampoliving.com\/es\/claudio-silvestri-gran-aventura\/","url_meta":{"origin":350417,"position":0},"title":"Claudio Silvestri, la pr\u00f3xima gran aventura","author":"Philip Silvestri","date":"5 Oct, 2015","format":false,"excerpt":"Mi padre es un caballero excepcional,\u00a0como pocos que he podido conocer. Puede que est\u00e9 parcializado\u00a0a su favor, pero su carisma y encanto \u00fanico, sumados a\u00a0su habilidad de relacionarse personalmente con todos \u2013 desde los empleados de Casa de Campo\u00a0hasta con presidentes, reyes y reinas, son cualidades de \u00e9l que no\u00a0dejan\u00a0asombrarme\u2026","rel":"","context":"En \u00abBienes raices Casa de Campo\u00bb","block_context":{"text":"Bienes raices Casa de Campo","link":"https:\/\/casadecampoliving.com\/es\/category\/bienes-raices-casa-de-campo-es\/"},"img":{"alt_text":"Claudio Silvestri, Casa de Campo1","src":"https:\/\/i0.wp.com\/casadecampoliving.com\/wp-content\/uploads\/2022\/10\/Claudio_Silvestri_Casa_de_Campo1-1.jpg?fit=1024%2C683&ssl=1&resize=350%2C200","width":350,"height":200,"srcset":"https:\/\/i0.wp.com\/casadecampoliving.com\/wp-content\/uploads\/2022\/10\/Claudio_Silvestri_Casa_de_Campo1-1.jpg?fit=1024%2C683&ssl=1&resize=350%2C200 1x, https:\/\/i0.wp.com\/casadecampoliving.com\/wp-content\/uploads\/2022\/10\/Claudio_Silvestri_Casa_de_Campo1-1.jpg?fit=1024%2C683&ssl=1&resize=525%2C300 1.5x, https:\/\/i0.wp.com\/casadecampoliving.com\/wp-content\/uploads\/2022\/10\/Claudio_Silvestri_Casa_de_Campo1-1.jpg?fit=1024%2C683&ssl=1&resize=700%2C400 2x"},"classes":[]},{"id":346249,"url":"https:\/\/casadecampoliving.com\/es\/gol-abre-mercado-brasileno-en-la-romana-bayahibe\/","url_meta":{"origin":350417,"position":1},"title":"GOL abre mercado brasile\u00f1o en La Romana &#8211; Bayahibe","author":"Rebecca Hughes","date":"13 Dic, 2014","format":false,"excerpt":"La tarde del domingo, 7 de diciembre, el primer vuelo de GOL desde Sao Paulo aterriz\u00f3 en el Aeropuerto Internacional de Casa de Campo - La Romana, bienvenido con\u00a0el saludo tradicional de agua. Entre los asistentes a la bienvenida de este primer vuelo estuvo Claudio Silvestri, Presidente y CEO de\u2026","rel":"","context":"En \u00abbusinesses\u00bb","block_context":{"text":"businesses","link":"https:\/\/casadecampoliving.com\/es\/category\/businesses\/"},"img":{"alt_text":"Claudio Silvestri, Andres Fernandez, GOL La Romana International Airport","src":"https:\/\/i0.wp.com\/casadecampoliving.com\/wp-content\/uploads\/2022\/10\/Claudio_Silvestri_Andres_Fernandez_GOL_La_Romana_International_Airport-1.jpg?fit=650%2C445&ssl=1&resize=350%2C200","width":350,"height":200,"srcset":"https:\/\/i0.wp.com\/casadecampoliving.com\/wp-content\/uploads\/2022\/10\/Claudio_Silvestri_Andres_Fernandez_GOL_La_Romana_International_Airport-1.jpg?fit=650%2C445&ssl=1&resize=350%2C200 1x, https:\/\/i0.wp.com\/casadecampoliving.com\/wp-content\/uploads\/2022\/10\/Claudio_Silvestri_Andres_Fernandez_GOL_La_Romana_International_Airport-1.jpg?fit=650%2C445&ssl=1&resize=525%2C300 1.5x"},"classes":[]},{"id":344773,"url":"https:\/\/casadecampoliving.com\/es\/claudio-philip-silvestri-2-generaciones-de-visionarios\/","url_meta":{"origin":350417,"position":2},"title":"Claudio &#038; Philip Silvestri, 2 generaciones de visionarios","author":"Perkin Agramonte","date":"6 Jul, 2014","format":false,"excerpt":"Luego de haber\u00a0dedicado estos \u00faltimos 30 a\u00f1os de su vida a Casa de Campo, Claudio Silvestri ha sido proclamado como parte del equipo de grandes visionarios que se esforzaron y lograron expandir el resort Casa de Campo de la peque\u00f1a \u201ccasa de Campo\u201d que fue en la d\u00e9cada de 1980,\u2026","rel":"","context":"En \u00abCasa de Campo Living @es\u00bb","block_context":{"text":"Casa de Campo Living @es","link":"https:\/\/casadecampoliving.com\/category\/casa-de-campo-living-es\/"},"img":{"alt_text":"Claudio Silvestri, Philip Silvestri","src":"https:\/\/i0.wp.com\/casadecampoliving.com\/wp-content\/uploads\/2022\/10\/Claudio_Silvestri_Philip_Silvestri1-1.jpg?fit=900%2C1200&ssl=1&resize=350%2C200","width":350,"height":200,"srcset":"https:\/\/i0.wp.com\/casadecampoliving.com\/wp-content\/uploads\/2022\/10\/Claudio_Silvestri_Philip_Silvestri1-1.jpg?fit=900%2C1200&ssl=1&resize=350%2C200 1x, https:\/\/i0.wp.com\/casadecampoliving.com\/wp-content\/uploads\/2022\/10\/Claudio_Silvestri_Philip_Silvestri1-1.jpg?fit=900%2C1200&ssl=1&resize=525%2C300 1.5x, https:\/\/i0.wp.com\/casadecampoliving.com\/wp-content\/uploads\/2022\/10\/Claudio_Silvestri_Philip_Silvestri1-1.jpg?fit=900%2C1200&ssl=1&resize=700%2C400 2x"},"classes":[]},{"id":345253,"url":"https:\/\/casadecampoliving.com\/es\/un-brindis-de-un-billon-de-dolares-al-dominican-golf-travel-exchange\/","url_meta":{"origin":350417,"position":3},"title":"Un brindis de un bill\u00f3n de dolares al Dominican Golf Travel Exchange","author":"Daniela Medina","date":"5 Sep, 2014","format":false,"excerpt":"El lunes 1ro de septiembre, Casa de Campo jug\u00f3 el papel de primer anfitri\u00f3n para el Dominican Golf Travel Exchange. El primer Dominican Golf Travel Exchange uni\u00f3 a operadores tur\u00edsticos, miembros de la prensa y profesionales de golf de todas partes del mundo, as\u00ed como a los representativos de 25\u2026","rel":"","context":"En \u00abCasa de Campo Living @es\u00bb","block_context":{"text":"Casa de Campo Living @es","link":"https:\/\/casadecampoliving.com\/category\/casa-de-campo-living-es\/"},"img":{"alt_text":"","src":"https:\/\/i0.wp.com\/casadecampoliving.com\/wp-content\/uploads\/2022\/10\/Golf-Travel-Exchange-2-1-scaled.jpg?fit=1200%2C800&ssl=1&resize=350%2C200","width":350,"height":200,"srcset":"https:\/\/i0.wp.com\/casadecampoliving.com\/wp-content\/uploads\/2022\/10\/Golf-Travel-Exchange-2-1-scaled.jpg?fit=1200%2C800&ssl=1&resize=350%2C200 1x, https:\/\/i0.wp.com\/casadecampoliving.com\/wp-content\/uploads\/2022\/10\/Golf-Travel-Exchange-2-1-scaled.jpg?fit=1200%2C800&ssl=1&resize=525%2C300 1.5x, https:\/\/i0.wp.com\/casadecampoliving.com\/wp-content\/uploads\/2022\/10\/Golf-Travel-Exchange-2-1-scaled.jpg?fit=1200%2C800&ssl=1&resize=700%2C400 2x, https:\/\/i0.wp.com\/casadecampoliving.com\/wp-content\/uploads\/2022\/10\/Golf-Travel-Exchange-2-1-scaled.jpg?fit=1200%2C800&ssl=1&resize=1050%2C600 3x"},"classes":[]},{"id":346279,"url":"https:\/\/casadecampoliving.com\/es\/bienvenue-airfrance-aterriza-en-la-romana-2\/","url_meta":{"origin":350417,"position":4},"title":"Bienvenue! AirFrance aterriza en La Romana","author":"Rebecca Hughes","date":"16 Dic, 2014","format":false,"excerpt":"El pasado domingo 7 de diciembre, a s\u00f3lo 4 horas despu\u00e9s de la llegada del primer vuelo de GOL de Sao Paolo, el primer vuelo directo AirFrance desde Par\u00eds aterriz\u00f3 en suelo dominicano en el Aeropuerto Internacional Casa de Campo \u2013 La Romana. Transportando 432 pasajeros, el B747-400 tambi\u00e9n fue\u2026","rel":"","context":"En \u00abbusinesses\u00bb","block_context":{"text":"businesses","link":"https:\/\/casadecampoliving.com\/es\/category\/businesses\/"},"img":{"alt_text":"AirFrance La Romana Airport_1","src":"https:\/\/i0.wp.com\/casadecampoliving.com\/wp-content\/uploads\/2022\/10\/AirFrance_La_Romana_Airport_1-1.jpg?fit=650%2C307&ssl=1&resize=350%2C200","width":350,"height":200,"srcset":"https:\/\/i0.wp.com\/casadecampoliving.com\/wp-content\/uploads\/2022\/10\/AirFrance_La_Romana_Airport_1-1.jpg?fit=650%2C307&ssl=1&resize=350%2C200 1x, https:\/\/i0.wp.com\/casadecampoliving.com\/wp-content\/uploads\/2022\/10\/AirFrance_La_Romana_Airport_1-1.jpg?fit=650%2C307&ssl=1&resize=525%2C300 1.5x"},"classes":[]},{"id":344303,"url":"https:\/\/casadecampoliving.com\/es\/claudio-silvestri-organiza-una-cena-para-race-to-kazakhstan\/","url_meta":{"origin":350417,"position":5},"title":"Claudio Silvestri organiza una cena con motivo al torneo \u00abRace to Kazakhstan\u00bb","author":"Perkin Agramonte","date":"3 May, 2014","format":false,"excerpt":"Como parte de los eventos que acompa\u00f1aron el 1\u00ba torneo de golf \"Race to Kazakhstan\", el Dr. Claudio Silvestri, Presidente Ejecutivo del Resort Casa de Campo, organiz\u00f3 una cena-fiesta para los participantes del torneo e invitados especiales de la comunidad Casa de Campo. Este torneo de golf mundial, el cual\u2026","rel":"","context":"En \u00abCasa de Campo Living @es\u00bb","block_context":{"text":"Casa de Campo Living @es","link":"https:\/\/casadecampoliving.com\/category\/casa-de-campo-living-es\/"},"img":{"alt_text":"Claudio Silvestri dinner","src":"https:\/\/i0.wp.com\/casadecampoliving.com\/wp-content\/uploads\/2022\/10\/Claudio_Silvestri_dinner-1.jpg?fit=650%2C433&ssl=1&resize=350%2C200","width":350,"height":200,"srcset":"https:\/\/i0.wp.com\/casadecampoliving.com\/wp-content\/uploads\/2022\/10\/Claudio_Silvestri_dinner-1.jpg?fit=650%2C433&ssl=1&resize=350%2C200 1x, https:\/\/i0.wp.com\/casadecampoliving.com\/wp-content\/uploads\/2022\/10\/Claudio_Silvestri_dinner-1.jpg?fit=650%2C433&ssl=1&resize=525%2C300 1.5x"},"classes":[]}],"jetpack_sharing_enabled":true,"_links":{"self":[{"href":"https:\/\/casadecampoliving.com\/es\/wp-json\/wp\/v2\/posts\/350417","targetHints":{"allow":["GET"]}}],"collection":[{"href":"https:\/\/casadecampoliving.com\/es\/wp-json\/wp\/v2\/posts"}],"about":[{"href":"https:\/\/casadecampoliving.com\/es\/wp-json\/wp\/v2\/types\/post"}],"author":[{"embeddable":true,"href":"https:\/\/casadecampoliving.com\/es\/wp-json\/wp\/v2\/users\/36671"}],"replies":[{"embeddable":true,"href":"https:\/\/casadecampoliving.com\/es\/wp-json\/wp\/v2\/comments?post=350417"}],"version-history":[{"count":1,"href":"https:\/\/casadecampoliving.com\/es\/wp-json\/wp\/v2\/posts\/350417\/revisions"}],"predecessor-version":[{"id":350418,"href":"https:\/\/casadecampoliving.com\/es\/wp-json\/wp\/v2\/posts\/350417\/revisions\/350418"}],"wp:featuredmedia":[{"embeddable":true,"href":"https:\/\/casadecampoliving.com\/es\/wp-json\/wp\/v2\/media\/290440"}],"wp:attachment":[{"href":"https:\/\/casadecampoliving.com\/es\/wp-json\/wp\/v2\/media?parent=350417"}],"wp:term":[{"taxonomy":"category","embeddable":true,"href":"https:\/\/casadecampoliving.com\/es\/wp-json\/wp\/v2\/categories?post=350417"},{"taxonomy":"post_tag","embeddable":true,"href":"https:\/\/casadecampoliving.com\/es\/wp-json\/wp\/v2\/tags?post=350417"},{"taxonomy":"newspack_spnsrs_tax","embeddable":true,"href":"https:\/\/casadecampoliving.com\/es\/wp-json\/wp\/v2\/newspack_spnsrs_tax?post=350417"}],"curies":[{"name":"wp","href":"https:\/\/api.w.org\/{rel}","templated":true}]}}