{"id":350413,"date":"2016-08-23T00:00:00","date_gmt":"2016-08-23T04:00:00","guid":{"rendered":"https:\/\/casadecampoliving.com\/catalogo-digital-de-art-chavon-2016-disponible\/"},"modified":"2022-10-21T18:59:41","modified_gmt":"2022-10-21T22:59:41","slug":"catalogo-digital-de-art-chavon-2016-disponible","status":"publish","type":"post","link":"https:\/\/casadecampoliving.com\/es\/catalogo-digital-de-art-chavon-2016-disponible\/","title":{"rendered":"\u00a1El cat\u00e1logo digital de Art Chav\u00f3n 2016 ya esta disponible!"},"content":{"rendered":"\n<p>La Fundaci\u00f3n Centro Cultural Altos de Chav\u00f3n acaba de publicar&nbsp;el cat\u00e1logo digital de Art Chav\u00f3n 2016, con una serie de obras de arte de los estudiantes actuales, graduados, \u00a1y Artistas en Residencia Davidoff! El cat\u00e1logo es&nbsp;una excelente manera de <a href=\"https:\/\/casadecampoliving.com\/es\/art-chavon-2016-santo-domingo\/\">ver la colecci\u00f3n completa que estaba en exhibici\u00f3n el pasado mes de julio<\/a> en la nueva galer\u00eda del&nbsp;campus de la Escuela de Dise\u00f1o en Santo Domingo. &nbsp;La exposici\u00f3n no es s\u00f3lo una muestra del talento que se encuentra en esta prestigiosa instituci\u00f3n, sino que tambi\u00e9n es una forma de recaudar fondos para el programa de becas de la escuela y as\u00ed ayudar a estudiantes que desean ingresar, independientemente de su situaci\u00f3n&nbsp;econ\u00f3mica. La escuela comienza el semestre de oto\u00f1o en septiembre con el programa de Bellas Artes como carrera principal en Altos de Chav\u00f3n.<\/p>\n\n\n\n<!--more-->\n\n\n<div class=\"wp-block-image\">\n<figure class=\"alignright is-resized\"><img loading=\"lazy\" decoding=\"async\" src=\"https:\/\/i0.wp.com\/casadecampoliving.com\/wp-content\/uploads\/2022\/10\/Art_Chavon_2016_02-239x300-2.jpg?resize=375%2C470&amp;ssl=1\" alt=\"Art Chav\u00f3n 2016\" class=\"wp-image-122290\" height=\"470\" width=\"375\"\/><\/figure>\n<\/div>\n\n\n<p>Los egresados de la Escuela de Dise\u00f1o son personas&nbsp;brillantes y con talento. Recientemente, hemos reconocido la labor de Chavoneros que est\u00e1n trabajando por lograr el reconocimiento&nbsp;a nivel local&nbsp;as\u00ed como&nbsp;en el extranjero: <a href=\"https:\/\/casadecampoliving.com\/es\/definiendo-fantasia-aventuras-desconocidas-gustavo-pena\/\">Gustavo Pe\u00f1a present\u00f3&nbsp;su primera exposici\u00f3n individual, \u201cAventuras Desconocidas\u201d en la Galer\u00eda Lyle O. Reitzel<\/a>, y Mariela Sabino, que trabaja en Gucci en Par\u00eds, nos habl\u00f3 de&nbsp;<a href=\"https:\/\/casadecampoliving.com\/es\/mariela-sabino-nos-habla-de-la-chavonera-ambra-fiorenza\/\">Ambra Fiorenza en Berl\u00edn<\/a> y <a href=\"https:\/\/casadecampoliving.com\/es\/chavonera-mariela-sabino-nos-habla-de-hollow-de-diego-cirulli\/\">la exposici\u00f3n de arte de Diego Cruilli \u201cHollow\u201d en la galer\u00eda de BC de Berl\u00edn. <\/a>Desde su apertura en 1983, la&nbsp;Escuela de&nbsp;Dise\u00f1o Altos de Chav\u00f3n, ha graduado a m\u00e1s de 1,700 estudiantes en sus programas de dos a\u00f1os y m\u00e1s de 10,000 en sus cursos cortos.<\/p>\n\n\n\n<p>Con m\u00e1s de 30 a\u00f1os de servicio invaluable hacia el arte y&nbsp;la cultura en la Rep\u00fablica Dominicana, la Fundaci\u00f3n Centro Cultural cuenta con su apoyo para lograr el crecimiento continuo de la Escuela de Dise\u00f1o, sus campos de estudio, en particular, el programa de bellas artes en Altos de Chav\u00f3n. El a\u00f1o escolar est\u00e1 a punto de empezar&nbsp;y la fundaci\u00f3n todav\u00eda busca ayudar a mas estudiantes con su programa de becas. Ayudemos a mantener el ingenio, la artesan\u00eda, y la belleza de \u201cla villa de los artistas\u201d contribuyendo a la fundaci\u00f3n al adquirir una&nbsp;de las&nbsp;piezas del&nbsp;<strong><a href=\"https:\/\/issuu.com\/chavondiseno\/docs\/cat__logo_art_chav__n_2016\" target=\"_blank\" rel=\"noopener\">Cat\u00e1logo Art Chav\u00f3n 2016<\/a>.<\/strong>&nbsp;Puede ver el cat\u00e1logo digital haciendo clic al link anterior y p\u00f3ngase en contacto con la&nbsp;fundaci\u00f3n para hacer una compra llamando al 809.563.2802.<\/p>\n\n\n<div class=\"wp-block-image\">\n<figure class=\"aligncenter is-resized\"><img loading=\"lazy\" decoding=\"async\" src=\"https:\/\/i0.wp.com\/casadecampoliving.com\/wp-content\/uploads\/2022\/10\/Art_Chavon_2016_03-858x1024-2.jpg?resize=587%2C700&amp;ssl=1\" alt=\"Art Chav\u00f3n 2016\" class=\"wp-image-122291\" height=\"700\" width=\"587\"\/><\/figure>\n<\/div>\n\n\n<blockquote class=\"wp-block-quote is-layout-flow wp-block-quote-is-layout-flow\"><p><b>LA FUNDACIO\u0301N CENTRO CULTURAL ALTOS DE CHAVO\u0301N<\/b><\/p><p>La Fundacio\u0301n Centro Cultural Altos de Chavo\u0301n, ubicada en la Repu\u0301blica Dominicana, es una entidad cultural y educativa sin fines de lucro. Desde su formacio\u0301n en 1983, se ha dedicado a la creacio\u0301n de una comunidad arti\u0301stica multiface\u0301tica que incluye artes visuales, talleres artesanales, presentaciones arti\u0301sticas y programas de ensen\u0303anza.<\/p><p>Con sus dependencias interrelacionadas \u2013 Museo Arqueolo\u0301gico Regional, Programa de Artistas en Residencia, La Galeri\u0301a y La Escuela de Disen\u0303o \u2013 la Fundacio\u0301n ha contribuido, por ma\u0301s de tres de\u0301cadas, al enriquecimiento del panorama intelectual, arti\u0301stico y cultural de la Repu\u0301blica Dominicana.<\/p><p>Los egresados de La Escuela de Disen\u0303o han logrado ubicarse exitosamente en las diferentes a\u0301reas de la creciente comunidad del mundo del disen\u0303o a nivel nacional e internacional . El programa de Artistas en Residencia ha realizado una contribucio\u0301n encomiable al intercambio arti\u0301stico nacional con un alcance que ha llegado a nivel mundial.<\/p><p>La labor de la Fundacio\u0301n ha llegado a muchos, con impresionantes resultados. Esta diversa programacio\u0301n educativa, le confiere a Altos de Chavo\u0301n ese cara\u0301cter cultural dina\u0301mico que nutre y estimula la creatividad de los disen\u0303adores de hoy y de man\u0303ana. La Fundacio\u0301n Centro Cultural Altos de Chavo\u0301n celebra en el 2013, treinta an\u0303os de constantes e invaluables aportes al arte y la cultura en la Repu\u0301blica Dominicana, brindando a cada artista la oportunidad de encontrar su expresio\u0301n individual a trave\u0301s de exploracio\u0301n y bu\u0301squeda permanente.<\/p><\/blockquote>\n\n\n\n<blockquote><p><b>CHAVO\u0301N | LA ESCUELA DE DISEN\u0303O<\/b><\/p><figure><img decoding=\"async\" loading=\"lazy\" class=\"alignright wp-image-119135 size-thumbnail\" src=\"https:\/\/i0.wp.com\/casadecampoliving.com\/wp-content\/uploads\/2022\/10\/1069373_10153061816630164_1122926614_n-1.jpg?resize=150%2C150&amp;ssl=1\" alt=\"Chav\u00f3n Santo Domingo\" width=\"150\" height=\"150\"><\/figure><p>Desde su fundacio\u0301n en 1983, la Escuela de Disen\u0303o Altos de Chavo\u0301n ofrece carreras en artes aplicadas en las a\u0301reas de Bellas Artes, Comunicacio\u0301n Visual y Modas. Esta tipologi\u0301a de programa intensivo y de dos an\u0303os culmina con un grado asociado a nivel te\u0301cnico, el cual provee una so\u0301lida educacio\u0301n que capacita a sus participantes para competir como profesionales en el campo del disen\u0303o y las artes a nivel nacional e internacional.<\/p><p>Los graduados de La Escuela de Disen\u0303o son elegibles para transferirse directamente a Parsons School of Design en Nueva York. Ma\u0301s de 2,000 estudiantes dominicanos y de diferentes lugares del mundo han egresado de La Escuela de Disen\u0303o, demostrando que una preparacio\u0301n solida en disen\u0303o, paralelo a un e\u0301nfasis en el desarrollo de la industria es la mejor fo\u0301rmula para una exitosa carrera profesional.<\/p><p>El programa de estudios, altamente pra\u0301ctico y orientado al mercado, provee a los estudiantes un excepcional conjunto de habilidades que les permite insertarse fa\u0301cilmente en el ambiente laboral.<\/p><\/blockquote>\n\n\n\n<blockquote><h4 class=\"post-title left\"><a href=\"https:\/\/casadecampoliving.com\/es\/art-chavon-2016-santo-domingo\/\">Una mirada exclusiva al evento Art Chav\u00f3n 2016 en Santo Domingo, \u00a1a\u00fan pueden adquirir una de las hermosas obras!<\/a><\/h4><figure><img decoding=\"async\" loading=\"lazy\" data-amp-lightbox=\"true\" lightbox=\"true\" class=\"wp-image-120834 size-full aligncenter\" src=\"https:\/\/i0.wp.com\/casadecampoliving.com\/wp-content\/uploads\/2022\/10\/ArtChavon2016-02-e1469635989288.jpg?resize=1000%2C667&amp;ssl=1\" alt=\"Art Chav\u00f3n 2016\" width=\"1000\" height=\"667\"><\/figure><p>La s\u00e9ptima edici\u00f3n del evento anual Art Chav\u00f3n, organizado por Dominique Bluhdorn, Presidenta de la Fundaci\u00f3n Centro Cultural Altos de Chav\u00f3n se llev\u00f3 a cabo el pasado mi\u00e9rcoles 20 de julio en el nuevo campus de la Escuela de Dise\u00f1o en Santo Domingo. Contin\u00fae leyendo <a href=\"https:\/\/casadecampoliving.com\/es\/art-chavon-2016-santo-domingo\/\">aqui<\/a><\/p><\/blockquote>\n","protected":false},"excerpt":{"rendered":"<p>La Fundaci\u00f3n Centro Cultural Altos de Chav\u00f3n acaba de publicar&nbsp;el cat\u00e1logo digital de Art Chav\u00f3n 2016, con una serie de obras de arte de los estudiantes actuales, graduados, \u00a1y Artistas en Residencia Davidoff! El cat\u00e1logo es&nbsp;una excelente manera de ver la colecci\u00f3n completa que estaba en exhibici\u00f3n el pasado mes de julio en la nueva [&hellip;]<\/p>\n","protected":false},"author":36681,"featured_media":290120,"comment_status":"closed","ping_status":"closed","sticky":false,"template":"","format":"standard","meta":{"newspack_ads_suppress_ads":false,"newspack_popups_has_disabled_popups":false,"newspack_sponsor_sponsorship_scope":"","newspack_sponsor_native_byline_display":"inherit","newspack_sponsor_native_category_display":"inherit","newspack_sponsor_underwriter_style":"inherit","newspack_sponsor_underwriter_placement":"inherit","_newspack_byline_active":false,"_newspack_byline":"","newspack_content_restriction_is_exempt":false,"newspack_featured_image_position":"","newspack_post_subtitle":"","newspack_article_summary_title":"Overview:","newspack_article_summary":"","newspack_hide_updated_date":false,"newspack_show_updated_date":false,"_jetpack_memberships_contains_paid_content":false,"footnotes":"","jetpack_publicize_message":"","jetpack_publicize_feature_enabled":true,"jetpack_social_post_already_shared":false,"jetpack_social_options":{"image_generator_settings":{"template":"highway","default_image_id":0,"font":"","enabled":false},"version":2},"_wpas_customize_per_network":false},"categories":[26819,26823,2530,2514,14625,2521],"tags":[15387,6056,18629,6080,14736,7825],"newspack_spnsrs_tax":[],"class_list":["post-350413","post","type-post","status-publish","format-standard","has-post-thumbnail","hentry","category-altos-de-chavon-es","category-arte-y-cultura","category-compras-es","category-fundaciones-es","category-noticias-locales","category-republica-dominicana-2","tag-altos-de-chavon-es","tag-art-chavon-es","tag-dominican-republic-es-5","tag-dominique-bluhdorn","tag-featured-topview-es","tag-fondos","entry"],"yoast_head":"<!-- This site is optimized with the Yoast SEO plugin v27.3 - https:\/\/yoast.com\/product\/yoast-seo-wordpress\/ -->\n<title>\u00a1El cat\u00e1logo digital de Art Chav\u00f3n 2016 ya esta disponible! | Casa de Campo Living<\/title>\n<meta name=\"description\" content=\"La Fundaci\u00f3n Centro Cultural Altos de Chav\u00f3n acaba de publicar&nbsp;el cat\u00e1logo digital de Art Chav\u00f3n 2016, con una serie de obras de arte de los\" \/>\n<meta name=\"robots\" content=\"index, follow, max-snippet:-1, max-image-preview:large, max-video-preview:-1\" \/>\n<link rel=\"canonical\" href=\"https:\/\/casadecampoliving.com\/es\/catalogo-digital-de-art-chavon-2016-disponible\/\" \/>\n<meta property=\"og:locale\" content=\"es_ES\" \/>\n<meta property=\"og:type\" content=\"article\" \/>\n<meta property=\"og:title\" content=\"\u00a1El cat\u00e1logo digital de Art Chav\u00f3n 2016 ya esta disponible! | Casa de Campo Living\" \/>\n<meta property=\"og:description\" content=\"La Fundaci\u00f3n Centro Cultural Altos de Chav\u00f3n acaba de publicar&nbsp;el cat\u00e1logo digital de Art Chav\u00f3n 2016, con una serie de obras de arte de los\" \/>\n<meta property=\"og:url\" content=\"https:\/\/casadecampoliving.com\/es\/catalogo-digital-de-art-chavon-2016-disponible\/\" \/>\n<meta property=\"og:site_name\" content=\"Casa de Campo Living\" \/>\n<meta property=\"article:publisher\" content=\"https:\/\/www.facebook.com\/casadecampoliving\" \/>\n<meta property=\"article:published_time\" content=\"2016-08-23T04:00:00+00:00\" \/>\n<meta property=\"article:modified_time\" content=\"2022-10-21T22:59:41+00:00\" \/>\n<meta property=\"og:image\" content=\"https:\/\/i0.wp.com\/casadecampoliving.com\/wp-content\/uploads\/2022\/10\/Art_Chavon_2016-e1471976329477.jpg?fit=1000%2C563&ssl=1\" \/>\n\t<meta property=\"og:image:width\" content=\"1000\" \/>\n\t<meta property=\"og:image:height\" content=\"563\" \/>\n\t<meta property=\"og:image:type\" content=\"image\/jpeg\" \/>\n<meta name=\"author\" content=\"Heather Lincoln\" \/>\n<meta name=\"twitter:card\" content=\"summary_large_image\" \/>\n<meta name=\"twitter:creator\" content=\"@cdcliving\" \/>\n<meta name=\"twitter:site\" content=\"@cdcliving\" \/>\n<meta name=\"twitter:label1\" content=\"Escrito por\" \/>\n\t<meta name=\"twitter:data1\" content=\"Heather Lincoln\" \/>\n\t<meta name=\"twitter:label2\" content=\"Tiempo de lectura\" \/>\n\t<meta name=\"twitter:data2\" content=\"5 minutos\" \/>\n<script type=\"application\/ld+json\" class=\"yoast-schema-graph\">{\"@context\":\"https:\\\/\\\/schema.org\",\"@graph\":[{\"@type\":\"Article\",\"@id\":\"https:\\\/\\\/casadecampoliving.com\\\/es\\\/catalogo-digital-de-art-chavon-2016-disponible\\\/#article\",\"isPartOf\":{\"@id\":\"https:\\\/\\\/casadecampoliving.com\\\/es\\\/catalogo-digital-de-art-chavon-2016-disponible\\\/\"},\"author\":{\"name\":\"Heather Lincoln\",\"@id\":\"https:\\\/\\\/casadecampoliving.com\\\/es\\\/#\\\/schema\\\/person\\\/e3abfc63c1478fd703266a6f33a3145d\"},\"headline\":\"\u00a1El cat\u00e1logo digital de Art Chav\u00f3n 2016 ya esta disponible!\",\"datePublished\":\"2016-08-23T04:00:00+00:00\",\"dateModified\":\"2022-10-21T22:59:41+00:00\",\"mainEntityOfPage\":{\"@id\":\"https:\\\/\\\/casadecampoliving.com\\\/es\\\/catalogo-digital-de-art-chavon-2016-disponible\\\/\"},\"wordCount\":984,\"publisher\":{\"@id\":\"https:\\\/\\\/casadecampoliving.com\\\/es\\\/#organization\"},\"image\":{\"@id\":\"https:\\\/\\\/casadecampoliving.com\\\/es\\\/catalogo-digital-de-art-chavon-2016-disponible\\\/#primaryimage\"},\"thumbnailUrl\":\"https:\\\/\\\/i0.wp.com\\\/casadecampoliving.com\\\/wp-content\\\/uploads\\\/2022\\\/10\\\/Art_Chavon_2016-e1471976329477.jpg?fit=1000%2C563&ssl=1\",\"keywords\":[\"Altos de Chavon\",\"art chavon @es\",\"Dominican Republic\",\"dominique bluhdorn\",\"Featured-TopView @es\",\"fondos\"],\"articleSection\":[\"Altos de Chavon @es\",\"Arte y cultura\",\"Compras\",\"Fundaciones\",\"Noticias Locales\",\"Rep\u00fablica Dominicana @es\"],\"inLanguage\":\"es\"},{\"@type\":\"WebPage\",\"@id\":\"https:\\\/\\\/casadecampoliving.com\\\/es\\\/catalogo-digital-de-art-chavon-2016-disponible\\\/\",\"url\":\"https:\\\/\\\/casadecampoliving.com\\\/es\\\/catalogo-digital-de-art-chavon-2016-disponible\\\/\",\"name\":\"\u00a1El cat\u00e1logo digital de Art Chav\u00f3n 2016 ya esta disponible! | Casa de Campo Living\",\"isPartOf\":{\"@id\":\"https:\\\/\\\/casadecampoliving.com\\\/es\\\/#website\"},\"primaryImageOfPage\":{\"@id\":\"https:\\\/\\\/casadecampoliving.com\\\/es\\\/catalogo-digital-de-art-chavon-2016-disponible\\\/#primaryimage\"},\"image\":{\"@id\":\"https:\\\/\\\/casadecampoliving.com\\\/es\\\/catalogo-digital-de-art-chavon-2016-disponible\\\/#primaryimage\"},\"thumbnailUrl\":\"https:\\\/\\\/i0.wp.com\\\/casadecampoliving.com\\\/wp-content\\\/uploads\\\/2022\\\/10\\\/Art_Chavon_2016-e1471976329477.jpg?fit=1000%2C563&ssl=1\",\"datePublished\":\"2016-08-23T04:00:00+00:00\",\"dateModified\":\"2022-10-21T22:59:41+00:00\",\"description\":\"La Fundaci\u00f3n Centro Cultural Altos de Chav\u00f3n acaba de publicar&nbsp;el cat\u00e1logo digital de Art Chav\u00f3n 2016, con una serie de obras de arte de los\",\"breadcrumb\":{\"@id\":\"https:\\\/\\\/casadecampoliving.com\\\/es\\\/catalogo-digital-de-art-chavon-2016-disponible\\\/#breadcrumb\"},\"inLanguage\":\"es\",\"potentialAction\":[{\"@type\":\"ReadAction\",\"target\":[\"https:\\\/\\\/casadecampoliving.com\\\/es\\\/catalogo-digital-de-art-chavon-2016-disponible\\\/\"]}]},{\"@type\":\"ImageObject\",\"inLanguage\":\"es\",\"@id\":\"https:\\\/\\\/casadecampoliving.com\\\/es\\\/catalogo-digital-de-art-chavon-2016-disponible\\\/#primaryimage\",\"url\":\"https:\\\/\\\/i0.wp.com\\\/casadecampoliving.com\\\/wp-content\\\/uploads\\\/2022\\\/10\\\/Art_Chavon_2016-e1471976329477.jpg?fit=1000%2C563&ssl=1\",\"contentUrl\":\"https:\\\/\\\/i0.wp.com\\\/casadecampoliving.com\\\/wp-content\\\/uploads\\\/2022\\\/10\\\/Art_Chavon_2016-e1471976329477.jpg?fit=1000%2C563&ssl=1\",\"width\":1000,\"height\":563,\"caption\":\"Art Chav\u00f3n 2016\"},{\"@type\":\"BreadcrumbList\",\"@id\":\"https:\\\/\\\/casadecampoliving.com\\\/es\\\/catalogo-digital-de-art-chavon-2016-disponible\\\/#breadcrumb\",\"itemListElement\":[{\"@type\":\"ListItem\",\"position\":1,\"name\":\"Home\",\"item\":\"https:\\\/\\\/casadecampoliving.com\\\/es\\\/\"},{\"@type\":\"ListItem\",\"position\":2,\"name\":\"\u00a1El cat\u00e1logo digital de Art Chav\u00f3n 2016 ya esta disponible!\"}]},{\"@type\":\"WebSite\",\"@id\":\"https:\\\/\\\/casadecampoliving.com\\\/es\\\/#website\",\"url\":\"https:\\\/\\\/casadecampoliving.com\\\/es\\\/\",\"name\":\"Casa de Campo Living\",\"description\":\"Resort community news and resources.\",\"publisher\":{\"@id\":\"https:\\\/\\\/casadecampoliving.com\\\/es\\\/#organization\"},\"potentialAction\":[{\"@type\":\"SearchAction\",\"target\":{\"@type\":\"EntryPoint\",\"urlTemplate\":\"https:\\\/\\\/casadecampoliving.com\\\/es\\\/?s={search_term_string}\"},\"query-input\":{\"@type\":\"PropertyValueSpecification\",\"valueRequired\":true,\"valueName\":\"search_term_string\"}}],\"inLanguage\":\"es\"},{\"@type\":\"Organization\",\"@id\":\"https:\\\/\\\/casadecampoliving.com\\\/es\\\/#organization\",\"name\":\"Casa de Campo Living\",\"url\":\"https:\\\/\\\/casadecampoliving.com\\\/es\\\/\",\"logo\":{\"@type\":\"ImageObject\",\"inLanguage\":\"es\",\"@id\":\"https:\\\/\\\/casadecampoliving.com\\\/es\\\/#\\\/schema\\\/logo\\\/image\\\/\",\"url\":\"https:\\\/\\\/i0.wp.com\\\/casadecampoliving.com\\\/wp-content\\\/uploads\\\/2022\\\/07\\\/CDCLivingLogo_V1-white-sized.png?fit=800%2C214&ssl=1\",\"contentUrl\":\"https:\\\/\\\/i0.wp.com\\\/casadecampoliving.com\\\/wp-content\\\/uploads\\\/2022\\\/07\\\/CDCLivingLogo_V1-white-sized.png?fit=800%2C214&ssl=1\",\"width\":800,\"height\":214,\"caption\":\"Casa de Campo Living\"},\"image\":{\"@id\":\"https:\\\/\\\/casadecampoliving.com\\\/es\\\/#\\\/schema\\\/logo\\\/image\\\/\"},\"sameAs\":[\"https:\\\/\\\/www.facebook.com\\\/casadecampoliving\",\"https:\\\/\\\/x.com\\\/cdcliving\"]},{\"@type\":\"Person\",\"@id\":\"https:\\\/\\\/casadecampoliving.com\\\/es\\\/#\\\/schema\\\/person\\\/e3abfc63c1478fd703266a6f33a3145d\",\"name\":\"Heather Lincoln\",\"image\":{\"@type\":\"ImageObject\",\"inLanguage\":\"es\",\"@id\":\"https:\\\/\\\/secure.gravatar.com\\\/avatar\\\/e8fc1ce4ad50385675908137b0d8d66be281d034bf072b4700460237638ea6d0?s=96&d=mm&r=g\",\"url\":\"https:\\\/\\\/secure.gravatar.com\\\/avatar\\\/e8fc1ce4ad50385675908137b0d8d66be281d034bf072b4700460237638ea6d0?s=96&d=mm&r=g\",\"contentUrl\":\"https:\\\/\\\/secure.gravatar.com\\\/avatar\\\/e8fc1ce4ad50385675908137b0d8d66be281d034bf072b4700460237638ea6d0?s=96&d=mm&r=g\",\"caption\":\"Heather Lincoln\"},\"url\":\"https:\\\/\\\/casadecampoliving.com\\\/es\\\/author\\\/hcastillo\\\/\"}]}<\/script>\n<!-- \/ Yoast SEO plugin. -->","yoast_head_json":{"title":"\u00a1El cat\u00e1logo digital de Art Chav\u00f3n 2016 ya esta disponible! | Casa de Campo Living","description":"La Fundaci\u00f3n Centro Cultural Altos de Chav\u00f3n acaba de publicar&nbsp;el cat\u00e1logo digital de Art Chav\u00f3n 2016, con una serie de obras de arte de los","robots":{"index":"index","follow":"follow","max-snippet":"max-snippet:-1","max-image-preview":"max-image-preview:large","max-video-preview":"max-video-preview:-1"},"canonical":"https:\/\/casadecampoliving.com\/es\/catalogo-digital-de-art-chavon-2016-disponible\/","og_locale":"es_ES","og_type":"article","og_title":"\u00a1El cat\u00e1logo digital de Art Chav\u00f3n 2016 ya esta disponible! | Casa de Campo Living","og_description":"La Fundaci\u00f3n Centro Cultural Altos de Chav\u00f3n acaba de publicar&nbsp;el cat\u00e1logo digital de Art Chav\u00f3n 2016, con una serie de obras de arte de los","og_url":"https:\/\/casadecampoliving.com\/es\/catalogo-digital-de-art-chavon-2016-disponible\/","og_site_name":"Casa de Campo Living","article_publisher":"https:\/\/www.facebook.com\/casadecampoliving","article_published_time":"2016-08-23T04:00:00+00:00","article_modified_time":"2022-10-21T22:59:41+00:00","og_image":[{"width":1000,"height":563,"url":"https:\/\/i0.wp.com\/casadecampoliving.com\/wp-content\/uploads\/2022\/10\/Art_Chavon_2016-e1471976329477.jpg?fit=1000%2C563&ssl=1","type":"image\/jpeg"}],"author":"Heather Lincoln","twitter_card":"summary_large_image","twitter_creator":"@cdcliving","twitter_site":"@cdcliving","twitter_misc":{"Escrito por":"Heather Lincoln","Tiempo de lectura":"5 minutos"},"schema":{"@context":"https:\/\/schema.org","@graph":[{"@type":"Article","@id":"https:\/\/casadecampoliving.com\/es\/catalogo-digital-de-art-chavon-2016-disponible\/#article","isPartOf":{"@id":"https:\/\/casadecampoliving.com\/es\/catalogo-digital-de-art-chavon-2016-disponible\/"},"author":{"name":"Heather Lincoln","@id":"https:\/\/casadecampoliving.com\/es\/#\/schema\/person\/e3abfc63c1478fd703266a6f33a3145d"},"headline":"\u00a1El cat\u00e1logo digital de Art Chav\u00f3n 2016 ya esta disponible!","datePublished":"2016-08-23T04:00:00+00:00","dateModified":"2022-10-21T22:59:41+00:00","mainEntityOfPage":{"@id":"https:\/\/casadecampoliving.com\/es\/catalogo-digital-de-art-chavon-2016-disponible\/"},"wordCount":984,"publisher":{"@id":"https:\/\/casadecampoliving.com\/es\/#organization"},"image":{"@id":"https:\/\/casadecampoliving.com\/es\/catalogo-digital-de-art-chavon-2016-disponible\/#primaryimage"},"thumbnailUrl":"https:\/\/i0.wp.com\/casadecampoliving.com\/wp-content\/uploads\/2022\/10\/Art_Chavon_2016-e1471976329477.jpg?fit=1000%2C563&ssl=1","keywords":["Altos de Chavon","art chavon @es","Dominican Republic","dominique bluhdorn","Featured-TopView @es","fondos"],"articleSection":["Altos de Chavon @es","Arte y cultura","Compras","Fundaciones","Noticias Locales","Rep\u00fablica Dominicana @es"],"inLanguage":"es"},{"@type":"WebPage","@id":"https:\/\/casadecampoliving.com\/es\/catalogo-digital-de-art-chavon-2016-disponible\/","url":"https:\/\/casadecampoliving.com\/es\/catalogo-digital-de-art-chavon-2016-disponible\/","name":"\u00a1El cat\u00e1logo digital de Art Chav\u00f3n 2016 ya esta disponible! | Casa de Campo Living","isPartOf":{"@id":"https:\/\/casadecampoliving.com\/es\/#website"},"primaryImageOfPage":{"@id":"https:\/\/casadecampoliving.com\/es\/catalogo-digital-de-art-chavon-2016-disponible\/#primaryimage"},"image":{"@id":"https:\/\/casadecampoliving.com\/es\/catalogo-digital-de-art-chavon-2016-disponible\/#primaryimage"},"thumbnailUrl":"https:\/\/i0.wp.com\/casadecampoliving.com\/wp-content\/uploads\/2022\/10\/Art_Chavon_2016-e1471976329477.jpg?fit=1000%2C563&ssl=1","datePublished":"2016-08-23T04:00:00+00:00","dateModified":"2022-10-21T22:59:41+00:00","description":"La Fundaci\u00f3n Centro Cultural Altos de Chav\u00f3n acaba de publicar&nbsp;el cat\u00e1logo digital de Art Chav\u00f3n 2016, con una serie de obras de arte de los","breadcrumb":{"@id":"https:\/\/casadecampoliving.com\/es\/catalogo-digital-de-art-chavon-2016-disponible\/#breadcrumb"},"inLanguage":"es","potentialAction":[{"@type":"ReadAction","target":["https:\/\/casadecampoliving.com\/es\/catalogo-digital-de-art-chavon-2016-disponible\/"]}]},{"@type":"ImageObject","inLanguage":"es","@id":"https:\/\/casadecampoliving.com\/es\/catalogo-digital-de-art-chavon-2016-disponible\/#primaryimage","url":"https:\/\/i0.wp.com\/casadecampoliving.com\/wp-content\/uploads\/2022\/10\/Art_Chavon_2016-e1471976329477.jpg?fit=1000%2C563&ssl=1","contentUrl":"https:\/\/i0.wp.com\/casadecampoliving.com\/wp-content\/uploads\/2022\/10\/Art_Chavon_2016-e1471976329477.jpg?fit=1000%2C563&ssl=1","width":1000,"height":563,"caption":"Art Chav\u00f3n 2016"},{"@type":"BreadcrumbList","@id":"https:\/\/casadecampoliving.com\/es\/catalogo-digital-de-art-chavon-2016-disponible\/#breadcrumb","itemListElement":[{"@type":"ListItem","position":1,"name":"Home","item":"https:\/\/casadecampoliving.com\/es\/"},{"@type":"ListItem","position":2,"name":"\u00a1El cat\u00e1logo digital de Art Chav\u00f3n 2016 ya esta disponible!"}]},{"@type":"WebSite","@id":"https:\/\/casadecampoliving.com\/es\/#website","url":"https:\/\/casadecampoliving.com\/es\/","name":"Casa de Campo Living","description":"Resort community news and resources.","publisher":{"@id":"https:\/\/casadecampoliving.com\/es\/#organization"},"potentialAction":[{"@type":"SearchAction","target":{"@type":"EntryPoint","urlTemplate":"https:\/\/casadecampoliving.com\/es\/?s={search_term_string}"},"query-input":{"@type":"PropertyValueSpecification","valueRequired":true,"valueName":"search_term_string"}}],"inLanguage":"es"},{"@type":"Organization","@id":"https:\/\/casadecampoliving.com\/es\/#organization","name":"Casa de Campo Living","url":"https:\/\/casadecampoliving.com\/es\/","logo":{"@type":"ImageObject","inLanguage":"es","@id":"https:\/\/casadecampoliving.com\/es\/#\/schema\/logo\/image\/","url":"https:\/\/i0.wp.com\/casadecampoliving.com\/wp-content\/uploads\/2022\/07\/CDCLivingLogo_V1-white-sized.png?fit=800%2C214&ssl=1","contentUrl":"https:\/\/i0.wp.com\/casadecampoliving.com\/wp-content\/uploads\/2022\/07\/CDCLivingLogo_V1-white-sized.png?fit=800%2C214&ssl=1","width":800,"height":214,"caption":"Casa de Campo Living"},"image":{"@id":"https:\/\/casadecampoliving.com\/es\/#\/schema\/logo\/image\/"},"sameAs":["https:\/\/www.facebook.com\/casadecampoliving","https:\/\/x.com\/cdcliving"]},{"@type":"Person","@id":"https:\/\/casadecampoliving.com\/es\/#\/schema\/person\/e3abfc63c1478fd703266a6f33a3145d","name":"Heather Lincoln","image":{"@type":"ImageObject","inLanguage":"es","@id":"https:\/\/secure.gravatar.com\/avatar\/e8fc1ce4ad50385675908137b0d8d66be281d034bf072b4700460237638ea6d0?s=96&d=mm&r=g","url":"https:\/\/secure.gravatar.com\/avatar\/e8fc1ce4ad50385675908137b0d8d66be281d034bf072b4700460237638ea6d0?s=96&d=mm&r=g","contentUrl":"https:\/\/secure.gravatar.com\/avatar\/e8fc1ce4ad50385675908137b0d8d66be281d034bf072b4700460237638ea6d0?s=96&d=mm&r=g","caption":"Heather Lincoln"},"url":"https:\/\/casadecampoliving.com\/es\/author\/hcastillo\/"}]}},"parsely":{"version":"1.1.0","canonical_url":"https:\/\/casadecampoliving.com\/es\/catalogo-digital-de-art-chavon-2016-disponible\/","smart_links":{"inbound":0,"outbound":0},"traffic_boost_suggestions_count":0,"meta":{"@context":"https:\/\/schema.org","@type":"NewsArticle","headline":"\u00a1El cat\u00e1logo digital de Art Chav\u00f3n 2016 ya esta disponible!","url":"http:\/\/casadecampoliving.com\/es\/catalogo-digital-de-art-chavon-2016-disponible\/","mainEntityOfPage":{"@type":"WebPage","@id":"http:\/\/casadecampoliving.com\/es\/catalogo-digital-de-art-chavon-2016-disponible\/"},"thumbnailUrl":"https:\/\/i0.wp.com\/casadecampoliving.com\/wp-content\/uploads\/2022\/10\/Art_Chavon_2016-e1471976329477.jpg?resize=150%2C150&ssl=1","image":{"@type":"ImageObject","url":"https:\/\/i0.wp.com\/casadecampoliving.com\/wp-content\/uploads\/2022\/10\/Art_Chavon_2016-e1471976329477.jpg?fit=1000%2C563&ssl=1"},"articleSection":"Altos de Chavon @es","author":[{"@type":"Person","name":"Heather Lincoln"}],"creator":["Heather Lincoln"],"publisher":{"@type":"Organization","name":"Casa de Campo Living","logo":"https:\/\/casadecampoliving.com\/wp-content\/uploads\/2022\/07\/CDCLivingLogo_V1-white-sized.png"},"keywords":["altos de chavon","art chavon @es","dominican republic","dominique bluhdorn","featured-topview @es","fondos"],"dateCreated":"2016-08-23T04:00:00Z","datePublished":"2016-08-23T04:00:00Z","dateModified":"2022-10-21T22:59:41Z"},"rendered":"<script type=\"application\/ld+json\" class=\"wp-parsely-metadata\">{\"@context\":\"https:\\\/\\\/schema.org\",\"@type\":\"NewsArticle\",\"headline\":\"\\u00a1El cat\\u00e1logo digital de Art Chav\\u00f3n 2016 ya esta disponible!\",\"url\":\"http:\\\/\\\/casadecampoliving.com\\\/es\\\/catalogo-digital-de-art-chavon-2016-disponible\\\/\",\"mainEntityOfPage\":{\"@type\":\"WebPage\",\"@id\":\"http:\\\/\\\/casadecampoliving.com\\\/es\\\/catalogo-digital-de-art-chavon-2016-disponible\\\/\"},\"thumbnailUrl\":\"https:\\\/\\\/i0.wp.com\\\/casadecampoliving.com\\\/wp-content\\\/uploads\\\/2022\\\/10\\\/Art_Chavon_2016-e1471976329477.jpg?resize=150%2C150&ssl=1\",\"image\":{\"@type\":\"ImageObject\",\"url\":\"https:\\\/\\\/i0.wp.com\\\/casadecampoliving.com\\\/wp-content\\\/uploads\\\/2022\\\/10\\\/Art_Chavon_2016-e1471976329477.jpg?fit=1000%2C563&ssl=1\"},\"articleSection\":\"Altos de Chavon @es\",\"author\":[{\"@type\":\"Person\",\"name\":\"Heather Lincoln\"}],\"creator\":[\"Heather Lincoln\"],\"publisher\":{\"@type\":\"Organization\",\"name\":\"Casa de Campo Living\",\"logo\":\"https:\\\/\\\/casadecampoliving.com\\\/wp-content\\\/uploads\\\/2022\\\/07\\\/CDCLivingLogo_V1-white-sized.png\"},\"keywords\":[\"altos de chavon\",\"art chavon @es\",\"dominican republic\",\"dominique bluhdorn\",\"featured-topview @es\",\"fondos\"],\"dateCreated\":\"2016-08-23T04:00:00Z\",\"datePublished\":\"2016-08-23T04:00:00Z\",\"dateModified\":\"2022-10-21T22:59:41Z\"}<\/script>","tracker_url":"https:\/\/cdn.parsely.com\/keys\/casadecampoliving.com\/p.js"},"jetpack_publicize_connections":[],"jetpack_featured_media_url":"https:\/\/i0.wp.com\/casadecampoliving.com\/wp-content\/uploads\/2022\/10\/Art_Chavon_2016-e1471976329477.jpg?fit=1000%2C563&ssl=1","jetpack-related-posts":[{"id":433460,"url":"https:\/\/casadecampoliving.com\/es\/no-se-pierdan-el-increible-tributo-a-frank-sinatra-para-celebrar-el-40-aniversario-del-anfiteatro-altos-de-chavon\/","url_meta":{"origin":350413,"position":0},"title":"No se pierdan el incre\u00edble tributo a Frank Sinatra para celebrar el 40 aniversario del\u00a0Anfiteatro Altos de Chav\u00f3n","author":"Casa de Campo Living","date":"20 Oct, 2022","format":false,"excerpt":"Siendo uno de los escenarios m\u00e1s emblem\u00e1ticos del pa\u00eds, Casa de Campo Resort\u00ae & Villas celebra las cuatro d\u00e9cadas de aniversario de Altos de Chav\u00f3n con un tributo al gran Frank Sinatra, protagonizado por artistas invitados y una big band tal cual la que acompa\u00f1\u00f3 al artista hace 40 a\u00f1os\u2026","rel":"","context":"En \u00abUncategorized @es\u00bb","block_context":{"text":"Uncategorized @es","link":"https:\/\/casadecampoliving.com\/es\/category\/uncategorized-es\/"},"img":{"alt_text":"","src":"https:\/\/i0.wp.com\/casadecampoliving.com\/wp-content\/uploads\/2022\/10\/Tributo-Frank-Sinatra-Foto-Principal-Amaury-Sanchez-Danilo-Ginebra-Andres-Pichardo-y-Jose-Gabriel-Perez-.jpg?fit=1200%2C873&ssl=1&resize=350%2C200","width":350,"height":200,"srcset":"https:\/\/i0.wp.com\/casadecampoliving.com\/wp-content\/uploads\/2022\/10\/Tributo-Frank-Sinatra-Foto-Principal-Amaury-Sanchez-Danilo-Ginebra-Andres-Pichardo-y-Jose-Gabriel-Perez-.jpg?fit=1200%2C873&ssl=1&resize=350%2C200 1x, https:\/\/i0.wp.com\/casadecampoliving.com\/wp-content\/uploads\/2022\/10\/Tributo-Frank-Sinatra-Foto-Principal-Amaury-Sanchez-Danilo-Ginebra-Andres-Pichardo-y-Jose-Gabriel-Perez-.jpg?fit=1200%2C873&ssl=1&resize=525%2C300 1.5x, https:\/\/i0.wp.com\/casadecampoliving.com\/wp-content\/uploads\/2022\/10\/Tributo-Frank-Sinatra-Foto-Principal-Amaury-Sanchez-Danilo-Ginebra-Andres-Pichardo-y-Jose-Gabriel-Perez-.jpg?fit=1200%2C873&ssl=1&resize=700%2C400 2x, https:\/\/i0.wp.com\/casadecampoliving.com\/wp-content\/uploads\/2022\/10\/Tributo-Frank-Sinatra-Foto-Principal-Amaury-Sanchez-Danilo-Ginebra-Andres-Pichardo-y-Jose-Gabriel-Perez-.jpg?fit=1200%2C873&ssl=1&resize=1050%2C600 3x"},"classes":[]},{"id":351500,"url":"https:\/\/casadecampoliving.com\/es\/apoye-chavon-escuela-de-diseno-con-su-catalogo-art-chavon-2017\/","url_meta":{"origin":350413,"position":1},"title":"\u00a1Apoye a Chav\u00f3n Escuela de Dise\u00f1o con su cat\u00e1logo Art Chav\u00f3n 2017!","author":"Heather Lincoln","date":"17 May, 2017","format":false,"excerpt":"La Fundaci\u00f3n Centro Cultural Altos de Chav\u00f3n invita a ver la exposici\u00f3n Art Chav\u00f3n 2017 como nunca antes. Optimizada digitalmente, la exposici\u00f3n completa ya est\u00e1 disponible en un cat\u00e1logo en l\u00ednea, puede verlo haciendo clic aqu\u00ed. Si no pudo verla mientras estaba en exhibici\u00f3n en la galeria durante el mes\u2026","rel":"","context":"En \u00abAltos de Chavon @es\u00bb","block_context":{"text":"Altos de Chavon @es","link":"https:\/\/casadecampoliving.com\/category\/altos-de-chavon-es\/"},"img":{"alt_text":"Art Chav\u00f3n 2017 digital catalog","src":"https:\/\/i0.wp.com\/casadecampoliving.com\/wp-content\/uploads\/2022\/10\/ArtChavon2017catalog.jpg?fit=1000%2C600&ssl=1&resize=350%2C200","width":350,"height":200,"srcset":"https:\/\/i0.wp.com\/casadecampoliving.com\/wp-content\/uploads\/2022\/10\/ArtChavon2017catalog.jpg?fit=1000%2C600&ssl=1&resize=350%2C200 1x, https:\/\/i0.wp.com\/casadecampoliving.com\/wp-content\/uploads\/2022\/10\/ArtChavon2017catalog.jpg?fit=1000%2C600&ssl=1&resize=525%2C300 1.5x, https:\/\/i0.wp.com\/casadecampoliving.com\/wp-content\/uploads\/2022\/10\/ArtChavon2017catalog.jpg?fit=1000%2C600&ssl=1&resize=700%2C400 2x"},"classes":[]},{"id":350501,"url":"https:\/\/casadecampoliving.com\/es\/otorgaron-seis-becas-a-estudiantes-de-altos-de-chavon-escuela-de-diseno\/","url_meta":{"origin":350413,"position":2},"title":"Banco Popular y la Fundaci\u00f3n Centro Cultural Altos de Chav\u00f3n otorga becas a 6 estudiantes meritorios","author":"Marlenys Guzm\u00e1n Casta\u00f1os","date":"16 Sep, 2016","format":false,"excerpt":"En honor a que esta es la segunda semana en el nuevo a\u00f1o escolar de la de Chav\u00f3n Escuela de Dise\u00f1o, \u00a1les traemos algunas noticias fant\u00e1sticas! El Banco Popular Dominicano y la Fundaci\u00f3n Centro Cultural Altos de Chav\u00f3n han otorgado becas a seis j\u00f3venes estudiantes meritorios para continuar sus estudios\u00a0en\u2026","rel":"","context":"En \u00abAltos de Chavon @es\u00bb","block_context":{"text":"Altos de Chavon @es","link":"https:\/\/casadecampoliving.com\/category\/altos-de-chavon-es\/"},"img":{"alt_text":"","src":"https:\/\/i0.wp.com\/casadecampoliving.com\/wp-content\/uploads\/2022\/10\/Scholarship-School-of-Design.jpg?fit=1000%2C600&ssl=1&resize=350%2C200","width":350,"height":200,"srcset":"https:\/\/i0.wp.com\/casadecampoliving.com\/wp-content\/uploads\/2022\/10\/Scholarship-School-of-Design.jpg?fit=1000%2C600&ssl=1&resize=350%2C200 1x, https:\/\/i0.wp.com\/casadecampoliving.com\/wp-content\/uploads\/2022\/10\/Scholarship-School-of-Design.jpg?fit=1000%2C600&ssl=1&resize=525%2C300 1.5x, https:\/\/i0.wp.com\/casadecampoliving.com\/wp-content\/uploads\/2022\/10\/Scholarship-School-of-Design.jpg?fit=1000%2C600&ssl=1&resize=700%2C400 2x"},"classes":[]},{"id":350200,"url":"https:\/\/casadecampoliving.com\/es\/la-fundacion-centro-cultural-altos-de-chavon-presenta-art-chavon-2016\/","url_meta":{"origin":350413,"position":3},"title":"La Fundaci\u00f3n Centro Cultural Altos de Chav\u00f3n presenta: Art Chav\u00f3n 2016","author":"Heather Lincoln","date":"18 Jul, 2016","format":false,"excerpt":"Por sexto a\u00f1o consecutivo, La Fundaci\u00f3n Centro Cultural Altos de Chav\u00f3n celebra, \u2018\u2019Art Chav\u00f3n 2016\u2019\u2019: un evento de car\u00e1cter ben\u00e9fico, cuyo objetivo principal es recaudar recursos econ\u00f3micos para el fondo de becas de La Escuela de Dise\u00f1o Altos de Chav\u00f3n, ofreciendo al p\u00fablico la oportunidad de adquirir el trabajo art\u00edstico\u2026","rel":"","context":"En \u00abAltos de Chavon @es\u00bb","block_context":{"text":"Altos de Chavon @es","link":"https:\/\/casadecampoliving.com\/category\/altos-de-chavon-es\/"},"img":{"alt_text":"Jeffry Correa Art Chav\u00f3n 2016","src":"https:\/\/i0.wp.com\/casadecampoliving.com\/wp-content\/uploads\/2022\/10\/Jeffry-Correa.jpg?fit=1000%2C667&ssl=1&resize=350%2C200","width":350,"height":200,"srcset":"https:\/\/i0.wp.com\/casadecampoliving.com\/wp-content\/uploads\/2022\/10\/Jeffry-Correa.jpg?fit=1000%2C667&ssl=1&resize=350%2C200 1x, https:\/\/i0.wp.com\/casadecampoliving.com\/wp-content\/uploads\/2022\/10\/Jeffry-Correa.jpg?fit=1000%2C667&ssl=1&resize=525%2C300 1.5x, https:\/\/i0.wp.com\/casadecampoliving.com\/wp-content\/uploads\/2022\/10\/Jeffry-Correa.jpg?fit=1000%2C667&ssl=1&resize=700%2C400 2x"},"classes":[]},{"id":343770,"url":"https:\/\/casadecampoliving.com\/es\/arte-chavon-2014-su-oportunidad-de-invertir-en-el-arte-del-futuro\/","url_meta":{"origin":350413,"position":4},"title":"Arte Chav\u00f3n 2014 &#8211; su oportunidad de invertir en el futuro del arte dominicano","author":"Genesis Perdomo","date":"28 Ene, 2014","format":false,"excerpt":"Sea usted un apasionado del arte o no, el evento Arte Chav\u00f3n es una ocasi\u00f3n a la cual tiene que asistir. Programado para ser celebrada el jueves 27 de Febrero, Arte Chav\u00f3n 2014 no solo es su oportunidad para aportar a una buena causa \u2013 La Fundaci\u00f3n del Centro Cultural\u2026","rel":"","context":"En \u00abAltos de Chavon @es\u00bb","block_context":{"text":"Altos de Chavon @es","link":"https:\/\/casadecampoliving.com\/category\/altos-de-chavon-es\/"},"img":{"alt_text":"Art Chavon 2014 Altos de Chavon","src":"https:\/\/i0.wp.com\/casadecampoliving.com\/wp-content\/uploads\/2022\/10\/art_chavon_altos_de_chavon_1-1.jpg?fit=650%2C500&ssl=1&resize=350%2C200","width":350,"height":200,"srcset":"https:\/\/i0.wp.com\/casadecampoliving.com\/wp-content\/uploads\/2022\/10\/art_chavon_altos_de_chavon_1-1.jpg?fit=650%2C500&ssl=1&resize=350%2C200 1x, https:\/\/i0.wp.com\/casadecampoliving.com\/wp-content\/uploads\/2022\/10\/art_chavon_altos_de_chavon_1-1.jpg?fit=650%2C500&ssl=1&resize=525%2C300 1.5x"},"classes":[]},{"id":350271,"url":"https:\/\/casadecampoliving.com\/es\/art-chavon-2016-santo-domingo\/","url_meta":{"origin":350413,"position":5},"title":"Una mirada exclusiva al evento Art Chav\u00f3n 2016 en Santo Domingo, \u00a1a\u00fan pueden adquirir una de las hermosas obras!","author":"Heather Lincoln","date":"27 Jul, 2016","format":false,"excerpt":"La s\u00e9ptima edici\u00f3n del evento anual Art Chav\u00f3n, organizado por Dominique Bluhdorn, Presidenta de la Fundaci\u00f3n Centro Cultural Altos de Chav\u00f3n\u00a0se llev\u00f3 a cabo el pasado mi\u00e9rcoles 20 de julio en el nuevo campus de la Escuela de Dise\u00f1o\u00a0en\u00a0Santo Domingo. Al igual que en a\u00f1os anteriores, las piezas de Chavoneros\u2026","rel":"","context":"En \u00abArte y cultura\u00bb","block_context":{"text":"Arte y cultura","link":"https:\/\/casadecampoliving.com\/category\/arte-y-cultura\/"},"img":{"alt_text":"Art Chav\u00f3n 2016","src":"https:\/\/i0.wp.com\/casadecampoliving.com\/wp-content\/uploads\/2022\/10\/ArtChavon2016-02-e1469635989288-1.jpg?fit=1000%2C667&ssl=1&resize=350%2C200","width":350,"height":200,"srcset":"https:\/\/i0.wp.com\/casadecampoliving.com\/wp-content\/uploads\/2022\/10\/ArtChavon2016-02-e1469635989288-1.jpg?fit=1000%2C667&ssl=1&resize=350%2C200 1x, https:\/\/i0.wp.com\/casadecampoliving.com\/wp-content\/uploads\/2022\/10\/ArtChavon2016-02-e1469635989288-1.jpg?fit=1000%2C667&ssl=1&resize=525%2C300 1.5x, https:\/\/i0.wp.com\/casadecampoliving.com\/wp-content\/uploads\/2022\/10\/ArtChavon2016-02-e1469635989288-1.jpg?fit=1000%2C667&ssl=1&resize=700%2C400 2x"},"classes":[]}],"jetpack_sharing_enabled":true,"_links":{"self":[{"href":"https:\/\/casadecampoliving.com\/es\/wp-json\/wp\/v2\/posts\/350413","targetHints":{"allow":["GET"]}}],"collection":[{"href":"https:\/\/casadecampoliving.com\/es\/wp-json\/wp\/v2\/posts"}],"about":[{"href":"https:\/\/casadecampoliving.com\/es\/wp-json\/wp\/v2\/types\/post"}],"author":[{"embeddable":true,"href":"https:\/\/casadecampoliving.com\/es\/wp-json\/wp\/v2\/users\/36681"}],"replies":[{"embeddable":true,"href":"https:\/\/casadecampoliving.com\/es\/wp-json\/wp\/v2\/comments?post=350413"}],"version-history":[{"count":1,"href":"https:\/\/casadecampoliving.com\/es\/wp-json\/wp\/v2\/posts\/350413\/revisions"}],"predecessor-version":[{"id":350414,"href":"https:\/\/casadecampoliving.com\/es\/wp-json\/wp\/v2\/posts\/350413\/revisions\/350414"}],"wp:featuredmedia":[{"embeddable":true,"href":"https:\/\/casadecampoliving.com\/es\/wp-json\/wp\/v2\/media\/290120"}],"wp:attachment":[{"href":"https:\/\/casadecampoliving.com\/es\/wp-json\/wp\/v2\/media?parent=350413"}],"wp:term":[{"taxonomy":"category","embeddable":true,"href":"https:\/\/casadecampoliving.com\/es\/wp-json\/wp\/v2\/categories?post=350413"},{"taxonomy":"post_tag","embeddable":true,"href":"https:\/\/casadecampoliving.com\/es\/wp-json\/wp\/v2\/tags?post=350413"},{"taxonomy":"newspack_spnsrs_tax","embeddable":true,"href":"https:\/\/casadecampoliving.com\/es\/wp-json\/wp\/v2\/newspack_spnsrs_tax?post=350413"}],"curies":[{"name":"wp","href":"https:\/\/api.w.org\/{rel}","templated":true}]}}