{"id":350394,"date":"2016-08-18T00:00:00","date_gmt":"2016-08-18T04:00:00","guid":{"rendered":"https:\/\/casadecampoliving.com\/genesis-fiestas\/"},"modified":"2022-10-21T18:58:38","modified_gmt":"2022-10-21T22:58:38","slug":"genesis-fiestas","status":"publish","type":"post","link":"https:\/\/casadecampoliving.com\/es\/genesis-fiestas\/","title":{"rendered":"\u00a1No se pierdan el concierto tributo a Man\u00e1 este s\u00e1bado! \u00a1Fiestas en Genesis (18-21 Agosto) aqu\u00ed!"},"content":{"rendered":"\n<div id=\"tw-target-text-container\" class=\"tw-ta-container tw-nfl\">\n<p id=\"tw-target-text\" class=\"tw-data-text vk_txt tw-ta tw-text-small\" dir=\"ltr\" style=\"text-align: justify;\" data-placeholder=\"Translation\"><span lang=\"es\">\u00a1Los tributos de G\u00e9nesis &nbsp;Nightclub est\u00e1n de vuelta! \u00a1Yey! Luego de&nbsp;una serie muy exitosa incluyendo a Bob Marley, Soda Stereo, The Police y U2, \u00a1Luichy Guzm\u00e1n, David V\u00e1squez, y Luini Quezada estar\u00e1n de regreso en G\u00e9nesis este s\u00e1bado 20 de agosto con un tributo incre\u00edble a la legendaria banda de pop mexicano Man\u00e1! \u00bfQui\u00e9n no ama Man\u00e1 ?!<\/span><\/p>\n<\/div>\n\n\n\n<p><\/p>\n\n\n\n<!--more-->\n\n\n\n<p>La banda se form\u00f3 en Guadalajara, M\u00e9xico y est\u00e1 conformada por Fher Olvera (Guitarra r\u00edtmica, arm\u00f3nica y voz), Juan Calleros (Bajo y&nbsp;Contrabajo) Alejandro Gonz\u00e1lez (Bater\u00eda y voz) y Sergio Vall\u00edn (Guitarra l\u00edder y voz).El grupo ha ganado cuatro premios Grammy, ocho Premios Grammy Latinos, cinco MTV Video Music Awards Latinoam\u00e9rica, cinco Premios Juventud, diecinueve Premios Billboard de la M\u00fasica Latina y quince Premios Lo Nuestro.La banda ha vendido m\u00e1s de 40 millones de discos en todo el mundo, haci\u00e9ndole el grupo de rock latino m\u00e1s exitoso de todos los tiempos. \u00a1Y este a\u00f1o recibieron una estrella en el Paseo de la Fama de Hollywood!<\/p>\n\n\n\n<div id=\"tw-target-text-container\" class=\"tw-ta-container tw-nfl\"><\/div>\n\n\n\n<center><iframe loading=\"lazy\" src=\"https:\/\/www.youtube.com\/embed\/UBBP9Jclx6A\" width=\"560\" height=\"315\" frameborder=\"0\" allowfullscreen=\"allowfullscreen\"><\/iframe><\/center>\n\n\n\n<div id=\"tw-target-text-container\" class=\"tw-ta-container tw-nfl\">\n<p id=\"tw-target-text\" class=\"tw-data-text vk_txt tw-ta tw-text-small\" dir=\"ltr\" style=\"text-align: justify;\" data-placeholder=\"Translation\"><span lang=\"es\">La banda se form\u00f3 en 1986 y lanz\u00f3 su primer \u00e1lbum, <em>Falta Amor,<\/em> en 1990. En 1992, el grupo grabo&nbsp;<em>\u00bfD\u00f3nde Jugar\u00e1n Los Ni\u00f1os?<\/em>, convirti\u00e9ndose en&nbsp;el&nbsp;\u00e1lbum de rock en espa\u00f1ol m\u00e1s vendido de todos los tiempos. Despu\u00e9s de varios cambios, el grupo lanz\u00f3 <em>Cuando Los \u00c1ngeles Lloran<\/em> (1995), que se caracteriza por ser diferente a sus&nbsp;trabajos anteriores. Man\u00e1 sigui\u00f3 con <em>Sue\u00f1os L\u00edquidos<\/em> (1997 ), <em>Revoluci\u00f3n de Amor<\/em> (2002 ), y <em>Amar es Combatir<\/em> ( 2006), continuando&nbsp;el \u00e9xito del grupo. En abril del 2011&nbsp;sacaron <em>Drama y Luz<\/em>. Su \u00e1lbum m\u00e1s reciente es <em>Cama Incendiada<\/em>, a principios de 2015. Tambi\u00e9n formaron la Fundaci\u00f3n Selva Negra que se dedica a financiar y apoyar proyectos importantes destinados a proteger el medio ambiente.<\/span><\/p>\n<\/div>\n\n\n\n<p><span style=\"line-height: 1.5;\">Vamos todos a cantar&nbsp;<\/span><em style=\"line-height: 1.5;\">Rayando el Sol, Te llor\u00e9 un Rio, Mariposa Traicionera, Oye Mi Amor, Labios Compartidos, En el Muelle de San Blas, Coraz\u00f3n Espinado, Dejame Entrar<\/em><span style=\"line-height: 1.5;\">, <\/span><em style=\"line-height: 1.5;\">De pies a Cabeza<\/em><span style=\"line-height: 1.5;\"> (\u00a1de la cual hicieron un&nbsp;remix con&nbsp;Nicky Jam! \u00a1video arriba!) \u00a1y muchas muchas m\u00e1s!<\/span><\/p>\n\n\n\n<div id=\"tw-target-text-container\" class=\"tw-ta-container tw-nfl\">\n<p id=\"tw-target-text\" class=\"tw-data-text vk_txt tw-ta tw-text-small\" dir=\"ltr\" style=\"text-align: justify;\" data-placeholder=\"Translation\"><strong><span lang=\"es\">\u00a1No se pierda todo lo que est\u00e1 G\u00e9nesis Nightclub tiene para usted&nbsp;partir de ESTA&nbsp;noche! Recuerde que los jueves son \u201cNoche de damas\u201d, con bebidas de vodka GRATIS&nbsp;toda la noche, los domingos traen las incre\u00edbles mezclas de DJ Jonas en Sunday&nbsp;Funday y este viernes&nbsp;habr\u00e1n&nbsp;no solo uno pero TRES&nbsp;Dj\u2019s&nbsp;en cabina: ARGY, JAG y Solano&nbsp;\u00a1as\u00ed que no se lo pueden perder!<\/span><\/strong><\/p>\n<\/div>\n\n\n<div class=\"wp-block-image\">\n<figure class=\"aligncenter is-resized\"><img loading=\"lazy\" decoding=\"async\" src=\"https:\/\/i0.wp.com\/casadecampoliving.com\/wp-content\/uploads\/2022\/10\/genesis-Flyers.jpg?resize=1000%2C1000&amp;ssl=1\" alt=\"genesis Flyers\" class=\"wp-image-121939\" height=\"1000\" width=\"1000\"\/><\/figure>\n<\/div>\n\n\n<p>Fotos&nbsp;y video de&nbsp;<a href=\"http:\/\/www.mana.com.mx\/en\" target=\"_blank\" rel=\"noopener\">Man\u00e1 official page<\/a>, y&nbsp;<a href=\"https:\/\/www.youtube.com\/user\/OficialMana\" target=\"_blank\" rel=\"noopener\">youtube channel<\/a>.<\/p>\n\n\n\n<blockquote><h3><strong>GENESIS Nightclub<\/strong><\/h3><figure><img decoding=\"async\" loading=\"lazy\" class=\"wp-image-119281 size-thumbnail alignright\" src=\"https:\/\/i0.wp.com\/casadecampoliving.com\/wp-content\/uploads\/2022\/10\/Genesislogo-2.png?resize=150%2C150&amp;ssl=1\" alt=\"Club Genesis logo\" width=\"150\" height=\"150\"><\/figure><p><em><span style=\"font-weight: 400;\"><\/span><\/em><\/p><p><em><span style=\"font-weight: 400;\">\u00a1Donde todo empez\u00f3!<\/span><\/em><\/p><p><span style=\"font-weight: 400;\"><strong>D\u00f3nde:<\/strong> Altos de Chav\u00f3n, Casa de Campo<\/span><\/p><p><span style=\"font-weight: 400;\"><strong>Horario:<\/strong> 9pm, \u00a1abierto hasta que tarde!<\/span><\/p><p><span style=\"font-weight: 400;\"><strong>Info &amp; reservaciones:<\/strong> <a href=\"mailto:reservations@genesisnightclub.com\">reservations@genesisnightclub.com<\/a><\/span><\/p><p><span style=\"font-weight: 400;\">C\u00f3digo de vestimenta y estricta pol\u00edtica de puerta a ejecutarse<\/span><\/p><p><strong>Facebook: <\/strong><span style=\"font-weight: 400;\"><a href=\"https:\/\/www.facebook.com\/genesiscasadecampo\/?fref=ts\"><span style=\"font-weight: 400;\">Genesis Nightclub<\/span><\/a><\/span><em><span style=\"font-weight: 400;\"><br>\n<\/span><\/em><\/p><\/blockquote>\n","protected":false},"excerpt":{"rendered":"<p>\u00a1Los tributos de G\u00e9nesis &nbsp;Nightclub est\u00e1n de vuelta! \u00a1Yey! Luego de&nbsp;una serie muy exitosa incluyendo a Bob Marley, Soda Stereo, The Police y U2, \u00a1Luichy Guzm\u00e1n, David V\u00e1squez, y Luini Quezada estar\u00e1n de regreso en G\u00e9nesis este s\u00e1bado 20 de agosto con un tributo incre\u00edble a la legendaria banda de pop mexicano Man\u00e1! \u00bfQui\u00e9n no [&hellip;]<\/p>\n","protected":false},"author":36682,"featured_media":289386,"comment_status":"closed","ping_status":"closed","sticky":false,"template":"","format":"standard","meta":{"newspack_ads_suppress_ads":false,"newspack_popups_has_disabled_popups":false,"newspack_sponsor_sponsorship_scope":"","newspack_sponsor_native_byline_display":"inherit","newspack_sponsor_native_category_display":"inherit","newspack_sponsor_underwriter_style":"inherit","newspack_sponsor_underwriter_placement":"inherit","_newspack_byline_active":false,"_newspack_byline":"","newspack_hide_updated_date":false,"newspack_show_updated_date":false,"newspack_content_restriction_is_exempt":false,"newspack_featured_image_position":"","newspack_post_subtitle":"","newspack_article_summary_title":"Overview:","newspack_article_summary":"","_jetpack_memberships_contains_paid_content":false,"footnotes":"","jetpack_publicize_message":"","jetpack_publicize_feature_enabled":true,"jetpack_social_post_already_shared":false,"jetpack_social_options":{"image_generator_settings":{"template":"highway","default_image_id":0,"font":"","enabled":false},"version":2},"_wpas_customize_per_network":false},"categories":[26819,2518,14631,2522,14627,2498,2501],"tags":[18571,12005,18593,15622,18117],"newspack_spnsrs_tax":[],"class_list":["post-350394","post","type-post","status-publish","format-standard","has-post-thumbnail","hentry","category-altos-de-chavon-es","category-conciertos-es","category-estilo-de-vida","category-eventos-es","category-proximamente","category-uncategorized-es","category-vida-nocturna-es","tag-argy-es","tag-genesis-nightclub-es","tag-noche-de-damas","tag-sunday-funday-es","tag-tributo","entry"],"yoast_head":"<!-- This site is optimized with the Yoast SEO plugin v27.5 - https:\/\/yoast.com\/product\/yoast-seo-wordpress\/ -->\n<title>\u00a1No se pierdan el concierto tributo a Man\u00e1 este s\u00e1bado! \u00a1Fiestas en Genesis (18-21 Agosto) aqu\u00ed! | Casa de Campo Living<\/title>\n<meta name=\"description\" content=\"\u00a1Los tributos de G\u00e9nesis &nbsp;Nightclub est\u00e1n de vuelta! \u00a1Yey! Luego de&nbsp;una serie muy exitosa incluyendo a Bob Marley, Soda Stereo, The Police y U2,\" \/>\n<meta name=\"robots\" content=\"index, follow, max-snippet:-1, max-image-preview:large, max-video-preview:-1\" \/>\n<link rel=\"canonical\" href=\"https:\/\/casadecampoliving.com\/es\/genesis-fiestas\/\" \/>\n<meta property=\"og:locale\" content=\"es_ES\" \/>\n<meta property=\"og:type\" content=\"article\" \/>\n<meta property=\"og:title\" content=\"\u00a1No se pierdan el concierto tributo a Man\u00e1 este s\u00e1bado! \u00a1Fiestas en Genesis (18-21 Agosto) aqu\u00ed! | Casa de Campo Living\" \/>\n<meta property=\"og:description\" content=\"\u00a1Los tributos de G\u00e9nesis &nbsp;Nightclub est\u00e1n de vuelta! \u00a1Yey! Luego de&nbsp;una serie muy exitosa incluyendo a Bob Marley, Soda Stereo, The Police y U2,\" \/>\n<meta property=\"og:url\" content=\"https:\/\/casadecampoliving.com\/es\/genesis-fiestas\/\" \/>\n<meta property=\"og:site_name\" content=\"Casa de Campo Living\" \/>\n<meta property=\"article:publisher\" content=\"https:\/\/www.facebook.com\/casadecampoliving\" \/>\n<meta property=\"article:published_time\" content=\"2016-08-18T04:00:00+00:00\" \/>\n<meta property=\"article:modified_time\" content=\"2022-10-21T22:58:38+00:00\" \/>\n<meta property=\"og:image\" content=\"https:\/\/i0.wp.com\/casadecampoliving.com\/wp-content\/uploads\/2022\/10\/Mana-Featured.jpg?fit=1000%2C600&ssl=1\" \/>\n\t<meta property=\"og:image:width\" content=\"1000\" \/>\n\t<meta property=\"og:image:height\" content=\"600\" \/>\n\t<meta property=\"og:image:type\" content=\"image\/jpeg\" \/>\n<meta name=\"author\" content=\"Marlenys Guzm\u00e1n Casta\u00f1os\" \/>\n<meta name=\"twitter:card\" content=\"summary_large_image\" \/>\n<meta name=\"twitter:creator\" content=\"@cdcliving\" \/>\n<meta name=\"twitter:site\" content=\"@cdcliving\" \/>\n<meta name=\"twitter:label1\" content=\"Escrito por\" \/>\n\t<meta name=\"twitter:data1\" content=\"Marlenys Guzm\u00e1n Casta\u00f1os\" \/>\n\t<meta name=\"twitter:label2\" content=\"Tiempo de lectura\" \/>\n\t<meta name=\"twitter:data2\" content=\"3 minutos\" \/>\n<script type=\"application\/ld+json\" class=\"yoast-schema-graph\">{\"@context\":\"https:\\\/\\\/schema.org\",\"@graph\":[{\"@type\":\"Article\",\"@id\":\"https:\\\/\\\/casadecampoliving.com\\\/es\\\/genesis-fiestas\\\/#article\",\"isPartOf\":{\"@id\":\"https:\\\/\\\/casadecampoliving.com\\\/es\\\/genesis-fiestas\\\/\"},\"author\":{\"name\":\"Marlenys Guzm\u00e1n Casta\u00f1os\",\"@id\":\"https:\\\/\\\/casadecampoliving.com\\\/es\\\/#\\\/schema\\\/person\\\/b6606bd87f9cec8f5903e2141cafda24\"},\"headline\":\"\u00a1No se pierdan el concierto tributo a Man\u00e1 este s\u00e1bado! \u00a1Fiestas en Genesis (18-21 Agosto) aqu\u00ed!\",\"datePublished\":\"2016-08-18T04:00:00+00:00\",\"dateModified\":\"2022-10-21T22:58:38+00:00\",\"mainEntityOfPage\":{\"@id\":\"https:\\\/\\\/casadecampoliving.com\\\/es\\\/genesis-fiestas\\\/\"},\"wordCount\":521,\"publisher\":{\"@id\":\"https:\\\/\\\/casadecampoliving.com\\\/es\\\/#organization\"},\"image\":{\"@id\":\"https:\\\/\\\/casadecampoliving.com\\\/es\\\/genesis-fiestas\\\/#primaryimage\"},\"thumbnailUrl\":\"https:\\\/\\\/i0.wp.com\\\/casadecampoliving.com\\\/wp-content\\\/uploads\\\/2022\\\/10\\\/Mana-Featured.jpg?fit=1000%2C600&ssl=1\",\"keywords\":[\"ARGY @es\",\"Genesis nightclub @es\",\"noche de damas\",\"Sunday Funday @es\",\"Tributo\"],\"articleSection\":[\"Altos de Chavon @es\",\"Conciertos\",\"Estilo de Vida\",\"Eventos\",\"Proximamente\",\"Uncategorized @es\",\"Vida Nocturna\"],\"inLanguage\":\"es\"},{\"@type\":\"WebPage\",\"@id\":\"https:\\\/\\\/casadecampoliving.com\\\/es\\\/genesis-fiestas\\\/\",\"url\":\"https:\\\/\\\/casadecampoliving.com\\\/es\\\/genesis-fiestas\\\/\",\"name\":\"\u00a1No se pierdan el concierto tributo a Man\u00e1 este s\u00e1bado! \u00a1Fiestas en Genesis (18-21 Agosto) aqu\u00ed! | Casa de Campo Living\",\"isPartOf\":{\"@id\":\"https:\\\/\\\/casadecampoliving.com\\\/es\\\/#website\"},\"primaryImageOfPage\":{\"@id\":\"https:\\\/\\\/casadecampoliving.com\\\/es\\\/genesis-fiestas\\\/#primaryimage\"},\"image\":{\"@id\":\"https:\\\/\\\/casadecampoliving.com\\\/es\\\/genesis-fiestas\\\/#primaryimage\"},\"thumbnailUrl\":\"https:\\\/\\\/i0.wp.com\\\/casadecampoliving.com\\\/wp-content\\\/uploads\\\/2022\\\/10\\\/Mana-Featured.jpg?fit=1000%2C600&ssl=1\",\"datePublished\":\"2016-08-18T04:00:00+00:00\",\"dateModified\":\"2022-10-21T22:58:38+00:00\",\"description\":\"\u00a1Los tributos de G\u00e9nesis &nbsp;Nightclub est\u00e1n de vuelta! \u00a1Yey! Luego de&nbsp;una serie muy exitosa incluyendo a Bob Marley, Soda Stereo, The Police y U2,\",\"breadcrumb\":{\"@id\":\"https:\\\/\\\/casadecampoliving.com\\\/es\\\/genesis-fiestas\\\/#breadcrumb\"},\"inLanguage\":\"es\",\"potentialAction\":[{\"@type\":\"ReadAction\",\"target\":[\"https:\\\/\\\/casadecampoliving.com\\\/es\\\/genesis-fiestas\\\/\"]}]},{\"@type\":\"ImageObject\",\"inLanguage\":\"es\",\"@id\":\"https:\\\/\\\/casadecampoliving.com\\\/es\\\/genesis-fiestas\\\/#primaryimage\",\"url\":\"https:\\\/\\\/i0.wp.com\\\/casadecampoliving.com\\\/wp-content\\\/uploads\\\/2022\\\/10\\\/Mana-Featured.jpg?fit=1000%2C600&ssl=1\",\"contentUrl\":\"https:\\\/\\\/i0.wp.com\\\/casadecampoliving.com\\\/wp-content\\\/uploads\\\/2022\\\/10\\\/Mana-Featured.jpg?fit=1000%2C600&ssl=1\",\"width\":1000,\"height\":600},{\"@type\":\"BreadcrumbList\",\"@id\":\"https:\\\/\\\/casadecampoliving.com\\\/es\\\/genesis-fiestas\\\/#breadcrumb\",\"itemListElement\":[{\"@type\":\"ListItem\",\"position\":1,\"name\":\"Home\",\"item\":\"https:\\\/\\\/casadecampoliving.com\\\/es\\\/\"},{\"@type\":\"ListItem\",\"position\":2,\"name\":\"\u00a1No se pierdan el concierto tributo a Man\u00e1 este s\u00e1bado! \u00a1Fiestas en Genesis (18-21 Agosto) aqu\u00ed!\"}]},{\"@type\":\"WebSite\",\"@id\":\"https:\\\/\\\/casadecampoliving.com\\\/es\\\/#website\",\"url\":\"https:\\\/\\\/casadecampoliving.com\\\/es\\\/\",\"name\":\"Casa de Campo Living\",\"description\":\"Resort community news and resources.\",\"publisher\":{\"@id\":\"https:\\\/\\\/casadecampoliving.com\\\/es\\\/#organization\"},\"potentialAction\":[{\"@type\":\"SearchAction\",\"target\":{\"@type\":\"EntryPoint\",\"urlTemplate\":\"https:\\\/\\\/casadecampoliving.com\\\/es\\\/?s={search_term_string}\"},\"query-input\":{\"@type\":\"PropertyValueSpecification\",\"valueRequired\":true,\"valueName\":\"search_term_string\"}}],\"inLanguage\":\"es\"},{\"@type\":\"Organization\",\"@id\":\"https:\\\/\\\/casadecampoliving.com\\\/es\\\/#organization\",\"name\":\"Casa de Campo Living\",\"url\":\"https:\\\/\\\/casadecampoliving.com\\\/es\\\/\",\"logo\":{\"@type\":\"ImageObject\",\"inLanguage\":\"es\",\"@id\":\"https:\\\/\\\/casadecampoliving.com\\\/es\\\/#\\\/schema\\\/logo\\\/image\\\/\",\"url\":\"https:\\\/\\\/i0.wp.com\\\/casadecampoliving.com\\\/wp-content\\\/uploads\\\/2022\\\/07\\\/CDCLivingLogo_V1-white-sized.png?fit=800%2C214&ssl=1\",\"contentUrl\":\"https:\\\/\\\/i0.wp.com\\\/casadecampoliving.com\\\/wp-content\\\/uploads\\\/2022\\\/07\\\/CDCLivingLogo_V1-white-sized.png?fit=800%2C214&ssl=1\",\"width\":800,\"height\":214,\"caption\":\"Casa de Campo Living\"},\"image\":{\"@id\":\"https:\\\/\\\/casadecampoliving.com\\\/es\\\/#\\\/schema\\\/logo\\\/image\\\/\"},\"sameAs\":[\"https:\\\/\\\/www.facebook.com\\\/casadecampoliving\",\"https:\\\/\\\/x.com\\\/cdcliving\"]},{\"@type\":\"Person\",\"@id\":\"https:\\\/\\\/casadecampoliving.com\\\/es\\\/#\\\/schema\\\/person\\\/b6606bd87f9cec8f5903e2141cafda24\",\"name\":\"Marlenys Guzm\u00e1n Casta\u00f1os\",\"image\":{\"@type\":\"ImageObject\",\"inLanguage\":\"es\",\"@id\":\"https:\\\/\\\/secure.gravatar.com\\\/avatar\\\/72f3f86b8e6b3ec744201aeadf11d4a6055e8af194aecd9ad30ffff4437878ee?s=96&d=mm&r=g\",\"url\":\"https:\\\/\\\/secure.gravatar.com\\\/avatar\\\/72f3f86b8e6b3ec744201aeadf11d4a6055e8af194aecd9ad30ffff4437878ee?s=96&d=mm&r=g\",\"contentUrl\":\"https:\\\/\\\/secure.gravatar.com\\\/avatar\\\/72f3f86b8e6b3ec744201aeadf11d4a6055e8af194aecd9ad30ffff4437878ee?s=96&d=mm&r=g\",\"caption\":\"Marlenys Guzm\u00e1n Casta\u00f1os\"},\"url\":\"https:\\\/\\\/casadecampoliving.com\\\/es\\\/author\\\/mguzman\\\/\"}]}<\/script>\n<!-- \/ Yoast SEO plugin. -->","yoast_head_json":{"title":"\u00a1No se pierdan el concierto tributo a Man\u00e1 este s\u00e1bado! \u00a1Fiestas en Genesis (18-21 Agosto) aqu\u00ed! | Casa de Campo Living","description":"\u00a1Los tributos de G\u00e9nesis &nbsp;Nightclub est\u00e1n de vuelta! \u00a1Yey! Luego de&nbsp;una serie muy exitosa incluyendo a Bob Marley, Soda Stereo, The Police y U2,","robots":{"index":"index","follow":"follow","max-snippet":"max-snippet:-1","max-image-preview":"max-image-preview:large","max-video-preview":"max-video-preview:-1"},"canonical":"https:\/\/casadecampoliving.com\/es\/genesis-fiestas\/","og_locale":"es_ES","og_type":"article","og_title":"\u00a1No se pierdan el concierto tributo a Man\u00e1 este s\u00e1bado! \u00a1Fiestas en Genesis (18-21 Agosto) aqu\u00ed! | Casa de Campo Living","og_description":"\u00a1Los tributos de G\u00e9nesis &nbsp;Nightclub est\u00e1n de vuelta! \u00a1Yey! Luego de&nbsp;una serie muy exitosa incluyendo a Bob Marley, Soda Stereo, The Police y U2,","og_url":"https:\/\/casadecampoliving.com\/es\/genesis-fiestas\/","og_site_name":"Casa de Campo Living","article_publisher":"https:\/\/www.facebook.com\/casadecampoliving","article_published_time":"2016-08-18T04:00:00+00:00","article_modified_time":"2022-10-21T22:58:38+00:00","og_image":[{"width":1000,"height":600,"url":"https:\/\/i0.wp.com\/casadecampoliving.com\/wp-content\/uploads\/2022\/10\/Mana-Featured.jpg?fit=1000%2C600&ssl=1","type":"image\/jpeg"}],"author":"Marlenys Guzm\u00e1n Casta\u00f1os","twitter_card":"summary_large_image","twitter_creator":"@cdcliving","twitter_site":"@cdcliving","twitter_misc":{"Escrito por":"Marlenys Guzm\u00e1n Casta\u00f1os","Tiempo de lectura":"3 minutos"},"schema":{"@context":"https:\/\/schema.org","@graph":[{"@type":"Article","@id":"https:\/\/casadecampoliving.com\/es\/genesis-fiestas\/#article","isPartOf":{"@id":"https:\/\/casadecampoliving.com\/es\/genesis-fiestas\/"},"author":{"name":"Marlenys Guzm\u00e1n Casta\u00f1os","@id":"https:\/\/casadecampoliving.com\/es\/#\/schema\/person\/b6606bd87f9cec8f5903e2141cafda24"},"headline":"\u00a1No se pierdan el concierto tributo a Man\u00e1 este s\u00e1bado! \u00a1Fiestas en Genesis (18-21 Agosto) aqu\u00ed!","datePublished":"2016-08-18T04:00:00+00:00","dateModified":"2022-10-21T22:58:38+00:00","mainEntityOfPage":{"@id":"https:\/\/casadecampoliving.com\/es\/genesis-fiestas\/"},"wordCount":521,"publisher":{"@id":"https:\/\/casadecampoliving.com\/es\/#organization"},"image":{"@id":"https:\/\/casadecampoliving.com\/es\/genesis-fiestas\/#primaryimage"},"thumbnailUrl":"https:\/\/i0.wp.com\/casadecampoliving.com\/wp-content\/uploads\/2022\/10\/Mana-Featured.jpg?fit=1000%2C600&ssl=1","keywords":["ARGY @es","Genesis nightclub @es","noche de damas","Sunday Funday @es","Tributo"],"articleSection":["Altos de Chavon @es","Conciertos","Estilo de Vida","Eventos","Proximamente","Uncategorized @es","Vida Nocturna"],"inLanguage":"es"},{"@type":"WebPage","@id":"https:\/\/casadecampoliving.com\/es\/genesis-fiestas\/","url":"https:\/\/casadecampoliving.com\/es\/genesis-fiestas\/","name":"\u00a1No se pierdan el concierto tributo a Man\u00e1 este s\u00e1bado! \u00a1Fiestas en Genesis (18-21 Agosto) aqu\u00ed! | Casa de Campo Living","isPartOf":{"@id":"https:\/\/casadecampoliving.com\/es\/#website"},"primaryImageOfPage":{"@id":"https:\/\/casadecampoliving.com\/es\/genesis-fiestas\/#primaryimage"},"image":{"@id":"https:\/\/casadecampoliving.com\/es\/genesis-fiestas\/#primaryimage"},"thumbnailUrl":"https:\/\/i0.wp.com\/casadecampoliving.com\/wp-content\/uploads\/2022\/10\/Mana-Featured.jpg?fit=1000%2C600&ssl=1","datePublished":"2016-08-18T04:00:00+00:00","dateModified":"2022-10-21T22:58:38+00:00","description":"\u00a1Los tributos de G\u00e9nesis &nbsp;Nightclub est\u00e1n de vuelta! \u00a1Yey! Luego de&nbsp;una serie muy exitosa incluyendo a Bob Marley, Soda Stereo, The Police y U2,","breadcrumb":{"@id":"https:\/\/casadecampoliving.com\/es\/genesis-fiestas\/#breadcrumb"},"inLanguage":"es","potentialAction":[{"@type":"ReadAction","target":["https:\/\/casadecampoliving.com\/es\/genesis-fiestas\/"]}]},{"@type":"ImageObject","inLanguage":"es","@id":"https:\/\/casadecampoliving.com\/es\/genesis-fiestas\/#primaryimage","url":"https:\/\/i0.wp.com\/casadecampoliving.com\/wp-content\/uploads\/2022\/10\/Mana-Featured.jpg?fit=1000%2C600&ssl=1","contentUrl":"https:\/\/i0.wp.com\/casadecampoliving.com\/wp-content\/uploads\/2022\/10\/Mana-Featured.jpg?fit=1000%2C600&ssl=1","width":1000,"height":600},{"@type":"BreadcrumbList","@id":"https:\/\/casadecampoliving.com\/es\/genesis-fiestas\/#breadcrumb","itemListElement":[{"@type":"ListItem","position":1,"name":"Home","item":"https:\/\/casadecampoliving.com\/es\/"},{"@type":"ListItem","position":2,"name":"\u00a1No se pierdan el concierto tributo a Man\u00e1 este s\u00e1bado! \u00a1Fiestas en Genesis (18-21 Agosto) aqu\u00ed!"}]},{"@type":"WebSite","@id":"https:\/\/casadecampoliving.com\/es\/#website","url":"https:\/\/casadecampoliving.com\/es\/","name":"Casa de Campo Living","description":"Resort community news and resources.","publisher":{"@id":"https:\/\/casadecampoliving.com\/es\/#organization"},"potentialAction":[{"@type":"SearchAction","target":{"@type":"EntryPoint","urlTemplate":"https:\/\/casadecampoliving.com\/es\/?s={search_term_string}"},"query-input":{"@type":"PropertyValueSpecification","valueRequired":true,"valueName":"search_term_string"}}],"inLanguage":"es"},{"@type":"Organization","@id":"https:\/\/casadecampoliving.com\/es\/#organization","name":"Casa de Campo Living","url":"https:\/\/casadecampoliving.com\/es\/","logo":{"@type":"ImageObject","inLanguage":"es","@id":"https:\/\/casadecampoliving.com\/es\/#\/schema\/logo\/image\/","url":"https:\/\/i0.wp.com\/casadecampoliving.com\/wp-content\/uploads\/2022\/07\/CDCLivingLogo_V1-white-sized.png?fit=800%2C214&ssl=1","contentUrl":"https:\/\/i0.wp.com\/casadecampoliving.com\/wp-content\/uploads\/2022\/07\/CDCLivingLogo_V1-white-sized.png?fit=800%2C214&ssl=1","width":800,"height":214,"caption":"Casa de Campo Living"},"image":{"@id":"https:\/\/casadecampoliving.com\/es\/#\/schema\/logo\/image\/"},"sameAs":["https:\/\/www.facebook.com\/casadecampoliving","https:\/\/x.com\/cdcliving"]},{"@type":"Person","@id":"https:\/\/casadecampoliving.com\/es\/#\/schema\/person\/b6606bd87f9cec8f5903e2141cafda24","name":"Marlenys Guzm\u00e1n Casta\u00f1os","image":{"@type":"ImageObject","inLanguage":"es","@id":"https:\/\/secure.gravatar.com\/avatar\/72f3f86b8e6b3ec744201aeadf11d4a6055e8af194aecd9ad30ffff4437878ee?s=96&d=mm&r=g","url":"https:\/\/secure.gravatar.com\/avatar\/72f3f86b8e6b3ec744201aeadf11d4a6055e8af194aecd9ad30ffff4437878ee?s=96&d=mm&r=g","contentUrl":"https:\/\/secure.gravatar.com\/avatar\/72f3f86b8e6b3ec744201aeadf11d4a6055e8af194aecd9ad30ffff4437878ee?s=96&d=mm&r=g","caption":"Marlenys Guzm\u00e1n Casta\u00f1os"},"url":"https:\/\/casadecampoliving.com\/es\/author\/mguzman\/"}]}},"parsely":{"version":"1.1.0","canonical_url":"https:\/\/casadecampoliving.com\/es\/genesis-fiestas\/","smart_links":{"inbound":0,"outbound":0},"traffic_boost_suggestions_count":0,"meta":{"@context":"https:\/\/schema.org","@type":"NewsArticle","headline":"\u00a1No se pierdan el concierto tributo a Man\u00e1 este s\u00e1bado! \u00a1Fiestas en Genesis (18-21 Agosto) aqu\u00ed!","url":"http:\/\/casadecampoliving.com\/es\/genesis-fiestas\/","mainEntityOfPage":{"@type":"WebPage","@id":"http:\/\/casadecampoliving.com\/es\/genesis-fiestas\/"},"thumbnailUrl":"https:\/\/i0.wp.com\/casadecampoliving.com\/wp-content\/uploads\/2022\/10\/Mana-Featured.jpg?resize=150%2C150&ssl=1","image":{"@type":"ImageObject","url":"https:\/\/i0.wp.com\/casadecampoliving.com\/wp-content\/uploads\/2022\/10\/Mana-Featured.jpg?fit=1000%2C600&ssl=1"},"articleSection":"Altos de Chavon @es","author":[{"@type":"Person","name":"Marlenys Guzm\u00e1n Casta\u00f1os"}],"creator":["Marlenys Guzm\u00e1n Casta\u00f1os"],"publisher":{"@type":"Organization","name":"Casa de Campo Living","logo":"https:\/\/casadecampoliving.com\/wp-content\/uploads\/2022\/07\/CDCLivingLogo_V1-white-sized.png"},"keywords":["argy @es","genesis nightclub @es","noche de damas","sunday funday @es","tributo"],"dateCreated":"2016-08-18T04:00:00Z","datePublished":"2016-08-18T04:00:00Z","dateModified":"2022-10-21T22:58:38Z"},"rendered":"<script type=\"application\/ld+json\" class=\"wp-parsely-metadata\">{\"@context\":\"https:\\\/\\\/schema.org\",\"@type\":\"NewsArticle\",\"headline\":\"\\u00a1No se pierdan el concierto tributo a Man\\u00e1 este s\\u00e1bado! \\u00a1Fiestas en Genesis (18-21 Agosto) aqu\\u00ed!\",\"url\":\"http:\\\/\\\/casadecampoliving.com\\\/es\\\/genesis-fiestas\\\/\",\"mainEntityOfPage\":{\"@type\":\"WebPage\",\"@id\":\"http:\\\/\\\/casadecampoliving.com\\\/es\\\/genesis-fiestas\\\/\"},\"thumbnailUrl\":\"https:\\\/\\\/i0.wp.com\\\/casadecampoliving.com\\\/wp-content\\\/uploads\\\/2022\\\/10\\\/Mana-Featured.jpg?resize=150%2C150&ssl=1\",\"image\":{\"@type\":\"ImageObject\",\"url\":\"https:\\\/\\\/i0.wp.com\\\/casadecampoliving.com\\\/wp-content\\\/uploads\\\/2022\\\/10\\\/Mana-Featured.jpg?fit=1000%2C600&ssl=1\"},\"articleSection\":\"Altos de Chavon @es\",\"author\":[{\"@type\":\"Person\",\"name\":\"Marlenys Guzm\\u00e1n Casta\\u00f1os\"}],\"creator\":[\"Marlenys Guzm\\u00e1n Casta\\u00f1os\"],\"publisher\":{\"@type\":\"Organization\",\"name\":\"Casa de Campo Living\",\"logo\":\"https:\\\/\\\/casadecampoliving.com\\\/wp-content\\\/uploads\\\/2022\\\/07\\\/CDCLivingLogo_V1-white-sized.png\"},\"keywords\":[\"argy @es\",\"genesis nightclub @es\",\"noche de damas\",\"sunday funday @es\",\"tributo\"],\"dateCreated\":\"2016-08-18T04:00:00Z\",\"datePublished\":\"2016-08-18T04:00:00Z\",\"dateModified\":\"2022-10-21T22:58:38Z\"}<\/script>","tracker_url":"https:\/\/cdn.parsely.com\/keys\/casadecampoliving.com\/p.js"},"jetpack_publicize_connections":[],"jetpack_featured_media_url":"https:\/\/i0.wp.com\/casadecampoliving.com\/wp-content\/uploads\/2022\/10\/Mana-Featured.jpg?fit=1000%2C600&ssl=1","jetpack-related-posts":[{"id":350092,"url":"https:\/\/casadecampoliving.com\/es\/increibles-conciertos-en-vivo-en-genesis-durante-el-mes-de-julio\/","url_meta":{"origin":350394,"position":0},"title":"\u00a1Incre\u00edbles conciertos en vivo en Genesis durante el mes de julio!","author":"Marlenys Guzm\u00e1n Casta\u00f1os","date":"28 Jun, 2016","format":false,"excerpt":"G\u00e9nesis est\u00e1 revolucionando la vida nocturna de Altos de Chav\u00f3n con los mejores conciertos en vivo y tributos nunca antes vistos. \u00a1\u00a1El pr\u00f3ximo mes, tenemos tres eventos que esperamos con inter\u00e9s!! Un homenaje a The Police, un concierto con To\u00f1o Rosario y un tributo a U2. \u00bfHay acaso alguna persona\u2026","rel":"","context":"En \u00abAltos de Chavon @es\u00bb","block_context":{"text":"Altos de Chavon @es","link":"https:\/\/casadecampoliving.com\/category\/altos-de-chavon-es\/"},"img":{"alt_text":"","src":"https:\/\/i0.wp.com\/casadecampoliving.com\/wp-content\/uploads\/2022\/10\/shutterstock_83568538-1.jpg?fit=1000%2C666&ssl=1&resize=350%2C200","width":350,"height":200,"srcset":"https:\/\/i0.wp.com\/casadecampoliving.com\/wp-content\/uploads\/2022\/10\/shutterstock_83568538-1.jpg?fit=1000%2C666&ssl=1&resize=350%2C200 1x, https:\/\/i0.wp.com\/casadecampoliving.com\/wp-content\/uploads\/2022\/10\/shutterstock_83568538-1.jpg?fit=1000%2C666&ssl=1&resize=525%2C300 1.5x, https:\/\/i0.wp.com\/casadecampoliving.com\/wp-content\/uploads\/2022\/10\/shutterstock_83568538-1.jpg?fit=1000%2C666&ssl=1&resize=700%2C400 2x"},"classes":[]},{"id":350020,"url":"https:\/\/casadecampoliving.com\/es\/genesis-tributo-bob-marley\/","url_meta":{"origin":350394,"position":1},"title":"\u00a1G\u00e9nesis lo hace de nuevo! Excelente Tributo a Bob Marley por CanaBeat","author":"Marlenys Guzm\u00e1n Casta\u00f1os","date":"21 Jun, 2016","format":false,"excerpt":"El pasado s\u00e1bado \u00a018 de junio, Altos de Chav\u00f3n estuvo muy activo con eventos por doquier. Luego de disfrutar y re\u00edr a carcajadas durante el show de Carlos S\u00e1nchez en Onno's. Nos dirijimos a nuestro club nocturno favorito, Genesis Nightclub, para disfrutar de un concierto especial tributo a Bob Marley\u2026","rel":"","context":"En \u00abAltos de Chavon @es\u00bb","block_context":{"text":"Altos de Chavon @es","link":"https:\/\/casadecampoliving.com\/category\/altos-de-chavon-es\/"},"img":{"alt_text":"Featured Image Bob Marley Tribute Concer by CanaBeat","src":"https:\/\/i0.wp.com\/casadecampoliving.com\/wp-content\/uploads\/2022\/10\/Featured-Image-Bob-Marley-Tribute-Concer-by-CanaBeat-1.jpg?fit=1000%2C600&ssl=1&resize=350%2C200","width":350,"height":200,"srcset":"https:\/\/i0.wp.com\/casadecampoliving.com\/wp-content\/uploads\/2022\/10\/Featured-Image-Bob-Marley-Tribute-Concer-by-CanaBeat-1.jpg?fit=1000%2C600&ssl=1&resize=350%2C200 1x, https:\/\/i0.wp.com\/casadecampoliving.com\/wp-content\/uploads\/2022\/10\/Featured-Image-Bob-Marley-Tribute-Concer-by-CanaBeat-1.jpg?fit=1000%2C600&ssl=1&resize=525%2C300 1.5x, https:\/\/i0.wp.com\/casadecampoliving.com\/wp-content\/uploads\/2022\/10\/Featured-Image-Bob-Marley-Tribute-Concer-by-CanaBeat-1.jpg?fit=1000%2C600&ssl=1&resize=700%2C400 2x"},"classes":[]},{"id":349864,"url":"https:\/\/casadecampoliving.com\/es\/tributo-soda-stereo-genesis-nightclub-proximamente\/","url_meta":{"origin":350394,"position":2},"title":"\u00a1Tributo en Genesis a legendaria banda de rock latinoamericana Soda Stereo!","author":"Marlenys Guzm\u00e1n Casta\u00f1os","date":"24 May, 2016","format":false,"excerpt":"G\u00e9nesis tendr\u00e1 fiestas incre\u00edbles durante toda esta semana. Justo despu\u00e9s del concierto de Chantal Del Pino en el Caf\u00e9 Marietta, nos dirigimos a G\u00e9nesis gracias a su apertura temprana esta semana con motivo del feriado de Corpus Christi del jueves. Disfrutaremos de artistas como DJ Chris Valencia y DJ Jonas,\u2026","rel":"","context":"En \u00abAltos de Chavon @es\u00bb","block_context":{"text":"Altos de Chavon @es","link":"https:\/\/casadecampoliving.com\/category\/altos-de-chavon-es\/"},"img":{"alt_text":"","src":"https:\/\/i0.wp.com\/casadecampoliving.com\/wp-content\/uploads\/2022\/10\/Featured-Image-Soda-Stereo.jpg?fit=1000%2C600&ssl=1&resize=350%2C200","width":350,"height":200,"srcset":"https:\/\/i0.wp.com\/casadecampoliving.com\/wp-content\/uploads\/2022\/10\/Featured-Image-Soda-Stereo.jpg?fit=1000%2C600&ssl=1&resize=350%2C200 1x, https:\/\/i0.wp.com\/casadecampoliving.com\/wp-content\/uploads\/2022\/10\/Featured-Image-Soda-Stereo.jpg?fit=1000%2C600&ssl=1&resize=525%2C300 1.5x, https:\/\/i0.wp.com\/casadecampoliving.com\/wp-content\/uploads\/2022\/10\/Featured-Image-Soda-Stereo.jpg?fit=1000%2C600&ssl=1&resize=700%2C400 2x"},"classes":[]},{"id":350124,"url":"https:\/\/casadecampoliving.com\/es\/police-concert-genesis\/","url_meta":{"origin":350394,"position":3},"title":"\u00a1Concierto Tributo a The Police en Genesis Nightclub!","author":"Marlenys Guzm\u00e1n Casta\u00f1os","date":"4 Jul, 2016","format":false,"excerpt":"G\u00e9nesis ha estado a casa llena durante los \u00faltimos fines de semana. En primer lugar, con el tributo a Bob Marley por la banda de reggae CanaBeat, seguido de LASH en el afterparty oficial para el concierto de J. Balvin y Zion & Lennox. Este fin de semana, \u00a1G\u00e9nesis trajo\u2026","rel":"","context":"En \u00abAltos de Chavon @es\u00bb","block_context":{"text":"Altos de Chavon @es","link":"https:\/\/casadecampoliving.com\/category\/altos-de-chavon-es\/"},"img":{"alt_text":"Featured Image Genesis Nightclub The Police Concert","src":"https:\/\/i0.wp.com\/casadecampoliving.com\/wp-content\/uploads\/2022\/10\/Featured-Image-Genesis-Nightclub-The-Police-Concert.jpg?fit=1000%2C600&ssl=1&resize=350%2C200","width":350,"height":200,"srcset":"https:\/\/i0.wp.com\/casadecampoliving.com\/wp-content\/uploads\/2022\/10\/Featured-Image-Genesis-Nightclub-The-Police-Concert.jpg?fit=1000%2C600&ssl=1&resize=350%2C200 1x, https:\/\/i0.wp.com\/casadecampoliving.com\/wp-content\/uploads\/2022\/10\/Featured-Image-Genesis-Nightclub-The-Police-Concert.jpg?fit=1000%2C600&ssl=1&resize=525%2C300 1.5x, https:\/\/i0.wp.com\/casadecampoliving.com\/wp-content\/uploads\/2022\/10\/Featured-Image-Genesis-Nightclub-The-Police-Concert.jpg?fit=1000%2C600&ssl=1&resize=700%2C400 2x"},"classes":[]},{"id":433460,"url":"https:\/\/casadecampoliving.com\/es\/no-se-pierdan-el-increible-tributo-a-frank-sinatra-para-celebrar-el-40-aniversario-del-anfiteatro-altos-de-chavon\/","url_meta":{"origin":350394,"position":4},"title":"No se pierdan el incre\u00edble tributo a Frank Sinatra para celebrar el 40 aniversario del\u00a0Anfiteatro Altos de Chav\u00f3n","author":"Casa de Campo Living","date":"20 Oct, 2022","format":false,"excerpt":"Siendo uno de los escenarios m\u00e1s emblem\u00e1ticos del pa\u00eds, Casa de Campo Resort\u00ae & Villas celebra las cuatro d\u00e9cadas de aniversario de Altos de Chav\u00f3n con un tributo al gran Frank Sinatra, protagonizado por artistas invitados y una big band tal cual la que acompa\u00f1\u00f3 al artista hace 40 a\u00f1os\u2026","rel":"","context":"En \u00abUncategorized @es\u00bb","block_context":{"text":"Uncategorized @es","link":"https:\/\/casadecampoliving.com\/es\/category\/uncategorized-es\/"},"img":{"alt_text":"","src":"https:\/\/i0.wp.com\/casadecampoliving.com\/wp-content\/uploads\/2022\/10\/Tributo-Frank-Sinatra-Foto-Principal-Amaury-Sanchez-Danilo-Ginebra-Andres-Pichardo-y-Jose-Gabriel-Perez-.jpg?fit=1200%2C873&ssl=1&resize=350%2C200","width":350,"height":200,"srcset":"https:\/\/i0.wp.com\/casadecampoliving.com\/wp-content\/uploads\/2022\/10\/Tributo-Frank-Sinatra-Foto-Principal-Amaury-Sanchez-Danilo-Ginebra-Andres-Pichardo-y-Jose-Gabriel-Perez-.jpg?fit=1200%2C873&ssl=1&resize=350%2C200 1x, https:\/\/i0.wp.com\/casadecampoliving.com\/wp-content\/uploads\/2022\/10\/Tributo-Frank-Sinatra-Foto-Principal-Amaury-Sanchez-Danilo-Ginebra-Andres-Pichardo-y-Jose-Gabriel-Perez-.jpg?fit=1200%2C873&ssl=1&resize=525%2C300 1.5x, https:\/\/i0.wp.com\/casadecampoliving.com\/wp-content\/uploads\/2022\/10\/Tributo-Frank-Sinatra-Foto-Principal-Amaury-Sanchez-Danilo-Ginebra-Andres-Pichardo-y-Jose-Gabriel-Perez-.jpg?fit=1200%2C873&ssl=1&resize=700%2C400 2x, https:\/\/i0.wp.com\/casadecampoliving.com\/wp-content\/uploads\/2022\/10\/Tributo-Frank-Sinatra-Foto-Principal-Amaury-Sanchez-Danilo-Ginebra-Andres-Pichardo-y-Jose-Gabriel-Perez-.jpg?fit=1200%2C873&ssl=1&resize=1050%2C600 3x"},"classes":[]},{"id":350208,"url":"https:\/\/casadecampoliving.com\/es\/genesis-recordar-los-buenos-tiempos-con-su-tributo-u2\/","url_meta":{"origin":350394,"position":5},"title":"Genesis nos hizo recordar los buenos tiempos con su tributo a U2","author":"Heather Lincoln","date":"18 Jul, 2016","format":false,"excerpt":"El s\u00e1bado pasado fue realmente uno de los mejores\u00a0d\u00edas para estar en Casa de Campo. Despu\u00e9s vez de almorzar\u00a0en playa Minitas en uno de los eventos de\u00a0\"Flavors of the World\" de este fin de semana, los turistas y residentes se se tomaron el resto de la tarde para descansar, y\u2026","rel":"","context":"En \u00abAltos de Chavon @es\u00bb","block_context":{"text":"Altos de Chavon @es","link":"https:\/\/casadecampoliving.com\/category\/altos-de-chavon-es\/"},"img":{"alt_text":"","src":"https:\/\/i0.wp.com\/casadecampoliving.com\/wp-content\/uploads\/2022\/10\/DSC_0729-1.jpg?fit=1000%2C667&ssl=1&resize=350%2C200","width":350,"height":200,"srcset":"https:\/\/i0.wp.com\/casadecampoliving.com\/wp-content\/uploads\/2022\/10\/DSC_0729-1.jpg?fit=1000%2C667&ssl=1&resize=350%2C200 1x, https:\/\/i0.wp.com\/casadecampoliving.com\/wp-content\/uploads\/2022\/10\/DSC_0729-1.jpg?fit=1000%2C667&ssl=1&resize=525%2C300 1.5x, https:\/\/i0.wp.com\/casadecampoliving.com\/wp-content\/uploads\/2022\/10\/DSC_0729-1.jpg?fit=1000%2C667&ssl=1&resize=700%2C400 2x"},"classes":[]}],"jetpack_sharing_enabled":true,"_links":{"self":[{"href":"https:\/\/casadecampoliving.com\/es\/wp-json\/wp\/v2\/posts\/350394","targetHints":{"allow":["GET"]}}],"collection":[{"href":"https:\/\/casadecampoliving.com\/es\/wp-json\/wp\/v2\/posts"}],"about":[{"href":"https:\/\/casadecampoliving.com\/es\/wp-json\/wp\/v2\/types\/post"}],"author":[{"embeddable":true,"href":"https:\/\/casadecampoliving.com\/es\/wp-json\/wp\/v2\/users\/36682"}],"replies":[{"embeddable":true,"href":"https:\/\/casadecampoliving.com\/es\/wp-json\/wp\/v2\/comments?post=350394"}],"version-history":[{"count":1,"href":"https:\/\/casadecampoliving.com\/es\/wp-json\/wp\/v2\/posts\/350394\/revisions"}],"predecessor-version":[{"id":350395,"href":"https:\/\/casadecampoliving.com\/es\/wp-json\/wp\/v2\/posts\/350394\/revisions\/350395"}],"wp:featuredmedia":[{"embeddable":true,"href":"https:\/\/casadecampoliving.com\/es\/wp-json\/wp\/v2\/media\/289386"}],"wp:attachment":[{"href":"https:\/\/casadecampoliving.com\/es\/wp-json\/wp\/v2\/media?parent=350394"}],"wp:term":[{"taxonomy":"category","embeddable":true,"href":"https:\/\/casadecampoliving.com\/es\/wp-json\/wp\/v2\/categories?post=350394"},{"taxonomy":"post_tag","embeddable":true,"href":"https:\/\/casadecampoliving.com\/es\/wp-json\/wp\/v2\/tags?post=350394"},{"taxonomy":"newspack_spnsrs_tax","embeddable":true,"href":"https:\/\/casadecampoliving.com\/es\/wp-json\/wp\/v2\/newspack_spnsrs_tax?post=350394"}],"curies":[{"name":"wp","href":"https:\/\/api.w.org\/{rel}","templated":true}]}}