{"id":350298,"date":"2016-08-01T00:00:00","date_gmt":"2016-08-01T04:00:00","guid":{"rendered":"https:\/\/casadecampoliving.com\/5-maneras-faciles-de-celebrar-el-dia-del-padre-toda-la-semana\/"},"modified":"2022-10-21T19:05:31","modified_gmt":"2022-10-21T23:05:31","slug":"5-maneras-faciles-de-celebrar-el-dia-del-padre-toda-la-semana","status":"publish","type":"post","link":"https:\/\/casadecampoliving.com\/es\/5-maneras-faciles-de-celebrar-el-dia-del-padre-toda-la-semana\/","title":{"rendered":"5 maneras f\u00e1ciles de celebrar el D\u00eda del Padre toda la semana!"},"content":{"rendered":"\n<p>\u00a1Fel\u00edz D\u00eda del Padre a todos los padres maravillosos de Casa de Campo! Este fin de semana gozamos&nbsp;con nuestros padres, esposos, hermanos y amigos que hacen de nuestras vidas unas tan especial. Para la celebraci\u00f3n, bailamos con Son Cubano en Chinois el viernes y en Onno\u2019s el domingo. En adici\u00f3n, nos encant\u00f3 visitar a nuestros amigos en las memorables fiestas de barbacoa y cenas en honor a los padres merecedores del honor. Pero nos preguntamos, porqu\u00e9 parar la celebraci\u00f3n con solo un d\u00eda? Porqu\u00e9 no celebrar toda la semana? Aqu\u00ed les compartimos nuestras mejores&nbsp;(y f\u00e1ciles) recomendaciones para celebrar el D\u00eda del Padre toda la semana.<\/p>\n\n\n\n<!--more-->\n\n\n\n<ol class=\"wp-block-list\"><li style=\"font-weight: 400;\">\n<h2><span style=\"font-weight: 400;\">\u00a1A llevar a Pap\u00e1 al cine!<\/span><\/h2>\n<\/li><\/ol>\n\n\n<div class=\"wp-block-image\">\n<figure class=\"aligncenter is-resized\"><img loading=\"lazy\" decoding=\"async\" src=\"https:\/\/i0.wp.com\/casadecampoliving.com\/wp-content\/uploads\/2022\/10\/Movieboard-july-28-1.jpg?resize=800%2C348&amp;ssl=1\" alt=\"dia del padre\" class=\"wp-image-120917\" height=\"348\" width=\"800\"\/><\/figure>\n<\/div>\n\n\n<p><span style=\"font-weight: 400;\"><\/span><\/p>\n\n\n\n<p><span style=\"font-weight: 400;\">Ha sido un verano de mucho calor y mientras que las barbacoas y fiestas de playa son geni\u00e1l, a todos le gusta una buena pel\u00edcula y palomitas en un cine c\u00f3modo y fresco como lo es el Caribbean Cinemas de la Marina Casa de Campo. <a href=\"https:\/\/casadecampoliving.com\/es\/marina-casa-de-campo-cartelera-28julio-3agosto\/\">Esta semana, considera invitar a Pap\u00e1 al cine a ver una de las pel\u00edculas en cartelera\u2026 (\u00a1a todos le encantar\u00e1 Jason Bourne!).<\/a><\/span><\/p>\n\n\n\n<ol class=\"wp-block-list\" start=\"2\"><li>\n<h2><span style=\"font-weight: 400;\">\u00bfSe te olvid\u00f3 el regalo este fin de semana? \u00a1Mejor tarde que nunca!<\/span><\/h2>\n<\/li><\/ol>\n\n\n<div class=\"wp-block-image\">\n<figure class=\"aligncenter is-resized\"><img loading=\"lazy\" decoding=\"async\" src=\"https:\/\/i0.wp.com\/casadecampoliving.com\/wp-content\/uploads\/2022\/10\/Fathers-Day-1-450x270-1.jpg?resize=450%2C270&amp;ssl=1\" alt=\"Fathers-Day-1-450x270\" class=\"wp-image-120918\" height=\"270\" width=\"450\"\/><\/figure>\n<\/div>\n\n\n<p><span style=\"font-weight: 400;\">A todos le encanta recibir regalos y estamos seguros que a Papa tambi\u00e9n! \u00bfReviso nuestra G<a href=\"https:\/\/casadecampoliving.com\/es\/dia-del-padre-guia-regalos\/\">u\u00eda de Regalos para el Dia del Padre? Es bastante \u00fatil y f\u00e1cil de identificar un excelente regalo. Si ordena hoy a trav\u00e9s de TPack (el mejor courier), los regalos pueden llegar esta semana!<\/a>&nbsp;<\/span><\/p>\n\n\n\n<ol class=\"wp-block-list\" start=\"3\"><li>\n<h2><span style=\"font-weight: 400;\">Cocina algo especial<\/span><\/h2>\n<\/li><\/ol>\n\n\n\n<p><span style=\"font-weight: 400;\">Soy fan\u00e1tica de Tasty\u2026 esos v\u00eddeos cortos que muestran como hacer deliciosas recetas en tan solo segundos. Todos pueden cocinarlas y seguramente tu tambi\u00e9n! Ya no hay excusa para no hacerle una cena deliciosa y especial. Prueba esta f\u00e1cil receta:&nbsp;<\/span><\/p>\n\n\n\n<p><iframe loading=\"lazy\" src=\"https:\/\/www.facebook.com\/plugins\/video.php?href=https%3A%2F%2Fwww.facebook.com%2Fbuzzfeedtasty%2Fvideos%2F1766860353566606%2F&amp;show_text=0&amp;width=400\" width=\"400\" height=\"400\" frameborder=\"0\" scrolling=\"no\" allowfullscreen=\"allowfullscreen\"><\/iframe><\/p>\n\n\n\n<ol class=\"wp-block-list\" start=\"4\"><li>\n<h2><span style=\"font-weight: 400;\">Juega una ronda de golf con el o ll\u00e9valo a Night Golf esta semana!<\/span><\/h2>\n<\/li><\/ol>\n\n\n<div class=\"wp-block-image\">\n<figure class=\"aligncenter is-resized\"><img loading=\"lazy\" decoding=\"async\" src=\"https:\/\/i0.wp.com\/casadecampoliving.com\/wp-content\/uploads\/2022\/10\/Night-Golf-April-8th-e1470083237484.jpg?resize=982%2C367&amp;ssl=1\" alt=\"Night-Golf-April-8th\" class=\"wp-image-120919\" height=\"367\" width=\"982\"\/><\/figure>\n<\/div>\n\n\n<p><span style=\"font-weight: 400;\">Aunque el Dye Fore Marina y Los Links estan cerrados por mantenimiento, hay mucho golf por jugar en Casa de Campo! <a href=\"https:\/\/casadecampoliving.com\/es\/night-golf-esta-noche-en-el-campo-de-practicas-de-teeth-of-dog\/\">Si no te motiva acompa\u00f1ar a papa al campo, que tal ir al Night Golf este viernes? Es como una fiesta de bolera nocturna mezclada con golf y muchas luces LED por todas partes! Con buena m\u00fasica, BBQ y barra, estamos seguros que a tu papa le encantara!&nbsp;<\/a><\/span><\/p>\n\n\n\n<ol class=\"wp-block-list\" start=\"5\"><li>\n<h2><span style=\"font-weight: 400;\">Taquillas de concierto<\/span><\/h2>\n<\/li><\/ol>\n\n\n<div class=\"wp-block-image\">\n<figure class=\"aligncenter is-resized\"><a href=\"https:\/\/casadecampoliving.com\/summer-concerts-casa-continue-carlos-vives-september\/\"><img loading=\"lazy\" decoding=\"async\" src=\"https:\/\/i0.wp.com\/casadecampoliving.com\/wp-content\/uploads\/2022\/10\/Carlos-Vives-1-1024x683-2.jpg?resize=620%2C414&amp;ssl=1\" alt=\"Carlos-Vives-1\" class=\"wp-image-120920\" height=\"414\" width=\"620\"\/><\/a><\/figure>\n<\/div>\n\n\n<p><a href=\"https:\/\/casadecampoliving.com\/summer-concerts-casa-continue-carlos-vives-september\/\">\n<\/a><\/p>\n\n\n\n<p><a href=\"https:\/\/casadecampoliving.com\/summer-concerts-casa-continue-carlos-vives-september\/\"><span style=\"font-weight: 400;\"><\/span><\/a><a href=\"https:\/\/casadecampoliving.com\/es\/los-conciertos-en-casa-continuan-con-carlos-vives-en-septiembre\/\">Ya compraste las boletas del concierto de Carlos Vives? Las taquillas est\u00e1n a la venta desde el d\u00eda de hoy!<\/a> Que tal las boletas para una de las incre\u00edbles fiestas de Genesis que se aproximan? A papa seguramente le encantara la buena m\u00fasica o sea que sorprendelo esta semana!&nbsp;<\/p>\n\n\n\n<p>Aunque el D\u00eda de las Madres y de los Padres debe celebrarse todos los d\u00edas, en esta semana muestrale a los padres de tu familia cuanto los quieres y aprecias. Con estas sugerencias es muy f\u00e1cil.<\/p>\n\n\n\n<p>Feliz D\u00eda de los Padres a todos los papas muy cool que leen <span style=\"font-weight: 400;\">Casa de Campo Living!<\/span><\/p>\n","protected":false},"excerpt":{"rendered":"<p>\u00a1Fel\u00edz D\u00eda del Padre a todos los padres maravillosos de Casa de Campo! Este fin de semana gozamos&nbsp;con nuestros padres, esposos, hermanos y amigos que hacen de nuestras vidas unas tan especial. Para la celebraci\u00f3n, bailamos con Son Cubano en Chinois el viernes y en Onno\u2019s el domingo. En adici\u00f3n, nos encant\u00f3 visitar a nuestros [&hellip;]<\/p>\n","protected":false},"author":36672,"featured_media":285449,"comment_status":"closed","ping_status":"closed","sticky":false,"template":"","format":"standard","meta":{"newspack_ads_suppress_ads":false,"newspack_popups_has_disabled_popups":false,"newspack_sponsor_sponsorship_scope":"","newspack_sponsor_native_byline_display":"inherit","newspack_sponsor_native_category_display":"inherit","newspack_sponsor_underwriter_style":"inherit","newspack_sponsor_underwriter_placement":"inherit","_newspack_byline_active":false,"_newspack_byline":"","newspack_hide_updated_date":false,"newspack_show_updated_date":false,"newspack_content_restriction_is_exempt":false,"newspack_featured_image_position":"","newspack_post_subtitle":"","newspack_article_summary_title":"Overview:","newspack_article_summary":"","_jetpack_memberships_contains_paid_content":false,"footnotes":"","jetpack_publicize_message":"","jetpack_publicize_feature_enabled":true,"jetpack_social_post_already_shared":false,"jetpack_social_options":{"image_generator_settings":{"template":"highway","default_image_id":0,"font":"","enabled":false},"version":2},"_wpas_customize_per_network":false},"categories":[26819,26823,26936,2518,2524,14631,2520,2501],"tags":[18155,7165,18630,14736,13739,18632],"newspack_spnsrs_tax":[],"class_list":["post-350298","post","type-post","status-publish","format-standard","has-post-thumbnail","hentry","category-altos-de-chavon-es","category-arte-y-cultura","category-casa-de-campo-living-es","category-conciertos-es","category-destacados","category-estilo-de-vida","category-restaurantes-es","category-vida-nocturna-es","tag-carlos-vives","tag-dia-del-padre","tag-fathers-day-es","tag-featured-topview-es","tag-night-golf","tag-tpack-es-2","entry"],"yoast_head":"<!-- This site is optimized with the Yoast SEO plugin v27.5 - https:\/\/yoast.com\/product\/yoast-seo-wordpress\/ -->\n<title>5 maneras f\u00e1ciles de celebrar el D\u00eda del Padre toda la semana! | Casa de Campo Living<\/title>\n<meta name=\"description\" content=\"\u00a1Fel\u00edz D\u00eda del Padre a todos los padres maravillosos de Casa de Campo! Este fin de semana gozamos&nbsp;con nuestros padres, esposos, hermanos y amigos que\" \/>\n<meta name=\"robots\" content=\"index, follow, max-snippet:-1, max-image-preview:large, max-video-preview:-1\" \/>\n<link rel=\"canonical\" href=\"https:\/\/casadecampoliving.com\/es\/5-maneras-faciles-de-celebrar-el-dia-del-padre-toda-la-semana\/\" \/>\n<meta property=\"og:locale\" content=\"es_ES\" \/>\n<meta property=\"og:type\" content=\"article\" \/>\n<meta property=\"og:title\" content=\"5 maneras f\u00e1ciles de celebrar el D\u00eda del Padre toda la semana! | Casa de Campo Living\" \/>\n<meta property=\"og:description\" content=\"\u00a1Fel\u00edz D\u00eda del Padre a todos los padres maravillosos de Casa de Campo! Este fin de semana gozamos&nbsp;con nuestros padres, esposos, hermanos y amigos que\" \/>\n<meta property=\"og:url\" content=\"https:\/\/casadecampoliving.com\/es\/5-maneras-faciles-de-celebrar-el-dia-del-padre-toda-la-semana\/\" \/>\n<meta property=\"og:site_name\" content=\"Casa de Campo Living\" \/>\n<meta property=\"article:publisher\" content=\"https:\/\/www.facebook.com\/casadecampoliving\" \/>\n<meta property=\"article:published_time\" content=\"2016-08-01T04:00:00+00:00\" \/>\n<meta property=\"article:modified_time\" content=\"2022-10-21T23:05:31+00:00\" \/>\n<meta property=\"og:image\" content=\"https:\/\/i0.wp.com\/casadecampoliving.com\/wp-content\/uploads\/2022\/10\/shutterstock_373736368-1.jpg?fit=1000%2C600&ssl=1\" \/>\n\t<meta property=\"og:image:width\" content=\"1000\" \/>\n\t<meta property=\"og:image:height\" content=\"600\" \/>\n\t<meta property=\"og:image:type\" content=\"image\/jpeg\" \/>\n<meta name=\"author\" content=\"Carla Campos\" \/>\n<meta name=\"twitter:card\" content=\"summary_large_image\" \/>\n<meta name=\"twitter:creator\" content=\"@cdcliving\" \/>\n<meta name=\"twitter:site\" content=\"@cdcliving\" \/>\n<meta name=\"twitter:label1\" content=\"Escrito por\" \/>\n\t<meta name=\"twitter:data1\" content=\"Carla Campos\" \/>\n\t<meta name=\"twitter:label2\" content=\"Tiempo de lectura\" \/>\n\t<meta name=\"twitter:data2\" content=\"3 minutos\" \/>\n<script type=\"application\/ld+json\" class=\"yoast-schema-graph\">{\"@context\":\"https:\\\/\\\/schema.org\",\"@graph\":[{\"@type\":\"Article\",\"@id\":\"https:\\\/\\\/casadecampoliving.com\\\/es\\\/5-maneras-faciles-de-celebrar-el-dia-del-padre-toda-la-semana\\\/#article\",\"isPartOf\":{\"@id\":\"https:\\\/\\\/casadecampoliving.com\\\/es\\\/5-maneras-faciles-de-celebrar-el-dia-del-padre-toda-la-semana\\\/\"},\"author\":{\"name\":\"Carla Campos\",\"@id\":\"https:\\\/\\\/casadecampoliving.com\\\/es\\\/#\\\/schema\\\/person\\\/31e9c79dd1ae5946a5bc1d006945aad1\"},\"headline\":\"5 maneras f\u00e1ciles de celebrar el D\u00eda del Padre toda la semana!\",\"datePublished\":\"2016-08-01T04:00:00+00:00\",\"dateModified\":\"2022-10-21T23:05:31+00:00\",\"mainEntityOfPage\":{\"@id\":\"https:\\\/\\\/casadecampoliving.com\\\/es\\\/5-maneras-faciles-de-celebrar-el-dia-del-padre-toda-la-semana\\\/\"},\"wordCount\":524,\"publisher\":{\"@id\":\"https:\\\/\\\/casadecampoliving.com\\\/es\\\/#organization\"},\"image\":{\"@id\":\"https:\\\/\\\/casadecampoliving.com\\\/es\\\/5-maneras-faciles-de-celebrar-el-dia-del-padre-toda-la-semana\\\/#primaryimage\"},\"thumbnailUrl\":\"https:\\\/\\\/i0.wp.com\\\/casadecampoliving.com\\\/wp-content\\\/uploads\\\/2022\\\/10\\\/shutterstock_373736368-1.jpg?fit=1000%2C600&ssl=1\",\"keywords\":[\"Carlos Vives\",\"Dia del Padre\",\"father&#8217;s day\",\"Featured-TopView @es\",\"Night Golf\",\"Tpack\"],\"articleSection\":[\"Altos de Chavon @es\",\"Arte y cultura\",\"Casa de Campo Living @es\",\"Conciertos\",\"Destacados\",\"Estilo de Vida\",\"Restaurantes\",\"Vida Nocturna\"],\"inLanguage\":\"es\"},{\"@type\":\"WebPage\",\"@id\":\"https:\\\/\\\/casadecampoliving.com\\\/es\\\/5-maneras-faciles-de-celebrar-el-dia-del-padre-toda-la-semana\\\/\",\"url\":\"https:\\\/\\\/casadecampoliving.com\\\/es\\\/5-maneras-faciles-de-celebrar-el-dia-del-padre-toda-la-semana\\\/\",\"name\":\"5 maneras f\u00e1ciles de celebrar el D\u00eda del Padre toda la semana! | Casa de Campo Living\",\"isPartOf\":{\"@id\":\"https:\\\/\\\/casadecampoliving.com\\\/es\\\/#website\"},\"primaryImageOfPage\":{\"@id\":\"https:\\\/\\\/casadecampoliving.com\\\/es\\\/5-maneras-faciles-de-celebrar-el-dia-del-padre-toda-la-semana\\\/#primaryimage\"},\"image\":{\"@id\":\"https:\\\/\\\/casadecampoliving.com\\\/es\\\/5-maneras-faciles-de-celebrar-el-dia-del-padre-toda-la-semana\\\/#primaryimage\"},\"thumbnailUrl\":\"https:\\\/\\\/i0.wp.com\\\/casadecampoliving.com\\\/wp-content\\\/uploads\\\/2022\\\/10\\\/shutterstock_373736368-1.jpg?fit=1000%2C600&ssl=1\",\"datePublished\":\"2016-08-01T04:00:00+00:00\",\"dateModified\":\"2022-10-21T23:05:31+00:00\",\"description\":\"\u00a1Fel\u00edz D\u00eda del Padre a todos los padres maravillosos de Casa de Campo! Este fin de semana gozamos&nbsp;con nuestros padres, esposos, hermanos y amigos que\",\"breadcrumb\":{\"@id\":\"https:\\\/\\\/casadecampoliving.com\\\/es\\\/5-maneras-faciles-de-celebrar-el-dia-del-padre-toda-la-semana\\\/#breadcrumb\"},\"inLanguage\":\"es\",\"potentialAction\":[{\"@type\":\"ReadAction\",\"target\":[\"https:\\\/\\\/casadecampoliving.com\\\/es\\\/5-maneras-faciles-de-celebrar-el-dia-del-padre-toda-la-semana\\\/\"]}]},{\"@type\":\"ImageObject\",\"inLanguage\":\"es\",\"@id\":\"https:\\\/\\\/casadecampoliving.com\\\/es\\\/5-maneras-faciles-de-celebrar-el-dia-del-padre-toda-la-semana\\\/#primaryimage\",\"url\":\"https:\\\/\\\/i0.wp.com\\\/casadecampoliving.com\\\/wp-content\\\/uploads\\\/2022\\\/10\\\/shutterstock_373736368-1.jpg?fit=1000%2C600&ssl=1\",\"contentUrl\":\"https:\\\/\\\/i0.wp.com\\\/casadecampoliving.com\\\/wp-content\\\/uploads\\\/2022\\\/10\\\/shutterstock_373736368-1.jpg?fit=1000%2C600&ssl=1\",\"width\":1000,\"height\":600},{\"@type\":\"BreadcrumbList\",\"@id\":\"https:\\\/\\\/casadecampoliving.com\\\/es\\\/5-maneras-faciles-de-celebrar-el-dia-del-padre-toda-la-semana\\\/#breadcrumb\",\"itemListElement\":[{\"@type\":\"ListItem\",\"position\":1,\"name\":\"Home\",\"item\":\"https:\\\/\\\/casadecampoliving.com\\\/es\\\/\"},{\"@type\":\"ListItem\",\"position\":2,\"name\":\"5 maneras f\u00e1ciles de celebrar el D\u00eda del Padre toda la semana!\"}]},{\"@type\":\"WebSite\",\"@id\":\"https:\\\/\\\/casadecampoliving.com\\\/es\\\/#website\",\"url\":\"https:\\\/\\\/casadecampoliving.com\\\/es\\\/\",\"name\":\"Casa de Campo Living\",\"description\":\"Resort community news and resources.\",\"publisher\":{\"@id\":\"https:\\\/\\\/casadecampoliving.com\\\/es\\\/#organization\"},\"potentialAction\":[{\"@type\":\"SearchAction\",\"target\":{\"@type\":\"EntryPoint\",\"urlTemplate\":\"https:\\\/\\\/casadecampoliving.com\\\/es\\\/?s={search_term_string}\"},\"query-input\":{\"@type\":\"PropertyValueSpecification\",\"valueRequired\":true,\"valueName\":\"search_term_string\"}}],\"inLanguage\":\"es\"},{\"@type\":\"Organization\",\"@id\":\"https:\\\/\\\/casadecampoliving.com\\\/es\\\/#organization\",\"name\":\"Casa de Campo Living\",\"url\":\"https:\\\/\\\/casadecampoliving.com\\\/es\\\/\",\"logo\":{\"@type\":\"ImageObject\",\"inLanguage\":\"es\",\"@id\":\"https:\\\/\\\/casadecampoliving.com\\\/es\\\/#\\\/schema\\\/logo\\\/image\\\/\",\"url\":\"https:\\\/\\\/i0.wp.com\\\/casadecampoliving.com\\\/wp-content\\\/uploads\\\/2022\\\/07\\\/CDCLivingLogo_V1-white-sized.png?fit=800%2C214&ssl=1\",\"contentUrl\":\"https:\\\/\\\/i0.wp.com\\\/casadecampoliving.com\\\/wp-content\\\/uploads\\\/2022\\\/07\\\/CDCLivingLogo_V1-white-sized.png?fit=800%2C214&ssl=1\",\"width\":800,\"height\":214,\"caption\":\"Casa de Campo Living\"},\"image\":{\"@id\":\"https:\\\/\\\/casadecampoliving.com\\\/es\\\/#\\\/schema\\\/logo\\\/image\\\/\"},\"sameAs\":[\"https:\\\/\\\/www.facebook.com\\\/casadecampoliving\",\"https:\\\/\\\/x.com\\\/cdcliving\"]},{\"@type\":\"Person\",\"@id\":\"https:\\\/\\\/casadecampoliving.com\\\/es\\\/#\\\/schema\\\/person\\\/31e9c79dd1ae5946a5bc1d006945aad1\",\"name\":\"Carla Campos\",\"image\":{\"@type\":\"ImageObject\",\"inLanguage\":\"es\",\"@id\":\"https:\\\/\\\/secure.gravatar.com\\\/avatar\\\/73cf86e3450dfb9b46e1fdb84b1d556861d8ff8c40e6925be3e987154c3b5772?s=96&d=mm&r=g\",\"url\":\"https:\\\/\\\/secure.gravatar.com\\\/avatar\\\/73cf86e3450dfb9b46e1fdb84b1d556861d8ff8c40e6925be3e987154c3b5772?s=96&d=mm&r=g\",\"contentUrl\":\"https:\\\/\\\/secure.gravatar.com\\\/avatar\\\/73cf86e3450dfb9b46e1fdb84b1d556861d8ff8c40e6925be3e987154c3b5772?s=96&d=mm&r=g\",\"caption\":\"Carla Campos\"},\"url\":\"https:\\\/\\\/casadecampoliving.com\\\/es\\\/author\\\/ccampos\\\/\"}]}<\/script>\n<!-- \/ Yoast SEO plugin. -->","yoast_head_json":{"title":"5 maneras f\u00e1ciles de celebrar el D\u00eda del Padre toda la semana! | Casa de Campo Living","description":"\u00a1Fel\u00edz D\u00eda del Padre a todos los padres maravillosos de Casa de Campo! Este fin de semana gozamos&nbsp;con nuestros padres, esposos, hermanos y amigos que","robots":{"index":"index","follow":"follow","max-snippet":"max-snippet:-1","max-image-preview":"max-image-preview:large","max-video-preview":"max-video-preview:-1"},"canonical":"https:\/\/casadecampoliving.com\/es\/5-maneras-faciles-de-celebrar-el-dia-del-padre-toda-la-semana\/","og_locale":"es_ES","og_type":"article","og_title":"5 maneras f\u00e1ciles de celebrar el D\u00eda del Padre toda la semana! | Casa de Campo Living","og_description":"\u00a1Fel\u00edz D\u00eda del Padre a todos los padres maravillosos de Casa de Campo! Este fin de semana gozamos&nbsp;con nuestros padres, esposos, hermanos y amigos que","og_url":"https:\/\/casadecampoliving.com\/es\/5-maneras-faciles-de-celebrar-el-dia-del-padre-toda-la-semana\/","og_site_name":"Casa de Campo Living","article_publisher":"https:\/\/www.facebook.com\/casadecampoliving","article_published_time":"2016-08-01T04:00:00+00:00","article_modified_time":"2022-10-21T23:05:31+00:00","og_image":[{"width":1000,"height":600,"url":"https:\/\/i0.wp.com\/casadecampoliving.com\/wp-content\/uploads\/2022\/10\/shutterstock_373736368-1.jpg?fit=1000%2C600&ssl=1","type":"image\/jpeg"}],"author":"Carla Campos","twitter_card":"summary_large_image","twitter_creator":"@cdcliving","twitter_site":"@cdcliving","twitter_misc":{"Escrito por":"Carla Campos","Tiempo de lectura":"3 minutos"},"schema":{"@context":"https:\/\/schema.org","@graph":[{"@type":"Article","@id":"https:\/\/casadecampoliving.com\/es\/5-maneras-faciles-de-celebrar-el-dia-del-padre-toda-la-semana\/#article","isPartOf":{"@id":"https:\/\/casadecampoliving.com\/es\/5-maneras-faciles-de-celebrar-el-dia-del-padre-toda-la-semana\/"},"author":{"name":"Carla Campos","@id":"https:\/\/casadecampoliving.com\/es\/#\/schema\/person\/31e9c79dd1ae5946a5bc1d006945aad1"},"headline":"5 maneras f\u00e1ciles de celebrar el D\u00eda del Padre toda la semana!","datePublished":"2016-08-01T04:00:00+00:00","dateModified":"2022-10-21T23:05:31+00:00","mainEntityOfPage":{"@id":"https:\/\/casadecampoliving.com\/es\/5-maneras-faciles-de-celebrar-el-dia-del-padre-toda-la-semana\/"},"wordCount":524,"publisher":{"@id":"https:\/\/casadecampoliving.com\/es\/#organization"},"image":{"@id":"https:\/\/casadecampoliving.com\/es\/5-maneras-faciles-de-celebrar-el-dia-del-padre-toda-la-semana\/#primaryimage"},"thumbnailUrl":"https:\/\/i0.wp.com\/casadecampoliving.com\/wp-content\/uploads\/2022\/10\/shutterstock_373736368-1.jpg?fit=1000%2C600&ssl=1","keywords":["Carlos Vives","Dia del Padre","father&#8217;s day","Featured-TopView @es","Night Golf","Tpack"],"articleSection":["Altos de Chavon @es","Arte y cultura","Casa de Campo Living @es","Conciertos","Destacados","Estilo de Vida","Restaurantes","Vida Nocturna"],"inLanguage":"es"},{"@type":"WebPage","@id":"https:\/\/casadecampoliving.com\/es\/5-maneras-faciles-de-celebrar-el-dia-del-padre-toda-la-semana\/","url":"https:\/\/casadecampoliving.com\/es\/5-maneras-faciles-de-celebrar-el-dia-del-padre-toda-la-semana\/","name":"5 maneras f\u00e1ciles de celebrar el D\u00eda del Padre toda la semana! | Casa de Campo Living","isPartOf":{"@id":"https:\/\/casadecampoliving.com\/es\/#website"},"primaryImageOfPage":{"@id":"https:\/\/casadecampoliving.com\/es\/5-maneras-faciles-de-celebrar-el-dia-del-padre-toda-la-semana\/#primaryimage"},"image":{"@id":"https:\/\/casadecampoliving.com\/es\/5-maneras-faciles-de-celebrar-el-dia-del-padre-toda-la-semana\/#primaryimage"},"thumbnailUrl":"https:\/\/i0.wp.com\/casadecampoliving.com\/wp-content\/uploads\/2022\/10\/shutterstock_373736368-1.jpg?fit=1000%2C600&ssl=1","datePublished":"2016-08-01T04:00:00+00:00","dateModified":"2022-10-21T23:05:31+00:00","description":"\u00a1Fel\u00edz D\u00eda del Padre a todos los padres maravillosos de Casa de Campo! Este fin de semana gozamos&nbsp;con nuestros padres, esposos, hermanos y amigos que","breadcrumb":{"@id":"https:\/\/casadecampoliving.com\/es\/5-maneras-faciles-de-celebrar-el-dia-del-padre-toda-la-semana\/#breadcrumb"},"inLanguage":"es","potentialAction":[{"@type":"ReadAction","target":["https:\/\/casadecampoliving.com\/es\/5-maneras-faciles-de-celebrar-el-dia-del-padre-toda-la-semana\/"]}]},{"@type":"ImageObject","inLanguage":"es","@id":"https:\/\/casadecampoliving.com\/es\/5-maneras-faciles-de-celebrar-el-dia-del-padre-toda-la-semana\/#primaryimage","url":"https:\/\/i0.wp.com\/casadecampoliving.com\/wp-content\/uploads\/2022\/10\/shutterstock_373736368-1.jpg?fit=1000%2C600&ssl=1","contentUrl":"https:\/\/i0.wp.com\/casadecampoliving.com\/wp-content\/uploads\/2022\/10\/shutterstock_373736368-1.jpg?fit=1000%2C600&ssl=1","width":1000,"height":600},{"@type":"BreadcrumbList","@id":"https:\/\/casadecampoliving.com\/es\/5-maneras-faciles-de-celebrar-el-dia-del-padre-toda-la-semana\/#breadcrumb","itemListElement":[{"@type":"ListItem","position":1,"name":"Home","item":"https:\/\/casadecampoliving.com\/es\/"},{"@type":"ListItem","position":2,"name":"5 maneras f\u00e1ciles de celebrar el D\u00eda del Padre toda la semana!"}]},{"@type":"WebSite","@id":"https:\/\/casadecampoliving.com\/es\/#website","url":"https:\/\/casadecampoliving.com\/es\/","name":"Casa de Campo Living","description":"Resort community news and resources.","publisher":{"@id":"https:\/\/casadecampoliving.com\/es\/#organization"},"potentialAction":[{"@type":"SearchAction","target":{"@type":"EntryPoint","urlTemplate":"https:\/\/casadecampoliving.com\/es\/?s={search_term_string}"},"query-input":{"@type":"PropertyValueSpecification","valueRequired":true,"valueName":"search_term_string"}}],"inLanguage":"es"},{"@type":"Organization","@id":"https:\/\/casadecampoliving.com\/es\/#organization","name":"Casa de Campo Living","url":"https:\/\/casadecampoliving.com\/es\/","logo":{"@type":"ImageObject","inLanguage":"es","@id":"https:\/\/casadecampoliving.com\/es\/#\/schema\/logo\/image\/","url":"https:\/\/i0.wp.com\/casadecampoliving.com\/wp-content\/uploads\/2022\/07\/CDCLivingLogo_V1-white-sized.png?fit=800%2C214&ssl=1","contentUrl":"https:\/\/i0.wp.com\/casadecampoliving.com\/wp-content\/uploads\/2022\/07\/CDCLivingLogo_V1-white-sized.png?fit=800%2C214&ssl=1","width":800,"height":214,"caption":"Casa de Campo Living"},"image":{"@id":"https:\/\/casadecampoliving.com\/es\/#\/schema\/logo\/image\/"},"sameAs":["https:\/\/www.facebook.com\/casadecampoliving","https:\/\/x.com\/cdcliving"]},{"@type":"Person","@id":"https:\/\/casadecampoliving.com\/es\/#\/schema\/person\/31e9c79dd1ae5946a5bc1d006945aad1","name":"Carla Campos","image":{"@type":"ImageObject","inLanguage":"es","@id":"https:\/\/secure.gravatar.com\/avatar\/73cf86e3450dfb9b46e1fdb84b1d556861d8ff8c40e6925be3e987154c3b5772?s=96&d=mm&r=g","url":"https:\/\/secure.gravatar.com\/avatar\/73cf86e3450dfb9b46e1fdb84b1d556861d8ff8c40e6925be3e987154c3b5772?s=96&d=mm&r=g","contentUrl":"https:\/\/secure.gravatar.com\/avatar\/73cf86e3450dfb9b46e1fdb84b1d556861d8ff8c40e6925be3e987154c3b5772?s=96&d=mm&r=g","caption":"Carla Campos"},"url":"https:\/\/casadecampoliving.com\/es\/author\/ccampos\/"}]}},"parsely":{"version":"1.1.0","canonical_url":"https:\/\/casadecampoliving.com\/es\/5-maneras-faciles-de-celebrar-el-dia-del-padre-toda-la-semana\/","smart_links":{"inbound":0,"outbound":0},"traffic_boost_suggestions_count":0,"meta":{"@context":"https:\/\/schema.org","@type":"NewsArticle","headline":"5 maneras f\u00e1ciles de celebrar el D\u00eda del Padre toda la semana!","url":"http:\/\/casadecampoliving.com\/es\/5-maneras-faciles-de-celebrar-el-dia-del-padre-toda-la-semana\/","mainEntityOfPage":{"@type":"WebPage","@id":"http:\/\/casadecampoliving.com\/es\/5-maneras-faciles-de-celebrar-el-dia-del-padre-toda-la-semana\/"},"thumbnailUrl":"https:\/\/i0.wp.com\/casadecampoliving.com\/wp-content\/uploads\/2022\/10\/shutterstock_373736368-1.jpg?resize=150%2C150&ssl=1","image":{"@type":"ImageObject","url":"https:\/\/i0.wp.com\/casadecampoliving.com\/wp-content\/uploads\/2022\/10\/shutterstock_373736368-1.jpg?fit=1000%2C600&ssl=1"},"articleSection":"Altos de Chavon @es","author":[{"@type":"Person","name":"Carla Campos"}],"creator":["Carla Campos"],"publisher":{"@type":"Organization","name":"Casa de Campo Living","logo":"https:\/\/casadecampoliving.com\/wp-content\/uploads\/2022\/07\/CDCLivingLogo_V1-white-sized.png"},"keywords":["carlos vives","dia del padre","father&#8217;s day","featured-topview @es","night golf","tpack"],"dateCreated":"2016-08-01T04:00:00Z","datePublished":"2016-08-01T04:00:00Z","dateModified":"2022-10-21T23:05:31Z"},"rendered":"<script type=\"application\/ld+json\" class=\"wp-parsely-metadata\">{\"@context\":\"https:\\\/\\\/schema.org\",\"@type\":\"NewsArticle\",\"headline\":\"5 maneras f\\u00e1ciles de celebrar el D\\u00eda del Padre toda la semana!\",\"url\":\"http:\\\/\\\/casadecampoliving.com\\\/es\\\/5-maneras-faciles-de-celebrar-el-dia-del-padre-toda-la-semana\\\/\",\"mainEntityOfPage\":{\"@type\":\"WebPage\",\"@id\":\"http:\\\/\\\/casadecampoliving.com\\\/es\\\/5-maneras-faciles-de-celebrar-el-dia-del-padre-toda-la-semana\\\/\"},\"thumbnailUrl\":\"https:\\\/\\\/i0.wp.com\\\/casadecampoliving.com\\\/wp-content\\\/uploads\\\/2022\\\/10\\\/shutterstock_373736368-1.jpg?resize=150%2C150&ssl=1\",\"image\":{\"@type\":\"ImageObject\",\"url\":\"https:\\\/\\\/i0.wp.com\\\/casadecampoliving.com\\\/wp-content\\\/uploads\\\/2022\\\/10\\\/shutterstock_373736368-1.jpg?fit=1000%2C600&ssl=1\"},\"articleSection\":\"Altos de Chavon @es\",\"author\":[{\"@type\":\"Person\",\"name\":\"Carla Campos\"}],\"creator\":[\"Carla Campos\"],\"publisher\":{\"@type\":\"Organization\",\"name\":\"Casa de Campo Living\",\"logo\":\"https:\\\/\\\/casadecampoliving.com\\\/wp-content\\\/uploads\\\/2022\\\/07\\\/CDCLivingLogo_V1-white-sized.png\"},\"keywords\":[\"carlos vives\",\"dia del padre\",\"father&#8217;s day\",\"featured-topview @es\",\"night golf\",\"tpack\"],\"dateCreated\":\"2016-08-01T04:00:00Z\",\"datePublished\":\"2016-08-01T04:00:00Z\",\"dateModified\":\"2022-10-21T23:05:31Z\"}<\/script>","tracker_url":"https:\/\/cdn.parsely.com\/keys\/casadecampoliving.com\/p.js"},"jetpack_publicize_connections":[],"jetpack_featured_media_url":"https:\/\/i0.wp.com\/casadecampoliving.com\/wp-content\/uploads\/2022\/10\/shutterstock_373736368-1.jpg?fit=1000%2C600&ssl=1","jetpack-related-posts":[{"id":433460,"url":"https:\/\/casadecampoliving.com\/es\/no-se-pierdan-el-increible-tributo-a-frank-sinatra-para-celebrar-el-40-aniversario-del-anfiteatro-altos-de-chavon\/","url_meta":{"origin":350298,"position":0},"title":"No se pierdan el incre\u00edble tributo a Frank Sinatra para celebrar el 40 aniversario del\u00a0Anfiteatro Altos de Chav\u00f3n","author":"Casa de Campo Living","date":"20 Oct, 2022","format":false,"excerpt":"Siendo uno de los escenarios m\u00e1s emblem\u00e1ticos del pa\u00eds, Casa de Campo Resort\u00ae & Villas celebra las cuatro d\u00e9cadas de aniversario de Altos de Chav\u00f3n con un tributo al gran Frank Sinatra, protagonizado por artistas invitados y una big band tal cual la que acompa\u00f1\u00f3 al artista hace 40 a\u00f1os\u2026","rel":"","context":"En \u00abUncategorized @es\u00bb","block_context":{"text":"Uncategorized @es","link":"https:\/\/casadecampoliving.com\/es\/category\/uncategorized-es\/"},"img":{"alt_text":"","src":"https:\/\/i0.wp.com\/casadecampoliving.com\/wp-content\/uploads\/2022\/10\/Tributo-Frank-Sinatra-Foto-Principal-Amaury-Sanchez-Danilo-Ginebra-Andres-Pichardo-y-Jose-Gabriel-Perez-.jpg?fit=1200%2C873&ssl=1&resize=350%2C200","width":350,"height":200,"srcset":"https:\/\/i0.wp.com\/casadecampoliving.com\/wp-content\/uploads\/2022\/10\/Tributo-Frank-Sinatra-Foto-Principal-Amaury-Sanchez-Danilo-Ginebra-Andres-Pichardo-y-Jose-Gabriel-Perez-.jpg?fit=1200%2C873&ssl=1&resize=350%2C200 1x, https:\/\/i0.wp.com\/casadecampoliving.com\/wp-content\/uploads\/2022\/10\/Tributo-Frank-Sinatra-Foto-Principal-Amaury-Sanchez-Danilo-Ginebra-Andres-Pichardo-y-Jose-Gabriel-Perez-.jpg?fit=1200%2C873&ssl=1&resize=525%2C300 1.5x, https:\/\/i0.wp.com\/casadecampoliving.com\/wp-content\/uploads\/2022\/10\/Tributo-Frank-Sinatra-Foto-Principal-Amaury-Sanchez-Danilo-Ginebra-Andres-Pichardo-y-Jose-Gabriel-Perez-.jpg?fit=1200%2C873&ssl=1&resize=700%2C400 2x, https:\/\/i0.wp.com\/casadecampoliving.com\/wp-content\/uploads\/2022\/10\/Tributo-Frank-Sinatra-Foto-Principal-Amaury-Sanchez-Danilo-Ginebra-Andres-Pichardo-y-Jose-Gabriel-Perez-.jpg?fit=1200%2C873&ssl=1&resize=1050%2C600 3x"},"classes":[]},{"id":350243,"url":"https:\/\/casadecampoliving.com\/es\/celebra-con-papa-este-fin-de-semana-en-onnos-bar\/","url_meta":{"origin":350298,"position":1},"title":"\u00a1Todos lo caminos conducen a Altos de Chav\u00f3n este fin de semana para celebrar a Pap\u00e1 en Onno&#8217;s Bar &#038; Restaurant!","author":"Marlenys Guzm\u00e1n Casta\u00f1os","date":"25 Jul, 2016","format":false,"excerpt":"Hay tantas razones para celebrar aqu\u00ed en Casa de Campo, aun cuando julio ya est\u00e1 llegando casi a su fin. No hay necesidad de sentirse mal o estresado esta semana, especialmente con el Happy Hour 2\u00d71 de Caf\u00e9 Marietta, los Especiales del D\u00eda de Papa Jack\u2019s, el concierto de Son\u2026","rel":"","context":"En \u00abAltos de Chavon @es\u00bb","block_context":{"text":"Altos de Chavon @es","link":"https:\/\/casadecampoliving.com\/category\/altos-de-chavon-es\/"},"img":{"alt_text":"","src":"https:\/\/i0.wp.com\/casadecampoliving.com\/wp-content\/uploads\/2022\/10\/shutterstock_228177547.jpg?fit=1000%2C662&ssl=1&resize=350%2C200","width":350,"height":200,"srcset":"https:\/\/i0.wp.com\/casadecampoliving.com\/wp-content\/uploads\/2022\/10\/shutterstock_228177547.jpg?fit=1000%2C662&ssl=1&resize=350%2C200 1x, https:\/\/i0.wp.com\/casadecampoliving.com\/wp-content\/uploads\/2022\/10\/shutterstock_228177547.jpg?fit=1000%2C662&ssl=1&resize=525%2C300 1.5x, https:\/\/i0.wp.com\/casadecampoliving.com\/wp-content\/uploads\/2022\/10\/shutterstock_228177547.jpg?fit=1000%2C662&ssl=1&resize=700%2C400 2x"},"classes":[]},{"id":353796,"url":"https:\/\/casadecampoliving.com\/es\/el-regalo-perfecto-del-dia-del-padre-para-nuestros-papas-amantes-de-casa\/","url_meta":{"origin":350298,"position":2},"title":"\u00a1El regalo perfecto del D\u00eda del Padre para nuestros pap\u00e1s amantes de Casa!","author":"Casa de Campo Living","date":"21 Jun, 2020","format":false,"excerpt":"El 21 de junio se celebra el D\u00eda del Padre en varios pa\u00edses del mundo, as\u00ed que para todos esos padres \u00a1FELIZ D\u00cdA DEL PADRE!, esperamos que hayan tenido un d\u00eda maravilloso y tranquilo con sus amigos y familiares! El D\u00eda del Padre es una ocasi\u00f3n especial para agradecer a\u2026","rel":"","context":"En \u00abCasa de Campo Living @es\u00bb","block_context":{"text":"Casa de Campo Living @es","link":"https:\/\/casadecampoliving.com\/category\/casa-de-campo-living-es\/"},"img":{"alt_text":"","src":"https:\/\/i0.wp.com\/casadecampoliving.com\/wp-content\/uploads\/2022\/10\/shutterstock_373736368-1.jpg?fit=1000%2C600&ssl=1&resize=350%2C200","width":350,"height":200,"srcset":"https:\/\/i0.wp.com\/casadecampoliving.com\/wp-content\/uploads\/2022\/10\/shutterstock_373736368-1.jpg?fit=1000%2C600&ssl=1&resize=350%2C200 1x, https:\/\/i0.wp.com\/casadecampoliving.com\/wp-content\/uploads\/2022\/10\/shutterstock_373736368-1.jpg?fit=1000%2C600&ssl=1&resize=525%2C300 1.5x, https:\/\/i0.wp.com\/casadecampoliving.com\/wp-content\/uploads\/2022\/10\/shutterstock_373736368-1.jpg?fit=1000%2C600&ssl=1&resize=700%2C400 2x"},"classes":[]},{"id":354450,"url":"https:\/\/casadecampoliving.com\/es\/celebre-el-fin-de-semana-del-dia-del-padre-dominicano-en-casa-de-campo\/","url_meta":{"origin":350298,"position":3},"title":"\u00a1Celebre el fin de semana del D\u00eda del Padre Dominicano en Casa de Campo!","author":"Casa de Campo Living","date":"25 Jul, 2022","format":false,"excerpt":"Este a\u00f1o, el 31 de julio es el D\u00eda del Padre en la Rep\u00fablica Dominicana, as\u00ed que FELIZ D\u00cdA DEL PADRE a todos, \u00a1esperamos que tengan un maravilloso d\u00eda de descanso con sus amigos y familiares! Este fin de semana se trata de pasar tiempo de calidad con los padres,\u2026","rel":"","context":"En \u00abAltos de Chavon @es\u00bb","block_context":{"text":"Altos de Chavon @es","link":"https:\/\/casadecampoliving.com\/category\/altos-de-chavon-es\/"},"img":{"alt_text":"","src":"https:\/\/i0.wp.com\/casadecampoliving.com\/wp-content\/uploads\/2022\/10\/unnamed-13-e1658759221184-1.jpg?fit=1000%2C612&ssl=1&resize=350%2C200","width":350,"height":200,"srcset":"https:\/\/i0.wp.com\/casadecampoliving.com\/wp-content\/uploads\/2022\/10\/unnamed-13-e1658759221184-1.jpg?fit=1000%2C612&ssl=1&resize=350%2C200 1x, https:\/\/i0.wp.com\/casadecampoliving.com\/wp-content\/uploads\/2022\/10\/unnamed-13-e1658759221184-1.jpg?fit=1000%2C612&ssl=1&resize=525%2C300 1.5x, https:\/\/i0.wp.com\/casadecampoliving.com\/wp-content\/uploads\/2022\/10\/unnamed-13-e1658759221184-1.jpg?fit=1000%2C612&ssl=1&resize=700%2C400 2x"},"classes":[]},{"id":354085,"url":"https:\/\/casadecampoliving.com\/es\/el-regalo-perfecto-para-el-dia-del-padre-para-nuestros-amantes-de-los-deportes-en-casa\/","url_meta":{"origin":350298,"position":4},"title":"\u00a1El regalo perfecto para el D\u00eda del Padre para nuestros amantes de los deportes en Casa!","author":"Casa de Campo Living","date":"16 Jun, 2021","format":false,"excerpt":"Este a\u00f1o, el 20 de junio, el D\u00eda del Padre se celebra en varios pa\u00edses del mundo, as\u00ed que a todos esos padres FELIZ D\u00cdA DEL PADRE, \u00a1esperamos que tengan un d\u00eda maravilloso y de descanso con sus amigos y familiares! El D\u00eda del Padre es una ocasi\u00f3n especial para\u2026","rel":"","context":"En \u00abCasa de Campo Living @es\u00bb","block_context":{"text":"Casa de Campo Living @es","link":"https:\/\/casadecampoliving.com\/category\/casa-de-campo-living-es\/"},"img":{"alt_text":"","src":"https:\/\/i0.wp.com\/casadecampoliving.com\/wp-content\/uploads\/2022\/10\/DSC_7705-3.jpg?fit=1200%2C800&ssl=1&resize=350%2C200","width":350,"height":200,"srcset":"https:\/\/i0.wp.com\/casadecampoliving.com\/wp-content\/uploads\/2022\/10\/DSC_7705-3.jpg?fit=1200%2C800&ssl=1&resize=350%2C200 1x, https:\/\/i0.wp.com\/casadecampoliving.com\/wp-content\/uploads\/2022\/10\/DSC_7705-3.jpg?fit=1200%2C800&ssl=1&resize=525%2C300 1.5x, https:\/\/i0.wp.com\/casadecampoliving.com\/wp-content\/uploads\/2022\/10\/DSC_7705-3.jpg?fit=1200%2C800&ssl=1&resize=700%2C400 2x, https:\/\/i0.wp.com\/casadecampoliving.com\/wp-content\/uploads\/2022\/10\/DSC_7705-3.jpg?fit=1200%2C800&ssl=1&resize=1050%2C600 3x"},"classes":[]},{"id":350267,"url":"https:\/\/casadecampoliving.com\/es\/fiestas-genesis-nightclub-fin-de-semana-julio-28\/","url_meta":{"origin":350298,"position":5},"title":"\u00a1Termine el mes de la forma correcta con las fiestas de Genesis Nightclub este fin de semana: Julio 28-Julio 31!","author":"Marlenys Guzm\u00e1n Casta\u00f1os","date":"27 Jul, 2016","format":false,"excerpt":"Estamos llegando al final del mes de julio, y los fines de semana de verano se est\u00e1n agotando, \u00a1pero a\u00fan as\u00ed todav\u00eda hay muchas razones\u00a0para festejar! Este domingo es el D\u00eda del Padre aqu\u00ed en la Rep\u00fablica Dominicana, \u00a1y es la excusa perfecta para celebrar con su padre, esposo, hermano\u2026","rel":"","context":"En \u00abAltos de Chavon @es\u00bb","block_context":{"text":"Altos de Chavon @es","link":"https:\/\/casadecampoliving.com\/category\/altos-de-chavon-es\/"},"img":{"alt_text":"","src":"https:\/\/i0.wp.com\/casadecampoliving.com\/wp-content\/uploads\/2022\/10\/shutterstock_351419996-1.jpg?fit=1000%2C612&ssl=1&resize=350%2C200","width":350,"height":200,"srcset":"https:\/\/i0.wp.com\/casadecampoliving.com\/wp-content\/uploads\/2022\/10\/shutterstock_351419996-1.jpg?fit=1000%2C612&ssl=1&resize=350%2C200 1x, https:\/\/i0.wp.com\/casadecampoliving.com\/wp-content\/uploads\/2022\/10\/shutterstock_351419996-1.jpg?fit=1000%2C612&ssl=1&resize=525%2C300 1.5x, https:\/\/i0.wp.com\/casadecampoliving.com\/wp-content\/uploads\/2022\/10\/shutterstock_351419996-1.jpg?fit=1000%2C612&ssl=1&resize=700%2C400 2x"},"classes":[]}],"jetpack_sharing_enabled":true,"_links":{"self":[{"href":"https:\/\/casadecampoliving.com\/es\/wp-json\/wp\/v2\/posts\/350298","targetHints":{"allow":["GET"]}}],"collection":[{"href":"https:\/\/casadecampoliving.com\/es\/wp-json\/wp\/v2\/posts"}],"about":[{"href":"https:\/\/casadecampoliving.com\/es\/wp-json\/wp\/v2\/types\/post"}],"author":[{"embeddable":true,"href":"https:\/\/casadecampoliving.com\/es\/wp-json\/wp\/v2\/users\/36672"}],"replies":[{"embeddable":true,"href":"https:\/\/casadecampoliving.com\/es\/wp-json\/wp\/v2\/comments?post=350298"}],"version-history":[{"count":1,"href":"https:\/\/casadecampoliving.com\/es\/wp-json\/wp\/v2\/posts\/350298\/revisions"}],"predecessor-version":[{"id":350299,"href":"https:\/\/casadecampoliving.com\/es\/wp-json\/wp\/v2\/posts\/350298\/revisions\/350299"}],"wp:featuredmedia":[{"embeddable":true,"href":"https:\/\/casadecampoliving.com\/es\/wp-json\/wp\/v2\/media\/285449"}],"wp:attachment":[{"href":"https:\/\/casadecampoliving.com\/es\/wp-json\/wp\/v2\/media?parent=350298"}],"wp:term":[{"taxonomy":"category","embeddable":true,"href":"https:\/\/casadecampoliving.com\/es\/wp-json\/wp\/v2\/categories?post=350298"},{"taxonomy":"post_tag","embeddable":true,"href":"https:\/\/casadecampoliving.com\/es\/wp-json\/wp\/v2\/tags?post=350298"},{"taxonomy":"newspack_spnsrs_tax","embeddable":true,"href":"https:\/\/casadecampoliving.com\/es\/wp-json\/wp\/v2\/newspack_spnsrs_tax?post=350298"}],"curies":[{"name":"wp","href":"https:\/\/api.w.org\/{rel}","templated":true}]}}