{"id":350292,"date":"2016-07-29T00:00:00","date_gmt":"2016-07-29T04:00:00","guid":{"rendered":"https:\/\/casadecampoliving.com\/alba-esteve-ruiz-de-marzapane-estara-en-flavors-of-the-world\/"},"modified":"2022-10-21T19:05:11","modified_gmt":"2022-10-21T23:05:11","slug":"alba-esteve-ruiz-de-marzapane-estara-en-flavors-of-the-world","status":"publish","type":"post","link":"https:\/\/casadecampoliving.com\/es\/alba-esteve-ruiz-de-marzapane-estara-en-flavors-of-the-world\/","title":{"rendered":"Chef estrella de Marzapane, Alba Esteve Ruiz, llega en agosto para Flavors of the World Italia"},"content":{"rendered":"\n<p>\u00a1Casa de Campo se esta preparando para la pr\u00f3xima edici\u00f3n del evento gastron\u00f3mico Flavors of the World! Hace dos semanas, disfrutamos de todo lo que nos ofrecieron los mejores <a href=\"https:\/\/casadecampoliving.com\/es\/flavors-world-organiza-cena-y-brunch-con-chivas-18\/\">chefs de Miami de Pubbelly Group, Matador Room y Alter,<\/a> en la Marina y <a href=\"https:\/\/casadecampoliving.com\/es\/playa-minitas-ardia-con-los-deliciosos-platos-de-flavors-world-miami\/\">playa Minitas<\/a>. El 19 y 20 de agosto, Italia viene a nosotros gracias a la incomparable chef Alba Esteve Ruiz de Marzapane en Roma.<\/p>\n\n\n\n<!--more-->\n\n\n<div class=\"wp-block-image\">\n<figure class=\"aligncenter is-resized\"><img loading=\"lazy\" decoding=\"async\" src=\"https:\/\/i0.wp.com\/casadecampoliving.com\/wp-content\/uploads\/2022\/10\/FlavorsoftheWorldItaly2.jpg?resize=954%2C572&amp;ssl=1\" alt=\"Flavors of the World Italy\" class=\"wp-image-120893\" height=\"572\" width=\"954\"\/><\/figure>\n<\/div>\n\n\n<p>\u201cFlavors of the World,\u201d&nbsp;<span style=\"font-weight: 400;\">es un viaje gastron\u00f3mico que destaca las numerosas opciones gourmet, casual y de alta cocina en Casa de Campo con eventos mensuales hasta noviembre. Estos fines de semana llenos de deliciosas creaciones se han vuelto muy populares en nuestro complejo de lujo, atrayendo a los actores locales, dise\u00f1adores y bloggers de moda que publican todo lo acontecido en durante sus fabulosos fines de semana en los medios sociales. Agosto nos trae la excusa para venir a Casa de Campo, porque la Alba Ruiz Esteve nos traera algo nunca antes visto. <\/span><\/p>\n\n\n<div class=\"wp-block-image\">\n<figure class=\"aligncenter is-resized\"><img loading=\"lazy\" decoding=\"async\" src=\"https:\/\/i0.wp.com\/casadecampoliving.com\/wp-content\/uploads\/2022\/10\/FlavorsoftheWorldItaly3.jpg?resize=949%2C569&amp;ssl=1\" alt=\"Flavors of the World Italy\" class=\"wp-image-120891\" height=\"569\" width=\"949\"\/><\/figure>\n<\/div>\n\n\n<p><span style=\"font-weight: 400;\">La joven chef espa\u00f1ola comenz\u00f3 a trabajar en los restaurantes de Alicante y Valencia, y en Girona en el Celler de Can Roca, luego se traslad\u00f3 a Civitella Casanova y finalmente a Roma. Desde la renovaci\u00f3n de la cocina de Marzapane al men\u00fa en s\u00ed , el toque de Alba ha logrado el \u00e9xito y excelentes cr\u00edticas, ganando el t\u00edtulo de \u201d Emerging Chef 2014\u2033 por la gu\u00eda Gambero Rosso. El Marzapane se identifica con ingredientes tradicionales y memorables de su origen mediterr\u00e1neo, con un toque de la vida parisina de \u00e9poca y estilo esencial, \u201cun peque\u00f1o bistro d\u00eda tras d\u00eda.\u201d Ahora, los residentes y hu\u00e9spedes de la comunidad de Casa de Campo tienen la oportunidad de embarcarse en un viaje con la prestigiosa chef del Marzapane junto con el chef ejecutivo &nbsp;del complejo Anthony Masas en agosto en el restaurante La Piazzetta en Altos de Chav\u00f3n donde vivir\u00e1 una experiencia sin igual que va a deleitar todos sus sentidos. <\/span><\/p>\n\n\n\n<blockquote><h3 style=\"text-align: justify;\">FLAVORS OF THE WORLD ITALIA<\/h3><p style=\"text-align: justify;\"><b>Horario:<\/b><\/p><ul style=\"text-align: justify;\">\n<li><strong>Viernes 19 de agosto:<\/strong>&nbsp;Cena en&nbsp;La Piazzetta<\/li>\n<li><strong>S\u00e1bado 20 de agosto:<\/strong>&nbsp;Cena&nbsp;en&nbsp;La Piazzetta<\/li>\n<\/ul><p style=\"text-align: justify;\"><strong>Cost0: US $125.00<\/strong><\/p><p style=\"text-align: justify;\"><b>Chef Invitada: Alba Esteve Ruiz&nbsp;<\/b><\/p><p style=\"text-align: justify;\">Para reservaciones, por favor ponerse en contacto con concierge Casa de Campo al 809-523-3165 (o 3166).<\/p><\/blockquote>\n\n\n\n<blockquote><h4 a=\"\" href=\"https:\/\/casadecampoliving.com\/es\/degustacion-de-vino-la-piazzetta\/\">Una placentera degustaci\u00f3n de vinos en La Piazzetta<\/h4><figure><a href=\"https:\/\/casadecampoliving.com\/es\/degustacion-de-vino-la-piazzetta\/\"><img decoding=\"async\" loading=\"lazy\" class=\"attachment- wp-post-image aligncenter\" src=\"https:\/\/i0.wp.com\/casadecampoliving.com\/wp-content\/uploads\/2022\/10\/Featured-Image-Wine-tasting-La-Piazzetta.jpg?resize=1000%2C600&amp;ssl=1\" sizes=\"auto, (max-width: 1000px) 100vw, 1000px\" srcset=\"https:\/\/i0.wp.com\/casadecampoliving.com\/wp-content\/uploads\/2022\/10\/Featured-Image-Wine-tasting-La-Piazzetta.jpg?resize=1000%2C600&amp;ssl=1 1000w, https:\/\/i0.wp.com\/casadecampoliving.com\/wp-content\/uploads\/2022\/10\/Featured-Image-Wine-tasting-La-Piazzetta.jpg?resize=1000%2C600&amp;ssl=1 300w, https:\/\/i0.wp.com\/casadecampoliving.com\/wp-content\/uploads\/2022\/10\/Featured-Image-Wine-tasting-La-Piazzetta.jpg?resize=1000%2C600&amp;ssl=1 768w, https:\/\/i0.wp.com\/casadecampoliving.com\/wp-content\/uploads\/2022\/10\/Featured-Image-Wine-tasting-La-Piazzetta.jpg?resize=1000%2C600&amp;ssl=1 450w\" alt=\"Featured Image Wine tasting La Piazzetta\" width=\"1000\" height=\"600\"><\/a><\/figure><p><br>\nLa Piazzetta celebr\u00f3 su primera noche de <em>\u201cWine and Pleasures\u201d<\/em> (Vinos y Placeres). Tambi\u00e9n conocida como el \u201cPara\u00edso en la Tierra\u201d para nosotros los amantes de los vinos. La degustaci\u00f3n fue organizada por una revista argentina de vinos,<a href=\"http:\/\/www.pleasurestime.com\/\">Pleasures Time<\/a>, quienes quer\u00eda&nbsp;reunirse con amigos y distribuidores de vino de todo el mundo aqu\u00ed en Casa de Campo. Contin\u00fae leyendo <a href=\"https:\/\/casadecampoliving.com\/es\/degustacion-de-vino-la-piazzetta\/\">aqu\u00ed<\/a>.\n<\/p><\/blockquote>\n","protected":false},"excerpt":{"rendered":"<p>\u00a1Casa de Campo se esta preparando para la pr\u00f3xima edici\u00f3n del evento gastron\u00f3mico Flavors of the World! Hace dos semanas, disfrutamos de todo lo que nos ofrecieron los mejores chefs de Miami de Pubbelly Group, Matador Room y Alter, en la Marina y playa Minitas. El 19 y 20 de agosto, Italia viene a nosotros [&hellip;]<\/p>\n","protected":false},"author":36681,"featured_media":285199,"comment_status":"closed","ping_status":"closed","sticky":false,"template":"","format":"standard","meta":{"newspack_ads_suppress_ads":false,"newspack_popups_has_disabled_popups":false,"newspack_sponsor_sponsorship_scope":"","newspack_sponsor_native_byline_display":"inherit","newspack_sponsor_native_category_display":"inherit","newspack_sponsor_underwriter_style":"inherit","newspack_sponsor_underwriter_placement":"inherit","_newspack_byline_active":false,"_newspack_byline":"","newspack_hide_updated_date":false,"newspack_show_updated_date":false,"newspack_content_restriction_is_exempt":false,"newspack_featured_image_position":"","newspack_post_subtitle":"","newspack_article_summary_title":"Overview:","newspack_article_summary":"","_jetpack_memberships_contains_paid_content":false,"footnotes":"","jetpack_publicize_message":"","jetpack_publicize_feature_enabled":true,"jetpack_social_post_already_shared":false,"jetpack_social_options":{"image_generator_settings":{"template":"highway","default_image_id":0,"font":"","enabled":false},"version":2},"_wpas_customize_per_network":false},"categories":[26819,26823,14629,14631,2522,14625,14627,2521,26822,2520],"tags":[3626,14736,18408,6775],"newspack_spnsrs_tax":[],"class_list":["post-350292","post","type-post","status-publish","format-standard","has-post-thumbnail","hentry","category-altos-de-chavon-es","category-arte-y-cultura","category-comidas-bebidas","category-estilo-de-vida","category-eventos-es","category-noticias-locales","category-proximamente","category-republica-dominicana-2","category-resort-casa-de-campo","category-restaurantes-es","tag-casa-de-campo-es","tag-featured-topview-es","tag-flavors-of-the-world-es","tag-la-piazzetta-es","entry"],"yoast_head":"<!-- This site is optimized with the Yoast SEO plugin v27.5 - https:\/\/yoast.com\/product\/yoast-seo-wordpress\/ -->\n<title>Chef estrella de Marzapane, Alba Esteve Ruiz, llega en agosto para Flavors of the World Italia | Casa de Campo Living<\/title>\n<meta name=\"description\" content=\"\u00a1Casa de Campo se esta preparando para la pr\u00f3xima edici\u00f3n del evento gastron\u00f3mico Flavors of the World! Hace dos semanas, disfrutamos de todo lo que nos\" \/>\n<meta name=\"robots\" content=\"index, follow, max-snippet:-1, max-image-preview:large, max-video-preview:-1\" \/>\n<link rel=\"canonical\" href=\"https:\/\/casadecampoliving.com\/es\/alba-esteve-ruiz-de-marzapane-estara-en-flavors-of-the-world\/\" \/>\n<meta property=\"og:locale\" content=\"es_ES\" \/>\n<meta property=\"og:type\" content=\"article\" \/>\n<meta property=\"og:title\" content=\"Chef estrella de Marzapane, Alba Esteve Ruiz, llega en agosto para Flavors of the World Italia | Casa de Campo Living\" \/>\n<meta property=\"og:description\" content=\"\u00a1Casa de Campo se esta preparando para la pr\u00f3xima edici\u00f3n del evento gastron\u00f3mico Flavors of the World! Hace dos semanas, disfrutamos de todo lo que nos\" \/>\n<meta property=\"og:url\" content=\"https:\/\/casadecampoliving.com\/es\/alba-esteve-ruiz-de-marzapane-estara-en-flavors-of-the-world\/\" \/>\n<meta property=\"og:site_name\" content=\"Casa de Campo Living\" \/>\n<meta property=\"article:publisher\" content=\"https:\/\/www.facebook.com\/casadecampoliving\" \/>\n<meta property=\"article:published_time\" content=\"2016-07-29T04:00:00+00:00\" \/>\n<meta property=\"article:modified_time\" content=\"2022-10-21T23:05:11+00:00\" \/>\n<meta property=\"og:image\" content=\"https:\/\/i0.wp.com\/casadecampoliving.com\/wp-content\/uploads\/2022\/10\/FlavorsoftheWorldItaly1.jpg?fit=939%2C563&ssl=1\" \/>\n\t<meta property=\"og:image:width\" content=\"939\" \/>\n\t<meta property=\"og:image:height\" content=\"563\" \/>\n\t<meta property=\"og:image:type\" content=\"image\/jpeg\" \/>\n<meta name=\"author\" content=\"Heather Lincoln\" \/>\n<meta name=\"twitter:card\" content=\"summary_large_image\" \/>\n<meta name=\"twitter:creator\" content=\"@cdcliving\" \/>\n<meta name=\"twitter:site\" content=\"@cdcliving\" \/>\n<meta name=\"twitter:label1\" content=\"Escrito por\" \/>\n\t<meta name=\"twitter:data1\" content=\"Heather Lincoln\" \/>\n\t<meta name=\"twitter:label2\" content=\"Tiempo de lectura\" \/>\n\t<meta name=\"twitter:data2\" content=\"2 minutos\" \/>\n<script type=\"application\/ld+json\" class=\"yoast-schema-graph\">{\"@context\":\"https:\\\/\\\/schema.org\",\"@graph\":[{\"@type\":\"Article\",\"@id\":\"https:\\\/\\\/casadecampoliving.com\\\/es\\\/alba-esteve-ruiz-de-marzapane-estara-en-flavors-of-the-world\\\/#article\",\"isPartOf\":{\"@id\":\"https:\\\/\\\/casadecampoliving.com\\\/es\\\/alba-esteve-ruiz-de-marzapane-estara-en-flavors-of-the-world\\\/\"},\"author\":{\"name\":\"Heather Lincoln\",\"@id\":\"https:\\\/\\\/casadecampoliving.com\\\/es\\\/#\\\/schema\\\/person\\\/e3abfc63c1478fd703266a6f33a3145d\"},\"headline\":\"Chef estrella de Marzapane, Alba Esteve Ruiz, llega en agosto para Flavors of the World Italia\",\"datePublished\":\"2016-07-29T04:00:00+00:00\",\"dateModified\":\"2022-10-21T23:05:11+00:00\",\"mainEntityOfPage\":{\"@id\":\"https:\\\/\\\/casadecampoliving.com\\\/es\\\/alba-esteve-ruiz-de-marzapane-estara-en-flavors-of-the-world\\\/\"},\"wordCount\":476,\"publisher\":{\"@id\":\"https:\\\/\\\/casadecampoliving.com\\\/es\\\/#organization\"},\"image\":{\"@id\":\"https:\\\/\\\/casadecampoliving.com\\\/es\\\/alba-esteve-ruiz-de-marzapane-estara-en-flavors-of-the-world\\\/#primaryimage\"},\"thumbnailUrl\":\"https:\\\/\\\/i0.wp.com\\\/casadecampoliving.com\\\/wp-content\\\/uploads\\\/2022\\\/10\\\/FlavorsoftheWorldItaly1.jpg?fit=939%2C563&ssl=1\",\"keywords\":[\"casa de campo @es\",\"Featured-TopView @es\",\"Flavors of the World @es\",\"la piazzetta @es\"],\"articleSection\":[\"Altos de Chavon @es\",\"Arte y cultura\",\"Comidas &amp; Bebidas\",\"Estilo de Vida\",\"Eventos\",\"Noticias Locales\",\"Proximamente\",\"Rep\u00fablica Dominicana @es\",\"Resort Casa de Campo\",\"Restaurantes\"],\"inLanguage\":\"es\"},{\"@type\":\"WebPage\",\"@id\":\"https:\\\/\\\/casadecampoliving.com\\\/es\\\/alba-esteve-ruiz-de-marzapane-estara-en-flavors-of-the-world\\\/\",\"url\":\"https:\\\/\\\/casadecampoliving.com\\\/es\\\/alba-esteve-ruiz-de-marzapane-estara-en-flavors-of-the-world\\\/\",\"name\":\"Chef estrella de Marzapane, Alba Esteve Ruiz, llega en agosto para Flavors of the World Italia | Casa de Campo Living\",\"isPartOf\":{\"@id\":\"https:\\\/\\\/casadecampoliving.com\\\/es\\\/#website\"},\"primaryImageOfPage\":{\"@id\":\"https:\\\/\\\/casadecampoliving.com\\\/es\\\/alba-esteve-ruiz-de-marzapane-estara-en-flavors-of-the-world\\\/#primaryimage\"},\"image\":{\"@id\":\"https:\\\/\\\/casadecampoliving.com\\\/es\\\/alba-esteve-ruiz-de-marzapane-estara-en-flavors-of-the-world\\\/#primaryimage\"},\"thumbnailUrl\":\"https:\\\/\\\/i0.wp.com\\\/casadecampoliving.com\\\/wp-content\\\/uploads\\\/2022\\\/10\\\/FlavorsoftheWorldItaly1.jpg?fit=939%2C563&ssl=1\",\"datePublished\":\"2016-07-29T04:00:00+00:00\",\"dateModified\":\"2022-10-21T23:05:11+00:00\",\"description\":\"\u00a1Casa de Campo se esta preparando para la pr\u00f3xima edici\u00f3n del evento gastron\u00f3mico Flavors of the World! Hace dos semanas, disfrutamos de todo lo que nos\",\"breadcrumb\":{\"@id\":\"https:\\\/\\\/casadecampoliving.com\\\/es\\\/alba-esteve-ruiz-de-marzapane-estara-en-flavors-of-the-world\\\/#breadcrumb\"},\"inLanguage\":\"es\",\"potentialAction\":[{\"@type\":\"ReadAction\",\"target\":[\"https:\\\/\\\/casadecampoliving.com\\\/es\\\/alba-esteve-ruiz-de-marzapane-estara-en-flavors-of-the-world\\\/\"]}]},{\"@type\":\"ImageObject\",\"inLanguage\":\"es\",\"@id\":\"https:\\\/\\\/casadecampoliving.com\\\/es\\\/alba-esteve-ruiz-de-marzapane-estara-en-flavors-of-the-world\\\/#primaryimage\",\"url\":\"https:\\\/\\\/i0.wp.com\\\/casadecampoliving.com\\\/wp-content\\\/uploads\\\/2022\\\/10\\\/FlavorsoftheWorldItaly1.jpg?fit=939%2C563&ssl=1\",\"contentUrl\":\"https:\\\/\\\/i0.wp.com\\\/casadecampoliving.com\\\/wp-content\\\/uploads\\\/2022\\\/10\\\/FlavorsoftheWorldItaly1.jpg?fit=939%2C563&ssl=1\",\"width\":939,\"height\":563,\"caption\":\"Flavors of the World Italy\"},{\"@type\":\"BreadcrumbList\",\"@id\":\"https:\\\/\\\/casadecampoliving.com\\\/es\\\/alba-esteve-ruiz-de-marzapane-estara-en-flavors-of-the-world\\\/#breadcrumb\",\"itemListElement\":[{\"@type\":\"ListItem\",\"position\":1,\"name\":\"Home\",\"item\":\"https:\\\/\\\/casadecampoliving.com\\\/es\\\/\"},{\"@type\":\"ListItem\",\"position\":2,\"name\":\"Chef estrella de Marzapane, Alba Esteve Ruiz, llega en agosto para Flavors of the World Italia\"}]},{\"@type\":\"WebSite\",\"@id\":\"https:\\\/\\\/casadecampoliving.com\\\/es\\\/#website\",\"url\":\"https:\\\/\\\/casadecampoliving.com\\\/es\\\/\",\"name\":\"Casa de Campo Living\",\"description\":\"Resort community news and resources.\",\"publisher\":{\"@id\":\"https:\\\/\\\/casadecampoliving.com\\\/es\\\/#organization\"},\"potentialAction\":[{\"@type\":\"SearchAction\",\"target\":{\"@type\":\"EntryPoint\",\"urlTemplate\":\"https:\\\/\\\/casadecampoliving.com\\\/es\\\/?s={search_term_string}\"},\"query-input\":{\"@type\":\"PropertyValueSpecification\",\"valueRequired\":true,\"valueName\":\"search_term_string\"}}],\"inLanguage\":\"es\"},{\"@type\":\"Organization\",\"@id\":\"https:\\\/\\\/casadecampoliving.com\\\/es\\\/#organization\",\"name\":\"Casa de Campo Living\",\"url\":\"https:\\\/\\\/casadecampoliving.com\\\/es\\\/\",\"logo\":{\"@type\":\"ImageObject\",\"inLanguage\":\"es\",\"@id\":\"https:\\\/\\\/casadecampoliving.com\\\/es\\\/#\\\/schema\\\/logo\\\/image\\\/\",\"url\":\"https:\\\/\\\/i0.wp.com\\\/casadecampoliving.com\\\/wp-content\\\/uploads\\\/2022\\\/07\\\/CDCLivingLogo_V1-white-sized.png?fit=800%2C214&ssl=1\",\"contentUrl\":\"https:\\\/\\\/i0.wp.com\\\/casadecampoliving.com\\\/wp-content\\\/uploads\\\/2022\\\/07\\\/CDCLivingLogo_V1-white-sized.png?fit=800%2C214&ssl=1\",\"width\":800,\"height\":214,\"caption\":\"Casa de Campo Living\"},\"image\":{\"@id\":\"https:\\\/\\\/casadecampoliving.com\\\/es\\\/#\\\/schema\\\/logo\\\/image\\\/\"},\"sameAs\":[\"https:\\\/\\\/www.facebook.com\\\/casadecampoliving\",\"https:\\\/\\\/x.com\\\/cdcliving\"]},{\"@type\":\"Person\",\"@id\":\"https:\\\/\\\/casadecampoliving.com\\\/es\\\/#\\\/schema\\\/person\\\/e3abfc63c1478fd703266a6f33a3145d\",\"name\":\"Heather Lincoln\",\"image\":{\"@type\":\"ImageObject\",\"inLanguage\":\"es\",\"@id\":\"https:\\\/\\\/secure.gravatar.com\\\/avatar\\\/e8fc1ce4ad50385675908137b0d8d66be281d034bf072b4700460237638ea6d0?s=96&d=mm&r=g\",\"url\":\"https:\\\/\\\/secure.gravatar.com\\\/avatar\\\/e8fc1ce4ad50385675908137b0d8d66be281d034bf072b4700460237638ea6d0?s=96&d=mm&r=g\",\"contentUrl\":\"https:\\\/\\\/secure.gravatar.com\\\/avatar\\\/e8fc1ce4ad50385675908137b0d8d66be281d034bf072b4700460237638ea6d0?s=96&d=mm&r=g\",\"caption\":\"Heather Lincoln\"},\"url\":\"https:\\\/\\\/casadecampoliving.com\\\/es\\\/author\\\/hcastillo\\\/\"}]}<\/script>\n<!-- \/ Yoast SEO plugin. -->","yoast_head_json":{"title":"Chef estrella de Marzapane, Alba Esteve Ruiz, llega en agosto para Flavors of the World Italia | Casa de Campo Living","description":"\u00a1Casa de Campo se esta preparando para la pr\u00f3xima edici\u00f3n del evento gastron\u00f3mico Flavors of the World! Hace dos semanas, disfrutamos de todo lo que nos","robots":{"index":"index","follow":"follow","max-snippet":"max-snippet:-1","max-image-preview":"max-image-preview:large","max-video-preview":"max-video-preview:-1"},"canonical":"https:\/\/casadecampoliving.com\/es\/alba-esteve-ruiz-de-marzapane-estara-en-flavors-of-the-world\/","og_locale":"es_ES","og_type":"article","og_title":"Chef estrella de Marzapane, Alba Esteve Ruiz, llega en agosto para Flavors of the World Italia | Casa de Campo Living","og_description":"\u00a1Casa de Campo se esta preparando para la pr\u00f3xima edici\u00f3n del evento gastron\u00f3mico Flavors of the World! Hace dos semanas, disfrutamos de todo lo que nos","og_url":"https:\/\/casadecampoliving.com\/es\/alba-esteve-ruiz-de-marzapane-estara-en-flavors-of-the-world\/","og_site_name":"Casa de Campo Living","article_publisher":"https:\/\/www.facebook.com\/casadecampoliving","article_published_time":"2016-07-29T04:00:00+00:00","article_modified_time":"2022-10-21T23:05:11+00:00","og_image":[{"width":939,"height":563,"url":"https:\/\/i0.wp.com\/casadecampoliving.com\/wp-content\/uploads\/2022\/10\/FlavorsoftheWorldItaly1.jpg?fit=939%2C563&ssl=1","type":"image\/jpeg"}],"author":"Heather Lincoln","twitter_card":"summary_large_image","twitter_creator":"@cdcliving","twitter_site":"@cdcliving","twitter_misc":{"Escrito por":"Heather Lincoln","Tiempo de lectura":"2 minutos"},"schema":{"@context":"https:\/\/schema.org","@graph":[{"@type":"Article","@id":"https:\/\/casadecampoliving.com\/es\/alba-esteve-ruiz-de-marzapane-estara-en-flavors-of-the-world\/#article","isPartOf":{"@id":"https:\/\/casadecampoliving.com\/es\/alba-esteve-ruiz-de-marzapane-estara-en-flavors-of-the-world\/"},"author":{"name":"Heather Lincoln","@id":"https:\/\/casadecampoliving.com\/es\/#\/schema\/person\/e3abfc63c1478fd703266a6f33a3145d"},"headline":"Chef estrella de Marzapane, Alba Esteve Ruiz, llega en agosto para Flavors of the World Italia","datePublished":"2016-07-29T04:00:00+00:00","dateModified":"2022-10-21T23:05:11+00:00","mainEntityOfPage":{"@id":"https:\/\/casadecampoliving.com\/es\/alba-esteve-ruiz-de-marzapane-estara-en-flavors-of-the-world\/"},"wordCount":476,"publisher":{"@id":"https:\/\/casadecampoliving.com\/es\/#organization"},"image":{"@id":"https:\/\/casadecampoliving.com\/es\/alba-esteve-ruiz-de-marzapane-estara-en-flavors-of-the-world\/#primaryimage"},"thumbnailUrl":"https:\/\/i0.wp.com\/casadecampoliving.com\/wp-content\/uploads\/2022\/10\/FlavorsoftheWorldItaly1.jpg?fit=939%2C563&ssl=1","keywords":["casa de campo @es","Featured-TopView @es","Flavors of the World @es","la piazzetta @es"],"articleSection":["Altos de Chavon @es","Arte y cultura","Comidas &amp; Bebidas","Estilo de Vida","Eventos","Noticias Locales","Proximamente","Rep\u00fablica Dominicana @es","Resort Casa de Campo","Restaurantes"],"inLanguage":"es"},{"@type":"WebPage","@id":"https:\/\/casadecampoliving.com\/es\/alba-esteve-ruiz-de-marzapane-estara-en-flavors-of-the-world\/","url":"https:\/\/casadecampoliving.com\/es\/alba-esteve-ruiz-de-marzapane-estara-en-flavors-of-the-world\/","name":"Chef estrella de Marzapane, Alba Esteve Ruiz, llega en agosto para Flavors of the World Italia | Casa de Campo Living","isPartOf":{"@id":"https:\/\/casadecampoliving.com\/es\/#website"},"primaryImageOfPage":{"@id":"https:\/\/casadecampoliving.com\/es\/alba-esteve-ruiz-de-marzapane-estara-en-flavors-of-the-world\/#primaryimage"},"image":{"@id":"https:\/\/casadecampoliving.com\/es\/alba-esteve-ruiz-de-marzapane-estara-en-flavors-of-the-world\/#primaryimage"},"thumbnailUrl":"https:\/\/i0.wp.com\/casadecampoliving.com\/wp-content\/uploads\/2022\/10\/FlavorsoftheWorldItaly1.jpg?fit=939%2C563&ssl=1","datePublished":"2016-07-29T04:00:00+00:00","dateModified":"2022-10-21T23:05:11+00:00","description":"\u00a1Casa de Campo se esta preparando para la pr\u00f3xima edici\u00f3n del evento gastron\u00f3mico Flavors of the World! Hace dos semanas, disfrutamos de todo lo que nos","breadcrumb":{"@id":"https:\/\/casadecampoliving.com\/es\/alba-esteve-ruiz-de-marzapane-estara-en-flavors-of-the-world\/#breadcrumb"},"inLanguage":"es","potentialAction":[{"@type":"ReadAction","target":["https:\/\/casadecampoliving.com\/es\/alba-esteve-ruiz-de-marzapane-estara-en-flavors-of-the-world\/"]}]},{"@type":"ImageObject","inLanguage":"es","@id":"https:\/\/casadecampoliving.com\/es\/alba-esteve-ruiz-de-marzapane-estara-en-flavors-of-the-world\/#primaryimage","url":"https:\/\/i0.wp.com\/casadecampoliving.com\/wp-content\/uploads\/2022\/10\/FlavorsoftheWorldItaly1.jpg?fit=939%2C563&ssl=1","contentUrl":"https:\/\/i0.wp.com\/casadecampoliving.com\/wp-content\/uploads\/2022\/10\/FlavorsoftheWorldItaly1.jpg?fit=939%2C563&ssl=1","width":939,"height":563,"caption":"Flavors of the World Italy"},{"@type":"BreadcrumbList","@id":"https:\/\/casadecampoliving.com\/es\/alba-esteve-ruiz-de-marzapane-estara-en-flavors-of-the-world\/#breadcrumb","itemListElement":[{"@type":"ListItem","position":1,"name":"Home","item":"https:\/\/casadecampoliving.com\/es\/"},{"@type":"ListItem","position":2,"name":"Chef estrella de Marzapane, Alba Esteve Ruiz, llega en agosto para Flavors of the World Italia"}]},{"@type":"WebSite","@id":"https:\/\/casadecampoliving.com\/es\/#website","url":"https:\/\/casadecampoliving.com\/es\/","name":"Casa de Campo Living","description":"Resort community news and resources.","publisher":{"@id":"https:\/\/casadecampoliving.com\/es\/#organization"},"potentialAction":[{"@type":"SearchAction","target":{"@type":"EntryPoint","urlTemplate":"https:\/\/casadecampoliving.com\/es\/?s={search_term_string}"},"query-input":{"@type":"PropertyValueSpecification","valueRequired":true,"valueName":"search_term_string"}}],"inLanguage":"es"},{"@type":"Organization","@id":"https:\/\/casadecampoliving.com\/es\/#organization","name":"Casa de Campo Living","url":"https:\/\/casadecampoliving.com\/es\/","logo":{"@type":"ImageObject","inLanguage":"es","@id":"https:\/\/casadecampoliving.com\/es\/#\/schema\/logo\/image\/","url":"https:\/\/i0.wp.com\/casadecampoliving.com\/wp-content\/uploads\/2022\/07\/CDCLivingLogo_V1-white-sized.png?fit=800%2C214&ssl=1","contentUrl":"https:\/\/i0.wp.com\/casadecampoliving.com\/wp-content\/uploads\/2022\/07\/CDCLivingLogo_V1-white-sized.png?fit=800%2C214&ssl=1","width":800,"height":214,"caption":"Casa de Campo Living"},"image":{"@id":"https:\/\/casadecampoliving.com\/es\/#\/schema\/logo\/image\/"},"sameAs":["https:\/\/www.facebook.com\/casadecampoliving","https:\/\/x.com\/cdcliving"]},{"@type":"Person","@id":"https:\/\/casadecampoliving.com\/es\/#\/schema\/person\/e3abfc63c1478fd703266a6f33a3145d","name":"Heather Lincoln","image":{"@type":"ImageObject","inLanguage":"es","@id":"https:\/\/secure.gravatar.com\/avatar\/e8fc1ce4ad50385675908137b0d8d66be281d034bf072b4700460237638ea6d0?s=96&d=mm&r=g","url":"https:\/\/secure.gravatar.com\/avatar\/e8fc1ce4ad50385675908137b0d8d66be281d034bf072b4700460237638ea6d0?s=96&d=mm&r=g","contentUrl":"https:\/\/secure.gravatar.com\/avatar\/e8fc1ce4ad50385675908137b0d8d66be281d034bf072b4700460237638ea6d0?s=96&d=mm&r=g","caption":"Heather Lincoln"},"url":"https:\/\/casadecampoliving.com\/es\/author\/hcastillo\/"}]}},"parsely":{"version":"1.1.0","canonical_url":"https:\/\/casadecampoliving.com\/es\/alba-esteve-ruiz-de-marzapane-estara-en-flavors-of-the-world\/","smart_links":{"inbound":0,"outbound":0},"traffic_boost_suggestions_count":0,"meta":{"@context":"https:\/\/schema.org","@type":"NewsArticle","headline":"Chef estrella de Marzapane, Alba Esteve Ruiz, llega en agosto para Flavors of the World Italia","url":"http:\/\/casadecampoliving.com\/es\/alba-esteve-ruiz-de-marzapane-estara-en-flavors-of-the-world\/","mainEntityOfPage":{"@type":"WebPage","@id":"http:\/\/casadecampoliving.com\/es\/alba-esteve-ruiz-de-marzapane-estara-en-flavors-of-the-world\/"},"thumbnailUrl":"https:\/\/i0.wp.com\/casadecampoliving.com\/wp-content\/uploads\/2022\/10\/FlavorsoftheWorldItaly1.jpg?resize=150%2C150&ssl=1","image":{"@type":"ImageObject","url":"https:\/\/i0.wp.com\/casadecampoliving.com\/wp-content\/uploads\/2022\/10\/FlavorsoftheWorldItaly1.jpg?fit=939%2C563&ssl=1"},"articleSection":"Altos de Chavon @es","author":[{"@type":"Person","name":"Heather Lincoln"}],"creator":["Heather Lincoln"],"publisher":{"@type":"Organization","name":"Casa de Campo Living","logo":"https:\/\/casadecampoliving.com\/wp-content\/uploads\/2022\/07\/CDCLivingLogo_V1-white-sized.png"},"keywords":["casa de campo @es","featured-topview @es","flavors of the world @es","la piazzetta @es"],"dateCreated":"2016-07-29T04:00:00Z","datePublished":"2016-07-29T04:00:00Z","dateModified":"2022-10-21T23:05:11Z"},"rendered":"<script type=\"application\/ld+json\" class=\"wp-parsely-metadata\">{\"@context\":\"https:\\\/\\\/schema.org\",\"@type\":\"NewsArticle\",\"headline\":\"Chef estrella de Marzapane, Alba Esteve Ruiz, llega en agosto para Flavors of the World Italia\",\"url\":\"http:\\\/\\\/casadecampoliving.com\\\/es\\\/alba-esteve-ruiz-de-marzapane-estara-en-flavors-of-the-world\\\/\",\"mainEntityOfPage\":{\"@type\":\"WebPage\",\"@id\":\"http:\\\/\\\/casadecampoliving.com\\\/es\\\/alba-esteve-ruiz-de-marzapane-estara-en-flavors-of-the-world\\\/\"},\"thumbnailUrl\":\"https:\\\/\\\/i0.wp.com\\\/casadecampoliving.com\\\/wp-content\\\/uploads\\\/2022\\\/10\\\/FlavorsoftheWorldItaly1.jpg?resize=150%2C150&ssl=1\",\"image\":{\"@type\":\"ImageObject\",\"url\":\"https:\\\/\\\/i0.wp.com\\\/casadecampoliving.com\\\/wp-content\\\/uploads\\\/2022\\\/10\\\/FlavorsoftheWorldItaly1.jpg?fit=939%2C563&ssl=1\"},\"articleSection\":\"Altos de Chavon @es\",\"author\":[{\"@type\":\"Person\",\"name\":\"Heather Lincoln\"}],\"creator\":[\"Heather Lincoln\"],\"publisher\":{\"@type\":\"Organization\",\"name\":\"Casa de Campo Living\",\"logo\":\"https:\\\/\\\/casadecampoliving.com\\\/wp-content\\\/uploads\\\/2022\\\/07\\\/CDCLivingLogo_V1-white-sized.png\"},\"keywords\":[\"casa de campo @es\",\"featured-topview @es\",\"flavors of the world @es\",\"la piazzetta @es\"],\"dateCreated\":\"2016-07-29T04:00:00Z\",\"datePublished\":\"2016-07-29T04:00:00Z\",\"dateModified\":\"2022-10-21T23:05:11Z\"}<\/script>","tracker_url":"https:\/\/cdn.parsely.com\/keys\/casadecampoliving.com\/p.js"},"jetpack_publicize_connections":[],"jetpack_featured_media_url":"https:\/\/i0.wp.com\/casadecampoliving.com\/wp-content\/uploads\/2022\/10\/FlavorsoftheWorldItaly1.jpg?fit=939%2C563&ssl=1","jetpack-related-posts":[{"id":350415,"url":"https:\/\/casadecampoliving.com\/es\/chef-alba-esteve-ruiz-en-flavors-of-the-world-italia\/","url_meta":{"origin":350292,"position":0},"title":"Joven y talentosa Chef Alba Esteve Ruiz nos sorprendi\u00f3 en Flavors of the World Italia","author":"Marlenys Guzm\u00e1n Casta\u00f1os","date":"23 Ago, 2016","format":false,"excerpt":"\u00a1Este fin de semana fue realmente\u00a0delicioso! \u00a1El para\u00edso para los amantes de la comida!\u00a0La 4ta edici\u00f3n de Flavors of the World fue dedicado a\u00a0Italia, con la\u00a0joven y talentosa chef Alba Esteve\u00a0Ruiz del restaurante Marzapane en Roma, Italia. Las dos primeras noches del evento tuvo como sede La Piazzetta aqu\u00ed en\u2026","rel":"","context":"En \u00abAltos de Chavon @es\u00bb","block_context":{"text":"Altos de Chavon @es","link":"https:\/\/casadecampoliving.com\/category\/altos-de-chavon-es\/"},"img":{"alt_text":"Flavors of the World Italy - Chef Alba Esteve Ruiz","src":"https:\/\/i0.wp.com\/casadecampoliving.com\/wp-content\/uploads\/2022\/10\/IMG_4510-1-e1472049672602-1.jpg?fit=1000%2C667&ssl=1&resize=350%2C200","width":350,"height":200,"srcset":"https:\/\/i0.wp.com\/casadecampoliving.com\/wp-content\/uploads\/2022\/10\/IMG_4510-1-e1472049672602-1.jpg?fit=1000%2C667&ssl=1&resize=350%2C200 1x, https:\/\/i0.wp.com\/casadecampoliving.com\/wp-content\/uploads\/2022\/10\/IMG_4510-1-e1472049672602-1.jpg?fit=1000%2C667&ssl=1&resize=525%2C300 1.5x, https:\/\/i0.wp.com\/casadecampoliving.com\/wp-content\/uploads\/2022\/10\/IMG_4510-1-e1472049672602-1.jpg?fit=1000%2C667&ssl=1&resize=700%2C400 2x"},"classes":[]},{"id":327679,"url":"https:\/\/casadecampoliving.com\/flavors-of-the-world-italy\/","url_meta":{"origin":350292,"position":1},"title":"\u00abA Taste of the Story\u00bb: Alba Esteve Ruiz joins Flavors of the World Italy in August","author":"Heather Lincoln","date":"29 Jul, 2016","format":false,"excerpt":"Casa de Campo is preparing itself for the next Flavors of the World food event! Just two weeks ago, we were out and about in the Marina and Minitas Beach\u00a0partaking in the best from Miami chefs of the Pubbelly Group, Matador Room, and Alter. On August 19th-21st, Italy comes to\u2026","rel":"","context":"En \u00abArt and Culture\u00bb","block_context":{"text":"Art and Culture","link":"https:\/\/casadecampoliving.com\/category\/art-and-culture\/"},"img":{"alt_text":"Flavors of the World Italy","src":"https:\/\/i0.wp.com\/casadecampoliving.com\/wp-content\/uploads\/2022\/10\/FlavorsoftheWorldItaly1.jpg?fit=939%2C563&ssl=1&resize=350%2C200","width":350,"height":200,"srcset":"https:\/\/i0.wp.com\/casadecampoliving.com\/wp-content\/uploads\/2022\/10\/FlavorsoftheWorldItaly1.jpg?fit=939%2C563&ssl=1&resize=350%2C200 1x, https:\/\/i0.wp.com\/casadecampoliving.com\/wp-content\/uploads\/2022\/10\/FlavorsoftheWorldItaly1.jpg?fit=939%2C563&ssl=1&resize=525%2C300 1.5x, https:\/\/i0.wp.com\/casadecampoliving.com\/wp-content\/uploads\/2022\/10\/FlavorsoftheWorldItaly1.jpg?fit=939%2C563&ssl=1&resize=700%2C400 2x"},"classes":[]},{"id":350465,"url":"https:\/\/casadecampoliving.com\/es\/flavors-of-the-world-mexico-de-casa-de-campo-la-proxima-semana\/","url_meta":{"origin":350292,"position":2},"title":"Mexico se une al evento \u00abFlavors of the World\u00bb de Casa de Campo el pr\u00f3ximo 16 de septiembre","author":"Heather Lincoln","date":"7 Sep, 2016","format":false,"excerpt":"El evento gastron\u00f3mico de Casa de Campo \u201cFlavors of the World\u201d ha\u00a0hecho un gran impacto en el complejo durante los meses de verano, visitantes y residentes han podido disfrutar de la cocina\u00a0de Espa\u00f1a, Rep\u00fablica Dominicana, Miami y m\u00e1s recientemente, Italia. Con s\u00f3lo tres ediciones m\u00e1s para concluir la\u00a0serie en noviembre,\u2026","rel":"","context":"En \u00abAltos de Chavon @es\u00bb","block_context":{"text":"Altos de Chavon @es","link":"https:\/\/casadecampoliving.com\/category\/altos-de-chavon-es\/"},"img":{"alt_text":"Chef_Gerardo_Vazquez_Lugo_Nicos","src":"https:\/\/i0.wp.com\/casadecampoliving.com\/wp-content\/uploads\/2022\/10\/Chef_Gerardo_Vazquez_Lugo_Nicos-1.jpg?fit=1000%2C600&ssl=1&resize=350%2C200","width":350,"height":200,"srcset":"https:\/\/i0.wp.com\/casadecampoliving.com\/wp-content\/uploads\/2022\/10\/Chef_Gerardo_Vazquez_Lugo_Nicos-1.jpg?fit=1000%2C600&ssl=1&resize=350%2C200 1x, https:\/\/i0.wp.com\/casadecampoliving.com\/wp-content\/uploads\/2022\/10\/Chef_Gerardo_Vazquez_Lugo_Nicos-1.jpg?fit=1000%2C600&ssl=1&resize=525%2C300 1.5x, https:\/\/i0.wp.com\/casadecampoliving.com\/wp-content\/uploads\/2022\/10\/Chef_Gerardo_Vazquez_Lugo_Nicos-1.jpg?fit=1000%2C600&ssl=1&resize=700%2C400 2x"},"classes":[]},{"id":327758,"url":"https:\/\/casadecampoliving.com\/chef-alba-esteve-ruiz-flavors-of-the-world-italy\/","url_meta":{"origin":350292,"position":3},"title":"Young and talented Chef Alba Esteve Ruiz amazed us with \u00abFlavors of the World\u00bb Italy","author":"Marlenys Guzm\u00e1n Casta\u00f1os","date":"23 Ago, 2016","format":false,"excerpt":"This weekend was a delicious one indeed! Pure heaven for a foodie. The 4th edition of Flavors of the World was dedicated to Italy, featuring a very talented and young chef, Alba Esteve Ruiz from the restaurant Marzapane in Rome, Italy. The first two nights the event took place in\u2026","rel":"","context":"En \u00abAltos de Chavon\u00bb","block_context":{"text":"Altos de Chavon","link":"https:\/\/casadecampoliving.com\/category\/altos-de-chavon\/"},"img":{"alt_text":"Flavors of the World Italy - Chef Alba Esteve Ruiz","src":"https:\/\/i0.wp.com\/casadecampoliving.com\/wp-content\/uploads\/2022\/10\/IMG_4510-1-e1472049672602-1.jpg?fit=1000%2C667&ssl=1&resize=350%2C200","width":350,"height":200,"srcset":"https:\/\/i0.wp.com\/casadecampoliving.com\/wp-content\/uploads\/2022\/10\/IMG_4510-1-e1472049672602-1.jpg?fit=1000%2C667&ssl=1&resize=350%2C200 1x, https:\/\/i0.wp.com\/casadecampoliving.com\/wp-content\/uploads\/2022\/10\/IMG_4510-1-e1472049672602-1.jpg?fit=1000%2C667&ssl=1&resize=525%2C300 1.5x, https:\/\/i0.wp.com\/casadecampoliving.com\/wp-content\/uploads\/2022\/10\/IMG_4510-1-e1472049672602-1.jpg?fit=1000%2C667&ssl=1&resize=700%2C400 2x"},"classes":[]},{"id":350162,"url":"https:\/\/casadecampoliving.com\/es\/flavors-world-miami-fiesta-en-la-playa\/","url_meta":{"origin":350292,"position":4},"title":"\u00a1Este fin de semana \u00abFlavors of the World\u00bb nos trae una fiesta en la playa y mucho m\u00e1s, al estilo Miami!","author":"Marlenys Guzm\u00e1n Casta\u00f1os","date":"11 Jul, 2016","format":false,"excerpt":"Hace poco anunciamos el 3er evento de \u201cFlavors of the World,\u201d un viaje gastron\u00f3mico que destaca un sin n\u00famero de opciones de alta cocina, gourmet, casual que estar\u00e1 disponible en Casa de Campo que tendr\u00e1 lugar este fin de semana. Tres incre\u00edbles cocineros nos visitaran desde Miami, el chef Jos\u00e9\u2026","rel":"","context":"En \u00abComidas &amp; Bebidas\u00bb","block_context":{"text":"Comidas &amp; Bebidas","link":"https:\/\/casadecampoliving.com\/es\/category\/comidas-bebidas\/"},"img":{"alt_text":"Featured Image Flavors of the World Beach Party","src":"https:\/\/i0.wp.com\/casadecampoliving.com\/wp-content\/uploads\/2022\/10\/Featured-Image-Flavors-of-the-World-Beach-Party.jpg?fit=1000%2C600&ssl=1&resize=350%2C200","width":350,"height":200,"srcset":"https:\/\/i0.wp.com\/casadecampoliving.com\/wp-content\/uploads\/2022\/10\/Featured-Image-Flavors-of-the-World-Beach-Party.jpg?fit=1000%2C600&ssl=1&resize=350%2C200 1x, https:\/\/i0.wp.com\/casadecampoliving.com\/wp-content\/uploads\/2022\/10\/Featured-Image-Flavors-of-the-World-Beach-Party.jpg?fit=1000%2C600&ssl=1&resize=525%2C300 1.5x, https:\/\/i0.wp.com\/casadecampoliving.com\/wp-content\/uploads\/2022\/10\/Featured-Image-Flavors-of-the-World-Beach-Party.jpg?fit=1000%2C600&ssl=1&resize=700%2C400 2x"},"classes":[]},{"id":327791,"url":"https:\/\/casadecampoliving.com\/flavors-world-mexico\/","url_meta":{"origin":350292,"position":5},"title":"Mexico joins line-up in Casa de Campo&#8217;s Next \u00abFlavors of the World\u00bb September 16th","author":"Heather Lincoln","date":"7 Sep, 2016","format":false,"excerpt":"Casa de Campo\u2019s \u201cFlavors of the World\u201d gastronomy events have made quite an impact within the resort over the summer months, as visitors and residents sample\u00a0cuisine from Spain, the Dominican Republic, Miami and most recently, Italy.\u00a0With just three more installments\u00a0left in the series that concludes in November, we look forward\u2026","rel":"","context":"En \u00abAltos de Chavon\u00bb","block_context":{"text":"Altos de Chavon","link":"https:\/\/casadecampoliving.com\/category\/altos-de-chavon\/"},"img":{"alt_text":"Chef_Gerardo_Vazquez_Lugo_Nicos","src":"https:\/\/i0.wp.com\/casadecampoliving.com\/wp-content\/uploads\/2022\/10\/Chef_Gerardo_Vazquez_Lugo_Nicos-1.jpg?fit=1000%2C600&ssl=1&resize=350%2C200","width":350,"height":200,"srcset":"https:\/\/i0.wp.com\/casadecampoliving.com\/wp-content\/uploads\/2022\/10\/Chef_Gerardo_Vazquez_Lugo_Nicos-1.jpg?fit=1000%2C600&ssl=1&resize=350%2C200 1x, https:\/\/i0.wp.com\/casadecampoliving.com\/wp-content\/uploads\/2022\/10\/Chef_Gerardo_Vazquez_Lugo_Nicos-1.jpg?fit=1000%2C600&ssl=1&resize=525%2C300 1.5x, https:\/\/i0.wp.com\/casadecampoliving.com\/wp-content\/uploads\/2022\/10\/Chef_Gerardo_Vazquez_Lugo_Nicos-1.jpg?fit=1000%2C600&ssl=1&resize=700%2C400 2x"},"classes":[]}],"jetpack_sharing_enabled":true,"_links":{"self":[{"href":"https:\/\/casadecampoliving.com\/es\/wp-json\/wp\/v2\/posts\/350292","targetHints":{"allow":["GET"]}}],"collection":[{"href":"https:\/\/casadecampoliving.com\/es\/wp-json\/wp\/v2\/posts"}],"about":[{"href":"https:\/\/casadecampoliving.com\/es\/wp-json\/wp\/v2\/types\/post"}],"author":[{"embeddable":true,"href":"https:\/\/casadecampoliving.com\/es\/wp-json\/wp\/v2\/users\/36681"}],"replies":[{"embeddable":true,"href":"https:\/\/casadecampoliving.com\/es\/wp-json\/wp\/v2\/comments?post=350292"}],"version-history":[{"count":1,"href":"https:\/\/casadecampoliving.com\/es\/wp-json\/wp\/v2\/posts\/350292\/revisions"}],"predecessor-version":[{"id":350293,"href":"https:\/\/casadecampoliving.com\/es\/wp-json\/wp\/v2\/posts\/350292\/revisions\/350293"}],"wp:featuredmedia":[{"embeddable":true,"href":"https:\/\/casadecampoliving.com\/es\/wp-json\/wp\/v2\/media\/285199"}],"wp:attachment":[{"href":"https:\/\/casadecampoliving.com\/es\/wp-json\/wp\/v2\/media?parent=350292"}],"wp:term":[{"taxonomy":"category","embeddable":true,"href":"https:\/\/casadecampoliving.com\/es\/wp-json\/wp\/v2\/categories?post=350292"},{"taxonomy":"post_tag","embeddable":true,"href":"https:\/\/casadecampoliving.com\/es\/wp-json\/wp\/v2\/tags?post=350292"},{"taxonomy":"newspack_spnsrs_tax","embeddable":true,"href":"https:\/\/casadecampoliving.com\/es\/wp-json\/wp\/v2\/newspack_spnsrs_tax?post=350292"}],"curies":[{"name":"wp","href":"https:\/\/api.w.org\/{rel}","templated":true}]}}