{"id":350289,"date":"2016-07-28T00:00:00","date_gmt":"2016-07-28T04:00:00","guid":{"rendered":"https:\/\/casadecampoliving.com\/estudiantes-chavon-berlin-con-jimmy-roberts-y-udk\/"},"modified":"2022-10-21T19:04:54","modified_gmt":"2022-10-21T23:04:54","slug":"estudiantes-chavon-berlin-con-jimmy-roberts-y-udk","status":"publish","type":"post","link":"https:\/\/casadecampoliving.com\/es\/estudiantes-chavon-berlin-con-jimmy-roberts-y-udk\/","title":{"rendered":"Arte sin fronteras: \u00a1Estudiantes de Chav\u00f3n se presentan en Berlin con Jimmy Roberts y la UdK!"},"content":{"rendered":"\n<p><span style=\"font-weight: 400;\">La semana pasada, hemos sido testigos de que el arte no tiene l\u00edmites gracias a la<a href=\"https:\/\/casadecampoliving.com\/es\/coctel-de-bienvenida-de-la-iniciativa-de-arte-davidoff\/\"> Iniciativa de Arte Davidoff <\/a>y a uno de sus residentes m\u00e1s recientes, Jimmy Roberts. 10 estudiantes de la Escuela de Dise\u00f1o&nbsp;de Altos de Chav\u00f3n viajaron a Berl\u00edn para continuar con la actuaci\u00f3n conjunta que hab\u00edan comenzado en Casa de Campo hace unos meses atras con los estudiantes de Universit\u00e4t der K\u00fcnste. Siendo fieles al arte y el intercambio cultural, el proyecto permiti\u00f3 a los estudiantes examinar las nociones de subjetividad y la documentaci\u00f3n, as\u00ed como la apropiaci\u00f3n, y el g\u00e9nero. Los estudiantes desarrollaron actuaciones en torno a estos temas, creando as\u00ed un&nbsp;espacio de di\u00e1logo abierto como una forma de evaluar las ideas que estaban explorando.<\/span><\/p>\n\n\n\n<!--more-->\n\n\n<div class=\"wp-block-image\">\n<figure class=\"aligncenter is-resized\"><img loading=\"lazy\" decoding=\"async\" src=\"https:\/\/i0.wp.com\/casadecampoliving.com\/wp-content\/uploads\/2022\/10\/JimmyRobert_Perfomance_Workshop-3.jpg?resize=1000%2C667&amp;ssl=1\" alt=\"Jimmy Robert's Perfomance Workshop\" class=\"wp-image-120858\" height=\"667\" width=\"1000\"\/><\/figure>\n<\/div>\n\n<div class=\"wp-block-image\">\n<figure class=\"alignright is-resized\"><img loading=\"lazy\" decoding=\"async\" src=\"https:\/\/i0.wp.com\/casadecampoliving.com\/wp-content\/uploads\/2022\/10\/JimmyRobert_Perfomance_Workshop-2.jpg?resize=300%2C545&amp;ssl=1\" alt=\"Jimmy Robert's Perfomance Workshop\" class=\"wp-image-120856\" height=\"545\" width=\"300\"\/><\/figure>\n<\/div>\n\n\n<p><span style=\"font-weight: 400;\"><\/span><\/p>\n\n\n\n<p><span style=\"font-weight: 400;\">Hace aproximadamente dos a\u00f1os, Jimmy tuvo la idea de realizar&nbsp;un proyecto en torno a la definici\u00f3n de lo que es el rendimiento y lo que significa trabajar en colaboraci\u00f3n. Comenz\u00f3 con 15 alumnos de&nbsp;la Universit\u00e4t der K\u00fcnste de Berl\u00edn, y luego de terminado su residencia con la Iniciativa de Arte Davidoff en Casa de Campo, sus estudiantes viajaron hasta aqu\u00ed para trabajar con estudiantes de arte locales. Su primera presentaci\u00f3n fue durante&nbsp;el c\u00f3ctel de&nbsp;<a href=\"https:\/\/casadecampoliving.com\/es\/comida-cigarros-arte-davidoff-art-gourmet-cocktail\/\"><span style=\"font-weight: 400;\">Davidoff Tour Gastronomique <\/span><\/a>, y recuerdo con claridad esa imagen de un grupo que caminaba con un prop\u00f3sito, buscando transmitir, \u201d \u00bfQu\u00e9 significa movilizar&nbsp;su [ propio ] cuerpo de uno a otro lado?\u201d a pesar de que ellos no hicieron ning\u00fan movimiento en especial;&nbsp;otro objetivo de su actuaci\u00f3n era mostrar c\u00f3mo la presencia de varios cuerpos puede ser entendida como una forma de protesta, incluso si los participantes no expresan ning\u00fan tipo de&nbsp;mensaje directo .<\/span><\/p>\n\n\n\n<p><span style=\"font-weight: 400;\">Gracias&nbsp;a las contribuciones de miembros de la comunidad y el apoyo de todo el mundo a la&nbsp;campa\u00f1a de crowdfunding, los estudiantes de Chav\u00f3n tuvieron la maravillosa&nbsp;oportunidad&nbsp;de&nbsp;viajar a Berl\u00edn y ser parte de la etapa final del proyecto. Se presentaron desde el viernes 22 de julio \u2013 Domingo 24 de julio como parte del evento <a href=\"https:\/\/www.udk-berlin.de\/en\/service\/marketing\/university-events\/open-doors-rundgang-2016\/\" target=\"_blank\" rel=\"noopener\">\u201d Rundgang \u201d de la UdK <\/a>con todos los int\u00e9rpretes originales presentes. \u00a1Esto sin duda ha sido colaboraci\u00f3n e intercambio cultural internacional exitosa!<\/span><\/p>\n\n\n\n<p><span style=\"font-weight: 400;\">Jimmy se\u00f1ala ,<em><strong> \u201cLos recientes acontecimientos en Europa han generado un estado de&nbsp;temor e inseguridad con respecto a los inmigrantes, y con estos movimientos de cuerpos nos gustar\u00eda demostrar que podemos aprender mucho los unos de los otros tratando as\u00ed&nbsp;de dejar de pensar en t\u00e9rminos binarios tales como los otros y nosotros. No se trata de nosotros contra ellos, se trata de \u201cnosotros\u201d ; Se trata de que las personas puedan relacionarse con otras personas y pueda establecerse un di\u00e1logo y el reconocimiento de su presencia. Estamos presentes en el espacio que estamos trabajando; somos capaces de relacionarnos; queremos ser tocados y tocar, porque aqu\u00ed estamos hoy\u201d.<\/strong><\/em><\/span><span style=\"font-weight: 400;\"><br>\n<\/span><\/p>\n\n\n\n<p><strong>A&nbsp;continuaci\u00f3n&nbsp;el v\u00eddeo de Transe\u00fante Berl\u00edn de su&nbsp;p\u00e1gina de <a href=\"https:\/\/www.facebook.com\/transeunteberlin\/#\" target=\"_blank\" rel=\"noopener\">Facebook<\/a>:<\/strong><\/p>\n\n\n\n<p><iframe loading=\"lazy\" style=\"border: none; overflow: hidden;\" src=\"https:\/\/www.facebook.com\/plugins\/video.php?href=https%3A%2F%2Fwww.facebook.com%2Ftranseunteberlin%2Fvideos%2F1161821100551383%2F&amp;show_text=0&amp;width=400\" width=\"400\" height=\"400\" frameborder=\"0\" scrolling=\"no\" allowfullscreen=\"allowfullscreen\"><\/iframe><\/p>\n\n\n\n<blockquote><h3>Jimmy Robert<\/h3><figure><img decoding=\"async\" loading=\"lazy\" class=\"alignright wp-image-120859 size-thumbnail\" src=\"https:\/\/i0.wp.com\/casadecampoliving.com\/wp-content\/uploads\/2022\/10\/JimmyRobert-150x150-2-150x150.jpg?resize=150%2C150&amp;ssl=1\" alt=\"JimmyRobert\" width=\"150\" height=\"150\"><\/figure><p style=\"text-align: justify;\"><span style=\"font-weight: 400;\">Jimmy Robert es egresado de la Goldsmiths College de Londres y vive y trabaja en Berl\u00edn. Sus v\u00eddeos, instalaciones y collages ef\u00edmeros se basan en el lenguaje teatral de la coreograf\u00eda y la danza contempor\u00e1nea, con tem\u00e1ticas del conceptualismo, el feminismo y la escultura post- minimalista. Vis \u2013 \u00e0-vis, su debut individual en EE.UU. se llevoa cabo en MCA Chicago en el oto\u00f1o de 2012 y sus m\u00e1s recientes exhibiciones incluyen <i><span style=\"font-weight: 400;\">Draw the Line<\/span><\/i><span style=\"font-weight: 400;\">, The Power Plant (Toronto, 2013); 8th Berlin Biennale y 11th DAK\u2019ART Biennale de Dakar &nbsp;(2014); <\/span><i><span style=\"font-weight: 400;\">A Clean Line that Starts from the Shoulder<\/span><\/i><span style=\"font-weight: 400;\">, Museum M, Leuven (Belgium, 2015); y <\/span><i><span style=\"font-weight: 400;\">Descendances du nu<\/span><\/i><span style=\"font-weight: 400;\">, Centre d\u2019art contemporain \u2013 la synagogue de Delme (France, 2016).<\/span><br>\n<\/span><\/p><\/blockquote>\n\n\n\n<blockquote><h3>Sobre la Iniciativa de Arte&nbsp;Davidoff<\/h3><figure><img decoding=\"async\" loading=\"lazy\" class=\"alignright wp-image-117810\" src=\"https:\/\/i0.wp.com\/casadecampoliving.com\/wp-content\/uploads\/2022\/10\/Davidoff-Art-Initiative-logo-e1458236523423.png?resize=230%2C150&amp;ssl=1\" alt=\"Davidoff Art Initiative logo\" width=\"230\" height=\"150\"><\/figure><p>La Iniciativa de Arte Davidoff apoya el arte y los artistas contempor\u00e1neos en el Caribe, fortalece las organizaciones de arte, y fomenta el compromiso cultural entre el Caribe y el resto del mundo. Trae oportunidad y visibilidad al arte y la cultura de la regi\u00f3n del Caribe, incluyendo la Rep\u00fablica Dominicana, donde gran parte de la producci\u00f3n de Davidoff y muchos de los empleados se basa, continuando con el compromiso de la compa\u00f1\u00eda con el arte, la artesan\u00eda , la comunidad y la calidad. Los cuatro programas globales de la Iniciativa de Arte&nbsp;Davidoff son: Residencia Art\u00edstica, Di\u00e1logos de arte, Becas de Arte y Ediciones de Arte.<\/p><\/blockquote>\n\n\n\n<blockquote><h4><a href=\"https:\/\/casadecampoliving.com\/es\/estudiantes-de-arte-dominicanos-viajaran-berlin\/\">Estudiantes de arte dominicanos viajaran a Berl\u00edn para una presentaci\u00f3n \u00a1y usted puede ayudar a que esto suceda!<\/a><\/h4><figure><a href=\"https:\/\/casadecampoliving.com\/es\/estudiantes-de-arte-dominicanos-viajaran-berlin\/\"><img decoding=\"async\" loading=\"lazy\" class=\"attachment- wp-post-image aligncenter\" src=\"https:\/\/i0.wp.com\/casadecampoliving.com\/wp-content\/uploads\/2022\/10\/Featured-Image-Chavon-Students-Berlin.jpg?resize=1000%2C600&amp;ssl=1\" sizes=\"auto, (max-width: 1000px) 100vw, 1000px\" srcset=\"https:\/\/i0.wp.com\/casadecampoliving.com\/wp-content\/uploads\/2022\/10\/Featured-Image-Chavon-Students-Berlin.jpg?resize=1000%2C600&amp;ssl=1 1000w, https:\/\/i0.wp.com\/casadecampoliving.com\/wp-content\/uploads\/2022\/10\/Featured-Image-Chavon-Students-Berlin.jpg?resize=1000%2C600&amp;ssl=1 300w, https:\/\/i0.wp.com\/casadecampoliving.com\/wp-content\/uploads\/2022\/10\/Featured-Image-Chavon-Students-Berlin.jpg?resize=1000%2C600&amp;ssl=1 768w, https:\/\/i0.wp.com\/casadecampoliving.com\/wp-content\/uploads\/2022\/10\/Featured-Image-Chavon-Students-Berlin.jpg?resize=1000%2C600&amp;ssl=1 450w\" alt=\"Featured Image Chavon Students Berlin\" width=\"1000\" height=\"600\"><\/a><\/figure><p><br>\nNo s\u00f3lo Altos de Chav\u00f3n es una villa de artistas donde se respira y se vive el arte con la \u00fanica escuela de arte en la Rep\u00fablica Dominicana, pero tambi\u00e9n es el hogar de la <a href=\"https:\/\/casadecampoliving.com\/es\/coctel-de-bienvenida-de-la-iniciativa-de-arte-davidoff\/\">Iniciativa Art\u00edstica de Davidoff<\/a>, un esfuerzo global para fomentar un di\u00e1logo m\u00e1s amplio en torno al arte contempor\u00e1neo, proporcionando a artistas Dominicanos e internacionales con la oportunidad de intercambiar proyectos, ideas y pensamientos como parte de un programa de residencia de Artes en sus <a href=\"https:\/\/casadecampoliving.com\/es\/iniciativa-de-arte-davidoff-oficialmente-abierta-en-altos-de-chavon-2\/\">Estudios de Arte Davidoff en Chav\u00f3n<\/a>. Contin\u00fae leyendo <a href=\"https:\/\/casadecampoliving.com\/es\/estudiantes-de-arte-dominicanos-viajaran-berlin\/\">aqu\u00ed<\/a><\/p><\/blockquote>\n\n\n\n<blockquote><h4><a href=\"https:\/\/casadecampoliving.com\/es\/comida-cigarros-arte-davidoff-art-gourmet-cocktail\/\">\u00a1Comida, Cigarros y Arte durante el Davidoff Art &amp; Gourmet Cocktail!<\/a><\/h4><figure><a href=\"https:\/\/casadecampoliving.com\/davidoff-art-gourmet-cocktail-art-food-cigars\/\"><img decoding=\"async\" loading=\"lazy\" class=\"attachment- wp-post-image aligncenter\" src=\"https:\/\/i0.wp.com\/casadecampoliving.com\/wp-content\/uploads\/2022\/10\/DSC_0575-e1456266883263.jpg?resize=650%2C433&amp;ssl=1\" alt=\"Davidoff Art &amp; Gourmet Weekend Cocktail\" width=\"650\" height=\"433\"><\/a><\/figure><p>Este fin de semana pasado se llev\u00f3 a cabo aqu\u00ed en la Casa de Campo el Davidoff\u2019s Tour Gastronomique Art &amp; Gourmet Weekend, y tuve el privilegio de asistir al Art &amp; Gourmet Cocktail el pasado viernes. La noche empez\u00f3 en uno de los jard\u00ednes en Altos de Chav\u00f3n, y uno no podr\u00eda desear un mejor clima para acompa\u00f1ar las pl\u00e1ticas al aire libre sobre arte con un cigarro en la mano. Contin\u00fae leyendo <a href=\"https:\/\/casadecampoliving.com\/es\/comida-cigarros-arte-davidoff-art-gourmet-cocktail\/\">aqu\u00ed.<\/a><\/p><\/blockquote>\n","protected":false},"excerpt":{"rendered":"<p>La semana pasada, hemos sido testigos de que el arte no tiene l\u00edmites gracias a la Iniciativa de Arte Davidoff y a uno de sus residentes m\u00e1s recientes, Jimmy Roberts. 10 estudiantes de la Escuela de Dise\u00f1o&nbsp;de Altos de Chav\u00f3n viajaron a Berl\u00edn para continuar con la actuaci\u00f3n conjunta que hab\u00edan comenzado en Casa de [&hellip;]<\/p>\n","protected":false},"author":36683,"featured_media":285023,"comment_status":"closed","ping_status":"closed","sticky":false,"template":"","format":"standard","meta":{"newspack_ads_suppress_ads":false,"newspack_popups_has_disabled_popups":false,"newspack_sponsor_sponsorship_scope":"","newspack_sponsor_native_byline_display":"inherit","newspack_sponsor_native_category_display":"inherit","newspack_sponsor_underwriter_style":"inherit","newspack_sponsor_underwriter_placement":"inherit","_newspack_byline_active":false,"_newspack_byline":"","newspack_hide_updated_date":false,"newspack_show_updated_date":false,"newspack_content_restriction_is_exempt":false,"newspack_featured_image_position":"","newspack_post_subtitle":"","newspack_article_summary_title":"Overview:","newspack_article_summary":"","_jetpack_memberships_contains_paid_content":false,"footnotes":"","jetpack_publicize_message":"","jetpack_publicize_feature_enabled":true,"jetpack_social_post_already_shared":false,"jetpack_social_options":{"image_generator_settings":{"template":"highway","default_image_id":0,"font":"","enabled":false},"version":2},"_wpas_customize_per_network":false},"categories":[26819,26823,2522,2506,14625,2521,19622],"tags":[15387,23815,3626,8562,14736,10615],"newspack_spnsrs_tax":[],"class_list":["post-350289","post","type-post","status-publish","format-standard","has-post-thumbnail","hentry","category-altos-de-chavon-es","category-arte-y-cultura","category-eventos-es","category-mas-alla-de-casa-es","category-noticias-locales","category-republica-dominicana-2","category-video-es-2","tag-altos-de-chavon-es","tag-casa-de-campo-es-17","tag-casa-de-campo-es","tag-davidoff-art-initiative-es","tag-featured-topview-es","tag-iniciativa-de-arte-davidoff","entry"],"yoast_head":"<!-- This site is optimized with the Yoast SEO plugin v27.4 - https:\/\/yoast.com\/product\/yoast-seo-wordpress\/ -->\n<title>Arte sin fronteras: \u00a1Estudiantes de Chav\u00f3n se presentan en Berlin con Jimmy Roberts y la UdK! | Casa de Campo Living<\/title>\n<meta name=\"description\" content=\"La semana pasada, hemos sido testigos de que el arte no tiene l\u00edmites gracias a la Iniciativa de Arte Davidoff y a uno de sus residentes m\u00e1s recientes,\" \/>\n<meta name=\"robots\" content=\"index, follow, max-snippet:-1, max-image-preview:large, max-video-preview:-1\" \/>\n<link rel=\"canonical\" href=\"https:\/\/casadecampoliving.com\/es\/estudiantes-chavon-berlin-con-jimmy-roberts-y-udk\/\" \/>\n<meta property=\"og:locale\" content=\"es_ES\" \/>\n<meta property=\"og:type\" content=\"article\" \/>\n<meta property=\"og:title\" content=\"Arte sin fronteras: \u00a1Estudiantes de Chav\u00f3n se presentan en Berlin con Jimmy Roberts y la UdK! | Casa de Campo Living\" \/>\n<meta property=\"og:description\" content=\"La semana pasada, hemos sido testigos de que el arte no tiene l\u00edmites gracias a la Iniciativa de Arte Davidoff y a uno de sus residentes m\u00e1s recientes,\" \/>\n<meta property=\"og:url\" content=\"https:\/\/casadecampoliving.com\/es\/estudiantes-chavon-berlin-con-jimmy-roberts-y-udk\/\" \/>\n<meta property=\"og:site_name\" content=\"Casa de Campo Living\" \/>\n<meta property=\"article:publisher\" content=\"https:\/\/www.facebook.com\/casadecampoliving\" \/>\n<meta property=\"article:published_time\" content=\"2016-07-28T04:00:00+00:00\" \/>\n<meta property=\"article:modified_time\" content=\"2022-10-21T23:04:54+00:00\" \/>\n<meta property=\"og:image\" content=\"https:\/\/i0.wp.com\/casadecampoliving.com\/wp-content\/uploads\/2022\/10\/JimmyRobert_Perfomance_Workshop-1-1.jpg?fit=1000%2C563&ssl=1\" \/>\n\t<meta property=\"og:image:width\" content=\"1000\" \/>\n\t<meta property=\"og:image:height\" content=\"563\" \/>\n\t<meta property=\"og:image:type\" content=\"image\/jpeg\" \/>\n<meta name=\"author\" content=\"Anna Pavilsova\" \/>\n<meta name=\"twitter:card\" content=\"summary_large_image\" \/>\n<meta name=\"twitter:creator\" content=\"@cdcliving\" \/>\n<meta name=\"twitter:site\" content=\"@cdcliving\" \/>\n<meta name=\"twitter:label1\" content=\"Escrito por\" \/>\n\t<meta name=\"twitter:data1\" content=\"Anna Pavilsova\" \/>\n\t<meta name=\"twitter:label2\" content=\"Tiempo de lectura\" \/>\n\t<meta name=\"twitter:data2\" content=\"5 minutos\" \/>\n<script type=\"application\/ld+json\" class=\"yoast-schema-graph\">{\"@context\":\"https:\\\/\\\/schema.org\",\"@graph\":[{\"@type\":\"Article\",\"@id\":\"https:\\\/\\\/casadecampoliving.com\\\/es\\\/estudiantes-chavon-berlin-con-jimmy-roberts-y-udk\\\/#article\",\"isPartOf\":{\"@id\":\"https:\\\/\\\/casadecampoliving.com\\\/es\\\/estudiantes-chavon-berlin-con-jimmy-roberts-y-udk\\\/\"},\"author\":{\"name\":\"Anna Pavilsova\",\"@id\":\"https:\\\/\\\/casadecampoliving.com\\\/es\\\/#\\\/schema\\\/person\\\/18471262c056a7d1ee6adbd125d26275\"},\"headline\":\"Arte sin fronteras: \u00a1Estudiantes de Chav\u00f3n se presentan en Berlin con Jimmy Roberts y la UdK!\",\"datePublished\":\"2016-07-28T04:00:00+00:00\",\"dateModified\":\"2022-10-21T23:04:54+00:00\",\"mainEntityOfPage\":{\"@id\":\"https:\\\/\\\/casadecampoliving.com\\\/es\\\/estudiantes-chavon-berlin-con-jimmy-roberts-y-udk\\\/\"},\"wordCount\":999,\"publisher\":{\"@id\":\"https:\\\/\\\/casadecampoliving.com\\\/es\\\/#organization\"},\"image\":{\"@id\":\"https:\\\/\\\/casadecampoliving.com\\\/es\\\/estudiantes-chavon-berlin-con-jimmy-roberts-y-udk\\\/#primaryimage\"},\"thumbnailUrl\":\"https:\\\/\\\/i0.wp.com\\\/casadecampoliving.com\\\/wp-content\\\/uploads\\\/2022\\\/10\\\/JimmyRobert_Perfomance_Workshop-1-1.jpg?fit=1000%2C563&ssl=1\",\"keywords\":[\"Altos de Chavon\",\"Casa de Campo\",\"casa de campo @es\",\"Davidoff Art Initiative @es\",\"Featured-TopView @es\",\"Iniciativa de Arte Davidoff\"],\"articleSection\":[\"Altos de Chavon @es\",\"Arte y cultura\",\"Eventos\",\"M\u00e1s all\u00e1 de Casa\",\"Noticias Locales\",\"Rep\u00fablica Dominicana @es\",\"Video\"],\"inLanguage\":\"es\"},{\"@type\":\"WebPage\",\"@id\":\"https:\\\/\\\/casadecampoliving.com\\\/es\\\/estudiantes-chavon-berlin-con-jimmy-roberts-y-udk\\\/\",\"url\":\"https:\\\/\\\/casadecampoliving.com\\\/es\\\/estudiantes-chavon-berlin-con-jimmy-roberts-y-udk\\\/\",\"name\":\"Arte sin fronteras: \u00a1Estudiantes de Chav\u00f3n se presentan en Berlin con Jimmy Roberts y la UdK! | Casa de Campo Living\",\"isPartOf\":{\"@id\":\"https:\\\/\\\/casadecampoliving.com\\\/es\\\/#website\"},\"primaryImageOfPage\":{\"@id\":\"https:\\\/\\\/casadecampoliving.com\\\/es\\\/estudiantes-chavon-berlin-con-jimmy-roberts-y-udk\\\/#primaryimage\"},\"image\":{\"@id\":\"https:\\\/\\\/casadecampoliving.com\\\/es\\\/estudiantes-chavon-berlin-con-jimmy-roberts-y-udk\\\/#primaryimage\"},\"thumbnailUrl\":\"https:\\\/\\\/i0.wp.com\\\/casadecampoliving.com\\\/wp-content\\\/uploads\\\/2022\\\/10\\\/JimmyRobert_Perfomance_Workshop-1-1.jpg?fit=1000%2C563&ssl=1\",\"datePublished\":\"2016-07-28T04:00:00+00:00\",\"dateModified\":\"2022-10-21T23:04:54+00:00\",\"description\":\"La semana pasada, hemos sido testigos de que el arte no tiene l\u00edmites gracias a la Iniciativa de Arte Davidoff y a uno de sus residentes m\u00e1s recientes,\",\"breadcrumb\":{\"@id\":\"https:\\\/\\\/casadecampoliving.com\\\/es\\\/estudiantes-chavon-berlin-con-jimmy-roberts-y-udk\\\/#breadcrumb\"},\"inLanguage\":\"es\",\"potentialAction\":[{\"@type\":\"ReadAction\",\"target\":[\"https:\\\/\\\/casadecampoliving.com\\\/es\\\/estudiantes-chavon-berlin-con-jimmy-roberts-y-udk\\\/\"]}]},{\"@type\":\"ImageObject\",\"inLanguage\":\"es\",\"@id\":\"https:\\\/\\\/casadecampoliving.com\\\/es\\\/estudiantes-chavon-berlin-con-jimmy-roberts-y-udk\\\/#primaryimage\",\"url\":\"https:\\\/\\\/i0.wp.com\\\/casadecampoliving.com\\\/wp-content\\\/uploads\\\/2022\\\/10\\\/JimmyRobert_Perfomance_Workshop-1-1.jpg?fit=1000%2C563&ssl=1\",\"contentUrl\":\"https:\\\/\\\/i0.wp.com\\\/casadecampoliving.com\\\/wp-content\\\/uploads\\\/2022\\\/10\\\/JimmyRobert_Perfomance_Workshop-1-1.jpg?fit=1000%2C563&ssl=1\",\"width\":1000,\"height\":563,\"caption\":\"Jimmy Robert's Perfomance Workshop\"},{\"@type\":\"BreadcrumbList\",\"@id\":\"https:\\\/\\\/casadecampoliving.com\\\/es\\\/estudiantes-chavon-berlin-con-jimmy-roberts-y-udk\\\/#breadcrumb\",\"itemListElement\":[{\"@type\":\"ListItem\",\"position\":1,\"name\":\"Home\",\"item\":\"https:\\\/\\\/casadecampoliving.com\\\/es\\\/\"},{\"@type\":\"ListItem\",\"position\":2,\"name\":\"Arte sin fronteras: \u00a1Estudiantes de Chav\u00f3n se presentan en Berlin con Jimmy Roberts y la UdK!\"}]},{\"@type\":\"WebSite\",\"@id\":\"https:\\\/\\\/casadecampoliving.com\\\/es\\\/#website\",\"url\":\"https:\\\/\\\/casadecampoliving.com\\\/es\\\/\",\"name\":\"Casa de Campo Living\",\"description\":\"Resort community news and resources.\",\"publisher\":{\"@id\":\"https:\\\/\\\/casadecampoliving.com\\\/es\\\/#organization\"},\"potentialAction\":[{\"@type\":\"SearchAction\",\"target\":{\"@type\":\"EntryPoint\",\"urlTemplate\":\"https:\\\/\\\/casadecampoliving.com\\\/es\\\/?s={search_term_string}\"},\"query-input\":{\"@type\":\"PropertyValueSpecification\",\"valueRequired\":true,\"valueName\":\"search_term_string\"}}],\"inLanguage\":\"es\"},{\"@type\":\"Organization\",\"@id\":\"https:\\\/\\\/casadecampoliving.com\\\/es\\\/#organization\",\"name\":\"Casa de Campo Living\",\"url\":\"https:\\\/\\\/casadecampoliving.com\\\/es\\\/\",\"logo\":{\"@type\":\"ImageObject\",\"inLanguage\":\"es\",\"@id\":\"https:\\\/\\\/casadecampoliving.com\\\/es\\\/#\\\/schema\\\/logo\\\/image\\\/\",\"url\":\"https:\\\/\\\/i0.wp.com\\\/casadecampoliving.com\\\/wp-content\\\/uploads\\\/2022\\\/07\\\/CDCLivingLogo_V1-white-sized.png?fit=800%2C214&ssl=1\",\"contentUrl\":\"https:\\\/\\\/i0.wp.com\\\/casadecampoliving.com\\\/wp-content\\\/uploads\\\/2022\\\/07\\\/CDCLivingLogo_V1-white-sized.png?fit=800%2C214&ssl=1\",\"width\":800,\"height\":214,\"caption\":\"Casa de Campo Living\"},\"image\":{\"@id\":\"https:\\\/\\\/casadecampoliving.com\\\/es\\\/#\\\/schema\\\/logo\\\/image\\\/\"},\"sameAs\":[\"https:\\\/\\\/www.facebook.com\\\/casadecampoliving\",\"https:\\\/\\\/x.com\\\/cdcliving\"]},{\"@type\":\"Person\",\"@id\":\"https:\\\/\\\/casadecampoliving.com\\\/es\\\/#\\\/schema\\\/person\\\/18471262c056a7d1ee6adbd125d26275\",\"name\":\"Anna Pavilsova\",\"image\":{\"@type\":\"ImageObject\",\"inLanguage\":\"es\",\"@id\":\"https:\\\/\\\/secure.gravatar.com\\\/avatar\\\/bd0620e5ffaea93e8727c1933c5adb433b77b6b8bf4cff105478c55b61a3e855?s=96&d=mm&r=g\",\"url\":\"https:\\\/\\\/secure.gravatar.com\\\/avatar\\\/bd0620e5ffaea93e8727c1933c5adb433b77b6b8bf4cff105478c55b61a3e855?s=96&d=mm&r=g\",\"contentUrl\":\"https:\\\/\\\/secure.gravatar.com\\\/avatar\\\/bd0620e5ffaea93e8727c1933c5adb433b77b6b8bf4cff105478c55b61a3e855?s=96&d=mm&r=g\",\"caption\":\"Anna Pavilsova\"},\"url\":\"https:\\\/\\\/casadecampoliving.com\\\/es\\\/author\\\/apavilsova\\\/\"}]}<\/script>\n<!-- \/ Yoast SEO plugin. -->","yoast_head_json":{"title":"Arte sin fronteras: \u00a1Estudiantes de Chav\u00f3n se presentan en Berlin con Jimmy Roberts y la UdK! | Casa de Campo Living","description":"La semana pasada, hemos sido testigos de que el arte no tiene l\u00edmites gracias a la Iniciativa de Arte Davidoff y a uno de sus residentes m\u00e1s recientes,","robots":{"index":"index","follow":"follow","max-snippet":"max-snippet:-1","max-image-preview":"max-image-preview:large","max-video-preview":"max-video-preview:-1"},"canonical":"https:\/\/casadecampoliving.com\/es\/estudiantes-chavon-berlin-con-jimmy-roberts-y-udk\/","og_locale":"es_ES","og_type":"article","og_title":"Arte sin fronteras: \u00a1Estudiantes de Chav\u00f3n se presentan en Berlin con Jimmy Roberts y la UdK! | Casa de Campo Living","og_description":"La semana pasada, hemos sido testigos de que el arte no tiene l\u00edmites gracias a la Iniciativa de Arte Davidoff y a uno de sus residentes m\u00e1s recientes,","og_url":"https:\/\/casadecampoliving.com\/es\/estudiantes-chavon-berlin-con-jimmy-roberts-y-udk\/","og_site_name":"Casa de Campo Living","article_publisher":"https:\/\/www.facebook.com\/casadecampoliving","article_published_time":"2016-07-28T04:00:00+00:00","article_modified_time":"2022-10-21T23:04:54+00:00","og_image":[{"width":1000,"height":563,"url":"https:\/\/i0.wp.com\/casadecampoliving.com\/wp-content\/uploads\/2022\/10\/JimmyRobert_Perfomance_Workshop-1-1.jpg?fit=1000%2C563&ssl=1","type":"image\/jpeg"}],"author":"Anna Pavilsova","twitter_card":"summary_large_image","twitter_creator":"@cdcliving","twitter_site":"@cdcliving","twitter_misc":{"Escrito por":"Anna Pavilsova","Tiempo de lectura":"5 minutos"},"schema":{"@context":"https:\/\/schema.org","@graph":[{"@type":"Article","@id":"https:\/\/casadecampoliving.com\/es\/estudiantes-chavon-berlin-con-jimmy-roberts-y-udk\/#article","isPartOf":{"@id":"https:\/\/casadecampoliving.com\/es\/estudiantes-chavon-berlin-con-jimmy-roberts-y-udk\/"},"author":{"name":"Anna Pavilsova","@id":"https:\/\/casadecampoliving.com\/es\/#\/schema\/person\/18471262c056a7d1ee6adbd125d26275"},"headline":"Arte sin fronteras: \u00a1Estudiantes de Chav\u00f3n se presentan en Berlin con Jimmy Roberts y la UdK!","datePublished":"2016-07-28T04:00:00+00:00","dateModified":"2022-10-21T23:04:54+00:00","mainEntityOfPage":{"@id":"https:\/\/casadecampoliving.com\/es\/estudiantes-chavon-berlin-con-jimmy-roberts-y-udk\/"},"wordCount":999,"publisher":{"@id":"https:\/\/casadecampoliving.com\/es\/#organization"},"image":{"@id":"https:\/\/casadecampoliving.com\/es\/estudiantes-chavon-berlin-con-jimmy-roberts-y-udk\/#primaryimage"},"thumbnailUrl":"https:\/\/i0.wp.com\/casadecampoliving.com\/wp-content\/uploads\/2022\/10\/JimmyRobert_Perfomance_Workshop-1-1.jpg?fit=1000%2C563&ssl=1","keywords":["Altos de Chavon","Casa de Campo","casa de campo @es","Davidoff Art Initiative @es","Featured-TopView @es","Iniciativa de Arte Davidoff"],"articleSection":["Altos de Chavon @es","Arte y cultura","Eventos","M\u00e1s all\u00e1 de Casa","Noticias Locales","Rep\u00fablica Dominicana @es","Video"],"inLanguage":"es"},{"@type":"WebPage","@id":"https:\/\/casadecampoliving.com\/es\/estudiantes-chavon-berlin-con-jimmy-roberts-y-udk\/","url":"https:\/\/casadecampoliving.com\/es\/estudiantes-chavon-berlin-con-jimmy-roberts-y-udk\/","name":"Arte sin fronteras: \u00a1Estudiantes de Chav\u00f3n se presentan en Berlin con Jimmy Roberts y la UdK! | Casa de Campo Living","isPartOf":{"@id":"https:\/\/casadecampoliving.com\/es\/#website"},"primaryImageOfPage":{"@id":"https:\/\/casadecampoliving.com\/es\/estudiantes-chavon-berlin-con-jimmy-roberts-y-udk\/#primaryimage"},"image":{"@id":"https:\/\/casadecampoliving.com\/es\/estudiantes-chavon-berlin-con-jimmy-roberts-y-udk\/#primaryimage"},"thumbnailUrl":"https:\/\/i0.wp.com\/casadecampoliving.com\/wp-content\/uploads\/2022\/10\/JimmyRobert_Perfomance_Workshop-1-1.jpg?fit=1000%2C563&ssl=1","datePublished":"2016-07-28T04:00:00+00:00","dateModified":"2022-10-21T23:04:54+00:00","description":"La semana pasada, hemos sido testigos de que el arte no tiene l\u00edmites gracias a la Iniciativa de Arte Davidoff y a uno de sus residentes m\u00e1s recientes,","breadcrumb":{"@id":"https:\/\/casadecampoliving.com\/es\/estudiantes-chavon-berlin-con-jimmy-roberts-y-udk\/#breadcrumb"},"inLanguage":"es","potentialAction":[{"@type":"ReadAction","target":["https:\/\/casadecampoliving.com\/es\/estudiantes-chavon-berlin-con-jimmy-roberts-y-udk\/"]}]},{"@type":"ImageObject","inLanguage":"es","@id":"https:\/\/casadecampoliving.com\/es\/estudiantes-chavon-berlin-con-jimmy-roberts-y-udk\/#primaryimage","url":"https:\/\/i0.wp.com\/casadecampoliving.com\/wp-content\/uploads\/2022\/10\/JimmyRobert_Perfomance_Workshop-1-1.jpg?fit=1000%2C563&ssl=1","contentUrl":"https:\/\/i0.wp.com\/casadecampoliving.com\/wp-content\/uploads\/2022\/10\/JimmyRobert_Perfomance_Workshop-1-1.jpg?fit=1000%2C563&ssl=1","width":1000,"height":563,"caption":"Jimmy Robert's Perfomance Workshop"},{"@type":"BreadcrumbList","@id":"https:\/\/casadecampoliving.com\/es\/estudiantes-chavon-berlin-con-jimmy-roberts-y-udk\/#breadcrumb","itemListElement":[{"@type":"ListItem","position":1,"name":"Home","item":"https:\/\/casadecampoliving.com\/es\/"},{"@type":"ListItem","position":2,"name":"Arte sin fronteras: \u00a1Estudiantes de Chav\u00f3n se presentan en Berlin con Jimmy Roberts y la UdK!"}]},{"@type":"WebSite","@id":"https:\/\/casadecampoliving.com\/es\/#website","url":"https:\/\/casadecampoliving.com\/es\/","name":"Casa de Campo Living","description":"Resort community news and resources.","publisher":{"@id":"https:\/\/casadecampoliving.com\/es\/#organization"},"potentialAction":[{"@type":"SearchAction","target":{"@type":"EntryPoint","urlTemplate":"https:\/\/casadecampoliving.com\/es\/?s={search_term_string}"},"query-input":{"@type":"PropertyValueSpecification","valueRequired":true,"valueName":"search_term_string"}}],"inLanguage":"es"},{"@type":"Organization","@id":"https:\/\/casadecampoliving.com\/es\/#organization","name":"Casa de Campo Living","url":"https:\/\/casadecampoliving.com\/es\/","logo":{"@type":"ImageObject","inLanguage":"es","@id":"https:\/\/casadecampoliving.com\/es\/#\/schema\/logo\/image\/","url":"https:\/\/i0.wp.com\/casadecampoliving.com\/wp-content\/uploads\/2022\/07\/CDCLivingLogo_V1-white-sized.png?fit=800%2C214&ssl=1","contentUrl":"https:\/\/i0.wp.com\/casadecampoliving.com\/wp-content\/uploads\/2022\/07\/CDCLivingLogo_V1-white-sized.png?fit=800%2C214&ssl=1","width":800,"height":214,"caption":"Casa de Campo Living"},"image":{"@id":"https:\/\/casadecampoliving.com\/es\/#\/schema\/logo\/image\/"},"sameAs":["https:\/\/www.facebook.com\/casadecampoliving","https:\/\/x.com\/cdcliving"]},{"@type":"Person","@id":"https:\/\/casadecampoliving.com\/es\/#\/schema\/person\/18471262c056a7d1ee6adbd125d26275","name":"Anna Pavilsova","image":{"@type":"ImageObject","inLanguage":"es","@id":"https:\/\/secure.gravatar.com\/avatar\/bd0620e5ffaea93e8727c1933c5adb433b77b6b8bf4cff105478c55b61a3e855?s=96&d=mm&r=g","url":"https:\/\/secure.gravatar.com\/avatar\/bd0620e5ffaea93e8727c1933c5adb433b77b6b8bf4cff105478c55b61a3e855?s=96&d=mm&r=g","contentUrl":"https:\/\/secure.gravatar.com\/avatar\/bd0620e5ffaea93e8727c1933c5adb433b77b6b8bf4cff105478c55b61a3e855?s=96&d=mm&r=g","caption":"Anna Pavilsova"},"url":"https:\/\/casadecampoliving.com\/es\/author\/apavilsova\/"}]}},"parsely":{"version":"1.1.0","canonical_url":"https:\/\/casadecampoliving.com\/es\/estudiantes-chavon-berlin-con-jimmy-roberts-y-udk\/","smart_links":{"inbound":0,"outbound":0},"traffic_boost_suggestions_count":0,"meta":{"@context":"https:\/\/schema.org","@type":"NewsArticle","headline":"Arte sin fronteras: \u00a1Estudiantes de Chav\u00f3n se presentan en Berlin con Jimmy Roberts y la UdK!","url":"http:\/\/casadecampoliving.com\/es\/estudiantes-chavon-berlin-con-jimmy-roberts-y-udk\/","mainEntityOfPage":{"@type":"WebPage","@id":"http:\/\/casadecampoliving.com\/es\/estudiantes-chavon-berlin-con-jimmy-roberts-y-udk\/"},"thumbnailUrl":"https:\/\/i0.wp.com\/casadecampoliving.com\/wp-content\/uploads\/2022\/10\/JimmyRobert_Perfomance_Workshop-1-1.jpg?resize=150%2C150&ssl=1","image":{"@type":"ImageObject","url":"https:\/\/i0.wp.com\/casadecampoliving.com\/wp-content\/uploads\/2022\/10\/JimmyRobert_Perfomance_Workshop-1-1.jpg?fit=1000%2C563&ssl=1"},"articleSection":"Altos de Chavon @es","author":[{"@type":"Person","name":"Anna Pavilsova"}],"creator":["Anna Pavilsova"],"publisher":{"@type":"Organization","name":"Casa de Campo Living","logo":"https:\/\/casadecampoliving.com\/wp-content\/uploads\/2022\/07\/CDCLivingLogo_V1-white-sized.png"},"keywords":["altos de chavon","casa de campo","casa de campo @es","davidoff art initiative @es","featured-topview @es","iniciativa de arte davidoff"],"dateCreated":"2016-07-28T04:00:00Z","datePublished":"2016-07-28T04:00:00Z","dateModified":"2022-10-21T23:04:54Z"},"rendered":"<script type=\"application\/ld+json\" class=\"wp-parsely-metadata\">{\"@context\":\"https:\\\/\\\/schema.org\",\"@type\":\"NewsArticle\",\"headline\":\"Arte sin fronteras: \\u00a1Estudiantes de Chav\\u00f3n se presentan en Berlin con Jimmy Roberts y la UdK!\",\"url\":\"http:\\\/\\\/casadecampoliving.com\\\/es\\\/estudiantes-chavon-berlin-con-jimmy-roberts-y-udk\\\/\",\"mainEntityOfPage\":{\"@type\":\"WebPage\",\"@id\":\"http:\\\/\\\/casadecampoliving.com\\\/es\\\/estudiantes-chavon-berlin-con-jimmy-roberts-y-udk\\\/\"},\"thumbnailUrl\":\"https:\\\/\\\/i0.wp.com\\\/casadecampoliving.com\\\/wp-content\\\/uploads\\\/2022\\\/10\\\/JimmyRobert_Perfomance_Workshop-1-1.jpg?resize=150%2C150&ssl=1\",\"image\":{\"@type\":\"ImageObject\",\"url\":\"https:\\\/\\\/i0.wp.com\\\/casadecampoliving.com\\\/wp-content\\\/uploads\\\/2022\\\/10\\\/JimmyRobert_Perfomance_Workshop-1-1.jpg?fit=1000%2C563&ssl=1\"},\"articleSection\":\"Altos de Chavon @es\",\"author\":[{\"@type\":\"Person\",\"name\":\"Anna Pavilsova\"}],\"creator\":[\"Anna Pavilsova\"],\"publisher\":{\"@type\":\"Organization\",\"name\":\"Casa de Campo Living\",\"logo\":\"https:\\\/\\\/casadecampoliving.com\\\/wp-content\\\/uploads\\\/2022\\\/07\\\/CDCLivingLogo_V1-white-sized.png\"},\"keywords\":[\"altos de chavon\",\"casa de campo\",\"casa de campo @es\",\"davidoff art initiative @es\",\"featured-topview @es\",\"iniciativa de arte davidoff\"],\"dateCreated\":\"2016-07-28T04:00:00Z\",\"datePublished\":\"2016-07-28T04:00:00Z\",\"dateModified\":\"2022-10-21T23:04:54Z\"}<\/script>","tracker_url":"https:\/\/cdn.parsely.com\/keys\/casadecampoliving.com\/p.js"},"jetpack_publicize_connections":[],"jetpack_featured_media_url":"https:\/\/i0.wp.com\/casadecampoliving.com\/wp-content\/uploads\/2022\/10\/JimmyRobert_Perfomance_Workshop-1-1.jpg?fit=1000%2C563&ssl=1","jetpack-related-posts":[{"id":433460,"url":"https:\/\/casadecampoliving.com\/es\/no-se-pierdan-el-increible-tributo-a-frank-sinatra-para-celebrar-el-40-aniversario-del-anfiteatro-altos-de-chavon\/","url_meta":{"origin":350289,"position":0},"title":"No se pierdan el incre\u00edble tributo a Frank Sinatra para celebrar el 40 aniversario del\u00a0Anfiteatro Altos de Chav\u00f3n","author":"Casa de Campo Living","date":"20 Oct, 2022","format":false,"excerpt":"Siendo uno de los escenarios m\u00e1s emblem\u00e1ticos del pa\u00eds, Casa de Campo Resort\u00ae & Villas celebra las cuatro d\u00e9cadas de aniversario de Altos de Chav\u00f3n con un tributo al gran Frank Sinatra, protagonizado por artistas invitados y una big band tal cual la que acompa\u00f1\u00f3 al artista hace 40 a\u00f1os\u2026","rel":"","context":"En \u00abUncategorized @es\u00bb","block_context":{"text":"Uncategorized @es","link":"https:\/\/casadecampoliving.com\/es\/category\/uncategorized-es\/"},"img":{"alt_text":"","src":"https:\/\/i0.wp.com\/casadecampoliving.com\/wp-content\/uploads\/2022\/10\/Tributo-Frank-Sinatra-Foto-Principal-Amaury-Sanchez-Danilo-Ginebra-Andres-Pichardo-y-Jose-Gabriel-Perez-.jpg?fit=1200%2C873&ssl=1&resize=350%2C200","width":350,"height":200,"srcset":"https:\/\/i0.wp.com\/casadecampoliving.com\/wp-content\/uploads\/2022\/10\/Tributo-Frank-Sinatra-Foto-Principal-Amaury-Sanchez-Danilo-Ginebra-Andres-Pichardo-y-Jose-Gabriel-Perez-.jpg?fit=1200%2C873&ssl=1&resize=350%2C200 1x, https:\/\/i0.wp.com\/casadecampoliving.com\/wp-content\/uploads\/2022\/10\/Tributo-Frank-Sinatra-Foto-Principal-Amaury-Sanchez-Danilo-Ginebra-Andres-Pichardo-y-Jose-Gabriel-Perez-.jpg?fit=1200%2C873&ssl=1&resize=525%2C300 1.5x, https:\/\/i0.wp.com\/casadecampoliving.com\/wp-content\/uploads\/2022\/10\/Tributo-Frank-Sinatra-Foto-Principal-Amaury-Sanchez-Danilo-Ginebra-Andres-Pichardo-y-Jose-Gabriel-Perez-.jpg?fit=1200%2C873&ssl=1&resize=700%2C400 2x, https:\/\/i0.wp.com\/casadecampoliving.com\/wp-content\/uploads\/2022\/10\/Tributo-Frank-Sinatra-Foto-Principal-Amaury-Sanchez-Danilo-Ginebra-Andres-Pichardo-y-Jose-Gabriel-Perez-.jpg?fit=1200%2C873&ssl=1&resize=1050%2C600 3x"},"classes":[]},{"id":351059,"url":"https:\/\/casadecampoliving.com\/es\/conoce-los-nuevos-artistas-de-la-residencia-de-la-iniciativa-de-arte-davidoff-de-este-ano\/","url_meta":{"origin":350289,"position":1},"title":"Conoce a los nuevos artistas de la Residencia de la Iniciativa de Arte Davidoff de este a\u00f1o","author":"Marlenys Guzm\u00e1n Casta\u00f1os","date":"23 Ene, 2017","format":false,"excerpt":"Nastasia Meyrat, Yan Xing y Claire Trotignon ser\u00e1n presentados a la comunidad de Casa de Campo ma\u00f1ana, 24 de enero, como los nuevos artistas en residencia de la Iniciativa de Arte Davidoff 2017. Todos est\u00e1n cordialmente invitados a asistir a la presentaci\u00f3n de estos talentosos artistas\u00a0que tendra lugar en el\u2026","rel":"","context":"En \u00abAltos de Chavon @es\u00bb","block_context":{"text":"Altos de Chavon @es","link":"https:\/\/casadecampoliving.com\/category\/altos-de-chavon-es\/"},"img":{"alt_text":"","src":"https:\/\/i0.wp.com\/casadecampoliving.com\/wp-content\/uploads\/2022\/10\/Altos-de-Chavon_Studios_13-1-scaled.jpg?fit=1200%2C801&ssl=1&resize=350%2C200","width":350,"height":200,"srcset":"https:\/\/i0.wp.com\/casadecampoliving.com\/wp-content\/uploads\/2022\/10\/Altos-de-Chavon_Studios_13-1-scaled.jpg?fit=1200%2C801&ssl=1&resize=350%2C200 1x, https:\/\/i0.wp.com\/casadecampoliving.com\/wp-content\/uploads\/2022\/10\/Altos-de-Chavon_Studios_13-1-scaled.jpg?fit=1200%2C801&ssl=1&resize=525%2C300 1.5x, https:\/\/i0.wp.com\/casadecampoliving.com\/wp-content\/uploads\/2022\/10\/Altos-de-Chavon_Studios_13-1-scaled.jpg?fit=1200%2C801&ssl=1&resize=700%2C400 2x, https:\/\/i0.wp.com\/casadecampoliving.com\/wp-content\/uploads\/2022\/10\/Altos-de-Chavon_Studios_13-1-scaled.jpg?fit=1200%2C801&ssl=1&resize=1050%2C600 3x"},"classes":[]},{"id":349970,"url":"https:\/\/casadecampoliving.com\/es\/estudiantes-de-arte-dominicanos-viajaran-berlin\/","url_meta":{"origin":350289,"position":2},"title":"Estudiantes de arte dominicanos viajaran a Berl\u00edn para una presentaci\u00f3n \u00a1y usted puede ayudar a que esto suceda!","author":"Carla Campos","date":"11 Jun, 2016","format":false,"excerpt":"No s\u00f3lo Altos de Chav\u00f3n es una villa de artistas donde se respira y se vive el arte con la \u00fanica escuela de arte en la Rep\u00fablica Dominicana, pero tambi\u00e9n es el hogar de la Iniciativa Art\u00edstica de Davidoff, un esfuerzo global para fomentar un di\u00e1logo m\u00e1s amplio en torno\u2026","rel":"","context":"En \u00abAltos de Chavon @es\u00bb","block_context":{"text":"Altos de Chavon @es","link":"https:\/\/casadecampoliving.com\/category\/altos-de-chavon-es\/"},"img":{"alt_text":"Featured Image Chavon Students Berlin","src":"https:\/\/i0.wp.com\/casadecampoliving.com\/wp-content\/uploads\/2022\/10\/Featured-Image-Chavon-Students-Berlin-1.jpg?fit=1000%2C600&ssl=1&resize=350%2C200","width":350,"height":200,"srcset":"https:\/\/i0.wp.com\/casadecampoliving.com\/wp-content\/uploads\/2022\/10\/Featured-Image-Chavon-Students-Berlin-1.jpg?fit=1000%2C600&ssl=1&resize=350%2C200 1x, https:\/\/i0.wp.com\/casadecampoliving.com\/wp-content\/uploads\/2022\/10\/Featured-Image-Chavon-Students-Berlin-1.jpg?fit=1000%2C600&ssl=1&resize=525%2C300 1.5x, https:\/\/i0.wp.com\/casadecampoliving.com\/wp-content\/uploads\/2022\/10\/Featured-Image-Chavon-Students-Berlin-1.jpg?fit=1000%2C600&ssl=1&resize=700%2C400 2x"},"classes":[]},{"id":346841,"url":"https:\/\/casadecampoliving.com\/es\/iniciativa-de-arte-davidoff-oficialmente-abierta-en-altos-de-chavon-2\/","url_meta":{"origin":350289,"position":3},"title":"Iniciativa de Arte Davidoff oficialmente abierta en Altos de Chav\u00f3n","author":"Perkin Agramonte","date":"18 Feb, 2015","format":false,"excerpt":"El pasado s\u00e1bado 14 de febrero fue un d\u00eda bastante ocupado aqu\u00ed en Casa de Campo... \u00a1No solo fue el d\u00eda de San Valent\u00edn, sino que tambi\u00e9n fue parte del Fin de Semana del Hogar del Ni\u00f1o (haga click aqu\u00ed para las fotos) y el segundo Fin de Semana del\u2026","rel":"","context":"En \u00abAltos de Chavon @es\u00bb","block_context":{"text":"Altos de Chavon @es","link":"https:\/\/casadecampoliving.com\/category\/altos-de-chavon-es\/"},"img":{"alt_text":"","src":"https:\/\/i0.wp.com\/casadecampoliving.com\/wp-content\/uploads\/2022\/10\/Eduardo-Lima_Leo_Matos-Hans-Kristian_Hoejsgaard-Dominique_Bludhorn-Claudio_Silvestri1.jpg?fit=650%2C392&ssl=1&resize=350%2C200","width":350,"height":200,"srcset":"https:\/\/i0.wp.com\/casadecampoliving.com\/wp-content\/uploads\/2022\/10\/Eduardo-Lima_Leo_Matos-Hans-Kristian_Hoejsgaard-Dominique_Bludhorn-Claudio_Silvestri1.jpg?fit=650%2C392&ssl=1&resize=350%2C200 1x, https:\/\/i0.wp.com\/casadecampoliving.com\/wp-content\/uploads\/2022\/10\/Eduardo-Lima_Leo_Matos-Hans-Kristian_Hoejsgaard-Dominique_Bludhorn-Claudio_Silvestri1.jpg?fit=650%2C392&ssl=1&resize=525%2C300 1.5x"},"classes":[]},{"id":346399,"url":"https:\/\/casadecampoliving.com\/es\/altos-de-chavon-sera-sede-del-2do-davidoff-fin-de-semana-de-arte\/","url_meta":{"origin":350289,"position":4},"title":"Altos de Chav\u00f3n ser\u00e1 sede del 2do Fin de Semana de Arte Davidoff","author":"Rebecca Hughes","date":"27 Dic, 2014","format":false,"excerpt":"Con la colaboraci\u00f3n de la\u00a0Escuela de Dise\u00f1o de Altos de Chav\u00f3n y la Fundaci\u00f3n Cultural Altos de Chav\u00f3n, la Iniciativa de Arte Davidoff acoger\u00e1 el segundo Fin de Semana Anual de Arte Davidoff desde el 13 al 16 de febrero en Altos de Chav\u00f3n en Casa de Campo. En 2012,\u2026","rel":"","context":"En \u00abAltos de Chavon @es\u00bb","block_context":{"text":"Altos de Chavon @es","link":"https:\/\/casadecampoliving.com\/category\/altos-de-chavon-es\/"},"img":{"alt_text":"Altos de Chavon","src":"https:\/\/i0.wp.com\/casadecampoliving.com\/wp-content\/uploads\/2022\/10\/Altos_de_Chavon-1.jpg?fit=565%2C280&ssl=1&resize=350%2C200","width":350,"height":200,"srcset":"https:\/\/i0.wp.com\/casadecampoliving.com\/wp-content\/uploads\/2022\/10\/Altos_de_Chavon-1.jpg?fit=565%2C280&ssl=1&resize=350%2C200 1x, https:\/\/i0.wp.com\/casadecampoliving.com\/wp-content\/uploads\/2022\/10\/Altos_de_Chavon-1.jpg?fit=565%2C280&ssl=1&resize=525%2C300 1.5x"},"classes":[]},{"id":346823,"url":"https:\/\/casadecampoliving.com\/es\/coctel-de-bienvenida-de-la-iniciativa-de-arte-davidoff\/","url_meta":{"origin":350289,"position":5},"title":"Coctel de Bienvenida de la Iniciativa de Arte Davidoff","author":"Felix Guerrero","date":"20 Feb, 2015","format":false,"excerpt":"El pasado viernes 13 de febrero, la Iniciativa de Arte Davidoff abri\u00f3 oficialmente el segundo Fin de Semana del Arte Davidoff anual en Casa de Campo con una fiesta de cocteles que encaj\u00f3 a la perfecci\u00f3n con la filosof\u00eda de Davidoff \"Ll\u00e9ne el tiempo hermosamente\" Con una colecci\u00f3n de los\u2026","rel":"","context":"En \u00abAltos de Chavon @es\u00bb","block_context":{"text":"Altos de Chavon @es","link":"https:\/\/casadecampoliving.com\/category\/altos-de-chavon-es\/"},"img":{"alt_text":"","src":"https:\/\/i0.wp.com\/casadecampoliving.com\/wp-content\/uploads\/2022\/10\/Raquel_Lima_Eduardo_Lima_Hans-Kristian-Hoejsgaard_Claudio_Silvestri1.jpg?fit=650%2C403&ssl=1&resize=350%2C200","width":350,"height":200,"srcset":"https:\/\/i0.wp.com\/casadecampoliving.com\/wp-content\/uploads\/2022\/10\/Raquel_Lima_Eduardo_Lima_Hans-Kristian-Hoejsgaard_Claudio_Silvestri1.jpg?fit=650%2C403&ssl=1&resize=350%2C200 1x, https:\/\/i0.wp.com\/casadecampoliving.com\/wp-content\/uploads\/2022\/10\/Raquel_Lima_Eduardo_Lima_Hans-Kristian-Hoejsgaard_Claudio_Silvestri1.jpg?fit=650%2C403&ssl=1&resize=525%2C300 1.5x"},"classes":[]}],"jetpack_sharing_enabled":true,"_links":{"self":[{"href":"https:\/\/casadecampoliving.com\/es\/wp-json\/wp\/v2\/posts\/350289","targetHints":{"allow":["GET"]}}],"collection":[{"href":"https:\/\/casadecampoliving.com\/es\/wp-json\/wp\/v2\/posts"}],"about":[{"href":"https:\/\/casadecampoliving.com\/es\/wp-json\/wp\/v2\/types\/post"}],"author":[{"embeddable":true,"href":"https:\/\/casadecampoliving.com\/es\/wp-json\/wp\/v2\/users\/36683"}],"replies":[{"embeddable":true,"href":"https:\/\/casadecampoliving.com\/es\/wp-json\/wp\/v2\/comments?post=350289"}],"version-history":[{"count":1,"href":"https:\/\/casadecampoliving.com\/es\/wp-json\/wp\/v2\/posts\/350289\/revisions"}],"predecessor-version":[{"id":350290,"href":"https:\/\/casadecampoliving.com\/es\/wp-json\/wp\/v2\/posts\/350289\/revisions\/350290"}],"wp:featuredmedia":[{"embeddable":true,"href":"https:\/\/casadecampoliving.com\/es\/wp-json\/wp\/v2\/media\/285023"}],"wp:attachment":[{"href":"https:\/\/casadecampoliving.com\/es\/wp-json\/wp\/v2\/media?parent=350289"}],"wp:term":[{"taxonomy":"category","embeddable":true,"href":"https:\/\/casadecampoliving.com\/es\/wp-json\/wp\/v2\/categories?post=350289"},{"taxonomy":"post_tag","embeddable":true,"href":"https:\/\/casadecampoliving.com\/es\/wp-json\/wp\/v2\/tags?post=350289"},{"taxonomy":"newspack_spnsrs_tax","embeddable":true,"href":"https:\/\/casadecampoliving.com\/es\/wp-json\/wp\/v2\/newspack_spnsrs_tax?post=350289"}],"curies":[{"name":"wp","href":"https:\/\/api.w.org\/{rel}","templated":true}]}}