{"id":350231,"date":"2016-07-21T00:00:00","date_gmt":"2016-07-21T04:00:00","guid":{"rendered":"https:\/\/casadecampoliving.com\/flavors-world-organiza-cena-y-brunch-con-chivas-18\/"},"modified":"2022-11-10T10:34:14","modified_gmt":"2022-11-10T14:34:14","slug":"flavors-world-organiza-cena-y-brunch-con-chivas-18","status":"publish","type":"post","link":"https:\/\/casadecampoliving.com\/es\/flavors-world-organiza-cena-y-brunch-con-chivas-18\/","title":{"rendered":"Flavors of the World organiza una espectacular cena y brunch en conjunto con Chivas 18"},"content":{"rendered":"<img data-recalc-dims=\"1\" loading=\"lazy\" decoding=\"async\" class=\"aligncenter size-full wp-image-120737\" src=\"https:\/\/i0.wp.com\/casadecampoliving.com\/wp-content\/uploads\/2022\/10\/DSC_2748.jpg?resize=800%2C533&#038;ssl=1\" alt=\"DSC_2748\" width=\"800\" height=\"533\" \/>\n<p style=\"text-align: justify;\"><span style=\"font-weight: 400;\">Mientras que la <\/span><a href=\"https:\/\/casadecampoliving.com\/es\/playa-minitas-ardia-con-los-deliciosos-platos-de-flavors-world-miami\/\"><span style=\"font-weight: 400;\">barbacoa del s\u00e1bado en la playa Minitas <\/span><\/a><span style=\"font-weight: 400;\">nos encant\u00f3, Pubbelly Sushi en la Marina de Casa de Campo se convirti\u00f3 en el punto focal del fin de semana, gracias a la incre\u00edble colaboraci\u00f3n entre los chefs m\u00e1s populares de Miami en Flavors of the World: edici\u00f3n de Miami. La cena de 7 tiempos del viernes por la noche con platos preparados por <\/span><a href=\"https:\/\/casadecampoliving.com\/es\/miamis-celebrity-chefs-brought-game-face-casa-de-campos-flavors-world\/\"><span style=\"font-weight: 400;\">Top Chef Jeremy Ford, Bradley Kilgore y Jos\u00e9 Mendin<\/span><\/a><span style=\"font-weight: 400;\"> fue memorable y el desayuno del domingo con platillos de \u00abedici\u00f3n limitada\u00bb , los cuales estaban incluidos exclusivamente en el men\u00fa Pubbelly Sushi por ese d\u00eda. Nos encant\u00f3 todo y aqu\u00ed le traemos todo lo acontecido esos d\u00edas.<\/span><\/p>\n<!--more-->\n<h2><span style=\"font-weight: 400;\">#mendinyamigos\u00a0hicieron de Pubbelly el LUGAR de moda\u00a0este fin de semana<\/span><\/h2>\n<figure id=\"attachment_120739\" aria-describedby=\"caption-attachment-120739\" style=\"width: 800px\" class=\"wp-caption aligncenter\"><img data-recalc-dims=\"1\" loading=\"lazy\" decoding=\"async\" class=\"size-full wp-image-120739\" src=\"https:\/\/i0.wp.com\/casadecampoliving.com\/wp-content\/uploads\/2022\/10\/Dayan-Gonzales-Chef-Jose-Mendin-Charles-Keusters.jpg?resize=800%2C533&#038;ssl=1\" alt=\"Dayan Gonzales, Chef Jose Mendin, Charles Keusters\" width=\"800\" height=\"533\" \/><figcaption id=\"caption-attachment-120739\" class=\"wp-caption-text\">Dayan Gonzales, Chef Jose Mendin y Charles Keusters<\/figcaption><\/figure>\n\n<div class=\"mceTemp\"><\/div>\n<p style=\"text-align: justify;\"><span style=\"font-weight: 400;\">Al final del d\u00eda podemos todos estamos de acuerdo en algo: \u00a1esta comida no era para \u00abnovatos\u00bb! La cena del viernes fue una explosi\u00f3n de sabores y texturas, asi como tambi\u00e9n deliramos por el toque picante presente en la mayor\u00eda de los platos. Fiel al estilo de los famosos chefs, la comida fue sin duda alguna memorable, con combinaciones y sabores inesperados en cada bocado. <\/span><a href=\"https:\/\/casadecampoliving.com\/es\/miamis-celebrity-chefs-brought-game-face-casa-de-campos-flavors-world\/\"><span style=\"font-weight: 400;\">Vea cu\u00e1les fueron nuestros platos favoritos AQUI.<\/span><\/a><\/p>\n<p style=\"text-align: justify;\"><span style=\"font-weight: 400;\">El ambiente fue igualmente impresionante \u00a1y nuestros amigos de Chivas 18 se aseguraron de que sus c\u00f3cteles estuvieran a la par con la comida! Al llegar <\/span><i><span style=\"font-weight: 400;\">con un poco de retraso<\/span><\/i><span style=\"font-weight: 400;\">, estaba feliz de encontrar a mis amigos Lauren Llenas y Daniel S\u00e1nchez me esperaban en el bar de Pubbelly barra que esa noche se hab\u00eda convertido en la barra de Chivas 18 y Beefeater. El men\u00fa de c\u00f3cteles era impecable y ten\u00eda algo para todos los gustos. A diferencia de las cenas m\u00e1s formales y tradicionales, los platos servidos ten\u00edan un estilo m\u00e1s casual y familiar y fueron degustados con los c\u00f3cteles de Chivas 18 en lugar de vino. Algunos de nosotros (uhumm&#8230;) \u00a1puede que incluso hayan asumido el reto de tomar un c\u00f3ctel diferente con cada plato!<\/span><\/p>\n<img data-recalc-dims=\"1\" loading=\"lazy\" decoding=\"async\" class=\"aligncenter size-full wp-image-120738\" src=\"https:\/\/i0.wp.com\/casadecampoliving.com\/wp-content\/uploads\/2022\/10\/IMG_0702.jpg?resize=800%2C533&#038;ssl=1\" alt=\"Chivas 18\" width=\"800\" height=\"533\" \/>\n<p style=\"text-align: justify;\"><span style=\"font-weight: 400;\">La multitud parec\u00eda estar pasando un buen rato y la mayor\u00eda se qued\u00f3 en Pubbelly despu\u00e9s de la cena. Al finalizar el evento Plaza Portofino se mantuvo llena de vida y con mucha actividad durante gran parte de la noche. Vea las im\u00e1genes tomadas por Mairobi Herrera a continuaci\u00f3n:<\/span><\/p>\n<b>\n<figure class=\"wp-block-gallery has-nested-images columns-default is-cropped wp-block-gallery-1 is-layout-flex wp-block-gallery-is-layout-flex\">\n<figure class=\"wp-block-image size-large\"><img data-recalc-dims=\"1\" loading=\"lazy\" decoding=\"async\" width=\"629\" height=\"800\" data-id=\"407288\" src=\"https:\/\/i0.wp.com\/casadecampoliving.com\/wp-content\/uploads\/2022\/10\/alex-osborne-deena-mckelvey.jpg?resize=629%2C800&#038;ssl=1\" alt=\"\" class=\"wp-image-407288\" srcset=\"https:\/\/i0.wp.com\/casadecampoliving.com\/wp-content\/uploads\/2022\/10\/alex-osborne-deena-mckelvey.jpg?w=629&amp;ssl=1 629w, https:\/\/i0.wp.com\/casadecampoliving.com\/wp-content\/uploads\/2022\/10\/alex-osborne-deena-mckelvey.jpg?resize=236%2C300&amp;ssl=1 236w, https:\/\/i0.wp.com\/casadecampoliving.com\/wp-content\/uploads\/2022\/10\/alex-osborne-deena-mckelvey.jpg?resize=400%2C509&amp;ssl=1 400w, https:\/\/i0.wp.com\/casadecampoliving.com\/wp-content\/uploads\/2022\/10\/alex-osborne-deena-mckelvey.jpg?resize=150%2C191&amp;ssl=1 150w, https:\/\/i0.wp.com\/casadecampoliving.com\/wp-content\/uploads\/2022\/10\/alex-osborne-deena-mckelvey.jpg?w=370&amp;ssl=1 370w\" sizes=\"auto, (max-width: 629px) 100vw, 629px\" \/><\/figure>\n\n\n\n<figure class=\"wp-block-image size-large\"><img data-recalc-dims=\"1\" loading=\"lazy\" decoding=\"async\" width=\"585\" height=\"800\" data-id=\"407316\" src=\"https:\/\/i0.wp.com\/casadecampoliving.com\/wp-content\/uploads\/2022\/10\/andrew-brant-maria-de-brant.jpg?resize=585%2C800&#038;ssl=1\" alt=\"\" class=\"wp-image-407316\" srcset=\"https:\/\/i0.wp.com\/casadecampoliving.com\/wp-content\/uploads\/2022\/10\/andrew-brant-maria-de-brant.jpg?w=585&amp;ssl=1 585w, https:\/\/i0.wp.com\/casadecampoliving.com\/wp-content\/uploads\/2022\/10\/andrew-brant-maria-de-brant.jpg?resize=219%2C300&amp;ssl=1 219w, https:\/\/i0.wp.com\/casadecampoliving.com\/wp-content\/uploads\/2022\/10\/andrew-brant-maria-de-brant.jpg?resize=400%2C547&amp;ssl=1 400w, https:\/\/i0.wp.com\/casadecampoliving.com\/wp-content\/uploads\/2022\/10\/andrew-brant-maria-de-brant.jpg?resize=150%2C205&amp;ssl=1 150w, https:\/\/i0.wp.com\/casadecampoliving.com\/wp-content\/uploads\/2022\/10\/andrew-brant-maria-de-brant.jpg?w=370&amp;ssl=1 370w\" sizes=\"auto, (max-width: 585px) 100vw, 585px\" \/><\/figure>\n\n\n\n<figure class=\"wp-block-image size-large\"><img data-recalc-dims=\"1\" loading=\"lazy\" decoding=\"async\" width=\"800\" height=\"801\" data-id=\"407342\" src=\"https:\/\/i0.wp.com\/casadecampoliving.com\/wp-content\/uploads\/2022\/10\/arturo-maldonado-jocelyne-ramon.jpg?resize=800%2C801&#038;ssl=1\" alt=\"\" class=\"wp-image-407342\" srcset=\"https:\/\/i0.wp.com\/casadecampoliving.com\/wp-content\/uploads\/2022\/10\/arturo-maldonado-jocelyne-ramon.jpg?w=800&amp;ssl=1 800w, https:\/\/i0.wp.com\/casadecampoliving.com\/wp-content\/uploads\/2022\/10\/arturo-maldonado-jocelyne-ramon.jpg?resize=300%2C300&amp;ssl=1 300w, https:\/\/i0.wp.com\/casadecampoliving.com\/wp-content\/uploads\/2022\/10\/arturo-maldonado-jocelyne-ramon.jpg?resize=150%2C150&amp;ssl=1 150w, https:\/\/i0.wp.com\/casadecampoliving.com\/wp-content\/uploads\/2022\/10\/arturo-maldonado-jocelyne-ramon.jpg?resize=768%2C769&amp;ssl=1 768w, https:\/\/i0.wp.com\/casadecampoliving.com\/wp-content\/uploads\/2022\/10\/arturo-maldonado-jocelyne-ramon.jpg?resize=400%2C401&amp;ssl=1 400w, https:\/\/i0.wp.com\/casadecampoliving.com\/wp-content\/uploads\/2022\/10\/arturo-maldonado-jocelyne-ramon.jpg?resize=200%2C200&amp;ssl=1 200w, https:\/\/i0.wp.com\/casadecampoliving.com\/wp-content\/uploads\/2022\/10\/arturo-maldonado-jocelyne-ramon.jpg?resize=706%2C707&amp;ssl=1 706w, https:\/\/i0.wp.com\/casadecampoliving.com\/wp-content\/uploads\/2022\/10\/arturo-maldonado-jocelyne-ramon.jpg?resize=100%2C100&amp;ssl=1 100w, https:\/\/i0.wp.com\/casadecampoliving.com\/wp-content\/uploads\/2022\/10\/arturo-maldonado-jocelyne-ramon.jpg?resize=96%2C96&amp;ssl=1 96w, https:\/\/i0.wp.com\/casadecampoliving.com\/wp-content\/uploads\/2022\/10\/arturo-maldonado-jocelyne-ramon.jpg?w=370&amp;ssl=1 370w\" sizes=\"auto, (max-width: 800px) 100vw, 800px\" \/><\/figure>\n\n\n\n<figure class=\"wp-block-image size-large\"><img data-recalc-dims=\"1\" loading=\"lazy\" decoding=\"async\" width=\"548\" height=\"800\" data-id=\"407369\" src=\"https:\/\/i0.wp.com\/casadecampoliving.com\/wp-content\/uploads\/2022\/10\/avery-pack-sara-liss.jpg?resize=548%2C800&#038;ssl=1\" alt=\"\" class=\"wp-image-407369\" srcset=\"https:\/\/i0.wp.com\/casadecampoliving.com\/wp-content\/uploads\/2022\/10\/avery-pack-sara-liss.jpg?w=548&amp;ssl=1 548w, https:\/\/i0.wp.com\/casadecampoliving.com\/wp-content\/uploads\/2022\/10\/avery-pack-sara-liss.jpg?resize=206%2C300&amp;ssl=1 206w, https:\/\/i0.wp.com\/casadecampoliving.com\/wp-content\/uploads\/2022\/10\/avery-pack-sara-liss.jpg?resize=400%2C584&amp;ssl=1 400w, https:\/\/i0.wp.com\/casadecampoliving.com\/wp-content\/uploads\/2022\/10\/avery-pack-sara-liss.jpg?resize=150%2C219&amp;ssl=1 150w, https:\/\/i0.wp.com\/casadecampoliving.com\/wp-content\/uploads\/2022\/10\/avery-pack-sara-liss.jpg?w=370&amp;ssl=1 370w\" sizes=\"auto, (max-width: 548px) 100vw, 548px\" \/><\/figure>\n\n\n\n<figure class=\"wp-block-image size-large\"><img data-recalc-dims=\"1\" loading=\"lazy\" decoding=\"async\" width=\"800\" height=\"533\" data-id=\"407393\" src=\"https:\/\/i0.wp.com\/casadecampoliving.com\/wp-content\/uploads\/2022\/10\/chef-ford-chef-wesley-chefkilgore-rafael-torres-chef-mendin.jpg?resize=800%2C533&#038;ssl=1\" alt=\"\" class=\"wp-image-407393\" srcset=\"https:\/\/i0.wp.com\/casadecampoliving.com\/wp-content\/uploads\/2022\/10\/chef-ford-chef-wesley-chefkilgore-rafael-torres-chef-mendin.jpg?w=800&amp;ssl=1 800w, https:\/\/i0.wp.com\/casadecampoliving.com\/wp-content\/uploads\/2022\/10\/chef-ford-chef-wesley-chefkilgore-rafael-torres-chef-mendin.jpg?resize=300%2C200&amp;ssl=1 300w, https:\/\/i0.wp.com\/casadecampoliving.com\/wp-content\/uploads\/2022\/10\/chef-ford-chef-wesley-chefkilgore-rafael-torres-chef-mendin.jpg?resize=768%2C512&amp;ssl=1 768w, https:\/\/i0.wp.com\/casadecampoliving.com\/wp-content\/uploads\/2022\/10\/chef-ford-chef-wesley-chefkilgore-rafael-torres-chef-mendin.jpg?resize=400%2C267&amp;ssl=1 400w, https:\/\/i0.wp.com\/casadecampoliving.com\/wp-content\/uploads\/2022\/10\/chef-ford-chef-wesley-chefkilgore-rafael-torres-chef-mendin.jpg?resize=706%2C470&amp;ssl=1 706w, https:\/\/i0.wp.com\/casadecampoliving.com\/wp-content\/uploads\/2022\/10\/chef-ford-chef-wesley-chefkilgore-rafael-torres-chef-mendin.jpg?resize=150%2C100&amp;ssl=1 150w, https:\/\/i0.wp.com\/casadecampoliving.com\/wp-content\/uploads\/2022\/10\/chef-ford-chef-wesley-chefkilgore-rafael-torres-chef-mendin.jpg?w=370&amp;ssl=1 370w\" sizes=\"auto, (max-width: 800px) 100vw, 800px\" \/><\/figure>\n\n\n\n<figure class=\"wp-block-image size-large\"><img data-recalc-dims=\"1\" loading=\"lazy\" decoding=\"async\" width=\"601\" height=\"800\" data-id=\"407413\" src=\"https:\/\/i0.wp.com\/casadecampoliving.com\/wp-content\/uploads\/2022\/10\/claudia-y-clara-aquino.jpg?resize=601%2C800&#038;ssl=1\" alt=\"\" class=\"wp-image-407413\" srcset=\"https:\/\/i0.wp.com\/casadecampoliving.com\/wp-content\/uploads\/2022\/10\/claudia-y-clara-aquino.jpg?w=601&amp;ssl=1 601w, https:\/\/i0.wp.com\/casadecampoliving.com\/wp-content\/uploads\/2022\/10\/claudia-y-clara-aquino.jpg?resize=225%2C300&amp;ssl=1 225w, https:\/\/i0.wp.com\/casadecampoliving.com\/wp-content\/uploads\/2022\/10\/claudia-y-clara-aquino.jpg?resize=300%2C400&amp;ssl=1 300w, https:\/\/i0.wp.com\/casadecampoliving.com\/wp-content\/uploads\/2022\/10\/claudia-y-clara-aquino.jpg?resize=150%2C200&amp;ssl=1 150w, https:\/\/i0.wp.com\/casadecampoliving.com\/wp-content\/uploads\/2022\/10\/claudia-y-clara-aquino.jpg?resize=400%2C532&amp;ssl=1 400w, https:\/\/i0.wp.com\/casadecampoliving.com\/wp-content\/uploads\/2022\/10\/claudia-y-clara-aquino.jpg?w=370&amp;ssl=1 370w\" sizes=\"auto, (max-width: 601px) 100vw, 601px\" \/><\/figure>\n\n\n\n<figure class=\"wp-block-image size-large\"><img data-recalc-dims=\"1\" loading=\"lazy\" decoding=\"async\" width=\"646\" height=\"800\" data-id=\"407436\" src=\"https:\/\/i0.wp.com\/casadecampoliving.com\/wp-content\/uploads\/2022\/10\/david-maler-nashla-bogaert.jpg?resize=646%2C800&#038;ssl=1\" alt=\"\" class=\"wp-image-407436\" srcset=\"https:\/\/i0.wp.com\/casadecampoliving.com\/wp-content\/uploads\/2022\/10\/david-maler-nashla-bogaert.jpg?w=646&amp;ssl=1 646w, https:\/\/i0.wp.com\/casadecampoliving.com\/wp-content\/uploads\/2022\/10\/david-maler-nashla-bogaert.jpg?resize=242%2C300&amp;ssl=1 242w, https:\/\/i0.wp.com\/casadecampoliving.com\/wp-content\/uploads\/2022\/10\/david-maler-nashla-bogaert.jpg?resize=400%2C495&amp;ssl=1 400w, https:\/\/i0.wp.com\/casadecampoliving.com\/wp-content\/uploads\/2022\/10\/david-maler-nashla-bogaert.jpg?resize=150%2C186&amp;ssl=1 150w, https:\/\/i0.wp.com\/casadecampoliving.com\/wp-content\/uploads\/2022\/10\/david-maler-nashla-bogaert.jpg?w=370&amp;ssl=1 370w\" sizes=\"auto, (max-width: 646px) 100vw, 646px\" \/><\/figure>\n\n\n\n<figure class=\"wp-block-image size-large\"><img data-recalc-dims=\"1\" loading=\"lazy\" decoding=\"async\" width=\"800\" height=\"533\" data-id=\"407462\" src=\"https:\/\/i0.wp.com\/casadecampoliving.com\/wp-content\/uploads\/2022\/10\/dayan-gonzales-chef-jose-mendin-charles-keusters-2.jpg?resize=800%2C533&#038;ssl=1\" alt=\"\" class=\"wp-image-407462\" srcset=\"https:\/\/i0.wp.com\/casadecampoliving.com\/wp-content\/uploads\/2022\/10\/dayan-gonzales-chef-jose-mendin-charles-keusters-2.jpg?w=800&amp;ssl=1 800w, https:\/\/i0.wp.com\/casadecampoliving.com\/wp-content\/uploads\/2022\/10\/dayan-gonzales-chef-jose-mendin-charles-keusters-2.jpg?resize=300%2C200&amp;ssl=1 300w, https:\/\/i0.wp.com\/casadecampoliving.com\/wp-content\/uploads\/2022\/10\/dayan-gonzales-chef-jose-mendin-charles-keusters-2.jpg?resize=768%2C512&amp;ssl=1 768w, https:\/\/i0.wp.com\/casadecampoliving.com\/wp-content\/uploads\/2022\/10\/dayan-gonzales-chef-jose-mendin-charles-keusters-2.jpg?resize=400%2C267&amp;ssl=1 400w, https:\/\/i0.wp.com\/casadecampoliving.com\/wp-content\/uploads\/2022\/10\/dayan-gonzales-chef-jose-mendin-charles-keusters-2.jpg?resize=706%2C470&amp;ssl=1 706w, https:\/\/i0.wp.com\/casadecampoliving.com\/wp-content\/uploads\/2022\/10\/dayan-gonzales-chef-jose-mendin-charles-keusters-2.jpg?resize=150%2C100&amp;ssl=1 150w, https:\/\/i0.wp.com\/casadecampoliving.com\/wp-content\/uploads\/2022\/10\/dayan-gonzales-chef-jose-mendin-charles-keusters-2.jpg?w=370&amp;ssl=1 370w\" sizes=\"auto, (max-width: 800px) 100vw, 800px\" \/><\/figure>\n\n\n\n<figure class=\"wp-block-image size-large\"><img data-recalc-dims=\"1\" loading=\"lazy\" decoding=\"async\" width=\"800\" height=\"533\" data-id=\"407488\" src=\"https:\/\/i0.wp.com\/casadecampoliving.com\/wp-content\/uploads\/2022\/10\/dsc_2748-2.jpg?resize=800%2C533&#038;ssl=1\" alt=\"\" class=\"wp-image-407488\" srcset=\"https:\/\/i0.wp.com\/casadecampoliving.com\/wp-content\/uploads\/2022\/10\/dsc_2748-2.jpg?w=800&amp;ssl=1 800w, https:\/\/i0.wp.com\/casadecampoliving.com\/wp-content\/uploads\/2022\/10\/dsc_2748-2.jpg?resize=300%2C200&amp;ssl=1 300w, https:\/\/i0.wp.com\/casadecampoliving.com\/wp-content\/uploads\/2022\/10\/dsc_2748-2.jpg?resize=768%2C512&amp;ssl=1 768w, https:\/\/i0.wp.com\/casadecampoliving.com\/wp-content\/uploads\/2022\/10\/dsc_2748-2.jpg?resize=400%2C267&amp;ssl=1 400w, https:\/\/i0.wp.com\/casadecampoliving.com\/wp-content\/uploads\/2022\/10\/dsc_2748-2.jpg?resize=706%2C470&amp;ssl=1 706w, https:\/\/i0.wp.com\/casadecampoliving.com\/wp-content\/uploads\/2022\/10\/dsc_2748-2.jpg?resize=150%2C100&amp;ssl=1 150w, https:\/\/i0.wp.com\/casadecampoliving.com\/wp-content\/uploads\/2022\/10\/dsc_2748-2.jpg?w=370&amp;ssl=1 370w\" sizes=\"auto, (max-width: 800px) 100vw, 800px\" \/><\/figure>\n\n\n\n<figure class=\"wp-block-image size-large\"><img data-recalc-dims=\"1\" loading=\"lazy\" decoding=\"async\" width=\"800\" height=\"886\" data-id=\"407515\" src=\"https:\/\/i0.wp.com\/casadecampoliving.com\/wp-content\/uploads\/2022\/10\/eduard-y-mathew-de-valle.jpg?resize=800%2C886&#038;ssl=1\" alt=\"\" class=\"wp-image-407515\" srcset=\"https:\/\/i0.wp.com\/casadecampoliving.com\/wp-content\/uploads\/2022\/10\/eduard-y-mathew-de-valle.jpg?w=800&amp;ssl=1 800w, https:\/\/i0.wp.com\/casadecampoliving.com\/wp-content\/uploads\/2022\/10\/eduard-y-mathew-de-valle.jpg?resize=271%2C300&amp;ssl=1 271w, https:\/\/i0.wp.com\/casadecampoliving.com\/wp-content\/uploads\/2022\/10\/eduard-y-mathew-de-valle.jpg?resize=768%2C851&amp;ssl=1 768w, https:\/\/i0.wp.com\/casadecampoliving.com\/wp-content\/uploads\/2022\/10\/eduard-y-mathew-de-valle.jpg?resize=400%2C443&amp;ssl=1 400w, https:\/\/i0.wp.com\/casadecampoliving.com\/wp-content\/uploads\/2022\/10\/eduard-y-mathew-de-valle.jpg?resize=706%2C782&amp;ssl=1 706w, https:\/\/i0.wp.com\/casadecampoliving.com\/wp-content\/uploads\/2022\/10\/eduard-y-mathew-de-valle.jpg?resize=150%2C166&amp;ssl=1 150w, https:\/\/i0.wp.com\/casadecampoliving.com\/wp-content\/uploads\/2022\/10\/eduard-y-mathew-de-valle.jpg?w=370&amp;ssl=1 370w\" sizes=\"auto, (max-width: 800px) 100vw, 800px\" \/><\/figure>\n\n\n\n<figure class=\"wp-block-image size-large\"><img data-recalc-dims=\"1\" loading=\"lazy\" decoding=\"async\" width=\"800\" height=\"678\" data-id=\"407542\" src=\"https:\/\/i0.wp.com\/casadecampoliving.com\/wp-content\/uploads\/2022\/10\/gisselle-escac3b1o-neika-nuc3b1ez.jpg?resize=800%2C678&#038;ssl=1\" alt=\"\" class=\"wp-image-407542\" srcset=\"https:\/\/i0.wp.com\/casadecampoliving.com\/wp-content\/uploads\/2022\/10\/gisselle-escac3b1o-neika-nuc3b1ez.jpg?w=800&amp;ssl=1 800w, https:\/\/i0.wp.com\/casadecampoliving.com\/wp-content\/uploads\/2022\/10\/gisselle-escac3b1o-neika-nuc3b1ez.jpg?resize=300%2C254&amp;ssl=1 300w, https:\/\/i0.wp.com\/casadecampoliving.com\/wp-content\/uploads\/2022\/10\/gisselle-escac3b1o-neika-nuc3b1ez.jpg?resize=768%2C651&amp;ssl=1 768w, https:\/\/i0.wp.com\/casadecampoliving.com\/wp-content\/uploads\/2022\/10\/gisselle-escac3b1o-neika-nuc3b1ez.jpg?resize=400%2C339&amp;ssl=1 400w, https:\/\/i0.wp.com\/casadecampoliving.com\/wp-content\/uploads\/2022\/10\/gisselle-escac3b1o-neika-nuc3b1ez.jpg?resize=706%2C598&amp;ssl=1 706w, https:\/\/i0.wp.com\/casadecampoliving.com\/wp-content\/uploads\/2022\/10\/gisselle-escac3b1o-neika-nuc3b1ez.jpg?resize=150%2C127&amp;ssl=1 150w, https:\/\/i0.wp.com\/casadecampoliving.com\/wp-content\/uploads\/2022\/10\/gisselle-escac3b1o-neika-nuc3b1ez.jpg?w=370&amp;ssl=1 370w\" sizes=\"auto, (max-width: 800px) 100vw, 800px\" \/><\/figure>\n\n\n\n<figure class=\"wp-block-image size-large\"><img data-recalc-dims=\"1\" loading=\"lazy\" decoding=\"async\" width=\"644\" height=\"800\" data-id=\"407571\" src=\"https:\/\/i0.wp.com\/casadecampoliving.com\/wp-content\/uploads\/2022\/10\/glency-feliz-jose-baez.jpg?resize=644%2C800&#038;ssl=1\" alt=\"\" class=\"wp-image-407571\" srcset=\"https:\/\/i0.wp.com\/casadecampoliving.com\/wp-content\/uploads\/2022\/10\/glency-feliz-jose-baez.jpg?w=644&amp;ssl=1 644w, https:\/\/i0.wp.com\/casadecampoliving.com\/wp-content\/uploads\/2022\/10\/glency-feliz-jose-baez.jpg?resize=242%2C300&amp;ssl=1 242w, https:\/\/i0.wp.com\/casadecampoliving.com\/wp-content\/uploads\/2022\/10\/glency-feliz-jose-baez.jpg?resize=400%2C497&amp;ssl=1 400w, https:\/\/i0.wp.com\/casadecampoliving.com\/wp-content\/uploads\/2022\/10\/glency-feliz-jose-baez.jpg?resize=150%2C186&amp;ssl=1 150w, https:\/\/i0.wp.com\/casadecampoliving.com\/wp-content\/uploads\/2022\/10\/glency-feliz-jose-baez.jpg?w=370&amp;ssl=1 370w\" sizes=\"auto, (max-width: 644px) 100vw, 644px\" \/><\/figure>\n\n\n\n<figure class=\"wp-block-image size-large\"><img data-recalc-dims=\"1\" loading=\"lazy\" decoding=\"async\" width=\"677\" height=\"800\" data-id=\"407586\" src=\"https:\/\/i0.wp.com\/casadecampoliving.com\/wp-content\/uploads\/2022\/10\/javier-ruam-laura-mosquera.jpg?resize=677%2C800&#038;ssl=1\" alt=\"\" class=\"wp-image-407586\" srcset=\"https:\/\/i0.wp.com\/casadecampoliving.com\/wp-content\/uploads\/2022\/10\/javier-ruam-laura-mosquera.jpg?w=677&amp;ssl=1 677w, https:\/\/i0.wp.com\/casadecampoliving.com\/wp-content\/uploads\/2022\/10\/javier-ruam-laura-mosquera.jpg?resize=254%2C300&amp;ssl=1 254w, https:\/\/i0.wp.com\/casadecampoliving.com\/wp-content\/uploads\/2022\/10\/javier-ruam-laura-mosquera.jpg?resize=400%2C473&amp;ssl=1 400w, https:\/\/i0.wp.com\/casadecampoliving.com\/wp-content\/uploads\/2022\/10\/javier-ruam-laura-mosquera.jpg?resize=150%2C177&amp;ssl=1 150w, https:\/\/i0.wp.com\/casadecampoliving.com\/wp-content\/uploads\/2022\/10\/javier-ruam-laura-mosquera.jpg?w=370&amp;ssl=1 370w\" sizes=\"auto, (max-width: 677px) 100vw, 677px\" \/><\/figure>\n\n\n\n<figure class=\"wp-block-image size-large\"><img data-recalc-dims=\"1\" loading=\"lazy\" decoding=\"async\" width=\"582\" height=\"800\" data-id=\"407612\" src=\"https:\/\/i0.wp.com\/casadecampoliving.com\/wp-content\/uploads\/2022\/10\/jeannette-de-lopez-y-jose-lopez.jpg?resize=582%2C800&#038;ssl=1\" alt=\"\" class=\"wp-image-407612\" srcset=\"https:\/\/i0.wp.com\/casadecampoliving.com\/wp-content\/uploads\/2022\/10\/jeannette-de-lopez-y-jose-lopez.jpg?w=582&amp;ssl=1 582w, https:\/\/i0.wp.com\/casadecampoliving.com\/wp-content\/uploads\/2022\/10\/jeannette-de-lopez-y-jose-lopez.jpg?resize=218%2C300&amp;ssl=1 218w, https:\/\/i0.wp.com\/casadecampoliving.com\/wp-content\/uploads\/2022\/10\/jeannette-de-lopez-y-jose-lopez.jpg?resize=400%2C550&amp;ssl=1 400w, https:\/\/i0.wp.com\/casadecampoliving.com\/wp-content\/uploads\/2022\/10\/jeannette-de-lopez-y-jose-lopez.jpg?resize=150%2C206&amp;ssl=1 150w, https:\/\/i0.wp.com\/casadecampoliving.com\/wp-content\/uploads\/2022\/10\/jeannette-de-lopez-y-jose-lopez.jpg?w=370&amp;ssl=1 370w\" sizes=\"auto, (max-width: 582px) 100vw, 582px\" \/><\/figure>\n\n\n\n<figure class=\"wp-block-image size-large\"><img data-recalc-dims=\"1\" loading=\"lazy\" decoding=\"async\" width=\"636\" height=\"800\" data-id=\"407636\" src=\"https:\/\/i0.wp.com\/casadecampoliving.com\/wp-content\/uploads\/2022\/10\/lauren-y-david-sanchez.jpg?resize=636%2C800&#038;ssl=1\" alt=\"\" class=\"wp-image-407636\" srcset=\"https:\/\/i0.wp.com\/casadecampoliving.com\/wp-content\/uploads\/2022\/10\/lauren-y-david-sanchez.jpg?w=636&amp;ssl=1 636w, https:\/\/i0.wp.com\/casadecampoliving.com\/wp-content\/uploads\/2022\/10\/lauren-y-david-sanchez.jpg?resize=239%2C300&amp;ssl=1 239w, https:\/\/i0.wp.com\/casadecampoliving.com\/wp-content\/uploads\/2022\/10\/lauren-y-david-sanchez.jpg?resize=400%2C503&amp;ssl=1 400w, https:\/\/i0.wp.com\/casadecampoliving.com\/wp-content\/uploads\/2022\/10\/lauren-y-david-sanchez.jpg?resize=150%2C189&amp;ssl=1 150w, https:\/\/i0.wp.com\/casadecampoliving.com\/wp-content\/uploads\/2022\/10\/lauren-y-david-sanchez.jpg?w=370&amp;ssl=1 370w\" sizes=\"auto, (max-width: 636px) 100vw, 636px\" \/><\/figure>\n\n\n\n<figure class=\"wp-block-image size-large\"><img data-recalc-dims=\"1\" loading=\"lazy\" decoding=\"async\" width=\"800\" height=\"533\" data-id=\"407660\" src=\"https:\/\/i0.wp.com\/casadecampoliving.com\/wp-content\/uploads\/2022\/10\/lidia-hernandez-marcelle-sanchez.jpg?resize=800%2C533&#038;ssl=1\" alt=\"\" class=\"wp-image-407660\" srcset=\"https:\/\/i0.wp.com\/casadecampoliving.com\/wp-content\/uploads\/2022\/10\/lidia-hernandez-marcelle-sanchez.jpg?w=800&amp;ssl=1 800w, https:\/\/i0.wp.com\/casadecampoliving.com\/wp-content\/uploads\/2022\/10\/lidia-hernandez-marcelle-sanchez.jpg?resize=300%2C200&amp;ssl=1 300w, https:\/\/i0.wp.com\/casadecampoliving.com\/wp-content\/uploads\/2022\/10\/lidia-hernandez-marcelle-sanchez.jpg?resize=768%2C512&amp;ssl=1 768w, https:\/\/i0.wp.com\/casadecampoliving.com\/wp-content\/uploads\/2022\/10\/lidia-hernandez-marcelle-sanchez.jpg?resize=400%2C267&amp;ssl=1 400w, https:\/\/i0.wp.com\/casadecampoliving.com\/wp-content\/uploads\/2022\/10\/lidia-hernandez-marcelle-sanchez.jpg?resize=706%2C470&amp;ssl=1 706w, https:\/\/i0.wp.com\/casadecampoliving.com\/wp-content\/uploads\/2022\/10\/lidia-hernandez-marcelle-sanchez.jpg?resize=150%2C100&amp;ssl=1 150w, https:\/\/i0.wp.com\/casadecampoliving.com\/wp-content\/uploads\/2022\/10\/lidia-hernandez-marcelle-sanchez.jpg?w=370&amp;ssl=1 370w\" sizes=\"auto, (max-width: 800px) 100vw, 800px\" \/><\/figure>\n\n\n\n<figure class=\"wp-block-image size-large\"><img data-recalc-dims=\"1\" loading=\"lazy\" decoding=\"async\" width=\"800\" height=\"533\" data-id=\"407689\" src=\"https:\/\/i0.wp.com\/casadecampoliving.com\/wp-content\/uploads\/2022\/10\/liliana-sideris-deesh-bedi-carolina-cerquera-2.jpg?resize=800%2C533&#038;ssl=1\" alt=\"\" class=\"wp-image-407689\" srcset=\"https:\/\/i0.wp.com\/casadecampoliving.com\/wp-content\/uploads\/2022\/10\/liliana-sideris-deesh-bedi-carolina-cerquera-2.jpg?w=800&amp;ssl=1 800w, https:\/\/i0.wp.com\/casadecampoliving.com\/wp-content\/uploads\/2022\/10\/liliana-sideris-deesh-bedi-carolina-cerquera-2.jpg?resize=300%2C200&amp;ssl=1 300w, https:\/\/i0.wp.com\/casadecampoliving.com\/wp-content\/uploads\/2022\/10\/liliana-sideris-deesh-bedi-carolina-cerquera-2.jpg?resize=768%2C512&amp;ssl=1 768w, https:\/\/i0.wp.com\/casadecampoliving.com\/wp-content\/uploads\/2022\/10\/liliana-sideris-deesh-bedi-carolina-cerquera-2.jpg?resize=400%2C267&amp;ssl=1 400w, https:\/\/i0.wp.com\/casadecampoliving.com\/wp-content\/uploads\/2022\/10\/liliana-sideris-deesh-bedi-carolina-cerquera-2.jpg?resize=706%2C470&amp;ssl=1 706w, https:\/\/i0.wp.com\/casadecampoliving.com\/wp-content\/uploads\/2022\/10\/liliana-sideris-deesh-bedi-carolina-cerquera-2.jpg?resize=150%2C100&amp;ssl=1 150w, https:\/\/i0.wp.com\/casadecampoliving.com\/wp-content\/uploads\/2022\/10\/liliana-sideris-deesh-bedi-carolina-cerquera-2.jpg?w=370&amp;ssl=1 370w\" sizes=\"auto, (max-width: 800px) 100vw, 800px\" \/><\/figure>\n\n\n\n<figure class=\"wp-block-image size-large\"><img data-recalc-dims=\"1\" loading=\"lazy\" decoding=\"async\" width=\"583\" height=\"800\" data-id=\"407717\" src=\"https:\/\/i0.wp.com\/casadecampoliving.com\/wp-content\/uploads\/2022\/10\/liliana-y-rodrigo-sideris.jpg?resize=583%2C800&#038;ssl=1\" alt=\"\" class=\"wp-image-407717\" srcset=\"https:\/\/i0.wp.com\/casadecampoliving.com\/wp-content\/uploads\/2022\/10\/liliana-y-rodrigo-sideris.jpg?w=583&amp;ssl=1 583w, https:\/\/i0.wp.com\/casadecampoliving.com\/wp-content\/uploads\/2022\/10\/liliana-y-rodrigo-sideris.jpg?resize=219%2C300&amp;ssl=1 219w, https:\/\/i0.wp.com\/casadecampoliving.com\/wp-content\/uploads\/2022\/10\/liliana-y-rodrigo-sideris.jpg?resize=400%2C549&amp;ssl=1 400w, https:\/\/i0.wp.com\/casadecampoliving.com\/wp-content\/uploads\/2022\/10\/liliana-y-rodrigo-sideris.jpg?resize=150%2C206&amp;ssl=1 150w, https:\/\/i0.wp.com\/casadecampoliving.com\/wp-content\/uploads\/2022\/10\/liliana-y-rodrigo-sideris.jpg?w=370&amp;ssl=1 370w\" sizes=\"auto, (max-width: 583px) 100vw, 583px\" \/><\/figure>\n\n\n\n<figure class=\"wp-block-image size-large\"><img data-recalc-dims=\"1\" loading=\"lazy\" decoding=\"async\" width=\"800\" height=\"673\" data-id=\"407742\" src=\"https:\/\/i0.wp.com\/casadecampoliving.com\/wp-content\/uploads\/2022\/10\/lorena-pierre-william-vargas-airam-toribio.jpg?resize=800%2C673&#038;ssl=1\" alt=\"\" class=\"wp-image-407742\" srcset=\"https:\/\/i0.wp.com\/casadecampoliving.com\/wp-content\/uploads\/2022\/10\/lorena-pierre-william-vargas-airam-toribio.jpg?w=800&amp;ssl=1 800w, https:\/\/i0.wp.com\/casadecampoliving.com\/wp-content\/uploads\/2022\/10\/lorena-pierre-william-vargas-airam-toribio.jpg?resize=300%2C252&amp;ssl=1 300w, https:\/\/i0.wp.com\/casadecampoliving.com\/wp-content\/uploads\/2022\/10\/lorena-pierre-william-vargas-airam-toribio.jpg?resize=768%2C646&amp;ssl=1 768w, https:\/\/i0.wp.com\/casadecampoliving.com\/wp-content\/uploads\/2022\/10\/lorena-pierre-william-vargas-airam-toribio.jpg?resize=400%2C337&amp;ssl=1 400w, https:\/\/i0.wp.com\/casadecampoliving.com\/wp-content\/uploads\/2022\/10\/lorena-pierre-william-vargas-airam-toribio.jpg?resize=706%2C594&amp;ssl=1 706w, https:\/\/i0.wp.com\/casadecampoliving.com\/wp-content\/uploads\/2022\/10\/lorena-pierre-william-vargas-airam-toribio.jpg?resize=150%2C126&amp;ssl=1 150w, https:\/\/i0.wp.com\/casadecampoliving.com\/wp-content\/uploads\/2022\/10\/lorena-pierre-william-vargas-airam-toribio.jpg?w=370&amp;ssl=1 370w\" sizes=\"auto, (max-width: 800px) 100vw, 800px\" \/><\/figure>\n\n\n\n<figure class=\"wp-block-image size-large\"><img data-recalc-dims=\"1\" loading=\"lazy\" decoding=\"async\" width=\"800\" height=\"1006\" data-id=\"407767\" src=\"https:\/\/i0.wp.com\/casadecampoliving.com\/wp-content\/uploads\/2022\/10\/marcello-ballester-y-betina-rey.jpg?resize=800%2C1006&#038;ssl=1\" alt=\"\" class=\"wp-image-407767\" srcset=\"https:\/\/i0.wp.com\/casadecampoliving.com\/wp-content\/uploads\/2022\/10\/marcello-ballester-y-betina-rey.jpg?w=800&amp;ssl=1 800w, https:\/\/i0.wp.com\/casadecampoliving.com\/wp-content\/uploads\/2022\/10\/marcello-ballester-y-betina-rey.jpg?resize=239%2C300&amp;ssl=1 239w, https:\/\/i0.wp.com\/casadecampoliving.com\/wp-content\/uploads\/2022\/10\/marcello-ballester-y-betina-rey.jpg?resize=768%2C966&amp;ssl=1 768w, https:\/\/i0.wp.com\/casadecampoliving.com\/wp-content\/uploads\/2022\/10\/marcello-ballester-y-betina-rey.jpg?resize=400%2C503&amp;ssl=1 400w, https:\/\/i0.wp.com\/casadecampoliving.com\/wp-content\/uploads\/2022\/10\/marcello-ballester-y-betina-rey.jpg?resize=706%2C888&amp;ssl=1 706w, https:\/\/i0.wp.com\/casadecampoliving.com\/wp-content\/uploads\/2022\/10\/marcello-ballester-y-betina-rey.jpg?resize=150%2C189&amp;ssl=1 150w, https:\/\/i0.wp.com\/casadecampoliving.com\/wp-content\/uploads\/2022\/10\/marcello-ballester-y-betina-rey.jpg?w=370&amp;ssl=1 370w\" sizes=\"auto, (max-width: 800px) 100vw, 800px\" \/><\/figure>\n\n\n\n<figure class=\"wp-block-image size-large\"><img data-recalc-dims=\"1\" loading=\"lazy\" decoding=\"async\" width=\"800\" height=\"782\" data-id=\"407793\" src=\"https:\/\/i0.wp.com\/casadecampoliving.com\/wp-content\/uploads\/2022\/10\/maria-y-pepe-sanchez.jpg?resize=800%2C782&#038;ssl=1\" alt=\"\" class=\"wp-image-407793\" srcset=\"https:\/\/i0.wp.com\/casadecampoliving.com\/wp-content\/uploads\/2022\/10\/maria-y-pepe-sanchez.jpg?w=800&amp;ssl=1 800w, https:\/\/i0.wp.com\/casadecampoliving.com\/wp-content\/uploads\/2022\/10\/maria-y-pepe-sanchez.jpg?resize=300%2C293&amp;ssl=1 300w, https:\/\/i0.wp.com\/casadecampoliving.com\/wp-content\/uploads\/2022\/10\/maria-y-pepe-sanchez.jpg?resize=768%2C751&amp;ssl=1 768w, https:\/\/i0.wp.com\/casadecampoliving.com\/wp-content\/uploads\/2022\/10\/maria-y-pepe-sanchez.jpg?resize=400%2C391&amp;ssl=1 400w, https:\/\/i0.wp.com\/casadecampoliving.com\/wp-content\/uploads\/2022\/10\/maria-y-pepe-sanchez.jpg?resize=706%2C690&amp;ssl=1 706w, https:\/\/i0.wp.com\/casadecampoliving.com\/wp-content\/uploads\/2022\/10\/maria-y-pepe-sanchez.jpg?resize=150%2C147&amp;ssl=1 150w, https:\/\/i0.wp.com\/casadecampoliving.com\/wp-content\/uploads\/2022\/10\/maria-y-pepe-sanchez.jpg?w=370&amp;ssl=1 370w\" sizes=\"auto, (max-width: 800px) 100vw, 800px\" \/><\/figure>\n\n\n\n<figure class=\"wp-block-image size-large\"><img data-recalc-dims=\"1\" loading=\"lazy\" decoding=\"async\" width=\"800\" height=\"836\" data-id=\"407819\" src=\"https:\/\/i0.wp.com\/casadecampoliving.com\/wp-content\/uploads\/2022\/10\/mariel-pou-jose-jhan.jpg?resize=800%2C836&#038;ssl=1\" alt=\"\" class=\"wp-image-407819\" srcset=\"https:\/\/i0.wp.com\/casadecampoliving.com\/wp-content\/uploads\/2022\/10\/mariel-pou-jose-jhan.jpg?w=800&amp;ssl=1 800w, https:\/\/i0.wp.com\/casadecampoliving.com\/wp-content\/uploads\/2022\/10\/mariel-pou-jose-jhan.jpg?resize=287%2C300&amp;ssl=1 287w, https:\/\/i0.wp.com\/casadecampoliving.com\/wp-content\/uploads\/2022\/10\/mariel-pou-jose-jhan.jpg?resize=768%2C803&amp;ssl=1 768w, https:\/\/i0.wp.com\/casadecampoliving.com\/wp-content\/uploads\/2022\/10\/mariel-pou-jose-jhan.jpg?resize=400%2C418&amp;ssl=1 400w, https:\/\/i0.wp.com\/casadecampoliving.com\/wp-content\/uploads\/2022\/10\/mariel-pou-jose-jhan.jpg?resize=706%2C738&amp;ssl=1 706w, https:\/\/i0.wp.com\/casadecampoliving.com\/wp-content\/uploads\/2022\/10\/mariel-pou-jose-jhan.jpg?resize=150%2C157&amp;ssl=1 150w, https:\/\/i0.wp.com\/casadecampoliving.com\/wp-content\/uploads\/2022\/10\/mariel-pou-jose-jhan.jpg?w=370&amp;ssl=1 370w\" sizes=\"auto, (max-width: 800px) 100vw, 800px\" \/><\/figure>\n\n\n\n<figure class=\"wp-block-image size-large\"><img data-recalc-dims=\"1\" loading=\"lazy\" decoding=\"async\" width=\"800\" height=\"836\" data-id=\"407849\" src=\"https:\/\/i0.wp.com\/casadecampoliving.com\/wp-content\/uploads\/2022\/10\/mary-y-juan-jose-arteaga.jpg?resize=800%2C836&#038;ssl=1\" alt=\"\" class=\"wp-image-407849\" srcset=\"https:\/\/i0.wp.com\/casadecampoliving.com\/wp-content\/uploads\/2022\/10\/mary-y-juan-jose-arteaga.jpg?w=800&amp;ssl=1 800w, https:\/\/i0.wp.com\/casadecampoliving.com\/wp-content\/uploads\/2022\/10\/mary-y-juan-jose-arteaga.jpg?resize=287%2C300&amp;ssl=1 287w, https:\/\/i0.wp.com\/casadecampoliving.com\/wp-content\/uploads\/2022\/10\/mary-y-juan-jose-arteaga.jpg?resize=768%2C803&amp;ssl=1 768w, https:\/\/i0.wp.com\/casadecampoliving.com\/wp-content\/uploads\/2022\/10\/mary-y-juan-jose-arteaga.jpg?resize=400%2C418&amp;ssl=1 400w, https:\/\/i0.wp.com\/casadecampoliving.com\/wp-content\/uploads\/2022\/10\/mary-y-juan-jose-arteaga.jpg?resize=706%2C738&amp;ssl=1 706w, https:\/\/i0.wp.com\/casadecampoliving.com\/wp-content\/uploads\/2022\/10\/mary-y-juan-jose-arteaga.jpg?resize=150%2C157&amp;ssl=1 150w, https:\/\/i0.wp.com\/casadecampoliving.com\/wp-content\/uploads\/2022\/10\/mary-y-juan-jose-arteaga.jpg?w=370&amp;ssl=1 370w\" sizes=\"auto, (max-width: 800px) 100vw, 800px\" \/><\/figure>\n\n\n\n<figure class=\"wp-block-image size-large\"><img data-recalc-dims=\"1\" loading=\"lazy\" decoding=\"async\" width=\"800\" height=\"577\" data-id=\"407872\" src=\"https:\/\/i0.wp.com\/casadecampoliving.com\/wp-content\/uploads\/2022\/10\/miguel-calzada-blanca-rivera-y-checheo-riviera.jpg?resize=800%2C577&#038;ssl=1\" alt=\"\" class=\"wp-image-407872\" srcset=\"https:\/\/i0.wp.com\/casadecampoliving.com\/wp-content\/uploads\/2022\/10\/miguel-calzada-blanca-rivera-y-checheo-riviera.jpg?w=800&amp;ssl=1 800w, https:\/\/i0.wp.com\/casadecampoliving.com\/wp-content\/uploads\/2022\/10\/miguel-calzada-blanca-rivera-y-checheo-riviera.jpg?resize=300%2C216&amp;ssl=1 300w, https:\/\/i0.wp.com\/casadecampoliving.com\/wp-content\/uploads\/2022\/10\/miguel-calzada-blanca-rivera-y-checheo-riviera.jpg?resize=768%2C554&amp;ssl=1 768w, https:\/\/i0.wp.com\/casadecampoliving.com\/wp-content\/uploads\/2022\/10\/miguel-calzada-blanca-rivera-y-checheo-riviera.jpg?resize=400%2C289&amp;ssl=1 400w, https:\/\/i0.wp.com\/casadecampoliving.com\/wp-content\/uploads\/2022\/10\/miguel-calzada-blanca-rivera-y-checheo-riviera.jpg?resize=706%2C509&amp;ssl=1 706w, https:\/\/i0.wp.com\/casadecampoliving.com\/wp-content\/uploads\/2022\/10\/miguel-calzada-blanca-rivera-y-checheo-riviera.jpg?resize=150%2C108&amp;ssl=1 150w, https:\/\/i0.wp.com\/casadecampoliving.com\/wp-content\/uploads\/2022\/10\/miguel-calzada-blanca-rivera-y-checheo-riviera.jpg?w=370&amp;ssl=1 370w\" sizes=\"auto, (max-width: 800px) 100vw, 800px\" \/><\/figure>\n\n\n\n<figure class=\"wp-block-image size-large\"><img data-recalc-dims=\"1\" loading=\"lazy\" decoding=\"async\" width=\"800\" height=\"798\" data-id=\"407895\" src=\"https:\/\/i0.wp.com\/casadecampoliving.com\/wp-content\/uploads\/2022\/10\/miguel-rodriguez-papo-menendezmartin-roos-manuel-rodriguez.jpg?resize=800%2C798&#038;ssl=1\" alt=\"\" class=\"wp-image-407895\" srcset=\"https:\/\/i0.wp.com\/casadecampoliving.com\/wp-content\/uploads\/2022\/10\/miguel-rodriguez-papo-menendezmartin-roos-manuel-rodriguez.jpg?w=800&amp;ssl=1 800w, https:\/\/i0.wp.com\/casadecampoliving.com\/wp-content\/uploads\/2022\/10\/miguel-rodriguez-papo-menendezmartin-roos-manuel-rodriguez.jpg?resize=300%2C300&amp;ssl=1 300w, https:\/\/i0.wp.com\/casadecampoliving.com\/wp-content\/uploads\/2022\/10\/miguel-rodriguez-papo-menendezmartin-roos-manuel-rodriguez.jpg?resize=150%2C150&amp;ssl=1 150w, https:\/\/i0.wp.com\/casadecampoliving.com\/wp-content\/uploads\/2022\/10\/miguel-rodriguez-papo-menendezmartin-roos-manuel-rodriguez.jpg?resize=768%2C766&amp;ssl=1 768w, https:\/\/i0.wp.com\/casadecampoliving.com\/wp-content\/uploads\/2022\/10\/miguel-rodriguez-papo-menendezmartin-roos-manuel-rodriguez.jpg?resize=400%2C399&amp;ssl=1 400w, https:\/\/i0.wp.com\/casadecampoliving.com\/wp-content\/uploads\/2022\/10\/miguel-rodriguez-papo-menendezmartin-roos-manuel-rodriguez.jpg?resize=200%2C200&amp;ssl=1 200w, https:\/\/i0.wp.com\/casadecampoliving.com\/wp-content\/uploads\/2022\/10\/miguel-rodriguez-papo-menendezmartin-roos-manuel-rodriguez.jpg?resize=706%2C704&amp;ssl=1 706w, https:\/\/i0.wp.com\/casadecampoliving.com\/wp-content\/uploads\/2022\/10\/miguel-rodriguez-papo-menendezmartin-roos-manuel-rodriguez.jpg?resize=100%2C100&amp;ssl=1 100w, https:\/\/i0.wp.com\/casadecampoliving.com\/wp-content\/uploads\/2022\/10\/miguel-rodriguez-papo-menendezmartin-roos-manuel-rodriguez.jpg?resize=96%2C96&amp;ssl=1 96w, https:\/\/i0.wp.com\/casadecampoliving.com\/wp-content\/uploads\/2022\/10\/miguel-rodriguez-papo-menendezmartin-roos-manuel-rodriguez.jpg?w=370&amp;ssl=1 370w\" sizes=\"auto, (max-width: 800px) 100vw, 800px\" \/><\/figure>\n\n\n\n<figure class=\"wp-block-image size-large\"><img data-recalc-dims=\"1\" loading=\"lazy\" decoding=\"async\" width=\"800\" height=\"533\" data-id=\"407923\" src=\"https:\/\/i0.wp.com\/casadecampoliving.com\/wp-content\/uploads\/2022\/10\/paul-bedi-carolina-cerquera-eduardo-nigro-deesh-bedi.jpg?resize=800%2C533&#038;ssl=1\" alt=\"\" class=\"wp-image-407923\" srcset=\"https:\/\/i0.wp.com\/casadecampoliving.com\/wp-content\/uploads\/2022\/10\/paul-bedi-carolina-cerquera-eduardo-nigro-deesh-bedi.jpg?w=800&amp;ssl=1 800w, https:\/\/i0.wp.com\/casadecampoliving.com\/wp-content\/uploads\/2022\/10\/paul-bedi-carolina-cerquera-eduardo-nigro-deesh-bedi.jpg?resize=300%2C200&amp;ssl=1 300w, https:\/\/i0.wp.com\/casadecampoliving.com\/wp-content\/uploads\/2022\/10\/paul-bedi-carolina-cerquera-eduardo-nigro-deesh-bedi.jpg?resize=768%2C512&amp;ssl=1 768w, https:\/\/i0.wp.com\/casadecampoliving.com\/wp-content\/uploads\/2022\/10\/paul-bedi-carolina-cerquera-eduardo-nigro-deesh-bedi.jpg?resize=400%2C267&amp;ssl=1 400w, https:\/\/i0.wp.com\/casadecampoliving.com\/wp-content\/uploads\/2022\/10\/paul-bedi-carolina-cerquera-eduardo-nigro-deesh-bedi.jpg?resize=706%2C470&amp;ssl=1 706w, https:\/\/i0.wp.com\/casadecampoliving.com\/wp-content\/uploads\/2022\/10\/paul-bedi-carolina-cerquera-eduardo-nigro-deesh-bedi.jpg?resize=150%2C100&amp;ssl=1 150w, https:\/\/i0.wp.com\/casadecampoliving.com\/wp-content\/uploads\/2022\/10\/paul-bedi-carolina-cerquera-eduardo-nigro-deesh-bedi.jpg?w=370&amp;ssl=1 370w\" sizes=\"auto, (max-width: 800px) 100vw, 800px\" \/><\/figure>\n\n\n\n<figure class=\"wp-block-image size-large\"><img data-recalc-dims=\"1\" loading=\"lazy\" decoding=\"async\" width=\"800\" height=\"533\" data-id=\"407943\" src=\"https:\/\/i0.wp.com\/casadecampoliving.com\/wp-content\/uploads\/2022\/10\/rafael-torres-y-andreas-schreiner.jpg?resize=800%2C533&#038;ssl=1\" alt=\"\" class=\"wp-image-407943\" srcset=\"https:\/\/i0.wp.com\/casadecampoliving.com\/wp-content\/uploads\/2022\/10\/rafael-torres-y-andreas-schreiner.jpg?w=800&amp;ssl=1 800w, https:\/\/i0.wp.com\/casadecampoliving.com\/wp-content\/uploads\/2022\/10\/rafael-torres-y-andreas-schreiner.jpg?resize=300%2C200&amp;ssl=1 300w, https:\/\/i0.wp.com\/casadecampoliving.com\/wp-content\/uploads\/2022\/10\/rafael-torres-y-andreas-schreiner.jpg?resize=768%2C512&amp;ssl=1 768w, https:\/\/i0.wp.com\/casadecampoliving.com\/wp-content\/uploads\/2022\/10\/rafael-torres-y-andreas-schreiner.jpg?resize=400%2C267&amp;ssl=1 400w, https:\/\/i0.wp.com\/casadecampoliving.com\/wp-content\/uploads\/2022\/10\/rafael-torres-y-andreas-schreiner.jpg?resize=706%2C470&amp;ssl=1 706w, https:\/\/i0.wp.com\/casadecampoliving.com\/wp-content\/uploads\/2022\/10\/rafael-torres-y-andreas-schreiner.jpg?resize=150%2C100&amp;ssl=1 150w, https:\/\/i0.wp.com\/casadecampoliving.com\/wp-content\/uploads\/2022\/10\/rafael-torres-y-andreas-schreiner.jpg?w=370&amp;ssl=1 370w\" sizes=\"auto, (max-width: 800px) 100vw, 800px\" \/><\/figure>\n\n\n\n<figure class=\"wp-block-image size-large\"><img data-recalc-dims=\"1\" loading=\"lazy\" decoding=\"async\" width=\"620\" height=\"800\" data-id=\"407965\" src=\"https:\/\/i0.wp.com\/casadecampoliving.com\/wp-content\/uploads\/2022\/10\/renata-soc3b1e-eduardo-guerra.jpg?resize=620%2C800&#038;ssl=1\" alt=\"\" class=\"wp-image-407965\" srcset=\"https:\/\/i0.wp.com\/casadecampoliving.com\/wp-content\/uploads\/2022\/10\/renata-soc3b1e-eduardo-guerra.jpg?w=620&amp;ssl=1 620w, https:\/\/i0.wp.com\/casadecampoliving.com\/wp-content\/uploads\/2022\/10\/renata-soc3b1e-eduardo-guerra.jpg?resize=233%2C300&amp;ssl=1 233w, https:\/\/i0.wp.com\/casadecampoliving.com\/wp-content\/uploads\/2022\/10\/renata-soc3b1e-eduardo-guerra.jpg?resize=400%2C516&amp;ssl=1 400w, https:\/\/i0.wp.com\/casadecampoliving.com\/wp-content\/uploads\/2022\/10\/renata-soc3b1e-eduardo-guerra.jpg?resize=150%2C194&amp;ssl=1 150w, https:\/\/i0.wp.com\/casadecampoliving.com\/wp-content\/uploads\/2022\/10\/renata-soc3b1e-eduardo-guerra.jpg?w=370&amp;ssl=1 370w\" sizes=\"auto, (max-width: 620px) 100vw, 620px\" \/><\/figure>\n\n\n\n<figure class=\"wp-block-image size-large\"><img data-recalc-dims=\"1\" loading=\"lazy\" decoding=\"async\" width=\"613\" height=\"800\" data-id=\"407989\" src=\"https:\/\/i0.wp.com\/casadecampoliving.com\/wp-content\/uploads\/2022\/10\/sharon-weberg-y-claudia-sansone.jpg?resize=613%2C800&#038;ssl=1\" alt=\"\" class=\"wp-image-407989\" srcset=\"https:\/\/i0.wp.com\/casadecampoliving.com\/wp-content\/uploads\/2022\/10\/sharon-weberg-y-claudia-sansone.jpg?w=613&amp;ssl=1 613w, https:\/\/i0.wp.com\/casadecampoliving.com\/wp-content\/uploads\/2022\/10\/sharon-weberg-y-claudia-sansone.jpg?resize=230%2C300&amp;ssl=1 230w, https:\/\/i0.wp.com\/casadecampoliving.com\/wp-content\/uploads\/2022\/10\/sharon-weberg-y-claudia-sansone.jpg?resize=400%2C522&amp;ssl=1 400w, https:\/\/i0.wp.com\/casadecampoliving.com\/wp-content\/uploads\/2022\/10\/sharon-weberg-y-claudia-sansone.jpg?resize=150%2C196&amp;ssl=1 150w, https:\/\/i0.wp.com\/casadecampoliving.com\/wp-content\/uploads\/2022\/10\/sharon-weberg-y-claudia-sansone.jpg?w=370&amp;ssl=1 370w\" sizes=\"auto, (max-width: 613px) 100vw, 613px\" \/><\/figure>\n<\/figure>\n<\/b>\n<h2><span style=\"font-weight: 400;\">Brunch desde\u00a0Miami en Pubbelly Sushi<\/span><\/h2>\n<figure id=\"attachment_120728\" aria-describedby=\"caption-attachment-120728\" style=\"width: 629px\" class=\"wp-caption aligncenter\"><img data-recalc-dims=\"1\" loading=\"lazy\" decoding=\"async\" class=\"wp-image-120728 \" src=\"https:\/\/i0.wp.com\/casadecampoliving.com\/wp-content\/uploads\/2022\/10\/Jose-Jhan-Mariel-Pou-2.jpg?resize=629%2C419&#038;ssl=1\" alt=\"Jose Jhan 6 Mariel Pou \" width=\"629\" height=\"419\" \/><figcaption id=\"caption-attachment-120728\" class=\"wp-caption-text\">Jose Jhan y\u00a0Mariel Pou<\/figcaption><\/figure>\n<p style=\"text-align: justify;\"><span style=\"font-weight: 400;\">\nEl brunch del domingo es sin duda mi comida favorita de la semana. En el brunch de Pubbelly Sushi el pasado domingo pudimos disfrutar de una peque\u00f1a selecci\u00f3n de platos dulces y salados, \u00a1simplemente deliciosos! Prob\u00e9 los m\u00e1s deliciosas tostadas franc\u00e9s y unas palomitas de panqueques que no sabr\u00eda ni como empezar a describir de tan ricas que estaban. Adem\u00e1s los Chilaquiles de cerdo, Cangrejos Benedict y Hamburguesas ten\u00edan a todo el mundo en nuestra mesa, sin espacio para repetir, \u00a1pero aun as\u00ed saboreando cada bocado!<span style=\"font-weight: 400;\">\n<\/span><span style=\"font-weight: 400;\">\n<\/span><span style=\"font-weight: 400;\">La c\u00e1lida pero fresca tarde en la Marina de Casa de Campo se convirti\u00f3 en el lugar perfecto para pasar el domingo y el lugar ideal para estar.<\/span>\n<\/span><\/p>\n<span style=\"font-weight: 400;\">Vea a continuaci\u00f3n las fotos tomadas por\u00a0Mairobi Herrera. <\/span>\n\n<b>[nggallery id=2634]<\/b>\n<blockquote>\n<h4 class=\"post-title left\"><a href=\"https:\/\/casadecampoliving.com\/es\/miamis-celebrity-chefs-brought-game-face-casa-de-campos-flavors-world\/\"><strong>\u00a1Chefs famosos de Miami dieron lo mejor de si en Flavors of the World!<\/strong><\/a><\/h4>\n<a href=\"https:\/\/casadecampoliving.com\/es\/miamis-celebrity-chefs-brought-game-face-casa-de-campos-flavors-world\/\"><img data-recalc-dims=\"1\" loading=\"lazy\" decoding=\"async\" class=\"alignnone wp-image-120638 size-full\" src=\"https:\/\/i0.wp.com\/casadecampoliving.com\/wp-content\/uploads\/2022\/10\/Mendin-and-Friends-1-1.jpg?resize=1000%2C600&#038;ssl=1\" alt=\"Flavors of the World Mendin and Friends\" width=\"1000\" height=\"600\" \/><\/a>\n\n<span style=\"font-weight: 400;\">Las verdaderas estrellas del fin de semana fueron los chefs famosos que estuvieron en\u00a0Casa de Campo para \u00abFlavors of the World\u00bb. Jovenes, modernos, en\u00e9rgicos, cool, y excelentes\u00a0en su oficio, llegu\u00e9 a conocerlo con la entrevista que les hicimos el viernes. <a href=\"https:\/\/casadecampoliving.com\/es\/miamis-celebrity-chefs-brought-game-face-casa-de-campos-flavors-world\/\">\u00a1Leer m\u00e1s aqu\u00ed!<\/a><\/span><\/blockquote>\n<blockquote>\n<h4>MAS \u201cFLAVORS OF THE WORLD\u201d\u00a0PROXIMAMENTE<\/h4>\n<a href=\"https:\/\/i0.wp.com\/casadecampoliving.com\/wp-content\/uploads\/2022\/10\/FOW_logo-e1469046136920-1.jpg?ssl=1\"><img data-recalc-dims=\"1\" loading=\"lazy\" decoding=\"async\" class=\"size-full wp-image-120711 alignright\" src=\"https:\/\/i0.wp.com\/casadecampoliving.com\/wp-content\/uploads\/2022\/10\/FOW_logo-e1469046136920-1.jpg?resize=150%2C150&#038;ssl=1\" alt=\"Flavors of the World logo\" width=\"150\" height=\"150\" \/><\/a>\u201cFlavors of the World\u201d (Sabores del Mundo), es un viaje gastron\u00f3mico que destaca un sin n\u00famero de opciones de alta cocina, gourmet, casual que estar\u00e1 disponible en Casa de Campo. Este evento se dividir\u00e1 en actividades mensuales hasta noviembre donde chefs de renombre internacional trabajar\u00e1n junto con el equipo de cocina creativa del resort, dirigido por el chef ejecutivo Anthony Masas, honrando la gastronom\u00eda y cultura de los distintos pa\u00edses. Esto nos da la oportunidad a nosotros, los amantes de la cocina, de conocer a estos mundialmente reconocidos y talentosos chefs \u00a1y adem\u00e1s disfrutar de deliciosas creaciones culinarias!\n<ul>\n \t<li>Flavors of Italy: Fin de semana del 19 de agosto en\u00a0La Piazzetta<\/li>\n \t<li>Flavors of Mexico: Fin de semana del 15 de septiembre<\/li>\n \t<li>Flavors of Portugal: Fin de semana del 21 de octubre en\u00a0La Ca\u00f1a by Il Circo<\/li>\n<\/ul>\nPara realizar sus reservaciones para los pr\u00f3ximos\u00a0\u201cFlavors of the World\u201d llame a:\u00a0(855) 877-3643, (800) 336-5520, o (809) 523-3333 ext. 3165 y\u00a03166.<\/blockquote>","protected":false},"excerpt":{"rendered":"<p>Mientras que la barbacoa del s\u00e1bado en la playa Minitas nos encant\u00f3, Pubbelly Sushi en la Marina de Casa de Campo se convirti\u00f3 en el punto focal del fin de semana, gracias a la incre\u00edble colaboraci\u00f3n entre los chefs m\u00e1s populares de Miami en Flavors of the World: edici\u00f3n de Miami. La cena de 7 [&hellip;]<\/p>\n","protected":false},"author":36672,"featured_media":283786,"comment_status":"closed","ping_status":"closed","sticky":false,"template":"","format":"standard","meta":{"newspack_ads_suppress_ads":false,"newspack_popups_has_disabled_popups":false,"newspack_sponsor_sponsorship_scope":"","newspack_sponsor_native_byline_display":"inherit","newspack_sponsor_native_category_display":"inherit","newspack_sponsor_underwriter_style":"inherit","newspack_sponsor_underwriter_placement":"inherit","_newspack_byline_active":false,"_newspack_byline":"","newspack_content_restriction_is_exempt":false,"newspack_featured_image_position":"","newspack_post_subtitle":"","newspack_article_summary_title":"Overview:","newspack_article_summary":"","newspack_hide_updated_date":false,"newspack_show_updated_date":false,"_jetpack_memberships_contains_paid_content":false,"footnotes":"","jetpack_publicize_message":"","jetpack_publicize_feature_enabled":true,"jetpack_social_post_already_shared":false,"jetpack_social_options":{"image_generator_settings":{"template":"highway","default_image_id":0,"font":"","enabled":false},"version":2},"_wpas_customize_per_network":false},"categories":[2501,2513,2520,2522,2526,26581,14625],"tags":[14736,18408,18644,18545,3573],"newspack_spnsrs_tax":[],"class_list":["post-350231","post","type-post","status-publish","format-standard","has-post-thumbnail","hentry","category-vida-nocturna-es","category-celebridades-es","category-restaurantes-es","category-eventos-es","category-titulares-es","category-la-marina-casa-de-campo","category-noticias-locales","tag-featured-topview-es","tag-flavors-of-the-world-es","tag-jeremy-ford-es","tag-jose-mendin-es","tag-marina-casa-de-campo-es","entry"],"yoast_head":"<!-- This site is optimized with the Yoast SEO plugin v27.2 - https:\/\/yoast.com\/product\/yoast-seo-wordpress\/ -->\n<title>Flavors of the World organiza una espectacular cena y brunch en conjunto con Chivas 18 | Casa de Campo Living<\/title>\n<meta name=\"description\" content=\"Mientras que la barbacoa del s\u00e1bado en la playa Minitas nos encant\u00f3, Pubbelly Sushi en la Marina de Casa de Campo se convirti\u00f3 en el punto focal del fin\" \/>\n<meta name=\"robots\" content=\"index, follow, max-snippet:-1, max-image-preview:large, max-video-preview:-1\" \/>\n<link rel=\"canonical\" href=\"https:\/\/casadecampoliving.com\/es\/flavors-world-organiza-cena-y-brunch-con-chivas-18\/\" \/>\n<meta property=\"og:locale\" content=\"es_ES\" \/>\n<meta property=\"og:type\" content=\"article\" \/>\n<meta property=\"og:title\" content=\"Flavors of the World organiza una espectacular cena y brunch en conjunto con Chivas 18 | Casa de Campo Living\" \/>\n<meta property=\"og:description\" content=\"Mientras que la barbacoa del s\u00e1bado en la playa Minitas nos encant\u00f3, Pubbelly Sushi en la Marina de Casa de Campo se convirti\u00f3 en el punto focal del fin\" \/>\n<meta property=\"og:url\" content=\"https:\/\/casadecampoliving.com\/es\/flavors-world-organiza-cena-y-brunch-con-chivas-18\/\" \/>\n<meta property=\"og:site_name\" content=\"Casa de Campo Living\" \/>\n<meta property=\"article:publisher\" content=\"https:\/\/www.facebook.com\/casadecampoliving\" \/>\n<meta property=\"article:published_time\" content=\"2016-07-21T04:00:00+00:00\" \/>\n<meta property=\"article:modified_time\" content=\"2022-11-10T14:34:14+00:00\" \/>\n<meta property=\"og:image\" content=\"https:\/\/i0.wp.com\/casadecampoliving.com\/wp-content\/uploads\/2022\/10\/William-Vargas-Andres-Abbott-Gisselle-Escano-1.jpg?fit=800%2C600&ssl=1\" \/>\n\t<meta property=\"og:image:width\" content=\"800\" \/>\n\t<meta property=\"og:image:height\" content=\"600\" \/>\n\t<meta property=\"og:image:type\" content=\"image\/jpeg\" \/>\n<meta name=\"author\" content=\"Carla Campos\" \/>\n<meta name=\"twitter:card\" content=\"summary_large_image\" \/>\n<meta name=\"twitter:creator\" content=\"@cdcliving\" \/>\n<meta name=\"twitter:site\" content=\"@cdcliving\" \/>\n<meta name=\"twitter:label1\" content=\"Escrito por\" \/>\n\t<meta name=\"twitter:data1\" content=\"Carla Campos\" \/>\n\t<meta name=\"twitter:label2\" content=\"Tiempo de lectura\" \/>\n\t<meta name=\"twitter:data2\" content=\"4 minutos\" \/>\n<script type=\"application\/ld+json\" class=\"yoast-schema-graph\">{\"@context\":\"https:\/\/schema.org\",\"@graph\":[{\"@type\":\"Article\",\"@id\":\"https:\/\/casadecampoliving.com\/es\/flavors-world-organiza-cena-y-brunch-con-chivas-18\/#article\",\"isPartOf\":{\"@id\":\"https:\/\/casadecampoliving.com\/es\/flavors-world-organiza-cena-y-brunch-con-chivas-18\/\"},\"author\":{\"name\":\"Carla Campos\",\"@id\":\"https:\/\/casadecampoliving.com\/es\/#\/schema\/person\/31e9c79dd1ae5946a5bc1d006945aad1\"},\"headline\":\"Flavors of the World organiza una espectacular cena y brunch en conjunto con Chivas 18\",\"datePublished\":\"2016-07-21T04:00:00+00:00\",\"dateModified\":\"2022-11-10T14:34:14+00:00\",\"mainEntityOfPage\":{\"@id\":\"https:\/\/casadecampoliving.com\/es\/flavors-world-organiza-cena-y-brunch-con-chivas-18\/\"},\"wordCount\":806,\"publisher\":{\"@id\":\"https:\/\/casadecampoliving.com\/es\/#organization\"},\"image\":{\"@id\":\"https:\/\/casadecampoliving.com\/es\/flavors-world-organiza-cena-y-brunch-con-chivas-18\/#primaryimage\"},\"thumbnailUrl\":\"https:\/\/i0.wp.com\/casadecampoliving.com\/wp-content\/uploads\/2022\/10\/William-Vargas-Andres-Abbott-Gisselle-Escano-1.jpg?fit=800%2C600&ssl=1\",\"keywords\":[\"Featured-TopView @es\",\"Flavors of the World @es\",\"Jeremy Ford @es\",\"Jose Mendin @es\",\"Marina Casa de Campo @es\"],\"articleSection\":[\"Vida Nocturna\",\"Celebridades\",\"Restaurantes\",\"Eventos\",\"Titulares\",\"La Marina Casa de Campo\",\"Noticias Locales\"],\"inLanguage\":\"es\"},{\"@type\":\"WebPage\",\"@id\":\"https:\/\/casadecampoliving.com\/es\/flavors-world-organiza-cena-y-brunch-con-chivas-18\/\",\"url\":\"https:\/\/casadecampoliving.com\/es\/flavors-world-organiza-cena-y-brunch-con-chivas-18\/\",\"name\":\"Flavors of the World organiza una espectacular cena y brunch en conjunto con Chivas 18 | Casa de Campo Living\",\"isPartOf\":{\"@id\":\"https:\/\/casadecampoliving.com\/es\/#website\"},\"primaryImageOfPage\":{\"@id\":\"https:\/\/casadecampoliving.com\/es\/flavors-world-organiza-cena-y-brunch-con-chivas-18\/#primaryimage\"},\"image\":{\"@id\":\"https:\/\/casadecampoliving.com\/es\/flavors-world-organiza-cena-y-brunch-con-chivas-18\/#primaryimage\"},\"thumbnailUrl\":\"https:\/\/i0.wp.com\/casadecampoliving.com\/wp-content\/uploads\/2022\/10\/William-Vargas-Andres-Abbott-Gisselle-Escano-1.jpg?fit=800%2C600&ssl=1\",\"datePublished\":\"2016-07-21T04:00:00+00:00\",\"dateModified\":\"2022-11-10T14:34:14+00:00\",\"description\":\"Mientras que la barbacoa del s\u00e1bado en la playa Minitas nos encant\u00f3, Pubbelly Sushi en la Marina de Casa de Campo se convirti\u00f3 en el punto focal del fin\",\"breadcrumb\":{\"@id\":\"https:\/\/casadecampoliving.com\/es\/flavors-world-organiza-cena-y-brunch-con-chivas-18\/#breadcrumb\"},\"inLanguage\":\"es\",\"potentialAction\":[{\"@type\":\"ReadAction\",\"target\":[\"https:\/\/casadecampoliving.com\/es\/flavors-world-organiza-cena-y-brunch-con-chivas-18\/\"]}]},{\"@type\":\"ImageObject\",\"inLanguage\":\"es\",\"@id\":\"https:\/\/casadecampoliving.com\/es\/flavors-world-organiza-cena-y-brunch-con-chivas-18\/#primaryimage\",\"url\":\"https:\/\/i0.wp.com\/casadecampoliving.com\/wp-content\/uploads\/2022\/10\/William-Vargas-Andres-Abbott-Gisselle-Escano-1.jpg?fit=800%2C600&ssl=1\",\"contentUrl\":\"https:\/\/i0.wp.com\/casadecampoliving.com\/wp-content\/uploads\/2022\/10\/William-Vargas-Andres-Abbott-Gisselle-Escano-1.jpg?fit=800%2C600&ssl=1\",\"width\":800,\"height\":600},{\"@type\":\"BreadcrumbList\",\"@id\":\"https:\/\/casadecampoliving.com\/es\/flavors-world-organiza-cena-y-brunch-con-chivas-18\/#breadcrumb\",\"itemListElement\":[{\"@type\":\"ListItem\",\"position\":1,\"name\":\"Home\",\"item\":\"https:\/\/casadecampoliving.com\/es\/\"},{\"@type\":\"ListItem\",\"position\":2,\"name\":\"Flavors of the World organiza una espectacular cena y brunch en conjunto con Chivas 18\"}]},{\"@type\":\"WebSite\",\"@id\":\"https:\/\/casadecampoliving.com\/es\/#website\",\"url\":\"https:\/\/casadecampoliving.com\/es\/\",\"name\":\"Casa de Campo Living\",\"description\":\"Resort community news and resources.\",\"publisher\":{\"@id\":\"https:\/\/casadecampoliving.com\/es\/#organization\"},\"potentialAction\":[{\"@type\":\"SearchAction\",\"target\":{\"@type\":\"EntryPoint\",\"urlTemplate\":\"https:\/\/casadecampoliving.com\/es\/?s={search_term_string}\"},\"query-input\":{\"@type\":\"PropertyValueSpecification\",\"valueRequired\":true,\"valueName\":\"search_term_string\"}}],\"inLanguage\":\"es\"},{\"@type\":\"Organization\",\"@id\":\"https:\/\/casadecampoliving.com\/es\/#organization\",\"name\":\"Casa de Campo Living\",\"url\":\"https:\/\/casadecampoliving.com\/es\/\",\"logo\":{\"@type\":\"ImageObject\",\"inLanguage\":\"es\",\"@id\":\"https:\/\/casadecampoliving.com\/es\/#\/schema\/logo\/image\/\",\"url\":\"https:\/\/i0.wp.com\/casadecampoliving.com\/wp-content\/uploads\/2022\/07\/CDCLivingLogo_V1-white-sized.png?fit=800%2C214&ssl=1\",\"contentUrl\":\"https:\/\/i0.wp.com\/casadecampoliving.com\/wp-content\/uploads\/2022\/07\/CDCLivingLogo_V1-white-sized.png?fit=800%2C214&ssl=1\",\"width\":800,\"height\":214,\"caption\":\"Casa de Campo Living\"},\"image\":{\"@id\":\"https:\/\/casadecampoliving.com\/es\/#\/schema\/logo\/image\/\"},\"sameAs\":[\"https:\/\/www.facebook.com\/casadecampoliving\",\"https:\/\/x.com\/cdcliving\"]},{\"@type\":\"Person\",\"@id\":\"https:\/\/casadecampoliving.com\/es\/#\/schema\/person\/31e9c79dd1ae5946a5bc1d006945aad1\",\"name\":\"Carla Campos\",\"image\":{\"@type\":\"ImageObject\",\"inLanguage\":\"es\",\"@id\":\"https:\/\/secure.gravatar.com\/avatar\/73cf86e3450dfb9b46e1fdb84b1d556861d8ff8c40e6925be3e987154c3b5772?s=96&d=mm&r=g\",\"url\":\"https:\/\/secure.gravatar.com\/avatar\/73cf86e3450dfb9b46e1fdb84b1d556861d8ff8c40e6925be3e987154c3b5772?s=96&d=mm&r=g\",\"contentUrl\":\"https:\/\/secure.gravatar.com\/avatar\/73cf86e3450dfb9b46e1fdb84b1d556861d8ff8c40e6925be3e987154c3b5772?s=96&d=mm&r=g\",\"caption\":\"Carla Campos\"},\"url\":\"https:\/\/casadecampoliving.com\/es\/author\/ccampos\/\"}]}<\/script>\n<!-- \/ Yoast SEO plugin. -->","yoast_head_json":{"title":"Flavors of the World organiza una espectacular cena y brunch en conjunto con Chivas 18 | Casa de Campo Living","description":"Mientras que la barbacoa del s\u00e1bado en la playa Minitas nos encant\u00f3, Pubbelly Sushi en la Marina de Casa de Campo se convirti\u00f3 en el punto focal del fin","robots":{"index":"index","follow":"follow","max-snippet":"max-snippet:-1","max-image-preview":"max-image-preview:large","max-video-preview":"max-video-preview:-1"},"canonical":"https:\/\/casadecampoliving.com\/es\/flavors-world-organiza-cena-y-brunch-con-chivas-18\/","og_locale":"es_ES","og_type":"article","og_title":"Flavors of the World organiza una espectacular cena y brunch en conjunto con Chivas 18 | Casa de Campo Living","og_description":"Mientras que la barbacoa del s\u00e1bado en la playa Minitas nos encant\u00f3, Pubbelly Sushi en la Marina de Casa de Campo se convirti\u00f3 en el punto focal del fin","og_url":"https:\/\/casadecampoliving.com\/es\/flavors-world-organiza-cena-y-brunch-con-chivas-18\/","og_site_name":"Casa de Campo Living","article_publisher":"https:\/\/www.facebook.com\/casadecampoliving","article_published_time":"2016-07-21T04:00:00+00:00","article_modified_time":"2022-11-10T14:34:14+00:00","og_image":[{"width":800,"height":600,"url":"https:\/\/i0.wp.com\/casadecampoliving.com\/wp-content\/uploads\/2022\/10\/William-Vargas-Andres-Abbott-Gisselle-Escano-1.jpg?fit=800%2C600&ssl=1","type":"image\/jpeg"}],"author":"Carla Campos","twitter_card":"summary_large_image","twitter_creator":"@cdcliving","twitter_site":"@cdcliving","twitter_misc":{"Escrito por":"Carla Campos","Tiempo de lectura":"4 minutos"},"schema":{"@context":"https:\/\/schema.org","@graph":[{"@type":"Article","@id":"https:\/\/casadecampoliving.com\/es\/flavors-world-organiza-cena-y-brunch-con-chivas-18\/#article","isPartOf":{"@id":"https:\/\/casadecampoliving.com\/es\/flavors-world-organiza-cena-y-brunch-con-chivas-18\/"},"author":{"name":"Carla Campos","@id":"https:\/\/casadecampoliving.com\/es\/#\/schema\/person\/31e9c79dd1ae5946a5bc1d006945aad1"},"headline":"Flavors of the World organiza una espectacular cena y brunch en conjunto con Chivas 18","datePublished":"2016-07-21T04:00:00+00:00","dateModified":"2022-11-10T14:34:14+00:00","mainEntityOfPage":{"@id":"https:\/\/casadecampoliving.com\/es\/flavors-world-organiza-cena-y-brunch-con-chivas-18\/"},"wordCount":806,"publisher":{"@id":"https:\/\/casadecampoliving.com\/es\/#organization"},"image":{"@id":"https:\/\/casadecampoliving.com\/es\/flavors-world-organiza-cena-y-brunch-con-chivas-18\/#primaryimage"},"thumbnailUrl":"https:\/\/i0.wp.com\/casadecampoliving.com\/wp-content\/uploads\/2022\/10\/William-Vargas-Andres-Abbott-Gisselle-Escano-1.jpg?fit=800%2C600&ssl=1","keywords":["Featured-TopView @es","Flavors of the World @es","Jeremy Ford @es","Jose Mendin @es","Marina Casa de Campo @es"],"articleSection":["Vida Nocturna","Celebridades","Restaurantes","Eventos","Titulares","La Marina Casa de Campo","Noticias Locales"],"inLanguage":"es"},{"@type":"WebPage","@id":"https:\/\/casadecampoliving.com\/es\/flavors-world-organiza-cena-y-brunch-con-chivas-18\/","url":"https:\/\/casadecampoliving.com\/es\/flavors-world-organiza-cena-y-brunch-con-chivas-18\/","name":"Flavors of the World organiza una espectacular cena y brunch en conjunto con Chivas 18 | Casa de Campo Living","isPartOf":{"@id":"https:\/\/casadecampoliving.com\/es\/#website"},"primaryImageOfPage":{"@id":"https:\/\/casadecampoliving.com\/es\/flavors-world-organiza-cena-y-brunch-con-chivas-18\/#primaryimage"},"image":{"@id":"https:\/\/casadecampoliving.com\/es\/flavors-world-organiza-cena-y-brunch-con-chivas-18\/#primaryimage"},"thumbnailUrl":"https:\/\/i0.wp.com\/casadecampoliving.com\/wp-content\/uploads\/2022\/10\/William-Vargas-Andres-Abbott-Gisselle-Escano-1.jpg?fit=800%2C600&ssl=1","datePublished":"2016-07-21T04:00:00+00:00","dateModified":"2022-11-10T14:34:14+00:00","description":"Mientras que la barbacoa del s\u00e1bado en la playa Minitas nos encant\u00f3, Pubbelly Sushi en la Marina de Casa de Campo se convirti\u00f3 en el punto focal del fin","breadcrumb":{"@id":"https:\/\/casadecampoliving.com\/es\/flavors-world-organiza-cena-y-brunch-con-chivas-18\/#breadcrumb"},"inLanguage":"es","potentialAction":[{"@type":"ReadAction","target":["https:\/\/casadecampoliving.com\/es\/flavors-world-organiza-cena-y-brunch-con-chivas-18\/"]}]},{"@type":"ImageObject","inLanguage":"es","@id":"https:\/\/casadecampoliving.com\/es\/flavors-world-organiza-cena-y-brunch-con-chivas-18\/#primaryimage","url":"https:\/\/i0.wp.com\/casadecampoliving.com\/wp-content\/uploads\/2022\/10\/William-Vargas-Andres-Abbott-Gisselle-Escano-1.jpg?fit=800%2C600&ssl=1","contentUrl":"https:\/\/i0.wp.com\/casadecampoliving.com\/wp-content\/uploads\/2022\/10\/William-Vargas-Andres-Abbott-Gisselle-Escano-1.jpg?fit=800%2C600&ssl=1","width":800,"height":600},{"@type":"BreadcrumbList","@id":"https:\/\/casadecampoliving.com\/es\/flavors-world-organiza-cena-y-brunch-con-chivas-18\/#breadcrumb","itemListElement":[{"@type":"ListItem","position":1,"name":"Home","item":"https:\/\/casadecampoliving.com\/es\/"},{"@type":"ListItem","position":2,"name":"Flavors of the World organiza una espectacular cena y brunch en conjunto con Chivas 18"}]},{"@type":"WebSite","@id":"https:\/\/casadecampoliving.com\/es\/#website","url":"https:\/\/casadecampoliving.com\/es\/","name":"Casa de Campo Living","description":"Resort community news and resources.","publisher":{"@id":"https:\/\/casadecampoliving.com\/es\/#organization"},"potentialAction":[{"@type":"SearchAction","target":{"@type":"EntryPoint","urlTemplate":"https:\/\/casadecampoliving.com\/es\/?s={search_term_string}"},"query-input":{"@type":"PropertyValueSpecification","valueRequired":true,"valueName":"search_term_string"}}],"inLanguage":"es"},{"@type":"Organization","@id":"https:\/\/casadecampoliving.com\/es\/#organization","name":"Casa de Campo Living","url":"https:\/\/casadecampoliving.com\/es\/","logo":{"@type":"ImageObject","inLanguage":"es","@id":"https:\/\/casadecampoliving.com\/es\/#\/schema\/logo\/image\/","url":"https:\/\/i0.wp.com\/casadecampoliving.com\/wp-content\/uploads\/2022\/07\/CDCLivingLogo_V1-white-sized.png?fit=800%2C214&ssl=1","contentUrl":"https:\/\/i0.wp.com\/casadecampoliving.com\/wp-content\/uploads\/2022\/07\/CDCLivingLogo_V1-white-sized.png?fit=800%2C214&ssl=1","width":800,"height":214,"caption":"Casa de Campo Living"},"image":{"@id":"https:\/\/casadecampoliving.com\/es\/#\/schema\/logo\/image\/"},"sameAs":["https:\/\/www.facebook.com\/casadecampoliving","https:\/\/x.com\/cdcliving"]},{"@type":"Person","@id":"https:\/\/casadecampoliving.com\/es\/#\/schema\/person\/31e9c79dd1ae5946a5bc1d006945aad1","name":"Carla Campos","image":{"@type":"ImageObject","inLanguage":"es","@id":"https:\/\/secure.gravatar.com\/avatar\/73cf86e3450dfb9b46e1fdb84b1d556861d8ff8c40e6925be3e987154c3b5772?s=96&d=mm&r=g","url":"https:\/\/secure.gravatar.com\/avatar\/73cf86e3450dfb9b46e1fdb84b1d556861d8ff8c40e6925be3e987154c3b5772?s=96&d=mm&r=g","contentUrl":"https:\/\/secure.gravatar.com\/avatar\/73cf86e3450dfb9b46e1fdb84b1d556861d8ff8c40e6925be3e987154c3b5772?s=96&d=mm&r=g","caption":"Carla Campos"},"url":"https:\/\/casadecampoliving.com\/es\/author\/ccampos\/"}]}},"parsely":{"version":"1.1.0","canonical_url":"https:\/\/casadecampoliving.com\/es\/flavors-world-organiza-cena-y-brunch-con-chivas-18\/","smart_links":{"inbound":0,"outbound":0},"traffic_boost_suggestions_count":0,"meta":{"@context":"https:\/\/schema.org","@type":"NewsArticle","headline":"Flavors of the World organiza una espectacular cena y brunch en conjunto con Chivas 18","url":"http:\/\/casadecampoliving.com\/es\/flavors-world-organiza-cena-y-brunch-con-chivas-18\/","mainEntityOfPage":{"@type":"WebPage","@id":"http:\/\/casadecampoliving.com\/es\/flavors-world-organiza-cena-y-brunch-con-chivas-18\/"},"thumbnailUrl":"https:\/\/i0.wp.com\/casadecampoliving.com\/wp-content\/uploads\/2022\/10\/William-Vargas-Andres-Abbott-Gisselle-Escano-1.jpg?resize=150%2C150&ssl=1","image":{"@type":"ImageObject","url":"https:\/\/i0.wp.com\/casadecampoliving.com\/wp-content\/uploads\/2022\/10\/William-Vargas-Andres-Abbott-Gisselle-Escano-1.jpg?fit=800%2C600&ssl=1"},"articleSection":"Vida Nocturna","author":[{"@type":"Person","name":"Carla Campos"}],"creator":["Carla Campos"],"publisher":{"@type":"Organization","name":"Casa de Campo Living","logo":"https:\/\/casadecampoliving.com\/wp-content\/uploads\/2022\/07\/CDCLivingLogo_V1-white-sized.png"},"keywords":["featured-topview @es","flavors of the world @es","jeremy ford @es","jose mendin @es","marina casa de campo @es"],"dateCreated":"2016-07-21T04:00:00Z","datePublished":"2016-07-21T04:00:00Z","dateModified":"2022-11-10T14:34:14Z"},"rendered":"<script type=\"application\/ld+json\" class=\"wp-parsely-metadata\">{\"@context\":\"https:\\\/\\\/schema.org\",\"@type\":\"NewsArticle\",\"headline\":\"Flavors of the World organiza una espectacular cena y brunch en conjunto con Chivas 18\",\"url\":\"http:\\\/\\\/casadecampoliving.com\\\/es\\\/flavors-world-organiza-cena-y-brunch-con-chivas-18\\\/\",\"mainEntityOfPage\":{\"@type\":\"WebPage\",\"@id\":\"http:\\\/\\\/casadecampoliving.com\\\/es\\\/flavors-world-organiza-cena-y-brunch-con-chivas-18\\\/\"},\"thumbnailUrl\":\"https:\\\/\\\/i0.wp.com\\\/casadecampoliving.com\\\/wp-content\\\/uploads\\\/2022\\\/10\\\/William-Vargas-Andres-Abbott-Gisselle-Escano-1.jpg?resize=150%2C150&ssl=1\",\"image\":{\"@type\":\"ImageObject\",\"url\":\"https:\\\/\\\/i0.wp.com\\\/casadecampoliving.com\\\/wp-content\\\/uploads\\\/2022\\\/10\\\/William-Vargas-Andres-Abbott-Gisselle-Escano-1.jpg?fit=800%2C600&ssl=1\"},\"articleSection\":\"Vida Nocturna\",\"author\":[{\"@type\":\"Person\",\"name\":\"Carla Campos\"}],\"creator\":[\"Carla Campos\"],\"publisher\":{\"@type\":\"Organization\",\"name\":\"Casa de Campo Living\",\"logo\":\"https:\\\/\\\/casadecampoliving.com\\\/wp-content\\\/uploads\\\/2022\\\/07\\\/CDCLivingLogo_V1-white-sized.png\"},\"keywords\":[\"featured-topview @es\",\"flavors of the world @es\",\"jeremy ford @es\",\"jose mendin @es\",\"marina casa de campo @es\"],\"dateCreated\":\"2016-07-21T04:00:00Z\",\"datePublished\":\"2016-07-21T04:00:00Z\",\"dateModified\":\"2022-11-10T14:34:14Z\"}<\/script>","tracker_url":"https:\/\/cdn.parsely.com\/keys\/casadecampoliving.com\/p.js"},"jetpack_publicize_connections":[],"jetpack_featured_media_url":"https:\/\/i0.wp.com\/casadecampoliving.com\/wp-content\/uploads\/2022\/10\/William-Vargas-Andres-Abbott-Gisselle-Escano-1.jpg?fit=800%2C600&ssl=1","jetpack-related-posts":[{"id":350096,"url":"https:\/\/casadecampoliving.com\/es\/flavors-world-chef-jose-mendin\/","url_meta":{"origin":350231,"position":0},"title":"El tercer evento de \u00abFlavors of the World\u00bb trae la extraordinaria cocina de Miami","author":"Marlenys Guzm\u00e1n Casta\u00f1os","date":"30 Jun, 2016","format":false,"excerpt":"\u00a1Buenas noticias amantes de la comida! La semana pasada tuvimos muy rico \u201cFlavors of the World\u201d\u00a0con tres de los mejores chefs de Santo Domingo y en tan s\u00f3lo dos semanas habr\u00e1 una nueva edici\u00f3n en Casa de Campo \u201cFlavors of the World Miami\u201d donde disfrutaremos de las comidas preparadas por\u2026","rel":"","context":"En \u00abComidas &amp; Bebidas\u00bb","block_context":{"text":"Comidas &amp; Bebidas","link":"https:\/\/casadecampoliving.com\/es\/category\/comidas-bebidas\/"},"img":{"alt_text":"Featured Image Pubbelly Flavors of the World Chef Jose Mendin","src":"https:\/\/i0.wp.com\/casadecampoliving.com\/wp-content\/uploads\/2022\/10\/Featured-Image-Pubbelly-Flavors-of-the-World-Chef-Jose-Mendin.jpg?fit=1000%2C600&ssl=1&resize=350%2C200","width":350,"height":200,"srcset":"https:\/\/i0.wp.com\/casadecampoliving.com\/wp-content\/uploads\/2022\/10\/Featured-Image-Pubbelly-Flavors-of-the-World-Chef-Jose-Mendin.jpg?fit=1000%2C600&ssl=1&resize=350%2C200 1x, https:\/\/i0.wp.com\/casadecampoliving.com\/wp-content\/uploads\/2022\/10\/Featured-Image-Pubbelly-Flavors-of-the-World-Chef-Jose-Mendin.jpg?fit=1000%2C600&ssl=1&resize=525%2C300 1.5x, https:\/\/i0.wp.com\/casadecampoliving.com\/wp-content\/uploads\/2022\/10\/Featured-Image-Pubbelly-Flavors-of-the-World-Chef-Jose-Mendin.jpg?fit=1000%2C600&ssl=1&resize=700%2C400 2x"},"classes":[]},{"id":350162,"url":"https:\/\/casadecampoliving.com\/es\/flavors-world-miami-fiesta-en-la-playa\/","url_meta":{"origin":350231,"position":1},"title":"\u00a1Este fin de semana \u00abFlavors of the World\u00bb nos trae una fiesta en la playa y mucho m\u00e1s, al estilo Miami!","author":"Marlenys Guzm\u00e1n Casta\u00f1os","date":"11 Jul, 2016","format":false,"excerpt":"Hace poco anunciamos el 3er evento de \u201cFlavors of the World,\u201d un viaje gastron\u00f3mico que destaca un sin n\u00famero de opciones de alta cocina, gourmet, casual que estar\u00e1 disponible en Casa de Campo que tendr\u00e1 lugar este fin de semana. Tres incre\u00edbles cocineros nos visitaran desde Miami, el chef Jos\u00e9\u2026","rel":"","context":"En \u00abComidas &amp; Bebidas\u00bb","block_context":{"text":"Comidas &amp; Bebidas","link":"https:\/\/casadecampoliving.com\/es\/category\/comidas-bebidas\/"},"img":{"alt_text":"Featured Image Flavors of the World Beach Party","src":"https:\/\/i0.wp.com\/casadecampoliving.com\/wp-content\/uploads\/2022\/10\/Featured-Image-Flavors-of-the-World-Beach-Party.jpg?fit=1000%2C600&ssl=1&resize=350%2C200","width":350,"height":200,"srcset":"https:\/\/i0.wp.com\/casadecampoliving.com\/wp-content\/uploads\/2022\/10\/Featured-Image-Flavors-of-the-World-Beach-Party.jpg?fit=1000%2C600&ssl=1&resize=350%2C200 1x, https:\/\/i0.wp.com\/casadecampoliving.com\/wp-content\/uploads\/2022\/10\/Featured-Image-Flavors-of-the-World-Beach-Party.jpg?fit=1000%2C600&ssl=1&resize=525%2C300 1.5x, https:\/\/i0.wp.com\/casadecampoliving.com\/wp-content\/uploads\/2022\/10\/Featured-Image-Flavors-of-the-World-Beach-Party.jpg?fit=1000%2C600&ssl=1&resize=700%2C400 2x"},"classes":[]},{"id":350206,"url":"https:\/\/casadecampoliving.com\/es\/miamis-celebrity-chefs-brought-game-face-casa-de-campos-flavors-world\/","url_meta":{"origin":350231,"position":2},"title":"\u00a1Chefs famosos de Miami dieron lo mejor de si en Flavors of the World!","author":"Carla Campos","date":"18 Jul, 2016","format":false,"excerpt":"\u00a1Aun me estoy recuperando del fin de semana de eventos que reci\u00e9n culmin\u00f3 donde la diversi\u00f3n\u00a0no falto! No tan solo bailamos toda la noche del s\u00e1bado en Genesis durante el concierto de tributo a U2 (\u00a1mi canci\u00f3n toda la ma\u00f1ana ha sido \u201cIt\u2019s a Beautiful Day!\u201d) si no que tambi\u00e9n\u2026","rel":"","context":"En \u00abCasa de Campo Living @es\u00bb","block_context":{"text":"Casa de Campo Living @es","link":"https:\/\/casadecampoliving.com\/category\/casa-de-campo-living-es\/"},"img":{"alt_text":"Flavors of the World Mendin and Friends","src":"https:\/\/i0.wp.com\/casadecampoliving.com\/wp-content\/uploads\/2022\/10\/Mendin-and-Friends-1.jpg?fit=1000%2C600&ssl=1&resize=350%2C200","width":350,"height":200,"srcset":"https:\/\/i0.wp.com\/casadecampoliving.com\/wp-content\/uploads\/2022\/10\/Mendin-and-Friends-1.jpg?fit=1000%2C600&ssl=1&resize=350%2C200 1x, https:\/\/i0.wp.com\/casadecampoliving.com\/wp-content\/uploads\/2022\/10\/Mendin-and-Friends-1.jpg?fit=1000%2C600&ssl=1&resize=525%2C300 1.5x, https:\/\/i0.wp.com\/casadecampoliving.com\/wp-content\/uploads\/2022\/10\/Mendin-and-Friends-1.jpg?fit=1000%2C600&ssl=1&resize=700%2C400 2x"},"classes":[]},{"id":327575,"url":"https:\/\/casadecampoliving.com\/chef-jose-mendin-flavors-world\/","url_meta":{"origin":350231,"position":3},"title":"On its way! The 3rd event of \u00abFlavors of the World\u00bb promises extraordinary cuisine from Miami","author":"Marlenys Guzm\u00e1n Casta\u00f1os","date":"30 Jun, 2016","format":false,"excerpt":"Foodie-alert! Just last week we had a delicious \u201cFlavors of the World\u201d event with three top chefs from Santo Domingo, and in just two short weeks there will be a new edition in Casa de Campo, \u201cFlavors of the World Miami\u201d bringing in the experts from the Pubbelly Group, the\u2026","rel":"","context":"En \u00abBars and Nightlife\u00bb","block_context":{"text":"Bars and Nightlife","link":"https:\/\/casadecampoliving.com\/category\/bars-and-nightlife\/"},"img":{"alt_text":"Featured Image Pubbelly Flavors of the World Chef Jose Mendin","src":"https:\/\/i0.wp.com\/casadecampoliving.com\/wp-content\/uploads\/2022\/10\/Featured-Image-Pubbelly-Flavors-of-the-World-Chef-Jose-Mendin.jpg?fit=1000%2C600&ssl=1&resize=350%2C200","width":350,"height":200,"srcset":"https:\/\/i0.wp.com\/casadecampoliving.com\/wp-content\/uploads\/2022\/10\/Featured-Image-Pubbelly-Flavors-of-the-World-Chef-Jose-Mendin.jpg?fit=1000%2C600&ssl=1&resize=350%2C200 1x, https:\/\/i0.wp.com\/casadecampoliving.com\/wp-content\/uploads\/2022\/10\/Featured-Image-Pubbelly-Flavors-of-the-World-Chef-Jose-Mendin.jpg?fit=1000%2C600&ssl=1&resize=525%2C300 1.5x, https:\/\/i0.wp.com\/casadecampoliving.com\/wp-content\/uploads\/2022\/10\/Featured-Image-Pubbelly-Flavors-of-the-World-Chef-Jose-Mendin.jpg?fit=1000%2C600&ssl=1&resize=700%2C400 2x"},"classes":[]},{"id":327603,"url":"https:\/\/casadecampoliving.com\/flavors-world-miami-beach-party\/","url_meta":{"origin":350231,"position":4},"title":"\u00abFlavors of the World\u00bb Beach Party and more this weekend, Miami Style!","author":"Marlenys Guzm\u00e1n Casta\u00f1os","date":"11 Jul, 2016","format":false,"excerpt":"Not long ago, we announced the 3rd event for \u201cFlavors of the World,\u201d the gastronomic journey highlighting the collection of casual, gourmet, and fine-dining options in Casa de Campo taking place this weekend! Three amazing chefs from Miami, Chef Jos\u00e9 Mend\u00edn of the Pubbelly Group, and special friends, Chef Jeremy\u2026","rel":"","context":"En \u00abBars and Nightlife\u00bb","block_context":{"text":"Bars and Nightlife","link":"https:\/\/casadecampoliving.com\/category\/bars-and-nightlife\/"},"img":{"alt_text":"Featured Image Flavors of the World Beach Party","src":"https:\/\/i0.wp.com\/casadecampoliving.com\/wp-content\/uploads\/2022\/10\/Featured-Image-Flavors-of-the-World-Beach-Party.jpg?fit=1000%2C600&ssl=1&resize=350%2C200","width":350,"height":200,"srcset":"https:\/\/i0.wp.com\/casadecampoliving.com\/wp-content\/uploads\/2022\/10\/Featured-Image-Flavors-of-the-World-Beach-Party.jpg?fit=1000%2C600&ssl=1&resize=350%2C200 1x, https:\/\/i0.wp.com\/casadecampoliving.com\/wp-content\/uploads\/2022\/10\/Featured-Image-Flavors-of-the-World-Beach-Party.jpg?fit=1000%2C600&ssl=1&resize=525%2C300 1.5x, https:\/\/i0.wp.com\/casadecampoliving.com\/wp-content\/uploads\/2022\/10\/Featured-Image-Flavors-of-the-World-Beach-Party.jpg?fit=1000%2C600&ssl=1&resize=700%2C400 2x"},"classes":[]},{"id":433460,"url":"https:\/\/casadecampoliving.com\/es\/no-se-pierdan-el-increible-tributo-a-frank-sinatra-para-celebrar-el-40-aniversario-del-anfiteatro-altos-de-chavon\/","url_meta":{"origin":350231,"position":5},"title":"No se pierdan el incre\u00edble tributo a Frank Sinatra para celebrar el 40 aniversario del\u00a0Anfiteatro Altos de Chav\u00f3n","author":"Casa de Campo Living","date":"20 Oct, 2022","format":false,"excerpt":"Siendo uno de los escenarios m\u00e1s emblem\u00e1ticos del pa\u00eds, Casa de Campo Resort\u00ae & Villas celebra las cuatro d\u00e9cadas de aniversario de Altos de Chav\u00f3n con un tributo al gran Frank Sinatra, protagonizado por artistas invitados y una big band tal cual la que acompa\u00f1\u00f3 al artista hace 40 a\u00f1os\u2026","rel":"","context":"En \u00abUncategorized @es\u00bb","block_context":{"text":"Uncategorized @es","link":"https:\/\/casadecampoliving.com\/es\/category\/uncategorized-es\/"},"img":{"alt_text":"","src":"https:\/\/i0.wp.com\/casadecampoliving.com\/wp-content\/uploads\/2022\/10\/Tributo-Frank-Sinatra-Foto-Principal-Amaury-Sanchez-Danilo-Ginebra-Andres-Pichardo-y-Jose-Gabriel-Perez-.jpg?fit=1200%2C873&ssl=1&resize=350%2C200","width":350,"height":200,"srcset":"https:\/\/i0.wp.com\/casadecampoliving.com\/wp-content\/uploads\/2022\/10\/Tributo-Frank-Sinatra-Foto-Principal-Amaury-Sanchez-Danilo-Ginebra-Andres-Pichardo-y-Jose-Gabriel-Perez-.jpg?fit=1200%2C873&ssl=1&resize=350%2C200 1x, https:\/\/i0.wp.com\/casadecampoliving.com\/wp-content\/uploads\/2022\/10\/Tributo-Frank-Sinatra-Foto-Principal-Amaury-Sanchez-Danilo-Ginebra-Andres-Pichardo-y-Jose-Gabriel-Perez-.jpg?fit=1200%2C873&ssl=1&resize=525%2C300 1.5x, https:\/\/i0.wp.com\/casadecampoliving.com\/wp-content\/uploads\/2022\/10\/Tributo-Frank-Sinatra-Foto-Principal-Amaury-Sanchez-Danilo-Ginebra-Andres-Pichardo-y-Jose-Gabriel-Perez-.jpg?fit=1200%2C873&ssl=1&resize=700%2C400 2x, https:\/\/i0.wp.com\/casadecampoliving.com\/wp-content\/uploads\/2022\/10\/Tributo-Frank-Sinatra-Foto-Principal-Amaury-Sanchez-Danilo-Ginebra-Andres-Pichardo-y-Jose-Gabriel-Perez-.jpg?fit=1200%2C873&ssl=1&resize=1050%2C600 3x"},"classes":[]}],"jetpack_sharing_enabled":true,"_links":{"self":[{"href":"https:\/\/casadecampoliving.com\/es\/wp-json\/wp\/v2\/posts\/350231","targetHints":{"allow":["GET"]}}],"collection":[{"href":"https:\/\/casadecampoliving.com\/es\/wp-json\/wp\/v2\/posts"}],"about":[{"href":"https:\/\/casadecampoliving.com\/es\/wp-json\/wp\/v2\/types\/post"}],"author":[{"embeddable":true,"href":"https:\/\/casadecampoliving.com\/es\/wp-json\/wp\/v2\/users\/36672"}],"replies":[{"embeddable":true,"href":"https:\/\/casadecampoliving.com\/es\/wp-json\/wp\/v2\/comments?post=350231"}],"version-history":[{"count":2,"href":"https:\/\/casadecampoliving.com\/es\/wp-json\/wp\/v2\/posts\/350231\/revisions"}],"predecessor-version":[{"id":507445,"href":"https:\/\/casadecampoliving.com\/es\/wp-json\/wp\/v2\/posts\/350231\/revisions\/507445"}],"wp:featuredmedia":[{"embeddable":true,"href":"https:\/\/casadecampoliving.com\/es\/wp-json\/wp\/v2\/media\/283786"}],"wp:attachment":[{"href":"https:\/\/casadecampoliving.com\/es\/wp-json\/wp\/v2\/media?parent=350231"}],"wp:term":[{"taxonomy":"category","embeddable":true,"href":"https:\/\/casadecampoliving.com\/es\/wp-json\/wp\/v2\/categories?post=350231"},{"taxonomy":"post_tag","embeddable":true,"href":"https:\/\/casadecampoliving.com\/es\/wp-json\/wp\/v2\/tags?post=350231"},{"taxonomy":"newspack_spnsrs_tax","embeddable":true,"href":"https:\/\/casadecampoliving.com\/es\/wp-json\/wp\/v2\/newspack_spnsrs_tax?post=350231"}],"curies":[{"name":"wp","href":"https:\/\/api.w.org\/{rel}","templated":true}]}}