{"id":350216,"date":"2016-07-19T00:00:00","date_gmt":"2016-07-19T04:00:00","guid":{"rendered":"https:\/\/casadecampoliving.com\/fin-de-semana-familiar-fundacion-mir-esta-al-doblar-la-esquina\/"},"modified":"2022-10-21T19:02:29","modified_gmt":"2022-10-21T23:02:29","slug":"fin-de-semana-familiar-fundacion-mir-esta-al-doblar-la-esquina","status":"publish","type":"post","link":"https:\/\/casadecampoliving.com\/es\/fin-de-semana-familiar-fundacion-mir-esta-al-doblar-la-esquina\/","title":{"rendered":"\u00a1Atencion! \u00a1El Fin de Semana Familiar Fundaci\u00f3n MIR est\u00e1 al doblar la esquina!"},"content":{"rendered":"\n<p><span style=\"font-weight: 400;\">Ya estamos a menos de un mes para celebrar uno de los eventos m\u00e1s esperados del verano, el Fin de Semana Familiar Fundaci\u00f3n MIR, el cual se llevar\u00e1 a cabo por todo el resort Casa de Campo del 12 al 13 de agosto.<\/span><br>\n<\/p>\n\n\n\n<!--more-->\n\n\n\n<p><span style=\"font-weight: 400;\">El Fin de Semana Familiar de Fundaci\u00f3n MIR es un evento para recaudar fondos que incluye torneos de tenis y golf, as\u00ed como una cena de premiaci\u00f3n y un after-party, cuyas ganancias ir\u00e1n a la fundaci\u00f3n, para ayudarlos en su meta de poder darle educaci\u00f3n y otras necesidades b\u00e1sicas a ni\u00f1os y familias m\u00e1s necesitadas aqu\u00ed en La Romana.<\/span><\/p>\n\n\n<div class=\"wp-block-image\">\n<figure class=\"aligncenter is-resized\"><img loading=\"lazy\" decoding=\"async\" src=\"https:\/\/i0.wp.com\/casadecampoliving.com\/wp-content\/uploads\/2022\/10\/DSC_0454-e1468961506414.jpg?resize=1000%2C667&amp;ssl=1\" alt=\"Fundaci\u00f3n MIR Family Weekend 1\" class=\"wp-image-120666\" height=\"667\" width=\"1000\"\/><\/figure>\n<\/div>\n\n\n<p><span style=\"font-weight: 400;\"><\/span><\/p>\n\n\n\n<p><span style=\"font-weight: 400;\">El fin de semana consistir\u00e1 en una fiesta de bienvenida en <\/span><span style=\"font-weight: 400;\">Genesis Nightclub <\/span><span style=\"font-weight: 400;\">&nbsp;el viernes 12 de agosto y una cl\u00ednica de tenis para ni\u00f1os la ma\u00f1ana siguiente asi como el torneo de tenis en el club de tenis La Terraza. Ese mismo dia se llevara acabo el Torneo de Golf en La Romana Country Club. Esa noche, la cena bailable en Minitas ser\u00e1 amenizada por la Orquesta Dekadas, y se realizar\u00e1 la entrega de de premios a todos los ganadores de los eventos del fin de semana familiar. El c\u00f3digo de vestimenta es \u201cChic Tropical\u201d y terminar\u00e1 con DJ Gringo de Miami, quien siempre ha apoyado a la Fundaci\u00f3n MIR. \u00a1Est\u00e9n listos para bailar toda la noche!<\/span><\/p>\n\n\n<div class=\"wp-block-image\">\n<figure class=\"aligncenter is-resized\"><img loading=\"lazy\" decoding=\"async\" src=\"https:\/\/i0.wp.com\/casadecampoliving.com\/wp-content\/uploads\/2022\/10\/DSC_5903-e1468961596760.jpg?resize=1000%2C662&amp;ssl=1\" alt=\"Fundaci\u00f3n MIR Family Weekend 2\" class=\"wp-image-120667\" height=\"662\" width=\"1000\"\/><\/figure>\n<\/div>\n\n\n<p><\/p>\n\n\n\n<p><span style=\"font-weight: 400;\">Vea a continuaci\u00f3n el calendario de eventos con precios e informaci\u00f3n adicional. \u00a1Y si no puede asistir, pero todav\u00eda desea apoyar a la Fundaci\u00f3n MIR, vea debajo c\u00f3mo puede ayudar realizando una donaci\u00f3n!<\/span><\/p>\n\n\n\n<blockquote><p><b>Fin de Semana&nbsp;Familiar&nbsp;MIR 2016 \u00a1MARQUEN SUS CALENDARIOS!<\/b><\/p><figure><img decoding=\"async\" loading=\"lazy\" class=\"aligncenter size-full wp-image-120665\" src=\"https:\/\/i0.wp.com\/casadecampoliving.com\/wp-content\/uploads\/2022\/10\/Details-Family-Weekend-2016-page-001-e1468961677127.jpg?resize=1000%2C363&amp;ssl=1\" alt=\"Fundaci\u00f3n MIR Family Weekend 2016-page-001\" width=\"1000\" height=\"363\"><\/figure><p><b>Cu\u00e1ndo:<\/b><span style=\"font-weight: 400;\">&nbsp;Viernes 12 de agosto&nbsp;\u2013 s\u00e1bado 13 de agosto, 2016<\/span><\/p><p><b>D\u00f3nde: <\/b><span style=\"font-weight: 400;\">Casa de Campo Resort, La Romana<\/span><\/p><p><b>Qu\u00e9:<\/b><span style=\"font-weight: 400;\"> Fiesta, torneos de golf y tenis, cena bailable de premiaci\u00f3n a beneficio de la los proyectos de educaci\u00f3n de la FUndaci\u00f3n MIR para los ni\u00f1os de La Romana.<\/span><\/p><p><b>Contacto:<\/b><\/p><p><span style=\"font-weight: 400;\">(809)-523-8270 (DR);<\/span><\/p><p><span style=\"font-weight: 400;\">(561)-366-5095 (USA); info@fundacionmir.org<\/span><\/p><p><b>Programaci\u00f3n<\/b><\/p><p><b>Viernes 12 de agosto:<\/b><\/p><p>Fiesta de bienvenida en Genesis Nightclub.<\/p><p><b>Sabado 13 de agosto:<\/b><\/p><p>9:00am: Torneo de tenis para adultos en La Terraza Tennis Center<\/p><p>Costo:&nbsp;$225 Incluye cena de premiaci\u00f3n y&nbsp;after party<\/p><p>10:00am: Clinica de tenis para ni\u00f1os menores de 14 a\u00f1os en La Romana Country Club<\/p><p>Costo:&nbsp;$75 Incluye cena de premiaci\u00f3n<\/p><p>1:00pm: Torneo de Golf, La Romana Country Club<\/p><p>Costo:&nbsp;$250 Incluye cena de premiaci\u00f3n, after party y un (1) green fee de cortes\u00eda para Dye Fore (valido desde el 16 de agosto hasta el 30 de agosto)<\/p><p>8:00pm: Cena y ceremonia de premiaci\u00f3n en playa Minitas; seguido de animaci\u00f3n de DJ Gringo desde Miami. \u00a1Preparense para bailar toda la noche!<\/p><p>Vestimenta: Tropical Chic<\/p><p>Costo:&nbsp;$150 cena, $50 After Party<\/p><\/blockquote>\n\n\n\n<blockquote><figure><img decoding=\"async\" loading=\"lazy\" class=\"aligncenter wp-image-120668 size-full\" src=\"https:\/\/i0.wp.com\/casadecampoliving.com\/wp-content\/uploads\/2022\/10\/INSERT-6-x-4-page-001-e1468963246268-2.jpg?resize=1000%2C667&amp;ssl=1\" width=\"1000\" height=\"667\"><\/figure><\/blockquote>\n\n\n\n<blockquote><p><strong><a href=\"https:\/\/casadecampoliving.com\/the-fundacion-mir\/\">La Fundaci\u00f3n&nbsp;MIR<\/a><\/strong><\/p><figure><img decoding=\"async\" loading=\"lazy\" class=\"aligncenter size-full wp-image-69394\" title=\"fundacion_MIR\" src=\"https:\/\/i0.wp.com\/casadecampoliving.com\/wp-content\/uploads\/2022\/10\/fundacion_MIR2-2.jpg?resize=620%2C311&amp;ssl=1\" alt=\"fundacion MIR\" width=\"620\" height=\"311\"><\/figure><figure><img decoding=\"async\" loading=\"lazy\" class=\"alignright\" title=\"fundacion_MIR\" src=\"https:\/\/i0.wp.com\/casadecampoliving.com\/wp-content\/uploads\/2022\/10\/fundacion_MIR.jpg?resize=144%2C138&amp;ssl=1\" alt=\"\" width=\"144\" height=\"138\"><\/figure><p>La&nbsp;<a href=\"https:\/\/casadecampoliving.com\/the-fundacion-mir\/\">Fundaci\u00f3n MIR&nbsp;<\/a>&nbsp;es una organizac\u00f3n sin fines de lucro que trabaja para proveerle educaci\u00f3n a los ni\u00f1os m\u00e1s necesitados de La Romana. Ellos dirigen tres escuelas; MIR Esperanza (escuela vocacional de ni\u00f1os), la Escuela Tecnica Vocacional&nbsp;Fundaci\u00f3n&nbsp;MIR (escuela vocacional de ni\u00f1as) y la&nbsp;<a href=\"https:\/\/casadecampoliving.com\/the-fundacion-mir\/\">Primaria MIR&nbsp;<\/a>(escuela infantil).<\/p><p>Para m\u00e1s informaci\u00f3n sobre la Fundaci\u00f3n MIR y para hacer una donaci\u00f3n, favor visitar la p\u00e1gina web:&nbsp;<a href=\"http:\/\/www.mirinternational.org\/\">www.FundacionMIR.org<\/a><\/p><p>Para hacer una donaci\u00f3n contacte la oficina MIR en Casa de Campo(809-523-8270) o en West Palm Beach (561-366-5095). \u00a1Donaciones para los ciudadanos de Estados Unidos son deducibles de impuestos!<\/p><p><em><strong><a href=\"https:\/\/casadecampoliving.com\/the-fundacion-mir\/\">Para descrubir m\u00e1s y leer art\u00edculos sobre otros eventos organizados por la Fundaci\u00f3n MIR \u2013 \u00a1cliquee aqu\u00ed!<\/a><\/strong><\/em><\/p><\/blockquote>\n","protected":false},"excerpt":{"rendered":"<p>Ya estamos a menos de un mes para celebrar uno de los eventos m\u00e1s esperados del verano, el Fin de Semana Familiar Fundaci\u00f3n MIR, el cual se llevar\u00e1 a cabo por todo el resort Casa de Campo del 12 al 13 de agosto.<\/p>\n","protected":false},"author":36682,"featured_media":282890,"comment_status":"closed","ping_status":"closed","sticky":false,"template":"","format":"standard","meta":{"newspack_ads_suppress_ads":false,"newspack_popups_has_disabled_popups":false,"newspack_sponsor_sponsorship_scope":"","newspack_sponsor_native_byline_display":"inherit","newspack_sponsor_native_category_display":"inherit","newspack_sponsor_underwriter_style":"inherit","newspack_sponsor_underwriter_placement":"inherit","_newspack_byline_active":false,"_newspack_byline":"","newspack_hide_updated_date":false,"newspack_show_updated_date":false,"newspack_content_restriction_is_exempt":false,"newspack_featured_image_position":"","newspack_post_subtitle":"","newspack_article_summary_title":"Overview:","newspack_article_summary":"","_jetpack_memberships_contains_paid_content":false,"footnotes":"","jetpack_publicize_message":"","jetpack_publicize_feature_enabled":true,"jetpack_social_post_already_shared":false,"jetpack_social_options":{"image_generator_settings":{"template":"highway","default_image_id":0,"font":"","enabled":false},"version":2},"_wpas_customize_per_network":false},"categories":[26819,2528,2525,14631,2522,2515,2514,14625,14627,2521,26822],"tags":[2916,2731,18704,2738,24715,3680,23757,3734,8025,10078,8676,3978,2637],"newspack_spnsrs_tax":[],"class_list":["post-350216","post","type-post","status-publish","format-standard","has-post-thumbnail","hentry","category-altos-de-chavon-es","category-country-club-la-romana-es","category-golf-deportes-es","category-estilo-de-vida","category-eventos-es","category-fundacion-mir-es","category-fundaciones-es","category-noticias-locales","category-proximamente","category-republica-dominicana-2","category-resort-casa-de-campo","tag-baile","tag-cena","tag-dj-gringo-es","tag-fin-de-semana-familiar","tag-fundacion-mir-es","tag-golf-es","tag-kids-es","tag-la-romana-country-club-es","tag-la-terraza-es","tag-minitas-beach-es","tag-ninos","tag-premios","tag-tenis","entry"],"yoast_head":"<!-- This site is optimized with the Yoast SEO plugin v27.4 - https:\/\/yoast.com\/product\/yoast-seo-wordpress\/ -->\n<title>\u00a1Atencion! \u00a1El Fin de Semana Familiar Fundaci\u00f3n MIR est\u00e1 al doblar la esquina! | Casa de Campo Living<\/title>\n<meta name=\"description\" content=\"Ya estamos a menos de un mes para celebrar uno de los eventos m\u00e1s esperados del verano, el Fin de Semana Familiar Fundaci\u00f3n MIR, el cual se llevar\u00e1 a cabo\" \/>\n<meta name=\"robots\" content=\"index, follow, max-snippet:-1, max-image-preview:large, max-video-preview:-1\" \/>\n<link rel=\"canonical\" href=\"https:\/\/casadecampoliving.com\/es\/fin-de-semana-familiar-fundacion-mir-esta-al-doblar-la-esquina\/\" \/>\n<meta property=\"og:locale\" content=\"es_ES\" \/>\n<meta property=\"og:type\" content=\"article\" \/>\n<meta property=\"og:title\" content=\"\u00a1Atencion! \u00a1El Fin de Semana Familiar Fundaci\u00f3n MIR est\u00e1 al doblar la esquina! | Casa de Campo Living\" \/>\n<meta property=\"og:description\" content=\"Ya estamos a menos de un mes para celebrar uno de los eventos m\u00e1s esperados del verano, el Fin de Semana Familiar Fundaci\u00f3n MIR, el cual se llevar\u00e1 a cabo\" \/>\n<meta property=\"og:url\" content=\"https:\/\/casadecampoliving.com\/es\/fin-de-semana-familiar-fundacion-mir-esta-al-doblar-la-esquina\/\" \/>\n<meta property=\"og:site_name\" content=\"Casa de Campo Living\" \/>\n<meta property=\"article:publisher\" content=\"https:\/\/www.facebook.com\/casadecampoliving\" \/>\n<meta property=\"article:published_time\" content=\"2016-07-19T04:00:00+00:00\" \/>\n<meta property=\"article:modified_time\" content=\"2022-10-21T23:02:29+00:00\" \/>\n<meta property=\"og:image\" content=\"https:\/\/i0.wp.com\/casadecampoliving.com\/wp-content\/uploads\/2022\/10\/Fundacio\u0301n-MIR.jpg?fit=1000%2C600&ssl=1\" \/>\n\t<meta property=\"og:image:width\" content=\"1000\" \/>\n\t<meta property=\"og:image:height\" content=\"600\" \/>\n\t<meta property=\"og:image:type\" content=\"image\/jpeg\" \/>\n<meta name=\"author\" content=\"Marlenys Guzm\u00e1n Casta\u00f1os\" \/>\n<meta name=\"twitter:card\" content=\"summary_large_image\" \/>\n<meta name=\"twitter:creator\" content=\"@cdcliving\" \/>\n<meta name=\"twitter:site\" content=\"@cdcliving\" \/>\n<meta name=\"twitter:label1\" content=\"Escrito por\" \/>\n\t<meta name=\"twitter:data1\" content=\"Marlenys Guzm\u00e1n Casta\u00f1os\" \/>\n\t<meta name=\"twitter:label2\" content=\"Tiempo de lectura\" \/>\n\t<meta name=\"twitter:data2\" content=\"3 minutos\" \/>\n<script type=\"application\/ld+json\" class=\"yoast-schema-graph\">{\"@context\":\"https:\\\/\\\/schema.org\",\"@graph\":[{\"@type\":\"Article\",\"@id\":\"https:\\\/\\\/casadecampoliving.com\\\/es\\\/fin-de-semana-familiar-fundacion-mir-esta-al-doblar-la-esquina\\\/#article\",\"isPartOf\":{\"@id\":\"https:\\\/\\\/casadecampoliving.com\\\/es\\\/fin-de-semana-familiar-fundacion-mir-esta-al-doblar-la-esquina\\\/\"},\"author\":{\"name\":\"Marlenys Guzm\u00e1n Casta\u00f1os\",\"@id\":\"https:\\\/\\\/casadecampoliving.com\\\/es\\\/#\\\/schema\\\/person\\\/b6606bd87f9cec8f5903e2141cafda24\"},\"headline\":\"\u00a1Atencion! \u00a1El Fin de Semana Familiar Fundaci\u00f3n MIR est\u00e1 al doblar la esquina!\",\"datePublished\":\"2016-07-19T04:00:00+00:00\",\"dateModified\":\"2022-10-21T23:02:29+00:00\",\"mainEntityOfPage\":{\"@id\":\"https:\\\/\\\/casadecampoliving.com\\\/es\\\/fin-de-semana-familiar-fundacion-mir-esta-al-doblar-la-esquina\\\/\"},\"wordCount\":634,\"publisher\":{\"@id\":\"https:\\\/\\\/casadecampoliving.com\\\/es\\\/#organization\"},\"image\":{\"@id\":\"https:\\\/\\\/casadecampoliving.com\\\/es\\\/fin-de-semana-familiar-fundacion-mir-esta-al-doblar-la-esquina\\\/#primaryimage\"},\"thumbnailUrl\":\"https:\\\/\\\/i0.wp.com\\\/casadecampoliving.com\\\/wp-content\\\/uploads\\\/2022\\\/10\\\/Fundacio%CC%81n-MIR.jpg?fit=1000%2C600&ssl=1\",\"keywords\":[\"baile\",\"cena\",\"Dj Gringo @es\",\"fin de semana familiar\",\"Fundacion MIR\",\"golf @es\",\"Kids\",\"la romana country club @es\",\"la terraza @es\",\"Minitas beach @es\",\"ni\u00f1os\",\"premios\",\"tenis\"],\"articleSection\":[\"Altos de Chavon @es\",\"Country Club La Romana\",\"Deportes\",\"Estilo de Vida\",\"Eventos\",\"Fundaci\u00f3n MIR @es\",\"Fundaciones\",\"Noticias Locales\",\"Proximamente\",\"Rep\u00fablica Dominicana @es\",\"Resort Casa de Campo\"],\"inLanguage\":\"es\"},{\"@type\":\"WebPage\",\"@id\":\"https:\\\/\\\/casadecampoliving.com\\\/es\\\/fin-de-semana-familiar-fundacion-mir-esta-al-doblar-la-esquina\\\/\",\"url\":\"https:\\\/\\\/casadecampoliving.com\\\/es\\\/fin-de-semana-familiar-fundacion-mir-esta-al-doblar-la-esquina\\\/\",\"name\":\"\u00a1Atencion! \u00a1El Fin de Semana Familiar Fundaci\u00f3n MIR est\u00e1 al doblar la esquina! | Casa de Campo Living\",\"isPartOf\":{\"@id\":\"https:\\\/\\\/casadecampoliving.com\\\/es\\\/#website\"},\"primaryImageOfPage\":{\"@id\":\"https:\\\/\\\/casadecampoliving.com\\\/es\\\/fin-de-semana-familiar-fundacion-mir-esta-al-doblar-la-esquina\\\/#primaryimage\"},\"image\":{\"@id\":\"https:\\\/\\\/casadecampoliving.com\\\/es\\\/fin-de-semana-familiar-fundacion-mir-esta-al-doblar-la-esquina\\\/#primaryimage\"},\"thumbnailUrl\":\"https:\\\/\\\/i0.wp.com\\\/casadecampoliving.com\\\/wp-content\\\/uploads\\\/2022\\\/10\\\/Fundacio%CC%81n-MIR.jpg?fit=1000%2C600&ssl=1\",\"datePublished\":\"2016-07-19T04:00:00+00:00\",\"dateModified\":\"2022-10-21T23:02:29+00:00\",\"description\":\"Ya estamos a menos de un mes para celebrar uno de los eventos m\u00e1s esperados del verano, el Fin de Semana Familiar Fundaci\u00f3n MIR, el cual se llevar\u00e1 a cabo\",\"breadcrumb\":{\"@id\":\"https:\\\/\\\/casadecampoliving.com\\\/es\\\/fin-de-semana-familiar-fundacion-mir-esta-al-doblar-la-esquina\\\/#breadcrumb\"},\"inLanguage\":\"es\",\"potentialAction\":[{\"@type\":\"ReadAction\",\"target\":[\"https:\\\/\\\/casadecampoliving.com\\\/es\\\/fin-de-semana-familiar-fundacion-mir-esta-al-doblar-la-esquina\\\/\"]}]},{\"@type\":\"ImageObject\",\"inLanguage\":\"es\",\"@id\":\"https:\\\/\\\/casadecampoliving.com\\\/es\\\/fin-de-semana-familiar-fundacion-mir-esta-al-doblar-la-esquina\\\/#primaryimage\",\"url\":\"https:\\\/\\\/i0.wp.com\\\/casadecampoliving.com\\\/wp-content\\\/uploads\\\/2022\\\/10\\\/Fundacio%CC%81n-MIR.jpg?fit=1000%2C600&ssl=1\",\"contentUrl\":\"https:\\\/\\\/i0.wp.com\\\/casadecampoliving.com\\\/wp-content\\\/uploads\\\/2022\\\/10\\\/Fundacio%CC%81n-MIR.jpg?fit=1000%2C600&ssl=1\",\"width\":1000,\"height\":600},{\"@type\":\"BreadcrumbList\",\"@id\":\"https:\\\/\\\/casadecampoliving.com\\\/es\\\/fin-de-semana-familiar-fundacion-mir-esta-al-doblar-la-esquina\\\/#breadcrumb\",\"itemListElement\":[{\"@type\":\"ListItem\",\"position\":1,\"name\":\"Home\",\"item\":\"https:\\\/\\\/casadecampoliving.com\\\/es\\\/\"},{\"@type\":\"ListItem\",\"position\":2,\"name\":\"\u00a1Atencion! \u00a1El Fin de Semana Familiar Fundaci\u00f3n MIR est\u00e1 al doblar la esquina!\"}]},{\"@type\":\"WebSite\",\"@id\":\"https:\\\/\\\/casadecampoliving.com\\\/es\\\/#website\",\"url\":\"https:\\\/\\\/casadecampoliving.com\\\/es\\\/\",\"name\":\"Casa de Campo Living\",\"description\":\"Resort community news and resources.\",\"publisher\":{\"@id\":\"https:\\\/\\\/casadecampoliving.com\\\/es\\\/#organization\"},\"potentialAction\":[{\"@type\":\"SearchAction\",\"target\":{\"@type\":\"EntryPoint\",\"urlTemplate\":\"https:\\\/\\\/casadecampoliving.com\\\/es\\\/?s={search_term_string}\"},\"query-input\":{\"@type\":\"PropertyValueSpecification\",\"valueRequired\":true,\"valueName\":\"search_term_string\"}}],\"inLanguage\":\"es\"},{\"@type\":\"Organization\",\"@id\":\"https:\\\/\\\/casadecampoliving.com\\\/es\\\/#organization\",\"name\":\"Casa de Campo Living\",\"url\":\"https:\\\/\\\/casadecampoliving.com\\\/es\\\/\",\"logo\":{\"@type\":\"ImageObject\",\"inLanguage\":\"es\",\"@id\":\"https:\\\/\\\/casadecampoliving.com\\\/es\\\/#\\\/schema\\\/logo\\\/image\\\/\",\"url\":\"https:\\\/\\\/i0.wp.com\\\/casadecampoliving.com\\\/wp-content\\\/uploads\\\/2022\\\/07\\\/CDCLivingLogo_V1-white-sized.png?fit=800%2C214&ssl=1\",\"contentUrl\":\"https:\\\/\\\/i0.wp.com\\\/casadecampoliving.com\\\/wp-content\\\/uploads\\\/2022\\\/07\\\/CDCLivingLogo_V1-white-sized.png?fit=800%2C214&ssl=1\",\"width\":800,\"height\":214,\"caption\":\"Casa de Campo Living\"},\"image\":{\"@id\":\"https:\\\/\\\/casadecampoliving.com\\\/es\\\/#\\\/schema\\\/logo\\\/image\\\/\"},\"sameAs\":[\"https:\\\/\\\/www.facebook.com\\\/casadecampoliving\",\"https:\\\/\\\/x.com\\\/cdcliving\"]},{\"@type\":\"Person\",\"@id\":\"https:\\\/\\\/casadecampoliving.com\\\/es\\\/#\\\/schema\\\/person\\\/b6606bd87f9cec8f5903e2141cafda24\",\"name\":\"Marlenys Guzm\u00e1n Casta\u00f1os\",\"image\":{\"@type\":\"ImageObject\",\"inLanguage\":\"es\",\"@id\":\"https:\\\/\\\/secure.gravatar.com\\\/avatar\\\/72f3f86b8e6b3ec744201aeadf11d4a6055e8af194aecd9ad30ffff4437878ee?s=96&d=mm&r=g\",\"url\":\"https:\\\/\\\/secure.gravatar.com\\\/avatar\\\/72f3f86b8e6b3ec744201aeadf11d4a6055e8af194aecd9ad30ffff4437878ee?s=96&d=mm&r=g\",\"contentUrl\":\"https:\\\/\\\/secure.gravatar.com\\\/avatar\\\/72f3f86b8e6b3ec744201aeadf11d4a6055e8af194aecd9ad30ffff4437878ee?s=96&d=mm&r=g\",\"caption\":\"Marlenys Guzm\u00e1n Casta\u00f1os\"},\"url\":\"https:\\\/\\\/casadecampoliving.com\\\/es\\\/author\\\/mguzman\\\/\"}]}<\/script>\n<!-- \/ Yoast SEO plugin. -->","yoast_head_json":{"title":"\u00a1Atencion! \u00a1El Fin de Semana Familiar Fundaci\u00f3n MIR est\u00e1 al doblar la esquina! | Casa de Campo Living","description":"Ya estamos a menos de un mes para celebrar uno de los eventos m\u00e1s esperados del verano, el Fin de Semana Familiar Fundaci\u00f3n MIR, el cual se llevar\u00e1 a cabo","robots":{"index":"index","follow":"follow","max-snippet":"max-snippet:-1","max-image-preview":"max-image-preview:large","max-video-preview":"max-video-preview:-1"},"canonical":"https:\/\/casadecampoliving.com\/es\/fin-de-semana-familiar-fundacion-mir-esta-al-doblar-la-esquina\/","og_locale":"es_ES","og_type":"article","og_title":"\u00a1Atencion! \u00a1El Fin de Semana Familiar Fundaci\u00f3n MIR est\u00e1 al doblar la esquina! | Casa de Campo Living","og_description":"Ya estamos a menos de un mes para celebrar uno de los eventos m\u00e1s esperados del verano, el Fin de Semana Familiar Fundaci\u00f3n MIR, el cual se llevar\u00e1 a cabo","og_url":"https:\/\/casadecampoliving.com\/es\/fin-de-semana-familiar-fundacion-mir-esta-al-doblar-la-esquina\/","og_site_name":"Casa de Campo Living","article_publisher":"https:\/\/www.facebook.com\/casadecampoliving","article_published_time":"2016-07-19T04:00:00+00:00","article_modified_time":"2022-10-21T23:02:29+00:00","og_image":[{"width":1000,"height":600,"url":"https:\/\/i0.wp.com\/casadecampoliving.com\/wp-content\/uploads\/2022\/10\/Fundacio\u0301n-MIR.jpg?fit=1000%2C600&ssl=1","type":"image\/jpeg"}],"author":"Marlenys Guzm\u00e1n Casta\u00f1os","twitter_card":"summary_large_image","twitter_creator":"@cdcliving","twitter_site":"@cdcliving","twitter_misc":{"Escrito por":"Marlenys Guzm\u00e1n Casta\u00f1os","Tiempo de lectura":"3 minutos"},"schema":{"@context":"https:\/\/schema.org","@graph":[{"@type":"Article","@id":"https:\/\/casadecampoliving.com\/es\/fin-de-semana-familiar-fundacion-mir-esta-al-doblar-la-esquina\/#article","isPartOf":{"@id":"https:\/\/casadecampoliving.com\/es\/fin-de-semana-familiar-fundacion-mir-esta-al-doblar-la-esquina\/"},"author":{"name":"Marlenys Guzm\u00e1n Casta\u00f1os","@id":"https:\/\/casadecampoliving.com\/es\/#\/schema\/person\/b6606bd87f9cec8f5903e2141cafda24"},"headline":"\u00a1Atencion! \u00a1El Fin de Semana Familiar Fundaci\u00f3n MIR est\u00e1 al doblar la esquina!","datePublished":"2016-07-19T04:00:00+00:00","dateModified":"2022-10-21T23:02:29+00:00","mainEntityOfPage":{"@id":"https:\/\/casadecampoliving.com\/es\/fin-de-semana-familiar-fundacion-mir-esta-al-doblar-la-esquina\/"},"wordCount":634,"publisher":{"@id":"https:\/\/casadecampoliving.com\/es\/#organization"},"image":{"@id":"https:\/\/casadecampoliving.com\/es\/fin-de-semana-familiar-fundacion-mir-esta-al-doblar-la-esquina\/#primaryimage"},"thumbnailUrl":"https:\/\/i0.wp.com\/casadecampoliving.com\/wp-content\/uploads\/2022\/10\/Fundacio%CC%81n-MIR.jpg?fit=1000%2C600&ssl=1","keywords":["baile","cena","Dj Gringo @es","fin de semana familiar","Fundacion MIR","golf @es","Kids","la romana country club @es","la terraza @es","Minitas beach @es","ni\u00f1os","premios","tenis"],"articleSection":["Altos de Chavon @es","Country Club La Romana","Deportes","Estilo de Vida","Eventos","Fundaci\u00f3n MIR @es","Fundaciones","Noticias Locales","Proximamente","Rep\u00fablica Dominicana @es","Resort Casa de Campo"],"inLanguage":"es"},{"@type":"WebPage","@id":"https:\/\/casadecampoliving.com\/es\/fin-de-semana-familiar-fundacion-mir-esta-al-doblar-la-esquina\/","url":"https:\/\/casadecampoliving.com\/es\/fin-de-semana-familiar-fundacion-mir-esta-al-doblar-la-esquina\/","name":"\u00a1Atencion! \u00a1El Fin de Semana Familiar Fundaci\u00f3n MIR est\u00e1 al doblar la esquina! | Casa de Campo Living","isPartOf":{"@id":"https:\/\/casadecampoliving.com\/es\/#website"},"primaryImageOfPage":{"@id":"https:\/\/casadecampoliving.com\/es\/fin-de-semana-familiar-fundacion-mir-esta-al-doblar-la-esquina\/#primaryimage"},"image":{"@id":"https:\/\/casadecampoliving.com\/es\/fin-de-semana-familiar-fundacion-mir-esta-al-doblar-la-esquina\/#primaryimage"},"thumbnailUrl":"https:\/\/i0.wp.com\/casadecampoliving.com\/wp-content\/uploads\/2022\/10\/Fundacio%CC%81n-MIR.jpg?fit=1000%2C600&ssl=1","datePublished":"2016-07-19T04:00:00+00:00","dateModified":"2022-10-21T23:02:29+00:00","description":"Ya estamos a menos de un mes para celebrar uno de los eventos m\u00e1s esperados del verano, el Fin de Semana Familiar Fundaci\u00f3n MIR, el cual se llevar\u00e1 a cabo","breadcrumb":{"@id":"https:\/\/casadecampoliving.com\/es\/fin-de-semana-familiar-fundacion-mir-esta-al-doblar-la-esquina\/#breadcrumb"},"inLanguage":"es","potentialAction":[{"@type":"ReadAction","target":["https:\/\/casadecampoliving.com\/es\/fin-de-semana-familiar-fundacion-mir-esta-al-doblar-la-esquina\/"]}]},{"@type":"ImageObject","inLanguage":"es","@id":"https:\/\/casadecampoliving.com\/es\/fin-de-semana-familiar-fundacion-mir-esta-al-doblar-la-esquina\/#primaryimage","url":"https:\/\/i0.wp.com\/casadecampoliving.com\/wp-content\/uploads\/2022\/10\/Fundacio%CC%81n-MIR.jpg?fit=1000%2C600&ssl=1","contentUrl":"https:\/\/i0.wp.com\/casadecampoliving.com\/wp-content\/uploads\/2022\/10\/Fundacio%CC%81n-MIR.jpg?fit=1000%2C600&ssl=1","width":1000,"height":600},{"@type":"BreadcrumbList","@id":"https:\/\/casadecampoliving.com\/es\/fin-de-semana-familiar-fundacion-mir-esta-al-doblar-la-esquina\/#breadcrumb","itemListElement":[{"@type":"ListItem","position":1,"name":"Home","item":"https:\/\/casadecampoliving.com\/es\/"},{"@type":"ListItem","position":2,"name":"\u00a1Atencion! \u00a1El Fin de Semana Familiar Fundaci\u00f3n MIR est\u00e1 al doblar la esquina!"}]},{"@type":"WebSite","@id":"https:\/\/casadecampoliving.com\/es\/#website","url":"https:\/\/casadecampoliving.com\/es\/","name":"Casa de Campo Living","description":"Resort community news and resources.","publisher":{"@id":"https:\/\/casadecampoliving.com\/es\/#organization"},"potentialAction":[{"@type":"SearchAction","target":{"@type":"EntryPoint","urlTemplate":"https:\/\/casadecampoliving.com\/es\/?s={search_term_string}"},"query-input":{"@type":"PropertyValueSpecification","valueRequired":true,"valueName":"search_term_string"}}],"inLanguage":"es"},{"@type":"Organization","@id":"https:\/\/casadecampoliving.com\/es\/#organization","name":"Casa de Campo Living","url":"https:\/\/casadecampoliving.com\/es\/","logo":{"@type":"ImageObject","inLanguage":"es","@id":"https:\/\/casadecampoliving.com\/es\/#\/schema\/logo\/image\/","url":"https:\/\/i0.wp.com\/casadecampoliving.com\/wp-content\/uploads\/2022\/07\/CDCLivingLogo_V1-white-sized.png?fit=800%2C214&ssl=1","contentUrl":"https:\/\/i0.wp.com\/casadecampoliving.com\/wp-content\/uploads\/2022\/07\/CDCLivingLogo_V1-white-sized.png?fit=800%2C214&ssl=1","width":800,"height":214,"caption":"Casa de Campo Living"},"image":{"@id":"https:\/\/casadecampoliving.com\/es\/#\/schema\/logo\/image\/"},"sameAs":["https:\/\/www.facebook.com\/casadecampoliving","https:\/\/x.com\/cdcliving"]},{"@type":"Person","@id":"https:\/\/casadecampoliving.com\/es\/#\/schema\/person\/b6606bd87f9cec8f5903e2141cafda24","name":"Marlenys Guzm\u00e1n Casta\u00f1os","image":{"@type":"ImageObject","inLanguage":"es","@id":"https:\/\/secure.gravatar.com\/avatar\/72f3f86b8e6b3ec744201aeadf11d4a6055e8af194aecd9ad30ffff4437878ee?s=96&d=mm&r=g","url":"https:\/\/secure.gravatar.com\/avatar\/72f3f86b8e6b3ec744201aeadf11d4a6055e8af194aecd9ad30ffff4437878ee?s=96&d=mm&r=g","contentUrl":"https:\/\/secure.gravatar.com\/avatar\/72f3f86b8e6b3ec744201aeadf11d4a6055e8af194aecd9ad30ffff4437878ee?s=96&d=mm&r=g","caption":"Marlenys Guzm\u00e1n Casta\u00f1os"},"url":"https:\/\/casadecampoliving.com\/es\/author\/mguzman\/"}]}},"parsely":{"version":"1.1.0","canonical_url":"https:\/\/casadecampoliving.com\/es\/fin-de-semana-familiar-fundacion-mir-esta-al-doblar-la-esquina\/","smart_links":{"inbound":0,"outbound":0},"traffic_boost_suggestions_count":0,"meta":{"@context":"https:\/\/schema.org","@type":"NewsArticle","headline":"\u00a1Atencion! \u00a1El Fin de Semana Familiar Fundaci\u00f3n MIR est\u00e1 al doblar la esquina!","url":"http:\/\/casadecampoliving.com\/es\/fin-de-semana-familiar-fundacion-mir-esta-al-doblar-la-esquina\/","mainEntityOfPage":{"@type":"WebPage","@id":"http:\/\/casadecampoliving.com\/es\/fin-de-semana-familiar-fundacion-mir-esta-al-doblar-la-esquina\/"},"thumbnailUrl":"https:\/\/i0.wp.com\/casadecampoliving.com\/wp-content\/uploads\/2022\/10\/Fundacio%CC%81n-MIR.jpg?resize=150%2C150&ssl=1","image":{"@type":"ImageObject","url":"https:\/\/i0.wp.com\/casadecampoliving.com\/wp-content\/uploads\/2022\/10\/Fundacio%CC%81n-MIR.jpg?fit=1000%2C600&ssl=1"},"articleSection":"Altos de Chavon @es","author":[{"@type":"Person","name":"Marlenys Guzm\u00e1n Casta\u00f1os"}],"creator":["Marlenys Guzm\u00e1n Casta\u00f1os"],"publisher":{"@type":"Organization","name":"Casa de Campo Living","logo":"https:\/\/casadecampoliving.com\/wp-content\/uploads\/2022\/07\/CDCLivingLogo_V1-white-sized.png"},"keywords":["baile","cena","dj gringo @es","fin de semana familiar","fundacion mir","golf @es","kids","la romana country club @es","la terraza @es","minitas beach @es","ni\u00f1os","premios","tenis"],"dateCreated":"2016-07-19T04:00:00Z","datePublished":"2016-07-19T04:00:00Z","dateModified":"2022-10-21T23:02:29Z"},"rendered":"<script type=\"application\/ld+json\" class=\"wp-parsely-metadata\">{\"@context\":\"https:\\\/\\\/schema.org\",\"@type\":\"NewsArticle\",\"headline\":\"\\u00a1Atencion! \\u00a1El Fin de Semana Familiar Fundaci\\u00f3n MIR est\\u00e1 al doblar la esquina!\",\"url\":\"http:\\\/\\\/casadecampoliving.com\\\/es\\\/fin-de-semana-familiar-fundacion-mir-esta-al-doblar-la-esquina\\\/\",\"mainEntityOfPage\":{\"@type\":\"WebPage\",\"@id\":\"http:\\\/\\\/casadecampoliving.com\\\/es\\\/fin-de-semana-familiar-fundacion-mir-esta-al-doblar-la-esquina\\\/\"},\"thumbnailUrl\":\"https:\\\/\\\/i0.wp.com\\\/casadecampoliving.com\\\/wp-content\\\/uploads\\\/2022\\\/10\\\/Fundacio%CC%81n-MIR.jpg?resize=150%2C150&ssl=1\",\"image\":{\"@type\":\"ImageObject\",\"url\":\"https:\\\/\\\/i0.wp.com\\\/casadecampoliving.com\\\/wp-content\\\/uploads\\\/2022\\\/10\\\/Fundacio%CC%81n-MIR.jpg?fit=1000%2C600&ssl=1\"},\"articleSection\":\"Altos de Chavon @es\",\"author\":[{\"@type\":\"Person\",\"name\":\"Marlenys Guzm\\u00e1n Casta\\u00f1os\"}],\"creator\":[\"Marlenys Guzm\\u00e1n Casta\\u00f1os\"],\"publisher\":{\"@type\":\"Organization\",\"name\":\"Casa de Campo Living\",\"logo\":\"https:\\\/\\\/casadecampoliving.com\\\/wp-content\\\/uploads\\\/2022\\\/07\\\/CDCLivingLogo_V1-white-sized.png\"},\"keywords\":[\"baile\",\"cena\",\"dj gringo @es\",\"fin de semana familiar\",\"fundacion mir\",\"golf @es\",\"kids\",\"la romana country club @es\",\"la terraza @es\",\"minitas beach @es\",\"ni\\u00f1os\",\"premios\",\"tenis\"],\"dateCreated\":\"2016-07-19T04:00:00Z\",\"datePublished\":\"2016-07-19T04:00:00Z\",\"dateModified\":\"2022-10-21T23:02:29Z\"}<\/script>","tracker_url":"https:\/\/cdn.parsely.com\/keys\/casadecampoliving.com\/p.js"},"jetpack_publicize_connections":[],"jetpack_featured_media_url":"https:\/\/i0.wp.com\/casadecampoliving.com\/wp-content\/uploads\/2022\/10\/Fundacio%CC%81n-MIR.jpg?fit=1000%2C600&ssl=1","jetpack-related-posts":[{"id":347958,"url":"https:\/\/casadecampoliving.com\/es\/el-fin-de-semana-familiar-fundacion-mir\/","url_meta":{"origin":350216,"position":0},"title":"\u00a1El Fin de Semana Familiar Fundaci\u00f3n MIR esta al doblar la esquina!","author":"Perkin Agramonte","date":"29 Jul, 2015","format":false,"excerpt":"Ya estamos a menos de un mes para celebrar uno de los eventos mas esperados del verano, el Fin de Semana Familiar Fundaci\u00f3n MIR, el cual se llevara a cabo por todo el resort Casa de Campo el s\u00e1bado 15 de agosto. El Fin de Semana Familiar de Fundaci\u00f3n MIR\u2026","rel":"","context":"En \u00abCasa de Campo Living @es\u00bb","block_context":{"text":"Casa de Campo Living @es","link":"https:\/\/casadecampoliving.com\/category\/casa-de-campo-living-es\/"},"img":{"alt_text":"","src":"https:\/\/i0.wp.com\/casadecampoliving.com\/wp-content\/uploads\/2022\/10\/Family_Weekend_1-1.jpg?fit=880%2C609&ssl=1&resize=350%2C200","width":350,"height":200,"srcset":"https:\/\/i0.wp.com\/casadecampoliving.com\/wp-content\/uploads\/2022\/10\/Family_Weekend_1-1.jpg?fit=880%2C609&ssl=1&resize=350%2C200 1x, https:\/\/i0.wp.com\/casadecampoliving.com\/wp-content\/uploads\/2022\/10\/Family_Weekend_1-1.jpg?fit=880%2C609&ssl=1&resize=525%2C300 1.5x, https:\/\/i0.wp.com\/casadecampoliving.com\/wp-content\/uploads\/2022\/10\/Family_Weekend_1-1.jpg?fit=880%2C609&ssl=1&resize=700%2C400 2x"},"classes":[]},{"id":353484,"url":"https:\/\/casadecampoliving.com\/es\/recordatorio-fin-de-semana-familiar-de-fundacion-mir-2019\/","url_meta":{"origin":350216,"position":1},"title":"Recordatorio: \u00a1El fin de semana familiar de Fundaci\u00f3n MIR 2019 est\u00e1 a tan s\u00f3lo un mes de distancia!","author":"Casa de Campo Living","date":"9 Jul, 2019","format":false,"excerpt":"\u00bfSabes lo que viene en el calendario, damas y caballeros? \u00a1Fin de semana familiar de la Fundaci\u00f3n MIR para la vida, por supuesto! Como si pudiera olvidarlo, la fiesta anual que viene con una variedad de torneos beneficia a los ni\u00f1os necesitados de La Romana que asisten a las escuelas\u2026","rel":"","context":"En \u00abCountry Club La Romana\u00bb","block_context":{"text":"Country Club La Romana","link":"https:\/\/casadecampoliving.com\/es\/category\/country-club-la-romana-es\/"},"img":{"alt_text":"","src":"https:\/\/i0.wp.com\/casadecampoliving.com\/wp-content\/uploads\/2022\/10\/IMG_0856.jpg?fit=1000%2C561&ssl=1&resize=350%2C200","width":350,"height":200,"srcset":"https:\/\/i0.wp.com\/casadecampoliving.com\/wp-content\/uploads\/2022\/10\/IMG_0856.jpg?fit=1000%2C561&ssl=1&resize=350%2C200 1x, https:\/\/i0.wp.com\/casadecampoliving.com\/wp-content\/uploads\/2022\/10\/IMG_0856.jpg?fit=1000%2C561&ssl=1&resize=525%2C300 1.5x, https:\/\/i0.wp.com\/casadecampoliving.com\/wp-content\/uploads\/2022\/10\/IMG_0856.jpg?fit=1000%2C561&ssl=1&resize=700%2C400 2x"},"classes":[]},{"id":353432,"url":"https:\/\/casadecampoliving.com\/es\/reserve-la-fecha-para-el-fin-de-semana-familiar-fundacion-mir-2019\/","url_meta":{"origin":350216,"position":2},"title":"\u00a1Reserve la fecha para el Fin de Semana Familiar Fundaci\u00f3n MIR 2019!","author":"Casa de Campo Living","date":"13 May, 2019","format":false,"excerpt":"Como siempre este es uno de los eventos m\u00e1s esperados del verano, \u00a1pronto se llevar\u00e1 a cabo el Fin de Semana Familiar MIR de este a\u00f1o! El 12 y 13 de agosto celebraremos la labor realizada por Mission International Rescue (MIR) y sus iniciativas para ofrecer educaci\u00f3n, salud y vivienda\u2026","rel":"","context":"En \u00abCountry Club La Romana\u00bb","block_context":{"text":"Country Club La Romana","link":"https:\/\/casadecampoliving.com\/es\/category\/country-club-la-romana-es\/"},"img":{"alt_text":"","src":"https:\/\/i0.wp.com\/casadecampoliving.com\/wp-content\/uploads\/2022\/10\/DSC_7042.jpg?fit=1000%2C609&ssl=1&resize=350%2C200","width":350,"height":200,"srcset":"https:\/\/i0.wp.com\/casadecampoliving.com\/wp-content\/uploads\/2022\/10\/DSC_7042.jpg?fit=1000%2C609&ssl=1&resize=350%2C200 1x, https:\/\/i0.wp.com\/casadecampoliving.com\/wp-content\/uploads\/2022\/10\/DSC_7042.jpg?fit=1000%2C609&ssl=1&resize=525%2C300 1.5x, https:\/\/i0.wp.com\/casadecampoliving.com\/wp-content\/uploads\/2022\/10\/DSC_7042.jpg?fit=1000%2C609&ssl=1&resize=700%2C400 2x"},"classes":[]},{"id":351733,"url":"https:\/\/casadecampoliving.com\/es\/recordatorio-fin-de-semana-familiar-de-la-fundacion-mir\/","url_meta":{"origin":350216,"position":3},"title":"Recordatorio: \u00a1El fin de semana familiar de la Fundaci\u00f3n MIR est\u00e1 a tan s\u00f3lo un mes de distancia!","author":"Heather Lincoln","date":"17 Jul, 2017","format":false,"excerpt":"\u00bfSaben cual evento se aproxima, damas y caballeros? \u00a1El Fin de Semana Familiar de la Fundaci\u00f3n MIR para la Vida, por supuesto! Como si pudiera olvidar la fiesta anual que viene con una gama de torneos a beneficio de los ni\u00f1os necesitados de La Romana que asisten a las escuelas\u2026","rel":"","context":"En \u00abEstilo de Vida\u00bb","block_context":{"text":"Estilo de Vida","link":"https:\/\/casadecampoliving.com\/es\/category\/estilo-de-vida\/"},"img":{"alt_text":"Fundaci\u00f3n MIR","src":"https:\/\/i0.wp.com\/casadecampoliving.com\/wp-content\/uploads\/2022\/10\/DSC_5268-e1500306478242.jpg?fit=1000%2C600&ssl=1&resize=350%2C200","width":350,"height":200,"srcset":"https:\/\/i0.wp.com\/casadecampoliving.com\/wp-content\/uploads\/2022\/10\/DSC_5268-e1500306478242.jpg?fit=1000%2C600&ssl=1&resize=350%2C200 1x, https:\/\/i0.wp.com\/casadecampoliving.com\/wp-content\/uploads\/2022\/10\/DSC_5268-e1500306478242.jpg?fit=1000%2C600&ssl=1&resize=525%2C300 1.5x, https:\/\/i0.wp.com\/casadecampoliving.com\/wp-content\/uploads\/2022\/10\/DSC_5268-e1500306478242.jpg?fit=1000%2C600&ssl=1&resize=700%2C400 2x"},"classes":[]},{"id":353519,"url":"https:\/\/casadecampoliving.com\/es\/el-fin-de-semana-familiar-de-la-fundacion-mir-para-la-vida-2019-es-este-sabado-nos-vemos-alla\/","url_meta":{"origin":350216,"position":4},"title":"\u00a1El fin de semana familiar de la Fundaci\u00f3n MIR para la vida 2019 es este s\u00e1bado! \u00bfNos vemos all\u00e1?","author":"Casa de Campo Living","date":"12 Ago, 2019","format":false,"excerpt":"Nos acercamos r\u00e1pidamente a lo que todos hemos estado esperando: \u00a1el Fin de semana familiar para la vida 2019 de Fundaci\u00f3n MIR! A estas alturas, estamos seguros de que ha escuchado todo lo relacionado con el pr\u00f3ximo evento e incluso ha recibido volantes a su puerta, pero si no, aqu\u00ed\u2026","rel":"","context":"En \u00abCountry Club La Romana\u00bb","block_context":{"text":"Country Club La Romana","link":"https:\/\/casadecampoliving.com\/es\/category\/country-club-la-romana-es\/"},"img":{"alt_text":"","src":"https:\/\/i0.wp.com\/casadecampoliving.com\/wp-content\/uploads\/2022\/10\/DSC_7072.jpg?fit=1000%2C600&ssl=1&resize=350%2C200","width":350,"height":200,"srcset":"https:\/\/i0.wp.com\/casadecampoliving.com\/wp-content\/uploads\/2022\/10\/DSC_7072.jpg?fit=1000%2C600&ssl=1&resize=350%2C200 1x, https:\/\/i0.wp.com\/casadecampoliving.com\/wp-content\/uploads\/2022\/10\/DSC_7072.jpg?fit=1000%2C600&ssl=1&resize=525%2C300 1.5x, https:\/\/i0.wp.com\/casadecampoliving.com\/wp-content\/uploads\/2022\/10\/DSC_7072.jpg?fit=1000%2C600&ssl=1&resize=700%2C400 2x"},"classes":[]},{"id":351851,"url":"https:\/\/casadecampoliving.com\/es\/el-fin-de-semana-fundacion-mir-para-la-vida-2017-es-este-fin-de-semana\/","url_meta":{"origin":350216,"position":5},"title":"\u00a1El Fin de Semana Familiar Fundaci\u00f3n MIR Para la Vida 2017 es este fin de semana!","author":"Heather Lincoln","date":"14 Ago, 2017","format":false,"excerpt":"Ya pronto se estar\u00e1 celebrando un evento que hemos estado esperando con ansias \u2013 \u00a1El Fin de Semana familiar Fundaci\u00f3n MIR para la Vida 2017! Estamos seguros de que has escuchado todo lo relacionado con el evento e incluso ha recibido volantes a su puerta, pero si no, aqu\u00ed tienes\u2026","rel":"","context":"En \u00abAltos de Chavon @es\u00bb","block_context":{"text":"Altos de Chavon @es","link":"https:\/\/casadecampoliving.com\/category\/altos-de-chavon-es\/"},"img":{"alt_text":"Fundaci\u00f3n MIR Family Weekend for Life","src":"https:\/\/i0.wp.com\/casadecampoliving.com\/wp-content\/uploads\/2022\/10\/DSC_2627-e1502732245378.jpg?fit=1000%2C597&ssl=1&resize=350%2C200","width":350,"height":200,"srcset":"https:\/\/i0.wp.com\/casadecampoliving.com\/wp-content\/uploads\/2022\/10\/DSC_2627-e1502732245378.jpg?fit=1000%2C597&ssl=1&resize=350%2C200 1x, https:\/\/i0.wp.com\/casadecampoliving.com\/wp-content\/uploads\/2022\/10\/DSC_2627-e1502732245378.jpg?fit=1000%2C597&ssl=1&resize=525%2C300 1.5x, https:\/\/i0.wp.com\/casadecampoliving.com\/wp-content\/uploads\/2022\/10\/DSC_2627-e1502732245378.jpg?fit=1000%2C597&ssl=1&resize=700%2C400 2x"},"classes":[]}],"jetpack_sharing_enabled":true,"_links":{"self":[{"href":"https:\/\/casadecampoliving.com\/es\/wp-json\/wp\/v2\/posts\/350216","targetHints":{"allow":["GET"]}}],"collection":[{"href":"https:\/\/casadecampoliving.com\/es\/wp-json\/wp\/v2\/posts"}],"about":[{"href":"https:\/\/casadecampoliving.com\/es\/wp-json\/wp\/v2\/types\/post"}],"author":[{"embeddable":true,"href":"https:\/\/casadecampoliving.com\/es\/wp-json\/wp\/v2\/users\/36682"}],"replies":[{"embeddable":true,"href":"https:\/\/casadecampoliving.com\/es\/wp-json\/wp\/v2\/comments?post=350216"}],"version-history":[{"count":1,"href":"https:\/\/casadecampoliving.com\/es\/wp-json\/wp\/v2\/posts\/350216\/revisions"}],"predecessor-version":[{"id":350219,"href":"https:\/\/casadecampoliving.com\/es\/wp-json\/wp\/v2\/posts\/350216\/revisions\/350219"}],"wp:featuredmedia":[{"embeddable":true,"href":"https:\/\/casadecampoliving.com\/es\/wp-json\/wp\/v2\/media\/282890"}],"wp:attachment":[{"href":"https:\/\/casadecampoliving.com\/es\/wp-json\/wp\/v2\/media?parent=350216"}],"wp:term":[{"taxonomy":"category","embeddable":true,"href":"https:\/\/casadecampoliving.com\/es\/wp-json\/wp\/v2\/categories?post=350216"},{"taxonomy":"post_tag","embeddable":true,"href":"https:\/\/casadecampoliving.com\/es\/wp-json\/wp\/v2\/tags?post=350216"},{"taxonomy":"newspack_spnsrs_tax","embeddable":true,"href":"https:\/\/casadecampoliving.com\/es\/wp-json\/wp\/v2\/newspack_spnsrs_tax?post=350216"}],"curies":[{"name":"wp","href":"https:\/\/api.w.org\/{rel}","templated":true}]}}