{"id":350200,"date":"2016-07-18T00:00:00","date_gmt":"2016-07-18T04:00:00","guid":{"rendered":"https:\/\/casadecampoliving.com\/la-fundacion-centro-cultural-altos-de-chavon-presenta-art-chavon-2016\/"},"modified":"2022-10-21T19:02:09","modified_gmt":"2022-10-21T23:02:09","slug":"la-fundacion-centro-cultural-altos-de-chavon-presenta-art-chavon-2016","status":"publish","type":"post","link":"https:\/\/casadecampoliving.com\/es\/la-fundacion-centro-cultural-altos-de-chavon-presenta-art-chavon-2016\/","title":{"rendered":"La Fundaci\u00f3n Centro Cultural Altos de Chav\u00f3n presenta: Art Chav\u00f3n 2016"},"content":{"rendered":"\n<p><span style=\"font-weight: 400;\">Por sexto a\u00f1o consecutivo, La Fundaci\u00f3n Centro Cultural Altos de Chav\u00f3n celebra, <\/span>\u2018\u2019Art Chav\u00f3n 2016\u2019\u2019<span style=\"font-weight: 400;\">: un evento de car\u00e1cter ben\u00e9fico, cuyo objetivo principal es recaudar recursos econ\u00f3micos para el fondo de becas de La Escuela de Dise\u00f1o Altos de Chav\u00f3n, ofreciendo al p\u00fablico la oportunidad de adquirir el trabajo art\u00edstico que desarrollan los estudiantes.<\/span><\/p>\n\n\n\n<!--more-->\n\n\n<div class=\"wp-block-image\">\n<figure class=\"alignright is-resized\"><img loading=\"lazy\" decoding=\"async\" src=\"https:\/\/i0.wp.com\/casadecampoliving.com\/wp-content\/uploads\/2022\/10\/Gabriel-Castillo.jpg?resize=382%2C307&amp;ssl=1\" alt=\"Gabriel Castillo Art Chav\u00f3n 2016\" class=\"wp-image-120623\" height=\"307\" width=\"382\"\/><\/figure>\n<\/div>\n\n\n<p><span style=\"font-weight: 400;\">Este evento se ha desarrollado gracias al apoyo y colaboraci\u00f3n de un comit\u00e9 de due\u00f1os de villas pertenecientes al complejo de Casa de Campo.&nbsp;<\/span><span style=\"font-weight: 400;\">Bajo el nombre de <\/span>Art Chav\u00f3n<span style=\"font-weight: 400;\">, estudiantes, egresados, artistas en residencia pasados y actuales, y miembros de la facultad, unidos todos bajo un mismo objetivo, presentan obras de arte realizadas en diferentes t\u00e9cnicas y formatos. La actividad se llevar\u00e1 acabo la noche del 20 de julio de 2016 en el campus de Santo Domingo de Chav\u00f3n | La Escuela de Dise\u00f1o. <\/span><\/p>\n\n\n\n<p><span style=\"font-weight: 400;\">Art Chav\u00f3n 2016 es una excelente ocasi\u00f3n para aportar a una buena causa; es el foro perfecto para disfrutar de todos los trabajos que se han desarrollado en esta instituci\u00f3n acad\u00e9mica pionera en la ense\u00f1anza del arte y dise\u00f1o en la Rep\u00fablica Dominicana. <\/span><span style=\"font-weight: 400;\">Los invitados podr\u00e1n celebrar la diversidad art\u00edstica rodeados de dibujos en blanco y negro, grabados, pintura, obras mixtas, esculturas, autorretratos y paisajes, disfrutando un c\u00f3ctel y m\u00fasica en vivo durante toda la noche.<\/span><i><span style=\"font-weight: 400;\"> &nbsp;<\/span><\/i><span style=\"font-weight: 400;\">Durante la reuni\u00f3n se puede esperar una galer\u00eda completa de trabajos de arte con un toque sofisticado y \u00fanico. Todas estas piezas representan una oportunidad de invertir en el futuro del arte y dise\u00f1o dominicano.<\/span><\/p>\n\n\n\n<blockquote><figure><img decoding=\"async\" loading=\"lazy\" class=\"alignnone size-full wp-image-120621\" src=\"https:\/\/i0.wp.com\/casadecampoliving.com\/wp-content\/uploads\/2022\/10\/ArtChavon_SD-e1468853846114.jpg?resize=1000%2C1400&amp;ssl=1\" alt=\"Art Chav\u00f3n Santo Domingo\" width=\"1000\" height=\"1400\"><\/figure><h3><strong>Art Chavon 2016<\/strong><\/h3><p><strong>D\u00f3nde:&nbsp;<\/strong>Calle Paseo de las Aviadores #5 Ensanche Miraflores, Santo Domingo<\/p><p><strong>Cu\u00e1ndo:&nbsp;<\/strong>Mi\u00e9rcoles&nbsp;20 de Julio 2016, 6:30 p.m.<\/p><p><strong>Tel: <\/strong>(809) 563.2802<\/p><\/blockquote>\n","protected":false},"excerpt":{"rendered":"<p>Por sexto a\u00f1o consecutivo, La Fundaci\u00f3n Centro Cultural Altos de Chav\u00f3n celebra, \u2018\u2019Art Chav\u00f3n 2016\u2019\u2019: un evento de car\u00e1cter ben\u00e9fico, cuyo objetivo principal es recaudar recursos econ\u00f3micos para el fondo de becas de La Escuela de Dise\u00f1o Altos de Chav\u00f3n, ofreciendo al p\u00fablico la oportunidad de adquirir el trabajo art\u00edstico que desarrollan los estudiantes.<\/p>\n","protected":false},"author":36681,"featured_media":282732,"comment_status":"closed","ping_status":"closed","sticky":false,"template":"","format":"standard","meta":{"newspack_ads_suppress_ads":false,"newspack_popups_has_disabled_popups":false,"newspack_sponsor_sponsorship_scope":"","newspack_sponsor_native_byline_display":"inherit","newspack_sponsor_native_category_display":"inherit","newspack_sponsor_underwriter_style":"inherit","newspack_sponsor_underwriter_placement":"inherit","_newspack_byline_active":false,"_newspack_byline":"","newspack_hide_updated_date":false,"newspack_show_updated_date":false,"newspack_content_restriction_is_exempt":false,"newspack_featured_image_position":"","newspack_post_subtitle":"","newspack_article_summary_title":"Overview:","newspack_article_summary":"","_jetpack_memberships_contains_paid_content":false,"footnotes":"","jetpack_publicize_message":"","jetpack_publicize_feature_enabled":true,"jetpack_social_post_already_shared":false,"jetpack_social_options":{"image_generator_settings":{"template":"highway","default_image_id":0,"font":"","enabled":false},"version":2},"_wpas_customize_per_network":false},"categories":[26819,26823,2530,2524,2522,2514,2506,14625,14627,2521],"tags":[15387,6056,6474,5382,3763],"newspack_spnsrs_tax":[],"class_list":["post-350200","post","type-post","status-publish","format-standard","has-post-thumbnail","hentry","category-altos-de-chavon-es","category-arte-y-cultura","category-compras-es","category-destacados","category-eventos-es","category-fundaciones-es","category-mas-alla-de-casa-es","category-noticias-locales","category-proximamente","category-republica-dominicana-2","tag-altos-de-chavon-es","tag-art-chavon-es","tag-exhibicion","tag-fundacion-centro-cultural","tag-santo-domingo-es","entry"],"yoast_head":"<!-- This site is optimized with the Yoast SEO plugin v27.5 - https:\/\/yoast.com\/product\/yoast-seo-wordpress\/ -->\n<title>La Fundaci\u00f3n Centro Cultural Altos de Chav\u00f3n presenta: Art Chav\u00f3n 2016 | Casa de Campo Living<\/title>\n<meta name=\"description\" content=\"Por sexto a\u00f1o consecutivo, La Fundaci\u00f3n Centro Cultural Altos de Chav\u00f3n celebra, \u2018\u2019Art Chav\u00f3n 2016\u2019\u2019: un evento de car\u00e1cter ben\u00e9fico, cuyo objetivo\" \/>\n<meta name=\"robots\" content=\"index, follow, max-snippet:-1, max-image-preview:large, max-video-preview:-1\" \/>\n<link rel=\"canonical\" href=\"https:\/\/casadecampoliving.com\/es\/la-fundacion-centro-cultural-altos-de-chavon-presenta-art-chavon-2016\/\" \/>\n<meta property=\"og:locale\" content=\"es_ES\" \/>\n<meta property=\"og:type\" content=\"article\" \/>\n<meta property=\"og:title\" content=\"La Fundaci\u00f3n Centro Cultural Altos de Chav\u00f3n presenta: Art Chav\u00f3n 2016 | Casa de Campo Living\" \/>\n<meta property=\"og:description\" content=\"Por sexto a\u00f1o consecutivo, La Fundaci\u00f3n Centro Cultural Altos de Chav\u00f3n celebra, \u2018\u2019Art Chav\u00f3n 2016\u2019\u2019: un evento de car\u00e1cter ben\u00e9fico, cuyo objetivo\" \/>\n<meta property=\"og:url\" content=\"https:\/\/casadecampoliving.com\/es\/la-fundacion-centro-cultural-altos-de-chavon-presenta-art-chavon-2016\/\" \/>\n<meta property=\"og:site_name\" content=\"Casa de Campo Living\" \/>\n<meta property=\"article:publisher\" content=\"https:\/\/www.facebook.com\/casadecampoliving\" \/>\n<meta property=\"article:published_time\" content=\"2016-07-18T04:00:00+00:00\" \/>\n<meta property=\"article:modified_time\" content=\"2022-10-21T23:02:09+00:00\" \/>\n<meta property=\"og:image\" content=\"https:\/\/i0.wp.com\/casadecampoliving.com\/wp-content\/uploads\/2022\/10\/Jeffry-Correa.jpg?fit=1000%2C667&ssl=1\" \/>\n\t<meta property=\"og:image:width\" content=\"1000\" \/>\n\t<meta property=\"og:image:height\" content=\"667\" \/>\n\t<meta property=\"og:image:type\" content=\"image\/jpeg\" \/>\n<meta name=\"author\" content=\"Heather Lincoln\" \/>\n<meta name=\"twitter:card\" content=\"summary_large_image\" \/>\n<meta name=\"twitter:creator\" content=\"@cdcliving\" \/>\n<meta name=\"twitter:site\" content=\"@cdcliving\" \/>\n<meta name=\"twitter:label1\" content=\"Escrito por\" \/>\n\t<meta name=\"twitter:data1\" content=\"Heather Lincoln\" \/>\n\t<meta name=\"twitter:label2\" content=\"Tiempo de lectura\" \/>\n\t<meta name=\"twitter:data2\" content=\"2 minutos\" \/>\n<script type=\"application\/ld+json\" class=\"yoast-schema-graph\">{\"@context\":\"https:\\\/\\\/schema.org\",\"@graph\":[{\"@type\":\"Article\",\"@id\":\"https:\\\/\\\/casadecampoliving.com\\\/es\\\/la-fundacion-centro-cultural-altos-de-chavon-presenta-art-chavon-2016\\\/#article\",\"isPartOf\":{\"@id\":\"https:\\\/\\\/casadecampoliving.com\\\/es\\\/la-fundacion-centro-cultural-altos-de-chavon-presenta-art-chavon-2016\\\/\"},\"author\":{\"name\":\"Heather Lincoln\",\"@id\":\"https:\\\/\\\/casadecampoliving.com\\\/es\\\/#\\\/schema\\\/person\\\/e3abfc63c1478fd703266a6f33a3145d\"},\"headline\":\"La Fundaci\u00f3n Centro Cultural Altos de Chav\u00f3n presenta: Art Chav\u00f3n 2016\",\"datePublished\":\"2016-07-18T04:00:00+00:00\",\"dateModified\":\"2022-10-21T23:02:09+00:00\",\"mainEntityOfPage\":{\"@id\":\"https:\\\/\\\/casadecampoliving.com\\\/es\\\/la-fundacion-centro-cultural-altos-de-chavon-presenta-art-chavon-2016\\\/\"},\"wordCount\":316,\"publisher\":{\"@id\":\"https:\\\/\\\/casadecampoliving.com\\\/es\\\/#organization\"},\"image\":{\"@id\":\"https:\\\/\\\/casadecampoliving.com\\\/es\\\/la-fundacion-centro-cultural-altos-de-chavon-presenta-art-chavon-2016\\\/#primaryimage\"},\"thumbnailUrl\":\"https:\\\/\\\/i0.wp.com\\\/casadecampoliving.com\\\/wp-content\\\/uploads\\\/2022\\\/10\\\/Jeffry-Correa.jpg?fit=1000%2C667&ssl=1\",\"keywords\":[\"Altos de Chavon\",\"art chavon @es\",\"exhibicion\",\"fundacion centro cultural\",\"santo domingo @es\"],\"articleSection\":[\"Altos de Chavon @es\",\"Arte y cultura\",\"Compras\",\"Destacados\",\"Eventos\",\"Fundaciones\",\"M\u00e1s all\u00e1 de Casa\",\"Noticias Locales\",\"Proximamente\",\"Rep\u00fablica Dominicana @es\"],\"inLanguage\":\"es\"},{\"@type\":\"WebPage\",\"@id\":\"https:\\\/\\\/casadecampoliving.com\\\/es\\\/la-fundacion-centro-cultural-altos-de-chavon-presenta-art-chavon-2016\\\/\",\"url\":\"https:\\\/\\\/casadecampoliving.com\\\/es\\\/la-fundacion-centro-cultural-altos-de-chavon-presenta-art-chavon-2016\\\/\",\"name\":\"La Fundaci\u00f3n Centro Cultural Altos de Chav\u00f3n presenta: Art Chav\u00f3n 2016 | Casa de Campo Living\",\"isPartOf\":{\"@id\":\"https:\\\/\\\/casadecampoliving.com\\\/es\\\/#website\"},\"primaryImageOfPage\":{\"@id\":\"https:\\\/\\\/casadecampoliving.com\\\/es\\\/la-fundacion-centro-cultural-altos-de-chavon-presenta-art-chavon-2016\\\/#primaryimage\"},\"image\":{\"@id\":\"https:\\\/\\\/casadecampoliving.com\\\/es\\\/la-fundacion-centro-cultural-altos-de-chavon-presenta-art-chavon-2016\\\/#primaryimage\"},\"thumbnailUrl\":\"https:\\\/\\\/i0.wp.com\\\/casadecampoliving.com\\\/wp-content\\\/uploads\\\/2022\\\/10\\\/Jeffry-Correa.jpg?fit=1000%2C667&ssl=1\",\"datePublished\":\"2016-07-18T04:00:00+00:00\",\"dateModified\":\"2022-10-21T23:02:09+00:00\",\"description\":\"Por sexto a\u00f1o consecutivo, La Fundaci\u00f3n Centro Cultural Altos de Chav\u00f3n celebra, \u2018\u2019Art Chav\u00f3n 2016\u2019\u2019: un evento de car\u00e1cter ben\u00e9fico, cuyo objetivo\",\"breadcrumb\":{\"@id\":\"https:\\\/\\\/casadecampoliving.com\\\/es\\\/la-fundacion-centro-cultural-altos-de-chavon-presenta-art-chavon-2016\\\/#breadcrumb\"},\"inLanguage\":\"es\",\"potentialAction\":[{\"@type\":\"ReadAction\",\"target\":[\"https:\\\/\\\/casadecampoliving.com\\\/es\\\/la-fundacion-centro-cultural-altos-de-chavon-presenta-art-chavon-2016\\\/\"]}]},{\"@type\":\"ImageObject\",\"inLanguage\":\"es\",\"@id\":\"https:\\\/\\\/casadecampoliving.com\\\/es\\\/la-fundacion-centro-cultural-altos-de-chavon-presenta-art-chavon-2016\\\/#primaryimage\",\"url\":\"https:\\\/\\\/i0.wp.com\\\/casadecampoliving.com\\\/wp-content\\\/uploads\\\/2022\\\/10\\\/Jeffry-Correa.jpg?fit=1000%2C667&ssl=1\",\"contentUrl\":\"https:\\\/\\\/i0.wp.com\\\/casadecampoliving.com\\\/wp-content\\\/uploads\\\/2022\\\/10\\\/Jeffry-Correa.jpg?fit=1000%2C667&ssl=1\",\"width\":1000,\"height\":667,\"caption\":\"Jeffry Correa Art Chav\u00f3n 2016\"},{\"@type\":\"BreadcrumbList\",\"@id\":\"https:\\\/\\\/casadecampoliving.com\\\/es\\\/la-fundacion-centro-cultural-altos-de-chavon-presenta-art-chavon-2016\\\/#breadcrumb\",\"itemListElement\":[{\"@type\":\"ListItem\",\"position\":1,\"name\":\"Home\",\"item\":\"https:\\\/\\\/casadecampoliving.com\\\/es\\\/\"},{\"@type\":\"ListItem\",\"position\":2,\"name\":\"La Fundaci\u00f3n Centro Cultural Altos de Chav\u00f3n presenta: Art Chav\u00f3n 2016\"}]},{\"@type\":\"WebSite\",\"@id\":\"https:\\\/\\\/casadecampoliving.com\\\/es\\\/#website\",\"url\":\"https:\\\/\\\/casadecampoliving.com\\\/es\\\/\",\"name\":\"Casa de Campo Living\",\"description\":\"Resort community news and resources.\",\"publisher\":{\"@id\":\"https:\\\/\\\/casadecampoliving.com\\\/es\\\/#organization\"},\"potentialAction\":[{\"@type\":\"SearchAction\",\"target\":{\"@type\":\"EntryPoint\",\"urlTemplate\":\"https:\\\/\\\/casadecampoliving.com\\\/es\\\/?s={search_term_string}\"},\"query-input\":{\"@type\":\"PropertyValueSpecification\",\"valueRequired\":true,\"valueName\":\"search_term_string\"}}],\"inLanguage\":\"es\"},{\"@type\":\"Organization\",\"@id\":\"https:\\\/\\\/casadecampoliving.com\\\/es\\\/#organization\",\"name\":\"Casa de Campo Living\",\"url\":\"https:\\\/\\\/casadecampoliving.com\\\/es\\\/\",\"logo\":{\"@type\":\"ImageObject\",\"inLanguage\":\"es\",\"@id\":\"https:\\\/\\\/casadecampoliving.com\\\/es\\\/#\\\/schema\\\/logo\\\/image\\\/\",\"url\":\"https:\\\/\\\/i0.wp.com\\\/casadecampoliving.com\\\/wp-content\\\/uploads\\\/2022\\\/07\\\/CDCLivingLogo_V1-white-sized.png?fit=800%2C214&ssl=1\",\"contentUrl\":\"https:\\\/\\\/i0.wp.com\\\/casadecampoliving.com\\\/wp-content\\\/uploads\\\/2022\\\/07\\\/CDCLivingLogo_V1-white-sized.png?fit=800%2C214&ssl=1\",\"width\":800,\"height\":214,\"caption\":\"Casa de Campo Living\"},\"image\":{\"@id\":\"https:\\\/\\\/casadecampoliving.com\\\/es\\\/#\\\/schema\\\/logo\\\/image\\\/\"},\"sameAs\":[\"https:\\\/\\\/www.facebook.com\\\/casadecampoliving\",\"https:\\\/\\\/x.com\\\/cdcliving\"]},{\"@type\":\"Person\",\"@id\":\"https:\\\/\\\/casadecampoliving.com\\\/es\\\/#\\\/schema\\\/person\\\/e3abfc63c1478fd703266a6f33a3145d\",\"name\":\"Heather Lincoln\",\"image\":{\"@type\":\"ImageObject\",\"inLanguage\":\"es\",\"@id\":\"https:\\\/\\\/secure.gravatar.com\\\/avatar\\\/e8fc1ce4ad50385675908137b0d8d66be281d034bf072b4700460237638ea6d0?s=96&d=mm&r=g\",\"url\":\"https:\\\/\\\/secure.gravatar.com\\\/avatar\\\/e8fc1ce4ad50385675908137b0d8d66be281d034bf072b4700460237638ea6d0?s=96&d=mm&r=g\",\"contentUrl\":\"https:\\\/\\\/secure.gravatar.com\\\/avatar\\\/e8fc1ce4ad50385675908137b0d8d66be281d034bf072b4700460237638ea6d0?s=96&d=mm&r=g\",\"caption\":\"Heather Lincoln\"},\"url\":\"https:\\\/\\\/casadecampoliving.com\\\/es\\\/author\\\/hcastillo\\\/\"}]}<\/script>\n<!-- \/ Yoast SEO plugin. -->","yoast_head_json":{"title":"La Fundaci\u00f3n Centro Cultural Altos de Chav\u00f3n presenta: Art Chav\u00f3n 2016 | Casa de Campo Living","description":"Por sexto a\u00f1o consecutivo, La Fundaci\u00f3n Centro Cultural Altos de Chav\u00f3n celebra, \u2018\u2019Art Chav\u00f3n 2016\u2019\u2019: un evento de car\u00e1cter ben\u00e9fico, cuyo objetivo","robots":{"index":"index","follow":"follow","max-snippet":"max-snippet:-1","max-image-preview":"max-image-preview:large","max-video-preview":"max-video-preview:-1"},"canonical":"https:\/\/casadecampoliving.com\/es\/la-fundacion-centro-cultural-altos-de-chavon-presenta-art-chavon-2016\/","og_locale":"es_ES","og_type":"article","og_title":"La Fundaci\u00f3n Centro Cultural Altos de Chav\u00f3n presenta: Art Chav\u00f3n 2016 | Casa de Campo Living","og_description":"Por sexto a\u00f1o consecutivo, La Fundaci\u00f3n Centro Cultural Altos de Chav\u00f3n celebra, \u2018\u2019Art Chav\u00f3n 2016\u2019\u2019: un evento de car\u00e1cter ben\u00e9fico, cuyo objetivo","og_url":"https:\/\/casadecampoliving.com\/es\/la-fundacion-centro-cultural-altos-de-chavon-presenta-art-chavon-2016\/","og_site_name":"Casa de Campo Living","article_publisher":"https:\/\/www.facebook.com\/casadecampoliving","article_published_time":"2016-07-18T04:00:00+00:00","article_modified_time":"2022-10-21T23:02:09+00:00","og_image":[{"width":1000,"height":667,"url":"https:\/\/i0.wp.com\/casadecampoliving.com\/wp-content\/uploads\/2022\/10\/Jeffry-Correa.jpg?fit=1000%2C667&ssl=1","type":"image\/jpeg"}],"author":"Heather Lincoln","twitter_card":"summary_large_image","twitter_creator":"@cdcliving","twitter_site":"@cdcliving","twitter_misc":{"Escrito por":"Heather Lincoln","Tiempo de lectura":"2 minutos"},"schema":{"@context":"https:\/\/schema.org","@graph":[{"@type":"Article","@id":"https:\/\/casadecampoliving.com\/es\/la-fundacion-centro-cultural-altos-de-chavon-presenta-art-chavon-2016\/#article","isPartOf":{"@id":"https:\/\/casadecampoliving.com\/es\/la-fundacion-centro-cultural-altos-de-chavon-presenta-art-chavon-2016\/"},"author":{"name":"Heather Lincoln","@id":"https:\/\/casadecampoliving.com\/es\/#\/schema\/person\/e3abfc63c1478fd703266a6f33a3145d"},"headline":"La Fundaci\u00f3n Centro Cultural Altos de Chav\u00f3n presenta: Art Chav\u00f3n 2016","datePublished":"2016-07-18T04:00:00+00:00","dateModified":"2022-10-21T23:02:09+00:00","mainEntityOfPage":{"@id":"https:\/\/casadecampoliving.com\/es\/la-fundacion-centro-cultural-altos-de-chavon-presenta-art-chavon-2016\/"},"wordCount":316,"publisher":{"@id":"https:\/\/casadecampoliving.com\/es\/#organization"},"image":{"@id":"https:\/\/casadecampoliving.com\/es\/la-fundacion-centro-cultural-altos-de-chavon-presenta-art-chavon-2016\/#primaryimage"},"thumbnailUrl":"https:\/\/i0.wp.com\/casadecampoliving.com\/wp-content\/uploads\/2022\/10\/Jeffry-Correa.jpg?fit=1000%2C667&ssl=1","keywords":["Altos de Chavon","art chavon @es","exhibicion","fundacion centro cultural","santo domingo @es"],"articleSection":["Altos de Chavon @es","Arte y cultura","Compras","Destacados","Eventos","Fundaciones","M\u00e1s all\u00e1 de Casa","Noticias Locales","Proximamente","Rep\u00fablica Dominicana @es"],"inLanguage":"es"},{"@type":"WebPage","@id":"https:\/\/casadecampoliving.com\/es\/la-fundacion-centro-cultural-altos-de-chavon-presenta-art-chavon-2016\/","url":"https:\/\/casadecampoliving.com\/es\/la-fundacion-centro-cultural-altos-de-chavon-presenta-art-chavon-2016\/","name":"La Fundaci\u00f3n Centro Cultural Altos de Chav\u00f3n presenta: Art Chav\u00f3n 2016 | Casa de Campo Living","isPartOf":{"@id":"https:\/\/casadecampoliving.com\/es\/#website"},"primaryImageOfPage":{"@id":"https:\/\/casadecampoliving.com\/es\/la-fundacion-centro-cultural-altos-de-chavon-presenta-art-chavon-2016\/#primaryimage"},"image":{"@id":"https:\/\/casadecampoliving.com\/es\/la-fundacion-centro-cultural-altos-de-chavon-presenta-art-chavon-2016\/#primaryimage"},"thumbnailUrl":"https:\/\/i0.wp.com\/casadecampoliving.com\/wp-content\/uploads\/2022\/10\/Jeffry-Correa.jpg?fit=1000%2C667&ssl=1","datePublished":"2016-07-18T04:00:00+00:00","dateModified":"2022-10-21T23:02:09+00:00","description":"Por sexto a\u00f1o consecutivo, La Fundaci\u00f3n Centro Cultural Altos de Chav\u00f3n celebra, \u2018\u2019Art Chav\u00f3n 2016\u2019\u2019: un evento de car\u00e1cter ben\u00e9fico, cuyo objetivo","breadcrumb":{"@id":"https:\/\/casadecampoliving.com\/es\/la-fundacion-centro-cultural-altos-de-chavon-presenta-art-chavon-2016\/#breadcrumb"},"inLanguage":"es","potentialAction":[{"@type":"ReadAction","target":["https:\/\/casadecampoliving.com\/es\/la-fundacion-centro-cultural-altos-de-chavon-presenta-art-chavon-2016\/"]}]},{"@type":"ImageObject","inLanguage":"es","@id":"https:\/\/casadecampoliving.com\/es\/la-fundacion-centro-cultural-altos-de-chavon-presenta-art-chavon-2016\/#primaryimage","url":"https:\/\/i0.wp.com\/casadecampoliving.com\/wp-content\/uploads\/2022\/10\/Jeffry-Correa.jpg?fit=1000%2C667&ssl=1","contentUrl":"https:\/\/i0.wp.com\/casadecampoliving.com\/wp-content\/uploads\/2022\/10\/Jeffry-Correa.jpg?fit=1000%2C667&ssl=1","width":1000,"height":667,"caption":"Jeffry Correa Art Chav\u00f3n 2016"},{"@type":"BreadcrumbList","@id":"https:\/\/casadecampoliving.com\/es\/la-fundacion-centro-cultural-altos-de-chavon-presenta-art-chavon-2016\/#breadcrumb","itemListElement":[{"@type":"ListItem","position":1,"name":"Home","item":"https:\/\/casadecampoliving.com\/es\/"},{"@type":"ListItem","position":2,"name":"La Fundaci\u00f3n Centro Cultural Altos de Chav\u00f3n presenta: Art Chav\u00f3n 2016"}]},{"@type":"WebSite","@id":"https:\/\/casadecampoliving.com\/es\/#website","url":"https:\/\/casadecampoliving.com\/es\/","name":"Casa de Campo Living","description":"Resort community news and resources.","publisher":{"@id":"https:\/\/casadecampoliving.com\/es\/#organization"},"potentialAction":[{"@type":"SearchAction","target":{"@type":"EntryPoint","urlTemplate":"https:\/\/casadecampoliving.com\/es\/?s={search_term_string}"},"query-input":{"@type":"PropertyValueSpecification","valueRequired":true,"valueName":"search_term_string"}}],"inLanguage":"es"},{"@type":"Organization","@id":"https:\/\/casadecampoliving.com\/es\/#organization","name":"Casa de Campo Living","url":"https:\/\/casadecampoliving.com\/es\/","logo":{"@type":"ImageObject","inLanguage":"es","@id":"https:\/\/casadecampoliving.com\/es\/#\/schema\/logo\/image\/","url":"https:\/\/i0.wp.com\/casadecampoliving.com\/wp-content\/uploads\/2022\/07\/CDCLivingLogo_V1-white-sized.png?fit=800%2C214&ssl=1","contentUrl":"https:\/\/i0.wp.com\/casadecampoliving.com\/wp-content\/uploads\/2022\/07\/CDCLivingLogo_V1-white-sized.png?fit=800%2C214&ssl=1","width":800,"height":214,"caption":"Casa de Campo Living"},"image":{"@id":"https:\/\/casadecampoliving.com\/es\/#\/schema\/logo\/image\/"},"sameAs":["https:\/\/www.facebook.com\/casadecampoliving","https:\/\/x.com\/cdcliving"]},{"@type":"Person","@id":"https:\/\/casadecampoliving.com\/es\/#\/schema\/person\/e3abfc63c1478fd703266a6f33a3145d","name":"Heather Lincoln","image":{"@type":"ImageObject","inLanguage":"es","@id":"https:\/\/secure.gravatar.com\/avatar\/e8fc1ce4ad50385675908137b0d8d66be281d034bf072b4700460237638ea6d0?s=96&d=mm&r=g","url":"https:\/\/secure.gravatar.com\/avatar\/e8fc1ce4ad50385675908137b0d8d66be281d034bf072b4700460237638ea6d0?s=96&d=mm&r=g","contentUrl":"https:\/\/secure.gravatar.com\/avatar\/e8fc1ce4ad50385675908137b0d8d66be281d034bf072b4700460237638ea6d0?s=96&d=mm&r=g","caption":"Heather Lincoln"},"url":"https:\/\/casadecampoliving.com\/es\/author\/hcastillo\/"}]}},"parsely":{"version":"1.1.0","canonical_url":"https:\/\/casadecampoliving.com\/es\/la-fundacion-centro-cultural-altos-de-chavon-presenta-art-chavon-2016\/","smart_links":{"inbound":0,"outbound":0},"traffic_boost_suggestions_count":0,"meta":{"@context":"https:\/\/schema.org","@type":"NewsArticle","headline":"La Fundaci\u00f3n Centro Cultural Altos de Chav\u00f3n presenta: Art Chav\u00f3n 2016","url":"http:\/\/casadecampoliving.com\/es\/la-fundacion-centro-cultural-altos-de-chavon-presenta-art-chavon-2016\/","mainEntityOfPage":{"@type":"WebPage","@id":"http:\/\/casadecampoliving.com\/es\/la-fundacion-centro-cultural-altos-de-chavon-presenta-art-chavon-2016\/"},"thumbnailUrl":"https:\/\/i0.wp.com\/casadecampoliving.com\/wp-content\/uploads\/2022\/10\/Jeffry-Correa.jpg?resize=150%2C150&ssl=1","image":{"@type":"ImageObject","url":"https:\/\/i0.wp.com\/casadecampoliving.com\/wp-content\/uploads\/2022\/10\/Jeffry-Correa.jpg?fit=1000%2C667&ssl=1"},"articleSection":"Altos de Chavon @es","author":[{"@type":"Person","name":"Heather Lincoln"}],"creator":["Heather Lincoln"],"publisher":{"@type":"Organization","name":"Casa de Campo Living","logo":"https:\/\/casadecampoliving.com\/wp-content\/uploads\/2022\/07\/CDCLivingLogo_V1-white-sized.png"},"keywords":["altos de chavon","art chavon @es","exhibicion","fundacion centro cultural","santo domingo @es"],"dateCreated":"2016-07-18T04:00:00Z","datePublished":"2016-07-18T04:00:00Z","dateModified":"2022-10-21T23:02:09Z"},"rendered":"<script type=\"application\/ld+json\" class=\"wp-parsely-metadata\">{\"@context\":\"https:\\\/\\\/schema.org\",\"@type\":\"NewsArticle\",\"headline\":\"La Fundaci\\u00f3n Centro Cultural Altos de Chav\\u00f3n presenta: Art Chav\\u00f3n 2016\",\"url\":\"http:\\\/\\\/casadecampoliving.com\\\/es\\\/la-fundacion-centro-cultural-altos-de-chavon-presenta-art-chavon-2016\\\/\",\"mainEntityOfPage\":{\"@type\":\"WebPage\",\"@id\":\"http:\\\/\\\/casadecampoliving.com\\\/es\\\/la-fundacion-centro-cultural-altos-de-chavon-presenta-art-chavon-2016\\\/\"},\"thumbnailUrl\":\"https:\\\/\\\/i0.wp.com\\\/casadecampoliving.com\\\/wp-content\\\/uploads\\\/2022\\\/10\\\/Jeffry-Correa.jpg?resize=150%2C150&ssl=1\",\"image\":{\"@type\":\"ImageObject\",\"url\":\"https:\\\/\\\/i0.wp.com\\\/casadecampoliving.com\\\/wp-content\\\/uploads\\\/2022\\\/10\\\/Jeffry-Correa.jpg?fit=1000%2C667&ssl=1\"},\"articleSection\":\"Altos de Chavon @es\",\"author\":[{\"@type\":\"Person\",\"name\":\"Heather Lincoln\"}],\"creator\":[\"Heather Lincoln\"],\"publisher\":{\"@type\":\"Organization\",\"name\":\"Casa de Campo Living\",\"logo\":\"https:\\\/\\\/casadecampoliving.com\\\/wp-content\\\/uploads\\\/2022\\\/07\\\/CDCLivingLogo_V1-white-sized.png\"},\"keywords\":[\"altos de chavon\",\"art chavon @es\",\"exhibicion\",\"fundacion centro cultural\",\"santo domingo @es\"],\"dateCreated\":\"2016-07-18T04:00:00Z\",\"datePublished\":\"2016-07-18T04:00:00Z\",\"dateModified\":\"2022-10-21T23:02:09Z\"}<\/script>","tracker_url":"https:\/\/cdn.parsely.com\/keys\/casadecampoliving.com\/p.js"},"jetpack_publicize_connections":[],"jetpack_featured_media_url":"https:\/\/i0.wp.com\/casadecampoliving.com\/wp-content\/uploads\/2022\/10\/Jeffry-Correa.jpg?fit=1000%2C667&ssl=1","jetpack-related-posts":[{"id":433460,"url":"https:\/\/casadecampoliving.com\/es\/no-se-pierdan-el-increible-tributo-a-frank-sinatra-para-celebrar-el-40-aniversario-del-anfiteatro-altos-de-chavon\/","url_meta":{"origin":350200,"position":0},"title":"No se pierdan el incre\u00edble tributo a Frank Sinatra para celebrar el 40 aniversario del\u00a0Anfiteatro Altos de Chav\u00f3n","author":"Casa de Campo Living","date":"20 Oct, 2022","format":false,"excerpt":"Siendo uno de los escenarios m\u00e1s emblem\u00e1ticos del pa\u00eds, Casa de Campo Resort\u00ae & Villas celebra las cuatro d\u00e9cadas de aniversario de Altos de Chav\u00f3n con un tributo al gran Frank Sinatra, protagonizado por artistas invitados y una big band tal cual la que acompa\u00f1\u00f3 al artista hace 40 a\u00f1os\u2026","rel":"","context":"En \u00abUncategorized @es\u00bb","block_context":{"text":"Uncategorized @es","link":"https:\/\/casadecampoliving.com\/es\/category\/uncategorized-es\/"},"img":{"alt_text":"","src":"https:\/\/i0.wp.com\/casadecampoliving.com\/wp-content\/uploads\/2022\/10\/Tributo-Frank-Sinatra-Foto-Principal-Amaury-Sanchez-Danilo-Ginebra-Andres-Pichardo-y-Jose-Gabriel-Perez-.jpg?fit=1200%2C873&ssl=1&resize=350%2C200","width":350,"height":200,"srcset":"https:\/\/i0.wp.com\/casadecampoliving.com\/wp-content\/uploads\/2022\/10\/Tributo-Frank-Sinatra-Foto-Principal-Amaury-Sanchez-Danilo-Ginebra-Andres-Pichardo-y-Jose-Gabriel-Perez-.jpg?fit=1200%2C873&ssl=1&resize=350%2C200 1x, https:\/\/i0.wp.com\/casadecampoliving.com\/wp-content\/uploads\/2022\/10\/Tributo-Frank-Sinatra-Foto-Principal-Amaury-Sanchez-Danilo-Ginebra-Andres-Pichardo-y-Jose-Gabriel-Perez-.jpg?fit=1200%2C873&ssl=1&resize=525%2C300 1.5x, https:\/\/i0.wp.com\/casadecampoliving.com\/wp-content\/uploads\/2022\/10\/Tributo-Frank-Sinatra-Foto-Principal-Amaury-Sanchez-Danilo-Ginebra-Andres-Pichardo-y-Jose-Gabriel-Perez-.jpg?fit=1200%2C873&ssl=1&resize=700%2C400 2x, https:\/\/i0.wp.com\/casadecampoliving.com\/wp-content\/uploads\/2022\/10\/Tributo-Frank-Sinatra-Foto-Principal-Amaury-Sanchez-Danilo-Ginebra-Andres-Pichardo-y-Jose-Gabriel-Perez-.jpg?fit=1200%2C873&ssl=1&resize=1050%2C600 3x"},"classes":[]},{"id":350413,"url":"https:\/\/casadecampoliving.com\/es\/catalogo-digital-de-art-chavon-2016-disponible\/","url_meta":{"origin":350200,"position":1},"title":"\u00a1El cat\u00e1logo digital de Art Chav\u00f3n 2016 ya esta disponible!","author":"Heather Lincoln","date":"23 Ago, 2016","format":false,"excerpt":"La Fundaci\u00f3n Centro Cultural Altos de Chav\u00f3n acaba de publicar\u00a0el cat\u00e1logo digital de Art Chav\u00f3n 2016, con una serie de obras de arte de los estudiantes actuales, graduados, \u00a1y Artistas en Residencia Davidoff! El cat\u00e1logo es\u00a0una excelente manera de ver la colecci\u00f3n completa que estaba en exhibici\u00f3n el pasado mes\u2026","rel":"","context":"En \u00abAltos de Chavon @es\u00bb","block_context":{"text":"Altos de Chavon @es","link":"https:\/\/casadecampoliving.com\/category\/altos-de-chavon-es\/"},"img":{"alt_text":"Art Chav\u00f3n 2016","src":"https:\/\/i0.wp.com\/casadecampoliving.com\/wp-content\/uploads\/2022\/10\/Art_Chavon_2016-e1471976329477.jpg?fit=1000%2C563&ssl=1&resize=350%2C200","width":350,"height":200,"srcset":"https:\/\/i0.wp.com\/casadecampoliving.com\/wp-content\/uploads\/2022\/10\/Art_Chavon_2016-e1471976329477.jpg?fit=1000%2C563&ssl=1&resize=350%2C200 1x, https:\/\/i0.wp.com\/casadecampoliving.com\/wp-content\/uploads\/2022\/10\/Art_Chavon_2016-e1471976329477.jpg?fit=1000%2C563&ssl=1&resize=525%2C300 1.5x, https:\/\/i0.wp.com\/casadecampoliving.com\/wp-content\/uploads\/2022\/10\/Art_Chavon_2016-e1471976329477.jpg?fit=1000%2C563&ssl=1&resize=700%2C400 2x"},"classes":[]},{"id":350271,"url":"https:\/\/casadecampoliving.com\/es\/art-chavon-2016-santo-domingo\/","url_meta":{"origin":350200,"position":2},"title":"Una mirada exclusiva al evento Art Chav\u00f3n 2016 en Santo Domingo, \u00a1a\u00fan pueden adquirir una de las hermosas obras!","author":"Heather Lincoln","date":"27 Jul, 2016","format":false,"excerpt":"La s\u00e9ptima edici\u00f3n del evento anual Art Chav\u00f3n, organizado por Dominique Bluhdorn, Presidenta de la Fundaci\u00f3n Centro Cultural Altos de Chav\u00f3n\u00a0se llev\u00f3 a cabo el pasado mi\u00e9rcoles 20 de julio en el nuevo campus de la Escuela de Dise\u00f1o\u00a0en\u00a0Santo Domingo. Al igual que en a\u00f1os anteriores, las piezas de Chavoneros\u2026","rel":"","context":"En \u00abArte y cultura\u00bb","block_context":{"text":"Arte y cultura","link":"https:\/\/casadecampoliving.com\/category\/arte-y-cultura\/"},"img":{"alt_text":"Art Chav\u00f3n 2016","src":"https:\/\/i0.wp.com\/casadecampoliving.com\/wp-content\/uploads\/2022\/10\/ArtChavon2016-02-e1469635989288-1.jpg?fit=1000%2C667&ssl=1&resize=350%2C200","width":350,"height":200,"srcset":"https:\/\/i0.wp.com\/casadecampoliving.com\/wp-content\/uploads\/2022\/10\/ArtChavon2016-02-e1469635989288-1.jpg?fit=1000%2C667&ssl=1&resize=350%2C200 1x, https:\/\/i0.wp.com\/casadecampoliving.com\/wp-content\/uploads\/2022\/10\/ArtChavon2016-02-e1469635989288-1.jpg?fit=1000%2C667&ssl=1&resize=525%2C300 1.5x, https:\/\/i0.wp.com\/casadecampoliving.com\/wp-content\/uploads\/2022\/10\/ArtChavon2016-02-e1469635989288-1.jpg?fit=1000%2C667&ssl=1&resize=700%2C400 2x"},"classes":[]},{"id":350501,"url":"https:\/\/casadecampoliving.com\/es\/otorgaron-seis-becas-a-estudiantes-de-altos-de-chavon-escuela-de-diseno\/","url_meta":{"origin":350200,"position":3},"title":"Banco Popular y la Fundaci\u00f3n Centro Cultural Altos de Chav\u00f3n otorga becas a 6 estudiantes meritorios","author":"Marlenys Guzm\u00e1n Casta\u00f1os","date":"16 Sep, 2016","format":false,"excerpt":"En honor a que esta es la segunda semana en el nuevo a\u00f1o escolar de la de Chav\u00f3n Escuela de Dise\u00f1o, \u00a1les traemos algunas noticias fant\u00e1sticas! El Banco Popular Dominicano y la Fundaci\u00f3n Centro Cultural Altos de Chav\u00f3n han otorgado becas a seis j\u00f3venes estudiantes meritorios para continuar sus estudios\u00a0en\u2026","rel":"","context":"En \u00abAltos de Chavon @es\u00bb","block_context":{"text":"Altos de Chavon @es","link":"https:\/\/casadecampoliving.com\/category\/altos-de-chavon-es\/"},"img":{"alt_text":"","src":"https:\/\/i0.wp.com\/casadecampoliving.com\/wp-content\/uploads\/2022\/10\/Scholarship-School-of-Design.jpg?fit=1000%2C600&ssl=1&resize=350%2C200","width":350,"height":200,"srcset":"https:\/\/i0.wp.com\/casadecampoliving.com\/wp-content\/uploads\/2022\/10\/Scholarship-School-of-Design.jpg?fit=1000%2C600&ssl=1&resize=350%2C200 1x, https:\/\/i0.wp.com\/casadecampoliving.com\/wp-content\/uploads\/2022\/10\/Scholarship-School-of-Design.jpg?fit=1000%2C600&ssl=1&resize=525%2C300 1.5x, https:\/\/i0.wp.com\/casadecampoliving.com\/wp-content\/uploads\/2022\/10\/Scholarship-School-of-Design.jpg?fit=1000%2C600&ssl=1&resize=700%2C400 2x"},"classes":[]},{"id":343770,"url":"https:\/\/casadecampoliving.com\/es\/arte-chavon-2014-su-oportunidad-de-invertir-en-el-arte-del-futuro\/","url_meta":{"origin":350200,"position":4},"title":"Arte Chav\u00f3n 2014 &#8211; su oportunidad de invertir en el futuro del arte dominicano","author":"Genesis Perdomo","date":"28 Ene, 2014","format":false,"excerpt":"Sea usted un apasionado del arte o no, el evento Arte Chav\u00f3n es una ocasi\u00f3n a la cual tiene que asistir. Programado para ser celebrada el jueves 27 de Febrero, Arte Chav\u00f3n 2014 no solo es su oportunidad para aportar a una buena causa \u2013 La Fundaci\u00f3n del Centro Cultural\u2026","rel":"","context":"En \u00abAltos de Chavon @es\u00bb","block_context":{"text":"Altos de Chavon @es","link":"https:\/\/casadecampoliving.com\/category\/altos-de-chavon-es\/"},"img":{"alt_text":"Art Chavon 2014 Altos de Chavon","src":"https:\/\/i0.wp.com\/casadecampoliving.com\/wp-content\/uploads\/2022\/10\/art_chavon_altos_de_chavon_1-1.jpg?fit=650%2C500&ssl=1&resize=350%2C200","width":350,"height":200,"srcset":"https:\/\/i0.wp.com\/casadecampoliving.com\/wp-content\/uploads\/2022\/10\/art_chavon_altos_de_chavon_1-1.jpg?fit=650%2C500&ssl=1&resize=350%2C200 1x, https:\/\/i0.wp.com\/casadecampoliving.com\/wp-content\/uploads\/2022\/10\/art_chavon_altos_de_chavon_1-1.jpg?fit=650%2C500&ssl=1&resize=525%2C300 1.5x"},"classes":[]},{"id":343837,"url":"https:\/\/casadecampoliving.com\/es\/serie-de-peliculas-art-chavon-2014\/","url_meta":{"origin":350200,"position":5},"title":"Serie de pel\u00edculas Art Chav\u00f3n 2014","author":"Perkin Agramonte","date":"10 Feb, 2014","format":false,"excerpt":"El Museo Regional Arqueol\u00f3gico Altos de Chav\u00f3n, les invita a una serie de pel\u00edculas art\u00edsticas como parte del evento Art Chav\u00f3n, en beneficio de la Fundaci\u00f3n Cultural Altos de Chav\u00f3n. La Serie de Peliculas Art Chav\u00f3n ser\u00e1n proyectadas los d\u00edas 19, 20 y 23 de febrero, con peliculas que relatan\u2026","rel":"","context":"En \u00abAltos de Chavon @es\u00bb","block_context":{"text":"Altos de Chavon @es","link":"https:\/\/casadecampoliving.com\/category\/altos-de-chavon-es\/"},"img":{"alt_text":"","src":"https:\/\/i0.wp.com\/casadecampoliving.com\/wp-content\/uploads\/2022\/10\/altos_de_chavon_museum-6.jpg?fit=650%2C373&ssl=1&resize=350%2C200","width":350,"height":200,"srcset":"https:\/\/i0.wp.com\/casadecampoliving.com\/wp-content\/uploads\/2022\/10\/altos_de_chavon_museum-6.jpg?fit=650%2C373&ssl=1&resize=350%2C200 1x, https:\/\/i0.wp.com\/casadecampoliving.com\/wp-content\/uploads\/2022\/10\/altos_de_chavon_museum-6.jpg?fit=650%2C373&ssl=1&resize=525%2C300 1.5x"},"classes":[]}],"jetpack_sharing_enabled":true,"_links":{"self":[{"href":"https:\/\/casadecampoliving.com\/es\/wp-json\/wp\/v2\/posts\/350200","targetHints":{"allow":["GET"]}}],"collection":[{"href":"https:\/\/casadecampoliving.com\/es\/wp-json\/wp\/v2\/posts"}],"about":[{"href":"https:\/\/casadecampoliving.com\/es\/wp-json\/wp\/v2\/types\/post"}],"author":[{"embeddable":true,"href":"https:\/\/casadecampoliving.com\/es\/wp-json\/wp\/v2\/users\/36681"}],"replies":[{"embeddable":true,"href":"https:\/\/casadecampoliving.com\/es\/wp-json\/wp\/v2\/comments?post=350200"}],"version-history":[{"count":1,"href":"https:\/\/casadecampoliving.com\/es\/wp-json\/wp\/v2\/posts\/350200\/revisions"}],"predecessor-version":[{"id":350201,"href":"https:\/\/casadecampoliving.com\/es\/wp-json\/wp\/v2\/posts\/350200\/revisions\/350201"}],"wp:featuredmedia":[{"embeddable":true,"href":"https:\/\/casadecampoliving.com\/es\/wp-json\/wp\/v2\/media\/282732"}],"wp:attachment":[{"href":"https:\/\/casadecampoliving.com\/es\/wp-json\/wp\/v2\/media?parent=350200"}],"wp:term":[{"taxonomy":"category","embeddable":true,"href":"https:\/\/casadecampoliving.com\/es\/wp-json\/wp\/v2\/categories?post=350200"},{"taxonomy":"post_tag","embeddable":true,"href":"https:\/\/casadecampoliving.com\/es\/wp-json\/wp\/v2\/tags?post=350200"},{"taxonomy":"newspack_spnsrs_tax","embeddable":true,"href":"https:\/\/casadecampoliving.com\/es\/wp-json\/wp\/v2\/newspack_spnsrs_tax?post=350200"}],"curies":[{"name":"wp","href":"https:\/\/api.w.org\/{rel}","templated":true}]}}