{"id":350188,"date":"2016-07-15T00:00:00","date_gmt":"2016-07-15T04:00:00","guid":{"rendered":"https:\/\/casadecampoliving.com\/dia-del-padre-son-de-padres-chinois\/"},"modified":"2022-10-21T19:01:48","modified_gmt":"2022-10-21T23:01:48","slug":"dia-del-padre-son-de-padres-chinois","status":"publish","type":"post","link":"https:\/\/casadecampoliving.com\/es\/dia-del-padre-son-de-padres-chinois\/","title":{"rendered":"\u00a1Este a\u00f1o celebramos el D\u00eda del Padre con Son de Padres en uno de nuestros restaurantes favoritos, Chinois!"},"content":{"rendered":"\n<p><span style=\"font-weight: 400;\">Como la mayor\u00eda de ya sabe, el D\u00eda del Padre Dominicano es el 31 de julio y si usted todav\u00eda est\u00e1 un poco indeciso en lo que quiere darle a pap\u00e1, <\/span><a href=\"https:\/\/casadecampoliving.com\/fathers-day-gift-guide\/\"><span style=\"font-weight: 400;\">lea nuestra incre\u00edble gu\u00eda de regalos que publicamos la semana pasada<\/span><\/a><span style=\"font-weight: 400;\">, pero si usted es m\u00e1s del tipo de familia que prefiere salir a compartir con pap\u00e1, \u00a1tenemos la opci\u00f3n perfecta para usted! Chinois realizar\u00e1 un concierto bailable para celebrar el D\u00eda del Padre con buena m\u00fasica el viernes 29, llamado <\/span><i><span style=\"font-weight: 400;\">Son de Padres.<\/span><\/i><\/p>\n\n\n\n<!--more-->\n\n\n\n<p><span style=\"font-weight: 400;\">Son es un estilo de m\u00fasica y danza que se origin\u00f3 en Cuba y gan\u00f3 popularidad en todo el mundo durante la d\u00e9cada de 1930. Son combina la estructura y sentimiento de la m\u00fasica espa\u00f1ola con rasgos y percusi\u00f3n afrocubana. Son sigue siendo muy popular y hay varios grupos que contin\u00faan tocando este tipo de m\u00fasica. <\/span><i><span style=\"font-weight: 400;\">Los Soneros de Haina <\/span><\/i><span style=\"font-weight: 400;\">es el grupo que se presentar\u00e1 en Chinois el D\u00eda del Padre y son uno de los grupos soneros m\u00e1s prestigioso del pa\u00eds. Con una gran calidad musical y un amplio repertorio, \u00a1pondr\u00e1n a todos los asistentes a bailar a ritmo de sus suaves melod\u00edas suaves!<\/span><\/p>\n\n\n<div class=\"wp-block-image\">\n<figure class=\"aligncenter is-resized\"><img loading=\"lazy\" decoding=\"async\" src=\"https:\/\/i0.wp.com\/casadecampoliving.com\/wp-content\/uploads\/2022\/10\/Porkbelly-Chinois.jpg?resize=1000%2C600&amp;ssl=1\" alt=\"Porkbelly Chinois\" class=\"wp-image-120598\" height=\"600\" width=\"1000\"\/><\/figure>\n<\/div>\n\n\n<p><\/p>\n\n\n\n<p><span style=\"font-weight: 400;\">Esta noche tambi\u00e9n trae consigo un men\u00fa especial preparado por Chinois, incluyendo rollos primavera, wonton, chicharr\u00f3n chinois, fushao (paella china) y m\u00e1s. Por tan s\u00f3lo RD$1000 + impuestos puede disfrutar de una entrada, plato principal y postre. Adem\u00e1s, tienen una incre\u00edble oferta; la botella de Briego Vendimia y Cava Torre Oria por tan solo RD $ 730 + impuestos; \u00a1por no mencionar, que tan pronto como entre le dar\u00e1n la bienvenida con un trago cortes\u00eda de la casa patrocinado por Brugal!<\/span><\/p>\n\n\n\n<p><span style=\"font-weight: 400;\">\u00a1Llame ahora para reservar ya que el cupo es limitado y no se pierda este evento con motivo al Dia del Padre y la oportunidad de pasar una velada agradable con pap\u00e1!!<\/span><\/p>\n\n\n<div class=\"wp-block-image\">\n<figure class=\"aligncenter is-resized\"><img loading=\"lazy\" decoding=\"async\" src=\"https:\/\/i0.wp.com\/casadecampoliving.com\/wp-content\/uploads\/2022\/10\/son-de-padres-copy-3-1024x755-2.jpg?resize=620%2C457&amp;ssl=1\" alt=\"son de padres copy 3\" class=\"wp-image-120592\" height=\"457\" width=\"620\"\/><\/figure>\n<\/div>\n\n\n<p><span style=\"font-weight: 400;\"><\/span><\/p>\n\n\n\n<p><b>Son de Padres en Chinois<\/b><\/p>\n\n\n\n<p><b>Cu\u00e1ndo: <\/b><span style=\"font-weight: 400;\">Viernes 29 de julio, 8pm<\/span><\/p>\n\n\n\n<p><b>Qu\u00e9:<\/b><span style=\"font-weight: 400;\"> Concierto bailable de Son con trago de bienvenida, men\u00fa especial por tan solo $1,000 + impuestos, adem\u00e1s la botella de Briego Vendimia y Cava Torre Oria por RD$730 + impuestos! <\/span><\/p>\n\n\n\n<p><b><i>\u00a1Vea a continuaci\u00f3n los n\u00fameros para hacer su reservaci\u00f3n! \u00a1Los cupos son limitados!<\/i><\/b><\/p>\n\n\n\n<blockquote><h3>RESTAURANTE CHINOIS<\/h3><figure><img decoding=\"async\" loading=\"lazy\" class=\"size-full wp-image-117871 alignright\" src=\"https:\/\/i0.wp.com\/casadecampoliving.com\/wp-content\/uploads\/2022\/10\/Chinois-logo-sq.jpg?resize=200%2C200&amp;ssl=1\" alt=\"Chinois logo sq\" width=\"200\" height=\"200\"><\/figure><p><b><b><\/b><\/b><b>D\u00f3nde:<\/b><span style=\"font-weight: 400;\"> Calle Duarte, Restauraci\u00f3n Street Corner, La Romana<\/span><\/p><p><b>Horario:<\/b><span style=\"font-weight: 400;\"> 12pm \u2013 11pm (open for lunch and dinner)<\/span><\/p><p><b>Tel:<\/b><span style=\"font-weight: 400;\"> (809) 550-5977 , (809) 307-2729<\/span><\/p><p><b><b>Email:<\/b> <a href=\"mailto:restaurantechinois@hotmail.com\"><span style=\"font-weight: 400;\">restaurantechinois@hotmail.com<\/span><\/a><span style=\"font-weight: 400;\">, <\/span><a href=\"mailto:bellorica@hotmail.com\"><span style=\"font-weight: 400;\">bellorica@hotmail.com<\/span><\/a><br>\n<\/b><\/p><p><strong>Instagram:&nbsp;<\/strong><a href=\"https:\/\/www.instagram.com\/chinoisrd\/\" target=\"_blank\" rel=\"noopener\">https:\/\/www.instagram.com\/chinoisrd\/<\/a><\/p><\/blockquote>\n\n\n\n<blockquote><p><a href=\"https:\/\/casadecampoliving.com\/es\/chinois-excelente-comida-asiatica-la-romana\/\"><strong>Chinois, \u00a1excelente comida asi\u00e1tica en la Romana!<\/strong><\/a><\/p><figure><img decoding=\"async\" loading=\"lazy\" data-amp-lightbox=\"true\" lightbox=\"true\" class=\"aligncenter size-full wp-image-117377\" src=\"https:\/\/i0.wp.com\/casadecampoliving.com\/wp-content\/uploads\/2022\/10\/Chinois03-2.jpg?resize=640%2C510&amp;ssl=1\" alt=\"Chinois\" width=\"640\" height=\"510\"><\/figure><p><br>\nFui a cenar con un grupo de amigos incluyendo dos adolescentes. Fue f\u00e1cil encontrar Chinois y tiene un ambiente muy aut\u00e9ntico, incorpora preciosos y vibrantes tonos de rojo y oro. Nos lo pasamos de maravilla. El lugar cuenta con una amplia terraza y comedor con aire acondicionado. El men\u00fa tiene una amplia selecci\u00f3n de platos chinos cl\u00e1sicos que incluyen aperitivos, sopas y ensaladas; \u00a1adem\u00e1s de una secci\u00f3n de sushi! <a href=\"https:\/\/casadecampoliving.com\/es\/chinois-excelente-comida-asiatica-la-romana\/\">Continue leyendo aqu\u00ed.&nbsp;<\/a><\/p><\/blockquote>\n\n\n\n<blockquote><p><a href=\"https:\/\/casadecampoliving.com\/es\/dia-del-padre-guia-regalos\/\"><strong>Le tenemos la mejor gu\u00eda para el regalo del Dia del Padre: \u00a1Ordene en l\u00ednea y que TPACK se lo traiga!<\/strong><\/a><\/p><figure><img decoding=\"async\" loading=\"lazy\" class=\"aligncenter size-large wp-image-120461\" src=\"https:\/\/i0.wp.com\/casadecampoliving.com\/wp-content\/uploads\/2022\/10\/TPackSuperPapaV4-1024x791-2.jpg?resize=620%2C479&amp;ssl=1\" alt=\"TPackSuperPapaV4\" width=\"620\" height=\"479\"><\/figure><p><a href=\"https:\/\/casadecampoliving.com\/es\/dia-del-padre-guia-regalos\/\"><br>\nLe animamos a sorprender a su pap\u00e1, esposo, hermano o amigo con un impresionante regalo este a\u00f1o y mostrarle lo mucho que significa para usted en este d\u00eda especial. Para la ocasi\u00f3n, nos hemos asociado con nuestros amigos de TPack, nuestro courier favorito, y con los precios m\u00e1s asequible en La Romana y Santo Domingo para lograr el \u00a1REGALO PERFECTO DEL D\u00cdA DEl PADRE! <\/a><a href=\"https:\/\/casadecampoliving.com\/es\/dia-del-padre-guia-regalos\/\">Continue Leyendo aqu\u00ed.<\/a><\/p><\/blockquote>\n","protected":false},"excerpt":{"rendered":"<p>Como la mayor\u00eda de ya sabe, el D\u00eda del Padre Dominicano es el 31 de julio y si usted todav\u00eda est\u00e1 un poco indeciso en lo que quiere darle a pap\u00e1, lea nuestra incre\u00edble gu\u00eda de regalos que publicamos la semana pasada, pero si usted es m\u00e1s del tipo de familia que prefiere salir a [&hellip;]<\/p>\n","protected":false},"author":36682,"featured_media":282107,"comment_status":"closed","ping_status":"closed","sticky":false,"template":"","format":"standard","meta":{"newspack_ads_suppress_ads":false,"newspack_popups_has_disabled_popups":false,"newspack_sponsor_sponsorship_scope":"","newspack_sponsor_native_byline_display":"inherit","newspack_sponsor_native_category_display":"inherit","newspack_sponsor_underwriter_style":"inherit","newspack_sponsor_underwriter_placement":"inherit","_newspack_byline_active":false,"_newspack_byline":"","newspack_hide_updated_date":false,"newspack_show_updated_date":false,"newspack_content_restriction_is_exempt":false,"newspack_featured_image_position":"","newspack_post_subtitle":"","newspack_article_summary_title":"Overview:","newspack_article_summary":"","_jetpack_memberships_contains_paid_content":false,"footnotes":"","jetpack_publicize_message":"","jetpack_publicize_feature_enabled":true,"jetpack_social_post_already_shared":false,"jetpack_social_options":{"image_generator_settings":{"template":"highway","default_image_id":0,"font":"","enabled":false},"version":2},"_wpas_customize_per_network":false},"categories":[26823,14629,2518,2522,2507,2506,14627,2521],"tags":[2916,12022,2731,3635,5687,18836,2963,7165,18929,18630,18930,18932,14542],"newspack_spnsrs_tax":[],"class_list":["post-350188","post","type-post","status-publish","format-standard","has-post-thumbnail","hentry","category-arte-y-cultura","category-comidas-bebidas","category-conciertos-es","category-eventos-es","category-la-romana-es","category-mas-alla-de-casa-es","category-proximamente","category-republica-dominicana-2","tag-baile","tag-bebidas","tag-cena","tag-chinois-es","tag-comida","tag-concert-es-2","tag-concierto","tag-dia-del-padre","tag-dining-es","tag-fathers-day-es","tag-food-es","tag-la-romana-es-4","tag-la-romana-es","entry"],"yoast_head":"<!-- This site is optimized with the Yoast SEO plugin v27.5 - https:\/\/yoast.com\/product\/yoast-seo-wordpress\/ -->\n<title>\u00a1Este a\u00f1o celebramos el D\u00eda del Padre con Son de Padres en uno de nuestros restaurantes favoritos, Chinois! | Casa de Campo Living<\/title>\n<meta name=\"description\" content=\"Como la mayor\u00eda de ya sabe, el D\u00eda del Padre Dominicano es el 31 de julio y si usted todav\u00eda est\u00e1 un poco indeciso en lo que quiere darle a pap\u00e1, lea\" \/>\n<meta name=\"robots\" content=\"index, follow, max-snippet:-1, max-image-preview:large, max-video-preview:-1\" \/>\n<link rel=\"canonical\" href=\"https:\/\/casadecampoliving.com\/es\/dia-del-padre-son-de-padres-chinois\/\" \/>\n<meta property=\"og:locale\" content=\"es_ES\" \/>\n<meta property=\"og:type\" content=\"article\" \/>\n<meta property=\"og:title\" content=\"\u00a1Este a\u00f1o celebramos el D\u00eda del Padre con Son de Padres en uno de nuestros restaurantes favoritos, Chinois! | Casa de Campo Living\" \/>\n<meta property=\"og:description\" content=\"Como la mayor\u00eda de ya sabe, el D\u00eda del Padre Dominicano es el 31 de julio y si usted todav\u00eda est\u00e1 un poco indeciso en lo que quiere darle a pap\u00e1, lea\" \/>\n<meta property=\"og:url\" content=\"https:\/\/casadecampoliving.com\/es\/dia-del-padre-son-de-padres-chinois\/\" \/>\n<meta property=\"og:site_name\" content=\"Casa de Campo Living\" \/>\n<meta property=\"article:publisher\" content=\"https:\/\/www.facebook.com\/casadecampoliving\" \/>\n<meta property=\"article:published_time\" content=\"2016-07-15T04:00:00+00:00\" \/>\n<meta property=\"article:modified_time\" content=\"2022-10-21T23:01:48+00:00\" \/>\n<meta property=\"og:image\" content=\"https:\/\/i0.wp.com\/casadecampoliving.com\/wp-content\/uploads\/2022\/10\/Featured-Image-Son-de-Padres-at-Chinois.jpg?fit=1000%2C600&ssl=1\" \/>\n\t<meta property=\"og:image:width\" content=\"1000\" \/>\n\t<meta property=\"og:image:height\" content=\"600\" \/>\n\t<meta property=\"og:image:type\" content=\"image\/jpeg\" \/>\n<meta name=\"author\" content=\"Marlenys Guzm\u00e1n Casta\u00f1os\" \/>\n<meta name=\"twitter:card\" content=\"summary_large_image\" \/>\n<meta name=\"twitter:creator\" content=\"@cdcliving\" \/>\n<meta name=\"twitter:site\" content=\"@cdcliving\" \/>\n<meta name=\"twitter:label1\" content=\"Escrito por\" \/>\n\t<meta name=\"twitter:data1\" content=\"Marlenys Guzm\u00e1n Casta\u00f1os\" \/>\n\t<meta name=\"twitter:label2\" content=\"Tiempo de lectura\" \/>\n\t<meta name=\"twitter:data2\" content=\"3 minutos\" \/>\n<script type=\"application\/ld+json\" class=\"yoast-schema-graph\">{\"@context\":\"https:\\\/\\\/schema.org\",\"@graph\":[{\"@type\":\"Article\",\"@id\":\"https:\\\/\\\/casadecampoliving.com\\\/es\\\/dia-del-padre-son-de-padres-chinois\\\/#article\",\"isPartOf\":{\"@id\":\"https:\\\/\\\/casadecampoliving.com\\\/es\\\/dia-del-padre-son-de-padres-chinois\\\/\"},\"author\":{\"name\":\"Marlenys Guzm\u00e1n Casta\u00f1os\",\"@id\":\"https:\\\/\\\/casadecampoliving.com\\\/es\\\/#\\\/schema\\\/person\\\/b6606bd87f9cec8f5903e2141cafda24\"},\"headline\":\"\u00a1Este a\u00f1o celebramos el D\u00eda del Padre con Son de Padres en uno de nuestros restaurantes favoritos, Chinois!\",\"datePublished\":\"2016-07-15T04:00:00+00:00\",\"dateModified\":\"2022-10-21T23:01:48+00:00\",\"mainEntityOfPage\":{\"@id\":\"https:\\\/\\\/casadecampoliving.com\\\/es\\\/dia-del-padre-son-de-padres-chinois\\\/\"},\"wordCount\":621,\"publisher\":{\"@id\":\"https:\\\/\\\/casadecampoliving.com\\\/es\\\/#organization\"},\"image\":{\"@id\":\"https:\\\/\\\/casadecampoliving.com\\\/es\\\/dia-del-padre-son-de-padres-chinois\\\/#primaryimage\"},\"thumbnailUrl\":\"https:\\\/\\\/i0.wp.com\\\/casadecampoliving.com\\\/wp-content\\\/uploads\\\/2022\\\/10\\\/Featured-Image-Son-de-Padres-at-Chinois.jpg?fit=1000%2C600&ssl=1\",\"keywords\":[\"baile\",\"Bebidas\",\"cena\",\"chinois @es\",\"comida\",\"concert\",\"concierto\",\"Dia del Padre\",\"Dining\",\"father&#8217;s day\",\"food\",\"La Romana\",\"La Romana @es\"],\"articleSection\":[\"Arte y cultura\",\"Comidas &amp; Bebidas\",\"Conciertos\",\"Eventos\",\"La Romana @es\",\"M\u00e1s all\u00e1 de Casa\",\"Proximamente\",\"Rep\u00fablica Dominicana @es\"],\"inLanguage\":\"es\"},{\"@type\":\"WebPage\",\"@id\":\"https:\\\/\\\/casadecampoliving.com\\\/es\\\/dia-del-padre-son-de-padres-chinois\\\/\",\"url\":\"https:\\\/\\\/casadecampoliving.com\\\/es\\\/dia-del-padre-son-de-padres-chinois\\\/\",\"name\":\"\u00a1Este a\u00f1o celebramos el D\u00eda del Padre con Son de Padres en uno de nuestros restaurantes favoritos, Chinois! | Casa de Campo Living\",\"isPartOf\":{\"@id\":\"https:\\\/\\\/casadecampoliving.com\\\/es\\\/#website\"},\"primaryImageOfPage\":{\"@id\":\"https:\\\/\\\/casadecampoliving.com\\\/es\\\/dia-del-padre-son-de-padres-chinois\\\/#primaryimage\"},\"image\":{\"@id\":\"https:\\\/\\\/casadecampoliving.com\\\/es\\\/dia-del-padre-son-de-padres-chinois\\\/#primaryimage\"},\"thumbnailUrl\":\"https:\\\/\\\/i0.wp.com\\\/casadecampoliving.com\\\/wp-content\\\/uploads\\\/2022\\\/10\\\/Featured-Image-Son-de-Padres-at-Chinois.jpg?fit=1000%2C600&ssl=1\",\"datePublished\":\"2016-07-15T04:00:00+00:00\",\"dateModified\":\"2022-10-21T23:01:48+00:00\",\"description\":\"Como la mayor\u00eda de ya sabe, el D\u00eda del Padre Dominicano es el 31 de julio y si usted todav\u00eda est\u00e1 un poco indeciso en lo que quiere darle a pap\u00e1, lea\",\"breadcrumb\":{\"@id\":\"https:\\\/\\\/casadecampoliving.com\\\/es\\\/dia-del-padre-son-de-padres-chinois\\\/#breadcrumb\"},\"inLanguage\":\"es\",\"potentialAction\":[{\"@type\":\"ReadAction\",\"target\":[\"https:\\\/\\\/casadecampoliving.com\\\/es\\\/dia-del-padre-son-de-padres-chinois\\\/\"]}]},{\"@type\":\"ImageObject\",\"inLanguage\":\"es\",\"@id\":\"https:\\\/\\\/casadecampoliving.com\\\/es\\\/dia-del-padre-son-de-padres-chinois\\\/#primaryimage\",\"url\":\"https:\\\/\\\/i0.wp.com\\\/casadecampoliving.com\\\/wp-content\\\/uploads\\\/2022\\\/10\\\/Featured-Image-Son-de-Padres-at-Chinois.jpg?fit=1000%2C600&ssl=1\",\"contentUrl\":\"https:\\\/\\\/i0.wp.com\\\/casadecampoliving.com\\\/wp-content\\\/uploads\\\/2022\\\/10\\\/Featured-Image-Son-de-Padres-at-Chinois.jpg?fit=1000%2C600&ssl=1\",\"width\":1000,\"height\":600,\"caption\":\"Featured Image Son de Padres at Chinois\"},{\"@type\":\"BreadcrumbList\",\"@id\":\"https:\\\/\\\/casadecampoliving.com\\\/es\\\/dia-del-padre-son-de-padres-chinois\\\/#breadcrumb\",\"itemListElement\":[{\"@type\":\"ListItem\",\"position\":1,\"name\":\"Home\",\"item\":\"https:\\\/\\\/casadecampoliving.com\\\/es\\\/\"},{\"@type\":\"ListItem\",\"position\":2,\"name\":\"\u00a1Este a\u00f1o celebramos el D\u00eda del Padre con Son de Padres en uno de nuestros restaurantes favoritos, Chinois!\"}]},{\"@type\":\"WebSite\",\"@id\":\"https:\\\/\\\/casadecampoliving.com\\\/es\\\/#website\",\"url\":\"https:\\\/\\\/casadecampoliving.com\\\/es\\\/\",\"name\":\"Casa de Campo Living\",\"description\":\"Resort community news and resources.\",\"publisher\":{\"@id\":\"https:\\\/\\\/casadecampoliving.com\\\/es\\\/#organization\"},\"potentialAction\":[{\"@type\":\"SearchAction\",\"target\":{\"@type\":\"EntryPoint\",\"urlTemplate\":\"https:\\\/\\\/casadecampoliving.com\\\/es\\\/?s={search_term_string}\"},\"query-input\":{\"@type\":\"PropertyValueSpecification\",\"valueRequired\":true,\"valueName\":\"search_term_string\"}}],\"inLanguage\":\"es\"},{\"@type\":\"Organization\",\"@id\":\"https:\\\/\\\/casadecampoliving.com\\\/es\\\/#organization\",\"name\":\"Casa de Campo Living\",\"url\":\"https:\\\/\\\/casadecampoliving.com\\\/es\\\/\",\"logo\":{\"@type\":\"ImageObject\",\"inLanguage\":\"es\",\"@id\":\"https:\\\/\\\/casadecampoliving.com\\\/es\\\/#\\\/schema\\\/logo\\\/image\\\/\",\"url\":\"https:\\\/\\\/i0.wp.com\\\/casadecampoliving.com\\\/wp-content\\\/uploads\\\/2022\\\/07\\\/CDCLivingLogo_V1-white-sized.png?fit=800%2C214&ssl=1\",\"contentUrl\":\"https:\\\/\\\/i0.wp.com\\\/casadecampoliving.com\\\/wp-content\\\/uploads\\\/2022\\\/07\\\/CDCLivingLogo_V1-white-sized.png?fit=800%2C214&ssl=1\",\"width\":800,\"height\":214,\"caption\":\"Casa de Campo Living\"},\"image\":{\"@id\":\"https:\\\/\\\/casadecampoliving.com\\\/es\\\/#\\\/schema\\\/logo\\\/image\\\/\"},\"sameAs\":[\"https:\\\/\\\/www.facebook.com\\\/casadecampoliving\",\"https:\\\/\\\/x.com\\\/cdcliving\"]},{\"@type\":\"Person\",\"@id\":\"https:\\\/\\\/casadecampoliving.com\\\/es\\\/#\\\/schema\\\/person\\\/b6606bd87f9cec8f5903e2141cafda24\",\"name\":\"Marlenys Guzm\u00e1n Casta\u00f1os\",\"image\":{\"@type\":\"ImageObject\",\"inLanguage\":\"es\",\"@id\":\"https:\\\/\\\/secure.gravatar.com\\\/avatar\\\/72f3f86b8e6b3ec744201aeadf11d4a6055e8af194aecd9ad30ffff4437878ee?s=96&d=mm&r=g\",\"url\":\"https:\\\/\\\/secure.gravatar.com\\\/avatar\\\/72f3f86b8e6b3ec744201aeadf11d4a6055e8af194aecd9ad30ffff4437878ee?s=96&d=mm&r=g\",\"contentUrl\":\"https:\\\/\\\/secure.gravatar.com\\\/avatar\\\/72f3f86b8e6b3ec744201aeadf11d4a6055e8af194aecd9ad30ffff4437878ee?s=96&d=mm&r=g\",\"caption\":\"Marlenys Guzm\u00e1n Casta\u00f1os\"},\"url\":\"https:\\\/\\\/casadecampoliving.com\\\/es\\\/author\\\/mguzman\\\/\"}]}<\/script>\n<!-- \/ Yoast SEO plugin. -->","yoast_head_json":{"title":"\u00a1Este a\u00f1o celebramos el D\u00eda del Padre con Son de Padres en uno de nuestros restaurantes favoritos, Chinois! | Casa de Campo Living","description":"Como la mayor\u00eda de ya sabe, el D\u00eda del Padre Dominicano es el 31 de julio y si usted todav\u00eda est\u00e1 un poco indeciso en lo que quiere darle a pap\u00e1, lea","robots":{"index":"index","follow":"follow","max-snippet":"max-snippet:-1","max-image-preview":"max-image-preview:large","max-video-preview":"max-video-preview:-1"},"canonical":"https:\/\/casadecampoliving.com\/es\/dia-del-padre-son-de-padres-chinois\/","og_locale":"es_ES","og_type":"article","og_title":"\u00a1Este a\u00f1o celebramos el D\u00eda del Padre con Son de Padres en uno de nuestros restaurantes favoritos, Chinois! | Casa de Campo Living","og_description":"Como la mayor\u00eda de ya sabe, el D\u00eda del Padre Dominicano es el 31 de julio y si usted todav\u00eda est\u00e1 un poco indeciso en lo que quiere darle a pap\u00e1, lea","og_url":"https:\/\/casadecampoliving.com\/es\/dia-del-padre-son-de-padres-chinois\/","og_site_name":"Casa de Campo Living","article_publisher":"https:\/\/www.facebook.com\/casadecampoliving","article_published_time":"2016-07-15T04:00:00+00:00","article_modified_time":"2022-10-21T23:01:48+00:00","og_image":[{"width":1000,"height":600,"url":"https:\/\/i0.wp.com\/casadecampoliving.com\/wp-content\/uploads\/2022\/10\/Featured-Image-Son-de-Padres-at-Chinois.jpg?fit=1000%2C600&ssl=1","type":"image\/jpeg"}],"author":"Marlenys Guzm\u00e1n Casta\u00f1os","twitter_card":"summary_large_image","twitter_creator":"@cdcliving","twitter_site":"@cdcliving","twitter_misc":{"Escrito por":"Marlenys Guzm\u00e1n Casta\u00f1os","Tiempo de lectura":"3 minutos"},"schema":{"@context":"https:\/\/schema.org","@graph":[{"@type":"Article","@id":"https:\/\/casadecampoliving.com\/es\/dia-del-padre-son-de-padres-chinois\/#article","isPartOf":{"@id":"https:\/\/casadecampoliving.com\/es\/dia-del-padre-son-de-padres-chinois\/"},"author":{"name":"Marlenys Guzm\u00e1n Casta\u00f1os","@id":"https:\/\/casadecampoliving.com\/es\/#\/schema\/person\/b6606bd87f9cec8f5903e2141cafda24"},"headline":"\u00a1Este a\u00f1o celebramos el D\u00eda del Padre con Son de Padres en uno de nuestros restaurantes favoritos, Chinois!","datePublished":"2016-07-15T04:00:00+00:00","dateModified":"2022-10-21T23:01:48+00:00","mainEntityOfPage":{"@id":"https:\/\/casadecampoliving.com\/es\/dia-del-padre-son-de-padres-chinois\/"},"wordCount":621,"publisher":{"@id":"https:\/\/casadecampoliving.com\/es\/#organization"},"image":{"@id":"https:\/\/casadecampoliving.com\/es\/dia-del-padre-son-de-padres-chinois\/#primaryimage"},"thumbnailUrl":"https:\/\/i0.wp.com\/casadecampoliving.com\/wp-content\/uploads\/2022\/10\/Featured-Image-Son-de-Padres-at-Chinois.jpg?fit=1000%2C600&ssl=1","keywords":["baile","Bebidas","cena","chinois @es","comida","concert","concierto","Dia del Padre","Dining","father&#8217;s day","food","La Romana","La Romana @es"],"articleSection":["Arte y cultura","Comidas &amp; Bebidas","Conciertos","Eventos","La Romana @es","M\u00e1s all\u00e1 de Casa","Proximamente","Rep\u00fablica Dominicana @es"],"inLanguage":"es"},{"@type":"WebPage","@id":"https:\/\/casadecampoliving.com\/es\/dia-del-padre-son-de-padres-chinois\/","url":"https:\/\/casadecampoliving.com\/es\/dia-del-padre-son-de-padres-chinois\/","name":"\u00a1Este a\u00f1o celebramos el D\u00eda del Padre con Son de Padres en uno de nuestros restaurantes favoritos, Chinois! | Casa de Campo Living","isPartOf":{"@id":"https:\/\/casadecampoliving.com\/es\/#website"},"primaryImageOfPage":{"@id":"https:\/\/casadecampoliving.com\/es\/dia-del-padre-son-de-padres-chinois\/#primaryimage"},"image":{"@id":"https:\/\/casadecampoliving.com\/es\/dia-del-padre-son-de-padres-chinois\/#primaryimage"},"thumbnailUrl":"https:\/\/i0.wp.com\/casadecampoliving.com\/wp-content\/uploads\/2022\/10\/Featured-Image-Son-de-Padres-at-Chinois.jpg?fit=1000%2C600&ssl=1","datePublished":"2016-07-15T04:00:00+00:00","dateModified":"2022-10-21T23:01:48+00:00","description":"Como la mayor\u00eda de ya sabe, el D\u00eda del Padre Dominicano es el 31 de julio y si usted todav\u00eda est\u00e1 un poco indeciso en lo que quiere darle a pap\u00e1, lea","breadcrumb":{"@id":"https:\/\/casadecampoliving.com\/es\/dia-del-padre-son-de-padres-chinois\/#breadcrumb"},"inLanguage":"es","potentialAction":[{"@type":"ReadAction","target":["https:\/\/casadecampoliving.com\/es\/dia-del-padre-son-de-padres-chinois\/"]}]},{"@type":"ImageObject","inLanguage":"es","@id":"https:\/\/casadecampoliving.com\/es\/dia-del-padre-son-de-padres-chinois\/#primaryimage","url":"https:\/\/i0.wp.com\/casadecampoliving.com\/wp-content\/uploads\/2022\/10\/Featured-Image-Son-de-Padres-at-Chinois.jpg?fit=1000%2C600&ssl=1","contentUrl":"https:\/\/i0.wp.com\/casadecampoliving.com\/wp-content\/uploads\/2022\/10\/Featured-Image-Son-de-Padres-at-Chinois.jpg?fit=1000%2C600&ssl=1","width":1000,"height":600,"caption":"Featured Image Son de Padres at Chinois"},{"@type":"BreadcrumbList","@id":"https:\/\/casadecampoliving.com\/es\/dia-del-padre-son-de-padres-chinois\/#breadcrumb","itemListElement":[{"@type":"ListItem","position":1,"name":"Home","item":"https:\/\/casadecampoliving.com\/es\/"},{"@type":"ListItem","position":2,"name":"\u00a1Este a\u00f1o celebramos el D\u00eda del Padre con Son de Padres en uno de nuestros restaurantes favoritos, Chinois!"}]},{"@type":"WebSite","@id":"https:\/\/casadecampoliving.com\/es\/#website","url":"https:\/\/casadecampoliving.com\/es\/","name":"Casa de Campo Living","description":"Resort community news and resources.","publisher":{"@id":"https:\/\/casadecampoliving.com\/es\/#organization"},"potentialAction":[{"@type":"SearchAction","target":{"@type":"EntryPoint","urlTemplate":"https:\/\/casadecampoliving.com\/es\/?s={search_term_string}"},"query-input":{"@type":"PropertyValueSpecification","valueRequired":true,"valueName":"search_term_string"}}],"inLanguage":"es"},{"@type":"Organization","@id":"https:\/\/casadecampoliving.com\/es\/#organization","name":"Casa de Campo Living","url":"https:\/\/casadecampoliving.com\/es\/","logo":{"@type":"ImageObject","inLanguage":"es","@id":"https:\/\/casadecampoliving.com\/es\/#\/schema\/logo\/image\/","url":"https:\/\/i0.wp.com\/casadecampoliving.com\/wp-content\/uploads\/2022\/07\/CDCLivingLogo_V1-white-sized.png?fit=800%2C214&ssl=1","contentUrl":"https:\/\/i0.wp.com\/casadecampoliving.com\/wp-content\/uploads\/2022\/07\/CDCLivingLogo_V1-white-sized.png?fit=800%2C214&ssl=1","width":800,"height":214,"caption":"Casa de Campo Living"},"image":{"@id":"https:\/\/casadecampoliving.com\/es\/#\/schema\/logo\/image\/"},"sameAs":["https:\/\/www.facebook.com\/casadecampoliving","https:\/\/x.com\/cdcliving"]},{"@type":"Person","@id":"https:\/\/casadecampoliving.com\/es\/#\/schema\/person\/b6606bd87f9cec8f5903e2141cafda24","name":"Marlenys Guzm\u00e1n Casta\u00f1os","image":{"@type":"ImageObject","inLanguage":"es","@id":"https:\/\/secure.gravatar.com\/avatar\/72f3f86b8e6b3ec744201aeadf11d4a6055e8af194aecd9ad30ffff4437878ee?s=96&d=mm&r=g","url":"https:\/\/secure.gravatar.com\/avatar\/72f3f86b8e6b3ec744201aeadf11d4a6055e8af194aecd9ad30ffff4437878ee?s=96&d=mm&r=g","contentUrl":"https:\/\/secure.gravatar.com\/avatar\/72f3f86b8e6b3ec744201aeadf11d4a6055e8af194aecd9ad30ffff4437878ee?s=96&d=mm&r=g","caption":"Marlenys Guzm\u00e1n Casta\u00f1os"},"url":"https:\/\/casadecampoliving.com\/es\/author\/mguzman\/"}]}},"parsely":{"version":"1.1.0","canonical_url":"https:\/\/casadecampoliving.com\/es\/dia-del-padre-son-de-padres-chinois\/","smart_links":{"inbound":0,"outbound":0},"traffic_boost_suggestions_count":0,"meta":{"@context":"https:\/\/schema.org","@type":"NewsArticle","headline":"\u00a1Este a\u00f1o celebramos el D\u00eda del Padre con Son de Padres en uno de nuestros restaurantes favoritos, Chinois!","url":"http:\/\/casadecampoliving.com\/es\/dia-del-padre-son-de-padres-chinois\/","mainEntityOfPage":{"@type":"WebPage","@id":"http:\/\/casadecampoliving.com\/es\/dia-del-padre-son-de-padres-chinois\/"},"thumbnailUrl":"https:\/\/i0.wp.com\/casadecampoliving.com\/wp-content\/uploads\/2022\/10\/Featured-Image-Son-de-Padres-at-Chinois.jpg?resize=150%2C150&ssl=1","image":{"@type":"ImageObject","url":"https:\/\/i0.wp.com\/casadecampoliving.com\/wp-content\/uploads\/2022\/10\/Featured-Image-Son-de-Padres-at-Chinois.jpg?fit=1000%2C600&ssl=1"},"articleSection":"Arte y cultura","author":[{"@type":"Person","name":"Marlenys Guzm\u00e1n Casta\u00f1os"}],"creator":["Marlenys Guzm\u00e1n Casta\u00f1os"],"publisher":{"@type":"Organization","name":"Casa de Campo Living","logo":"https:\/\/casadecampoliving.com\/wp-content\/uploads\/2022\/07\/CDCLivingLogo_V1-white-sized.png"},"keywords":["baile","bebidas","cena","chinois @es","comida","concert","concierto","dia del padre","dining","father&#8217;s day","food","la romana","la romana @es"],"dateCreated":"2016-07-15T04:00:00Z","datePublished":"2016-07-15T04:00:00Z","dateModified":"2022-10-21T23:01:48Z"},"rendered":"<script type=\"application\/ld+json\" class=\"wp-parsely-metadata\">{\"@context\":\"https:\\\/\\\/schema.org\",\"@type\":\"NewsArticle\",\"headline\":\"\\u00a1Este a\\u00f1o celebramos el D\\u00eda del Padre con Son de Padres en uno de nuestros restaurantes favoritos, Chinois!\",\"url\":\"http:\\\/\\\/casadecampoliving.com\\\/es\\\/dia-del-padre-son-de-padres-chinois\\\/\",\"mainEntityOfPage\":{\"@type\":\"WebPage\",\"@id\":\"http:\\\/\\\/casadecampoliving.com\\\/es\\\/dia-del-padre-son-de-padres-chinois\\\/\"},\"thumbnailUrl\":\"https:\\\/\\\/i0.wp.com\\\/casadecampoliving.com\\\/wp-content\\\/uploads\\\/2022\\\/10\\\/Featured-Image-Son-de-Padres-at-Chinois.jpg?resize=150%2C150&ssl=1\",\"image\":{\"@type\":\"ImageObject\",\"url\":\"https:\\\/\\\/i0.wp.com\\\/casadecampoliving.com\\\/wp-content\\\/uploads\\\/2022\\\/10\\\/Featured-Image-Son-de-Padres-at-Chinois.jpg?fit=1000%2C600&ssl=1\"},\"articleSection\":\"Arte y cultura\",\"author\":[{\"@type\":\"Person\",\"name\":\"Marlenys Guzm\\u00e1n Casta\\u00f1os\"}],\"creator\":[\"Marlenys Guzm\\u00e1n Casta\\u00f1os\"],\"publisher\":{\"@type\":\"Organization\",\"name\":\"Casa de Campo Living\",\"logo\":\"https:\\\/\\\/casadecampoliving.com\\\/wp-content\\\/uploads\\\/2022\\\/07\\\/CDCLivingLogo_V1-white-sized.png\"},\"keywords\":[\"baile\",\"bebidas\",\"cena\",\"chinois @es\",\"comida\",\"concert\",\"concierto\",\"dia del padre\",\"dining\",\"father&#8217;s day\",\"food\",\"la romana\",\"la romana @es\"],\"dateCreated\":\"2016-07-15T04:00:00Z\",\"datePublished\":\"2016-07-15T04:00:00Z\",\"dateModified\":\"2022-10-21T23:01:48Z\"}<\/script>","tracker_url":"https:\/\/cdn.parsely.com\/keys\/casadecampoliving.com\/p.js"},"jetpack_publicize_connections":[],"jetpack_featured_media_url":"https:\/\/i0.wp.com\/casadecampoliving.com\/wp-content\/uploads\/2022\/10\/Featured-Image-Son-de-Padres-at-Chinois.jpg?fit=1000%2C600&ssl=1","jetpack-related-posts":[{"id":350323,"url":"https:\/\/casadecampoliving.com\/es\/son-de-padres-en-chinois-por-el-dia-del-padre\/","url_meta":{"origin":350188,"position":0},"title":"\u00abSon de Padres\u00bb hace sentir el esp\u00edritu de Cuba en Chinois por el D\u00eda del Padre","author":"Marlenys Guzm\u00e1n Casta\u00f1os","date":"5 Ago, 2016","format":false,"excerpt":"El pasado viernes 29 de julio uno de nuestros restaurantes favoritos en La Romana, Chinois celebr\u00f3 el D\u00eda del Padre con un excelente concierto bailable, \u201cSon de los Padres \u201c, con Los Soneros de Haina. Fue una de las mejores maneras de celebrar a los padres, abuelos, t\u00edos y hermanos;\u2026","rel":"","context":"En \u00abComidas &amp; Bebidas\u00bb","block_context":{"text":"Comidas &amp; Bebidas","link":"https:\/\/casadecampoliving.com\/es\/category\/comidas-bebidas\/"},"img":{"alt_text":"","src":"https:\/\/i0.wp.com\/casadecampoliving.com\/wp-content\/uploads\/2022\/10\/IMG_2333.jpg?fit=1000%2C667&ssl=1&resize=350%2C200","width":350,"height":200,"srcset":"https:\/\/i0.wp.com\/casadecampoliving.com\/wp-content\/uploads\/2022\/10\/IMG_2333.jpg?fit=1000%2C667&ssl=1&resize=350%2C200 1x, https:\/\/i0.wp.com\/casadecampoliving.com\/wp-content\/uploads\/2022\/10\/IMG_2333.jpg?fit=1000%2C667&ssl=1&resize=525%2C300 1.5x, https:\/\/i0.wp.com\/casadecampoliving.com\/wp-content\/uploads\/2022\/10\/IMG_2333.jpg?fit=1000%2C667&ssl=1&resize=700%2C400 2x"},"classes":[]},{"id":433460,"url":"https:\/\/casadecampoliving.com\/es\/no-se-pierdan-el-increible-tributo-a-frank-sinatra-para-celebrar-el-40-aniversario-del-anfiteatro-altos-de-chavon\/","url_meta":{"origin":350188,"position":1},"title":"No se pierdan el incre\u00edble tributo a Frank Sinatra para celebrar el 40 aniversario del\u00a0Anfiteatro Altos de Chav\u00f3n","author":"Casa de Campo Living","date":"20 Oct, 2022","format":false,"excerpt":"Siendo uno de los escenarios m\u00e1s emblem\u00e1ticos del pa\u00eds, Casa de Campo Resort\u00ae & Villas celebra las cuatro d\u00e9cadas de aniversario de Altos de Chav\u00f3n con un tributo al gran Frank Sinatra, protagonizado por artistas invitados y una big band tal cual la que acompa\u00f1\u00f3 al artista hace 40 a\u00f1os\u2026","rel":"","context":"En \u00abUncategorized @es\u00bb","block_context":{"text":"Uncategorized @es","link":"https:\/\/casadecampoliving.com\/es\/category\/uncategorized-es\/"},"img":{"alt_text":"","src":"https:\/\/i0.wp.com\/casadecampoliving.com\/wp-content\/uploads\/2022\/10\/Tributo-Frank-Sinatra-Foto-Principal-Amaury-Sanchez-Danilo-Ginebra-Andres-Pichardo-y-Jose-Gabriel-Perez-.jpg?fit=1200%2C873&ssl=1&resize=350%2C200","width":350,"height":200,"srcset":"https:\/\/i0.wp.com\/casadecampoliving.com\/wp-content\/uploads\/2022\/10\/Tributo-Frank-Sinatra-Foto-Principal-Amaury-Sanchez-Danilo-Ginebra-Andres-Pichardo-y-Jose-Gabriel-Perez-.jpg?fit=1200%2C873&ssl=1&resize=350%2C200 1x, https:\/\/i0.wp.com\/casadecampoliving.com\/wp-content\/uploads\/2022\/10\/Tributo-Frank-Sinatra-Foto-Principal-Amaury-Sanchez-Danilo-Ginebra-Andres-Pichardo-y-Jose-Gabriel-Perez-.jpg?fit=1200%2C873&ssl=1&resize=525%2C300 1.5x, https:\/\/i0.wp.com\/casadecampoliving.com\/wp-content\/uploads\/2022\/10\/Tributo-Frank-Sinatra-Foto-Principal-Amaury-Sanchez-Danilo-Ginebra-Andres-Pichardo-y-Jose-Gabriel-Perez-.jpg?fit=1200%2C873&ssl=1&resize=700%2C400 2x, https:\/\/i0.wp.com\/casadecampoliving.com\/wp-content\/uploads\/2022\/10\/Tributo-Frank-Sinatra-Foto-Principal-Amaury-Sanchez-Danilo-Ginebra-Andres-Pichardo-y-Jose-Gabriel-Perez-.jpg?fit=1200%2C873&ssl=1&resize=1050%2C600 3x"},"classes":[]},{"id":350298,"url":"https:\/\/casadecampoliving.com\/es\/5-maneras-faciles-de-celebrar-el-dia-del-padre-toda-la-semana\/","url_meta":{"origin":350188,"position":2},"title":"5 maneras f\u00e1ciles de celebrar el D\u00eda del Padre toda la semana!","author":"Carla Campos","date":"1 Ago, 2016","format":false,"excerpt":"\u00a1Fel\u00edz D\u00eda del Padre a todos los padres maravillosos de Casa de Campo! Este fin de semana gozamos\u00a0con nuestros padres, esposos, hermanos y amigos que hacen de nuestras vidas unas tan especial. Para la celebraci\u00f3n, bailamos con Son Cubano en Chinois el viernes y en Onno\u2019s el domingo. En adici\u00f3n,\u2026","rel":"","context":"En \u00abAltos de Chavon @es\u00bb","block_context":{"text":"Altos de Chavon @es","link":"https:\/\/casadecampoliving.com\/category\/altos-de-chavon-es\/"},"img":{"alt_text":"","src":"https:\/\/i0.wp.com\/casadecampoliving.com\/wp-content\/uploads\/2022\/10\/shutterstock_373736368-1.jpg?fit=1000%2C600&ssl=1&resize=350%2C200","width":350,"height":200,"srcset":"https:\/\/i0.wp.com\/casadecampoliving.com\/wp-content\/uploads\/2022\/10\/shutterstock_373736368-1.jpg?fit=1000%2C600&ssl=1&resize=350%2C200 1x, https:\/\/i0.wp.com\/casadecampoliving.com\/wp-content\/uploads\/2022\/10\/shutterstock_373736368-1.jpg?fit=1000%2C600&ssl=1&resize=525%2C300 1.5x, https:\/\/i0.wp.com\/casadecampoliving.com\/wp-content\/uploads\/2022\/10\/shutterstock_373736368-1.jpg?fit=1000%2C600&ssl=1&resize=700%2C400 2x"},"classes":[]},{"id":350243,"url":"https:\/\/casadecampoliving.com\/es\/celebra-con-papa-este-fin-de-semana-en-onnos-bar\/","url_meta":{"origin":350188,"position":3},"title":"\u00a1Todos lo caminos conducen a Altos de Chav\u00f3n este fin de semana para celebrar a Pap\u00e1 en Onno&#8217;s Bar &#038; Restaurant!","author":"Marlenys Guzm\u00e1n Casta\u00f1os","date":"25 Jul, 2016","format":false,"excerpt":"Hay tantas razones para celebrar aqu\u00ed en Casa de Campo, aun cuando julio ya est\u00e1 llegando casi a su fin. No hay necesidad de sentirse mal o estresado esta semana, especialmente con el Happy Hour 2\u00d71 de Caf\u00e9 Marietta, los Especiales del D\u00eda de Papa Jack\u2019s, el concierto de Son\u2026","rel":"","context":"En \u00abAltos de Chavon @es\u00bb","block_context":{"text":"Altos de Chavon @es","link":"https:\/\/casadecampoliving.com\/category\/altos-de-chavon-es\/"},"img":{"alt_text":"","src":"https:\/\/i0.wp.com\/casadecampoliving.com\/wp-content\/uploads\/2022\/10\/shutterstock_228177547.jpg?fit=1000%2C662&ssl=1&resize=350%2C200","width":350,"height":200,"srcset":"https:\/\/i0.wp.com\/casadecampoliving.com\/wp-content\/uploads\/2022\/10\/shutterstock_228177547.jpg?fit=1000%2C662&ssl=1&resize=350%2C200 1x, https:\/\/i0.wp.com\/casadecampoliving.com\/wp-content\/uploads\/2022\/10\/shutterstock_228177547.jpg?fit=1000%2C662&ssl=1&resize=525%2C300 1.5x, https:\/\/i0.wp.com\/casadecampoliving.com\/wp-content\/uploads\/2022\/10\/shutterstock_228177547.jpg?fit=1000%2C662&ssl=1&resize=700%2C400 2x"},"classes":[]},{"id":353815,"url":"https:\/\/casadecampoliving.com\/es\/5-formas-de-celebrar-el-dia-del-padre-en-casa-de-campo\/","url_meta":{"origin":350188,"position":4},"title":"\u00a15 formas de celebrar el D\u00eda del Padre en Casa de Campo!","author":"Casa de Campo Living","date":"24 Jul, 2020","format":false,"excerpt":"\u00a1Feliz D\u00eda del Padre Dominicano a todos los incre\u00edbles padres de Casa de Campo! Por supuesto, el D\u00eda del Padre podr\u00eda ser un poco diferente este a\u00f1o, pero tu chico especial (pap\u00e1s, abuelos, suegros, t\u00edos, etc.) a\u00fan merece ser celebrado a lo grande, por eso hemos reunido varias actividades del\u2026","rel":"","context":"En \u00abCasa de Campo Living @es\u00bb","block_context":{"text":"Casa de Campo Living @es","link":"https:\/\/casadecampoliving.com\/category\/casa-de-campo-living-es\/"},"img":{"alt_text":"","src":"https:\/\/i0.wp.com\/casadecampoliving.com\/wp-content\/uploads\/2022\/10\/derek-thomson-M1jCmRxO7cY-unsplash-1.jpg?fit=1000%2C600&ssl=1&resize=350%2C200","width":350,"height":200,"srcset":"https:\/\/i0.wp.com\/casadecampoliving.com\/wp-content\/uploads\/2022\/10\/derek-thomson-M1jCmRxO7cY-unsplash-1.jpg?fit=1000%2C600&ssl=1&resize=350%2C200 1x, https:\/\/i0.wp.com\/casadecampoliving.com\/wp-content\/uploads\/2022\/10\/derek-thomson-M1jCmRxO7cY-unsplash-1.jpg?fit=1000%2C600&ssl=1&resize=525%2C300 1.5x, https:\/\/i0.wp.com\/casadecampoliving.com\/wp-content\/uploads\/2022\/10\/derek-thomson-M1jCmRxO7cY-unsplash-1.jpg?fit=1000%2C600&ssl=1&resize=700%2C400 2x"},"classes":[]},{"id":350505,"url":"https:\/\/casadecampoliving.com\/es\/chinois-tiene-un-nuevo-menu-ejecutivo\/","url_meta":{"origin":350188,"position":5},"title":"Chinois tiene una nueva opci\u00f3n para la hora del almuerzo con su men\u00fa ejecutivo","author":"Marlenys Guzm\u00e1n Casta\u00f1os","date":"19 Sep, 2016","format":false,"excerpt":"\u00bfCansado de comer lo mismo todos los d\u00edas, o no saber que comer a la hora de almuerzo? Bueno, \u00a1tenemos una soluci\u00f3n para usted! Chinois ha anunciado su nuevo men\u00fa ejecutivo con diferentes opciones todos los\u00a0d\u00edas. Desde su reapertura en La Romana, Chinois ha sido recibido el apoyo de la\u2026","rel":"","context":"En \u00abComidas &amp; Bebidas\u00bb","block_context":{"text":"Comidas &amp; Bebidas","link":"https:\/\/casadecampoliving.com\/es\/category\/comidas-bebidas\/"},"img":{"alt_text":"Chinois","src":"https:\/\/i0.wp.com\/casadecampoliving.com\/wp-content\/uploads\/2022\/10\/IMG_2948.jpg?fit=1000%2C602&ssl=1&resize=350%2C200","width":350,"height":200,"srcset":"https:\/\/i0.wp.com\/casadecampoliving.com\/wp-content\/uploads\/2022\/10\/IMG_2948.jpg?fit=1000%2C602&ssl=1&resize=350%2C200 1x, https:\/\/i0.wp.com\/casadecampoliving.com\/wp-content\/uploads\/2022\/10\/IMG_2948.jpg?fit=1000%2C602&ssl=1&resize=525%2C300 1.5x, https:\/\/i0.wp.com\/casadecampoliving.com\/wp-content\/uploads\/2022\/10\/IMG_2948.jpg?fit=1000%2C602&ssl=1&resize=700%2C400 2x"},"classes":[]}],"jetpack_sharing_enabled":true,"_links":{"self":[{"href":"https:\/\/casadecampoliving.com\/es\/wp-json\/wp\/v2\/posts\/350188","targetHints":{"allow":["GET"]}}],"collection":[{"href":"https:\/\/casadecampoliving.com\/es\/wp-json\/wp\/v2\/posts"}],"about":[{"href":"https:\/\/casadecampoliving.com\/es\/wp-json\/wp\/v2\/types\/post"}],"author":[{"embeddable":true,"href":"https:\/\/casadecampoliving.com\/es\/wp-json\/wp\/v2\/users\/36682"}],"replies":[{"embeddable":true,"href":"https:\/\/casadecampoliving.com\/es\/wp-json\/wp\/v2\/comments?post=350188"}],"version-history":[{"count":1,"href":"https:\/\/casadecampoliving.com\/es\/wp-json\/wp\/v2\/posts\/350188\/revisions"}],"predecessor-version":[{"id":350193,"href":"https:\/\/casadecampoliving.com\/es\/wp-json\/wp\/v2\/posts\/350188\/revisions\/350193"}],"wp:featuredmedia":[{"embeddable":true,"href":"https:\/\/casadecampoliving.com\/es\/wp-json\/wp\/v2\/media\/282107"}],"wp:attachment":[{"href":"https:\/\/casadecampoliving.com\/es\/wp-json\/wp\/v2\/media?parent=350188"}],"wp:term":[{"taxonomy":"category","embeddable":true,"href":"https:\/\/casadecampoliving.com\/es\/wp-json\/wp\/v2\/categories?post=350188"},{"taxonomy":"post_tag","embeddable":true,"href":"https:\/\/casadecampoliving.com\/es\/wp-json\/wp\/v2\/tags?post=350188"},{"taxonomy":"newspack_spnsrs_tax","embeddable":true,"href":"https:\/\/casadecampoliving.com\/es\/wp-json\/wp\/v2\/newspack_spnsrs_tax?post=350188"}],"curies":[{"name":"wp","href":"https:\/\/api.w.org\/{rel}","templated":true}]}}