{"id":350164,"date":"2016-07-11T00:00:00","date_gmt":"2016-07-11T04:00:00","guid":{"rendered":"https:\/\/casadecampoliving.com\/prox-el-nene-genesis-nightclub\/"},"modified":"2022-10-21T19:00:40","modified_gmt":"2022-10-21T23:00:40","slug":"prox-el-nene-genesis-nightclub","status":"publish","type":"post","link":"https:\/\/casadecampoliving.com\/es\/prox-el-nene-genesis-nightclub\/","title":{"rendered":"\u00a1Marquen sus calendarios: El Cantante Urbano, \u00abEl Nene La Amenaza\u00bb se presentar\u00e1 en Genesis el 22 de Julio!"},"content":{"rendered":"\n<p><span style=\"font-weight: 400;\">La buena m\u00fasica se reconoce a leguas. Independientemente de que sea quien sabe de buena m\u00fasica posee un gusto ecl\u00e9ctico y extensivo.<\/span><\/p>\n\n\n\n<p><\/p>\n\n\n\n<!--more-->\n\n\n\n<p><span style=\"font-weight: 400;\">Y al hablar de buena m\u00fasica en Casa de Campo, siempre tenemos que hablar de Genesis Nightclub. Desde los DJ\u2019s internacionales, los conciertos tributo y los artistas de renombre como <\/span><a href=\"https:\/\/casadecampoliving.com\/es\/bailando-ritmo-de-merengue-junto-fernando-villalona\/\"><span style=\"font-weight: 400;\">Fernando Villalona<\/span><\/a><span style=\"font-weight: 400;\"> o <\/span><a href=\"https:\/\/casadecampoliving.com\/es\/tono-rosario-en-genesis-nightclub\/\"><span style=\"font-weight: 400;\">To\u00f1o Rosario<\/span><\/a><span style=\"font-weight: 400;\"> \u2014 Genesis ha ideado la f\u00f3rmula perfecta para brindarnos buena m\u00fasica y entretenimiento.<\/span><\/p>\n\n\n\n<p><span style=\"font-weight: 400;\">\u00a1En G\u00e9nesis que hemos disfrutado, m\u00fasica pop, cl\u00e1sicos del rock, reggae, dance, merengue y mucho m\u00e1s! Evidentemente, \u00a1es el momento de algunos ritmos urbanos! Y mientras que muchos se mantenga alejado de la mayor parte de los \u201ccantantes urbanos\u201d, \u201creggaetoneros\u201d o \u201cdembowseros\u201d por su m\u00fasica \u201cno tan buena\u201d, siempre encontrar\u00e1n uno o dos diamantes en bruto para armar un buen playlist urbano. \u201cEl Nene \u2018La Amenaza\u2019 o \u2018Amenazzy&#8217;\u201d(\u00a1son tantos apodos!) ha llegado a la escena urbana Dominicana con un estilo fresco, limpio, y bien pulido que lo ha hecho destacarse entre la multitud y, en tan s\u00f3lo meses, despegar hasta alcanzar el \u00e9xito nacional e internacionalmente.<\/span><\/p>\n\n\n\n<p><span style=\"font-weight: 400;\">No voy a negar que cuando debut\u00f3 con su <\/span><i><span style=\"font-weight: 400;\">Spanish Remix<\/span><\/i><span style=\"font-weight: 400;\"> del tema <em>\u201cLifestyle\u201d<\/em>, llamado \u201cLa Chanty\u201d (el cual al instante empez\u00f3 a sonar en TODAS partes), no le prest\u00e9 mucha atenci\u00f3n porque pens\u00e9 que por ser un <\/span><i><span style=\"font-weight: 400;\">Spanish Remix<\/span><\/i><span style=\"font-weight: 400;\"> carec\u00eda de originalidad. Pero temas como \u201cMujeriego\u201d o \u201cSin Maquillaje\u201d tienen tal excelente nivel de producci\u00f3n \u2014 desde la mezcla hasta la manera en la que entrega sus rimas, captaron mi atenci\u00f3n y me he vuelto un fan\u00e1tico suyo desde entonces. Sin duda alguna es todo un prodigio de la nueva escuela de la m\u00fasica urbana. O como les dir\u00eda cualquiera a quien le pregunten <\/span><i><span style=\"font-weight: 400;\">\u201c\u00a1El chamaquito \u2018t\u00e1 pegao!\u201d<\/span><\/i><span style=\"font-weight: 400;\">.<\/span><\/p>\n\n\n\n<p><span style=\"font-weight: 400;\">\u00a1Es probable que incluso hayan escuchado una de sus canciones y hasta se la sepan y puedan cantarla! Puede que reconozca esta por ejemplo:<\/span><\/p>\n\n\n\n<p><iframe loading=\"lazy\" src=\"https:\/\/www.youtube.com\/embed\/L8bN78Ablgs\" width=\"800\" height=\"450\" frameborder=\"0\" allowfullscreen=\"allowfullscreen\"><\/iframe><\/p>\n\n\n\n<p><span style=\"font-weight: 400;\">Y adivinen qu\u00e9\u2026 \u00a1nuestros amigos de Genesis Nightclub traer\u00e1n&nbsp;Al Nene a&nbsp;Casa este pr\u00f3ximo viernes 22 de julio! Y si quiere asistir y comprobar lo que le digo, m\u00e1s le vale apurarse, \u00a1ya que quedan poqu\u00edsimas boletas! \u00a1As\u00ed que llame ya a Genesis y no se pierda de una tremenda fiesta!<\/span><\/p>\n\n\n\n<blockquote><p><strong>El Nene La Amenaza en&nbsp;Genesis Nightclub<\/strong><\/p><figure><img decoding=\"async\" loading=\"lazy\" class=\"aligncenter wp-image-120499\" src=\"https:\/\/i0.wp.com\/casadecampoliving.com\/wp-content\/uploads\/2022\/10\/El-Nene-La-Amenaza-at-Genesis-Nightclub-Flyer.jpg?resize=650%2C650&amp;ssl=1\" alt=\"El Nene La Amenaza at Genesis Nightclub Flyer\" width=\"650\" height=\"650\"><\/figure><p><span style=\"font-weight: 400;\"><strong>Fecha:<\/strong>&nbsp;Viernes 22 de julio, 9:30pm<\/span><\/p><p><span style=\"font-weight: 400;\"><strong>Precio:<\/strong> RD$1,500 p\/p<\/span><\/p><p><span style=\"font-weight: 400;\"><strong>Info &amp; Reservaciones:<\/strong> (809) 951-1890 \/ reservations@genesisnightclub.com<\/span><\/p><\/blockquote>\n\n\n\n<blockquote><h3><strong>GENESIS Nightclub<\/strong><\/h3><figure><img decoding=\"async\" loading=\"lazy\" class=\"wp-image-119281 size-thumbnail alignright\" src=\"https:\/\/i0.wp.com\/casadecampoliving.com\/wp-content\/uploads\/2022\/10\/Genesislogo-2.png?resize=150%2C150&amp;ssl=1\" alt=\"Club Genesis logo\" width=\"150\" height=\"150\"><\/figure><p><em><span style=\"font-weight: 400;\"><\/span><\/em><\/p><p><em><span style=\"font-weight: 400;\">\u00a1Donde todo empez\u00f3!<\/span><\/em><\/p><p><span style=\"font-weight: 400;\"><strong>D\u00f3nde:<\/strong> Altos de Chav\u00f3n, Casa de Campo<\/span><\/p><p><span style=\"font-weight: 400;\"><strong>Horario:<\/strong> 9pm, \u00a1abierto hasta que tarde!<\/span><\/p><p><span style=\"font-weight: 400;\"><strong>Info &amp; reservaciones:<\/strong> <a href=\"mailto:reservations@genesisnightclub.com\">reservations@genesisnightclub.com<\/a><\/span><\/p><p><span style=\"font-weight: 400;\">C\u00f3digo de vestimenta y estricta pol\u00edtica de puerta a ejecutarse<\/span><\/p><p><strong>Facebook: <\/strong><span style=\"font-weight: 400;\"><a href=\"https:\/\/www.facebook.com\/genesiscasadecampo\/?fref=ts\"><span style=\"font-weight: 400;\">Genesis Nightclub<\/span><\/a><\/span><em><span style=\"font-weight: 400;\"><br>\n<\/span><\/em><\/p><\/blockquote>\n","protected":false},"excerpt":{"rendered":"<p>La buena m\u00fasica se reconoce a leguas. Independientemente de que sea quien sabe de buena m\u00fasica posee un gusto ecl\u00e9ctico y extensivo.<\/p>\n","protected":false},"author":34707,"featured_media":281290,"comment_status":"closed","ping_status":"closed","sticky":false,"template":"","format":"standard","meta":{"newspack_ads_suppress_ads":false,"newspack_popups_has_disabled_popups":false,"newspack_sponsor_sponsorship_scope":"","newspack_sponsor_native_byline_display":"inherit","newspack_sponsor_native_category_display":"inherit","newspack_sponsor_underwriter_style":"inherit","newspack_sponsor_underwriter_placement":"inherit","_newspack_byline_active":false,"_newspack_byline":"","newspack_hide_updated_date":false,"newspack_show_updated_date":false,"newspack_content_restriction_is_exempt":false,"newspack_featured_image_position":"","newspack_post_subtitle":"","newspack_article_summary_title":"Overview:","newspack_article_summary":"","_jetpack_memberships_contains_paid_content":false,"footnotes":"","jetpack_publicize_message":"","jetpack_publicize_feature_enabled":true,"jetpack_social_post_already_shared":false,"jetpack_social_options":{"image_generator_settings":{"template":"highway","default_image_id":0,"font":"","enabled":false},"version":2},"_wpas_customize_per_network":false},"categories":[26819,2518,2522,14627,26822,2501],"tags":[2963,7553,12005,18105],"newspack_spnsrs_tax":[],"class_list":["post-350164","post","type-post","status-publish","format-standard","has-post-thumbnail","hentry","category-altos-de-chavon-es","category-conciertos-es","category-eventos-es","category-proximamente","category-resort-casa-de-campo","category-vida-nocturna-es","tag-concierto","tag-genesis-es","tag-genesis-nightclub-es","tag-urbano","entry"],"yoast_head":"<!-- This site is optimized with the Yoast SEO plugin v27.5 - https:\/\/yoast.com\/product\/yoast-seo-wordpress\/ -->\n<title>\u00a1Marquen sus calendarios: El Cantante Urbano, &quot;El Nene La Amenaza&quot; se presentar\u00e1 en Genesis el 22 de Julio! | Casa de Campo Living<\/title>\n<meta name=\"description\" content=\"La buena m\u00fasica se reconoce a leguas. Independientemente de que sea quien sabe de buena m\u00fasica posee un gusto ecl\u00e9ctico y extensivo. Y al hablar de buena\" \/>\n<meta name=\"robots\" content=\"index, follow, max-snippet:-1, max-image-preview:large, max-video-preview:-1\" \/>\n<link rel=\"canonical\" href=\"https:\/\/casadecampoliving.com\/es\/prox-el-nene-genesis-nightclub\/\" \/>\n<meta property=\"og:locale\" content=\"es_ES\" \/>\n<meta property=\"og:type\" content=\"article\" \/>\n<meta property=\"og:title\" content=\"\u00a1Marquen sus calendarios: El Cantante Urbano, &quot;El Nene La Amenaza&quot; se presentar\u00e1 en Genesis el 22 de Julio! | Casa de Campo Living\" \/>\n<meta property=\"og:description\" content=\"La buena m\u00fasica se reconoce a leguas. Independientemente de que sea quien sabe de buena m\u00fasica posee un gusto ecl\u00e9ctico y extensivo. Y al hablar de buena\" \/>\n<meta property=\"og:url\" content=\"https:\/\/casadecampoliving.com\/es\/prox-el-nene-genesis-nightclub\/\" \/>\n<meta property=\"og:site_name\" content=\"Casa de Campo Living\" \/>\n<meta property=\"article:publisher\" content=\"https:\/\/www.facebook.com\/casadecampoliving\" \/>\n<meta property=\"article:published_time\" content=\"2016-07-11T04:00:00+00:00\" \/>\n<meta property=\"article:modified_time\" content=\"2022-10-21T23:00:40+00:00\" \/>\n<meta property=\"og:image\" content=\"https:\/\/i0.wp.com\/casadecampoliving.com\/wp-content\/uploads\/2022\/10\/Featured-Image-El-Nene-La-Amenaza-at-Genesis-Nightclub-Upcoming.jpg?fit=1000%2C600&ssl=1\" \/>\n\t<meta property=\"og:image:width\" content=\"1000\" \/>\n\t<meta property=\"og:image:height\" content=\"600\" \/>\n\t<meta property=\"og:image:type\" content=\"image\/jpeg\" \/>\n<meta name=\"author\" content=\"Felix Guerrero\" \/>\n<meta name=\"twitter:card\" content=\"summary_large_image\" \/>\n<meta name=\"twitter:creator\" content=\"@cdcliving\" \/>\n<meta name=\"twitter:site\" content=\"@cdcliving\" \/>\n<meta name=\"twitter:label1\" content=\"Escrito por\" \/>\n\t<meta name=\"twitter:data1\" content=\"Felix Guerrero\" \/>\n\t<meta name=\"twitter:label2\" content=\"Tiempo de lectura\" \/>\n\t<meta name=\"twitter:data2\" content=\"2 minutos\" \/>\n<script type=\"application\/ld+json\" class=\"yoast-schema-graph\">{\"@context\":\"https:\\\/\\\/schema.org\",\"@graph\":[{\"@type\":\"Article\",\"@id\":\"https:\\\/\\\/casadecampoliving.com\\\/es\\\/prox-el-nene-genesis-nightclub\\\/#article\",\"isPartOf\":{\"@id\":\"https:\\\/\\\/casadecampoliving.com\\\/es\\\/prox-el-nene-genesis-nightclub\\\/\"},\"author\":{\"name\":\"Felix Guerrero\",\"@id\":\"https:\\\/\\\/casadecampoliving.com\\\/es\\\/#\\\/schema\\\/person\\\/0d45cfc6e376a2f15ac9a92421bd4451\"},\"headline\":\"\u00a1Marquen sus calendarios: El Cantante Urbano, \u00abEl Nene La Amenaza\u00bb se presentar\u00e1 en Genesis el 22 de Julio!\",\"datePublished\":\"2016-07-11T04:00:00+00:00\",\"dateModified\":\"2022-10-21T23:00:40+00:00\",\"mainEntityOfPage\":{\"@id\":\"https:\\\/\\\/casadecampoliving.com\\\/es\\\/prox-el-nene-genesis-nightclub\\\/\"},\"wordCount\":470,\"publisher\":{\"@id\":\"https:\\\/\\\/casadecampoliving.com\\\/es\\\/#organization\"},\"image\":{\"@id\":\"https:\\\/\\\/casadecampoliving.com\\\/es\\\/prox-el-nene-genesis-nightclub\\\/#primaryimage\"},\"thumbnailUrl\":\"https:\\\/\\\/i0.wp.com\\\/casadecampoliving.com\\\/wp-content\\\/uploads\\\/2022\\\/10\\\/Featured-Image-El-Nene-La-Amenaza-at-Genesis-Nightclub-Upcoming.jpg?fit=1000%2C600&ssl=1\",\"keywords\":[\"concierto\",\"genesis @es\",\"Genesis nightclub @es\",\"urbano\"],\"articleSection\":[\"Altos de Chavon @es\",\"Conciertos\",\"Eventos\",\"Proximamente\",\"Resort Casa de Campo\",\"Vida Nocturna\"],\"inLanguage\":\"es\"},{\"@type\":\"WebPage\",\"@id\":\"https:\\\/\\\/casadecampoliving.com\\\/es\\\/prox-el-nene-genesis-nightclub\\\/\",\"url\":\"https:\\\/\\\/casadecampoliving.com\\\/es\\\/prox-el-nene-genesis-nightclub\\\/\",\"name\":\"\u00a1Marquen sus calendarios: El Cantante Urbano, \\\"El Nene La Amenaza\\\" se presentar\u00e1 en Genesis el 22 de Julio! | Casa de Campo Living\",\"isPartOf\":{\"@id\":\"https:\\\/\\\/casadecampoliving.com\\\/es\\\/#website\"},\"primaryImageOfPage\":{\"@id\":\"https:\\\/\\\/casadecampoliving.com\\\/es\\\/prox-el-nene-genesis-nightclub\\\/#primaryimage\"},\"image\":{\"@id\":\"https:\\\/\\\/casadecampoliving.com\\\/es\\\/prox-el-nene-genesis-nightclub\\\/#primaryimage\"},\"thumbnailUrl\":\"https:\\\/\\\/i0.wp.com\\\/casadecampoliving.com\\\/wp-content\\\/uploads\\\/2022\\\/10\\\/Featured-Image-El-Nene-La-Amenaza-at-Genesis-Nightclub-Upcoming.jpg?fit=1000%2C600&ssl=1\",\"datePublished\":\"2016-07-11T04:00:00+00:00\",\"dateModified\":\"2022-10-21T23:00:40+00:00\",\"description\":\"La buena m\u00fasica se reconoce a leguas. Independientemente de que sea quien sabe de buena m\u00fasica posee un gusto ecl\u00e9ctico y extensivo. Y al hablar de buena\",\"breadcrumb\":{\"@id\":\"https:\\\/\\\/casadecampoliving.com\\\/es\\\/prox-el-nene-genesis-nightclub\\\/#breadcrumb\"},\"inLanguage\":\"es\",\"potentialAction\":[{\"@type\":\"ReadAction\",\"target\":[\"https:\\\/\\\/casadecampoliving.com\\\/es\\\/prox-el-nene-genesis-nightclub\\\/\"]}]},{\"@type\":\"ImageObject\",\"inLanguage\":\"es\",\"@id\":\"https:\\\/\\\/casadecampoliving.com\\\/es\\\/prox-el-nene-genesis-nightclub\\\/#primaryimage\",\"url\":\"https:\\\/\\\/i0.wp.com\\\/casadecampoliving.com\\\/wp-content\\\/uploads\\\/2022\\\/10\\\/Featured-Image-El-Nene-La-Amenaza-at-Genesis-Nightclub-Upcoming.jpg?fit=1000%2C600&ssl=1\",\"contentUrl\":\"https:\\\/\\\/i0.wp.com\\\/casadecampoliving.com\\\/wp-content\\\/uploads\\\/2022\\\/10\\\/Featured-Image-El-Nene-La-Amenaza-at-Genesis-Nightclub-Upcoming.jpg?fit=1000%2C600&ssl=1\",\"width\":1000,\"height\":600,\"caption\":\"Featured Image El Nene La Amenaza at Genesis Nightclub Upcoming\"},{\"@type\":\"BreadcrumbList\",\"@id\":\"https:\\\/\\\/casadecampoliving.com\\\/es\\\/prox-el-nene-genesis-nightclub\\\/#breadcrumb\",\"itemListElement\":[{\"@type\":\"ListItem\",\"position\":1,\"name\":\"Home\",\"item\":\"https:\\\/\\\/casadecampoliving.com\\\/es\\\/\"},{\"@type\":\"ListItem\",\"position\":2,\"name\":\"\u00a1Marquen sus calendarios: El Cantante Urbano, &#8220;El Nene La Amenaza&#8221; se presentar\u00e1 en Genesis el 22 de Julio!\"}]},{\"@type\":\"WebSite\",\"@id\":\"https:\\\/\\\/casadecampoliving.com\\\/es\\\/#website\",\"url\":\"https:\\\/\\\/casadecampoliving.com\\\/es\\\/\",\"name\":\"Casa de Campo Living\",\"description\":\"Resort community news and resources.\",\"publisher\":{\"@id\":\"https:\\\/\\\/casadecampoliving.com\\\/es\\\/#organization\"},\"potentialAction\":[{\"@type\":\"SearchAction\",\"target\":{\"@type\":\"EntryPoint\",\"urlTemplate\":\"https:\\\/\\\/casadecampoliving.com\\\/es\\\/?s={search_term_string}\"},\"query-input\":{\"@type\":\"PropertyValueSpecification\",\"valueRequired\":true,\"valueName\":\"search_term_string\"}}],\"inLanguage\":\"es\"},{\"@type\":\"Organization\",\"@id\":\"https:\\\/\\\/casadecampoliving.com\\\/es\\\/#organization\",\"name\":\"Casa de Campo Living\",\"url\":\"https:\\\/\\\/casadecampoliving.com\\\/es\\\/\",\"logo\":{\"@type\":\"ImageObject\",\"inLanguage\":\"es\",\"@id\":\"https:\\\/\\\/casadecampoliving.com\\\/es\\\/#\\\/schema\\\/logo\\\/image\\\/\",\"url\":\"https:\\\/\\\/i0.wp.com\\\/casadecampoliving.com\\\/wp-content\\\/uploads\\\/2022\\\/07\\\/CDCLivingLogo_V1-white-sized.png?fit=800%2C214&ssl=1\",\"contentUrl\":\"https:\\\/\\\/i0.wp.com\\\/casadecampoliving.com\\\/wp-content\\\/uploads\\\/2022\\\/07\\\/CDCLivingLogo_V1-white-sized.png?fit=800%2C214&ssl=1\",\"width\":800,\"height\":214,\"caption\":\"Casa de Campo Living\"},\"image\":{\"@id\":\"https:\\\/\\\/casadecampoliving.com\\\/es\\\/#\\\/schema\\\/logo\\\/image\\\/\"},\"sameAs\":[\"https:\\\/\\\/www.facebook.com\\\/casadecampoliving\",\"https:\\\/\\\/x.com\\\/cdcliving\"]},{\"@type\":\"Person\",\"@id\":\"https:\\\/\\\/casadecampoliving.com\\\/es\\\/#\\\/schema\\\/person\\\/0d45cfc6e376a2f15ac9a92421bd4451\",\"name\":\"Felix Guerrero\",\"image\":{\"@type\":\"ImageObject\",\"inLanguage\":\"es\",\"@id\":\"https:\\\/\\\/secure.gravatar.com\\\/avatar\\\/14a8050b9491854cab6ae2240dcb42ad0fad787b7fa453ad0991fd1262157df3?s=96&d=mm&r=g\",\"url\":\"https:\\\/\\\/secure.gravatar.com\\\/avatar\\\/14a8050b9491854cab6ae2240dcb42ad0fad787b7fa453ad0991fd1262157df3?s=96&d=mm&r=g\",\"contentUrl\":\"https:\\\/\\\/secure.gravatar.com\\\/avatar\\\/14a8050b9491854cab6ae2240dcb42ad0fad787b7fa453ad0991fd1262157df3?s=96&d=mm&r=g\",\"caption\":\"Felix Guerrero\"},\"url\":\"https:\\\/\\\/casadecampoliving.com\\\/es\\\/author\\\/fguerrero\\\/\"}]}<\/script>\n<!-- \/ Yoast SEO plugin. -->","yoast_head_json":{"title":"\u00a1Marquen sus calendarios: El Cantante Urbano, \"El Nene La Amenaza\" se presentar\u00e1 en Genesis el 22 de Julio! | Casa de Campo Living","description":"La buena m\u00fasica se reconoce a leguas. Independientemente de que sea quien sabe de buena m\u00fasica posee un gusto ecl\u00e9ctico y extensivo. Y al hablar de buena","robots":{"index":"index","follow":"follow","max-snippet":"max-snippet:-1","max-image-preview":"max-image-preview:large","max-video-preview":"max-video-preview:-1"},"canonical":"https:\/\/casadecampoliving.com\/es\/prox-el-nene-genesis-nightclub\/","og_locale":"es_ES","og_type":"article","og_title":"\u00a1Marquen sus calendarios: El Cantante Urbano, \"El Nene La Amenaza\" se presentar\u00e1 en Genesis el 22 de Julio! | Casa de Campo Living","og_description":"La buena m\u00fasica se reconoce a leguas. Independientemente de que sea quien sabe de buena m\u00fasica posee un gusto ecl\u00e9ctico y extensivo. Y al hablar de buena","og_url":"https:\/\/casadecampoliving.com\/es\/prox-el-nene-genesis-nightclub\/","og_site_name":"Casa de Campo Living","article_publisher":"https:\/\/www.facebook.com\/casadecampoliving","article_published_time":"2016-07-11T04:00:00+00:00","article_modified_time":"2022-10-21T23:00:40+00:00","og_image":[{"width":1000,"height":600,"url":"https:\/\/i0.wp.com\/casadecampoliving.com\/wp-content\/uploads\/2022\/10\/Featured-Image-El-Nene-La-Amenaza-at-Genesis-Nightclub-Upcoming.jpg?fit=1000%2C600&ssl=1","type":"image\/jpeg"}],"author":"Felix Guerrero","twitter_card":"summary_large_image","twitter_creator":"@cdcliving","twitter_site":"@cdcliving","twitter_misc":{"Escrito por":"Felix Guerrero","Tiempo de lectura":"2 minutos"},"schema":{"@context":"https:\/\/schema.org","@graph":[{"@type":"Article","@id":"https:\/\/casadecampoliving.com\/es\/prox-el-nene-genesis-nightclub\/#article","isPartOf":{"@id":"https:\/\/casadecampoliving.com\/es\/prox-el-nene-genesis-nightclub\/"},"author":{"name":"Felix Guerrero","@id":"https:\/\/casadecampoliving.com\/es\/#\/schema\/person\/0d45cfc6e376a2f15ac9a92421bd4451"},"headline":"\u00a1Marquen sus calendarios: El Cantante Urbano, \u00abEl Nene La Amenaza\u00bb se presentar\u00e1 en Genesis el 22 de Julio!","datePublished":"2016-07-11T04:00:00+00:00","dateModified":"2022-10-21T23:00:40+00:00","mainEntityOfPage":{"@id":"https:\/\/casadecampoliving.com\/es\/prox-el-nene-genesis-nightclub\/"},"wordCount":470,"publisher":{"@id":"https:\/\/casadecampoliving.com\/es\/#organization"},"image":{"@id":"https:\/\/casadecampoliving.com\/es\/prox-el-nene-genesis-nightclub\/#primaryimage"},"thumbnailUrl":"https:\/\/i0.wp.com\/casadecampoliving.com\/wp-content\/uploads\/2022\/10\/Featured-Image-El-Nene-La-Amenaza-at-Genesis-Nightclub-Upcoming.jpg?fit=1000%2C600&ssl=1","keywords":["concierto","genesis @es","Genesis nightclub @es","urbano"],"articleSection":["Altos de Chavon @es","Conciertos","Eventos","Proximamente","Resort Casa de Campo","Vida Nocturna"],"inLanguage":"es"},{"@type":"WebPage","@id":"https:\/\/casadecampoliving.com\/es\/prox-el-nene-genesis-nightclub\/","url":"https:\/\/casadecampoliving.com\/es\/prox-el-nene-genesis-nightclub\/","name":"\u00a1Marquen sus calendarios: El Cantante Urbano, \"El Nene La Amenaza\" se presentar\u00e1 en Genesis el 22 de Julio! | Casa de Campo Living","isPartOf":{"@id":"https:\/\/casadecampoliving.com\/es\/#website"},"primaryImageOfPage":{"@id":"https:\/\/casadecampoliving.com\/es\/prox-el-nene-genesis-nightclub\/#primaryimage"},"image":{"@id":"https:\/\/casadecampoliving.com\/es\/prox-el-nene-genesis-nightclub\/#primaryimage"},"thumbnailUrl":"https:\/\/i0.wp.com\/casadecampoliving.com\/wp-content\/uploads\/2022\/10\/Featured-Image-El-Nene-La-Amenaza-at-Genesis-Nightclub-Upcoming.jpg?fit=1000%2C600&ssl=1","datePublished":"2016-07-11T04:00:00+00:00","dateModified":"2022-10-21T23:00:40+00:00","description":"La buena m\u00fasica se reconoce a leguas. Independientemente de que sea quien sabe de buena m\u00fasica posee un gusto ecl\u00e9ctico y extensivo. Y al hablar de buena","breadcrumb":{"@id":"https:\/\/casadecampoliving.com\/es\/prox-el-nene-genesis-nightclub\/#breadcrumb"},"inLanguage":"es","potentialAction":[{"@type":"ReadAction","target":["https:\/\/casadecampoliving.com\/es\/prox-el-nene-genesis-nightclub\/"]}]},{"@type":"ImageObject","inLanguage":"es","@id":"https:\/\/casadecampoliving.com\/es\/prox-el-nene-genesis-nightclub\/#primaryimage","url":"https:\/\/i0.wp.com\/casadecampoliving.com\/wp-content\/uploads\/2022\/10\/Featured-Image-El-Nene-La-Amenaza-at-Genesis-Nightclub-Upcoming.jpg?fit=1000%2C600&ssl=1","contentUrl":"https:\/\/i0.wp.com\/casadecampoliving.com\/wp-content\/uploads\/2022\/10\/Featured-Image-El-Nene-La-Amenaza-at-Genesis-Nightclub-Upcoming.jpg?fit=1000%2C600&ssl=1","width":1000,"height":600,"caption":"Featured Image El Nene La Amenaza at Genesis Nightclub Upcoming"},{"@type":"BreadcrumbList","@id":"https:\/\/casadecampoliving.com\/es\/prox-el-nene-genesis-nightclub\/#breadcrumb","itemListElement":[{"@type":"ListItem","position":1,"name":"Home","item":"https:\/\/casadecampoliving.com\/es\/"},{"@type":"ListItem","position":2,"name":"\u00a1Marquen sus calendarios: El Cantante Urbano, &#8220;El Nene La Amenaza&#8221; se presentar\u00e1 en Genesis el 22 de Julio!"}]},{"@type":"WebSite","@id":"https:\/\/casadecampoliving.com\/es\/#website","url":"https:\/\/casadecampoliving.com\/es\/","name":"Casa de Campo Living","description":"Resort community news and resources.","publisher":{"@id":"https:\/\/casadecampoliving.com\/es\/#organization"},"potentialAction":[{"@type":"SearchAction","target":{"@type":"EntryPoint","urlTemplate":"https:\/\/casadecampoliving.com\/es\/?s={search_term_string}"},"query-input":{"@type":"PropertyValueSpecification","valueRequired":true,"valueName":"search_term_string"}}],"inLanguage":"es"},{"@type":"Organization","@id":"https:\/\/casadecampoliving.com\/es\/#organization","name":"Casa de Campo Living","url":"https:\/\/casadecampoliving.com\/es\/","logo":{"@type":"ImageObject","inLanguage":"es","@id":"https:\/\/casadecampoliving.com\/es\/#\/schema\/logo\/image\/","url":"https:\/\/i0.wp.com\/casadecampoliving.com\/wp-content\/uploads\/2022\/07\/CDCLivingLogo_V1-white-sized.png?fit=800%2C214&ssl=1","contentUrl":"https:\/\/i0.wp.com\/casadecampoliving.com\/wp-content\/uploads\/2022\/07\/CDCLivingLogo_V1-white-sized.png?fit=800%2C214&ssl=1","width":800,"height":214,"caption":"Casa de Campo Living"},"image":{"@id":"https:\/\/casadecampoliving.com\/es\/#\/schema\/logo\/image\/"},"sameAs":["https:\/\/www.facebook.com\/casadecampoliving","https:\/\/x.com\/cdcliving"]},{"@type":"Person","@id":"https:\/\/casadecampoliving.com\/es\/#\/schema\/person\/0d45cfc6e376a2f15ac9a92421bd4451","name":"Felix Guerrero","image":{"@type":"ImageObject","inLanguage":"es","@id":"https:\/\/secure.gravatar.com\/avatar\/14a8050b9491854cab6ae2240dcb42ad0fad787b7fa453ad0991fd1262157df3?s=96&d=mm&r=g","url":"https:\/\/secure.gravatar.com\/avatar\/14a8050b9491854cab6ae2240dcb42ad0fad787b7fa453ad0991fd1262157df3?s=96&d=mm&r=g","contentUrl":"https:\/\/secure.gravatar.com\/avatar\/14a8050b9491854cab6ae2240dcb42ad0fad787b7fa453ad0991fd1262157df3?s=96&d=mm&r=g","caption":"Felix Guerrero"},"url":"https:\/\/casadecampoliving.com\/es\/author\/fguerrero\/"}]}},"parsely":{"version":"1.1.0","canonical_url":"https:\/\/casadecampoliving.com\/es\/prox-el-nene-genesis-nightclub\/","smart_links":{"inbound":0,"outbound":0},"traffic_boost_suggestions_count":0,"meta":{"@context":"https:\/\/schema.org","@type":"NewsArticle","headline":"\u00a1Marquen sus calendarios: El Cantante Urbano, \u00abEl Nene La Amenaza\u00bb se presentar\u00e1 en Genesis el 22 de Julio!","url":"http:\/\/casadecampoliving.com\/es\/prox-el-nene-genesis-nightclub\/","mainEntityOfPage":{"@type":"WebPage","@id":"http:\/\/casadecampoliving.com\/es\/prox-el-nene-genesis-nightclub\/"},"thumbnailUrl":"https:\/\/i0.wp.com\/casadecampoliving.com\/wp-content\/uploads\/2022\/10\/Featured-Image-El-Nene-La-Amenaza-at-Genesis-Nightclub-Upcoming.jpg?resize=150%2C150&ssl=1","image":{"@type":"ImageObject","url":"https:\/\/i0.wp.com\/casadecampoliving.com\/wp-content\/uploads\/2022\/10\/Featured-Image-El-Nene-La-Amenaza-at-Genesis-Nightclub-Upcoming.jpg?fit=1000%2C600&ssl=1"},"articleSection":"Altos de Chavon @es","author":[{"@type":"Person","name":"Felix Guerrero"}],"creator":["Felix Guerrero"],"publisher":{"@type":"Organization","name":"Casa de Campo Living","logo":"https:\/\/casadecampoliving.com\/wp-content\/uploads\/2022\/07\/CDCLivingLogo_V1-white-sized.png"},"keywords":["concierto","genesis @es","genesis nightclub @es","urbano"],"dateCreated":"2016-07-11T04:00:00Z","datePublished":"2016-07-11T04:00:00Z","dateModified":"2022-10-21T23:00:40Z"},"rendered":"<script type=\"application\/ld+json\" class=\"wp-parsely-metadata\">{\"@context\":\"https:\\\/\\\/schema.org\",\"@type\":\"NewsArticle\",\"headline\":\"\\u00a1Marquen sus calendarios: El Cantante Urbano, \\u00abEl Nene La Amenaza\\u00bb se presentar\\u00e1 en Genesis el 22 de Julio!\",\"url\":\"http:\\\/\\\/casadecampoliving.com\\\/es\\\/prox-el-nene-genesis-nightclub\\\/\",\"mainEntityOfPage\":{\"@type\":\"WebPage\",\"@id\":\"http:\\\/\\\/casadecampoliving.com\\\/es\\\/prox-el-nene-genesis-nightclub\\\/\"},\"thumbnailUrl\":\"https:\\\/\\\/i0.wp.com\\\/casadecampoliving.com\\\/wp-content\\\/uploads\\\/2022\\\/10\\\/Featured-Image-El-Nene-La-Amenaza-at-Genesis-Nightclub-Upcoming.jpg?resize=150%2C150&ssl=1\",\"image\":{\"@type\":\"ImageObject\",\"url\":\"https:\\\/\\\/i0.wp.com\\\/casadecampoliving.com\\\/wp-content\\\/uploads\\\/2022\\\/10\\\/Featured-Image-El-Nene-La-Amenaza-at-Genesis-Nightclub-Upcoming.jpg?fit=1000%2C600&ssl=1\"},\"articleSection\":\"Altos de Chavon @es\",\"author\":[{\"@type\":\"Person\",\"name\":\"Felix Guerrero\"}],\"creator\":[\"Felix Guerrero\"],\"publisher\":{\"@type\":\"Organization\",\"name\":\"Casa de Campo Living\",\"logo\":\"https:\\\/\\\/casadecampoliving.com\\\/wp-content\\\/uploads\\\/2022\\\/07\\\/CDCLivingLogo_V1-white-sized.png\"},\"keywords\":[\"concierto\",\"genesis @es\",\"genesis nightclub @es\",\"urbano\"],\"dateCreated\":\"2016-07-11T04:00:00Z\",\"datePublished\":\"2016-07-11T04:00:00Z\",\"dateModified\":\"2022-10-21T23:00:40Z\"}<\/script>","tracker_url":"https:\/\/cdn.parsely.com\/keys\/casadecampoliving.com\/p.js"},"jetpack_publicize_connections":[],"jetpack_featured_media_url":"https:\/\/i0.wp.com\/casadecampoliving.com\/wp-content\/uploads\/2022\/10\/Featured-Image-El-Nene-La-Amenaza-at-Genesis-Nightclub-Upcoming.jpg?fit=1000%2C600&ssl=1","jetpack-related-posts":[{"id":433460,"url":"https:\/\/casadecampoliving.com\/es\/no-se-pierdan-el-increible-tributo-a-frank-sinatra-para-celebrar-el-40-aniversario-del-anfiteatro-altos-de-chavon\/","url_meta":{"origin":350164,"position":0},"title":"No se pierdan el incre\u00edble tributo a Frank Sinatra para celebrar el 40 aniversario del\u00a0Anfiteatro Altos de Chav\u00f3n","author":"Casa de Campo Living","date":"20 Oct, 2022","format":false,"excerpt":"Siendo uno de los escenarios m\u00e1s emblem\u00e1ticos del pa\u00eds, Casa de Campo Resort\u00ae & Villas celebra las cuatro d\u00e9cadas de aniversario de Altos de Chav\u00f3n con un tributo al gran Frank Sinatra, protagonizado por artistas invitados y una big band tal cual la que acompa\u00f1\u00f3 al artista hace 40 a\u00f1os\u2026","rel":"","context":"En \u00abUncategorized @es\u00bb","block_context":{"text":"Uncategorized @es","link":"https:\/\/casadecampoliving.com\/es\/category\/uncategorized-es\/"},"img":{"alt_text":"","src":"https:\/\/i0.wp.com\/casadecampoliving.com\/wp-content\/uploads\/2022\/10\/Tributo-Frank-Sinatra-Foto-Principal-Amaury-Sanchez-Danilo-Ginebra-Andres-Pichardo-y-Jose-Gabriel-Perez-.jpg?fit=1200%2C873&ssl=1&resize=350%2C200","width":350,"height":200,"srcset":"https:\/\/i0.wp.com\/casadecampoliving.com\/wp-content\/uploads\/2022\/10\/Tributo-Frank-Sinatra-Foto-Principal-Amaury-Sanchez-Danilo-Ginebra-Andres-Pichardo-y-Jose-Gabriel-Perez-.jpg?fit=1200%2C873&ssl=1&resize=350%2C200 1x, https:\/\/i0.wp.com\/casadecampoliving.com\/wp-content\/uploads\/2022\/10\/Tributo-Frank-Sinatra-Foto-Principal-Amaury-Sanchez-Danilo-Ginebra-Andres-Pichardo-y-Jose-Gabriel-Perez-.jpg?fit=1200%2C873&ssl=1&resize=525%2C300 1.5x, https:\/\/i0.wp.com\/casadecampoliving.com\/wp-content\/uploads\/2022\/10\/Tributo-Frank-Sinatra-Foto-Principal-Amaury-Sanchez-Danilo-Ginebra-Andres-Pichardo-y-Jose-Gabriel-Perez-.jpg?fit=1200%2C873&ssl=1&resize=700%2C400 2x, https:\/\/i0.wp.com\/casadecampoliving.com\/wp-content\/uploads\/2022\/10\/Tributo-Frank-Sinatra-Foto-Principal-Amaury-Sanchez-Danilo-Ginebra-Andres-Pichardo-y-Jose-Gabriel-Perez-.jpg?fit=1200%2C873&ssl=1&resize=1050%2C600 3x"},"classes":[]},{"id":349144,"url":"https:\/\/casadecampoliving.com\/es\/fiestas-genesis-nightclub-fin-de-semana\/","url_meta":{"origin":350164,"position":1},"title":"\u00a1Fiestas en GENESIS Nightclub este fin de semana!","author":"Heather Lincoln","date":"5 Feb, 2016","format":false,"excerpt":"\u00a1LLEG\u00d3 EL VIERNES! Y no tendr\u00e1s si quiera que pensar qu\u00e9 har\u00e1s este fin de semana. En Casa de Campo siempre hay una fiesta, y este fin de semana no es la excepci\u00f3n. \u00a1Date una vuelta por Genesis esta noche y festeja con\u00a0DJ Willy, y \u00fanete al AFTERPARTY\u00a0OFICIAL del concierto\u2026","rel":"","context":"En \u00abAltos de Chavon @es\u00bb","block_context":{"text":"Altos de Chavon @es","link":"https:\/\/casadecampoliving.com\/category\/altos-de-chavon-es\/"},"img":{"alt_text":"","src":"https:\/\/i0.wp.com\/casadecampoliving.com\/wp-content\/uploads\/2022\/10\/Flyer-DJ-Willy-2-Ricky-After-1-e1454673659404.png?fit=650%2C344&ssl=1&resize=350%2C200","width":350,"height":200,"srcset":"https:\/\/i0.wp.com\/casadecampoliving.com\/wp-content\/uploads\/2022\/10\/Flyer-DJ-Willy-2-Ricky-After-1-e1454673659404.png?fit=650%2C344&ssl=1&resize=350%2C200 1x, https:\/\/i0.wp.com\/casadecampoliving.com\/wp-content\/uploads\/2022\/10\/Flyer-DJ-Willy-2-Ricky-After-1-e1454673659404.png?fit=650%2C344&ssl=1&resize=525%2C300 1.5x"},"classes":[]},{"id":350639,"url":"https:\/\/casadecampoliving.com\/es\/eddy-herrera-estara-aqui-este-fin-de-semana\/","url_meta":{"origin":350164,"position":2},"title":"\u00a1Ya est\u00e1 aqu\u00ed! \u00a1Eddy Herrera estar\u00e1 aqu\u00ed ESTE fin de semana!","author":"Marlenys Guzm\u00e1n Casta\u00f1os","date":"17 Oct, 2016","format":false,"excerpt":"\u00bfEst\u00e1s listo para una gran fiesta? \u00a1Este fin de semana vamos a bailar toda la noche al ritmo de merengue y baladas rom\u00e1nticas en el concierto en vivo de Eddy Herrera en G\u00e9nesis Nightclub! \u00a1El s\u00e1bado 22 de octubre no pod\u00eda llegar m\u00e1s pronto! \u00bfYa compro sus boletas? Vea\u00a0a continuaci\u00f3n\u2026","rel":"","context":"En \u00abAltos de Chavon @es\u00bb","block_context":{"text":"Altos de Chavon @es","link":"https:\/\/casadecampoliving.com\/category\/altos-de-chavon-es\/"},"img":{"alt_text":"","src":"https:\/\/i0.wp.com\/casadecampoliving.com\/wp-content\/uploads\/2022\/10\/13315562_10155067383014657_6829009761359003146_n.jpg?fit=960%2C720&ssl=1&resize=350%2C200","width":350,"height":200,"srcset":"https:\/\/i0.wp.com\/casadecampoliving.com\/wp-content\/uploads\/2022\/10\/13315562_10155067383014657_6829009761359003146_n.jpg?fit=960%2C720&ssl=1&resize=350%2C200 1x, https:\/\/i0.wp.com\/casadecampoliving.com\/wp-content\/uploads\/2022\/10\/13315562_10155067383014657_6829009761359003146_n.jpg?fit=960%2C720&ssl=1&resize=525%2C300 1.5x, https:\/\/i0.wp.com\/casadecampoliving.com\/wp-content\/uploads\/2022\/10\/13315562_10155067383014657_6829009761359003146_n.jpg?fit=960%2C720&ssl=1&resize=700%2C400 2x"},"classes":[]},{"id":350624,"url":"https:\/\/casadecampoliving.com\/es\/todos-los-fines-de-semana-son-de-fiesta-en-genesis-nightclub\/","url_meta":{"origin":350164,"position":3},"title":"\u00a1Todos los fines de semana son de fiesta en Genesis Nightclub!","author":"Marlenys Guzm\u00e1n Casta\u00f1os","date":"11 Oct, 2016","format":false,"excerpt":"El pasado\u00a0s\u00e1bado 8 de octubre, uno de los DJ\u2019s\u00a0m\u00e1s populares de Puerto Rico, DJ Gandhi lleg\u00f3 a la discoteca favorita de Altos de Chav\u00f3n, G\u00e9nesis Nightclub. Hemos sido capaces de disfrutar una vez m\u00e1s para disfrutar de la buena m\u00fasica de DJ Gandhi \u2013 el hab\u00eda estado aqu\u00ed anteriormente\u00a0en marzo\u2026","rel":"","context":"En \u00abAltos de Chavon @es\u00bb","block_context":{"text":"Altos de Chavon @es","link":"https:\/\/casadecampoliving.com\/category\/altos-de-chavon-es\/"},"img":{"alt_text":"","src":"https:\/\/i0.wp.com\/casadecampoliving.com\/wp-content\/uploads\/2022\/10\/IMG_2350.jpg?fit=1000%2C600&ssl=1&resize=350%2C200","width":350,"height":200,"srcset":"https:\/\/i0.wp.com\/casadecampoliving.com\/wp-content\/uploads\/2022\/10\/IMG_2350.jpg?fit=1000%2C600&ssl=1&resize=350%2C200 1x, https:\/\/i0.wp.com\/casadecampoliving.com\/wp-content\/uploads\/2022\/10\/IMG_2350.jpg?fit=1000%2C600&ssl=1&resize=525%2C300 1.5x, https:\/\/i0.wp.com\/casadecampoliving.com\/wp-content\/uploads\/2022\/10\/IMG_2350.jpg?fit=1000%2C600&ssl=1&resize=700%2C400 2x"},"classes":[]},{"id":350503,"url":"https:\/\/casadecampoliving.com\/es\/eddy-herrera-en-genesis-nightclub\/","url_meta":{"origin":350164,"position":4},"title":"\u00a1Baile toda la noche con Eddy Herrera en Genesis Nightclub en Octubre!","author":"Marlenys Guzm\u00e1n Casta\u00f1os","date":"19 Sep, 2016","format":false,"excerpt":"Picture by Jochy Fersobe. Hemos disfrutados de\u00a0muchos conciertos en vivo durante todo el verano en Casa de Campo gracias a\u00a0Genesis Nightclub como los de Fernando Villalona y To\u00f1o Rosario \u00a1y este\u00a0s\u00e1bado\u00a0Sergio Vargas! G\u00e9nesis ha descubierto una gran f\u00f3rmula para traernos\u00a0buena m\u00fasica y entretenimiento. El\u00a0mes que viene, Eddy Herrera se presentar\u00e1\u2026","rel":"","context":"En \u00abAltos de Chavon @es\u00bb","block_context":{"text":"Altos de Chavon @es","link":"https:\/\/casadecampoliving.com\/category\/altos-de-chavon-es\/"},"img":{"alt_text":"Eddy Herrera - Genesis","src":"https:\/\/i0.wp.com\/casadecampoliving.com\/wp-content\/uploads\/2022\/10\/jochyfersobe-4d484e6e39caa4-1.jpg?fit=850%2C567&ssl=1&resize=350%2C200","width":350,"height":200,"srcset":"https:\/\/i0.wp.com\/casadecampoliving.com\/wp-content\/uploads\/2022\/10\/jochyfersobe-4d484e6e39caa4-1.jpg?fit=850%2C567&ssl=1&resize=350%2C200 1x, https:\/\/i0.wp.com\/casadecampoliving.com\/wp-content\/uploads\/2022\/10\/jochyfersobe-4d484e6e39caa4-1.jpg?fit=850%2C567&ssl=1&resize=525%2C300 1.5x, https:\/\/i0.wp.com\/casadecampoliving.com\/wp-content\/uploads\/2022\/10\/jochyfersobe-4d484e6e39caa4-1.jpg?fit=850%2C567&ssl=1&resize=700%2C400 2x"},"classes":[]},{"id":350563,"url":"https:\/\/casadecampoliving.com\/es\/fiestas-de-genesis-nightclub\/","url_meta":{"origin":350164,"position":5},"title":"Fiestas de Genesis Nightclub para este fin de semana 29 de septiembre &#8211; 2 de octubre.","author":"Marlenys Guzm\u00e1n Casta\u00f1os","date":"29 Sep, 2016","format":false,"excerpt":"El fin de semana fue sin duda uno para la historia\u00a0con el concierto en vivo de Sergio Vargas! \u00a1\u00bfEst\u00e1 listo para m\u00e1s?! Este fin de semana, del 29 de septiembre \u2013 2 de octubre, m\u00e1s cosas buenas vienen a\u00a0G\u00e9nesis\u2026 Ladies Night en\u00a0Genesis Nightclub\u00a0\u00a1es la excusa perfecta para una noche de\u2026","rel":"","context":"En \u00abAltos de Chavon @es\u00bb","block_context":{"text":"Altos de Chavon @es","link":"https:\/\/casadecampoliving.com\/category\/altos-de-chavon-es\/"},"img":{"alt_text":"","src":"https:\/\/i0.wp.com\/casadecampoliving.com\/wp-content\/uploads\/2022\/10\/IMG_1965.jpg?fit=1000%2C561&ssl=1&resize=350%2C200","width":350,"height":200,"srcset":"https:\/\/i0.wp.com\/casadecampoliving.com\/wp-content\/uploads\/2022\/10\/IMG_1965.jpg?fit=1000%2C561&ssl=1&resize=350%2C200 1x, https:\/\/i0.wp.com\/casadecampoliving.com\/wp-content\/uploads\/2022\/10\/IMG_1965.jpg?fit=1000%2C561&ssl=1&resize=525%2C300 1.5x, https:\/\/i0.wp.com\/casadecampoliving.com\/wp-content\/uploads\/2022\/10\/IMG_1965.jpg?fit=1000%2C561&ssl=1&resize=700%2C400 2x"},"classes":[]}],"jetpack_sharing_enabled":true,"_links":{"self":[{"href":"https:\/\/casadecampoliving.com\/es\/wp-json\/wp\/v2\/posts\/350164","targetHints":{"allow":["GET"]}}],"collection":[{"href":"https:\/\/casadecampoliving.com\/es\/wp-json\/wp\/v2\/posts"}],"about":[{"href":"https:\/\/casadecampoliving.com\/es\/wp-json\/wp\/v2\/types\/post"}],"author":[{"embeddable":true,"href":"https:\/\/casadecampoliving.com\/es\/wp-json\/wp\/v2\/users\/34707"}],"replies":[{"embeddable":true,"href":"https:\/\/casadecampoliving.com\/es\/wp-json\/wp\/v2\/comments?post=350164"}],"version-history":[{"count":1,"href":"https:\/\/casadecampoliving.com\/es\/wp-json\/wp\/v2\/posts\/350164\/revisions"}],"predecessor-version":[{"id":350165,"href":"https:\/\/casadecampoliving.com\/es\/wp-json\/wp\/v2\/posts\/350164\/revisions\/350165"}],"wp:featuredmedia":[{"embeddable":true,"href":"https:\/\/casadecampoliving.com\/es\/wp-json\/wp\/v2\/media\/281290"}],"wp:attachment":[{"href":"https:\/\/casadecampoliving.com\/es\/wp-json\/wp\/v2\/media?parent=350164"}],"wp:term":[{"taxonomy":"category","embeddable":true,"href":"https:\/\/casadecampoliving.com\/es\/wp-json\/wp\/v2\/categories?post=350164"},{"taxonomy":"post_tag","embeddable":true,"href":"https:\/\/casadecampoliving.com\/es\/wp-json\/wp\/v2\/tags?post=350164"},{"taxonomy":"newspack_spnsrs_tax","embeddable":true,"href":"https:\/\/casadecampoliving.com\/es\/wp-json\/wp\/v2\/newspack_spnsrs_tax?post=350164"}],"curies":[{"name":"wp","href":"https:\/\/api.w.org\/{rel}","templated":true}]}}