{"id":350140,"date":"2016-07-07T00:00:00","date_gmt":"2016-07-07T04:00:00","guid":{"rendered":"https:\/\/casadecampoliving.com\/cine-pequeno-museo-arqueologico-regional\/"},"modified":"2022-10-21T18:59:55","modified_gmt":"2022-10-21T22:59:55","slug":"cine-pequeno-museo-arqueologico-regional","status":"publish","type":"post","link":"https:\/\/casadecampoliving.com\/es\/cine-pequeno-museo-arqueologico-regional\/","title":{"rendered":"CINE PEQUE\u00d1O este viernes en el mejor teatro de Casa de Campo (\u00a1aqu\u00ed les decimos d\u00f3nde&#8230;!!)"},"content":{"rendered":"<div class=\"wp-block-image\">\n<figure class=\"aligncenter is-resized\"><img loading=\"lazy\" decoding=\"async\" src=\"https:\/\/i0.wp.com\/casadecampoliving.com\/wp-content\/uploads\/2022\/10\/shutterstock_279676898-2-2.jpg?resize=1000%2C667&amp;ssl=1\" alt=\"cinema1\" class=\"wp-image-120385\" height=\"667\" width=\"1000\"\/><\/figure>\n<\/div>\n\n\n<p><span style=\"font-weight: 400;\"><\/span><\/p>\n\n\n\n<p><span style=\"font-weight: 400;\">Hace unas semanas anunciamos que el Museo Arqueol\u00f3gico Regional de Altos de Chav\u00f3n ha preparado unos incre\u00edbles talleres para ni\u00f1os este verano, y hay un evento semanal muy especial, \u201cCine Peque\u00f1o de Verano \u201d por tan solo RD$100! Es para ni\u00f1os de 5 a\u00f1os en adelante y contar\u00e1 con pel\u00edculas de distintos temas y contextos culturales que abordan situaciones relativas al universo de los ni\u00f1os. \u00a1La primera proyecci\u00f3n ser\u00e1 MA\u00d1ANA, con la pel\u00edcula llamada \u201cAtrapa la bandera\u201d!<\/span><\/p>\n\n\n\n<p><\/p>\n\n\n\n<!--more-->\n\n\n\n<p><span style=\"font-weight: 400;\">Mike Goldwing, un valiente y decidido ni\u00f1o de 12 a\u00f1os, es hijo y nieto de astronautas de la NASA. Su abuelo Frank, un astronauta retirado, vive sus d\u00edas aislados de su familia despu\u00e9s de dejar de lado su gran oportunidad de volar a la luna con Neil Armstrong y Buzz Aldrin como parte de la misi\u00f3n Apolo XI. Cuando un exc\u00e9ntrico multimillonario Richard Carson establece un malvado plan para volar a la luna, robar enormes recursos minerales de esta, y destruir la bandera de Estados Unidos colocada all\u00ed por el equipo de Apolo XI, Mike se embarca en una aventura magn\u00edfica como poliz\u00f3n. Acompa\u00f1ado por su abuelo, mejores amigos de Amy y Marty y un lagarto inteligente llamado Igor, Mike viaja a la luna para atrapar la bandera y reunir a su familia.<\/span><\/p>\n\n\n\n<center><iframe loading=\"lazy\" src=\"https:\/\/www.youtube.com\/embed\/67YfSzkmDgw\" width=\"560\" height=\"315\" frameborder=\"0\" allowfullscreen=\"allowfullscreen\"><\/iframe><\/center>\n\n\n\n<p><b>\u00a1No se pierda todas las aventuras que tendr\u00e1 Mike, y vengan con sus hijos al Museo Arqueol\u00f3gico Regional!<\/b><\/p>\n\n\n\n<p>Para m\u00e1s informaci\u00f3n sobre los dem\u00e1s talleres de verano p\u00f3ngase en contacto con el Museo Arqueol\u00f3gico Regional al (809) 523-8554; vea sus datos de contacto de abajo. \u00a1Todav\u00eda hay tiempo para inscribirse!<\/p>\n\n\n\n<blockquote><figure><img decoding=\"async\" loading=\"lazy\" class=\"aligncenter size-full wp-image-119597\" src=\"https:\/\/i0.wp.com\/casadecampoliving.com\/wp-content\/uploads\/2022\/10\/Little-Summer-Cinema-Flyer.png?resize=1007%2C752&amp;ssl=1\" alt=\"Little Summer Cinema Flyer\" width=\"1007\" height=\"752\"><\/figure><p><span style=\"font-weight: 400;\"><\/span><\/p><p><b>\u201cCINE PEQUE\u00d1O DE VERANO\u201d<\/b><\/p><p><b>Pelicula: <\/b><i><span style=\"font-weight: 400;\">Atrapa la bandera<\/span><\/i><\/p><p><b>Edades: <\/b><span style=\"font-weight: 400;\">5 \u2013 12 a\u00f1os +<\/span><\/p><p><b>Fecha: <\/b><span style=\"font-weight: 400;\">Viernes 8 de julio<\/span><\/p><p><b>Hora: <\/b><span style=\"font-weight: 400;\">4pm \u2013 6 pm<\/span><\/p><p><b>Costo: <\/b><span style=\"font-weight: 400;\">RD$100 por pelicula<\/span><\/p><\/blockquote>\n\n\n\n<blockquote><p class=\"post-title left\"><a href=\"https:\/\/casadecampoliving.com\/es\/talleres-de-verano-en-casa-de-campo\/\"><strong>El Museo Arqueol\u00f3gico Regional presenta sus talleres de verano para ni\u00f1os \u201cExploraciones Creativas\u201d<\/strong><\/a><\/p><figure><img decoding=\"async\" loading=\"lazy\" class=\"aligncenter size-full wp-image-119598\" src=\"https:\/\/i0.wp.com\/casadecampoliving.com\/wp-content\/uploads\/2022\/10\/Featured-Image-Museum-Summer-Workshops.jpg?resize=960%2C720&amp;ssl=1\" alt=\"Featured Image Museum Summer Workshops\" width=\"960\" height=\"720\"><\/figure><p style=\"text-align: justify;\">El verano es el momento perfecto para experimentar con los colores, ensuciarse las manos, y dejar volar su imaginaci\u00f3n. El Museo Arqueol\u00f3gico Regional en Altos de Chav\u00f3n ha preparado unos incre\u00edbles talleres para los ni\u00f1os y adolescentes que hace que sea f\u00e1cil y entretenido explorar nuevas t\u00e9cnicas de dise\u00f1o. Contin\u00fae leyendo <a href=\"https:\/\/casadecampoliving.com\/es\/talleres-de-verano-en-casa-de-campo\/\">aqu\u00ed.<\/a><\/p><\/blockquote>\n\n\n\n<blockquote><h3><b>MUSEO ARQUEOL\u00d3GICO REGIONAL DE ALTOS DE CHAV\u00d3N<\/b><\/h3><figure><img decoding=\"async\" loading=\"lazy\" class=\"alignright wp-image-120375 size-full\" src=\"https:\/\/i0.wp.com\/casadecampoliving.com\/wp-content\/uploads\/2022\/10\/MueoChavonLog.jpg?resize=150%2C150&amp;ssl=1\" alt=\"MuseoChavonLog\" width=\"150\" height=\"150\"><\/figure><p><b>D\u00f3nde: <\/b><span style=\"font-weight: 400;\">Altos de Chav\u00f3n, Casa de Campo<\/span><\/p><p><b>Horario:<\/b><\/p><p><b>Museo: <\/b><span style=\"font-weight: 400;\">9am-9pm<\/span><\/p><p><b>Oficinas:<\/b><span style=\"font-weight: 400;\"> L-V 8am-5pm, Sab 8am-12 medio dia<\/span><\/p><p><b>Contactos:<\/b><\/p><p><b>Tel: <\/b><span style=\"font-weight: 400;\">809.523.8554<\/span><\/p><p><b>Email: <\/b><span style=\"font-weight: 400;\">museo@altosdechavon.com<\/span><\/p><p><b>P\u00e1gina web:<\/b><\/p><p><a href=\"http:\/\/www.altosdechavon.museum.com\/\"><span style=\"font-weight: 400;\">www.altosdechavon.museum.com<\/span><\/a><\/p><p><b>Facebook:<\/b><a href=\"https:\/\/www.facebook.com\/museoarqueologicoregionalaltosdechavon\/?fref=ts\"> <b>Museo Arqueologico Regional Altos de Chavon<\/b><\/a><\/p><\/blockquote>\n","protected":false},"excerpt":{"rendered":"<p>Hace unas semanas anunciamos que el Museo Arqueol\u00f3gico Regional de Altos de Chav\u00f3n ha preparado unos incre\u00edbles talleres para ni\u00f1os este verano, y hay un evento semanal muy especial, \u201cCine Peque\u00f1o de Verano \u201d por tan solo RD$100! Es para ni\u00f1os de 5 a\u00f1os en adelante y contar\u00e1 con pel\u00edculas de distintos temas y contextos [&hellip;]<\/p>\n","protected":false},"author":36682,"featured_media":280308,"comment_status":"closed","ping_status":"closed","sticky":false,"template":"","format":"standard","meta":{"newspack_ads_suppress_ads":false,"newspack_popups_has_disabled_popups":false,"newspack_sponsor_sponsorship_scope":"","newspack_sponsor_native_byline_display":"inherit","newspack_sponsor_native_category_display":"inherit","newspack_sponsor_underwriter_style":"inherit","newspack_sponsor_underwriter_placement":"inherit","_newspack_byline_active":false,"_newspack_byline":"","newspack_content_restriction_is_exempt":false,"newspack_featured_image_position":"","newspack_post_subtitle":"","newspack_article_summary_title":"Overview:","newspack_article_summary":"","newspack_hide_updated_date":false,"newspack_show_updated_date":false,"_jetpack_memberships_contains_paid_content":false,"footnotes":"","jetpack_publicize_message":"","jetpack_publicize_feature_enabled":true,"jetpack_social_post_already_shared":false,"jetpack_social_options":{"image_generator_settings":{"template":"highway","default_image_id":0,"font":"","enabled":false},"version":2},"_wpas_customize_per_network":false},"categories":[26819,26823,14631,2522,14627,2521],"tags":[3058,17273,15387,10576,14736,8676,7596,15091],"newspack_spnsrs_tax":[],"class_list":["post-350140","post","type-post","status-publish","format-standard","has-post-thumbnail","hentry","category-altos-de-chavon-es","category-arte-y-cultura","category-estilo-de-vida","category-eventos-es","category-proximamente","category-republica-dominicana-2","tag-actividades","tag-adventure","tag-altos-de-chavon-es","tag-aventura","tag-featured-topview-es","tag-ninos","tag-pelicula","tag-proximamente","entry"],"yoast_head":"<!-- This site is optimized with the Yoast SEO plugin v27.3 - https:\/\/yoast.com\/product\/yoast-seo-wordpress\/ -->\n<title>CINE PEQUE\u00d1O este viernes en el mejor teatro de Casa de Campo (\u00a1aqu\u00ed les decimos d\u00f3nde...!!) | Casa de Campo Living<\/title>\n<meta name=\"description\" content=\"Hace unas semanas anunciamos que el Museo Arqueol\u00f3gico Regional de Altos de Chav\u00f3n ha preparado unos incre\u00edbles talleres para ni\u00f1os este verano, y hay un\" \/>\n<meta name=\"robots\" content=\"index, follow, max-snippet:-1, max-image-preview:large, max-video-preview:-1\" \/>\n<link rel=\"canonical\" href=\"https:\/\/casadecampoliving.com\/es\/cine-pequeno-museo-arqueologico-regional\/\" \/>\n<meta property=\"og:locale\" content=\"es_ES\" \/>\n<meta property=\"og:type\" content=\"article\" \/>\n<meta property=\"og:title\" content=\"CINE PEQUE\u00d1O este viernes en el mejor teatro de Casa de Campo (\u00a1aqu\u00ed les decimos d\u00f3nde...!!) | Casa de Campo Living\" \/>\n<meta property=\"og:description\" content=\"Hace unas semanas anunciamos que el Museo Arqueol\u00f3gico Regional de Altos de Chav\u00f3n ha preparado unos incre\u00edbles talleres para ni\u00f1os este verano, y hay un\" \/>\n<meta property=\"og:url\" content=\"https:\/\/casadecampoliving.com\/es\/cine-pequeno-museo-arqueologico-regional\/\" \/>\n<meta property=\"og:site_name\" content=\"Casa de Campo Living\" \/>\n<meta property=\"article:publisher\" content=\"https:\/\/www.facebook.com\/casadecampoliving\" \/>\n<meta property=\"article:published_time\" content=\"2016-07-07T04:00:00+00:00\" \/>\n<meta property=\"article:modified_time\" content=\"2022-10-21T22:59:55+00:00\" \/>\n<meta property=\"og:image\" content=\"https:\/\/i0.wp.com\/casadecampoliving.com\/wp-content\/uploads\/2022\/10\/shutterstock_314007290-1.jpg?fit=1000%2C592&ssl=1\" \/>\n\t<meta property=\"og:image:width\" content=\"1000\" \/>\n\t<meta property=\"og:image:height\" content=\"592\" \/>\n\t<meta property=\"og:image:type\" content=\"image\/jpeg\" \/>\n<meta name=\"author\" content=\"Marlenys Guzm\u00e1n Casta\u00f1os\" \/>\n<meta name=\"twitter:card\" content=\"summary_large_image\" \/>\n<meta name=\"twitter:creator\" content=\"@cdcliving\" \/>\n<meta name=\"twitter:site\" content=\"@cdcliving\" \/>\n<meta name=\"twitter:label1\" content=\"Escrito por\" \/>\n\t<meta name=\"twitter:data1\" content=\"Marlenys Guzm\u00e1n Casta\u00f1os\" \/>\n\t<meta name=\"twitter:label2\" content=\"Tiempo de lectura\" \/>\n\t<meta name=\"twitter:data2\" content=\"2 minutos\" \/>\n<script type=\"application\/ld+json\" class=\"yoast-schema-graph\">{\"@context\":\"https:\\\/\\\/schema.org\",\"@graph\":[{\"@type\":\"Article\",\"@id\":\"https:\\\/\\\/casadecampoliving.com\\\/es\\\/cine-pequeno-museo-arqueologico-regional\\\/#article\",\"isPartOf\":{\"@id\":\"https:\\\/\\\/casadecampoliving.com\\\/es\\\/cine-pequeno-museo-arqueologico-regional\\\/\"},\"author\":{\"name\":\"Marlenys Guzm\u00e1n Casta\u00f1os\",\"@id\":\"https:\\\/\\\/casadecampoliving.com\\\/es\\\/#\\\/schema\\\/person\\\/b6606bd87f9cec8f5903e2141cafda24\"},\"headline\":\"CINE PEQUE\u00d1O este viernes en el mejor teatro de Casa de Campo (\u00a1aqu\u00ed les decimos d\u00f3nde&#8230;!!)\",\"datePublished\":\"2016-07-07T04:00:00+00:00\",\"dateModified\":\"2022-10-21T22:59:55+00:00\",\"mainEntityOfPage\":{\"@id\":\"https:\\\/\\\/casadecampoliving.com\\\/es\\\/cine-pequeno-museo-arqueologico-regional\\\/\"},\"wordCount\":451,\"publisher\":{\"@id\":\"https:\\\/\\\/casadecampoliving.com\\\/es\\\/#organization\"},\"image\":{\"@id\":\"https:\\\/\\\/casadecampoliving.com\\\/es\\\/cine-pequeno-museo-arqueologico-regional\\\/#primaryimage\"},\"thumbnailUrl\":\"https:\\\/\\\/i0.wp.com\\\/casadecampoliving.com\\\/wp-content\\\/uploads\\\/2022\\\/10\\\/shutterstock_314007290-1.jpg?fit=1000%2C592&ssl=1\",\"keywords\":[\"actividades\",\"Adventure\",\"Altos de Chavon\",\"aventura\",\"Featured-TopView @es\",\"ni\u00f1os\",\"pel\u00edcula\",\"Proximamente\"],\"articleSection\":[\"Altos de Chavon @es\",\"Arte y cultura\",\"Estilo de Vida\",\"Eventos\",\"Proximamente\",\"Rep\u00fablica Dominicana @es\"],\"inLanguage\":\"es\"},{\"@type\":\"WebPage\",\"@id\":\"https:\\\/\\\/casadecampoliving.com\\\/es\\\/cine-pequeno-museo-arqueologico-regional\\\/\",\"url\":\"https:\\\/\\\/casadecampoliving.com\\\/es\\\/cine-pequeno-museo-arqueologico-regional\\\/\",\"name\":\"CINE PEQUE\u00d1O este viernes en el mejor teatro de Casa de Campo (\u00a1aqu\u00ed les decimos d\u00f3nde...!!) | Casa de Campo Living\",\"isPartOf\":{\"@id\":\"https:\\\/\\\/casadecampoliving.com\\\/es\\\/#website\"},\"primaryImageOfPage\":{\"@id\":\"https:\\\/\\\/casadecampoliving.com\\\/es\\\/cine-pequeno-museo-arqueologico-regional\\\/#primaryimage\"},\"image\":{\"@id\":\"https:\\\/\\\/casadecampoliving.com\\\/es\\\/cine-pequeno-museo-arqueologico-regional\\\/#primaryimage\"},\"thumbnailUrl\":\"https:\\\/\\\/i0.wp.com\\\/casadecampoliving.com\\\/wp-content\\\/uploads\\\/2022\\\/10\\\/shutterstock_314007290-1.jpg?fit=1000%2C592&ssl=1\",\"datePublished\":\"2016-07-07T04:00:00+00:00\",\"dateModified\":\"2022-10-21T22:59:55+00:00\",\"description\":\"Hace unas semanas anunciamos que el Museo Arqueol\u00f3gico Regional de Altos de Chav\u00f3n ha preparado unos incre\u00edbles talleres para ni\u00f1os este verano, y hay un\",\"breadcrumb\":{\"@id\":\"https:\\\/\\\/casadecampoliving.com\\\/es\\\/cine-pequeno-museo-arqueologico-regional\\\/#breadcrumb\"},\"inLanguage\":\"es\",\"potentialAction\":[{\"@type\":\"ReadAction\",\"target\":[\"https:\\\/\\\/casadecampoliving.com\\\/es\\\/cine-pequeno-museo-arqueologico-regional\\\/\"]}]},{\"@type\":\"ImageObject\",\"inLanguage\":\"es\",\"@id\":\"https:\\\/\\\/casadecampoliving.com\\\/es\\\/cine-pequeno-museo-arqueologico-regional\\\/#primaryimage\",\"url\":\"https:\\\/\\\/i0.wp.com\\\/casadecampoliving.com\\\/wp-content\\\/uploads\\\/2022\\\/10\\\/shutterstock_314007290-1.jpg?fit=1000%2C592&ssl=1\",\"contentUrl\":\"https:\\\/\\\/i0.wp.com\\\/casadecampoliving.com\\\/wp-content\\\/uploads\\\/2022\\\/10\\\/shutterstock_314007290-1.jpg?fit=1000%2C592&ssl=1\",\"width\":1000,\"height\":592},{\"@type\":\"BreadcrumbList\",\"@id\":\"https:\\\/\\\/casadecampoliving.com\\\/es\\\/cine-pequeno-museo-arqueologico-regional\\\/#breadcrumb\",\"itemListElement\":[{\"@type\":\"ListItem\",\"position\":1,\"name\":\"Home\",\"item\":\"https:\\\/\\\/casadecampoliving.com\\\/es\\\/\"},{\"@type\":\"ListItem\",\"position\":2,\"name\":\"CINE PEQUE\u00d1O este viernes en el mejor teatro de Casa de Campo (\u00a1aqu\u00ed les decimos d\u00f3nde&#8230;!!)\"}]},{\"@type\":\"WebSite\",\"@id\":\"https:\\\/\\\/casadecampoliving.com\\\/es\\\/#website\",\"url\":\"https:\\\/\\\/casadecampoliving.com\\\/es\\\/\",\"name\":\"Casa de Campo Living\",\"description\":\"Resort community news and resources.\",\"publisher\":{\"@id\":\"https:\\\/\\\/casadecampoliving.com\\\/es\\\/#organization\"},\"potentialAction\":[{\"@type\":\"SearchAction\",\"target\":{\"@type\":\"EntryPoint\",\"urlTemplate\":\"https:\\\/\\\/casadecampoliving.com\\\/es\\\/?s={search_term_string}\"},\"query-input\":{\"@type\":\"PropertyValueSpecification\",\"valueRequired\":true,\"valueName\":\"search_term_string\"}}],\"inLanguage\":\"es\"},{\"@type\":\"Organization\",\"@id\":\"https:\\\/\\\/casadecampoliving.com\\\/es\\\/#organization\",\"name\":\"Casa de Campo Living\",\"url\":\"https:\\\/\\\/casadecampoliving.com\\\/es\\\/\",\"logo\":{\"@type\":\"ImageObject\",\"inLanguage\":\"es\",\"@id\":\"https:\\\/\\\/casadecampoliving.com\\\/es\\\/#\\\/schema\\\/logo\\\/image\\\/\",\"url\":\"https:\\\/\\\/i0.wp.com\\\/casadecampoliving.com\\\/wp-content\\\/uploads\\\/2022\\\/07\\\/CDCLivingLogo_V1-white-sized.png?fit=800%2C214&ssl=1\",\"contentUrl\":\"https:\\\/\\\/i0.wp.com\\\/casadecampoliving.com\\\/wp-content\\\/uploads\\\/2022\\\/07\\\/CDCLivingLogo_V1-white-sized.png?fit=800%2C214&ssl=1\",\"width\":800,\"height\":214,\"caption\":\"Casa de Campo Living\"},\"image\":{\"@id\":\"https:\\\/\\\/casadecampoliving.com\\\/es\\\/#\\\/schema\\\/logo\\\/image\\\/\"},\"sameAs\":[\"https:\\\/\\\/www.facebook.com\\\/casadecampoliving\",\"https:\\\/\\\/x.com\\\/cdcliving\"]},{\"@type\":\"Person\",\"@id\":\"https:\\\/\\\/casadecampoliving.com\\\/es\\\/#\\\/schema\\\/person\\\/b6606bd87f9cec8f5903e2141cafda24\",\"name\":\"Marlenys Guzm\u00e1n Casta\u00f1os\",\"image\":{\"@type\":\"ImageObject\",\"inLanguage\":\"es\",\"@id\":\"https:\\\/\\\/secure.gravatar.com\\\/avatar\\\/72f3f86b8e6b3ec744201aeadf11d4a6055e8af194aecd9ad30ffff4437878ee?s=96&d=mm&r=g\",\"url\":\"https:\\\/\\\/secure.gravatar.com\\\/avatar\\\/72f3f86b8e6b3ec744201aeadf11d4a6055e8af194aecd9ad30ffff4437878ee?s=96&d=mm&r=g\",\"contentUrl\":\"https:\\\/\\\/secure.gravatar.com\\\/avatar\\\/72f3f86b8e6b3ec744201aeadf11d4a6055e8af194aecd9ad30ffff4437878ee?s=96&d=mm&r=g\",\"caption\":\"Marlenys Guzm\u00e1n Casta\u00f1os\"},\"url\":\"https:\\\/\\\/casadecampoliving.com\\\/es\\\/author\\\/mguzman\\\/\"}]}<\/script>\n<!-- \/ Yoast SEO plugin. -->","yoast_head_json":{"title":"CINE PEQUE\u00d1O este viernes en el mejor teatro de Casa de Campo (\u00a1aqu\u00ed les decimos d\u00f3nde...!!) | Casa de Campo Living","description":"Hace unas semanas anunciamos que el Museo Arqueol\u00f3gico Regional de Altos de Chav\u00f3n ha preparado unos incre\u00edbles talleres para ni\u00f1os este verano, y hay un","robots":{"index":"index","follow":"follow","max-snippet":"max-snippet:-1","max-image-preview":"max-image-preview:large","max-video-preview":"max-video-preview:-1"},"canonical":"https:\/\/casadecampoliving.com\/es\/cine-pequeno-museo-arqueologico-regional\/","og_locale":"es_ES","og_type":"article","og_title":"CINE PEQUE\u00d1O este viernes en el mejor teatro de Casa de Campo (\u00a1aqu\u00ed les decimos d\u00f3nde...!!) | Casa de Campo Living","og_description":"Hace unas semanas anunciamos que el Museo Arqueol\u00f3gico Regional de Altos de Chav\u00f3n ha preparado unos incre\u00edbles talleres para ni\u00f1os este verano, y hay un","og_url":"https:\/\/casadecampoliving.com\/es\/cine-pequeno-museo-arqueologico-regional\/","og_site_name":"Casa de Campo Living","article_publisher":"https:\/\/www.facebook.com\/casadecampoliving","article_published_time":"2016-07-07T04:00:00+00:00","article_modified_time":"2022-10-21T22:59:55+00:00","og_image":[{"width":1000,"height":592,"url":"https:\/\/i0.wp.com\/casadecampoliving.com\/wp-content\/uploads\/2022\/10\/shutterstock_314007290-1.jpg?fit=1000%2C592&ssl=1","type":"image\/jpeg"}],"author":"Marlenys Guzm\u00e1n Casta\u00f1os","twitter_card":"summary_large_image","twitter_creator":"@cdcliving","twitter_site":"@cdcliving","twitter_misc":{"Escrito por":"Marlenys Guzm\u00e1n Casta\u00f1os","Tiempo de lectura":"2 minutos"},"schema":{"@context":"https:\/\/schema.org","@graph":[{"@type":"Article","@id":"https:\/\/casadecampoliving.com\/es\/cine-pequeno-museo-arqueologico-regional\/#article","isPartOf":{"@id":"https:\/\/casadecampoliving.com\/es\/cine-pequeno-museo-arqueologico-regional\/"},"author":{"name":"Marlenys Guzm\u00e1n Casta\u00f1os","@id":"https:\/\/casadecampoliving.com\/es\/#\/schema\/person\/b6606bd87f9cec8f5903e2141cafda24"},"headline":"CINE PEQUE\u00d1O este viernes en el mejor teatro de Casa de Campo (\u00a1aqu\u00ed les decimos d\u00f3nde&#8230;!!)","datePublished":"2016-07-07T04:00:00+00:00","dateModified":"2022-10-21T22:59:55+00:00","mainEntityOfPage":{"@id":"https:\/\/casadecampoliving.com\/es\/cine-pequeno-museo-arqueologico-regional\/"},"wordCount":451,"publisher":{"@id":"https:\/\/casadecampoliving.com\/es\/#organization"},"image":{"@id":"https:\/\/casadecampoliving.com\/es\/cine-pequeno-museo-arqueologico-regional\/#primaryimage"},"thumbnailUrl":"https:\/\/i0.wp.com\/casadecampoliving.com\/wp-content\/uploads\/2022\/10\/shutterstock_314007290-1.jpg?fit=1000%2C592&ssl=1","keywords":["actividades","Adventure","Altos de Chavon","aventura","Featured-TopView @es","ni\u00f1os","pel\u00edcula","Proximamente"],"articleSection":["Altos de Chavon @es","Arte y cultura","Estilo de Vida","Eventos","Proximamente","Rep\u00fablica Dominicana @es"],"inLanguage":"es"},{"@type":"WebPage","@id":"https:\/\/casadecampoliving.com\/es\/cine-pequeno-museo-arqueologico-regional\/","url":"https:\/\/casadecampoliving.com\/es\/cine-pequeno-museo-arqueologico-regional\/","name":"CINE PEQUE\u00d1O este viernes en el mejor teatro de Casa de Campo (\u00a1aqu\u00ed les decimos d\u00f3nde...!!) | Casa de Campo Living","isPartOf":{"@id":"https:\/\/casadecampoliving.com\/es\/#website"},"primaryImageOfPage":{"@id":"https:\/\/casadecampoliving.com\/es\/cine-pequeno-museo-arqueologico-regional\/#primaryimage"},"image":{"@id":"https:\/\/casadecampoliving.com\/es\/cine-pequeno-museo-arqueologico-regional\/#primaryimage"},"thumbnailUrl":"https:\/\/i0.wp.com\/casadecampoliving.com\/wp-content\/uploads\/2022\/10\/shutterstock_314007290-1.jpg?fit=1000%2C592&ssl=1","datePublished":"2016-07-07T04:00:00+00:00","dateModified":"2022-10-21T22:59:55+00:00","description":"Hace unas semanas anunciamos que el Museo Arqueol\u00f3gico Regional de Altos de Chav\u00f3n ha preparado unos incre\u00edbles talleres para ni\u00f1os este verano, y hay un","breadcrumb":{"@id":"https:\/\/casadecampoliving.com\/es\/cine-pequeno-museo-arqueologico-regional\/#breadcrumb"},"inLanguage":"es","potentialAction":[{"@type":"ReadAction","target":["https:\/\/casadecampoliving.com\/es\/cine-pequeno-museo-arqueologico-regional\/"]}]},{"@type":"ImageObject","inLanguage":"es","@id":"https:\/\/casadecampoliving.com\/es\/cine-pequeno-museo-arqueologico-regional\/#primaryimage","url":"https:\/\/i0.wp.com\/casadecampoliving.com\/wp-content\/uploads\/2022\/10\/shutterstock_314007290-1.jpg?fit=1000%2C592&ssl=1","contentUrl":"https:\/\/i0.wp.com\/casadecampoliving.com\/wp-content\/uploads\/2022\/10\/shutterstock_314007290-1.jpg?fit=1000%2C592&ssl=1","width":1000,"height":592},{"@type":"BreadcrumbList","@id":"https:\/\/casadecampoliving.com\/es\/cine-pequeno-museo-arqueologico-regional\/#breadcrumb","itemListElement":[{"@type":"ListItem","position":1,"name":"Home","item":"https:\/\/casadecampoliving.com\/es\/"},{"@type":"ListItem","position":2,"name":"CINE PEQUE\u00d1O este viernes en el mejor teatro de Casa de Campo (\u00a1aqu\u00ed les decimos d\u00f3nde&#8230;!!)"}]},{"@type":"WebSite","@id":"https:\/\/casadecampoliving.com\/es\/#website","url":"https:\/\/casadecampoliving.com\/es\/","name":"Casa de Campo Living","description":"Resort community news and resources.","publisher":{"@id":"https:\/\/casadecampoliving.com\/es\/#organization"},"potentialAction":[{"@type":"SearchAction","target":{"@type":"EntryPoint","urlTemplate":"https:\/\/casadecampoliving.com\/es\/?s={search_term_string}"},"query-input":{"@type":"PropertyValueSpecification","valueRequired":true,"valueName":"search_term_string"}}],"inLanguage":"es"},{"@type":"Organization","@id":"https:\/\/casadecampoliving.com\/es\/#organization","name":"Casa de Campo Living","url":"https:\/\/casadecampoliving.com\/es\/","logo":{"@type":"ImageObject","inLanguage":"es","@id":"https:\/\/casadecampoliving.com\/es\/#\/schema\/logo\/image\/","url":"https:\/\/i0.wp.com\/casadecampoliving.com\/wp-content\/uploads\/2022\/07\/CDCLivingLogo_V1-white-sized.png?fit=800%2C214&ssl=1","contentUrl":"https:\/\/i0.wp.com\/casadecampoliving.com\/wp-content\/uploads\/2022\/07\/CDCLivingLogo_V1-white-sized.png?fit=800%2C214&ssl=1","width":800,"height":214,"caption":"Casa de Campo Living"},"image":{"@id":"https:\/\/casadecampoliving.com\/es\/#\/schema\/logo\/image\/"},"sameAs":["https:\/\/www.facebook.com\/casadecampoliving","https:\/\/x.com\/cdcliving"]},{"@type":"Person","@id":"https:\/\/casadecampoliving.com\/es\/#\/schema\/person\/b6606bd87f9cec8f5903e2141cafda24","name":"Marlenys Guzm\u00e1n Casta\u00f1os","image":{"@type":"ImageObject","inLanguage":"es","@id":"https:\/\/secure.gravatar.com\/avatar\/72f3f86b8e6b3ec744201aeadf11d4a6055e8af194aecd9ad30ffff4437878ee?s=96&d=mm&r=g","url":"https:\/\/secure.gravatar.com\/avatar\/72f3f86b8e6b3ec744201aeadf11d4a6055e8af194aecd9ad30ffff4437878ee?s=96&d=mm&r=g","contentUrl":"https:\/\/secure.gravatar.com\/avatar\/72f3f86b8e6b3ec744201aeadf11d4a6055e8af194aecd9ad30ffff4437878ee?s=96&d=mm&r=g","caption":"Marlenys Guzm\u00e1n Casta\u00f1os"},"url":"https:\/\/casadecampoliving.com\/es\/author\/mguzman\/"}]}},"parsely":{"version":"1.1.0","canonical_url":"https:\/\/casadecampoliving.com\/es\/cine-pequeno-museo-arqueologico-regional\/","smart_links":{"inbound":0,"outbound":0},"traffic_boost_suggestions_count":0,"meta":{"@context":"https:\/\/schema.org","@type":"NewsArticle","headline":"CINE PEQUE\u00d1O este viernes en el mejor teatro de Casa de Campo (\u00a1aqu\u00ed les decimos d\u00f3nde&#8230;!!)","url":"http:\/\/casadecampoliving.com\/es\/cine-pequeno-museo-arqueologico-regional\/","mainEntityOfPage":{"@type":"WebPage","@id":"http:\/\/casadecampoliving.com\/es\/cine-pequeno-museo-arqueologico-regional\/"},"thumbnailUrl":"https:\/\/i0.wp.com\/casadecampoliving.com\/wp-content\/uploads\/2022\/10\/shutterstock_314007290-1.jpg?resize=150%2C150&ssl=1","image":{"@type":"ImageObject","url":"https:\/\/i0.wp.com\/casadecampoliving.com\/wp-content\/uploads\/2022\/10\/shutterstock_314007290-1.jpg?fit=1000%2C592&ssl=1"},"articleSection":"Altos de Chavon @es","author":[{"@type":"Person","name":"Marlenys Guzm\u00e1n Casta\u00f1os"}],"creator":["Marlenys Guzm\u00e1n Casta\u00f1os"],"publisher":{"@type":"Organization","name":"Casa de Campo Living","logo":"https:\/\/casadecampoliving.com\/wp-content\/uploads\/2022\/07\/CDCLivingLogo_V1-white-sized.png"},"keywords":["actividades","adventure","altos de chavon","aventura","featured-topview @es","ni\u00f1os","pel\u00edcula","proximamente"],"dateCreated":"2016-07-07T04:00:00Z","datePublished":"2016-07-07T04:00:00Z","dateModified":"2022-10-21T22:59:55Z"},"rendered":"<script type=\"application\/ld+json\" class=\"wp-parsely-metadata\">{\"@context\":\"https:\\\/\\\/schema.org\",\"@type\":\"NewsArticle\",\"headline\":\"CINE PEQUE\\u00d1O este viernes en el mejor teatro de Casa de Campo (\\u00a1aqu\\u00ed les decimos d\\u00f3nde&#8230;!!)\",\"url\":\"http:\\\/\\\/casadecampoliving.com\\\/es\\\/cine-pequeno-museo-arqueologico-regional\\\/\",\"mainEntityOfPage\":{\"@type\":\"WebPage\",\"@id\":\"http:\\\/\\\/casadecampoliving.com\\\/es\\\/cine-pequeno-museo-arqueologico-regional\\\/\"},\"thumbnailUrl\":\"https:\\\/\\\/i0.wp.com\\\/casadecampoliving.com\\\/wp-content\\\/uploads\\\/2022\\\/10\\\/shutterstock_314007290-1.jpg?resize=150%2C150&ssl=1\",\"image\":{\"@type\":\"ImageObject\",\"url\":\"https:\\\/\\\/i0.wp.com\\\/casadecampoliving.com\\\/wp-content\\\/uploads\\\/2022\\\/10\\\/shutterstock_314007290-1.jpg?fit=1000%2C592&ssl=1\"},\"articleSection\":\"Altos de Chavon @es\",\"author\":[{\"@type\":\"Person\",\"name\":\"Marlenys Guzm\\u00e1n Casta\\u00f1os\"}],\"creator\":[\"Marlenys Guzm\\u00e1n Casta\\u00f1os\"],\"publisher\":{\"@type\":\"Organization\",\"name\":\"Casa de Campo Living\",\"logo\":\"https:\\\/\\\/casadecampoliving.com\\\/wp-content\\\/uploads\\\/2022\\\/07\\\/CDCLivingLogo_V1-white-sized.png\"},\"keywords\":[\"actividades\",\"adventure\",\"altos de chavon\",\"aventura\",\"featured-topview @es\",\"ni\\u00f1os\",\"pel\\u00edcula\",\"proximamente\"],\"dateCreated\":\"2016-07-07T04:00:00Z\",\"datePublished\":\"2016-07-07T04:00:00Z\",\"dateModified\":\"2022-10-21T22:59:55Z\"}<\/script>","tracker_url":"https:\/\/cdn.parsely.com\/keys\/casadecampoliving.com\/p.js"},"jetpack_publicize_connections":[],"jetpack_featured_media_url":"https:\/\/i0.wp.com\/casadecampoliving.com\/wp-content\/uploads\/2022\/10\/shutterstock_314007290-1.jpg?fit=1000%2C592&ssl=1","jetpack-related-posts":[{"id":350224,"url":"https:\/\/casadecampoliving.com\/es\/pelicula-en-la-ultima-entrega-de-cine-pequeno-de-verano-aqui-les-tenemos-pistas\/","url_meta":{"origin":350140,"position":0},"title":"\u00bfPueden adivinar cu\u00e1l pel\u00edcula estar\u00e1n presentando en la ultima entrega de Cine Peque\u00f1o de Verano este viernes? \u00a1Aqu\u00ed les tenemos pistas!","author":"Carla Campos","date":"20 Jul, 2016","format":false,"excerpt":"Esta semana es su\u00a0\u00faltima oportunidad de llevar a sus hijos a \u201cCine Peque\u00f1o \u00a0de Verano\u201d organizado por el Museo Arqueol\u00f3gico Regional de Altos de Chav\u00f3n donde se estar\u00e1 proyectando\u00a0un favorito de todos los tiempos \u2013 (\u00a1no podemos revelar el nombre!). Esta es tambi\u00e9n la \u00faltima semana de sus talleres de\u2026","rel":"","context":"En \u00abAltos de Chavon @es\u00bb","block_context":{"text":"Altos de Chavon @es","link":"https:\/\/casadecampoliving.com\/category\/altos-de-chavon-es\/"},"img":{"alt_text":"Little Summer Cinema","src":"https:\/\/i0.wp.com\/casadecampoliving.com\/wp-content\/uploads\/2022\/10\/shutterstock_303306602-e1469032988614.jpg?fit=1000%2C600&ssl=1&resize=350%2C200","width":350,"height":200,"srcset":"https:\/\/i0.wp.com\/casadecampoliving.com\/wp-content\/uploads\/2022\/10\/shutterstock_303306602-e1469032988614.jpg?fit=1000%2C600&ssl=1&resize=350%2C200 1x, https:\/\/i0.wp.com\/casadecampoliving.com\/wp-content\/uploads\/2022\/10\/shutterstock_303306602-e1469032988614.jpg?fit=1000%2C600&ssl=1&resize=525%2C300 1.5x, https:\/\/i0.wp.com\/casadecampoliving.com\/wp-content\/uploads\/2022\/10\/shutterstock_303306602-e1469032988614.jpg?fit=1000%2C600&ssl=1&resize=700%2C400 2x"},"classes":[]},{"id":349914,"url":"https:\/\/casadecampoliving.com\/es\/talleres-de-verano-en-casa-de-campo\/","url_meta":{"origin":350140,"position":1},"title":"El Museo Arqueol\u00f3gico Regional presenta sus talleres de verano para ni\u00f1os \u00abExploraciones Creativas\u00bb","author":"Heather Lincoln","date":"1 Jun, 2016","format":false,"excerpt":"El verano es el momento perfecto para experimentar con los colores, ensuciarse las manos, y dejar volar su imaginaci\u00f3n. El Museo Arqueol\u00f3gico Regional en Altos de Chav\u00f3n ha preparado unos incre\u00edbles talleres para los ni\u00f1os y adolescentes que hace que sea f\u00e1cil y entretenido explorar nuevas t\u00e9cnicas de dise\u00f1o. \u201cTira\u2026","rel":"","context":"En \u00abAltos de Chavon @es\u00bb","block_context":{"text":"Altos de Chavon @es","link":"https:\/\/casadecampoliving.com\/category\/altos-de-chavon-es\/"},"img":{"alt_text":"Featured Image Museum Summer Workshops","src":"https:\/\/i0.wp.com\/casadecampoliving.com\/wp-content\/uploads\/2022\/10\/Featured-Image-Museum-Summer-Workshops-1.jpg?fit=960%2C720&ssl=1&resize=350%2C200","width":350,"height":200,"srcset":"https:\/\/i0.wp.com\/casadecampoliving.com\/wp-content\/uploads\/2022\/10\/Featured-Image-Museum-Summer-Workshops-1.jpg?fit=960%2C720&ssl=1&resize=350%2C200 1x, https:\/\/i0.wp.com\/casadecampoliving.com\/wp-content\/uploads\/2022\/10\/Featured-Image-Museum-Summer-Workshops-1.jpg?fit=960%2C720&ssl=1&resize=525%2C300 1.5x, https:\/\/i0.wp.com\/casadecampoliving.com\/wp-content\/uploads\/2022\/10\/Featured-Image-Museum-Summer-Workshops-1.jpg?fit=960%2C720&ssl=1&resize=700%2C400 2x"},"classes":[]},{"id":345458,"url":"https:\/\/casadecampoliving.com\/es\/el-paraiso-de-los-ninos-arte-juegos-peliculas\/","url_meta":{"origin":350140,"position":2},"title":"\u00a1El para\u00edso de los ni\u00f1os: arte, juegos &#038; pel\u00edculas!","author":"Daniela Medina","date":"26 Sep, 2014","format":false,"excerpt":"\u00bfDiversi\u00f3n? \u00a1Pues, les tenemos un lugar en donde sus hijos podr\u00e1n disfrutar de una tarde llena de todo tipo de actividades! El Museo Arqueol\u00f3gico Regional Altos de Chav\u00f3n invita a todos los ni\u00f1os a disfrutar de una Tarde M\u00e1gica en el Museo. \u00a0Los ni\u00f1os disfrutar\u00e1n de una tarde llena de\u2026","rel":"","context":"En \u00abAltos de Chavon @es\u00bb","block_context":{"text":"Altos de Chavon @es","link":"https:\/\/casadecampoliving.com\/category\/altos-de-chavon-es\/"},"img":{"alt_text":"","src":"https:\/\/i0.wp.com\/casadecampoliving.com\/wp-content\/uploads\/2022\/10\/Museo-Arqueologico-1.jpg?fit=1024%2C683&ssl=1&resize=350%2C200","width":350,"height":200,"srcset":"https:\/\/i0.wp.com\/casadecampoliving.com\/wp-content\/uploads\/2022\/10\/Museo-Arqueologico-1.jpg?fit=1024%2C683&ssl=1&resize=350%2C200 1x, https:\/\/i0.wp.com\/casadecampoliving.com\/wp-content\/uploads\/2022\/10\/Museo-Arqueologico-1.jpg?fit=1024%2C683&ssl=1&resize=525%2C300 1.5x, https:\/\/i0.wp.com\/casadecampoliving.com\/wp-content\/uploads\/2022\/10\/Museo-Arqueologico-1.jpg?fit=1024%2C683&ssl=1&resize=700%2C400 2x"},"classes":[]},{"id":433460,"url":"https:\/\/casadecampoliving.com\/es\/no-se-pierdan-el-increible-tributo-a-frank-sinatra-para-celebrar-el-40-aniversario-del-anfiteatro-altos-de-chavon\/","url_meta":{"origin":350140,"position":3},"title":"No se pierdan el incre\u00edble tributo a Frank Sinatra para celebrar el 40 aniversario del\u00a0Anfiteatro Altos de Chav\u00f3n","author":"Casa de Campo Living","date":"20 Oct, 2022","format":false,"excerpt":"Siendo uno de los escenarios m\u00e1s emblem\u00e1ticos del pa\u00eds, Casa de Campo Resort\u00ae & Villas celebra las cuatro d\u00e9cadas de aniversario de Altos de Chav\u00f3n con un tributo al gran Frank Sinatra, protagonizado por artistas invitados y una big band tal cual la que acompa\u00f1\u00f3 al artista hace 40 a\u00f1os\u2026","rel":"","context":"En \u00abUncategorized @es\u00bb","block_context":{"text":"Uncategorized @es","link":"https:\/\/casadecampoliving.com\/es\/category\/uncategorized-es\/"},"img":{"alt_text":"","src":"https:\/\/i0.wp.com\/casadecampoliving.com\/wp-content\/uploads\/2022\/10\/Tributo-Frank-Sinatra-Foto-Principal-Amaury-Sanchez-Danilo-Ginebra-Andres-Pichardo-y-Jose-Gabriel-Perez-.jpg?fit=1200%2C873&ssl=1&resize=350%2C200","width":350,"height":200,"srcset":"https:\/\/i0.wp.com\/casadecampoliving.com\/wp-content\/uploads\/2022\/10\/Tributo-Frank-Sinatra-Foto-Principal-Amaury-Sanchez-Danilo-Ginebra-Andres-Pichardo-y-Jose-Gabriel-Perez-.jpg?fit=1200%2C873&ssl=1&resize=350%2C200 1x, https:\/\/i0.wp.com\/casadecampoliving.com\/wp-content\/uploads\/2022\/10\/Tributo-Frank-Sinatra-Foto-Principal-Amaury-Sanchez-Danilo-Ginebra-Andres-Pichardo-y-Jose-Gabriel-Perez-.jpg?fit=1200%2C873&ssl=1&resize=525%2C300 1.5x, https:\/\/i0.wp.com\/casadecampoliving.com\/wp-content\/uploads\/2022\/10\/Tributo-Frank-Sinatra-Foto-Principal-Amaury-Sanchez-Danilo-Ginebra-Andres-Pichardo-y-Jose-Gabriel-Perez-.jpg?fit=1200%2C873&ssl=1&resize=700%2C400 2x, https:\/\/i0.wp.com\/casadecampoliving.com\/wp-content\/uploads\/2022\/10\/Tributo-Frank-Sinatra-Foto-Principal-Amaury-Sanchez-Danilo-Ginebra-Andres-Pichardo-y-Jose-Gabriel-Perez-.jpg?fit=1200%2C873&ssl=1&resize=1050%2C600 3x"},"classes":[]},{"id":343524,"url":"https:\/\/casadecampoliving.com\/es\/cine-infantil-altos-de-chavon\/","url_meta":{"origin":350140,"position":4},"title":"Cine navide\u00f1o infantil en el museo Altos de Chav\u00f3n","author":"Perkin Agramonte","date":"19 Dic, 2013","format":false,"excerpt":"Traiga a sus peque\u00f1itos a formar parte de una aventura de Navidad, con una pel\u00edcula en el Museo Arqueol\u00f3gico Altos de Chav\u00f3n el 26 de diciembre. Siguiendo con toda la emoci\u00f3n que trae la Navidad, \u00a1Que mejor forma de continuar celebrando las felices fiestas que con una divertida pel\u00edcula navide\u00f1a!\u2026","rel":"","context":"En \u00abAltos de Chavon @es\u00bb","block_context":{"text":"Altos de Chavon @es","link":"https:\/\/casadecampoliving.com\/category\/altos-de-chavon-es\/"},"img":{"alt_text":"Christmas children","src":"https:\/\/i0.wp.com\/casadecampoliving.com\/wp-content\/uploads\/2022\/10\/christmas_children-3.jpg?fit=650%2C410&ssl=1&resize=350%2C200","width":350,"height":200,"srcset":"https:\/\/i0.wp.com\/casadecampoliving.com\/wp-content\/uploads\/2022\/10\/christmas_children-3.jpg?fit=650%2C410&ssl=1&resize=350%2C200 1x, https:\/\/i0.wp.com\/casadecampoliving.com\/wp-content\/uploads\/2022\/10\/christmas_children-3.jpg?fit=650%2C410&ssl=1&resize=525%2C300 1.5x"},"classes":[]},{"id":345149,"url":"https:\/\/casadecampoliving.com\/es\/tarde-magica-en-el-museo\/","url_meta":{"origin":350140,"position":5},"title":"Tarde m\u00e1gica en el Museo!!!","author":"Daniela Medina","date":"22 Ago, 2014","format":false,"excerpt":"\u00bfBuscando la manera para entretener a sus peque\u00f1os el viernes? \u00a1Pues la Tarde M\u00e1gica en el Museo es la mejor opci\u00f3n!\u00a0 El Museo Arqueol\u00f3gico Regional Altos de Chav\u00f3n invita a todos los ni\u00f1os a disfrutar de una Tarde M\u00e1gica en el Museo. \u00a0Los ni\u00f1os disfrutar\u00e1n de una tarde llena de\u2026","rel":"","context":"En \u00abAltos de Chavon @es\u00bb","block_context":{"text":"Altos de Chavon @es","link":"https:\/\/casadecampoliving.com\/category\/altos-de-chavon-es\/"},"img":{"alt_text":"","src":"https:\/\/i0.wp.com\/casadecampoliving.com\/wp-content\/uploads\/2022\/10\/tarde_de_juegos_dominicanos-1.jpg?fit=650%2C434&ssl=1&resize=350%2C200","width":350,"height":200,"srcset":"https:\/\/i0.wp.com\/casadecampoliving.com\/wp-content\/uploads\/2022\/10\/tarde_de_juegos_dominicanos-1.jpg?fit=650%2C434&ssl=1&resize=350%2C200 1x, https:\/\/i0.wp.com\/casadecampoliving.com\/wp-content\/uploads\/2022\/10\/tarde_de_juegos_dominicanos-1.jpg?fit=650%2C434&ssl=1&resize=525%2C300 1.5x"},"classes":[]}],"jetpack_sharing_enabled":true,"_links":{"self":[{"href":"https:\/\/casadecampoliving.com\/es\/wp-json\/wp\/v2\/posts\/350140","targetHints":{"allow":["GET"]}}],"collection":[{"href":"https:\/\/casadecampoliving.com\/es\/wp-json\/wp\/v2\/posts"}],"about":[{"href":"https:\/\/casadecampoliving.com\/es\/wp-json\/wp\/v2\/types\/post"}],"author":[{"embeddable":true,"href":"https:\/\/casadecampoliving.com\/es\/wp-json\/wp\/v2\/users\/36682"}],"replies":[{"embeddable":true,"href":"https:\/\/casadecampoliving.com\/es\/wp-json\/wp\/v2\/comments?post=350140"}],"version-history":[{"count":1,"href":"https:\/\/casadecampoliving.com\/es\/wp-json\/wp\/v2\/posts\/350140\/revisions"}],"predecessor-version":[{"id":350143,"href":"https:\/\/casadecampoliving.com\/es\/wp-json\/wp\/v2\/posts\/350140\/revisions\/350143"}],"wp:featuredmedia":[{"embeddable":true,"href":"https:\/\/casadecampoliving.com\/es\/wp-json\/wp\/v2\/media\/280308"}],"wp:attachment":[{"href":"https:\/\/casadecampoliving.com\/es\/wp-json\/wp\/v2\/media?parent=350140"}],"wp:term":[{"taxonomy":"category","embeddable":true,"href":"https:\/\/casadecampoliving.com\/es\/wp-json\/wp\/v2\/categories?post=350140"},{"taxonomy":"post_tag","embeddable":true,"href":"https:\/\/casadecampoliving.com\/es\/wp-json\/wp\/v2\/tags?post=350140"},{"taxonomy":"newspack_spnsrs_tax","embeddable":true,"href":"https:\/\/casadecampoliving.com\/es\/wp-json\/wp\/v2\/newspack_spnsrs_tax?post=350140"}],"curies":[{"name":"wp","href":"https:\/\/api.w.org\/{rel}","templated":true}]}}