{"id":350104,"date":"2016-07-03T00:00:00","date_gmt":"2016-07-03T04:00:00","guid":{"rendered":"https:\/\/casadecampoliving.com\/campamento-fundacion-mir-casa-de-campo\/"},"modified":"2022-11-10T10:34:34","modified_gmt":"2022-11-10T14:34:34","slug":"campamento-fundacion-mir-casa-de-campo","status":"publish","type":"post","link":"https:\/\/casadecampoliving.com\/es\/campamento-fundacion-mir-casa-de-campo\/","title":{"rendered":"Los peque\u00f1os de Fundaci\u00f3n MIR disfrutaron de un fant\u00e1stico campamento en Casa de Campo"},"content":{"rendered":"<p style=\"text-align: justify;\"><span style=\"font-weight: 400;\">Grupos de peque\u00f1os juguetones de Fundaci\u00f3n MIR participaron recientemente en un campamento de verano en El Cacique en Casa de Campo del 13 a 17 junio. Organizado por Lourdes Fanjul, este campamento uni\u00f3 a ni\u00f1os y voluntarios en talleres de aprendizaje de la diversi\u00f3n y juegos al aire libre y ven\u00eda con sonrisas por todos lados.<\/span><\/p>\n<!--more-->\n\n<img data-recalc-dims=\"1\" loading=\"lazy\" decoding=\"async\" class=\"aligncenter size-full wp-image-120240\" src=\"https:\/\/i0.wp.com\/casadecampoliving.com\/wp-content\/uploads\/2022\/10\/Body-Image-Fundacion-MIR-Summer-Camp.jpg?resize=1000%2C600&#038;ssl=1\" alt=\"Body Image Fundacion MIR Summer Camp\" width=\"1000\" height=\"600\" \/>\n<p style=\"text-align: justify;\"><span style=\"font-weight: 400;\">Alrededor de cincuenta ni\u00f1os por d\u00eda a desde pre-primero, primero, segundo y tercer grado, disfrutaron de clases de artes y artesan\u00edas, pintura con esponja y dibujo con colores vivos brillantes y deportes al aire libre como el baloncesto, el f\u00fatbol, y el f\u00fatbol.<\/span><\/p>\n<img data-recalc-dims=\"1\" loading=\"lazy\" decoding=\"async\" class=\"aligncenter size-full wp-image-120241\" src=\"https:\/\/i0.wp.com\/casadecampoliving.com\/wp-content\/uploads\/2022\/10\/Kids-Fundacion-MIR-Summer-Camp.jpg?resize=1000%2C600&#038;ssl=1\" alt=\"Kids Fundacion MIR Summer Camp\" width=\"1000\" height=\"600\" \/>\n<p style=\"text-align: justify;\"><span style=\"font-weight: 400;\">Tambi\u00e9n corrieron en el jard\u00edn, disfrutaron de los juegos para ni\u00f1os que all\u00ed se encontraban y en el interior jugaban en c\u00edrculos, pas\u00e1ndose pelotas o jugando Twister. Fue un d\u00eda lleno de actividad y diversi\u00f3n!<\/span><\/p>\n<img data-recalc-dims=\"1\" loading=\"lazy\" decoding=\"async\" class=\"aligncenter size-full wp-image-120242\" src=\"https:\/\/i0.wp.com\/casadecampoliving.com\/wp-content\/uploads\/2022\/10\/Children-Fundacion-MIR-Summer-Camp.jpg?resize=1000%2C600&#038;ssl=1\" alt=\"Children Fundacion MIR Summer Camp\" width=\"1000\" height=\"600\" \/>\n<p style=\"text-align: justify;\"><span style=\"font-weight: 400;\">M\u00e1s tarde se dirigieron a playa Minitas, donde se encontraron con enormes juegos inflables! Los ni\u00f1os subieron hasta la cima, y se deslizaron todo el camino hacia abajo. All\u00ed tambi\u00e9n almorzaron y comieron helado! Queremos felicitar a todos los voluntarios por su gran ayuda en este maravilloso campamento para los ninos de MIR y a Lourdes Fanjul por este hermoso dia para ellos.<\/span><\/p>\n<span style=\"font-weight: 400;\">Vea la galer\u00eda de fotos m\u00e1s abajo gracias a la Fundaci\u00f3n MIR:<\/span>\n\n<b>\n<figure class=\"wp-block-gallery has-nested-images columns-default is-cropped wp-block-gallery-1 is-layout-flex wp-block-gallery-is-layout-flex\">\n<figure class=\"wp-block-image size-large\"><img data-recalc-dims=\"1\" loading=\"lazy\" decoding=\"async\" width=\"480\" height=\"640\" data-id=\"403608\" src=\"https:\/\/i0.wp.com\/casadecampoliving.com\/wp-content\/uploads\/2022\/10\/mir_summer_camp_lourdes_fanjul_01.jpg?resize=480%2C640&#038;ssl=1\" alt=\"\" class=\"wp-image-403608\" srcset=\"https:\/\/i0.wp.com\/casadecampoliving.com\/wp-content\/uploads\/2022\/10\/mir_summer_camp_lourdes_fanjul_01.jpg?w=480&amp;ssl=1 480w, https:\/\/i0.wp.com\/casadecampoliving.com\/wp-content\/uploads\/2022\/10\/mir_summer_camp_lourdes_fanjul_01.jpg?resize=225%2C300&amp;ssl=1 225w, https:\/\/i0.wp.com\/casadecampoliving.com\/wp-content\/uploads\/2022\/10\/mir_summer_camp_lourdes_fanjul_01.jpg?resize=300%2C400&amp;ssl=1 300w, https:\/\/i0.wp.com\/casadecampoliving.com\/wp-content\/uploads\/2022\/10\/mir_summer_camp_lourdes_fanjul_01.jpg?resize=150%2C200&amp;ssl=1 150w, https:\/\/i0.wp.com\/casadecampoliving.com\/wp-content\/uploads\/2022\/10\/mir_summer_camp_lourdes_fanjul_01.jpg?resize=400%2C533&amp;ssl=1 400w, https:\/\/i0.wp.com\/casadecampoliving.com\/wp-content\/uploads\/2022\/10\/mir_summer_camp_lourdes_fanjul_01.jpg?w=370&amp;ssl=1 370w\" sizes=\"auto, (max-width: 480px) 100vw, 480px\" \/><\/figure>\n\n\n\n<figure class=\"wp-block-image size-large\"><img data-recalc-dims=\"1\" loading=\"lazy\" decoding=\"async\" width=\"640\" height=\"480\" data-id=\"403631\" src=\"https:\/\/i0.wp.com\/casadecampoliving.com\/wp-content\/uploads\/2022\/10\/mir_summer_camp_lourdes_fanjul_02.jpg?resize=640%2C480&#038;ssl=1\" alt=\"\" class=\"wp-image-403631\" srcset=\"https:\/\/i0.wp.com\/casadecampoliving.com\/wp-content\/uploads\/2022\/10\/mir_summer_camp_lourdes_fanjul_02.jpg?w=640&amp;ssl=1 640w, https:\/\/i0.wp.com\/casadecampoliving.com\/wp-content\/uploads\/2022\/10\/mir_summer_camp_lourdes_fanjul_02.jpg?resize=300%2C225&amp;ssl=1 300w, https:\/\/i0.wp.com\/casadecampoliving.com\/wp-content\/uploads\/2022\/10\/mir_summer_camp_lourdes_fanjul_02.jpg?resize=400%2C300&amp;ssl=1 400w, https:\/\/i0.wp.com\/casadecampoliving.com\/wp-content\/uploads\/2022\/10\/mir_summer_camp_lourdes_fanjul_02.jpg?resize=200%2C150&amp;ssl=1 200w, https:\/\/i0.wp.com\/casadecampoliving.com\/wp-content\/uploads\/2022\/10\/mir_summer_camp_lourdes_fanjul_02.jpg?resize=150%2C113&amp;ssl=1 150w, https:\/\/i0.wp.com\/casadecampoliving.com\/wp-content\/uploads\/2022\/10\/mir_summer_camp_lourdes_fanjul_02.jpg?w=370&amp;ssl=1 370w\" sizes=\"auto, (max-width: 640px) 100vw, 640px\" \/><\/figure>\n\n\n\n<figure class=\"wp-block-image size-large\"><img data-recalc-dims=\"1\" loading=\"lazy\" decoding=\"async\" width=\"480\" height=\"640\" data-id=\"403656\" src=\"https:\/\/i0.wp.com\/casadecampoliving.com\/wp-content\/uploads\/2022\/10\/mir_summer_camp_lourdes_fanjul_03.jpg?resize=480%2C640&#038;ssl=1\" alt=\"\" class=\"wp-image-403656\" srcset=\"https:\/\/i0.wp.com\/casadecampoliving.com\/wp-content\/uploads\/2022\/10\/mir_summer_camp_lourdes_fanjul_03.jpg?w=480&amp;ssl=1 480w, https:\/\/i0.wp.com\/casadecampoliving.com\/wp-content\/uploads\/2022\/10\/mir_summer_camp_lourdes_fanjul_03.jpg?resize=225%2C300&amp;ssl=1 225w, https:\/\/i0.wp.com\/casadecampoliving.com\/wp-content\/uploads\/2022\/10\/mir_summer_camp_lourdes_fanjul_03.jpg?resize=300%2C400&amp;ssl=1 300w, https:\/\/i0.wp.com\/casadecampoliving.com\/wp-content\/uploads\/2022\/10\/mir_summer_camp_lourdes_fanjul_03.jpg?resize=150%2C200&amp;ssl=1 150w, https:\/\/i0.wp.com\/casadecampoliving.com\/wp-content\/uploads\/2022\/10\/mir_summer_camp_lourdes_fanjul_03.jpg?resize=400%2C533&amp;ssl=1 400w, https:\/\/i0.wp.com\/casadecampoliving.com\/wp-content\/uploads\/2022\/10\/mir_summer_camp_lourdes_fanjul_03.jpg?w=370&amp;ssl=1 370w\" sizes=\"auto, (max-width: 480px) 100vw, 480px\" \/><\/figure>\n\n\n\n<figure class=\"wp-block-image size-large\"><img data-recalc-dims=\"1\" loading=\"lazy\" decoding=\"async\" width=\"480\" height=\"640\" data-id=\"403681\" src=\"https:\/\/i0.wp.com\/casadecampoliving.com\/wp-content\/uploads\/2022\/10\/mir_summer_camp_lourdes_fanjul_04.jpg?resize=480%2C640&#038;ssl=1\" alt=\"\" class=\"wp-image-403681\" srcset=\"https:\/\/i0.wp.com\/casadecampoliving.com\/wp-content\/uploads\/2022\/10\/mir_summer_camp_lourdes_fanjul_04.jpg?w=480&amp;ssl=1 480w, https:\/\/i0.wp.com\/casadecampoliving.com\/wp-content\/uploads\/2022\/10\/mir_summer_camp_lourdes_fanjul_04.jpg?resize=225%2C300&amp;ssl=1 225w, https:\/\/i0.wp.com\/casadecampoliving.com\/wp-content\/uploads\/2022\/10\/mir_summer_camp_lourdes_fanjul_04.jpg?resize=300%2C400&amp;ssl=1 300w, https:\/\/i0.wp.com\/casadecampoliving.com\/wp-content\/uploads\/2022\/10\/mir_summer_camp_lourdes_fanjul_04.jpg?resize=150%2C200&amp;ssl=1 150w, https:\/\/i0.wp.com\/casadecampoliving.com\/wp-content\/uploads\/2022\/10\/mir_summer_camp_lourdes_fanjul_04.jpg?resize=400%2C533&amp;ssl=1 400w, https:\/\/i0.wp.com\/casadecampoliving.com\/wp-content\/uploads\/2022\/10\/mir_summer_camp_lourdes_fanjul_04.jpg?w=370&amp;ssl=1 370w\" sizes=\"auto, (max-width: 480px) 100vw, 480px\" \/><\/figure>\n\n\n\n<figure class=\"wp-block-image size-large\"><img data-recalc-dims=\"1\" loading=\"lazy\" decoding=\"async\" width=\"480\" height=\"640\" data-id=\"403697\" src=\"https:\/\/i0.wp.com\/casadecampoliving.com\/wp-content\/uploads\/2022\/10\/mir_summer_camp_lourdes_fanjul_05.jpg?resize=480%2C640&#038;ssl=1\" alt=\"\" class=\"wp-image-403697\" srcset=\"https:\/\/i0.wp.com\/casadecampoliving.com\/wp-content\/uploads\/2022\/10\/mir_summer_camp_lourdes_fanjul_05.jpg?w=480&amp;ssl=1 480w, https:\/\/i0.wp.com\/casadecampoliving.com\/wp-content\/uploads\/2022\/10\/mir_summer_camp_lourdes_fanjul_05.jpg?resize=225%2C300&amp;ssl=1 225w, https:\/\/i0.wp.com\/casadecampoliving.com\/wp-content\/uploads\/2022\/10\/mir_summer_camp_lourdes_fanjul_05.jpg?resize=300%2C400&amp;ssl=1 300w, https:\/\/i0.wp.com\/casadecampoliving.com\/wp-content\/uploads\/2022\/10\/mir_summer_camp_lourdes_fanjul_05.jpg?resize=150%2C200&amp;ssl=1 150w, https:\/\/i0.wp.com\/casadecampoliving.com\/wp-content\/uploads\/2022\/10\/mir_summer_camp_lourdes_fanjul_05.jpg?resize=400%2C533&amp;ssl=1 400w, https:\/\/i0.wp.com\/casadecampoliving.com\/wp-content\/uploads\/2022\/10\/mir_summer_camp_lourdes_fanjul_05.jpg?w=370&amp;ssl=1 370w\" sizes=\"auto, (max-width: 480px) 100vw, 480px\" \/><\/figure>\n\n\n\n<figure class=\"wp-block-image size-large\"><img data-recalc-dims=\"1\" loading=\"lazy\" decoding=\"async\" width=\"800\" height=\"600\" data-id=\"403722\" src=\"https:\/\/i0.wp.com\/casadecampoliving.com\/wp-content\/uploads\/2022\/10\/mir_summer_camp_lourdes_fanjul_06.jpg?resize=800%2C600&#038;ssl=1\" alt=\"\" class=\"wp-image-403722\" srcset=\"https:\/\/i0.wp.com\/casadecampoliving.com\/wp-content\/uploads\/2022\/10\/mir_summer_camp_lourdes_fanjul_06.jpg?w=800&amp;ssl=1 800w, https:\/\/i0.wp.com\/casadecampoliving.com\/wp-content\/uploads\/2022\/10\/mir_summer_camp_lourdes_fanjul_06.jpg?resize=300%2C225&amp;ssl=1 300w, https:\/\/i0.wp.com\/casadecampoliving.com\/wp-content\/uploads\/2022\/10\/mir_summer_camp_lourdes_fanjul_06.jpg?resize=768%2C576&amp;ssl=1 768w, https:\/\/i0.wp.com\/casadecampoliving.com\/wp-content\/uploads\/2022\/10\/mir_summer_camp_lourdes_fanjul_06.jpg?resize=400%2C300&amp;ssl=1 400w, https:\/\/i0.wp.com\/casadecampoliving.com\/wp-content\/uploads\/2022\/10\/mir_summer_camp_lourdes_fanjul_06.jpg?resize=200%2C150&amp;ssl=1 200w, https:\/\/i0.wp.com\/casadecampoliving.com\/wp-content\/uploads\/2022\/10\/mir_summer_camp_lourdes_fanjul_06.jpg?resize=706%2C530&amp;ssl=1 706w, https:\/\/i0.wp.com\/casadecampoliving.com\/wp-content\/uploads\/2022\/10\/mir_summer_camp_lourdes_fanjul_06.jpg?resize=150%2C113&amp;ssl=1 150w, https:\/\/i0.wp.com\/casadecampoliving.com\/wp-content\/uploads\/2022\/10\/mir_summer_camp_lourdes_fanjul_06.jpg?w=370&amp;ssl=1 370w\" sizes=\"auto, (max-width: 800px) 100vw, 800px\" \/><\/figure>\n\n\n\n<figure class=\"wp-block-image size-large\"><img data-recalc-dims=\"1\" loading=\"lazy\" decoding=\"async\" width=\"800\" height=\"600\" data-id=\"403745\" src=\"https:\/\/i0.wp.com\/casadecampoliving.com\/wp-content\/uploads\/2022\/10\/mir_summer_camp_lourdes_fanjul_07.jpg?resize=800%2C600&#038;ssl=1\" alt=\"\" class=\"wp-image-403745\" srcset=\"https:\/\/i0.wp.com\/casadecampoliving.com\/wp-content\/uploads\/2022\/10\/mir_summer_camp_lourdes_fanjul_07.jpg?w=800&amp;ssl=1 800w, https:\/\/i0.wp.com\/casadecampoliving.com\/wp-content\/uploads\/2022\/10\/mir_summer_camp_lourdes_fanjul_07.jpg?resize=300%2C225&amp;ssl=1 300w, https:\/\/i0.wp.com\/casadecampoliving.com\/wp-content\/uploads\/2022\/10\/mir_summer_camp_lourdes_fanjul_07.jpg?resize=768%2C576&amp;ssl=1 768w, https:\/\/i0.wp.com\/casadecampoliving.com\/wp-content\/uploads\/2022\/10\/mir_summer_camp_lourdes_fanjul_07.jpg?resize=400%2C300&amp;ssl=1 400w, https:\/\/i0.wp.com\/casadecampoliving.com\/wp-content\/uploads\/2022\/10\/mir_summer_camp_lourdes_fanjul_07.jpg?resize=200%2C150&amp;ssl=1 200w, https:\/\/i0.wp.com\/casadecampoliving.com\/wp-content\/uploads\/2022\/10\/mir_summer_camp_lourdes_fanjul_07.jpg?resize=706%2C530&amp;ssl=1 706w, https:\/\/i0.wp.com\/casadecampoliving.com\/wp-content\/uploads\/2022\/10\/mir_summer_camp_lourdes_fanjul_07.jpg?resize=150%2C113&amp;ssl=1 150w, https:\/\/i0.wp.com\/casadecampoliving.com\/wp-content\/uploads\/2022\/10\/mir_summer_camp_lourdes_fanjul_07.jpg?w=370&amp;ssl=1 370w\" sizes=\"auto, (max-width: 800px) 100vw, 800px\" \/><\/figure>\n\n\n\n<figure class=\"wp-block-image size-large\"><img data-recalc-dims=\"1\" loading=\"lazy\" decoding=\"async\" width=\"800\" height=\"600\" data-id=\"403775\" src=\"https:\/\/i0.wp.com\/casadecampoliving.com\/wp-content\/uploads\/2022\/10\/mir_summer_camp_lourdes_fanjul_08.jpg?resize=800%2C600&#038;ssl=1\" alt=\"\" class=\"wp-image-403775\" srcset=\"https:\/\/i0.wp.com\/casadecampoliving.com\/wp-content\/uploads\/2022\/10\/mir_summer_camp_lourdes_fanjul_08.jpg?w=800&amp;ssl=1 800w, https:\/\/i0.wp.com\/casadecampoliving.com\/wp-content\/uploads\/2022\/10\/mir_summer_camp_lourdes_fanjul_08.jpg?resize=300%2C225&amp;ssl=1 300w, https:\/\/i0.wp.com\/casadecampoliving.com\/wp-content\/uploads\/2022\/10\/mir_summer_camp_lourdes_fanjul_08.jpg?resize=768%2C576&amp;ssl=1 768w, https:\/\/i0.wp.com\/casadecampoliving.com\/wp-content\/uploads\/2022\/10\/mir_summer_camp_lourdes_fanjul_08.jpg?resize=400%2C300&amp;ssl=1 400w, https:\/\/i0.wp.com\/casadecampoliving.com\/wp-content\/uploads\/2022\/10\/mir_summer_camp_lourdes_fanjul_08.jpg?resize=200%2C150&amp;ssl=1 200w, https:\/\/i0.wp.com\/casadecampoliving.com\/wp-content\/uploads\/2022\/10\/mir_summer_camp_lourdes_fanjul_08.jpg?resize=706%2C530&amp;ssl=1 706w, https:\/\/i0.wp.com\/casadecampoliving.com\/wp-content\/uploads\/2022\/10\/mir_summer_camp_lourdes_fanjul_08.jpg?resize=150%2C113&amp;ssl=1 150w, https:\/\/i0.wp.com\/casadecampoliving.com\/wp-content\/uploads\/2022\/10\/mir_summer_camp_lourdes_fanjul_08.jpg?w=370&amp;ssl=1 370w\" sizes=\"auto, (max-width: 800px) 100vw, 800px\" \/><\/figure>\n\n\n\n<figure class=\"wp-block-image size-large\"><img data-recalc-dims=\"1\" loading=\"lazy\" decoding=\"async\" width=\"640\" height=\"480\" data-id=\"403793\" src=\"https:\/\/i0.wp.com\/casadecampoliving.com\/wp-content\/uploads\/2022\/10\/mir_summer_camp_lourdes_fanjul_10.jpg?resize=640%2C480&#038;ssl=1\" alt=\"\" class=\"wp-image-403793\" srcset=\"https:\/\/i0.wp.com\/casadecampoliving.com\/wp-content\/uploads\/2022\/10\/mir_summer_camp_lourdes_fanjul_10.jpg?w=640&amp;ssl=1 640w, https:\/\/i0.wp.com\/casadecampoliving.com\/wp-content\/uploads\/2022\/10\/mir_summer_camp_lourdes_fanjul_10.jpg?resize=300%2C225&amp;ssl=1 300w, https:\/\/i0.wp.com\/casadecampoliving.com\/wp-content\/uploads\/2022\/10\/mir_summer_camp_lourdes_fanjul_10.jpg?resize=400%2C300&amp;ssl=1 400w, https:\/\/i0.wp.com\/casadecampoliving.com\/wp-content\/uploads\/2022\/10\/mir_summer_camp_lourdes_fanjul_10.jpg?resize=200%2C150&amp;ssl=1 200w, https:\/\/i0.wp.com\/casadecampoliving.com\/wp-content\/uploads\/2022\/10\/mir_summer_camp_lourdes_fanjul_10.jpg?resize=150%2C113&amp;ssl=1 150w, https:\/\/i0.wp.com\/casadecampoliving.com\/wp-content\/uploads\/2022\/10\/mir_summer_camp_lourdes_fanjul_10.jpg?w=370&amp;ssl=1 370w\" sizes=\"auto, (max-width: 640px) 100vw, 640px\" \/><\/figure>\n\n\n\n<figure class=\"wp-block-image size-large\"><img data-recalc-dims=\"1\" loading=\"lazy\" decoding=\"async\" width=\"640\" height=\"480\" data-id=\"403812\" src=\"https:\/\/i0.wp.com\/casadecampoliving.com\/wp-content\/uploads\/2022\/10\/mir_summer_camp_lourdes_fanjul_11.jpg?resize=640%2C480&#038;ssl=1\" alt=\"\" class=\"wp-image-403812\" srcset=\"https:\/\/i0.wp.com\/casadecampoliving.com\/wp-content\/uploads\/2022\/10\/mir_summer_camp_lourdes_fanjul_11.jpg?w=640&amp;ssl=1 640w, https:\/\/i0.wp.com\/casadecampoliving.com\/wp-content\/uploads\/2022\/10\/mir_summer_camp_lourdes_fanjul_11.jpg?resize=300%2C225&amp;ssl=1 300w, https:\/\/i0.wp.com\/casadecampoliving.com\/wp-content\/uploads\/2022\/10\/mir_summer_camp_lourdes_fanjul_11.jpg?resize=400%2C300&amp;ssl=1 400w, https:\/\/i0.wp.com\/casadecampoliving.com\/wp-content\/uploads\/2022\/10\/mir_summer_camp_lourdes_fanjul_11.jpg?resize=200%2C150&amp;ssl=1 200w, https:\/\/i0.wp.com\/casadecampoliving.com\/wp-content\/uploads\/2022\/10\/mir_summer_camp_lourdes_fanjul_11.jpg?resize=150%2C113&amp;ssl=1 150w, https:\/\/i0.wp.com\/casadecampoliving.com\/wp-content\/uploads\/2022\/10\/mir_summer_camp_lourdes_fanjul_11.jpg?w=370&amp;ssl=1 370w\" sizes=\"auto, (max-width: 640px) 100vw, 640px\" \/><\/figure>\n\n\n\n<figure class=\"wp-block-image size-large\"><img data-recalc-dims=\"1\" loading=\"lazy\" decoding=\"async\" width=\"640\" height=\"480\" data-id=\"403831\" src=\"https:\/\/i0.wp.com\/casadecampoliving.com\/wp-content\/uploads\/2022\/10\/mir_summer_camp_lourdes_fanjul_12.jpg?resize=640%2C480&#038;ssl=1\" alt=\"\" class=\"wp-image-403831\" srcset=\"https:\/\/i0.wp.com\/casadecampoliving.com\/wp-content\/uploads\/2022\/10\/mir_summer_camp_lourdes_fanjul_12.jpg?w=640&amp;ssl=1 640w, https:\/\/i0.wp.com\/casadecampoliving.com\/wp-content\/uploads\/2022\/10\/mir_summer_camp_lourdes_fanjul_12.jpg?resize=300%2C225&amp;ssl=1 300w, https:\/\/i0.wp.com\/casadecampoliving.com\/wp-content\/uploads\/2022\/10\/mir_summer_camp_lourdes_fanjul_12.jpg?resize=400%2C300&amp;ssl=1 400w, https:\/\/i0.wp.com\/casadecampoliving.com\/wp-content\/uploads\/2022\/10\/mir_summer_camp_lourdes_fanjul_12.jpg?resize=200%2C150&amp;ssl=1 200w, https:\/\/i0.wp.com\/casadecampoliving.com\/wp-content\/uploads\/2022\/10\/mir_summer_camp_lourdes_fanjul_12.jpg?resize=150%2C113&amp;ssl=1 150w, https:\/\/i0.wp.com\/casadecampoliving.com\/wp-content\/uploads\/2022\/10\/mir_summer_camp_lourdes_fanjul_12.jpg?w=370&amp;ssl=1 370w\" sizes=\"auto, (max-width: 640px) 100vw, 640px\" \/><\/figure>\n\n\n\n<figure class=\"wp-block-image size-large\"><img data-recalc-dims=\"1\" loading=\"lazy\" decoding=\"async\" width=\"640\" height=\"480\" data-id=\"403850\" src=\"https:\/\/i0.wp.com\/casadecampoliving.com\/wp-content\/uploads\/2022\/10\/mir_summer_camp_lourdes_fanjul_13.jpg?resize=640%2C480&#038;ssl=1\" alt=\"\" class=\"wp-image-403850\" srcset=\"https:\/\/i0.wp.com\/casadecampoliving.com\/wp-content\/uploads\/2022\/10\/mir_summer_camp_lourdes_fanjul_13.jpg?w=640&amp;ssl=1 640w, https:\/\/i0.wp.com\/casadecampoliving.com\/wp-content\/uploads\/2022\/10\/mir_summer_camp_lourdes_fanjul_13.jpg?resize=300%2C225&amp;ssl=1 300w, https:\/\/i0.wp.com\/casadecampoliving.com\/wp-content\/uploads\/2022\/10\/mir_summer_camp_lourdes_fanjul_13.jpg?resize=400%2C300&amp;ssl=1 400w, https:\/\/i0.wp.com\/casadecampoliving.com\/wp-content\/uploads\/2022\/10\/mir_summer_camp_lourdes_fanjul_13.jpg?resize=200%2C150&amp;ssl=1 200w, https:\/\/i0.wp.com\/casadecampoliving.com\/wp-content\/uploads\/2022\/10\/mir_summer_camp_lourdes_fanjul_13.jpg?resize=150%2C113&amp;ssl=1 150w, https:\/\/i0.wp.com\/casadecampoliving.com\/wp-content\/uploads\/2022\/10\/mir_summer_camp_lourdes_fanjul_13.jpg?w=370&amp;ssl=1 370w\" sizes=\"auto, (max-width: 640px) 100vw, 640px\" \/><\/figure>\n\n\n\n<figure class=\"wp-block-image size-large\"><img data-recalc-dims=\"1\" loading=\"lazy\" decoding=\"async\" width=\"640\" height=\"480\" data-id=\"403878\" src=\"https:\/\/i0.wp.com\/casadecampoliving.com\/wp-content\/uploads\/2022\/10\/mir_summer_camp_lourdes_fanjul_14.jpg?resize=640%2C480&#038;ssl=1\" alt=\"\" class=\"wp-image-403878\" srcset=\"https:\/\/i0.wp.com\/casadecampoliving.com\/wp-content\/uploads\/2022\/10\/mir_summer_camp_lourdes_fanjul_14.jpg?w=640&amp;ssl=1 640w, https:\/\/i0.wp.com\/casadecampoliving.com\/wp-content\/uploads\/2022\/10\/mir_summer_camp_lourdes_fanjul_14.jpg?resize=300%2C225&amp;ssl=1 300w, https:\/\/i0.wp.com\/casadecampoliving.com\/wp-content\/uploads\/2022\/10\/mir_summer_camp_lourdes_fanjul_14.jpg?resize=400%2C300&amp;ssl=1 400w, https:\/\/i0.wp.com\/casadecampoliving.com\/wp-content\/uploads\/2022\/10\/mir_summer_camp_lourdes_fanjul_14.jpg?resize=200%2C150&amp;ssl=1 200w, https:\/\/i0.wp.com\/casadecampoliving.com\/wp-content\/uploads\/2022\/10\/mir_summer_camp_lourdes_fanjul_14.jpg?resize=150%2C113&amp;ssl=1 150w, https:\/\/i0.wp.com\/casadecampoliving.com\/wp-content\/uploads\/2022\/10\/mir_summer_camp_lourdes_fanjul_14.jpg?w=370&amp;ssl=1 370w\" sizes=\"auto, (max-width: 640px) 100vw, 640px\" \/><\/figure>\n\n\n\n<figure class=\"wp-block-image size-large\"><img data-recalc-dims=\"1\" loading=\"lazy\" decoding=\"async\" width=\"640\" height=\"480\" data-id=\"403903\" src=\"https:\/\/i0.wp.com\/casadecampoliving.com\/wp-content\/uploads\/2022\/10\/mir_summer_camp_lourdes_fanjul_16.jpg?resize=640%2C480&#038;ssl=1\" alt=\"\" class=\"wp-image-403903\" srcset=\"https:\/\/i0.wp.com\/casadecampoliving.com\/wp-content\/uploads\/2022\/10\/mir_summer_camp_lourdes_fanjul_16.jpg?w=640&amp;ssl=1 640w, https:\/\/i0.wp.com\/casadecampoliving.com\/wp-content\/uploads\/2022\/10\/mir_summer_camp_lourdes_fanjul_16.jpg?resize=300%2C225&amp;ssl=1 300w, https:\/\/i0.wp.com\/casadecampoliving.com\/wp-content\/uploads\/2022\/10\/mir_summer_camp_lourdes_fanjul_16.jpg?resize=400%2C300&amp;ssl=1 400w, https:\/\/i0.wp.com\/casadecampoliving.com\/wp-content\/uploads\/2022\/10\/mir_summer_camp_lourdes_fanjul_16.jpg?resize=200%2C150&amp;ssl=1 200w, https:\/\/i0.wp.com\/casadecampoliving.com\/wp-content\/uploads\/2022\/10\/mir_summer_camp_lourdes_fanjul_16.jpg?resize=150%2C113&amp;ssl=1 150w, https:\/\/i0.wp.com\/casadecampoliving.com\/wp-content\/uploads\/2022\/10\/mir_summer_camp_lourdes_fanjul_16.jpg?w=370&amp;ssl=1 370w\" sizes=\"auto, (max-width: 640px) 100vw, 640px\" \/><\/figure>\n\n\n\n<figure class=\"wp-block-image size-large\"><img data-recalc-dims=\"1\" loading=\"lazy\" decoding=\"async\" width=\"640\" height=\"480\" data-id=\"403924\" src=\"https:\/\/i0.wp.com\/casadecampoliving.com\/wp-content\/uploads\/2022\/10\/mir_summer_camp_lourdes_fanjul_17.jpg?resize=640%2C480&#038;ssl=1\" alt=\"\" class=\"wp-image-403924\" srcset=\"https:\/\/i0.wp.com\/casadecampoliving.com\/wp-content\/uploads\/2022\/10\/mir_summer_camp_lourdes_fanjul_17.jpg?w=640&amp;ssl=1 640w, https:\/\/i0.wp.com\/casadecampoliving.com\/wp-content\/uploads\/2022\/10\/mir_summer_camp_lourdes_fanjul_17.jpg?resize=300%2C225&amp;ssl=1 300w, https:\/\/i0.wp.com\/casadecampoliving.com\/wp-content\/uploads\/2022\/10\/mir_summer_camp_lourdes_fanjul_17.jpg?resize=400%2C300&amp;ssl=1 400w, https:\/\/i0.wp.com\/casadecampoliving.com\/wp-content\/uploads\/2022\/10\/mir_summer_camp_lourdes_fanjul_17.jpg?resize=200%2C150&amp;ssl=1 200w, https:\/\/i0.wp.com\/casadecampoliving.com\/wp-content\/uploads\/2022\/10\/mir_summer_camp_lourdes_fanjul_17.jpg?resize=150%2C113&amp;ssl=1 150w, https:\/\/i0.wp.com\/casadecampoliving.com\/wp-content\/uploads\/2022\/10\/mir_summer_camp_lourdes_fanjul_17.jpg?w=370&amp;ssl=1 370w\" sizes=\"auto, (max-width: 640px) 100vw, 640px\" \/><\/figure>\n\n\n\n<figure class=\"wp-block-image size-large\"><img data-recalc-dims=\"1\" loading=\"lazy\" decoding=\"async\" width=\"450\" height=\"600\" data-id=\"403943\" src=\"https:\/\/i0.wp.com\/casadecampoliving.com\/wp-content\/uploads\/2022\/10\/mir_summer_camp_lourdes_fanjul_18.jpg?resize=450%2C600&#038;ssl=1\" alt=\"\" class=\"wp-image-403943\" srcset=\"https:\/\/i0.wp.com\/casadecampoliving.com\/wp-content\/uploads\/2022\/10\/mir_summer_camp_lourdes_fanjul_18.jpg?w=450&amp;ssl=1 450w, https:\/\/i0.wp.com\/casadecampoliving.com\/wp-content\/uploads\/2022\/10\/mir_summer_camp_lourdes_fanjul_18.jpg?resize=225%2C300&amp;ssl=1 225w, https:\/\/i0.wp.com\/casadecampoliving.com\/wp-content\/uploads\/2022\/10\/mir_summer_camp_lourdes_fanjul_18.jpg?resize=300%2C400&amp;ssl=1 300w, https:\/\/i0.wp.com\/casadecampoliving.com\/wp-content\/uploads\/2022\/10\/mir_summer_camp_lourdes_fanjul_18.jpg?resize=150%2C200&amp;ssl=1 150w, https:\/\/i0.wp.com\/casadecampoliving.com\/wp-content\/uploads\/2022\/10\/mir_summer_camp_lourdes_fanjul_18.jpg?resize=400%2C533&amp;ssl=1 400w, https:\/\/i0.wp.com\/casadecampoliving.com\/wp-content\/uploads\/2022\/10\/mir_summer_camp_lourdes_fanjul_18.jpg?w=370&amp;ssl=1 370w\" sizes=\"auto, (max-width: 450px) 100vw, 450px\" \/><\/figure>\n\n\n\n<figure class=\"wp-block-image size-large\"><img data-recalc-dims=\"1\" loading=\"lazy\" decoding=\"async\" width=\"800\" height=\"600\" data-id=\"403966\" src=\"https:\/\/i0.wp.com\/casadecampoliving.com\/wp-content\/uploads\/2022\/10\/mir_summer_camp_lourdes_fanjul_19.jpg?resize=800%2C600&#038;ssl=1\" alt=\"\" class=\"wp-image-403966\" srcset=\"https:\/\/i0.wp.com\/casadecampoliving.com\/wp-content\/uploads\/2022\/10\/mir_summer_camp_lourdes_fanjul_19.jpg?w=800&amp;ssl=1 800w, https:\/\/i0.wp.com\/casadecampoliving.com\/wp-content\/uploads\/2022\/10\/mir_summer_camp_lourdes_fanjul_19.jpg?resize=300%2C225&amp;ssl=1 300w, https:\/\/i0.wp.com\/casadecampoliving.com\/wp-content\/uploads\/2022\/10\/mir_summer_camp_lourdes_fanjul_19.jpg?resize=768%2C576&amp;ssl=1 768w, https:\/\/i0.wp.com\/casadecampoliving.com\/wp-content\/uploads\/2022\/10\/mir_summer_camp_lourdes_fanjul_19.jpg?resize=400%2C300&amp;ssl=1 400w, https:\/\/i0.wp.com\/casadecampoliving.com\/wp-content\/uploads\/2022\/10\/mir_summer_camp_lourdes_fanjul_19.jpg?resize=200%2C150&amp;ssl=1 200w, https:\/\/i0.wp.com\/casadecampoliving.com\/wp-content\/uploads\/2022\/10\/mir_summer_camp_lourdes_fanjul_19.jpg?resize=706%2C530&amp;ssl=1 706w, https:\/\/i0.wp.com\/casadecampoliving.com\/wp-content\/uploads\/2022\/10\/mir_summer_camp_lourdes_fanjul_19.jpg?resize=150%2C113&amp;ssl=1 150w, https:\/\/i0.wp.com\/casadecampoliving.com\/wp-content\/uploads\/2022\/10\/mir_summer_camp_lourdes_fanjul_19.jpg?w=370&amp;ssl=1 370w\" sizes=\"auto, (max-width: 800px) 100vw, 800px\" \/><\/figure>\n\n\n\n<figure class=\"wp-block-image size-large\"><img data-recalc-dims=\"1\" loading=\"lazy\" decoding=\"async\" width=\"800\" height=\"600\" data-id=\"403986\" src=\"https:\/\/i0.wp.com\/casadecampoliving.com\/wp-content\/uploads\/2022\/10\/mir_summer_camp_lourdes_fanjul_20.jpg?resize=800%2C600&#038;ssl=1\" alt=\"\" class=\"wp-image-403986\" srcset=\"https:\/\/i0.wp.com\/casadecampoliving.com\/wp-content\/uploads\/2022\/10\/mir_summer_camp_lourdes_fanjul_20.jpg?w=800&amp;ssl=1 800w, https:\/\/i0.wp.com\/casadecampoliving.com\/wp-content\/uploads\/2022\/10\/mir_summer_camp_lourdes_fanjul_20.jpg?resize=300%2C225&amp;ssl=1 300w, https:\/\/i0.wp.com\/casadecampoliving.com\/wp-content\/uploads\/2022\/10\/mir_summer_camp_lourdes_fanjul_20.jpg?resize=768%2C576&amp;ssl=1 768w, https:\/\/i0.wp.com\/casadecampoliving.com\/wp-content\/uploads\/2022\/10\/mir_summer_camp_lourdes_fanjul_20.jpg?resize=400%2C300&amp;ssl=1 400w, https:\/\/i0.wp.com\/casadecampoliving.com\/wp-content\/uploads\/2022\/10\/mir_summer_camp_lourdes_fanjul_20.jpg?resize=200%2C150&amp;ssl=1 200w, https:\/\/i0.wp.com\/casadecampoliving.com\/wp-content\/uploads\/2022\/10\/mir_summer_camp_lourdes_fanjul_20.jpg?resize=706%2C530&amp;ssl=1 706w, https:\/\/i0.wp.com\/casadecampoliving.com\/wp-content\/uploads\/2022\/10\/mir_summer_camp_lourdes_fanjul_20.jpg?resize=150%2C113&amp;ssl=1 150w, https:\/\/i0.wp.com\/casadecampoliving.com\/wp-content\/uploads\/2022\/10\/mir_summer_camp_lourdes_fanjul_20.jpg?w=370&amp;ssl=1 370w\" sizes=\"auto, (max-width: 800px) 100vw, 800px\" \/><\/figure>\n\n\n\n<figure class=\"wp-block-image size-large\"><img data-recalc-dims=\"1\" loading=\"lazy\" decoding=\"async\" width=\"800\" height=\"600\" data-id=\"404009\" src=\"https:\/\/i0.wp.com\/casadecampoliving.com\/wp-content\/uploads\/2022\/10\/mir_summer_camp_lourdes_fanjul_21.jpg?resize=800%2C600&#038;ssl=1\" alt=\"\" class=\"wp-image-404009\" srcset=\"https:\/\/i0.wp.com\/casadecampoliving.com\/wp-content\/uploads\/2022\/10\/mir_summer_camp_lourdes_fanjul_21.jpg?w=800&amp;ssl=1 800w, https:\/\/i0.wp.com\/casadecampoliving.com\/wp-content\/uploads\/2022\/10\/mir_summer_camp_lourdes_fanjul_21.jpg?resize=300%2C225&amp;ssl=1 300w, https:\/\/i0.wp.com\/casadecampoliving.com\/wp-content\/uploads\/2022\/10\/mir_summer_camp_lourdes_fanjul_21.jpg?resize=768%2C576&amp;ssl=1 768w, https:\/\/i0.wp.com\/casadecampoliving.com\/wp-content\/uploads\/2022\/10\/mir_summer_camp_lourdes_fanjul_21.jpg?resize=400%2C300&amp;ssl=1 400w, https:\/\/i0.wp.com\/casadecampoliving.com\/wp-content\/uploads\/2022\/10\/mir_summer_camp_lourdes_fanjul_21.jpg?resize=200%2C150&amp;ssl=1 200w, https:\/\/i0.wp.com\/casadecampoliving.com\/wp-content\/uploads\/2022\/10\/mir_summer_camp_lourdes_fanjul_21.jpg?resize=706%2C530&amp;ssl=1 706w, https:\/\/i0.wp.com\/casadecampoliving.com\/wp-content\/uploads\/2022\/10\/mir_summer_camp_lourdes_fanjul_21.jpg?resize=150%2C113&amp;ssl=1 150w, https:\/\/i0.wp.com\/casadecampoliving.com\/wp-content\/uploads\/2022\/10\/mir_summer_camp_lourdes_fanjul_21.jpg?w=370&amp;ssl=1 370w\" sizes=\"auto, (max-width: 800px) 100vw, 800px\" \/><\/figure>\n\n\n\n<figure class=\"wp-block-image size-large\"><img data-recalc-dims=\"1\" loading=\"lazy\" decoding=\"async\" width=\"450\" height=\"600\" data-id=\"404030\" src=\"https:\/\/i0.wp.com\/casadecampoliving.com\/wp-content\/uploads\/2022\/10\/mir_summer_camp_lourdes_fanjul_23.jpg?resize=450%2C600&#038;ssl=1\" alt=\"\" class=\"wp-image-404030\" srcset=\"https:\/\/i0.wp.com\/casadecampoliving.com\/wp-content\/uploads\/2022\/10\/mir_summer_camp_lourdes_fanjul_23.jpg?w=450&amp;ssl=1 450w, https:\/\/i0.wp.com\/casadecampoliving.com\/wp-content\/uploads\/2022\/10\/mir_summer_camp_lourdes_fanjul_23.jpg?resize=225%2C300&amp;ssl=1 225w, https:\/\/i0.wp.com\/casadecampoliving.com\/wp-content\/uploads\/2022\/10\/mir_summer_camp_lourdes_fanjul_23.jpg?resize=300%2C400&amp;ssl=1 300w, https:\/\/i0.wp.com\/casadecampoliving.com\/wp-content\/uploads\/2022\/10\/mir_summer_camp_lourdes_fanjul_23.jpg?resize=150%2C200&amp;ssl=1 150w, https:\/\/i0.wp.com\/casadecampoliving.com\/wp-content\/uploads\/2022\/10\/mir_summer_camp_lourdes_fanjul_23.jpg?resize=400%2C533&amp;ssl=1 400w, https:\/\/i0.wp.com\/casadecampoliving.com\/wp-content\/uploads\/2022\/10\/mir_summer_camp_lourdes_fanjul_23.jpg?w=370&amp;ssl=1 370w\" sizes=\"auto, (max-width: 450px) 100vw, 450px\" \/><\/figure>\n<\/figure>\n<\/b>\n<blockquote><strong><a href=\"https:\/\/casadecampoliving.com\/the-fundacion-mir\/\">La Fundaci\u00f3n\u00a0MIR<\/a><\/strong>\n\n<img data-recalc-dims=\"1\" loading=\"lazy\" decoding=\"async\" class=\"aligncenter size-full wp-image-69394\" title=\"fundacion_MIR\" src=\"https:\/\/i0.wp.com\/casadecampoliving.com\/wp-content\/uploads\/2022\/10\/fundacion_MIR2-2.jpg?resize=620%2C311&#038;ssl=1\" alt=\"fundacion MIR\" width=\"620\" height=\"311\" \/>\n\n<img data-recalc-dims=\"1\" loading=\"lazy\" decoding=\"async\" class=\"alignright\" title=\"fundacion_MIR\" src=\"https:\/\/i0.wp.com\/casadecampoliving.com\/wp-content\/uploads\/2022\/10\/fundacion_MIR.jpg?resize=144%2C138&#038;ssl=1\" alt=\"\" width=\"144\" height=\"138\" \/>\n\nLa\u00a0<a href=\"https:\/\/casadecampoliving.com\/the-fundacion-mir\/\">Fundaci\u00f3n MIR\u00a0<\/a>\u00a0es una organizac\u00f3n sin fines de lucro que trabaja para proveerle educaci\u00f3n a los ni\u00f1os m\u00e1s necesitados de La Romana. Ellos dirigen tres escuelas; MIR Esperanza (escuela vocacional de ni\u00f1os), la Escuela Tecnica Vocacional\u00a0Fundaci\u00f3n\u00a0MIR (escuela vocacional de ni\u00f1as) y la\u00a0<a href=\"https:\/\/casadecampoliving.com\/the-fundacion-mir\/\">Primaria MIR\u00a0<\/a>(escuela infantil).\n\nPara m\u00e1s informaci\u00f3n sobre la Fundaci\u00f3n MIR y para hacer una donaci\u00f3n, favor visitar la p\u00e1gina web:\u00a0<a href=\"http:\/\/www.mirinternational.org\/\">www.FundacionMIR.org<\/a>\n\nPara hacer una donaci\u00f3n contacte la oficina MIR en Casa de Campo(809-523-8270) o en West Palm Beach (561-366-5095). \u00a1Donaciones para los ciudadanos de Estados Unidos son deducibles de impuestos!\n\n<em><strong><a href=\"https:\/\/casadecampoliving.com\/the-fundacion-mir\/\">Para descrubir m\u00e1s y leer art\u00edculos sobre otros eventos organizados por la Fundaci\u00f3n MIR \u2013 \u00a1cliquee aqu\u00ed!<\/a><\/strong><\/em><\/blockquote>","protected":false},"excerpt":{"rendered":"<p>Grupos de peque\u00f1os juguetones de Fundaci\u00f3n MIR participaron recientemente en un campamento de verano en El Cacique en Casa de Campo del 13 a 17 junio. Organizado por Lourdes Fanjul, este campamento uni\u00f3 a ni\u00f1os y voluntarios en talleres de aprendizaje de la diversi\u00f3n y juegos al aire libre y ven\u00eda con sonrisas por todos [&hellip;]<\/p>\n","protected":false},"author":36681,"featured_media":312851,"comment_status":"closed","ping_status":"closed","sticky":false,"template":"","format":"standard","meta":{"newspack_ads_suppress_ads":false,"newspack_popups_has_disabled_popups":false,"newspack_sponsor_sponsorship_scope":"","newspack_sponsor_native_byline_display":"inherit","newspack_sponsor_native_category_display":"inherit","newspack_sponsor_underwriter_style":"inherit","newspack_sponsor_underwriter_placement":"inherit","_newspack_byline_active":false,"_newspack_byline":"","newspack_hide_updated_date":false,"newspack_show_updated_date":false,"newspack_content_restriction_is_exempt":false,"newspack_featured_image_position":"","newspack_post_subtitle":"","newspack_article_summary_title":"Overview:","newspack_article_summary":"","_jetpack_memberships_contains_paid_content":false,"footnotes":"","jetpack_publicize_message":"","jetpack_publicize_feature_enabled":true,"jetpack_social_post_already_shared":false,"jetpack_social_options":{"image_generator_settings":{"template":"highway","default_image_id":0,"font":"","enabled":false},"version":2},"_wpas_customize_per_network":false},"categories":[2521,2522,2515,2514,26822,2525],"tags":[4538,3626,14736,24715,3577],"newspack_spnsrs_tax":[],"class_list":["post-350104","post","type-post","status-publish","format-standard","has-post-thumbnail","hentry","category-republica-dominicana-2","category-eventos-es","category-fundacion-mir-es","category-fundaciones-es","category-resort-casa-de-campo","category-golf-deportes-es","tag-campamento-de-verano","tag-casa-de-campo-es","tag-featured-topview-es","tag-fundacion-mir-es","tag-fundacion-mir-es-2","entry"],"yoast_head":"<!-- This site is optimized with the Yoast SEO plugin v27.5 - https:\/\/yoast.com\/product\/yoast-seo-wordpress\/ -->\n<title>Los peque\u00f1os de Fundaci\u00f3n MIR disfrutaron de un fant\u00e1stico campamento en Casa de Campo | Casa de Campo Living<\/title>\n<meta name=\"description\" content=\"Grupos de peque\u00f1os juguetones de Fundaci\u00f3n MIR participaron recientemente en un campamento de verano en El Cacique en Casa de Campo del 13 a 17 junio.\" \/>\n<meta name=\"robots\" content=\"index, follow, max-snippet:-1, max-image-preview:large, max-video-preview:-1\" \/>\n<link rel=\"canonical\" href=\"https:\/\/casadecampoliving.com\/es\/campamento-fundacion-mir-casa-de-campo\/\" \/>\n<meta property=\"og:locale\" content=\"es_ES\" \/>\n<meta property=\"og:type\" content=\"article\" \/>\n<meta property=\"og:title\" content=\"Los peque\u00f1os de Fundaci\u00f3n MIR disfrutaron de un fant\u00e1stico campamento en Casa de Campo | Casa de Campo Living\" \/>\n<meta property=\"og:description\" content=\"Grupos de peque\u00f1os juguetones de Fundaci\u00f3n MIR participaron recientemente en un campamento de verano en El Cacique en Casa de Campo del 13 a 17 junio.\" \/>\n<meta property=\"og:url\" content=\"https:\/\/casadecampoliving.com\/es\/campamento-fundacion-mir-casa-de-campo\/\" \/>\n<meta property=\"og:site_name\" content=\"Casa de Campo Living\" \/>\n<meta property=\"article:publisher\" content=\"https:\/\/www.facebook.com\/casadecampoliving\" \/>\n<meta property=\"article:published_time\" content=\"2016-07-03T04:00:00+00:00\" \/>\n<meta property=\"article:modified_time\" content=\"2022-11-10T14:34:34+00:00\" \/>\n<meta property=\"og:image\" content=\"https:\/\/i0.wp.com\/casadecampoliving.com\/wp-content\/uploads\/2022\/10\/Featured-Image-Fundacion-MIR-Summer-Camp.jpg?fit=1000%2C600&ssl=1\" \/>\n\t<meta property=\"og:image:width\" content=\"1000\" \/>\n\t<meta property=\"og:image:height\" content=\"600\" \/>\n\t<meta property=\"og:image:type\" content=\"image\/jpeg\" \/>\n<meta name=\"author\" content=\"Heather Lincoln\" \/>\n<meta name=\"twitter:card\" content=\"summary_large_image\" \/>\n<meta name=\"twitter:creator\" content=\"@cdcliving\" \/>\n<meta name=\"twitter:site\" content=\"@cdcliving\" \/>\n<meta name=\"twitter:label1\" content=\"Escrito por\" \/>\n\t<meta name=\"twitter:data1\" content=\"Heather Lincoln\" \/>\n\t<meta name=\"twitter:label2\" content=\"Tiempo de lectura\" \/>\n\t<meta name=\"twitter:data2\" content=\"2 minutos\" \/>\n<script type=\"application\/ld+json\" class=\"yoast-schema-graph\">{\"@context\":\"https:\\\/\\\/schema.org\",\"@graph\":[{\"@type\":\"Article\",\"@id\":\"https:\\\/\\\/casadecampoliving.com\\\/es\\\/campamento-fundacion-mir-casa-de-campo\\\/#article\",\"isPartOf\":{\"@id\":\"https:\\\/\\\/casadecampoliving.com\\\/es\\\/campamento-fundacion-mir-casa-de-campo\\\/\"},\"author\":{\"name\":\"Heather Lincoln\",\"@id\":\"https:\\\/\\\/casadecampoliving.com\\\/es\\\/#\\\/schema\\\/person\\\/e3abfc63c1478fd703266a6f33a3145d\"},\"headline\":\"Los peque\u00f1os de Fundaci\u00f3n MIR disfrutaron de un fant\u00e1stico campamento en Casa de Campo\",\"datePublished\":\"2016-07-03T04:00:00+00:00\",\"dateModified\":\"2022-11-10T14:34:34+00:00\",\"mainEntityOfPage\":{\"@id\":\"https:\\\/\\\/casadecampoliving.com\\\/es\\\/campamento-fundacion-mir-casa-de-campo\\\/\"},\"wordCount\":385,\"publisher\":{\"@id\":\"https:\\\/\\\/casadecampoliving.com\\\/es\\\/#organization\"},\"image\":{\"@id\":\"https:\\\/\\\/casadecampoliving.com\\\/es\\\/campamento-fundacion-mir-casa-de-campo\\\/#primaryimage\"},\"thumbnailUrl\":\"https:\\\/\\\/i0.wp.com\\\/casadecampoliving.com\\\/wp-content\\\/uploads\\\/2022\\\/10\\\/Featured-Image-Fundacion-MIR-Summer-Camp.jpg?fit=1000%2C600&ssl=1\",\"keywords\":[\"campamento de verano\",\"casa de campo @es\",\"Featured-TopView @es\",\"Fundacion MIR\",\"Fundacion MIR @es\"],\"articleSection\":[\"Rep\u00fablica Dominicana @es\",\"Eventos\",\"Fundaci\u00f3n MIR @es\",\"Fundaciones\",\"Resort Casa de Campo\",\"Deportes\"],\"inLanguage\":\"es\"},{\"@type\":\"WebPage\",\"@id\":\"https:\\\/\\\/casadecampoliving.com\\\/es\\\/campamento-fundacion-mir-casa-de-campo\\\/\",\"url\":\"https:\\\/\\\/casadecampoliving.com\\\/es\\\/campamento-fundacion-mir-casa-de-campo\\\/\",\"name\":\"Los peque\u00f1os de Fundaci\u00f3n MIR disfrutaron de un fant\u00e1stico campamento en Casa de Campo | Casa de Campo Living\",\"isPartOf\":{\"@id\":\"https:\\\/\\\/casadecampoliving.com\\\/es\\\/#website\"},\"primaryImageOfPage\":{\"@id\":\"https:\\\/\\\/casadecampoliving.com\\\/es\\\/campamento-fundacion-mir-casa-de-campo\\\/#primaryimage\"},\"image\":{\"@id\":\"https:\\\/\\\/casadecampoliving.com\\\/es\\\/campamento-fundacion-mir-casa-de-campo\\\/#primaryimage\"},\"thumbnailUrl\":\"https:\\\/\\\/i0.wp.com\\\/casadecampoliving.com\\\/wp-content\\\/uploads\\\/2022\\\/10\\\/Featured-Image-Fundacion-MIR-Summer-Camp.jpg?fit=1000%2C600&ssl=1\",\"datePublished\":\"2016-07-03T04:00:00+00:00\",\"dateModified\":\"2022-11-10T14:34:34+00:00\",\"description\":\"Grupos de peque\u00f1os juguetones de Fundaci\u00f3n MIR participaron recientemente en un campamento de verano en El Cacique en Casa de Campo del 13 a 17 junio.\",\"breadcrumb\":{\"@id\":\"https:\\\/\\\/casadecampoliving.com\\\/es\\\/campamento-fundacion-mir-casa-de-campo\\\/#breadcrumb\"},\"inLanguage\":\"es\",\"potentialAction\":[{\"@type\":\"ReadAction\",\"target\":[\"https:\\\/\\\/casadecampoliving.com\\\/es\\\/campamento-fundacion-mir-casa-de-campo\\\/\"]}]},{\"@type\":\"ImageObject\",\"inLanguage\":\"es\",\"@id\":\"https:\\\/\\\/casadecampoliving.com\\\/es\\\/campamento-fundacion-mir-casa-de-campo\\\/#primaryimage\",\"url\":\"https:\\\/\\\/i0.wp.com\\\/casadecampoliving.com\\\/wp-content\\\/uploads\\\/2022\\\/10\\\/Featured-Image-Fundacion-MIR-Summer-Camp.jpg?fit=1000%2C600&ssl=1\",\"contentUrl\":\"https:\\\/\\\/i0.wp.com\\\/casadecampoliving.com\\\/wp-content\\\/uploads\\\/2022\\\/10\\\/Featured-Image-Fundacion-MIR-Summer-Camp.jpg?fit=1000%2C600&ssl=1\",\"width\":1000,\"height\":600,\"caption\":\"Featured Image Fundacion MIR Summer Camp\"},{\"@type\":\"BreadcrumbList\",\"@id\":\"https:\\\/\\\/casadecampoliving.com\\\/es\\\/campamento-fundacion-mir-casa-de-campo\\\/#breadcrumb\",\"itemListElement\":[{\"@type\":\"ListItem\",\"position\":1,\"name\":\"Home\",\"item\":\"https:\\\/\\\/casadecampoliving.com\\\/es\\\/\"},{\"@type\":\"ListItem\",\"position\":2,\"name\":\"Los peque\u00f1os de Fundaci\u00f3n MIR disfrutaron de un fant\u00e1stico campamento en Casa de Campo\"}]},{\"@type\":\"WebSite\",\"@id\":\"https:\\\/\\\/casadecampoliving.com\\\/es\\\/#website\",\"url\":\"https:\\\/\\\/casadecampoliving.com\\\/es\\\/\",\"name\":\"Casa de Campo Living\",\"description\":\"Resort community news and resources.\",\"publisher\":{\"@id\":\"https:\\\/\\\/casadecampoliving.com\\\/es\\\/#organization\"},\"potentialAction\":[{\"@type\":\"SearchAction\",\"target\":{\"@type\":\"EntryPoint\",\"urlTemplate\":\"https:\\\/\\\/casadecampoliving.com\\\/es\\\/?s={search_term_string}\"},\"query-input\":{\"@type\":\"PropertyValueSpecification\",\"valueRequired\":true,\"valueName\":\"search_term_string\"}}],\"inLanguage\":\"es\"},{\"@type\":\"Organization\",\"@id\":\"https:\\\/\\\/casadecampoliving.com\\\/es\\\/#organization\",\"name\":\"Casa de Campo Living\",\"url\":\"https:\\\/\\\/casadecampoliving.com\\\/es\\\/\",\"logo\":{\"@type\":\"ImageObject\",\"inLanguage\":\"es\",\"@id\":\"https:\\\/\\\/casadecampoliving.com\\\/es\\\/#\\\/schema\\\/logo\\\/image\\\/\",\"url\":\"https:\\\/\\\/i0.wp.com\\\/casadecampoliving.com\\\/wp-content\\\/uploads\\\/2022\\\/07\\\/CDCLivingLogo_V1-white-sized.png?fit=800%2C214&ssl=1\",\"contentUrl\":\"https:\\\/\\\/i0.wp.com\\\/casadecampoliving.com\\\/wp-content\\\/uploads\\\/2022\\\/07\\\/CDCLivingLogo_V1-white-sized.png?fit=800%2C214&ssl=1\",\"width\":800,\"height\":214,\"caption\":\"Casa de Campo Living\"},\"image\":{\"@id\":\"https:\\\/\\\/casadecampoliving.com\\\/es\\\/#\\\/schema\\\/logo\\\/image\\\/\"},\"sameAs\":[\"https:\\\/\\\/www.facebook.com\\\/casadecampoliving\",\"https:\\\/\\\/x.com\\\/cdcliving\"]},{\"@type\":\"Person\",\"@id\":\"https:\\\/\\\/casadecampoliving.com\\\/es\\\/#\\\/schema\\\/person\\\/e3abfc63c1478fd703266a6f33a3145d\",\"name\":\"Heather Lincoln\",\"image\":{\"@type\":\"ImageObject\",\"inLanguage\":\"es\",\"@id\":\"https:\\\/\\\/secure.gravatar.com\\\/avatar\\\/e8fc1ce4ad50385675908137b0d8d66be281d034bf072b4700460237638ea6d0?s=96&d=mm&r=g\",\"url\":\"https:\\\/\\\/secure.gravatar.com\\\/avatar\\\/e8fc1ce4ad50385675908137b0d8d66be281d034bf072b4700460237638ea6d0?s=96&d=mm&r=g\",\"contentUrl\":\"https:\\\/\\\/secure.gravatar.com\\\/avatar\\\/e8fc1ce4ad50385675908137b0d8d66be281d034bf072b4700460237638ea6d0?s=96&d=mm&r=g\",\"caption\":\"Heather Lincoln\"},\"url\":\"https:\\\/\\\/casadecampoliving.com\\\/es\\\/author\\\/hcastillo\\\/\"}]}<\/script>\n<!-- \/ Yoast SEO plugin. -->","yoast_head_json":{"title":"Los peque\u00f1os de Fundaci\u00f3n MIR disfrutaron de un fant\u00e1stico campamento en Casa de Campo | Casa de Campo Living","description":"Grupos de peque\u00f1os juguetones de Fundaci\u00f3n MIR participaron recientemente en un campamento de verano en El Cacique en Casa de Campo del 13 a 17 junio.","robots":{"index":"index","follow":"follow","max-snippet":"max-snippet:-1","max-image-preview":"max-image-preview:large","max-video-preview":"max-video-preview:-1"},"canonical":"https:\/\/casadecampoliving.com\/es\/campamento-fundacion-mir-casa-de-campo\/","og_locale":"es_ES","og_type":"article","og_title":"Los peque\u00f1os de Fundaci\u00f3n MIR disfrutaron de un fant\u00e1stico campamento en Casa de Campo | Casa de Campo Living","og_description":"Grupos de peque\u00f1os juguetones de Fundaci\u00f3n MIR participaron recientemente en un campamento de verano en El Cacique en Casa de Campo del 13 a 17 junio.","og_url":"https:\/\/casadecampoliving.com\/es\/campamento-fundacion-mir-casa-de-campo\/","og_site_name":"Casa de Campo Living","article_publisher":"https:\/\/www.facebook.com\/casadecampoliving","article_published_time":"2016-07-03T04:00:00+00:00","article_modified_time":"2022-11-10T14:34:34+00:00","og_image":[{"width":1000,"height":600,"url":"https:\/\/i0.wp.com\/casadecampoliving.com\/wp-content\/uploads\/2022\/10\/Featured-Image-Fundacion-MIR-Summer-Camp.jpg?fit=1000%2C600&ssl=1","type":"image\/jpeg"}],"author":"Heather Lincoln","twitter_card":"summary_large_image","twitter_creator":"@cdcliving","twitter_site":"@cdcliving","twitter_misc":{"Escrito por":"Heather Lincoln","Tiempo de lectura":"2 minutos"},"schema":{"@context":"https:\/\/schema.org","@graph":[{"@type":"Article","@id":"https:\/\/casadecampoliving.com\/es\/campamento-fundacion-mir-casa-de-campo\/#article","isPartOf":{"@id":"https:\/\/casadecampoliving.com\/es\/campamento-fundacion-mir-casa-de-campo\/"},"author":{"name":"Heather Lincoln","@id":"https:\/\/casadecampoliving.com\/es\/#\/schema\/person\/e3abfc63c1478fd703266a6f33a3145d"},"headline":"Los peque\u00f1os de Fundaci\u00f3n MIR disfrutaron de un fant\u00e1stico campamento en Casa de Campo","datePublished":"2016-07-03T04:00:00+00:00","dateModified":"2022-11-10T14:34:34+00:00","mainEntityOfPage":{"@id":"https:\/\/casadecampoliving.com\/es\/campamento-fundacion-mir-casa-de-campo\/"},"wordCount":385,"publisher":{"@id":"https:\/\/casadecampoliving.com\/es\/#organization"},"image":{"@id":"https:\/\/casadecampoliving.com\/es\/campamento-fundacion-mir-casa-de-campo\/#primaryimage"},"thumbnailUrl":"https:\/\/i0.wp.com\/casadecampoliving.com\/wp-content\/uploads\/2022\/10\/Featured-Image-Fundacion-MIR-Summer-Camp.jpg?fit=1000%2C600&ssl=1","keywords":["campamento de verano","casa de campo @es","Featured-TopView @es","Fundacion MIR","Fundacion MIR @es"],"articleSection":["Rep\u00fablica Dominicana @es","Eventos","Fundaci\u00f3n MIR @es","Fundaciones","Resort Casa de Campo","Deportes"],"inLanguage":"es"},{"@type":"WebPage","@id":"https:\/\/casadecampoliving.com\/es\/campamento-fundacion-mir-casa-de-campo\/","url":"https:\/\/casadecampoliving.com\/es\/campamento-fundacion-mir-casa-de-campo\/","name":"Los peque\u00f1os de Fundaci\u00f3n MIR disfrutaron de un fant\u00e1stico campamento en Casa de Campo | Casa de Campo Living","isPartOf":{"@id":"https:\/\/casadecampoliving.com\/es\/#website"},"primaryImageOfPage":{"@id":"https:\/\/casadecampoliving.com\/es\/campamento-fundacion-mir-casa-de-campo\/#primaryimage"},"image":{"@id":"https:\/\/casadecampoliving.com\/es\/campamento-fundacion-mir-casa-de-campo\/#primaryimage"},"thumbnailUrl":"https:\/\/i0.wp.com\/casadecampoliving.com\/wp-content\/uploads\/2022\/10\/Featured-Image-Fundacion-MIR-Summer-Camp.jpg?fit=1000%2C600&ssl=1","datePublished":"2016-07-03T04:00:00+00:00","dateModified":"2022-11-10T14:34:34+00:00","description":"Grupos de peque\u00f1os juguetones de Fundaci\u00f3n MIR participaron recientemente en un campamento de verano en El Cacique en Casa de Campo del 13 a 17 junio.","breadcrumb":{"@id":"https:\/\/casadecampoliving.com\/es\/campamento-fundacion-mir-casa-de-campo\/#breadcrumb"},"inLanguage":"es","potentialAction":[{"@type":"ReadAction","target":["https:\/\/casadecampoliving.com\/es\/campamento-fundacion-mir-casa-de-campo\/"]}]},{"@type":"ImageObject","inLanguage":"es","@id":"https:\/\/casadecampoliving.com\/es\/campamento-fundacion-mir-casa-de-campo\/#primaryimage","url":"https:\/\/i0.wp.com\/casadecampoliving.com\/wp-content\/uploads\/2022\/10\/Featured-Image-Fundacion-MIR-Summer-Camp.jpg?fit=1000%2C600&ssl=1","contentUrl":"https:\/\/i0.wp.com\/casadecampoliving.com\/wp-content\/uploads\/2022\/10\/Featured-Image-Fundacion-MIR-Summer-Camp.jpg?fit=1000%2C600&ssl=1","width":1000,"height":600,"caption":"Featured Image Fundacion MIR Summer Camp"},{"@type":"BreadcrumbList","@id":"https:\/\/casadecampoliving.com\/es\/campamento-fundacion-mir-casa-de-campo\/#breadcrumb","itemListElement":[{"@type":"ListItem","position":1,"name":"Home","item":"https:\/\/casadecampoliving.com\/es\/"},{"@type":"ListItem","position":2,"name":"Los peque\u00f1os de Fundaci\u00f3n MIR disfrutaron de un fant\u00e1stico campamento en Casa de Campo"}]},{"@type":"WebSite","@id":"https:\/\/casadecampoliving.com\/es\/#website","url":"https:\/\/casadecampoliving.com\/es\/","name":"Casa de Campo Living","description":"Resort community news and resources.","publisher":{"@id":"https:\/\/casadecampoliving.com\/es\/#organization"},"potentialAction":[{"@type":"SearchAction","target":{"@type":"EntryPoint","urlTemplate":"https:\/\/casadecampoliving.com\/es\/?s={search_term_string}"},"query-input":{"@type":"PropertyValueSpecification","valueRequired":true,"valueName":"search_term_string"}}],"inLanguage":"es"},{"@type":"Organization","@id":"https:\/\/casadecampoliving.com\/es\/#organization","name":"Casa de Campo Living","url":"https:\/\/casadecampoliving.com\/es\/","logo":{"@type":"ImageObject","inLanguage":"es","@id":"https:\/\/casadecampoliving.com\/es\/#\/schema\/logo\/image\/","url":"https:\/\/i0.wp.com\/casadecampoliving.com\/wp-content\/uploads\/2022\/07\/CDCLivingLogo_V1-white-sized.png?fit=800%2C214&ssl=1","contentUrl":"https:\/\/i0.wp.com\/casadecampoliving.com\/wp-content\/uploads\/2022\/07\/CDCLivingLogo_V1-white-sized.png?fit=800%2C214&ssl=1","width":800,"height":214,"caption":"Casa de Campo Living"},"image":{"@id":"https:\/\/casadecampoliving.com\/es\/#\/schema\/logo\/image\/"},"sameAs":["https:\/\/www.facebook.com\/casadecampoliving","https:\/\/x.com\/cdcliving"]},{"@type":"Person","@id":"https:\/\/casadecampoliving.com\/es\/#\/schema\/person\/e3abfc63c1478fd703266a6f33a3145d","name":"Heather Lincoln","image":{"@type":"ImageObject","inLanguage":"es","@id":"https:\/\/secure.gravatar.com\/avatar\/e8fc1ce4ad50385675908137b0d8d66be281d034bf072b4700460237638ea6d0?s=96&d=mm&r=g","url":"https:\/\/secure.gravatar.com\/avatar\/e8fc1ce4ad50385675908137b0d8d66be281d034bf072b4700460237638ea6d0?s=96&d=mm&r=g","contentUrl":"https:\/\/secure.gravatar.com\/avatar\/e8fc1ce4ad50385675908137b0d8d66be281d034bf072b4700460237638ea6d0?s=96&d=mm&r=g","caption":"Heather Lincoln"},"url":"https:\/\/casadecampoliving.com\/es\/author\/hcastillo\/"}]}},"parsely":{"version":"1.1.0","canonical_url":"https:\/\/casadecampoliving.com\/es\/campamento-fundacion-mir-casa-de-campo\/","smart_links":{"inbound":0,"outbound":0},"traffic_boost_suggestions_count":0,"meta":{"@context":"https:\/\/schema.org","@type":"NewsArticle","headline":"Los peque\u00f1os de Fundaci\u00f3n MIR disfrutaron de un fant\u00e1stico campamento en Casa de Campo","url":"http:\/\/casadecampoliving.com\/es\/campamento-fundacion-mir-casa-de-campo\/","mainEntityOfPage":{"@type":"WebPage","@id":"http:\/\/casadecampoliving.com\/es\/campamento-fundacion-mir-casa-de-campo\/"},"thumbnailUrl":"https:\/\/i0.wp.com\/casadecampoliving.com\/wp-content\/uploads\/2022\/10\/Featured-Image-Fundacion-MIR-Summer-Camp.jpg?resize=150%2C150&ssl=1","image":{"@type":"ImageObject","url":"https:\/\/i0.wp.com\/casadecampoliving.com\/wp-content\/uploads\/2022\/10\/Featured-Image-Fundacion-MIR-Summer-Camp.jpg?fit=1000%2C600&ssl=1"},"articleSection":"Rep\u00fablica Dominicana @es","author":[{"@type":"Person","name":"Heather Lincoln"}],"creator":["Heather Lincoln"],"publisher":{"@type":"Organization","name":"Casa de Campo Living","logo":"https:\/\/casadecampoliving.com\/wp-content\/uploads\/2022\/07\/CDCLivingLogo_V1-white-sized.png"},"keywords":["campamento de verano","casa de campo @es","featured-topview @es","fundacion mir"],"dateCreated":"2016-07-03T04:00:00Z","datePublished":"2016-07-03T04:00:00Z","dateModified":"2022-11-10T14:34:34Z"},"rendered":"<script type=\"application\/ld+json\" class=\"wp-parsely-metadata\">{\"@context\":\"https:\\\/\\\/schema.org\",\"@type\":\"NewsArticle\",\"headline\":\"Los peque\\u00f1os de Fundaci\\u00f3n MIR disfrutaron de un fant\\u00e1stico campamento en Casa de Campo\",\"url\":\"http:\\\/\\\/casadecampoliving.com\\\/es\\\/campamento-fundacion-mir-casa-de-campo\\\/\",\"mainEntityOfPage\":{\"@type\":\"WebPage\",\"@id\":\"http:\\\/\\\/casadecampoliving.com\\\/es\\\/campamento-fundacion-mir-casa-de-campo\\\/\"},\"thumbnailUrl\":\"https:\\\/\\\/i0.wp.com\\\/casadecampoliving.com\\\/wp-content\\\/uploads\\\/2022\\\/10\\\/Featured-Image-Fundacion-MIR-Summer-Camp.jpg?resize=150%2C150&ssl=1\",\"image\":{\"@type\":\"ImageObject\",\"url\":\"https:\\\/\\\/i0.wp.com\\\/casadecampoliving.com\\\/wp-content\\\/uploads\\\/2022\\\/10\\\/Featured-Image-Fundacion-MIR-Summer-Camp.jpg?fit=1000%2C600&ssl=1\"},\"articleSection\":\"Rep\\u00fablica Dominicana @es\",\"author\":[{\"@type\":\"Person\",\"name\":\"Heather Lincoln\"}],\"creator\":[\"Heather Lincoln\"],\"publisher\":{\"@type\":\"Organization\",\"name\":\"Casa de Campo Living\",\"logo\":\"https:\\\/\\\/casadecampoliving.com\\\/wp-content\\\/uploads\\\/2022\\\/07\\\/CDCLivingLogo_V1-white-sized.png\"},\"keywords\":[\"campamento de verano\",\"casa de campo @es\",\"featured-topview @es\",\"fundacion mir\"],\"dateCreated\":\"2016-07-03T04:00:00Z\",\"datePublished\":\"2016-07-03T04:00:00Z\",\"dateModified\":\"2022-11-10T14:34:34Z\"}<\/script>","tracker_url":"https:\/\/cdn.parsely.com\/keys\/casadecampoliving.com\/p.js"},"jetpack_publicize_connections":[],"jetpack_featured_media_url":"https:\/\/i0.wp.com\/casadecampoliving.com\/wp-content\/uploads\/2022\/10\/Featured-Image-Fundacion-MIR-Summer-Camp.jpg?fit=1000%2C600&ssl=1","jetpack-related-posts":[{"id":344805,"url":"https:\/\/casadecampoliving.com\/es\/ayudar-los-ninos-necesitados-de-eso-trato-el-campamento-de-verano-fundacion-mir\/","url_meta":{"origin":350104,"position":0},"title":"Ayudar a los ni\u00f1os necesitados, de eso trat\u00f3 el Campamento de Verano Fundaci\u00f3n MIR","author":"Perkin Agramonte","date":"16 Jul, 2014","format":false,"excerpt":"Es siempre regocijante ver como un grupo de voluntarios unen sus fuerzas para brindar alegr\u00eda, conocimientos y diversi\u00f3n a los m\u00e1s peque\u00f1itos, es una experiencia inolvidable que queda grabada en la memoria de estos j\u00f3venes adultos, gracias a las emociones y afecto recibido de los ni\u00f1os; a continuaci\u00f3n escucharemos de\u2026","rel":"","context":"En \u00abCasa de Campo Living @es\u00bb","block_context":{"text":"Casa de Campo Living @es","link":"https:\/\/casadecampoliving.com\/category\/casa-de-campo-living-es\/"},"img":{"alt_text":"Fundacion MIR","src":"https:\/\/i0.wp.com\/casadecampoliving.com\/wp-content\/uploads\/2022\/10\/Fundacion_MIR-1.jpg?fit=650%2C315&ssl=1&resize=350%2C200","width":350,"height":200,"srcset":"https:\/\/i0.wp.com\/casadecampoliving.com\/wp-content\/uploads\/2022\/10\/Fundacion_MIR-1.jpg?fit=650%2C315&ssl=1&resize=350%2C200 1x, https:\/\/i0.wp.com\/casadecampoliving.com\/wp-content\/uploads\/2022\/10\/Fundacion_MIR-1.jpg?fit=650%2C315&ssl=1&resize=525%2C300 1.5x"},"classes":[]},{"id":352782,"url":"https:\/\/casadecampoliving.com\/es\/campamento-de-verano-de-robotica-en-la-escuela-de-ninas-de-la-fundacion-mir-por-community-bots\/","url_meta":{"origin":350104,"position":1},"title":"Campamento de verano de rob\u00f3tica en la escuela de ni\u00f1as de la Fundaci\u00f3n MIR por The Community Bots","author":"Casa de Campo Living","date":"23 Jul, 2018","format":false,"excerpt":"Durante este verano, la Fundaci\u00f3n MIR organiz\u00f3 un campamento de rob\u00f3tica para sus alumnos en la escuela MIR para ni\u00f1as, gracias al extraordinario apoyo de The Community Bots. \u00a1Las chicas tuvieron una experiencia maravillosa y les encant\u00f3 cada minuto! The Community Bots es un programa que brinda capacitaci\u00f3n en rob\u00f3tica\u2026","rel":"","context":"En \u00abFundaci\u00f3n MIR @es\u00bb","block_context":{"text":"Fundaci\u00f3n MIR @es","link":"https:\/\/casadecampoliving.com\/es\/category\/fundaciones-es\/fundacion-mir-es\/"},"img":{"alt_text":"","src":"https:\/\/i0.wp.com\/casadecampoliving.com\/wp-content\/uploads\/2022\/10\/DSC_7397-1.jpg?fit=1000%2C602&ssl=1&resize=350%2C200","width":350,"height":200,"srcset":"https:\/\/i0.wp.com\/casadecampoliving.com\/wp-content\/uploads\/2022\/10\/DSC_7397-1.jpg?fit=1000%2C602&ssl=1&resize=350%2C200 1x, https:\/\/i0.wp.com\/casadecampoliving.com\/wp-content\/uploads\/2022\/10\/DSC_7397-1.jpg?fit=1000%2C602&ssl=1&resize=525%2C300 1.5x, https:\/\/i0.wp.com\/casadecampoliving.com\/wp-content\/uploads\/2022\/10\/DSC_7397-1.jpg?fit=1000%2C602&ssl=1&resize=700%2C400 2x"},"classes":[]},{"id":347157,"url":"https:\/\/casadecampoliving.com\/es\/es-tiempo-de-futbol-en-casa-de-campo\/","url_meta":{"origin":350104,"position":2},"title":"\u00a1El f\u00fatbol llega Casa de Campo!","author":"Felix Guerrero","date":"9 Abr, 2015","format":false,"excerpt":"\u201cThe Sporting Life\u201d (La Vida Deportiva) en Casa de Campo acaba de recibir un peque\u00f1o empuj\u00f3n. Y ya que nuestra temporada de polo finaliz\u00f3 con un sensacional cierre el pasado s\u00e1bado 4 de abril con las finales de la Casa de Campo Copa Semana Santa. Tenemos la\u00a0vista fijada en otro\u2026","rel":"","context":"En \u00abCasa de Campo Living @es\u00bb","block_context":{"text":"Casa de Campo Living @es","link":"https:\/\/casadecampoliving.com\/category\/casa-de-campo-living-es\/"},"img":{"alt_text":"FCBEscola Santo Domingo","src":"https:\/\/i0.wp.com\/casadecampoliving.com\/wp-content\/uploads\/2022\/10\/FCBEscola_Santo_Domingo-1.jpg?fit=650%2C433&ssl=1&resize=350%2C200","width":350,"height":200,"srcset":"https:\/\/i0.wp.com\/casadecampoliving.com\/wp-content\/uploads\/2022\/10\/FCBEscola_Santo_Domingo-1.jpg?fit=650%2C433&ssl=1&resize=350%2C200 1x, https:\/\/i0.wp.com\/casadecampoliving.com\/wp-content\/uploads\/2022\/10\/FCBEscola_Santo_Domingo-1.jpg?fit=650%2C433&ssl=1&resize=525%2C300 1.5x"},"classes":[]},{"id":352690,"url":"https:\/\/casadecampoliving.com\/es\/entrena-con-los-mejores-en-el-campamento-de-verano-de-la-fundacion-real-madrid-en-casa-de-campo\/","url_meta":{"origin":350104,"position":3},"title":"\u00a1Entrena con los mejores en el campamento de verano de la Fundaci\u00f3n Real Madrid en Casa de Campo!","author":"Marlenys Guzm\u00e1n Casta\u00f1os","date":"4 Jun, 2018","format":false,"excerpt":"Para muchos ni\u00f1os y adolescentes de todo el mundo, \u00a1los veranos son para disfrutar lo que aman! \u00a1La escuela de f\u00fatbol de la Fundaci\u00f3n Real Madrid tendr\u00e1 un campamento de verano de dos semanas para los muchos j\u00f3venes futbolistas de nuestra comunidad! Del 18 al 29 de junio, nuestros ni\u00f1os\u2026","rel":"","context":"En \u00abDeportes\u00bb","block_context":{"text":"Deportes","link":"https:\/\/casadecampoliving.com\/es\/category\/golf-deportes-es\/"},"img":{"alt_text":"","src":"https:\/\/i0.wp.com\/casadecampoliving.com\/wp-content\/uploads\/2018\/06\/RMCD1.jpg?resize=350%2C200&ssl=1","width":350,"height":200,"srcset":"https:\/\/i0.wp.com\/casadecampoliving.com\/wp-content\/uploads\/2018\/06\/RMCD1.jpg?resize=350%2C200&ssl=1 1x, https:\/\/i0.wp.com\/casadecampoliving.com\/wp-content\/uploads\/2018\/06\/RMCD1.jpg?resize=525%2C300&ssl=1 1.5x, https:\/\/i0.wp.com\/casadecampoliving.com\/wp-content\/uploads\/2018\/06\/RMCD1.jpg?resize=700%2C400&ssl=1 2x"},"classes":[]},{"id":342731,"url":"https:\/\/casadecampoliving.com\/es\/fundacion-mir-la-romana\/","url_meta":{"origin":350104,"position":4},"title":"Fundaci\u00f3n MIR y FIU le dan un verano de diversi\u00f3n a los ni\u00f1os de La Romana","author":"Ana Alba","date":"25 Ago, 2013","format":false,"excerpt":"La semana pasada un grupo de 5 estudiantes de la Universidad Internacional de Florida (FIU) fueron voluntarios en la Escuela Primaria MIR de la Fundaci\u00f3n MIR en La Romana. Los estudiantes son parte de un grupo llamado \"Vacaciones Alternativas\" (AB-\"Alternative Break\" en ingl\u00e9s) - que significa que planean formas de\u2026","rel":"","context":"En \u00abEventos\u00bb","block_context":{"text":"Eventos","link":"https:\/\/casadecampoliving.com\/es\/category\/eventos-es\/"},"img":{"alt_text":"FIU Summer Camp Fundacion MIR","src":"https:\/\/i0.wp.com\/casadecampoliving.com\/wp-content\/uploads\/2022\/10\/Ana-1.jpg?fit=464%2C325&ssl=1&resize=350%2C200","width":350,"height":200},"classes":[]},{"id":352866,"url":"https:\/\/casadecampoliving.com\/es\/el-futbol-vuelve-para-una-nueva-temporada-con-la-escuela-de-la-fundacion-real-madrid-en-casa-de-campo\/","url_meta":{"origin":350104,"position":5},"title":"\u00a1El f\u00fatbol vuelve para una nueva temporada con la escuela de la Fundaci\u00f3n Real Madrid en Casa de Campo!","author":"Marlenys Guzm\u00e1n Casta\u00f1os","date":"10 Sep, 2018","format":false,"excerpt":"Desde que se anunci\u00f3 la alianza de Casa de Campo con Fundaci\u00f3n ARMID el a\u00f1o pasado, toda la comunidad de Casa de Campo ha estado muy entusiasmada con el regreso del f\u00fatbol al \u00e1mbito deportivo de Casa de Campo. Ahora que ha comenzado un nuevo a\u00f1o escolar, tambi\u00e9n lo har\u00e1\u2026","rel":"","context":"En \u00abDeportes\u00bb","block_context":{"text":"Deportes","link":"https:\/\/casadecampoliving.com\/es\/category\/golf-deportes-es\/"},"img":{"alt_text":"","src":"https:\/\/i0.wp.com\/casadecampoliving-wp.s3-accelerate.amazonaws.com\/2018\/09\/20180310_112123.jpg?resize=350%2C200&ssl=1","width":350,"height":200,"srcset":"https:\/\/i0.wp.com\/casadecampoliving-wp.s3-accelerate.amazonaws.com\/2018\/09\/20180310_112123.jpg?resize=350%2C200&ssl=1 1x, https:\/\/i0.wp.com\/casadecampoliving-wp.s3-accelerate.amazonaws.com\/2018\/09\/20180310_112123.jpg?resize=525%2C300&ssl=1 1.5x, https:\/\/i0.wp.com\/casadecampoliving-wp.s3-accelerate.amazonaws.com\/2018\/09\/20180310_112123.jpg?resize=700%2C400&ssl=1 2x"},"classes":[]}],"jetpack_sharing_enabled":true,"_links":{"self":[{"href":"https:\/\/casadecampoliving.com\/es\/wp-json\/wp\/v2\/posts\/350104","targetHints":{"allow":["GET"]}}],"collection":[{"href":"https:\/\/casadecampoliving.com\/es\/wp-json\/wp\/v2\/posts"}],"about":[{"href":"https:\/\/casadecampoliving.com\/es\/wp-json\/wp\/v2\/types\/post"}],"author":[{"embeddable":true,"href":"https:\/\/casadecampoliving.com\/es\/wp-json\/wp\/v2\/users\/36681"}],"replies":[{"embeddable":true,"href":"https:\/\/casadecampoliving.com\/es\/wp-json\/wp\/v2\/comments?post=350104"}],"version-history":[{"count":2,"href":"https:\/\/casadecampoliving.com\/es\/wp-json\/wp\/v2\/posts\/350104\/revisions"}],"predecessor-version":[{"id":507530,"href":"https:\/\/casadecampoliving.com\/es\/wp-json\/wp\/v2\/posts\/350104\/revisions\/507530"}],"wp:featuredmedia":[{"embeddable":true,"href":"https:\/\/casadecampoliving.com\/es\/wp-json\/wp\/v2\/media\/312851"}],"wp:attachment":[{"href":"https:\/\/casadecampoliving.com\/es\/wp-json\/wp\/v2\/media?parent=350104"}],"wp:term":[{"taxonomy":"category","embeddable":true,"href":"https:\/\/casadecampoliving.com\/es\/wp-json\/wp\/v2\/categories?post=350104"},{"taxonomy":"post_tag","embeddable":true,"href":"https:\/\/casadecampoliving.com\/es\/wp-json\/wp\/v2\/tags?post=350104"},{"taxonomy":"newspack_spnsrs_tax","embeddable":true,"href":"https:\/\/casadecampoliving.com\/es\/wp-json\/wp\/v2\/newspack_spnsrs_tax?post=350104"}],"curies":[{"name":"wp","href":"https:\/\/api.w.org\/{rel}","templated":true}]}}