{"id":349896,"date":"2016-05-30T00:00:00","date_gmt":"2016-05-30T04:00:00","guid":{"rendered":"https:\/\/casadecampoliving.com\/los-conciertos-en-casa-continuan-con-carlos-vives-en-septiembre\/"},"modified":"2022-10-21T19:00:20","modified_gmt":"2022-10-21T23:00:20","slug":"los-conciertos-en-casa-continuan-con-carlos-vives-en-septiembre","status":"publish","type":"post","link":"https:\/\/casadecampoliving.com\/es\/los-conciertos-en-casa-continuan-con-carlos-vives-en-septiembre\/","title":{"rendered":"\u00a1Los conciertos en Casa contin\u00faan con Carlos Vives en Septiembre!"},"content":{"rendered":"\n<p><span style=\"font-weight: 400;\">\u00bfAdivinen quien se estar\u00e1 presentando tambi\u00e9n en el Anfiteatro de Altos de Chav\u00f3n este a\u00f1o? \u00a1Carlos Vives! El popular artista de Colombia presentar\u00e1 su gira m\u00e1s reciente el 17 de septiembre. Esta informaci\u00f3n fue suministrada por Gamal Hach\u00e9,&nbsp;durante&nbsp;el coctel de Due\u00f1os Casa de Campo Resorte and Villas el pasado jueves en la Plaza Chavon.<\/span><\/p>\n\n\n\n<!--more-->\n\n\n\n<p><span style=\"font-weight: 400;\">El cantante, compositor, actor, empresario y embajador de la USAID, Carlos Vives es uno de los artistas m\u00e1s emblem\u00e1ticos de Colombia y una de las figuras m\u00e1s importantes de la m\u00fasica latina. Ha vendido m\u00e1s de 30 millones de discos en todo el mundo, y es considerado uno de los pioneros de la m\u00fasica pop colombiana. Fue el primer artista colombiano en ganar un premio Grammy, y tambi\u00e9n tiene el r\u00e9cord de la mayor cantidad de nominaciones a los premios Grammy Latino. A la fecha, ha ganado dos Grammys y nueve Grammys Latinos.<\/span><\/p>\n\n\n\n<p><span style=\"font-weight: 400;\">Despu\u00e9s de estar ausente durante algunos a\u00f1os, regres\u00f3 con dos \u00e1lbumes incre\u00edbles, Coraz\u00f3n Profundo y M\u00e1s + Coraz\u00f3n Profundo; \u00a1y sus sencillos, \u201d Volv\u00ed a nacer \u201c, \u201d Como Le Gusta A Tu Cuerpo \u201d y \u201d Bailar Contigo\u201d alcanz\u00f3 el # 1 en la lista Billboard latina en EE.UU.! Ha colaborado con artistas muy populares como Daddy Yankee, Wisin, Marc Anthony y m\u00e1s recientemente con Shakira con la que debut\u00f3 el sencillo \u201cLa Bicicleta \u201d \u00a1\u00a1 hace s\u00f3lo tres d\u00edas !! A\u00fan no hay video oficial, muy a nuestro pesar, pero fueron vistos en Colombia durante la filmaci\u00f3n del mismo. \u00a1Vean la foto del Instagram de Shakira!<\/span><\/p>\n\n\n\n<center><p><\/p>\n<blockquote class=\"instagram-media\" style=\"background: #FFF; border: 0; border-radius: 3px; box-shadow: 0 0 1px 0 rgba(0,0,0,0.5),0 1px 10px 0 rgba(0,0,0,0.15); margin: 1px; max-width: 658px; padding: 0; width: calc(100% - 2px);\" data-instgrm-captioned=\"\" data-instgrm-version=\"7\"><div style=\"padding: 8px;\">\n<div style=\"background: #F8F8F8; line-height: 0; margin-top: 40px; padding: 62.4866595518% 0; text-align: center; width: 100%;\"><\/div>\n<p style=\"margin: 8px 0 0 0; padding: 0 4px;\"><a style=\"color: #000; font-family: Arial,sans-serif; font-size: 14px; font-style: normal; font-weight: normal; line-height: 17px; text-decoration: none; word-wrap: break-word;\" href=\"https:\/\/www.instagram.com\/p\/BFoyndAIjpB\/\" target=\"_blank\" rel=\"noopener\">Empezando el recorrido en \u201cla bicicleta \/ Going for a ride on #laBicicleta?<\/a><\/p>\n<p style=\"color: #c9c8cd; font-family: Arial,sans-serif; font-size: 14px; line-height: 17px; margin-bottom: 0; margin-top: 8px; overflow: hidden; padding: 8px 0 7px; text-align: center; text-overflow: ellipsis; white-space: nowrap;\">A photo posted by Shakira (@shakira) on <time style=\"font-family: Arial,sans-serif; font-size: 14px; line-height: 17px;\" datetime=\"2016-05-20T17:25:08+00:00\">May 20, 2016 at 10:25am PDT<\/time><\/p>\n<\/div><\/blockquote>\n<p><script src=\"\/\/platform.instagram.com\/en_US\/embeds.js\" async=\"\" defer=\"defer\"><\/script><\/p>\n<p><\/p><\/center>\n\n\n\n<p><span style=\"font-weight: 400;\">\u00a1Casa de Campo Resort &amp; Villas ha hecho un trabajo fenomenal de traernos a los mejores artistas a Casa! Con <\/span><a href=\"https:\/\/casadecampoliving.com\/es\/yandel-zion-lennox-j-balvin-concierto-de-verano-casa-de-campo\/\"><span style=\"font-weight: 400;\">J. Balvin, Zion &amp; Lennox en junio, <\/span><\/a><a href=\"https:\/\/casadecampoliving.com\/es\/chris-brown-en-altos-de-chavon-el-6-de-agosto\/\"><span style=\"font-weight: 400;\">Chris Brown en agosto <\/span><\/a><span style=\"font-weight: 400;\">y ahora Carlos Vives en septiembre, \u00a1no podemos esperar hasta que anuncian su pr\u00f3ximo concierto! A continuaci\u00f3n algunos de los \u00e9xitos de Carlos Vives para que usted pueda conocerlo \u00a1o si ya lo conocen, disfrutar una vez m\u00e1s de sus canciones!<\/span><\/p>\n\n\n\n<center><iframe loading=\"lazy\" src=\"https:\/\/www.youtube.com\/embed\/CJ_zRSv3Hr8\" width=\"560\" height=\"315\" frameborder=\"0\" allowfullscreen=\"allowfullscreen\"><\/iframe><\/center>\n\n\n\n<center><iframe loading=\"lazy\" src=\"https:\/\/www.youtube.com\/embed\/72G9udHaAPI\" width=\"560\" height=\"315\" frameborder=\"0\" allowfullscreen=\"allowfullscreen\"><\/iframe><\/center>\n\n\n\n<center><iframe loading=\"lazy\" src=\"https:\/\/www.youtube.com\/embed\/Geqmpq0tjNU\" width=\"560\" height=\"315\" frameborder=\"0\" allowfullscreen=\"allowfullscreen\"><\/iframe><\/center>\n\n\n\n<blockquote class=\"wp-block-quote is-layout-flow wp-block-quote-is-layout-flow\"><p><b>CARLOS VIVES EN&nbsp;ALTOS DE CHAVON<\/b><\/p><p><span style=\"font-weight: 400;\"><strong>Cu\u00e1ndo:<\/strong> 17 de septiembre 2016, 7pm<\/span><\/p><p><span style=\"font-weight: 400;\"><strong>D\u00f3nde:<\/strong> Anfiteatro, Altos de Chav\u00f3n<\/span><\/p><p><strong>Informaci\u00f3n de Boletas:<\/strong> \u00a1Pronto a la venta!! Estaremos actualizando la informaci\u00f3n de las boletas en cuanto la recibamos.<\/p><\/blockquote>\n\n\n\n<blockquote><figure><img decoding=\"async\" loading=\"lazy\" data-amp-lightbox=\"true\" lightbox=\"true\" class=\"aligncenter size-full wp-image-119201\" src=\"https:\/\/i0.wp.com\/casadecampoliving.com\/wp-content\/uploads\/2022\/10\/13012680_1011356558901596_3166512657221559837_n-e1463439147204-1.jpg?resize=851%2C315&amp;ssl=1\" alt=\"zion lennox\" width=\"851\" height=\"315\"><\/figure><p><a href=\"https:\/\/casadecampoliving.com\/es\/yandel-zion-lennox-j-balvin-concierto-de-verano-casa-de-campo\/\"><b>Zion &amp; Lennox y J.Balvin en el Concierto de Verano de Casa de Campo<\/b><\/a><\/p><p><span style=\"font-weight: 400;\">\u00a1Un concierto de verano \u00e9pico con las superestrellas del Reggaet\u00f3n J. Balvin y Zion &amp; Lennox se estara presentando el 25 de junio en el Anfiteatro de Altos de Chav\u00f3n! Los datos han sido confirmados en el calendario en l\u00ednea de Casa de Campo Resort &amp; Villa, \u00a1as\u00ed que no se lo pueden perder!<\/span><\/p><\/blockquote>\n\n\n\n<blockquote><p><a href=\"https:\/\/casadecampoliving.com\/es\/chris-brown-en-altos-de-chavon-el-6-de-agosto\/#respond\"><b>\u00a1*ACTUALIZADO \u2013 Concierto Cancelado * Chris Brown en Altos de Chav\u00f3n el 6 de agosto!<\/b> <\/a><\/p><figure><a href=\"https:\/\/casadecampoliving.com\/es\/chris-brown-en-altos-de-chavon-el-6-de-agosto\/#respond\"><img decoding=\"async\" loading=\"lazy\" class=\"aligncenter size-full wp-image-114469\" src=\"https:\/\/i0.wp.com\/casadecampoliving.com\/wp-content\/uploads\/2022\/10\/chrisbrowntour.jpg?resize=650%2C350&amp;ssl=1\" alt=\"chrisbrowntour\" width=\"650\" height=\"350\"><\/a><\/figure><p><a href=\"https:\/\/casadecampoliving.com\/es\/2016-altos-de-chavon-ricky-martin-chris-brown-juan-luis-guerra\/\"><span style=\"font-weight: 400;\">Desde que escuchamos el rumor de que Chris Brown se presentar\u00eda en Altos de Chav\u00f3n a finales del a\u00f1o pasado<\/span><span style=\"font-weight: 400;\">, hemos estado esperando pacientemente por el anuncio formal con la fecha. \u00a1Chris Brown y su tour \u201cOne Hell of a Nite\u201d estar\u00e1n present\u00e1ndose en el escenario del anfiteatro de Altos de Chav\u00f3n el 6 de agosto el a\u00f1o 2016!<\/span><\/a><\/p><\/blockquote>\n\n\n\n<p><a href=\"https:\/\/casadecampoliving.com\/es\/2016-altos-de-chavon-ricky-martin-chris-brown-juan-luis-guerra\/\">\n<\/a><\/p>\n","protected":false},"excerpt":{"rendered":"<p>\u00bfAdivinen quien se estar\u00e1 presentando tambi\u00e9n en el Anfiteatro de Altos de Chav\u00f3n este a\u00f1o? \u00a1Carlos Vives! El popular artista de Colombia presentar\u00e1 su gira m\u00e1s reciente el 17 de septiembre. Esta informaci\u00f3n fue suministrada por Gamal Hach\u00e9,&nbsp;durante&nbsp;el coctel de Due\u00f1os Casa de Campo Resorte and Villas el pasado jueves en la Plaza Chavon.<\/p>\n","protected":false},"author":36682,"featured_media":310051,"comment_status":"closed","ping_status":"closed","sticky":false,"template":"","format":"standard","meta":{"newspack_ads_suppress_ads":false,"newspack_popups_has_disabled_popups":false,"newspack_sponsor_sponsorship_scope":"","newspack_sponsor_native_byline_display":"inherit","newspack_sponsor_native_category_display":"inherit","newspack_sponsor_underwriter_style":"inherit","newspack_sponsor_underwriter_placement":"inherit","_newspack_byline_active":false,"_newspack_byline":"","newspack_hide_updated_date":false,"newspack_show_updated_date":false,"newspack_content_restriction_is_exempt":false,"newspack_featured_image_position":"","newspack_post_subtitle":"","newspack_article_summary_title":"Overview:","newspack_article_summary":"","_jetpack_memberships_contains_paid_content":false,"footnotes":"","jetpack_publicize_message":"","jetpack_publicize_feature_enabled":true,"jetpack_social_post_already_shared":false,"jetpack_social_options":{"image_generator_settings":{"template":"highway","default_image_id":0,"font":"","enabled":false},"version":2},"_wpas_customize_per_network":false},"categories":[26819,2513,2518,2522,14627,2521,26822],"tags":[15387,18161,3626,13437,18836,2963,18008,15091,18007],"newspack_spnsrs_tax":[],"class_list":["post-349896","post","type-post","status-publish","format-standard","has-post-thumbnail","hentry","category-altos-de-chavon-es","category-celebridades-es","category-conciertos-es","category-eventos-es","category-proximamente","category-republica-dominicana-2","category-resort-casa-de-campo","tag-altos-de-chavon-es","tag-carlos-vives-es","tag-casa-de-campo-es","tag-chris-brown-es","tag-concert-es-2","tag-concierto","tag-j-balvin-es","tag-proximamente","tag-zion-lennox-es","entry"],"yoast_head":"<!-- This site is optimized with the Yoast SEO plugin v27.4 - https:\/\/yoast.com\/product\/yoast-seo-wordpress\/ -->\n<title>\u00a1Los conciertos en Casa contin\u00faan con Carlos Vives en Septiembre! | Casa de Campo Living<\/title>\n<meta name=\"description\" content=\"\u00bfAdivinen quien se estar\u00e1 presentando tambi\u00e9n en el Anfiteatro de Altos de Chav\u00f3n este a\u00f1o? \u00a1Carlos Vives! El popular artista de Colombia presentar\u00e1 su\" \/>\n<meta name=\"robots\" content=\"index, follow, max-snippet:-1, max-image-preview:large, max-video-preview:-1\" \/>\n<link rel=\"canonical\" href=\"https:\/\/casadecampoliving.com\/es\/los-conciertos-en-casa-continuan-con-carlos-vives-en-septiembre\/\" \/>\n<meta property=\"og:locale\" content=\"es_ES\" \/>\n<meta property=\"og:type\" content=\"article\" \/>\n<meta property=\"og:title\" content=\"\u00a1Los conciertos en Casa contin\u00faan con Carlos Vives en Septiembre! | Casa de Campo Living\" \/>\n<meta property=\"og:description\" content=\"\u00bfAdivinen quien se estar\u00e1 presentando tambi\u00e9n en el Anfiteatro de Altos de Chav\u00f3n este a\u00f1o? \u00a1Carlos Vives! El popular artista de Colombia presentar\u00e1 su\" \/>\n<meta property=\"og:url\" content=\"https:\/\/casadecampoliving.com\/es\/los-conciertos-en-casa-continuan-con-carlos-vives-en-septiembre\/\" \/>\n<meta property=\"og:site_name\" content=\"Casa de Campo Living\" \/>\n<meta property=\"article:publisher\" content=\"https:\/\/www.facebook.com\/casadecampoliving\" \/>\n<meta property=\"article:published_time\" content=\"2016-05-30T04:00:00+00:00\" \/>\n<meta property=\"article:modified_time\" content=\"2022-10-21T23:00:20+00:00\" \/>\n<meta property=\"og:image\" content=\"https:\/\/i0.wp.com\/casadecampoliving.com\/wp-content\/uploads\/2022\/10\/Carlos-Vives-4.jpg?fit=630%2C472&ssl=1\" \/>\n\t<meta property=\"og:image:width\" content=\"630\" \/>\n\t<meta property=\"og:image:height\" content=\"472\" \/>\n\t<meta property=\"og:image:type\" content=\"image\/jpeg\" \/>\n<meta name=\"author\" content=\"Marlenys Guzm\u00e1n Casta\u00f1os\" \/>\n<meta name=\"twitter:card\" content=\"summary_large_image\" \/>\n<meta name=\"twitter:creator\" content=\"@cdcliving\" \/>\n<meta name=\"twitter:site\" content=\"@cdcliving\" \/>\n<meta name=\"twitter:label1\" content=\"Escrito por\" \/>\n\t<meta name=\"twitter:data1\" content=\"Marlenys Guzm\u00e1n Casta\u00f1os\" \/>\n\t<meta name=\"twitter:label2\" content=\"Tiempo de lectura\" \/>\n\t<meta name=\"twitter:data2\" content=\"3 minutos\" \/>\n<script type=\"application\/ld+json\" class=\"yoast-schema-graph\">{\"@context\":\"https:\\\/\\\/schema.org\",\"@graph\":[{\"@type\":\"Article\",\"@id\":\"https:\\\/\\\/casadecampoliving.com\\\/es\\\/los-conciertos-en-casa-continuan-con-carlos-vives-en-septiembre\\\/#article\",\"isPartOf\":{\"@id\":\"https:\\\/\\\/casadecampoliving.com\\\/es\\\/los-conciertos-en-casa-continuan-con-carlos-vives-en-septiembre\\\/\"},\"author\":{\"name\":\"Marlenys Guzm\u00e1n Casta\u00f1os\",\"@id\":\"https:\\\/\\\/casadecampoliving.com\\\/es\\\/#\\\/schema\\\/person\\\/b6606bd87f9cec8f5903e2141cafda24\"},\"headline\":\"\u00a1Los conciertos en Casa contin\u00faan con Carlos Vives en Septiembre!\",\"datePublished\":\"2016-05-30T04:00:00+00:00\",\"dateModified\":\"2022-10-21T23:00:20+00:00\",\"mainEntityOfPage\":{\"@id\":\"https:\\\/\\\/casadecampoliving.com\\\/es\\\/los-conciertos-en-casa-continuan-con-carlos-vives-en-septiembre\\\/\"},\"wordCount\":568,\"publisher\":{\"@id\":\"https:\\\/\\\/casadecampoliving.com\\\/es\\\/#organization\"},\"image\":{\"@id\":\"https:\\\/\\\/casadecampoliving.com\\\/es\\\/los-conciertos-en-casa-continuan-con-carlos-vives-en-septiembre\\\/#primaryimage\"},\"thumbnailUrl\":\"https:\\\/\\\/i0.wp.com\\\/casadecampoliving.com\\\/wp-content\\\/uploads\\\/2022\\\/10\\\/Carlos-Vives-4.jpg?fit=630%2C472&ssl=1\",\"keywords\":[\"Altos de Chavon\",\"Carlos Vives @es\",\"casa de campo @es\",\"Chris Brown @es\",\"concert\",\"concierto\",\"J Balvin @es\",\"Proximamente\",\"Zion &amp; Lennox @es\"],\"articleSection\":[\"Altos de Chavon @es\",\"Celebridades\",\"Conciertos\",\"Eventos\",\"Proximamente\",\"Rep\u00fablica Dominicana @es\",\"Resort Casa de Campo\"],\"inLanguage\":\"es\"},{\"@type\":\"WebPage\",\"@id\":\"https:\\\/\\\/casadecampoliving.com\\\/es\\\/los-conciertos-en-casa-continuan-con-carlos-vives-en-septiembre\\\/\",\"url\":\"https:\\\/\\\/casadecampoliving.com\\\/es\\\/los-conciertos-en-casa-continuan-con-carlos-vives-en-septiembre\\\/\",\"name\":\"\u00a1Los conciertos en Casa contin\u00faan con Carlos Vives en Septiembre! | Casa de Campo Living\",\"isPartOf\":{\"@id\":\"https:\\\/\\\/casadecampoliving.com\\\/es\\\/#website\"},\"primaryImageOfPage\":{\"@id\":\"https:\\\/\\\/casadecampoliving.com\\\/es\\\/los-conciertos-en-casa-continuan-con-carlos-vives-en-septiembre\\\/#primaryimage\"},\"image\":{\"@id\":\"https:\\\/\\\/casadecampoliving.com\\\/es\\\/los-conciertos-en-casa-continuan-con-carlos-vives-en-septiembre\\\/#primaryimage\"},\"thumbnailUrl\":\"https:\\\/\\\/i0.wp.com\\\/casadecampoliving.com\\\/wp-content\\\/uploads\\\/2022\\\/10\\\/Carlos-Vives-4.jpg?fit=630%2C472&ssl=1\",\"datePublished\":\"2016-05-30T04:00:00+00:00\",\"dateModified\":\"2022-10-21T23:00:20+00:00\",\"description\":\"\u00bfAdivinen quien se estar\u00e1 presentando tambi\u00e9n en el Anfiteatro de Altos de Chav\u00f3n este a\u00f1o? \u00a1Carlos Vives! El popular artista de Colombia presentar\u00e1 su\",\"breadcrumb\":{\"@id\":\"https:\\\/\\\/casadecampoliving.com\\\/es\\\/los-conciertos-en-casa-continuan-con-carlos-vives-en-septiembre\\\/#breadcrumb\"},\"inLanguage\":\"es\",\"potentialAction\":[{\"@type\":\"ReadAction\",\"target\":[\"https:\\\/\\\/casadecampoliving.com\\\/es\\\/los-conciertos-en-casa-continuan-con-carlos-vives-en-septiembre\\\/\"]}]},{\"@type\":\"ImageObject\",\"inLanguage\":\"es\",\"@id\":\"https:\\\/\\\/casadecampoliving.com\\\/es\\\/los-conciertos-en-casa-continuan-con-carlos-vives-en-septiembre\\\/#primaryimage\",\"url\":\"https:\\\/\\\/i0.wp.com\\\/casadecampoliving.com\\\/wp-content\\\/uploads\\\/2022\\\/10\\\/Carlos-Vives-4.jpg?fit=630%2C472&ssl=1\",\"contentUrl\":\"https:\\\/\\\/i0.wp.com\\\/casadecampoliving.com\\\/wp-content\\\/uploads\\\/2022\\\/10\\\/Carlos-Vives-4.jpg?fit=630%2C472&ssl=1\",\"width\":630,\"height\":472,\"caption\":\"Carlos Vives\"},{\"@type\":\"BreadcrumbList\",\"@id\":\"https:\\\/\\\/casadecampoliving.com\\\/es\\\/los-conciertos-en-casa-continuan-con-carlos-vives-en-septiembre\\\/#breadcrumb\",\"itemListElement\":[{\"@type\":\"ListItem\",\"position\":1,\"name\":\"Home\",\"item\":\"https:\\\/\\\/casadecampoliving.com\\\/es\\\/\"},{\"@type\":\"ListItem\",\"position\":2,\"name\":\"\u00a1Los conciertos en Casa contin\u00faan con Carlos Vives en Septiembre!\"}]},{\"@type\":\"WebSite\",\"@id\":\"https:\\\/\\\/casadecampoliving.com\\\/es\\\/#website\",\"url\":\"https:\\\/\\\/casadecampoliving.com\\\/es\\\/\",\"name\":\"Casa de Campo Living\",\"description\":\"Resort community news and resources.\",\"publisher\":{\"@id\":\"https:\\\/\\\/casadecampoliving.com\\\/es\\\/#organization\"},\"potentialAction\":[{\"@type\":\"SearchAction\",\"target\":{\"@type\":\"EntryPoint\",\"urlTemplate\":\"https:\\\/\\\/casadecampoliving.com\\\/es\\\/?s={search_term_string}\"},\"query-input\":{\"@type\":\"PropertyValueSpecification\",\"valueRequired\":true,\"valueName\":\"search_term_string\"}}],\"inLanguage\":\"es\"},{\"@type\":\"Organization\",\"@id\":\"https:\\\/\\\/casadecampoliving.com\\\/es\\\/#organization\",\"name\":\"Casa de Campo Living\",\"url\":\"https:\\\/\\\/casadecampoliving.com\\\/es\\\/\",\"logo\":{\"@type\":\"ImageObject\",\"inLanguage\":\"es\",\"@id\":\"https:\\\/\\\/casadecampoliving.com\\\/es\\\/#\\\/schema\\\/logo\\\/image\\\/\",\"url\":\"https:\\\/\\\/i0.wp.com\\\/casadecampoliving.com\\\/wp-content\\\/uploads\\\/2022\\\/07\\\/CDCLivingLogo_V1-white-sized.png?fit=800%2C214&ssl=1\",\"contentUrl\":\"https:\\\/\\\/i0.wp.com\\\/casadecampoliving.com\\\/wp-content\\\/uploads\\\/2022\\\/07\\\/CDCLivingLogo_V1-white-sized.png?fit=800%2C214&ssl=1\",\"width\":800,\"height\":214,\"caption\":\"Casa de Campo Living\"},\"image\":{\"@id\":\"https:\\\/\\\/casadecampoliving.com\\\/es\\\/#\\\/schema\\\/logo\\\/image\\\/\"},\"sameAs\":[\"https:\\\/\\\/www.facebook.com\\\/casadecampoliving\",\"https:\\\/\\\/x.com\\\/cdcliving\"]},{\"@type\":\"Person\",\"@id\":\"https:\\\/\\\/casadecampoliving.com\\\/es\\\/#\\\/schema\\\/person\\\/b6606bd87f9cec8f5903e2141cafda24\",\"name\":\"Marlenys Guzm\u00e1n Casta\u00f1os\",\"image\":{\"@type\":\"ImageObject\",\"inLanguage\":\"es\",\"@id\":\"https:\\\/\\\/secure.gravatar.com\\\/avatar\\\/72f3f86b8e6b3ec744201aeadf11d4a6055e8af194aecd9ad30ffff4437878ee?s=96&d=mm&r=g\",\"url\":\"https:\\\/\\\/secure.gravatar.com\\\/avatar\\\/72f3f86b8e6b3ec744201aeadf11d4a6055e8af194aecd9ad30ffff4437878ee?s=96&d=mm&r=g\",\"contentUrl\":\"https:\\\/\\\/secure.gravatar.com\\\/avatar\\\/72f3f86b8e6b3ec744201aeadf11d4a6055e8af194aecd9ad30ffff4437878ee?s=96&d=mm&r=g\",\"caption\":\"Marlenys Guzm\u00e1n Casta\u00f1os\"},\"url\":\"https:\\\/\\\/casadecampoliving.com\\\/es\\\/author\\\/mguzman\\\/\"}]}<\/script>\n<!-- \/ Yoast SEO plugin. -->","yoast_head_json":{"title":"\u00a1Los conciertos en Casa contin\u00faan con Carlos Vives en Septiembre! | Casa de Campo Living","description":"\u00bfAdivinen quien se estar\u00e1 presentando tambi\u00e9n en el Anfiteatro de Altos de Chav\u00f3n este a\u00f1o? \u00a1Carlos Vives! El popular artista de Colombia presentar\u00e1 su","robots":{"index":"index","follow":"follow","max-snippet":"max-snippet:-1","max-image-preview":"max-image-preview:large","max-video-preview":"max-video-preview:-1"},"canonical":"https:\/\/casadecampoliving.com\/es\/los-conciertos-en-casa-continuan-con-carlos-vives-en-septiembre\/","og_locale":"es_ES","og_type":"article","og_title":"\u00a1Los conciertos en Casa contin\u00faan con Carlos Vives en Septiembre! | Casa de Campo Living","og_description":"\u00bfAdivinen quien se estar\u00e1 presentando tambi\u00e9n en el Anfiteatro de Altos de Chav\u00f3n este a\u00f1o? \u00a1Carlos Vives! El popular artista de Colombia presentar\u00e1 su","og_url":"https:\/\/casadecampoliving.com\/es\/los-conciertos-en-casa-continuan-con-carlos-vives-en-septiembre\/","og_site_name":"Casa de Campo Living","article_publisher":"https:\/\/www.facebook.com\/casadecampoliving","article_published_time":"2016-05-30T04:00:00+00:00","article_modified_time":"2022-10-21T23:00:20+00:00","og_image":[{"width":630,"height":472,"url":"https:\/\/i0.wp.com\/casadecampoliving.com\/wp-content\/uploads\/2022\/10\/Carlos-Vives-4.jpg?fit=630%2C472&ssl=1","type":"image\/jpeg"}],"author":"Marlenys Guzm\u00e1n Casta\u00f1os","twitter_card":"summary_large_image","twitter_creator":"@cdcliving","twitter_site":"@cdcliving","twitter_misc":{"Escrito por":"Marlenys Guzm\u00e1n Casta\u00f1os","Tiempo de lectura":"3 minutos"},"schema":{"@context":"https:\/\/schema.org","@graph":[{"@type":"Article","@id":"https:\/\/casadecampoliving.com\/es\/los-conciertos-en-casa-continuan-con-carlos-vives-en-septiembre\/#article","isPartOf":{"@id":"https:\/\/casadecampoliving.com\/es\/los-conciertos-en-casa-continuan-con-carlos-vives-en-septiembre\/"},"author":{"name":"Marlenys Guzm\u00e1n Casta\u00f1os","@id":"https:\/\/casadecampoliving.com\/es\/#\/schema\/person\/b6606bd87f9cec8f5903e2141cafda24"},"headline":"\u00a1Los conciertos en Casa contin\u00faan con Carlos Vives en Septiembre!","datePublished":"2016-05-30T04:00:00+00:00","dateModified":"2022-10-21T23:00:20+00:00","mainEntityOfPage":{"@id":"https:\/\/casadecampoliving.com\/es\/los-conciertos-en-casa-continuan-con-carlos-vives-en-septiembre\/"},"wordCount":568,"publisher":{"@id":"https:\/\/casadecampoliving.com\/es\/#organization"},"image":{"@id":"https:\/\/casadecampoliving.com\/es\/los-conciertos-en-casa-continuan-con-carlos-vives-en-septiembre\/#primaryimage"},"thumbnailUrl":"https:\/\/i0.wp.com\/casadecampoliving.com\/wp-content\/uploads\/2022\/10\/Carlos-Vives-4.jpg?fit=630%2C472&ssl=1","keywords":["Altos de Chavon","Carlos Vives @es","casa de campo @es","Chris Brown @es","concert","concierto","J Balvin @es","Proximamente","Zion &amp; Lennox @es"],"articleSection":["Altos de Chavon @es","Celebridades","Conciertos","Eventos","Proximamente","Rep\u00fablica Dominicana @es","Resort Casa de Campo"],"inLanguage":"es"},{"@type":"WebPage","@id":"https:\/\/casadecampoliving.com\/es\/los-conciertos-en-casa-continuan-con-carlos-vives-en-septiembre\/","url":"https:\/\/casadecampoliving.com\/es\/los-conciertos-en-casa-continuan-con-carlos-vives-en-septiembre\/","name":"\u00a1Los conciertos en Casa contin\u00faan con Carlos Vives en Septiembre! | Casa de Campo Living","isPartOf":{"@id":"https:\/\/casadecampoliving.com\/es\/#website"},"primaryImageOfPage":{"@id":"https:\/\/casadecampoliving.com\/es\/los-conciertos-en-casa-continuan-con-carlos-vives-en-septiembre\/#primaryimage"},"image":{"@id":"https:\/\/casadecampoliving.com\/es\/los-conciertos-en-casa-continuan-con-carlos-vives-en-septiembre\/#primaryimage"},"thumbnailUrl":"https:\/\/i0.wp.com\/casadecampoliving.com\/wp-content\/uploads\/2022\/10\/Carlos-Vives-4.jpg?fit=630%2C472&ssl=1","datePublished":"2016-05-30T04:00:00+00:00","dateModified":"2022-10-21T23:00:20+00:00","description":"\u00bfAdivinen quien se estar\u00e1 presentando tambi\u00e9n en el Anfiteatro de Altos de Chav\u00f3n este a\u00f1o? \u00a1Carlos Vives! El popular artista de Colombia presentar\u00e1 su","breadcrumb":{"@id":"https:\/\/casadecampoliving.com\/es\/los-conciertos-en-casa-continuan-con-carlos-vives-en-septiembre\/#breadcrumb"},"inLanguage":"es","potentialAction":[{"@type":"ReadAction","target":["https:\/\/casadecampoliving.com\/es\/los-conciertos-en-casa-continuan-con-carlos-vives-en-septiembre\/"]}]},{"@type":"ImageObject","inLanguage":"es","@id":"https:\/\/casadecampoliving.com\/es\/los-conciertos-en-casa-continuan-con-carlos-vives-en-septiembre\/#primaryimage","url":"https:\/\/i0.wp.com\/casadecampoliving.com\/wp-content\/uploads\/2022\/10\/Carlos-Vives-4.jpg?fit=630%2C472&ssl=1","contentUrl":"https:\/\/i0.wp.com\/casadecampoliving.com\/wp-content\/uploads\/2022\/10\/Carlos-Vives-4.jpg?fit=630%2C472&ssl=1","width":630,"height":472,"caption":"Carlos Vives"},{"@type":"BreadcrumbList","@id":"https:\/\/casadecampoliving.com\/es\/los-conciertos-en-casa-continuan-con-carlos-vives-en-septiembre\/#breadcrumb","itemListElement":[{"@type":"ListItem","position":1,"name":"Home","item":"https:\/\/casadecampoliving.com\/es\/"},{"@type":"ListItem","position":2,"name":"\u00a1Los conciertos en Casa contin\u00faan con Carlos Vives en Septiembre!"}]},{"@type":"WebSite","@id":"https:\/\/casadecampoliving.com\/es\/#website","url":"https:\/\/casadecampoliving.com\/es\/","name":"Casa de Campo Living","description":"Resort community news and resources.","publisher":{"@id":"https:\/\/casadecampoliving.com\/es\/#organization"},"potentialAction":[{"@type":"SearchAction","target":{"@type":"EntryPoint","urlTemplate":"https:\/\/casadecampoliving.com\/es\/?s={search_term_string}"},"query-input":{"@type":"PropertyValueSpecification","valueRequired":true,"valueName":"search_term_string"}}],"inLanguage":"es"},{"@type":"Organization","@id":"https:\/\/casadecampoliving.com\/es\/#organization","name":"Casa de Campo Living","url":"https:\/\/casadecampoliving.com\/es\/","logo":{"@type":"ImageObject","inLanguage":"es","@id":"https:\/\/casadecampoliving.com\/es\/#\/schema\/logo\/image\/","url":"https:\/\/i0.wp.com\/casadecampoliving.com\/wp-content\/uploads\/2022\/07\/CDCLivingLogo_V1-white-sized.png?fit=800%2C214&ssl=1","contentUrl":"https:\/\/i0.wp.com\/casadecampoliving.com\/wp-content\/uploads\/2022\/07\/CDCLivingLogo_V1-white-sized.png?fit=800%2C214&ssl=1","width":800,"height":214,"caption":"Casa de Campo Living"},"image":{"@id":"https:\/\/casadecampoliving.com\/es\/#\/schema\/logo\/image\/"},"sameAs":["https:\/\/www.facebook.com\/casadecampoliving","https:\/\/x.com\/cdcliving"]},{"@type":"Person","@id":"https:\/\/casadecampoliving.com\/es\/#\/schema\/person\/b6606bd87f9cec8f5903e2141cafda24","name":"Marlenys Guzm\u00e1n Casta\u00f1os","image":{"@type":"ImageObject","inLanguage":"es","@id":"https:\/\/secure.gravatar.com\/avatar\/72f3f86b8e6b3ec744201aeadf11d4a6055e8af194aecd9ad30ffff4437878ee?s=96&d=mm&r=g","url":"https:\/\/secure.gravatar.com\/avatar\/72f3f86b8e6b3ec744201aeadf11d4a6055e8af194aecd9ad30ffff4437878ee?s=96&d=mm&r=g","contentUrl":"https:\/\/secure.gravatar.com\/avatar\/72f3f86b8e6b3ec744201aeadf11d4a6055e8af194aecd9ad30ffff4437878ee?s=96&d=mm&r=g","caption":"Marlenys Guzm\u00e1n Casta\u00f1os"},"url":"https:\/\/casadecampoliving.com\/es\/author\/mguzman\/"}]}},"parsely":{"version":"1.1.0","canonical_url":"https:\/\/casadecampoliving.com\/es\/los-conciertos-en-casa-continuan-con-carlos-vives-en-septiembre\/","smart_links":{"inbound":0,"outbound":0},"traffic_boost_suggestions_count":0,"meta":{"@context":"https:\/\/schema.org","@type":"NewsArticle","headline":"\u00a1Los conciertos en Casa contin\u00faan con Carlos Vives en Septiembre!","url":"http:\/\/casadecampoliving.com\/es\/los-conciertos-en-casa-continuan-con-carlos-vives-en-septiembre\/","mainEntityOfPage":{"@type":"WebPage","@id":"http:\/\/casadecampoliving.com\/es\/los-conciertos-en-casa-continuan-con-carlos-vives-en-septiembre\/"},"thumbnailUrl":"https:\/\/i0.wp.com\/casadecampoliving.com\/wp-content\/uploads\/2022\/10\/Carlos-Vives-4.jpg?resize=150%2C150&ssl=1","image":{"@type":"ImageObject","url":"https:\/\/i0.wp.com\/casadecampoliving.com\/wp-content\/uploads\/2022\/10\/Carlos-Vives-4.jpg?fit=630%2C472&ssl=1"},"articleSection":"Altos de Chavon @es","author":[{"@type":"Person","name":"Marlenys Guzm\u00e1n Casta\u00f1os"}],"creator":["Marlenys Guzm\u00e1n Casta\u00f1os"],"publisher":{"@type":"Organization","name":"Casa de Campo Living","logo":"https:\/\/casadecampoliving.com\/wp-content\/uploads\/2022\/07\/CDCLivingLogo_V1-white-sized.png"},"keywords":["altos de chavon","carlos vives @es","casa de campo @es","chris brown @es","concert","concierto","j balvin @es","proximamente","zion &amp; lennox @es"],"dateCreated":"2016-05-30T04:00:00Z","datePublished":"2016-05-30T04:00:00Z","dateModified":"2022-10-21T23:00:20Z"},"rendered":"<script type=\"application\/ld+json\" class=\"wp-parsely-metadata\">{\"@context\":\"https:\\\/\\\/schema.org\",\"@type\":\"NewsArticle\",\"headline\":\"\\u00a1Los conciertos en Casa contin\\u00faan con Carlos Vives en Septiembre!\",\"url\":\"http:\\\/\\\/casadecampoliving.com\\\/es\\\/los-conciertos-en-casa-continuan-con-carlos-vives-en-septiembre\\\/\",\"mainEntityOfPage\":{\"@type\":\"WebPage\",\"@id\":\"http:\\\/\\\/casadecampoliving.com\\\/es\\\/los-conciertos-en-casa-continuan-con-carlos-vives-en-septiembre\\\/\"},\"thumbnailUrl\":\"https:\\\/\\\/i0.wp.com\\\/casadecampoliving.com\\\/wp-content\\\/uploads\\\/2022\\\/10\\\/Carlos-Vives-4.jpg?resize=150%2C150&ssl=1\",\"image\":{\"@type\":\"ImageObject\",\"url\":\"https:\\\/\\\/i0.wp.com\\\/casadecampoliving.com\\\/wp-content\\\/uploads\\\/2022\\\/10\\\/Carlos-Vives-4.jpg?fit=630%2C472&ssl=1\"},\"articleSection\":\"Altos de Chavon @es\",\"author\":[{\"@type\":\"Person\",\"name\":\"Marlenys Guzm\\u00e1n Casta\\u00f1os\"}],\"creator\":[\"Marlenys Guzm\\u00e1n Casta\\u00f1os\"],\"publisher\":{\"@type\":\"Organization\",\"name\":\"Casa de Campo Living\",\"logo\":\"https:\\\/\\\/casadecampoliving.com\\\/wp-content\\\/uploads\\\/2022\\\/07\\\/CDCLivingLogo_V1-white-sized.png\"},\"keywords\":[\"altos de chavon\",\"carlos vives @es\",\"casa de campo @es\",\"chris brown @es\",\"concert\",\"concierto\",\"j balvin @es\",\"proximamente\",\"zion &amp; lennox @es\"],\"dateCreated\":\"2016-05-30T04:00:00Z\",\"datePublished\":\"2016-05-30T04:00:00Z\",\"dateModified\":\"2022-10-21T23:00:20Z\"}<\/script>","tracker_url":"https:\/\/cdn.parsely.com\/keys\/casadecampoliving.com\/p.js"},"jetpack_publicize_connections":[],"jetpack_featured_media_url":"https:\/\/i0.wp.com\/casadecampoliving.com\/wp-content\/uploads\/2022\/10\/Carlos-Vives-4.jpg?fit=630%2C472&ssl=1","jetpack-related-posts":[{"id":433460,"url":"https:\/\/casadecampoliving.com\/es\/no-se-pierdan-el-increible-tributo-a-frank-sinatra-para-celebrar-el-40-aniversario-del-anfiteatro-altos-de-chavon\/","url_meta":{"origin":349896,"position":0},"title":"No se pierdan el incre\u00edble tributo a Frank Sinatra para celebrar el 40 aniversario del\u00a0Anfiteatro Altos de Chav\u00f3n","author":"Casa de Campo Living","date":"20 Oct, 2022","format":false,"excerpt":"Siendo uno de los escenarios m\u00e1s emblem\u00e1ticos del pa\u00eds, Casa de Campo Resort\u00ae & Villas celebra las cuatro d\u00e9cadas de aniversario de Altos de Chav\u00f3n con un tributo al gran Frank Sinatra, protagonizado por artistas invitados y una big band tal cual la que acompa\u00f1\u00f3 al artista hace 40 a\u00f1os\u2026","rel":"","context":"En \u00abUncategorized @es\u00bb","block_context":{"text":"Uncategorized @es","link":"https:\/\/casadecampoliving.com\/es\/category\/uncategorized-es\/"},"img":{"alt_text":"","src":"https:\/\/i0.wp.com\/casadecampoliving.com\/wp-content\/uploads\/2022\/10\/Tributo-Frank-Sinatra-Foto-Principal-Amaury-Sanchez-Danilo-Ginebra-Andres-Pichardo-y-Jose-Gabriel-Perez-.jpg?fit=1200%2C873&ssl=1&resize=350%2C200","width":350,"height":200,"srcset":"https:\/\/i0.wp.com\/casadecampoliving.com\/wp-content\/uploads\/2022\/10\/Tributo-Frank-Sinatra-Foto-Principal-Amaury-Sanchez-Danilo-Ginebra-Andres-Pichardo-y-Jose-Gabriel-Perez-.jpg?fit=1200%2C873&ssl=1&resize=350%2C200 1x, https:\/\/i0.wp.com\/casadecampoliving.com\/wp-content\/uploads\/2022\/10\/Tributo-Frank-Sinatra-Foto-Principal-Amaury-Sanchez-Danilo-Ginebra-Andres-Pichardo-y-Jose-Gabriel-Perez-.jpg?fit=1200%2C873&ssl=1&resize=525%2C300 1.5x, https:\/\/i0.wp.com\/casadecampoliving.com\/wp-content\/uploads\/2022\/10\/Tributo-Frank-Sinatra-Foto-Principal-Amaury-Sanchez-Danilo-Ginebra-Andres-Pichardo-y-Jose-Gabriel-Perez-.jpg?fit=1200%2C873&ssl=1&resize=700%2C400 2x, https:\/\/i0.wp.com\/casadecampoliving.com\/wp-content\/uploads\/2022\/10\/Tributo-Frank-Sinatra-Foto-Principal-Amaury-Sanchez-Danilo-Ginebra-Andres-Pichardo-y-Jose-Gabriel-Perez-.jpg?fit=1200%2C873&ssl=1&resize=1050%2C600 3x"},"classes":[]},{"id":350300,"url":"https:\/\/casadecampoliving.com\/es\/boletas-la-venta-carlos-vives-la-fiesta-de-todos-altos-de-chavon\/","url_meta":{"origin":349896,"position":1},"title":"Boletas a la venta: \u00a1Carlos Vives nos trae su tour \u201cLa Fiesta de Todos\u201d a Altos de Chav\u00f3n!","author":"Marlenys Guzm\u00e1n Casta\u00f1os","date":"2 Ago, 2016","format":false,"excerpt":"Hace unos meses anunciamos que Carlos Vives viene a altos de Chav\u00f3n;\u00a0\u00a1Ahora les tenemos TODA la informaci\u00f3n sobre las BOLETAS! As\u00ed que compren las suyas antes de que se acaben\u2026 El cantante, compositor, actor, empresario y embajador de la USAID, Carlos Vives es uno de los artistas m\u00e1s emblem\u00e1ticos de\u2026","rel":"","context":"En \u00abAltos de Chavon @es\u00bb","block_context":{"text":"Altos de Chavon @es","link":"https:\/\/casadecampoliving.com\/category\/altos-de-chavon-es\/"},"img":{"alt_text":"","src":"https:\/\/i0.wp.com\/casadecampoliving.com\/wp-content\/uploads\/2022\/10\/Carlos-Vives-2.jpg?fit=1000%2C600&ssl=1&resize=350%2C200","width":350,"height":200,"srcset":"https:\/\/i0.wp.com\/casadecampoliving.com\/wp-content\/uploads\/2022\/10\/Carlos-Vives-2.jpg?fit=1000%2C600&ssl=1&resize=350%2C200 1x, https:\/\/i0.wp.com\/casadecampoliving.com\/wp-content\/uploads\/2022\/10\/Carlos-Vives-2.jpg?fit=1000%2C600&ssl=1&resize=525%2C300 1.5x, https:\/\/i0.wp.com\/casadecampoliving.com\/wp-content\/uploads\/2022\/10\/Carlos-Vives-2.jpg?fit=1000%2C600&ssl=1&resize=700%2C400 2x"},"classes":[]},{"id":533171,"url":"https:\/\/casadecampoliving.com\/es\/reserva-la-fecha-carlos-vives-se-presentara-en-altos-de-chavon-el-7-de-diciembre-de-2024\/","url_meta":{"origin":349896,"position":2},"title":"Reserva la fecha: Carlos Vives se presentar\u00e1 en Altos de Chav\u00f3n el 7 de diciembre de 2024","author":"Casa de Campo Living","date":"13 Sep, 2024","format":false,"excerpt":"El legendario m\u00fasico colombiano Carlos Vives electrificar\u00e1 el escenario de Altos de Chav\u00f3n el 7 de diciembre de 2024 como parte de su gira \"El Rock De Mi Pueblo Vive\", en celebraci\u00f3n de los 30 a\u00f1os de su incre\u00edble carrera. Se espera que el concierto atraiga a m\u00e1s de 5,000\u2026","rel":"","context":"En \u00abAltos de Chav\u00f3n\u00bb","block_context":{"text":"Altos de Chav\u00f3n","link":"https:\/\/casadecampoliving.com\/es\/category\/altos-de-chavon-6\/"},"img":{"alt_text":"","src":"https:\/\/i0.wp.com\/casadecampoliving.com\/wp-content\/uploads\/2024\/09\/Carlos-vives-image0.jpeg?fit=1200%2C925&ssl=1&resize=350%2C200","width":350,"height":200,"srcset":"https:\/\/i0.wp.com\/casadecampoliving.com\/wp-content\/uploads\/2024\/09\/Carlos-vives-image0.jpeg?fit=1200%2C925&ssl=1&resize=350%2C200 1x, https:\/\/i0.wp.com\/casadecampoliving.com\/wp-content\/uploads\/2024\/09\/Carlos-vives-image0.jpeg?fit=1200%2C925&ssl=1&resize=525%2C300 1.5x, https:\/\/i0.wp.com\/casadecampoliving.com\/wp-content\/uploads\/2024\/09\/Carlos-vives-image0.jpeg?fit=1200%2C925&ssl=1&resize=700%2C400 2x, https:\/\/i0.wp.com\/casadecampoliving.com\/wp-content\/uploads\/2024\/09\/Carlos-vives-image0.jpeg?fit=1200%2C925&ssl=1&resize=1050%2C600 3x"},"classes":[]},{"id":350463,"url":"https:\/\/casadecampoliving.com\/es\/carlos-vives-la-fiesta-de-todos-compre-boletas\/","url_meta":{"origin":349896,"position":3},"title":"Carlos Vives \u201cLa Fiesta de Todos\u201d: \u00a1Compre su boleta antes de que se agoten!","author":"Marlenys Guzm\u00e1n Casta\u00f1os","date":"6 Sep, 2016","format":false,"excerpt":"Picture by Photographer Oscar Ortega El cantante, compositor, actor, empresario y embajador de la USAID, Carlos Vives es uno de los artistas m\u00e1s emblem\u00e1ticos de Colombia y una de las figuras m\u00e1s importantes de la m\u00fasica latina. El estar\u00e1 present\u00e1ndose en\u00a0Altos de Chav\u00f3n el s\u00e1bado 17 de septiembre (\u00a1\u00a1la semana\u2026","rel":"","context":"En \u00abAltos de Chavon @es\u00bb","block_context":{"text":"Altos de Chavon @es","link":"https:\/\/casadecampoliving.com\/category\/altos-de-chavon-es\/"},"img":{"alt_text":"","src":"https:\/\/i0.wp.com\/casadecampoliving.com\/wp-content\/uploads\/2022\/10\/carlos-vives-3-1.jpg?fit=1000%2C666&ssl=1&resize=350%2C200","width":350,"height":200,"srcset":"https:\/\/i0.wp.com\/casadecampoliving.com\/wp-content\/uploads\/2022\/10\/carlos-vives-3-1.jpg?fit=1000%2C666&ssl=1&resize=350%2C200 1x, https:\/\/i0.wp.com\/casadecampoliving.com\/wp-content\/uploads\/2022\/10\/carlos-vives-3-1.jpg?fit=1000%2C666&ssl=1&resize=525%2C300 1.5x, https:\/\/i0.wp.com\/casadecampoliving.com\/wp-content\/uploads\/2022\/10\/carlos-vives-3-1.jpg?fit=1000%2C666&ssl=1&resize=700%2C400 2x"},"classes":[]},{"id":350480,"url":"https:\/\/casadecampoliving.com\/es\/after-party-oficial-del-concierto-en-genesis-con-dj-excel\/","url_meta":{"origin":349896,"position":4},"title":"\u00a1Estan invitados! El After-Party oficial del concierto ser\u00e1 en Genesis y estar\u00e1 a cargo de DJ Excel","author":"Marlenys Guzm\u00e1n Casta\u00f1os","date":"10 Sep, 2016","format":false,"excerpt":"A medida que crece la emoci\u00f3n\u00a0por\u00a0el concierto de Carlos Vives que viene a Altos de Chav\u00f3n el 17 de septiembre\u00a0tambi\u00e9n estamos planeando que haremos despu\u00e9s. Genesis nos trae el after-party oficial del concierto el s\u00e1bado en la noche a cargo del DJ Excel que viene\u00a0desde\u00a0Los \u00c1ngeles\u00a0con sus incre\u00edbles mezclas. DJ\u2026","rel":"","context":"En \u00abAltos de Chavon @es\u00bb","block_context":{"text":"Altos de Chavon @es","link":"https:\/\/casadecampoliving.com\/category\/altos-de-chavon-es\/"},"img":{"alt_text":"DJ Excel","src":"https:\/\/i0.wp.com\/casadecampoliving.com\/wp-content\/uploads\/2022\/10\/DJ_Excel-1.jpg?fit=720%2C479&ssl=1&resize=350%2C200","width":350,"height":200,"srcset":"https:\/\/i0.wp.com\/casadecampoliving.com\/wp-content\/uploads\/2022\/10\/DJ_Excel-1.jpg?fit=720%2C479&ssl=1&resize=350%2C200 1x, https:\/\/i0.wp.com\/casadecampoliving.com\/wp-content\/uploads\/2022\/10\/DJ_Excel-1.jpg?fit=720%2C479&ssl=1&resize=525%2C300 1.5x, https:\/\/i0.wp.com\/casadecampoliving.com\/wp-content\/uploads\/2022\/10\/DJ_Excel-1.jpg?fit=720%2C479&ssl=1&resize=700%2C400 2x"},"classes":[]},{"id":536807,"url":"https:\/\/casadecampoliving.com\/es\/carlos-vives-enciende-altos-de-chavon-con-el-rock-de-mi-pueblo-vive\/","url_meta":{"origin":349896,"position":5},"title":"Carlos Vives Enciende Altos de Chav\u00f3n con \u201cEl Rock De Mi Pueblo Vive\u201d","author":"Casa de Campo Living","date":"11 Dic, 2024","format":false,"excerpt":"Altos de Chav\u00f3n vibr\u00f3 con la energ\u00eda de la m\u00fasica colombiana cuando Carlos Vives subi\u00f3 al escenario con su concierto \u201cEl Rock De Mi Pueblo Vive.\u201d El reconocido artista celebr\u00f3 sus 30 a\u00f1os de trayectoria con una presentaci\u00f3n que fusion\u00f3 tradici\u00f3n, emoci\u00f3n y carisma. \u201cBuenas noches, Rep\u00fablica Dominicana. Es un\u2026","rel":"","context":"En \u00abAltos de Chav\u00f3n\u00bb","block_context":{"text":"Altos de Chav\u00f3n","link":"https:\/\/casadecampoliving.com\/es\/category\/altos-de-chavon-6\/"},"img":{"alt_text":"","src":"https:\/\/i0.wp.com\/casadecampoliving.com\/wp-content\/uploads\/2024\/12\/Carlos-Vives-concert-Dec.2024-25.jpg?fit=1200%2C800&ssl=1&resize=350%2C200","width":350,"height":200,"srcset":"https:\/\/i0.wp.com\/casadecampoliving.com\/wp-content\/uploads\/2024\/12\/Carlos-Vives-concert-Dec.2024-25.jpg?fit=1200%2C800&ssl=1&resize=350%2C200 1x, https:\/\/i0.wp.com\/casadecampoliving.com\/wp-content\/uploads\/2024\/12\/Carlos-Vives-concert-Dec.2024-25.jpg?fit=1200%2C800&ssl=1&resize=525%2C300 1.5x, https:\/\/i0.wp.com\/casadecampoliving.com\/wp-content\/uploads\/2024\/12\/Carlos-Vives-concert-Dec.2024-25.jpg?fit=1200%2C800&ssl=1&resize=700%2C400 2x, https:\/\/i0.wp.com\/casadecampoliving.com\/wp-content\/uploads\/2024\/12\/Carlos-Vives-concert-Dec.2024-25.jpg?fit=1200%2C800&ssl=1&resize=1050%2C600 3x"},"classes":[]}],"jetpack_sharing_enabled":true,"_links":{"self":[{"href":"https:\/\/casadecampoliving.com\/es\/wp-json\/wp\/v2\/posts\/349896","targetHints":{"allow":["GET"]}}],"collection":[{"href":"https:\/\/casadecampoliving.com\/es\/wp-json\/wp\/v2\/posts"}],"about":[{"href":"https:\/\/casadecampoliving.com\/es\/wp-json\/wp\/v2\/types\/post"}],"author":[{"embeddable":true,"href":"https:\/\/casadecampoliving.com\/es\/wp-json\/wp\/v2\/users\/36682"}],"replies":[{"embeddable":true,"href":"https:\/\/casadecampoliving.com\/es\/wp-json\/wp\/v2\/comments?post=349896"}],"version-history":[{"count":1,"href":"https:\/\/casadecampoliving.com\/es\/wp-json\/wp\/v2\/posts\/349896\/revisions"}],"predecessor-version":[{"id":349897,"href":"https:\/\/casadecampoliving.com\/es\/wp-json\/wp\/v2\/posts\/349896\/revisions\/349897"}],"wp:featuredmedia":[{"embeddable":true,"href":"https:\/\/casadecampoliving.com\/es\/wp-json\/wp\/v2\/media\/310051"}],"wp:attachment":[{"href":"https:\/\/casadecampoliving.com\/es\/wp-json\/wp\/v2\/media?parent=349896"}],"wp:term":[{"taxonomy":"category","embeddable":true,"href":"https:\/\/casadecampoliving.com\/es\/wp-json\/wp\/v2\/categories?post=349896"},{"taxonomy":"post_tag","embeddable":true,"href":"https:\/\/casadecampoliving.com\/es\/wp-json\/wp\/v2\/tags?post=349896"},{"taxonomy":"newspack_spnsrs_tax","embeddable":true,"href":"https:\/\/casadecampoliving.com\/es\/wp-json\/wp\/v2\/newspack_spnsrs_tax?post=349896"}],"curies":[{"name":"wp","href":"https:\/\/api.w.org\/{rel}","templated":true}]}}