{"id":349868,"date":"2016-05-24T00:00:00","date_gmt":"2016-05-24T04:00:00","guid":{"rendered":"https:\/\/casadecampoliving.com\/dia-de-las-madres-la-tienda\/"},"modified":"2022-10-21T18:59:15","modified_gmt":"2022-10-21T22:59:15","slug":"dia-de-las-madres-la-tienda","status":"publish","type":"post","link":"https:\/\/casadecampoliving.com\/es\/dia-de-las-madres-la-tienda\/","title":{"rendered":"Descuentos del D\u00eda de las Madres en La Tienda"},"content":{"rendered":"\n<p><span style=\"font-weight: 400;\">Este domingo se celebra el D\u00eda de las Madres en la Rep\u00fablica Dominicana, y le tenemos otra gran opci\u00f3n donde puede encontrar ese regalo especial. La Tienda en Altos de Chav\u00f3n est\u00e1 teniendo un especial con motivo del D\u00eda de las Madres que se extender\u00e1 hasta junio 15.<\/span><\/p>\n\n\n\n<p><\/p>\n\n\n\n<!--more-->\n\n\n<div class=\"wp-block-image\">\n<figure class=\"alignright is-resized\"><img loading=\"lazy\" decoding=\"async\" src=\"https:\/\/i0.wp.com\/casadecampoliving.com\/wp-content\/uploads\/2022\/10\/Vertical-Image-La-Tienda.jpg?resize=193%2C290&amp;ssl=1\" alt=\"Vertical Image La Tienda\" class=\"wp-image-119403\" height=\"290\" width=\"193\"\/><\/figure>\n<\/div>\n\n\n<p><span style=\"font-weight: 400;\">La Tienda, que se encuentra directamente debajo de Caf\u00e9 Marietta en Altos de Chav\u00f3n, <a href=\"https:\/\/casadecampoliving.com\/es\/la-tienda-abre-en-altos-de-chavon\/\"><span style=\"font-weight: 400;\">abri\u00f3 sus puertas el a\u00f1o pasado en agosto del 2015. <\/span><\/a><span style=\"font-weight: 400;\">El concepto gira en torno a la forma de <\/span><i><span style=\"font-weight: 400;\">vida del artista<\/span><\/i><span style=\"font-weight: 400;\">, y trabajan con los dise\u00f1adores locales, artistas, dise\u00f1adores gr\u00e1ficos y graduados de la Escuela de Dise\u00f1o Altos de Chav\u00f3n, as\u00ed como los talleres de Altos de Chav\u00f3n para crear productos muy exclusivos.<\/span><br>\n<\/span><\/p>\n\n\n\n<p><span style=\"font-weight: 400;\">Puede encontrar regalos asequibles para casi cualquier persona en la familia, desde los m\u00e1s peque\u00f1os a los m\u00e1s grandes, y una gran gama de art\u00edculos desde ropa hasta decoraci\u00f3n del hogar. A continuaci\u00f3n encontrar\u00e1 algunos de las piezas que tienen un 15% de descuento, \u00a1por lo que no puede dejar de visitarlos y escoger su regalo! La oferta termina el 15 de junio.<\/span><\/p>\n\n\n\n<blockquote><p><b>Colecci\u00f3n&nbsp;\u201cLogo\u201d (negro):<\/b><\/p><figure><img decoding=\"async\" loading=\"lazy\" class=\"aligncenter size-full wp-image-119405\" src=\"https:\/\/i0.wp.com\/casadecampoliving.com\/wp-content\/uploads\/2022\/10\/The-Logo-Collection.jpg?resize=1000%2C600&amp;ssl=1\" alt=\"The Logo Collection\" width=\"1000\" height=\"600\"><\/figure><p><span style=\"font-weight: 400;\">Tri-Blend vestidos largos mujer ahora RD $688 (org. RD $810); vestidos cortos ahora RD $765 (org. RD $900); T-shirts ahora RD$612 (org. RD$720)<\/span><\/p><\/blockquote>\n\n\n\n<blockquote><p><b>The \u201cIcono\u201d collection (white): <\/b><\/p><figure><img decoding=\"async\" loading=\"lazy\" class=\"aligncenter size-full wp-image-119406\" src=\"https:\/\/i0.wp.com\/casadecampoliving.com\/wp-content\/uploads\/2022\/10\/The-Icono-Collection.jpg?resize=1000%2C600&amp;ssl=1\" alt=\"The Icono Collection\" width=\"1000\" height=\"600\"><\/figure><p><span style=\"font-weight: 400;\">100% Algod\u00f3n T-shirts mujer ahora RD $383 (org. RD $450)<\/span><\/p><\/blockquote>\n\n\n\n<blockquote><p><b>Ceramic pieces<\/b><\/p><figure><img decoding=\"async\" loading=\"lazy\" class=\"aligncenter size-full wp-image-119407\" src=\"https:\/\/i0.wp.com\/casadecampoliving.com\/wp-content\/uploads\/2022\/10\/Ceramic-Pieces.jpg?resize=1000%2C600&amp;ssl=1\" alt=\"Ceramic Pieces\" width=\"1000\" height=\"600\"><\/figure><p><span style=\"font-weight: 400;\">Toda la ceramica cuenta con un 15% de descuento<\/span><\/p><\/blockquote>\n\n\n\n<blockquote><p><b>Woven bags<\/b><\/p><figure><img decoding=\"async\" loading=\"lazy\" class=\"aligncenter size-full wp-image-119408\" src=\"https:\/\/i0.wp.com\/casadecampoliving.com\/wp-content\/uploads\/2022\/10\/Woven-Bags.jpg?resize=1000%2C600&amp;ssl=1\" alt=\"Woven Bags\" width=\"1000\" height=\"600\"><\/figure><p><span style=\"font-weight: 400;\">Todas las carteras tejidas cuentan con un 15% de descuento <\/span><\/p><\/blockquote>\n\n\n\n<p><span style=\"font-weight: 400;\">\u00a1ADEMAS, recuerde que Emilio Robba Studio todav\u00eda tiene tiene un 20 % de descuento en piezas seleccionadas! La venta est\u00e1 vigente hasta agotar existencias.<\/span><\/p>\n\n\n\n<blockquote><h3><b>Especial D\u00eda&nbsp;de las Madres &nbsp;en La Tienda<\/b><\/h3><p><i><span style=\"font-weight: 400;\">15% DESCUENTO en La Tienda <\/span><\/i><\/p><p><b>Cu\u00e1ndo: <\/b><span style=\"font-weight: 400;\">hasta el 15 de junio<\/span><\/p><p><b>Horario:<\/b><\/p><p><span style=\"font-weight: 400;\">Lunes \u2013 Domingo: 9am \u2013 5pm<\/span><\/p><p><b>D\u00f3nde: <\/b><span style=\"font-weight: 400;\">Debajo de Caf\u00e9 Marietta, Altos de Chav\u00f3n (al lado del Museo del Ambar)<\/span><\/p><p><span style=\"font-weight: 400;\">Para m\u00e1s informaci\u00f3n contacte ext. 2050 (La Tienda) &amp; ext. 5353 (Emilio Robba).<\/span><\/p><\/blockquote>\n","protected":false},"excerpt":{"rendered":"<p>Este domingo se celebra el D\u00eda de las Madres en la Rep\u00fablica Dominicana, y le tenemos otra gran opci\u00f3n donde puede encontrar ese regalo especial. La Tienda en Altos de Chav\u00f3n est\u00e1 teniendo un especial con motivo del D\u00eda de las Madres que se extender\u00e1 hasta junio 15.<\/p>\n","protected":false},"author":36682,"featured_media":309397,"comment_status":"closed","ping_status":"closed","sticky":false,"template":"","format":"standard","meta":{"newspack_ads_suppress_ads":false,"newspack_popups_has_disabled_popups":false,"newspack_sponsor_sponsorship_scope":"","newspack_sponsor_native_byline_display":"inherit","newspack_sponsor_native_category_display":"inherit","newspack_sponsor_underwriter_style":"inherit","newspack_sponsor_underwriter_placement":"inherit","_newspack_byline_active":false,"_newspack_byline":"","newspack_hide_updated_date":false,"newspack_show_updated_date":false,"newspack_content_restriction_is_exempt":false,"newspack_featured_image_position":"","newspack_post_subtitle":"","newspack_article_summary_title":"Overview:","newspack_article_summary":"","_jetpack_memberships_contains_paid_content":false,"footnotes":"","jetpack_publicize_message":"","jetpack_publicize_feature_enabled":true,"jetpack_social_post_already_shared":false,"jetpack_social_options":{"image_generator_settings":{"template":"highway","default_image_id":0,"font":"","enabled":false},"version":2},"_wpas_customize_per_network":false},"categories":[26819,2530,2523,14625,2521],"tags":[15387,6471,1221,6212,3200,14736,14542,12130,18046],"newspack_spnsrs_tax":[],"class_list":["post-349868","post","type-post","status-publish","format-standard","has-post-thumbnail","hentry","category-altos-de-chavon-es","category-compras-es","category-moda-es","category-noticias-locales","category-republica-dominicana-2","tag-altos-de-chavon-es","tag-descuento","tag-dia-de-las-madres","tag-emilio-robba-es","tag-especiales","tag-featured-topview-es","tag-la-romana-es","tag-la-tienda-es","tag-regalo","entry"],"yoast_head":"<!-- This site is optimized with the Yoast SEO plugin v27.5 - https:\/\/yoast.com\/product\/yoast-seo-wordpress\/ -->\n<title>Descuentos del D\u00eda de las Madres en La Tienda | Casa de Campo Living<\/title>\n<meta name=\"description\" content=\"Este domingo se celebra el D\u00eda de las Madres en la Rep\u00fablica Dominicana, y le tenemos otra gran opci\u00f3n donde puede encontrar ese regalo especial. La\" \/>\n<meta name=\"robots\" content=\"index, follow, max-snippet:-1, max-image-preview:large, max-video-preview:-1\" \/>\n<link rel=\"canonical\" href=\"https:\/\/casadecampoliving.com\/es\/dia-de-las-madres-la-tienda\/\" \/>\n<meta property=\"og:locale\" content=\"es_ES\" \/>\n<meta property=\"og:type\" content=\"article\" \/>\n<meta property=\"og:title\" content=\"Descuentos del D\u00eda de las Madres en La Tienda | Casa de Campo Living\" \/>\n<meta property=\"og:description\" content=\"Este domingo se celebra el D\u00eda de las Madres en la Rep\u00fablica Dominicana, y le tenemos otra gran opci\u00f3n donde puede encontrar ese regalo especial. La\" \/>\n<meta property=\"og:url\" content=\"https:\/\/casadecampoliving.com\/es\/dia-de-las-madres-la-tienda\/\" \/>\n<meta property=\"og:site_name\" content=\"Casa de Campo Living\" \/>\n<meta property=\"article:publisher\" content=\"https:\/\/www.facebook.com\/casadecampoliving\" \/>\n<meta property=\"article:published_time\" content=\"2016-05-24T04:00:00+00:00\" \/>\n<meta property=\"article:modified_time\" content=\"2022-10-21T22:59:15+00:00\" \/>\n<meta property=\"og:image\" content=\"https:\/\/i0.wp.com\/casadecampoliving.com\/wp-content\/uploads\/2022\/10\/Featured-Image-La-Tienda-1.jpg?fit=1000%2C600&ssl=1\" \/>\n\t<meta property=\"og:image:width\" content=\"1000\" \/>\n\t<meta property=\"og:image:height\" content=\"600\" \/>\n\t<meta property=\"og:image:type\" content=\"image\/jpeg\" \/>\n<meta name=\"author\" content=\"Marlenys Guzm\u00e1n Casta\u00f1os\" \/>\n<meta name=\"twitter:card\" content=\"summary_large_image\" \/>\n<meta name=\"twitter:creator\" content=\"@cdcliving\" \/>\n<meta name=\"twitter:site\" content=\"@cdcliving\" \/>\n<meta name=\"twitter:label1\" content=\"Escrito por\" \/>\n\t<meta name=\"twitter:data1\" content=\"Marlenys Guzm\u00e1n Casta\u00f1os\" \/>\n\t<meta name=\"twitter:label2\" content=\"Tiempo de lectura\" \/>\n\t<meta name=\"twitter:data2\" content=\"2 minutos\" \/>\n<script type=\"application\/ld+json\" class=\"yoast-schema-graph\">{\"@context\":\"https:\\\/\\\/schema.org\",\"@graph\":[{\"@type\":\"Article\",\"@id\":\"https:\\\/\\\/casadecampoliving.com\\\/es\\\/dia-de-las-madres-la-tienda\\\/#article\",\"isPartOf\":{\"@id\":\"https:\\\/\\\/casadecampoliving.com\\\/es\\\/dia-de-las-madres-la-tienda\\\/\"},\"author\":{\"name\":\"Marlenys Guzm\u00e1n Casta\u00f1os\",\"@id\":\"https:\\\/\\\/casadecampoliving.com\\\/es\\\/#\\\/schema\\\/person\\\/b6606bd87f9cec8f5903e2141cafda24\"},\"headline\":\"Descuentos del D\u00eda de las Madres en La Tienda\",\"datePublished\":\"2016-05-24T04:00:00+00:00\",\"dateModified\":\"2022-10-21T22:59:15+00:00\",\"mainEntityOfPage\":{\"@id\":\"https:\\\/\\\/casadecampoliving.com\\\/es\\\/dia-de-las-madres-la-tienda\\\/\"},\"wordCount\":339,\"publisher\":{\"@id\":\"https:\\\/\\\/casadecampoliving.com\\\/es\\\/#organization\"},\"image\":{\"@id\":\"https:\\\/\\\/casadecampoliving.com\\\/es\\\/dia-de-las-madres-la-tienda\\\/#primaryimage\"},\"thumbnailUrl\":\"https:\\\/\\\/i0.wp.com\\\/casadecampoliving.com\\\/wp-content\\\/uploads\\\/2022\\\/10\\\/Featured-Image-La-Tienda-1.jpg?fit=1000%2C600&ssl=1\",\"keywords\":[\"Altos de Chavon\",\"descuento\",\"dia de las madres\",\"emilio robba @es\",\"especiales\",\"Featured-TopView @es\",\"La Romana @es\",\"La Tienda @es\",\"Regalo\"],\"articleSection\":[\"Altos de Chavon @es\",\"Compras\",\"Moda\",\"Noticias Locales\",\"Rep\u00fablica Dominicana @es\"],\"inLanguage\":\"es\"},{\"@type\":\"WebPage\",\"@id\":\"https:\\\/\\\/casadecampoliving.com\\\/es\\\/dia-de-las-madres-la-tienda\\\/\",\"url\":\"https:\\\/\\\/casadecampoliving.com\\\/es\\\/dia-de-las-madres-la-tienda\\\/\",\"name\":\"Descuentos del D\u00eda de las Madres en La Tienda | Casa de Campo Living\",\"isPartOf\":{\"@id\":\"https:\\\/\\\/casadecampoliving.com\\\/es\\\/#website\"},\"primaryImageOfPage\":{\"@id\":\"https:\\\/\\\/casadecampoliving.com\\\/es\\\/dia-de-las-madres-la-tienda\\\/#primaryimage\"},\"image\":{\"@id\":\"https:\\\/\\\/casadecampoliving.com\\\/es\\\/dia-de-las-madres-la-tienda\\\/#primaryimage\"},\"thumbnailUrl\":\"https:\\\/\\\/i0.wp.com\\\/casadecampoliving.com\\\/wp-content\\\/uploads\\\/2022\\\/10\\\/Featured-Image-La-Tienda-1.jpg?fit=1000%2C600&ssl=1\",\"datePublished\":\"2016-05-24T04:00:00+00:00\",\"dateModified\":\"2022-10-21T22:59:15+00:00\",\"description\":\"Este domingo se celebra el D\u00eda de las Madres en la Rep\u00fablica Dominicana, y le tenemos otra gran opci\u00f3n donde puede encontrar ese regalo especial. La\",\"breadcrumb\":{\"@id\":\"https:\\\/\\\/casadecampoliving.com\\\/es\\\/dia-de-las-madres-la-tienda\\\/#breadcrumb\"},\"inLanguage\":\"es\",\"potentialAction\":[{\"@type\":\"ReadAction\",\"target\":[\"https:\\\/\\\/casadecampoliving.com\\\/es\\\/dia-de-las-madres-la-tienda\\\/\"]}]},{\"@type\":\"ImageObject\",\"inLanguage\":\"es\",\"@id\":\"https:\\\/\\\/casadecampoliving.com\\\/es\\\/dia-de-las-madres-la-tienda\\\/#primaryimage\",\"url\":\"https:\\\/\\\/i0.wp.com\\\/casadecampoliving.com\\\/wp-content\\\/uploads\\\/2022\\\/10\\\/Featured-Image-La-Tienda-1.jpg?fit=1000%2C600&ssl=1\",\"contentUrl\":\"https:\\\/\\\/i0.wp.com\\\/casadecampoliving.com\\\/wp-content\\\/uploads\\\/2022\\\/10\\\/Featured-Image-La-Tienda-1.jpg?fit=1000%2C600&ssl=1\",\"width\":1000,\"height\":600,\"caption\":\"Featured Image La Tienda\"},{\"@type\":\"BreadcrumbList\",\"@id\":\"https:\\\/\\\/casadecampoliving.com\\\/es\\\/dia-de-las-madres-la-tienda\\\/#breadcrumb\",\"itemListElement\":[{\"@type\":\"ListItem\",\"position\":1,\"name\":\"Home\",\"item\":\"https:\\\/\\\/casadecampoliving.com\\\/es\\\/\"},{\"@type\":\"ListItem\",\"position\":2,\"name\":\"Descuentos del D\u00eda de las Madres en La Tienda\"}]},{\"@type\":\"WebSite\",\"@id\":\"https:\\\/\\\/casadecampoliving.com\\\/es\\\/#website\",\"url\":\"https:\\\/\\\/casadecampoliving.com\\\/es\\\/\",\"name\":\"Casa de Campo Living\",\"description\":\"Resort community news and resources.\",\"publisher\":{\"@id\":\"https:\\\/\\\/casadecampoliving.com\\\/es\\\/#organization\"},\"potentialAction\":[{\"@type\":\"SearchAction\",\"target\":{\"@type\":\"EntryPoint\",\"urlTemplate\":\"https:\\\/\\\/casadecampoliving.com\\\/es\\\/?s={search_term_string}\"},\"query-input\":{\"@type\":\"PropertyValueSpecification\",\"valueRequired\":true,\"valueName\":\"search_term_string\"}}],\"inLanguage\":\"es\"},{\"@type\":\"Organization\",\"@id\":\"https:\\\/\\\/casadecampoliving.com\\\/es\\\/#organization\",\"name\":\"Casa de Campo Living\",\"url\":\"https:\\\/\\\/casadecampoliving.com\\\/es\\\/\",\"logo\":{\"@type\":\"ImageObject\",\"inLanguage\":\"es\",\"@id\":\"https:\\\/\\\/casadecampoliving.com\\\/es\\\/#\\\/schema\\\/logo\\\/image\\\/\",\"url\":\"https:\\\/\\\/i0.wp.com\\\/casadecampoliving.com\\\/wp-content\\\/uploads\\\/2022\\\/07\\\/CDCLivingLogo_V1-white-sized.png?fit=800%2C214&ssl=1\",\"contentUrl\":\"https:\\\/\\\/i0.wp.com\\\/casadecampoliving.com\\\/wp-content\\\/uploads\\\/2022\\\/07\\\/CDCLivingLogo_V1-white-sized.png?fit=800%2C214&ssl=1\",\"width\":800,\"height\":214,\"caption\":\"Casa de Campo Living\"},\"image\":{\"@id\":\"https:\\\/\\\/casadecampoliving.com\\\/es\\\/#\\\/schema\\\/logo\\\/image\\\/\"},\"sameAs\":[\"https:\\\/\\\/www.facebook.com\\\/casadecampoliving\",\"https:\\\/\\\/x.com\\\/cdcliving\"]},{\"@type\":\"Person\",\"@id\":\"https:\\\/\\\/casadecampoliving.com\\\/es\\\/#\\\/schema\\\/person\\\/b6606bd87f9cec8f5903e2141cafda24\",\"name\":\"Marlenys Guzm\u00e1n Casta\u00f1os\",\"image\":{\"@type\":\"ImageObject\",\"inLanguage\":\"es\",\"@id\":\"https:\\\/\\\/secure.gravatar.com\\\/avatar\\\/72f3f86b8e6b3ec744201aeadf11d4a6055e8af194aecd9ad30ffff4437878ee?s=96&d=mm&r=g\",\"url\":\"https:\\\/\\\/secure.gravatar.com\\\/avatar\\\/72f3f86b8e6b3ec744201aeadf11d4a6055e8af194aecd9ad30ffff4437878ee?s=96&d=mm&r=g\",\"contentUrl\":\"https:\\\/\\\/secure.gravatar.com\\\/avatar\\\/72f3f86b8e6b3ec744201aeadf11d4a6055e8af194aecd9ad30ffff4437878ee?s=96&d=mm&r=g\",\"caption\":\"Marlenys Guzm\u00e1n Casta\u00f1os\"},\"url\":\"https:\\\/\\\/casadecampoliving.com\\\/es\\\/author\\\/mguzman\\\/\"}]}<\/script>\n<!-- \/ Yoast SEO plugin. -->","yoast_head_json":{"title":"Descuentos del D\u00eda de las Madres en La Tienda | Casa de Campo Living","description":"Este domingo se celebra el D\u00eda de las Madres en la Rep\u00fablica Dominicana, y le tenemos otra gran opci\u00f3n donde puede encontrar ese regalo especial. La","robots":{"index":"index","follow":"follow","max-snippet":"max-snippet:-1","max-image-preview":"max-image-preview:large","max-video-preview":"max-video-preview:-1"},"canonical":"https:\/\/casadecampoliving.com\/es\/dia-de-las-madres-la-tienda\/","og_locale":"es_ES","og_type":"article","og_title":"Descuentos del D\u00eda de las Madres en La Tienda | Casa de Campo Living","og_description":"Este domingo se celebra el D\u00eda de las Madres en la Rep\u00fablica Dominicana, y le tenemos otra gran opci\u00f3n donde puede encontrar ese regalo especial. La","og_url":"https:\/\/casadecampoliving.com\/es\/dia-de-las-madres-la-tienda\/","og_site_name":"Casa de Campo Living","article_publisher":"https:\/\/www.facebook.com\/casadecampoliving","article_published_time":"2016-05-24T04:00:00+00:00","article_modified_time":"2022-10-21T22:59:15+00:00","og_image":[{"width":1000,"height":600,"url":"https:\/\/i0.wp.com\/casadecampoliving.com\/wp-content\/uploads\/2022\/10\/Featured-Image-La-Tienda-1.jpg?fit=1000%2C600&ssl=1","type":"image\/jpeg"}],"author":"Marlenys Guzm\u00e1n Casta\u00f1os","twitter_card":"summary_large_image","twitter_creator":"@cdcliving","twitter_site":"@cdcliving","twitter_misc":{"Escrito por":"Marlenys Guzm\u00e1n Casta\u00f1os","Tiempo de lectura":"2 minutos"},"schema":{"@context":"https:\/\/schema.org","@graph":[{"@type":"Article","@id":"https:\/\/casadecampoliving.com\/es\/dia-de-las-madres-la-tienda\/#article","isPartOf":{"@id":"https:\/\/casadecampoliving.com\/es\/dia-de-las-madres-la-tienda\/"},"author":{"name":"Marlenys Guzm\u00e1n Casta\u00f1os","@id":"https:\/\/casadecampoliving.com\/es\/#\/schema\/person\/b6606bd87f9cec8f5903e2141cafda24"},"headline":"Descuentos del D\u00eda de las Madres en La Tienda","datePublished":"2016-05-24T04:00:00+00:00","dateModified":"2022-10-21T22:59:15+00:00","mainEntityOfPage":{"@id":"https:\/\/casadecampoliving.com\/es\/dia-de-las-madres-la-tienda\/"},"wordCount":339,"publisher":{"@id":"https:\/\/casadecampoliving.com\/es\/#organization"},"image":{"@id":"https:\/\/casadecampoliving.com\/es\/dia-de-las-madres-la-tienda\/#primaryimage"},"thumbnailUrl":"https:\/\/i0.wp.com\/casadecampoliving.com\/wp-content\/uploads\/2022\/10\/Featured-Image-La-Tienda-1.jpg?fit=1000%2C600&ssl=1","keywords":["Altos de Chavon","descuento","dia de las madres","emilio robba @es","especiales","Featured-TopView @es","La Romana @es","La Tienda @es","Regalo"],"articleSection":["Altos de Chavon @es","Compras","Moda","Noticias Locales","Rep\u00fablica Dominicana @es"],"inLanguage":"es"},{"@type":"WebPage","@id":"https:\/\/casadecampoliving.com\/es\/dia-de-las-madres-la-tienda\/","url":"https:\/\/casadecampoliving.com\/es\/dia-de-las-madres-la-tienda\/","name":"Descuentos del D\u00eda de las Madres en La Tienda | Casa de Campo Living","isPartOf":{"@id":"https:\/\/casadecampoliving.com\/es\/#website"},"primaryImageOfPage":{"@id":"https:\/\/casadecampoliving.com\/es\/dia-de-las-madres-la-tienda\/#primaryimage"},"image":{"@id":"https:\/\/casadecampoliving.com\/es\/dia-de-las-madres-la-tienda\/#primaryimage"},"thumbnailUrl":"https:\/\/i0.wp.com\/casadecampoliving.com\/wp-content\/uploads\/2022\/10\/Featured-Image-La-Tienda-1.jpg?fit=1000%2C600&ssl=1","datePublished":"2016-05-24T04:00:00+00:00","dateModified":"2022-10-21T22:59:15+00:00","description":"Este domingo se celebra el D\u00eda de las Madres en la Rep\u00fablica Dominicana, y le tenemos otra gran opci\u00f3n donde puede encontrar ese regalo especial. La","breadcrumb":{"@id":"https:\/\/casadecampoliving.com\/es\/dia-de-las-madres-la-tienda\/#breadcrumb"},"inLanguage":"es","potentialAction":[{"@type":"ReadAction","target":["https:\/\/casadecampoliving.com\/es\/dia-de-las-madres-la-tienda\/"]}]},{"@type":"ImageObject","inLanguage":"es","@id":"https:\/\/casadecampoliving.com\/es\/dia-de-las-madres-la-tienda\/#primaryimage","url":"https:\/\/i0.wp.com\/casadecampoliving.com\/wp-content\/uploads\/2022\/10\/Featured-Image-La-Tienda-1.jpg?fit=1000%2C600&ssl=1","contentUrl":"https:\/\/i0.wp.com\/casadecampoliving.com\/wp-content\/uploads\/2022\/10\/Featured-Image-La-Tienda-1.jpg?fit=1000%2C600&ssl=1","width":1000,"height":600,"caption":"Featured Image La Tienda"},{"@type":"BreadcrumbList","@id":"https:\/\/casadecampoliving.com\/es\/dia-de-las-madres-la-tienda\/#breadcrumb","itemListElement":[{"@type":"ListItem","position":1,"name":"Home","item":"https:\/\/casadecampoliving.com\/es\/"},{"@type":"ListItem","position":2,"name":"Descuentos del D\u00eda de las Madres en La Tienda"}]},{"@type":"WebSite","@id":"https:\/\/casadecampoliving.com\/es\/#website","url":"https:\/\/casadecampoliving.com\/es\/","name":"Casa de Campo Living","description":"Resort community news and resources.","publisher":{"@id":"https:\/\/casadecampoliving.com\/es\/#organization"},"potentialAction":[{"@type":"SearchAction","target":{"@type":"EntryPoint","urlTemplate":"https:\/\/casadecampoliving.com\/es\/?s={search_term_string}"},"query-input":{"@type":"PropertyValueSpecification","valueRequired":true,"valueName":"search_term_string"}}],"inLanguage":"es"},{"@type":"Organization","@id":"https:\/\/casadecampoliving.com\/es\/#organization","name":"Casa de Campo Living","url":"https:\/\/casadecampoliving.com\/es\/","logo":{"@type":"ImageObject","inLanguage":"es","@id":"https:\/\/casadecampoliving.com\/es\/#\/schema\/logo\/image\/","url":"https:\/\/i0.wp.com\/casadecampoliving.com\/wp-content\/uploads\/2022\/07\/CDCLivingLogo_V1-white-sized.png?fit=800%2C214&ssl=1","contentUrl":"https:\/\/i0.wp.com\/casadecampoliving.com\/wp-content\/uploads\/2022\/07\/CDCLivingLogo_V1-white-sized.png?fit=800%2C214&ssl=1","width":800,"height":214,"caption":"Casa de Campo Living"},"image":{"@id":"https:\/\/casadecampoliving.com\/es\/#\/schema\/logo\/image\/"},"sameAs":["https:\/\/www.facebook.com\/casadecampoliving","https:\/\/x.com\/cdcliving"]},{"@type":"Person","@id":"https:\/\/casadecampoliving.com\/es\/#\/schema\/person\/b6606bd87f9cec8f5903e2141cafda24","name":"Marlenys Guzm\u00e1n Casta\u00f1os","image":{"@type":"ImageObject","inLanguage":"es","@id":"https:\/\/secure.gravatar.com\/avatar\/72f3f86b8e6b3ec744201aeadf11d4a6055e8af194aecd9ad30ffff4437878ee?s=96&d=mm&r=g","url":"https:\/\/secure.gravatar.com\/avatar\/72f3f86b8e6b3ec744201aeadf11d4a6055e8af194aecd9ad30ffff4437878ee?s=96&d=mm&r=g","contentUrl":"https:\/\/secure.gravatar.com\/avatar\/72f3f86b8e6b3ec744201aeadf11d4a6055e8af194aecd9ad30ffff4437878ee?s=96&d=mm&r=g","caption":"Marlenys Guzm\u00e1n Casta\u00f1os"},"url":"https:\/\/casadecampoliving.com\/es\/author\/mguzman\/"}]}},"parsely":{"version":"1.1.0","canonical_url":"https:\/\/casadecampoliving.com\/es\/dia-de-las-madres-la-tienda\/","smart_links":{"inbound":0,"outbound":0},"traffic_boost_suggestions_count":0,"meta":{"@context":"https:\/\/schema.org","@type":"NewsArticle","headline":"Descuentos del D\u00eda de las Madres en La Tienda","url":"http:\/\/casadecampoliving.com\/es\/dia-de-las-madres-la-tienda\/","mainEntityOfPage":{"@type":"WebPage","@id":"http:\/\/casadecampoliving.com\/es\/dia-de-las-madres-la-tienda\/"},"thumbnailUrl":"https:\/\/i0.wp.com\/casadecampoliving.com\/wp-content\/uploads\/2022\/10\/Featured-Image-La-Tienda-1.jpg?resize=150%2C150&ssl=1","image":{"@type":"ImageObject","url":"https:\/\/i0.wp.com\/casadecampoliving.com\/wp-content\/uploads\/2022\/10\/Featured-Image-La-Tienda-1.jpg?fit=1000%2C600&ssl=1"},"articleSection":"Altos de Chavon @es","author":[{"@type":"Person","name":"Marlenys Guzm\u00e1n Casta\u00f1os"}],"creator":["Marlenys Guzm\u00e1n Casta\u00f1os"],"publisher":{"@type":"Organization","name":"Casa de Campo Living","logo":"https:\/\/casadecampoliving.com\/wp-content\/uploads\/2022\/07\/CDCLivingLogo_V1-white-sized.png"},"keywords":["altos de chavon","descuento","dia de las madres","emilio robba @es","especiales","featured-topview @es","la romana @es","la tienda @es","regalo"],"dateCreated":"2016-05-24T04:00:00Z","datePublished":"2016-05-24T04:00:00Z","dateModified":"2022-10-21T22:59:15Z"},"rendered":"<script type=\"application\/ld+json\" class=\"wp-parsely-metadata\">{\"@context\":\"https:\\\/\\\/schema.org\",\"@type\":\"NewsArticle\",\"headline\":\"Descuentos del D\\u00eda de las Madres en La Tienda\",\"url\":\"http:\\\/\\\/casadecampoliving.com\\\/es\\\/dia-de-las-madres-la-tienda\\\/\",\"mainEntityOfPage\":{\"@type\":\"WebPage\",\"@id\":\"http:\\\/\\\/casadecampoliving.com\\\/es\\\/dia-de-las-madres-la-tienda\\\/\"},\"thumbnailUrl\":\"https:\\\/\\\/i0.wp.com\\\/casadecampoliving.com\\\/wp-content\\\/uploads\\\/2022\\\/10\\\/Featured-Image-La-Tienda-1.jpg?resize=150%2C150&ssl=1\",\"image\":{\"@type\":\"ImageObject\",\"url\":\"https:\\\/\\\/i0.wp.com\\\/casadecampoliving.com\\\/wp-content\\\/uploads\\\/2022\\\/10\\\/Featured-Image-La-Tienda-1.jpg?fit=1000%2C600&ssl=1\"},\"articleSection\":\"Altos de Chavon @es\",\"author\":[{\"@type\":\"Person\",\"name\":\"Marlenys Guzm\\u00e1n Casta\\u00f1os\"}],\"creator\":[\"Marlenys Guzm\\u00e1n Casta\\u00f1os\"],\"publisher\":{\"@type\":\"Organization\",\"name\":\"Casa de Campo Living\",\"logo\":\"https:\\\/\\\/casadecampoliving.com\\\/wp-content\\\/uploads\\\/2022\\\/07\\\/CDCLivingLogo_V1-white-sized.png\"},\"keywords\":[\"altos de chavon\",\"descuento\",\"dia de las madres\",\"emilio robba @es\",\"especiales\",\"featured-topview @es\",\"la romana @es\",\"la tienda @es\",\"regalo\"],\"dateCreated\":\"2016-05-24T04:00:00Z\",\"datePublished\":\"2016-05-24T04:00:00Z\",\"dateModified\":\"2022-10-21T22:59:15Z\"}<\/script>","tracker_url":"https:\/\/cdn.parsely.com\/keys\/casadecampoliving.com\/p.js"},"jetpack_publicize_connections":[],"jetpack_featured_media_url":"https:\/\/i0.wp.com\/casadecampoliving.com\/wp-content\/uploads\/2022\/10\/Featured-Image-La-Tienda-1.jpg?fit=1000%2C600&ssl=1","jetpack-related-posts":[{"id":351521,"url":"https:\/\/casadecampoliving.com\/es\/regalo-para-el-dia-de-las-madres-de-los-talleres-de-altos-de-chavon\/","url_meta":{"origin":349868,"position":0},"title":"\u00a1Ahora es el momento de comprar el regalo para el D\u00eda de las Madres de los talleres artesanales de Altos de Chav\u00f3n!","author":"Heather Lincoln","date":"24 May, 2017","format":false,"excerpt":"A todas las madres les encanta un buen descuento, \u00a1\u00bfy a qui\u00e9n no?! A partir de ma\u00f1ana, las tiendas y talleres de Altos de Chav\u00f3n est\u00e1n teniendo una VENTA ENORME justo a tiempo para el D\u00eda de las Madres! Jarrones de cer\u00e1mica hechos a mano, macetas, l\u00e1mparas y m\u00e1s de\u2026","rel":"","context":"En \u00abAltos de Chavon @es\u00bb","block_context":{"text":"Altos de Chavon @es","link":"https:\/\/casadecampoliving.com\/category\/altos-de-chavon-es\/"},"img":{"alt_text":"Handmade Gifts - Mother's Day Sale","src":"https:\/\/i0.wp.com\/casadecampoliving.com\/wp-content\/uploads\/2022\/10\/IMG_6165-e1495643640238.jpg?fit=1000%2C561&ssl=1&resize=350%2C200","width":350,"height":200,"srcset":"https:\/\/i0.wp.com\/casadecampoliving.com\/wp-content\/uploads\/2022\/10\/IMG_6165-e1495643640238.jpg?fit=1000%2C561&ssl=1&resize=350%2C200 1x, https:\/\/i0.wp.com\/casadecampoliving.com\/wp-content\/uploads\/2022\/10\/IMG_6165-e1495643640238.jpg?fit=1000%2C561&ssl=1&resize=525%2C300 1.5x, https:\/\/i0.wp.com\/casadecampoliving.com\/wp-content\/uploads\/2022\/10\/IMG_6165-e1495643640238.jpg?fit=1000%2C561&ssl=1&resize=700%2C400 2x"},"classes":[]},{"id":433460,"url":"https:\/\/casadecampoliving.com\/es\/no-se-pierdan-el-increible-tributo-a-frank-sinatra-para-celebrar-el-40-aniversario-del-anfiteatro-altos-de-chavon\/","url_meta":{"origin":349868,"position":1},"title":"No se pierdan el incre\u00edble tributo a Frank Sinatra para celebrar el 40 aniversario del\u00a0Anfiteatro Altos de Chav\u00f3n","author":"Casa de Campo Living","date":"20 Oct, 2022","format":false,"excerpt":"Siendo uno de los escenarios m\u00e1s emblem\u00e1ticos del pa\u00eds, Casa de Campo Resort\u00ae & Villas celebra las cuatro d\u00e9cadas de aniversario de Altos de Chav\u00f3n con un tributo al gran Frank Sinatra, protagonizado por artistas invitados y una big band tal cual la que acompa\u00f1\u00f3 al artista hace 40 a\u00f1os\u2026","rel":"","context":"En \u00abUncategorized @es\u00bb","block_context":{"text":"Uncategorized @es","link":"https:\/\/casadecampoliving.com\/es\/category\/uncategorized-es\/"},"img":{"alt_text":"","src":"https:\/\/i0.wp.com\/casadecampoliving.com\/wp-content\/uploads\/2022\/10\/Tributo-Frank-Sinatra-Foto-Principal-Amaury-Sanchez-Danilo-Ginebra-Andres-Pichardo-y-Jose-Gabriel-Perez-.jpg?fit=1200%2C873&ssl=1&resize=350%2C200","width":350,"height":200,"srcset":"https:\/\/i0.wp.com\/casadecampoliving.com\/wp-content\/uploads\/2022\/10\/Tributo-Frank-Sinatra-Foto-Principal-Amaury-Sanchez-Danilo-Ginebra-Andres-Pichardo-y-Jose-Gabriel-Perez-.jpg?fit=1200%2C873&ssl=1&resize=350%2C200 1x, https:\/\/i0.wp.com\/casadecampoliving.com\/wp-content\/uploads\/2022\/10\/Tributo-Frank-Sinatra-Foto-Principal-Amaury-Sanchez-Danilo-Ginebra-Andres-Pichardo-y-Jose-Gabriel-Perez-.jpg?fit=1200%2C873&ssl=1&resize=525%2C300 1.5x, https:\/\/i0.wp.com\/casadecampoliving.com\/wp-content\/uploads\/2022\/10\/Tributo-Frank-Sinatra-Foto-Principal-Amaury-Sanchez-Danilo-Ginebra-Andres-Pichardo-y-Jose-Gabriel-Perez-.jpg?fit=1200%2C873&ssl=1&resize=700%2C400 2x, https:\/\/i0.wp.com\/casadecampoliving.com\/wp-content\/uploads\/2022\/10\/Tributo-Frank-Sinatra-Foto-Principal-Amaury-Sanchez-Danilo-Ginebra-Andres-Pichardo-y-Jose-Gabriel-Perez-.jpg?fit=1200%2C873&ssl=1&resize=1050%2C600 3x"},"classes":[]},{"id":341519,"url":"https:\/\/casadecampoliving.com\/es\/trate-a-su-madre-en-su-dia-con-un-15-de-descuento-en-cabana\/","url_meta":{"origin":349868,"position":2},"title":"\u00a1Trate a su madre en su d\u00eda con un 15% de descuento en Cabana!","author":"Mairobi Herrera","date":"22 May, 2013","format":false,"excerpt":"No se olvide! Este domingo es el D\u00eda de la Madre en la Rep\u00fablica Dominicana- as\u00ed que ahora es el momento de conseguir alto especial para su mam\u00e1. Aproveche el 5% de descuento\u00a0en Cabana esta semana para darle a ella (y usted) algo nuevo para el vestuario de verano. Cabana,\u2026","rel":"","context":"En \u00abArte y cultura\u00bb","block_context":{"text":"Arte y cultura","link":"https:\/\/casadecampoliving.com\/category\/arte-y-cultura\/"},"img":{"alt_text":"mothers-day","src":"https:\/\/i0.wp.com\/casadecampoliving.com\/wp-content\/uploads\/2022\/10\/mothers-day2-1-2.jpg?fit=650%2C350&ssl=1&resize=350%2C200","width":350,"height":200,"srcset":"https:\/\/i0.wp.com\/casadecampoliving.com\/wp-content\/uploads\/2022\/10\/mothers-day2-1-2.jpg?fit=650%2C350&ssl=1&resize=350%2C200 1x, https:\/\/i0.wp.com\/casadecampoliving.com\/wp-content\/uploads\/2022\/10\/mothers-day2-1-2.jpg?fit=650%2C350&ssl=1&resize=525%2C300 1.5x"},"classes":[]},{"id":341533,"url":"https:\/\/casadecampoliving.com\/es\/happy-hour-para-el-dia-de-las-madres-en-jenny-polanco-el-viernes-24-de-mayo\/","url_meta":{"origin":349868,"position":3},"title":"\u00abHappy Hour\u00bb para el D\u00eda de las Madres en Jenny Polanco, el viernes 24 de mayo","author":"Mairobi Herrera","date":"23 May, 2013","format":false,"excerpt":"\u201cDivino es lo que ella se merece\u201d dice la dise\u00f1adora dominicana Jenny Polanco introduciendo un\u201dHappy Hour\u201d para este viernes 24 de mayo, en ocasi\u00f3n de celebrarse el D\u00eda de las Madres, el pr\u00f3ximo domingo 26 de mayo. Este especial se llevar\u00e1 a cabo de 5:00 pm a 8:00 pm en\u2026","rel":"","context":"En \u00abAltos de Chavon @es\u00bb","block_context":{"text":"Altos de Chavon @es","link":"https:\/\/casadecampoliving.com\/category\/altos-de-chavon-es\/"},"img":{"alt_text":"jenny polanco happy hour","src":"https:\/\/i0.wp.com\/casadecampoliving.com\/wp-content\/uploads\/2022\/10\/jenny_polanco_happy_hour-1.jpg?fit=650%2C475&ssl=1&resize=350%2C200","width":350,"height":200,"srcset":"https:\/\/i0.wp.com\/casadecampoliving.com\/wp-content\/uploads\/2022\/10\/jenny_polanco_happy_hour-1.jpg?fit=650%2C475&ssl=1&resize=350%2C200 1x, https:\/\/i0.wp.com\/casadecampoliving.com\/wp-content\/uploads\/2022\/10\/jenny_polanco_happy_hour-1.jpg?fit=650%2C475&ssl=1&resize=525%2C300 1.5x"},"classes":[]},{"id":349884,"url":"https:\/\/casadecampoliving.com\/es\/moms-love-everett-designs-can-see\/","url_meta":{"origin":349868,"position":4},"title":"Las Madres aman Everett Designs y podemos ver porqu\u00e9","author":"Heather Lincoln","date":"25 May, 2016","format":false,"excerpt":"Everett Designs fabrica todas sus joyas a mano de una manera \u00fanica. Al ser un taller y una tienda a la vez, encontrar\u00e1s piezas nunca antes vistas dise\u00f1adas y creadas por talentosos artesanos bajo la direcci\u00f3n de Bill y Rosie Everett. Y ya que el D\u00eda de las Madres est\u00e1\u2026","rel":"","context":"En \u00abAltos de Chavon @es\u00bb","block_context":{"text":"Altos de Chavon @es","link":"https:\/\/casadecampoliving.com\/category\/altos-de-chavon-es\/"},"img":{"alt_text":"Everett Designs","src":"https:\/\/i0.wp.com\/casadecampoliving.com\/wp-content\/uploads\/2022\/10\/IMG_9513-e1464212799951.jpg?fit=1000%2C667&ssl=1&resize=350%2C200","width":350,"height":200,"srcset":"https:\/\/i0.wp.com\/casadecampoliving.com\/wp-content\/uploads\/2022\/10\/IMG_9513-e1464212799951.jpg?fit=1000%2C667&ssl=1&resize=350%2C200 1x, https:\/\/i0.wp.com\/casadecampoliving.com\/wp-content\/uploads\/2022\/10\/IMG_9513-e1464212799951.jpg?fit=1000%2C667&ssl=1&resize=525%2C300 1.5x, https:\/\/i0.wp.com\/casadecampoliving.com\/wp-content\/uploads\/2022\/10\/IMG_9513-e1464212799951.jpg?fit=1000%2C667&ssl=1&resize=700%2C400 2x"},"classes":[]},{"id":339059,"url":"https:\/\/casadecampoliving.com\/es\/es-mama-una-joya-halague-a-mama-este-dia-de-las-madres-con-un-regalo-de-everett-designs\/","url_meta":{"origin":349868,"position":5},"title":"\u00bfEs mam\u00e1 una joya? \u00a1Halague a mam\u00e1 este D\u00eda de las Madres con un regalo de Everett Designs!","author":"","date":"22 May, 2012","format":false,"excerpt":"Este 21 de mayo es el D\u00eda de las Madres en la Rep\u00fablica Dominicana \u2013 una estupenda excusa para mimar a mam\u00e1 y qu\u00e9 mejor manera de hacerlo que con piezas que brillan tanto como ella!\u00a0 Fundado en 1979 por William y Rosemary Everett, Everett Designs crea y vende joyas\u2026","rel":"","context":"En \u00abCompras\u00bb","block_context":{"text":"Compras","link":"https:\/\/casadecampoliving.com\/es\/category\/compras-es\/"},"img":{"alt_text":"everett's jewellery","src":"https:\/\/i0.wp.com\/casadecampoliving.com\/wp-content\/uploads\/2022\/10\/everetta-1.jpg?fit=630%2C237&ssl=1&resize=350%2C200","width":350,"height":200,"srcset":"https:\/\/i0.wp.com\/casadecampoliving.com\/wp-content\/uploads\/2022\/10\/everetta-1.jpg?fit=630%2C237&ssl=1&resize=350%2C200 1x, https:\/\/i0.wp.com\/casadecampoliving.com\/wp-content\/uploads\/2022\/10\/everetta-1.jpg?fit=630%2C237&ssl=1&resize=525%2C300 1.5x"},"classes":[]}],"jetpack_sharing_enabled":true,"_links":{"self":[{"href":"https:\/\/casadecampoliving.com\/es\/wp-json\/wp\/v2\/posts\/349868","targetHints":{"allow":["GET"]}}],"collection":[{"href":"https:\/\/casadecampoliving.com\/es\/wp-json\/wp\/v2\/posts"}],"about":[{"href":"https:\/\/casadecampoliving.com\/es\/wp-json\/wp\/v2\/types\/post"}],"author":[{"embeddable":true,"href":"https:\/\/casadecampoliving.com\/es\/wp-json\/wp\/v2\/users\/36682"}],"replies":[{"embeddable":true,"href":"https:\/\/casadecampoliving.com\/es\/wp-json\/wp\/v2\/comments?post=349868"}],"version-history":[{"count":1,"href":"https:\/\/casadecampoliving.com\/es\/wp-json\/wp\/v2\/posts\/349868\/revisions"}],"predecessor-version":[{"id":349869,"href":"https:\/\/casadecampoliving.com\/es\/wp-json\/wp\/v2\/posts\/349868\/revisions\/349869"}],"wp:featuredmedia":[{"embeddable":true,"href":"https:\/\/casadecampoliving.com\/es\/wp-json\/wp\/v2\/media\/309397"}],"wp:attachment":[{"href":"https:\/\/casadecampoliving.com\/es\/wp-json\/wp\/v2\/media?parent=349868"}],"wp:term":[{"taxonomy":"category","embeddable":true,"href":"https:\/\/casadecampoliving.com\/es\/wp-json\/wp\/v2\/categories?post=349868"},{"taxonomy":"post_tag","embeddable":true,"href":"https:\/\/casadecampoliving.com\/es\/wp-json\/wp\/v2\/tags?post=349868"},{"taxonomy":"newspack_spnsrs_tax","embeddable":true,"href":"https:\/\/casadecampoliving.com\/es\/wp-json\/wp\/v2\/newspack_spnsrs_tax?post=349868"}],"curies":[{"name":"wp","href":"https:\/\/api.w.org\/{rel}","templated":true}]}}