{"id":349860,"date":"2016-05-23T00:00:00","date_gmt":"2016-05-23T04:00:00","guid":{"rendered":"https:\/\/casadecampoliving.com\/pensamientos-de-stephen-kaplan-sobre-escuela-de-diseno-chavon\/"},"modified":"2022-10-21T18:58:54","modified_gmt":"2022-10-21T22:58:54","slug":"pensamientos-de-stephen-kaplan-sobre-escuela-de-diseno-chavon","status":"publish","type":"post","link":"https:\/\/casadecampoliving.com\/es\/pensamientos-de-stephen-kaplan-sobre-escuela-de-diseno-chavon\/","title":{"rendered":"Los pensamientos de Stephen Kaplan sobre el futuro de la Escuela de Dise\u00f1o de Chav\u00f3n"},"content":{"rendered":"\n<p><span style=\"font-weight: 400;\">A medida que el a\u00f1o escolar llega a su fin, y celebramos la 32\u00ba &nbsp;graduaci\u00f3n de los estudiantes de la Escuela de Dise\u00f1o de Altos de Chav\u00f3n, compartimos con ustedes los pensamientos de Stephen Kaplan, director de la escuela, quien nos habla de las cosas nuevas e interesantes que trae el campus de Chav\u00f3n ahora que <a href=\"https:\/\/casadecampoliving.com\/es\/escuela-de-diseno-chavon-inaugura-nuevo-campus-en-santo-domingo\/\">los programas de Moda y Dise\u00f1o de Comunicaci\u00f3n se traslada a Santo Domingo a su campus urbano<\/a>.<\/span><br>\n<\/p>\n\n\n\n<!--more-->\n\n\n\n<p><b>El Arte y la Educaci\u00f3n Art\u00edstica sigue viva y pr\u00f3spera en Altos de Chav\u00f3n<\/b><\/p>\n\n\n\n<p><span style=\"font-weight: 400;\">A partir de septiembre, el Campus de Altos de Chav\u00f3n en La Romana ser\u00e1 el hogar del programa de Bellas Artes e Ilustraci\u00f3n,como lo ha sido durante 32 a\u00f1os, y ofrecer\u00e1 dos nuevas \u00e1reas de estudio: el EPIC (Estudios para Investigaci\u00f3n Contempor\u00e1nea), y un curso certificado de un a\u00f1o de cine.<\/span><\/p>\n\n\n<div class=\"wp-block-image\">\n<figure class=\"alignright is-resized\"><img loading=\"lazy\" decoding=\"async\" src=\"https:\/\/i0.wp.com\/casadecampoliving.com\/wp-content\/uploads\/2022\/10\/2016-05-23-1.png?resize=354%2C385&amp;ssl=1\" alt=\"AltosdeChavonSchoolofDesign0\" class=\"wp-image-119365\" height=\"385\" width=\"354\"\/><\/figure>\n<\/div>\n\n\n<p><span style=\"font-weight: 400;\"><\/span><\/p>\n\n\n\n<p><span style=\"font-weight: 400;\">En Oto\u00f1o 2016 comenzar\u00e1 otro nuevo a\u00f1o de preparaci\u00f3n inicial Clase de Fundamentos, orientado a Bellas Artes y la Ilustraci\u00f3n. Ya luego de haber pasado este 1er a\u00f1o de preparaci\u00f3n y de formaci\u00f3n en bellas artes de Altos de Chav\u00f3n, los estudiantes pasar\u00e1n su siguiente a\u00f1o en Altos de Chav\u00f3n realizando una concentraci\u00f3n ya sea en Bellas Artes o Ilustraci\u00f3n. As\u00ed que, Bellas Artes \/Ilustraci\u00f3n sigue vivo y bien encaminado en Altos de Chav\u00f3n.<\/span><\/p>\n\n\n\n<p>Un nuevo programa, EPIC, que es una especie de regreso a casa, o 3er a\u00f1o, para los graduados de las carreras t\u00e9cnicas de dos a\u00f1os y otros estudiantes calificados, ser\u00e1 inaugurado en septiembre. Se llama EPIC, que es un acr\u00f3nimo de \u201cEstudios para Investigaci\u00f3n Contempor\u00e1neo\u201d. Esta a\u00f1adir\u00e1 otra dimensi\u00f3n al programa de arte de Altos de Chav\u00f3n. Tambi\u00e9n se est\u00e1 trabajando para incluir otro programa en Chav\u00f3n, y es un a\u00f1o de cine. A\u00fan est\u00e1 en las etapas iniciales de planificaci\u00f3n y se espera comenzar en octubre de 2016. Se impartir\u00e1 en el campus de Altos de Chav\u00f3n, aqu\u00ed en el coraz\u00f3n de Casa de Campo.<\/p>\n\n\n\n<figure class=\"wp-block-image alignnone wp-image-119369 size-full is-resized\"><img loading=\"lazy\" decoding=\"async\" src=\"https:\/\/i0.wp.com\/casadecampoliving.com\/wp-content\/uploads\/2022\/10\/2016-05-23-1-e1464017203911.jpg?resize=1000%2C667&amp;ssl=1\" alt=\"Stephen Kaplan, Director de Altos de Chav\u00f3n, con Marina Spadafora, Directora del Programa de Moda\" class=\"wp-image-119369\" height=\"667\" width=\"1000\"\/><figcaption>Stephen Kaplan, Director de Altos de Chav\u00f3n, con Marina Spadafora, Directora del Programa de Moda<\/figcaption><\/figure>\n\n\n\n<p><span style=\"font-weight: 400;\">Igualmente a partir de Oto\u00f1o 2016, el maravilloso centro urbano en el campus de Santo Domingo, ser\u00e1 la sede de dos carreras adicionales adem\u00e1s de una amplia gama de cursos de educaci\u00f3n continua. Las carreras de Moda y Dise\u00f1o Comunicaci\u00f3n ser\u00e1n trasladados a la capital para estar m\u00e1s cerca de la industria y el comercio a las cuales sirven. De esa manera, podremos incluir a profesionales que trabajan en dise\u00f1o como parte de nuestra facultad. Ya no habr\u00e1 necesidad de que estos tengan que viajar a Altos de Chav\u00f3n y perder uno o dos d\u00edas de trabajo. En Santo Domingo, los programas ser\u00e1n m\u00e1s accesibles para aquellos estudiantes que no son capaces de vivir fuera de casa en las instalaciones de Chav\u00f3n en La Romana. La nueva ubicaci\u00f3n ha demostrado su capacidad de atraer grandes cantidades de los estudiantes para estas carreras.<\/span><\/p>\n\n\n<div class=\"wp-block-image\">\n<figure class=\"aligncenter is-resized\"><img loading=\"lazy\" decoding=\"async\" src=\"https:\/\/i0.wp.com\/casadecampoliving.com\/wp-content\/uploads\/2022\/10\/2016-05-23-3-e1464017267392.jpg?resize=1000%2C654&amp;ssl=1\" alt=\"AltosdeChavonSchoolofDesign2\" class=\"wp-image-119368\" height=\"654\" width=\"1000\"\/><\/figure>\n<\/div>\n\n\n<p><\/p>\n\n\n\n<p><span style=\"font-weight: 400;\">Bellas Artes utiliza la belleza de el complejo residencial y las aulas de Altos de Chav\u00f3n como su musa. El campus de Santo Domingo cuenta con la realidad urbana de la industria y el comercio como fuente de inspiraci\u00f3n. Lo que es m\u00e1s, pensamos que en el nuevo programa EPIC como un programa residencial de estudio tutelado para participantes m\u00e1s formados y realizados. EPIC es para los graduados maduros (y dem\u00e1s) quienes trabajaran y realizaran proyectos personales especiales en el incre\u00edble entorno que representa Altos de Chav\u00f3n. Como sabemos la naturaleza puede ser un catalizador creativo de gran alcance. Un ambiente como este puede estimular el proceso creativo.<\/span><\/p>\n\n\n\n<p><span style=\"font-weight: 400;\">Para Pissarro, su inspiraci\u00f3n fue la isla caribe\u00f1a de St. Thomas, Gauguin la encontr\u00f3 en Tahit\u00ed y Thoreau tuvo Walden Pond. No hay duda de que la belleza de la naturaleza sirvi\u00f3 de musa para sus creaciones. Durante casi 40 a\u00f1os, Altos de Chav\u00f3n ha acogido a artistas y estudiantes de arte y artists en residencia, todos estos encuentran en este lugar los elementos que han inspirado su creaci\u00f3n y producci\u00f3n art\u00edstica.<\/span><\/p>\n\n\n<div class=\"wp-block-image\">\n<figure class=\"aligncenter is-resized\"><img loading=\"lazy\" decoding=\"async\" src=\"https:\/\/i0.wp.com\/casadecampoliving.com\/wp-content\/uploads\/2022\/10\/2016-05-23-4-e1464017332553.jpg?resize=1000%2C674&amp;ssl=1\" alt=\"AltosdeChavonSchoolofDesign3\" class=\"wp-image-119366\" height=\"674\" width=\"1000\"\/><\/figure>\n<\/div>\n\n\n<p><\/p>\n\n\n\n<p><span style=\"font-weight: 400;\">Este es un campus maravilloso, con la neblina encima del r\u00edo Chav\u00f3n en las ma\u00f1anas y los espectaculares colores de la puesta del sol sobre las piedras, Altos de Chav\u00f3n es inspirador y relajante. Las instalaciones de Altos de Chav\u00f3n para uso del estudiante \u2013 laboratorio de c\u00f3mputos, una biblioteca, y la vivienda- son edificaciones de piedra labrada y madera. Es un mundo de pel\u00edcula donde la arquitectura y la naturaleza ser\u00e1n un santuario para los alumnos y estudiantes de arte. Y continuar\u00e1 siendo santuario de aprendizaje.<\/span><\/p>\n\n\n\n<p>Ahora pensamos en Chav\u00f3n la Escuela de Dise\u00f1o como un relato de dos ciudades, una urbana del siglo 21, en el vibrante campus de Santo Domingo con inspir\u00e1ndose en el comercio y la industria, y Chav\u00f3n en La Romana, Casa de Campo con la naturaleza como su musa, y de la cual se nutre.<\/p>\n\n\n\n<p><span style=\"font-weight: 400;\">Fotos cortes\u00eda del <a href=\"https:\/\/www.facebook.com\/AltosdeChavon.LaEscuela\/timeline\">Facebook<\/a>&nbsp;de&nbsp;la Escuela de Dise\u00f1o Altos de Chav\u00f3n.<\/span><\/p>\n\n\n\n<blockquote><p><b>CHAVO\u0301N | LA ESCUELA DE DISEN\u0303O<\/b><\/p><figure><img decoding=\"async\" loading=\"lazy\" class=\"alignright wp-image-119135 size-thumbnail\" src=\"https:\/\/i0.wp.com\/casadecampoliving.com\/wp-content\/uploads\/2022\/10\/1069373_10153061816630164_1122926614_n-150x150-2-150x150.jpg?resize=150%2C150&amp;ssl=1\" alt=\"Chav\u00f3n Santo Domingo\" width=\"150\" height=\"150\"><\/figure><p style=\"text-align: justify;\"><span style=\"font-weight: 400;\">Desde su fundacio\u0301n en 1983, la Escuela de Disen\u0303o Altos de Chavo\u0301n ofrece carreras en artes aplicadas en las a\u0301reas de Bellas Artes, Comunicacio\u0301n Visual y Modas. Esta tipologi\u0301a de programa intensivo y de dos an\u0303os culmina con un grado asociado a nivel te\u0301cnico, el cual provee una so\u0301lida educacio\u0301n que capacita a sus participantes para competir como profesionales en el campo del disen\u0303o y las artes a nivel nacional e internacional.<br>\n<\/span><\/p><p style=\"text-align: justify;\"><span style=\"font-weight: 400;\">Los graduados de La Escuela de Disen\u0303o son elegibles para transferirse directamente a Parsons School of Design en Nueva York. Ma\u0301s de 2,000 estudiantes dominicanos y de diferentes lugares del mundo han egresado de La Escuela de Disen\u0303o, demostrando que una preparacio\u0301n solida en disen\u0303o, paralelo a un e\u0301nfasis en el desarrollo de la industria es la mejor fo\u0301rmula para una exitosa carrera profesional.<\/span><\/p><p style=\"text-align: justify;\"><span style=\"font-weight: 400;\">El programa de estudios, altamente pra\u0301ctico y orientado al mercado, provee a los estudiantes un excepcional conjunto de habilidades que les permite insertarse fa\u0301cilmente en el ambiente laboral. <\/span><\/p><\/blockquote>\n\n\n\n<blockquote class=\"wp-block-quote is-layout-flow wp-block-quote-is-layout-flow\"><p><b>LA FUNDACIO\u0301N CENTRO CULTURAL ALTOS DE CHAVO\u0301N<\/b><\/p><p style=\"text-align: justify;\"><span style=\"font-weight: 400;\">La Fundacio\u0301n Centro Cultural Altos de Chavo\u0301n, ubicada en la Repu\u0301blica Dominicana, es una entidad cultural y educativa sin fines de lucro. Desde su formacio\u0301n en 1983, se ha dedicado a la creacio\u0301n de una comunidad arti\u0301stica multiface\u0301tica que incluye artes visuales, talleres artesanales, presentaciones arti\u0301sticas y programas de ensen\u0303anza.<\/span><\/p><p style=\"text-align: justify;\"><span style=\"font-weight: 400;\">Con sus dependencias interrelacionadas \u2013 Museo Arqueolo\u0301gico Regional, Programa de Artistas en Residencia, La Galeri\u0301a y La Escuela de Disen\u0303o \u2013 la Fundacio\u0301n ha contribuido, por ma\u0301s de tres de\u0301cadas, al enriquecimiento del panorama intelectual, arti\u0301stico y cultural de la Repu\u0301blica Dominicana.<\/span><\/p><p style=\"text-align: justify;\"><span style=\"font-weight: 400;\">Los egresados de La Escuela de Disen\u0303o han logrado ubicarse exitosamente en las diferentes a\u0301reas de la creciente comunidad del mundo del disen\u0303o a nivel nacional e internacional . El programa de Artistas en Residencia ha realizado una contribucio\u0301n encomiable al intercambio arti\u0301stico nacional con un alcance que ha llegado a nivel mundial.<\/span><\/p><p style=\"text-align: justify;\"><span style=\"font-weight: 400;\">La labor de la Fundacio\u0301n ha llegado a muchos, con impresionantes resultados. Esta diversa programacio\u0301n educativa, le confiere a Altos de Chavo\u0301n ese cara\u0301cter cultural dina\u0301mico que nutre y estimula la creatividad de los disen\u0303adores de hoy y de man\u0303ana. La Fundacio\u0301n Centro Cultural Altos de Chavo\u0301n celebra en el 2013, treinta an\u0303os de constantes e invaluables aportes al arte y la cultura en la Repu\u0301blica Dominicana, brindando a cada artista la oportunidad de encontrar su expresio\u0301n individual a trave\u0301s de exploracio\u0301n y bu\u0301squeda permanente.<\/span><\/p><\/blockquote>\n","protected":false},"excerpt":{"rendered":"<p>A medida que el a\u00f1o escolar llega a su fin, y celebramos la 32\u00ba &nbsp;graduaci\u00f3n de los estudiantes de la Escuela de Dise\u00f1o de Altos de Chav\u00f3n, compartimos con ustedes los pensamientos de Stephen Kaplan, director de la escuela, quien nos habla de las cosas nuevas e interesantes que trae el campus de Chav\u00f3n ahora [&hellip;]<\/p>\n","protected":false},"author":378,"featured_media":309156,"comment_status":"closed","ping_status":"closed","sticky":false,"template":"","format":"standard","meta":{"newspack_ads_suppress_ads":false,"newspack_popups_has_disabled_popups":false,"newspack_sponsor_sponsorship_scope":"","newspack_sponsor_native_byline_display":"inherit","newspack_sponsor_native_category_display":"inherit","newspack_sponsor_underwriter_style":"inherit","newspack_sponsor_underwriter_placement":"inherit","_newspack_byline_active":false,"_newspack_byline":"","newspack_hide_updated_date":false,"newspack_show_updated_date":false,"newspack_content_restriction_is_exempt":false,"newspack_featured_image_position":"","newspack_post_subtitle":"","newspack_article_summary_title":"Overview:","newspack_article_summary":"","_jetpack_memberships_contains_paid_content":false,"footnotes":"","jetpack_publicize_message":"","jetpack_publicize_feature_enabled":true,"jetpack_social_post_already_shared":false,"jetpack_social_options":{"image_generator_settings":{"template":"highway","default_image_id":0,"font":"","enabled":false},"version":2},"_wpas_customize_per_network":false},"categories":[26819,26823,2523,2521],"tags":[15387,2536,2559,4743,14736,6829,3229,18105],"newspack_spnsrs_tax":[],"class_list":["post-349860","post","type-post","status-publish","format-standard","has-post-thumbnail","hentry","category-altos-de-chavon-es","category-arte-y-cultura","category-moda-es","category-republica-dominicana-2","tag-altos-de-chavon-es","tag-arte","tag-cine","tag-escuela-de-diseno","tag-featured-topview-es","tag-ilustracion","tag-moda","tag-urbano","entry"],"yoast_head":"<!-- This site is optimized with the Yoast SEO plugin v27.5 - https:\/\/yoast.com\/product\/yoast-seo-wordpress\/ -->\n<title>Los pensamientos de Stephen Kaplan sobre el futuro de la Escuela de Dise\u00f1o de Chav\u00f3n | Casa de Campo Living<\/title>\n<meta name=\"description\" content=\"A medida que el a\u00f1o escolar llega a su fin, y celebramos la 32\u00ba &nbsp;graduaci\u00f3n de los estudiantes de la Escuela de Dise\u00f1o de Altos de Chav\u00f3n,\" \/>\n<meta name=\"robots\" content=\"index, follow, max-snippet:-1, max-image-preview:large, max-video-preview:-1\" \/>\n<link rel=\"canonical\" href=\"https:\/\/casadecampoliving.com\/es\/pensamientos-de-stephen-kaplan-sobre-escuela-de-diseno-chavon\/\" \/>\n<meta property=\"og:locale\" content=\"es_ES\" \/>\n<meta property=\"og:type\" content=\"article\" \/>\n<meta property=\"og:title\" content=\"Los pensamientos de Stephen Kaplan sobre el futuro de la Escuela de Dise\u00f1o de Chav\u00f3n | Casa de Campo Living\" \/>\n<meta property=\"og:description\" content=\"A medida que el a\u00f1o escolar llega a su fin, y celebramos la 32\u00ba &nbsp;graduaci\u00f3n de los estudiantes de la Escuela de Dise\u00f1o de Altos de Chav\u00f3n,\" \/>\n<meta property=\"og:url\" content=\"https:\/\/casadecampoliving.com\/es\/pensamientos-de-stephen-kaplan-sobre-escuela-de-diseno-chavon\/\" \/>\n<meta property=\"og:site_name\" content=\"Casa de Campo Living\" \/>\n<meta property=\"article:publisher\" content=\"https:\/\/www.facebook.com\/casadecampoliving\" \/>\n<meta property=\"article:published_time\" content=\"2016-05-23T04:00:00+00:00\" \/>\n<meta property=\"article:modified_time\" content=\"2022-10-21T22:58:54+00:00\" \/>\n<meta property=\"og:image\" content=\"https:\/\/i0.wp.com\/casadecampoliving.com\/wp-content\/uploads\/2022\/10\/2016-05-23-5-e1464018668281.jpg?fit=1000%2C750&ssl=1\" \/>\n\t<meta property=\"og:image:width\" content=\"1000\" \/>\n\t<meta property=\"og:image:height\" content=\"750\" \/>\n\t<meta property=\"og:image:type\" content=\"image\/jpeg\" \/>\n<meta name=\"author\" content=\"Stephen Kaplan\" \/>\n<meta name=\"twitter:card\" content=\"summary_large_image\" \/>\n<meta name=\"twitter:creator\" content=\"@cdcliving\" \/>\n<meta name=\"twitter:site\" content=\"@cdcliving\" \/>\n<meta name=\"twitter:label1\" content=\"Escrito por\" \/>\n\t<meta name=\"twitter:data1\" content=\"Stephen Kaplan\" \/>\n\t<meta name=\"twitter:label2\" content=\"Tiempo de lectura\" \/>\n\t<meta name=\"twitter:data2\" content=\"7 minutos\" \/>\n<script type=\"application\/ld+json\" class=\"yoast-schema-graph\">{\"@context\":\"https:\\\/\\\/schema.org\",\"@graph\":[{\"@type\":\"Article\",\"@id\":\"https:\\\/\\\/casadecampoliving.com\\\/es\\\/pensamientos-de-stephen-kaplan-sobre-escuela-de-diseno-chavon\\\/#article\",\"isPartOf\":{\"@id\":\"https:\\\/\\\/casadecampoliving.com\\\/es\\\/pensamientos-de-stephen-kaplan-sobre-escuela-de-diseno-chavon\\\/\"},\"author\":{\"name\":\"Stephen Kaplan\",\"@id\":\"https:\\\/\\\/casadecampoliving.com\\\/es\\\/#\\\/schema\\\/person\\\/25d6246d62686cbe149341472dfe4b56\"},\"headline\":\"Los pensamientos de Stephen Kaplan sobre el futuro de la Escuela de Dise\u00f1o de Chav\u00f3n\",\"datePublished\":\"2016-05-23T04:00:00+00:00\",\"dateModified\":\"2022-10-21T22:58:54+00:00\",\"mainEntityOfPage\":{\"@id\":\"https:\\\/\\\/casadecampoliving.com\\\/es\\\/pensamientos-de-stephen-kaplan-sobre-escuela-de-diseno-chavon\\\/\"},\"wordCount\":1373,\"publisher\":{\"@id\":\"https:\\\/\\\/casadecampoliving.com\\\/es\\\/#organization\"},\"image\":{\"@id\":\"https:\\\/\\\/casadecampoliving.com\\\/es\\\/pensamientos-de-stephen-kaplan-sobre-escuela-de-diseno-chavon\\\/#primaryimage\"},\"thumbnailUrl\":\"https:\\\/\\\/i0.wp.com\\\/casadecampoliving.com\\\/wp-content\\\/uploads\\\/2022\\\/10\\\/2016-05-23-5-e1464018668281.jpg?fit=1000%2C750&ssl=1\",\"keywords\":[\"Altos de Chavon\",\"arte\",\"cine\",\"escuela de dise\u00f1o\",\"Featured-TopView @es\",\"ilustracion\",\"moda\",\"urbano\"],\"articleSection\":[\"Altos de Chavon @es\",\"Arte y cultura\",\"Moda\",\"Rep\u00fablica Dominicana @es\"],\"inLanguage\":\"es\"},{\"@type\":\"WebPage\",\"@id\":\"https:\\\/\\\/casadecampoliving.com\\\/es\\\/pensamientos-de-stephen-kaplan-sobre-escuela-de-diseno-chavon\\\/\",\"url\":\"https:\\\/\\\/casadecampoliving.com\\\/es\\\/pensamientos-de-stephen-kaplan-sobre-escuela-de-diseno-chavon\\\/\",\"name\":\"Los pensamientos de Stephen Kaplan sobre el futuro de la Escuela de Dise\u00f1o de Chav\u00f3n | Casa de Campo Living\",\"isPartOf\":{\"@id\":\"https:\\\/\\\/casadecampoliving.com\\\/es\\\/#website\"},\"primaryImageOfPage\":{\"@id\":\"https:\\\/\\\/casadecampoliving.com\\\/es\\\/pensamientos-de-stephen-kaplan-sobre-escuela-de-diseno-chavon\\\/#primaryimage\"},\"image\":{\"@id\":\"https:\\\/\\\/casadecampoliving.com\\\/es\\\/pensamientos-de-stephen-kaplan-sobre-escuela-de-diseno-chavon\\\/#primaryimage\"},\"thumbnailUrl\":\"https:\\\/\\\/i0.wp.com\\\/casadecampoliving.com\\\/wp-content\\\/uploads\\\/2022\\\/10\\\/2016-05-23-5-e1464018668281.jpg?fit=1000%2C750&ssl=1\",\"datePublished\":\"2016-05-23T04:00:00+00:00\",\"dateModified\":\"2022-10-21T22:58:54+00:00\",\"description\":\"A medida que el a\u00f1o escolar llega a su fin, y celebramos la 32\u00ba &nbsp;graduaci\u00f3n de los estudiantes de la Escuela de Dise\u00f1o de Altos de Chav\u00f3n,\",\"breadcrumb\":{\"@id\":\"https:\\\/\\\/casadecampoliving.com\\\/es\\\/pensamientos-de-stephen-kaplan-sobre-escuela-de-diseno-chavon\\\/#breadcrumb\"},\"inLanguage\":\"es\",\"potentialAction\":[{\"@type\":\"ReadAction\",\"target\":[\"https:\\\/\\\/casadecampoliving.com\\\/es\\\/pensamientos-de-stephen-kaplan-sobre-escuela-de-diseno-chavon\\\/\"]}]},{\"@type\":\"ImageObject\",\"inLanguage\":\"es\",\"@id\":\"https:\\\/\\\/casadecampoliving.com\\\/es\\\/pensamientos-de-stephen-kaplan-sobre-escuela-de-diseno-chavon\\\/#primaryimage\",\"url\":\"https:\\\/\\\/i0.wp.com\\\/casadecampoliving.com\\\/wp-content\\\/uploads\\\/2022\\\/10\\\/2016-05-23-5-e1464018668281.jpg?fit=1000%2C750&ssl=1\",\"contentUrl\":\"https:\\\/\\\/i0.wp.com\\\/casadecampoliving.com\\\/wp-content\\\/uploads\\\/2022\\\/10\\\/2016-05-23-5-e1464018668281.jpg?fit=1000%2C750&ssl=1\",\"width\":1000,\"height\":750},{\"@type\":\"BreadcrumbList\",\"@id\":\"https:\\\/\\\/casadecampoliving.com\\\/es\\\/pensamientos-de-stephen-kaplan-sobre-escuela-de-diseno-chavon\\\/#breadcrumb\",\"itemListElement\":[{\"@type\":\"ListItem\",\"position\":1,\"name\":\"Home\",\"item\":\"https:\\\/\\\/casadecampoliving.com\\\/es\\\/\"},{\"@type\":\"ListItem\",\"position\":2,\"name\":\"Los pensamientos de Stephen Kaplan sobre el futuro de la Escuela de Dise\u00f1o de Chav\u00f3n\"}]},{\"@type\":\"WebSite\",\"@id\":\"https:\\\/\\\/casadecampoliving.com\\\/es\\\/#website\",\"url\":\"https:\\\/\\\/casadecampoliving.com\\\/es\\\/\",\"name\":\"Casa de Campo Living\",\"description\":\"Resort community news and resources.\",\"publisher\":{\"@id\":\"https:\\\/\\\/casadecampoliving.com\\\/es\\\/#organization\"},\"potentialAction\":[{\"@type\":\"SearchAction\",\"target\":{\"@type\":\"EntryPoint\",\"urlTemplate\":\"https:\\\/\\\/casadecampoliving.com\\\/es\\\/?s={search_term_string}\"},\"query-input\":{\"@type\":\"PropertyValueSpecification\",\"valueRequired\":true,\"valueName\":\"search_term_string\"}}],\"inLanguage\":\"es\"},{\"@type\":\"Organization\",\"@id\":\"https:\\\/\\\/casadecampoliving.com\\\/es\\\/#organization\",\"name\":\"Casa de Campo Living\",\"url\":\"https:\\\/\\\/casadecampoliving.com\\\/es\\\/\",\"logo\":{\"@type\":\"ImageObject\",\"inLanguage\":\"es\",\"@id\":\"https:\\\/\\\/casadecampoliving.com\\\/es\\\/#\\\/schema\\\/logo\\\/image\\\/\",\"url\":\"https:\\\/\\\/i0.wp.com\\\/casadecampoliving.com\\\/wp-content\\\/uploads\\\/2022\\\/07\\\/CDCLivingLogo_V1-white-sized.png?fit=800%2C214&ssl=1\",\"contentUrl\":\"https:\\\/\\\/i0.wp.com\\\/casadecampoliving.com\\\/wp-content\\\/uploads\\\/2022\\\/07\\\/CDCLivingLogo_V1-white-sized.png?fit=800%2C214&ssl=1\",\"width\":800,\"height\":214,\"caption\":\"Casa de Campo Living\"},\"image\":{\"@id\":\"https:\\\/\\\/casadecampoliving.com\\\/es\\\/#\\\/schema\\\/logo\\\/image\\\/\"},\"sameAs\":[\"https:\\\/\\\/www.facebook.com\\\/casadecampoliving\",\"https:\\\/\\\/x.com\\\/cdcliving\"]},{\"@type\":\"Person\",\"@id\":\"https:\\\/\\\/casadecampoliving.com\\\/es\\\/#\\\/schema\\\/person\\\/25d6246d62686cbe149341472dfe4b56\",\"name\":\"Stephen Kaplan\",\"image\":{\"@type\":\"ImageObject\",\"inLanguage\":\"es\",\"@id\":\"https:\\\/\\\/secure.gravatar.com\\\/avatar\\\/07d7f29ebb334ea2572cd6fdbd54b9f649ba89f12b29ba4ab104ed95983e4145?s=96&d=mm&r=g\",\"url\":\"https:\\\/\\\/secure.gravatar.com\\\/avatar\\\/07d7f29ebb334ea2572cd6fdbd54b9f649ba89f12b29ba4ab104ed95983e4145?s=96&d=mm&r=g\",\"contentUrl\":\"https:\\\/\\\/secure.gravatar.com\\\/avatar\\\/07d7f29ebb334ea2572cd6fdbd54b9f649ba89f12b29ba4ab104ed95983e4145?s=96&d=mm&r=g\",\"caption\":\"Stephen Kaplan\"},\"url\":\"https:\\\/\\\/casadecampoliving.com\\\/es\\\/author\\\/stevenkaplan\\\/\"}]}<\/script>\n<!-- \/ Yoast SEO plugin. -->","yoast_head_json":{"title":"Los pensamientos de Stephen Kaplan sobre el futuro de la Escuela de Dise\u00f1o de Chav\u00f3n | Casa de Campo Living","description":"A medida que el a\u00f1o escolar llega a su fin, y celebramos la 32\u00ba &nbsp;graduaci\u00f3n de los estudiantes de la Escuela de Dise\u00f1o de Altos de Chav\u00f3n,","robots":{"index":"index","follow":"follow","max-snippet":"max-snippet:-1","max-image-preview":"max-image-preview:large","max-video-preview":"max-video-preview:-1"},"canonical":"https:\/\/casadecampoliving.com\/es\/pensamientos-de-stephen-kaplan-sobre-escuela-de-diseno-chavon\/","og_locale":"es_ES","og_type":"article","og_title":"Los pensamientos de Stephen Kaplan sobre el futuro de la Escuela de Dise\u00f1o de Chav\u00f3n | Casa de Campo Living","og_description":"A medida que el a\u00f1o escolar llega a su fin, y celebramos la 32\u00ba &nbsp;graduaci\u00f3n de los estudiantes de la Escuela de Dise\u00f1o de Altos de Chav\u00f3n,","og_url":"https:\/\/casadecampoliving.com\/es\/pensamientos-de-stephen-kaplan-sobre-escuela-de-diseno-chavon\/","og_site_name":"Casa de Campo Living","article_publisher":"https:\/\/www.facebook.com\/casadecampoliving","article_published_time":"2016-05-23T04:00:00+00:00","article_modified_time":"2022-10-21T22:58:54+00:00","og_image":[{"width":1000,"height":750,"url":"https:\/\/i0.wp.com\/casadecampoliving.com\/wp-content\/uploads\/2022\/10\/2016-05-23-5-e1464018668281.jpg?fit=1000%2C750&ssl=1","type":"image\/jpeg"}],"author":"Stephen Kaplan","twitter_card":"summary_large_image","twitter_creator":"@cdcliving","twitter_site":"@cdcliving","twitter_misc":{"Escrito por":"Stephen Kaplan","Tiempo de lectura":"7 minutos"},"schema":{"@context":"https:\/\/schema.org","@graph":[{"@type":"Article","@id":"https:\/\/casadecampoliving.com\/es\/pensamientos-de-stephen-kaplan-sobre-escuela-de-diseno-chavon\/#article","isPartOf":{"@id":"https:\/\/casadecampoliving.com\/es\/pensamientos-de-stephen-kaplan-sobre-escuela-de-diseno-chavon\/"},"author":{"name":"Stephen Kaplan","@id":"https:\/\/casadecampoliving.com\/es\/#\/schema\/person\/25d6246d62686cbe149341472dfe4b56"},"headline":"Los pensamientos de Stephen Kaplan sobre el futuro de la Escuela de Dise\u00f1o de Chav\u00f3n","datePublished":"2016-05-23T04:00:00+00:00","dateModified":"2022-10-21T22:58:54+00:00","mainEntityOfPage":{"@id":"https:\/\/casadecampoliving.com\/es\/pensamientos-de-stephen-kaplan-sobre-escuela-de-diseno-chavon\/"},"wordCount":1373,"publisher":{"@id":"https:\/\/casadecampoliving.com\/es\/#organization"},"image":{"@id":"https:\/\/casadecampoliving.com\/es\/pensamientos-de-stephen-kaplan-sobre-escuela-de-diseno-chavon\/#primaryimage"},"thumbnailUrl":"https:\/\/i0.wp.com\/casadecampoliving.com\/wp-content\/uploads\/2022\/10\/2016-05-23-5-e1464018668281.jpg?fit=1000%2C750&ssl=1","keywords":["Altos de Chavon","arte","cine","escuela de dise\u00f1o","Featured-TopView @es","ilustracion","moda","urbano"],"articleSection":["Altos de Chavon @es","Arte y cultura","Moda","Rep\u00fablica Dominicana @es"],"inLanguage":"es"},{"@type":"WebPage","@id":"https:\/\/casadecampoliving.com\/es\/pensamientos-de-stephen-kaplan-sobre-escuela-de-diseno-chavon\/","url":"https:\/\/casadecampoliving.com\/es\/pensamientos-de-stephen-kaplan-sobre-escuela-de-diseno-chavon\/","name":"Los pensamientos de Stephen Kaplan sobre el futuro de la Escuela de Dise\u00f1o de Chav\u00f3n | Casa de Campo Living","isPartOf":{"@id":"https:\/\/casadecampoliving.com\/es\/#website"},"primaryImageOfPage":{"@id":"https:\/\/casadecampoliving.com\/es\/pensamientos-de-stephen-kaplan-sobre-escuela-de-diseno-chavon\/#primaryimage"},"image":{"@id":"https:\/\/casadecampoliving.com\/es\/pensamientos-de-stephen-kaplan-sobre-escuela-de-diseno-chavon\/#primaryimage"},"thumbnailUrl":"https:\/\/i0.wp.com\/casadecampoliving.com\/wp-content\/uploads\/2022\/10\/2016-05-23-5-e1464018668281.jpg?fit=1000%2C750&ssl=1","datePublished":"2016-05-23T04:00:00+00:00","dateModified":"2022-10-21T22:58:54+00:00","description":"A medida que el a\u00f1o escolar llega a su fin, y celebramos la 32\u00ba &nbsp;graduaci\u00f3n de los estudiantes de la Escuela de Dise\u00f1o de Altos de Chav\u00f3n,","breadcrumb":{"@id":"https:\/\/casadecampoliving.com\/es\/pensamientos-de-stephen-kaplan-sobre-escuela-de-diseno-chavon\/#breadcrumb"},"inLanguage":"es","potentialAction":[{"@type":"ReadAction","target":["https:\/\/casadecampoliving.com\/es\/pensamientos-de-stephen-kaplan-sobre-escuela-de-diseno-chavon\/"]}]},{"@type":"ImageObject","inLanguage":"es","@id":"https:\/\/casadecampoliving.com\/es\/pensamientos-de-stephen-kaplan-sobre-escuela-de-diseno-chavon\/#primaryimage","url":"https:\/\/i0.wp.com\/casadecampoliving.com\/wp-content\/uploads\/2022\/10\/2016-05-23-5-e1464018668281.jpg?fit=1000%2C750&ssl=1","contentUrl":"https:\/\/i0.wp.com\/casadecampoliving.com\/wp-content\/uploads\/2022\/10\/2016-05-23-5-e1464018668281.jpg?fit=1000%2C750&ssl=1","width":1000,"height":750},{"@type":"BreadcrumbList","@id":"https:\/\/casadecampoliving.com\/es\/pensamientos-de-stephen-kaplan-sobre-escuela-de-diseno-chavon\/#breadcrumb","itemListElement":[{"@type":"ListItem","position":1,"name":"Home","item":"https:\/\/casadecampoliving.com\/es\/"},{"@type":"ListItem","position":2,"name":"Los pensamientos de Stephen Kaplan sobre el futuro de la Escuela de Dise\u00f1o de Chav\u00f3n"}]},{"@type":"WebSite","@id":"https:\/\/casadecampoliving.com\/es\/#website","url":"https:\/\/casadecampoliving.com\/es\/","name":"Casa de Campo Living","description":"Resort community news and resources.","publisher":{"@id":"https:\/\/casadecampoliving.com\/es\/#organization"},"potentialAction":[{"@type":"SearchAction","target":{"@type":"EntryPoint","urlTemplate":"https:\/\/casadecampoliving.com\/es\/?s={search_term_string}"},"query-input":{"@type":"PropertyValueSpecification","valueRequired":true,"valueName":"search_term_string"}}],"inLanguage":"es"},{"@type":"Organization","@id":"https:\/\/casadecampoliving.com\/es\/#organization","name":"Casa de Campo Living","url":"https:\/\/casadecampoliving.com\/es\/","logo":{"@type":"ImageObject","inLanguage":"es","@id":"https:\/\/casadecampoliving.com\/es\/#\/schema\/logo\/image\/","url":"https:\/\/i0.wp.com\/casadecampoliving.com\/wp-content\/uploads\/2022\/07\/CDCLivingLogo_V1-white-sized.png?fit=800%2C214&ssl=1","contentUrl":"https:\/\/i0.wp.com\/casadecampoliving.com\/wp-content\/uploads\/2022\/07\/CDCLivingLogo_V1-white-sized.png?fit=800%2C214&ssl=1","width":800,"height":214,"caption":"Casa de Campo Living"},"image":{"@id":"https:\/\/casadecampoliving.com\/es\/#\/schema\/logo\/image\/"},"sameAs":["https:\/\/www.facebook.com\/casadecampoliving","https:\/\/x.com\/cdcliving"]},{"@type":"Person","@id":"https:\/\/casadecampoliving.com\/es\/#\/schema\/person\/25d6246d62686cbe149341472dfe4b56","name":"Stephen Kaplan","image":{"@type":"ImageObject","inLanguage":"es","@id":"https:\/\/secure.gravatar.com\/avatar\/07d7f29ebb334ea2572cd6fdbd54b9f649ba89f12b29ba4ab104ed95983e4145?s=96&d=mm&r=g","url":"https:\/\/secure.gravatar.com\/avatar\/07d7f29ebb334ea2572cd6fdbd54b9f649ba89f12b29ba4ab104ed95983e4145?s=96&d=mm&r=g","contentUrl":"https:\/\/secure.gravatar.com\/avatar\/07d7f29ebb334ea2572cd6fdbd54b9f649ba89f12b29ba4ab104ed95983e4145?s=96&d=mm&r=g","caption":"Stephen Kaplan"},"url":"https:\/\/casadecampoliving.com\/es\/author\/stevenkaplan\/"}]}},"parsely":{"version":"1.1.0","canonical_url":"https:\/\/casadecampoliving.com\/es\/pensamientos-de-stephen-kaplan-sobre-escuela-de-diseno-chavon\/","smart_links":{"inbound":0,"outbound":0},"traffic_boost_suggestions_count":0,"meta":{"@context":"https:\/\/schema.org","@type":"NewsArticle","headline":"Los pensamientos de Stephen Kaplan sobre el futuro de la Escuela de Dise\u00f1o de Chav\u00f3n","url":"http:\/\/casadecampoliving.com\/es\/pensamientos-de-stephen-kaplan-sobre-escuela-de-diseno-chavon\/","mainEntityOfPage":{"@type":"WebPage","@id":"http:\/\/casadecampoliving.com\/es\/pensamientos-de-stephen-kaplan-sobre-escuela-de-diseno-chavon\/"},"thumbnailUrl":"https:\/\/i0.wp.com\/casadecampoliving.com\/wp-content\/uploads\/2022\/10\/2016-05-23-5-e1464018668281.jpg?resize=150%2C150&ssl=1","image":{"@type":"ImageObject","url":"https:\/\/i0.wp.com\/casadecampoliving.com\/wp-content\/uploads\/2022\/10\/2016-05-23-5-e1464018668281.jpg?fit=1000%2C750&ssl=1"},"articleSection":"Altos de Chavon @es","author":[{"@type":"Person","name":"Stephen Kaplan"}],"creator":["Stephen Kaplan"],"publisher":{"@type":"Organization","name":"Casa de Campo Living","logo":"https:\/\/casadecampoliving.com\/wp-content\/uploads\/2022\/07\/CDCLivingLogo_V1-white-sized.png"},"keywords":["altos de chavon","arte","cine","escuela de dise\u00f1o","featured-topview @es","ilustracion","moda","urbano"],"dateCreated":"2016-05-23T04:00:00Z","datePublished":"2016-05-23T04:00:00Z","dateModified":"2022-10-21T22:58:54Z"},"rendered":"<script type=\"application\/ld+json\" class=\"wp-parsely-metadata\">{\"@context\":\"https:\\\/\\\/schema.org\",\"@type\":\"NewsArticle\",\"headline\":\"Los pensamientos de Stephen Kaplan sobre el futuro de la Escuela de Dise\\u00f1o de Chav\\u00f3n\",\"url\":\"http:\\\/\\\/casadecampoliving.com\\\/es\\\/pensamientos-de-stephen-kaplan-sobre-escuela-de-diseno-chavon\\\/\",\"mainEntityOfPage\":{\"@type\":\"WebPage\",\"@id\":\"http:\\\/\\\/casadecampoliving.com\\\/es\\\/pensamientos-de-stephen-kaplan-sobre-escuela-de-diseno-chavon\\\/\"},\"thumbnailUrl\":\"https:\\\/\\\/i0.wp.com\\\/casadecampoliving.com\\\/wp-content\\\/uploads\\\/2022\\\/10\\\/2016-05-23-5-e1464018668281.jpg?resize=150%2C150&ssl=1\",\"image\":{\"@type\":\"ImageObject\",\"url\":\"https:\\\/\\\/i0.wp.com\\\/casadecampoliving.com\\\/wp-content\\\/uploads\\\/2022\\\/10\\\/2016-05-23-5-e1464018668281.jpg?fit=1000%2C750&ssl=1\"},\"articleSection\":\"Altos de Chavon @es\",\"author\":[{\"@type\":\"Person\",\"name\":\"Stephen Kaplan\"}],\"creator\":[\"Stephen Kaplan\"],\"publisher\":{\"@type\":\"Organization\",\"name\":\"Casa de Campo Living\",\"logo\":\"https:\\\/\\\/casadecampoliving.com\\\/wp-content\\\/uploads\\\/2022\\\/07\\\/CDCLivingLogo_V1-white-sized.png\"},\"keywords\":[\"altos de chavon\",\"arte\",\"cine\",\"escuela de dise\\u00f1o\",\"featured-topview @es\",\"ilustracion\",\"moda\",\"urbano\"],\"dateCreated\":\"2016-05-23T04:00:00Z\",\"datePublished\":\"2016-05-23T04:00:00Z\",\"dateModified\":\"2022-10-21T22:58:54Z\"}<\/script>","tracker_url":"https:\/\/cdn.parsely.com\/keys\/casadecampoliving.com\/p.js"},"jetpack_publicize_connections":[],"jetpack_featured_media_url":"https:\/\/i0.wp.com\/casadecampoliving.com\/wp-content\/uploads\/2022\/10\/2016-05-23-5-e1464018668281.jpg?fit=1000%2C750&ssl=1","jetpack-related-posts":[{"id":350407,"url":"https:\/\/casadecampoliving.com\/es\/cursos-intensivos-verano-la-escuela-de-diseno-altos-de-chavon\/","url_meta":{"origin":349860,"position":0},"title":"\u00a1Inscr\u00edbase en los cursos intensivos de verano de la Escuela de Dise\u00f1o Altos de Chav\u00f3n que contin\u00faan ma\u00f1ana!","author":"Marlenys Guzm\u00e1n Casta\u00f1os","date":"21 Ago, 2016","format":false,"excerpt":"Junto a sus talleres de Chav\u00f3n Verano Internacional, la Escuela de Dise\u00f1o de Altos de Chav\u00f3n tambi\u00e9n estar\u00e1 realizando\u00a0sus cursos intensivos de 3 d\u00edas dise\u00f1ados para desarrollar las t\u00e9cnicas y habilidades de los estudiantes adem\u00e1s de su creatividad. Los cursos comenzaron Viernes 19 de agosto y cubrir\u00e1n una variedad de\u2026","rel":"","context":"En \u00abAltos de Chavon @es\u00bb","block_context":{"text":"Altos de Chavon @es","link":"https:\/\/casadecampoliving.com\/category\/altos-de-chavon-es\/"},"img":{"alt_text":"Chav\u00f3n School of Design","src":"https:\/\/i0.wp.com\/casadecampoliving.com\/wp-content\/uploads\/2022\/10\/IMG_1093-e1471784561774.jpg?fit=1000%2C667&ssl=1&resize=350%2C200","width":350,"height":200,"srcset":"https:\/\/i0.wp.com\/casadecampoliving.com\/wp-content\/uploads\/2022\/10\/IMG_1093-e1471784561774.jpg?fit=1000%2C667&ssl=1&resize=350%2C200 1x, https:\/\/i0.wp.com\/casadecampoliving.com\/wp-content\/uploads\/2022\/10\/IMG_1093-e1471784561774.jpg?fit=1000%2C667&ssl=1&resize=525%2C300 1.5x, https:\/\/i0.wp.com\/casadecampoliving.com\/wp-content\/uploads\/2022\/10\/IMG_1093-e1471784561774.jpg?fit=1000%2C667&ssl=1&resize=700%2C400 2x"},"classes":[]},{"id":349870,"url":"https:\/\/casadecampoliving.com\/es\/graduacion-2016-escuela-de-diseno\/","url_meta":{"origin":349860,"position":1},"title":"\u00a1Felicitaciones a los graduandos de la Escuela de Dise\u00f1o Altos de Chav\u00f3n 2016!","author":"Heather Lincoln","date":"25 May, 2016","format":false,"excerpt":"Los estudiantes de la Escuela de Dise\u00f1o de Altos de Chav\u00f3n se reunieron en la Plaza Chav\u00f3n en una tarde c\u00e1lida y soleada el viernes 13 para celebrar su graduaci\u00f3n. Desde las dos de la tarde, los estudiantes se congregaron en torno a la iglesia de San Estanislao para el\u2026","rel":"","context":"En \u00abAltos de Chavon @es\u00bb","block_context":{"text":"Altos de Chavon @es","link":"https:\/\/casadecampoliving.com\/category\/altos-de-chavon-es\/"},"img":{"alt_text":"Altos de Chav\u00f3n School of Design Graduation 2016","src":"https:\/\/i0.wp.com\/casadecampoliving.com\/wp-content\/uploads\/2022\/10\/Graduacion_XXXII-31-e1464128368892.jpg?fit=1000%2C667&ssl=1&resize=350%2C200","width":350,"height":200,"srcset":"https:\/\/i0.wp.com\/casadecampoliving.com\/wp-content\/uploads\/2022\/10\/Graduacion_XXXII-31-e1464128368892.jpg?fit=1000%2C667&ssl=1&resize=350%2C200 1x, https:\/\/i0.wp.com\/casadecampoliving.com\/wp-content\/uploads\/2022\/10\/Graduacion_XXXII-31-e1464128368892.jpg?fit=1000%2C667&ssl=1&resize=525%2C300 1.5x, https:\/\/i0.wp.com\/casadecampoliving.com\/wp-content\/uploads\/2022\/10\/Graduacion_XXXII-31-e1464128368892.jpg?fit=1000%2C667&ssl=1&resize=700%2C400 2x"},"classes":[]},{"id":350325,"url":"https:\/\/casadecampoliving.com\/es\/nuevos-cursos-chavon-verano-internacional-15-de-agosto\/","url_meta":{"origin":349860,"position":2},"title":"\u00a1No se pierdan los nuevos cursos de Chav\u00f3n Verano Internacional en Arte &#038; Cine que comienzan el 15 de agosto!","author":"Marlenys Guzm\u00e1n Casta\u00f1os","date":"6 Ago, 2016","format":false,"excerpt":"\u00a1Un nuevo mes trae consigo nuevos cursos\u00a0de Chav\u00f3n Verano Internacional! La mayor\u00eda de ustedes saben que la Escuela de Dise\u00f1o de aqu\u00ed en Altos de Chav\u00f3n estar\u00e1 ofreciendo una nueva carrera de este nuevo a\u00f1o\u00a0que se centra en cine. Stephen Kaplan, director de la escuela, habl\u00f3 de esto hace un\u2026","rel":"","context":"En \u00abAltos de Chavon @es\u00bb","block_context":{"text":"Altos de Chavon @es","link":"https:\/\/casadecampoliving.com\/category\/altos-de-chavon-es\/"},"img":{"alt_text":"Chav\u00f3n School of Design","src":"https:\/\/i0.wp.com\/casadecampoliving.com\/wp-content\/uploads\/2022\/10\/Chavon_School_of_Design_film.jpg?fit=1000%2C582&ssl=1&resize=350%2C200","width":350,"height":200,"srcset":"https:\/\/i0.wp.com\/casadecampoliving.com\/wp-content\/uploads\/2022\/10\/Chavon_School_of_Design_film.jpg?fit=1000%2C582&ssl=1&resize=350%2C200 1x, https:\/\/i0.wp.com\/casadecampoliving.com\/wp-content\/uploads\/2022\/10\/Chavon_School_of_Design_film.jpg?fit=1000%2C582&ssl=1&resize=525%2C300 1.5x, https:\/\/i0.wp.com\/casadecampoliving.com\/wp-content\/uploads\/2022\/10\/Chavon_School_of_Design_film.jpg?fit=1000%2C582&ssl=1&resize=700%2C400 2x"},"classes":[]},{"id":340978,"url":"https:\/\/casadecampoliving.com\/es\/melanie-reim-un-tornado-de-profesora-en-chavon-por-stephen-kaplan\/","url_meta":{"origin":349860,"position":3},"title":"Melanie Reim: Un tornado de profesora en Chav\u00f3n por Stephen Kaplan","author":"Maria Batlle","date":"16 Abr, 2013","format":false,"excerpt":"Este a\u00f1o el Programa de Interim de enero en Altos de Chav\u00f3n Escuela de Arte y Dise\u00f1o tuvo un curso que sobresali\u00f3 bastante: la clase de dibujo de Melanie Reim. Un \u00e9xito rotundo, con m\u00e1s de 27 estudiantes y su propio modelo \u2013 Douglas, un mimo de Portland, Maine \u2013\u2026","rel":"","context":"En \u00abAltos de Chavon @es\u00bb","block_context":{"text":"Altos de Chavon @es","link":"https:\/\/casadecampoliving.com\/category\/altos-de-chavon-es\/"},"img":{"alt_text":"","src":"https:\/\/i0.wp.com\/casadecampoliving.com\/wp-content\/uploads\/2022\/10\/P10303472-1.jpg?fit=650%2C488&ssl=1&resize=350%2C200","width":350,"height":200,"srcset":"https:\/\/i0.wp.com\/casadecampoliving.com\/wp-content\/uploads\/2022\/10\/P10303472-1.jpg?fit=650%2C488&ssl=1&resize=350%2C200 1x, https:\/\/i0.wp.com\/casadecampoliving.com\/wp-content\/uploads\/2022\/10\/P10303472-1.jpg?fit=650%2C488&ssl=1&resize=525%2C300 1.5x"},"classes":[]},{"id":340360,"url":"https:\/\/casadecampoliving.com\/es\/os-estudiantes-de-la-escuela-de-arte-y-diseno-de-altos-de-chavon-presentan-un-rediseno-para-el-vino-yellow-tail-por-stephen-kaplan\/","url_meta":{"origin":349860,"position":4},"title":"Los estudiantes de la Escuela de Arte y Dise\u00f1o de Altos de Chav\u00f3n presentan un redise\u00f1o para el vino Yellow Tail &#8211; por Stephen Kaplan","author":"lperdomo","date":"26 Dic, 2012","format":false,"excerpt":"Una de nuestras metas al trabajar con nuestros estudiantes en la Escuela de Arte y \u00a0Dise\u00f1o de Altos de Chav\u00f3n es darles la suficiente preparaci\u00f3n para realizar proyectos de dise\u00f1o del mundo real.\u00a0As\u00ed que cada vez que tenemos la oportunidad de que los estudiantes resuelvan un problema que viene de\u2026","rel":"","context":"En \u00abAltos de Chavon @es\u00bb","block_context":{"text":"Altos de Chavon @es","link":"https:\/\/casadecampoliving.com\/category\/altos-de-chavon-es\/"},"img":{"alt_text":"altos de chavon diseno","src":"https:\/\/i0.wp.com\/casadecampoliving.com\/wp-content\/uploads\/2022\/10\/altos_de_chavon_diseno-1.jpg?fit=612%2C376&ssl=1&resize=350%2C200","width":350,"height":200,"srcset":"https:\/\/i0.wp.com\/casadecampoliving.com\/wp-content\/uploads\/2022\/10\/altos_de_chavon_diseno-1.jpg?fit=612%2C376&ssl=1&resize=350%2C200 1x, https:\/\/i0.wp.com\/casadecampoliving.com\/wp-content\/uploads\/2022\/10\/altos_de_chavon_diseno-1.jpg?fit=612%2C376&ssl=1&resize=525%2C300 1.5x"},"classes":[]},{"id":349797,"url":"https:\/\/casadecampoliving.com\/es\/escuela-de-diseno-chavon-inaugura-nuevo-campus-en-santo-domingo\/","url_meta":{"origin":349860,"position":5},"title":"Nuevo Campus Urbano de La Escuela de Dise\u00f1o Chav\u00f3n en SDQ","author":"Heather Lincoln","date":"12 May, 2016","format":false,"excerpt":"En una instalaci\u00f3n moderna y super amplia, la Escuela de Dise\u00f1o de Altos de Chav\u00f3n inaugur\u00f3 su nuevo campus en Santo Domingo el jueves 21 de abril. Despu\u00e9s de tres d\u00e9cadas en con su campus \u00fanico en Casa de Campo, \u00a0varios programas ser\u00e1n trasladados a la capital este oto\u00f1o para\u2026","rel":"","context":"En \u00abAltos de Chavon @es\u00bb","block_context":{"text":"Altos de Chavon @es","link":"https:\/\/casadecampoliving.com\/category\/altos-de-chavon-es\/"},"img":{"alt_text":"Chav\u00f3n Santo Domingo","src":"https:\/\/i0.wp.com\/casadecampoliving.com\/wp-content\/uploads\/2022\/10\/ChavonSantoDomingo4-1.jpg?fit=1000%2C667&ssl=1&resize=350%2C200","width":350,"height":200,"srcset":"https:\/\/i0.wp.com\/casadecampoliving.com\/wp-content\/uploads\/2022\/10\/ChavonSantoDomingo4-1.jpg?fit=1000%2C667&ssl=1&resize=350%2C200 1x, https:\/\/i0.wp.com\/casadecampoliving.com\/wp-content\/uploads\/2022\/10\/ChavonSantoDomingo4-1.jpg?fit=1000%2C667&ssl=1&resize=525%2C300 1.5x, https:\/\/i0.wp.com\/casadecampoliving.com\/wp-content\/uploads\/2022\/10\/ChavonSantoDomingo4-1.jpg?fit=1000%2C667&ssl=1&resize=700%2C400 2x"},"classes":[]}],"jetpack_sharing_enabled":true,"_links":{"self":[{"href":"https:\/\/casadecampoliving.com\/es\/wp-json\/wp\/v2\/posts\/349860","targetHints":{"allow":["GET"]}}],"collection":[{"href":"https:\/\/casadecampoliving.com\/es\/wp-json\/wp\/v2\/posts"}],"about":[{"href":"https:\/\/casadecampoliving.com\/es\/wp-json\/wp\/v2\/types\/post"}],"author":[{"embeddable":true,"href":"https:\/\/casadecampoliving.com\/es\/wp-json\/wp\/v2\/users\/378"}],"replies":[{"embeddable":true,"href":"https:\/\/casadecampoliving.com\/es\/wp-json\/wp\/v2\/comments?post=349860"}],"version-history":[{"count":1,"href":"https:\/\/casadecampoliving.com\/es\/wp-json\/wp\/v2\/posts\/349860\/revisions"}],"predecessor-version":[{"id":349861,"href":"https:\/\/casadecampoliving.com\/es\/wp-json\/wp\/v2\/posts\/349860\/revisions\/349861"}],"wp:featuredmedia":[{"embeddable":true,"href":"https:\/\/casadecampoliving.com\/es\/wp-json\/wp\/v2\/media\/309156"}],"wp:attachment":[{"href":"https:\/\/casadecampoliving.com\/es\/wp-json\/wp\/v2\/media?parent=349860"}],"wp:term":[{"taxonomy":"category","embeddable":true,"href":"https:\/\/casadecampoliving.com\/es\/wp-json\/wp\/v2\/categories?post=349860"},{"taxonomy":"post_tag","embeddable":true,"href":"https:\/\/casadecampoliving.com\/es\/wp-json\/wp\/v2\/tags?post=349860"},{"taxonomy":"newspack_spnsrs_tax","embeddable":true,"href":"https:\/\/casadecampoliving.com\/es\/wp-json\/wp\/v2\/newspack_spnsrs_tax?post=349860"}],"curies":[{"name":"wp","href":"https:\/\/api.w.org\/{rel}","templated":true}]}}