{"id":349854,"date":"2016-05-22T00:00:00","date_gmt":"2016-05-22T04:00:00","guid":{"rendered":"https:\/\/casadecampoliving.com\/campamento-de-verano-casa-de-campo-2016-proximamente\/"},"modified":"2022-10-21T18:58:44","modified_gmt":"2022-10-21T22:58:44","slug":"campamento-de-verano-casa-de-campo-2016-proximamente","status":"publish","type":"post","link":"https:\/\/casadecampoliving.com\/es\/campamento-de-verano-casa-de-campo-2016-proximamente\/","title":{"rendered":"\u00a1Muchas actividades en Campamento de Verano del Programa familiar de Casa de Campo!"},"content":{"rendered":"\n<p><span style=\"font-weight: 400;\">\u00a1El verano se acerca r\u00e1pidamente! Ya hace calor aqu\u00ed en la Rep\u00fablica Dominicana, \u00a1pero es el clima perfecto para distintas actividades al aire libre como un campamento de verano! Ahora es el momento para que los padres seleccionar los programas al aire libre en los que sus hijos estar\u00e1n involucrados, \u00a1y por suerte para ellos, hay tantas opciones!<\/span><\/p>\n\n\n\n<!--more-->\n\n\n\n<p><span style=\"font-weight: 400;\">Ya les hemos hablado del Campamento Tradicional ASA, el programa de verano de Ki-Ra Centro Holistico, asi como el campamento especializado del FCBEcola que pronto tendra su primer Torneo Internacional fuera de Barcelona aqui en Casa de Campo. \u00a1Ahora les hablaremos del Campamento del departamento de Programas Familiares en Casa de Campo!<\/span><\/p>\n\n\n<div class=\"wp-block-image\">\n<figure class=\"aligncenter is-resized\"><img loading=\"lazy\" decoding=\"async\" src=\"https:\/\/i0.wp.com\/casadecampoliving.com\/wp-content\/uploads\/2022\/10\/Girl-with-Horse.jpg?resize=1000%2C800&amp;ssl=1\" alt=\"Girl with Horse\" class=\"wp-image-119351\" height=\"800\" width=\"1000\"\/><\/figure>\n<\/div>\n\n\n<p><span style=\"font-weight: 400;\">La cantidad de actividades preparadas son incre\u00edbles y son para ni\u00f1os de las edades de 7-13 a\u00f1os. Con todo lo que los ni\u00f1os pueden desear; usted escuchar\u00e1 historias impresionantes de ellos de cuando montaron a caballo, tardes pasadas en la playa, o jugando al f\u00fatbol, baloncesto y tenis. Los ni\u00f1os estar\u00e1n ocupados 8 a.m.-1 p.m. d\u00e1ndole a usted las ma\u00f1anas libres. Adem\u00e1s, para aquellos interesados en el arte, los ni\u00f1os pueden tomar una variedad de cursos en la \u201c<\/span><i><span style=\"font-weight: 400;\">Villa de los Artistas\u201d<\/span><\/i><span style=\"font-weight: 400;\"> Altos de Chav\u00f3n. \u00a1Deje que sus ni\u00f1os sean creativos, disfruten al aire libre y tengan unos recuerdos incre\u00edbles del verano! Solo queda un mes hasta hasta que comience, \u00a1reg\u00edstrese ahora para que sus ni\u00f1os disfruten de un verano lleno de diversi\u00f3n!<\/span><\/p>\n\n\n\n<blockquote><figure><img decoding=\"async\" loading=\"lazy\" class=\"size-full wp-image-119361 aligncenter\" src=\"https:\/\/i0.wp.com\/casadecampoliving.com\/wp-content\/uploads\/2022\/10\/summer-camp-family-Program-e1464013815280-2.jpg?resize=1000%2C1294&amp;ssl=1\" alt=\"Casa de Campo Summer Camp Family Program\" width=\"1000\" height=\"1294\"><\/figure><h3><b>Campamento de Verano Casa de Campo 2016<\/b><\/h3><p><strong>Fechas: <\/strong><\/p><ul>\n<li><span style=\"font-weight: 400;\">27 de junio \u2013 26 de agosto<\/span><\/li>\n<li>Lunes a Viernes, 8:00 a.m. to 1:00 p.m.<\/li>\n<\/ul><p><span style=\"font-weight: 400;\"><strong>Registrarse<\/strong> en Bonche 4 Teens (Al lado del Lago Grill) o llame al 809.523.3333 (ext: 2422 or 2522)<\/span><\/p><p><span style=\"font-weight: 400;\">Precios: <\/span><\/p><ul>\n<li><span style=\"font-weight: 400;\"><strong>Tarifa Semanal:<\/strong> RD$5500.00 | US$120.00<\/span><\/li>\n<li><span style=\"font-weight: 400;\"><strong>Tarifa Diaria:<\/strong> RD$2000.00 | US$44.00<\/span><\/li>\n<\/ul><\/blockquote>\n","protected":false},"excerpt":{"rendered":"<p>\u00a1El verano se acerca r\u00e1pidamente! Ya hace calor aqu\u00ed en la Rep\u00fablica Dominicana, \u00a1pero es el clima perfecto para distintas actividades al aire libre como un campamento de verano! Ahora es el momento para que los padres seleccionar los programas al aire libre en los que sus hijos estar\u00e1n involucrados, \u00a1y por suerte para ellos, [&hellip;]<\/p>\n","protected":false},"author":36683,"featured_media":309045,"comment_status":"closed","ping_status":"closed","sticky":false,"template":"","format":"standard","meta":{"newspack_ads_suppress_ads":false,"newspack_popups_has_disabled_popups":false,"newspack_sponsor_sponsorship_scope":"","newspack_sponsor_native_byline_display":"inherit","newspack_sponsor_native_category_display":"inherit","newspack_sponsor_underwriter_style":"inherit","newspack_sponsor_underwriter_placement":"inherit","_newspack_byline_active":false,"_newspack_byline":"","newspack_hide_updated_date":false,"newspack_show_updated_date":false,"newspack_content_restriction_is_exempt":false,"newspack_featured_image_position":"","newspack_post_subtitle":"","newspack_article_summary_title":"Overview:","newspack_article_summary":"","_jetpack_memberships_contains_paid_content":false,"footnotes":"","jetpack_publicize_message":"","jetpack_publicize_feature_enabled":true,"jetpack_social_post_already_shared":false,"jetpack_social_options":{"image_generator_settings":{"template":"highway","default_image_id":0,"font":"","enabled":false},"version":2},"_wpas_customize_per_network":false},"categories":[26819,2525,2522,26581,2521,26822,2527],"tags":[3058,2536,23815,3626,12971,8676,1307,2637],"newspack_spnsrs_tax":[],"class_list":["post-349854","post","type-post","status-publish","format-standard","has-post-thumbnail","hentry","category-altos-de-chavon-es","category-golf-deportes-es","category-eventos-es","category-la-marina-casa-de-campo","category-republica-dominicana-2","category-resort-casa-de-campo","category-salud","tag-actividades","tag-arte","tag-casa-de-campo-es-17","tag-casa-de-campo-es","tag-diversion","tag-ninos","tag-playa","tag-tenis","entry"],"yoast_head":"<!-- This site is optimized with the Yoast SEO plugin v27.5 - https:\/\/yoast.com\/product\/yoast-seo-wordpress\/ -->\n<title>\u00a1Muchas actividades en Campamento de Verano del Programa familiar de Casa de Campo! | Casa de Campo Living<\/title>\n<meta name=\"description\" content=\"\u00a1El verano se acerca r\u00e1pidamente! Ya hace calor aqu\u00ed en la Rep\u00fablica Dominicana, \u00a1pero es el clima perfecto para distintas actividades al aire libre como\" \/>\n<meta name=\"robots\" content=\"index, follow, max-snippet:-1, max-image-preview:large, max-video-preview:-1\" \/>\n<link rel=\"canonical\" href=\"https:\/\/casadecampoliving.com\/es\/campamento-de-verano-casa-de-campo-2016-proximamente\/\" \/>\n<meta property=\"og:locale\" content=\"es_ES\" \/>\n<meta property=\"og:type\" content=\"article\" \/>\n<meta property=\"og:title\" content=\"\u00a1Muchas actividades en Campamento de Verano del Programa familiar de Casa de Campo! | Casa de Campo Living\" \/>\n<meta property=\"og:description\" content=\"\u00a1El verano se acerca r\u00e1pidamente! Ya hace calor aqu\u00ed en la Rep\u00fablica Dominicana, \u00a1pero es el clima perfecto para distintas actividades al aire libre como\" \/>\n<meta property=\"og:url\" content=\"https:\/\/casadecampoliving.com\/es\/campamento-de-verano-casa-de-campo-2016-proximamente\/\" \/>\n<meta property=\"og:site_name\" content=\"Casa de Campo Living\" \/>\n<meta property=\"article:publisher\" content=\"https:\/\/www.facebook.com\/casadecampoliving\" \/>\n<meta property=\"article:published_time\" content=\"2016-05-22T04:00:00+00:00\" \/>\n<meta property=\"article:modified_time\" content=\"2022-10-21T22:58:44+00:00\" \/>\n<meta property=\"og:image\" content=\"https:\/\/i0.wp.com\/casadecampoliving.com\/wp-content\/uploads\/2022\/10\/Featured-Image-Casa-de-Campo-Summer-Camp-2016.jpg?fit=1000%2C600&ssl=1\" \/>\n\t<meta property=\"og:image:width\" content=\"1000\" \/>\n\t<meta property=\"og:image:height\" content=\"600\" \/>\n\t<meta property=\"og:image:type\" content=\"image\/jpeg\" \/>\n<meta name=\"author\" content=\"Anna Pavilsova\" \/>\n<meta name=\"twitter:card\" content=\"summary_large_image\" \/>\n<meta name=\"twitter:creator\" content=\"@cdcliving\" \/>\n<meta name=\"twitter:site\" content=\"@cdcliving\" \/>\n<meta name=\"twitter:label1\" content=\"Escrito por\" \/>\n\t<meta name=\"twitter:data1\" content=\"Anna Pavilsova\" \/>\n\t<meta name=\"twitter:label2\" content=\"Tiempo de lectura\" \/>\n\t<meta name=\"twitter:data2\" content=\"1 minuto\" \/>\n<script type=\"application\/ld+json\" class=\"yoast-schema-graph\">{\"@context\":\"https:\\\/\\\/schema.org\",\"@graph\":[{\"@type\":\"Article\",\"@id\":\"https:\\\/\\\/casadecampoliving.com\\\/es\\\/campamento-de-verano-casa-de-campo-2016-proximamente\\\/#article\",\"isPartOf\":{\"@id\":\"https:\\\/\\\/casadecampoliving.com\\\/es\\\/campamento-de-verano-casa-de-campo-2016-proximamente\\\/\"},\"author\":{\"name\":\"Anna Pavilsova\",\"@id\":\"https:\\\/\\\/casadecampoliving.com\\\/es\\\/#\\\/schema\\\/person\\\/18471262c056a7d1ee6adbd125d26275\"},\"headline\":\"\u00a1Muchas actividades en Campamento de Verano del Programa familiar de Casa de Campo!\",\"datePublished\":\"2016-05-22T04:00:00+00:00\",\"dateModified\":\"2022-10-21T22:58:44+00:00\",\"mainEntityOfPage\":{\"@id\":\"https:\\\/\\\/casadecampoliving.com\\\/es\\\/campamento-de-verano-casa-de-campo-2016-proximamente\\\/\"},\"wordCount\":310,\"publisher\":{\"@id\":\"https:\\\/\\\/casadecampoliving.com\\\/es\\\/#organization\"},\"image\":{\"@id\":\"https:\\\/\\\/casadecampoliving.com\\\/es\\\/campamento-de-verano-casa-de-campo-2016-proximamente\\\/#primaryimage\"},\"thumbnailUrl\":\"https:\\\/\\\/i0.wp.com\\\/casadecampoliving.com\\\/wp-content\\\/uploads\\\/2022\\\/10\\\/Featured-Image-Casa-de-Campo-Summer-Camp-2016.jpg?fit=1000%2C600&ssl=1\",\"keywords\":[\"actividades\",\"arte\",\"Casa de Campo\",\"casa de campo @es\",\"Diversi\u00f3n\",\"ni\u00f1os\",\"playa\",\"tenis\"],\"articleSection\":[\"Altos de Chavon @es\",\"Deportes\",\"Eventos\",\"La Marina Casa de Campo\",\"Rep\u00fablica Dominicana @es\",\"Resort Casa de Campo\",\"Salud\"],\"inLanguage\":\"es\"},{\"@type\":\"WebPage\",\"@id\":\"https:\\\/\\\/casadecampoliving.com\\\/es\\\/campamento-de-verano-casa-de-campo-2016-proximamente\\\/\",\"url\":\"https:\\\/\\\/casadecampoliving.com\\\/es\\\/campamento-de-verano-casa-de-campo-2016-proximamente\\\/\",\"name\":\"\u00a1Muchas actividades en Campamento de Verano del Programa familiar de Casa de Campo! | Casa de Campo Living\",\"isPartOf\":{\"@id\":\"https:\\\/\\\/casadecampoliving.com\\\/es\\\/#website\"},\"primaryImageOfPage\":{\"@id\":\"https:\\\/\\\/casadecampoliving.com\\\/es\\\/campamento-de-verano-casa-de-campo-2016-proximamente\\\/#primaryimage\"},\"image\":{\"@id\":\"https:\\\/\\\/casadecampoliving.com\\\/es\\\/campamento-de-verano-casa-de-campo-2016-proximamente\\\/#primaryimage\"},\"thumbnailUrl\":\"https:\\\/\\\/i0.wp.com\\\/casadecampoliving.com\\\/wp-content\\\/uploads\\\/2022\\\/10\\\/Featured-Image-Casa-de-Campo-Summer-Camp-2016.jpg?fit=1000%2C600&ssl=1\",\"datePublished\":\"2016-05-22T04:00:00+00:00\",\"dateModified\":\"2022-10-21T22:58:44+00:00\",\"description\":\"\u00a1El verano se acerca r\u00e1pidamente! Ya hace calor aqu\u00ed en la Rep\u00fablica Dominicana, \u00a1pero es el clima perfecto para distintas actividades al aire libre como\",\"breadcrumb\":{\"@id\":\"https:\\\/\\\/casadecampoliving.com\\\/es\\\/campamento-de-verano-casa-de-campo-2016-proximamente\\\/#breadcrumb\"},\"inLanguage\":\"es\",\"potentialAction\":[{\"@type\":\"ReadAction\",\"target\":[\"https:\\\/\\\/casadecampoliving.com\\\/es\\\/campamento-de-verano-casa-de-campo-2016-proximamente\\\/\"]}]},{\"@type\":\"ImageObject\",\"inLanguage\":\"es\",\"@id\":\"https:\\\/\\\/casadecampoliving.com\\\/es\\\/campamento-de-verano-casa-de-campo-2016-proximamente\\\/#primaryimage\",\"url\":\"https:\\\/\\\/i0.wp.com\\\/casadecampoliving.com\\\/wp-content\\\/uploads\\\/2022\\\/10\\\/Featured-Image-Casa-de-Campo-Summer-Camp-2016.jpg?fit=1000%2C600&ssl=1\",\"contentUrl\":\"https:\\\/\\\/i0.wp.com\\\/casadecampoliving.com\\\/wp-content\\\/uploads\\\/2022\\\/10\\\/Featured-Image-Casa-de-Campo-Summer-Camp-2016.jpg?fit=1000%2C600&ssl=1\",\"width\":1000,\"height\":600,\"caption\":\"Featured Image Casa de Campo Summer Camp 2016\"},{\"@type\":\"BreadcrumbList\",\"@id\":\"https:\\\/\\\/casadecampoliving.com\\\/es\\\/campamento-de-verano-casa-de-campo-2016-proximamente\\\/#breadcrumb\",\"itemListElement\":[{\"@type\":\"ListItem\",\"position\":1,\"name\":\"Home\",\"item\":\"https:\\\/\\\/casadecampoliving.com\\\/es\\\/\"},{\"@type\":\"ListItem\",\"position\":2,\"name\":\"\u00a1Muchas actividades en Campamento de Verano del Programa familiar de Casa de Campo!\"}]},{\"@type\":\"WebSite\",\"@id\":\"https:\\\/\\\/casadecampoliving.com\\\/es\\\/#website\",\"url\":\"https:\\\/\\\/casadecampoliving.com\\\/es\\\/\",\"name\":\"Casa de Campo Living\",\"description\":\"Resort community news and resources.\",\"publisher\":{\"@id\":\"https:\\\/\\\/casadecampoliving.com\\\/es\\\/#organization\"},\"potentialAction\":[{\"@type\":\"SearchAction\",\"target\":{\"@type\":\"EntryPoint\",\"urlTemplate\":\"https:\\\/\\\/casadecampoliving.com\\\/es\\\/?s={search_term_string}\"},\"query-input\":{\"@type\":\"PropertyValueSpecification\",\"valueRequired\":true,\"valueName\":\"search_term_string\"}}],\"inLanguage\":\"es\"},{\"@type\":\"Organization\",\"@id\":\"https:\\\/\\\/casadecampoliving.com\\\/es\\\/#organization\",\"name\":\"Casa de Campo Living\",\"url\":\"https:\\\/\\\/casadecampoliving.com\\\/es\\\/\",\"logo\":{\"@type\":\"ImageObject\",\"inLanguage\":\"es\",\"@id\":\"https:\\\/\\\/casadecampoliving.com\\\/es\\\/#\\\/schema\\\/logo\\\/image\\\/\",\"url\":\"https:\\\/\\\/i0.wp.com\\\/casadecampoliving.com\\\/wp-content\\\/uploads\\\/2022\\\/07\\\/CDCLivingLogo_V1-white-sized.png?fit=800%2C214&ssl=1\",\"contentUrl\":\"https:\\\/\\\/i0.wp.com\\\/casadecampoliving.com\\\/wp-content\\\/uploads\\\/2022\\\/07\\\/CDCLivingLogo_V1-white-sized.png?fit=800%2C214&ssl=1\",\"width\":800,\"height\":214,\"caption\":\"Casa de Campo Living\"},\"image\":{\"@id\":\"https:\\\/\\\/casadecampoliving.com\\\/es\\\/#\\\/schema\\\/logo\\\/image\\\/\"},\"sameAs\":[\"https:\\\/\\\/www.facebook.com\\\/casadecampoliving\",\"https:\\\/\\\/x.com\\\/cdcliving\"]},{\"@type\":\"Person\",\"@id\":\"https:\\\/\\\/casadecampoliving.com\\\/es\\\/#\\\/schema\\\/person\\\/18471262c056a7d1ee6adbd125d26275\",\"name\":\"Anna Pavilsova\",\"image\":{\"@type\":\"ImageObject\",\"inLanguage\":\"es\",\"@id\":\"https:\\\/\\\/secure.gravatar.com\\\/avatar\\\/bd0620e5ffaea93e8727c1933c5adb433b77b6b8bf4cff105478c55b61a3e855?s=96&d=mm&r=g\",\"url\":\"https:\\\/\\\/secure.gravatar.com\\\/avatar\\\/bd0620e5ffaea93e8727c1933c5adb433b77b6b8bf4cff105478c55b61a3e855?s=96&d=mm&r=g\",\"contentUrl\":\"https:\\\/\\\/secure.gravatar.com\\\/avatar\\\/bd0620e5ffaea93e8727c1933c5adb433b77b6b8bf4cff105478c55b61a3e855?s=96&d=mm&r=g\",\"caption\":\"Anna Pavilsova\"},\"url\":\"https:\\\/\\\/casadecampoliving.com\\\/es\\\/author\\\/apavilsova\\\/\"}]}<\/script>\n<!-- \/ Yoast SEO plugin. -->","yoast_head_json":{"title":"\u00a1Muchas actividades en Campamento de Verano del Programa familiar de Casa de Campo! | Casa de Campo Living","description":"\u00a1El verano se acerca r\u00e1pidamente! Ya hace calor aqu\u00ed en la Rep\u00fablica Dominicana, \u00a1pero es el clima perfecto para distintas actividades al aire libre como","robots":{"index":"index","follow":"follow","max-snippet":"max-snippet:-1","max-image-preview":"max-image-preview:large","max-video-preview":"max-video-preview:-1"},"canonical":"https:\/\/casadecampoliving.com\/es\/campamento-de-verano-casa-de-campo-2016-proximamente\/","og_locale":"es_ES","og_type":"article","og_title":"\u00a1Muchas actividades en Campamento de Verano del Programa familiar de Casa de Campo! | Casa de Campo Living","og_description":"\u00a1El verano se acerca r\u00e1pidamente! Ya hace calor aqu\u00ed en la Rep\u00fablica Dominicana, \u00a1pero es el clima perfecto para distintas actividades al aire libre como","og_url":"https:\/\/casadecampoliving.com\/es\/campamento-de-verano-casa-de-campo-2016-proximamente\/","og_site_name":"Casa de Campo Living","article_publisher":"https:\/\/www.facebook.com\/casadecampoliving","article_published_time":"2016-05-22T04:00:00+00:00","article_modified_time":"2022-10-21T22:58:44+00:00","og_image":[{"width":1000,"height":600,"url":"https:\/\/i0.wp.com\/casadecampoliving.com\/wp-content\/uploads\/2022\/10\/Featured-Image-Casa-de-Campo-Summer-Camp-2016.jpg?fit=1000%2C600&ssl=1","type":"image\/jpeg"}],"author":"Anna Pavilsova","twitter_card":"summary_large_image","twitter_creator":"@cdcliving","twitter_site":"@cdcliving","twitter_misc":{"Escrito por":"Anna Pavilsova","Tiempo de lectura":"1 minuto"},"schema":{"@context":"https:\/\/schema.org","@graph":[{"@type":"Article","@id":"https:\/\/casadecampoliving.com\/es\/campamento-de-verano-casa-de-campo-2016-proximamente\/#article","isPartOf":{"@id":"https:\/\/casadecampoliving.com\/es\/campamento-de-verano-casa-de-campo-2016-proximamente\/"},"author":{"name":"Anna Pavilsova","@id":"https:\/\/casadecampoliving.com\/es\/#\/schema\/person\/18471262c056a7d1ee6adbd125d26275"},"headline":"\u00a1Muchas actividades en Campamento de Verano del Programa familiar de Casa de Campo!","datePublished":"2016-05-22T04:00:00+00:00","dateModified":"2022-10-21T22:58:44+00:00","mainEntityOfPage":{"@id":"https:\/\/casadecampoliving.com\/es\/campamento-de-verano-casa-de-campo-2016-proximamente\/"},"wordCount":310,"publisher":{"@id":"https:\/\/casadecampoliving.com\/es\/#organization"},"image":{"@id":"https:\/\/casadecampoliving.com\/es\/campamento-de-verano-casa-de-campo-2016-proximamente\/#primaryimage"},"thumbnailUrl":"https:\/\/i0.wp.com\/casadecampoliving.com\/wp-content\/uploads\/2022\/10\/Featured-Image-Casa-de-Campo-Summer-Camp-2016.jpg?fit=1000%2C600&ssl=1","keywords":["actividades","arte","Casa de Campo","casa de campo @es","Diversi\u00f3n","ni\u00f1os","playa","tenis"],"articleSection":["Altos de Chavon @es","Deportes","Eventos","La Marina Casa de Campo","Rep\u00fablica Dominicana @es","Resort Casa de Campo","Salud"],"inLanguage":"es"},{"@type":"WebPage","@id":"https:\/\/casadecampoliving.com\/es\/campamento-de-verano-casa-de-campo-2016-proximamente\/","url":"https:\/\/casadecampoliving.com\/es\/campamento-de-verano-casa-de-campo-2016-proximamente\/","name":"\u00a1Muchas actividades en Campamento de Verano del Programa familiar de Casa de Campo! | Casa de Campo Living","isPartOf":{"@id":"https:\/\/casadecampoliving.com\/es\/#website"},"primaryImageOfPage":{"@id":"https:\/\/casadecampoliving.com\/es\/campamento-de-verano-casa-de-campo-2016-proximamente\/#primaryimage"},"image":{"@id":"https:\/\/casadecampoliving.com\/es\/campamento-de-verano-casa-de-campo-2016-proximamente\/#primaryimage"},"thumbnailUrl":"https:\/\/i0.wp.com\/casadecampoliving.com\/wp-content\/uploads\/2022\/10\/Featured-Image-Casa-de-Campo-Summer-Camp-2016.jpg?fit=1000%2C600&ssl=1","datePublished":"2016-05-22T04:00:00+00:00","dateModified":"2022-10-21T22:58:44+00:00","description":"\u00a1El verano se acerca r\u00e1pidamente! Ya hace calor aqu\u00ed en la Rep\u00fablica Dominicana, \u00a1pero es el clima perfecto para distintas actividades al aire libre como","breadcrumb":{"@id":"https:\/\/casadecampoliving.com\/es\/campamento-de-verano-casa-de-campo-2016-proximamente\/#breadcrumb"},"inLanguage":"es","potentialAction":[{"@type":"ReadAction","target":["https:\/\/casadecampoliving.com\/es\/campamento-de-verano-casa-de-campo-2016-proximamente\/"]}]},{"@type":"ImageObject","inLanguage":"es","@id":"https:\/\/casadecampoliving.com\/es\/campamento-de-verano-casa-de-campo-2016-proximamente\/#primaryimage","url":"https:\/\/i0.wp.com\/casadecampoliving.com\/wp-content\/uploads\/2022\/10\/Featured-Image-Casa-de-Campo-Summer-Camp-2016.jpg?fit=1000%2C600&ssl=1","contentUrl":"https:\/\/i0.wp.com\/casadecampoliving.com\/wp-content\/uploads\/2022\/10\/Featured-Image-Casa-de-Campo-Summer-Camp-2016.jpg?fit=1000%2C600&ssl=1","width":1000,"height":600,"caption":"Featured Image Casa de Campo Summer Camp 2016"},{"@type":"BreadcrumbList","@id":"https:\/\/casadecampoliving.com\/es\/campamento-de-verano-casa-de-campo-2016-proximamente\/#breadcrumb","itemListElement":[{"@type":"ListItem","position":1,"name":"Home","item":"https:\/\/casadecampoliving.com\/es\/"},{"@type":"ListItem","position":2,"name":"\u00a1Muchas actividades en Campamento de Verano del Programa familiar de Casa de Campo!"}]},{"@type":"WebSite","@id":"https:\/\/casadecampoliving.com\/es\/#website","url":"https:\/\/casadecampoliving.com\/es\/","name":"Casa de Campo Living","description":"Resort community news and resources.","publisher":{"@id":"https:\/\/casadecampoliving.com\/es\/#organization"},"potentialAction":[{"@type":"SearchAction","target":{"@type":"EntryPoint","urlTemplate":"https:\/\/casadecampoliving.com\/es\/?s={search_term_string}"},"query-input":{"@type":"PropertyValueSpecification","valueRequired":true,"valueName":"search_term_string"}}],"inLanguage":"es"},{"@type":"Organization","@id":"https:\/\/casadecampoliving.com\/es\/#organization","name":"Casa de Campo Living","url":"https:\/\/casadecampoliving.com\/es\/","logo":{"@type":"ImageObject","inLanguage":"es","@id":"https:\/\/casadecampoliving.com\/es\/#\/schema\/logo\/image\/","url":"https:\/\/i0.wp.com\/casadecampoliving.com\/wp-content\/uploads\/2022\/07\/CDCLivingLogo_V1-white-sized.png?fit=800%2C214&ssl=1","contentUrl":"https:\/\/i0.wp.com\/casadecampoliving.com\/wp-content\/uploads\/2022\/07\/CDCLivingLogo_V1-white-sized.png?fit=800%2C214&ssl=1","width":800,"height":214,"caption":"Casa de Campo Living"},"image":{"@id":"https:\/\/casadecampoliving.com\/es\/#\/schema\/logo\/image\/"},"sameAs":["https:\/\/www.facebook.com\/casadecampoliving","https:\/\/x.com\/cdcliving"]},{"@type":"Person","@id":"https:\/\/casadecampoliving.com\/es\/#\/schema\/person\/18471262c056a7d1ee6adbd125d26275","name":"Anna Pavilsova","image":{"@type":"ImageObject","inLanguage":"es","@id":"https:\/\/secure.gravatar.com\/avatar\/bd0620e5ffaea93e8727c1933c5adb433b77b6b8bf4cff105478c55b61a3e855?s=96&d=mm&r=g","url":"https:\/\/secure.gravatar.com\/avatar\/bd0620e5ffaea93e8727c1933c5adb433b77b6b8bf4cff105478c55b61a3e855?s=96&d=mm&r=g","contentUrl":"https:\/\/secure.gravatar.com\/avatar\/bd0620e5ffaea93e8727c1933c5adb433b77b6b8bf4cff105478c55b61a3e855?s=96&d=mm&r=g","caption":"Anna Pavilsova"},"url":"https:\/\/casadecampoliving.com\/es\/author\/apavilsova\/"}]}},"parsely":{"version":"1.1.0","canonical_url":"https:\/\/casadecampoliving.com\/es\/campamento-de-verano-casa-de-campo-2016-proximamente\/","smart_links":{"inbound":0,"outbound":0},"traffic_boost_suggestions_count":0,"meta":{"@context":"https:\/\/schema.org","@type":"NewsArticle","headline":"\u00a1Muchas actividades en Campamento de Verano del Programa familiar de Casa de Campo!","url":"http:\/\/casadecampoliving.com\/es\/campamento-de-verano-casa-de-campo-2016-proximamente\/","mainEntityOfPage":{"@type":"WebPage","@id":"http:\/\/casadecampoliving.com\/es\/campamento-de-verano-casa-de-campo-2016-proximamente\/"},"thumbnailUrl":"https:\/\/i0.wp.com\/casadecampoliving.com\/wp-content\/uploads\/2022\/10\/Featured-Image-Casa-de-Campo-Summer-Camp-2016.jpg?resize=150%2C150&ssl=1","image":{"@type":"ImageObject","url":"https:\/\/i0.wp.com\/casadecampoliving.com\/wp-content\/uploads\/2022\/10\/Featured-Image-Casa-de-Campo-Summer-Camp-2016.jpg?fit=1000%2C600&ssl=1"},"articleSection":"Altos de Chavon @es","author":[{"@type":"Person","name":"Anna Pavilsova"}],"creator":["Anna Pavilsova"],"publisher":{"@type":"Organization","name":"Casa de Campo Living","logo":"https:\/\/casadecampoliving.com\/wp-content\/uploads\/2022\/07\/CDCLivingLogo_V1-white-sized.png"},"keywords":["actividades","arte","casa de campo","casa de campo @es","diversi\u00f3n","ni\u00f1os","playa","tenis"],"dateCreated":"2016-05-22T04:00:00Z","datePublished":"2016-05-22T04:00:00Z","dateModified":"2022-10-21T22:58:44Z"},"rendered":"<script type=\"application\/ld+json\" class=\"wp-parsely-metadata\">{\"@context\":\"https:\\\/\\\/schema.org\",\"@type\":\"NewsArticle\",\"headline\":\"\\u00a1Muchas actividades en Campamento de Verano del Programa familiar de Casa de Campo!\",\"url\":\"http:\\\/\\\/casadecampoliving.com\\\/es\\\/campamento-de-verano-casa-de-campo-2016-proximamente\\\/\",\"mainEntityOfPage\":{\"@type\":\"WebPage\",\"@id\":\"http:\\\/\\\/casadecampoliving.com\\\/es\\\/campamento-de-verano-casa-de-campo-2016-proximamente\\\/\"},\"thumbnailUrl\":\"https:\\\/\\\/i0.wp.com\\\/casadecampoliving.com\\\/wp-content\\\/uploads\\\/2022\\\/10\\\/Featured-Image-Casa-de-Campo-Summer-Camp-2016.jpg?resize=150%2C150&ssl=1\",\"image\":{\"@type\":\"ImageObject\",\"url\":\"https:\\\/\\\/i0.wp.com\\\/casadecampoliving.com\\\/wp-content\\\/uploads\\\/2022\\\/10\\\/Featured-Image-Casa-de-Campo-Summer-Camp-2016.jpg?fit=1000%2C600&ssl=1\"},\"articleSection\":\"Altos de Chavon @es\",\"author\":[{\"@type\":\"Person\",\"name\":\"Anna Pavilsova\"}],\"creator\":[\"Anna Pavilsova\"],\"publisher\":{\"@type\":\"Organization\",\"name\":\"Casa de Campo Living\",\"logo\":\"https:\\\/\\\/casadecampoliving.com\\\/wp-content\\\/uploads\\\/2022\\\/07\\\/CDCLivingLogo_V1-white-sized.png\"},\"keywords\":[\"actividades\",\"arte\",\"casa de campo\",\"casa de campo @es\",\"diversi\\u00f3n\",\"ni\\u00f1os\",\"playa\",\"tenis\"],\"dateCreated\":\"2016-05-22T04:00:00Z\",\"datePublished\":\"2016-05-22T04:00:00Z\",\"dateModified\":\"2022-10-21T22:58:44Z\"}<\/script>","tracker_url":"https:\/\/cdn.parsely.com\/keys\/casadecampoliving.com\/p.js"},"jetpack_publicize_connections":[],"jetpack_featured_media_url":"https:\/\/i0.wp.com\/casadecampoliving.com\/wp-content\/uploads\/2022\/10\/Featured-Image-Casa-de-Campo-Summer-Camp-2016.jpg?fit=1000%2C600&ssl=1","jetpack-related-posts":[{"id":353483,"url":"https:\/\/casadecampoliving.com\/es\/casa-de-campos-family-program-summer-camp-starts-this-month-2\/","url_meta":{"origin":349854,"position":0},"title":"\u00a1El Campamento de verano del departamento de Family Programs de Casa de Campo comienza este mes!","author":"Amy Mal","date":"11 Jun, 2019","format":false,"excerpt":"\u00a1Esta es la \u00faltima semana de clases y las vacaciones de verano se acercan r\u00e1pidamente! Ya hace calor aqu\u00ed en la Rep\u00fablica Dominicana, \u00a1pero es el clima perfecto para distintas actividades al aire libre como un campamento de verano! Ahora es el momento para que los padres seleccionar los programas\u2026","rel":"","context":"En \u00abAltos de Chavon @es\u00bb","block_context":{"text":"Altos de Chavon @es","link":"https:\/\/casadecampoliving.com\/category\/altos-de-chavon-es\/"},"img":{"alt_text":"","src":"https:\/\/i0.wp.com\/casadecampoliving.com\/wp-content\/uploads\/2022\/10\/DSC_7760-3-1000x600-1.jpg?fit=1000%2C600&ssl=1&resize=350%2C200","width":350,"height":200,"srcset":"https:\/\/i0.wp.com\/casadecampoliving.com\/wp-content\/uploads\/2022\/10\/DSC_7760-3-1000x600-1.jpg?fit=1000%2C600&ssl=1&resize=350%2C200 1x, https:\/\/i0.wp.com\/casadecampoliving.com\/wp-content\/uploads\/2022\/10\/DSC_7760-3-1000x600-1.jpg?fit=1000%2C600&ssl=1&resize=525%2C300 1.5x, https:\/\/i0.wp.com\/casadecampoliving.com\/wp-content\/uploads\/2022\/10\/DSC_7760-3-1000x600-1.jpg?fit=1000%2C600&ssl=1&resize=700%2C400 2x"},"classes":[]},{"id":354400,"url":"https:\/\/casadecampoliving.com\/es\/el-campamento-de-verano-2022-del-programa-familiar-de-casa-de-campo-esta-de-regreso-y-comienza-este-mes\/","url_meta":{"origin":349854,"position":1},"title":"\u00a1El Campamento de Verano 2022 del Programa Familiar de Casa de Campo est\u00e1 de regreso y comienza este mes!","author":"Casa de Campo Living","date":"6 Jun, 2022","format":false,"excerpt":"\u00a1Esta es la \u00faltima semana de clases y las vacaciones de verano se acercan r\u00e1pidamente! Despu\u00e9s de un par de a\u00f1os de no poder abrir su campamento de verano, este a\u00f1o Casa de Campo tiene muchas actividades para ni\u00f1os de todas las edades, \u00a1para que los padres tambi\u00e9n puedan disfrutar\u2026","rel":"","context":"En \u00abCasa de Campo Living @es\u00bb","block_context":{"text":"Casa de Campo Living @es","link":"https:\/\/casadecampoliving.com\/category\/casa-de-campo-living-es\/"},"img":{"alt_text":"","src":"https:\/\/i0.wp.com\/casadecampoliving.com\/wp-content\/uploads\/2022\/10\/Casa-de-Campo-Summer-Camp-2022-1.jpg?fit=1000%2C669&ssl=1&resize=350%2C200","width":350,"height":200,"srcset":"https:\/\/i0.wp.com\/casadecampoliving.com\/wp-content\/uploads\/2022\/10\/Casa-de-Campo-Summer-Camp-2022-1.jpg?fit=1000%2C669&ssl=1&resize=350%2C200 1x, https:\/\/i0.wp.com\/casadecampoliving.com\/wp-content\/uploads\/2022\/10\/Casa-de-Campo-Summer-Camp-2022-1.jpg?fit=1000%2C669&ssl=1&resize=525%2C300 1.5x, https:\/\/i0.wp.com\/casadecampoliving.com\/wp-content\/uploads\/2022\/10\/Casa-de-Campo-Summer-Camp-2022-1.jpg?fit=1000%2C669&ssl=1&resize=700%2C400 2x"},"classes":[]},{"id":433460,"url":"https:\/\/casadecampoliving.com\/es\/no-se-pierdan-el-increible-tributo-a-frank-sinatra-para-celebrar-el-40-aniversario-del-anfiteatro-altos-de-chavon\/","url_meta":{"origin":349854,"position":2},"title":"No se pierdan el incre\u00edble tributo a Frank Sinatra para celebrar el 40 aniversario del\u00a0Anfiteatro Altos de Chav\u00f3n","author":"Casa de Campo Living","date":"20 Oct, 2022","format":false,"excerpt":"Siendo uno de los escenarios m\u00e1s emblem\u00e1ticos del pa\u00eds, Casa de Campo Resort\u00ae & Villas celebra las cuatro d\u00e9cadas de aniversario de Altos de Chav\u00f3n con un tributo al gran Frank Sinatra, protagonizado por artistas invitados y una big band tal cual la que acompa\u00f1\u00f3 al artista hace 40 a\u00f1os\u2026","rel":"","context":"En \u00abUncategorized @es\u00bb","block_context":{"text":"Uncategorized @es","link":"https:\/\/casadecampoliving.com\/es\/category\/uncategorized-es\/"},"img":{"alt_text":"","src":"https:\/\/i0.wp.com\/casadecampoliving.com\/wp-content\/uploads\/2022\/10\/Tributo-Frank-Sinatra-Foto-Principal-Amaury-Sanchez-Danilo-Ginebra-Andres-Pichardo-y-Jose-Gabriel-Perez-.jpg?fit=1200%2C873&ssl=1&resize=350%2C200","width":350,"height":200,"srcset":"https:\/\/i0.wp.com\/casadecampoliving.com\/wp-content\/uploads\/2022\/10\/Tributo-Frank-Sinatra-Foto-Principal-Amaury-Sanchez-Danilo-Ginebra-Andres-Pichardo-y-Jose-Gabriel-Perez-.jpg?fit=1200%2C873&ssl=1&resize=350%2C200 1x, https:\/\/i0.wp.com\/casadecampoliving.com\/wp-content\/uploads\/2022\/10\/Tributo-Frank-Sinatra-Foto-Principal-Amaury-Sanchez-Danilo-Ginebra-Andres-Pichardo-y-Jose-Gabriel-Perez-.jpg?fit=1200%2C873&ssl=1&resize=525%2C300 1.5x, https:\/\/i0.wp.com\/casadecampoliving.com\/wp-content\/uploads\/2022\/10\/Tributo-Frank-Sinatra-Foto-Principal-Amaury-Sanchez-Danilo-Ginebra-Andres-Pichardo-y-Jose-Gabriel-Perez-.jpg?fit=1200%2C873&ssl=1&resize=700%2C400 2x, https:\/\/i0.wp.com\/casadecampoliving.com\/wp-content\/uploads\/2022\/10\/Tributo-Frank-Sinatra-Foto-Principal-Amaury-Sanchez-Danilo-Ginebra-Andres-Pichardo-y-Jose-Gabriel-Perez-.jpg?fit=1200%2C873&ssl=1&resize=1050%2C600 3x"},"classes":[]},{"id":344582,"url":"https:\/\/casadecampoliving.com\/es\/campamento-de-verano-casa-de-campo-2014-del-23-de-junio-al-1ro-de-agosto\/","url_meta":{"origin":349854,"position":3},"title":"Campamento de Verano Casa de Campo 2014: del 23 de junio al 1ro de Agosto","author":"Perkin Agramonte","date":"13 Jun, 2014","format":false,"excerpt":"Si no sabes que hacer con los m\u00e1s peque\u00f1os este verano, el Campamento de Verano Casa de Campo 2014, es la mejor opci\u00f3n de sumergir a tus ni\u00f1os en una aventura llena de diversion para hacer este un verano inolvidable. El \u201cCampamento de Verano Casa de Campo 2014\u201d este a\u00f1o\u2026","rel":"","context":"En \u00abCasa de Campo Living @es\u00bb","block_context":{"text":"Casa de Campo Living @es","link":"https:\/\/casadecampoliving.com\/category\/casa-de-campo-living-es\/"},"img":{"alt_text":"","src":"https:\/\/i0.wp.com\/casadecampoliving.com\/wp-content\/uploads\/2022\/10\/Casa_de_Campo_summer_camp.jpg?fit=650%2C397&ssl=1&resize=350%2C200","width":350,"height":200,"srcset":"https:\/\/i0.wp.com\/casadecampoliving.com\/wp-content\/uploads\/2022\/10\/Casa_de_Campo_summer_camp.jpg?fit=650%2C397&ssl=1&resize=350%2C200 1x, https:\/\/i0.wp.com\/casadecampoliving.com\/wp-content\/uploads\/2022\/10\/Casa_de_Campo_summer_camp.jpg?fit=650%2C397&ssl=1&resize=525%2C300 1.5x"},"classes":[]},{"id":349888,"url":"https:\/\/casadecampoliving.com\/es\/campamento-de-verano-de-formacion-infantil-en-la-vecindad\/","url_meta":{"origin":349854,"position":4},"title":"Campamento de Verano de Formaci\u00f3n Infantil en la Vecindad","author":"Anna Pavilsova","date":"28 May, 2016","format":false,"excerpt":"Este verano Casa de Campo tiene muchas opciones para sus hijos \u2013 con campamentos como el ASA, campamento de verano hol\u00edstico en Ki \u2013 Ra, la FCBEscola, y su propio Campamento de Verano organizado por el programa familiar de Casa de Campo, todos estos para ni\u00f1os de 6 a\u00f1os en\u2026","rel":"","context":"En \u00abEventos\u00bb","block_context":{"text":"Eventos","link":"https:\/\/casadecampoliving.com\/es\/category\/eventos-es\/"},"img":{"alt_text":"","src":"https:\/\/i0.wp.com\/casadecampoliving.com\/wp-content\/uploads\/2022\/10\/LaVecindad-scaled.jpg?fit=1200%2C764&ssl=1&resize=350%2C200","width":350,"height":200,"srcset":"https:\/\/i0.wp.com\/casadecampoliving.com\/wp-content\/uploads\/2022\/10\/LaVecindad-scaled.jpg?fit=1200%2C764&ssl=1&resize=350%2C200 1x, https:\/\/i0.wp.com\/casadecampoliving.com\/wp-content\/uploads\/2022\/10\/LaVecindad-scaled.jpg?fit=1200%2C764&ssl=1&resize=525%2C300 1.5x, https:\/\/i0.wp.com\/casadecampoliving.com\/wp-content\/uploads\/2022\/10\/LaVecindad-scaled.jpg?fit=1200%2C764&ssl=1&resize=700%2C400 2x, https:\/\/i0.wp.com\/casadecampoliving.com\/wp-content\/uploads\/2022\/10\/LaVecindad-scaled.jpg?fit=1200%2C764&ssl=1&resize=1050%2C600 3x"},"classes":[]},{"id":518866,"url":"https:\/\/casadecampoliving.com\/es\/el-campamento-de-verano-de-family-program-casa-de-campo-regresa-este-mes\/","url_meta":{"origin":349854,"position":5},"title":"El Campamento de Verano de Family Program Casa de Campo regresa este mes","author":"Casa de Campo Living","date":"15 Jun, 2023","format":false,"excerpt":"Este a\u00f1o, Casa de Campo se complace en anunciar el regreso de su tan esperado campamento de verano, que ofrece una amplia gama de actividades atractivas para ni\u00f1os de todas las edades. Con el campamento programado para comenzar el 26 de junio, las familias pueden esperar un verano inolvidable lleno\u2026","rel":"","context":"En \u00abEstilo de Vida\u00bb","block_context":{"text":"Estilo de Vida","link":"https:\/\/casadecampoliving.com\/es\/category\/estilo-de-vida\/"},"img":{"alt_text":"","src":"https:\/\/i0.wp.com\/casadecampoliving.com\/wp-content\/uploads\/2023\/06\/DSC_7760-kids-in-Casa-scaled.jpg?fit=1200%2C798&ssl=1&resize=350%2C200","width":350,"height":200,"srcset":"https:\/\/i0.wp.com\/casadecampoliving.com\/wp-content\/uploads\/2023\/06\/DSC_7760-kids-in-Casa-scaled.jpg?fit=1200%2C798&ssl=1&resize=350%2C200 1x, https:\/\/i0.wp.com\/casadecampoliving.com\/wp-content\/uploads\/2023\/06\/DSC_7760-kids-in-Casa-scaled.jpg?fit=1200%2C798&ssl=1&resize=525%2C300 1.5x, https:\/\/i0.wp.com\/casadecampoliving.com\/wp-content\/uploads\/2023\/06\/DSC_7760-kids-in-Casa-scaled.jpg?fit=1200%2C798&ssl=1&resize=700%2C400 2x, https:\/\/i0.wp.com\/casadecampoliving.com\/wp-content\/uploads\/2023\/06\/DSC_7760-kids-in-Casa-scaled.jpg?fit=1200%2C798&ssl=1&resize=1050%2C600 3x"},"classes":[]}],"jetpack_sharing_enabled":true,"_links":{"self":[{"href":"https:\/\/casadecampoliving.com\/es\/wp-json\/wp\/v2\/posts\/349854","targetHints":{"allow":["GET"]}}],"collection":[{"href":"https:\/\/casadecampoliving.com\/es\/wp-json\/wp\/v2\/posts"}],"about":[{"href":"https:\/\/casadecampoliving.com\/es\/wp-json\/wp\/v2\/types\/post"}],"author":[{"embeddable":true,"href":"https:\/\/casadecampoliving.com\/es\/wp-json\/wp\/v2\/users\/36683"}],"replies":[{"embeddable":true,"href":"https:\/\/casadecampoliving.com\/es\/wp-json\/wp\/v2\/comments?post=349854"}],"version-history":[{"count":1,"href":"https:\/\/casadecampoliving.com\/es\/wp-json\/wp\/v2\/posts\/349854\/revisions"}],"predecessor-version":[{"id":349857,"href":"https:\/\/casadecampoliving.com\/es\/wp-json\/wp\/v2\/posts\/349854\/revisions\/349857"}],"wp:featuredmedia":[{"embeddable":true,"href":"https:\/\/casadecampoliving.com\/es\/wp-json\/wp\/v2\/media\/309045"}],"wp:attachment":[{"href":"https:\/\/casadecampoliving.com\/es\/wp-json\/wp\/v2\/media?parent=349854"}],"wp:term":[{"taxonomy":"category","embeddable":true,"href":"https:\/\/casadecampoliving.com\/es\/wp-json\/wp\/v2\/categories?post=349854"},{"taxonomy":"post_tag","embeddable":true,"href":"https:\/\/casadecampoliving.com\/es\/wp-json\/wp\/v2\/tags?post=349854"},{"taxonomy":"newspack_spnsrs_tax","embeddable":true,"href":"https:\/\/casadecampoliving.com\/es\/wp-json\/wp\/v2\/newspack_spnsrs_tax?post=349854"}],"curies":[{"name":"wp","href":"https:\/\/api.w.org\/{rel}","templated":true}]}}