{"id":349830,"date":"2016-05-18T00:00:00","date_gmt":"2016-05-18T04:00:00","guid":{"rendered":"https:\/\/casadecampoliving.com\/nuevo-horario-de-verano-de-la-piazzetta-y-razones-sorprendentes-por-la-cual-debe-cenar-alli\/"},"modified":"2022-10-21T18:57:38","modified_gmt":"2022-10-21T22:57:38","slug":"nuevo-horario-de-verano-de-la-piazzetta-y-razones-sorprendentes-por-la-cual-debe-cenar-alli","status":"publish","type":"post","link":"https:\/\/casadecampoliving.com\/es\/nuevo-horario-de-verano-de-la-piazzetta-y-razones-sorprendentes-por-la-cual-debe-cenar-alli\/","title":{"rendered":"Nuevo horario de verano de La Piazzetta \u00a1y razones sorprendentes por la cual debe cenar all\u00ed!"},"content":{"rendered":"\n<p><span style=\"font-weight: 400;\">Como cada a\u00f1o para esta \u00e9poca, La Piazzetta cierre durante la semana y abre s\u00f3lo en los fines de semana, de jueves a domingo. Al acercarse la temporada alta, el restaurante volver\u00e1 a abrir de nuevo durante la semana.<\/span><\/p>\n\n\n\n<!--more-->\n\n\n<div class=\"wp-block-image\">\n<figure class=\"aligncenter is-resized\"><img loading=\"lazy\" decoding=\"async\" src=\"https:\/\/i0.wp.com\/casadecampoliving.com\/wp-content\/uploads\/2022\/10\/LPzt-Buffet.jpg?resize=1000%2C600&amp;ssl=1\" alt=\"LPzt Buffet\" class=\"wp-image-119257\" height=\"600\" width=\"1000\"\/><\/figure>\n<\/div>\n\n\n<p><span style=\"font-weight: 400;\">Nos encanta <\/span><a href=\"https:\/\/casadecampoliving.com\/es\/casa-de-campo-living-reviews-la-piazetta-%E2%80%93-un-tesoro-casi-hechado-al-olvido\/\"><span style=\"font-weight: 400;\">La Piazzetta <\/span><\/a><span style=\"font-weight: 400;\">por su maravilloso ambiente y comida tradicional italiana. Si usted no lo ha visitado recientemente, aqu\u00ed hay varias razones de porqu\u00e9 debe hacerlo:<\/span><\/p>\n\n\n\n<ul class=\"wp-block-list\"><li style=\"font-weight: 400;\"><span style=\"font-weight: 400;\">\u00a1La Piazzetta tiene un nuevo chef y prepara nuevos platos todos los d\u00edas, usando los mejores ingredientes! Aseg\u00farese de preguntar por el especial del d\u00eda.<\/span><\/li><li style=\"font-weight: 400;\"><span style=\"font-weight: 400;\">Las pastas en La Piazzetta son riquisimas. Reci\u00e9n hecha, y hay una amplia selecci\u00f3n de platos italianos aut\u00e9nticos.<\/span><\/li><\/ul>\n\n\n<div class=\"wp-block-image\">\n<figure class=\"aligncenter is-resized\"><img loading=\"lazy\" decoding=\"async\" src=\"https:\/\/i0.wp.com\/casadecampoliving.com\/wp-content\/uploads\/2022\/10\/La-Piazzetta-Antipasti-Dinner.jpg?resize=1000%2C600&amp;ssl=1\" alt=\"Antipasti Dinner\" class=\"wp-image-119254\" height=\"600\" width=\"1000\"\/><\/figure>\n<\/div>\n\n\n<ul class=\"wp-block-list\"><li><span style=\"font-weight: 400;\">\u00a1Un nuevo y mejorado buffet antipasto! Mi platillo favorito del nuevo buffet son las berenjenas asadas con nueces. \u00a1Yum!<\/span><\/li><li><span style=\"font-weight: 400;\">M\u00fasica en vivo de <\/span><a href=\"https:\/\/casadecampoliving.com\/es\/eliseo-el-musico-de-la-piazzetta\/\"><span style=\"font-weight: 400;\">Eliseo Berrocal Minino. <\/span><\/a><span style=\"font-weight: 400;\">\u00a1\u00c9l ha estado present\u00e1ndose en La Piazzetta por m\u00e1s de 30 a\u00f1os y sabe c\u00f3mo crear el ambiente perfecto!<\/span><\/li><\/ul>\n\n\n<div class=\"wp-block-image\">\n<figure class=\"aligncenter is-resized\"><img loading=\"lazy\" decoding=\"async\" src=\"https:\/\/i0.wp.com\/casadecampoliving.com\/wp-content\/uploads\/2022\/10\/La-Piazzetta-Music-Group.jpg?resize=1000%2C600&amp;ssl=1\" alt=\"Music Group\" class=\"wp-image-119256\" height=\"600\" width=\"1000\"\/><\/figure>\n<\/div>\n\n\n<ul class=\"wp-block-list\"><li><span style=\"font-weight: 400;\">Tienen una colecci\u00f3n cuidadosamente seleccionada de cigarros premium y bebidas disponible, por lo que es el complemento perfecto despu\u00e9s de una excelente cena.<\/span><\/li><\/ul>\n\n\n\n<blockquote><h3><strong>La Piazzetta<\/strong><\/h3><p><strong>D\u00f3nde: <\/strong><\/p><p>Altos de Chav\u00f3n, Casa de Campo<\/p><p><strong>Horario: <\/strong><\/p><p><span style=\"font-weight: 400;\">Jueves \u2013 Sabados, 6pm \u2013 11:30pm<\/span><\/p><p><strong>Reservaciones:&nbsp;<\/strong>Contacte la oficina de Concierge en<span style=\"font-weight: 400;\">&nbsp;Casa de Campo al numero (809) 523-3166<\/span><\/p><\/blockquote>\n","protected":false},"excerpt":{"rendered":"<p>Como cada a\u00f1o para esta \u00e9poca, La Piazzetta cierre durante la semana y abre s\u00f3lo en los fines de semana, de jueves a domingo. Al acercarse la temporada alta, el restaurante volver\u00e1 a abrir de nuevo durante la semana.<\/p>\n","protected":false},"author":36683,"featured_media":308576,"comment_status":"closed","ping_status":"closed","sticky":false,"template":"","format":"standard","meta":{"newspack_ads_suppress_ads":false,"newspack_popups_has_disabled_popups":false,"newspack_sponsor_sponsorship_scope":"","newspack_sponsor_native_byline_display":"inherit","newspack_sponsor_native_category_display":"inherit","newspack_sponsor_underwriter_style":"inherit","newspack_sponsor_underwriter_placement":"inherit","_newspack_byline_active":false,"_newspack_byline":"","newspack_hide_updated_date":false,"newspack_show_updated_date":false,"newspack_content_restriction_is_exempt":false,"newspack_featured_image_position":"","newspack_post_subtitle":"","newspack_article_summary_title":"Overview:","newspack_article_summary":"","_jetpack_memberships_contains_paid_content":false,"footnotes":"","jetpack_publicize_message":"","jetpack_publicize_feature_enabled":true,"jetpack_social_post_already_shared":false,"jetpack_social_options":{"image_generator_settings":{"template":"highway","default_image_id":0,"font":"","enabled":false},"version":2},"_wpas_customize_per_network":false},"categories":[26819,14629,2520],"tags":[18058,6775,4094],"newspack_spnsrs_tax":[],"class_list":["post-349830","post","type-post","status-publish","format-standard","has-post-thumbnail","hentry","category-altos-de-chavon-es","category-comidas-bebidas","category-restaurantes-es","tag-horario","tag-la-piazzetta-es","tag-restaurante-italiano","entry"],"yoast_head":"<!-- This site is optimized with the Yoast SEO plugin v27.4 - https:\/\/yoast.com\/product\/yoast-seo-wordpress\/ -->\n<title>Nuevo horario de verano de La Piazzetta \u00a1y razones sorprendentes por la cual debe cenar all\u00ed! | Casa de Campo Living<\/title>\n<meta name=\"description\" content=\"Como cada a\u00f1o para esta \u00e9poca, La Piazzetta cierre durante la semana y abre s\u00f3lo en los fines de semana, de jueves a domingo. Al acercarse la temporada\" \/>\n<meta name=\"robots\" content=\"index, follow, max-snippet:-1, max-image-preview:large, max-video-preview:-1\" \/>\n<link rel=\"canonical\" href=\"https:\/\/casadecampoliving.com\/es\/nuevo-horario-de-verano-de-la-piazzetta-y-razones-sorprendentes-por-la-cual-debe-cenar-alli\/\" \/>\n<meta property=\"og:locale\" content=\"es_ES\" \/>\n<meta property=\"og:type\" content=\"article\" \/>\n<meta property=\"og:title\" content=\"Nuevo horario de verano de La Piazzetta \u00a1y razones sorprendentes por la cual debe cenar all\u00ed! | Casa de Campo Living\" \/>\n<meta property=\"og:description\" content=\"Como cada a\u00f1o para esta \u00e9poca, La Piazzetta cierre durante la semana y abre s\u00f3lo en los fines de semana, de jueves a domingo. Al acercarse la temporada\" \/>\n<meta property=\"og:url\" content=\"https:\/\/casadecampoliving.com\/es\/nuevo-horario-de-verano-de-la-piazzetta-y-razones-sorprendentes-por-la-cual-debe-cenar-alli\/\" \/>\n<meta property=\"og:site_name\" content=\"Casa de Campo Living\" \/>\n<meta property=\"article:publisher\" content=\"https:\/\/www.facebook.com\/casadecampoliving\" \/>\n<meta property=\"article:published_time\" content=\"2016-05-18T04:00:00+00:00\" \/>\n<meta property=\"article:modified_time\" content=\"2022-10-21T22:57:38+00:00\" \/>\n<meta property=\"og:image\" content=\"https:\/\/i0.wp.com\/casadecampoliving.com\/wp-content\/uploads\/2022\/10\/Featured-Image-La-Piazzetta-Summer-Schedule-2016.jpg?fit=1000%2C600&ssl=1\" \/>\n\t<meta property=\"og:image:width\" content=\"1000\" \/>\n\t<meta property=\"og:image:height\" content=\"600\" \/>\n\t<meta property=\"og:image:type\" content=\"image\/jpeg\" \/>\n<meta name=\"author\" content=\"Anna Pavilsova\" \/>\n<meta name=\"twitter:card\" content=\"summary_large_image\" \/>\n<meta name=\"twitter:creator\" content=\"@cdcliving\" \/>\n<meta name=\"twitter:site\" content=\"@cdcliving\" \/>\n<meta name=\"twitter:label1\" content=\"Escrito por\" \/>\n\t<meta name=\"twitter:data1\" content=\"Anna Pavilsova\" \/>\n\t<meta name=\"twitter:label2\" content=\"Tiempo de lectura\" \/>\n\t<meta name=\"twitter:data2\" content=\"1 minuto\" \/>\n<script type=\"application\/ld+json\" class=\"yoast-schema-graph\">{\"@context\":\"https:\\\/\\\/schema.org\",\"@graph\":[{\"@type\":\"Article\",\"@id\":\"https:\\\/\\\/casadecampoliving.com\\\/es\\\/nuevo-horario-de-verano-de-la-piazzetta-y-razones-sorprendentes-por-la-cual-debe-cenar-alli\\\/#article\",\"isPartOf\":{\"@id\":\"https:\\\/\\\/casadecampoliving.com\\\/es\\\/nuevo-horario-de-verano-de-la-piazzetta-y-razones-sorprendentes-por-la-cual-debe-cenar-alli\\\/\"},\"author\":{\"name\":\"Anna Pavilsova\",\"@id\":\"https:\\\/\\\/casadecampoliving.com\\\/es\\\/#\\\/schema\\\/person\\\/18471262c056a7d1ee6adbd125d26275\"},\"headline\":\"Nuevo horario de verano de La Piazzetta \u00a1y razones sorprendentes por la cual debe cenar all\u00ed!\",\"datePublished\":\"2016-05-18T04:00:00+00:00\",\"dateModified\":\"2022-10-21T22:57:38+00:00\",\"mainEntityOfPage\":{\"@id\":\"https:\\\/\\\/casadecampoliving.com\\\/es\\\/nuevo-horario-de-verano-de-la-piazzetta-y-razones-sorprendentes-por-la-cual-debe-cenar-alli\\\/\"},\"wordCount\":238,\"publisher\":{\"@id\":\"https:\\\/\\\/casadecampoliving.com\\\/es\\\/#organization\"},\"image\":{\"@id\":\"https:\\\/\\\/casadecampoliving.com\\\/es\\\/nuevo-horario-de-verano-de-la-piazzetta-y-razones-sorprendentes-por-la-cual-debe-cenar-alli\\\/#primaryimage\"},\"thumbnailUrl\":\"https:\\\/\\\/i0.wp.com\\\/casadecampoliving.com\\\/wp-content\\\/uploads\\\/2022\\\/10\\\/Featured-Image-La-Piazzetta-Summer-Schedule-2016.jpg?fit=1000%2C600&ssl=1\",\"keywords\":[\"horario;\",\"la piazzetta @es\",\"restaurante italiano\"],\"articleSection\":[\"Altos de Chavon @es\",\"Comidas &amp; Bebidas\",\"Restaurantes\"],\"inLanguage\":\"es\"},{\"@type\":\"WebPage\",\"@id\":\"https:\\\/\\\/casadecampoliving.com\\\/es\\\/nuevo-horario-de-verano-de-la-piazzetta-y-razones-sorprendentes-por-la-cual-debe-cenar-alli\\\/\",\"url\":\"https:\\\/\\\/casadecampoliving.com\\\/es\\\/nuevo-horario-de-verano-de-la-piazzetta-y-razones-sorprendentes-por-la-cual-debe-cenar-alli\\\/\",\"name\":\"Nuevo horario de verano de La Piazzetta \u00a1y razones sorprendentes por la cual debe cenar all\u00ed! | Casa de Campo Living\",\"isPartOf\":{\"@id\":\"https:\\\/\\\/casadecampoliving.com\\\/es\\\/#website\"},\"primaryImageOfPage\":{\"@id\":\"https:\\\/\\\/casadecampoliving.com\\\/es\\\/nuevo-horario-de-verano-de-la-piazzetta-y-razones-sorprendentes-por-la-cual-debe-cenar-alli\\\/#primaryimage\"},\"image\":{\"@id\":\"https:\\\/\\\/casadecampoliving.com\\\/es\\\/nuevo-horario-de-verano-de-la-piazzetta-y-razones-sorprendentes-por-la-cual-debe-cenar-alli\\\/#primaryimage\"},\"thumbnailUrl\":\"https:\\\/\\\/i0.wp.com\\\/casadecampoliving.com\\\/wp-content\\\/uploads\\\/2022\\\/10\\\/Featured-Image-La-Piazzetta-Summer-Schedule-2016.jpg?fit=1000%2C600&ssl=1\",\"datePublished\":\"2016-05-18T04:00:00+00:00\",\"dateModified\":\"2022-10-21T22:57:38+00:00\",\"description\":\"Como cada a\u00f1o para esta \u00e9poca, La Piazzetta cierre durante la semana y abre s\u00f3lo en los fines de semana, de jueves a domingo. Al acercarse la temporada\",\"breadcrumb\":{\"@id\":\"https:\\\/\\\/casadecampoliving.com\\\/es\\\/nuevo-horario-de-verano-de-la-piazzetta-y-razones-sorprendentes-por-la-cual-debe-cenar-alli\\\/#breadcrumb\"},\"inLanguage\":\"es\",\"potentialAction\":[{\"@type\":\"ReadAction\",\"target\":[\"https:\\\/\\\/casadecampoliving.com\\\/es\\\/nuevo-horario-de-verano-de-la-piazzetta-y-razones-sorprendentes-por-la-cual-debe-cenar-alli\\\/\"]}]},{\"@type\":\"ImageObject\",\"inLanguage\":\"es\",\"@id\":\"https:\\\/\\\/casadecampoliving.com\\\/es\\\/nuevo-horario-de-verano-de-la-piazzetta-y-razones-sorprendentes-por-la-cual-debe-cenar-alli\\\/#primaryimage\",\"url\":\"https:\\\/\\\/i0.wp.com\\\/casadecampoliving.com\\\/wp-content\\\/uploads\\\/2022\\\/10\\\/Featured-Image-La-Piazzetta-Summer-Schedule-2016.jpg?fit=1000%2C600&ssl=1\",\"contentUrl\":\"https:\\\/\\\/i0.wp.com\\\/casadecampoliving.com\\\/wp-content\\\/uploads\\\/2022\\\/10\\\/Featured-Image-La-Piazzetta-Summer-Schedule-2016.jpg?fit=1000%2C600&ssl=1\",\"width\":1000,\"height\":600,\"caption\":\"Featured Image La Piazzetta Summer Schedule 2016\"},{\"@type\":\"BreadcrumbList\",\"@id\":\"https:\\\/\\\/casadecampoliving.com\\\/es\\\/nuevo-horario-de-verano-de-la-piazzetta-y-razones-sorprendentes-por-la-cual-debe-cenar-alli\\\/#breadcrumb\",\"itemListElement\":[{\"@type\":\"ListItem\",\"position\":1,\"name\":\"Home\",\"item\":\"https:\\\/\\\/casadecampoliving.com\\\/es\\\/\"},{\"@type\":\"ListItem\",\"position\":2,\"name\":\"Nuevo horario de verano de La Piazzetta \u00a1y razones sorprendentes por la cual debe cenar all\u00ed!\"}]},{\"@type\":\"WebSite\",\"@id\":\"https:\\\/\\\/casadecampoliving.com\\\/es\\\/#website\",\"url\":\"https:\\\/\\\/casadecampoliving.com\\\/es\\\/\",\"name\":\"Casa de Campo Living\",\"description\":\"Resort community news and resources.\",\"publisher\":{\"@id\":\"https:\\\/\\\/casadecampoliving.com\\\/es\\\/#organization\"},\"potentialAction\":[{\"@type\":\"SearchAction\",\"target\":{\"@type\":\"EntryPoint\",\"urlTemplate\":\"https:\\\/\\\/casadecampoliving.com\\\/es\\\/?s={search_term_string}\"},\"query-input\":{\"@type\":\"PropertyValueSpecification\",\"valueRequired\":true,\"valueName\":\"search_term_string\"}}],\"inLanguage\":\"es\"},{\"@type\":\"Organization\",\"@id\":\"https:\\\/\\\/casadecampoliving.com\\\/es\\\/#organization\",\"name\":\"Casa de Campo Living\",\"url\":\"https:\\\/\\\/casadecampoliving.com\\\/es\\\/\",\"logo\":{\"@type\":\"ImageObject\",\"inLanguage\":\"es\",\"@id\":\"https:\\\/\\\/casadecampoliving.com\\\/es\\\/#\\\/schema\\\/logo\\\/image\\\/\",\"url\":\"https:\\\/\\\/i0.wp.com\\\/casadecampoliving.com\\\/wp-content\\\/uploads\\\/2022\\\/07\\\/CDCLivingLogo_V1-white-sized.png?fit=800%2C214&ssl=1\",\"contentUrl\":\"https:\\\/\\\/i0.wp.com\\\/casadecampoliving.com\\\/wp-content\\\/uploads\\\/2022\\\/07\\\/CDCLivingLogo_V1-white-sized.png?fit=800%2C214&ssl=1\",\"width\":800,\"height\":214,\"caption\":\"Casa de Campo Living\"},\"image\":{\"@id\":\"https:\\\/\\\/casadecampoliving.com\\\/es\\\/#\\\/schema\\\/logo\\\/image\\\/\"},\"sameAs\":[\"https:\\\/\\\/www.facebook.com\\\/casadecampoliving\",\"https:\\\/\\\/x.com\\\/cdcliving\"]},{\"@type\":\"Person\",\"@id\":\"https:\\\/\\\/casadecampoliving.com\\\/es\\\/#\\\/schema\\\/person\\\/18471262c056a7d1ee6adbd125d26275\",\"name\":\"Anna Pavilsova\",\"image\":{\"@type\":\"ImageObject\",\"inLanguage\":\"es\",\"@id\":\"https:\\\/\\\/secure.gravatar.com\\\/avatar\\\/bd0620e5ffaea93e8727c1933c5adb433b77b6b8bf4cff105478c55b61a3e855?s=96&d=mm&r=g\",\"url\":\"https:\\\/\\\/secure.gravatar.com\\\/avatar\\\/bd0620e5ffaea93e8727c1933c5adb433b77b6b8bf4cff105478c55b61a3e855?s=96&d=mm&r=g\",\"contentUrl\":\"https:\\\/\\\/secure.gravatar.com\\\/avatar\\\/bd0620e5ffaea93e8727c1933c5adb433b77b6b8bf4cff105478c55b61a3e855?s=96&d=mm&r=g\",\"caption\":\"Anna Pavilsova\"},\"url\":\"https:\\\/\\\/casadecampoliving.com\\\/es\\\/author\\\/apavilsova\\\/\"}]}<\/script>\n<!-- \/ Yoast SEO plugin. -->","yoast_head_json":{"title":"Nuevo horario de verano de La Piazzetta \u00a1y razones sorprendentes por la cual debe cenar all\u00ed! | Casa de Campo Living","description":"Como cada a\u00f1o para esta \u00e9poca, La Piazzetta cierre durante la semana y abre s\u00f3lo en los fines de semana, de jueves a domingo. Al acercarse la temporada","robots":{"index":"index","follow":"follow","max-snippet":"max-snippet:-1","max-image-preview":"max-image-preview:large","max-video-preview":"max-video-preview:-1"},"canonical":"https:\/\/casadecampoliving.com\/es\/nuevo-horario-de-verano-de-la-piazzetta-y-razones-sorprendentes-por-la-cual-debe-cenar-alli\/","og_locale":"es_ES","og_type":"article","og_title":"Nuevo horario de verano de La Piazzetta \u00a1y razones sorprendentes por la cual debe cenar all\u00ed! | Casa de Campo Living","og_description":"Como cada a\u00f1o para esta \u00e9poca, La Piazzetta cierre durante la semana y abre s\u00f3lo en los fines de semana, de jueves a domingo. Al acercarse la temporada","og_url":"https:\/\/casadecampoliving.com\/es\/nuevo-horario-de-verano-de-la-piazzetta-y-razones-sorprendentes-por-la-cual-debe-cenar-alli\/","og_site_name":"Casa de Campo Living","article_publisher":"https:\/\/www.facebook.com\/casadecampoliving","article_published_time":"2016-05-18T04:00:00+00:00","article_modified_time":"2022-10-21T22:57:38+00:00","og_image":[{"width":1000,"height":600,"url":"https:\/\/i0.wp.com\/casadecampoliving.com\/wp-content\/uploads\/2022\/10\/Featured-Image-La-Piazzetta-Summer-Schedule-2016.jpg?fit=1000%2C600&ssl=1","type":"image\/jpeg"}],"author":"Anna Pavilsova","twitter_card":"summary_large_image","twitter_creator":"@cdcliving","twitter_site":"@cdcliving","twitter_misc":{"Escrito por":"Anna Pavilsova","Tiempo de lectura":"1 minuto"},"schema":{"@context":"https:\/\/schema.org","@graph":[{"@type":"Article","@id":"https:\/\/casadecampoliving.com\/es\/nuevo-horario-de-verano-de-la-piazzetta-y-razones-sorprendentes-por-la-cual-debe-cenar-alli\/#article","isPartOf":{"@id":"https:\/\/casadecampoliving.com\/es\/nuevo-horario-de-verano-de-la-piazzetta-y-razones-sorprendentes-por-la-cual-debe-cenar-alli\/"},"author":{"name":"Anna Pavilsova","@id":"https:\/\/casadecampoliving.com\/es\/#\/schema\/person\/18471262c056a7d1ee6adbd125d26275"},"headline":"Nuevo horario de verano de La Piazzetta \u00a1y razones sorprendentes por la cual debe cenar all\u00ed!","datePublished":"2016-05-18T04:00:00+00:00","dateModified":"2022-10-21T22:57:38+00:00","mainEntityOfPage":{"@id":"https:\/\/casadecampoliving.com\/es\/nuevo-horario-de-verano-de-la-piazzetta-y-razones-sorprendentes-por-la-cual-debe-cenar-alli\/"},"wordCount":238,"publisher":{"@id":"https:\/\/casadecampoliving.com\/es\/#organization"},"image":{"@id":"https:\/\/casadecampoliving.com\/es\/nuevo-horario-de-verano-de-la-piazzetta-y-razones-sorprendentes-por-la-cual-debe-cenar-alli\/#primaryimage"},"thumbnailUrl":"https:\/\/i0.wp.com\/casadecampoliving.com\/wp-content\/uploads\/2022\/10\/Featured-Image-La-Piazzetta-Summer-Schedule-2016.jpg?fit=1000%2C600&ssl=1","keywords":["horario;","la piazzetta @es","restaurante italiano"],"articleSection":["Altos de Chavon @es","Comidas &amp; Bebidas","Restaurantes"],"inLanguage":"es"},{"@type":"WebPage","@id":"https:\/\/casadecampoliving.com\/es\/nuevo-horario-de-verano-de-la-piazzetta-y-razones-sorprendentes-por-la-cual-debe-cenar-alli\/","url":"https:\/\/casadecampoliving.com\/es\/nuevo-horario-de-verano-de-la-piazzetta-y-razones-sorprendentes-por-la-cual-debe-cenar-alli\/","name":"Nuevo horario de verano de La Piazzetta \u00a1y razones sorprendentes por la cual debe cenar all\u00ed! | Casa de Campo Living","isPartOf":{"@id":"https:\/\/casadecampoliving.com\/es\/#website"},"primaryImageOfPage":{"@id":"https:\/\/casadecampoliving.com\/es\/nuevo-horario-de-verano-de-la-piazzetta-y-razones-sorprendentes-por-la-cual-debe-cenar-alli\/#primaryimage"},"image":{"@id":"https:\/\/casadecampoliving.com\/es\/nuevo-horario-de-verano-de-la-piazzetta-y-razones-sorprendentes-por-la-cual-debe-cenar-alli\/#primaryimage"},"thumbnailUrl":"https:\/\/i0.wp.com\/casadecampoliving.com\/wp-content\/uploads\/2022\/10\/Featured-Image-La-Piazzetta-Summer-Schedule-2016.jpg?fit=1000%2C600&ssl=1","datePublished":"2016-05-18T04:00:00+00:00","dateModified":"2022-10-21T22:57:38+00:00","description":"Como cada a\u00f1o para esta \u00e9poca, La Piazzetta cierre durante la semana y abre s\u00f3lo en los fines de semana, de jueves a domingo. Al acercarse la temporada","breadcrumb":{"@id":"https:\/\/casadecampoliving.com\/es\/nuevo-horario-de-verano-de-la-piazzetta-y-razones-sorprendentes-por-la-cual-debe-cenar-alli\/#breadcrumb"},"inLanguage":"es","potentialAction":[{"@type":"ReadAction","target":["https:\/\/casadecampoliving.com\/es\/nuevo-horario-de-verano-de-la-piazzetta-y-razones-sorprendentes-por-la-cual-debe-cenar-alli\/"]}]},{"@type":"ImageObject","inLanguage":"es","@id":"https:\/\/casadecampoliving.com\/es\/nuevo-horario-de-verano-de-la-piazzetta-y-razones-sorprendentes-por-la-cual-debe-cenar-alli\/#primaryimage","url":"https:\/\/i0.wp.com\/casadecampoliving.com\/wp-content\/uploads\/2022\/10\/Featured-Image-La-Piazzetta-Summer-Schedule-2016.jpg?fit=1000%2C600&ssl=1","contentUrl":"https:\/\/i0.wp.com\/casadecampoliving.com\/wp-content\/uploads\/2022\/10\/Featured-Image-La-Piazzetta-Summer-Schedule-2016.jpg?fit=1000%2C600&ssl=1","width":1000,"height":600,"caption":"Featured Image La Piazzetta Summer Schedule 2016"},{"@type":"BreadcrumbList","@id":"https:\/\/casadecampoliving.com\/es\/nuevo-horario-de-verano-de-la-piazzetta-y-razones-sorprendentes-por-la-cual-debe-cenar-alli\/#breadcrumb","itemListElement":[{"@type":"ListItem","position":1,"name":"Home","item":"https:\/\/casadecampoliving.com\/es\/"},{"@type":"ListItem","position":2,"name":"Nuevo horario de verano de La Piazzetta \u00a1y razones sorprendentes por la cual debe cenar all\u00ed!"}]},{"@type":"WebSite","@id":"https:\/\/casadecampoliving.com\/es\/#website","url":"https:\/\/casadecampoliving.com\/es\/","name":"Casa de Campo Living","description":"Resort community news and resources.","publisher":{"@id":"https:\/\/casadecampoliving.com\/es\/#organization"},"potentialAction":[{"@type":"SearchAction","target":{"@type":"EntryPoint","urlTemplate":"https:\/\/casadecampoliving.com\/es\/?s={search_term_string}"},"query-input":{"@type":"PropertyValueSpecification","valueRequired":true,"valueName":"search_term_string"}}],"inLanguage":"es"},{"@type":"Organization","@id":"https:\/\/casadecampoliving.com\/es\/#organization","name":"Casa de Campo Living","url":"https:\/\/casadecampoliving.com\/es\/","logo":{"@type":"ImageObject","inLanguage":"es","@id":"https:\/\/casadecampoliving.com\/es\/#\/schema\/logo\/image\/","url":"https:\/\/i0.wp.com\/casadecampoliving.com\/wp-content\/uploads\/2022\/07\/CDCLivingLogo_V1-white-sized.png?fit=800%2C214&ssl=1","contentUrl":"https:\/\/i0.wp.com\/casadecampoliving.com\/wp-content\/uploads\/2022\/07\/CDCLivingLogo_V1-white-sized.png?fit=800%2C214&ssl=1","width":800,"height":214,"caption":"Casa de Campo Living"},"image":{"@id":"https:\/\/casadecampoliving.com\/es\/#\/schema\/logo\/image\/"},"sameAs":["https:\/\/www.facebook.com\/casadecampoliving","https:\/\/x.com\/cdcliving"]},{"@type":"Person","@id":"https:\/\/casadecampoliving.com\/es\/#\/schema\/person\/18471262c056a7d1ee6adbd125d26275","name":"Anna Pavilsova","image":{"@type":"ImageObject","inLanguage":"es","@id":"https:\/\/secure.gravatar.com\/avatar\/bd0620e5ffaea93e8727c1933c5adb433b77b6b8bf4cff105478c55b61a3e855?s=96&d=mm&r=g","url":"https:\/\/secure.gravatar.com\/avatar\/bd0620e5ffaea93e8727c1933c5adb433b77b6b8bf4cff105478c55b61a3e855?s=96&d=mm&r=g","contentUrl":"https:\/\/secure.gravatar.com\/avatar\/bd0620e5ffaea93e8727c1933c5adb433b77b6b8bf4cff105478c55b61a3e855?s=96&d=mm&r=g","caption":"Anna Pavilsova"},"url":"https:\/\/casadecampoliving.com\/es\/author\/apavilsova\/"}]}},"parsely":{"version":"1.1.0","canonical_url":"https:\/\/casadecampoliving.com\/es\/nuevo-horario-de-verano-de-la-piazzetta-y-razones-sorprendentes-por-la-cual-debe-cenar-alli\/","smart_links":{"inbound":0,"outbound":0},"traffic_boost_suggestions_count":0,"meta":{"@context":"https:\/\/schema.org","@type":"NewsArticle","headline":"Nuevo horario de verano de La Piazzetta \u00a1y razones sorprendentes por la cual debe cenar all\u00ed!","url":"http:\/\/casadecampoliving.com\/es\/nuevo-horario-de-verano-de-la-piazzetta-y-razones-sorprendentes-por-la-cual-debe-cenar-alli\/","mainEntityOfPage":{"@type":"WebPage","@id":"http:\/\/casadecampoliving.com\/es\/nuevo-horario-de-verano-de-la-piazzetta-y-razones-sorprendentes-por-la-cual-debe-cenar-alli\/"},"thumbnailUrl":"https:\/\/i0.wp.com\/casadecampoliving.com\/wp-content\/uploads\/2022\/10\/Featured-Image-La-Piazzetta-Summer-Schedule-2016.jpg?resize=150%2C150&ssl=1","image":{"@type":"ImageObject","url":"https:\/\/i0.wp.com\/casadecampoliving.com\/wp-content\/uploads\/2022\/10\/Featured-Image-La-Piazzetta-Summer-Schedule-2016.jpg?fit=1000%2C600&ssl=1"},"articleSection":"Altos de Chavon @es","author":[{"@type":"Person","name":"Anna Pavilsova"}],"creator":["Anna Pavilsova"],"publisher":{"@type":"Organization","name":"Casa de Campo Living","logo":"https:\/\/casadecampoliving.com\/wp-content\/uploads\/2022\/07\/CDCLivingLogo_V1-white-sized.png"},"keywords":["horario;","la piazzetta @es","restaurante italiano"],"dateCreated":"2016-05-18T04:00:00Z","datePublished":"2016-05-18T04:00:00Z","dateModified":"2022-10-21T22:57:38Z"},"rendered":"<script type=\"application\/ld+json\" class=\"wp-parsely-metadata\">{\"@context\":\"https:\\\/\\\/schema.org\",\"@type\":\"NewsArticle\",\"headline\":\"Nuevo horario de verano de La Piazzetta \\u00a1y razones sorprendentes por la cual debe cenar all\\u00ed!\",\"url\":\"http:\\\/\\\/casadecampoliving.com\\\/es\\\/nuevo-horario-de-verano-de-la-piazzetta-y-razones-sorprendentes-por-la-cual-debe-cenar-alli\\\/\",\"mainEntityOfPage\":{\"@type\":\"WebPage\",\"@id\":\"http:\\\/\\\/casadecampoliving.com\\\/es\\\/nuevo-horario-de-verano-de-la-piazzetta-y-razones-sorprendentes-por-la-cual-debe-cenar-alli\\\/\"},\"thumbnailUrl\":\"https:\\\/\\\/i0.wp.com\\\/casadecampoliving.com\\\/wp-content\\\/uploads\\\/2022\\\/10\\\/Featured-Image-La-Piazzetta-Summer-Schedule-2016.jpg?resize=150%2C150&ssl=1\",\"image\":{\"@type\":\"ImageObject\",\"url\":\"https:\\\/\\\/i0.wp.com\\\/casadecampoliving.com\\\/wp-content\\\/uploads\\\/2022\\\/10\\\/Featured-Image-La-Piazzetta-Summer-Schedule-2016.jpg?fit=1000%2C600&ssl=1\"},\"articleSection\":\"Altos de Chavon @es\",\"author\":[{\"@type\":\"Person\",\"name\":\"Anna Pavilsova\"}],\"creator\":[\"Anna Pavilsova\"],\"publisher\":{\"@type\":\"Organization\",\"name\":\"Casa de Campo Living\",\"logo\":\"https:\\\/\\\/casadecampoliving.com\\\/wp-content\\\/uploads\\\/2022\\\/07\\\/CDCLivingLogo_V1-white-sized.png\"},\"keywords\":[\"horario;\",\"la piazzetta @es\",\"restaurante italiano\"],\"dateCreated\":\"2016-05-18T04:00:00Z\",\"datePublished\":\"2016-05-18T04:00:00Z\",\"dateModified\":\"2022-10-21T22:57:38Z\"}<\/script>","tracker_url":"https:\/\/cdn.parsely.com\/keys\/casadecampoliving.com\/p.js"},"jetpack_publicize_connections":[],"jetpack_featured_media_url":"https:\/\/i0.wp.com\/casadecampoliving.com\/wp-content\/uploads\/2022\/10\/Featured-Image-La-Piazzetta-Summer-Schedule-2016.jpg?fit=1000%2C600&ssl=1","jetpack-related-posts":[{"id":350018,"url":"https:\/\/casadecampoliving.com\/es\/degustacion-de-vino-la-piazzetta\/","url_meta":{"origin":349830,"position":0},"title":"Una placentera degustaci\u00f3n de vinos en La Piazzetta","author":"Anna Pavilsova","date":"21 Jun, 2016","format":false,"excerpt":"El\u00a0pasado s\u00e1bado 18 de junio, La Piazzetta celebr\u00f3 su primera noche de \u201cWine and Pleasures\u201d (Vinos y Placeres). Tambi\u00e9n conocida como el \u201cPara\u00edso en la Tierra\u201d para nosotros los amantes de los vinos. La degustaci\u00f3n fue organizada por una revista argentina de vinos, Pleasures Time, quienes quer\u00eda\u00a0reunirse con amigos y\u2026","rel":"","context":"En \u00abAltos de Chavon @es\u00bb","block_context":{"text":"Altos de Chavon @es","link":"https:\/\/casadecampoliving.com\/category\/altos-de-chavon-es\/"},"img":{"alt_text":"Featured Image Wine tasting La Piazzetta","src":"https:\/\/i0.wp.com\/casadecampoliving.com\/wp-content\/uploads\/2022\/10\/Featured-Image-Wine-tasting-La-Piazzetta-1.jpg?fit=1000%2C600&ssl=1&resize=350%2C200","width":350,"height":200,"srcset":"https:\/\/i0.wp.com\/casadecampoliving.com\/wp-content\/uploads\/2022\/10\/Featured-Image-Wine-tasting-La-Piazzetta-1.jpg?fit=1000%2C600&ssl=1&resize=350%2C200 1x, https:\/\/i0.wp.com\/casadecampoliving.com\/wp-content\/uploads\/2022\/10\/Featured-Image-Wine-tasting-La-Piazzetta-1.jpg?fit=1000%2C600&ssl=1&resize=525%2C300 1.5x, https:\/\/i0.wp.com\/casadecampoliving.com\/wp-content\/uploads\/2022\/10\/Featured-Image-Wine-tasting-La-Piazzetta-1.jpg?fit=1000%2C600&ssl=1&resize=700%2C400 2x"},"classes":[]},{"id":351735,"url":"https:\/\/casadecampoliving.com\/es\/descubre-descuentos-en-restaurantes-de-casa-de-campo-con-mastercard\/","url_meta":{"origin":349830,"position":1},"title":"Descubre los descuentos que tienen los restaurantes de Casa de Campo","author":"Marlenys Guzm\u00e1n Casta\u00f1os","date":"18 Jul, 2017","format":false,"excerpt":"\u00a1Han llegado descuentos especiales para usted en algunos de sus restaurantes favoritos en Casa de Campo! Desde el 14 de julio, los siguientes men\u00fas de degustaci\u00f3n del chef est\u00e1n disponibles en La Piazzetta, Pubbelly Sushi y La Ca\u00f1a por US $ 65 durante toda la semana. Todo lo que necesitas\u2026","rel":"","context":"En \u00abAltos de Chavon @es\u00bb","block_context":{"text":"Altos de Chavon @es","link":"https:\/\/casadecampoliving.com\/category\/altos-de-chavon-es\/"},"img":{"alt_text":"La Piazzetta new summer menu","src":"https:\/\/i0.wp.com\/casadecampoliving.com\/wp-content\/uploads\/2022\/10\/IMG_2816-1.jpg?fit=1000%2C563&ssl=1&resize=350%2C200","width":350,"height":200,"srcset":"https:\/\/i0.wp.com\/casadecampoliving.com\/wp-content\/uploads\/2022\/10\/IMG_2816-1.jpg?fit=1000%2C563&ssl=1&resize=350%2C200 1x, https:\/\/i0.wp.com\/casadecampoliving.com\/wp-content\/uploads\/2022\/10\/IMG_2816-1.jpg?fit=1000%2C563&ssl=1&resize=525%2C300 1.5x, https:\/\/i0.wp.com\/casadecampoliving.com\/wp-content\/uploads\/2022\/10\/IMG_2816-1.jpg?fit=1000%2C563&ssl=1&resize=700%2C400 2x"},"classes":[]},{"id":353538,"url":"https:\/\/casadecampoliving.com\/es\/la-piazzetta-cerrado-por-mantenimiento-por-unos-dias\/","url_meta":{"origin":349830,"position":2},"title":"La Piazzetta CERRADO por mantenimiento por unos d\u00edas","author":"Casa de Campo Living","date":"8 Sep, 2019","format":false,"excerpt":"Con el tiempo, a veces las cosas necesitan cambiar, renovarse y actualizarse \u00a1para producir cosas nuevas y emocionantes! Esto es precisamente lo que hemos visto pasar con uno de nuestros lugares favoritos en Altos de Chav\u00f3n, La Piazzetta. Este maravilloso restaurante italiano aut\u00e9ntico en Altos de Chav\u00f3n es popular por\u2026","rel":"","context":"En \u00abAltos de Chavon @es\u00bb","block_context":{"text":"Altos de Chavon @es","link":"https:\/\/casadecampoliving.com\/category\/altos-de-chavon-es\/"},"img":{"alt_text":"La Piazzetta","src":"https:\/\/i0.wp.com\/casadecampoliving.com\/wp-content\/uploads\/2022\/10\/LaPiazzetta-e1508526038829.jpg?fit=1000%2C600&ssl=1&resize=350%2C200","width":350,"height":200,"srcset":"https:\/\/i0.wp.com\/casadecampoliving.com\/wp-content\/uploads\/2022\/10\/LaPiazzetta-e1508526038829.jpg?fit=1000%2C600&ssl=1&resize=350%2C200 1x, https:\/\/i0.wp.com\/casadecampoliving.com\/wp-content\/uploads\/2022\/10\/LaPiazzetta-e1508526038829.jpg?fit=1000%2C600&ssl=1&resize=525%2C300 1.5x, https:\/\/i0.wp.com\/casadecampoliving.com\/wp-content\/uploads\/2022\/10\/LaPiazzetta-e1508526038829.jpg?fit=1000%2C600&ssl=1&resize=700%2C400 2x"},"classes":[]},{"id":536894,"url":"https:\/\/casadecampoliving.com\/es\/restaurante-la-piazzetta-expande-su-experiencia-gastronomica-con-almuerzos-casuales-y-frescos\/","url_meta":{"origin":349830,"position":3},"title":"Restaurante La Piazzetta expande su experiencia gastron\u00f3mica con almuerzos casuales y frescos","author":"Mairobi Herrera","date":"28 Ene, 2025","format":false,"excerpt":"El prestigioso restaurante italiano La Piazzetta, ubicado en Altos de Chav\u00f3n, ha ampliado su oferta gastron\u00f3mica al abrir sus puertas tambi\u00e9n al mediod\u00eda. Esta nueva opci\u00f3n permitir\u00e1 a los comensales disfrutar de su propuesta culinaria en un ambiente \u00fanico con vistas espectaculares, ahora durante el almuerzo, de 12:00 p.m. a\u2026","rel":"","context":"En \u00abComidas &amp; Bebidas\u00bb","block_context":{"text":"Comidas &amp; Bebidas","link":"https:\/\/casadecampoliving.com\/es\/category\/comidas-bebidas\/"},"img":{"alt_text":"","src":"https:\/\/i0.wp.com\/casadecampoliving.com\/wp-content\/uploads\/2025\/01\/FN3A4403-Mejorado-NR-scaled.jpg?fit=1200%2C800&ssl=1&resize=350%2C200","width":350,"height":200,"srcset":"https:\/\/i0.wp.com\/casadecampoliving.com\/wp-content\/uploads\/2025\/01\/FN3A4403-Mejorado-NR-scaled.jpg?fit=1200%2C800&ssl=1&resize=350%2C200 1x, https:\/\/i0.wp.com\/casadecampoliving.com\/wp-content\/uploads\/2025\/01\/FN3A4403-Mejorado-NR-scaled.jpg?fit=1200%2C800&ssl=1&resize=525%2C300 1.5x, https:\/\/i0.wp.com\/casadecampoliving.com\/wp-content\/uploads\/2025\/01\/FN3A4403-Mejorado-NR-scaled.jpg?fit=1200%2C800&ssl=1&resize=700%2C400 2x, https:\/\/i0.wp.com\/casadecampoliving.com\/wp-content\/uploads\/2025\/01\/FN3A4403-Mejorado-NR-scaled.jpg?fit=1200%2C800&ssl=1&resize=1050%2C600 3x"},"classes":[]},{"id":350292,"url":"https:\/\/casadecampoliving.com\/es\/alba-esteve-ruiz-de-marzapane-estara-en-flavors-of-the-world\/","url_meta":{"origin":349830,"position":4},"title":"Chef estrella de Marzapane, Alba Esteve Ruiz, llega en agosto para Flavors of the World Italia","author":"Heather Lincoln","date":"29 Jul, 2016","format":false,"excerpt":"\u00a1Casa de Campo se esta preparando para la pr\u00f3xima edici\u00f3n del evento gastron\u00f3mico Flavors of the World! Hace dos semanas, disfrutamos de todo lo que nos ofrecieron los mejores chefs de Miami de Pubbelly Group, Matador Room y Alter, en la Marina y playa Minitas. El 19 y 20 de\u2026","rel":"","context":"En \u00abAltos de Chavon @es\u00bb","block_context":{"text":"Altos de Chavon @es","link":"https:\/\/casadecampoliving.com\/category\/altos-de-chavon-es\/"},"img":{"alt_text":"Flavors of the World Italy","src":"https:\/\/i0.wp.com\/casadecampoliving.com\/wp-content\/uploads\/2022\/10\/FlavorsoftheWorldItaly1.jpg?fit=939%2C563&ssl=1&resize=350%2C200","width":350,"height":200,"srcset":"https:\/\/i0.wp.com\/casadecampoliving.com\/wp-content\/uploads\/2022\/10\/FlavorsoftheWorldItaly1.jpg?fit=939%2C563&ssl=1&resize=350%2C200 1x, https:\/\/i0.wp.com\/casadecampoliving.com\/wp-content\/uploads\/2022\/10\/FlavorsoftheWorldItaly1.jpg?fit=939%2C563&ssl=1&resize=525%2C300 1.5x, https:\/\/i0.wp.com\/casadecampoliving.com\/wp-content\/uploads\/2022\/10\/FlavorsoftheWorldItaly1.jpg?fit=939%2C563&ssl=1&resize=700%2C400 2x"},"classes":[]},{"id":343470,"url":"https:\/\/casadecampoliving.com\/es\/fondues-piazzetta-altos-de-chavon\/","url_meta":{"origin":349830,"position":5},"title":"Fondues disponibles en La Piazzetta, Altos de Chavon","author":"Perkin Agramonte","date":"19 Dic, 2013","format":false,"excerpt":"\u00a1Deliciosas noticias! Una gran selecci\u00f3n\u00a0de \u201cFondues\u201d (comida t\u00edpica de Suiza que consiste en sumergir con un pincho peque\u00f1as piezas de alimentos en l\u00edquidos calientes como queso derretido, aceite o chocolate)\u00a0disponible en La Piazzetta, Altos de Chav\u00f3n. En un aut\u00e9ntico restaurante italiano en Altos de Chav\u00f3n, La Piazzetta es popular por\u2026","rel":"","context":"En \u00abAltos de Chavon @es\u00bb","block_context":{"text":"Altos de Chavon @es","link":"https:\/\/casadecampoliving.com\/category\/altos-de-chavon-es\/"},"img":{"alt_text":"fondues La Piazetta","src":"https:\/\/i0.wp.com\/casadecampoliving.com\/wp-content\/uploads\/2022\/10\/fondues-la-piazzetta-1.jpg?fit=650%2C496&ssl=1&resize=350%2C200","width":350,"height":200,"srcset":"https:\/\/i0.wp.com\/casadecampoliving.com\/wp-content\/uploads\/2022\/10\/fondues-la-piazzetta-1.jpg?fit=650%2C496&ssl=1&resize=350%2C200 1x, https:\/\/i0.wp.com\/casadecampoliving.com\/wp-content\/uploads\/2022\/10\/fondues-la-piazzetta-1.jpg?fit=650%2C496&ssl=1&resize=525%2C300 1.5x"},"classes":[]}],"jetpack_sharing_enabled":true,"_links":{"self":[{"href":"https:\/\/casadecampoliving.com\/es\/wp-json\/wp\/v2\/posts\/349830","targetHints":{"allow":["GET"]}}],"collection":[{"href":"https:\/\/casadecampoliving.com\/es\/wp-json\/wp\/v2\/posts"}],"about":[{"href":"https:\/\/casadecampoliving.com\/es\/wp-json\/wp\/v2\/types\/post"}],"author":[{"embeddable":true,"href":"https:\/\/casadecampoliving.com\/es\/wp-json\/wp\/v2\/users\/36683"}],"replies":[{"embeddable":true,"href":"https:\/\/casadecampoliving.com\/es\/wp-json\/wp\/v2\/comments?post=349830"}],"version-history":[{"count":1,"href":"https:\/\/casadecampoliving.com\/es\/wp-json\/wp\/v2\/posts\/349830\/revisions"}],"predecessor-version":[{"id":349831,"href":"https:\/\/casadecampoliving.com\/es\/wp-json\/wp\/v2\/posts\/349830\/revisions\/349831"}],"wp:featuredmedia":[{"embeddable":true,"href":"https:\/\/casadecampoliving.com\/es\/wp-json\/wp\/v2\/media\/308576"}],"wp:attachment":[{"href":"https:\/\/casadecampoliving.com\/es\/wp-json\/wp\/v2\/media?parent=349830"}],"wp:term":[{"taxonomy":"category","embeddable":true,"href":"https:\/\/casadecampoliving.com\/es\/wp-json\/wp\/v2\/categories?post=349830"},{"taxonomy":"post_tag","embeddable":true,"href":"https:\/\/casadecampoliving.com\/es\/wp-json\/wp\/v2\/tags?post=349830"},{"taxonomy":"newspack_spnsrs_tax","embeddable":true,"href":"https:\/\/casadecampoliving.com\/es\/wp-json\/wp\/v2\/newspack_spnsrs_tax?post=349830"}],"curies":[{"name":"wp","href":"https:\/\/api.w.org\/{rel}","templated":true}]}}