{"id":349812,"date":"2016-05-16T00:00:00","date_gmt":"2016-05-16T04:00:00","guid":{"rendered":"https:\/\/casadecampoliving.com\/yandel-zion-lennox-j-balvin-concierto-de-verano-casa-de-campo\/"},"modified":"2022-10-21T18:57:04","modified_gmt":"2022-10-21T22:57:04","slug":"yandel-zion-lennox-j-balvin-concierto-de-verano-casa-de-campo","status":"publish","type":"post","link":"https:\/\/casadecampoliving.com\/es\/yandel-zion-lennox-j-balvin-concierto-de-verano-casa-de-campo\/","title":{"rendered":"Zion &#038; Lennox y J.Balvin en el Concierto de Verano de Casa de Campo"},"content":{"rendered":"\n<p>Como si la noticia del concierto de Chris Brown no fuese suficiente para&nbsp;alegrarnos el lunes, \u00a1\u00a1el 25 de junio disfrutaremos de un \u00e9pico concierto de verano en el anfiteatro de Altos de Chav\u00f3n con las superestrellas del Reggaet\u00f3n J Balvin y Zion &amp; Lennox !! \u00a1Los detalles han sido confirmados en el&nbsp;calendario de eventos en l\u00ednea de Casa de Campo Resort &amp; Villas as\u00ed&nbsp;que es oficial!<\/p>\n\n\n\n<!--more-->\n\n\n\n<p>Por si no est\u00e1n familiarizados&nbsp;con la escena de Reggaet\u00f3n y Hip-Hop latina, \u00a1\u00e9sta es una&nbsp;GRAN&nbsp;NOTICIA! Estas estrellas del Reggaet\u00f3n no s\u00f3lo&nbsp;est\u00e1n \u201ccontrolando el movimiento\u201d, sino que estar\u00e1n juntos en el mismo escenario la misma noche&nbsp;como&nbsp;en los grandes festivales.<\/p>\n\n\n\n<p>Adicionalmente, estos artistas cuenta con una base de fans bastante amplia, \u00a1as\u00ed que estamos m\u00e1s que seguros&nbsp;de que este ser\u00e1 un concierto que tanto los j\u00f3venes como los adultos disfrutar\u00e1n!<\/p>\n\n\n<div class=\"wp-block-image size-full wp-image-119199\">\n<figure class=\"aligncenter is-resized\"><img loading=\"lazy\" decoding=\"async\" src=\"https:\/\/i0.wp.com\/casadecampoliving.com\/wp-content\/uploads\/2022\/10\/shutterstock_387720994.jpg?resize=1000%2C667&amp;ssl=1\" alt=\"J.Balvin\" class=\"wp-image-119199\" height=\"667\" width=\"1000\"\/><figcaption>Andrea Raffin \/ Shutterstock.com<\/figcaption><\/figure>\n<\/div>\n\n\n<p>El \u00faltimo sencillo del cantante colombiano J Balvin, \u201cBobo\u201d, \u00a1a tan s\u00f3lo 3 d\u00edas de haberse publicado en YouTube cuenta con 10 millones de <em>views<\/em>! Tambi\u00e9n tenemos que mencionar el reciente <em>remix<\/em>&nbsp;de su m\u00e1s grande \u00e9xito, \u201cGinza\u201d con los gigantes de la industria como Don Omar, Daddy Yankee, y el mismo Yandel.<\/p>\n\n\n\n<center><iframe loading=\"lazy\" src=\"https:\/\/www.youtube.com\/embed\/0GvLP2C2w9U\" width=\"560\" height=\"315\" frameborder=\"0\" allowfullscreen=\"allowfullscreen\"><\/iframe><\/center>\n\n\n\n<p><span style=\"font-weight: 400;\">Los puertorrique\u00f1os, Zion y Lennox suenan en todos lados con su \u00e9xito \u201cEmbri\u00e1game\u201d,&nbsp;pero&nbsp;\u201cPierdo La Cabeza (Remix)\u201d con&nbsp;Yandel y&nbsp;Farruko&nbsp;es el hit favorito de todos.<\/span><\/p>\n\n\n<div class=\"wp-block-image\">\n<figure class=\"aligncenter is-resized\"><img loading=\"lazy\" decoding=\"async\" src=\"https:\/\/i0.wp.com\/casadecampoliving.com\/wp-content\/uploads\/2022\/10\/13012680_1011356558901596_3166512657221559837_n.jpg?resize=851%2C315&amp;ssl=1\" alt=\"zion lennox\" class=\"wp-image-119201\" height=\"315\" width=\"851\"\/><\/figure>\n<\/div>\n\n\n<center><iframe loading=\"lazy\" src=\"https:\/\/www.youtube.com\/embed\/z5xrhePJHsg\" width=\"560\" height=\"315\" frameborder=\"0\" allowfullscreen=\"allowfullscreen\"><\/iframe><\/center>\n\n\n\n<p>\n<\/p>\n\n\n\n<p><span style=\"font-weight: 400;\">\u00a1As\u00ed que ya lo saben damas y caballeros! Prep\u00e1rense para el concierto de verano m\u00e1s grande del pa\u00eds aqu\u00ed mismo en el Anfiteatro de Altos de Chav\u00f3n en Casa de Campo \u2014 \u00a1\u00a1No se lo pueden perder!!<\/span><\/p>\n\n\n\n<p>***<strong>Corecci\u00f3n<\/strong>: Este articulo fue publicado inicialmente el 16 de mayo de 2016, y conten\u00eda informaci\u00f3n que indicaba que Yandel (m\u00fasico, escritor y productor de Reaggaet\u00f3n puertorrique\u00f1o) ser\u00eda parte del concierto de verano. La fuente de la informaci\u00f3n ha rectificado el dato, confirmando que Yandel no ser\u00e1 es parte del \u201clineup\u201d oficial del evento. Mant\u00e9ngase al tanto de pr\u00f3ximos art\u00edculos que estaremos compartiendo con informaci\u00f3n oficial de los anfitriones y productor.&nbsp;J. Balvin y&nbsp;Zion &amp; Lennox presentar\u00e1n tremendo espect\u00e1culo que no se podr\u00e1 perder!***<\/p>\n\n\n\n<blockquote><h3>Concierto de Verano de Casa de Campo<\/h3><p><strong>A presentarse<\/strong>: J Balvin, Zion &amp; Lennox<\/p><p><strong>Ubicaci\u00f3n<\/strong>: Anfiteatro de Altos de Chav\u00f3n<\/p><p><strong>Fecha<\/strong>: 25 de junio, 2016, 8pm<\/p><p>\u00a1Las boletas a\u00fan no est\u00e1n a la venta, pero est\u00e9n pendientes para m\u00e1s informaci\u00f3n!<\/p><\/blockquote>\n","protected":false},"excerpt":{"rendered":"<p>Como si la noticia del concierto de Chris Brown no fuese suficiente para&nbsp;alegrarnos el lunes, \u00a1\u00a1el 25 de junio disfrutaremos de un \u00e9pico concierto de verano en el anfiteatro de Altos de Chav\u00f3n con las superestrellas del Reggaet\u00f3n J Balvin y Zion &amp; Lennox !! \u00a1Los detalles han sido confirmados en el&nbsp;calendario de eventos en [&hellip;]<\/p>\n","protected":false},"author":34707,"featured_media":308278,"comment_status":"closed","ping_status":"closed","sticky":false,"template":"","format":"standard","meta":{"newspack_ads_suppress_ads":false,"newspack_popups_has_disabled_popups":false,"newspack_sponsor_sponsorship_scope":"","newspack_sponsor_native_byline_display":"inherit","newspack_sponsor_native_category_display":"inherit","newspack_sponsor_underwriter_style":"inherit","newspack_sponsor_underwriter_placement":"inherit","_newspack_byline_active":false,"_newspack_byline":"","newspack_hide_updated_date":false,"newspack_show_updated_date":false,"newspack_content_restriction_is_exempt":false,"newspack_featured_image_position":"","newspack_post_subtitle":"","newspack_article_summary_title":"Overview:","newspack_article_summary":"","_jetpack_memberships_contains_paid_content":false,"footnotes":"","jetpack_publicize_message":"","jetpack_publicize_feature_enabled":true,"jetpack_social_post_already_shared":false,"jetpack_social_options":{"image_generator_settings":{"template":"highway","default_image_id":0,"font":"","enabled":false},"version":2},"_wpas_customize_per_network":false},"categories":[26819,2513,2518,2522,14627,2521,2526,2501],"tags":[15387,2545,3626,2963,14736,18008,18006,18007],"newspack_spnsrs_tax":[],"class_list":["post-349812","post","type-post","status-publish","format-standard","has-post-thumbnail","hentry","category-altos-de-chavon-es","category-celebridades-es","category-conciertos-es","category-eventos-es","category-proximamente","category-republica-dominicana-2","category-titulares-es","category-vida-nocturna-es","tag-altos-de-chavon-es","tag-anfiteatro-de-altos-de-chavon","tag-casa-de-campo-es","tag-concierto","tag-featured-topview-es","tag-j-balvin-es","tag-yandel-es","tag-zion-lennox-es","entry"],"yoast_head":"<!-- This site is optimized with the Yoast SEO plugin v27.5 - https:\/\/yoast.com\/product\/yoast-seo-wordpress\/ -->\n<title>Zion &amp; Lennox y J.Balvin en el Concierto de Verano de Casa de Campo | Casa de Campo Living<\/title>\n<meta name=\"description\" content=\"Como si la noticia del concierto de Chris Brown no fuese suficiente para&nbsp;alegrarnos el lunes, \u00a1\u00a1el 25 de junio disfrutaremos de un \u00e9pico concierto de\" \/>\n<meta name=\"robots\" content=\"index, follow, max-snippet:-1, max-image-preview:large, max-video-preview:-1\" \/>\n<link rel=\"canonical\" href=\"https:\/\/casadecampoliving.com\/es\/yandel-zion-lennox-j-balvin-concierto-de-verano-casa-de-campo\/\" \/>\n<meta property=\"og:locale\" content=\"es_ES\" \/>\n<meta property=\"og:type\" content=\"article\" \/>\n<meta property=\"og:title\" content=\"Zion &amp; Lennox y J.Balvin en el Concierto de Verano de Casa de Campo | Casa de Campo Living\" \/>\n<meta property=\"og:description\" content=\"Como si la noticia del concierto de Chris Brown no fuese suficiente para&nbsp;alegrarnos el lunes, \u00a1\u00a1el 25 de junio disfrutaremos de un \u00e9pico concierto de\" \/>\n<meta property=\"og:url\" content=\"https:\/\/casadecampoliving.com\/es\/yandel-zion-lennox-j-balvin-concierto-de-verano-casa-de-campo\/\" \/>\n<meta property=\"og:site_name\" content=\"Casa de Campo Living\" \/>\n<meta property=\"article:publisher\" content=\"https:\/\/www.facebook.com\/casadecampoliving\" \/>\n<meta property=\"article:published_time\" content=\"2016-05-16T04:00:00+00:00\" \/>\n<meta property=\"article:modified_time\" content=\"2022-10-21T22:57:04+00:00\" \/>\n<meta property=\"og:image\" content=\"https:\/\/i0.wp.com\/casadecampoliving.com\/wp-content\/uploads\/2022\/10\/13062528_1017675288269723_7653925170581330253_n-e1463439243246.jpg?fit=960%2C592&ssl=1\" \/>\n\t<meta property=\"og:image:width\" content=\"960\" \/>\n\t<meta property=\"og:image:height\" content=\"592\" \/>\n\t<meta property=\"og:image:type\" content=\"image\/jpeg\" \/>\n<meta name=\"author\" content=\"Felix Guerrero\" \/>\n<meta name=\"twitter:card\" content=\"summary_large_image\" \/>\n<meta name=\"twitter:creator\" content=\"@cdcliving\" \/>\n<meta name=\"twitter:site\" content=\"@cdcliving\" \/>\n<meta name=\"twitter:label1\" content=\"Escrito por\" \/>\n\t<meta name=\"twitter:data1\" content=\"Felix Guerrero\" \/>\n\t<meta name=\"twitter:label2\" content=\"Tiempo de lectura\" \/>\n\t<meta name=\"twitter:data2\" content=\"2 minutos\" \/>\n<script type=\"application\/ld+json\" class=\"yoast-schema-graph\">{\"@context\":\"https:\\\/\\\/schema.org\",\"@graph\":[{\"@type\":\"Article\",\"@id\":\"https:\\\/\\\/casadecampoliving.com\\\/es\\\/yandel-zion-lennox-j-balvin-concierto-de-verano-casa-de-campo\\\/#article\",\"isPartOf\":{\"@id\":\"https:\\\/\\\/casadecampoliving.com\\\/es\\\/yandel-zion-lennox-j-balvin-concierto-de-verano-casa-de-campo\\\/\"},\"author\":{\"name\":\"Felix Guerrero\",\"@id\":\"https:\\\/\\\/casadecampoliving.com\\\/es\\\/#\\\/schema\\\/person\\\/0d45cfc6e376a2f15ac9a92421bd4451\"},\"headline\":\"Zion &#038; Lennox y J.Balvin en el Concierto de Verano de Casa de Campo\",\"datePublished\":\"2016-05-16T04:00:00+00:00\",\"dateModified\":\"2022-10-21T22:57:04+00:00\",\"mainEntityOfPage\":{\"@id\":\"https:\\\/\\\/casadecampoliving.com\\\/es\\\/yandel-zion-lennox-j-balvin-concierto-de-verano-casa-de-campo\\\/\"},\"wordCount\":456,\"publisher\":{\"@id\":\"https:\\\/\\\/casadecampoliving.com\\\/es\\\/#organization\"},\"image\":{\"@id\":\"https:\\\/\\\/casadecampoliving.com\\\/es\\\/yandel-zion-lennox-j-balvin-concierto-de-verano-casa-de-campo\\\/#primaryimage\"},\"thumbnailUrl\":\"https:\\\/\\\/i0.wp.com\\\/casadecampoliving.com\\\/wp-content\\\/uploads\\\/2022\\\/10\\\/13062528_1017675288269723_7653925170581330253_n-e1463439243246.jpg?fit=960%2C592&ssl=1\",\"keywords\":[\"Altos de Chavon\",\"anfiteatro de altos de chavon\",\"casa de campo @es\",\"concierto\",\"Featured-TopView @es\",\"J Balvin @es\",\"Yandel @es\",\"Zion &amp; Lennox @es\"],\"articleSection\":[\"Altos de Chavon @es\",\"Celebridades\",\"Conciertos\",\"Eventos\",\"Proximamente\",\"Rep\u00fablica Dominicana @es\",\"Titulares\",\"Vida Nocturna\"],\"inLanguage\":\"es\"},{\"@type\":\"WebPage\",\"@id\":\"https:\\\/\\\/casadecampoliving.com\\\/es\\\/yandel-zion-lennox-j-balvin-concierto-de-verano-casa-de-campo\\\/\",\"url\":\"https:\\\/\\\/casadecampoliving.com\\\/es\\\/yandel-zion-lennox-j-balvin-concierto-de-verano-casa-de-campo\\\/\",\"name\":\"Zion & Lennox y J.Balvin en el Concierto de Verano de Casa de Campo | Casa de Campo Living\",\"isPartOf\":{\"@id\":\"https:\\\/\\\/casadecampoliving.com\\\/es\\\/#website\"},\"primaryImageOfPage\":{\"@id\":\"https:\\\/\\\/casadecampoliving.com\\\/es\\\/yandel-zion-lennox-j-balvin-concierto-de-verano-casa-de-campo\\\/#primaryimage\"},\"image\":{\"@id\":\"https:\\\/\\\/casadecampoliving.com\\\/es\\\/yandel-zion-lennox-j-balvin-concierto-de-verano-casa-de-campo\\\/#primaryimage\"},\"thumbnailUrl\":\"https:\\\/\\\/i0.wp.com\\\/casadecampoliving.com\\\/wp-content\\\/uploads\\\/2022\\\/10\\\/13062528_1017675288269723_7653925170581330253_n-e1463439243246.jpg?fit=960%2C592&ssl=1\",\"datePublished\":\"2016-05-16T04:00:00+00:00\",\"dateModified\":\"2022-10-21T22:57:04+00:00\",\"description\":\"Como si la noticia del concierto de Chris Brown no fuese suficiente para&nbsp;alegrarnos el lunes, \u00a1\u00a1el 25 de junio disfrutaremos de un \u00e9pico concierto de\",\"breadcrumb\":{\"@id\":\"https:\\\/\\\/casadecampoliving.com\\\/es\\\/yandel-zion-lennox-j-balvin-concierto-de-verano-casa-de-campo\\\/#breadcrumb\"},\"inLanguage\":\"es\",\"potentialAction\":[{\"@type\":\"ReadAction\",\"target\":[\"https:\\\/\\\/casadecampoliving.com\\\/es\\\/yandel-zion-lennox-j-balvin-concierto-de-verano-casa-de-campo\\\/\"]}]},{\"@type\":\"ImageObject\",\"inLanguage\":\"es\",\"@id\":\"https:\\\/\\\/casadecampoliving.com\\\/es\\\/yandel-zion-lennox-j-balvin-concierto-de-verano-casa-de-campo\\\/#primaryimage\",\"url\":\"https:\\\/\\\/i0.wp.com\\\/casadecampoliving.com\\\/wp-content\\\/uploads\\\/2022\\\/10\\\/13062528_1017675288269723_7653925170581330253_n-e1463439243246.jpg?fit=960%2C592&ssl=1\",\"contentUrl\":\"https:\\\/\\\/i0.wp.com\\\/casadecampoliving.com\\\/wp-content\\\/uploads\\\/2022\\\/10\\\/13062528_1017675288269723_7653925170581330253_n-e1463439243246.jpg?fit=960%2C592&ssl=1\",\"width\":960,\"height\":592,\"caption\":\"Zion_Lennox\"},{\"@type\":\"BreadcrumbList\",\"@id\":\"https:\\\/\\\/casadecampoliving.com\\\/es\\\/yandel-zion-lennox-j-balvin-concierto-de-verano-casa-de-campo\\\/#breadcrumb\",\"itemListElement\":[{\"@type\":\"ListItem\",\"position\":1,\"name\":\"Home\",\"item\":\"https:\\\/\\\/casadecampoliving.com\\\/es\\\/\"},{\"@type\":\"ListItem\",\"position\":2,\"name\":\"Zion &#038; Lennox y J.Balvin en el Concierto de Verano de Casa de Campo\"}]},{\"@type\":\"WebSite\",\"@id\":\"https:\\\/\\\/casadecampoliving.com\\\/es\\\/#website\",\"url\":\"https:\\\/\\\/casadecampoliving.com\\\/es\\\/\",\"name\":\"Casa de Campo Living\",\"description\":\"Resort community news and resources.\",\"publisher\":{\"@id\":\"https:\\\/\\\/casadecampoliving.com\\\/es\\\/#organization\"},\"potentialAction\":[{\"@type\":\"SearchAction\",\"target\":{\"@type\":\"EntryPoint\",\"urlTemplate\":\"https:\\\/\\\/casadecampoliving.com\\\/es\\\/?s={search_term_string}\"},\"query-input\":{\"@type\":\"PropertyValueSpecification\",\"valueRequired\":true,\"valueName\":\"search_term_string\"}}],\"inLanguage\":\"es\"},{\"@type\":\"Organization\",\"@id\":\"https:\\\/\\\/casadecampoliving.com\\\/es\\\/#organization\",\"name\":\"Casa de Campo Living\",\"url\":\"https:\\\/\\\/casadecampoliving.com\\\/es\\\/\",\"logo\":{\"@type\":\"ImageObject\",\"inLanguage\":\"es\",\"@id\":\"https:\\\/\\\/casadecampoliving.com\\\/es\\\/#\\\/schema\\\/logo\\\/image\\\/\",\"url\":\"https:\\\/\\\/i0.wp.com\\\/casadecampoliving.com\\\/wp-content\\\/uploads\\\/2022\\\/07\\\/CDCLivingLogo_V1-white-sized.png?fit=800%2C214&ssl=1\",\"contentUrl\":\"https:\\\/\\\/i0.wp.com\\\/casadecampoliving.com\\\/wp-content\\\/uploads\\\/2022\\\/07\\\/CDCLivingLogo_V1-white-sized.png?fit=800%2C214&ssl=1\",\"width\":800,\"height\":214,\"caption\":\"Casa de Campo Living\"},\"image\":{\"@id\":\"https:\\\/\\\/casadecampoliving.com\\\/es\\\/#\\\/schema\\\/logo\\\/image\\\/\"},\"sameAs\":[\"https:\\\/\\\/www.facebook.com\\\/casadecampoliving\",\"https:\\\/\\\/x.com\\\/cdcliving\"]},{\"@type\":\"Person\",\"@id\":\"https:\\\/\\\/casadecampoliving.com\\\/es\\\/#\\\/schema\\\/person\\\/0d45cfc6e376a2f15ac9a92421bd4451\",\"name\":\"Felix Guerrero\",\"image\":{\"@type\":\"ImageObject\",\"inLanguage\":\"es\",\"@id\":\"https:\\\/\\\/secure.gravatar.com\\\/avatar\\\/14a8050b9491854cab6ae2240dcb42ad0fad787b7fa453ad0991fd1262157df3?s=96&d=mm&r=g\",\"url\":\"https:\\\/\\\/secure.gravatar.com\\\/avatar\\\/14a8050b9491854cab6ae2240dcb42ad0fad787b7fa453ad0991fd1262157df3?s=96&d=mm&r=g\",\"contentUrl\":\"https:\\\/\\\/secure.gravatar.com\\\/avatar\\\/14a8050b9491854cab6ae2240dcb42ad0fad787b7fa453ad0991fd1262157df3?s=96&d=mm&r=g\",\"caption\":\"Felix Guerrero\"},\"url\":\"https:\\\/\\\/casadecampoliving.com\\\/es\\\/author\\\/fguerrero\\\/\"}]}<\/script>\n<!-- \/ Yoast SEO plugin. -->","yoast_head_json":{"title":"Zion & Lennox y J.Balvin en el Concierto de Verano de Casa de Campo | Casa de Campo Living","description":"Como si la noticia del concierto de Chris Brown no fuese suficiente para&nbsp;alegrarnos el lunes, \u00a1\u00a1el 25 de junio disfrutaremos de un \u00e9pico concierto de","robots":{"index":"index","follow":"follow","max-snippet":"max-snippet:-1","max-image-preview":"max-image-preview:large","max-video-preview":"max-video-preview:-1"},"canonical":"https:\/\/casadecampoliving.com\/es\/yandel-zion-lennox-j-balvin-concierto-de-verano-casa-de-campo\/","og_locale":"es_ES","og_type":"article","og_title":"Zion & Lennox y J.Balvin en el Concierto de Verano de Casa de Campo | Casa de Campo Living","og_description":"Como si la noticia del concierto de Chris Brown no fuese suficiente para&nbsp;alegrarnos el lunes, \u00a1\u00a1el 25 de junio disfrutaremos de un \u00e9pico concierto de","og_url":"https:\/\/casadecampoliving.com\/es\/yandel-zion-lennox-j-balvin-concierto-de-verano-casa-de-campo\/","og_site_name":"Casa de Campo Living","article_publisher":"https:\/\/www.facebook.com\/casadecampoliving","article_published_time":"2016-05-16T04:00:00+00:00","article_modified_time":"2022-10-21T22:57:04+00:00","og_image":[{"width":960,"height":592,"url":"https:\/\/i0.wp.com\/casadecampoliving.com\/wp-content\/uploads\/2022\/10\/13062528_1017675288269723_7653925170581330253_n-e1463439243246.jpg?fit=960%2C592&ssl=1","type":"image\/jpeg"}],"author":"Felix Guerrero","twitter_card":"summary_large_image","twitter_creator":"@cdcliving","twitter_site":"@cdcliving","twitter_misc":{"Escrito por":"Felix Guerrero","Tiempo de lectura":"2 minutos"},"schema":{"@context":"https:\/\/schema.org","@graph":[{"@type":"Article","@id":"https:\/\/casadecampoliving.com\/es\/yandel-zion-lennox-j-balvin-concierto-de-verano-casa-de-campo\/#article","isPartOf":{"@id":"https:\/\/casadecampoliving.com\/es\/yandel-zion-lennox-j-balvin-concierto-de-verano-casa-de-campo\/"},"author":{"name":"Felix Guerrero","@id":"https:\/\/casadecampoliving.com\/es\/#\/schema\/person\/0d45cfc6e376a2f15ac9a92421bd4451"},"headline":"Zion &#038; Lennox y J.Balvin en el Concierto de Verano de Casa de Campo","datePublished":"2016-05-16T04:00:00+00:00","dateModified":"2022-10-21T22:57:04+00:00","mainEntityOfPage":{"@id":"https:\/\/casadecampoliving.com\/es\/yandel-zion-lennox-j-balvin-concierto-de-verano-casa-de-campo\/"},"wordCount":456,"publisher":{"@id":"https:\/\/casadecampoliving.com\/es\/#organization"},"image":{"@id":"https:\/\/casadecampoliving.com\/es\/yandel-zion-lennox-j-balvin-concierto-de-verano-casa-de-campo\/#primaryimage"},"thumbnailUrl":"https:\/\/i0.wp.com\/casadecampoliving.com\/wp-content\/uploads\/2022\/10\/13062528_1017675288269723_7653925170581330253_n-e1463439243246.jpg?fit=960%2C592&ssl=1","keywords":["Altos de Chavon","anfiteatro de altos de chavon","casa de campo @es","concierto","Featured-TopView @es","J Balvin @es","Yandel @es","Zion &amp; Lennox @es"],"articleSection":["Altos de Chavon @es","Celebridades","Conciertos","Eventos","Proximamente","Rep\u00fablica Dominicana @es","Titulares","Vida Nocturna"],"inLanguage":"es"},{"@type":"WebPage","@id":"https:\/\/casadecampoliving.com\/es\/yandel-zion-lennox-j-balvin-concierto-de-verano-casa-de-campo\/","url":"https:\/\/casadecampoliving.com\/es\/yandel-zion-lennox-j-balvin-concierto-de-verano-casa-de-campo\/","name":"Zion & Lennox y J.Balvin en el Concierto de Verano de Casa de Campo | Casa de Campo Living","isPartOf":{"@id":"https:\/\/casadecampoliving.com\/es\/#website"},"primaryImageOfPage":{"@id":"https:\/\/casadecampoliving.com\/es\/yandel-zion-lennox-j-balvin-concierto-de-verano-casa-de-campo\/#primaryimage"},"image":{"@id":"https:\/\/casadecampoliving.com\/es\/yandel-zion-lennox-j-balvin-concierto-de-verano-casa-de-campo\/#primaryimage"},"thumbnailUrl":"https:\/\/i0.wp.com\/casadecampoliving.com\/wp-content\/uploads\/2022\/10\/13062528_1017675288269723_7653925170581330253_n-e1463439243246.jpg?fit=960%2C592&ssl=1","datePublished":"2016-05-16T04:00:00+00:00","dateModified":"2022-10-21T22:57:04+00:00","description":"Como si la noticia del concierto de Chris Brown no fuese suficiente para&nbsp;alegrarnos el lunes, \u00a1\u00a1el 25 de junio disfrutaremos de un \u00e9pico concierto de","breadcrumb":{"@id":"https:\/\/casadecampoliving.com\/es\/yandel-zion-lennox-j-balvin-concierto-de-verano-casa-de-campo\/#breadcrumb"},"inLanguage":"es","potentialAction":[{"@type":"ReadAction","target":["https:\/\/casadecampoliving.com\/es\/yandel-zion-lennox-j-balvin-concierto-de-verano-casa-de-campo\/"]}]},{"@type":"ImageObject","inLanguage":"es","@id":"https:\/\/casadecampoliving.com\/es\/yandel-zion-lennox-j-balvin-concierto-de-verano-casa-de-campo\/#primaryimage","url":"https:\/\/i0.wp.com\/casadecampoliving.com\/wp-content\/uploads\/2022\/10\/13062528_1017675288269723_7653925170581330253_n-e1463439243246.jpg?fit=960%2C592&ssl=1","contentUrl":"https:\/\/i0.wp.com\/casadecampoliving.com\/wp-content\/uploads\/2022\/10\/13062528_1017675288269723_7653925170581330253_n-e1463439243246.jpg?fit=960%2C592&ssl=1","width":960,"height":592,"caption":"Zion_Lennox"},{"@type":"BreadcrumbList","@id":"https:\/\/casadecampoliving.com\/es\/yandel-zion-lennox-j-balvin-concierto-de-verano-casa-de-campo\/#breadcrumb","itemListElement":[{"@type":"ListItem","position":1,"name":"Home","item":"https:\/\/casadecampoliving.com\/es\/"},{"@type":"ListItem","position":2,"name":"Zion &#038; Lennox y J.Balvin en el Concierto de Verano de Casa de Campo"}]},{"@type":"WebSite","@id":"https:\/\/casadecampoliving.com\/es\/#website","url":"https:\/\/casadecampoliving.com\/es\/","name":"Casa de Campo Living","description":"Resort community news and resources.","publisher":{"@id":"https:\/\/casadecampoliving.com\/es\/#organization"},"potentialAction":[{"@type":"SearchAction","target":{"@type":"EntryPoint","urlTemplate":"https:\/\/casadecampoliving.com\/es\/?s={search_term_string}"},"query-input":{"@type":"PropertyValueSpecification","valueRequired":true,"valueName":"search_term_string"}}],"inLanguage":"es"},{"@type":"Organization","@id":"https:\/\/casadecampoliving.com\/es\/#organization","name":"Casa de Campo Living","url":"https:\/\/casadecampoliving.com\/es\/","logo":{"@type":"ImageObject","inLanguage":"es","@id":"https:\/\/casadecampoliving.com\/es\/#\/schema\/logo\/image\/","url":"https:\/\/i0.wp.com\/casadecampoliving.com\/wp-content\/uploads\/2022\/07\/CDCLivingLogo_V1-white-sized.png?fit=800%2C214&ssl=1","contentUrl":"https:\/\/i0.wp.com\/casadecampoliving.com\/wp-content\/uploads\/2022\/07\/CDCLivingLogo_V1-white-sized.png?fit=800%2C214&ssl=1","width":800,"height":214,"caption":"Casa de Campo Living"},"image":{"@id":"https:\/\/casadecampoliving.com\/es\/#\/schema\/logo\/image\/"},"sameAs":["https:\/\/www.facebook.com\/casadecampoliving","https:\/\/x.com\/cdcliving"]},{"@type":"Person","@id":"https:\/\/casadecampoliving.com\/es\/#\/schema\/person\/0d45cfc6e376a2f15ac9a92421bd4451","name":"Felix Guerrero","image":{"@type":"ImageObject","inLanguage":"es","@id":"https:\/\/secure.gravatar.com\/avatar\/14a8050b9491854cab6ae2240dcb42ad0fad787b7fa453ad0991fd1262157df3?s=96&d=mm&r=g","url":"https:\/\/secure.gravatar.com\/avatar\/14a8050b9491854cab6ae2240dcb42ad0fad787b7fa453ad0991fd1262157df3?s=96&d=mm&r=g","contentUrl":"https:\/\/secure.gravatar.com\/avatar\/14a8050b9491854cab6ae2240dcb42ad0fad787b7fa453ad0991fd1262157df3?s=96&d=mm&r=g","caption":"Felix Guerrero"},"url":"https:\/\/casadecampoliving.com\/es\/author\/fguerrero\/"}]}},"parsely":{"version":"1.1.0","canonical_url":"https:\/\/casadecampoliving.com\/es\/yandel-zion-lennox-j-balvin-concierto-de-verano-casa-de-campo\/","smart_links":{"inbound":0,"outbound":0},"traffic_boost_suggestions_count":0,"meta":{"@context":"https:\/\/schema.org","@type":"NewsArticle","headline":"Zion &#038; Lennox y J.Balvin en el Concierto de Verano de Casa de Campo","url":"http:\/\/casadecampoliving.com\/es\/yandel-zion-lennox-j-balvin-concierto-de-verano-casa-de-campo\/","mainEntityOfPage":{"@type":"WebPage","@id":"http:\/\/casadecampoliving.com\/es\/yandel-zion-lennox-j-balvin-concierto-de-verano-casa-de-campo\/"},"thumbnailUrl":"https:\/\/i0.wp.com\/casadecampoliving.com\/wp-content\/uploads\/2022\/10\/13062528_1017675288269723_7653925170581330253_n-e1463439243246.jpg?resize=150%2C150&ssl=1","image":{"@type":"ImageObject","url":"https:\/\/i0.wp.com\/casadecampoliving.com\/wp-content\/uploads\/2022\/10\/13062528_1017675288269723_7653925170581330253_n-e1463439243246.jpg?fit=960%2C592&ssl=1"},"articleSection":"Altos de Chavon @es","author":[{"@type":"Person","name":"Felix Guerrero"}],"creator":["Felix Guerrero"],"publisher":{"@type":"Organization","name":"Casa de Campo Living","logo":"https:\/\/casadecampoliving.com\/wp-content\/uploads\/2022\/07\/CDCLivingLogo_V1-white-sized.png"},"keywords":["altos de chavon","anfiteatro de altos de chavon","casa de campo @es","concierto","featured-topview @es","j balvin @es","yandel @es","zion &amp; lennox @es"],"dateCreated":"2016-05-16T04:00:00Z","datePublished":"2016-05-16T04:00:00Z","dateModified":"2022-10-21T22:57:04Z"},"rendered":"<script type=\"application\/ld+json\" class=\"wp-parsely-metadata\">{\"@context\":\"https:\\\/\\\/schema.org\",\"@type\":\"NewsArticle\",\"headline\":\"Zion &#038; Lennox y J.Balvin en el Concierto de Verano de Casa de Campo\",\"url\":\"http:\\\/\\\/casadecampoliving.com\\\/es\\\/yandel-zion-lennox-j-balvin-concierto-de-verano-casa-de-campo\\\/\",\"mainEntityOfPage\":{\"@type\":\"WebPage\",\"@id\":\"http:\\\/\\\/casadecampoliving.com\\\/es\\\/yandel-zion-lennox-j-balvin-concierto-de-verano-casa-de-campo\\\/\"},\"thumbnailUrl\":\"https:\\\/\\\/i0.wp.com\\\/casadecampoliving.com\\\/wp-content\\\/uploads\\\/2022\\\/10\\\/13062528_1017675288269723_7653925170581330253_n-e1463439243246.jpg?resize=150%2C150&ssl=1\",\"image\":{\"@type\":\"ImageObject\",\"url\":\"https:\\\/\\\/i0.wp.com\\\/casadecampoliving.com\\\/wp-content\\\/uploads\\\/2022\\\/10\\\/13062528_1017675288269723_7653925170581330253_n-e1463439243246.jpg?fit=960%2C592&ssl=1\"},\"articleSection\":\"Altos de Chavon @es\",\"author\":[{\"@type\":\"Person\",\"name\":\"Felix Guerrero\"}],\"creator\":[\"Felix Guerrero\"],\"publisher\":{\"@type\":\"Organization\",\"name\":\"Casa de Campo Living\",\"logo\":\"https:\\\/\\\/casadecampoliving.com\\\/wp-content\\\/uploads\\\/2022\\\/07\\\/CDCLivingLogo_V1-white-sized.png\"},\"keywords\":[\"altos de chavon\",\"anfiteatro de altos de chavon\",\"casa de campo @es\",\"concierto\",\"featured-topview @es\",\"j balvin @es\",\"yandel @es\",\"zion &amp; lennox @es\"],\"dateCreated\":\"2016-05-16T04:00:00Z\",\"datePublished\":\"2016-05-16T04:00:00Z\",\"dateModified\":\"2022-10-21T22:57:04Z\"}<\/script>","tracker_url":"https:\/\/cdn.parsely.com\/keys\/casadecampoliving.com\/p.js"},"jetpack_publicize_connections":[],"jetpack_featured_media_url":"https:\/\/i0.wp.com\/casadecampoliving.com\/wp-content\/uploads\/2022\/10\/13062528_1017675288269723_7653925170581330253_n-e1463439243246.jpg?fit=960%2C592&ssl=1","jetpack-related-posts":[{"id":433460,"url":"https:\/\/casadecampoliving.com\/es\/no-se-pierdan-el-increible-tributo-a-frank-sinatra-para-celebrar-el-40-aniversario-del-anfiteatro-altos-de-chavon\/","url_meta":{"origin":349812,"position":0},"title":"No se pierdan el incre\u00edble tributo a Frank Sinatra para celebrar el 40 aniversario del\u00a0Anfiteatro Altos de Chav\u00f3n","author":"Casa de Campo Living","date":"20 Oct, 2022","format":false,"excerpt":"Siendo uno de los escenarios m\u00e1s emblem\u00e1ticos del pa\u00eds, Casa de Campo Resort\u00ae & Villas celebra las cuatro d\u00e9cadas de aniversario de Altos de Chav\u00f3n con un tributo al gran Frank Sinatra, protagonizado por artistas invitados y una big band tal cual la que acompa\u00f1\u00f3 al artista hace 40 a\u00f1os\u2026","rel":"","context":"En \u00abUncategorized @es\u00bb","block_context":{"text":"Uncategorized @es","link":"https:\/\/casadecampoliving.com\/es\/category\/uncategorized-es\/"},"img":{"alt_text":"","src":"https:\/\/i0.wp.com\/casadecampoliving.com\/wp-content\/uploads\/2022\/10\/Tributo-Frank-Sinatra-Foto-Principal-Amaury-Sanchez-Danilo-Ginebra-Andres-Pichardo-y-Jose-Gabriel-Perez-.jpg?fit=1200%2C873&ssl=1&resize=350%2C200","width":350,"height":200,"srcset":"https:\/\/i0.wp.com\/casadecampoliving.com\/wp-content\/uploads\/2022\/10\/Tributo-Frank-Sinatra-Foto-Principal-Amaury-Sanchez-Danilo-Ginebra-Andres-Pichardo-y-Jose-Gabriel-Perez-.jpg?fit=1200%2C873&ssl=1&resize=350%2C200 1x, https:\/\/i0.wp.com\/casadecampoliving.com\/wp-content\/uploads\/2022\/10\/Tributo-Frank-Sinatra-Foto-Principal-Amaury-Sanchez-Danilo-Ginebra-Andres-Pichardo-y-Jose-Gabriel-Perez-.jpg?fit=1200%2C873&ssl=1&resize=525%2C300 1.5x, https:\/\/i0.wp.com\/casadecampoliving.com\/wp-content\/uploads\/2022\/10\/Tributo-Frank-Sinatra-Foto-Principal-Amaury-Sanchez-Danilo-Ginebra-Andres-Pichardo-y-Jose-Gabriel-Perez-.jpg?fit=1200%2C873&ssl=1&resize=700%2C400 2x, https:\/\/i0.wp.com\/casadecampoliving.com\/wp-content\/uploads\/2022\/10\/Tributo-Frank-Sinatra-Foto-Principal-Amaury-Sanchez-Danilo-Ginebra-Andres-Pichardo-y-Jose-Gabriel-Perez-.jpg?fit=1200%2C873&ssl=1&resize=1050%2C600 3x"},"classes":[]},{"id":350038,"url":"https:\/\/casadecampoliving.com\/es\/j-balvin-zion-y-lennox-sabado\/","url_meta":{"origin":349812,"position":1},"title":"\u00a1Termin\u00f3 la espera! \u00a1J Balvin y Zion &#038; Lennox en Chav\u00f3n este s\u00e1bado!","author":"Felix Guerrero","date":"24 Jun, 2016","format":false,"excerpt":"\u00a1Este s\u00e1bado todos los caminos conducen al anfiteatro de Altos de Chav\u00f3n para disfrutar del concierto de verano de Casa de Campo con Zion & Lennox y J Balvin! Despu\u00e9s de varias semanas esper\u00e1ndolo, ya estamos a ley de s\u00f3lo un d\u00eda para disfrutar de una experiencia inolvidable. Despu\u00e9s de\u2026","rel":"","context":"En \u00abAltos de Chavon @es\u00bb","block_context":{"text":"Altos de Chavon @es","link":"https:\/\/casadecampoliving.com\/category\/altos-de-chavon-es\/"},"img":{"alt_text":"Featured Image J Balvin and Zion y Lennox Reminder","src":"https:\/\/i0.wp.com\/casadecampoliving.com\/wp-content\/uploads\/2022\/10\/Featured-Image-J-Balvin-and-Zion-y-Lennox-Reminder.jpg?fit=1000%2C600&ssl=1&resize=350%2C200","width":350,"height":200,"srcset":"https:\/\/i0.wp.com\/casadecampoliving.com\/wp-content\/uploads\/2022\/10\/Featured-Image-J-Balvin-and-Zion-y-Lennox-Reminder.jpg?fit=1000%2C600&ssl=1&resize=350%2C200 1x, https:\/\/i0.wp.com\/casadecampoliving.com\/wp-content\/uploads\/2022\/10\/Featured-Image-J-Balvin-and-Zion-y-Lennox-Reminder.jpg?fit=1000%2C600&ssl=1&resize=525%2C300 1.5x, https:\/\/i0.wp.com\/casadecampoliving.com\/wp-content\/uploads\/2022\/10\/Featured-Image-J-Balvin-and-Zion-y-Lennox-Reminder.jpg?fit=1000%2C600&ssl=1&resize=700%2C400 2x"},"classes":[]},{"id":349896,"url":"https:\/\/casadecampoliving.com\/es\/los-conciertos-en-casa-continuan-con-carlos-vives-en-septiembre\/","url_meta":{"origin":349812,"position":2},"title":"\u00a1Los conciertos en Casa contin\u00faan con Carlos Vives en Septiembre!","author":"Marlenys Guzm\u00e1n Casta\u00f1os","date":"30 May, 2016","format":false,"excerpt":"\u00bfAdivinen quien se estar\u00e1 presentando tambi\u00e9n en el Anfiteatro de Altos de Chav\u00f3n este a\u00f1o? \u00a1Carlos Vives! El popular artista de Colombia presentar\u00e1 su gira m\u00e1s reciente el 17 de septiembre. Esta informaci\u00f3n fue suministrada por Gamal Hach\u00e9,\u00a0durante\u00a0el coctel de Due\u00f1os Casa de Campo Resorte and Villas el pasado jueves\u2026","rel":"","context":"En \u00abAltos de Chavon @es\u00bb","block_context":{"text":"Altos de Chavon @es","link":"https:\/\/casadecampoliving.com\/category\/altos-de-chavon-es\/"},"img":{"alt_text":"Carlos Vives","src":"https:\/\/i0.wp.com\/casadecampoliving.com\/wp-content\/uploads\/2022\/10\/Carlos-Vives-4.jpg?fit=630%2C472&ssl=1&resize=350%2C200","width":350,"height":200,"srcset":"https:\/\/i0.wp.com\/casadecampoliving.com\/wp-content\/uploads\/2022\/10\/Carlos-Vives-4.jpg?fit=630%2C472&ssl=1&resize=350%2C200 1x, https:\/\/i0.wp.com\/casadecampoliving.com\/wp-content\/uploads\/2022\/10\/Carlos-Vives-4.jpg?fit=630%2C472&ssl=1&resize=525%2C300 1.5x"},"classes":[]},{"id":350068,"url":"https:\/\/casadecampoliving.com\/es\/j-balvin-zion-lennox-vin-diesel\/","url_meta":{"origin":349812,"position":3},"title":"\u00a1Las piedras de Chav\u00f3n retumbaron a ritmo de J Balvin, Zion &#038; Lennox incluso Vin Diesel!","author":"Felix Guerrero","date":"27 Jun, 2016","format":false,"excerpt":"Despu\u00e9s de 2 d\u00edas del asombroso Concierto de Verano de Casa de Campo, \u00a1a\u00fan sigo asombrado con lo INCRE\u00cdBLE que fue! \u2014 A casa llena, el Anfiteatro de Altos de Chav\u00f3n recibi\u00f3 a J Balvin, Zion & Lennox y hasta Vin Diesel quienes nos regalaron una noche de pura energ\u00eda\u2026","rel":"","context":"En \u00abAltos de Chavon @es\u00bb","block_context":{"text":"Altos de Chavon @es","link":"https:\/\/casadecampoliving.com\/category\/altos-de-chavon-es\/"},"img":{"alt_text":"","src":"https:\/\/i0.wp.com\/casadecampoliving.com\/wp-content\/uploads\/2022\/10\/IMG_2251-1-scaled.jpg?fit=1200%2C800&ssl=1&resize=350%2C200","width":350,"height":200,"srcset":"https:\/\/i0.wp.com\/casadecampoliving.com\/wp-content\/uploads\/2022\/10\/IMG_2251-1-scaled.jpg?fit=1200%2C800&ssl=1&resize=350%2C200 1x, https:\/\/i0.wp.com\/casadecampoliving.com\/wp-content\/uploads\/2022\/10\/IMG_2251-1-scaled.jpg?fit=1200%2C800&ssl=1&resize=525%2C300 1.5x, https:\/\/i0.wp.com\/casadecampoliving.com\/wp-content\/uploads\/2022\/10\/IMG_2251-1-scaled.jpg?fit=1200%2C800&ssl=1&resize=700%2C400 2x, https:\/\/i0.wp.com\/casadecampoliving.com\/wp-content\/uploads\/2022\/10\/IMG_2251-1-scaled.jpg?fit=1200%2C800&ssl=1&resize=1050%2C600 3x"},"classes":[]},{"id":349952,"url":"https:\/\/casadecampoliving.com\/es\/afterparties-conciertos-genesis-nightclub\/","url_meta":{"origin":349812,"position":4},"title":"\u00a1Afterparties Oficiales de los Conciertos de Verano en Genesis Nightclub!","author":"Felix Guerrero","date":"8 Jun, 2016","format":false,"excerpt":"No hay duda alguna de que Genesis Nightclub es el lugar indicado cuando se trata de fiestas aqu\u00ed en Casa de Campo. Ya hace un tiempo hemos estado compartiendo con ustedes los line-ups\u00a0de\u00a0las\u00a0incre\u00edbles fiestas que preparan para nosotros un fin de semana tras otro; \u00a1todas con el objetivo de que\u2026","rel":"","context":"En \u00abAltos de Chavon @es\u00bb","block_context":{"text":"Altos de Chavon @es","link":"https:\/\/casadecampoliving.com\/category\/altos-de-chavon-es\/"},"img":{"alt_text":"Featured Image Genesis Nightclub Concerts Afterparties","src":"https:\/\/i0.wp.com\/casadecampoliving.com\/wp-content\/uploads\/2022\/10\/Featured-Image-Genesis-Nightclub-Concerts-Afterparties.jpg?fit=1000%2C600&ssl=1&resize=350%2C200","width":350,"height":200,"srcset":"https:\/\/i0.wp.com\/casadecampoliving.com\/wp-content\/uploads\/2022\/10\/Featured-Image-Genesis-Nightclub-Concerts-Afterparties.jpg?fit=1000%2C600&ssl=1&resize=350%2C200 1x, https:\/\/i0.wp.com\/casadecampoliving.com\/wp-content\/uploads\/2022\/10\/Featured-Image-Genesis-Nightclub-Concerts-Afterparties.jpg?fit=1000%2C600&ssl=1&resize=525%2C300 1.5x, https:\/\/i0.wp.com\/casadecampoliving.com\/wp-content\/uploads\/2022\/10\/Featured-Image-Genesis-Nightclub-Concerts-Afterparties.jpg?fit=1000%2C600&ssl=1&resize=700%2C400 2x"},"classes":[]},{"id":327412,"url":"https:\/\/casadecampoliving.com\/yandel-zion-lennox-j-balvin-set-perform-casa-de-campos-summer-concert\/","url_meta":{"origin":349812,"position":5},"title":"Zion &#038; Lennox and J.Balvin are set to perform at Casa de Campo&#8217;s Summer Concert!","author":"Carla Campos","date":"16 May, 2016","format":false,"excerpt":"As if the announcement of Chris Brown\u2019s concert were not enough for Monday excitement in Casa, an epic Summer concert with Reggaet\u00f3n superstars J. Balvin and Zion\u00a0& Lennox\u00a0is set to happen on June 25th at the Altos de Chav\u00f3n Amphitheatre as well! The details have been confirmed on the Casa\u2026","rel":"","context":"En \u00abAltos de Chavon\u00bb","block_context":{"text":"Altos de Chavon","link":"https:\/\/casadecampoliving.com\/category\/altos-de-chavon\/"},"img":{"alt_text":"Zion_Lennox","src":"https:\/\/i0.wp.com\/casadecampoliving.com\/wp-content\/uploads\/2022\/10\/13062528_1017675288269723_7653925170581330253_n-e1463439243246.jpg?fit=960%2C592&ssl=1&resize=350%2C200","width":350,"height":200,"srcset":"https:\/\/i0.wp.com\/casadecampoliving.com\/wp-content\/uploads\/2022\/10\/13062528_1017675288269723_7653925170581330253_n-e1463439243246.jpg?fit=960%2C592&ssl=1&resize=350%2C200 1x, https:\/\/i0.wp.com\/casadecampoliving.com\/wp-content\/uploads\/2022\/10\/13062528_1017675288269723_7653925170581330253_n-e1463439243246.jpg?fit=960%2C592&ssl=1&resize=525%2C300 1.5x, https:\/\/i0.wp.com\/casadecampoliving.com\/wp-content\/uploads\/2022\/10\/13062528_1017675288269723_7653925170581330253_n-e1463439243246.jpg?fit=960%2C592&ssl=1&resize=700%2C400 2x"},"classes":[]}],"jetpack_sharing_enabled":true,"_links":{"self":[{"href":"https:\/\/casadecampoliving.com\/es\/wp-json\/wp\/v2\/posts\/349812","targetHints":{"allow":["GET"]}}],"collection":[{"href":"https:\/\/casadecampoliving.com\/es\/wp-json\/wp\/v2\/posts"}],"about":[{"href":"https:\/\/casadecampoliving.com\/es\/wp-json\/wp\/v2\/types\/post"}],"author":[{"embeddable":true,"href":"https:\/\/casadecampoliving.com\/es\/wp-json\/wp\/v2\/users\/34707"}],"replies":[{"embeddable":true,"href":"https:\/\/casadecampoliving.com\/es\/wp-json\/wp\/v2\/comments?post=349812"}],"version-history":[{"count":1,"href":"https:\/\/casadecampoliving.com\/es\/wp-json\/wp\/v2\/posts\/349812\/revisions"}],"predecessor-version":[{"id":349813,"href":"https:\/\/casadecampoliving.com\/es\/wp-json\/wp\/v2\/posts\/349812\/revisions\/349813"}],"wp:featuredmedia":[{"embeddable":true,"href":"https:\/\/casadecampoliving.com\/es\/wp-json\/wp\/v2\/media\/308278"}],"wp:attachment":[{"href":"https:\/\/casadecampoliving.com\/es\/wp-json\/wp\/v2\/media?parent=349812"}],"wp:term":[{"taxonomy":"category","embeddable":true,"href":"https:\/\/casadecampoliving.com\/es\/wp-json\/wp\/v2\/categories?post=349812"},{"taxonomy":"post_tag","embeddable":true,"href":"https:\/\/casadecampoliving.com\/es\/wp-json\/wp\/v2\/tags?post=349812"},{"taxonomy":"newspack_spnsrs_tax","embeddable":true,"href":"https:\/\/casadecampoliving.com\/es\/wp-json\/wp\/v2\/newspack_spnsrs_tax?post=349812"}],"curies":[{"name":"wp","href":"https:\/\/api.w.org\/{rel}","templated":true}]}}