{"id":349801,"date":"2016-05-13T00:00:00","date_gmt":"2016-05-13T04:00:00","guid":{"rendered":"https:\/\/casadecampoliving.com\/proximamento-casa-de-campo-sabores-del-mundo\/"},"modified":"2022-10-21T19:07:07","modified_gmt":"2022-10-21T23:07:07","slug":"proximamento-casa-de-campo-sabores-del-mundo","status":"publish","type":"post","link":"https:\/\/casadecampoliving.com\/es\/proximamento-casa-de-campo-sabores-del-mundo\/","title":{"rendered":"Casa de Campo, nos trae una selecci\u00f3n de incre\u00edbles chefs con \u00abSabores del Mundo\u00bb"},"content":{"rendered":"\n<p><span style=\"font-weight: 400;\">\u00a1\u00a1Amantes de la comida les traemos noticias!! La semana pasada tuvimos <\/span><a href=\"https:\/\/casadecampoliving.com\/es\/proximamente-cata-cena-y-maridaje-con-los-mejores-chefs-de-rd\/\"><span style=\"font-weight: 400;\">la cena de degustaci\u00f3n y de maridaje con tres grandes chefs, <\/span><\/a><span style=\"font-weight: 400;\">nuestro chef ejecutivo Anthony Masas, junto con Joaqu\u00edn Renovales, el chef ejecutivo del restaurante Grupo SBG, y Erik Malmsten, el chef ejecutivo del restaurante Olivia, en La Piazzetta. \u00a1Bueno, la pr\u00f3xima semana habr\u00e1 m\u00e1s comida en Casa!<\/span><\/p>\n\n\n\n<p><\/p>\n\n\n\n<!--more-->\n\n\n\n<p><span style=\"font-weight: 400;\">\u201cFlavors of the World\u201d (Sabores del Mundo), es un viaje gastron\u00f3mico que destaca un sin n\u00famero de opciones de alta cocina, gourmet, casual que estar\u00e1 disponible en Casa de Campo. Este evento se dividir\u00e1 en actividades mensuales hasta noviembre donde chefs de renombre internacional trabajar\u00e1n junto con el equipo de cocina creativa del resort, dirigido por el chef ejecutivo Anthony Masas, honrando la gastronom\u00eda y cultura de los distintos pa\u00edses. Esto nos da la oportunidad a nosotros, los amantes de la cocina, de conocer a estos mundialmente reconocidos y talentosos chefs \u00a1y adem\u00e1s disfrutar de deliciosas creaciones culinarias!<\/span><\/p>\n\n\n<div class=\"wp-block-image\">\n<figure class=\"aligncenter is-resized\"><img loading=\"lazy\" decoding=\"async\" src=\"https:\/\/i0.wp.com\/casadecampoliving.com\/wp-content\/uploads\/2022\/10\/Coal-Roasted-Amber-jack.jpg?resize=1000%2C600&amp;ssl=1\" alt=\"Coal Roasted Amber jack\" class=\"wp-image-119148\" height=\"600\" width=\"1000\"\/><\/figure>\n<\/div>\n\n\n<p><span style=\"font-weight: 400;\">El primer evento se llevar\u00e1 a cabo a partir del 20 \u2013 22 mayo con el chef de dos estrellas Michelin Fernando Arellano de Espa\u00f1a&nbsp;<\/span><span style=\"font-weight: 400;\">conocido por su inicio contempor\u00e1neo en la cocina de Mallorca, representar\u00e1 los sabores de su pa\u00eds natal a trav\u00e9s de dos men\u00fas de cena el viernes y S\u00e1bado por la noche en el Beach Club by le Cirque. Adem\u00e1s, el chef Arellano y el Chef Masas colaborar\u00e1n especialmente para los hu\u00e9spedes con actividades culinarias el s\u00e1bado por la tarde y el domingo por la ma\u00f1ana con un servicio especial de Brunch. <\/span><\/p>\n\n\n<div class=\"wp-block-image\">\n<figure class=\"aligncenter is-resized\"><img loading=\"lazy\" decoding=\"async\" src=\"https:\/\/i0.wp.com\/casadecampoliving.com\/wp-content\/uploads\/2022\/10\/Huevo-negro.jpg?resize=1000%2C600&amp;ssl=1\" alt=\"Huevo negro\" class=\"wp-image-119149\" height=\"600\" width=\"1000\"\/><\/figure>\n<\/div>\n\n\n<p><span style=\"font-weight: 400;\">No se pierda el primero de los eventos mensuales que Casa de Campo y \u201cSabores del Mundo\u201d ha preparado para nosotros. <\/span><span style=\"font-weight: 400;\">Para reservaciones por favor contactar al 809 523 3333 ext 3165 y 3166. Tambi\u00e9n puede visitar la p\u00e1gina <\/span><a href=\"http:\/\/www.casadecampo.com.do\"><span style=\"font-weight: 400;\">www.casadecampo.com.do<\/span><\/a><span style=\"font-weight: 400;\">. \u00a1<\/span><span style=\"font-weight: 400;\">Mant\u00e9ngase atento a nuestro anuncio del pr\u00f3ximo evento!<\/span><\/p>\n\n\n\n<blockquote><figure><img decoding=\"async\" loading=\"lazy\" class=\"alignright wp-image-119152\" src=\"https:\/\/i0.wp.com\/casadecampoliving.com\/wp-content\/uploads\/2022\/10\/Chef-Fernando-Arellano-Flavors-of-the-World.jpg?resize=300%2C450&amp;ssl=1\" alt=\"Chef Fernando Arellano Flavors of the World\" width=\"300\" height=\"450\"><\/figure><p><strong>Chef de Dos Estrellas Michel\u00edn Fernando Arellano <\/strong><\/p><p style=\"text-align: justify;\"><span style=\"font-weight: 400;\">Con un incre\u00edble resume, con referencias como \u201cPatrick Guilbaud\u201d (Dubl\u00edn), \u201cLe Gavroche\u201d (Londres), \u201cDon Alfonso 1890\u201d (N\u00e1poles), \u201cMaison Pic\u201d (Valence) y \u201cCan Fabes\u201d (Barcelona) entre otros, le otorgan la experiencia necesario para, a la temprana edad de 27 a\u00f1os, de comenzar su propio proyecto Zaranda que abri\u00f3 en 2005 en <\/span><span style=\"font-weight: 400;\">San Bernardino, Madrid. Solo un a\u00f1o despu\u00e9s consigui\u00f3 su primera estrella Michelin. Tras 5 a\u00f1os en Madrid el restaurante se movi\u00f3, junto a todo su equipo, a Mallorca, y ahora se encuentra en Castell Son Claret. Ahora, 10 a\u00f1os despu\u00e9s, en el 2015 Zaranda fue galardonado su segunda estrella Michelin. Algunas de sus especialidades son: el \u201cHuevo Negro\u201d (arriba la foto), \u201cLos tres cerditos\u201d, la Burrata Zaranda, y la elegante \u201cOstra Maj\u00f3rica\u201d. Para conocer mas de Zaranda, visite su p\u00e1gina web <\/span><a href=\"http:\/\/www.zaranda.es\/\"><span style=\"font-weight: 400;\">zaranda.es<\/span><\/a><span style=\"font-weight: 400;\">.<\/span><\/p><\/blockquote>\n\n\n\n<blockquote class=\"wp-block-quote is-layout-flow wp-block-quote-is-layout-flow\"><p><b>Sabores del Mundo<\/b><\/p><p><span style=\"font-weight: 400;\"><strong>Fecha:<\/strong> 20 \u2013 22 de <\/span><span style=\"font-weight: 400;\">Mayo<\/span><\/p><p><span style=\"font-weight: 400;\"><strong>Ubicaci\u00f3n:<\/strong> Beach Club by Le Cirque, Minitas Beach, Casa de Campo<\/span><\/p><p><span style=\"font-weight: 400;\"><strong>Chef:<\/strong>&nbsp;Fernando Arellano <\/span><\/p><p><span style=\"font-weight: 400;\">Para m\u00e1s informaci\u00f3n o reservaciones contacte: (<\/span><span style=\"font-weight: 400;\">809) 523 3333 Ext. 3165 y 3166 <\/span><span style=\"font-weight: 400;\">o visite la p\u00e1gina <\/span><a href=\"http:\/\/www.casadecampo.com.do\"><span style=\"font-weight: 400;\">www.casadecampo.com.do<\/span><\/a><span style=\"font-weight: 400;\">. <\/span><\/p><\/blockquote>\n","protected":false},"excerpt":{"rendered":"<p>\u00a1\u00a1Amantes de la comida les traemos noticias!! La semana pasada tuvimos la cena de degustaci\u00f3n y de maridaje con tres grandes chefs, nuestro chef ejecutivo Anthony Masas, junto con Joaqu\u00edn Renovales, el chef ejecutivo del restaurante Grupo SBG, y Erik Malmsten, el chef ejecutivo del restaurante Olivia, en La Piazzetta. \u00a1Bueno, la pr\u00f3xima semana habr\u00e1 [&hellip;]<\/p>\n","protected":false},"author":36682,"featured_media":307960,"comment_status":"closed","ping_status":"closed","sticky":false,"template":"","format":"standard","meta":{"newspack_ads_suppress_ads":false,"newspack_popups_has_disabled_popups":false,"newspack_sponsor_sponsorship_scope":"","newspack_sponsor_native_byline_display":"inherit","newspack_sponsor_native_category_display":"inherit","newspack_sponsor_underwriter_style":"inherit","newspack_sponsor_underwriter_placement":"inherit","_newspack_byline_active":false,"_newspack_byline":"","newspack_hide_updated_date":false,"newspack_show_updated_date":false,"newspack_content_restriction_is_exempt":false,"newspack_featured_image_position":"","newspack_post_subtitle":"","newspack_article_summary_title":"Overview:","newspack_article_summary":"","_jetpack_memberships_contains_paid_content":false,"footnotes":"","jetpack_publicize_message":"","jetpack_publicize_feature_enabled":true,"jetpack_social_post_already_shared":false,"jetpack_social_options":{"image_generator_settings":{"template":"highway","default_image_id":0,"font":"","enabled":false},"version":2},"_wpas_customize_per_network":false},"categories":[14629,2522,14627,2521,26822,2520],"tags":[3750,3626,14736,17991],"newspack_spnsrs_tax":[],"class_list":["post-349801","post","type-post","status-publish","format-standard","has-post-thumbnail","hentry","category-comidas-bebidas","category-eventos-es","category-proximamente","category-republica-dominicana-2","category-resort-casa-de-campo","category-restaurantes-es","tag-beach-club-by-le-cirque-es","tag-casa-de-campo-es","tag-featured-topview-es","tag-sabores-del-mundo","entry"],"yoast_head":"<!-- This site is optimized with the Yoast SEO plugin v27.5 - https:\/\/yoast.com\/product\/yoast-seo-wordpress\/ -->\n<title>Casa de Campo, nos trae una selecci\u00f3n de incre\u00edbles chefs con &quot;Sabores del Mundo&quot; | Casa de Campo Living<\/title>\n<meta name=\"description\" content=\"\u00a1\u00a1Amantes de la comida les traemos noticias!! La semana pasada tuvimos la cena de degustaci\u00f3n y de maridaje con tres grandes chefs, nuestro chef ejecutivo\" \/>\n<meta name=\"robots\" content=\"index, follow, max-snippet:-1, max-image-preview:large, max-video-preview:-1\" \/>\n<link rel=\"canonical\" href=\"https:\/\/casadecampoliving.com\/es\/proximamento-casa-de-campo-sabores-del-mundo\/\" \/>\n<meta property=\"og:locale\" content=\"es_ES\" \/>\n<meta property=\"og:type\" content=\"article\" \/>\n<meta property=\"og:title\" content=\"Casa de Campo, nos trae una selecci\u00f3n de incre\u00edbles chefs con &quot;Sabores del Mundo&quot; | Casa de Campo Living\" \/>\n<meta property=\"og:description\" content=\"\u00a1\u00a1Amantes de la comida les traemos noticias!! La semana pasada tuvimos la cena de degustaci\u00f3n y de maridaje con tres grandes chefs, nuestro chef ejecutivo\" \/>\n<meta property=\"og:url\" content=\"https:\/\/casadecampoliving.com\/es\/proximamento-casa-de-campo-sabores-del-mundo\/\" \/>\n<meta property=\"og:site_name\" content=\"Casa de Campo Living\" \/>\n<meta property=\"article:publisher\" content=\"https:\/\/www.facebook.com\/casadecampoliving\" \/>\n<meta property=\"article:published_time\" content=\"2016-05-13T04:00:00+00:00\" \/>\n<meta property=\"article:modified_time\" content=\"2022-10-21T23:07:07+00:00\" \/>\n<meta property=\"og:image\" content=\"https:\/\/i0.wp.com\/casadecampoliving.com\/wp-content\/uploads\/2022\/10\/Featured-Image-Flavors-of-the-World.jpg?fit=1000%2C600&ssl=1\" \/>\n\t<meta property=\"og:image:width\" content=\"1000\" \/>\n\t<meta property=\"og:image:height\" content=\"600\" \/>\n\t<meta property=\"og:image:type\" content=\"image\/jpeg\" \/>\n<meta name=\"author\" content=\"Marlenys Guzm\u00e1n Casta\u00f1os\" \/>\n<meta name=\"twitter:card\" content=\"summary_large_image\" \/>\n<meta name=\"twitter:creator\" content=\"@cdcliving\" \/>\n<meta name=\"twitter:site\" content=\"@cdcliving\" \/>\n<meta name=\"twitter:label1\" content=\"Escrito por\" \/>\n\t<meta name=\"twitter:data1\" content=\"Marlenys Guzm\u00e1n Casta\u00f1os\" \/>\n\t<meta name=\"twitter:label2\" content=\"Tiempo de lectura\" \/>\n\t<meta name=\"twitter:data2\" content=\"3 minutos\" \/>\n<script type=\"application\/ld+json\" class=\"yoast-schema-graph\">{\"@context\":\"https:\\\/\\\/schema.org\",\"@graph\":[{\"@type\":\"Article\",\"@id\":\"https:\\\/\\\/casadecampoliving.com\\\/es\\\/proximamento-casa-de-campo-sabores-del-mundo\\\/#article\",\"isPartOf\":{\"@id\":\"https:\\\/\\\/casadecampoliving.com\\\/es\\\/proximamento-casa-de-campo-sabores-del-mundo\\\/\"},\"author\":{\"name\":\"Marlenys Guzm\u00e1n Casta\u00f1os\",\"@id\":\"https:\\\/\\\/casadecampoliving.com\\\/es\\\/#\\\/schema\\\/person\\\/b6606bd87f9cec8f5903e2141cafda24\"},\"headline\":\"Casa de Campo, nos trae una selecci\u00f3n de incre\u00edbles chefs con \u00abSabores del Mundo\u00bb\",\"datePublished\":\"2016-05-13T04:00:00+00:00\",\"dateModified\":\"2022-10-21T23:07:07+00:00\",\"mainEntityOfPage\":{\"@id\":\"https:\\\/\\\/casadecampoliving.com\\\/es\\\/proximamento-casa-de-campo-sabores-del-mundo\\\/\"},\"wordCount\":525,\"publisher\":{\"@id\":\"https:\\\/\\\/casadecampoliving.com\\\/es\\\/#organization\"},\"image\":{\"@id\":\"https:\\\/\\\/casadecampoliving.com\\\/es\\\/proximamento-casa-de-campo-sabores-del-mundo\\\/#primaryimage\"},\"thumbnailUrl\":\"https:\\\/\\\/i0.wp.com\\\/casadecampoliving.com\\\/wp-content\\\/uploads\\\/2022\\\/10\\\/Featured-Image-Flavors-of-the-World.jpg?fit=1000%2C600&ssl=1\",\"keywords\":[\"beach club by le cirque @es\",\"casa de campo @es\",\"Featured-TopView @es\",\"Sabores del Mundo\"],\"articleSection\":[\"Comidas &amp; Bebidas\",\"Eventos\",\"Proximamente\",\"Rep\u00fablica Dominicana @es\",\"Resort Casa de Campo\",\"Restaurantes\"],\"inLanguage\":\"es\"},{\"@type\":\"WebPage\",\"@id\":\"https:\\\/\\\/casadecampoliving.com\\\/es\\\/proximamento-casa-de-campo-sabores-del-mundo\\\/\",\"url\":\"https:\\\/\\\/casadecampoliving.com\\\/es\\\/proximamento-casa-de-campo-sabores-del-mundo\\\/\",\"name\":\"Casa de Campo, nos trae una selecci\u00f3n de incre\u00edbles chefs con \\\"Sabores del Mundo\\\" | Casa de Campo Living\",\"isPartOf\":{\"@id\":\"https:\\\/\\\/casadecampoliving.com\\\/es\\\/#website\"},\"primaryImageOfPage\":{\"@id\":\"https:\\\/\\\/casadecampoliving.com\\\/es\\\/proximamento-casa-de-campo-sabores-del-mundo\\\/#primaryimage\"},\"image\":{\"@id\":\"https:\\\/\\\/casadecampoliving.com\\\/es\\\/proximamento-casa-de-campo-sabores-del-mundo\\\/#primaryimage\"},\"thumbnailUrl\":\"https:\\\/\\\/i0.wp.com\\\/casadecampoliving.com\\\/wp-content\\\/uploads\\\/2022\\\/10\\\/Featured-Image-Flavors-of-the-World.jpg?fit=1000%2C600&ssl=1\",\"datePublished\":\"2016-05-13T04:00:00+00:00\",\"dateModified\":\"2022-10-21T23:07:07+00:00\",\"description\":\"\u00a1\u00a1Amantes de la comida les traemos noticias!! La semana pasada tuvimos la cena de degustaci\u00f3n y de maridaje con tres grandes chefs, nuestro chef ejecutivo\",\"breadcrumb\":{\"@id\":\"https:\\\/\\\/casadecampoliving.com\\\/es\\\/proximamento-casa-de-campo-sabores-del-mundo\\\/#breadcrumb\"},\"inLanguage\":\"es\",\"potentialAction\":[{\"@type\":\"ReadAction\",\"target\":[\"https:\\\/\\\/casadecampoliving.com\\\/es\\\/proximamento-casa-de-campo-sabores-del-mundo\\\/\"]}]},{\"@type\":\"ImageObject\",\"inLanguage\":\"es\",\"@id\":\"https:\\\/\\\/casadecampoliving.com\\\/es\\\/proximamento-casa-de-campo-sabores-del-mundo\\\/#primaryimage\",\"url\":\"https:\\\/\\\/i0.wp.com\\\/casadecampoliving.com\\\/wp-content\\\/uploads\\\/2022\\\/10\\\/Featured-Image-Flavors-of-the-World.jpg?fit=1000%2C600&ssl=1\",\"contentUrl\":\"https:\\\/\\\/i0.wp.com\\\/casadecampoliving.com\\\/wp-content\\\/uploads\\\/2022\\\/10\\\/Featured-Image-Flavors-of-the-World.jpg?fit=1000%2C600&ssl=1\",\"width\":1000,\"height\":600,\"caption\":\"Featured Image Flavors of the World\"},{\"@type\":\"BreadcrumbList\",\"@id\":\"https:\\\/\\\/casadecampoliving.com\\\/es\\\/proximamento-casa-de-campo-sabores-del-mundo\\\/#breadcrumb\",\"itemListElement\":[{\"@type\":\"ListItem\",\"position\":1,\"name\":\"Home\",\"item\":\"https:\\\/\\\/casadecampoliving.com\\\/es\\\/\"},{\"@type\":\"ListItem\",\"position\":2,\"name\":\"Casa de Campo, nos trae una selecci\u00f3n de incre\u00edbles chefs con &#8220;Sabores del Mundo&#8221;\"}]},{\"@type\":\"WebSite\",\"@id\":\"https:\\\/\\\/casadecampoliving.com\\\/es\\\/#website\",\"url\":\"https:\\\/\\\/casadecampoliving.com\\\/es\\\/\",\"name\":\"Casa de Campo Living\",\"description\":\"Resort community news and resources.\",\"publisher\":{\"@id\":\"https:\\\/\\\/casadecampoliving.com\\\/es\\\/#organization\"},\"potentialAction\":[{\"@type\":\"SearchAction\",\"target\":{\"@type\":\"EntryPoint\",\"urlTemplate\":\"https:\\\/\\\/casadecampoliving.com\\\/es\\\/?s={search_term_string}\"},\"query-input\":{\"@type\":\"PropertyValueSpecification\",\"valueRequired\":true,\"valueName\":\"search_term_string\"}}],\"inLanguage\":\"es\"},{\"@type\":\"Organization\",\"@id\":\"https:\\\/\\\/casadecampoliving.com\\\/es\\\/#organization\",\"name\":\"Casa de Campo Living\",\"url\":\"https:\\\/\\\/casadecampoliving.com\\\/es\\\/\",\"logo\":{\"@type\":\"ImageObject\",\"inLanguage\":\"es\",\"@id\":\"https:\\\/\\\/casadecampoliving.com\\\/es\\\/#\\\/schema\\\/logo\\\/image\\\/\",\"url\":\"https:\\\/\\\/i0.wp.com\\\/casadecampoliving.com\\\/wp-content\\\/uploads\\\/2022\\\/07\\\/CDCLivingLogo_V1-white-sized.png?fit=800%2C214&ssl=1\",\"contentUrl\":\"https:\\\/\\\/i0.wp.com\\\/casadecampoliving.com\\\/wp-content\\\/uploads\\\/2022\\\/07\\\/CDCLivingLogo_V1-white-sized.png?fit=800%2C214&ssl=1\",\"width\":800,\"height\":214,\"caption\":\"Casa de Campo Living\"},\"image\":{\"@id\":\"https:\\\/\\\/casadecampoliving.com\\\/es\\\/#\\\/schema\\\/logo\\\/image\\\/\"},\"sameAs\":[\"https:\\\/\\\/www.facebook.com\\\/casadecampoliving\",\"https:\\\/\\\/x.com\\\/cdcliving\"]},{\"@type\":\"Person\",\"@id\":\"https:\\\/\\\/casadecampoliving.com\\\/es\\\/#\\\/schema\\\/person\\\/b6606bd87f9cec8f5903e2141cafda24\",\"name\":\"Marlenys Guzm\u00e1n Casta\u00f1os\",\"image\":{\"@type\":\"ImageObject\",\"inLanguage\":\"es\",\"@id\":\"https:\\\/\\\/secure.gravatar.com\\\/avatar\\\/72f3f86b8e6b3ec744201aeadf11d4a6055e8af194aecd9ad30ffff4437878ee?s=96&d=mm&r=g\",\"url\":\"https:\\\/\\\/secure.gravatar.com\\\/avatar\\\/72f3f86b8e6b3ec744201aeadf11d4a6055e8af194aecd9ad30ffff4437878ee?s=96&d=mm&r=g\",\"contentUrl\":\"https:\\\/\\\/secure.gravatar.com\\\/avatar\\\/72f3f86b8e6b3ec744201aeadf11d4a6055e8af194aecd9ad30ffff4437878ee?s=96&d=mm&r=g\",\"caption\":\"Marlenys Guzm\u00e1n Casta\u00f1os\"},\"url\":\"https:\\\/\\\/casadecampoliving.com\\\/es\\\/author\\\/mguzman\\\/\"}]}<\/script>\n<!-- \/ Yoast SEO plugin. -->","yoast_head_json":{"title":"Casa de Campo, nos trae una selecci\u00f3n de incre\u00edbles chefs con \"Sabores del Mundo\" | Casa de Campo Living","description":"\u00a1\u00a1Amantes de la comida les traemos noticias!! La semana pasada tuvimos la cena de degustaci\u00f3n y de maridaje con tres grandes chefs, nuestro chef ejecutivo","robots":{"index":"index","follow":"follow","max-snippet":"max-snippet:-1","max-image-preview":"max-image-preview:large","max-video-preview":"max-video-preview:-1"},"canonical":"https:\/\/casadecampoliving.com\/es\/proximamento-casa-de-campo-sabores-del-mundo\/","og_locale":"es_ES","og_type":"article","og_title":"Casa de Campo, nos trae una selecci\u00f3n de incre\u00edbles chefs con \"Sabores del Mundo\" | Casa de Campo Living","og_description":"\u00a1\u00a1Amantes de la comida les traemos noticias!! La semana pasada tuvimos la cena de degustaci\u00f3n y de maridaje con tres grandes chefs, nuestro chef ejecutivo","og_url":"https:\/\/casadecampoliving.com\/es\/proximamento-casa-de-campo-sabores-del-mundo\/","og_site_name":"Casa de Campo Living","article_publisher":"https:\/\/www.facebook.com\/casadecampoliving","article_published_time":"2016-05-13T04:00:00+00:00","article_modified_time":"2022-10-21T23:07:07+00:00","og_image":[{"width":1000,"height":600,"url":"https:\/\/i0.wp.com\/casadecampoliving.com\/wp-content\/uploads\/2022\/10\/Featured-Image-Flavors-of-the-World.jpg?fit=1000%2C600&ssl=1","type":"image\/jpeg"}],"author":"Marlenys Guzm\u00e1n Casta\u00f1os","twitter_card":"summary_large_image","twitter_creator":"@cdcliving","twitter_site":"@cdcliving","twitter_misc":{"Escrito por":"Marlenys Guzm\u00e1n Casta\u00f1os","Tiempo de lectura":"3 minutos"},"schema":{"@context":"https:\/\/schema.org","@graph":[{"@type":"Article","@id":"https:\/\/casadecampoliving.com\/es\/proximamento-casa-de-campo-sabores-del-mundo\/#article","isPartOf":{"@id":"https:\/\/casadecampoliving.com\/es\/proximamento-casa-de-campo-sabores-del-mundo\/"},"author":{"name":"Marlenys Guzm\u00e1n Casta\u00f1os","@id":"https:\/\/casadecampoliving.com\/es\/#\/schema\/person\/b6606bd87f9cec8f5903e2141cafda24"},"headline":"Casa de Campo, nos trae una selecci\u00f3n de incre\u00edbles chefs con \u00abSabores del Mundo\u00bb","datePublished":"2016-05-13T04:00:00+00:00","dateModified":"2022-10-21T23:07:07+00:00","mainEntityOfPage":{"@id":"https:\/\/casadecampoliving.com\/es\/proximamento-casa-de-campo-sabores-del-mundo\/"},"wordCount":525,"publisher":{"@id":"https:\/\/casadecampoliving.com\/es\/#organization"},"image":{"@id":"https:\/\/casadecampoliving.com\/es\/proximamento-casa-de-campo-sabores-del-mundo\/#primaryimage"},"thumbnailUrl":"https:\/\/i0.wp.com\/casadecampoliving.com\/wp-content\/uploads\/2022\/10\/Featured-Image-Flavors-of-the-World.jpg?fit=1000%2C600&ssl=1","keywords":["beach club by le cirque @es","casa de campo @es","Featured-TopView @es","Sabores del Mundo"],"articleSection":["Comidas &amp; Bebidas","Eventos","Proximamente","Rep\u00fablica Dominicana @es","Resort Casa de Campo","Restaurantes"],"inLanguage":"es"},{"@type":"WebPage","@id":"https:\/\/casadecampoliving.com\/es\/proximamento-casa-de-campo-sabores-del-mundo\/","url":"https:\/\/casadecampoliving.com\/es\/proximamento-casa-de-campo-sabores-del-mundo\/","name":"Casa de Campo, nos trae una selecci\u00f3n de incre\u00edbles chefs con \"Sabores del Mundo\" | Casa de Campo Living","isPartOf":{"@id":"https:\/\/casadecampoliving.com\/es\/#website"},"primaryImageOfPage":{"@id":"https:\/\/casadecampoliving.com\/es\/proximamento-casa-de-campo-sabores-del-mundo\/#primaryimage"},"image":{"@id":"https:\/\/casadecampoliving.com\/es\/proximamento-casa-de-campo-sabores-del-mundo\/#primaryimage"},"thumbnailUrl":"https:\/\/i0.wp.com\/casadecampoliving.com\/wp-content\/uploads\/2022\/10\/Featured-Image-Flavors-of-the-World.jpg?fit=1000%2C600&ssl=1","datePublished":"2016-05-13T04:00:00+00:00","dateModified":"2022-10-21T23:07:07+00:00","description":"\u00a1\u00a1Amantes de la comida les traemos noticias!! La semana pasada tuvimos la cena de degustaci\u00f3n y de maridaje con tres grandes chefs, nuestro chef ejecutivo","breadcrumb":{"@id":"https:\/\/casadecampoliving.com\/es\/proximamento-casa-de-campo-sabores-del-mundo\/#breadcrumb"},"inLanguage":"es","potentialAction":[{"@type":"ReadAction","target":["https:\/\/casadecampoliving.com\/es\/proximamento-casa-de-campo-sabores-del-mundo\/"]}]},{"@type":"ImageObject","inLanguage":"es","@id":"https:\/\/casadecampoliving.com\/es\/proximamento-casa-de-campo-sabores-del-mundo\/#primaryimage","url":"https:\/\/i0.wp.com\/casadecampoliving.com\/wp-content\/uploads\/2022\/10\/Featured-Image-Flavors-of-the-World.jpg?fit=1000%2C600&ssl=1","contentUrl":"https:\/\/i0.wp.com\/casadecampoliving.com\/wp-content\/uploads\/2022\/10\/Featured-Image-Flavors-of-the-World.jpg?fit=1000%2C600&ssl=1","width":1000,"height":600,"caption":"Featured Image Flavors of the World"},{"@type":"BreadcrumbList","@id":"https:\/\/casadecampoliving.com\/es\/proximamento-casa-de-campo-sabores-del-mundo\/#breadcrumb","itemListElement":[{"@type":"ListItem","position":1,"name":"Home","item":"https:\/\/casadecampoliving.com\/es\/"},{"@type":"ListItem","position":2,"name":"Casa de Campo, nos trae una selecci\u00f3n de incre\u00edbles chefs con &#8220;Sabores del Mundo&#8221;"}]},{"@type":"WebSite","@id":"https:\/\/casadecampoliving.com\/es\/#website","url":"https:\/\/casadecampoliving.com\/es\/","name":"Casa de Campo Living","description":"Resort community news and resources.","publisher":{"@id":"https:\/\/casadecampoliving.com\/es\/#organization"},"potentialAction":[{"@type":"SearchAction","target":{"@type":"EntryPoint","urlTemplate":"https:\/\/casadecampoliving.com\/es\/?s={search_term_string}"},"query-input":{"@type":"PropertyValueSpecification","valueRequired":true,"valueName":"search_term_string"}}],"inLanguage":"es"},{"@type":"Organization","@id":"https:\/\/casadecampoliving.com\/es\/#organization","name":"Casa de Campo Living","url":"https:\/\/casadecampoliving.com\/es\/","logo":{"@type":"ImageObject","inLanguage":"es","@id":"https:\/\/casadecampoliving.com\/es\/#\/schema\/logo\/image\/","url":"https:\/\/i0.wp.com\/casadecampoliving.com\/wp-content\/uploads\/2022\/07\/CDCLivingLogo_V1-white-sized.png?fit=800%2C214&ssl=1","contentUrl":"https:\/\/i0.wp.com\/casadecampoliving.com\/wp-content\/uploads\/2022\/07\/CDCLivingLogo_V1-white-sized.png?fit=800%2C214&ssl=1","width":800,"height":214,"caption":"Casa de Campo Living"},"image":{"@id":"https:\/\/casadecampoliving.com\/es\/#\/schema\/logo\/image\/"},"sameAs":["https:\/\/www.facebook.com\/casadecampoliving","https:\/\/x.com\/cdcliving"]},{"@type":"Person","@id":"https:\/\/casadecampoliving.com\/es\/#\/schema\/person\/b6606bd87f9cec8f5903e2141cafda24","name":"Marlenys Guzm\u00e1n Casta\u00f1os","image":{"@type":"ImageObject","inLanguage":"es","@id":"https:\/\/secure.gravatar.com\/avatar\/72f3f86b8e6b3ec744201aeadf11d4a6055e8af194aecd9ad30ffff4437878ee?s=96&d=mm&r=g","url":"https:\/\/secure.gravatar.com\/avatar\/72f3f86b8e6b3ec744201aeadf11d4a6055e8af194aecd9ad30ffff4437878ee?s=96&d=mm&r=g","contentUrl":"https:\/\/secure.gravatar.com\/avatar\/72f3f86b8e6b3ec744201aeadf11d4a6055e8af194aecd9ad30ffff4437878ee?s=96&d=mm&r=g","caption":"Marlenys Guzm\u00e1n Casta\u00f1os"},"url":"https:\/\/casadecampoliving.com\/es\/author\/mguzman\/"}]}},"parsely":{"version":"1.1.0","canonical_url":"https:\/\/casadecampoliving.com\/es\/proximamento-casa-de-campo-sabores-del-mundo\/","smart_links":{"inbound":0,"outbound":0},"traffic_boost_suggestions_count":0,"meta":{"@context":"https:\/\/schema.org","@type":"NewsArticle","headline":"Casa de Campo, nos trae una selecci\u00f3n de incre\u00edbles chefs con \u00abSabores del Mundo\u00bb","url":"http:\/\/casadecampoliving.com\/es\/proximamento-casa-de-campo-sabores-del-mundo\/","mainEntityOfPage":{"@type":"WebPage","@id":"http:\/\/casadecampoliving.com\/es\/proximamento-casa-de-campo-sabores-del-mundo\/"},"thumbnailUrl":"https:\/\/i0.wp.com\/casadecampoliving.com\/wp-content\/uploads\/2022\/10\/Featured-Image-Flavors-of-the-World.jpg?resize=150%2C150&ssl=1","image":{"@type":"ImageObject","url":"https:\/\/i0.wp.com\/casadecampoliving.com\/wp-content\/uploads\/2022\/10\/Featured-Image-Flavors-of-the-World.jpg?fit=1000%2C600&ssl=1"},"articleSection":"Comidas &amp; Bebidas","author":[{"@type":"Person","name":"Marlenys Guzm\u00e1n Casta\u00f1os"}],"creator":["Marlenys Guzm\u00e1n Casta\u00f1os"],"publisher":{"@type":"Organization","name":"Casa de Campo Living","logo":"https:\/\/casadecampoliving.com\/wp-content\/uploads\/2022\/07\/CDCLivingLogo_V1-white-sized.png"},"keywords":["beach club by le cirque @es","casa de campo @es","featured-topview @es","sabores del mundo"],"dateCreated":"2016-05-13T04:00:00Z","datePublished":"2016-05-13T04:00:00Z","dateModified":"2022-10-21T23:07:07Z"},"rendered":"<script type=\"application\/ld+json\" class=\"wp-parsely-metadata\">{\"@context\":\"https:\\\/\\\/schema.org\",\"@type\":\"NewsArticle\",\"headline\":\"Casa de Campo, nos trae una selecci\\u00f3n de incre\\u00edbles chefs con \\u00abSabores del Mundo\\u00bb\",\"url\":\"http:\\\/\\\/casadecampoliving.com\\\/es\\\/proximamento-casa-de-campo-sabores-del-mundo\\\/\",\"mainEntityOfPage\":{\"@type\":\"WebPage\",\"@id\":\"http:\\\/\\\/casadecampoliving.com\\\/es\\\/proximamento-casa-de-campo-sabores-del-mundo\\\/\"},\"thumbnailUrl\":\"https:\\\/\\\/i0.wp.com\\\/casadecampoliving.com\\\/wp-content\\\/uploads\\\/2022\\\/10\\\/Featured-Image-Flavors-of-the-World.jpg?resize=150%2C150&ssl=1\",\"image\":{\"@type\":\"ImageObject\",\"url\":\"https:\\\/\\\/i0.wp.com\\\/casadecampoliving.com\\\/wp-content\\\/uploads\\\/2022\\\/10\\\/Featured-Image-Flavors-of-the-World.jpg?fit=1000%2C600&ssl=1\"},\"articleSection\":\"Comidas &amp; Bebidas\",\"author\":[{\"@type\":\"Person\",\"name\":\"Marlenys Guzm\\u00e1n Casta\\u00f1os\"}],\"creator\":[\"Marlenys Guzm\\u00e1n Casta\\u00f1os\"],\"publisher\":{\"@type\":\"Organization\",\"name\":\"Casa de Campo Living\",\"logo\":\"https:\\\/\\\/casadecampoliving.com\\\/wp-content\\\/uploads\\\/2022\\\/07\\\/CDCLivingLogo_V1-white-sized.png\"},\"keywords\":[\"beach club by le cirque @es\",\"casa de campo @es\",\"featured-topview @es\",\"sabores del mundo\"],\"dateCreated\":\"2016-05-13T04:00:00Z\",\"datePublished\":\"2016-05-13T04:00:00Z\",\"dateModified\":\"2022-10-21T23:07:07Z\"}<\/script>","tracker_url":"https:\/\/cdn.parsely.com\/keys\/casadecampoliving.com\/p.js"},"jetpack_publicize_connections":[],"jetpack_featured_media_url":"https:\/\/i0.wp.com\/casadecampoliving.com\/wp-content\/uploads\/2022\/10\/Featured-Image-Flavors-of-the-World.jpg?fit=1000%2C600&ssl=1","jetpack-related-posts":[{"id":350004,"url":"https:\/\/casadecampoliving.com\/es\/flavors-of-the-world-edicion-dominicana\/","url_meta":{"origin":349801,"position":0},"title":"\u00a1La Edici\u00f3n Dominicana de Flavors of the World est\u00e1 a la vuelta de la esquina!","author":"Anna Pavilsova","date":"17 Jun, 2016","format":false,"excerpt":"\u00a1\u201dFlavors of the World\u201d (Sabores del Mundo) est\u00e1 de vuelta en Casa de Campo! El Chef Ejecutivo de Casa de Campo, Anthony Masas, estar\u00e1 acompa\u00f1ado por un excelente grupo de chefs para llevarnos a trav\u00e9s de un\u00a0incre\u00edble\u00a0viaje gastron\u00f3mico desde el 24 al 26 de junio (\u00a1la pr\u00f3xima semana!). Este mes\u2026","rel":"","context":"En \u00abEventos\u00bb","block_context":{"text":"Eventos","link":"https:\/\/casadecampoliving.com\/es\/category\/eventos-es\/"},"img":{"alt_text":"Featured Image Flavors of the World Dominican Edition","src":"https:\/\/i0.wp.com\/casadecampoliving.com\/wp-content\/uploads\/2022\/10\/Featured-Image-Flavors-of-the-World-Dominican-Edition.jpg?fit=1000%2C500&ssl=1&resize=350%2C200","width":350,"height":200,"srcset":"https:\/\/i0.wp.com\/casadecampoliving.com\/wp-content\/uploads\/2022\/10\/Featured-Image-Flavors-of-the-World-Dominican-Edition.jpg?fit=1000%2C500&ssl=1&resize=350%2C200 1x, https:\/\/i0.wp.com\/casadecampoliving.com\/wp-content\/uploads\/2022\/10\/Featured-Image-Flavors-of-the-World-Dominican-Edition.jpg?fit=1000%2C500&ssl=1&resize=525%2C300 1.5x, https:\/\/i0.wp.com\/casadecampoliving.com\/wp-content\/uploads\/2022\/10\/Featured-Image-Flavors-of-the-World-Dominican-Edition.jpg?fit=1000%2C500&ssl=1&resize=700%2C400 2x"},"classes":[]},{"id":349922,"url":"https:\/\/casadecampoliving.com\/es\/cocina-mallorca-sabores-del-mundo\/","url_meta":{"origin":349801,"position":1},"title":"La magnificencia de Mallorca en Casa de Campo bajo la direcci\u00f3n del chef Fernando Arellano","author":"Heather Lincoln","date":"2 Jun, 2016","format":false,"excerpt":"Casa de Campo, celebr\u00f3 recientemente su primera entrega de \"Sabores del Mundo\", una serie de eventos culinarios que invitan a chefs reconocidos internacionalmente a nuestro complejo para proveer a los residentes, visitantes y amantes de la cocina por igual, experiencias gastron\u00f3micas innovadoras. El fin de semana del 20 de mayo,\u2026","rel":"","context":"En \u00abArte y cultura\u00bb","block_context":{"text":"Arte y cultura","link":"https:\/\/casadecampoliving.com\/category\/arte-y-cultura\/"},"img":{"alt_text":"Featured Image Flavors of the World","src":"https:\/\/i0.wp.com\/casadecampoliving.com\/wp-content\/uploads\/2022\/10\/May-FlavorsoftheWorld01.jpg?fit=1000%2C751&ssl=1&resize=350%2C200","width":350,"height":200,"srcset":"https:\/\/i0.wp.com\/casadecampoliving.com\/wp-content\/uploads\/2022\/10\/May-FlavorsoftheWorld01.jpg?fit=1000%2C751&ssl=1&resize=350%2C200 1x, https:\/\/i0.wp.com\/casadecampoliving.com\/wp-content\/uploads\/2022\/10\/May-FlavorsoftheWorld01.jpg?fit=1000%2C751&ssl=1&resize=525%2C300 1.5x, https:\/\/i0.wp.com\/casadecampoliving.com\/wp-content\/uploads\/2022\/10\/May-FlavorsoftheWorld01.jpg?fit=1000%2C751&ssl=1&resize=700%2C400 2x"},"classes":[]},{"id":351527,"url":"https:\/\/casadecampoliving.com\/es\/flavors-world-rosas-contara-con-una-reunion-de-ex-alumnos-de-elbulli\/","url_meta":{"origin":349801,"position":2},"title":"*Cambio de Locaci\u00f3n* &#8216;Flavors of the World Rosas&#8217; contar\u00e1 con una reuni\u00f3n de ex alumnos de elBulli","author":"Marlenys Guzm\u00e1n Casta\u00f1os","date":"25 May, 2017","format":false,"excerpt":"Despu\u00e9s de un muy exitoso primer a\u00f1o, \u00a1Flavors of the World vuelve este verano a\u00a0Casa de Campo! La primera entrega en Semana Santa cont\u00f3 con los sabores de Bogot\u00e1, Colombia, gracias a los chefs Leonor Espinosa y Mark Rausch. La serie contin\u00faa con \u201cFlavors of the World Rosas\u201d del 16\u2026","rel":"","context":"En \u00abAltos de Chavon @es\u00bb","block_context":{"text":"Altos de Chavon @es","link":"https:\/\/casadecampoliving.com\/category\/altos-de-chavon-es\/"},"img":{"alt_text":"","src":"https:\/\/i0.wp.com\/casadecampoliving.com\/wp-content\/uploads\/2022\/10\/2017-05-25.jpg?fit=1024%2C683&ssl=1&resize=350%2C200","width":350,"height":200,"srcset":"https:\/\/i0.wp.com\/casadecampoliving.com\/wp-content\/uploads\/2022\/10\/2017-05-25.jpg?fit=1024%2C683&ssl=1&resize=350%2C200 1x, https:\/\/i0.wp.com\/casadecampoliving.com\/wp-content\/uploads\/2022\/10\/2017-05-25.jpg?fit=1024%2C683&ssl=1&resize=525%2C300 1.5x, https:\/\/i0.wp.com\/casadecampoliving.com\/wp-content\/uploads\/2022\/10\/2017-05-25.jpg?fit=1024%2C683&ssl=1&resize=700%2C400 2x"},"classes":[]},{"id":352115,"url":"https:\/\/casadecampoliving.com\/es\/haga-sus-reservaciones-para-flavors-of-the-world-nueva-orleans\/","url_meta":{"origin":349801,"position":3},"title":"\u00a1Haga sus reservaciones para Flavors of the World Nueva Orleans!","author":"Heather Lincoln","date":"20 Oct, 2017","format":false,"excerpt":"Si ha estado al pendiente de los eventos en Casa, el pr\u00f3ximo fin de semana ser\u00e1 uno bastante ocupado. Apenas una semana despu\u00e9s del Oktoberfest de Altos de Chav\u00f3n y Casa de Campo (\u00a1por cierto, ma\u00f1ana!) La multitud se reunir\u00e1 de nuevo en la villa de inspiraci\u00f3n mediterr\u00e1nea del siglo\u2026","rel":"","context":"En \u00abComidas &amp; Bebidas\u00bb","block_context":{"text":"Comidas &amp; Bebidas","link":"https:\/\/casadecampoliving.com\/es\/category\/comidas-bebidas\/"},"img":{"alt_text":"La Piazzetta","src":"https:\/\/i0.wp.com\/casadecampoliving.com\/wp-content\/uploads\/2022\/10\/LaPiazzetta-e1508526038829.jpg?fit=1000%2C600&ssl=1&resize=350%2C200","width":350,"height":200,"srcset":"https:\/\/i0.wp.com\/casadecampoliving.com\/wp-content\/uploads\/2022\/10\/LaPiazzetta-e1508526038829.jpg?fit=1000%2C600&ssl=1&resize=350%2C200 1x, https:\/\/i0.wp.com\/casadecampoliving.com\/wp-content\/uploads\/2022\/10\/LaPiazzetta-e1508526038829.jpg?fit=1000%2C600&ssl=1&resize=525%2C300 1.5x, https:\/\/i0.wp.com\/casadecampoliving.com\/wp-content\/uploads\/2022\/10\/LaPiazzetta-e1508526038829.jpg?fit=1000%2C600&ssl=1&resize=700%2C400 2x"},"classes":[]},{"id":338574,"url":"https:\/\/casadecampoliving.com\/es\/cena-gala-con-el-famoso-vino-%c2%a8chateau-haut-brion-y-gregory-pugin-chef-ejecutivo-de-le-cirque-las-vegas-viernes-23-de-marzo\/","url_meta":{"origin":349801,"position":4},"title":"Cena Gala con el famoso vino \u00a8Chateau Haut-Brion\u00bb y Gr\u00e9gory Pugin chef ejecutivo de Le Cirque Las Vegas, viernes 23 de marzo!","author":"Rebecca Silvestri","date":"19 Mar, 2012","format":false,"excerpt":"El proximo viernes 23 de marzo, la \u201cSemana de Francia\u201d llegar\u00e1 a niveles gatron\u00f3micos extraordinarios en la\u00a0cena de gala\u00a0\u201cSabores Exquisitos de Francia\u201d, con la cr\u00e8me de la cr\u00e8me de los vinos franceses, el famoso \u00a8Ch\u00e2teau Haut-Brion\u00a8 y preparado por los chefs distinguidos de Le Cirque Las Vegas y \u201cLe Domaine\u2026","rel":"","context":"En \u00abArte y cultura\u00bb","block_context":{"text":"Arte y cultura","link":"https:\/\/casadecampoliving.com\/category\/arte-y-cultura\/"},"img":{"alt_text":"semana de francia casa de campo","src":"https:\/\/i0.wp.com\/casadecampoliving.com\/wp-content\/uploads\/2022\/10\/semana_de_francia_casa_de_campo-1.jpg?fit=650%2C400&ssl=1&resize=350%2C200","width":350,"height":200,"srcset":"https:\/\/i0.wp.com\/casadecampoliving.com\/wp-content\/uploads\/2022\/10\/semana_de_francia_casa_de_campo-1.jpg?fit=650%2C400&ssl=1&resize=350%2C200 1x, https:\/\/i0.wp.com\/casadecampoliving.com\/wp-content\/uploads\/2022\/10\/semana_de_francia_casa_de_campo-1.jpg?fit=650%2C400&ssl=1&resize=525%2C300 1.5x"},"classes":[]},{"id":350096,"url":"https:\/\/casadecampoliving.com\/es\/flavors-world-chef-jose-mendin\/","url_meta":{"origin":349801,"position":5},"title":"El tercer evento de \u00abFlavors of the World\u00bb trae la extraordinaria cocina de Miami","author":"Marlenys Guzm\u00e1n Casta\u00f1os","date":"30 Jun, 2016","format":false,"excerpt":"\u00a1Buenas noticias amantes de la comida! La semana pasada tuvimos muy rico \u201cFlavors of the World\u201d\u00a0con tres de los mejores chefs de Santo Domingo y en tan s\u00f3lo dos semanas habr\u00e1 una nueva edici\u00f3n en Casa de Campo \u201cFlavors of the World Miami\u201d donde disfrutaremos de las comidas preparadas por\u2026","rel":"","context":"En \u00abComidas &amp; Bebidas\u00bb","block_context":{"text":"Comidas &amp; Bebidas","link":"https:\/\/casadecampoliving.com\/es\/category\/comidas-bebidas\/"},"img":{"alt_text":"Featured Image Pubbelly Flavors of the World Chef Jose Mendin","src":"https:\/\/i0.wp.com\/casadecampoliving.com\/wp-content\/uploads\/2022\/10\/Featured-Image-Pubbelly-Flavors-of-the-World-Chef-Jose-Mendin.jpg?fit=1000%2C600&ssl=1&resize=350%2C200","width":350,"height":200,"srcset":"https:\/\/i0.wp.com\/casadecampoliving.com\/wp-content\/uploads\/2022\/10\/Featured-Image-Pubbelly-Flavors-of-the-World-Chef-Jose-Mendin.jpg?fit=1000%2C600&ssl=1&resize=350%2C200 1x, https:\/\/i0.wp.com\/casadecampoliving.com\/wp-content\/uploads\/2022\/10\/Featured-Image-Pubbelly-Flavors-of-the-World-Chef-Jose-Mendin.jpg?fit=1000%2C600&ssl=1&resize=525%2C300 1.5x, https:\/\/i0.wp.com\/casadecampoliving.com\/wp-content\/uploads\/2022\/10\/Featured-Image-Pubbelly-Flavors-of-the-World-Chef-Jose-Mendin.jpg?fit=1000%2C600&ssl=1&resize=700%2C400 2x"},"classes":[]}],"jetpack_sharing_enabled":true,"_links":{"self":[{"href":"https:\/\/casadecampoliving.com\/es\/wp-json\/wp\/v2\/posts\/349801","targetHints":{"allow":["GET"]}}],"collection":[{"href":"https:\/\/casadecampoliving.com\/es\/wp-json\/wp\/v2\/posts"}],"about":[{"href":"https:\/\/casadecampoliving.com\/es\/wp-json\/wp\/v2\/types\/post"}],"author":[{"embeddable":true,"href":"https:\/\/casadecampoliving.com\/es\/wp-json\/wp\/v2\/users\/36682"}],"replies":[{"embeddable":true,"href":"https:\/\/casadecampoliving.com\/es\/wp-json\/wp\/v2\/comments?post=349801"}],"version-history":[{"count":1,"href":"https:\/\/casadecampoliving.com\/es\/wp-json\/wp\/v2\/posts\/349801\/revisions"}],"predecessor-version":[{"id":349802,"href":"https:\/\/casadecampoliving.com\/es\/wp-json\/wp\/v2\/posts\/349801\/revisions\/349802"}],"wp:featuredmedia":[{"embeddable":true,"href":"https:\/\/casadecampoliving.com\/es\/wp-json\/wp\/v2\/media\/307960"}],"wp:attachment":[{"href":"https:\/\/casadecampoliving.com\/es\/wp-json\/wp\/v2\/media?parent=349801"}],"wp:term":[{"taxonomy":"category","embeddable":true,"href":"https:\/\/casadecampoliving.com\/es\/wp-json\/wp\/v2\/categories?post=349801"},{"taxonomy":"post_tag","embeddable":true,"href":"https:\/\/casadecampoliving.com\/es\/wp-json\/wp\/v2\/tags?post=349801"},{"taxonomy":"newspack_spnsrs_tax","embeddable":true,"href":"https:\/\/casadecampoliving.com\/es\/wp-json\/wp\/v2\/newspack_spnsrs_tax?post=349801"}],"curies":[{"name":"wp","href":"https:\/\/api.w.org\/{rel}","templated":true}]}}