{"id":349775,"date":"2016-05-07T00:00:00","date_gmt":"2016-05-07T04:00:00","guid":{"rendered":"https:\/\/casadecampoliving.com\/los-estudiantes-de-moda-de-chavon-van-a-impresionarnos-con-sus-colecciones-finales\/"},"modified":"2022-10-21T19:05:31","modified_gmt":"2022-10-21T23:05:31","slug":"los-estudiantes-de-moda-de-chavon-van-a-impresionarnos-con-sus-colecciones-finales","status":"publish","type":"post","link":"https:\/\/casadecampoliving.com\/es\/los-estudiantes-de-moda-de-chavon-van-a-impresionarnos-con-sus-colecciones-finales\/","title":{"rendered":"Una mirada a los detalles: Los estudiantes de moda de Chav\u00f3n van a impresionarnos con sus colecciones finales"},"content":{"rendered":"\n<p><span style=\"font-weight: 400;\">Es con mucho entusiasmo y emoci\u00f3n que anunciamos la graduaci\u00f3n del departamento de moda de la Escuela de Dise\u00f1o de Altos de Chav\u00f3n. Este es el \u00faltimo a\u00f1o del programa de moda en este campus y que ser\u00e1 movido a Santo Domingo en oto\u00f1o- \u00a1m\u00e1s detalles sobre la inauguraci\u00f3n de las nuevas instalaciones pronto! La 32\u00aa graduaci\u00f3n esta compuesta de una exposici\u00f3n de apertura de los trabajo de los estudiantes el mi\u00e9rcoles 11 de mayo, seguida por la ceremonia de graduaci\u00f3n el viernes 13 de mayo.<\/span><\/p>\n\n\n\n<!--more-->\n\n\n\n<p><span style=\"font-weight: 400;\">L<\/span><span style=\"font-weight: 400;\">a exposici\u00f3n de los trabajos finales de los estudiantes nos dar\u00e1 la oportunidad para ver sus piezas en un plano m\u00e1s personal. A diferencia de muchos desfiles de moda, donde las prendas son llevados por la pasarela y solo logramos captar s\u00f3lo peque\u00f1os detalles, la exposici\u00f3n de moda permitir\u00e1 a los espectadores ver la prenda completa, ver sus detalles, su construcci\u00f3n y t\u00e9cnicas de dise\u00f1o, adem\u00e1s de ser capaces de apreciar su presentaci\u00f3n. Bajo la direcci\u00f3n de Marina Spadafora, se les dio a los estudiantes la tarea de ser \u201ctotalmente personal y creativo con su colecci\u00f3n.\u201d<\/span><\/p>\n\n\n<div class=\"wp-block-image wp-image-119045\">\n<figure class=\"alignright is-resized\"><img loading=\"lazy\" decoding=\"async\" src=\"https:\/\/i0.wp.com\/casadecampoliving.com\/wp-content\/uploads\/2022\/10\/Freddy_Cruz_Photography-0172-e1462645613603.jpg?resize=303%2C455&amp;ssl=1\" alt=\"Freddy Cruz Photography-- School of Design\" class=\"wp-image-119045\" height=\"455\" width=\"303\"\/><figcaption>Dominicana Moda, 2015<\/figcaption><\/figure>\n<\/div>\n\n\n<p><span style=\"font-weight: 400;\">Como directora del Departamento de Moda de la Escuela de Dise\u00f1o, Marina les mostr\u00f3 en enero una presentaci\u00f3n titulada, \u201cMezclar y Remendar\u201d como una gu\u00eda e inspiraci\u00f3n para sus colecciones finales que represente su trabajo en la escuela: \u201c\u00a1Una llamada a la creatividad! Este a\u00f1o, la colecci\u00f3n de la graduaci\u00f3n del Grupo de moda 2015-2016, el m\u00e1s grande de La Escuela de Dise\u00f1o de Altos de Chav\u00f3n, ser\u00e1 identificado por un prop\u00f3sito com\u00fan de experimentar con el color, la manipulaci\u00f3n de telas, hilos y decoraci\u00f3n. Mezcla, corte, remendar, imprimir, grabar, experimentar \u00a1y sorprender!! \u201d La exposici\u00f3n se llevar\u00e1 a cabo en el edificio de Davidoff, donde el espacio ser\u00e1 dividido en cinco \u00e1reas diferentes con montajes originales para cada categor\u00eda distinta. Mirando desde el exterior , el lugar parecer\u00e1 tener cinco galer\u00edas de arte con diferentes estados de \u00e1nimo y escenarios. Toda la exposici\u00f3n es una empresa conjunta entre el departamento de moda, departamento de dise\u00f1o gr\u00e1fico, departamento de Bellas Artes, y por supuesto los propios estudiantes.<\/span><\/p>\n\n\n\n<p><span style=\"font-weight: 400;\">El resultado final ser\u00e1 una emocionante mezcla de piezas \u00fanicas con una fuerte atenci\u00f3n a la manipulaci\u00f3n, la experimentaci\u00f3n y la innovaci\u00f3n. \u00a1No podemos esperar a ver! Ser\u00e1 una muestra de la creatividad de los Chavoneros y su sentido de comunidad. La exposici\u00f3n ser\u00e1 el mi\u00e9rcoles 11 de mayo y es por invitaci\u00f3n solamente. La graduaci\u00f3n formal de los estudiantes se llevar\u00e1 a cabo el viernes 13 de mayo de en la Plaza de Chav\u00f3n a las 6 pm. Despu\u00e9s de la ceremonia, la familia y los invitados pasaran a ver la exposici\u00f3n de los estudiantes en la galer\u00eda Davidoff. Algunos estudiantes seleccionados se unir\u00e1n al desfile anual de moda de la escuela en octubre en Dominicana Moda.<\/span><\/p>\n\n\n\n<blockquote><figure><img decoding=\"async\" loading=\"lazy\" class=\"alignnone size-full wp-image-119044\" src=\"https:\/\/i0.wp.com\/casadecampoliving.com\/wp-content\/uploads\/2022\/10\/AltosdeChavon_SchoolofDesign.png?resize=970%2C1850&amp;ssl=1\" alt=\"Altos de Chavon School of Design\" width=\"970\" height=\"1850\"><\/figure><p><b>Exposici\u00f3n de Moda por los Estudiantes de La Escuela de Dise\u00f1o de Altos de Chav\u00f3n<\/b><\/p><p><b>Cu\u00e1ndo: <\/b>Mi\u00e9rcoles 11 de mayo<\/p><p><b>Hora: <\/b>7:00 pm<\/p><p><b>D\u00f3nde: <\/b>Estudios Davidoff<\/p><p><b>Ceremonia de Graduaci\u00f3n Escuela de Dise\u00f1o Altos de Chav\u00f3n<\/b><\/p><p><b>Cu\u00e1ndo: <\/b>Viernes 13 de mayo<\/p><p><b>Hora:<\/b> 6:00 pm<\/p><p><b>D\u00f3nde: <\/b>Plaza Chav\u00f3n<\/p><\/blockquote>\n\n\n\n<blockquote><p class=\"post-title left\"><strong><a href=\"https:\/\/casadecampoliving.com\/es\/escuela-de-diseno-de-altos-de-chavon-school-dominicana-moda\/\">La colecci\u00f3n de la Escuela de Dise\u00f1o de Altos de Chav\u00f3n School brill\u00f3 en Dominicana Moda 2015<\/a><\/strong><\/p><figure><img decoding=\"async\" loading=\"lazy\" data-amp-lightbox=\"true\" lightbox=\"true\" class=\"alignnone wp-image-114783 size-full\" src=\"https:\/\/i0.wp.com\/casadecampoliving.com\/wp-content\/uploads\/2022\/10\/Untitled-presentation-e1446924699326.jpg?resize=895%2C537&amp;ssl=1\" alt=\"Dominicana Moda 2015\" width=\"895\" height=\"537\"><\/figure><p style=\"text-align: justify;\">Dominicana Moda 2015 fue&nbsp;bastante \u00c9PICO concluyendo&nbsp;la noche del s\u00e1bado con Jean Paul Gautier presentando su fabulosa colecci\u00f3n encabezada por la <em>Miss<\/em><em>Francia<\/em>, Camille Cerf, y&nbsp;luego&nbsp;desfilando&nbsp;\u00e9l mismo al ritmo de&nbsp;\u201cLa Llave de Mi Coraz\u00f3n\u201d de nuestro Juan Luis Guerra para cerrar el show.&nbsp;En la misma pasarela a&nbsp;menos de 48 horas antes, los egresados de la&nbsp;31\u00b0 promoci\u00f3n de la Escuela de Dise\u00f1o de Chav\u00f3n present\u00f3 su colecci\u00f3n, <em>Deconstrucci\u00f3n<\/em>, la cual&nbsp;obtuvo cr\u00edticas muy&nbsp;favorables de la multitud y los fashionistas por igual. \u00a1Ver m\u00e1s <a href=\"https:\/\/casadecampoliving.com\/es\/escuela-de-diseno-de-altos-de-chavon-school-dominicana-moda\/\">aqu\u00ed<\/a>!<\/p><\/blockquote>\n","protected":false},"excerpt":{"rendered":"<p>Es con mucho entusiasmo y emoci\u00f3n que anunciamos la graduaci\u00f3n del departamento de moda de la Escuela de Dise\u00f1o de Altos de Chav\u00f3n. Este es el \u00faltimo a\u00f1o del programa de moda en este campus y que ser\u00e1 movido a Santo Domingo en oto\u00f1o- \u00a1m\u00e1s detalles sobre la inauguraci\u00f3n de las nuevas instalaciones pronto! La [&hellip;]<\/p>\n","protected":false},"author":36681,"featured_media":307310,"comment_status":"closed","ping_status":"closed","sticky":false,"template":"","format":"standard","meta":{"newspack_ads_suppress_ads":false,"newspack_popups_has_disabled_popups":false,"newspack_sponsor_sponsorship_scope":"","newspack_sponsor_native_byline_display":"inherit","newspack_sponsor_native_category_display":"inherit","newspack_sponsor_underwriter_style":"inherit","newspack_sponsor_underwriter_placement":"inherit","_newspack_byline_active":false,"_newspack_byline":"","newspack_hide_updated_date":false,"newspack_show_updated_date":false,"newspack_content_restriction_is_exempt":false,"newspack_featured_image_position":"","newspack_post_subtitle":"","newspack_article_summary_title":"Overview:","newspack_article_summary":"","_jetpack_memberships_contains_paid_content":false,"footnotes":"","jetpack_publicize_message":"","jetpack_publicize_feature_enabled":true,"jetpack_social_post_already_shared":false,"jetpack_social_options":{"image_generator_settings":{"template":"highway","default_image_id":0,"font":"","enabled":false},"version":2},"_wpas_customize_per_network":false},"categories":[26819,26823,2524,2522,2523,14625,14627,2521],"tags":[15387,17676,12184,11680,4743,2535,5726,2675,13098,3229,8674,15091,3763],"newspack_spnsrs_tax":[],"class_list":["post-349775","post","type-post","status-publish","format-standard","has-post-thumbnail","hentry","category-altos-de-chavon-es","category-arte-y-cultura","category-destacados","category-eventos-es","category-moda-es","category-noticias-locales","category-proximamente","category-republica-dominicana-2","tag-altos-de-chavon-es","tag-ceremonia","tag-coleccion","tag-davidoff-es","tag-escuela-de-diseno","tag-estudiantes","tag-exposicion","tag-graduacion","tag-marina-spadafora-es","tag-moda","tag-nuevo-campus","tag-proximamente","tag-santo-domingo-es","entry"],"yoast_head":"<!-- This site is optimized with the Yoast SEO plugin v27.4 - https:\/\/yoast.com\/product\/yoast-seo-wordpress\/ -->\n<title>Una mirada a los detalles: Los estudiantes de moda de Chav\u00f3n van a impresionarnos con sus colecciones finales | Casa de Campo Living<\/title>\n<meta name=\"description\" content=\"Es con mucho entusiasmo y emoci\u00f3n que anunciamos la graduaci\u00f3n del departamento de moda de la Escuela de Dise\u00f1o de Altos de Chav\u00f3n. Este es el \u00faltimo a\u00f1o\" \/>\n<meta name=\"robots\" content=\"index, follow, max-snippet:-1, max-image-preview:large, max-video-preview:-1\" \/>\n<link rel=\"canonical\" href=\"https:\/\/casadecampoliving.com\/es\/los-estudiantes-de-moda-de-chavon-van-a-impresionarnos-con-sus-colecciones-finales\/\" \/>\n<meta property=\"og:locale\" content=\"es_ES\" \/>\n<meta property=\"og:type\" content=\"article\" \/>\n<meta property=\"og:title\" content=\"Una mirada a los detalles: Los estudiantes de moda de Chav\u00f3n van a impresionarnos con sus colecciones finales | Casa de Campo Living\" \/>\n<meta property=\"og:description\" content=\"Es con mucho entusiasmo y emoci\u00f3n que anunciamos la graduaci\u00f3n del departamento de moda de la Escuela de Dise\u00f1o de Altos de Chav\u00f3n. Este es el \u00faltimo a\u00f1o\" \/>\n<meta property=\"og:url\" content=\"https:\/\/casadecampoliving.com\/es\/los-estudiantes-de-moda-de-chavon-van-a-impresionarnos-con-sus-colecciones-finales\/\" \/>\n<meta property=\"og:site_name\" content=\"Casa de Campo Living\" \/>\n<meta property=\"article:publisher\" content=\"https:\/\/www.facebook.com\/casadecampoliving\" \/>\n<meta property=\"article:published_time\" content=\"2016-05-07T04:00:00+00:00\" \/>\n<meta property=\"article:modified_time\" content=\"2022-10-21T23:05:31+00:00\" \/>\n<meta property=\"og:image\" content=\"https:\/\/i0.wp.com\/casadecampoliving.com\/wp-content\/uploads\/2022\/10\/BDC_8558-2.jpg?fit=1000%2C600&ssl=1\" \/>\n\t<meta property=\"og:image:width\" content=\"1000\" \/>\n\t<meta property=\"og:image:height\" content=\"600\" \/>\n\t<meta property=\"og:image:type\" content=\"image\/jpeg\" \/>\n<meta name=\"author\" content=\"Heather Lincoln\" \/>\n<meta name=\"twitter:card\" content=\"summary_large_image\" \/>\n<meta name=\"twitter:creator\" content=\"@cdcliving\" \/>\n<meta name=\"twitter:site\" content=\"@cdcliving\" \/>\n<meta name=\"twitter:label1\" content=\"Escrito por\" \/>\n\t<meta name=\"twitter:data1\" content=\"Heather Lincoln\" \/>\n\t<meta name=\"twitter:label2\" content=\"Tiempo de lectura\" \/>\n\t<meta name=\"twitter:data2\" content=\"3 minutos\" \/>\n<script type=\"application\/ld+json\" class=\"yoast-schema-graph\">{\"@context\":\"https:\\\/\\\/schema.org\",\"@graph\":[{\"@type\":\"Article\",\"@id\":\"https:\\\/\\\/casadecampoliving.com\\\/es\\\/los-estudiantes-de-moda-de-chavon-van-a-impresionarnos-con-sus-colecciones-finales\\\/#article\",\"isPartOf\":{\"@id\":\"https:\\\/\\\/casadecampoliving.com\\\/es\\\/los-estudiantes-de-moda-de-chavon-van-a-impresionarnos-con-sus-colecciones-finales\\\/\"},\"author\":{\"name\":\"Heather Lincoln\",\"@id\":\"https:\\\/\\\/casadecampoliving.com\\\/es\\\/#\\\/schema\\\/person\\\/e3abfc63c1478fd703266a6f33a3145d\"},\"headline\":\"Una mirada a los detalles: Los estudiantes de moda de Chav\u00f3n van a impresionarnos con sus colecciones finales\",\"datePublished\":\"2016-05-07T04:00:00+00:00\",\"dateModified\":\"2022-10-21T23:05:31+00:00\",\"mainEntityOfPage\":{\"@id\":\"https:\\\/\\\/casadecampoliving.com\\\/es\\\/los-estudiantes-de-moda-de-chavon-van-a-impresionarnos-con-sus-colecciones-finales\\\/\"},\"wordCount\":721,\"publisher\":{\"@id\":\"https:\\\/\\\/casadecampoliving.com\\\/es\\\/#organization\"},\"image\":{\"@id\":\"https:\\\/\\\/casadecampoliving.com\\\/es\\\/los-estudiantes-de-moda-de-chavon-van-a-impresionarnos-con-sus-colecciones-finales\\\/#primaryimage\"},\"thumbnailUrl\":\"https:\\\/\\\/i0.wp.com\\\/casadecampoliving.com\\\/wp-content\\\/uploads\\\/2022\\\/10\\\/BDC_8558-2.jpg?fit=1000%2C600&ssl=1\",\"keywords\":[\"Altos de Chavon\",\"ceremonia\",\"Colecci\u00f3n\",\"davidoff @es\",\"escuela de dise\u00f1o\",\"estudiantes\",\"exposici\u00f3n\",\"graduacion\",\"Marina Spadafora @es\",\"moda\",\"nuevo campus\",\"Proximamente\",\"santo domingo @es\"],\"articleSection\":[\"Altos de Chavon @es\",\"Arte y cultura\",\"Destacados\",\"Eventos\",\"Moda\",\"Noticias Locales\",\"Proximamente\",\"Rep\u00fablica Dominicana @es\"],\"inLanguage\":\"es\"},{\"@type\":\"WebPage\",\"@id\":\"https:\\\/\\\/casadecampoliving.com\\\/es\\\/los-estudiantes-de-moda-de-chavon-van-a-impresionarnos-con-sus-colecciones-finales\\\/\",\"url\":\"https:\\\/\\\/casadecampoliving.com\\\/es\\\/los-estudiantes-de-moda-de-chavon-van-a-impresionarnos-con-sus-colecciones-finales\\\/\",\"name\":\"Una mirada a los detalles: Los estudiantes de moda de Chav\u00f3n van a impresionarnos con sus colecciones finales | Casa de Campo Living\",\"isPartOf\":{\"@id\":\"https:\\\/\\\/casadecampoliving.com\\\/es\\\/#website\"},\"primaryImageOfPage\":{\"@id\":\"https:\\\/\\\/casadecampoliving.com\\\/es\\\/los-estudiantes-de-moda-de-chavon-van-a-impresionarnos-con-sus-colecciones-finales\\\/#primaryimage\"},\"image\":{\"@id\":\"https:\\\/\\\/casadecampoliving.com\\\/es\\\/los-estudiantes-de-moda-de-chavon-van-a-impresionarnos-con-sus-colecciones-finales\\\/#primaryimage\"},\"thumbnailUrl\":\"https:\\\/\\\/i0.wp.com\\\/casadecampoliving.com\\\/wp-content\\\/uploads\\\/2022\\\/10\\\/BDC_8558-2.jpg?fit=1000%2C600&ssl=1\",\"datePublished\":\"2016-05-07T04:00:00+00:00\",\"dateModified\":\"2022-10-21T23:05:31+00:00\",\"description\":\"Es con mucho entusiasmo y emoci\u00f3n que anunciamos la graduaci\u00f3n del departamento de moda de la Escuela de Dise\u00f1o de Altos de Chav\u00f3n. Este es el \u00faltimo a\u00f1o\",\"breadcrumb\":{\"@id\":\"https:\\\/\\\/casadecampoliving.com\\\/es\\\/los-estudiantes-de-moda-de-chavon-van-a-impresionarnos-con-sus-colecciones-finales\\\/#breadcrumb\"},\"inLanguage\":\"es\",\"potentialAction\":[{\"@type\":\"ReadAction\",\"target\":[\"https:\\\/\\\/casadecampoliving.com\\\/es\\\/los-estudiantes-de-moda-de-chavon-van-a-impresionarnos-con-sus-colecciones-finales\\\/\"]}]},{\"@type\":\"ImageObject\",\"inLanguage\":\"es\",\"@id\":\"https:\\\/\\\/casadecampoliving.com\\\/es\\\/los-estudiantes-de-moda-de-chavon-van-a-impresionarnos-con-sus-colecciones-finales\\\/#primaryimage\",\"url\":\"https:\\\/\\\/i0.wp.com\\\/casadecampoliving.com\\\/wp-content\\\/uploads\\\/2022\\\/10\\\/BDC_8558-2.jpg?fit=1000%2C600&ssl=1\",\"contentUrl\":\"https:\\\/\\\/i0.wp.com\\\/casadecampoliving.com\\\/wp-content\\\/uploads\\\/2022\\\/10\\\/BDC_8558-2.jpg?fit=1000%2C600&ssl=1\",\"width\":1000,\"height\":600},{\"@type\":\"BreadcrumbList\",\"@id\":\"https:\\\/\\\/casadecampoliving.com\\\/es\\\/los-estudiantes-de-moda-de-chavon-van-a-impresionarnos-con-sus-colecciones-finales\\\/#breadcrumb\",\"itemListElement\":[{\"@type\":\"ListItem\",\"position\":1,\"name\":\"Home\",\"item\":\"https:\\\/\\\/casadecampoliving.com\\\/es\\\/\"},{\"@type\":\"ListItem\",\"position\":2,\"name\":\"Una mirada a los detalles: Los estudiantes de moda de Chav\u00f3n van a impresionarnos con sus colecciones finales\"}]},{\"@type\":\"WebSite\",\"@id\":\"https:\\\/\\\/casadecampoliving.com\\\/es\\\/#website\",\"url\":\"https:\\\/\\\/casadecampoliving.com\\\/es\\\/\",\"name\":\"Casa de Campo Living\",\"description\":\"Resort community news and resources.\",\"publisher\":{\"@id\":\"https:\\\/\\\/casadecampoliving.com\\\/es\\\/#organization\"},\"potentialAction\":[{\"@type\":\"SearchAction\",\"target\":{\"@type\":\"EntryPoint\",\"urlTemplate\":\"https:\\\/\\\/casadecampoliving.com\\\/es\\\/?s={search_term_string}\"},\"query-input\":{\"@type\":\"PropertyValueSpecification\",\"valueRequired\":true,\"valueName\":\"search_term_string\"}}],\"inLanguage\":\"es\"},{\"@type\":\"Organization\",\"@id\":\"https:\\\/\\\/casadecampoliving.com\\\/es\\\/#organization\",\"name\":\"Casa de Campo Living\",\"url\":\"https:\\\/\\\/casadecampoliving.com\\\/es\\\/\",\"logo\":{\"@type\":\"ImageObject\",\"inLanguage\":\"es\",\"@id\":\"https:\\\/\\\/casadecampoliving.com\\\/es\\\/#\\\/schema\\\/logo\\\/image\\\/\",\"url\":\"https:\\\/\\\/i0.wp.com\\\/casadecampoliving.com\\\/wp-content\\\/uploads\\\/2022\\\/07\\\/CDCLivingLogo_V1-white-sized.png?fit=800%2C214&ssl=1\",\"contentUrl\":\"https:\\\/\\\/i0.wp.com\\\/casadecampoliving.com\\\/wp-content\\\/uploads\\\/2022\\\/07\\\/CDCLivingLogo_V1-white-sized.png?fit=800%2C214&ssl=1\",\"width\":800,\"height\":214,\"caption\":\"Casa de Campo Living\"},\"image\":{\"@id\":\"https:\\\/\\\/casadecampoliving.com\\\/es\\\/#\\\/schema\\\/logo\\\/image\\\/\"},\"sameAs\":[\"https:\\\/\\\/www.facebook.com\\\/casadecampoliving\",\"https:\\\/\\\/x.com\\\/cdcliving\"]},{\"@type\":\"Person\",\"@id\":\"https:\\\/\\\/casadecampoliving.com\\\/es\\\/#\\\/schema\\\/person\\\/e3abfc63c1478fd703266a6f33a3145d\",\"name\":\"Heather Lincoln\",\"image\":{\"@type\":\"ImageObject\",\"inLanguage\":\"es\",\"@id\":\"https:\\\/\\\/secure.gravatar.com\\\/avatar\\\/e8fc1ce4ad50385675908137b0d8d66be281d034bf072b4700460237638ea6d0?s=96&d=mm&r=g\",\"url\":\"https:\\\/\\\/secure.gravatar.com\\\/avatar\\\/e8fc1ce4ad50385675908137b0d8d66be281d034bf072b4700460237638ea6d0?s=96&d=mm&r=g\",\"contentUrl\":\"https:\\\/\\\/secure.gravatar.com\\\/avatar\\\/e8fc1ce4ad50385675908137b0d8d66be281d034bf072b4700460237638ea6d0?s=96&d=mm&r=g\",\"caption\":\"Heather Lincoln\"},\"url\":\"https:\\\/\\\/casadecampoliving.com\\\/es\\\/author\\\/hcastillo\\\/\"}]}<\/script>\n<!-- \/ Yoast SEO plugin. -->","yoast_head_json":{"title":"Una mirada a los detalles: Los estudiantes de moda de Chav\u00f3n van a impresionarnos con sus colecciones finales | Casa de Campo Living","description":"Es con mucho entusiasmo y emoci\u00f3n que anunciamos la graduaci\u00f3n del departamento de moda de la Escuela de Dise\u00f1o de Altos de Chav\u00f3n. Este es el \u00faltimo a\u00f1o","robots":{"index":"index","follow":"follow","max-snippet":"max-snippet:-1","max-image-preview":"max-image-preview:large","max-video-preview":"max-video-preview:-1"},"canonical":"https:\/\/casadecampoliving.com\/es\/los-estudiantes-de-moda-de-chavon-van-a-impresionarnos-con-sus-colecciones-finales\/","og_locale":"es_ES","og_type":"article","og_title":"Una mirada a los detalles: Los estudiantes de moda de Chav\u00f3n van a impresionarnos con sus colecciones finales | Casa de Campo Living","og_description":"Es con mucho entusiasmo y emoci\u00f3n que anunciamos la graduaci\u00f3n del departamento de moda de la Escuela de Dise\u00f1o de Altos de Chav\u00f3n. Este es el \u00faltimo a\u00f1o","og_url":"https:\/\/casadecampoliving.com\/es\/los-estudiantes-de-moda-de-chavon-van-a-impresionarnos-con-sus-colecciones-finales\/","og_site_name":"Casa de Campo Living","article_publisher":"https:\/\/www.facebook.com\/casadecampoliving","article_published_time":"2016-05-07T04:00:00+00:00","article_modified_time":"2022-10-21T23:05:31+00:00","og_image":[{"width":1000,"height":600,"url":"https:\/\/i0.wp.com\/casadecampoliving.com\/wp-content\/uploads\/2022\/10\/BDC_8558-2.jpg?fit=1000%2C600&ssl=1","type":"image\/jpeg"}],"author":"Heather Lincoln","twitter_card":"summary_large_image","twitter_creator":"@cdcliving","twitter_site":"@cdcliving","twitter_misc":{"Escrito por":"Heather Lincoln","Tiempo de lectura":"3 minutos"},"schema":{"@context":"https:\/\/schema.org","@graph":[{"@type":"Article","@id":"https:\/\/casadecampoliving.com\/es\/los-estudiantes-de-moda-de-chavon-van-a-impresionarnos-con-sus-colecciones-finales\/#article","isPartOf":{"@id":"https:\/\/casadecampoliving.com\/es\/los-estudiantes-de-moda-de-chavon-van-a-impresionarnos-con-sus-colecciones-finales\/"},"author":{"name":"Heather Lincoln","@id":"https:\/\/casadecampoliving.com\/es\/#\/schema\/person\/e3abfc63c1478fd703266a6f33a3145d"},"headline":"Una mirada a los detalles: Los estudiantes de moda de Chav\u00f3n van a impresionarnos con sus colecciones finales","datePublished":"2016-05-07T04:00:00+00:00","dateModified":"2022-10-21T23:05:31+00:00","mainEntityOfPage":{"@id":"https:\/\/casadecampoliving.com\/es\/los-estudiantes-de-moda-de-chavon-van-a-impresionarnos-con-sus-colecciones-finales\/"},"wordCount":721,"publisher":{"@id":"https:\/\/casadecampoliving.com\/es\/#organization"},"image":{"@id":"https:\/\/casadecampoliving.com\/es\/los-estudiantes-de-moda-de-chavon-van-a-impresionarnos-con-sus-colecciones-finales\/#primaryimage"},"thumbnailUrl":"https:\/\/i0.wp.com\/casadecampoliving.com\/wp-content\/uploads\/2022\/10\/BDC_8558-2.jpg?fit=1000%2C600&ssl=1","keywords":["Altos de Chavon","ceremonia","Colecci\u00f3n","davidoff @es","escuela de dise\u00f1o","estudiantes","exposici\u00f3n","graduacion","Marina Spadafora @es","moda","nuevo campus","Proximamente","santo domingo @es"],"articleSection":["Altos de Chavon @es","Arte y cultura","Destacados","Eventos","Moda","Noticias Locales","Proximamente","Rep\u00fablica Dominicana @es"],"inLanguage":"es"},{"@type":"WebPage","@id":"https:\/\/casadecampoliving.com\/es\/los-estudiantes-de-moda-de-chavon-van-a-impresionarnos-con-sus-colecciones-finales\/","url":"https:\/\/casadecampoliving.com\/es\/los-estudiantes-de-moda-de-chavon-van-a-impresionarnos-con-sus-colecciones-finales\/","name":"Una mirada a los detalles: Los estudiantes de moda de Chav\u00f3n van a impresionarnos con sus colecciones finales | Casa de Campo Living","isPartOf":{"@id":"https:\/\/casadecampoliving.com\/es\/#website"},"primaryImageOfPage":{"@id":"https:\/\/casadecampoliving.com\/es\/los-estudiantes-de-moda-de-chavon-van-a-impresionarnos-con-sus-colecciones-finales\/#primaryimage"},"image":{"@id":"https:\/\/casadecampoliving.com\/es\/los-estudiantes-de-moda-de-chavon-van-a-impresionarnos-con-sus-colecciones-finales\/#primaryimage"},"thumbnailUrl":"https:\/\/i0.wp.com\/casadecampoliving.com\/wp-content\/uploads\/2022\/10\/BDC_8558-2.jpg?fit=1000%2C600&ssl=1","datePublished":"2016-05-07T04:00:00+00:00","dateModified":"2022-10-21T23:05:31+00:00","description":"Es con mucho entusiasmo y emoci\u00f3n que anunciamos la graduaci\u00f3n del departamento de moda de la Escuela de Dise\u00f1o de Altos de Chav\u00f3n. Este es el \u00faltimo a\u00f1o","breadcrumb":{"@id":"https:\/\/casadecampoliving.com\/es\/los-estudiantes-de-moda-de-chavon-van-a-impresionarnos-con-sus-colecciones-finales\/#breadcrumb"},"inLanguage":"es","potentialAction":[{"@type":"ReadAction","target":["https:\/\/casadecampoliving.com\/es\/los-estudiantes-de-moda-de-chavon-van-a-impresionarnos-con-sus-colecciones-finales\/"]}]},{"@type":"ImageObject","inLanguage":"es","@id":"https:\/\/casadecampoliving.com\/es\/los-estudiantes-de-moda-de-chavon-van-a-impresionarnos-con-sus-colecciones-finales\/#primaryimage","url":"https:\/\/i0.wp.com\/casadecampoliving.com\/wp-content\/uploads\/2022\/10\/BDC_8558-2.jpg?fit=1000%2C600&ssl=1","contentUrl":"https:\/\/i0.wp.com\/casadecampoliving.com\/wp-content\/uploads\/2022\/10\/BDC_8558-2.jpg?fit=1000%2C600&ssl=1","width":1000,"height":600},{"@type":"BreadcrumbList","@id":"https:\/\/casadecampoliving.com\/es\/los-estudiantes-de-moda-de-chavon-van-a-impresionarnos-con-sus-colecciones-finales\/#breadcrumb","itemListElement":[{"@type":"ListItem","position":1,"name":"Home","item":"https:\/\/casadecampoliving.com\/es\/"},{"@type":"ListItem","position":2,"name":"Una mirada a los detalles: Los estudiantes de moda de Chav\u00f3n van a impresionarnos con sus colecciones finales"}]},{"@type":"WebSite","@id":"https:\/\/casadecampoliving.com\/es\/#website","url":"https:\/\/casadecampoliving.com\/es\/","name":"Casa de Campo Living","description":"Resort community news and resources.","publisher":{"@id":"https:\/\/casadecampoliving.com\/es\/#organization"},"potentialAction":[{"@type":"SearchAction","target":{"@type":"EntryPoint","urlTemplate":"https:\/\/casadecampoliving.com\/es\/?s={search_term_string}"},"query-input":{"@type":"PropertyValueSpecification","valueRequired":true,"valueName":"search_term_string"}}],"inLanguage":"es"},{"@type":"Organization","@id":"https:\/\/casadecampoliving.com\/es\/#organization","name":"Casa de Campo Living","url":"https:\/\/casadecampoliving.com\/es\/","logo":{"@type":"ImageObject","inLanguage":"es","@id":"https:\/\/casadecampoliving.com\/es\/#\/schema\/logo\/image\/","url":"https:\/\/i0.wp.com\/casadecampoliving.com\/wp-content\/uploads\/2022\/07\/CDCLivingLogo_V1-white-sized.png?fit=800%2C214&ssl=1","contentUrl":"https:\/\/i0.wp.com\/casadecampoliving.com\/wp-content\/uploads\/2022\/07\/CDCLivingLogo_V1-white-sized.png?fit=800%2C214&ssl=1","width":800,"height":214,"caption":"Casa de Campo Living"},"image":{"@id":"https:\/\/casadecampoliving.com\/es\/#\/schema\/logo\/image\/"},"sameAs":["https:\/\/www.facebook.com\/casadecampoliving","https:\/\/x.com\/cdcliving"]},{"@type":"Person","@id":"https:\/\/casadecampoliving.com\/es\/#\/schema\/person\/e3abfc63c1478fd703266a6f33a3145d","name":"Heather Lincoln","image":{"@type":"ImageObject","inLanguage":"es","@id":"https:\/\/secure.gravatar.com\/avatar\/e8fc1ce4ad50385675908137b0d8d66be281d034bf072b4700460237638ea6d0?s=96&d=mm&r=g","url":"https:\/\/secure.gravatar.com\/avatar\/e8fc1ce4ad50385675908137b0d8d66be281d034bf072b4700460237638ea6d0?s=96&d=mm&r=g","contentUrl":"https:\/\/secure.gravatar.com\/avatar\/e8fc1ce4ad50385675908137b0d8d66be281d034bf072b4700460237638ea6d0?s=96&d=mm&r=g","caption":"Heather Lincoln"},"url":"https:\/\/casadecampoliving.com\/es\/author\/hcastillo\/"}]}},"parsely":{"version":"1.1.0","canonical_url":"https:\/\/casadecampoliving.com\/es\/los-estudiantes-de-moda-de-chavon-van-a-impresionarnos-con-sus-colecciones-finales\/","smart_links":{"inbound":0,"outbound":0},"traffic_boost_suggestions_count":0,"meta":{"@context":"https:\/\/schema.org","@type":"NewsArticle","headline":"Una mirada a los detalles: Los estudiantes de moda de Chav\u00f3n van a impresionarnos con sus colecciones finales","url":"http:\/\/casadecampoliving.com\/es\/los-estudiantes-de-moda-de-chavon-van-a-impresionarnos-con-sus-colecciones-finales\/","mainEntityOfPage":{"@type":"WebPage","@id":"http:\/\/casadecampoliving.com\/es\/los-estudiantes-de-moda-de-chavon-van-a-impresionarnos-con-sus-colecciones-finales\/"},"thumbnailUrl":"https:\/\/i0.wp.com\/casadecampoliving.com\/wp-content\/uploads\/2022\/10\/BDC_8558-2.jpg?resize=150%2C150&ssl=1","image":{"@type":"ImageObject","url":"https:\/\/i0.wp.com\/casadecampoliving.com\/wp-content\/uploads\/2022\/10\/BDC_8558-2.jpg?fit=1000%2C600&ssl=1"},"articleSection":"Altos de Chavon @es","author":[{"@type":"Person","name":"Heather Lincoln"}],"creator":["Heather Lincoln"],"publisher":{"@type":"Organization","name":"Casa de Campo Living","logo":"https:\/\/casadecampoliving.com\/wp-content\/uploads\/2022\/07\/CDCLivingLogo_V1-white-sized.png"},"keywords":["altos de chavon","ceremonia","colecci\u00f3n","davidoff @es","escuela de dise\u00f1o","estudiantes","exposici\u00f3n","graduacion","marina spadafora @es","moda","nuevo campus","proximamente","santo domingo @es"],"dateCreated":"2016-05-07T04:00:00Z","datePublished":"2016-05-07T04:00:00Z","dateModified":"2022-10-21T23:05:31Z"},"rendered":"<script type=\"application\/ld+json\" class=\"wp-parsely-metadata\">{\"@context\":\"https:\\\/\\\/schema.org\",\"@type\":\"NewsArticle\",\"headline\":\"Una mirada a los detalles: Los estudiantes de moda de Chav\\u00f3n van a impresionarnos con sus colecciones finales\",\"url\":\"http:\\\/\\\/casadecampoliving.com\\\/es\\\/los-estudiantes-de-moda-de-chavon-van-a-impresionarnos-con-sus-colecciones-finales\\\/\",\"mainEntityOfPage\":{\"@type\":\"WebPage\",\"@id\":\"http:\\\/\\\/casadecampoliving.com\\\/es\\\/los-estudiantes-de-moda-de-chavon-van-a-impresionarnos-con-sus-colecciones-finales\\\/\"},\"thumbnailUrl\":\"https:\\\/\\\/i0.wp.com\\\/casadecampoliving.com\\\/wp-content\\\/uploads\\\/2022\\\/10\\\/BDC_8558-2.jpg?resize=150%2C150&ssl=1\",\"image\":{\"@type\":\"ImageObject\",\"url\":\"https:\\\/\\\/i0.wp.com\\\/casadecampoliving.com\\\/wp-content\\\/uploads\\\/2022\\\/10\\\/BDC_8558-2.jpg?fit=1000%2C600&ssl=1\"},\"articleSection\":\"Altos de Chavon @es\",\"author\":[{\"@type\":\"Person\",\"name\":\"Heather Lincoln\"}],\"creator\":[\"Heather Lincoln\"],\"publisher\":{\"@type\":\"Organization\",\"name\":\"Casa de Campo Living\",\"logo\":\"https:\\\/\\\/casadecampoliving.com\\\/wp-content\\\/uploads\\\/2022\\\/07\\\/CDCLivingLogo_V1-white-sized.png\"},\"keywords\":[\"altos de chavon\",\"ceremonia\",\"colecci\\u00f3n\",\"davidoff @es\",\"escuela de dise\\u00f1o\",\"estudiantes\",\"exposici\\u00f3n\",\"graduacion\",\"marina spadafora @es\",\"moda\",\"nuevo campus\",\"proximamente\",\"santo domingo @es\"],\"dateCreated\":\"2016-05-07T04:00:00Z\",\"datePublished\":\"2016-05-07T04:00:00Z\",\"dateModified\":\"2022-10-21T23:05:31Z\"}<\/script>","tracker_url":"https:\/\/cdn.parsely.com\/keys\/casadecampoliving.com\/p.js"},"jetpack_publicize_connections":[],"jetpack_featured_media_url":"https:\/\/i0.wp.com\/casadecampoliving.com\/wp-content\/uploads\/2022\/10\/BDC_8558-2.jpg?fit=1000%2C600&ssl=1","jetpack-related-posts":[{"id":351459,"url":"https:\/\/casadecampoliving.com\/es\/casi-estamos-felicitando-la-clase-graduanda-2017-de-la-escuela-de-diseno-altos-de-chavon\/","url_meta":{"origin":349775,"position":0},"title":"\u00a1Casi estamos felicitando a la clase graduanda 2017 de la Escuela de Dise\u00f1o Altos de Chav\u00f3n!","author":"Marlenys Guzm\u00e1n Casta\u00f1os","date":"4 May, 2017","format":false,"excerpt":"La 33\u00aa graduaci\u00f3n de la Escuela de Dise\u00f1o Altos de Chav\u00f3n se celebrar\u00e1 el s\u00e1bado 13 de mayo en la Plaza Chav\u00f3n frente a la iglesia de San Estanislao. M\u00e1s de sesenta estudiantes vestiran sus togas y birretes y marcar\u00e1n un hito en sus vidas, comenzando un nuevo cap\u00edtulo como\u2026","rel":"","context":"En \u00abAltos de Chavon @es\u00bb","block_context":{"text":"Altos de Chavon @es","link":"https:\/\/casadecampoliving.com\/category\/altos-de-chavon-es\/"},"img":{"alt_text":"","src":"https:\/\/i0.wp.com\/casadecampoliving.com\/wp-content\/uploads\/2022\/10\/Graduacion_XXXII-3.jpg?fit=1200%2C800&ssl=1&resize=350%2C200","width":350,"height":200,"srcset":"https:\/\/i0.wp.com\/casadecampoliving.com\/wp-content\/uploads\/2022\/10\/Graduacion_XXXII-3.jpg?fit=1200%2C800&ssl=1&resize=350%2C200 1x, https:\/\/i0.wp.com\/casadecampoliving.com\/wp-content\/uploads\/2022\/10\/Graduacion_XXXII-3.jpg?fit=1200%2C800&ssl=1&resize=525%2C300 1.5x, https:\/\/i0.wp.com\/casadecampoliving.com\/wp-content\/uploads\/2022\/10\/Graduacion_XXXII-3.jpg?fit=1200%2C800&ssl=1&resize=700%2C400 2x, https:\/\/i0.wp.com\/casadecampoliving.com\/wp-content\/uploads\/2022\/10\/Graduacion_XXXII-3.jpg?fit=1200%2C800&ssl=1&resize=1050%2C600 3x"},"classes":[]},{"id":351513,"url":"https:\/\/casadecampoliving.com\/es\/una-graduacion-como-ninguna-otra-enhorabuena-escuela-de-diseno-de-altos-de-chavon-de-2017\/","url_meta":{"origin":349775,"position":1},"title":"\u00a1Una graduaci\u00f3n como ninguna otra! \u00a1Enhorabuena Escuela de Dise\u00f1o de Altos de Chav\u00f3n de 2017!","author":"Marlenys Guzm\u00e1n Casta\u00f1os","date":"20 May, 2017","format":false,"excerpt":"Los estudiantes de la Escuela de Dise\u00f1o Altos de Chav\u00f3n se reunieron en la Plaza Chav\u00f3n el s\u00e1bado 13 de mayo, un c\u00e1lido y soleado d\u00eda ideal para celebrar su 33\u00aa graduaci\u00f3n y el primero del campus de Santo Domingo. Desde el a\u00f1o pasado, las carreras t\u00e9cnicas de Dise\u00f1o de\u2026","rel":"","context":"En \u00abAltos de Chavon @es\u00bb","block_context":{"text":"Altos de Chavon @es","link":"https:\/\/casadecampoliving.com\/category\/altos-de-chavon-es\/"},"img":{"alt_text":"","src":"https:\/\/i0.wp.com\/casadecampoliving.com\/wp-content\/uploads\/2022\/10\/IMG-20170517-WA0041-e1495222840554.jpg?fit=1000%2C667&ssl=1&resize=350%2C200","width":350,"height":200,"srcset":"https:\/\/i0.wp.com\/casadecampoliving.com\/wp-content\/uploads\/2022\/10\/IMG-20170517-WA0041-e1495222840554.jpg?fit=1000%2C667&ssl=1&resize=350%2C200 1x, https:\/\/i0.wp.com\/casadecampoliving.com\/wp-content\/uploads\/2022\/10\/IMG-20170517-WA0041-e1495222840554.jpg?fit=1000%2C667&ssl=1&resize=525%2C300 1.5x, https:\/\/i0.wp.com\/casadecampoliving.com\/wp-content\/uploads\/2022\/10\/IMG-20170517-WA0041-e1495222840554.jpg?fit=1000%2C667&ssl=1&resize=700%2C400 2x"},"classes":[]},{"id":353437,"url":"https:\/\/casadecampoliving.com\/es\/join-the-chavon-school-of-design-this-friday-for-their-35th-graduation-ceremony-and-end-of-year-exhibit\/","url_meta":{"origin":349775,"position":2},"title":"\u00danase a Chav\u00f3n Escuela de Dise\u00f1o este viernes para la 35\u00aa ceremonia de graduaci\u00f3n y la exhibici\u00f3n de fin de a\u00f1o","author":"Casa de Campo Living","date":"13 May, 2019","format":false,"excerpt":"Hace 37 a\u00f1os, la Escuela de Dise\u00f1o Altos de Chav\u00f3n abri\u00f3 sus puertas a personas con talento que quer\u00edan ampliar sus conocimientos en bellas artes. Este viernes, 17 de mayo, la escuela celebrar\u00e1 su 35\u00aa graduaci\u00f3n que se llevar\u00e1 a cabo en el anfiteatro. \u00a1Esta ser\u00e1 la segunda graduaci\u00f3n para\u2026","rel":"","context":"En \u00abAltos de Chavon @es\u00bb","block_context":{"text":"Altos de Chavon @es","link":"https:\/\/casadecampoliving.com\/category\/altos-de-chavon-es\/"},"img":{"alt_text":"","src":"https:\/\/i0.wp.com\/casadecampoliving.com\/wp-content\/uploads\/2022\/10\/IMG_8925.jpg?fit=1000%2C613&ssl=1&resize=350%2C200","width":350,"height":200,"srcset":"https:\/\/i0.wp.com\/casadecampoliving.com\/wp-content\/uploads\/2022\/10\/IMG_8925.jpg?fit=1000%2C613&ssl=1&resize=350%2C200 1x, https:\/\/i0.wp.com\/casadecampoliving.com\/wp-content\/uploads\/2022\/10\/IMG_8925.jpg?fit=1000%2C613&ssl=1&resize=525%2C300 1.5x, https:\/\/i0.wp.com\/casadecampoliving.com\/wp-content\/uploads\/2022\/10\/IMG_8925.jpg?fit=1000%2C613&ssl=1&resize=700%2C400 2x"},"classes":[]},{"id":349870,"url":"https:\/\/casadecampoliving.com\/es\/graduacion-2016-escuela-de-diseno\/","url_meta":{"origin":349775,"position":3},"title":"\u00a1Felicitaciones a los graduandos de la Escuela de Dise\u00f1o Altos de Chav\u00f3n 2016!","author":"Heather Lincoln","date":"25 May, 2016","format":false,"excerpt":"Los estudiantes de la Escuela de Dise\u00f1o de Altos de Chav\u00f3n se reunieron en la Plaza Chav\u00f3n en una tarde c\u00e1lida y soleada el viernes 13 para celebrar su graduaci\u00f3n. Desde las dos de la tarde, los estudiantes se congregaron en torno a la iglesia de San Estanislao para el\u2026","rel":"","context":"En \u00abAltos de Chavon @es\u00bb","block_context":{"text":"Altos de Chavon @es","link":"https:\/\/casadecampoliving.com\/category\/altos-de-chavon-es\/"},"img":{"alt_text":"Altos de Chav\u00f3n School of Design Graduation 2016","src":"https:\/\/i0.wp.com\/casadecampoliving.com\/wp-content\/uploads\/2022\/10\/Graduacion_XXXII-31-e1464128368892.jpg?fit=1000%2C667&ssl=1&resize=350%2C200","width":350,"height":200,"srcset":"https:\/\/i0.wp.com\/casadecampoliving.com\/wp-content\/uploads\/2022\/10\/Graduacion_XXXII-31-e1464128368892.jpg?fit=1000%2C667&ssl=1&resize=350%2C200 1x, https:\/\/i0.wp.com\/casadecampoliving.com\/wp-content\/uploads\/2022\/10\/Graduacion_XXXII-31-e1464128368892.jpg?fit=1000%2C667&ssl=1&resize=525%2C300 1.5x, https:\/\/i0.wp.com\/casadecampoliving.com\/wp-content\/uploads\/2022\/10\/Graduacion_XXXII-31-e1464128368892.jpg?fit=1000%2C667&ssl=1&resize=700%2C400 2x"},"classes":[]},{"id":344391,"url":"https:\/\/casadecampoliving.com\/es\/exhibicion-de-arte-por-los-estudiantes-de-la-escuela-de-arte-y-diseno-altos-de-chavon\/","url_meta":{"origin":349775,"position":4},"title":"Exhibici\u00f3n de arte por los estudiantes de la Escuela de Dise\u00f1o de Altos de Chav\u00f3n","author":"Perkin Agramonte","date":"16 May, 2014","format":false,"excerpt":"La exhibici\u00f3n de arte de \"Fin de A\u00f1o\" presentada por la clase graduanda 2014 de la Escuela de arte y Dise\u00f1o Altos de Chav\u00f3n se encuentra abierta para el disfrute de todos nosotros. Sin embargo, la exhibici\u00f3n estar\u00e1 solo hasta el domingo 18 de mayo, as\u00ed que vaya a verla\u2026","rel":"","context":"En \u00abAltos de Chavon @es\u00bb","block_context":{"text":"Altos de Chavon @es","link":"https:\/\/casadecampoliving.com\/category\/altos-de-chavon-es\/"},"img":{"alt_text":"art Altos de Chavon School of Design","src":"https:\/\/i0.wp.com\/casadecampoliving.com\/wp-content\/uploads\/2022\/10\/arte_altos_de_chavon_escuela_de_diseno-1.jpg?fit=650%2C430&ssl=1&resize=350%2C200","width":350,"height":200,"srcset":"https:\/\/i0.wp.com\/casadecampoliving.com\/wp-content\/uploads\/2022\/10\/arte_altos_de_chavon_escuela_de_diseno-1.jpg?fit=650%2C430&ssl=1&resize=350%2C200 1x, https:\/\/i0.wp.com\/casadecampoliving.com\/wp-content\/uploads\/2022\/10\/arte_altos_de_chavon_escuela_de_diseno-1.jpg?fit=650%2C430&ssl=1&resize=525%2C300 1.5x"},"classes":[]},{"id":517688,"url":"https:\/\/casadecampoliving.com\/es\/talento-y-creatividad-en-la-39-exposicion-de-graduacion-de-chavon-escuela-de-diseno\/","url_meta":{"origin":349775,"position":5},"title":"Talento y creatividad en la 39 Exposici\u00f3n de Graduaci\u00f3n de CHAV\u00d3N Escuela de Dise\u00f1o","author":"Casa de Campo Living","date":"12 May, 2023","format":false,"excerpt":"La \"XXXIX Jornada Expositiva de la Escuela de Dise\u00f1o CHAV\u00d3N\" presenta las creaciones de m\u00e1s de 100 nuevas voces emergentes del arte y el dise\u00f1o de manera simult\u00e1nea en diferentes sedes de Santo Domingo. Los graduados de la 39\u00aa promoci\u00f3n ofrecen al p\u00fablico un conjunto de exposiciones con incre\u00edbles trabajos\u2026","rel":"","context":"En \u00abEventos\u00bb","block_context":{"text":"Eventos","link":"https:\/\/casadecampoliving.com\/es\/category\/eventos-es\/"},"img":{"alt_text":"","src":"https:\/\/i0.wp.com\/casadecampoliving.com\/wp-content\/uploads\/2023\/05\/P1544843-scaled.jpg?fit=1200%2C832&ssl=1&resize=350%2C200","width":350,"height":200,"srcset":"https:\/\/i0.wp.com\/casadecampoliving.com\/wp-content\/uploads\/2023\/05\/P1544843-scaled.jpg?fit=1200%2C832&ssl=1&resize=350%2C200 1x, https:\/\/i0.wp.com\/casadecampoliving.com\/wp-content\/uploads\/2023\/05\/P1544843-scaled.jpg?fit=1200%2C832&ssl=1&resize=525%2C300 1.5x, https:\/\/i0.wp.com\/casadecampoliving.com\/wp-content\/uploads\/2023\/05\/P1544843-scaled.jpg?fit=1200%2C832&ssl=1&resize=700%2C400 2x, https:\/\/i0.wp.com\/casadecampoliving.com\/wp-content\/uploads\/2023\/05\/P1544843-scaled.jpg?fit=1200%2C832&ssl=1&resize=1050%2C600 3x"},"classes":[]}],"jetpack_sharing_enabled":true,"_links":{"self":[{"href":"https:\/\/casadecampoliving.com\/es\/wp-json\/wp\/v2\/posts\/349775","targetHints":{"allow":["GET"]}}],"collection":[{"href":"https:\/\/casadecampoliving.com\/es\/wp-json\/wp\/v2\/posts"}],"about":[{"href":"https:\/\/casadecampoliving.com\/es\/wp-json\/wp\/v2\/types\/post"}],"author":[{"embeddable":true,"href":"https:\/\/casadecampoliving.com\/es\/wp-json\/wp\/v2\/users\/36681"}],"replies":[{"embeddable":true,"href":"https:\/\/casadecampoliving.com\/es\/wp-json\/wp\/v2\/comments?post=349775"}],"version-history":[{"count":1,"href":"https:\/\/casadecampoliving.com\/es\/wp-json\/wp\/v2\/posts\/349775\/revisions"}],"predecessor-version":[{"id":349776,"href":"https:\/\/casadecampoliving.com\/es\/wp-json\/wp\/v2\/posts\/349775\/revisions\/349776"}],"wp:featuredmedia":[{"embeddable":true,"href":"https:\/\/casadecampoliving.com\/es\/wp-json\/wp\/v2\/media\/307310"}],"wp:attachment":[{"href":"https:\/\/casadecampoliving.com\/es\/wp-json\/wp\/v2\/media?parent=349775"}],"wp:term":[{"taxonomy":"category","embeddable":true,"href":"https:\/\/casadecampoliving.com\/es\/wp-json\/wp\/v2\/categories?post=349775"},{"taxonomy":"post_tag","embeddable":true,"href":"https:\/\/casadecampoliving.com\/es\/wp-json\/wp\/v2\/tags?post=349775"},{"taxonomy":"newspack_spnsrs_tax","embeddable":true,"href":"https:\/\/casadecampoliving.com\/es\/wp-json\/wp\/v2\/newspack_spnsrs_tax?post=349775"}],"curies":[{"name":"wp","href":"https:\/\/api.w.org\/{rel}","templated":true}]}}