{"id":349757,"date":"2016-05-08T00:00:00","date_gmt":"2016-05-08T04:00:00","guid":{"rendered":"https:\/\/casadecampoliving.com\/cafe-colon-abre-en-la-romana\/"},"modified":"2022-10-21T19:05:00","modified_gmt":"2022-10-21T23:05:00","slug":"cafe-colon-abre-en-la-romana","status":"publish","type":"post","link":"https:\/\/casadecampoliving.com\/es\/cafe-colon-abre-en-la-romana\/","title":{"rendered":"Caf\u00e9 Col\u00f3n: \u00a1Nuevo Restaurante Italiano en La Romana!"},"content":{"rendered":"\n<p>\u00a1Hay un nuevo restaurante italiano en la ciudad! \u00bfYa escucharon que Caf\u00e9 Col\u00f3n acaba de abrir sus puertas? Lo descubr\u00ed una noche ya bastante tarde mientras buscaba un lugar para comer algo. Para nuestra suerte, \u00a1Caf\u00e9 Col\u00f3n est\u00e1 abierto hasta las 11:30pm todas las noches! As\u00ed que decidimos probarlo y no nos arrepentimos en lo m\u00e1s m\u00ednimo.<\/p>\n\n\n\n<!--more-->\n\n\n<div class=\"wp-block-image\">\n<figure class=\"aligncenter is-resized\"><img loading=\"lazy\" decoding=\"async\" src=\"https:\/\/i0.wp.com\/casadecampoliving.com\/wp-content\/uploads\/2022\/10\/Cafe-Colon-La-Romana.jpg?resize=1000%2C600&amp;ssl=1\" alt=\"Cafe Colon La Romana\" class=\"wp-image-119013\" height=\"600\" width=\"1000\"\/><\/figure>\n<\/div>\n\n\n<p>El restaurante es bastante espacioso y tiene una encantadora terraza que da el sentir de un&nbsp;patio italiano. Creo que mucho de su encanto viene de estar ubicado en el antiguo cine Col\u00f3n en La Romana. Aunque s\u00f3lo entramos con la intenci\u00f3n de comer algo r\u00e1pido, \u00a1terminamos ordenando platos fuertes y hasta&nbsp;postres! \u00a1Ya puede imaginarse cu\u00e1n&nbsp;rica es su cocina! Tambi\u00e9n disfrut\u00e9 que, como en Italia, hay una selecci\u00f3n de cocteles aperitivos y digestivos, adem\u00e1s de una amplia lista de vinos. Empezamos con un coctel aperitivo cl\u00e1sico italiano, Aperol Spritz.<\/p>\n\n\n\n<p>El men\u00fa es bastante amplio tambi\u00e9n. Orden\u00e9 mi pasta&nbsp;favorita, carbonara. Me encant\u00f3 el hecho de que viniera con crema opcional ya que&nbsp;tradicionalmente el plato no la incluye, pero muchos la prefieren con ella. Mi compa\u00f1ero orden\u00f3 pizza, la cual preparan en horno de ladrillos. Ambos platos estuvieron riqu\u00edsimos\u2026 la corteza de la pizza&nbsp;era fina, crujiente y jugosa. La porci\u00f3n de pasta fue bastante generosa y llena de sabor, adem\u00e1s de que la pancetta estaba deliciosamente salada y crujiente, como debe estar en toda buena carbonara.<\/p>\n\n\n<div class=\"wp-block-image\">\n<figure class=\"aligncenter is-resized\"><img loading=\"lazy\" decoding=\"async\" src=\"https:\/\/i0.wp.com\/casadecampoliving.com\/wp-content\/uploads\/2022\/10\/Pizza-Oven-Cafe-Colon.jpg?resize=1000%2C600&amp;ssl=1\" alt=\"Pizza Oven Cafe Colon\" class=\"wp-image-119014\" height=\"600\" width=\"1000\"\/><\/figure>\n<\/div>\n\n\n<p>Al final, disfrutamos de un gelato casero y un poco de Amaro como coctel digestivo. Tuvimos la oportunidad de conversar con el Chef Nicola de Simone, quien es responsable de las pizzas artesanales de Caf\u00e9 Col\u00f3n, y comparti\u00f3 con nosotros su pasi\u00f3n por los ingredientes de calidad y su compromiso con que estos sean frescos y aut\u00e9nticos. La cena fue una verdadera experiencia italiana y le recomendamos a todos a pasar por Caf\u00e9 Col\u00f3n y probarlo por s\u00ed mismos.<\/p>\n\n\n\n<blockquote><figure><img decoding=\"async\" loading=\"lazy\" class=\"aligncenter size-full wp-image-119015\" src=\"https:\/\/i0.wp.com\/casadecampoliving.com\/wp-content\/uploads\/2022\/10\/Billboard-Cafe-Colon-La-Romana.jpg?resize=1000%2C600&amp;ssl=1\" alt=\"Billboard Cafe Colon La Romana\" width=\"1000\" height=\"600\"><\/figure><h4>CAFE COL\u00d3N LA ROMANA<\/h4><p><strong>Ubicaci\u00f3n:<\/strong> Calle Trinitaria No. 53<\/p><p><strong>Horario: <\/strong>Todos los d\u00edas,&nbsp;10:30am \u2013 11:30pm<\/p><p><strong>Contacto:<\/strong> (809) 556-4193<\/p><ul>\n<li><span style=\"font-weight: 400;\"><strong>Email:<\/strong> cafecolonlr@gmail.com<\/span><\/li>\n<li><span style=\"font-weight: 400;\"><strong>Instagram:&nbsp;<\/strong><a href=\"https:\/\/www.instagram.com\/cafecolonlr\/\">@CafeColonLR<\/a><\/span><\/li>\n<\/ul><\/blockquote>\n","protected":false},"excerpt":{"rendered":"<p>\u00a1Hay un nuevo restaurante italiano en la ciudad! \u00bfYa escucharon que Caf\u00e9 Col\u00f3n acaba de abrir sus puertas? Lo descubr\u00ed una noche ya bastante tarde mientras buscaba un lugar para comer algo. Para nuestra suerte, \u00a1Caf\u00e9 Col\u00f3n est\u00e1 abierto hasta las 11:30pm todas las noches! As\u00ed que decidimos probarlo y no nos arrepentimos en lo [&hellip;]<\/p>\n","protected":false},"author":36683,"featured_media":307079,"comment_status":"closed","ping_status":"closed","sticky":false,"template":"","format":"standard","meta":{"newspack_ads_suppress_ads":false,"newspack_popups_has_disabled_popups":false,"newspack_sponsor_sponsorship_scope":"","newspack_sponsor_native_byline_display":"inherit","newspack_sponsor_native_category_display":"inherit","newspack_sponsor_underwriter_style":"inherit","newspack_sponsor_underwriter_placement":"inherit","_newspack_byline_active":false,"_newspack_byline":"","newspack_hide_updated_date":false,"newspack_show_updated_date":false,"newspack_content_restriction_is_exempt":false,"newspack_featured_image_position":"","newspack_post_subtitle":"","newspack_article_summary_title":"Overview:","newspack_article_summary":"","_jetpack_memberships_contains_paid_content":false,"footnotes":"","jetpack_publicize_message":"","jetpack_publicize_feature_enabled":true,"jetpack_social_post_already_shared":false,"jetpack_social_options":{"image_generator_settings":{"template":"highway","default_image_id":0,"font":"","enabled":false},"version":2},"_wpas_customize_per_network":false},"categories":[14629,2506,2520],"tags":[14736,14542,2744,4094],"newspack_spnsrs_tax":[],"class_list":["post-349757","post","type-post","status-publish","format-standard","has-post-thumbnail","hentry","category-comidas-bebidas","category-mas-alla-de-casa-es","category-restaurantes-es","tag-featured-topview-es","tag-la-romana-es","tag-restaurante","tag-restaurante-italiano","entry"],"yoast_head":"<!-- This site is optimized with the Yoast SEO plugin v27.5 - https:\/\/yoast.com\/product\/yoast-seo-wordpress\/ -->\n<title>Caf\u00e9 Col\u00f3n: \u00a1Nuevo Restaurante Italiano en La Romana! | Casa de Campo Living<\/title>\n<meta name=\"description\" content=\"\u00a1Hay un nuevo restaurante italiano en la ciudad! \u00bfYa escucharon que Caf\u00e9 Col\u00f3n acaba de abrir sus puertas? Lo descubr\u00ed una noche ya bastante tarde\" \/>\n<meta name=\"robots\" content=\"index, follow, max-snippet:-1, max-image-preview:large, max-video-preview:-1\" \/>\n<link rel=\"canonical\" href=\"https:\/\/casadecampoliving.com\/es\/cafe-colon-abre-en-la-romana\/\" \/>\n<meta property=\"og:locale\" content=\"es_ES\" \/>\n<meta property=\"og:type\" content=\"article\" \/>\n<meta property=\"og:title\" content=\"Caf\u00e9 Col\u00f3n: \u00a1Nuevo Restaurante Italiano en La Romana! | Casa de Campo Living\" \/>\n<meta property=\"og:description\" content=\"\u00a1Hay un nuevo restaurante italiano en la ciudad! \u00bfYa escucharon que Caf\u00e9 Col\u00f3n acaba de abrir sus puertas? Lo descubr\u00ed una noche ya bastante tarde\" \/>\n<meta property=\"og:url\" content=\"https:\/\/casadecampoliving.com\/es\/cafe-colon-abre-en-la-romana\/\" \/>\n<meta property=\"og:site_name\" content=\"Casa de Campo Living\" \/>\n<meta property=\"article:publisher\" content=\"https:\/\/www.facebook.com\/casadecampoliving\" \/>\n<meta property=\"article:published_time\" content=\"2016-05-08T04:00:00+00:00\" \/>\n<meta property=\"article:modified_time\" content=\"2022-10-21T23:05:00+00:00\" \/>\n<meta property=\"og:image\" content=\"https:\/\/i0.wp.com\/casadecampoliving.com\/wp-content\/uploads\/2022\/10\/shutterstock_91005989.jpg?fit=1000%2C667&ssl=1\" \/>\n\t<meta property=\"og:image:width\" content=\"1000\" \/>\n\t<meta property=\"og:image:height\" content=\"667\" \/>\n\t<meta property=\"og:image:type\" content=\"image\/jpeg\" \/>\n<meta name=\"author\" content=\"Anna Pavilsova\" \/>\n<meta name=\"twitter:card\" content=\"summary_large_image\" \/>\n<meta name=\"twitter:creator\" content=\"@cdcliving\" \/>\n<meta name=\"twitter:site\" content=\"@cdcliving\" \/>\n<meta name=\"twitter:label1\" content=\"Escrito por\" \/>\n\t<meta name=\"twitter:data1\" content=\"Anna Pavilsova\" \/>\n\t<meta name=\"twitter:label2\" content=\"Tiempo de lectura\" \/>\n\t<meta name=\"twitter:data2\" content=\"2 minutos\" \/>\n<script type=\"application\/ld+json\" class=\"yoast-schema-graph\">{\"@context\":\"https:\\\/\\\/schema.org\",\"@graph\":[{\"@type\":\"Article\",\"@id\":\"https:\\\/\\\/casadecampoliving.com\\\/es\\\/cafe-colon-abre-en-la-romana\\\/#article\",\"isPartOf\":{\"@id\":\"https:\\\/\\\/casadecampoliving.com\\\/es\\\/cafe-colon-abre-en-la-romana\\\/\"},\"author\":{\"name\":\"Anna Pavilsova\",\"@id\":\"https:\\\/\\\/casadecampoliving.com\\\/es\\\/#\\\/schema\\\/person\\\/18471262c056a7d1ee6adbd125d26275\"},\"headline\":\"Caf\u00e9 Col\u00f3n: \u00a1Nuevo Restaurante Italiano en La Romana!\",\"datePublished\":\"2016-05-08T04:00:00+00:00\",\"dateModified\":\"2022-10-21T23:05:00+00:00\",\"mainEntityOfPage\":{\"@id\":\"https:\\\/\\\/casadecampoliving.com\\\/es\\\/cafe-colon-abre-en-la-romana\\\/\"},\"wordCount\":379,\"publisher\":{\"@id\":\"https:\\\/\\\/casadecampoliving.com\\\/es\\\/#organization\"},\"image\":{\"@id\":\"https:\\\/\\\/casadecampoliving.com\\\/es\\\/cafe-colon-abre-en-la-romana\\\/#primaryimage\"},\"thumbnailUrl\":\"https:\\\/\\\/i0.wp.com\\\/casadecampoliving.com\\\/wp-content\\\/uploads\\\/2022\\\/10\\\/shutterstock_91005989.jpg?fit=1000%2C667&ssl=1\",\"keywords\":[\"Featured-TopView @es\",\"La Romana @es\",\"restaurante\",\"restaurante italiano\"],\"articleSection\":[\"Comidas &amp; Bebidas\",\"M\u00e1s all\u00e1 de Casa\",\"Restaurantes\"],\"inLanguage\":\"es\"},{\"@type\":\"WebPage\",\"@id\":\"https:\\\/\\\/casadecampoliving.com\\\/es\\\/cafe-colon-abre-en-la-romana\\\/\",\"url\":\"https:\\\/\\\/casadecampoliving.com\\\/es\\\/cafe-colon-abre-en-la-romana\\\/\",\"name\":\"Caf\u00e9 Col\u00f3n: \u00a1Nuevo Restaurante Italiano en La Romana! | Casa de Campo Living\",\"isPartOf\":{\"@id\":\"https:\\\/\\\/casadecampoliving.com\\\/es\\\/#website\"},\"primaryImageOfPage\":{\"@id\":\"https:\\\/\\\/casadecampoliving.com\\\/es\\\/cafe-colon-abre-en-la-romana\\\/#primaryimage\"},\"image\":{\"@id\":\"https:\\\/\\\/casadecampoliving.com\\\/es\\\/cafe-colon-abre-en-la-romana\\\/#primaryimage\"},\"thumbnailUrl\":\"https:\\\/\\\/i0.wp.com\\\/casadecampoliving.com\\\/wp-content\\\/uploads\\\/2022\\\/10\\\/shutterstock_91005989.jpg?fit=1000%2C667&ssl=1\",\"datePublished\":\"2016-05-08T04:00:00+00:00\",\"dateModified\":\"2022-10-21T23:05:00+00:00\",\"description\":\"\u00a1Hay un nuevo restaurante italiano en la ciudad! \u00bfYa escucharon que Caf\u00e9 Col\u00f3n acaba de abrir sus puertas? Lo descubr\u00ed una noche ya bastante tarde\",\"breadcrumb\":{\"@id\":\"https:\\\/\\\/casadecampoliving.com\\\/es\\\/cafe-colon-abre-en-la-romana\\\/#breadcrumb\"},\"inLanguage\":\"es\",\"potentialAction\":[{\"@type\":\"ReadAction\",\"target\":[\"https:\\\/\\\/casadecampoliving.com\\\/es\\\/cafe-colon-abre-en-la-romana\\\/\"]}]},{\"@type\":\"ImageObject\",\"inLanguage\":\"es\",\"@id\":\"https:\\\/\\\/casadecampoliving.com\\\/es\\\/cafe-colon-abre-en-la-romana\\\/#primaryimage\",\"url\":\"https:\\\/\\\/i0.wp.com\\\/casadecampoliving.com\\\/wp-content\\\/uploads\\\/2022\\\/10\\\/shutterstock_91005989.jpg?fit=1000%2C667&ssl=1\",\"contentUrl\":\"https:\\\/\\\/i0.wp.com\\\/casadecampoliving.com\\\/wp-content\\\/uploads\\\/2022\\\/10\\\/shutterstock_91005989.jpg?fit=1000%2C667&ssl=1\",\"width\":1000,\"height\":667,\"caption\":\"Italian Food\"},{\"@type\":\"BreadcrumbList\",\"@id\":\"https:\\\/\\\/casadecampoliving.com\\\/es\\\/cafe-colon-abre-en-la-romana\\\/#breadcrumb\",\"itemListElement\":[{\"@type\":\"ListItem\",\"position\":1,\"name\":\"Home\",\"item\":\"https:\\\/\\\/casadecampoliving.com\\\/es\\\/\"},{\"@type\":\"ListItem\",\"position\":2,\"name\":\"Caf\u00e9 Col\u00f3n: \u00a1Nuevo Restaurante Italiano en La Romana!\"}]},{\"@type\":\"WebSite\",\"@id\":\"https:\\\/\\\/casadecampoliving.com\\\/es\\\/#website\",\"url\":\"https:\\\/\\\/casadecampoliving.com\\\/es\\\/\",\"name\":\"Casa de Campo Living\",\"description\":\"Resort community news and resources.\",\"publisher\":{\"@id\":\"https:\\\/\\\/casadecampoliving.com\\\/es\\\/#organization\"},\"potentialAction\":[{\"@type\":\"SearchAction\",\"target\":{\"@type\":\"EntryPoint\",\"urlTemplate\":\"https:\\\/\\\/casadecampoliving.com\\\/es\\\/?s={search_term_string}\"},\"query-input\":{\"@type\":\"PropertyValueSpecification\",\"valueRequired\":true,\"valueName\":\"search_term_string\"}}],\"inLanguage\":\"es\"},{\"@type\":\"Organization\",\"@id\":\"https:\\\/\\\/casadecampoliving.com\\\/es\\\/#organization\",\"name\":\"Casa de Campo Living\",\"url\":\"https:\\\/\\\/casadecampoliving.com\\\/es\\\/\",\"logo\":{\"@type\":\"ImageObject\",\"inLanguage\":\"es\",\"@id\":\"https:\\\/\\\/casadecampoliving.com\\\/es\\\/#\\\/schema\\\/logo\\\/image\\\/\",\"url\":\"https:\\\/\\\/i0.wp.com\\\/casadecampoliving.com\\\/wp-content\\\/uploads\\\/2022\\\/07\\\/CDCLivingLogo_V1-white-sized.png?fit=800%2C214&ssl=1\",\"contentUrl\":\"https:\\\/\\\/i0.wp.com\\\/casadecampoliving.com\\\/wp-content\\\/uploads\\\/2022\\\/07\\\/CDCLivingLogo_V1-white-sized.png?fit=800%2C214&ssl=1\",\"width\":800,\"height\":214,\"caption\":\"Casa de Campo Living\"},\"image\":{\"@id\":\"https:\\\/\\\/casadecampoliving.com\\\/es\\\/#\\\/schema\\\/logo\\\/image\\\/\"},\"sameAs\":[\"https:\\\/\\\/www.facebook.com\\\/casadecampoliving\",\"https:\\\/\\\/x.com\\\/cdcliving\"]},{\"@type\":\"Person\",\"@id\":\"https:\\\/\\\/casadecampoliving.com\\\/es\\\/#\\\/schema\\\/person\\\/18471262c056a7d1ee6adbd125d26275\",\"name\":\"Anna Pavilsova\",\"image\":{\"@type\":\"ImageObject\",\"inLanguage\":\"es\",\"@id\":\"https:\\\/\\\/secure.gravatar.com\\\/avatar\\\/bd0620e5ffaea93e8727c1933c5adb433b77b6b8bf4cff105478c55b61a3e855?s=96&d=mm&r=g\",\"url\":\"https:\\\/\\\/secure.gravatar.com\\\/avatar\\\/bd0620e5ffaea93e8727c1933c5adb433b77b6b8bf4cff105478c55b61a3e855?s=96&d=mm&r=g\",\"contentUrl\":\"https:\\\/\\\/secure.gravatar.com\\\/avatar\\\/bd0620e5ffaea93e8727c1933c5adb433b77b6b8bf4cff105478c55b61a3e855?s=96&d=mm&r=g\",\"caption\":\"Anna Pavilsova\"},\"url\":\"https:\\\/\\\/casadecampoliving.com\\\/es\\\/author\\\/apavilsova\\\/\"}]}<\/script>\n<!-- \/ Yoast SEO plugin. -->","yoast_head_json":{"title":"Caf\u00e9 Col\u00f3n: \u00a1Nuevo Restaurante Italiano en La Romana! | Casa de Campo Living","description":"\u00a1Hay un nuevo restaurante italiano en la ciudad! \u00bfYa escucharon que Caf\u00e9 Col\u00f3n acaba de abrir sus puertas? Lo descubr\u00ed una noche ya bastante tarde","robots":{"index":"index","follow":"follow","max-snippet":"max-snippet:-1","max-image-preview":"max-image-preview:large","max-video-preview":"max-video-preview:-1"},"canonical":"https:\/\/casadecampoliving.com\/es\/cafe-colon-abre-en-la-romana\/","og_locale":"es_ES","og_type":"article","og_title":"Caf\u00e9 Col\u00f3n: \u00a1Nuevo Restaurante Italiano en La Romana! | Casa de Campo Living","og_description":"\u00a1Hay un nuevo restaurante italiano en la ciudad! \u00bfYa escucharon que Caf\u00e9 Col\u00f3n acaba de abrir sus puertas? Lo descubr\u00ed una noche ya bastante tarde","og_url":"https:\/\/casadecampoliving.com\/es\/cafe-colon-abre-en-la-romana\/","og_site_name":"Casa de Campo Living","article_publisher":"https:\/\/www.facebook.com\/casadecampoliving","article_published_time":"2016-05-08T04:00:00+00:00","article_modified_time":"2022-10-21T23:05:00+00:00","og_image":[{"width":1000,"height":667,"url":"https:\/\/i0.wp.com\/casadecampoliving.com\/wp-content\/uploads\/2022\/10\/shutterstock_91005989.jpg?fit=1000%2C667&ssl=1","type":"image\/jpeg"}],"author":"Anna Pavilsova","twitter_card":"summary_large_image","twitter_creator":"@cdcliving","twitter_site":"@cdcliving","twitter_misc":{"Escrito por":"Anna Pavilsova","Tiempo de lectura":"2 minutos"},"schema":{"@context":"https:\/\/schema.org","@graph":[{"@type":"Article","@id":"https:\/\/casadecampoliving.com\/es\/cafe-colon-abre-en-la-romana\/#article","isPartOf":{"@id":"https:\/\/casadecampoliving.com\/es\/cafe-colon-abre-en-la-romana\/"},"author":{"name":"Anna Pavilsova","@id":"https:\/\/casadecampoliving.com\/es\/#\/schema\/person\/18471262c056a7d1ee6adbd125d26275"},"headline":"Caf\u00e9 Col\u00f3n: \u00a1Nuevo Restaurante Italiano en La Romana!","datePublished":"2016-05-08T04:00:00+00:00","dateModified":"2022-10-21T23:05:00+00:00","mainEntityOfPage":{"@id":"https:\/\/casadecampoliving.com\/es\/cafe-colon-abre-en-la-romana\/"},"wordCount":379,"publisher":{"@id":"https:\/\/casadecampoliving.com\/es\/#organization"},"image":{"@id":"https:\/\/casadecampoliving.com\/es\/cafe-colon-abre-en-la-romana\/#primaryimage"},"thumbnailUrl":"https:\/\/i0.wp.com\/casadecampoliving.com\/wp-content\/uploads\/2022\/10\/shutterstock_91005989.jpg?fit=1000%2C667&ssl=1","keywords":["Featured-TopView @es","La Romana @es","restaurante","restaurante italiano"],"articleSection":["Comidas &amp; Bebidas","M\u00e1s all\u00e1 de Casa","Restaurantes"],"inLanguage":"es"},{"@type":"WebPage","@id":"https:\/\/casadecampoliving.com\/es\/cafe-colon-abre-en-la-romana\/","url":"https:\/\/casadecampoliving.com\/es\/cafe-colon-abre-en-la-romana\/","name":"Caf\u00e9 Col\u00f3n: \u00a1Nuevo Restaurante Italiano en La Romana! | Casa de Campo Living","isPartOf":{"@id":"https:\/\/casadecampoliving.com\/es\/#website"},"primaryImageOfPage":{"@id":"https:\/\/casadecampoliving.com\/es\/cafe-colon-abre-en-la-romana\/#primaryimage"},"image":{"@id":"https:\/\/casadecampoliving.com\/es\/cafe-colon-abre-en-la-romana\/#primaryimage"},"thumbnailUrl":"https:\/\/i0.wp.com\/casadecampoliving.com\/wp-content\/uploads\/2022\/10\/shutterstock_91005989.jpg?fit=1000%2C667&ssl=1","datePublished":"2016-05-08T04:00:00+00:00","dateModified":"2022-10-21T23:05:00+00:00","description":"\u00a1Hay un nuevo restaurante italiano en la ciudad! \u00bfYa escucharon que Caf\u00e9 Col\u00f3n acaba de abrir sus puertas? Lo descubr\u00ed una noche ya bastante tarde","breadcrumb":{"@id":"https:\/\/casadecampoliving.com\/es\/cafe-colon-abre-en-la-romana\/#breadcrumb"},"inLanguage":"es","potentialAction":[{"@type":"ReadAction","target":["https:\/\/casadecampoliving.com\/es\/cafe-colon-abre-en-la-romana\/"]}]},{"@type":"ImageObject","inLanguage":"es","@id":"https:\/\/casadecampoliving.com\/es\/cafe-colon-abre-en-la-romana\/#primaryimage","url":"https:\/\/i0.wp.com\/casadecampoliving.com\/wp-content\/uploads\/2022\/10\/shutterstock_91005989.jpg?fit=1000%2C667&ssl=1","contentUrl":"https:\/\/i0.wp.com\/casadecampoliving.com\/wp-content\/uploads\/2022\/10\/shutterstock_91005989.jpg?fit=1000%2C667&ssl=1","width":1000,"height":667,"caption":"Italian Food"},{"@type":"BreadcrumbList","@id":"https:\/\/casadecampoliving.com\/es\/cafe-colon-abre-en-la-romana\/#breadcrumb","itemListElement":[{"@type":"ListItem","position":1,"name":"Home","item":"https:\/\/casadecampoliving.com\/es\/"},{"@type":"ListItem","position":2,"name":"Caf\u00e9 Col\u00f3n: \u00a1Nuevo Restaurante Italiano en La Romana!"}]},{"@type":"WebSite","@id":"https:\/\/casadecampoliving.com\/es\/#website","url":"https:\/\/casadecampoliving.com\/es\/","name":"Casa de Campo Living","description":"Resort community news and resources.","publisher":{"@id":"https:\/\/casadecampoliving.com\/es\/#organization"},"potentialAction":[{"@type":"SearchAction","target":{"@type":"EntryPoint","urlTemplate":"https:\/\/casadecampoliving.com\/es\/?s={search_term_string}"},"query-input":{"@type":"PropertyValueSpecification","valueRequired":true,"valueName":"search_term_string"}}],"inLanguage":"es"},{"@type":"Organization","@id":"https:\/\/casadecampoliving.com\/es\/#organization","name":"Casa de Campo Living","url":"https:\/\/casadecampoliving.com\/es\/","logo":{"@type":"ImageObject","inLanguage":"es","@id":"https:\/\/casadecampoliving.com\/es\/#\/schema\/logo\/image\/","url":"https:\/\/i0.wp.com\/casadecampoliving.com\/wp-content\/uploads\/2022\/07\/CDCLivingLogo_V1-white-sized.png?fit=800%2C214&ssl=1","contentUrl":"https:\/\/i0.wp.com\/casadecampoliving.com\/wp-content\/uploads\/2022\/07\/CDCLivingLogo_V1-white-sized.png?fit=800%2C214&ssl=1","width":800,"height":214,"caption":"Casa de Campo Living"},"image":{"@id":"https:\/\/casadecampoliving.com\/es\/#\/schema\/logo\/image\/"},"sameAs":["https:\/\/www.facebook.com\/casadecampoliving","https:\/\/x.com\/cdcliving"]},{"@type":"Person","@id":"https:\/\/casadecampoliving.com\/es\/#\/schema\/person\/18471262c056a7d1ee6adbd125d26275","name":"Anna Pavilsova","image":{"@type":"ImageObject","inLanguage":"es","@id":"https:\/\/secure.gravatar.com\/avatar\/bd0620e5ffaea93e8727c1933c5adb433b77b6b8bf4cff105478c55b61a3e855?s=96&d=mm&r=g","url":"https:\/\/secure.gravatar.com\/avatar\/bd0620e5ffaea93e8727c1933c5adb433b77b6b8bf4cff105478c55b61a3e855?s=96&d=mm&r=g","contentUrl":"https:\/\/secure.gravatar.com\/avatar\/bd0620e5ffaea93e8727c1933c5adb433b77b6b8bf4cff105478c55b61a3e855?s=96&d=mm&r=g","caption":"Anna Pavilsova"},"url":"https:\/\/casadecampoliving.com\/es\/author\/apavilsova\/"}]}},"parsely":{"version":"1.1.0","canonical_url":"https:\/\/casadecampoliving.com\/es\/cafe-colon-abre-en-la-romana\/","smart_links":{"inbound":0,"outbound":0},"traffic_boost_suggestions_count":0,"meta":{"@context":"https:\/\/schema.org","@type":"NewsArticle","headline":"Caf\u00e9 Col\u00f3n: \u00a1Nuevo Restaurante Italiano en La Romana!","url":"http:\/\/casadecampoliving.com\/es\/cafe-colon-abre-en-la-romana\/","mainEntityOfPage":{"@type":"WebPage","@id":"http:\/\/casadecampoliving.com\/es\/cafe-colon-abre-en-la-romana\/"},"thumbnailUrl":"https:\/\/i0.wp.com\/casadecampoliving.com\/wp-content\/uploads\/2022\/10\/shutterstock_91005989.jpg?resize=150%2C150&ssl=1","image":{"@type":"ImageObject","url":"https:\/\/i0.wp.com\/casadecampoliving.com\/wp-content\/uploads\/2022\/10\/shutterstock_91005989.jpg?fit=1000%2C667&ssl=1"},"articleSection":"Comidas &amp; Bebidas","author":[{"@type":"Person","name":"Anna Pavilsova"}],"creator":["Anna Pavilsova"],"publisher":{"@type":"Organization","name":"Casa de Campo Living","logo":"https:\/\/casadecampoliving.com\/wp-content\/uploads\/2022\/07\/CDCLivingLogo_V1-white-sized.png"},"keywords":["featured-topview @es","la romana @es","restaurante","restaurante italiano"],"dateCreated":"2016-05-08T04:00:00Z","datePublished":"2016-05-08T04:00:00Z","dateModified":"2022-10-21T23:05:00Z"},"rendered":"<script type=\"application\/ld+json\" class=\"wp-parsely-metadata\">{\"@context\":\"https:\\\/\\\/schema.org\",\"@type\":\"NewsArticle\",\"headline\":\"Caf\\u00e9 Col\\u00f3n: \\u00a1Nuevo Restaurante Italiano en La Romana!\",\"url\":\"http:\\\/\\\/casadecampoliving.com\\\/es\\\/cafe-colon-abre-en-la-romana\\\/\",\"mainEntityOfPage\":{\"@type\":\"WebPage\",\"@id\":\"http:\\\/\\\/casadecampoliving.com\\\/es\\\/cafe-colon-abre-en-la-romana\\\/\"},\"thumbnailUrl\":\"https:\\\/\\\/i0.wp.com\\\/casadecampoliving.com\\\/wp-content\\\/uploads\\\/2022\\\/10\\\/shutterstock_91005989.jpg?resize=150%2C150&ssl=1\",\"image\":{\"@type\":\"ImageObject\",\"url\":\"https:\\\/\\\/i0.wp.com\\\/casadecampoliving.com\\\/wp-content\\\/uploads\\\/2022\\\/10\\\/shutterstock_91005989.jpg?fit=1000%2C667&ssl=1\"},\"articleSection\":\"Comidas &amp; Bebidas\",\"author\":[{\"@type\":\"Person\",\"name\":\"Anna Pavilsova\"}],\"creator\":[\"Anna Pavilsova\"],\"publisher\":{\"@type\":\"Organization\",\"name\":\"Casa de Campo Living\",\"logo\":\"https:\\\/\\\/casadecampoliving.com\\\/wp-content\\\/uploads\\\/2022\\\/07\\\/CDCLivingLogo_V1-white-sized.png\"},\"keywords\":[\"featured-topview @es\",\"la romana @es\",\"restaurante\",\"restaurante italiano\"],\"dateCreated\":\"2016-05-08T04:00:00Z\",\"datePublished\":\"2016-05-08T04:00:00Z\",\"dateModified\":\"2022-10-21T23:05:00Z\"}<\/script>","tracker_url":"https:\/\/cdn.parsely.com\/keys\/casadecampoliving.com\/p.js"},"jetpack_publicize_connections":[],"jetpack_featured_media_url":"https:\/\/i0.wp.com\/casadecampoliving.com\/wp-content\/uploads\/2022\/10\/shutterstock_91005989.jpg?fit=1000%2C667&ssl=1","jetpack-related-posts":[{"id":338666,"url":"https:\/\/casadecampoliving.com\/es\/celebrando-la-apertura-de-mistral-nuevo-restaurante-en-la-marina-casa-de-campo\/","url_meta":{"origin":349757,"position":0},"title":"Celebrando la apertura de MISTRAL, nuevo restaurante en La Marina Casa de Campo!","author":"","date":"21 Ago, 2011","format":false,"excerpt":"Con la llegada de la comunidad italiana de Casa de Campo, el mes de agosto en Casa de Campo ha sido bastante movido! Durante el fin de semana del 5 de agosto, disfrutamos del evento ben\u00e9fico del Caf\u00e9 de la Leche, una fiesta organizada por el Sr. Gandini del Club\u2026","rel":"","context":"En \u00abVida Nocturna\u00bb","block_context":{"text":"Vida Nocturna","link":"https:\/\/casadecampoliving.com\/es\/category\/vida-nocturna-es\/"},"img":{"alt_text":"","src":"https:\/\/i0.wp.com\/casadecampoliving.com\/wp-content\/uploads\/2022\/10\/Marina_casa_de_campo_mistral_restaurant_la_romana_dominican_republic-1.jpg?fit=565%2C291&ssl=1&resize=350%2C200","width":350,"height":200,"srcset":"https:\/\/i0.wp.com\/casadecampoliving.com\/wp-content\/uploads\/2022\/10\/Marina_casa_de_campo_mistral_restaurant_la_romana_dominican_republic-1.jpg?fit=565%2C291&ssl=1&resize=350%2C200 1x, https:\/\/i0.wp.com\/casadecampoliving.com\/wp-content\/uploads\/2022\/10\/Marina_casa_de_campo_mistral_restaurant_la_romana_dominican_republic-1.jpg?fit=565%2C291&ssl=1&resize=525%2C300 1.5x"},"classes":[]},{"id":345287,"url":"https:\/\/casadecampoliving.com\/es\/nuevo-restaurante-brasileno-en-la-marina\/","url_meta":{"origin":349757,"position":1},"title":"\u00a1Nuevo restaurante brasile\u00f1o en la Marina!","author":"Daniela Medina","date":"15 Sep, 2014","format":false,"excerpt":"\u00a1Fogo Do Brazil, un nuevo restaurante brasile\u00f1o, acaba de abrir sus puertas en la Marina Casa de Campo! Situado en la peque\u00f1a plaza en el espacio formalmente ocupado por el restaurante Italiano, Mistral, anteriormente Naked Fish, Fogo Do Brazil, ya est\u00e1 abierto al publico y todo marcha bien. El due\u00f1o\u2026","rel":"","context":"En \u00abCasa de Campo Living @es\u00bb","block_context":{"text":"Casa de Campo Living @es","link":"https:\/\/casadecampoliving.com\/category\/casa-de-campo-living-es\/"},"img":{"alt_text":"Fogo de Brazil","src":"https:\/\/i0.wp.com\/casadecampoliving.com\/wp-content\/uploads\/2022\/10\/i-vvrr7pR-XL-1.jpg?fit=800%2C534&ssl=1&resize=350%2C200","width":350,"height":200,"srcset":"https:\/\/i0.wp.com\/casadecampoliving.com\/wp-content\/uploads\/2022\/10\/i-vvrr7pR-XL-1.jpg?fit=800%2C534&ssl=1&resize=350%2C200 1x, https:\/\/i0.wp.com\/casadecampoliving.com\/wp-content\/uploads\/2022\/10\/i-vvrr7pR-XL-1.jpg?fit=800%2C534&ssl=1&resize=525%2C300 1.5x, https:\/\/i0.wp.com\/casadecampoliving.com\/wp-content\/uploads\/2022\/10\/i-vvrr7pR-XL-1.jpg?fit=800%2C534&ssl=1&resize=700%2C400 2x"},"classes":[]},{"id":338340,"url":"https:\/\/casadecampoliving.com\/es\/el-victory-club-bar-lounge-se-une-a-la-lista-de-restaurantes-en-casa\/","url_meta":{"origin":349757,"position":2},"title":"El Victory Club Bar Lounge: Se une a la lista de Restaurantes en Casa","author":"Rebecca Silvestri","date":"12 Ene, 2011","format":false,"excerpt":"Ya casi todos saben que el restaurante Lucas es sin duda alguna, uno de los restaurantes m\u00e1s populares de Casa de Campo, al menos por la gran cantidad de propietarios de villas y residentes que lo visitan, por lo que es una sorpresa muy agradable ver que Lisa Perrone, la\u2026","rel":"","context":"En \u00abComidas &amp; Bebidas\u00bb","block_context":{"text":"Comidas &amp; Bebidas","link":"https:\/\/casadecampoliving.com\/es\/category\/comidas-bebidas\/"},"img":{"alt_text":"","src":"https:\/\/i0.wp.com\/casadecampoliving.com\/wp-content\/uploads\/2022\/10\/dancing_victory_club_marina_casadecampo-1.jpg?fit=565%2C249&ssl=1&resize=350%2C200","width":350,"height":200,"srcset":"https:\/\/i0.wp.com\/casadecampoliving.com\/wp-content\/uploads\/2022\/10\/dancing_victory_club_marina_casadecampo-1.jpg?fit=565%2C249&ssl=1&resize=350%2C200 1x, https:\/\/i0.wp.com\/casadecampoliving.com\/wp-content\/uploads\/2022\/10\/dancing_victory_club_marina_casadecampo-1.jpg?fit=565%2C249&ssl=1&resize=525%2C300 1.5x"},"classes":[]},{"id":345965,"url":"https:\/\/casadecampoliving.com\/es\/30-de-descuento-especiales-pasta-sin-gluten-y-mas-en-lucas\/","url_meta":{"origin":349757,"position":3},"title":"\u00a130% de descuento! Especiales de pastas sin gluten y m\u00e1s en Lucas!","author":"Rebecca Hughes","date":"16 Nov, 2014","format":false,"excerpt":"Lucas restaurante no es solo uno de los mejores restaurantes en Buena Vista, tambi\u00e9n tienen variadas y grandes ofertas especiales, e incluso pasta y pizza sin gluten! \u00bfQu\u00e9 hay de nuevo en Lucas? 1. \u00a1Ahora abierto para almuerzo! Lucas ahora abre de 8am-3pm y de 6pm-11pm de Lunes a S\u00e1bados.\u2026","rel":"","context":"En \u00abVida Nocturna\u00bb","block_context":{"text":"Vida Nocturna","link":"https:\/\/casadecampoliving.com\/es\/category\/vida-nocturna-es\/"},"img":{"alt_text":"cannoli","src":"https:\/\/i0.wp.com\/casadecampoliving.com\/wp-content\/uploads\/2022\/10\/cannoli-1.jpg?fit=650%2C533&ssl=1&resize=350%2C200","width":350,"height":200,"srcset":"https:\/\/i0.wp.com\/casadecampoliving.com\/wp-content\/uploads\/2022\/10\/cannoli-1.jpg?fit=650%2C533&ssl=1&resize=350%2C200 1x, https:\/\/i0.wp.com\/casadecampoliving.com\/wp-content\/uploads\/2022\/10\/cannoli-1.jpg?fit=650%2C533&ssl=1&resize=525%2C300 1.5x"},"classes":[]},{"id":337583,"url":"https:\/\/casadecampoliving.com\/es\/menu-especial-de-la-piazzetta-para-las-festividades-por-solo-us23\/","url_meta":{"origin":349757,"position":4},"title":"Menu Especial de la Piazzetta para las festividades &#8211; por s\u00f3lo US$23!","author":"","date":"2 Dic, 2011","format":false,"excerpt":"Esta temporada festiva, Casa de Campo le invita a cenar en el restaurante La Piazzetta en Altos de Chav\u00f3n \u2013 por s\u00f3lo US$23 por persona!\u00a0 Esta interesante oferta est\u00e1 disponible a partir del 1 de diciembre hasta el 20 de diciembre, una gran oportunidad para disfrutar de una excelente cena\u2026","rel":"","context":"En \u00abAltos de Chavon @es\u00bb","block_context":{"text":"Altos de Chavon @es","link":"https:\/\/casadecampoliving.com\/category\/altos-de-chavon-es\/"},"img":{"alt_text":"la piazzetta menu altos de chavon","src":"https:\/\/i0.wp.com\/casadecampoliving.com\/wp-content\/uploads\/2022\/10\/la_piazetta_menu-1.jpg?fit=650%2C207&ssl=1&resize=350%2C200","width":350,"height":200,"srcset":"https:\/\/i0.wp.com\/casadecampoliving.com\/wp-content\/uploads\/2022\/10\/la_piazetta_menu-1.jpg?fit=650%2C207&ssl=1&resize=350%2C200 1x, https:\/\/i0.wp.com\/casadecampoliving.com\/wp-content\/uploads\/2022\/10\/la_piazetta_menu-1.jpg?fit=650%2C207&ssl=1&resize=525%2C300 1.5x"},"classes":[]},{"id":353538,"url":"https:\/\/casadecampoliving.com\/es\/la-piazzetta-cerrado-por-mantenimiento-por-unos-dias\/","url_meta":{"origin":349757,"position":5},"title":"La Piazzetta CERRADO por mantenimiento por unos d\u00edas","author":"Casa de Campo Living","date":"8 Sep, 2019","format":false,"excerpt":"Con el tiempo, a veces las cosas necesitan cambiar, renovarse y actualizarse \u00a1para producir cosas nuevas y emocionantes! Esto es precisamente lo que hemos visto pasar con uno de nuestros lugares favoritos en Altos de Chav\u00f3n, La Piazzetta. Este maravilloso restaurante italiano aut\u00e9ntico en Altos de Chav\u00f3n es popular por\u2026","rel":"","context":"En \u00abAltos de Chavon @es\u00bb","block_context":{"text":"Altos de Chavon @es","link":"https:\/\/casadecampoliving.com\/category\/altos-de-chavon-es\/"},"img":{"alt_text":"La Piazzetta","src":"https:\/\/i0.wp.com\/casadecampoliving.com\/wp-content\/uploads\/2022\/10\/LaPiazzetta-e1508526038829.jpg?fit=1000%2C600&ssl=1&resize=350%2C200","width":350,"height":200,"srcset":"https:\/\/i0.wp.com\/casadecampoliving.com\/wp-content\/uploads\/2022\/10\/LaPiazzetta-e1508526038829.jpg?fit=1000%2C600&ssl=1&resize=350%2C200 1x, https:\/\/i0.wp.com\/casadecampoliving.com\/wp-content\/uploads\/2022\/10\/LaPiazzetta-e1508526038829.jpg?fit=1000%2C600&ssl=1&resize=525%2C300 1.5x, https:\/\/i0.wp.com\/casadecampoliving.com\/wp-content\/uploads\/2022\/10\/LaPiazzetta-e1508526038829.jpg?fit=1000%2C600&ssl=1&resize=700%2C400 2x"},"classes":[]}],"jetpack_sharing_enabled":true,"_links":{"self":[{"href":"https:\/\/casadecampoliving.com\/es\/wp-json\/wp\/v2\/posts\/349757","targetHints":{"allow":["GET"]}}],"collection":[{"href":"https:\/\/casadecampoliving.com\/es\/wp-json\/wp\/v2\/posts"}],"about":[{"href":"https:\/\/casadecampoliving.com\/es\/wp-json\/wp\/v2\/types\/post"}],"author":[{"embeddable":true,"href":"https:\/\/casadecampoliving.com\/es\/wp-json\/wp\/v2\/users\/36683"}],"replies":[{"embeddable":true,"href":"https:\/\/casadecampoliving.com\/es\/wp-json\/wp\/v2\/comments?post=349757"}],"version-history":[{"count":1,"href":"https:\/\/casadecampoliving.com\/es\/wp-json\/wp\/v2\/posts\/349757\/revisions"}],"predecessor-version":[{"id":349758,"href":"https:\/\/casadecampoliving.com\/es\/wp-json\/wp\/v2\/posts\/349757\/revisions\/349758"}],"wp:featuredmedia":[{"embeddable":true,"href":"https:\/\/casadecampoliving.com\/es\/wp-json\/wp\/v2\/media\/307079"}],"wp:attachment":[{"href":"https:\/\/casadecampoliving.com\/es\/wp-json\/wp\/v2\/media?parent=349757"}],"wp:term":[{"taxonomy":"category","embeddable":true,"href":"https:\/\/casadecampoliving.com\/es\/wp-json\/wp\/v2\/categories?post=349757"},{"taxonomy":"post_tag","embeddable":true,"href":"https:\/\/casadecampoliving.com\/es\/wp-json\/wp\/v2\/tags?post=349757"},{"taxonomy":"newspack_spnsrs_tax","embeddable":true,"href":"https:\/\/casadecampoliving.com\/es\/wp-json\/wp\/v2\/newspack_spnsrs_tax?post=349757"}],"curies":[{"name":"wp","href":"https:\/\/api.w.org\/{rel}","templated":true}]}}