{"id":349653,"date":"2016-04-20T00:00:00","date_gmt":"2016-04-20T04:00:00","guid":{"rendered":"https:\/\/casadecampoliving.com\/glamurosa-fiesta-coctel-y-subasta-en-robert-garcia-salon\/"},"modified":"2022-10-21T19:01:00","modified_gmt":"2022-10-21T23:01:00","slug":"glamurosa-fiesta-coctel-y-subasta-en-robert-garcia-salon","status":"publish","type":"post","link":"https:\/\/casadecampoliving.com\/es\/glamurosa-fiesta-coctel-y-subasta-en-robert-garcia-salon\/","title":{"rendered":"\u00a1No se pueden perder la Glamurosa Fiesta Coctel y Subasta de este fin de semana a beneficio del PBO en Robert Garcia Salon!"},"content":{"rendered":"\n<figure class=\"wp-block-image is-resized\"><img loading=\"lazy\" decoding=\"async\" src=\"https:\/\/i0.wp.com\/casadecampoliving.com\/wp-content\/uploads\/2022\/10\/RobertGarciaCocktail13.jpg?resize=1000%2C600&amp;ssl=1\" alt=\"Robert Garcia Cocktail\" class=\"wp-image-118635\" height=\"600\" width=\"1000\"\/><\/figure>\n\n\n\n<p><span style=\"font-weight: 400;\">En Altos de Chav\u00f3n las fiestas y la diversi\u00f3n duran toda la noche. \u00a1\u00a1El Sal\u00f3n Robert Garc\u00eda acaba de anunciar que est\u00e1 teniendo un glamoroso c\u00f3ctel este s\u00e1bado 23 de abril en la noche!! El evento beneficiar\u00e1 <a href=\"https:\/\/casadecampoliving.com\/es\/encantadora-cena-adopte-una-cuna\/\">al programa \u201cAdopt a Crib\u201d del Hogar del Ni\u00f1o<\/a> y cuenta con muchos fabulosos beneficios para los asistentes. \u00a1Estamos super emocionados!<\/span><\/p>\n\n\n\n<!--more-->\n\n\n\n<p><span style=\"font-weight: 400;\">Mientras hablamos Gilbert Andrew est\u00e1 instalando la iluminaci\u00f3n en la reci\u00e9n remodelada \u00e1rea exterior \u2013 el tambi\u00e9n ser\u00e1 DJ principal de la noche\u2026 Puede recordar que fue quien estuvo a cargo de amenizar la celebraci\u00f3n del <a href=\"https:\/\/casadecampoliving.com\/es\/fiesta-de-cumpleanos-marroqui-de-robert-garcia\/\">cumplea\u00f1os n\u00famero 51 de Robert<\/a>. Los aperitivos ser\u00e1n del restaurante <a href=\"https:\/\/casadecampoliving.com\/es\/didos-food-and-wine-la-romana\/\">Dido\u2019s en La Romana<\/a>, y los art\u00edculos para la subasta son bien atractivos! Un cambio de imagen por el propio Robert Garc\u00eda, as\u00ed como un masaje de lujo de la nueva terapeuta de su spa, tambi\u00e9n manicura y pedicura. Joyer\u00eda de RDA Joyas ser\u00e1n subastadas, adem\u00e1s de algunas obras de arte por el ingenioso artista Jorge de Oleo- mencionamos antes en nuestro art\u00edculo, <a href=\"https:\/\/casadecampoliving.com\/es\/experiencia-robert-garcia\/\">\u201cEl Robert Garc\u00eda experiencia\u201d<\/a> que fue quien hizo todos los murales en el sal\u00f3n. Sum\u00e1ndose a la lista de art\u00edculos habr\u00e1 un certificado de regalo de SBG La Marina para cenar en su espectacular restaurante, y muchos mas art\u00edculos a ser subastados se estar\u00e1n agregando donde todas las ganancias ser\u00e1n a beneficio del programa \u201cAdopt a Crib\u201d.<\/span><\/p>\n\n\n\n<figure class=\"wp-block-image is-resized\"><img loading=\"lazy\" decoding=\"async\" src=\"https:\/\/i0.wp.com\/casadecampoliving.com\/wp-content\/uploads\/2022\/10\/IMG_1830-e1461167536767.jpg?resize=1000%2C750&amp;ssl=1\" alt=\"The Robert Garc\u00eda Salon\" class=\"wp-image-118624\" height=\"750\" width=\"1000\"\/><\/figure>\n\n\n\n<p><\/p>\n\n\n\n<p><span style=\"font-weight: 400;\">En verdad ser\u00e1 una noche que no quer\u00edan perderse \u2014 especialmente con sangr\u00edas complementarias, mojitos con Brugal, entremeses y c\u00f3cteles adicionales disponibles en el bar del patio. Y como si fuera poco, el Robert Garc\u00eda Salon est\u00e1 ofreciendo 25 % de descuento durante todo el d\u00eda del s\u00e1bado para que las se\u00f1oras puedan ir a prepararse para el fabuloso evento esa noche. Vengan para que le arreglen el pelo, mani\/pedi y maquillaje por Kryolan. Es un d\u00eda perfecto para dedic\u00e1rselo a usted mismo (\u00a1\u00a1y tambi\u00e9n contribuir a la causa haciendo una oferta en la subasta!!). \u00a1\u00bfQu\u00e9 mejor sorpresa que esta el s\u00e1bado?!<\/span><\/p>\n\n\n\n<figure class=\"wp-block-image is-resized\"><img loading=\"lazy\" decoding=\"async\" src=\"https:\/\/i0.wp.com\/casadecampoliving.com\/wp-content\/uploads\/2022\/10\/IMG_7106-scaled.jpg?resize=5184%2C3456&amp;ssl=1\" alt=\"IMG_7106\" class=\"wp-image-118633\" height=\"3456\" width=\"5184\"\/><\/figure>\n\n\n\n<p><span style=\"font-weight: 400;\">\u00bfHa asistido alguna vez a una fiesta organizada por Robert Garcia? El evento comienza a las 7:30pm, \u00a1\u00a1pero la fiesta ser\u00e1 HASTA TARDE!! Ya sea que tenga planes para ir al <a href=\"https:\/\/casadecampoliving.com\/es\/atardecer-con-sabor-a-musica-azimut-cafe-23-abril-2016\/\">Azimut Sunset Jazz<\/a> or al <a href=\"https:\/\/casadecampoliving.com\/upcoming-fernando-villalona-genesis-nightclub\/\">concierto de Fernando Villalona en Genesis<\/a>, ya sabe que luego puede ir para alla. A solo pasos de distancia es la oportunidad perfecta para conocer el sal\u00f3n de este estilista de las estrellas en Casa de Campo, su ambiente sin igual y las personas que hacen de esta comunidad \u00fanica.<\/span><\/p>\n\n\n\n<figure class=\"wp-block-image is-resized\"><img loading=\"lazy\" decoding=\"async\" src=\"https:\/\/i0.wp.com\/casadecampoliving.com\/wp-content\/uploads\/2022\/10\/IMG_1829-e1461166980225.jpg?resize=1000%2C750&amp;ssl=1\" alt=\"The Robert Garc\u00eda Salon\" class=\"wp-image-118625\" height=\"750\" width=\"1000\"\/><\/figure>\n\n\n\n<p><span style=\"font-weight: 400;\">\u00a1Contribuyamos con todos los ni\u00f1os del Hogar del Ni\u00f1o este s\u00e1bado por la noche en la <\/span><i><span style=\"font-weight: 400;\">Fiesta Coctel <\/span><\/i><span style=\"font-weight: 400;\">de Robert Garcia Salon! Nos vemos alla, y llevaremos a nuestros amigos tambi\u00e9n. \u00a1Va a ser una fiesta incre\u00edble!<\/span><\/p>\n\n\n\n<blockquote><h3><b>The Robert Garc\u00eda Salon Cocktail Party<\/b><\/h3><p><em>Acomp\u00e1\u00f1enos en esta&nbsp;glamurosa&nbsp;velada&nbsp;de sangr\u00edas, mojitos, aperitivos, m\u00fasica, baile y una subasta a beneficio del Programa Adopt a Crib del Patronato Ben\u00e9fico Oriental.<\/em><\/p><p><b>Fecha:<\/b><span style=\"font-weight: 400;\">&nbsp;ESTE S\u00e1bado 23 de abril<\/span><\/p><p><b>Hora: <\/b><span style=\"font-weight: 400;\">7:30pm \u2013 \u00a1TODA LA NOCHE!<\/span><\/p><p><b>Ubicaci\u00f3n: <\/b><span style=\"font-weight: 400;\">Robert Garc\u00eda Salon, Altos de Chav\u00f3n<\/span><\/p><p><strong>ADEM\u00c1S Disfrute de un 25% de descuento<\/strong>&nbsp;todo el d\u00eda en tratamientos de belleza en el Robert Garc\u00eda Salon para que se prepare para una noche llena de diversi\u00f3n y baile en las piedras de Altos de Chav\u00f3n.<\/p><figure><img decoding=\"async\" loading=\"lazy\" class=\"alignnone size-full wp-image-118635\" src=\"https:\/\/i0.wp.com\/casadecampoliving.com\/wp-content\/uploads\/2022\/10\/RobertGarciaCocktail13.jpg?resize=1000%2C600&amp;ssl=1\" alt=\"Robert Garcia Cocktail\" width=\"1000\" height=\"600\"><\/figure><\/blockquote>\n\n\n\n<blockquote><h3><strong>El&nbsp;Hogar del Ni\u00f1o<\/strong><\/h3><figure><img decoding=\"async\" loading=\"lazy\" class=\"alignright\" title=\"hogar_del_nino\" src=\"https:\/\/i0.wp.com\/casadecampoliving.com\/wp-content\/uploads\/2022\/10\/hogar_del_nino-28.jpg?resize=200%2C105&amp;ssl=1\" alt=\"hogar del nino \" width=\"200\" height=\"105\"><\/figure><p style=\"text-align: justify;\">El Hogar del Ni\u00f1o es un centro educacional y de cuidado para m\u00e1s de 1,500 ni\u00f1os, ubicado en el pueblo de La Romana, justo a las afueras de Casa de Campo. Ni\u00f1os que van desde los pocas semanas de nacidos hasta los 18 a\u00f1os de edad, son cuidados y educados a diario desde las 5:30am las 7pm.<\/p><p style=\"text-align: justify;\">La organizaci\u00f3n tambi\u00e9n provee educaci\u00f3n especial para ni\u00f1os especiales que padecen de ceguera o con limitaciones auditivas, al igual que una escuela vocacional en la que m\u00e1s de 235 estudiantes reciben educaci\u00f3n en las distintas \u00e1reas como: costura, preparaci\u00f3n industrial, mantenimiento e instalaci\u00f3n el\u00e9ctrica; manejo de programas de c\u00f3mputos.<\/p><h3><img decoding=\"async\" loading=\"lazy\" class=\"alignnone size-full wp-image-118621\" src=\"https:\/\/i0.wp.com\/casadecampoliving.com\/wp-content\/uploads\/2022\/10\/CribRoom-e1461165275412.jpg?resize=1000%2C667&amp;ssl=1\" alt=\"Hogar del Ni\u00f1o Crib Room\" width=\"1000\" height=\"667\">&nbsp;El&nbsp;<strong>Hogar del Ni\u00f1o<\/strong><\/h3><p><strong>Tel:&nbsp;<\/strong>(809) 523-8901&nbsp;or (809) 556-3181<\/p><p><strong>Email:&nbsp;<\/strong><a href=\"mailto:info@pbo.org.do\" target=\"_blank\" rel=\"noopener\">info@pbo.org.do<\/a><\/p><p><strong><strong><strong><strong>Sitio Web<\/strong><\/strong><\/strong>:&nbsp;<\/strong><a href=\"http:\/\/www.hogardelnino.com\/\" target=\"_blank\" rel=\"noopener\">www.hogardelnino.com<\/a><\/p><p><strong>Para realizar donaciones al Hogar del Ni\u00f1o, <a href=\"http:\/\/www.hogardelnino.com\/donaciones\/\" target=\"_blank\" rel=\"noopener\">visite su pagina aqu\u00ed<\/a>.<\/strong><\/p><\/blockquote>\n\n\n\n<blockquote><h3>ROBERT GARC\u00cdA SALON<\/h3><figure><img decoding=\"async\" loading=\"lazy\" class=\"size-full wp-image-118622 alignright\" src=\"https:\/\/i0.wp.com\/casadecampoliving.com\/wp-content\/uploads\/2022\/10\/Salon-logo-Roberto-Garcia-e1461165902845.jpg?resize=180%2C139&amp;ssl=1\" alt=\"Robert Garcia Salon logo\" width=\"180\" height=\"139\"><\/figure><p>Altos de Chav\u00f3n Mon \u2013 Sat, 9am-6pm<\/p><p>(809) 951-1825 by appointment only<\/p><p><strong><strong><strong><strong>Sitio Web<\/strong><\/strong><\/strong>:&nbsp;<\/strong><a href=\"http:\/\/www.robertgarciasalon.com\/\" target=\"_blank\" rel=\"noopener\">www.robertgarciasalon.com<\/a><\/p><p><strong>Facebook:<\/strong> <a href=\"https:\/\/www.facebook.com\/rgsalon?fref=ts\" target=\"_blank\" rel=\"noopener\">www.facebook.com\/robertgarcia<\/a><\/p><p><strong>Instagram:&nbsp;<\/strong><a href=\"https:\/\/www.instagram.com\/robertgarciasalon\/\" target=\"_blank\" rel=\"noopener\">https:\/\/www.instagram.com\/robertgarciasalon\/<\/a><\/p><\/blockquote>\n\n\n\n<blockquote><h3>DIDO\u2019S FOOD &amp; WINE<\/h3><figure><img decoding=\"async\" loading=\"lazy\" class=\"size-full wp-image-117370 alignright\" src=\"https:\/\/i0.wp.com\/casadecampoliving.com\/wp-content\/uploads\/2022\/10\/Didos-Food-and-Wine-Logo.png?resize=180%2C180&amp;ssl=1\" alt=\"Didos Food and Wine Logo\" width=\"180\" height=\"180\"><\/figure><p><strong><strong>Ubicaci\u00f3n<\/strong>:<\/strong> Eugenio A. Miranda #7, La Romana<\/p><p><strong><strong>Horario<\/strong>:<\/strong> Daily, 11:30am<\/p><p><strong><strong>Contacto<\/strong>:<\/strong>&nbsp;(809) 813-0778, (809) 349-0841; didosrestaurant@gmail.com<\/p><p><strong>Social Media:&nbsp;<\/strong><a href=\"https:\/\/www.facebook.com\/DIDOS-food-wine-406730492854048\/?ref=nf\">Facebook<\/a><\/p><\/blockquote>\n\n\n\n<blockquote><h3>JORGE DE OLEO ART STUDIO IN ROBERT GARC\u00cdA SALON<\/h3><figure><img decoding=\"async\" loading=\"lazy\" class=\"alignright wp-image-118421\" src=\"https:\/\/i0.wp.com\/casadecampoliving.com\/wp-content\/uploads\/2022\/10\/JorgedeOleologo-e1460479270347-2.jpg?resize=180%2C180&amp;ssl=1\" alt=\"Jorge de Oleo\" width=\"180\" height=\"180\"><\/figure><p><strong><strong>Contacto<\/strong>:<\/strong> (829) 454-7443;<\/p><p>(809) 839-1875<\/p><p><strong>Instagram:&nbsp;<\/strong><\/p><p><a href=\"https:\/\/www.instagram.com\/jorge.deoleo.3\/\" target=\"_blank\" rel=\"noopener\">https:\/\/www.instagram.com\/jorge.deoleo.3\/<\/a><\/p><\/blockquote>\n\n\n\n<blockquote><h3>RDA Joyas del Mundo<\/h3><figure><img decoding=\"async\" loading=\"lazy\" class=\"size-full wp-image-118636 alignright\" src=\"https:\/\/i0.wp.com\/casadecampoliving.com\/wp-content\/uploads\/2022\/10\/IMG_1317-e1461168018738.jpg?resize=180%2C123&amp;ssl=1\" alt=\"RDA Joyas logo\" width=\"180\" height=\"123\"><\/figure><p>Rosa Daysi Agramonte<\/p><p><strong><strong>Contacto<\/strong>:<\/strong> (809)-723-1946; rdagramonte@gmail.com<\/p><p><strong>Instagram:&nbsp;<\/strong><\/p><p><a href=\"https:\/\/www.instagram.com\/rdajoyas\/\" target=\"_blank\" rel=\"noopener\">https:\/\/www.instagram.com\/rdajoyas\/<\/a><\/p><\/blockquote>\n\n\n\n<blockquote><h3>GILBERT ANDREW<\/h3><figure><img decoding=\"async\" loading=\"lazy\" class=\"size-full wp-image-118638 alignright\" src=\"https:\/\/i0.wp.com\/casadecampoliving.com\/wp-content\/uploads\/2022\/10\/Mr.Gilbert-e1461168672150.png?resize=180%2C178&amp;ssl=1\" alt=\"Gilbert Andrew\" width=\"180\" height=\"178\"><\/figure><p><strong>Sound cloud:&nbsp;<\/strong><\/p><p><a class=\"_56pjv\" href=\"https:\/\/soundcloud.com\/mr-gilbert\" target=\"_blank\" rel=\"nofollow me noopener\" data-reactid=\".0.1.0.0:0.1.1.4\">soundcloud.com\/mr-gilbert<\/a><\/p><p><strong>Instagram:&nbsp;<\/strong><\/p><p><a href=\"https:\/\/www.instagram.com\/gilbertand\/\" target=\"_blank\" rel=\"noopener\">https:\/\/www.instagram.com\/gilbertand\/<\/a><\/p><\/blockquote>\n","protected":false},"excerpt":{"rendered":"<p>En Altos de Chav\u00f3n las fiestas y la diversi\u00f3n duran toda la noche. \u00a1\u00a1El Sal\u00f3n Robert Garc\u00eda acaba de anunciar que est\u00e1 teniendo un glamoroso c\u00f3ctel este s\u00e1bado 23 de abril en la noche!! El evento beneficiar\u00e1 al programa \u201cAdopt a Crib\u201d del Hogar del Ni\u00f1o y cuenta con muchos fabulosos beneficios para los asistentes. [&hellip;]<\/p>\n","protected":false},"author":36681,"featured_media":304313,"comment_status":"closed","ping_status":"closed","sticky":false,"template":"","format":"standard","meta":{"newspack_ads_suppress_ads":false,"newspack_popups_has_disabled_popups":false,"newspack_sponsor_sponsorship_scope":"","newspack_sponsor_native_byline_display":"inherit","newspack_sponsor_native_category_display":"inherit","newspack_sponsor_underwriter_style":"inherit","newspack_sponsor_underwriter_placement":"inherit","_newspack_byline_active":false,"_newspack_byline":"","newspack_hide_updated_date":false,"newspack_show_updated_date":false,"newspack_content_restriction_is_exempt":false,"newspack_featured_image_position":"","newspack_post_subtitle":"","newspack_article_summary_title":"Overview:","newspack_article_summary":"","_jetpack_memberships_contains_paid_content":false,"footnotes":"","jetpack_publicize_message":"","jetpack_publicize_feature_enabled":true,"jetpack_social_post_already_shared":false,"jetpack_social_options":{"image_generator_settings":{"template":"highway","default_image_id":0,"font":"","enabled":false},"version":2},"_wpas_customize_per_network":false},"categories":[26819,14629,2530,14631,2522,2514,2516,14627,2526],"tags":[15387,4484,14736],"newspack_spnsrs_tax":[],"class_list":["post-349653","post","type-post","status-publish","format-standard","has-post-thumbnail","hentry","category-altos-de-chavon-es","category-comidas-bebidas","category-compras-es","category-estilo-de-vida","category-eventos-es","category-fundaciones-es","category-hogar-del-nino-es","category-proximamente","category-titulares-es","tag-altos-de-chavon-es","tag-el-hogar-del-nino","tag-featured-topview-es","entry"],"yoast_head":"<!-- This site is optimized with the Yoast SEO plugin v27.4 - https:\/\/yoast.com\/product\/yoast-seo-wordpress\/ -->\n<title>\u00a1No se pueden perder la Glamurosa Fiesta Coctel y Subasta de este fin de semana a beneficio del PBO en Robert Garcia Salon! | Casa de Campo Living<\/title>\n<meta name=\"description\" content=\"En Altos de Chav\u00f3n las fiestas y la diversi\u00f3n duran toda la noche. \u00a1\u00a1El Sal\u00f3n Robert Garc\u00eda acaba de anunciar que est\u00e1 teniendo un glamoroso c\u00f3ctel este\" \/>\n<meta name=\"robots\" content=\"index, follow, max-snippet:-1, max-image-preview:large, max-video-preview:-1\" \/>\n<link rel=\"canonical\" href=\"https:\/\/casadecampoliving.com\/es\/glamurosa-fiesta-coctel-y-subasta-en-robert-garcia-salon\/\" \/>\n<meta property=\"og:locale\" content=\"es_ES\" \/>\n<meta property=\"og:type\" content=\"article\" \/>\n<meta property=\"og:title\" content=\"\u00a1No se pueden perder la Glamurosa Fiesta Coctel y Subasta de este fin de semana a beneficio del PBO en Robert Garcia Salon! | Casa de Campo Living\" \/>\n<meta property=\"og:description\" content=\"En Altos de Chav\u00f3n las fiestas y la diversi\u00f3n duran toda la noche. \u00a1\u00a1El Sal\u00f3n Robert Garc\u00eda acaba de anunciar que est\u00e1 teniendo un glamoroso c\u00f3ctel este\" \/>\n<meta property=\"og:url\" content=\"https:\/\/casadecampoliving.com\/es\/glamurosa-fiesta-coctel-y-subasta-en-robert-garcia-salon\/\" \/>\n<meta property=\"og:site_name\" content=\"Casa de Campo Living\" \/>\n<meta property=\"article:publisher\" content=\"https:\/\/www.facebook.com\/casadecampoliving\" \/>\n<meta property=\"article:published_time\" content=\"2016-04-20T04:00:00+00:00\" \/>\n<meta property=\"article:modified_time\" content=\"2022-10-21T23:01:00+00:00\" \/>\n<meta property=\"og:image\" content=\"https:\/\/i0.wp.com\/casadecampoliving.com\/wp-content\/uploads\/2022\/10\/RobertGarciaCocktail.jpg?fit=1000%2C667&ssl=1\" \/>\n\t<meta property=\"og:image:width\" content=\"1000\" \/>\n\t<meta property=\"og:image:height\" content=\"667\" \/>\n\t<meta property=\"og:image:type\" content=\"image\/jpeg\" \/>\n<meta name=\"author\" content=\"Heather Lincoln\" \/>\n<meta name=\"twitter:card\" content=\"summary_large_image\" \/>\n<meta name=\"twitter:creator\" content=\"@cdcliving\" \/>\n<meta name=\"twitter:site\" content=\"@cdcliving\" \/>\n<meta name=\"twitter:label1\" content=\"Escrito por\" \/>\n\t<meta name=\"twitter:data1\" content=\"Heather Lincoln\" \/>\n\t<meta name=\"twitter:label2\" content=\"Tiempo de lectura\" \/>\n\t<meta name=\"twitter:data2\" content=\"4 minutos\" \/>\n<script type=\"application\/ld+json\" class=\"yoast-schema-graph\">{\"@context\":\"https:\\\/\\\/schema.org\",\"@graph\":[{\"@type\":\"Article\",\"@id\":\"https:\\\/\\\/casadecampoliving.com\\\/es\\\/glamurosa-fiesta-coctel-y-subasta-en-robert-garcia-salon\\\/#article\",\"isPartOf\":{\"@id\":\"https:\\\/\\\/casadecampoliving.com\\\/es\\\/glamurosa-fiesta-coctel-y-subasta-en-robert-garcia-salon\\\/\"},\"author\":{\"name\":\"Heather Lincoln\",\"@id\":\"https:\\\/\\\/casadecampoliving.com\\\/es\\\/#\\\/schema\\\/person\\\/e3abfc63c1478fd703266a6f33a3145d\"},\"headline\":\"\u00a1No se pueden perder la Glamurosa Fiesta Coctel y Subasta de este fin de semana a beneficio del PBO en Robert Garcia Salon!\",\"datePublished\":\"2016-04-20T04:00:00+00:00\",\"dateModified\":\"2022-10-21T23:01:00+00:00\",\"mainEntityOfPage\":{\"@id\":\"https:\\\/\\\/casadecampoliving.com\\\/es\\\/glamurosa-fiesta-coctel-y-subasta-en-robert-garcia-salon\\\/\"},\"wordCount\":894,\"publisher\":{\"@id\":\"https:\\\/\\\/casadecampoliving.com\\\/es\\\/#organization\"},\"image\":{\"@id\":\"https:\\\/\\\/casadecampoliving.com\\\/es\\\/glamurosa-fiesta-coctel-y-subasta-en-robert-garcia-salon\\\/#primaryimage\"},\"thumbnailUrl\":\"https:\\\/\\\/i0.wp.com\\\/casadecampoliving.com\\\/wp-content\\\/uploads\\\/2022\\\/10\\\/RobertGarciaCocktail.jpg?fit=1000%2C667&ssl=1\",\"keywords\":[\"Altos de Chavon\",\"el hogar del nino\",\"Featured-TopView @es\"],\"articleSection\":[\"Altos de Chavon @es\",\"Comidas &amp; Bebidas\",\"Compras\",\"Estilo de Vida\",\"Eventos\",\"Fundaciones\",\"Hogar del Ni\u00f1o @es\",\"Proximamente\",\"Titulares\"],\"inLanguage\":\"es\"},{\"@type\":\"WebPage\",\"@id\":\"https:\\\/\\\/casadecampoliving.com\\\/es\\\/glamurosa-fiesta-coctel-y-subasta-en-robert-garcia-salon\\\/\",\"url\":\"https:\\\/\\\/casadecampoliving.com\\\/es\\\/glamurosa-fiesta-coctel-y-subasta-en-robert-garcia-salon\\\/\",\"name\":\"\u00a1No se pueden perder la Glamurosa Fiesta Coctel y Subasta de este fin de semana a beneficio del PBO en Robert Garcia Salon! | Casa de Campo Living\",\"isPartOf\":{\"@id\":\"https:\\\/\\\/casadecampoliving.com\\\/es\\\/#website\"},\"primaryImageOfPage\":{\"@id\":\"https:\\\/\\\/casadecampoliving.com\\\/es\\\/glamurosa-fiesta-coctel-y-subasta-en-robert-garcia-salon\\\/#primaryimage\"},\"image\":{\"@id\":\"https:\\\/\\\/casadecampoliving.com\\\/es\\\/glamurosa-fiesta-coctel-y-subasta-en-robert-garcia-salon\\\/#primaryimage\"},\"thumbnailUrl\":\"https:\\\/\\\/i0.wp.com\\\/casadecampoliving.com\\\/wp-content\\\/uploads\\\/2022\\\/10\\\/RobertGarciaCocktail.jpg?fit=1000%2C667&ssl=1\",\"datePublished\":\"2016-04-20T04:00:00+00:00\",\"dateModified\":\"2022-10-21T23:01:00+00:00\",\"description\":\"En Altos de Chav\u00f3n las fiestas y la diversi\u00f3n duran toda la noche. \u00a1\u00a1El Sal\u00f3n Robert Garc\u00eda acaba de anunciar que est\u00e1 teniendo un glamoroso c\u00f3ctel este\",\"breadcrumb\":{\"@id\":\"https:\\\/\\\/casadecampoliving.com\\\/es\\\/glamurosa-fiesta-coctel-y-subasta-en-robert-garcia-salon\\\/#breadcrumb\"},\"inLanguage\":\"es\",\"potentialAction\":[{\"@type\":\"ReadAction\",\"target\":[\"https:\\\/\\\/casadecampoliving.com\\\/es\\\/glamurosa-fiesta-coctel-y-subasta-en-robert-garcia-salon\\\/\"]}]},{\"@type\":\"ImageObject\",\"inLanguage\":\"es\",\"@id\":\"https:\\\/\\\/casadecampoliving.com\\\/es\\\/glamurosa-fiesta-coctel-y-subasta-en-robert-garcia-salon\\\/#primaryimage\",\"url\":\"https:\\\/\\\/i0.wp.com\\\/casadecampoliving.com\\\/wp-content\\\/uploads\\\/2022\\\/10\\\/RobertGarciaCocktail.jpg?fit=1000%2C667&ssl=1\",\"contentUrl\":\"https:\\\/\\\/i0.wp.com\\\/casadecampoliving.com\\\/wp-content\\\/uploads\\\/2022\\\/10\\\/RobertGarciaCocktail.jpg?fit=1000%2C667&ssl=1\",\"width\":1000,\"height\":667,\"caption\":\"Robert Garcia Cocktail Party\"},{\"@type\":\"BreadcrumbList\",\"@id\":\"https:\\\/\\\/casadecampoliving.com\\\/es\\\/glamurosa-fiesta-coctel-y-subasta-en-robert-garcia-salon\\\/#breadcrumb\",\"itemListElement\":[{\"@type\":\"ListItem\",\"position\":1,\"name\":\"Home\",\"item\":\"https:\\\/\\\/casadecampoliving.com\\\/es\\\/\"},{\"@type\":\"ListItem\",\"position\":2,\"name\":\"\u00a1No se pueden perder la Glamurosa Fiesta Coctel y Subasta de este fin de semana a beneficio del PBO en Robert Garcia Salon!\"}]},{\"@type\":\"WebSite\",\"@id\":\"https:\\\/\\\/casadecampoliving.com\\\/es\\\/#website\",\"url\":\"https:\\\/\\\/casadecampoliving.com\\\/es\\\/\",\"name\":\"Casa de Campo Living\",\"description\":\"Resort community news and resources.\",\"publisher\":{\"@id\":\"https:\\\/\\\/casadecampoliving.com\\\/es\\\/#organization\"},\"potentialAction\":[{\"@type\":\"SearchAction\",\"target\":{\"@type\":\"EntryPoint\",\"urlTemplate\":\"https:\\\/\\\/casadecampoliving.com\\\/es\\\/?s={search_term_string}\"},\"query-input\":{\"@type\":\"PropertyValueSpecification\",\"valueRequired\":true,\"valueName\":\"search_term_string\"}}],\"inLanguage\":\"es\"},{\"@type\":\"Organization\",\"@id\":\"https:\\\/\\\/casadecampoliving.com\\\/es\\\/#organization\",\"name\":\"Casa de Campo Living\",\"url\":\"https:\\\/\\\/casadecampoliving.com\\\/es\\\/\",\"logo\":{\"@type\":\"ImageObject\",\"inLanguage\":\"es\",\"@id\":\"https:\\\/\\\/casadecampoliving.com\\\/es\\\/#\\\/schema\\\/logo\\\/image\\\/\",\"url\":\"https:\\\/\\\/i0.wp.com\\\/casadecampoliving.com\\\/wp-content\\\/uploads\\\/2022\\\/07\\\/CDCLivingLogo_V1-white-sized.png?fit=800%2C214&ssl=1\",\"contentUrl\":\"https:\\\/\\\/i0.wp.com\\\/casadecampoliving.com\\\/wp-content\\\/uploads\\\/2022\\\/07\\\/CDCLivingLogo_V1-white-sized.png?fit=800%2C214&ssl=1\",\"width\":800,\"height\":214,\"caption\":\"Casa de Campo Living\"},\"image\":{\"@id\":\"https:\\\/\\\/casadecampoliving.com\\\/es\\\/#\\\/schema\\\/logo\\\/image\\\/\"},\"sameAs\":[\"https:\\\/\\\/www.facebook.com\\\/casadecampoliving\",\"https:\\\/\\\/x.com\\\/cdcliving\"]},{\"@type\":\"Person\",\"@id\":\"https:\\\/\\\/casadecampoliving.com\\\/es\\\/#\\\/schema\\\/person\\\/e3abfc63c1478fd703266a6f33a3145d\",\"name\":\"Heather Lincoln\",\"image\":{\"@type\":\"ImageObject\",\"inLanguage\":\"es\",\"@id\":\"https:\\\/\\\/secure.gravatar.com\\\/avatar\\\/e8fc1ce4ad50385675908137b0d8d66be281d034bf072b4700460237638ea6d0?s=96&d=mm&r=g\",\"url\":\"https:\\\/\\\/secure.gravatar.com\\\/avatar\\\/e8fc1ce4ad50385675908137b0d8d66be281d034bf072b4700460237638ea6d0?s=96&d=mm&r=g\",\"contentUrl\":\"https:\\\/\\\/secure.gravatar.com\\\/avatar\\\/e8fc1ce4ad50385675908137b0d8d66be281d034bf072b4700460237638ea6d0?s=96&d=mm&r=g\",\"caption\":\"Heather Lincoln\"},\"url\":\"https:\\\/\\\/casadecampoliving.com\\\/es\\\/author\\\/hcastillo\\\/\"}]}<\/script>\n<!-- \/ Yoast SEO plugin. -->","yoast_head_json":{"title":"\u00a1No se pueden perder la Glamurosa Fiesta Coctel y Subasta de este fin de semana a beneficio del PBO en Robert Garcia Salon! | Casa de Campo Living","description":"En Altos de Chav\u00f3n las fiestas y la diversi\u00f3n duran toda la noche. \u00a1\u00a1El Sal\u00f3n Robert Garc\u00eda acaba de anunciar que est\u00e1 teniendo un glamoroso c\u00f3ctel este","robots":{"index":"index","follow":"follow","max-snippet":"max-snippet:-1","max-image-preview":"max-image-preview:large","max-video-preview":"max-video-preview:-1"},"canonical":"https:\/\/casadecampoliving.com\/es\/glamurosa-fiesta-coctel-y-subasta-en-robert-garcia-salon\/","og_locale":"es_ES","og_type":"article","og_title":"\u00a1No se pueden perder la Glamurosa Fiesta Coctel y Subasta de este fin de semana a beneficio del PBO en Robert Garcia Salon! | Casa de Campo Living","og_description":"En Altos de Chav\u00f3n las fiestas y la diversi\u00f3n duran toda la noche. \u00a1\u00a1El Sal\u00f3n Robert Garc\u00eda acaba de anunciar que est\u00e1 teniendo un glamoroso c\u00f3ctel este","og_url":"https:\/\/casadecampoliving.com\/es\/glamurosa-fiesta-coctel-y-subasta-en-robert-garcia-salon\/","og_site_name":"Casa de Campo Living","article_publisher":"https:\/\/www.facebook.com\/casadecampoliving","article_published_time":"2016-04-20T04:00:00+00:00","article_modified_time":"2022-10-21T23:01:00+00:00","og_image":[{"width":1000,"height":667,"url":"https:\/\/i0.wp.com\/casadecampoliving.com\/wp-content\/uploads\/2022\/10\/RobertGarciaCocktail.jpg?fit=1000%2C667&ssl=1","type":"image\/jpeg"}],"author":"Heather Lincoln","twitter_card":"summary_large_image","twitter_creator":"@cdcliving","twitter_site":"@cdcliving","twitter_misc":{"Escrito por":"Heather Lincoln","Tiempo de lectura":"4 minutos"},"schema":{"@context":"https:\/\/schema.org","@graph":[{"@type":"Article","@id":"https:\/\/casadecampoliving.com\/es\/glamurosa-fiesta-coctel-y-subasta-en-robert-garcia-salon\/#article","isPartOf":{"@id":"https:\/\/casadecampoliving.com\/es\/glamurosa-fiesta-coctel-y-subasta-en-robert-garcia-salon\/"},"author":{"name":"Heather Lincoln","@id":"https:\/\/casadecampoliving.com\/es\/#\/schema\/person\/e3abfc63c1478fd703266a6f33a3145d"},"headline":"\u00a1No se pueden perder la Glamurosa Fiesta Coctel y Subasta de este fin de semana a beneficio del PBO en Robert Garcia Salon!","datePublished":"2016-04-20T04:00:00+00:00","dateModified":"2022-10-21T23:01:00+00:00","mainEntityOfPage":{"@id":"https:\/\/casadecampoliving.com\/es\/glamurosa-fiesta-coctel-y-subasta-en-robert-garcia-salon\/"},"wordCount":894,"publisher":{"@id":"https:\/\/casadecampoliving.com\/es\/#organization"},"image":{"@id":"https:\/\/casadecampoliving.com\/es\/glamurosa-fiesta-coctel-y-subasta-en-robert-garcia-salon\/#primaryimage"},"thumbnailUrl":"https:\/\/i0.wp.com\/casadecampoliving.com\/wp-content\/uploads\/2022\/10\/RobertGarciaCocktail.jpg?fit=1000%2C667&ssl=1","keywords":["Altos de Chavon","el hogar del nino","Featured-TopView @es"],"articleSection":["Altos de Chavon @es","Comidas &amp; Bebidas","Compras","Estilo de Vida","Eventos","Fundaciones","Hogar del Ni\u00f1o @es","Proximamente","Titulares"],"inLanguage":"es"},{"@type":"WebPage","@id":"https:\/\/casadecampoliving.com\/es\/glamurosa-fiesta-coctel-y-subasta-en-robert-garcia-salon\/","url":"https:\/\/casadecampoliving.com\/es\/glamurosa-fiesta-coctel-y-subasta-en-robert-garcia-salon\/","name":"\u00a1No se pueden perder la Glamurosa Fiesta Coctel y Subasta de este fin de semana a beneficio del PBO en Robert Garcia Salon! | Casa de Campo Living","isPartOf":{"@id":"https:\/\/casadecampoliving.com\/es\/#website"},"primaryImageOfPage":{"@id":"https:\/\/casadecampoliving.com\/es\/glamurosa-fiesta-coctel-y-subasta-en-robert-garcia-salon\/#primaryimage"},"image":{"@id":"https:\/\/casadecampoliving.com\/es\/glamurosa-fiesta-coctel-y-subasta-en-robert-garcia-salon\/#primaryimage"},"thumbnailUrl":"https:\/\/i0.wp.com\/casadecampoliving.com\/wp-content\/uploads\/2022\/10\/RobertGarciaCocktail.jpg?fit=1000%2C667&ssl=1","datePublished":"2016-04-20T04:00:00+00:00","dateModified":"2022-10-21T23:01:00+00:00","description":"En Altos de Chav\u00f3n las fiestas y la diversi\u00f3n duran toda la noche. \u00a1\u00a1El Sal\u00f3n Robert Garc\u00eda acaba de anunciar que est\u00e1 teniendo un glamoroso c\u00f3ctel este","breadcrumb":{"@id":"https:\/\/casadecampoliving.com\/es\/glamurosa-fiesta-coctel-y-subasta-en-robert-garcia-salon\/#breadcrumb"},"inLanguage":"es","potentialAction":[{"@type":"ReadAction","target":["https:\/\/casadecampoliving.com\/es\/glamurosa-fiesta-coctel-y-subasta-en-robert-garcia-salon\/"]}]},{"@type":"ImageObject","inLanguage":"es","@id":"https:\/\/casadecampoliving.com\/es\/glamurosa-fiesta-coctel-y-subasta-en-robert-garcia-salon\/#primaryimage","url":"https:\/\/i0.wp.com\/casadecampoliving.com\/wp-content\/uploads\/2022\/10\/RobertGarciaCocktail.jpg?fit=1000%2C667&ssl=1","contentUrl":"https:\/\/i0.wp.com\/casadecampoliving.com\/wp-content\/uploads\/2022\/10\/RobertGarciaCocktail.jpg?fit=1000%2C667&ssl=1","width":1000,"height":667,"caption":"Robert Garcia Cocktail Party"},{"@type":"BreadcrumbList","@id":"https:\/\/casadecampoliving.com\/es\/glamurosa-fiesta-coctel-y-subasta-en-robert-garcia-salon\/#breadcrumb","itemListElement":[{"@type":"ListItem","position":1,"name":"Home","item":"https:\/\/casadecampoliving.com\/es\/"},{"@type":"ListItem","position":2,"name":"\u00a1No se pueden perder la Glamurosa Fiesta Coctel y Subasta de este fin de semana a beneficio del PBO en Robert Garcia Salon!"}]},{"@type":"WebSite","@id":"https:\/\/casadecampoliving.com\/es\/#website","url":"https:\/\/casadecampoliving.com\/es\/","name":"Casa de Campo Living","description":"Resort community news and resources.","publisher":{"@id":"https:\/\/casadecampoliving.com\/es\/#organization"},"potentialAction":[{"@type":"SearchAction","target":{"@type":"EntryPoint","urlTemplate":"https:\/\/casadecampoliving.com\/es\/?s={search_term_string}"},"query-input":{"@type":"PropertyValueSpecification","valueRequired":true,"valueName":"search_term_string"}}],"inLanguage":"es"},{"@type":"Organization","@id":"https:\/\/casadecampoliving.com\/es\/#organization","name":"Casa de Campo Living","url":"https:\/\/casadecampoliving.com\/es\/","logo":{"@type":"ImageObject","inLanguage":"es","@id":"https:\/\/casadecampoliving.com\/es\/#\/schema\/logo\/image\/","url":"https:\/\/i0.wp.com\/casadecampoliving.com\/wp-content\/uploads\/2022\/07\/CDCLivingLogo_V1-white-sized.png?fit=800%2C214&ssl=1","contentUrl":"https:\/\/i0.wp.com\/casadecampoliving.com\/wp-content\/uploads\/2022\/07\/CDCLivingLogo_V1-white-sized.png?fit=800%2C214&ssl=1","width":800,"height":214,"caption":"Casa de Campo Living"},"image":{"@id":"https:\/\/casadecampoliving.com\/es\/#\/schema\/logo\/image\/"},"sameAs":["https:\/\/www.facebook.com\/casadecampoliving","https:\/\/x.com\/cdcliving"]},{"@type":"Person","@id":"https:\/\/casadecampoliving.com\/es\/#\/schema\/person\/e3abfc63c1478fd703266a6f33a3145d","name":"Heather Lincoln","image":{"@type":"ImageObject","inLanguage":"es","@id":"https:\/\/secure.gravatar.com\/avatar\/e8fc1ce4ad50385675908137b0d8d66be281d034bf072b4700460237638ea6d0?s=96&d=mm&r=g","url":"https:\/\/secure.gravatar.com\/avatar\/e8fc1ce4ad50385675908137b0d8d66be281d034bf072b4700460237638ea6d0?s=96&d=mm&r=g","contentUrl":"https:\/\/secure.gravatar.com\/avatar\/e8fc1ce4ad50385675908137b0d8d66be281d034bf072b4700460237638ea6d0?s=96&d=mm&r=g","caption":"Heather Lincoln"},"url":"https:\/\/casadecampoliving.com\/es\/author\/hcastillo\/"}]}},"parsely":{"version":"1.1.0","canonical_url":"https:\/\/casadecampoliving.com\/es\/glamurosa-fiesta-coctel-y-subasta-en-robert-garcia-salon\/","smart_links":{"inbound":0,"outbound":0},"traffic_boost_suggestions_count":0,"meta":{"@context":"https:\/\/schema.org","@type":"NewsArticle","headline":"\u00a1No se pueden perder la Glamurosa Fiesta Coctel y Subasta de este fin de semana a beneficio del PBO en Robert Garcia Salon!","url":"http:\/\/casadecampoliving.com\/es\/glamurosa-fiesta-coctel-y-subasta-en-robert-garcia-salon\/","mainEntityOfPage":{"@type":"WebPage","@id":"http:\/\/casadecampoliving.com\/es\/glamurosa-fiesta-coctel-y-subasta-en-robert-garcia-salon\/"},"thumbnailUrl":"https:\/\/i0.wp.com\/casadecampoliving.com\/wp-content\/uploads\/2022\/10\/RobertGarciaCocktail.jpg?resize=150%2C150&ssl=1","image":{"@type":"ImageObject","url":"https:\/\/i0.wp.com\/casadecampoliving.com\/wp-content\/uploads\/2022\/10\/RobertGarciaCocktail.jpg?fit=1000%2C667&ssl=1"},"articleSection":"Altos de Chavon @es","author":[{"@type":"Person","name":"Heather Lincoln"}],"creator":["Heather Lincoln"],"publisher":{"@type":"Organization","name":"Casa de Campo Living","logo":"https:\/\/casadecampoliving.com\/wp-content\/uploads\/2022\/07\/CDCLivingLogo_V1-white-sized.png"},"keywords":["altos de chavon","el hogar del nino","featured-topview @es"],"dateCreated":"2016-04-20T04:00:00Z","datePublished":"2016-04-20T04:00:00Z","dateModified":"2022-10-21T23:01:00Z"},"rendered":"<script type=\"application\/ld+json\" class=\"wp-parsely-metadata\">{\"@context\":\"https:\\\/\\\/schema.org\",\"@type\":\"NewsArticle\",\"headline\":\"\\u00a1No se pueden perder la Glamurosa Fiesta Coctel y Subasta de este fin de semana a beneficio del PBO en Robert Garcia Salon!\",\"url\":\"http:\\\/\\\/casadecampoliving.com\\\/es\\\/glamurosa-fiesta-coctel-y-subasta-en-robert-garcia-salon\\\/\",\"mainEntityOfPage\":{\"@type\":\"WebPage\",\"@id\":\"http:\\\/\\\/casadecampoliving.com\\\/es\\\/glamurosa-fiesta-coctel-y-subasta-en-robert-garcia-salon\\\/\"},\"thumbnailUrl\":\"https:\\\/\\\/i0.wp.com\\\/casadecampoliving.com\\\/wp-content\\\/uploads\\\/2022\\\/10\\\/RobertGarciaCocktail.jpg?resize=150%2C150&ssl=1\",\"image\":{\"@type\":\"ImageObject\",\"url\":\"https:\\\/\\\/i0.wp.com\\\/casadecampoliving.com\\\/wp-content\\\/uploads\\\/2022\\\/10\\\/RobertGarciaCocktail.jpg?fit=1000%2C667&ssl=1\"},\"articleSection\":\"Altos de Chavon @es\",\"author\":[{\"@type\":\"Person\",\"name\":\"Heather Lincoln\"}],\"creator\":[\"Heather Lincoln\"],\"publisher\":{\"@type\":\"Organization\",\"name\":\"Casa de Campo Living\",\"logo\":\"https:\\\/\\\/casadecampoliving.com\\\/wp-content\\\/uploads\\\/2022\\\/07\\\/CDCLivingLogo_V1-white-sized.png\"},\"keywords\":[\"altos de chavon\",\"el hogar del nino\",\"featured-topview @es\"],\"dateCreated\":\"2016-04-20T04:00:00Z\",\"datePublished\":\"2016-04-20T04:00:00Z\",\"dateModified\":\"2022-10-21T23:01:00Z\"}<\/script>","tracker_url":"https:\/\/cdn.parsely.com\/keys\/casadecampoliving.com\/p.js"},"jetpack_publicize_connections":[],"jetpack_featured_media_url":"https:\/\/i0.wp.com\/casadecampoliving.com\/wp-content\/uploads\/2022\/10\/RobertGarciaCocktail.jpg?fit=1000%2C667&ssl=1","jetpack-related-posts":[{"id":433460,"url":"https:\/\/casadecampoliving.com\/es\/no-se-pierdan-el-increible-tributo-a-frank-sinatra-para-celebrar-el-40-aniversario-del-anfiteatro-altos-de-chavon\/","url_meta":{"origin":349653,"position":0},"title":"No se pierdan el incre\u00edble tributo a Frank Sinatra para celebrar el 40 aniversario del\u00a0Anfiteatro Altos de Chav\u00f3n","author":"Casa de Campo Living","date":"20 Oct, 2022","format":false,"excerpt":"Siendo uno de los escenarios m\u00e1s emblem\u00e1ticos del pa\u00eds, Casa de Campo Resort\u00ae & Villas celebra las cuatro d\u00e9cadas de aniversario de Altos de Chav\u00f3n con un tributo al gran Frank Sinatra, protagonizado por artistas invitados y una big band tal cual la que acompa\u00f1\u00f3 al artista hace 40 a\u00f1os\u2026","rel":"","context":"En \u00abUncategorized @es\u00bb","block_context":{"text":"Uncategorized @es","link":"https:\/\/casadecampoliving.com\/es\/category\/uncategorized-es\/"},"img":{"alt_text":"","src":"https:\/\/i0.wp.com\/casadecampoliving.com\/wp-content\/uploads\/2022\/10\/Tributo-Frank-Sinatra-Foto-Principal-Amaury-Sanchez-Danilo-Ginebra-Andres-Pichardo-y-Jose-Gabriel-Perez-.jpg?fit=1200%2C873&ssl=1&resize=350%2C200","width":350,"height":200,"srcset":"https:\/\/i0.wp.com\/casadecampoliving.com\/wp-content\/uploads\/2022\/10\/Tributo-Frank-Sinatra-Foto-Principal-Amaury-Sanchez-Danilo-Ginebra-Andres-Pichardo-y-Jose-Gabriel-Perez-.jpg?fit=1200%2C873&ssl=1&resize=350%2C200 1x, https:\/\/i0.wp.com\/casadecampoliving.com\/wp-content\/uploads\/2022\/10\/Tributo-Frank-Sinatra-Foto-Principal-Amaury-Sanchez-Danilo-Ginebra-Andres-Pichardo-y-Jose-Gabriel-Perez-.jpg?fit=1200%2C873&ssl=1&resize=525%2C300 1.5x, https:\/\/i0.wp.com\/casadecampoliving.com\/wp-content\/uploads\/2022\/10\/Tributo-Frank-Sinatra-Foto-Principal-Amaury-Sanchez-Danilo-Ginebra-Andres-Pichardo-y-Jose-Gabriel-Perez-.jpg?fit=1200%2C873&ssl=1&resize=700%2C400 2x, https:\/\/i0.wp.com\/casadecampoliving.com\/wp-content\/uploads\/2022\/10\/Tributo-Frank-Sinatra-Foto-Principal-Amaury-Sanchez-Danilo-Ginebra-Andres-Pichardo-y-Jose-Gabriel-Perez-.jpg?fit=1200%2C873&ssl=1&resize=1050%2C600 3x"},"classes":[]},{"id":349661,"url":"https:\/\/casadecampoliving.com\/es\/hora-de-planear-su-fin-de-semana-hay-muchas-actividades-en-casa-de-campo\/","url_meta":{"origin":349653,"position":1},"title":"\u00a1Hora de planear su fin de semana, hay muchas actividades en Casa de Campo!","author":"Marlenys Guzm\u00e1n Casta\u00f1os","date":"22 Abr, 2016","format":false,"excerpt":"\u00a1Hoy es un buen d\u00eda Casa de Campo! Hemos estado anunciando varias actividades para el fin de semana, \u00a1comenzando esta noche en G\u00e9nesis con Throwback Thursday! Pero ya que hay tantas actividades, pensamos que deb\u00edamos ayudarlos un poco haciendo una lista de todo lo que est\u00e1 disponible para que puedan\u2026","rel":"","context":"En \u00abAltos de Chavon @es\u00bb","block_context":{"text":"Altos de Chavon @es","link":"https:\/\/casadecampoliving.com\/category\/altos-de-chavon-es\/"},"img":{"alt_text":"","src":"https:\/\/i0.wp.com\/casadecampoliving.com\/wp-content\/uploads\/2022\/10\/shutterstock_305134064.jpg?fit=1000%2C749&ssl=1&resize=350%2C200","width":350,"height":200,"srcset":"https:\/\/i0.wp.com\/casadecampoliving.com\/wp-content\/uploads\/2022\/10\/shutterstock_305134064.jpg?fit=1000%2C749&ssl=1&resize=350%2C200 1x, https:\/\/i0.wp.com\/casadecampoliving.com\/wp-content\/uploads\/2022\/10\/shutterstock_305134064.jpg?fit=1000%2C749&ssl=1&resize=525%2C300 1.5x, https:\/\/i0.wp.com\/casadecampoliving.com\/wp-content\/uploads\/2022\/10\/shutterstock_305134064.jpg?fit=1000%2C749&ssl=1&resize=700%2C400 2x"},"classes":[]},{"id":349701,"url":"https:\/\/casadecampoliving.com\/es\/bailando-toda-la-noche-robert-garcia-salon\/","url_meta":{"origin":349653,"position":2},"title":"\u00a1Bailando toda la noche en la fiesta en el Robert Garcia Salon!","author":"Heather Lincoln","date":"3 May, 2016","format":false,"excerpt":"Conocido por su extrovertida personalidad y su estilismo de celebridades, \u00a1Robert Garc\u00eda tambi\u00e9n sabe\u00a0c\u00f3mo organizar una fiesta! Incluso a \u00faltimo minuto. Sus\u00a0fieles invitados\u00a0volaron desde Puerto Rico el pasado s\u00e1bado 23 de abril y sus fan\u00e1ticos de Casa de Campo se dirigieron hasta las piedras de Altos de Chav\u00f3n para disfrutar\u2026","rel":"","context":"En \u00abAltos de Chavon @es\u00bb","block_context":{"text":"Altos de Chavon @es","link":"https:\/\/casadecampoliving.com\/category\/altos-de-chavon-es\/"},"img":{"alt_text":"Robert Garcia Salon Cocktail Party","src":"https:\/\/i0.wp.com\/casadecampoliving.com\/wp-content\/uploads\/2022\/10\/IMG_9001-e1462285160680.jpg?fit=1000%2C667&ssl=1&resize=350%2C200","width":350,"height":200,"srcset":"https:\/\/i0.wp.com\/casadecampoliving.com\/wp-content\/uploads\/2022\/10\/IMG_9001-e1462285160680.jpg?fit=1000%2C667&ssl=1&resize=350%2C200 1x, https:\/\/i0.wp.com\/casadecampoliving.com\/wp-content\/uploads\/2022\/10\/IMG_9001-e1462285160680.jpg?fit=1000%2C667&ssl=1&resize=525%2C300 1.5x, https:\/\/i0.wp.com\/casadecampoliving.com\/wp-content\/uploads\/2022\/10\/IMG_9001-e1462285160680.jpg?fit=1000%2C667&ssl=1&resize=700%2C400 2x"},"classes":[]},{"id":348521,"url":"https:\/\/casadecampoliving.com\/es\/4o-edicion-del-evento-a-night-for-the-kids-en-cafe-marietta\/","url_meta":{"origin":349653,"position":3},"title":"4\u00ba edici\u00f3n de \u00abA Night for the Kids\u00bb en Caf\u00e9 Marietta","author":"Perkin Agramonte","date":"31 Oct, 2015","format":false,"excerpt":"La cuarta edici\u00f3n del evento mensual caritativo A Night for the Kids ser\u00e1 el mi\u00e9rcoles 11 de noviembre en Caf\u00e9 Marietta en Altos de Chav\u00f3n. A Night for the Kids ha venido a ser uno de los principales eventos filantropicos dentro de Casa. A diferencia del Caf\u00e9 de la Leche\u2026","rel":"","context":"En \u00abAltos de Chavon @es\u00bb","block_context":{"text":"Altos de Chavon @es","link":"https:\/\/casadecampoliving.com\/category\/altos-de-chavon-es\/"},"img":{"alt_text":"Caf\u00e9 Marietta, Altos de Chavon_4","src":"https:\/\/i0.wp.com\/casadecampoliving.com\/wp-content\/uploads\/2022\/10\/Cafe_Marietta_Altos_de_Chavon_4-1.jpg?fit=650%2C366&ssl=1&resize=350%2C200","width":350,"height":200,"srcset":"https:\/\/i0.wp.com\/casadecampoliving.com\/wp-content\/uploads\/2022\/10\/Cafe_Marietta_Altos_de_Chavon_4-1.jpg?fit=650%2C366&ssl=1&resize=350%2C200 1x, https:\/\/i0.wp.com\/casadecampoliving.com\/wp-content\/uploads\/2022\/10\/Cafe_Marietta_Altos_de_Chavon_4-1.jpg?fit=650%2C366&ssl=1&resize=525%2C300 1.5x"},"classes":[]},{"id":340132,"url":"https:\/\/casadecampoliving.com\/es\/un-coctel-con-jenny-polanco-y-mima-a-beneficio-del-hogar-del-nino\/","url_meta":{"origin":349653,"position":4},"title":"Un c\u00f3ctel con Jenny Polanco y MIMA a beneficio del Hogar del Ni\u00f1o","author":"","date":"20 Nov, 2012","format":false,"excerpt":"En la noche del pasado s\u00e1bado 10 de noviembre de 2012, la famosa dise\u00f1adora dominicana, Jenny Polanco, invit\u00f3 a los due\u00f1os de villa de Casa de Campo a la celebraci\u00f3n de un c\u00f3ctel previo a la fiesta bailable del evento Due\u00f1os 2012, en su tienda Jenny Polanco Project, ubicada en\u2026","rel":"","context":"En \u00abAltos de Chavon @es\u00bb","block_context":{"text":"Altos de Chavon @es","link":"https:\/\/casadecampoliving.com\/category\/altos-de-chavon-es\/"},"img":{"alt_text":"jenny polanco","src":"https:\/\/i0.wp.com\/casadecampoliving.com\/wp-content\/uploads\/2022\/10\/jenny_polanco1-5.jpg?fit=650%2C419&ssl=1&resize=350%2C200","width":350,"height":200,"srcset":"https:\/\/i0.wp.com\/casadecampoliving.com\/wp-content\/uploads\/2022\/10\/jenny_polanco1-5.jpg?fit=650%2C419&ssl=1&resize=350%2C200 1x, https:\/\/i0.wp.com\/casadecampoliving.com\/wp-content\/uploads\/2022\/10\/jenny_polanco1-5.jpg?fit=650%2C419&ssl=1&resize=525%2C300 1.5x"},"classes":[]},{"id":342942,"url":"https:\/\/casadecampoliving.com\/es\/fiesta-prom-night-este-sabado-en-genesis\/","url_meta":{"origin":349653,"position":5},"title":"Fiesta \u00abProm night\u00bb este s\u00e1bado en Genesis","author":"Lenny Castillo","date":"19 Sep, 2013","format":false,"excerpt":"Este s\u00e1bado 21 de septiembre se celebra el concierto \u201cPitbull para el Hogar del Ni\u00f1o\u201d en el Anfiteatro de Altos de Chav\u00f3n\u2026 despu\u00e9s puedes continuar la fiesta en la discoteca G\u00e9nesis! Esto fiesta \u201cno oficial\u201d, despu\u00e9s del concierto \u201cPitbull por El Hogar del Ni\u00f1o\u201d, est\u00e1 siendo organizada por Caf\u00e9 Juanita\u2026","rel":"","context":"En \u00abAltos de Chavon @es\u00bb","block_context":{"text":"Altos de Chavon @es","link":"https:\/\/casadecampoliving.com\/category\/altos-de-chavon-es\/"},"img":{"alt_text":"","src":"https:\/\/i0.wp.com\/casadecampoliving.com\/wp-content\/uploads\/2022\/10\/prom_night-1.jpg?fit=717%2C443&ssl=1&resize=350%2C200","width":350,"height":200,"srcset":"https:\/\/i0.wp.com\/casadecampoliving.com\/wp-content\/uploads\/2022\/10\/prom_night-1.jpg?fit=717%2C443&ssl=1&resize=350%2C200 1x, https:\/\/i0.wp.com\/casadecampoliving.com\/wp-content\/uploads\/2022\/10\/prom_night-1.jpg?fit=717%2C443&ssl=1&resize=525%2C300 1.5x, https:\/\/i0.wp.com\/casadecampoliving.com\/wp-content\/uploads\/2022\/10\/prom_night-1.jpg?fit=717%2C443&ssl=1&resize=700%2C400 2x"},"classes":[]}],"jetpack_sharing_enabled":true,"_links":{"self":[{"href":"https:\/\/casadecampoliving.com\/es\/wp-json\/wp\/v2\/posts\/349653","targetHints":{"allow":["GET"]}}],"collection":[{"href":"https:\/\/casadecampoliving.com\/es\/wp-json\/wp\/v2\/posts"}],"about":[{"href":"https:\/\/casadecampoliving.com\/es\/wp-json\/wp\/v2\/types\/post"}],"author":[{"embeddable":true,"href":"https:\/\/casadecampoliving.com\/es\/wp-json\/wp\/v2\/users\/36681"}],"replies":[{"embeddable":true,"href":"https:\/\/casadecampoliving.com\/es\/wp-json\/wp\/v2\/comments?post=349653"}],"version-history":[{"count":1,"href":"https:\/\/casadecampoliving.com\/es\/wp-json\/wp\/v2\/posts\/349653\/revisions"}],"predecessor-version":[{"id":349654,"href":"https:\/\/casadecampoliving.com\/es\/wp-json\/wp\/v2\/posts\/349653\/revisions\/349654"}],"wp:featuredmedia":[{"embeddable":true,"href":"https:\/\/casadecampoliving.com\/es\/wp-json\/wp\/v2\/media\/304313"}],"wp:attachment":[{"href":"https:\/\/casadecampoliving.com\/es\/wp-json\/wp\/v2\/media?parent=349653"}],"wp:term":[{"taxonomy":"category","embeddable":true,"href":"https:\/\/casadecampoliving.com\/es\/wp-json\/wp\/v2\/categories?post=349653"},{"taxonomy":"post_tag","embeddable":true,"href":"https:\/\/casadecampoliving.com\/es\/wp-json\/wp\/v2\/tags?post=349653"},{"taxonomy":"newspack_spnsrs_tax","embeddable":true,"href":"https:\/\/casadecampoliving.com\/es\/wp-json\/wp\/v2\/newspack_spnsrs_tax?post=349653"}],"curies":[{"name":"wp","href":"https:\/\/api.w.org\/{rel}","templated":true}]}}