{"id":349501,"date":"2016-03-26T00:00:00","date_gmt":"2016-03-26T04:00:00","guid":{"rendered":"https:\/\/casadecampoliving.com\/feliz-cumpleanos-rudi-spadafora\/"},"modified":"2022-11-10T10:37:18","modified_gmt":"2022-11-10T14:37:18","slug":"feliz-cumpleanos-rudi-spadafora","status":"publish","type":"post","link":"https:\/\/casadecampoliving.com\/es\/feliz-cumpleanos-rudi-spadafora\/","title":{"rendered":"\u00a1Feliz Cumplea\u00f1os Rudi Spadafora!"},"content":{"rendered":"<span style=\"font-weight: 400;\">Un muy \u00abfeliz cumplea\u00f1os\u00bb a Rudi Spadafora de parte de nosotros aqu\u00ed en Casa de Campo Living. El muy querido miembro de la comunidad y amante de la naturaleza celebra su cumplea\u00f1os n\u00famero 88! Hablamos con su hija, Marina Spadafora, directora de la Escuela de Altos de dise\u00f1o, para obtener los detalles de su d\u00eda especial.<\/span>\n<!--more-->\n\n<figure id=\"attachment_118060\" aria-describedby=\"caption-attachment-118060\" style=\"width: 1000px\" class=\"wp-caption alignnone\"><img data-recalc-dims=\"1\" loading=\"lazy\" decoding=\"async\" class=\"size-full wp-image-118060\" src=\"https:\/\/i0.wp.com\/casadecampoliving.com\/wp-content\/uploads\/2022\/10\/Marty-and-Marylin-Chattman-with-Jordan-Stone.jpg?resize=1000%2C750&#038;ssl=1\" alt=\"Marty and Marylin Chattman with Jordan Stone\" width=\"1000\" height=\"750\" \/><figcaption id=\"caption-attachment-118060\" class=\"wp-caption-text\"><em>Marty and Marilyn Chattman with Jordan Stone<\/em><\/figcaption><\/figure>\n\n<span style=\"font-weight: 400;\">Alrededor de 40 personas se reunieron en Tenis Villa no. 28, hogar de la familia, el pasado viernes 18 de marzo y fueron recibidos con una gran variedad de excelentes platos, incluyendo pescado, wok chino, pasta rag\u00fa, ensalada, y coliflor a la bechamel preparada por el incre\u00edble personal. Marina se\u00f1ala que sus fiestas son muy informales por lo general en forma de buffet y todo el mundo se sienta alrededor en mesas diferentes, pero lo que ella siente que es especial acerca de Casa de Campo su ambiente acogedor y divertido, donde todo el mundo tiene un gran momento juntos. La familia Spadafora pasa normalmente alrededor de 6 meses en Casa de Campo y el resto del a\u00f1o en Italia. \u00a1Aunque Rudi no es un extra\u00f1o a Casa! De hecho, \u00e9l frecuenta las canchas de tenis, disfrutando de un estilo de vida muy activo. \u00c9l conoce a todo el mundo all\u00ed, incluyendo a todos los boleritos.<\/span>\n\n<img data-recalc-dims=\"1\" loading=\"lazy\" decoding=\"async\" class=\"alignright wp-image-118061\" src=\"https:\/\/i0.wp.com\/casadecampoliving.com\/wp-content\/uploads\/2022\/10\/Rudi-Spadafora.jpg?resize=358%2C477&#038;ssl=1\" alt=\"Rudi Spadafora\" width=\"358\" height=\"477\" \/>\n\n<span style=\"font-weight: 400;\">Incluso a los 88 a\u00f1os de edad, Rudi es fuerte. \u00a1Hasta hace dos a\u00f1os \u00e9l a\u00fan esquiaba en los Alpes franceses! Un campe\u00f3n de esqu\u00ed competitivo en sus a\u00f1os de juventud, tambi\u00e9n le gusta jugar al golf y pescar. \u00c9l es un campe\u00f3n mundial de <\/span><i><span style=\"font-weight: 400;\">fly fishing <\/span><\/i><span style=\"font-weight: 400;\">y ha pescado en magn\u00edficos lugares como Alaska, Escocia, Islandia, y Tierra del Fuego en Argentina. \u00a1Solo nombren un lugar, y el ha pescado all\u00ed! S\u00f3lo hay que pedirle ver una de las muchas portadas de revistas en las que \u00e9l ha estado a trav\u00e9s de los a\u00f1os y le dibujara una sonrisa a su cara. Lo bueno es que est\u00e1 de vacaciones, \u00a1o aquellos que participaran en el Torneo de Pesca La Romana &#8211; Bayahibe estar\u00edan en problemas! <\/span>\n\n<span style=\"font-weight: 400;\">Buenos amigos como Marty y Marilyn Chattman, y Margarita Guerrero, entre muchos otros cantaron feliz cumplea\u00f1os al hombre del momento mientras apagaba las velas sobre una bizcocho que estaba decorado con una foto de \u00e9l pescando en Alaska. \u00a1Que bizcocho tan estupendo!<\/span>\n\n<span style=\"font-weight: 400;\">Rudi y compa\u00f1ia. han estado viniendo a Casa de Campo por m\u00e1s de 24 a\u00f1os. Consciente de las habilidades de Marina como dise\u00f1adora de moda que ha colaborado con marcas como Ferragamo y Prada, y es defensora de la \u00e9tica al producir ropa, Dominique Bluhdorn, presidente de la Fundaci\u00f3n Centro Cultural Altos de Chav\u00f3n, la invit\u00f3 a unirse a la Escuela de Dise\u00f1o hace un par de a\u00f1os. Desde su llegada en junio del a\u00f1o pasado, Marina nos comenta: <\/span>\u00abEs una escuela fant\u00e1stica, con una gran cantidad de talento . De hecho, acabamos de recibir noticias de que uno de nuestros estudiantes ha obtenido una beca completa para estudiar en la Parsons School of Design de Nueva York. Estamos encantados.\u00bb<b> <\/b><span style=\"font-weight: 400;\">Las propias hijas de Marina estudian cine y dise\u00f1o de moda en Parsons.<\/span>\n\n<figure id=\"attachment_118059\" aria-describedby=\"caption-attachment-118059\" style=\"width: 1000px\" class=\"wp-caption alignnone\"><img data-recalc-dims=\"1\" loading=\"lazy\" decoding=\"async\" class=\"size-full wp-image-118059\" src=\"https:\/\/i0.wp.com\/casadecampoliving.com\/wp-content\/uploads\/2022\/10\/Bibi-Leon-Marina-Spadafora-Mignon-Bellini-and-Laura-Duffield.jpg?resize=1000%2C750&#038;ssl=1\" alt=\"Bibi Leon, Marina Spadafora , Mignon Bellini and Laura Duffield\" width=\"1000\" height=\"750\" \/><figcaption id=\"caption-attachment-118059\" class=\"wp-caption-text\"><em>Bibi Leon, Marina Spadafora , Mignon Bellini and Laura Duffield<\/em><\/figcaption><\/figure>\n\n<span style=\"font-weight: 400;\">La familia est\u00e1 de vacaciones juntos y disfrutando de la Semana Santa. \u00a1Les deseamos mucha felicidad en sus viajes y muchos a\u00f1os m\u00e1s a Rudi! \u00a1Feliz cumplea\u00f1os!<\/span><span style=\"font-weight: 400;\">\n<\/span><span style=\"font-weight: 400;\">\n<\/span><span style=\"font-weight: 400;\">Las siguientes fotograf\u00edas fueron tomadas en la fiesta del cumplea\u00f1os 88 de Rudi Spadafora, el 18 de marzo:<\/span>\n<b><\/b>\n\n<b>\n<figure class=\"wp-block-gallery has-nested-images columns-default is-cropped wp-block-gallery-1 is-layout-flex wp-block-gallery-is-layout-flex\">\n<figure class=\"wp-block-image size-large\"><img data-recalc-dims=\"1\" loading=\"lazy\" decoding=\"async\" width=\"1000\" height=\"750\" data-id=\"471991\" src=\"https:\/\/i0.wp.com\/casadecampoliving.com\/wp-content\/uploads\/2022\/10\/fatima-renedo-gaby-ciarlo-lelli-asch.jpg?resize=1000%2C750&#038;ssl=1\" alt=\"\" class=\"wp-image-471991\" srcset=\"https:\/\/i0.wp.com\/casadecampoliving.com\/wp-content\/uploads\/2022\/10\/fatima-renedo-gaby-ciarlo-lelli-asch.jpg?w=1000&amp;ssl=1 1000w, https:\/\/i0.wp.com\/casadecampoliving.com\/wp-content\/uploads\/2022\/10\/fatima-renedo-gaby-ciarlo-lelli-asch.jpg?resize=300%2C225&amp;ssl=1 300w, https:\/\/i0.wp.com\/casadecampoliving.com\/wp-content\/uploads\/2022\/10\/fatima-renedo-gaby-ciarlo-lelli-asch.jpg?resize=768%2C576&amp;ssl=1 768w, https:\/\/i0.wp.com\/casadecampoliving.com\/wp-content\/uploads\/2022\/10\/fatima-renedo-gaby-ciarlo-lelli-asch.jpg?resize=800%2C600&amp;ssl=1 800w, https:\/\/i0.wp.com\/casadecampoliving.com\/wp-content\/uploads\/2022\/10\/fatima-renedo-gaby-ciarlo-lelli-asch.jpg?resize=400%2C300&amp;ssl=1 400w, https:\/\/i0.wp.com\/casadecampoliving.com\/wp-content\/uploads\/2022\/10\/fatima-renedo-gaby-ciarlo-lelli-asch.jpg?resize=200%2C150&amp;ssl=1 200w, https:\/\/i0.wp.com\/casadecampoliving.com\/wp-content\/uploads\/2022\/10\/fatima-renedo-gaby-ciarlo-lelli-asch.jpg?resize=706%2C530&amp;ssl=1 706w, https:\/\/i0.wp.com\/casadecampoliving.com\/wp-content\/uploads\/2022\/10\/fatima-renedo-gaby-ciarlo-lelli-asch.jpg?resize=150%2C113&amp;ssl=1 150w, https:\/\/i0.wp.com\/casadecampoliving.com\/wp-content\/uploads\/2022\/10\/fatima-renedo-gaby-ciarlo-lelli-asch.jpg?w=370&amp;ssl=1 370w\" sizes=\"auto, (max-width: 1000px) 100vw, 1000px\" \/><figcaption>Fatima Renedo, Gaby Ciarlo, and Lelli Asch<\/figcaption><\/figure>\n\n\n\n<figure class=\"wp-block-image size-large\"><img data-recalc-dims=\"1\" loading=\"lazy\" decoding=\"async\" width=\"750\" height=\"1000\" data-id=\"472005\" src=\"https:\/\/i0.wp.com\/casadecampoliving.com\/wp-content\/uploads\/2022\/10\/jordan-stone-and-franco-ciarlo.jpg?resize=750%2C1000&#038;ssl=1\" alt=\"\" class=\"wp-image-472005\" srcset=\"https:\/\/i0.wp.com\/casadecampoliving.com\/wp-content\/uploads\/2022\/10\/jordan-stone-and-franco-ciarlo.jpg?w=750&amp;ssl=1 750w, https:\/\/i0.wp.com\/casadecampoliving.com\/wp-content\/uploads\/2022\/10\/jordan-stone-and-franco-ciarlo.jpg?resize=225%2C300&amp;ssl=1 225w, https:\/\/i0.wp.com\/casadecampoliving.com\/wp-content\/uploads\/2022\/10\/jordan-stone-and-franco-ciarlo.jpg?resize=600%2C800&amp;ssl=1 600w, https:\/\/i0.wp.com\/casadecampoliving.com\/wp-content\/uploads\/2022\/10\/jordan-stone-and-franco-ciarlo.jpg?resize=300%2C400&amp;ssl=1 300w, https:\/\/i0.wp.com\/casadecampoliving.com\/wp-content\/uploads\/2022\/10\/jordan-stone-and-franco-ciarlo.jpg?resize=150%2C200&amp;ssl=1 150w, https:\/\/i0.wp.com\/casadecampoliving.com\/wp-content\/uploads\/2022\/10\/jordan-stone-and-franco-ciarlo.jpg?resize=400%2C533&amp;ssl=1 400w, https:\/\/i0.wp.com\/casadecampoliving.com\/wp-content\/uploads\/2022\/10\/jordan-stone-and-franco-ciarlo.jpg?resize=706%2C941&amp;ssl=1 706w, https:\/\/i0.wp.com\/casadecampoliving.com\/wp-content\/uploads\/2022\/10\/jordan-stone-and-franco-ciarlo.jpg?resize=640%2C853&amp;ssl=1 640w, https:\/\/i0.wp.com\/casadecampoliving.com\/wp-content\/uploads\/2022\/10\/jordan-stone-and-franco-ciarlo.jpg?w=370&amp;ssl=1 370w\" sizes=\"auto, (max-width: 750px) 100vw, 750px\" \/><figcaption>Jordan Stone and Franco Ciarlo<\/figcaption><\/figure>\n\n\n\n<figure class=\"wp-block-image size-large\"><img data-recalc-dims=\"1\" loading=\"lazy\" decoding=\"async\" width=\"1000\" height=\"1000\" data-id=\"472021\" src=\"https:\/\/i0.wp.com\/casadecampoliving.com\/wp-content\/uploads\/2022\/10\/kyra-montague-and-jacinto.jpg?resize=1000%2C1000&#038;ssl=1\" alt=\"\" class=\"wp-image-472021\" srcset=\"https:\/\/i0.wp.com\/casadecampoliving.com\/wp-content\/uploads\/2022\/10\/kyra-montague-and-jacinto.jpg?w=1000&amp;ssl=1 1000w, https:\/\/i0.wp.com\/casadecampoliving.com\/wp-content\/uploads\/2022\/10\/kyra-montague-and-jacinto.jpg?resize=300%2C300&amp;ssl=1 300w, https:\/\/i0.wp.com\/casadecampoliving.com\/wp-content\/uploads\/2022\/10\/kyra-montague-and-jacinto.jpg?resize=150%2C150&amp;ssl=1 150w, https:\/\/i0.wp.com\/casadecampoliving.com\/wp-content\/uploads\/2022\/10\/kyra-montague-and-jacinto.jpg?resize=768%2C768&amp;ssl=1 768w, https:\/\/i0.wp.com\/casadecampoliving.com\/wp-content\/uploads\/2022\/10\/kyra-montague-and-jacinto.jpg?resize=800%2C800&amp;ssl=1 800w, https:\/\/i0.wp.com\/casadecampoliving.com\/wp-content\/uploads\/2022\/10\/kyra-montague-and-jacinto.jpg?resize=400%2C400&amp;ssl=1 400w, https:\/\/i0.wp.com\/casadecampoliving.com\/wp-content\/uploads\/2022\/10\/kyra-montague-and-jacinto.jpg?resize=200%2C200&amp;ssl=1 200w, https:\/\/i0.wp.com\/casadecampoliving.com\/wp-content\/uploads\/2022\/10\/kyra-montague-and-jacinto.jpg?resize=706%2C706&amp;ssl=1 706w, https:\/\/i0.wp.com\/casadecampoliving.com\/wp-content\/uploads\/2022\/10\/kyra-montague-and-jacinto.jpg?resize=100%2C100&amp;ssl=1 100w, https:\/\/i0.wp.com\/casadecampoliving.com\/wp-content\/uploads\/2022\/10\/kyra-montague-and-jacinto.jpg?resize=96%2C96&amp;ssl=1 96w, https:\/\/i0.wp.com\/casadecampoliving.com\/wp-content\/uploads\/2022\/10\/kyra-montague-and-jacinto.jpg?w=370&amp;ssl=1 370w\" sizes=\"auto, (max-width: 1000px) 100vw, 1000px\" \/><figcaption>Kyra Montague and Jacinto<\/figcaption><\/figure>\n\n\n\n<figure class=\"wp-block-image size-large\"><img data-recalc-dims=\"1\" loading=\"lazy\" decoding=\"async\" width=\"1000\" height=\"942\" data-id=\"472042\" src=\"https:\/\/i0.wp.com\/casadecampoliving.com\/wp-content\/uploads\/2022\/10\/marina-spadafora-mignon-bellini-laura-duffield.jpg?resize=1000%2C942&#038;ssl=1\" alt=\"\" class=\"wp-image-472042\" srcset=\"https:\/\/i0.wp.com\/casadecampoliving.com\/wp-content\/uploads\/2022\/10\/marina-spadafora-mignon-bellini-laura-duffield.jpg?w=1000&amp;ssl=1 1000w, https:\/\/i0.wp.com\/casadecampoliving.com\/wp-content\/uploads\/2022\/10\/marina-spadafora-mignon-bellini-laura-duffield.jpg?resize=300%2C283&amp;ssl=1 300w, https:\/\/i0.wp.com\/casadecampoliving.com\/wp-content\/uploads\/2022\/10\/marina-spadafora-mignon-bellini-laura-duffield.jpg?resize=768%2C723&amp;ssl=1 768w, https:\/\/i0.wp.com\/casadecampoliving.com\/wp-content\/uploads\/2022\/10\/marina-spadafora-mignon-bellini-laura-duffield.jpg?resize=400%2C377&amp;ssl=1 400w, https:\/\/i0.wp.com\/casadecampoliving.com\/wp-content\/uploads\/2022\/10\/marina-spadafora-mignon-bellini-laura-duffield.jpg?resize=706%2C665&amp;ssl=1 706w, https:\/\/i0.wp.com\/casadecampoliving.com\/wp-content\/uploads\/2022\/10\/marina-spadafora-mignon-bellini-laura-duffield.jpg?resize=150%2C141&amp;ssl=1 150w, https:\/\/i0.wp.com\/casadecampoliving.com\/wp-content\/uploads\/2022\/10\/marina-spadafora-mignon-bellini-laura-duffield.jpg?w=370&amp;ssl=1 370w\" sizes=\"auto, (max-width: 1000px) 100vw, 1000px\" \/><figcaption>Marina Spadafora, Mignon Bellini, and Laura Duffield<\/figcaption><\/figure>\n\n\n\n<figure class=\"wp-block-image size-large\"><img data-recalc-dims=\"1\" loading=\"lazy\" decoding=\"async\" width=\"1000\" height=\"750\" data-id=\"472060\" src=\"https:\/\/i0.wp.com\/casadecampoliving.com\/wp-content\/uploads\/2022\/10\/mrs-and-mr-winn-with-bibi-leon.jpg?resize=1000%2C750&#038;ssl=1\" alt=\"\" class=\"wp-image-472060\" srcset=\"https:\/\/i0.wp.com\/casadecampoliving.com\/wp-content\/uploads\/2022\/10\/mrs-and-mr-winn-with-bibi-leon.jpg?w=1000&amp;ssl=1 1000w, https:\/\/i0.wp.com\/casadecampoliving.com\/wp-content\/uploads\/2022\/10\/mrs-and-mr-winn-with-bibi-leon.jpg?resize=300%2C225&amp;ssl=1 300w, https:\/\/i0.wp.com\/casadecampoliving.com\/wp-content\/uploads\/2022\/10\/mrs-and-mr-winn-with-bibi-leon.jpg?resize=768%2C576&amp;ssl=1 768w, https:\/\/i0.wp.com\/casadecampoliving.com\/wp-content\/uploads\/2022\/10\/mrs-and-mr-winn-with-bibi-leon.jpg?resize=800%2C600&amp;ssl=1 800w, https:\/\/i0.wp.com\/casadecampoliving.com\/wp-content\/uploads\/2022\/10\/mrs-and-mr-winn-with-bibi-leon.jpg?resize=400%2C300&amp;ssl=1 400w, https:\/\/i0.wp.com\/casadecampoliving.com\/wp-content\/uploads\/2022\/10\/mrs-and-mr-winn-with-bibi-leon.jpg?resize=200%2C150&amp;ssl=1 200w, https:\/\/i0.wp.com\/casadecampoliving.com\/wp-content\/uploads\/2022\/10\/mrs-and-mr-winn-with-bibi-leon.jpg?resize=706%2C530&amp;ssl=1 706w, https:\/\/i0.wp.com\/casadecampoliving.com\/wp-content\/uploads\/2022\/10\/mrs-and-mr-winn-with-bibi-leon.jpg?resize=150%2C113&amp;ssl=1 150w, https:\/\/i0.wp.com\/casadecampoliving.com\/wp-content\/uploads\/2022\/10\/mrs-and-mr-winn-with-bibi-leon.jpg?w=370&amp;ssl=1 370w\" sizes=\"auto, (max-width: 1000px) 100vw, 1000px\" \/><figcaption>Mrs. and Mr. Winn with Bibi Leon<\/figcaption><\/figure>\n\n\n\n<figure class=\"wp-block-image size-large\"><img data-recalc-dims=\"1\" loading=\"lazy\" decoding=\"async\" width=\"1000\" height=\"758\" data-id=\"472075\" src=\"https:\/\/i0.wp.com\/casadecampoliving.com\/wp-content\/uploads\/2022\/10\/rudi-spadafora-margarita-guerrero-y-el-director-del-banco-popular-senor-trocoso.jpg?resize=1000%2C758&#038;ssl=1\" alt=\"\" class=\"wp-image-472075\" srcset=\"https:\/\/i0.wp.com\/casadecampoliving.com\/wp-content\/uploads\/2022\/10\/rudi-spadafora-margarita-guerrero-y-el-director-del-banco-popular-senor-trocoso.jpg?w=1000&amp;ssl=1 1000w, https:\/\/i0.wp.com\/casadecampoliving.com\/wp-content\/uploads\/2022\/10\/rudi-spadafora-margarita-guerrero-y-el-director-del-banco-popular-senor-trocoso.jpg?resize=300%2C227&amp;ssl=1 300w, https:\/\/i0.wp.com\/casadecampoliving.com\/wp-content\/uploads\/2022\/10\/rudi-spadafora-margarita-guerrero-y-el-director-del-banco-popular-senor-trocoso.jpg?resize=768%2C582&amp;ssl=1 768w, https:\/\/i0.wp.com\/casadecampoliving.com\/wp-content\/uploads\/2022\/10\/rudi-spadafora-margarita-guerrero-y-el-director-del-banco-popular-senor-trocoso.jpg?resize=400%2C303&amp;ssl=1 400w, https:\/\/i0.wp.com\/casadecampoliving.com\/wp-content\/uploads\/2022\/10\/rudi-spadafora-margarita-guerrero-y-el-director-del-banco-popular-senor-trocoso.jpg?resize=706%2C535&amp;ssl=1 706w, https:\/\/i0.wp.com\/casadecampoliving.com\/wp-content\/uploads\/2022\/10\/rudi-spadafora-margarita-guerrero-y-el-director-del-banco-popular-senor-trocoso.jpg?resize=150%2C114&amp;ssl=1 150w, https:\/\/i0.wp.com\/casadecampoliving.com\/wp-content\/uploads\/2022\/10\/rudi-spadafora-margarita-guerrero-y-el-director-del-banco-popular-senor-trocoso.jpg?w=370&amp;ssl=1 370w\" sizes=\"auto, (max-width: 1000px) 100vw, 1000px\" \/><figcaption>Rudi Spadafora, Margarita Guerrero, y el Director del Banco Popular Senor Trocoso<\/figcaption><\/figure>\n<\/figure>\n<\/b>","protected":false},"excerpt":{"rendered":"<p>Un muy \u00abfeliz cumplea\u00f1os\u00bb a Rudi Spadafora de parte de nosotros aqu\u00ed en Casa de Campo Living. El muy querido miembro de la comunidad y amante de la naturaleza celebra su cumplea\u00f1os n\u00famero 88! Hablamos con su hija, Marina Spadafora, directora de la Escuela de Altos de dise\u00f1o, para obtener los detalles de su d\u00eda [&hellip;]<\/p>\n","protected":false},"author":36681,"featured_media":297818,"comment_status":"closed","ping_status":"closed","sticky":false,"template":"","format":"standard","meta":{"newspack_ads_suppress_ads":false,"newspack_popups_has_disabled_popups":false,"newspack_sponsor_sponsorship_scope":"","newspack_sponsor_native_byline_display":"inherit","newspack_sponsor_native_category_display":"inherit","newspack_sponsor_underwriter_style":"inherit","newspack_sponsor_underwriter_placement":"inherit","_newspack_byline_active":false,"_newspack_byline":"","newspack_hide_updated_date":false,"newspack_show_updated_date":false,"newspack_content_restriction_is_exempt":false,"newspack_featured_image_position":"","newspack_post_subtitle":"","newspack_article_summary_title":"Overview:","newspack_article_summary":"","_jetpack_memberships_contains_paid_content":false,"footnotes":"","jetpack_publicize_message":"","jetpack_publicize_feature_enabled":true,"jetpack_social_post_already_shared":false,"jetpack_social_options":{"image_generator_settings":{"template":"highway","default_image_id":0,"font":"","enabled":false},"version":2},"_wpas_customize_per_network":false},"categories":[26936,2524,14631],"tags":[2676,8825,13098,15775,2637],"newspack_spnsrs_tax":[],"class_list":["post-349501","post","type-post","status-publish","format-standard","has-post-thumbnail","hentry","category-casa-de-campo-living-es","category-destacados","category-estilo-de-vida","tag-escuela-de-diseno-altos-de-chavon","tag-fiesta-de-cumpleanos","tag-marina-spadafora-es","tag-rudi-spadafora-es","tag-tenis","entry"],"yoast_head":"<!-- This site is optimized with the Yoast SEO plugin v27.5 - https:\/\/yoast.com\/product\/yoast-seo-wordpress\/ -->\n<title>\u00a1Feliz Cumplea\u00f1os Rudi Spadafora! | Casa de Campo Living<\/title>\n<meta name=\"description\" content=\"Un muy &quot;feliz cumplea\u00f1os&quot; a Rudi Spadafora de parte de nosotros aqu\u00ed en Casa de Campo Living. El muy querido miembro de la comunidad y amante de la\" \/>\n<meta name=\"robots\" content=\"index, follow, max-snippet:-1, max-image-preview:large, max-video-preview:-1\" \/>\n<link rel=\"canonical\" href=\"https:\/\/casadecampoliving.com\/es\/feliz-cumpleanos-rudi-spadafora\/\" \/>\n<meta property=\"og:locale\" content=\"es_ES\" \/>\n<meta property=\"og:type\" content=\"article\" \/>\n<meta property=\"og:title\" content=\"\u00a1Feliz Cumplea\u00f1os Rudi Spadafora! | Casa de Campo Living\" \/>\n<meta property=\"og:description\" content=\"Un muy &quot;feliz cumplea\u00f1os&quot; a Rudi Spadafora de parte de nosotros aqu\u00ed en Casa de Campo Living. El muy querido miembro de la comunidad y amante de la\" \/>\n<meta property=\"og:url\" content=\"https:\/\/casadecampoliving.com\/es\/feliz-cumpleanos-rudi-spadafora\/\" \/>\n<meta property=\"og:site_name\" content=\"Casa de Campo Living\" \/>\n<meta property=\"article:publisher\" content=\"https:\/\/www.facebook.com\/casadecampoliving\" \/>\n<meta property=\"article:published_time\" content=\"2016-03-26T04:00:00+00:00\" \/>\n<meta property=\"article:modified_time\" content=\"2022-11-10T14:37:18+00:00\" \/>\n<meta property=\"og:image\" content=\"https:\/\/i0.wp.com\/casadecampoliving.com\/wp-content\/uploads\/2022\/10\/Adolfo-DespredelRudi-Spadafora-Margarita-Guerrero-y-el-Senor-Troncoso.jpg?fit=1000%2C750&ssl=1\" \/>\n\t<meta property=\"og:image:width\" content=\"1000\" \/>\n\t<meta property=\"og:image:height\" content=\"750\" \/>\n\t<meta property=\"og:image:type\" content=\"image\/jpeg\" \/>\n<meta name=\"author\" content=\"Heather Lincoln\" \/>\n<meta name=\"twitter:card\" content=\"summary_large_image\" \/>\n<meta name=\"twitter:creator\" content=\"@cdcliving\" \/>\n<meta name=\"twitter:site\" content=\"@cdcliving\" \/>\n<meta name=\"twitter:label1\" content=\"Escrito por\" \/>\n\t<meta name=\"twitter:data1\" content=\"Heather Lincoln\" \/>\n\t<meta name=\"twitter:label2\" content=\"Tiempo de lectura\" \/>\n\t<meta name=\"twitter:data2\" content=\"3 minutos\" \/>\n<script type=\"application\/ld+json\" class=\"yoast-schema-graph\">{\"@context\":\"https:\\\/\\\/schema.org\",\"@graph\":[{\"@type\":\"Article\",\"@id\":\"https:\\\/\\\/casadecampoliving.com\\\/es\\\/feliz-cumpleanos-rudi-spadafora\\\/#article\",\"isPartOf\":{\"@id\":\"https:\\\/\\\/casadecampoliving.com\\\/es\\\/feliz-cumpleanos-rudi-spadafora\\\/\"},\"author\":{\"name\":\"Heather Lincoln\",\"@id\":\"https:\\\/\\\/casadecampoliving.com\\\/es\\\/#\\\/schema\\\/person\\\/e3abfc63c1478fd703266a6f33a3145d\"},\"headline\":\"\u00a1Feliz Cumplea\u00f1os Rudi Spadafora!\",\"datePublished\":\"2016-03-26T04:00:00+00:00\",\"dateModified\":\"2022-11-10T14:37:18+00:00\",\"mainEntityOfPage\":{\"@id\":\"https:\\\/\\\/casadecampoliving.com\\\/es\\\/feliz-cumpleanos-rudi-spadafora\\\/\"},\"wordCount\":663,\"publisher\":{\"@id\":\"https:\\\/\\\/casadecampoliving.com\\\/es\\\/#organization\"},\"image\":{\"@id\":\"https:\\\/\\\/casadecampoliving.com\\\/es\\\/feliz-cumpleanos-rudi-spadafora\\\/#primaryimage\"},\"thumbnailUrl\":\"https:\\\/\\\/i0.wp.com\\\/casadecampoliving.com\\\/wp-content\\\/uploads\\\/2022\\\/10\\\/Adolfo-DespredelRudi-Spadafora-Margarita-Guerrero-y-el-Senor-Troncoso.jpg?fit=1000%2C750&ssl=1\",\"keywords\":[\"escuela de diseno altos de chavon\",\"Fiesta de Cumplea\u00f1os\",\"Marina Spadafora @es\",\"Rudi Spadafora @es\",\"tenis\"],\"articleSection\":[\"Casa de Campo Living @es\",\"Destacados\",\"Estilo de Vida\"],\"inLanguage\":\"es\"},{\"@type\":\"WebPage\",\"@id\":\"https:\\\/\\\/casadecampoliving.com\\\/es\\\/feliz-cumpleanos-rudi-spadafora\\\/\",\"url\":\"https:\\\/\\\/casadecampoliving.com\\\/es\\\/feliz-cumpleanos-rudi-spadafora\\\/\",\"name\":\"\u00a1Feliz Cumplea\u00f1os Rudi Spadafora! | Casa de Campo Living\",\"isPartOf\":{\"@id\":\"https:\\\/\\\/casadecampoliving.com\\\/es\\\/#website\"},\"primaryImageOfPage\":{\"@id\":\"https:\\\/\\\/casadecampoliving.com\\\/es\\\/feliz-cumpleanos-rudi-spadafora\\\/#primaryimage\"},\"image\":{\"@id\":\"https:\\\/\\\/casadecampoliving.com\\\/es\\\/feliz-cumpleanos-rudi-spadafora\\\/#primaryimage\"},\"thumbnailUrl\":\"https:\\\/\\\/i0.wp.com\\\/casadecampoliving.com\\\/wp-content\\\/uploads\\\/2022\\\/10\\\/Adolfo-DespredelRudi-Spadafora-Margarita-Guerrero-y-el-Senor-Troncoso.jpg?fit=1000%2C750&ssl=1\",\"datePublished\":\"2016-03-26T04:00:00+00:00\",\"dateModified\":\"2022-11-10T14:37:18+00:00\",\"description\":\"Un muy \\\"feliz cumplea\u00f1os\\\" a Rudi Spadafora de parte de nosotros aqu\u00ed en Casa de Campo Living. El muy querido miembro de la comunidad y amante de la\",\"breadcrumb\":{\"@id\":\"https:\\\/\\\/casadecampoliving.com\\\/es\\\/feliz-cumpleanos-rudi-spadafora\\\/#breadcrumb\"},\"inLanguage\":\"es\",\"potentialAction\":[{\"@type\":\"ReadAction\",\"target\":[\"https:\\\/\\\/casadecampoliving.com\\\/es\\\/feliz-cumpleanos-rudi-spadafora\\\/\"]}]},{\"@type\":\"ImageObject\",\"inLanguage\":\"es\",\"@id\":\"https:\\\/\\\/casadecampoliving.com\\\/es\\\/feliz-cumpleanos-rudi-spadafora\\\/#primaryimage\",\"url\":\"https:\\\/\\\/i0.wp.com\\\/casadecampoliving.com\\\/wp-content\\\/uploads\\\/2022\\\/10\\\/Adolfo-DespredelRudi-Spadafora-Margarita-Guerrero-y-el-Senor-Troncoso.jpg?fit=1000%2C750&ssl=1\",\"contentUrl\":\"https:\\\/\\\/i0.wp.com\\\/casadecampoliving.com\\\/wp-content\\\/uploads\\\/2022\\\/10\\\/Adolfo-DespredelRudi-Spadafora-Margarita-Guerrero-y-el-Senor-Troncoso.jpg?fit=1000%2C750&ssl=1\",\"width\":1000,\"height\":750,\"caption\":\"Adolfo Despredel,Rudi Spadafora , Margarita Guerrero y el Senor Troncoso\"},{\"@type\":\"BreadcrumbList\",\"@id\":\"https:\\\/\\\/casadecampoliving.com\\\/es\\\/feliz-cumpleanos-rudi-spadafora\\\/#breadcrumb\",\"itemListElement\":[{\"@type\":\"ListItem\",\"position\":1,\"name\":\"Home\",\"item\":\"https:\\\/\\\/casadecampoliving.com\\\/es\\\/\"},{\"@type\":\"ListItem\",\"position\":2,\"name\":\"\u00a1Feliz Cumplea\u00f1os Rudi Spadafora!\"}]},{\"@type\":\"WebSite\",\"@id\":\"https:\\\/\\\/casadecampoliving.com\\\/es\\\/#website\",\"url\":\"https:\\\/\\\/casadecampoliving.com\\\/es\\\/\",\"name\":\"Casa de Campo Living\",\"description\":\"Resort community news and resources.\",\"publisher\":{\"@id\":\"https:\\\/\\\/casadecampoliving.com\\\/es\\\/#organization\"},\"potentialAction\":[{\"@type\":\"SearchAction\",\"target\":{\"@type\":\"EntryPoint\",\"urlTemplate\":\"https:\\\/\\\/casadecampoliving.com\\\/es\\\/?s={search_term_string}\"},\"query-input\":{\"@type\":\"PropertyValueSpecification\",\"valueRequired\":true,\"valueName\":\"search_term_string\"}}],\"inLanguage\":\"es\"},{\"@type\":\"Organization\",\"@id\":\"https:\\\/\\\/casadecampoliving.com\\\/es\\\/#organization\",\"name\":\"Casa de Campo Living\",\"url\":\"https:\\\/\\\/casadecampoliving.com\\\/es\\\/\",\"logo\":{\"@type\":\"ImageObject\",\"inLanguage\":\"es\",\"@id\":\"https:\\\/\\\/casadecampoliving.com\\\/es\\\/#\\\/schema\\\/logo\\\/image\\\/\",\"url\":\"https:\\\/\\\/i0.wp.com\\\/casadecampoliving.com\\\/wp-content\\\/uploads\\\/2022\\\/07\\\/CDCLivingLogo_V1-white-sized.png?fit=800%2C214&ssl=1\",\"contentUrl\":\"https:\\\/\\\/i0.wp.com\\\/casadecampoliving.com\\\/wp-content\\\/uploads\\\/2022\\\/07\\\/CDCLivingLogo_V1-white-sized.png?fit=800%2C214&ssl=1\",\"width\":800,\"height\":214,\"caption\":\"Casa de Campo Living\"},\"image\":{\"@id\":\"https:\\\/\\\/casadecampoliving.com\\\/es\\\/#\\\/schema\\\/logo\\\/image\\\/\"},\"sameAs\":[\"https:\\\/\\\/www.facebook.com\\\/casadecampoliving\",\"https:\\\/\\\/x.com\\\/cdcliving\"]},{\"@type\":\"Person\",\"@id\":\"https:\\\/\\\/casadecampoliving.com\\\/es\\\/#\\\/schema\\\/person\\\/e3abfc63c1478fd703266a6f33a3145d\",\"name\":\"Heather Lincoln\",\"image\":{\"@type\":\"ImageObject\",\"inLanguage\":\"es\",\"@id\":\"https:\\\/\\\/secure.gravatar.com\\\/avatar\\\/e8fc1ce4ad50385675908137b0d8d66be281d034bf072b4700460237638ea6d0?s=96&d=mm&r=g\",\"url\":\"https:\\\/\\\/secure.gravatar.com\\\/avatar\\\/e8fc1ce4ad50385675908137b0d8d66be281d034bf072b4700460237638ea6d0?s=96&d=mm&r=g\",\"contentUrl\":\"https:\\\/\\\/secure.gravatar.com\\\/avatar\\\/e8fc1ce4ad50385675908137b0d8d66be281d034bf072b4700460237638ea6d0?s=96&d=mm&r=g\",\"caption\":\"Heather Lincoln\"},\"url\":\"https:\\\/\\\/casadecampoliving.com\\\/es\\\/author\\\/hcastillo\\\/\"}]}<\/script>\n<!-- \/ Yoast SEO plugin. -->","yoast_head_json":{"title":"\u00a1Feliz Cumplea\u00f1os Rudi Spadafora! | Casa de Campo Living","description":"Un muy \"feliz cumplea\u00f1os\" a Rudi Spadafora de parte de nosotros aqu\u00ed en Casa de Campo Living. El muy querido miembro de la comunidad y amante de la","robots":{"index":"index","follow":"follow","max-snippet":"max-snippet:-1","max-image-preview":"max-image-preview:large","max-video-preview":"max-video-preview:-1"},"canonical":"https:\/\/casadecampoliving.com\/es\/feliz-cumpleanos-rudi-spadafora\/","og_locale":"es_ES","og_type":"article","og_title":"\u00a1Feliz Cumplea\u00f1os Rudi Spadafora! | Casa de Campo Living","og_description":"Un muy \"feliz cumplea\u00f1os\" a Rudi Spadafora de parte de nosotros aqu\u00ed en Casa de Campo Living. El muy querido miembro de la comunidad y amante de la","og_url":"https:\/\/casadecampoliving.com\/es\/feliz-cumpleanos-rudi-spadafora\/","og_site_name":"Casa de Campo Living","article_publisher":"https:\/\/www.facebook.com\/casadecampoliving","article_published_time":"2016-03-26T04:00:00+00:00","article_modified_time":"2022-11-10T14:37:18+00:00","og_image":[{"width":1000,"height":750,"url":"https:\/\/i0.wp.com\/casadecampoliving.com\/wp-content\/uploads\/2022\/10\/Adolfo-DespredelRudi-Spadafora-Margarita-Guerrero-y-el-Senor-Troncoso.jpg?fit=1000%2C750&ssl=1","type":"image\/jpeg"}],"author":"Heather Lincoln","twitter_card":"summary_large_image","twitter_creator":"@cdcliving","twitter_site":"@cdcliving","twitter_misc":{"Escrito por":"Heather Lincoln","Tiempo de lectura":"3 minutos"},"schema":{"@context":"https:\/\/schema.org","@graph":[{"@type":"Article","@id":"https:\/\/casadecampoliving.com\/es\/feliz-cumpleanos-rudi-spadafora\/#article","isPartOf":{"@id":"https:\/\/casadecampoliving.com\/es\/feliz-cumpleanos-rudi-spadafora\/"},"author":{"name":"Heather Lincoln","@id":"https:\/\/casadecampoliving.com\/es\/#\/schema\/person\/e3abfc63c1478fd703266a6f33a3145d"},"headline":"\u00a1Feliz Cumplea\u00f1os Rudi Spadafora!","datePublished":"2016-03-26T04:00:00+00:00","dateModified":"2022-11-10T14:37:18+00:00","mainEntityOfPage":{"@id":"https:\/\/casadecampoliving.com\/es\/feliz-cumpleanos-rudi-spadafora\/"},"wordCount":663,"publisher":{"@id":"https:\/\/casadecampoliving.com\/es\/#organization"},"image":{"@id":"https:\/\/casadecampoliving.com\/es\/feliz-cumpleanos-rudi-spadafora\/#primaryimage"},"thumbnailUrl":"https:\/\/i0.wp.com\/casadecampoliving.com\/wp-content\/uploads\/2022\/10\/Adolfo-DespredelRudi-Spadafora-Margarita-Guerrero-y-el-Senor-Troncoso.jpg?fit=1000%2C750&ssl=1","keywords":["escuela de diseno altos de chavon","Fiesta de Cumplea\u00f1os","Marina Spadafora @es","Rudi Spadafora @es","tenis"],"articleSection":["Casa de Campo Living @es","Destacados","Estilo de Vida"],"inLanguage":"es"},{"@type":"WebPage","@id":"https:\/\/casadecampoliving.com\/es\/feliz-cumpleanos-rudi-spadafora\/","url":"https:\/\/casadecampoliving.com\/es\/feliz-cumpleanos-rudi-spadafora\/","name":"\u00a1Feliz Cumplea\u00f1os Rudi Spadafora! | Casa de Campo Living","isPartOf":{"@id":"https:\/\/casadecampoliving.com\/es\/#website"},"primaryImageOfPage":{"@id":"https:\/\/casadecampoliving.com\/es\/feliz-cumpleanos-rudi-spadafora\/#primaryimage"},"image":{"@id":"https:\/\/casadecampoliving.com\/es\/feliz-cumpleanos-rudi-spadafora\/#primaryimage"},"thumbnailUrl":"https:\/\/i0.wp.com\/casadecampoliving.com\/wp-content\/uploads\/2022\/10\/Adolfo-DespredelRudi-Spadafora-Margarita-Guerrero-y-el-Senor-Troncoso.jpg?fit=1000%2C750&ssl=1","datePublished":"2016-03-26T04:00:00+00:00","dateModified":"2022-11-10T14:37:18+00:00","description":"Un muy \"feliz cumplea\u00f1os\" a Rudi Spadafora de parte de nosotros aqu\u00ed en Casa de Campo Living. El muy querido miembro de la comunidad y amante de la","breadcrumb":{"@id":"https:\/\/casadecampoliving.com\/es\/feliz-cumpleanos-rudi-spadafora\/#breadcrumb"},"inLanguage":"es","potentialAction":[{"@type":"ReadAction","target":["https:\/\/casadecampoliving.com\/es\/feliz-cumpleanos-rudi-spadafora\/"]}]},{"@type":"ImageObject","inLanguage":"es","@id":"https:\/\/casadecampoliving.com\/es\/feliz-cumpleanos-rudi-spadafora\/#primaryimage","url":"https:\/\/i0.wp.com\/casadecampoliving.com\/wp-content\/uploads\/2022\/10\/Adolfo-DespredelRudi-Spadafora-Margarita-Guerrero-y-el-Senor-Troncoso.jpg?fit=1000%2C750&ssl=1","contentUrl":"https:\/\/i0.wp.com\/casadecampoliving.com\/wp-content\/uploads\/2022\/10\/Adolfo-DespredelRudi-Spadafora-Margarita-Guerrero-y-el-Senor-Troncoso.jpg?fit=1000%2C750&ssl=1","width":1000,"height":750,"caption":"Adolfo Despredel,Rudi Spadafora , Margarita Guerrero y el Senor Troncoso"},{"@type":"BreadcrumbList","@id":"https:\/\/casadecampoliving.com\/es\/feliz-cumpleanos-rudi-spadafora\/#breadcrumb","itemListElement":[{"@type":"ListItem","position":1,"name":"Home","item":"https:\/\/casadecampoliving.com\/es\/"},{"@type":"ListItem","position":2,"name":"\u00a1Feliz Cumplea\u00f1os Rudi Spadafora!"}]},{"@type":"WebSite","@id":"https:\/\/casadecampoliving.com\/es\/#website","url":"https:\/\/casadecampoliving.com\/es\/","name":"Casa de Campo Living","description":"Resort community news and resources.","publisher":{"@id":"https:\/\/casadecampoliving.com\/es\/#organization"},"potentialAction":[{"@type":"SearchAction","target":{"@type":"EntryPoint","urlTemplate":"https:\/\/casadecampoliving.com\/es\/?s={search_term_string}"},"query-input":{"@type":"PropertyValueSpecification","valueRequired":true,"valueName":"search_term_string"}}],"inLanguage":"es"},{"@type":"Organization","@id":"https:\/\/casadecampoliving.com\/es\/#organization","name":"Casa de Campo Living","url":"https:\/\/casadecampoliving.com\/es\/","logo":{"@type":"ImageObject","inLanguage":"es","@id":"https:\/\/casadecampoliving.com\/es\/#\/schema\/logo\/image\/","url":"https:\/\/i0.wp.com\/casadecampoliving.com\/wp-content\/uploads\/2022\/07\/CDCLivingLogo_V1-white-sized.png?fit=800%2C214&ssl=1","contentUrl":"https:\/\/i0.wp.com\/casadecampoliving.com\/wp-content\/uploads\/2022\/07\/CDCLivingLogo_V1-white-sized.png?fit=800%2C214&ssl=1","width":800,"height":214,"caption":"Casa de Campo Living"},"image":{"@id":"https:\/\/casadecampoliving.com\/es\/#\/schema\/logo\/image\/"},"sameAs":["https:\/\/www.facebook.com\/casadecampoliving","https:\/\/x.com\/cdcliving"]},{"@type":"Person","@id":"https:\/\/casadecampoliving.com\/es\/#\/schema\/person\/e3abfc63c1478fd703266a6f33a3145d","name":"Heather Lincoln","image":{"@type":"ImageObject","inLanguage":"es","@id":"https:\/\/secure.gravatar.com\/avatar\/e8fc1ce4ad50385675908137b0d8d66be281d034bf072b4700460237638ea6d0?s=96&d=mm&r=g","url":"https:\/\/secure.gravatar.com\/avatar\/e8fc1ce4ad50385675908137b0d8d66be281d034bf072b4700460237638ea6d0?s=96&d=mm&r=g","contentUrl":"https:\/\/secure.gravatar.com\/avatar\/e8fc1ce4ad50385675908137b0d8d66be281d034bf072b4700460237638ea6d0?s=96&d=mm&r=g","caption":"Heather Lincoln"},"url":"https:\/\/casadecampoliving.com\/es\/author\/hcastillo\/"}]}},"parsely":{"version":"1.1.0","canonical_url":"https:\/\/casadecampoliving.com\/es\/feliz-cumpleanos-rudi-spadafora\/","smart_links":{"inbound":0,"outbound":0},"traffic_boost_suggestions_count":0,"meta":{"@context":"https:\/\/schema.org","@type":"NewsArticle","headline":"\u00a1Feliz Cumplea\u00f1os Rudi Spadafora!","url":"http:\/\/casadecampoliving.com\/es\/feliz-cumpleanos-rudi-spadafora\/","mainEntityOfPage":{"@type":"WebPage","@id":"http:\/\/casadecampoliving.com\/es\/feliz-cumpleanos-rudi-spadafora\/"},"thumbnailUrl":"https:\/\/i0.wp.com\/casadecampoliving.com\/wp-content\/uploads\/2022\/10\/Adolfo-DespredelRudi-Spadafora-Margarita-Guerrero-y-el-Senor-Troncoso.jpg?resize=150%2C150&ssl=1","image":{"@type":"ImageObject","url":"https:\/\/i0.wp.com\/casadecampoliving.com\/wp-content\/uploads\/2022\/10\/Adolfo-DespredelRudi-Spadafora-Margarita-Guerrero-y-el-Senor-Troncoso.jpg?fit=1000%2C750&ssl=1"},"articleSection":"Casa de Campo Living @es","author":[{"@type":"Person","name":"Heather Lincoln"}],"creator":["Heather Lincoln"],"publisher":{"@type":"Organization","name":"Casa de Campo Living","logo":"https:\/\/casadecampoliving.com\/wp-content\/uploads\/2022\/07\/CDCLivingLogo_V1-white-sized.png"},"keywords":["escuela de diseno altos de chavon","fiesta de cumplea\u00f1os","marina spadafora @es","rudi spadafora @es","tenis"],"dateCreated":"2016-03-26T04:00:00Z","datePublished":"2016-03-26T04:00:00Z","dateModified":"2022-11-10T14:37:18Z"},"rendered":"<script type=\"application\/ld+json\" class=\"wp-parsely-metadata\">{\"@context\":\"https:\\\/\\\/schema.org\",\"@type\":\"NewsArticle\",\"headline\":\"\\u00a1Feliz Cumplea\\u00f1os Rudi Spadafora!\",\"url\":\"http:\\\/\\\/casadecampoliving.com\\\/es\\\/feliz-cumpleanos-rudi-spadafora\\\/\",\"mainEntityOfPage\":{\"@type\":\"WebPage\",\"@id\":\"http:\\\/\\\/casadecampoliving.com\\\/es\\\/feliz-cumpleanos-rudi-spadafora\\\/\"},\"thumbnailUrl\":\"https:\\\/\\\/i0.wp.com\\\/casadecampoliving.com\\\/wp-content\\\/uploads\\\/2022\\\/10\\\/Adolfo-DespredelRudi-Spadafora-Margarita-Guerrero-y-el-Senor-Troncoso.jpg?resize=150%2C150&ssl=1\",\"image\":{\"@type\":\"ImageObject\",\"url\":\"https:\\\/\\\/i0.wp.com\\\/casadecampoliving.com\\\/wp-content\\\/uploads\\\/2022\\\/10\\\/Adolfo-DespredelRudi-Spadafora-Margarita-Guerrero-y-el-Senor-Troncoso.jpg?fit=1000%2C750&ssl=1\"},\"articleSection\":\"Casa de Campo Living @es\",\"author\":[{\"@type\":\"Person\",\"name\":\"Heather Lincoln\"}],\"creator\":[\"Heather Lincoln\"],\"publisher\":{\"@type\":\"Organization\",\"name\":\"Casa de Campo Living\",\"logo\":\"https:\\\/\\\/casadecampoliving.com\\\/wp-content\\\/uploads\\\/2022\\\/07\\\/CDCLivingLogo_V1-white-sized.png\"},\"keywords\":[\"escuela de diseno altos de chavon\",\"fiesta de cumplea\\u00f1os\",\"marina spadafora @es\",\"rudi spadafora @es\",\"tenis\"],\"dateCreated\":\"2016-03-26T04:00:00Z\",\"datePublished\":\"2016-03-26T04:00:00Z\",\"dateModified\":\"2022-11-10T14:37:18Z\"}<\/script>","tracker_url":"https:\/\/cdn.parsely.com\/keys\/casadecampoliving.com\/p.js"},"jetpack_publicize_connections":[],"jetpack_featured_media_url":"https:\/\/i0.wp.com\/casadecampoliving.com\/wp-content\/uploads\/2022\/10\/Adolfo-DespredelRudi-Spadafora-Margarita-Guerrero-y-el-Senor-Troncoso.jpg?fit=1000%2C750&ssl=1","jetpack-related-posts":[{"id":351257,"url":"https:\/\/casadecampoliving.com\/es\/rudi-spadafora-celebra-su-cumpleanos-numero-89-en-casa-de-campo\/","url_meta":{"origin":349501,"position":0},"title":"\u00a1Rudi Spadafora celebra su cumplea\u00f1os n\u00famero 89 en Casa de Campo!","author":"Heather Lincoln","date":"16 Mar, 2017","format":false,"excerpt":"\u00a1El siempre sonriente Rudi Spadafora tiene mucho por lo cual estar contento! Acaba de cumplir 89 a\u00f1os de edad, celebr\u00f3 su cumplea\u00f1os el s\u00e1bado por la noche rodeado de amigos y familiares en su villa de Casa de Campo. En la fiesta estuvieron presentes amigos cercanos como Bibi Palmieri, Luigi\u2026","rel":"","context":"En \u00abEventos\u00bb","block_context":{"text":"Eventos","link":"https:\/\/casadecampoliving.com\/es\/category\/eventos-es\/"},"img":{"alt_text":"Rudi Spadafora 89th Birthday","src":"https:\/\/i0.wp.com\/casadecampoliving.com\/wp-content\/uploads\/2022\/10\/image2-e1489672880814.jpg?fit=1000%2C650&ssl=1&resize=350%2C200","width":350,"height":200,"srcset":"https:\/\/i0.wp.com\/casadecampoliving.com\/wp-content\/uploads\/2022\/10\/image2-e1489672880814.jpg?fit=1000%2C650&ssl=1&resize=350%2C200 1x, https:\/\/i0.wp.com\/casadecampoliving.com\/wp-content\/uploads\/2022\/10\/image2-e1489672880814.jpg?fit=1000%2C650&ssl=1&resize=525%2C300 1.5x, https:\/\/i0.wp.com\/casadecampoliving.com\/wp-content\/uploads\/2022\/10\/image2-e1489672880814.jpg?fit=1000%2C650&ssl=1&resize=700%2C400 2x"},"classes":[]},{"id":354505,"url":"https:\/\/casadecampoliving.com\/es\/una-inolvidable-y-emotiva-fiesta-de-despedida-para-el-miembro-de-la-comunidad-de-casa-de-campo-rudi-spadafora\/","url_meta":{"origin":349501,"position":1},"title":"Una inolvidable y emotiva fiesta de despedida para el miembro de la comunidad de Casa de Campo Rudi Spadafora","author":"Casa de Campo Living","date":"14 Sep, 2022","format":false,"excerpt":"\u00a1El siempre sonriente Rudi Spadafora tiene mucho por lo que estar feliz! Rudi fue gratamente sorprendido por amigos y familiares en La Romana Country Club para celebrar una inolvidable fiesta de despedida. Muchos han conocido a Rudi desde su llegada aqu\u00ed al resort a principios de la d\u00e9cada de 1990\u2026","rel":"","context":"En \u00abCasa de Campo Living @es\u00bb","block_context":{"text":"Casa de Campo Living @es","link":"https:\/\/casadecampoliving.com\/category\/casa-de-campo-living-es\/"},"img":{"alt_text":"","src":"https:\/\/i0.wp.com\/casadecampoliving.com\/wp-content\/uploads\/2022\/10\/IMG_0120-1.jpg?fit=1000%2C667&ssl=1&resize=350%2C200","width":350,"height":200,"srcset":"https:\/\/i0.wp.com\/casadecampoliving.com\/wp-content\/uploads\/2022\/10\/IMG_0120-1.jpg?fit=1000%2C667&ssl=1&resize=350%2C200 1x, https:\/\/i0.wp.com\/casadecampoliving.com\/wp-content\/uploads\/2022\/10\/IMG_0120-1.jpg?fit=1000%2C667&ssl=1&resize=525%2C300 1.5x, https:\/\/i0.wp.com\/casadecampoliving.com\/wp-content\/uploads\/2022\/10\/IMG_0120-1.jpg?fit=1000%2C667&ssl=1&resize=700%2C400 2x"},"classes":[]},{"id":327259,"url":"https:\/\/casadecampoliving.com\/happy-birthday-rudi-spadafora\/","url_meta":{"origin":349501,"position":2},"title":"Happy 88th Birthday, Rudi Spadafora!","author":"Heather Lincoln","date":"26 Mar, 2016","format":false,"excerpt":"A very 'Happy Birthday\u2019 goes out to Rudi Spadafora from us here at Casa de Campo Living. The beloved community member and outdoor enthusiast celebrates his 88th birthday! We spoke with his daughter, Marina Spadafora, Director of the Altos School of Design, to get the details on his special day.\u2026","rel":"","context":"En \u00abCasa de Campo Living\u00bb","block_context":{"text":"Casa de Campo Living","link":"https:\/\/casadecampoliving.com\/category\/casa-de-campo-living\/"},"img":{"alt_text":"Adolfo Despredel,Rudi Spadafora , Margarita Guerrero y el Senor Troncoso","src":"https:\/\/i0.wp.com\/casadecampoliving.com\/wp-content\/uploads\/2022\/10\/Adolfo-DespredelRudi-Spadafora-Margarita-Guerrero-y-el-Senor-Troncoso.jpg?fit=1000%2C750&ssl=1&resize=350%2C200","width":350,"height":200,"srcset":"https:\/\/i0.wp.com\/casadecampoliving.com\/wp-content\/uploads\/2022\/10\/Adolfo-DespredelRudi-Spadafora-Margarita-Guerrero-y-el-Senor-Troncoso.jpg?fit=1000%2C750&ssl=1&resize=350%2C200 1x, https:\/\/i0.wp.com\/casadecampoliving.com\/wp-content\/uploads\/2022\/10\/Adolfo-DespredelRudi-Spadafora-Margarita-Guerrero-y-el-Senor-Troncoso.jpg?fit=1000%2C750&ssl=1&resize=525%2C300 1.5x, https:\/\/i0.wp.com\/casadecampoliving.com\/wp-content\/uploads\/2022\/10\/Adolfo-DespredelRudi-Spadafora-Margarita-Guerrero-y-el-Senor-Troncoso.jpg?fit=1000%2C750&ssl=1&resize=700%2C400 2x"},"classes":[]},{"id":329127,"url":"https:\/\/casadecampoliving.com\/rudi-spadafora-celebrates-89th-birthday-casa-de-campo\/","url_meta":{"origin":349501,"position":3},"title":"Rudi Spadafora Celebrates his 89th Birthday in Casa de Campo!","author":"Heather Lincoln","date":"16 Mar, 2017","format":false,"excerpt":"The always smiling Rudi Spadafora\u00a0has a lot to be happy about! The\u00a0just-turned 89 year old celebrated his birthday Saturday evening\u00a0surrounded by\u00a0friends and family in his Casa de Campo villa. In attendance were close friends like Bibi Palmieri, Luigi Calegari, and Marty Chattman\u00a0as well as notable community members including\u00a0Yrene and Mauro\u2026","rel":"","context":"En \u00abEvents and Activities\u00bb","block_context":{"text":"Events and Activities","link":"https:\/\/casadecampoliving.com\/category\/events-and-activities\/"},"img":{"alt_text":"Rudi Spadafora 89th Birthday","src":"https:\/\/i0.wp.com\/casadecampoliving.com\/wp-content\/uploads\/2022\/10\/image2-e1489672880814.jpg?fit=1000%2C650&ssl=1&resize=350%2C200","width":350,"height":200,"srcset":"https:\/\/i0.wp.com\/casadecampoliving.com\/wp-content\/uploads\/2022\/10\/image2-e1489672880814.jpg?fit=1000%2C650&ssl=1&resize=350%2C200 1x, https:\/\/i0.wp.com\/casadecampoliving.com\/wp-content\/uploads\/2022\/10\/image2-e1489672880814.jpg?fit=1000%2C650&ssl=1&resize=525%2C300 1.5x, https:\/\/i0.wp.com\/casadecampoliving.com\/wp-content\/uploads\/2022\/10\/image2-e1489672880814.jpg?fit=1000%2C650&ssl=1&resize=700%2C400 2x"},"classes":[]},{"id":348078,"url":"https:\/\/casadecampoliving.com\/es\/marina-spadafora-nueva-directora-de-diseno-de-modas-en-chavon\/","url_meta":{"origin":349501,"position":4},"title":"Marina Spadafora: Nueva Directora de Dise\u00f1o de Modas en Chav\u00f3n","author":"Perkin Agramonte","date":"21 Ago, 2015","format":false,"excerpt":"La Escuela de Dise\u00f1o Altos de Chav\u00f3n siempre se ha caracterizado por incluir dentro de su facultad una comunidad de dise\u00f1adores y artistas dedicados a la excelencia acad\u00e9mica, quienes logran ampliar la visi\u00f3n humana y creativa de los participantes, con la intenci\u00f3n de formar profesionales exitosos en un mundo cambiante\u2026","rel":"","context":"En \u00abAltos de Chavon @es\u00bb","block_context":{"text":"Altos de Chavon @es","link":"https:\/\/casadecampoliving.com\/category\/altos-de-chavon-es\/"},"img":{"alt_text":"","src":"https:\/\/i0.wp.com\/casadecampoliving.com\/wp-content\/uploads\/2022\/10\/Marina_Spafadora_Altos_de_Chavon-1.jpg?fit=650%2C400&ssl=1&resize=350%2C200","width":350,"height":200,"srcset":"https:\/\/i0.wp.com\/casadecampoliving.com\/wp-content\/uploads\/2022\/10\/Marina_Spafadora_Altos_de_Chavon-1.jpg?fit=650%2C400&ssl=1&resize=350%2C200 1x, https:\/\/i0.wp.com\/casadecampoliving.com\/wp-content\/uploads\/2022\/10\/Marina_Spafadora_Altos_de_Chavon-1.jpg?fit=650%2C400&ssl=1&resize=525%2C300 1.5x"},"classes":[]},{"id":335762,"url":"https:\/\/casadecampoliving.com\/an-unforgettable-and-emotional-farewell-party-for-casa-de-campo-community-member-rudi-spadafora\/","url_meta":{"origin":349501,"position":5},"title":"An unforgettable and emotional farewell party for Casa de Campo community member Rudi Spadafora","author":"Casa de Campo Living","date":"14 Sep, 2022","format":false,"excerpt":"The always smiling Rudi Spadafora has a lot to be happy about! The 94-year-old was pleasantly surprised by friends and family in La Romana Country Club to celebrate an unforgettable farewell party. Many have known Rudi since his arrival here at the resort in the early 1990s and took to\u2026","rel":"","context":"En \u00abCasa de Campo Living\u00bb","block_context":{"text":"Casa de Campo Living","link":"https:\/\/casadecampoliving.com\/category\/casa-de-campo-living\/"},"img":{"alt_text":"","src":"https:\/\/i0.wp.com\/casadecampoliving.com\/wp-content\/uploads\/2022\/10\/IMG_0120-1.jpg?fit=1000%2C667&ssl=1&resize=350%2C200","width":350,"height":200,"srcset":"https:\/\/i0.wp.com\/casadecampoliving.com\/wp-content\/uploads\/2022\/10\/IMG_0120-1.jpg?fit=1000%2C667&ssl=1&resize=350%2C200 1x, https:\/\/i0.wp.com\/casadecampoliving.com\/wp-content\/uploads\/2022\/10\/IMG_0120-1.jpg?fit=1000%2C667&ssl=1&resize=525%2C300 1.5x, https:\/\/i0.wp.com\/casadecampoliving.com\/wp-content\/uploads\/2022\/10\/IMG_0120-1.jpg?fit=1000%2C667&ssl=1&resize=700%2C400 2x"},"classes":[]}],"jetpack_sharing_enabled":true,"_links":{"self":[{"href":"https:\/\/casadecampoliving.com\/es\/wp-json\/wp\/v2\/posts\/349501","targetHints":{"allow":["GET"]}}],"collection":[{"href":"https:\/\/casadecampoliving.com\/es\/wp-json\/wp\/v2\/posts"}],"about":[{"href":"https:\/\/casadecampoliving.com\/es\/wp-json\/wp\/v2\/types\/post"}],"author":[{"embeddable":true,"href":"https:\/\/casadecampoliving.com\/es\/wp-json\/wp\/v2\/users\/36681"}],"replies":[{"embeddable":true,"href":"https:\/\/casadecampoliving.com\/es\/wp-json\/wp\/v2\/comments?post=349501"}],"version-history":[{"count":2,"href":"https:\/\/casadecampoliving.com\/es\/wp-json\/wp\/v2\/posts\/349501\/revisions"}],"predecessor-version":[{"id":508180,"href":"https:\/\/casadecampoliving.com\/es\/wp-json\/wp\/v2\/posts\/349501\/revisions\/508180"}],"wp:featuredmedia":[{"embeddable":true,"href":"https:\/\/casadecampoliving.com\/es\/wp-json\/wp\/v2\/media\/297818"}],"wp:attachment":[{"href":"https:\/\/casadecampoliving.com\/es\/wp-json\/wp\/v2\/media?parent=349501"}],"wp:term":[{"taxonomy":"category","embeddable":true,"href":"https:\/\/casadecampoliving.com\/es\/wp-json\/wp\/v2\/categories?post=349501"},{"taxonomy":"post_tag","embeddable":true,"href":"https:\/\/casadecampoliving.com\/es\/wp-json\/wp\/v2\/tags?post=349501"},{"taxonomy":"newspack_spnsrs_tax","embeddable":true,"href":"https:\/\/casadecampoliving.com\/es\/wp-json\/wp\/v2\/newspack_spnsrs_tax?post=349501"}],"curies":[{"name":"wp","href":"https:\/\/api.w.org\/{rel}","templated":true}]}}