{"id":349464,"date":"2016-03-19T00:00:00","date_gmt":"2016-03-19T04:00:00","guid":{"rendered":"https:\/\/casadecampoliving.com\/el-concierto-de-esta-noche-del-grand-art-tour-ha-sido-cancelado\/"},"modified":"2022-10-21T19:04:07","modified_gmt":"2022-10-21T23:04:07","slug":"el-concierto-de-esta-noche-del-grand-art-tour-ha-sido-cancelado","status":"publish","type":"post","link":"https:\/\/casadecampoliving.com\/es\/el-concierto-de-esta-noche-del-grand-art-tour-ha-sido-cancelado\/","title":{"rendered":"El Concierto de esta noche del Grand Art Tour ha sido CANCELADO"},"content":{"rendered":"<div class=\"wp-block-image\">\n<figure class=\"aligncenter is-resized\"><img loading=\"lazy\" decoding=\"async\" src=\"https:\/\/i0.wp.com\/casadecampoliving.com\/wp-content\/uploads\/2022\/10\/GrandArtTour-canceled.jpg?resize=679%2C1024&amp;ssl=1\" alt=\"Grand Art Tour-canceled\" class=\"wp-image-117922\" height=\"1024\" width=\"679\"\/><\/figure>\n<\/div>\n\n\n<p>\u00a1Hola todos! Tenemos noticias. El concierto del Grand Art Tour de esta noche ha sido cancelado. <span lang=\"es\">Sabemos que estaban esperando poder disfrutar del concierto del Grand Art Tour y ver la gran exposici\u00f3n del artista Oscar Abreu pero por desgracia, no se llevara a cabo esta noche. \u00a1Le tendremos m\u00e1s detalles muy pronto!<\/span><\/p>\n\n\n\n<!--more-->\n","protected":false},"excerpt":{"rendered":"<p>\u00a1Hola todos! Tenemos noticias. El concierto del Grand Art Tour de esta noche ha sido cancelado. Sabemos que estaban esperando poder disfrutar del concierto del Grand Art Tour y ver la gran exposici\u00f3n del artista Oscar Abreu pero por desgracia, no se llevara a cabo esta noche. \u00a1Le tendremos m\u00e1s detalles muy pronto!<\/p>\n","protected":false},"author":36681,"featured_media":296093,"comment_status":"closed","ping_status":"closed","sticky":false,"template":"","format":"standard","meta":{"newspack_ads_suppress_ads":false,"newspack_popups_has_disabled_popups":false,"newspack_sponsor_sponsorship_scope":"","newspack_sponsor_native_byline_display":"inherit","newspack_sponsor_native_category_display":"inherit","newspack_sponsor_underwriter_style":"inherit","newspack_sponsor_underwriter_placement":"inherit","_newspack_byline_active":false,"_newspack_byline":"","newspack_hide_updated_date":false,"newspack_show_updated_date":false,"newspack_content_restriction_is_exempt":false,"newspack_featured_image_position":"","newspack_post_subtitle":"","newspack_article_summary_title":"Overview:","newspack_article_summary":"","_jetpack_memberships_contains_paid_content":false,"footnotes":"","jetpack_publicize_message":"","jetpack_publicize_feature_enabled":true,"jetpack_social_post_already_shared":false,"jetpack_social_options":{"image_generator_settings":{"template":"highway","default_image_id":0,"font":"","enabled":false},"version":2},"_wpas_customize_per_network":false},"categories":[26819,26823,2522,14625,14627,2521,26822],"tags":[3626,2963],"newspack_spnsrs_tax":[],"class_list":["post-349464","post","type-post","status-publish","format-standard","has-post-thumbnail","hentry","category-altos-de-chavon-es","category-arte-y-cultura","category-eventos-es","category-noticias-locales","category-proximamente","category-republica-dominicana-2","category-resort-casa-de-campo","tag-casa-de-campo-es","tag-concierto","entry"],"yoast_head":"<!-- This site is optimized with the Yoast SEO plugin v27.4 - https:\/\/yoast.com\/product\/yoast-seo-wordpress\/ -->\n<title>El Concierto de esta noche del Grand Art Tour ha sido CANCELADO | Casa de Campo Living<\/title>\n<meta name=\"description\" content=\"\u00a1Hola todos! Tenemos noticias. El concierto del Grand Art Tour de esta noche ha sido cancelado. Sabemos que estaban esperando poder disfrutar del\" \/>\n<meta name=\"robots\" content=\"index, follow, max-snippet:-1, max-image-preview:large, max-video-preview:-1\" \/>\n<link rel=\"canonical\" href=\"https:\/\/casadecampoliving.com\/es\/el-concierto-de-esta-noche-del-grand-art-tour-ha-sido-cancelado\/\" \/>\n<meta property=\"og:locale\" content=\"es_ES\" \/>\n<meta property=\"og:type\" content=\"article\" \/>\n<meta property=\"og:title\" content=\"El Concierto de esta noche del Grand Art Tour ha sido CANCELADO | Casa de Campo Living\" \/>\n<meta property=\"og:description\" content=\"\u00a1Hola todos! Tenemos noticias. El concierto del Grand Art Tour de esta noche ha sido cancelado. Sabemos que estaban esperando poder disfrutar del\" \/>\n<meta property=\"og:url\" content=\"https:\/\/casadecampoliving.com\/es\/el-concierto-de-esta-noche-del-grand-art-tour-ha-sido-cancelado\/\" \/>\n<meta property=\"og:site_name\" content=\"Casa de Campo Living\" \/>\n<meta property=\"article:publisher\" content=\"https:\/\/www.facebook.com\/casadecampoliving\" \/>\n<meta property=\"article:published_time\" content=\"2016-03-19T04:00:00+00:00\" \/>\n<meta property=\"article:modified_time\" content=\"2022-10-21T23:04:07+00:00\" \/>\n<meta property=\"og:image\" content=\"https:\/\/i0.wp.com\/casadecampoliving.com\/wp-content\/uploads\/2022\/10\/GrandArtTour-canceled-e1458413161480.jpg?fit=650%2C445&ssl=1\" \/>\n\t<meta property=\"og:image:width\" content=\"650\" \/>\n\t<meta property=\"og:image:height\" content=\"445\" \/>\n\t<meta property=\"og:image:type\" content=\"image\/jpeg\" \/>\n<meta name=\"author\" content=\"Heather Lincoln\" \/>\n<meta name=\"twitter:card\" content=\"summary_large_image\" \/>\n<meta name=\"twitter:creator\" content=\"@cdcliving\" \/>\n<meta name=\"twitter:site\" content=\"@cdcliving\" \/>\n<meta name=\"twitter:label1\" content=\"Escrito por\" \/>\n\t<meta name=\"twitter:data1\" content=\"Heather Lincoln\" \/>\n<script type=\"application\/ld+json\" class=\"yoast-schema-graph\">{\"@context\":\"https:\\\/\\\/schema.org\",\"@graph\":[{\"@type\":\"Article\",\"@id\":\"https:\\\/\\\/casadecampoliving.com\\\/es\\\/el-concierto-de-esta-noche-del-grand-art-tour-ha-sido-cancelado\\\/#article\",\"isPartOf\":{\"@id\":\"https:\\\/\\\/casadecampoliving.com\\\/es\\\/el-concierto-de-esta-noche-del-grand-art-tour-ha-sido-cancelado\\\/\"},\"author\":{\"name\":\"Heather Lincoln\",\"@id\":\"https:\\\/\\\/casadecampoliving.com\\\/es\\\/#\\\/schema\\\/person\\\/e3abfc63c1478fd703266a6f33a3145d\"},\"headline\":\"El Concierto de esta noche del Grand Art Tour ha sido CANCELADO\",\"datePublished\":\"2016-03-19T04:00:00+00:00\",\"dateModified\":\"2022-10-21T23:04:07+00:00\",\"mainEntityOfPage\":{\"@id\":\"https:\\\/\\\/casadecampoliving.com\\\/es\\\/el-concierto-de-esta-noche-del-grand-art-tour-ha-sido-cancelado\\\/\"},\"wordCount\":67,\"publisher\":{\"@id\":\"https:\\\/\\\/casadecampoliving.com\\\/es\\\/#organization\"},\"image\":{\"@id\":\"https:\\\/\\\/casadecampoliving.com\\\/es\\\/el-concierto-de-esta-noche-del-grand-art-tour-ha-sido-cancelado\\\/#primaryimage\"},\"thumbnailUrl\":\"https:\\\/\\\/i0.wp.com\\\/casadecampoliving.com\\\/wp-content\\\/uploads\\\/2022\\\/10\\\/GrandArtTour-canceled-e1458413161480.jpg?fit=650%2C445&ssl=1\",\"keywords\":[\"casa de campo @es\",\"concierto\"],\"articleSection\":[\"Altos de Chavon @es\",\"Arte y cultura\",\"Eventos\",\"Noticias Locales\",\"Proximamente\",\"Rep\u00fablica Dominicana @es\",\"Resort Casa de Campo\"],\"inLanguage\":\"es\"},{\"@type\":\"WebPage\",\"@id\":\"https:\\\/\\\/casadecampoliving.com\\\/es\\\/el-concierto-de-esta-noche-del-grand-art-tour-ha-sido-cancelado\\\/\",\"url\":\"https:\\\/\\\/casadecampoliving.com\\\/es\\\/el-concierto-de-esta-noche-del-grand-art-tour-ha-sido-cancelado\\\/\",\"name\":\"El Concierto de esta noche del Grand Art Tour ha sido CANCELADO | Casa de Campo Living\",\"isPartOf\":{\"@id\":\"https:\\\/\\\/casadecampoliving.com\\\/es\\\/#website\"},\"primaryImageOfPage\":{\"@id\":\"https:\\\/\\\/casadecampoliving.com\\\/es\\\/el-concierto-de-esta-noche-del-grand-art-tour-ha-sido-cancelado\\\/#primaryimage\"},\"image\":{\"@id\":\"https:\\\/\\\/casadecampoliving.com\\\/es\\\/el-concierto-de-esta-noche-del-grand-art-tour-ha-sido-cancelado\\\/#primaryimage\"},\"thumbnailUrl\":\"https:\\\/\\\/i0.wp.com\\\/casadecampoliving.com\\\/wp-content\\\/uploads\\\/2022\\\/10\\\/GrandArtTour-canceled-e1458413161480.jpg?fit=650%2C445&ssl=1\",\"datePublished\":\"2016-03-19T04:00:00+00:00\",\"dateModified\":\"2022-10-21T23:04:07+00:00\",\"description\":\"\u00a1Hola todos! Tenemos noticias. El concierto del Grand Art Tour de esta noche ha sido cancelado. Sabemos que estaban esperando poder disfrutar del\",\"breadcrumb\":{\"@id\":\"https:\\\/\\\/casadecampoliving.com\\\/es\\\/el-concierto-de-esta-noche-del-grand-art-tour-ha-sido-cancelado\\\/#breadcrumb\"},\"inLanguage\":\"es\",\"potentialAction\":[{\"@type\":\"ReadAction\",\"target\":[\"https:\\\/\\\/casadecampoliving.com\\\/es\\\/el-concierto-de-esta-noche-del-grand-art-tour-ha-sido-cancelado\\\/\"]}]},{\"@type\":\"ImageObject\",\"inLanguage\":\"es\",\"@id\":\"https:\\\/\\\/casadecampoliving.com\\\/es\\\/el-concierto-de-esta-noche-del-grand-art-tour-ha-sido-cancelado\\\/#primaryimage\",\"url\":\"https:\\\/\\\/i0.wp.com\\\/casadecampoliving.com\\\/wp-content\\\/uploads\\\/2022\\\/10\\\/GrandArtTour-canceled-e1458413161480.jpg?fit=650%2C445&ssl=1\",\"contentUrl\":\"https:\\\/\\\/i0.wp.com\\\/casadecampoliving.com\\\/wp-content\\\/uploads\\\/2022\\\/10\\\/GrandArtTour-canceled-e1458413161480.jpg?fit=650%2C445&ssl=1\",\"width\":650,\"height\":445,\"caption\":\"Grand Art Tour-canceled\"},{\"@type\":\"BreadcrumbList\",\"@id\":\"https:\\\/\\\/casadecampoliving.com\\\/es\\\/el-concierto-de-esta-noche-del-grand-art-tour-ha-sido-cancelado\\\/#breadcrumb\",\"itemListElement\":[{\"@type\":\"ListItem\",\"position\":1,\"name\":\"Home\",\"item\":\"https:\\\/\\\/casadecampoliving.com\\\/es\\\/\"},{\"@type\":\"ListItem\",\"position\":2,\"name\":\"El Concierto de esta noche del Grand Art Tour ha sido CANCELADO\"}]},{\"@type\":\"WebSite\",\"@id\":\"https:\\\/\\\/casadecampoliving.com\\\/es\\\/#website\",\"url\":\"https:\\\/\\\/casadecampoliving.com\\\/es\\\/\",\"name\":\"Casa de Campo Living\",\"description\":\"Resort community news and resources.\",\"publisher\":{\"@id\":\"https:\\\/\\\/casadecampoliving.com\\\/es\\\/#organization\"},\"potentialAction\":[{\"@type\":\"SearchAction\",\"target\":{\"@type\":\"EntryPoint\",\"urlTemplate\":\"https:\\\/\\\/casadecampoliving.com\\\/es\\\/?s={search_term_string}\"},\"query-input\":{\"@type\":\"PropertyValueSpecification\",\"valueRequired\":true,\"valueName\":\"search_term_string\"}}],\"inLanguage\":\"es\"},{\"@type\":\"Organization\",\"@id\":\"https:\\\/\\\/casadecampoliving.com\\\/es\\\/#organization\",\"name\":\"Casa de Campo Living\",\"url\":\"https:\\\/\\\/casadecampoliving.com\\\/es\\\/\",\"logo\":{\"@type\":\"ImageObject\",\"inLanguage\":\"es\",\"@id\":\"https:\\\/\\\/casadecampoliving.com\\\/es\\\/#\\\/schema\\\/logo\\\/image\\\/\",\"url\":\"https:\\\/\\\/i0.wp.com\\\/casadecampoliving.com\\\/wp-content\\\/uploads\\\/2022\\\/07\\\/CDCLivingLogo_V1-white-sized.png?fit=800%2C214&ssl=1\",\"contentUrl\":\"https:\\\/\\\/i0.wp.com\\\/casadecampoliving.com\\\/wp-content\\\/uploads\\\/2022\\\/07\\\/CDCLivingLogo_V1-white-sized.png?fit=800%2C214&ssl=1\",\"width\":800,\"height\":214,\"caption\":\"Casa de Campo Living\"},\"image\":{\"@id\":\"https:\\\/\\\/casadecampoliving.com\\\/es\\\/#\\\/schema\\\/logo\\\/image\\\/\"},\"sameAs\":[\"https:\\\/\\\/www.facebook.com\\\/casadecampoliving\",\"https:\\\/\\\/x.com\\\/cdcliving\"]},{\"@type\":\"Person\",\"@id\":\"https:\\\/\\\/casadecampoliving.com\\\/es\\\/#\\\/schema\\\/person\\\/e3abfc63c1478fd703266a6f33a3145d\",\"name\":\"Heather Lincoln\",\"image\":{\"@type\":\"ImageObject\",\"inLanguage\":\"es\",\"@id\":\"https:\\\/\\\/secure.gravatar.com\\\/avatar\\\/e8fc1ce4ad50385675908137b0d8d66be281d034bf072b4700460237638ea6d0?s=96&d=mm&r=g\",\"url\":\"https:\\\/\\\/secure.gravatar.com\\\/avatar\\\/e8fc1ce4ad50385675908137b0d8d66be281d034bf072b4700460237638ea6d0?s=96&d=mm&r=g\",\"contentUrl\":\"https:\\\/\\\/secure.gravatar.com\\\/avatar\\\/e8fc1ce4ad50385675908137b0d8d66be281d034bf072b4700460237638ea6d0?s=96&d=mm&r=g\",\"caption\":\"Heather Lincoln\"},\"url\":\"https:\\\/\\\/casadecampoliving.com\\\/es\\\/author\\\/hcastillo\\\/\"}]}<\/script>\n<!-- \/ Yoast SEO plugin. -->","yoast_head_json":{"title":"El Concierto de esta noche del Grand Art Tour ha sido CANCELADO | Casa de Campo Living","description":"\u00a1Hola todos! Tenemos noticias. El concierto del Grand Art Tour de esta noche ha sido cancelado. Sabemos que estaban esperando poder disfrutar del","robots":{"index":"index","follow":"follow","max-snippet":"max-snippet:-1","max-image-preview":"max-image-preview:large","max-video-preview":"max-video-preview:-1"},"canonical":"https:\/\/casadecampoliving.com\/es\/el-concierto-de-esta-noche-del-grand-art-tour-ha-sido-cancelado\/","og_locale":"es_ES","og_type":"article","og_title":"El Concierto de esta noche del Grand Art Tour ha sido CANCELADO | Casa de Campo Living","og_description":"\u00a1Hola todos! Tenemos noticias. El concierto del Grand Art Tour de esta noche ha sido cancelado. Sabemos que estaban esperando poder disfrutar del","og_url":"https:\/\/casadecampoliving.com\/es\/el-concierto-de-esta-noche-del-grand-art-tour-ha-sido-cancelado\/","og_site_name":"Casa de Campo Living","article_publisher":"https:\/\/www.facebook.com\/casadecampoliving","article_published_time":"2016-03-19T04:00:00+00:00","article_modified_time":"2022-10-21T23:04:07+00:00","og_image":[{"width":650,"height":445,"url":"https:\/\/i0.wp.com\/casadecampoliving.com\/wp-content\/uploads\/2022\/10\/GrandArtTour-canceled-e1458413161480.jpg?fit=650%2C445&ssl=1","type":"image\/jpeg"}],"author":"Heather Lincoln","twitter_card":"summary_large_image","twitter_creator":"@cdcliving","twitter_site":"@cdcliving","twitter_misc":{"Escrito por":"Heather Lincoln"},"schema":{"@context":"https:\/\/schema.org","@graph":[{"@type":"Article","@id":"https:\/\/casadecampoliving.com\/es\/el-concierto-de-esta-noche-del-grand-art-tour-ha-sido-cancelado\/#article","isPartOf":{"@id":"https:\/\/casadecampoliving.com\/es\/el-concierto-de-esta-noche-del-grand-art-tour-ha-sido-cancelado\/"},"author":{"name":"Heather Lincoln","@id":"https:\/\/casadecampoliving.com\/es\/#\/schema\/person\/e3abfc63c1478fd703266a6f33a3145d"},"headline":"El Concierto de esta noche del Grand Art Tour ha sido CANCELADO","datePublished":"2016-03-19T04:00:00+00:00","dateModified":"2022-10-21T23:04:07+00:00","mainEntityOfPage":{"@id":"https:\/\/casadecampoliving.com\/es\/el-concierto-de-esta-noche-del-grand-art-tour-ha-sido-cancelado\/"},"wordCount":67,"publisher":{"@id":"https:\/\/casadecampoliving.com\/es\/#organization"},"image":{"@id":"https:\/\/casadecampoliving.com\/es\/el-concierto-de-esta-noche-del-grand-art-tour-ha-sido-cancelado\/#primaryimage"},"thumbnailUrl":"https:\/\/i0.wp.com\/casadecampoliving.com\/wp-content\/uploads\/2022\/10\/GrandArtTour-canceled-e1458413161480.jpg?fit=650%2C445&ssl=1","keywords":["casa de campo @es","concierto"],"articleSection":["Altos de Chavon @es","Arte y cultura","Eventos","Noticias Locales","Proximamente","Rep\u00fablica Dominicana @es","Resort Casa de Campo"],"inLanguage":"es"},{"@type":"WebPage","@id":"https:\/\/casadecampoliving.com\/es\/el-concierto-de-esta-noche-del-grand-art-tour-ha-sido-cancelado\/","url":"https:\/\/casadecampoliving.com\/es\/el-concierto-de-esta-noche-del-grand-art-tour-ha-sido-cancelado\/","name":"El Concierto de esta noche del Grand Art Tour ha sido CANCELADO | Casa de Campo Living","isPartOf":{"@id":"https:\/\/casadecampoliving.com\/es\/#website"},"primaryImageOfPage":{"@id":"https:\/\/casadecampoliving.com\/es\/el-concierto-de-esta-noche-del-grand-art-tour-ha-sido-cancelado\/#primaryimage"},"image":{"@id":"https:\/\/casadecampoliving.com\/es\/el-concierto-de-esta-noche-del-grand-art-tour-ha-sido-cancelado\/#primaryimage"},"thumbnailUrl":"https:\/\/i0.wp.com\/casadecampoliving.com\/wp-content\/uploads\/2022\/10\/GrandArtTour-canceled-e1458413161480.jpg?fit=650%2C445&ssl=1","datePublished":"2016-03-19T04:00:00+00:00","dateModified":"2022-10-21T23:04:07+00:00","description":"\u00a1Hola todos! Tenemos noticias. El concierto del Grand Art Tour de esta noche ha sido cancelado. Sabemos que estaban esperando poder disfrutar del","breadcrumb":{"@id":"https:\/\/casadecampoliving.com\/es\/el-concierto-de-esta-noche-del-grand-art-tour-ha-sido-cancelado\/#breadcrumb"},"inLanguage":"es","potentialAction":[{"@type":"ReadAction","target":["https:\/\/casadecampoliving.com\/es\/el-concierto-de-esta-noche-del-grand-art-tour-ha-sido-cancelado\/"]}]},{"@type":"ImageObject","inLanguage":"es","@id":"https:\/\/casadecampoliving.com\/es\/el-concierto-de-esta-noche-del-grand-art-tour-ha-sido-cancelado\/#primaryimage","url":"https:\/\/i0.wp.com\/casadecampoliving.com\/wp-content\/uploads\/2022\/10\/GrandArtTour-canceled-e1458413161480.jpg?fit=650%2C445&ssl=1","contentUrl":"https:\/\/i0.wp.com\/casadecampoliving.com\/wp-content\/uploads\/2022\/10\/GrandArtTour-canceled-e1458413161480.jpg?fit=650%2C445&ssl=1","width":650,"height":445,"caption":"Grand Art Tour-canceled"},{"@type":"BreadcrumbList","@id":"https:\/\/casadecampoliving.com\/es\/el-concierto-de-esta-noche-del-grand-art-tour-ha-sido-cancelado\/#breadcrumb","itemListElement":[{"@type":"ListItem","position":1,"name":"Home","item":"https:\/\/casadecampoliving.com\/es\/"},{"@type":"ListItem","position":2,"name":"El Concierto de esta noche del Grand Art Tour ha sido CANCELADO"}]},{"@type":"WebSite","@id":"https:\/\/casadecampoliving.com\/es\/#website","url":"https:\/\/casadecampoliving.com\/es\/","name":"Casa de Campo Living","description":"Resort community news and resources.","publisher":{"@id":"https:\/\/casadecampoliving.com\/es\/#organization"},"potentialAction":[{"@type":"SearchAction","target":{"@type":"EntryPoint","urlTemplate":"https:\/\/casadecampoliving.com\/es\/?s={search_term_string}"},"query-input":{"@type":"PropertyValueSpecification","valueRequired":true,"valueName":"search_term_string"}}],"inLanguage":"es"},{"@type":"Organization","@id":"https:\/\/casadecampoliving.com\/es\/#organization","name":"Casa de Campo Living","url":"https:\/\/casadecampoliving.com\/es\/","logo":{"@type":"ImageObject","inLanguage":"es","@id":"https:\/\/casadecampoliving.com\/es\/#\/schema\/logo\/image\/","url":"https:\/\/i0.wp.com\/casadecampoliving.com\/wp-content\/uploads\/2022\/07\/CDCLivingLogo_V1-white-sized.png?fit=800%2C214&ssl=1","contentUrl":"https:\/\/i0.wp.com\/casadecampoliving.com\/wp-content\/uploads\/2022\/07\/CDCLivingLogo_V1-white-sized.png?fit=800%2C214&ssl=1","width":800,"height":214,"caption":"Casa de Campo Living"},"image":{"@id":"https:\/\/casadecampoliving.com\/es\/#\/schema\/logo\/image\/"},"sameAs":["https:\/\/www.facebook.com\/casadecampoliving","https:\/\/x.com\/cdcliving"]},{"@type":"Person","@id":"https:\/\/casadecampoliving.com\/es\/#\/schema\/person\/e3abfc63c1478fd703266a6f33a3145d","name":"Heather Lincoln","image":{"@type":"ImageObject","inLanguage":"es","@id":"https:\/\/secure.gravatar.com\/avatar\/e8fc1ce4ad50385675908137b0d8d66be281d034bf072b4700460237638ea6d0?s=96&d=mm&r=g","url":"https:\/\/secure.gravatar.com\/avatar\/e8fc1ce4ad50385675908137b0d8d66be281d034bf072b4700460237638ea6d0?s=96&d=mm&r=g","contentUrl":"https:\/\/secure.gravatar.com\/avatar\/e8fc1ce4ad50385675908137b0d8d66be281d034bf072b4700460237638ea6d0?s=96&d=mm&r=g","caption":"Heather Lincoln"},"url":"https:\/\/casadecampoliving.com\/es\/author\/hcastillo\/"}]}},"parsely":{"version":"1.1.0","canonical_url":"https:\/\/casadecampoliving.com\/es\/el-concierto-de-esta-noche-del-grand-art-tour-ha-sido-cancelado\/","smart_links":{"inbound":0,"outbound":0},"traffic_boost_suggestions_count":0,"meta":{"@context":"https:\/\/schema.org","@type":"NewsArticle","headline":"El Concierto de esta noche del Grand Art Tour ha sido CANCELADO","url":"http:\/\/casadecampoliving.com\/es\/el-concierto-de-esta-noche-del-grand-art-tour-ha-sido-cancelado\/","mainEntityOfPage":{"@type":"WebPage","@id":"http:\/\/casadecampoliving.com\/es\/el-concierto-de-esta-noche-del-grand-art-tour-ha-sido-cancelado\/"},"thumbnailUrl":"https:\/\/i0.wp.com\/casadecampoliving.com\/wp-content\/uploads\/2022\/10\/GrandArtTour-canceled-e1458413161480.jpg?resize=150%2C150&ssl=1","image":{"@type":"ImageObject","url":"https:\/\/i0.wp.com\/casadecampoliving.com\/wp-content\/uploads\/2022\/10\/GrandArtTour-canceled-e1458413161480.jpg?fit=650%2C445&ssl=1"},"articleSection":"Altos de Chavon @es","author":[{"@type":"Person","name":"Heather Lincoln"}],"creator":["Heather Lincoln"],"publisher":{"@type":"Organization","name":"Casa de Campo Living","logo":"https:\/\/casadecampoliving.com\/wp-content\/uploads\/2022\/07\/CDCLivingLogo_V1-white-sized.png"},"keywords":["casa de campo @es","concierto"],"dateCreated":"2016-03-19T04:00:00Z","datePublished":"2016-03-19T04:00:00Z","dateModified":"2022-10-21T23:04:07Z"},"rendered":"<script type=\"application\/ld+json\" class=\"wp-parsely-metadata\">{\"@context\":\"https:\\\/\\\/schema.org\",\"@type\":\"NewsArticle\",\"headline\":\"El Concierto de esta noche del Grand Art Tour ha sido CANCELADO\",\"url\":\"http:\\\/\\\/casadecampoliving.com\\\/es\\\/el-concierto-de-esta-noche-del-grand-art-tour-ha-sido-cancelado\\\/\",\"mainEntityOfPage\":{\"@type\":\"WebPage\",\"@id\":\"http:\\\/\\\/casadecampoliving.com\\\/es\\\/el-concierto-de-esta-noche-del-grand-art-tour-ha-sido-cancelado\\\/\"},\"thumbnailUrl\":\"https:\\\/\\\/i0.wp.com\\\/casadecampoliving.com\\\/wp-content\\\/uploads\\\/2022\\\/10\\\/GrandArtTour-canceled-e1458413161480.jpg?resize=150%2C150&ssl=1\",\"image\":{\"@type\":\"ImageObject\",\"url\":\"https:\\\/\\\/i0.wp.com\\\/casadecampoliving.com\\\/wp-content\\\/uploads\\\/2022\\\/10\\\/GrandArtTour-canceled-e1458413161480.jpg?fit=650%2C445&ssl=1\"},\"articleSection\":\"Altos de Chavon @es\",\"author\":[{\"@type\":\"Person\",\"name\":\"Heather Lincoln\"}],\"creator\":[\"Heather Lincoln\"],\"publisher\":{\"@type\":\"Organization\",\"name\":\"Casa de Campo Living\",\"logo\":\"https:\\\/\\\/casadecampoliving.com\\\/wp-content\\\/uploads\\\/2022\\\/07\\\/CDCLivingLogo_V1-white-sized.png\"},\"keywords\":[\"casa de campo @es\",\"concierto\"],\"dateCreated\":\"2016-03-19T04:00:00Z\",\"datePublished\":\"2016-03-19T04:00:00Z\",\"dateModified\":\"2022-10-21T23:04:07Z\"}<\/script>","tracker_url":"https:\/\/cdn.parsely.com\/keys\/casadecampoliving.com\/p.js"},"jetpack_publicize_connections":[],"jetpack_featured_media_url":"https:\/\/i0.wp.com\/casadecampoliving.com\/wp-content\/uploads\/2022\/10\/GrandArtTour-canceled-e1458413161480.jpg?fit=650%2C445&ssl=1","jetpack-related-posts":[{"id":433460,"url":"https:\/\/casadecampoliving.com\/es\/no-se-pierdan-el-increible-tributo-a-frank-sinatra-para-celebrar-el-40-aniversario-del-anfiteatro-altos-de-chavon\/","url_meta":{"origin":349464,"position":0},"title":"No se pierdan el incre\u00edble tributo a Frank Sinatra para celebrar el 40 aniversario del\u00a0Anfiteatro Altos de Chav\u00f3n","author":"Casa de Campo Living","date":"20 Oct, 2022","format":false,"excerpt":"Siendo uno de los escenarios m\u00e1s emblem\u00e1ticos del pa\u00eds, Casa de Campo Resort\u00ae & Villas celebra las cuatro d\u00e9cadas de aniversario de Altos de Chav\u00f3n con un tributo al gran Frank Sinatra, protagonizado por artistas invitados y una big band tal cual la que acompa\u00f1\u00f3 al artista hace 40 a\u00f1os\u2026","rel":"","context":"En \u00abUncategorized @es\u00bb","block_context":{"text":"Uncategorized @es","link":"https:\/\/casadecampoliving.com\/es\/category\/uncategorized-es\/"},"img":{"alt_text":"","src":"https:\/\/i0.wp.com\/casadecampoliving.com\/wp-content\/uploads\/2022\/10\/Tributo-Frank-Sinatra-Foto-Principal-Amaury-Sanchez-Danilo-Ginebra-Andres-Pichardo-y-Jose-Gabriel-Perez-.jpg?fit=1200%2C873&ssl=1&resize=350%2C200","width":350,"height":200,"srcset":"https:\/\/i0.wp.com\/casadecampoliving.com\/wp-content\/uploads\/2022\/10\/Tributo-Frank-Sinatra-Foto-Principal-Amaury-Sanchez-Danilo-Ginebra-Andres-Pichardo-y-Jose-Gabriel-Perez-.jpg?fit=1200%2C873&ssl=1&resize=350%2C200 1x, https:\/\/i0.wp.com\/casadecampoliving.com\/wp-content\/uploads\/2022\/10\/Tributo-Frank-Sinatra-Foto-Principal-Amaury-Sanchez-Danilo-Ginebra-Andres-Pichardo-y-Jose-Gabriel-Perez-.jpg?fit=1200%2C873&ssl=1&resize=525%2C300 1.5x, https:\/\/i0.wp.com\/casadecampoliving.com\/wp-content\/uploads\/2022\/10\/Tributo-Frank-Sinatra-Foto-Principal-Amaury-Sanchez-Danilo-Ginebra-Andres-Pichardo-y-Jose-Gabriel-Perez-.jpg?fit=1200%2C873&ssl=1&resize=700%2C400 2x, https:\/\/i0.wp.com\/casadecampoliving.com\/wp-content\/uploads\/2022\/10\/Tributo-Frank-Sinatra-Foto-Principal-Amaury-Sanchez-Danilo-Ginebra-Andres-Pichardo-y-Jose-Gabriel-Perez-.jpg?fit=1200%2C873&ssl=1&resize=1050%2C600 3x"},"classes":[]},{"id":350269,"url":"https:\/\/casadecampoliving.com\/es\/concierto-de-chris-brown-cancelado\/","url_meta":{"origin":349464,"position":1},"title":"Concierto de Chris Brown: Cancelado","author":"Carla Campos","date":"27 Jul, 2016","format":false,"excerpt":"\u00a1Noticias de \u00faltimo minuto! El concierto de Chris Brown programado para el s\u00e1bado 6 de agosto en el Anfiteatro Altos de Chav\u00f3n acaba de ser cancelado. Los organizadores de eventos, Casa de Campo Resort & Villas, nos ha informado que aun desconoce la raz\u00f3n por lo cu\u00e1l el artista ha\u00a0cancelado\u2026","rel":"","context":"En \u00abAltos de Chavon @es\u00bb","block_context":{"text":"Altos de Chavon @es","link":"https:\/\/casadecampoliving.com\/category\/altos-de-chavon-es\/"},"img":{"alt_text":"","src":"https:\/\/i0.wp.com\/casadecampoliving.com\/wp-content\/uploads\/2022\/10\/CBConcertCanceled-1.jpg?fit=1000%2C600&ssl=1&resize=350%2C200","width":350,"height":200,"srcset":"https:\/\/i0.wp.com\/casadecampoliving.com\/wp-content\/uploads\/2022\/10\/CBConcertCanceled-1.jpg?fit=1000%2C600&ssl=1&resize=350%2C200 1x, https:\/\/i0.wp.com\/casadecampoliving.com\/wp-content\/uploads\/2022\/10\/CBConcertCanceled-1.jpg?fit=1000%2C600&ssl=1&resize=525%2C300 1.5x, https:\/\/i0.wp.com\/casadecampoliving.com\/wp-content\/uploads\/2022\/10\/CBConcertCanceled-1.jpg?fit=1000%2C600&ssl=1&resize=700%2C400 2x"},"classes":[]},{"id":348937,"url":"https:\/\/casadecampoliving.com\/es\/rumor-marc-anthony-junto-a-juan-luis-guerra-en-concierto-de-esta-noche\/","url_meta":{"origin":349464,"position":2},"title":"\u00a1Rumor! Marc Anthony junto a Juan Luis Guerra en concierto de esta noche!","author":"Perkin Agramonte","date":"30 Dic, 2015","format":false,"excerpt":"\u00bfHas o\u00eddo los rumores? Seg\u00fan elnuevodiario.com\u00a0el famoso salsero y due\u00f1o de villa en Casa de Campo, Marc Anthony est\u00e1 programado para hacer una aparici\u00f3n sorpresa en el concierto de Juan Luis Guerra esta noche en Altos de Chav\u00f3n! \u00a1Que interesante! As\u00ed que esta noche a las 8 pm, vamos a\u2026","rel":"","context":"En \u00abAltos de Chavon @es\u00bb","block_context":{"text":"Altos de Chavon @es","link":"https:\/\/casadecampoliving.com\/category\/altos-de-chavon-es\/"},"img":{"alt_text":"Marc Anthony Casa de Campo","src":"https:\/\/i0.wp.com\/casadecampoliving.com\/wp-content\/uploads\/2022\/10\/marc_anthony_casa_de_campo-1.jpg?fit=650%2C361&ssl=1&resize=350%2C200","width":350,"height":200,"srcset":"https:\/\/i0.wp.com\/casadecampoliving.com\/wp-content\/uploads\/2022\/10\/marc_anthony_casa_de_campo-1.jpg?fit=650%2C361&ssl=1&resize=350%2C200 1x, https:\/\/i0.wp.com\/casadecampoliving.com\/wp-content\/uploads\/2022\/10\/marc_anthony_casa_de_campo-1.jpg?fit=650%2C361&ssl=1&resize=525%2C300 1.5x"},"classes":[]},{"id":349810,"url":"https:\/\/casadecampoliving.com\/es\/chris-brown-en-altos-de-chavon-el-6-de-agosto\/","url_meta":{"origin":349464,"position":3},"title":"*ACTUALIZADO &#8211; CONCIERTO CANCELADO* \u00a1Chris Brown en Altos de Chav\u00f3n el 6 de agosto!","author":"Carla Campos","date":"16 May, 2016","format":false,"excerpt":"Desde que escuchamos el rumor de que Chris Brown se presentar\u00eda en Altos de Chav\u00f3n a finales del a\u00f1o pasado, hemos estado esperando pacientemente por el anuncio formal con la fecha. La espera ha terminado ya que\u00a0Chris Brown ha publicado la fecha en su sitio web oficial ( www.chrisbrownworld.com )\u2026","rel":"","context":"En \u00abAltos de Chavon @es\u00bb","block_context":{"text":"Altos de Chavon @es","link":"https:\/\/casadecampoliving.com\/category\/altos-de-chavon-es\/"},"img":{"alt_text":"Chris-Brown","src":"https:\/\/i0.wp.com\/casadecampoliving.com\/wp-content\/uploads\/2022\/10\/Chris-Brown-Royalty-1500x813-e1463420162848.jpg?fit=1000%2C542&ssl=1&resize=350%2C200","width":350,"height":200,"srcset":"https:\/\/i0.wp.com\/casadecampoliving.com\/wp-content\/uploads\/2022\/10\/Chris-Brown-Royalty-1500x813-e1463420162848.jpg?fit=1000%2C542&ssl=1&resize=350%2C200 1x, https:\/\/i0.wp.com\/casadecampoliving.com\/wp-content\/uploads\/2022\/10\/Chris-Brown-Royalty-1500x813-e1463420162848.jpg?fit=1000%2C542&ssl=1&resize=525%2C300 1.5x, https:\/\/i0.wp.com\/casadecampoliving.com\/wp-content\/uploads\/2022\/10\/Chris-Brown-Royalty-1500x813-e1463420162848.jpg?fit=1000%2C542&ssl=1&resize=700%2C400 2x"},"classes":[]},{"id":349812,"url":"https:\/\/casadecampoliving.com\/es\/yandel-zion-lennox-j-balvin-concierto-de-verano-casa-de-campo\/","url_meta":{"origin":349464,"position":4},"title":"Zion &#038; Lennox y J.Balvin en el Concierto de Verano de Casa de Campo","author":"Felix Guerrero","date":"16 May, 2016","format":false,"excerpt":"Como si la noticia del concierto de Chris Brown no fuese suficiente para\u00a0alegrarnos el lunes, \u00a1\u00a1el 25 de junio disfrutaremos de un \u00e9pico concierto de verano en el anfiteatro de Altos de Chav\u00f3n con las superestrellas del Reggaet\u00f3n J Balvin y Zion & Lennox !! \u00a1Los detalles han sido confirmados\u2026","rel":"","context":"En \u00abAltos de Chavon @es\u00bb","block_context":{"text":"Altos de Chavon @es","link":"https:\/\/casadecampoliving.com\/category\/altos-de-chavon-es\/"},"img":{"alt_text":"Zion_Lennox","src":"https:\/\/i0.wp.com\/casadecampoliving.com\/wp-content\/uploads\/2022\/10\/13062528_1017675288269723_7653925170581330253_n-e1463439243246.jpg?fit=960%2C592&ssl=1&resize=350%2C200","width":350,"height":200,"srcset":"https:\/\/i0.wp.com\/casadecampoliving.com\/wp-content\/uploads\/2022\/10\/13062528_1017675288269723_7653925170581330253_n-e1463439243246.jpg?fit=960%2C592&ssl=1&resize=350%2C200 1x, https:\/\/i0.wp.com\/casadecampoliving.com\/wp-content\/uploads\/2022\/10\/13062528_1017675288269723_7653925170581330253_n-e1463439243246.jpg?fit=960%2C592&ssl=1&resize=525%2C300 1.5x, https:\/\/i0.wp.com\/casadecampoliving.com\/wp-content\/uploads\/2022\/10\/13062528_1017675288269723_7653925170581330253_n-e1463439243246.jpg?fit=960%2C592&ssl=1&resize=700%2C400 2x"},"classes":[]},{"id":354183,"url":"https:\/\/casadecampoliving.com\/es\/segunda-fecha-confirmada-superestrella-rauw-alejandro-en-concierto-en-altos-de-chavon\/","url_meta":{"origin":349464,"position":5},"title":"\u00a1SEGUNDA FECHA CONFIRMADA! Superestrella Rauw Alejandro en concierto en Altos de Chav\u00f3n","author":"Casa de Campo Living","date":"28 Oct, 2021","format":false,"excerpt":"Tras la gran acogida que tuvo el anuncio de la primera presentaci\u00f3n del exponente de m\u00fasica urbana, Rauw Alejandro, el empresario Gamal Hach\u00e9 anunci\u00f3 una segunda funci\u00f3n para este viernes 5 en el emblem\u00e1tico escenario de Altos de Chav\u00f3n. Ra\u00fal Alejandro Ocasio Ruiz, quien agot\u00f3 cuatro noches seguidas, a casa\u2026","rel":"","context":"En \u00abAltos de Chavon @es\u00bb","block_context":{"text":"Altos de Chavon @es","link":"https:\/\/casadecampoliving.com\/category\/altos-de-chavon-es\/"},"img":{"alt_text":"","src":"https:\/\/i0.wp.com\/casadecampoliving.com\/wp-content\/uploads\/2022\/10\/DSCF0149-1.jpeg?fit=1000%2C780&ssl=1&resize=350%2C200","width":350,"height":200,"srcset":"https:\/\/i0.wp.com\/casadecampoliving.com\/wp-content\/uploads\/2022\/10\/DSCF0149-1.jpeg?fit=1000%2C780&ssl=1&resize=350%2C200 1x, https:\/\/i0.wp.com\/casadecampoliving.com\/wp-content\/uploads\/2022\/10\/DSCF0149-1.jpeg?fit=1000%2C780&ssl=1&resize=525%2C300 1.5x, https:\/\/i0.wp.com\/casadecampoliving.com\/wp-content\/uploads\/2022\/10\/DSCF0149-1.jpeg?fit=1000%2C780&ssl=1&resize=700%2C400 2x"},"classes":[]}],"jetpack_sharing_enabled":true,"_links":{"self":[{"href":"https:\/\/casadecampoliving.com\/es\/wp-json\/wp\/v2\/posts\/349464","targetHints":{"allow":["GET"]}}],"collection":[{"href":"https:\/\/casadecampoliving.com\/es\/wp-json\/wp\/v2\/posts"}],"about":[{"href":"https:\/\/casadecampoliving.com\/es\/wp-json\/wp\/v2\/types\/post"}],"author":[{"embeddable":true,"href":"https:\/\/casadecampoliving.com\/es\/wp-json\/wp\/v2\/users\/36681"}],"replies":[{"embeddable":true,"href":"https:\/\/casadecampoliving.com\/es\/wp-json\/wp\/v2\/comments?post=349464"}],"version-history":[{"count":1,"href":"https:\/\/casadecampoliving.com\/es\/wp-json\/wp\/v2\/posts\/349464\/revisions"}],"predecessor-version":[{"id":349465,"href":"https:\/\/casadecampoliving.com\/es\/wp-json\/wp\/v2\/posts\/349464\/revisions\/349465"}],"wp:featuredmedia":[{"embeddable":true,"href":"https:\/\/casadecampoliving.com\/es\/wp-json\/wp\/v2\/media\/296093"}],"wp:attachment":[{"href":"https:\/\/casadecampoliving.com\/es\/wp-json\/wp\/v2\/media?parent=349464"}],"wp:term":[{"taxonomy":"category","embeddable":true,"href":"https:\/\/casadecampoliving.com\/es\/wp-json\/wp\/v2\/categories?post=349464"},{"taxonomy":"post_tag","embeddable":true,"href":"https:\/\/casadecampoliving.com\/es\/wp-json\/wp\/v2\/tags?post=349464"},{"taxonomy":"newspack_spnsrs_tax","embeddable":true,"href":"https:\/\/casadecampoliving.com\/es\/wp-json\/wp\/v2\/newspack_spnsrs_tax?post=349464"}],"curies":[{"name":"wp","href":"https:\/\/api.w.org\/{rel}","templated":true}]}}