{"id":349452,"date":"2016-03-17T00:00:00","date_gmt":"2016-03-17T04:00:00","guid":{"rendered":"https:\/\/casadecampoliving.com\/nueva-exposicion-en-museo-de-la-altagracia\/"},"modified":"2022-10-21T19:03:28","modified_gmt":"2022-10-21T23:03:28","slug":"nueva-exposicion-en-museo-de-la-altagracia","status":"publish","type":"post","link":"https:\/\/casadecampoliving.com\/es\/nueva-exposicion-en-museo-de-la-altagracia\/","title":{"rendered":"Nueva exposici\u00f3n \u00abArte Sacro, Tradici\u00f3n Dominicana\u00bb en el Museo de la Altagracia"},"content":{"rendered":"\n<p><span style=\"font-weight: 400;\">El Museo de la Altagracia estar\u00e1 presentando su m\u00e1s reciente exposici\u00f3n colectiva \u201cArte Sacro, Tradici\u00f3n Dominicana\u201d ahora hasta mayo. Abierta al p\u00fablico desde las 9:00 am a 5:00 pm de martes a domingo.<\/span><br>\n<\/p>\n\n\n\n<!--more-->\n\n\n\n<p><span style=\"font-weight: 400;\">El Museo abri\u00f3 en 2012, y se encuentra en los jardines de la Bas\u00edlica de la Altagracia en Hig\u00fcey, a tan s\u00f3lo 33 minutos de Casa de Campo a lo largo de la Autopista del Coral. El Museo de la Altagracia se ha convertido en un espacio donde se conserva una gran parte del patrimonio cultural y religioso de nuestro pa\u00eds. Es un lugar que refleja la gran devoci\u00f3n que existe en la Rep\u00fablica Dominicana por la<a href=\"https:\/\/casadecampoliving.com\/es\/dia-de-nuestra-senora-de-la-altagracia\/\"> Virgen de la Altagracia<\/a>, quien es considerada la santa patrona de los dominicanos.<\/span><\/p>\n\n\n\n<p><iframe loading=\"lazy\" title=\"Comercial Museo de la Altagracia\" width=\"811\" height=\"456\" src=\"https:\/\/www.youtube.com\/embed\/8So0a27llfw?feature=oembed\" frameborder=\"0\" allow=\"accelerometer; autoplay; clipboard-write; encrypted-media; gyroscope; picture-in-picture\" allowfullscreen=\"\"><\/iframe><\/p>\n\n\n\n<p><span style=\"font-weight: 400;\">Esta nueva exposici\u00f3n colectiva presentar\u00e1 piezas de Jos\u00e9 Alberto Melo, Roosevelt M\u00e9ndez, Benito Cuevas Franco, Juan Manuel P\u00e9rez y Pedro M\u00e9ndez de AZUARTE grupo colectivo de arte; un grupo de artista nacido en Azua, y que en los a\u00f1os 70 formaron el grupo Abelardo Rodr\u00edguez Urdaneta que viaj\u00f3 por todo el pa\u00eds presentando sus esculturas.<\/span><\/p>\n\n\n\n<p><b><span style=\"font-weight: 400;\">Para esta exposici\u00f3n, han preparado una colecci\u00f3n de esculturas basadas en obras de arte sacro, cada pieza tiene el sello personal de talla del artista, pero siempre respetando los atributos del santo que se est\u00e1 representando. El grupo ha decidido relanzar esta antigua pr\u00e1ctica de tallar im\u00e1genes de santos cat\u00f3licos. El \u00fanico libro que se ha escrito sobre esta pr\u00e1ctica fue por Don Carlos Dobal en el que menciona lugares como Las Yayas de Azua y Yuboa en Bonao donde se realizaban tallas de santos, pero nunca fueron firmadas as\u00ed que nadie sabe realmente qui\u00e9n comenz\u00f3 esta pr\u00e1ctica.<\/span><\/b><\/p>\n\n\n\n<blockquote class=\"wp-block-quote is-layout-flow wp-block-quote-is-layout-flow\"><p><b><i>\u201c<b><i>Es por esto que decidimos retomar esta pr\u00e1ctica. Esta es la cuarta edici\u00f3n de esta exposici\u00f3n y hemos decidido rendir homenaje a la patrona de nuestro pueblo y presentar nuestro trabajo en este museo en esta parte del pa\u00eds para que la gente conozca nuestro trabajo y dedicaci\u00f3n para mantener esta pr\u00e1ctica viva.<\/i><\/b><b><i>\u201d <\/i><\/b>&nbsp;<\/i><\/b><b><i>\u2013 <\/i><\/b><i><span style=\"font-weight: 400;\">AZUARTE<\/span><\/i><\/p><\/blockquote>\n\n\n\n<p><b>\u00a1Planifique su viaje para apoyar estos artistas locales y conocer mas de nuestro patrimonio religioso!<\/b><\/p>\n\n\n\n<p><em>Imagen y video&nbsp;cortes\u00eda&nbsp;del&nbsp;<a href=\"https:\/\/www.facebook.com\/Museo-De-La-Altagracia-207778489351929\/?fref=photo\"><span style=\"font-weight: 400;\">Museo de la Altagracia<\/span><\/a><\/em><\/p>\n\n\n\n<blockquote><h3><b>Arte Sacro en el Museo De La Altagracia<\/b><\/h3><figure><img decoding=\"async\" loading=\"lazy\" class=\"aligncenter wp-image-117853 size-full\" src=\"https:\/\/i0.wp.com\/casadecampoliving.com\/wp-content\/uploads\/2022\/10\/Diapositiva2-1.jpg?resize=816%2C528&amp;ssl=1\" alt=\"Diapositiva2\" width=\"816\" height=\"528\"><\/figure><p><b>Cu\u00e1ndo: <\/b><span style=\"font-weight: 400;\">Hoy, 17 de marzo 6pm \u2013 Mayo 2016<\/span><\/p><p><b>D\u00f3nde: <\/b><span style=\"font-weight: 400;\">Museo de la Altagracia<\/span><\/p><p><b>Direcci\u00f3n: <\/b><span style=\"font-weight: 400;\">Arzobispo Nouel Street (gardens of the Basilica), Hig\u00fcey<\/span><\/p><figure><img decoding=\"async\" loading=\"lazy\" class=\"aligncenter wp-image-108427\" src=\"https:\/\/i0.wp.com\/casadecampoliving.com\/wp-content\/uploads\/2022\/10\/Map.png?resize=650%2C450&amp;ssl=1\" alt=\"Map-Museo de la Altagracia\" width=\"650\" height=\"450\"><\/figure><p><b>Horario Regular: <\/b><\/p><p><span style=\"font-weight: 400;\">Martes \u2013 Domingo: 9:00am-5:00pm<\/span><\/p><p><b>Costo:<\/b><\/p><p><span style=\"font-weight: 400;\">Adultos: RD$100 y RD$200 (visita guiada)<\/span><\/p><p><span style=\"font-weight: 400;\">Ni\u00f1os y estudiantes: mitad de precio<\/span><\/p><p><b>Contactos:<\/b><span style=\"font-weight: 400;\"> (809)-554-2748<\/span><span style=\"font-weight: 400;\">, <\/span><a href=\"https:\/\/casadecampoliving.com\/museo-de-la-altagracia-2\/museodelaaltagracia@gmail.com\"><span style=\"font-weight: 400;\">museodelaaltagracia@gmail.com<\/span><\/a><\/p><p><b>Facebook: <\/b><a href=\"https:\/\/www.facebook.com\/Museo-De-La-Altagracia-207778489351929\/?fref=ts%20]\"><span style=\"font-weight: 400;\">Museo de la Altagracia<\/span><\/a><\/p><\/blockquote>\n","protected":false},"excerpt":{"rendered":"<p>El Museo de la Altagracia estar\u00e1 presentando su m\u00e1s reciente exposici\u00f3n colectiva \u201cArte Sacro, Tradici\u00f3n Dominicana\u201d ahora hasta mayo. Abierta al p\u00fablico desde las 9:00 am a 5:00 pm de martes a domingo.<\/p>\n","protected":false},"author":36682,"featured_media":295218,"comment_status":"closed","ping_status":"closed","sticky":false,"template":"","format":"standard","meta":{"newspack_ads_suppress_ads":false,"newspack_popups_has_disabled_popups":false,"newspack_sponsor_sponsorship_scope":"","newspack_sponsor_native_byline_display":"inherit","newspack_sponsor_native_category_display":"inherit","newspack_sponsor_underwriter_style":"inherit","newspack_sponsor_underwriter_placement":"inherit","_newspack_byline_active":false,"_newspack_byline":"","newspack_hide_updated_date":false,"newspack_show_updated_date":false,"newspack_content_restriction_is_exempt":false,"newspack_featured_image_position":"","newspack_post_subtitle":"","newspack_article_summary_title":"Overview:","newspack_article_summary":"","_jetpack_memberships_contains_paid_content":false,"footnotes":"","jetpack_publicize_message":"","jetpack_publicize_feature_enabled":true,"jetpack_social_post_already_shared":false,"jetpack_social_options":{"image_generator_settings":{"template":"highway","default_image_id":0,"font":"","enabled":false},"version":2},"_wpas_customize_per_network":false},"categories":[26823,2524,2522,2506,14627,2521],"tags":[12230,13634,4281],"newspack_spnsrs_tax":[],"class_list":["post-349452","post","type-post","status-publish","format-standard","has-post-thumbnail","hentry","category-arte-y-cultura","category-destacados","category-eventos-es","category-mas-alla-de-casa-es","category-proximamente","category-republica-dominicana-2","tag-higuey-es","tag-museo-de-la-altagracia-es","tag-tradiciones-dominicanas","entry"],"yoast_head":"<!-- This site is optimized with the Yoast SEO plugin v27.5 - https:\/\/yoast.com\/product\/yoast-seo-wordpress\/ -->\n<title>Nueva exposici\u00f3n &quot;Arte Sacro, Tradici\u00f3n Dominicana&quot; en el Museo de la Altagracia | Casa de Campo Living<\/title>\n<meta name=\"description\" content=\"El Museo de la Altagracia estar\u00e1 presentando su m\u00e1s reciente exposici\u00f3n colectiva \u201cArte Sacro, Tradici\u00f3n Dominicana\u201d ahora hasta mayo. Abierta al p\u00fablico\" \/>\n<meta name=\"robots\" content=\"index, follow, max-snippet:-1, max-image-preview:large, max-video-preview:-1\" \/>\n<link rel=\"canonical\" href=\"https:\/\/casadecampoliving.com\/es\/nueva-exposicion-en-museo-de-la-altagracia\/\" \/>\n<meta property=\"og:locale\" content=\"es_ES\" \/>\n<meta property=\"og:type\" content=\"article\" \/>\n<meta property=\"og:title\" content=\"Nueva exposici\u00f3n &quot;Arte Sacro, Tradici\u00f3n Dominicana&quot; en el Museo de la Altagracia | Casa de Campo Living\" \/>\n<meta property=\"og:description\" content=\"El Museo de la Altagracia estar\u00e1 presentando su m\u00e1s reciente exposici\u00f3n colectiva \u201cArte Sacro, Tradici\u00f3n Dominicana\u201d ahora hasta mayo. Abierta al p\u00fablico\" \/>\n<meta property=\"og:url\" content=\"https:\/\/casadecampoliving.com\/es\/nueva-exposicion-en-museo-de-la-altagracia\/\" \/>\n<meta property=\"og:site_name\" content=\"Casa de Campo Living\" \/>\n<meta property=\"article:publisher\" content=\"https:\/\/www.facebook.com\/casadecampoliving\" \/>\n<meta property=\"article:published_time\" content=\"2016-03-17T04:00:00+00:00\" \/>\n<meta property=\"article:modified_time\" content=\"2022-10-21T23:03:28+00:00\" \/>\n<meta property=\"og:image\" content=\"https:\/\/i0.wp.com\/casadecampoliving.com\/wp-content\/uploads\/2022\/10\/museo-altagracia-e1458254034320.jpg?fit=960%2C626&ssl=1\" \/>\n\t<meta property=\"og:image:width\" content=\"960\" \/>\n\t<meta property=\"og:image:height\" content=\"626\" \/>\n\t<meta property=\"og:image:type\" content=\"image\/jpeg\" \/>\n<meta name=\"author\" content=\"Marlenys Guzm\u00e1n Casta\u00f1os\" \/>\n<meta name=\"twitter:card\" content=\"summary_large_image\" \/>\n<meta name=\"twitter:creator\" content=\"@cdcliving\" \/>\n<meta name=\"twitter:site\" content=\"@cdcliving\" \/>\n<meta name=\"twitter:label1\" content=\"Escrito por\" \/>\n\t<meta name=\"twitter:data1\" content=\"Marlenys Guzm\u00e1n Casta\u00f1os\" \/>\n\t<meta name=\"twitter:label2\" content=\"Tiempo de lectura\" \/>\n\t<meta name=\"twitter:data2\" content=\"2 minutos\" \/>\n<script type=\"application\/ld+json\" class=\"yoast-schema-graph\">{\"@context\":\"https:\\\/\\\/schema.org\",\"@graph\":[{\"@type\":\"Article\",\"@id\":\"https:\\\/\\\/casadecampoliving.com\\\/es\\\/nueva-exposicion-en-museo-de-la-altagracia\\\/#article\",\"isPartOf\":{\"@id\":\"https:\\\/\\\/casadecampoliving.com\\\/es\\\/nueva-exposicion-en-museo-de-la-altagracia\\\/\"},\"author\":{\"name\":\"Marlenys Guzm\u00e1n Casta\u00f1os\",\"@id\":\"https:\\\/\\\/casadecampoliving.com\\\/es\\\/#\\\/schema\\\/person\\\/b6606bd87f9cec8f5903e2141cafda24\"},\"headline\":\"Nueva exposici\u00f3n \u00abArte Sacro, Tradici\u00f3n Dominicana\u00bb en el Museo de la Altagracia\",\"datePublished\":\"2016-03-17T04:00:00+00:00\",\"dateModified\":\"2022-10-21T23:03:28+00:00\",\"mainEntityOfPage\":{\"@id\":\"https:\\\/\\\/casadecampoliving.com\\\/es\\\/nueva-exposicion-en-museo-de-la-altagracia\\\/\"},\"wordCount\":462,\"publisher\":{\"@id\":\"https:\\\/\\\/casadecampoliving.com\\\/es\\\/#organization\"},\"image\":{\"@id\":\"https:\\\/\\\/casadecampoliving.com\\\/es\\\/nueva-exposicion-en-museo-de-la-altagracia\\\/#primaryimage\"},\"thumbnailUrl\":\"https:\\\/\\\/i0.wp.com\\\/casadecampoliving.com\\\/wp-content\\\/uploads\\\/2022\\\/10\\\/museo-altagracia-e1458254034320.jpg?fit=960%2C626&ssl=1\",\"keywords\":[\"Higuey @es\",\"Museo de La Altagracia @es\",\"tradiciones dominicanas\"],\"articleSection\":[\"Arte y cultura\",\"Destacados\",\"Eventos\",\"M\u00e1s all\u00e1 de Casa\",\"Proximamente\",\"Rep\u00fablica Dominicana @es\"],\"inLanguage\":\"es\"},{\"@type\":\"WebPage\",\"@id\":\"https:\\\/\\\/casadecampoliving.com\\\/es\\\/nueva-exposicion-en-museo-de-la-altagracia\\\/\",\"url\":\"https:\\\/\\\/casadecampoliving.com\\\/es\\\/nueva-exposicion-en-museo-de-la-altagracia\\\/\",\"name\":\"Nueva exposici\u00f3n \\\"Arte Sacro, Tradici\u00f3n Dominicana\\\" en el Museo de la Altagracia | Casa de Campo Living\",\"isPartOf\":{\"@id\":\"https:\\\/\\\/casadecampoliving.com\\\/es\\\/#website\"},\"primaryImageOfPage\":{\"@id\":\"https:\\\/\\\/casadecampoliving.com\\\/es\\\/nueva-exposicion-en-museo-de-la-altagracia\\\/#primaryimage\"},\"image\":{\"@id\":\"https:\\\/\\\/casadecampoliving.com\\\/es\\\/nueva-exposicion-en-museo-de-la-altagracia\\\/#primaryimage\"},\"thumbnailUrl\":\"https:\\\/\\\/i0.wp.com\\\/casadecampoliving.com\\\/wp-content\\\/uploads\\\/2022\\\/10\\\/museo-altagracia-e1458254034320.jpg?fit=960%2C626&ssl=1\",\"datePublished\":\"2016-03-17T04:00:00+00:00\",\"dateModified\":\"2022-10-21T23:03:28+00:00\",\"description\":\"El Museo de la Altagracia estar\u00e1 presentando su m\u00e1s reciente exposici\u00f3n colectiva \u201cArte Sacro, Tradici\u00f3n Dominicana\u201d ahora hasta mayo. Abierta al p\u00fablico\",\"breadcrumb\":{\"@id\":\"https:\\\/\\\/casadecampoliving.com\\\/es\\\/nueva-exposicion-en-museo-de-la-altagracia\\\/#breadcrumb\"},\"inLanguage\":\"es\",\"potentialAction\":[{\"@type\":\"ReadAction\",\"target\":[\"https:\\\/\\\/casadecampoliving.com\\\/es\\\/nueva-exposicion-en-museo-de-la-altagracia\\\/\"]}]},{\"@type\":\"ImageObject\",\"inLanguage\":\"es\",\"@id\":\"https:\\\/\\\/casadecampoliving.com\\\/es\\\/nueva-exposicion-en-museo-de-la-altagracia\\\/#primaryimage\",\"url\":\"https:\\\/\\\/i0.wp.com\\\/casadecampoliving.com\\\/wp-content\\\/uploads\\\/2022\\\/10\\\/museo-altagracia-e1458254034320.jpg?fit=960%2C626&ssl=1\",\"contentUrl\":\"https:\\\/\\\/i0.wp.com\\\/casadecampoliving.com\\\/wp-content\\\/uploads\\\/2022\\\/10\\\/museo-altagracia-e1458254034320.jpg?fit=960%2C626&ssl=1\",\"width\":960,\"height\":626},{\"@type\":\"BreadcrumbList\",\"@id\":\"https:\\\/\\\/casadecampoliving.com\\\/es\\\/nueva-exposicion-en-museo-de-la-altagracia\\\/#breadcrumb\",\"itemListElement\":[{\"@type\":\"ListItem\",\"position\":1,\"name\":\"Home\",\"item\":\"https:\\\/\\\/casadecampoliving.com\\\/es\\\/\"},{\"@type\":\"ListItem\",\"position\":2,\"name\":\"Nueva exposici\u00f3n &#8220;Arte Sacro, Tradici\u00f3n Dominicana&#8221; en el Museo de la Altagracia\"}]},{\"@type\":\"WebSite\",\"@id\":\"https:\\\/\\\/casadecampoliving.com\\\/es\\\/#website\",\"url\":\"https:\\\/\\\/casadecampoliving.com\\\/es\\\/\",\"name\":\"Casa de Campo Living\",\"description\":\"Resort community news and resources.\",\"publisher\":{\"@id\":\"https:\\\/\\\/casadecampoliving.com\\\/es\\\/#organization\"},\"potentialAction\":[{\"@type\":\"SearchAction\",\"target\":{\"@type\":\"EntryPoint\",\"urlTemplate\":\"https:\\\/\\\/casadecampoliving.com\\\/es\\\/?s={search_term_string}\"},\"query-input\":{\"@type\":\"PropertyValueSpecification\",\"valueRequired\":true,\"valueName\":\"search_term_string\"}}],\"inLanguage\":\"es\"},{\"@type\":\"Organization\",\"@id\":\"https:\\\/\\\/casadecampoliving.com\\\/es\\\/#organization\",\"name\":\"Casa de Campo Living\",\"url\":\"https:\\\/\\\/casadecampoliving.com\\\/es\\\/\",\"logo\":{\"@type\":\"ImageObject\",\"inLanguage\":\"es\",\"@id\":\"https:\\\/\\\/casadecampoliving.com\\\/es\\\/#\\\/schema\\\/logo\\\/image\\\/\",\"url\":\"https:\\\/\\\/i0.wp.com\\\/casadecampoliving.com\\\/wp-content\\\/uploads\\\/2022\\\/07\\\/CDCLivingLogo_V1-white-sized.png?fit=800%2C214&ssl=1\",\"contentUrl\":\"https:\\\/\\\/i0.wp.com\\\/casadecampoliving.com\\\/wp-content\\\/uploads\\\/2022\\\/07\\\/CDCLivingLogo_V1-white-sized.png?fit=800%2C214&ssl=1\",\"width\":800,\"height\":214,\"caption\":\"Casa de Campo Living\"},\"image\":{\"@id\":\"https:\\\/\\\/casadecampoliving.com\\\/es\\\/#\\\/schema\\\/logo\\\/image\\\/\"},\"sameAs\":[\"https:\\\/\\\/www.facebook.com\\\/casadecampoliving\",\"https:\\\/\\\/x.com\\\/cdcliving\"]},{\"@type\":\"Person\",\"@id\":\"https:\\\/\\\/casadecampoliving.com\\\/es\\\/#\\\/schema\\\/person\\\/b6606bd87f9cec8f5903e2141cafda24\",\"name\":\"Marlenys Guzm\u00e1n Casta\u00f1os\",\"image\":{\"@type\":\"ImageObject\",\"inLanguage\":\"es\",\"@id\":\"https:\\\/\\\/secure.gravatar.com\\\/avatar\\\/72f3f86b8e6b3ec744201aeadf11d4a6055e8af194aecd9ad30ffff4437878ee?s=96&d=mm&r=g\",\"url\":\"https:\\\/\\\/secure.gravatar.com\\\/avatar\\\/72f3f86b8e6b3ec744201aeadf11d4a6055e8af194aecd9ad30ffff4437878ee?s=96&d=mm&r=g\",\"contentUrl\":\"https:\\\/\\\/secure.gravatar.com\\\/avatar\\\/72f3f86b8e6b3ec744201aeadf11d4a6055e8af194aecd9ad30ffff4437878ee?s=96&d=mm&r=g\",\"caption\":\"Marlenys Guzm\u00e1n Casta\u00f1os\"},\"url\":\"https:\\\/\\\/casadecampoliving.com\\\/es\\\/author\\\/mguzman\\\/\"}]}<\/script>\n<!-- \/ Yoast SEO plugin. -->","yoast_head_json":{"title":"Nueva exposici\u00f3n \"Arte Sacro, Tradici\u00f3n Dominicana\" en el Museo de la Altagracia | Casa de Campo Living","description":"El Museo de la Altagracia estar\u00e1 presentando su m\u00e1s reciente exposici\u00f3n colectiva \u201cArte Sacro, Tradici\u00f3n Dominicana\u201d ahora hasta mayo. Abierta al p\u00fablico","robots":{"index":"index","follow":"follow","max-snippet":"max-snippet:-1","max-image-preview":"max-image-preview:large","max-video-preview":"max-video-preview:-1"},"canonical":"https:\/\/casadecampoliving.com\/es\/nueva-exposicion-en-museo-de-la-altagracia\/","og_locale":"es_ES","og_type":"article","og_title":"Nueva exposici\u00f3n \"Arte Sacro, Tradici\u00f3n Dominicana\" en el Museo de la Altagracia | Casa de Campo Living","og_description":"El Museo de la Altagracia estar\u00e1 presentando su m\u00e1s reciente exposici\u00f3n colectiva \u201cArte Sacro, Tradici\u00f3n Dominicana\u201d ahora hasta mayo. Abierta al p\u00fablico","og_url":"https:\/\/casadecampoliving.com\/es\/nueva-exposicion-en-museo-de-la-altagracia\/","og_site_name":"Casa de Campo Living","article_publisher":"https:\/\/www.facebook.com\/casadecampoliving","article_published_time":"2016-03-17T04:00:00+00:00","article_modified_time":"2022-10-21T23:03:28+00:00","og_image":[{"width":960,"height":626,"url":"https:\/\/i0.wp.com\/casadecampoliving.com\/wp-content\/uploads\/2022\/10\/museo-altagracia-e1458254034320.jpg?fit=960%2C626&ssl=1","type":"image\/jpeg"}],"author":"Marlenys Guzm\u00e1n Casta\u00f1os","twitter_card":"summary_large_image","twitter_creator":"@cdcliving","twitter_site":"@cdcliving","twitter_misc":{"Escrito por":"Marlenys Guzm\u00e1n Casta\u00f1os","Tiempo de lectura":"2 minutos"},"schema":{"@context":"https:\/\/schema.org","@graph":[{"@type":"Article","@id":"https:\/\/casadecampoliving.com\/es\/nueva-exposicion-en-museo-de-la-altagracia\/#article","isPartOf":{"@id":"https:\/\/casadecampoliving.com\/es\/nueva-exposicion-en-museo-de-la-altagracia\/"},"author":{"name":"Marlenys Guzm\u00e1n Casta\u00f1os","@id":"https:\/\/casadecampoliving.com\/es\/#\/schema\/person\/b6606bd87f9cec8f5903e2141cafda24"},"headline":"Nueva exposici\u00f3n \u00abArte Sacro, Tradici\u00f3n Dominicana\u00bb en el Museo de la Altagracia","datePublished":"2016-03-17T04:00:00+00:00","dateModified":"2022-10-21T23:03:28+00:00","mainEntityOfPage":{"@id":"https:\/\/casadecampoliving.com\/es\/nueva-exposicion-en-museo-de-la-altagracia\/"},"wordCount":462,"publisher":{"@id":"https:\/\/casadecampoliving.com\/es\/#organization"},"image":{"@id":"https:\/\/casadecampoliving.com\/es\/nueva-exposicion-en-museo-de-la-altagracia\/#primaryimage"},"thumbnailUrl":"https:\/\/i0.wp.com\/casadecampoliving.com\/wp-content\/uploads\/2022\/10\/museo-altagracia-e1458254034320.jpg?fit=960%2C626&ssl=1","keywords":["Higuey @es","Museo de La Altagracia @es","tradiciones dominicanas"],"articleSection":["Arte y cultura","Destacados","Eventos","M\u00e1s all\u00e1 de Casa","Proximamente","Rep\u00fablica Dominicana @es"],"inLanguage":"es"},{"@type":"WebPage","@id":"https:\/\/casadecampoliving.com\/es\/nueva-exposicion-en-museo-de-la-altagracia\/","url":"https:\/\/casadecampoliving.com\/es\/nueva-exposicion-en-museo-de-la-altagracia\/","name":"Nueva exposici\u00f3n \"Arte Sacro, Tradici\u00f3n Dominicana\" en el Museo de la Altagracia | Casa de Campo Living","isPartOf":{"@id":"https:\/\/casadecampoliving.com\/es\/#website"},"primaryImageOfPage":{"@id":"https:\/\/casadecampoliving.com\/es\/nueva-exposicion-en-museo-de-la-altagracia\/#primaryimage"},"image":{"@id":"https:\/\/casadecampoliving.com\/es\/nueva-exposicion-en-museo-de-la-altagracia\/#primaryimage"},"thumbnailUrl":"https:\/\/i0.wp.com\/casadecampoliving.com\/wp-content\/uploads\/2022\/10\/museo-altagracia-e1458254034320.jpg?fit=960%2C626&ssl=1","datePublished":"2016-03-17T04:00:00+00:00","dateModified":"2022-10-21T23:03:28+00:00","description":"El Museo de la Altagracia estar\u00e1 presentando su m\u00e1s reciente exposici\u00f3n colectiva \u201cArte Sacro, Tradici\u00f3n Dominicana\u201d ahora hasta mayo. Abierta al p\u00fablico","breadcrumb":{"@id":"https:\/\/casadecampoliving.com\/es\/nueva-exposicion-en-museo-de-la-altagracia\/#breadcrumb"},"inLanguage":"es","potentialAction":[{"@type":"ReadAction","target":["https:\/\/casadecampoliving.com\/es\/nueva-exposicion-en-museo-de-la-altagracia\/"]}]},{"@type":"ImageObject","inLanguage":"es","@id":"https:\/\/casadecampoliving.com\/es\/nueva-exposicion-en-museo-de-la-altagracia\/#primaryimage","url":"https:\/\/i0.wp.com\/casadecampoliving.com\/wp-content\/uploads\/2022\/10\/museo-altagracia-e1458254034320.jpg?fit=960%2C626&ssl=1","contentUrl":"https:\/\/i0.wp.com\/casadecampoliving.com\/wp-content\/uploads\/2022\/10\/museo-altagracia-e1458254034320.jpg?fit=960%2C626&ssl=1","width":960,"height":626},{"@type":"BreadcrumbList","@id":"https:\/\/casadecampoliving.com\/es\/nueva-exposicion-en-museo-de-la-altagracia\/#breadcrumb","itemListElement":[{"@type":"ListItem","position":1,"name":"Home","item":"https:\/\/casadecampoliving.com\/es\/"},{"@type":"ListItem","position":2,"name":"Nueva exposici\u00f3n &#8220;Arte Sacro, Tradici\u00f3n Dominicana&#8221; en el Museo de la Altagracia"}]},{"@type":"WebSite","@id":"https:\/\/casadecampoliving.com\/es\/#website","url":"https:\/\/casadecampoliving.com\/es\/","name":"Casa de Campo Living","description":"Resort community news and resources.","publisher":{"@id":"https:\/\/casadecampoliving.com\/es\/#organization"},"potentialAction":[{"@type":"SearchAction","target":{"@type":"EntryPoint","urlTemplate":"https:\/\/casadecampoliving.com\/es\/?s={search_term_string}"},"query-input":{"@type":"PropertyValueSpecification","valueRequired":true,"valueName":"search_term_string"}}],"inLanguage":"es"},{"@type":"Organization","@id":"https:\/\/casadecampoliving.com\/es\/#organization","name":"Casa de Campo Living","url":"https:\/\/casadecampoliving.com\/es\/","logo":{"@type":"ImageObject","inLanguage":"es","@id":"https:\/\/casadecampoliving.com\/es\/#\/schema\/logo\/image\/","url":"https:\/\/i0.wp.com\/casadecampoliving.com\/wp-content\/uploads\/2022\/07\/CDCLivingLogo_V1-white-sized.png?fit=800%2C214&ssl=1","contentUrl":"https:\/\/i0.wp.com\/casadecampoliving.com\/wp-content\/uploads\/2022\/07\/CDCLivingLogo_V1-white-sized.png?fit=800%2C214&ssl=1","width":800,"height":214,"caption":"Casa de Campo Living"},"image":{"@id":"https:\/\/casadecampoliving.com\/es\/#\/schema\/logo\/image\/"},"sameAs":["https:\/\/www.facebook.com\/casadecampoliving","https:\/\/x.com\/cdcliving"]},{"@type":"Person","@id":"https:\/\/casadecampoliving.com\/es\/#\/schema\/person\/b6606bd87f9cec8f5903e2141cafda24","name":"Marlenys Guzm\u00e1n Casta\u00f1os","image":{"@type":"ImageObject","inLanguage":"es","@id":"https:\/\/secure.gravatar.com\/avatar\/72f3f86b8e6b3ec744201aeadf11d4a6055e8af194aecd9ad30ffff4437878ee?s=96&d=mm&r=g","url":"https:\/\/secure.gravatar.com\/avatar\/72f3f86b8e6b3ec744201aeadf11d4a6055e8af194aecd9ad30ffff4437878ee?s=96&d=mm&r=g","contentUrl":"https:\/\/secure.gravatar.com\/avatar\/72f3f86b8e6b3ec744201aeadf11d4a6055e8af194aecd9ad30ffff4437878ee?s=96&d=mm&r=g","caption":"Marlenys Guzm\u00e1n Casta\u00f1os"},"url":"https:\/\/casadecampoliving.com\/es\/author\/mguzman\/"}]}},"parsely":{"version":"1.1.0","canonical_url":"https:\/\/casadecampoliving.com\/es\/nueva-exposicion-en-museo-de-la-altagracia\/","smart_links":{"inbound":0,"outbound":0},"traffic_boost_suggestions_count":0,"meta":{"@context":"https:\/\/schema.org","@type":"NewsArticle","headline":"Nueva exposici\u00f3n \u00abArte Sacro, Tradici\u00f3n Dominicana\u00bb en el Museo de la Altagracia","url":"http:\/\/casadecampoliving.com\/es\/nueva-exposicion-en-museo-de-la-altagracia\/","mainEntityOfPage":{"@type":"WebPage","@id":"http:\/\/casadecampoliving.com\/es\/nueva-exposicion-en-museo-de-la-altagracia\/"},"thumbnailUrl":"https:\/\/i0.wp.com\/casadecampoliving.com\/wp-content\/uploads\/2022\/10\/museo-altagracia-e1458254034320.jpg?resize=150%2C150&ssl=1","image":{"@type":"ImageObject","url":"https:\/\/i0.wp.com\/casadecampoliving.com\/wp-content\/uploads\/2022\/10\/museo-altagracia-e1458254034320.jpg?fit=960%2C626&ssl=1"},"articleSection":"Arte y cultura","author":[{"@type":"Person","name":"Marlenys Guzm\u00e1n Casta\u00f1os"}],"creator":["Marlenys Guzm\u00e1n Casta\u00f1os"],"publisher":{"@type":"Organization","name":"Casa de Campo Living","logo":"https:\/\/casadecampoliving.com\/wp-content\/uploads\/2022\/07\/CDCLivingLogo_V1-white-sized.png"},"keywords":["higuey @es","museo de la altagracia @es","tradiciones dominicanas"],"dateCreated":"2016-03-17T04:00:00Z","datePublished":"2016-03-17T04:00:00Z","dateModified":"2022-10-21T23:03:28Z"},"rendered":"<script type=\"application\/ld+json\" class=\"wp-parsely-metadata\">{\"@context\":\"https:\\\/\\\/schema.org\",\"@type\":\"NewsArticle\",\"headline\":\"Nueva exposici\\u00f3n \\u00abArte Sacro, Tradici\\u00f3n Dominicana\\u00bb en el Museo de la Altagracia\",\"url\":\"http:\\\/\\\/casadecampoliving.com\\\/es\\\/nueva-exposicion-en-museo-de-la-altagracia\\\/\",\"mainEntityOfPage\":{\"@type\":\"WebPage\",\"@id\":\"http:\\\/\\\/casadecampoliving.com\\\/es\\\/nueva-exposicion-en-museo-de-la-altagracia\\\/\"},\"thumbnailUrl\":\"https:\\\/\\\/i0.wp.com\\\/casadecampoliving.com\\\/wp-content\\\/uploads\\\/2022\\\/10\\\/museo-altagracia-e1458254034320.jpg?resize=150%2C150&ssl=1\",\"image\":{\"@type\":\"ImageObject\",\"url\":\"https:\\\/\\\/i0.wp.com\\\/casadecampoliving.com\\\/wp-content\\\/uploads\\\/2022\\\/10\\\/museo-altagracia-e1458254034320.jpg?fit=960%2C626&ssl=1\"},\"articleSection\":\"Arte y cultura\",\"author\":[{\"@type\":\"Person\",\"name\":\"Marlenys Guzm\\u00e1n Casta\\u00f1os\"}],\"creator\":[\"Marlenys Guzm\\u00e1n Casta\\u00f1os\"],\"publisher\":{\"@type\":\"Organization\",\"name\":\"Casa de Campo Living\",\"logo\":\"https:\\\/\\\/casadecampoliving.com\\\/wp-content\\\/uploads\\\/2022\\\/07\\\/CDCLivingLogo_V1-white-sized.png\"},\"keywords\":[\"higuey @es\",\"museo de la altagracia @es\",\"tradiciones dominicanas\"],\"dateCreated\":\"2016-03-17T04:00:00Z\",\"datePublished\":\"2016-03-17T04:00:00Z\",\"dateModified\":\"2022-10-21T23:03:28Z\"}<\/script>","tracker_url":"https:\/\/cdn.parsely.com\/keys\/casadecampoliving.com\/p.js"},"jetpack_publicize_connections":[],"jetpack_featured_media_url":"https:\/\/i0.wp.com\/casadecampoliving.com\/wp-content\/uploads\/2022\/10\/museo-altagracia-e1458254034320.jpg?fit=960%2C626&ssl=1","jetpack-related-posts":[{"id":327231,"url":"https:\/\/casadecampoliving.com\/new-exhibition-up-in-the-museo-de-la-altagracia\/","url_meta":{"origin":349452,"position":0},"title":"New Exhibition \u201cArte Sacro, Tradici\u00f3n Dominicana\u201d in the Museo de la Altagracia","author":"Marlenys Guzm\u00e1n Casta\u00f1os","date":"17 Mar, 2016","format":false,"excerpt":"The Museo de la Altagracia will be presenting its most recent collective exhibition, \u201cArte Sacro, Tradici\u00f3n Dominicana\u201d now through\u00a0May. Open to the public from 9:00 am to 5:00 pm Tuesday through Sunday. The Museum initially opened back in 2012, and is located in the gardens of the Basilica de la\u2026","rel":"","context":"En \u00abArt and Culture\u00bb","block_context":{"text":"Art and Culture","link":"https:\/\/casadecampoliving.com\/category\/art-and-culture\/"},"img":{"alt_text":"","src":"https:\/\/i0.wp.com\/casadecampoliving.com\/wp-content\/uploads\/2022\/10\/museo-altagracia-e1458254034320.jpg?fit=960%2C626&ssl=1&resize=350%2C200","width":350,"height":200,"srcset":"https:\/\/i0.wp.com\/casadecampoliving.com\/wp-content\/uploads\/2022\/10\/museo-altagracia-e1458254034320.jpg?fit=960%2C626&ssl=1&resize=350%2C200 1x, https:\/\/i0.wp.com\/casadecampoliving.com\/wp-content\/uploads\/2022\/10\/museo-altagracia-e1458254034320.jpg?fit=960%2C626&ssl=1&resize=525%2C300 1.5x, https:\/\/i0.wp.com\/casadecampoliving.com\/wp-content\/uploads\/2022\/10\/museo-altagracia-e1458254034320.jpg?fit=960%2C626&ssl=1&resize=700%2C400 2x"},"classes":[]},{"id":350474,"url":"https:\/\/casadecampoliving.com\/es\/peregrinos-de-la-altagracia-por-yael-duval-museo-de-la-altagracia\/","url_meta":{"origin":349452,"position":1},"title":"Nueva exhibici\u00f3n en el Museo de la Altagracia este s\u00e1bado: Peregrinos de la Altagracia por Yael Duval","author":"Marlenys Guzm\u00e1n Casta\u00f1os","date":"8 Sep, 2016","format":false,"excerpt":"Photography by Yael Duval La semana pasada, el Museo de la Altagracia organiz\u00f3 una visita guiada y un brindis para despedir\u00a0la exhibici\u00f3n\u00a0\u201cCamino al Santuario\u201d por Crist\u00f3bal Rodr\u00edguez. Este s\u00e1bado 10 de septiembre se inaugurar\u00e1 una\u00a0nueva exposici\u00f3n, \u201cPeregrinos de la Altagracia\u201d por Yael Duval a las 11:00 am. Curada por Carlos\u2026","rel":"","context":"En \u00abArte y cultura\u00bb","block_context":{"text":"Arte y cultura","link":"https:\/\/casadecampoliving.com\/category\/arte-y-cultura\/"},"img":{"alt_text":"","src":"https:\/\/i0.wp.com\/casadecampoliving.com\/wp-content\/uploads\/2022\/10\/10-de-septiem-invi-digital-Yael-Duval1.jpg?fit=1000%2C600&ssl=1&resize=350%2C200","width":350,"height":200,"srcset":"https:\/\/i0.wp.com\/casadecampoliving.com\/wp-content\/uploads\/2022\/10\/10-de-septiem-invi-digital-Yael-Duval1.jpg?fit=1000%2C600&ssl=1&resize=350%2C200 1x, https:\/\/i0.wp.com\/casadecampoliving.com\/wp-content\/uploads\/2022\/10\/10-de-septiem-invi-digital-Yael-Duval1.jpg?fit=1000%2C600&ssl=1&resize=525%2C300 1.5x, https:\/\/i0.wp.com\/casadecampoliving.com\/wp-content\/uploads\/2022\/10\/10-de-septiem-invi-digital-Yael-Duval1.jpg?fit=1000%2C600&ssl=1&resize=700%2C400 2x"},"classes":[]},{"id":346837,"url":"https:\/\/casadecampoliving.com\/es\/museo-de-la-altagracia\/","url_meta":{"origin":349452,"position":2},"title":"\u00a1Planifique su viaje al Museo de La Altagracia!","author":"Perkin Agramonte","date":"27 Jun, 2015","format":false,"excerpt":"A parte de nuestras hermosas playas, paisajes, excursiones, fauna y flora una de las atracciones m\u00e1s interesantes son los museos, en donde puede conocer los antecedentes de este hermoso pueblo. Si vives o estas de visita en Casa de Campo y ya has visitado los museos que tenemos en Altos\u2026","rel":"","context":"En \u00abCasa de Campo Living @es\u00bb","block_context":{"text":"Casa de Campo Living @es","link":"https:\/\/casadecampoliving.com\/category\/casa-de-campo-living-es\/"},"img":{"alt_text":"","src":"https:\/\/i0.wp.com\/casadecampoliving.com\/wp-content\/uploads\/2022\/10\/HeaderCCLMuseoV2-26-6-15-1.jpg?fit=650%2C400&ssl=1&resize=350%2C200","width":350,"height":200,"srcset":"https:\/\/i0.wp.com\/casadecampoliving.com\/wp-content\/uploads\/2022\/10\/HeaderCCLMuseoV2-26-6-15-1.jpg?fit=650%2C400&ssl=1&resize=350%2C200 1x, https:\/\/i0.wp.com\/casadecampoliving.com\/wp-content\/uploads\/2022\/10\/HeaderCCLMuseoV2-26-6-15-1.jpg?fit=650%2C400&ssl=1&resize=525%2C300 1.5x"},"classes":[]},{"id":346972,"url":"https:\/\/casadecampoliving.com\/es\/exhibicion-fotografica-resiliencia-en-el-museo-de-la-altagracia\/","url_meta":{"origin":349452,"position":3},"title":"Exhibici\u00f3n fotografica \u00abResiliencia\u00bb en el Museo de La Altagracia","author":"Perkin Agramonte","date":"18 Mar, 2015","format":false,"excerpt":"Este viernes 20 de marzo est\u00e1n todos cordialmente invitados a disfrutar de una excelente exhibici\u00f3n fotogr\u00e1fica con el nombre \u201cResiliencia\u201d. Est\u00e1 exposici\u00f3n colectiva itinerante se presentar\u00e1 en el Museo \u00a0de La Altagracia en la ciudad de Hig\u00fcey, localizada en la regi\u00f3n Este de la Rep\u00fablica Dominicana; a tan solo 33\u2026","rel":"","context":"En \u00abArte y cultura\u00bb","block_context":{"text":"Arte y cultura","link":"https:\/\/casadecampoliving.com\/category\/arte-y-cultura\/"},"img":{"alt_text":"","src":"https:\/\/i0.wp.com\/casadecampoliving.com\/wp-content\/uploads\/2022\/10\/Resiliencia_Museo_La_Altagracia-1.jpg?fit=792%2C511&ssl=1&resize=350%2C200","width":350,"height":200,"srcset":"https:\/\/i0.wp.com\/casadecampoliving.com\/wp-content\/uploads\/2022\/10\/Resiliencia_Museo_La_Altagracia-1.jpg?fit=792%2C511&ssl=1&resize=350%2C200 1x, https:\/\/i0.wp.com\/casadecampoliving.com\/wp-content\/uploads\/2022\/10\/Resiliencia_Museo_La_Altagracia-1.jpg?fit=792%2C511&ssl=1&resize=525%2C300 1.5x, https:\/\/i0.wp.com\/casadecampoliving.com\/wp-content\/uploads\/2022\/10\/Resiliencia_Museo_La_Altagracia-1.jpg?fit=792%2C511&ssl=1&resize=700%2C400 2x"},"classes":[]},{"id":350128,"url":"https:\/\/casadecampoliving.com\/es\/museo-de-la-altagracia-conoce-higuey\/","url_meta":{"origin":349452,"position":4},"title":"El Museo de la Altagracia le invita a conocer a Higuey&#8230; \u00a1en una forma distinta!","author":"Marlenys Guzm\u00e1n Casta\u00f1os","date":"5 Jul, 2016","format":false,"excerpt":"\u00a1Aficionados de la historia, cultura y arte... este art\u00edculo es para usted! En conmemoraci\u00f3n del D\u00eda Internacional de los Museos 2016 y la Conferencia General del Consejo Internacional de Museos (ICOM por sus siglas en ingl\u00e9s) que se celebra en estos momentos en Mil\u00e1n, el Museo de la Altagracia en\u2026","rel":"","context":"En \u00abM\u00e1s all\u00e1 de Casa\u00bb","block_context":{"text":"M\u00e1s all\u00e1 de Casa","link":"https:\/\/casadecampoliving.com\/es\/category\/mas-alla-de-casa-es\/"},"img":{"alt_text":"","src":"https:\/\/i0.wp.com\/casadecampoliving.com\/wp-content\/uploads\/2022\/10\/shutterstock_262858520.jpg?fit=1000%2C633&ssl=1&resize=350%2C200","width":350,"height":200,"srcset":"https:\/\/i0.wp.com\/casadecampoliving.com\/wp-content\/uploads\/2022\/10\/shutterstock_262858520.jpg?fit=1000%2C633&ssl=1&resize=350%2C200 1x, https:\/\/i0.wp.com\/casadecampoliving.com\/wp-content\/uploads\/2022\/10\/shutterstock_262858520.jpg?fit=1000%2C633&ssl=1&resize=525%2C300 1.5x, https:\/\/i0.wp.com\/casadecampoliving.com\/wp-content\/uploads\/2022\/10\/shutterstock_262858520.jpg?fit=1000%2C633&ssl=1&resize=700%2C400 2x"},"classes":[]},{"id":348679,"url":"https:\/\/casadecampoliving.com\/es\/paul-giudicelli-el-rescate-de-la-memoria-en-el-museo-de-la-altagracia\/","url_meta":{"origin":349452,"position":5},"title":"\u00abPaul Giudicelli: El Rescate de la memoria\u00bb en el Museo de La Altagracia","author":"Perkin Agramonte","date":"25 Nov, 2015","format":false,"excerpt":"En el d\u00eda de hoy, mi\u00e9rcoles, 25 de noviembre se le invita cordialmente a asistir a una interesante conferencia llamada \u201cPaul Giudicelli: El Rescate de la memoria\u201d por el arquitecto Gamal Michel\u00e9n en el Museo de la Altagracia en la ciudad de Higuey. A partir de las 6pm, Gamal Michelen\u2026","rel":"","context":"En \u00abArte y cultura\u00bb","block_context":{"text":"Arte y cultura","link":"https:\/\/casadecampoliving.com\/category\/arte-y-cultura\/"},"img":{"alt_text":"","src":"https:\/\/i0.wp.com\/casadecampoliving.com\/wp-content\/uploads\/2022\/10\/IGP3632-2-1-scaled.jpg?fit=1200%2C843&ssl=1&resize=350%2C200","width":350,"height":200,"srcset":"https:\/\/i0.wp.com\/casadecampoliving.com\/wp-content\/uploads\/2022\/10\/IGP3632-2-1-scaled.jpg?fit=1200%2C843&ssl=1&resize=350%2C200 1x, https:\/\/i0.wp.com\/casadecampoliving.com\/wp-content\/uploads\/2022\/10\/IGP3632-2-1-scaled.jpg?fit=1200%2C843&ssl=1&resize=525%2C300 1.5x, https:\/\/i0.wp.com\/casadecampoliving.com\/wp-content\/uploads\/2022\/10\/IGP3632-2-1-scaled.jpg?fit=1200%2C843&ssl=1&resize=700%2C400 2x, https:\/\/i0.wp.com\/casadecampoliving.com\/wp-content\/uploads\/2022\/10\/IGP3632-2-1-scaled.jpg?fit=1200%2C843&ssl=1&resize=1050%2C600 3x"},"classes":[]}],"jetpack_sharing_enabled":true,"_links":{"self":[{"href":"https:\/\/casadecampoliving.com\/es\/wp-json\/wp\/v2\/posts\/349452","targetHints":{"allow":["GET"]}}],"collection":[{"href":"https:\/\/casadecampoliving.com\/es\/wp-json\/wp\/v2\/posts"}],"about":[{"href":"https:\/\/casadecampoliving.com\/es\/wp-json\/wp\/v2\/types\/post"}],"author":[{"embeddable":true,"href":"https:\/\/casadecampoliving.com\/es\/wp-json\/wp\/v2\/users\/36682"}],"replies":[{"embeddable":true,"href":"https:\/\/casadecampoliving.com\/es\/wp-json\/wp\/v2\/comments?post=349452"}],"version-history":[{"count":1,"href":"https:\/\/casadecampoliving.com\/es\/wp-json\/wp\/v2\/posts\/349452\/revisions"}],"predecessor-version":[{"id":349453,"href":"https:\/\/casadecampoliving.com\/es\/wp-json\/wp\/v2\/posts\/349452\/revisions\/349453"}],"wp:featuredmedia":[{"embeddable":true,"href":"https:\/\/casadecampoliving.com\/es\/wp-json\/wp\/v2\/media\/295218"}],"wp:attachment":[{"href":"https:\/\/casadecampoliving.com\/es\/wp-json\/wp\/v2\/media?parent=349452"}],"wp:term":[{"taxonomy":"category","embeddable":true,"href":"https:\/\/casadecampoliving.com\/es\/wp-json\/wp\/v2\/categories?post=349452"},{"taxonomy":"post_tag","embeddable":true,"href":"https:\/\/casadecampoliving.com\/es\/wp-json\/wp\/v2\/tags?post=349452"},{"taxonomy":"newspack_spnsrs_tax","embeddable":true,"href":"https:\/\/casadecampoliving.com\/es\/wp-json\/wp\/v2\/newspack_spnsrs_tax?post=349452"}],"curies":[{"name":"wp","href":"https:\/\/api.w.org\/{rel}","templated":true}]}}