{"id":349435,"date":"2016-03-17T00:00:00","date_gmt":"2016-03-17T04:00:00","guid":{"rendered":"https:\/\/casadecampoliving.com\/paolo-chiasera\/"},"modified":"2022-10-21T19:02:44","modified_gmt":"2022-10-21T23:02:44","slug":"paolo-chiasera","status":"publish","type":"post","link":"https:\/\/casadecampoliving.com\/es\/paolo-chiasera\/","title":{"rendered":"Paolo Chiasera presenta su exposici\u00f3n \u00abSecondo Stile\u00bb con la Escuela de Dise\u00f1o"},"content":{"rendered":"\n<p id=\"tw-target-text\"><span lang=\"es\">Ya casi se nos van&nbsp;nuestros artistas en residencia Davidoff. Durante un per\u00edodo de tres meses, se han sumergido en una nueva cultura, disfrutado de sus paisajes, costumbres sociales, imperfecciones y belleza. Ellos han sido capaces de conocer nuevos amigos y han elaborado&nbsp;nuevas ideas art\u00edsticas al mismo tiempo que comparten con nosotros sus personalidades \u00fanicas<\/span><span style=\"font-weight: 400;\">. &nbsp;<\/span> <\/p>\n\n\n\n<!--more-->\n\n\n\n<p><span lang=\"es\">ESTA NOCHE en los estudios de Arte Davidoff podremos ver la&nbsp;colaboraci\u00f3n de Paolo Chiasera con tres estudiantes del programa de Bellas Artes de la Escuela de Dise\u00f1o de Altos de Chav\u00f3n: Michele Saiz , Guillermo III, y Aim\u00e9e Morales. El concepto de Paolo es crear una galer\u00eda m\u00f3vil pintando una gran tienda de lona que se utiliza como tel\u00f3n de fondo para que los artistas invitados puedan exponer su trabajo .<\/span><\/p>\n\n\n\n<p><span lang=\"es\">Muchos estudiantes se sintieron intrigados con su \u201c<span style=\"font-weight: 400;\">Carpa&nbsp;<\/span><span style=\"font-weight: 400;\">Bedouin\u201d<\/span>, y estos se inspiraron para hacer una exposici\u00f3n en el interior de la carpa, por lo decidieron estructurar un taller en torno a la organizaci\u00f3n de una exposici\u00f3n. Ahora se han unido para presentar \u201cSecondo Stile\u201d. Paolo utiliza su formato para ayudar a otros a entender los mecanismos detr\u00e1s de la creaci\u00f3n de la exhibici\u00f3n de un artista. Estamos ansiosos por ver esta nueva colaboraci\u00f3n.<\/span><\/p>\n\n\n\n<p><span lang=\"es\"><a href=\"https:\/\/casadecampoliving.com\/es\/pablo-chiasera-arte-inspiracion-y-direccion-davidoff-art-initiative\/\">En nuestra entrevista con Paolo<\/a>, nos hablo de narraciones visuales y de la&nbsp;perspectiva como inspiraci\u00f3n y conceptos significativos para comunicarse: <em><strong>\u201cA lo largo de mi carrera art\u00edstica, he llegado a&nbsp;interesarme&nbsp;m\u00e1s en la calidad del montaje y la forma en que la el montaje afecta la visibilidad de una pieza de arte.\u201d<\/strong><\/em><\/span><\/p>\n\n\n\n<p><span lang=\"es\">No dejen de asistir esta noche a los estudios de arte Davidoff de 7: 00-9 : 00 pm a conocer y descifrar las historias que nos presentaran.<\/span><\/p>\n\n\n\n<blockquote><h3><strong><a href=\"https:\/\/casadecampoliving.com\/es\/pablo-chiasera-arte-inspiracion-y-direccion-davidoff-art-initiative\/\">\u00a1Lea la entrevista que le realizamos al artista! <\/a><\/strong><\/h3><figure><img decoding=\"async\" loading=\"lazy\" data-amp-lightbox=\"true\" lightbox=\"true\" class=\"alignnone wp-image-117807 size-full\" src=\"https:\/\/i0.wp.com\/casadecampoliving.com\/wp-content\/uploads\/2022\/10\/artist2016_Chiasera_work_Secondo_Stile.jpg?resize=650%2C434&amp;ssl=1\" alt=\"Paolo Chiasera Bedouin tent \" width=\"650\" height=\"434\"><\/figure><p id=\"tw-target-text\" class=\"tw-data-text vk_txt tw-ta tw-text-small\" dir=\"ltr\" style=\"text-align: justify;\" data-placeholder=\"Translation\"><em><span lang=\"es\">El artista, escritor y curador Paolo Chiasera, tiene muchos talentos entro los cuales est\u00e1n la pintura, v\u00eddeo, interpretaci\u00f3n e instalaci\u00f3n, se basa en la investigaci\u00f3n de im\u00e1genes hist\u00f3ricas, mitos e iconos culturales. Haga clic <a href=\"https:\/\/casadecampoliving.com\/es\/pablo-chiasera-arte-inspiracion-y-direccion-davidoff-art-initiative\/\">aqu\u00ed<\/a> para leer m\u00e1s\u2026<\/span><\/em><\/p><\/blockquote>\n\n\n\n<blockquote><h3><img decoding=\"async\" loading=\"lazy\" class=\"size-full wp-image-117808 aligncenter\" src=\"https:\/\/i0.wp.com\/casadecampoliving.com\/wp-content\/uploads\/2022\/10\/Secondo-Stile-March-17.jpg?resize=652%2C844&amp;ssl=1\" alt=\"Secondo Stile March 17\" width=\"652\" height=\"844\"><\/h3><h3><\/h3><h3><span style=\"text-decoration: underline;\"><b>\u201cSecondo Stile\u201d organizada por Paolo Chiasera<\/b><\/span><\/h3><p><b>Cu\u00e1ndo: <\/b><span style=\"font-weight: 400;\">ESTA NOCHE, 17 de marzo 7:00-9:00 PM<\/span><\/p><p><b>D\u00f3nde: <\/b>Estudios de arte<b>&nbsp;<\/b><span style=\"font-weight: 400;\">Davidoff<\/span><\/p><p><span style=\"font-weight: 400;\">Puede ver mas del trabajo de Paolo Chiasera visitando su&nbsp;<a href=\"https:\/\/www.artsy.net\/artist\/paolo-chiasera\/shows\">perfil art\u00edstico.<\/a><\/span><\/p><\/blockquote>\n\n\n\n<blockquote><h3><strong>SOBRE EL PROGRAMA DE ARTISTAS EN RESIDENCIA DEL DAVIDOFF ART INITIATIVE<\/strong><\/h3><div id=\"tw-target-text-container\" class=\"tw-ta-container tw-nfl\">\n<p id=\"tw-target-text\" class=\"tw-data-text vk_txt tw-ta tw-text-small\" dir=\"ltr\" style=\"text-align: justify;\" data-placeholder=\"Translation\"><span lang=\"es\">La programa central del Davidoff Art Iniciative es el de Artistas en Residencia.&nbsp;<\/span><span lang=\"es\">Cada a\u00f1o, el programa de residencia de Davidoff ofrece plazas para artistas del Caribe que participan en cinco programas de artista de residencia en todo el mundo, as\u00ed como tambi\u00e9n para cinco artistas de fuera de la regi\u00f3n del Caribe que pasan tres meses en la Rep\u00fablica Dominicana. Un n\u00famero limitado de posiciones tambi\u00e9n se reservan para curadores y escritores que trabajan en proyectos de importancia para el arte del Caribe.&nbsp;<\/span><span lang=\"es\">Los programas de residencias art\u00edsticas ayudan a los artistas a desarrollar sus habilidades, hacer conexiones dentro de las redes globales, ganar exposici\u00f3n para su trabajo, y compartir su experiencia con los dem\u00e1s. Al ofrecer esta oportunidad a artistas emergentes e independientes de pasar un per\u00edodo extendido de tiempo trabajando en un entorno social y creativo diferente a la suya, el Davidoff Art Residency sirve como un conducto para la movilidad profesional, la inmersi\u00f3n cultural y el intercambio creativo.<\/span><\/p>\n<\/div><\/blockquote>\n","protected":false},"excerpt":{"rendered":"<p>Ya casi se nos van&nbsp;nuestros artistas en residencia Davidoff. Durante un per\u00edodo de tres meses, se han sumergido en una nueva cultura, disfrutado de sus paisajes, costumbres sociales, imperfecciones y belleza. Ellos han sido capaces de conocer nuevos amigos y han elaborado&nbsp;nuevas ideas art\u00edsticas al mismo tiempo que comparten con nosotros sus personalidades \u00fanicas. &nbsp;<\/p>\n","protected":false},"author":36681,"featured_media":294662,"comment_status":"closed","ping_status":"closed","sticky":false,"template":"","format":"standard","meta":{"newspack_ads_suppress_ads":false,"newspack_popups_has_disabled_popups":false,"newspack_sponsor_sponsorship_scope":"","newspack_sponsor_native_byline_display":"inherit","newspack_sponsor_native_category_display":"inherit","newspack_sponsor_underwriter_style":"inherit","newspack_sponsor_underwriter_placement":"inherit","_newspack_byline_active":false,"_newspack_byline":"","newspack_hide_updated_date":false,"newspack_show_updated_date":false,"newspack_content_restriction_is_exempt":false,"newspack_featured_image_position":"","newspack_post_subtitle":"","newspack_article_summary_title":"Overview:","newspack_article_summary":"","_jetpack_memberships_contains_paid_content":false,"footnotes":"","jetpack_publicize_message":"","jetpack_publicize_feature_enabled":true,"jetpack_social_post_already_shared":false,"jetpack_social_options":{"image_generator_settings":{"template":"highway","default_image_id":0,"font":"","enabled":false},"version":2},"_wpas_customize_per_network":false},"categories":[26819,26823,2524,2522],"tags":[15387,7913,15386,14265,14263,209],"newspack_spnsrs_tax":[],"class_list":["post-349435","post","type-post","status-publish","format-standard","has-post-thumbnail","hentry","category-altos-de-chavon-es","category-arte-y-cultura","category-destacados","category-eventos-es","tag-altos-de-chavon-es","tag-davidoff","tag-davidoff-art-studios","tag-events-activities","tag-paolo-chiasera","tag-school-of-design","entry"],"yoast_head":"<!-- This site is optimized with the Yoast SEO plugin v27.4 - https:\/\/yoast.com\/product\/yoast-seo-wordpress\/ -->\n<title>Paolo Chiasera presenta su exposici\u00f3n &quot;Secondo Stile&quot; con la Escuela de Dise\u00f1o | Casa de Campo Living<\/title>\n<meta name=\"description\" content=\"Ya casi se nos van&nbsp;nuestros artistas en residencia Davidoff. Durante un per\u00edodo de tres meses, se han sumergido en una nueva cultura, disfrutado de\" \/>\n<meta name=\"robots\" content=\"index, follow, max-snippet:-1, max-image-preview:large, max-video-preview:-1\" \/>\n<link rel=\"canonical\" href=\"https:\/\/casadecampoliving.com\/es\/paolo-chiasera\/\" \/>\n<meta property=\"og:locale\" content=\"es_ES\" \/>\n<meta property=\"og:type\" content=\"article\" \/>\n<meta property=\"og:title\" content=\"Paolo Chiasera presenta su exposici\u00f3n &quot;Secondo Stile&quot; con la Escuela de Dise\u00f1o | Casa de Campo Living\" \/>\n<meta property=\"og:description\" content=\"Ya casi se nos van&nbsp;nuestros artistas en residencia Davidoff. Durante un per\u00edodo de tres meses, se han sumergido en una nueva cultura, disfrutado de\" \/>\n<meta property=\"og:url\" content=\"https:\/\/casadecampoliving.com\/es\/paolo-chiasera\/\" \/>\n<meta property=\"og:site_name\" content=\"Casa de Campo Living\" \/>\n<meta property=\"article:publisher\" content=\"https:\/\/www.facebook.com\/casadecampoliving\" \/>\n<meta property=\"article:published_time\" content=\"2016-03-17T04:00:00+00:00\" \/>\n<meta property=\"article:modified_time\" content=\"2022-10-21T23:02:44+00:00\" \/>\n<meta property=\"og:image\" content=\"https:\/\/i0.wp.com\/casadecampoliving.com\/wp-content\/uploads\/2022\/10\/Paolo-Chiasera-Davidoff-Art-Residency-e1458238825556.jpg?fit=1000%2C702&ssl=1\" \/>\n\t<meta property=\"og:image:width\" content=\"1000\" \/>\n\t<meta property=\"og:image:height\" content=\"702\" \/>\n\t<meta property=\"og:image:type\" content=\"image\/jpeg\" \/>\n<meta name=\"author\" content=\"Heather Lincoln\" \/>\n<meta name=\"twitter:card\" content=\"summary_large_image\" \/>\n<meta name=\"twitter:creator\" content=\"@cdcliving\" \/>\n<meta name=\"twitter:site\" content=\"@cdcliving\" \/>\n<meta name=\"twitter:label1\" content=\"Escrito por\" \/>\n\t<meta name=\"twitter:data1\" content=\"Heather Lincoln\" \/>\n\t<meta name=\"twitter:label2\" content=\"Tiempo de lectura\" \/>\n\t<meta name=\"twitter:data2\" content=\"3 minutos\" \/>\n<script type=\"application\/ld+json\" class=\"yoast-schema-graph\">{\"@context\":\"https:\\\/\\\/schema.org\",\"@graph\":[{\"@type\":\"Article\",\"@id\":\"https:\\\/\\\/casadecampoliving.com\\\/es\\\/paolo-chiasera\\\/#article\",\"isPartOf\":{\"@id\":\"https:\\\/\\\/casadecampoliving.com\\\/es\\\/paolo-chiasera\\\/\"},\"author\":{\"name\":\"Heather Lincoln\",\"@id\":\"https:\\\/\\\/casadecampoliving.com\\\/es\\\/#\\\/schema\\\/person\\\/e3abfc63c1478fd703266a6f33a3145d\"},\"headline\":\"Paolo Chiasera presenta su exposici\u00f3n \u00abSecondo Stile\u00bb con la Escuela de Dise\u00f1o\",\"datePublished\":\"2016-03-17T04:00:00+00:00\",\"dateModified\":\"2022-10-21T23:02:44+00:00\",\"mainEntityOfPage\":{\"@id\":\"https:\\\/\\\/casadecampoliving.com\\\/es\\\/paolo-chiasera\\\/\"},\"wordCount\":594,\"publisher\":{\"@id\":\"https:\\\/\\\/casadecampoliving.com\\\/es\\\/#organization\"},\"image\":{\"@id\":\"https:\\\/\\\/casadecampoliving.com\\\/es\\\/paolo-chiasera\\\/#primaryimage\"},\"thumbnailUrl\":\"https:\\\/\\\/i0.wp.com\\\/casadecampoliving.com\\\/wp-content\\\/uploads\\\/2022\\\/10\\\/Paolo-Chiasera-Davidoff-Art-Residency-e1458238825556.jpg?fit=1000%2C702&ssl=1\",\"keywords\":[\"Altos de Chavon\",\"davidoff\",\"Davidoff Art Studios\",\"Events &amp; Activities\",\"Paolo Chiasera\",\"School of Design\"],\"articleSection\":[\"Altos de Chavon @es\",\"Arte y cultura\",\"Destacados\",\"Eventos\"],\"inLanguage\":\"es\"},{\"@type\":\"WebPage\",\"@id\":\"https:\\\/\\\/casadecampoliving.com\\\/es\\\/paolo-chiasera\\\/\",\"url\":\"https:\\\/\\\/casadecampoliving.com\\\/es\\\/paolo-chiasera\\\/\",\"name\":\"Paolo Chiasera presenta su exposici\u00f3n \\\"Secondo Stile\\\" con la Escuela de Dise\u00f1o | Casa de Campo Living\",\"isPartOf\":{\"@id\":\"https:\\\/\\\/casadecampoliving.com\\\/es\\\/#website\"},\"primaryImageOfPage\":{\"@id\":\"https:\\\/\\\/casadecampoliving.com\\\/es\\\/paolo-chiasera\\\/#primaryimage\"},\"image\":{\"@id\":\"https:\\\/\\\/casadecampoliving.com\\\/es\\\/paolo-chiasera\\\/#primaryimage\"},\"thumbnailUrl\":\"https:\\\/\\\/i0.wp.com\\\/casadecampoliving.com\\\/wp-content\\\/uploads\\\/2022\\\/10\\\/Paolo-Chiasera-Davidoff-Art-Residency-e1458238825556.jpg?fit=1000%2C702&ssl=1\",\"datePublished\":\"2016-03-17T04:00:00+00:00\",\"dateModified\":\"2022-10-21T23:02:44+00:00\",\"description\":\"Ya casi se nos van&nbsp;nuestros artistas en residencia Davidoff. Durante un per\u00edodo de tres meses, se han sumergido en una nueva cultura, disfrutado de\",\"breadcrumb\":{\"@id\":\"https:\\\/\\\/casadecampoliving.com\\\/es\\\/paolo-chiasera\\\/#breadcrumb\"},\"inLanguage\":\"es\",\"potentialAction\":[{\"@type\":\"ReadAction\",\"target\":[\"https:\\\/\\\/casadecampoliving.com\\\/es\\\/paolo-chiasera\\\/\"]}]},{\"@type\":\"ImageObject\",\"inLanguage\":\"es\",\"@id\":\"https:\\\/\\\/casadecampoliving.com\\\/es\\\/paolo-chiasera\\\/#primaryimage\",\"url\":\"https:\\\/\\\/i0.wp.com\\\/casadecampoliving.com\\\/wp-content\\\/uploads\\\/2022\\\/10\\\/Paolo-Chiasera-Davidoff-Art-Residency-e1458238825556.jpg?fit=1000%2C702&ssl=1\",\"contentUrl\":\"https:\\\/\\\/i0.wp.com\\\/casadecampoliving.com\\\/wp-content\\\/uploads\\\/2022\\\/10\\\/Paolo-Chiasera-Davidoff-Art-Residency-e1458238825556.jpg?fit=1000%2C702&ssl=1\",\"width\":1000,\"height\":702,\"caption\":\"Paolo Chiasera Davidoff Art Residency\"},{\"@type\":\"BreadcrumbList\",\"@id\":\"https:\\\/\\\/casadecampoliving.com\\\/es\\\/paolo-chiasera\\\/#breadcrumb\",\"itemListElement\":[{\"@type\":\"ListItem\",\"position\":1,\"name\":\"Home\",\"item\":\"https:\\\/\\\/casadecampoliving.com\\\/es\\\/\"},{\"@type\":\"ListItem\",\"position\":2,\"name\":\"Paolo Chiasera presenta su exposici\u00f3n &#8220;Secondo Stile&#8221; con la Escuela de Dise\u00f1o\"}]},{\"@type\":\"WebSite\",\"@id\":\"https:\\\/\\\/casadecampoliving.com\\\/es\\\/#website\",\"url\":\"https:\\\/\\\/casadecampoliving.com\\\/es\\\/\",\"name\":\"Casa de Campo Living\",\"description\":\"Resort community news and resources.\",\"publisher\":{\"@id\":\"https:\\\/\\\/casadecampoliving.com\\\/es\\\/#organization\"},\"potentialAction\":[{\"@type\":\"SearchAction\",\"target\":{\"@type\":\"EntryPoint\",\"urlTemplate\":\"https:\\\/\\\/casadecampoliving.com\\\/es\\\/?s={search_term_string}\"},\"query-input\":{\"@type\":\"PropertyValueSpecification\",\"valueRequired\":true,\"valueName\":\"search_term_string\"}}],\"inLanguage\":\"es\"},{\"@type\":\"Organization\",\"@id\":\"https:\\\/\\\/casadecampoliving.com\\\/es\\\/#organization\",\"name\":\"Casa de Campo Living\",\"url\":\"https:\\\/\\\/casadecampoliving.com\\\/es\\\/\",\"logo\":{\"@type\":\"ImageObject\",\"inLanguage\":\"es\",\"@id\":\"https:\\\/\\\/casadecampoliving.com\\\/es\\\/#\\\/schema\\\/logo\\\/image\\\/\",\"url\":\"https:\\\/\\\/i0.wp.com\\\/casadecampoliving.com\\\/wp-content\\\/uploads\\\/2022\\\/07\\\/CDCLivingLogo_V1-white-sized.png?fit=800%2C214&ssl=1\",\"contentUrl\":\"https:\\\/\\\/i0.wp.com\\\/casadecampoliving.com\\\/wp-content\\\/uploads\\\/2022\\\/07\\\/CDCLivingLogo_V1-white-sized.png?fit=800%2C214&ssl=1\",\"width\":800,\"height\":214,\"caption\":\"Casa de Campo Living\"},\"image\":{\"@id\":\"https:\\\/\\\/casadecampoliving.com\\\/es\\\/#\\\/schema\\\/logo\\\/image\\\/\"},\"sameAs\":[\"https:\\\/\\\/www.facebook.com\\\/casadecampoliving\",\"https:\\\/\\\/x.com\\\/cdcliving\"]},{\"@type\":\"Person\",\"@id\":\"https:\\\/\\\/casadecampoliving.com\\\/es\\\/#\\\/schema\\\/person\\\/e3abfc63c1478fd703266a6f33a3145d\",\"name\":\"Heather Lincoln\",\"image\":{\"@type\":\"ImageObject\",\"inLanguage\":\"es\",\"@id\":\"https:\\\/\\\/secure.gravatar.com\\\/avatar\\\/e8fc1ce4ad50385675908137b0d8d66be281d034bf072b4700460237638ea6d0?s=96&d=mm&r=g\",\"url\":\"https:\\\/\\\/secure.gravatar.com\\\/avatar\\\/e8fc1ce4ad50385675908137b0d8d66be281d034bf072b4700460237638ea6d0?s=96&d=mm&r=g\",\"contentUrl\":\"https:\\\/\\\/secure.gravatar.com\\\/avatar\\\/e8fc1ce4ad50385675908137b0d8d66be281d034bf072b4700460237638ea6d0?s=96&d=mm&r=g\",\"caption\":\"Heather Lincoln\"},\"url\":\"https:\\\/\\\/casadecampoliving.com\\\/es\\\/author\\\/hcastillo\\\/\"}]}<\/script>\n<!-- \/ Yoast SEO plugin. -->","yoast_head_json":{"title":"Paolo Chiasera presenta su exposici\u00f3n \"Secondo Stile\" con la Escuela de Dise\u00f1o | Casa de Campo Living","description":"Ya casi se nos van&nbsp;nuestros artistas en residencia Davidoff. Durante un per\u00edodo de tres meses, se han sumergido en una nueva cultura, disfrutado de","robots":{"index":"index","follow":"follow","max-snippet":"max-snippet:-1","max-image-preview":"max-image-preview:large","max-video-preview":"max-video-preview:-1"},"canonical":"https:\/\/casadecampoliving.com\/es\/paolo-chiasera\/","og_locale":"es_ES","og_type":"article","og_title":"Paolo Chiasera presenta su exposici\u00f3n \"Secondo Stile\" con la Escuela de Dise\u00f1o | Casa de Campo Living","og_description":"Ya casi se nos van&nbsp;nuestros artistas en residencia Davidoff. Durante un per\u00edodo de tres meses, se han sumergido en una nueva cultura, disfrutado de","og_url":"https:\/\/casadecampoliving.com\/es\/paolo-chiasera\/","og_site_name":"Casa de Campo Living","article_publisher":"https:\/\/www.facebook.com\/casadecampoliving","article_published_time":"2016-03-17T04:00:00+00:00","article_modified_time":"2022-10-21T23:02:44+00:00","og_image":[{"width":1000,"height":702,"url":"https:\/\/i0.wp.com\/casadecampoliving.com\/wp-content\/uploads\/2022\/10\/Paolo-Chiasera-Davidoff-Art-Residency-e1458238825556.jpg?fit=1000%2C702&ssl=1","type":"image\/jpeg"}],"author":"Heather Lincoln","twitter_card":"summary_large_image","twitter_creator":"@cdcliving","twitter_site":"@cdcliving","twitter_misc":{"Escrito por":"Heather Lincoln","Tiempo de lectura":"3 minutos"},"schema":{"@context":"https:\/\/schema.org","@graph":[{"@type":"Article","@id":"https:\/\/casadecampoliving.com\/es\/paolo-chiasera\/#article","isPartOf":{"@id":"https:\/\/casadecampoliving.com\/es\/paolo-chiasera\/"},"author":{"name":"Heather Lincoln","@id":"https:\/\/casadecampoliving.com\/es\/#\/schema\/person\/e3abfc63c1478fd703266a6f33a3145d"},"headline":"Paolo Chiasera presenta su exposici\u00f3n \u00abSecondo Stile\u00bb con la Escuela de Dise\u00f1o","datePublished":"2016-03-17T04:00:00+00:00","dateModified":"2022-10-21T23:02:44+00:00","mainEntityOfPage":{"@id":"https:\/\/casadecampoliving.com\/es\/paolo-chiasera\/"},"wordCount":594,"publisher":{"@id":"https:\/\/casadecampoliving.com\/es\/#organization"},"image":{"@id":"https:\/\/casadecampoliving.com\/es\/paolo-chiasera\/#primaryimage"},"thumbnailUrl":"https:\/\/i0.wp.com\/casadecampoliving.com\/wp-content\/uploads\/2022\/10\/Paolo-Chiasera-Davidoff-Art-Residency-e1458238825556.jpg?fit=1000%2C702&ssl=1","keywords":["Altos de Chavon","davidoff","Davidoff Art Studios","Events &amp; Activities","Paolo Chiasera","School of Design"],"articleSection":["Altos de Chavon @es","Arte y cultura","Destacados","Eventos"],"inLanguage":"es"},{"@type":"WebPage","@id":"https:\/\/casadecampoliving.com\/es\/paolo-chiasera\/","url":"https:\/\/casadecampoliving.com\/es\/paolo-chiasera\/","name":"Paolo Chiasera presenta su exposici\u00f3n \"Secondo Stile\" con la Escuela de Dise\u00f1o | Casa de Campo Living","isPartOf":{"@id":"https:\/\/casadecampoliving.com\/es\/#website"},"primaryImageOfPage":{"@id":"https:\/\/casadecampoliving.com\/es\/paolo-chiasera\/#primaryimage"},"image":{"@id":"https:\/\/casadecampoliving.com\/es\/paolo-chiasera\/#primaryimage"},"thumbnailUrl":"https:\/\/i0.wp.com\/casadecampoliving.com\/wp-content\/uploads\/2022\/10\/Paolo-Chiasera-Davidoff-Art-Residency-e1458238825556.jpg?fit=1000%2C702&ssl=1","datePublished":"2016-03-17T04:00:00+00:00","dateModified":"2022-10-21T23:02:44+00:00","description":"Ya casi se nos van&nbsp;nuestros artistas en residencia Davidoff. Durante un per\u00edodo de tres meses, se han sumergido en una nueva cultura, disfrutado de","breadcrumb":{"@id":"https:\/\/casadecampoliving.com\/es\/paolo-chiasera\/#breadcrumb"},"inLanguage":"es","potentialAction":[{"@type":"ReadAction","target":["https:\/\/casadecampoliving.com\/es\/paolo-chiasera\/"]}]},{"@type":"ImageObject","inLanguage":"es","@id":"https:\/\/casadecampoliving.com\/es\/paolo-chiasera\/#primaryimage","url":"https:\/\/i0.wp.com\/casadecampoliving.com\/wp-content\/uploads\/2022\/10\/Paolo-Chiasera-Davidoff-Art-Residency-e1458238825556.jpg?fit=1000%2C702&ssl=1","contentUrl":"https:\/\/i0.wp.com\/casadecampoliving.com\/wp-content\/uploads\/2022\/10\/Paolo-Chiasera-Davidoff-Art-Residency-e1458238825556.jpg?fit=1000%2C702&ssl=1","width":1000,"height":702,"caption":"Paolo Chiasera Davidoff Art Residency"},{"@type":"BreadcrumbList","@id":"https:\/\/casadecampoliving.com\/es\/paolo-chiasera\/#breadcrumb","itemListElement":[{"@type":"ListItem","position":1,"name":"Home","item":"https:\/\/casadecampoliving.com\/es\/"},{"@type":"ListItem","position":2,"name":"Paolo Chiasera presenta su exposici\u00f3n &#8220;Secondo Stile&#8221; con la Escuela de Dise\u00f1o"}]},{"@type":"WebSite","@id":"https:\/\/casadecampoliving.com\/es\/#website","url":"https:\/\/casadecampoliving.com\/es\/","name":"Casa de Campo Living","description":"Resort community news and resources.","publisher":{"@id":"https:\/\/casadecampoliving.com\/es\/#organization"},"potentialAction":[{"@type":"SearchAction","target":{"@type":"EntryPoint","urlTemplate":"https:\/\/casadecampoliving.com\/es\/?s={search_term_string}"},"query-input":{"@type":"PropertyValueSpecification","valueRequired":true,"valueName":"search_term_string"}}],"inLanguage":"es"},{"@type":"Organization","@id":"https:\/\/casadecampoliving.com\/es\/#organization","name":"Casa de Campo Living","url":"https:\/\/casadecampoliving.com\/es\/","logo":{"@type":"ImageObject","inLanguage":"es","@id":"https:\/\/casadecampoliving.com\/es\/#\/schema\/logo\/image\/","url":"https:\/\/i0.wp.com\/casadecampoliving.com\/wp-content\/uploads\/2022\/07\/CDCLivingLogo_V1-white-sized.png?fit=800%2C214&ssl=1","contentUrl":"https:\/\/i0.wp.com\/casadecampoliving.com\/wp-content\/uploads\/2022\/07\/CDCLivingLogo_V1-white-sized.png?fit=800%2C214&ssl=1","width":800,"height":214,"caption":"Casa de Campo Living"},"image":{"@id":"https:\/\/casadecampoliving.com\/es\/#\/schema\/logo\/image\/"},"sameAs":["https:\/\/www.facebook.com\/casadecampoliving","https:\/\/x.com\/cdcliving"]},{"@type":"Person","@id":"https:\/\/casadecampoliving.com\/es\/#\/schema\/person\/e3abfc63c1478fd703266a6f33a3145d","name":"Heather Lincoln","image":{"@type":"ImageObject","inLanguage":"es","@id":"https:\/\/secure.gravatar.com\/avatar\/e8fc1ce4ad50385675908137b0d8d66be281d034bf072b4700460237638ea6d0?s=96&d=mm&r=g","url":"https:\/\/secure.gravatar.com\/avatar\/e8fc1ce4ad50385675908137b0d8d66be281d034bf072b4700460237638ea6d0?s=96&d=mm&r=g","contentUrl":"https:\/\/secure.gravatar.com\/avatar\/e8fc1ce4ad50385675908137b0d8d66be281d034bf072b4700460237638ea6d0?s=96&d=mm&r=g","caption":"Heather Lincoln"},"url":"https:\/\/casadecampoliving.com\/es\/author\/hcastillo\/"}]}},"parsely":{"version":"1.1.0","canonical_url":"https:\/\/casadecampoliving.com\/es\/paolo-chiasera\/","smart_links":{"inbound":0,"outbound":0},"traffic_boost_suggestions_count":0,"meta":{"@context":"https:\/\/schema.org","@type":"NewsArticle","headline":"Paolo Chiasera presenta su exposici\u00f3n \u00abSecondo Stile\u00bb con la Escuela de Dise\u00f1o","url":"http:\/\/casadecampoliving.com\/es\/paolo-chiasera\/","mainEntityOfPage":{"@type":"WebPage","@id":"http:\/\/casadecampoliving.com\/es\/paolo-chiasera\/"},"thumbnailUrl":"https:\/\/i0.wp.com\/casadecampoliving.com\/wp-content\/uploads\/2022\/10\/Paolo-Chiasera-Davidoff-Art-Residency-e1458238825556.jpg?resize=150%2C150&ssl=1","image":{"@type":"ImageObject","url":"https:\/\/i0.wp.com\/casadecampoliving.com\/wp-content\/uploads\/2022\/10\/Paolo-Chiasera-Davidoff-Art-Residency-e1458238825556.jpg?fit=1000%2C702&ssl=1"},"articleSection":"Altos de Chavon @es","author":[{"@type":"Person","name":"Heather Lincoln"}],"creator":["Heather Lincoln"],"publisher":{"@type":"Organization","name":"Casa de Campo Living","logo":"https:\/\/casadecampoliving.com\/wp-content\/uploads\/2022\/07\/CDCLivingLogo_V1-white-sized.png"},"keywords":["altos de chavon","davidoff","davidoff art studios","events &amp; activities","paolo chiasera","school of design"],"dateCreated":"2016-03-17T04:00:00Z","datePublished":"2016-03-17T04:00:00Z","dateModified":"2022-10-21T23:02:44Z"},"rendered":"<script type=\"application\/ld+json\" class=\"wp-parsely-metadata\">{\"@context\":\"https:\\\/\\\/schema.org\",\"@type\":\"NewsArticle\",\"headline\":\"Paolo Chiasera presenta su exposici\\u00f3n \\u00abSecondo Stile\\u00bb con la Escuela de Dise\\u00f1o\",\"url\":\"http:\\\/\\\/casadecampoliving.com\\\/es\\\/paolo-chiasera\\\/\",\"mainEntityOfPage\":{\"@type\":\"WebPage\",\"@id\":\"http:\\\/\\\/casadecampoliving.com\\\/es\\\/paolo-chiasera\\\/\"},\"thumbnailUrl\":\"https:\\\/\\\/i0.wp.com\\\/casadecampoliving.com\\\/wp-content\\\/uploads\\\/2022\\\/10\\\/Paolo-Chiasera-Davidoff-Art-Residency-e1458238825556.jpg?resize=150%2C150&ssl=1\",\"image\":{\"@type\":\"ImageObject\",\"url\":\"https:\\\/\\\/i0.wp.com\\\/casadecampoliving.com\\\/wp-content\\\/uploads\\\/2022\\\/10\\\/Paolo-Chiasera-Davidoff-Art-Residency-e1458238825556.jpg?fit=1000%2C702&ssl=1\"},\"articleSection\":\"Altos de Chavon @es\",\"author\":[{\"@type\":\"Person\",\"name\":\"Heather Lincoln\"}],\"creator\":[\"Heather Lincoln\"],\"publisher\":{\"@type\":\"Organization\",\"name\":\"Casa de Campo Living\",\"logo\":\"https:\\\/\\\/casadecampoliving.com\\\/wp-content\\\/uploads\\\/2022\\\/07\\\/CDCLivingLogo_V1-white-sized.png\"},\"keywords\":[\"altos de chavon\",\"davidoff\",\"davidoff art studios\",\"events &amp; activities\",\"paolo chiasera\",\"school of design\"],\"dateCreated\":\"2016-03-17T04:00:00Z\",\"datePublished\":\"2016-03-17T04:00:00Z\",\"dateModified\":\"2022-10-21T23:02:44Z\"}<\/script>","tracker_url":"https:\/\/cdn.parsely.com\/keys\/casadecampoliving.com\/p.js"},"jetpack_publicize_connections":[],"jetpack_featured_media_url":"https:\/\/i0.wp.com\/casadecampoliving.com\/wp-content\/uploads\/2022\/10\/Paolo-Chiasera-Davidoff-Art-Residency-e1458238825556.jpg?fit=1000%2C702&ssl=1","jetpack-related-posts":[{"id":349499,"url":"https:\/\/casadecampoliving.com\/es\/paolo-chiasera-residente-del-davidoff-art-initiative-abre-exposicion-junto-con-estudiantes-de-la-escuela-de-diseno\/","url_meta":{"origin":349435,"position":0},"title":"Paolo Chiasera Residente del Davidoff Art Initiative abre exposici\u00f3n junto con estudiantes de la Escuela de Dise\u00f1o","author":"Anna Pavilsova","date":"27 Mar, 2016","format":false,"excerpt":"Paolo Chiasera es uno de los cuatro artistas muy talentosos que, gracias al programa de residencia del Davidoff Art Initiative, vinieron a vivir en Altos de Chav\u00f3n. El pasado viernes, 18 de marzo \u00e9l junto con tres estudiantes de la Escuela de Arte y Dise\u00f1o, Michele Saiz, William III y\u2026","rel":"","context":"En \u00abArte y cultura\u00bb","block_context":{"text":"Arte y cultura","link":"https:\/\/casadecampoliving.com\/category\/arte-y-cultura\/"},"img":{"alt_text":"Featured Image \u2014 Paolo Chiasera exhibit with School of Design","src":"https:\/\/i0.wp.com\/casadecampoliving.com\/wp-content\/uploads\/2022\/10\/DSC_0469-scaled.jpg?fit=1200%2C800&ssl=1&resize=350%2C200","width":350,"height":200,"srcset":"https:\/\/i0.wp.com\/casadecampoliving.com\/wp-content\/uploads\/2022\/10\/DSC_0469-scaled.jpg?fit=1200%2C800&ssl=1&resize=350%2C200 1x, https:\/\/i0.wp.com\/casadecampoliving.com\/wp-content\/uploads\/2022\/10\/DSC_0469-scaled.jpg?fit=1200%2C800&ssl=1&resize=525%2C300 1.5x, https:\/\/i0.wp.com\/casadecampoliving.com\/wp-content\/uploads\/2022\/10\/DSC_0469-scaled.jpg?fit=1200%2C800&ssl=1&resize=700%2C400 2x, https:\/\/i0.wp.com\/casadecampoliving.com\/wp-content\/uploads\/2022\/10\/DSC_0469-scaled.jpg?fit=1200%2C800&ssl=1&resize=1050%2C600 3x"},"classes":[]},{"id":349065,"url":"https:\/\/casadecampoliving.com\/es\/conoce-nuevos-artistas-residencia-davidoff-art-initiative\/","url_meta":{"origin":349435,"position":1},"title":"Conoce los nuevos artistas en residencia del Davidoff Art Initiative","author":"Carla Campos","date":"25 Ene, 2016","format":false,"excerpt":"Paolo Chiasera, Louis Henderson y\u00a0Oscar Santillan ser\u00e1n introducidos HOY, 25 de enero, como los nuevos artistas en residencia del Davidoff Art Initiative Residency. Est\u00e1n cordialmente invitados al c\u00f3ctel de introducci\u00f3n, que se llevar\u00e1 a cabo en La Galer\u00eda de Altos de Chav\u00f3n a las\u00a07:00pm. Louis Henderson Es un cineasta cuyo\u2026","rel":"","context":"En \u00abAltos de Chavon @es\u00bb","block_context":{"text":"Altos de Chavon @es","link":"https:\/\/casadecampoliving.com\/category\/altos-de-chavon-es\/"},"img":{"alt_text":"","src":"https:\/\/i0.wp.com\/casadecampoliving.com\/wp-content\/uploads\/2022\/10\/large-2-1.jpg?fit=640%2C444&ssl=1&resize=350%2C200","width":350,"height":200,"srcset":"https:\/\/i0.wp.com\/casadecampoliving.com\/wp-content\/uploads\/2022\/10\/large-2-1.jpg?fit=640%2C444&ssl=1&resize=350%2C200 1x, https:\/\/i0.wp.com\/casadecampoliving.com\/wp-content\/uploads\/2022\/10\/large-2-1.jpg?fit=640%2C444&ssl=1&resize=525%2C300 1.5x"},"classes":[]},{"id":349098,"url":"https:\/\/casadecampoliving.com\/es\/nuevos-artistas-residentes-davidoff-altos-de-chavon\/","url_meta":{"origin":349435,"position":2},"title":"Nuevos Artistas en la Residencia Davidoff en Altos de Chav\u00f3n","author":"Anna Pavilsova","date":"29 Ene, 2016","format":false,"excerpt":"\u00a1Hay tres incre\u00edbles artistas en Casa de Campo! Todo gracias al Davidoff Art Residency Initiative, la cual ayuda a los artistas a reunirse y trabajar en distintos pa\u00edses. El programa ayuda a los artistas a desarrollarse proporcion\u00e1ndoles oportunidades para promover su trabajo y obtener contactos internacionales, mientras est\u00e1n inmersos en\u2026","rel":"","context":"En \u00abAltos de Chavon @es\u00bb","block_context":{"text":"Altos de Chavon @es","link":"https:\/\/casadecampoliving.com\/category\/altos-de-chavon-es\/"},"img":{"alt_text":"Art Gallery Piece","src":"https:\/\/i0.wp.com\/casadecampoliving.com\/wp-content\/uploads\/2022\/10\/Art-Gallery-Piece-1.jpg?fit=650%2C323&ssl=1&resize=350%2C200","width":350,"height":200,"srcset":"https:\/\/i0.wp.com\/casadecampoliving.com\/wp-content\/uploads\/2022\/10\/Art-Gallery-Piece-1.jpg?fit=650%2C323&ssl=1&resize=350%2C200 1x, https:\/\/i0.wp.com\/casadecampoliving.com\/wp-content\/uploads\/2022\/10\/Art-Gallery-Piece-1.jpg?fit=650%2C323&ssl=1&resize=525%2C300 1.5x"},"classes":[]},{"id":327225,"url":"https:\/\/casadecampoliving.com\/paolo-chiasera-2\/","url_meta":{"origin":349435,"position":3},"title":"Paolo Chiasera presents \u00abSecondo Stile\u00bb exhibit with School of Design","author":"Heather Lincoln","date":"17 Mar, 2016","format":false,"excerpt":"It\u2019s the winding down of our Davidoff Artists in Residency. For a period of three months, they have been submerged in a new culture, digesting its unique landscapes, social customs, imperfections and beauty. They been able to meet new friends and confront new artistic thoughts at the same time as\u2026","rel":"","context":"En \u00abAltos de Chavon\u00bb","block_context":{"text":"Altos de Chavon","link":"https:\/\/casadecampoliving.com\/category\/altos-de-chavon\/"},"img":{"alt_text":"Paolo Chiasera Davidoff Art Residency","src":"https:\/\/i0.wp.com\/casadecampoliving.com\/wp-content\/uploads\/2022\/10\/Paolo-Chiasera-Davidoff-Art-Residency-e1458238825556.jpg?fit=1000%2C702&ssl=1&resize=350%2C200","width":350,"height":200,"srcset":"https:\/\/i0.wp.com\/casadecampoliving.com\/wp-content\/uploads\/2022\/10\/Paolo-Chiasera-Davidoff-Art-Residency-e1458238825556.jpg?fit=1000%2C702&ssl=1&resize=350%2C200 1x, https:\/\/i0.wp.com\/casadecampoliving.com\/wp-content\/uploads\/2022\/10\/Paolo-Chiasera-Davidoff-Art-Residency-e1458238825556.jpg?fit=1000%2C702&ssl=1&resize=525%2C300 1.5x, https:\/\/i0.wp.com\/casadecampoliving.com\/wp-content\/uploads\/2022\/10\/Paolo-Chiasera-Davidoff-Art-Residency-e1458238825556.jpg?fit=1000%2C702&ssl=1&resize=700%2C400 2x"},"classes":[]},{"id":326968,"url":"https:\/\/casadecampoliving.com\/meet-new-artists-davidoff-art-initiative-residency\/","url_meta":{"origin":349435,"position":4},"title":"Meet the new artists at the Davidoff Art Initiative Residency!","author":"Carla Campos","date":"25 Ene, 2016","format":false,"excerpt":"Paolo Chiasera, Louis Henderson and Oscar Santillan will be introduced TODAY, January 25th as the new artists in residence of the Davidoff Art Initiative Residency.\u00a0You are all cordially invited to attend the introductory cocktail to take place at the The Gallery at Altos de Chav\u00f3n at 7:00pm. Louis Henderson Louis\u2026","rel":"","context":"En \u00abAltos de Chavon\u00bb","block_context":{"text":"Altos de Chavon","link":"https:\/\/casadecampoliving.com\/category\/altos-de-chavon\/"},"img":{"alt_text":"","src":"https:\/\/i0.wp.com\/casadecampoliving.com\/wp-content\/uploads\/2022\/10\/large-2-1.jpg?fit=640%2C444&ssl=1&resize=350%2C200","width":350,"height":200,"srcset":"https:\/\/i0.wp.com\/casadecampoliving.com\/wp-content\/uploads\/2022\/10\/large-2-1.jpg?fit=640%2C444&ssl=1&resize=350%2C200 1x, https:\/\/i0.wp.com\/casadecampoliving.com\/wp-content\/uploads\/2022\/10\/large-2-1.jpg?fit=640%2C444&ssl=1&resize=525%2C300 1.5x"},"classes":[]},{"id":327258,"url":"https:\/\/casadecampoliving.com\/davidoff-art-initiative-resident-paolo-chiasera-opened-joint-exhibition-school-design-students\/","url_meta":{"origin":349435,"position":5},"title":"Davidoff Art Initiative resident Paolo Chiasera&#8217;s joint exhibition with School of Design","author":"Anna Pavilsova","date":"27 Mar, 2016","format":false,"excerpt":"Paolo Chiasera is one of four very talented artists who, thanks to the Davidoff Art Initiative Residency, came to live in Altos in Chav\u00f3n. Last Friday, March 18th, he and three students from the School of Art and Design, Michele Saiz, William III and Aimee Morales opened a joint exhibit!\u2026","rel":"","context":"En \u00abArt and Culture\u00bb","block_context":{"text":"Art and Culture","link":"https:\/\/casadecampoliving.com\/category\/art-and-culture\/"},"img":{"alt_text":"Featured Image \u2014 Paolo Chiasera exhibit with School of Design","src":"https:\/\/i0.wp.com\/casadecampoliving.com\/wp-content\/uploads\/2022\/10\/DSC_0469-scaled.jpg?fit=1200%2C800&ssl=1&resize=350%2C200","width":350,"height":200,"srcset":"https:\/\/i0.wp.com\/casadecampoliving.com\/wp-content\/uploads\/2022\/10\/DSC_0469-scaled.jpg?fit=1200%2C800&ssl=1&resize=350%2C200 1x, https:\/\/i0.wp.com\/casadecampoliving.com\/wp-content\/uploads\/2022\/10\/DSC_0469-scaled.jpg?fit=1200%2C800&ssl=1&resize=525%2C300 1.5x, https:\/\/i0.wp.com\/casadecampoliving.com\/wp-content\/uploads\/2022\/10\/DSC_0469-scaled.jpg?fit=1200%2C800&ssl=1&resize=700%2C400 2x, https:\/\/i0.wp.com\/casadecampoliving.com\/wp-content\/uploads\/2022\/10\/DSC_0469-scaled.jpg?fit=1200%2C800&ssl=1&resize=1050%2C600 3x"},"classes":[]}],"jetpack_sharing_enabled":true,"_links":{"self":[{"href":"https:\/\/casadecampoliving.com\/es\/wp-json\/wp\/v2\/posts\/349435","targetHints":{"allow":["GET"]}}],"collection":[{"href":"https:\/\/casadecampoliving.com\/es\/wp-json\/wp\/v2\/posts"}],"about":[{"href":"https:\/\/casadecampoliving.com\/es\/wp-json\/wp\/v2\/types\/post"}],"author":[{"embeddable":true,"href":"https:\/\/casadecampoliving.com\/es\/wp-json\/wp\/v2\/users\/36681"}],"replies":[{"embeddable":true,"href":"https:\/\/casadecampoliving.com\/es\/wp-json\/wp\/v2\/comments?post=349435"}],"version-history":[{"count":1,"href":"https:\/\/casadecampoliving.com\/es\/wp-json\/wp\/v2\/posts\/349435\/revisions"}],"predecessor-version":[{"id":349436,"href":"https:\/\/casadecampoliving.com\/es\/wp-json\/wp\/v2\/posts\/349435\/revisions\/349436"}],"wp:featuredmedia":[{"embeddable":true,"href":"https:\/\/casadecampoliving.com\/es\/wp-json\/wp\/v2\/media\/294662"}],"wp:attachment":[{"href":"https:\/\/casadecampoliving.com\/es\/wp-json\/wp\/v2\/media?parent=349435"}],"wp:term":[{"taxonomy":"category","embeddable":true,"href":"https:\/\/casadecampoliving.com\/es\/wp-json\/wp\/v2\/categories?post=349435"},{"taxonomy":"post_tag","embeddable":true,"href":"https:\/\/casadecampoliving.com\/es\/wp-json\/wp\/v2\/tags?post=349435"},{"taxonomy":"newspack_spnsrs_tax","embeddable":true,"href":"https:\/\/casadecampoliving.com\/es\/wp-json\/wp\/v2\/newspack_spnsrs_tax?post=349435"}],"curies":[{"name":"wp","href":"https:\/\/api.w.org\/{rel}","templated":true}]}}