{"id":349393,"date":"2016-03-20T00:00:00","date_gmt":"2016-03-20T04:00:00","guid":{"rendered":"https:\/\/casadecampoliving.com\/cafe-marietta-tratto-pub-redefine-estandares-en-casa\/"},"modified":"2022-10-21T19:00:27","modified_gmt":"2022-10-21T23:00:27","slug":"cafe-marietta-tratto-pub-redefine-estandares-en-casa","status":"publish","type":"post","link":"https:\/\/casadecampoliving.com\/es\/cafe-marietta-tratto-pub-redefine-estandares-en-casa\/","title":{"rendered":"Caf\u00e9 Marietta: Tratto Pub redefine los est\u00e1ndares de buen ambiente y comida en Casa"},"content":{"rendered":"<div class=\"wp-block-image\">\n<figure class=\"aligncenter is-resized\"><img loading=\"lazy\" decoding=\"async\" src=\"https:\/\/i0.wp.com\/casadecampoliving.com\/wp-content\/uploads\/2022\/10\/i-gkS8KJf-L.jpg?resize=1000%2C668&amp;ssl=1\" alt=\"i-gkS8KJf-L\" class=\"wp-image-117893\" height=\"668\" width=\"1000\"\/><\/figure>\n<\/div>\n\n\n<p><\/p>\n\n\n\n<p>Sobremirando el R\u00edo Chav\u00f3n y ostentando las mejores vistas de la Iglesia San Estanislao en Altos de Chav\u00f3n, en tan s\u00f3lo un a\u00f1o, Caf\u00e9 Marietta se ha convertido&nbsp;el lugar ideal para aquellos que buscan degustar platos italianos bien elaborados en un ambiente casual. Autodenominado Tratto Pub, <em>Marietta<\/em> es fiel al concepto <em>trattoria<\/em> \u2014 un restaurante casual con precios bajos y que se centra tanto en el ambiente como en la comida. Y ya que los cocteles, cervezas y el vino siempre circulan libremente toda la noche, este <em>pub<\/em> se ha vuelto r\u00e1pidamente el favorito de los lugare\u00f1os.<\/p>\n\n\n\n<!--more-->\n\n\n\n<p>Durante una&nbsp;noche&nbsp;normal puede encontrar grupos de&nbsp;residentes y visitantes&nbsp;de Casa de Campo compartiendo&nbsp;aperitivos, cocteles, y cigarros mientras disfrutan de la incomparable brisa que se siente durante todo el a\u00f1o en la terraza al aire libre. Para aquellos que est\u00e9n buscando un plato&nbsp;completo, las ensaladas, pastas, platos insignias, hamburguesas, y pizzas hechas al horno de ladrillos van de la mano con una botella de vino para la mesa completa.<\/p>\n\n\n\n<p>El diverso men\u00fa est\u00e1 compuesto de ingredientes simples pero de alta calidad, y tiene algo para todo el mundo. Seguramente la siguiente selecci\u00f3n de platos de Caf\u00e9 Marietta le inspirar\u00e1n a que lo visite y los pruebe por usted mismo.<\/p>\n\n\n<div class=\"wp-block-image\">\n<figure class=\"aligncenter is-resized\"><img loading=\"lazy\" decoding=\"async\" src=\"https:\/\/i0.wp.com\/casadecampoliving.com\/wp-content\/uploads\/2022\/10\/i-RBRmF8h-L.jpg?resize=1000%2C668&amp;ssl=1\" alt=\"i-RBRmF8h-L\" class=\"wp-image-117899\" height=\"668\" width=\"1000\"\/><\/figure>\n<\/div>\n\n\n<p><span style=\"text-decoration: underline;\"><strong>Fritto Misto <em>(Fritura Mixta)<\/em><\/strong><\/span><\/p>\n\n\n\n<p>El aperitivo perfecto para complacer a todo el mundo, los vegetales finamente rebanados y los mariscos del Fritto Mistro hacen de este plato uno de los favoritos del restaurante. El suave arrebozado que lo acompa\u00f1a contribuye a su factor crocante y la salsa t\u00e1rtara casera hace que del <em>dipping<\/em> la parte m\u00e1s importante del ritual de compartir.<\/p>\n\n\n<div class=\"wp-block-image\">\n<figure class=\"aligncenter is-resized\"><img loading=\"lazy\" decoding=\"async\" src=\"https:\/\/i0.wp.com\/casadecampoliving.com\/wp-content\/uploads\/2022\/10\/i-fN3FW6r-L.jpg?resize=1000%2C668&amp;ssl=1\" alt=\"i-fN3FW6r-L\" class=\"wp-image-117891\" height=\"668\" width=\"1000\"\/><\/figure>\n<\/div>\n\n\n<p><span style=\"text-decoration: underline;\"><strong>Mozzarella en Carrozza<\/strong><\/span><\/p>\n\n\n\n<p>La m<span style=\"font-weight: 400;\">ozzarella llega al banquete en su redondo&nbsp;carruaje en la interpretaci\u00f3n de Caf\u00e9 Marietta del ep\u00edtome de la comida comfort. Un bola de cremoso queso mozzarella cubierta de una fina capa de prosciutto y rebozado sobre salsa de tomate y pesto es servida con trozos de focaccia artesanal.<\/span><\/p>\n\n\n<div class=\"wp-block-image\">\n<figure class=\"aligncenter is-resized\"><img loading=\"lazy\" decoding=\"async\" src=\"https:\/\/i0.wp.com\/casadecampoliving.com\/wp-content\/uploads\/2022\/10\/i-L2QBsqC-L.jpg?resize=1000%2C668&amp;ssl=1\" alt=\"i-L2QBsqC-L\" class=\"wp-image-117889\" height=\"668\" width=\"1000\"\/><\/figure>\n<\/div>\n\n\n<p><span style=\"text-decoration: underline;\"><strong>Ensalada C\u00e9sar<\/strong><\/span><span style=\"font-weight: 400;\">&nbsp;<\/span><\/p>\n\n\n\n<p>La comida <em>trattoria<\/em> es sin\u00f3nimo de simplicidad sin sacrificar la calidad de los ingredientes. Esta ensalada es presentada con un inmaculado cogollo de lechuza romana cubierta de todos los ingredientes que hacen a una ensalada c\u00e9sar especial&nbsp;\u2014 tocino, queso parmesano, picatostes y salsa cremosa.<\/p>\n\n\n<div class=\"wp-block-image\">\n<figure class=\"aligncenter is-resized\"><img loading=\"lazy\" decoding=\"async\" src=\"https:\/\/i0.wp.com\/casadecampoliving.com\/wp-content\/uploads\/2022\/10\/i-Jkw8Z34-L.jpg?resize=1000%2C668&amp;ssl=1\" alt=\"i-Jkw8Z34-L\" class=\"wp-image-117897\" height=\"668\" width=\"1000\"\/><\/figure>\n<\/div>\n\n\n<p><span style=\"text-decoration: underline;\"><strong>Tratto Burger<\/strong><\/span><\/p>\n\n\n\n<p>Una gruesa hamburguesa adornada con tocino,&nbsp;<span style=\"font-weight: 400;\">arugula, cebolla caramelizada y hongos. La cremosa salsa stroganoff, que es roceada sobre la hamburguesa, hacen que sea uno de los platos m\u00e1s ordenados en Marietta \u2014 la combinaci\u00f3n perfecta de sabores y texturas en un mordisco.<\/span><\/p>\n\n\n<div class=\"wp-block-image\">\n<figure class=\"aligncenter is-resized\"><img loading=\"lazy\" decoding=\"async\" src=\"https:\/\/i0.wp.com\/casadecampoliving.com\/wp-content\/uploads\/2022\/10\/i-MXssxz5-L.jpg?resize=1000%2C668&amp;ssl=1\" alt=\"i-MXssxz5-L\" class=\"wp-image-117898\" height=\"668\" width=\"1000\"\/><\/figure>\n<\/div>\n\n\n<p><span style=\"text-decoration: underline;\"><strong>Panzerotti de Queso de Cabra<\/strong><\/span><\/p>\n\n\n\n<p><span style=\"font-weight: 400;\">En el \u201cdepartamento de los platos hechos en casa\u201d, esta <strong>pasta<\/strong> con forma de media luna rellena de queso de cabra y acompa\u00f1ada de<\/span><span style=\"font-weight: 400;\">&nbsp;salsa semiglaseada, prosciutto, y frescos tomates cherry, se llevan el premio. Una&nbsp;combinaci\u00f3n completa de deliciosos&nbsp;ingredientes hacen de esta pasta cubierta&nbsp;de queso parmesano un plato que no encontrar\u00e1 en ning\u00fan otro lugar.<\/span><\/p>\n\n\n<div class=\"wp-block-image\">\n<figure class=\"aligncenter is-resized\"><img loading=\"lazy\" decoding=\"async\" src=\"https:\/\/i0.wp.com\/casadecampoliving.com\/wp-content\/uploads\/2022\/10\/i-5nrbpZW-L.jpg?resize=1000%2C668&amp;ssl=1\" alt=\"i-5nrbpZW-L\" class=\"wp-image-117890\" height=\"668\" width=\"1000\"\/><\/figure>\n<\/div>\n\n\n<p><span style=\"text-decoration: underline;\"><strong>Filete de Lomo con Piment\u00f3n Verde<\/strong><\/span><\/p>\n\n\n\n<p>Un grueso corte de filete de lomo de res cocido a la perfecci\u00f3n es servido en una cama de patatas asadas al romero para tentar a aquellos que buscan satisfacer su&nbsp;antojo&nbsp;de papas y carne. Y la cremosa salsa de piment\u00f3n verde es una gran adici\u00f3n a una combinaci\u00f3n que ya de por s\u00ed es excepcional.<\/p>\n\n\n<div class=\"wp-block-image\">\n<figure class=\"aligncenter is-resized\"><img loading=\"lazy\" decoding=\"async\" src=\"https:\/\/i0.wp.com\/casadecampoliving.com\/wp-content\/uploads\/2022\/10\/i-p9P8bLR-L.jpg?resize=1000%2C668&amp;ssl=1\" alt=\"i-p9P8bLR-L\" class=\"wp-image-117888\" height=\"668\" width=\"1000\"\/><\/figure>\n<\/div>\n\n\n<p><span style=\"text-decoration: underline;\"><strong>Veggie Pizza<\/strong><\/span><\/p>\n\n\n\n<p><span style=\"font-weight: 400;\">Pizza artesanal hecha&nbsp;en un horno de ladrillo y servida a su mesa acabada de salir es lo \u00faltimo en comida comfort. En&nbsp;Caf\u00e9 Marietta, la masa de pizza es el ingrediente m\u00e1s importante seguido de una generosa cantidad de ingredientes frescos. La Veggie Pizza, cubierta con queso&nbsp;pomodoro, mozzarella, berenjena, tomate, zucchini, cebolla&nbsp;y hongos es la pizza m\u00e1s saludable que conseguir\u00e1.<\/span><\/p>\n\n\n\n<blockquote><h3><b>Caf\u00e9 Marietta<\/b><\/h3><figure><img decoding=\"async\" loading=\"lazy\" class=\" wp-image-117953 alignright\" src=\"https:\/\/i0.wp.com\/casadecampoliving.com\/wp-content\/uploads\/2022\/10\/Cafe-Marietta-logo-e1458576306288.jpg?resize=170%2C170&amp;ssl=1\" alt=\"Caf\u00e9 Marietta\" width=\"170\" height=\"170\"><\/figure><p><b>Ubicaci\u00f3n:<\/b>&nbsp;Altos de Chav\u00f3n, La Romana<\/p><p><b>Horario:<\/b> 12&nbsp;pm\u2013 1 am&nbsp;(abierto para almuerzo y cena)<\/p><p><b>Tel:<\/b> (809)&nbsp;951-1550<\/p><p><strong>Facebook:&nbsp;<\/strong><a class=\"_56pjv\" href=\"http:\/\/www.facebook.com\/cafemarietta\" target=\"_blank\" rel=\"nofollow me noopener\" data-reactid=\".0.1.0.0:0.1.1.4\">www.facebook.com\/cafemarietta<\/a><\/p><p><strong>Instagram:&nbsp;<\/strong><a href=\"https:\/\/www.instagram.com\/cafemarietta\/\" target=\"_blank\" rel=\"noopener\">https:\/\/www.instagram.com\/cafemarietta\/<\/a><\/p><\/blockquote>\n\n\n\n<p>Fotograf\u00edas por&nbsp;Lauren Llenas.<\/p>\n","protected":false},"excerpt":{"rendered":"<p>Sobremirando el R\u00edo Chav\u00f3n y ostentando las mejores vistas de la Iglesia San Estanislao en Altos de Chav\u00f3n, en tan s\u00f3lo un a\u00f1o, Caf\u00e9 Marietta se ha convertido&nbsp;el lugar ideal para aquellos que buscan degustar platos italianos bien elaborados en un ambiente casual. Autodenominado Tratto Pub, Marietta es fiel al concepto trattoria \u2014 un restaurante [&hellip;]<\/p>\n","protected":false},"author":34707,"featured_media":292698,"comment_status":"closed","ping_status":"closed","sticky":false,"template":"","format":"standard","meta":{"newspack_ads_suppress_ads":false,"newspack_popups_has_disabled_popups":false,"newspack_sponsor_sponsorship_scope":"","newspack_sponsor_native_byline_display":"inherit","newspack_sponsor_native_category_display":"inherit","newspack_sponsor_underwriter_style":"inherit","newspack_sponsor_underwriter_placement":"inherit","_newspack_byline_active":false,"_newspack_byline":"","newspack_hide_updated_date":false,"newspack_show_updated_date":false,"newspack_content_restriction_is_exempt":false,"newspack_featured_image_position":"","newspack_post_subtitle":"","newspack_article_summary_title":"Overview:","newspack_article_summary":"","_jetpack_memberships_contains_paid_content":false,"footnotes":"","jetpack_publicize_message":"","jetpack_publicize_feature_enabled":true,"jetpack_social_post_already_shared":false,"jetpack_social_options":{"image_generator_settings":{"template":"highway","default_image_id":0,"font":"","enabled":false},"version":2},"_wpas_customize_per_network":false},"categories":[26819,26936,26951,14629,26822,2520,2526,2501],"tags":[3575,11715,3059],"newspack_spnsrs_tax":[],"class_list":["post-349393","post","type-post","status-publish","format-standard","has-post-thumbnail","hentry","category-altos-de-chavon-es","category-casa-de-campo-living-es","category-ccl-presenta","category-comidas-bebidas","category-resort-casa-de-campo","category-restaurantes-es","category-titulares-es","category-vida-nocturna-es","tag-altos-de-chavon-es-2","tag-cafe-marietta-es","tag-menu","entry"],"yoast_head":"<!-- This site is optimized with the Yoast SEO plugin v27.5 - https:\/\/yoast.com\/product\/yoast-seo-wordpress\/ -->\n<title>Caf\u00e9 Marietta: Tratto Pub redefine los est\u00e1ndares de buen ambiente y comida en Casa | Casa de Campo Living<\/title>\n<meta name=\"description\" content=\"Sobremirando el R\u00edo Chav\u00f3n y ostentando las mejores vistas de la Iglesia San Estanislao en Altos de Chav\u00f3n, en tan s\u00f3lo un a\u00f1o, Caf\u00e9 Marietta se ha\" \/>\n<meta name=\"robots\" content=\"index, follow, max-snippet:-1, max-image-preview:large, max-video-preview:-1\" \/>\n<link rel=\"canonical\" href=\"https:\/\/casadecampoliving.com\/es\/cafe-marietta-tratto-pub-redefine-estandares-en-casa\/\" \/>\n<meta property=\"og:locale\" content=\"es_ES\" \/>\n<meta property=\"og:type\" content=\"article\" \/>\n<meta property=\"og:title\" content=\"Caf\u00e9 Marietta: Tratto Pub redefine los est\u00e1ndares de buen ambiente y comida en Casa | Casa de Campo Living\" \/>\n<meta property=\"og:description\" content=\"Sobremirando el R\u00edo Chav\u00f3n y ostentando las mejores vistas de la Iglesia San Estanislao en Altos de Chav\u00f3n, en tan s\u00f3lo un a\u00f1o, Caf\u00e9 Marietta se ha\" \/>\n<meta property=\"og:url\" content=\"https:\/\/casadecampoliving.com\/es\/cafe-marietta-tratto-pub-redefine-estandares-en-casa\/\" \/>\n<meta property=\"og:site_name\" content=\"Casa de Campo Living\" \/>\n<meta property=\"article:publisher\" content=\"https:\/\/www.facebook.com\/casadecampoliving\" \/>\n<meta property=\"article:published_time\" content=\"2016-03-20T04:00:00+00:00\" \/>\n<meta property=\"article:modified_time\" content=\"2022-10-21T23:00:27+00:00\" \/>\n<meta property=\"og:image\" content=\"https:\/\/i0.wp.com\/casadecampoliving.com\/wp-content\/uploads\/2022\/10\/i-kQ97WmR-L.jpg?fit=800%2C533&ssl=1\" \/>\n\t<meta property=\"og:image:width\" content=\"800\" \/>\n\t<meta property=\"og:image:height\" content=\"533\" \/>\n\t<meta property=\"og:image:type\" content=\"image\/jpeg\" \/>\n<meta name=\"author\" content=\"Felix Guerrero\" \/>\n<meta name=\"twitter:card\" content=\"summary_large_image\" \/>\n<meta name=\"twitter:creator\" content=\"@cdcliving\" \/>\n<meta name=\"twitter:site\" content=\"@cdcliving\" \/>\n<meta name=\"twitter:label1\" content=\"Escrito por\" \/>\n\t<meta name=\"twitter:data1\" content=\"Felix Guerrero\" \/>\n\t<meta name=\"twitter:label2\" content=\"Tiempo de lectura\" \/>\n\t<meta name=\"twitter:data2\" content=\"3 minutos\" \/>\n<script type=\"application\/ld+json\" class=\"yoast-schema-graph\">{\"@context\":\"https:\\\/\\\/schema.org\",\"@graph\":[{\"@type\":\"Article\",\"@id\":\"https:\\\/\\\/casadecampoliving.com\\\/es\\\/cafe-marietta-tratto-pub-redefine-estandares-en-casa\\\/#article\",\"isPartOf\":{\"@id\":\"https:\\\/\\\/casadecampoliving.com\\\/es\\\/cafe-marietta-tratto-pub-redefine-estandares-en-casa\\\/\"},\"author\":{\"name\":\"Felix Guerrero\",\"@id\":\"https:\\\/\\\/casadecampoliving.com\\\/es\\\/#\\\/schema\\\/person\\\/0d45cfc6e376a2f15ac9a92421bd4451\"},\"headline\":\"Caf\u00e9 Marietta: Tratto Pub redefine los est\u00e1ndares de buen ambiente y comida en Casa\",\"datePublished\":\"2016-03-20T04:00:00+00:00\",\"dateModified\":\"2022-10-21T23:00:27+00:00\",\"mainEntityOfPage\":{\"@id\":\"https:\\\/\\\/casadecampoliving.com\\\/es\\\/cafe-marietta-tratto-pub-redefine-estandares-en-casa\\\/\"},\"wordCount\":714,\"publisher\":{\"@id\":\"https:\\\/\\\/casadecampoliving.com\\\/es\\\/#organization\"},\"image\":{\"@id\":\"https:\\\/\\\/casadecampoliving.com\\\/es\\\/cafe-marietta-tratto-pub-redefine-estandares-en-casa\\\/#primaryimage\"},\"thumbnailUrl\":\"https:\\\/\\\/i0.wp.com\\\/casadecampoliving.com\\\/wp-content\\\/uploads\\\/2022\\\/10\\\/i-kQ97WmR-L.jpg?fit=800%2C533&ssl=1\",\"keywords\":[\"Altos de Chavon -es\",\"Caf\u00e9 Marietta @es\",\"menu\"],\"articleSection\":[\"Altos de Chavon @es\",\"Casa de Campo Living @es\",\"CCL presenta\",\"Comidas &amp; Bebidas\",\"Resort Casa de Campo\",\"Restaurantes\",\"Titulares\",\"Vida Nocturna\"],\"inLanguage\":\"es\"},{\"@type\":\"WebPage\",\"@id\":\"https:\\\/\\\/casadecampoliving.com\\\/es\\\/cafe-marietta-tratto-pub-redefine-estandares-en-casa\\\/\",\"url\":\"https:\\\/\\\/casadecampoliving.com\\\/es\\\/cafe-marietta-tratto-pub-redefine-estandares-en-casa\\\/\",\"name\":\"Caf\u00e9 Marietta: Tratto Pub redefine los est\u00e1ndares de buen ambiente y comida en Casa | Casa de Campo Living\",\"isPartOf\":{\"@id\":\"https:\\\/\\\/casadecampoliving.com\\\/es\\\/#website\"},\"primaryImageOfPage\":{\"@id\":\"https:\\\/\\\/casadecampoliving.com\\\/es\\\/cafe-marietta-tratto-pub-redefine-estandares-en-casa\\\/#primaryimage\"},\"image\":{\"@id\":\"https:\\\/\\\/casadecampoliving.com\\\/es\\\/cafe-marietta-tratto-pub-redefine-estandares-en-casa\\\/#primaryimage\"},\"thumbnailUrl\":\"https:\\\/\\\/i0.wp.com\\\/casadecampoliving.com\\\/wp-content\\\/uploads\\\/2022\\\/10\\\/i-kQ97WmR-L.jpg?fit=800%2C533&ssl=1\",\"datePublished\":\"2016-03-20T04:00:00+00:00\",\"dateModified\":\"2022-10-21T23:00:27+00:00\",\"description\":\"Sobremirando el R\u00edo Chav\u00f3n y ostentando las mejores vistas de la Iglesia San Estanislao en Altos de Chav\u00f3n, en tan s\u00f3lo un a\u00f1o, Caf\u00e9 Marietta se ha\",\"breadcrumb\":{\"@id\":\"https:\\\/\\\/casadecampoliving.com\\\/es\\\/cafe-marietta-tratto-pub-redefine-estandares-en-casa\\\/#breadcrumb\"},\"inLanguage\":\"es\",\"potentialAction\":[{\"@type\":\"ReadAction\",\"target\":[\"https:\\\/\\\/casadecampoliving.com\\\/es\\\/cafe-marietta-tratto-pub-redefine-estandares-en-casa\\\/\"]}]},{\"@type\":\"ImageObject\",\"inLanguage\":\"es\",\"@id\":\"https:\\\/\\\/casadecampoliving.com\\\/es\\\/cafe-marietta-tratto-pub-redefine-estandares-en-casa\\\/#primaryimage\",\"url\":\"https:\\\/\\\/i0.wp.com\\\/casadecampoliving.com\\\/wp-content\\\/uploads\\\/2022\\\/10\\\/i-kQ97WmR-L.jpg?fit=800%2C533&ssl=1\",\"contentUrl\":\"https:\\\/\\\/i0.wp.com\\\/casadecampoliving.com\\\/wp-content\\\/uploads\\\/2022\\\/10\\\/i-kQ97WmR-L.jpg?fit=800%2C533&ssl=1\",\"width\":800,\"height\":533,\"caption\":\"\\\"\\\"\"},{\"@type\":\"BreadcrumbList\",\"@id\":\"https:\\\/\\\/casadecampoliving.com\\\/es\\\/cafe-marietta-tratto-pub-redefine-estandares-en-casa\\\/#breadcrumb\",\"itemListElement\":[{\"@type\":\"ListItem\",\"position\":1,\"name\":\"Home\",\"item\":\"https:\\\/\\\/casadecampoliving.com\\\/es\\\/\"},{\"@type\":\"ListItem\",\"position\":2,\"name\":\"Caf\u00e9 Marietta: Tratto Pub redefine los est\u00e1ndares de buen ambiente y comida en Casa\"}]},{\"@type\":\"WebSite\",\"@id\":\"https:\\\/\\\/casadecampoliving.com\\\/es\\\/#website\",\"url\":\"https:\\\/\\\/casadecampoliving.com\\\/es\\\/\",\"name\":\"Casa de Campo Living\",\"description\":\"Resort community news and resources.\",\"publisher\":{\"@id\":\"https:\\\/\\\/casadecampoliving.com\\\/es\\\/#organization\"},\"potentialAction\":[{\"@type\":\"SearchAction\",\"target\":{\"@type\":\"EntryPoint\",\"urlTemplate\":\"https:\\\/\\\/casadecampoliving.com\\\/es\\\/?s={search_term_string}\"},\"query-input\":{\"@type\":\"PropertyValueSpecification\",\"valueRequired\":true,\"valueName\":\"search_term_string\"}}],\"inLanguage\":\"es\"},{\"@type\":\"Organization\",\"@id\":\"https:\\\/\\\/casadecampoliving.com\\\/es\\\/#organization\",\"name\":\"Casa de Campo Living\",\"url\":\"https:\\\/\\\/casadecampoliving.com\\\/es\\\/\",\"logo\":{\"@type\":\"ImageObject\",\"inLanguage\":\"es\",\"@id\":\"https:\\\/\\\/casadecampoliving.com\\\/es\\\/#\\\/schema\\\/logo\\\/image\\\/\",\"url\":\"https:\\\/\\\/i0.wp.com\\\/casadecampoliving.com\\\/wp-content\\\/uploads\\\/2022\\\/07\\\/CDCLivingLogo_V1-white-sized.png?fit=800%2C214&ssl=1\",\"contentUrl\":\"https:\\\/\\\/i0.wp.com\\\/casadecampoliving.com\\\/wp-content\\\/uploads\\\/2022\\\/07\\\/CDCLivingLogo_V1-white-sized.png?fit=800%2C214&ssl=1\",\"width\":800,\"height\":214,\"caption\":\"Casa de Campo Living\"},\"image\":{\"@id\":\"https:\\\/\\\/casadecampoliving.com\\\/es\\\/#\\\/schema\\\/logo\\\/image\\\/\"},\"sameAs\":[\"https:\\\/\\\/www.facebook.com\\\/casadecampoliving\",\"https:\\\/\\\/x.com\\\/cdcliving\"]},{\"@type\":\"Person\",\"@id\":\"https:\\\/\\\/casadecampoliving.com\\\/es\\\/#\\\/schema\\\/person\\\/0d45cfc6e376a2f15ac9a92421bd4451\",\"name\":\"Felix Guerrero\",\"image\":{\"@type\":\"ImageObject\",\"inLanguage\":\"es\",\"@id\":\"https:\\\/\\\/secure.gravatar.com\\\/avatar\\\/14a8050b9491854cab6ae2240dcb42ad0fad787b7fa453ad0991fd1262157df3?s=96&d=mm&r=g\",\"url\":\"https:\\\/\\\/secure.gravatar.com\\\/avatar\\\/14a8050b9491854cab6ae2240dcb42ad0fad787b7fa453ad0991fd1262157df3?s=96&d=mm&r=g\",\"contentUrl\":\"https:\\\/\\\/secure.gravatar.com\\\/avatar\\\/14a8050b9491854cab6ae2240dcb42ad0fad787b7fa453ad0991fd1262157df3?s=96&d=mm&r=g\",\"caption\":\"Felix Guerrero\"},\"url\":\"https:\\\/\\\/casadecampoliving.com\\\/es\\\/author\\\/fguerrero\\\/\"}]}<\/script>\n<!-- \/ Yoast SEO plugin. -->","yoast_head_json":{"title":"Caf\u00e9 Marietta: Tratto Pub redefine los est\u00e1ndares de buen ambiente y comida en Casa | Casa de Campo Living","description":"Sobremirando el R\u00edo Chav\u00f3n y ostentando las mejores vistas de la Iglesia San Estanislao en Altos de Chav\u00f3n, en tan s\u00f3lo un a\u00f1o, Caf\u00e9 Marietta se ha","robots":{"index":"index","follow":"follow","max-snippet":"max-snippet:-1","max-image-preview":"max-image-preview:large","max-video-preview":"max-video-preview:-1"},"canonical":"https:\/\/casadecampoliving.com\/es\/cafe-marietta-tratto-pub-redefine-estandares-en-casa\/","og_locale":"es_ES","og_type":"article","og_title":"Caf\u00e9 Marietta: Tratto Pub redefine los est\u00e1ndares de buen ambiente y comida en Casa | Casa de Campo Living","og_description":"Sobremirando el R\u00edo Chav\u00f3n y ostentando las mejores vistas de la Iglesia San Estanislao en Altos de Chav\u00f3n, en tan s\u00f3lo un a\u00f1o, Caf\u00e9 Marietta se ha","og_url":"https:\/\/casadecampoliving.com\/es\/cafe-marietta-tratto-pub-redefine-estandares-en-casa\/","og_site_name":"Casa de Campo Living","article_publisher":"https:\/\/www.facebook.com\/casadecampoliving","article_published_time":"2016-03-20T04:00:00+00:00","article_modified_time":"2022-10-21T23:00:27+00:00","og_image":[{"width":800,"height":533,"url":"https:\/\/i0.wp.com\/casadecampoliving.com\/wp-content\/uploads\/2022\/10\/i-kQ97WmR-L.jpg?fit=800%2C533&ssl=1","type":"image\/jpeg"}],"author":"Felix Guerrero","twitter_card":"summary_large_image","twitter_creator":"@cdcliving","twitter_site":"@cdcliving","twitter_misc":{"Escrito por":"Felix Guerrero","Tiempo de lectura":"3 minutos"},"schema":{"@context":"https:\/\/schema.org","@graph":[{"@type":"Article","@id":"https:\/\/casadecampoliving.com\/es\/cafe-marietta-tratto-pub-redefine-estandares-en-casa\/#article","isPartOf":{"@id":"https:\/\/casadecampoliving.com\/es\/cafe-marietta-tratto-pub-redefine-estandares-en-casa\/"},"author":{"name":"Felix Guerrero","@id":"https:\/\/casadecampoliving.com\/es\/#\/schema\/person\/0d45cfc6e376a2f15ac9a92421bd4451"},"headline":"Caf\u00e9 Marietta: Tratto Pub redefine los est\u00e1ndares de buen ambiente y comida en Casa","datePublished":"2016-03-20T04:00:00+00:00","dateModified":"2022-10-21T23:00:27+00:00","mainEntityOfPage":{"@id":"https:\/\/casadecampoliving.com\/es\/cafe-marietta-tratto-pub-redefine-estandares-en-casa\/"},"wordCount":714,"publisher":{"@id":"https:\/\/casadecampoliving.com\/es\/#organization"},"image":{"@id":"https:\/\/casadecampoliving.com\/es\/cafe-marietta-tratto-pub-redefine-estandares-en-casa\/#primaryimage"},"thumbnailUrl":"https:\/\/i0.wp.com\/casadecampoliving.com\/wp-content\/uploads\/2022\/10\/i-kQ97WmR-L.jpg?fit=800%2C533&ssl=1","keywords":["Altos de Chavon -es","Caf\u00e9 Marietta @es","menu"],"articleSection":["Altos de Chavon @es","Casa de Campo Living @es","CCL presenta","Comidas &amp; Bebidas","Resort Casa de Campo","Restaurantes","Titulares","Vida Nocturna"],"inLanguage":"es"},{"@type":"WebPage","@id":"https:\/\/casadecampoliving.com\/es\/cafe-marietta-tratto-pub-redefine-estandares-en-casa\/","url":"https:\/\/casadecampoliving.com\/es\/cafe-marietta-tratto-pub-redefine-estandares-en-casa\/","name":"Caf\u00e9 Marietta: Tratto Pub redefine los est\u00e1ndares de buen ambiente y comida en Casa | Casa de Campo Living","isPartOf":{"@id":"https:\/\/casadecampoliving.com\/es\/#website"},"primaryImageOfPage":{"@id":"https:\/\/casadecampoliving.com\/es\/cafe-marietta-tratto-pub-redefine-estandares-en-casa\/#primaryimage"},"image":{"@id":"https:\/\/casadecampoliving.com\/es\/cafe-marietta-tratto-pub-redefine-estandares-en-casa\/#primaryimage"},"thumbnailUrl":"https:\/\/i0.wp.com\/casadecampoliving.com\/wp-content\/uploads\/2022\/10\/i-kQ97WmR-L.jpg?fit=800%2C533&ssl=1","datePublished":"2016-03-20T04:00:00+00:00","dateModified":"2022-10-21T23:00:27+00:00","description":"Sobremirando el R\u00edo Chav\u00f3n y ostentando las mejores vistas de la Iglesia San Estanislao en Altos de Chav\u00f3n, en tan s\u00f3lo un a\u00f1o, Caf\u00e9 Marietta se ha","breadcrumb":{"@id":"https:\/\/casadecampoliving.com\/es\/cafe-marietta-tratto-pub-redefine-estandares-en-casa\/#breadcrumb"},"inLanguage":"es","potentialAction":[{"@type":"ReadAction","target":["https:\/\/casadecampoliving.com\/es\/cafe-marietta-tratto-pub-redefine-estandares-en-casa\/"]}]},{"@type":"ImageObject","inLanguage":"es","@id":"https:\/\/casadecampoliving.com\/es\/cafe-marietta-tratto-pub-redefine-estandares-en-casa\/#primaryimage","url":"https:\/\/i0.wp.com\/casadecampoliving.com\/wp-content\/uploads\/2022\/10\/i-kQ97WmR-L.jpg?fit=800%2C533&ssl=1","contentUrl":"https:\/\/i0.wp.com\/casadecampoliving.com\/wp-content\/uploads\/2022\/10\/i-kQ97WmR-L.jpg?fit=800%2C533&ssl=1","width":800,"height":533,"caption":"\"\""},{"@type":"BreadcrumbList","@id":"https:\/\/casadecampoliving.com\/es\/cafe-marietta-tratto-pub-redefine-estandares-en-casa\/#breadcrumb","itemListElement":[{"@type":"ListItem","position":1,"name":"Home","item":"https:\/\/casadecampoliving.com\/es\/"},{"@type":"ListItem","position":2,"name":"Caf\u00e9 Marietta: Tratto Pub redefine los est\u00e1ndares de buen ambiente y comida en Casa"}]},{"@type":"WebSite","@id":"https:\/\/casadecampoliving.com\/es\/#website","url":"https:\/\/casadecampoliving.com\/es\/","name":"Casa de Campo Living","description":"Resort community news and resources.","publisher":{"@id":"https:\/\/casadecampoliving.com\/es\/#organization"},"potentialAction":[{"@type":"SearchAction","target":{"@type":"EntryPoint","urlTemplate":"https:\/\/casadecampoliving.com\/es\/?s={search_term_string}"},"query-input":{"@type":"PropertyValueSpecification","valueRequired":true,"valueName":"search_term_string"}}],"inLanguage":"es"},{"@type":"Organization","@id":"https:\/\/casadecampoliving.com\/es\/#organization","name":"Casa de Campo Living","url":"https:\/\/casadecampoliving.com\/es\/","logo":{"@type":"ImageObject","inLanguage":"es","@id":"https:\/\/casadecampoliving.com\/es\/#\/schema\/logo\/image\/","url":"https:\/\/i0.wp.com\/casadecampoliving.com\/wp-content\/uploads\/2022\/07\/CDCLivingLogo_V1-white-sized.png?fit=800%2C214&ssl=1","contentUrl":"https:\/\/i0.wp.com\/casadecampoliving.com\/wp-content\/uploads\/2022\/07\/CDCLivingLogo_V1-white-sized.png?fit=800%2C214&ssl=1","width":800,"height":214,"caption":"Casa de Campo Living"},"image":{"@id":"https:\/\/casadecampoliving.com\/es\/#\/schema\/logo\/image\/"},"sameAs":["https:\/\/www.facebook.com\/casadecampoliving","https:\/\/x.com\/cdcliving"]},{"@type":"Person","@id":"https:\/\/casadecampoliving.com\/es\/#\/schema\/person\/0d45cfc6e376a2f15ac9a92421bd4451","name":"Felix Guerrero","image":{"@type":"ImageObject","inLanguage":"es","@id":"https:\/\/secure.gravatar.com\/avatar\/14a8050b9491854cab6ae2240dcb42ad0fad787b7fa453ad0991fd1262157df3?s=96&d=mm&r=g","url":"https:\/\/secure.gravatar.com\/avatar\/14a8050b9491854cab6ae2240dcb42ad0fad787b7fa453ad0991fd1262157df3?s=96&d=mm&r=g","contentUrl":"https:\/\/secure.gravatar.com\/avatar\/14a8050b9491854cab6ae2240dcb42ad0fad787b7fa453ad0991fd1262157df3?s=96&d=mm&r=g","caption":"Felix Guerrero"},"url":"https:\/\/casadecampoliving.com\/es\/author\/fguerrero\/"}]}},"parsely":{"version":"1.1.0","canonical_url":"https:\/\/casadecampoliving.com\/es\/cafe-marietta-tratto-pub-redefine-estandares-en-casa\/","smart_links":{"inbound":0,"outbound":0},"traffic_boost_suggestions_count":0,"meta":{"@context":"https:\/\/schema.org","@type":"NewsArticle","headline":"Caf\u00e9 Marietta: Tratto Pub redefine los est\u00e1ndares de buen ambiente y comida en Casa","url":"http:\/\/casadecampoliving.com\/es\/cafe-marietta-tratto-pub-redefine-estandares-en-casa\/","mainEntityOfPage":{"@type":"WebPage","@id":"http:\/\/casadecampoliving.com\/es\/cafe-marietta-tratto-pub-redefine-estandares-en-casa\/"},"thumbnailUrl":"https:\/\/i0.wp.com\/casadecampoliving.com\/wp-content\/uploads\/2022\/10\/i-kQ97WmR-L.jpg?resize=150%2C150&ssl=1","image":{"@type":"ImageObject","url":"https:\/\/i0.wp.com\/casadecampoliving.com\/wp-content\/uploads\/2022\/10\/i-kQ97WmR-L.jpg?fit=800%2C533&ssl=1"},"articleSection":"Altos de Chavon @es","author":[{"@type":"Person","name":"Felix Guerrero"}],"creator":["Felix Guerrero"],"publisher":{"@type":"Organization","name":"Casa de Campo Living","logo":"https:\/\/casadecampoliving.com\/wp-content\/uploads\/2022\/07\/CDCLivingLogo_V1-white-sized.png"},"keywords":["altos de chavon -es","caf\u00e9 marietta @es","menu"],"dateCreated":"2016-03-20T04:00:00Z","datePublished":"2016-03-20T04:00:00Z","dateModified":"2022-10-21T23:00:27Z"},"rendered":"<script type=\"application\/ld+json\" class=\"wp-parsely-metadata\">{\"@context\":\"https:\\\/\\\/schema.org\",\"@type\":\"NewsArticle\",\"headline\":\"Caf\\u00e9 Marietta: Tratto Pub redefine los est\\u00e1ndares de buen ambiente y comida en Casa\",\"url\":\"http:\\\/\\\/casadecampoliving.com\\\/es\\\/cafe-marietta-tratto-pub-redefine-estandares-en-casa\\\/\",\"mainEntityOfPage\":{\"@type\":\"WebPage\",\"@id\":\"http:\\\/\\\/casadecampoliving.com\\\/es\\\/cafe-marietta-tratto-pub-redefine-estandares-en-casa\\\/\"},\"thumbnailUrl\":\"https:\\\/\\\/i0.wp.com\\\/casadecampoliving.com\\\/wp-content\\\/uploads\\\/2022\\\/10\\\/i-kQ97WmR-L.jpg?resize=150%2C150&ssl=1\",\"image\":{\"@type\":\"ImageObject\",\"url\":\"https:\\\/\\\/i0.wp.com\\\/casadecampoliving.com\\\/wp-content\\\/uploads\\\/2022\\\/10\\\/i-kQ97WmR-L.jpg?fit=800%2C533&ssl=1\"},\"articleSection\":\"Altos de Chavon @es\",\"author\":[{\"@type\":\"Person\",\"name\":\"Felix Guerrero\"}],\"creator\":[\"Felix Guerrero\"],\"publisher\":{\"@type\":\"Organization\",\"name\":\"Casa de Campo Living\",\"logo\":\"https:\\\/\\\/casadecampoliving.com\\\/wp-content\\\/uploads\\\/2022\\\/07\\\/CDCLivingLogo_V1-white-sized.png\"},\"keywords\":[\"altos de chavon -es\",\"caf\\u00e9 marietta @es\",\"menu\"],\"dateCreated\":\"2016-03-20T04:00:00Z\",\"datePublished\":\"2016-03-20T04:00:00Z\",\"dateModified\":\"2022-10-21T23:00:27Z\"}<\/script>","tracker_url":"https:\/\/cdn.parsely.com\/keys\/casadecampoliving.com\/p.js"},"jetpack_publicize_connections":[],"jetpack_featured_media_url":"https:\/\/i0.wp.com\/casadecampoliving.com\/wp-content\/uploads\/2022\/10\/i-kQ97WmR-L.jpg?fit=800%2C533&ssl=1","jetpack-related-posts":[{"id":346311,"url":"https:\/\/casadecampoliving.com\/es\/cafe-marietta-tratto-pub-abrira-proximamente-en-altos-de-chavon\/","url_meta":{"origin":349393,"position":0},"title":"Caf\u00e9 Marietta, tratto-pub abrir\u00e1 pr\u00f3ximamente en Altos de Chav\u00f3n","author":"Perkin Agramonte","date":"17 Dic, 2014","format":false,"excerpt":"Comer deliciosa pizza en la terraza del \"Caf\u00e9 del Sol\" es una experiencia de Altos de Chav\u00f3n por excelencia. Y hoy amigos estamos encantados de decirle que va a volver! Caf\u00e9 Marietta, tratto-pub abrir\u00e1 pr\u00f3ximamente en Altos de Chav\u00f3n, y as\u00ed, una vez m\u00e1s, estar\u00e1 disfrutando el sabor de la\u2026","rel":"","context":"En \u00abAltos de Chavon @es\u00bb","block_context":{"text":"Altos de Chavon @es","link":"https:\/\/casadecampoliving.com\/category\/altos-de-chavon-es\/"},"img":{"alt_text":"","src":"https:\/\/i0.wp.com\/casadecampoliving.com\/wp-content\/uploads\/2022\/10\/pizzeria_altos_de_chavon2-1.jpg?fit=960%2C720&ssl=1&resize=350%2C200","width":350,"height":200,"srcset":"https:\/\/i0.wp.com\/casadecampoliving.com\/wp-content\/uploads\/2022\/10\/pizzeria_altos_de_chavon2-1.jpg?fit=960%2C720&ssl=1&resize=350%2C200 1x, https:\/\/i0.wp.com\/casadecampoliving.com\/wp-content\/uploads\/2022\/10\/pizzeria_altos_de_chavon2-1.jpg?fit=960%2C720&ssl=1&resize=525%2C300 1.5x, https:\/\/i0.wp.com\/casadecampoliving.com\/wp-content\/uploads\/2022\/10\/pizzeria_altos_de_chavon2-1.jpg?fit=960%2C720&ssl=1&resize=700%2C400 2x"},"classes":[]},{"id":350170,"url":"https:\/\/casadecampoliving.com\/es\/happy-hour-2x1-cafe-marietta\/","url_meta":{"origin":349393,"position":1},"title":"Libera el estr\u00e9s luego del trabajo con el Happy Hour 2&#215;1 de Caf\u00e9 Marietta!","author":"Marlenys Guzm\u00e1n Casta\u00f1os","date":"13 Jul, 2016","format":false,"excerpt":"No todo es Work, work, work, work, work como la canci\u00f3n de Rihanna. Caf\u00e9 Marietta nos recuerda que debemos dejar de lado los problemas y estr\u00e9s del trabajo \u00a1y unirnos a ellos durante su Happy Hour! \u00a1Ahora todos los d\u00edas, de lunes a viernes, la comunidad de Casa de Campo\u2026","rel":"","context":"En \u00abAltos de Chavon @es\u00bb","block_context":{"text":"Altos de Chavon @es","link":"https:\/\/casadecampoliving.com\/category\/altos-de-chavon-es\/"},"img":{"alt_text":"Featured Image Cafe Marietta After Work 2x1","src":"https:\/\/i0.wp.com\/casadecampoliving.com\/wp-content\/uploads\/2022\/10\/Featured-Image-Cafe-Marietta-After-Work-2x1-1.jpg?fit=1200%2C1200&ssl=1&resize=350%2C200","width":350,"height":200,"srcset":"https:\/\/i0.wp.com\/casadecampoliving.com\/wp-content\/uploads\/2022\/10\/Featured-Image-Cafe-Marietta-After-Work-2x1-1.jpg?fit=1200%2C1200&ssl=1&resize=350%2C200 1x, https:\/\/i0.wp.com\/casadecampoliving.com\/wp-content\/uploads\/2022\/10\/Featured-Image-Cafe-Marietta-After-Work-2x1-1.jpg?fit=1200%2C1200&ssl=1&resize=525%2C300 1.5x, https:\/\/i0.wp.com\/casadecampoliving.com\/wp-content\/uploads\/2022\/10\/Featured-Image-Cafe-Marietta-After-Work-2x1-1.jpg?fit=1200%2C1200&ssl=1&resize=700%2C400 2x, https:\/\/i0.wp.com\/casadecampoliving.com\/wp-content\/uploads\/2022\/10\/Featured-Image-Cafe-Marietta-After-Work-2x1-1.jpg?fit=1200%2C1200&ssl=1&resize=1050%2C600 3x"},"classes":[]},{"id":348032,"url":"https:\/\/casadecampoliving.com\/es\/una-noche-para-los-ninos-en-cafe-marietta\/","url_meta":{"origin":349393,"position":2},"title":"Una noche para los NI\u00d1OS en Caf\u00e9 Marietta","author":"Perkin Agramonte","date":"10 Ago, 2015","format":false,"excerpt":"\u00bfTodav\u00eda no has visitado Caf\u00e9 Marietta en Altos de Chav\u00f3n? \u00bfNo? Pues esta semana usted tiene una buena excusa para visitar uno de los lugares con mejor ambiente en las piedras de Altos de Chav\u00f3n; este mi\u00e9rcoles 12 de agosto de 6 a 8pm, Caf\u00e9 Marietta estar\u00e1 organizando una noche\u2026","rel":"","context":"En \u00abAltos de Chavon @es\u00bb","block_context":{"text":"Altos de Chavon @es","link":"https:\/\/casadecampoliving.com\/category\/altos-de-chavon-es\/"},"img":{"alt_text":"Caf\u00e9 Marietta, Altos de Chavon_4","src":"https:\/\/i0.wp.com\/casadecampoliving.com\/wp-content\/uploads\/2022\/10\/Cafe_Marietta_Altos_de_Chavon_4-1.jpg?fit=650%2C366&ssl=1&resize=350%2C200","width":350,"height":200,"srcset":"https:\/\/i0.wp.com\/casadecampoliving.com\/wp-content\/uploads\/2022\/10\/Cafe_Marietta_Altos_de_Chavon_4-1.jpg?fit=650%2C366&ssl=1&resize=350%2C200 1x, https:\/\/i0.wp.com\/casadecampoliving.com\/wp-content\/uploads\/2022\/10\/Cafe_Marietta_Altos_de_Chavon_4-1.jpg?fit=650%2C366&ssl=1&resize=525%2C300 1.5x"},"classes":[]},{"id":324929,"url":"https:\/\/casadecampoliving.com\/cafe-marietta-tratto-pub-opening-soon-altos-de-chavon\/","url_meta":{"origin":349393,"position":3},"title":"Caf\u00e9 Marietta tratto-pub opening soon in Altos de Chav\u00f3n!","author":"Perkin Agramonte","date":"17 Dic, 2014","format":false,"excerpt":"Eating delicious pizza on the terrace of the \"Caf\u00e9 del Sol\" is a quintessential Altos de Chav\u00f3n experience. And today our friends we are thrilled to tell you that it's coming back! Caf\u00e9 Marietta, tratto-pub is opening very soon in Altos de Chav\u00f3n, and so once again we will soon\u2026","rel":"","context":"En \u00abAltos de Chavon\u00bb","block_context":{"text":"Altos de Chavon","link":"https:\/\/casadecampoliving.com\/category\/altos-de-chavon\/"},"img":{"alt_text":"","src":"https:\/\/i0.wp.com\/casadecampoliving.com\/wp-content\/uploads\/2022\/10\/pizzeria_altos_de_chavon2-1.jpg?fit=960%2C720&ssl=1&resize=350%2C200","width":350,"height":200,"srcset":"https:\/\/i0.wp.com\/casadecampoliving.com\/wp-content\/uploads\/2022\/10\/pizzeria_altos_de_chavon2-1.jpg?fit=960%2C720&ssl=1&resize=350%2C200 1x, https:\/\/i0.wp.com\/casadecampoliving.com\/wp-content\/uploads\/2022\/10\/pizzeria_altos_de_chavon2-1.jpg?fit=960%2C720&ssl=1&resize=525%2C300 1.5x, https:\/\/i0.wp.com\/casadecampoliving.com\/wp-content\/uploads\/2022\/10\/pizzeria_altos_de_chavon2-1.jpg?fit=960%2C720&ssl=1&resize=700%2C400 2x"},"classes":[]},{"id":433460,"url":"https:\/\/casadecampoliving.com\/es\/no-se-pierdan-el-increible-tributo-a-frank-sinatra-para-celebrar-el-40-aniversario-del-anfiteatro-altos-de-chavon\/","url_meta":{"origin":349393,"position":4},"title":"No se pierdan el incre\u00edble tributo a Frank Sinatra para celebrar el 40 aniversario del\u00a0Anfiteatro Altos de Chav\u00f3n","author":"Casa de Campo Living","date":"20 Oct, 2022","format":false,"excerpt":"Siendo uno de los escenarios m\u00e1s emblem\u00e1ticos del pa\u00eds, Casa de Campo Resort\u00ae & Villas celebra las cuatro d\u00e9cadas de aniversario de Altos de Chav\u00f3n con un tributo al gran Frank Sinatra, protagonizado por artistas invitados y una big band tal cual la que acompa\u00f1\u00f3 al artista hace 40 a\u00f1os\u2026","rel":"","context":"En \u00abUncategorized @es\u00bb","block_context":{"text":"Uncategorized @es","link":"https:\/\/casadecampoliving.com\/es\/category\/uncategorized-es\/"},"img":{"alt_text":"","src":"https:\/\/i0.wp.com\/casadecampoliving.com\/wp-content\/uploads\/2022\/10\/Tributo-Frank-Sinatra-Foto-Principal-Amaury-Sanchez-Danilo-Ginebra-Andres-Pichardo-y-Jose-Gabriel-Perez-.jpg?fit=1200%2C873&ssl=1&resize=350%2C200","width":350,"height":200,"srcset":"https:\/\/i0.wp.com\/casadecampoliving.com\/wp-content\/uploads\/2022\/10\/Tributo-Frank-Sinatra-Foto-Principal-Amaury-Sanchez-Danilo-Ginebra-Andres-Pichardo-y-Jose-Gabriel-Perez-.jpg?fit=1200%2C873&ssl=1&resize=350%2C200 1x, https:\/\/i0.wp.com\/casadecampoliving.com\/wp-content\/uploads\/2022\/10\/Tributo-Frank-Sinatra-Foto-Principal-Amaury-Sanchez-Danilo-Ginebra-Andres-Pichardo-y-Jose-Gabriel-Perez-.jpg?fit=1200%2C873&ssl=1&resize=525%2C300 1.5x, https:\/\/i0.wp.com\/casadecampoliving.com\/wp-content\/uploads\/2022\/10\/Tributo-Frank-Sinatra-Foto-Principal-Amaury-Sanchez-Danilo-Ginebra-Andres-Pichardo-y-Jose-Gabriel-Perez-.jpg?fit=1200%2C873&ssl=1&resize=700%2C400 2x, https:\/\/i0.wp.com\/casadecampoliving.com\/wp-content\/uploads\/2022\/10\/Tributo-Frank-Sinatra-Foto-Principal-Amaury-Sanchez-Danilo-Ginebra-Andres-Pichardo-y-Jose-Gabriel-Perez-.jpg?fit=1200%2C873&ssl=1&resize=1050%2C600 3x"},"classes":[]},{"id":327181,"url":"https:\/\/casadecampoliving.com\/cafe-marietta-tratto-pub-raises-bar-in-casa\/","url_meta":{"origin":349393,"position":5},"title":"Caf\u00e9 Marietta: Tratto Pub raises the bar for ambiance and food pairings in Casa","author":"Felix Guerrero","date":"20 Mar, 2016","format":false,"excerpt":"Overlooking the Chav\u00f3n River and boasting the best views of the Saint Stanislaus Church in Altos de Chav\u00f3n, in under a year Caf\u00e9 Marietta has become the must-visit dining spot for those looking for casual and well crafted Italian dishes that hit the comfort food spot. Self-identified as a Tratto\u2026","rel":"","context":"En \u00abAltos de Chavon\u00bb","block_context":{"text":"Altos de Chavon","link":"https:\/\/casadecampoliving.com\/category\/altos-de-chavon\/"},"img":{"alt_text":"","src":"https:\/\/i0.wp.com\/casadecampoliving.com\/wp-content\/uploads\/2022\/10\/i-kQ97WmR-L.jpg?fit=800%2C533&ssl=1&resize=350%2C200","width":350,"height":200,"srcset":"https:\/\/i0.wp.com\/casadecampoliving.com\/wp-content\/uploads\/2022\/10\/i-kQ97WmR-L.jpg?fit=800%2C533&ssl=1&resize=350%2C200 1x, https:\/\/i0.wp.com\/casadecampoliving.com\/wp-content\/uploads\/2022\/10\/i-kQ97WmR-L.jpg?fit=800%2C533&ssl=1&resize=525%2C300 1.5x, https:\/\/i0.wp.com\/casadecampoliving.com\/wp-content\/uploads\/2022\/10\/i-kQ97WmR-L.jpg?fit=800%2C533&ssl=1&resize=700%2C400 2x"},"classes":[]}],"jetpack_sharing_enabled":true,"_links":{"self":[{"href":"https:\/\/casadecampoliving.com\/es\/wp-json\/wp\/v2\/posts\/349393","targetHints":{"allow":["GET"]}}],"collection":[{"href":"https:\/\/casadecampoliving.com\/es\/wp-json\/wp\/v2\/posts"}],"about":[{"href":"https:\/\/casadecampoliving.com\/es\/wp-json\/wp\/v2\/types\/post"}],"author":[{"embeddable":true,"href":"https:\/\/casadecampoliving.com\/es\/wp-json\/wp\/v2\/users\/34707"}],"replies":[{"embeddable":true,"href":"https:\/\/casadecampoliving.com\/es\/wp-json\/wp\/v2\/comments?post=349393"}],"version-history":[{"count":1,"href":"https:\/\/casadecampoliving.com\/es\/wp-json\/wp\/v2\/posts\/349393\/revisions"}],"predecessor-version":[{"id":349394,"href":"https:\/\/casadecampoliving.com\/es\/wp-json\/wp\/v2\/posts\/349393\/revisions\/349394"}],"wp:featuredmedia":[{"embeddable":true,"href":"https:\/\/casadecampoliving.com\/es\/wp-json\/wp\/v2\/media\/292698"}],"wp:attachment":[{"href":"https:\/\/casadecampoliving.com\/es\/wp-json\/wp\/v2\/media?parent=349393"}],"wp:term":[{"taxonomy":"category","embeddable":true,"href":"https:\/\/casadecampoliving.com\/es\/wp-json\/wp\/v2\/categories?post=349393"},{"taxonomy":"post_tag","embeddable":true,"href":"https:\/\/casadecampoliving.com\/es\/wp-json\/wp\/v2\/tags?post=349393"},{"taxonomy":"newspack_spnsrs_tax","embeddable":true,"href":"https:\/\/casadecampoliving.com\/es\/wp-json\/wp\/v2\/newspack_spnsrs_tax?post=349393"}],"curies":[{"name":"wp","href":"https:\/\/api.w.org\/{rel}","templated":true}]}}