{"id":349242,"date":"2016-02-21T00:00:00","date_gmt":"2016-02-21T04:00:00","guid":{"rendered":"https:\/\/casadecampoliving.com\/mark-gordon-obras-ceramica-galeria-altos-de-chavon\/"},"modified":"2022-10-21T19:06:14","modified_gmt":"2022-10-21T23:06:14","slug":"mark-gordon-obras-ceramica-galeria-altos-de-chavon","status":"publish","type":"post","link":"https:\/\/casadecampoliving.com\/es\/mark-gordon-obras-ceramica-galeria-altos-de-chavon\/","title":{"rendered":"Mark Gordon nos trae una vez m\u00e1s sus impresionantes obras en cer\u00e1mica a La Galer\u00eda Altos de Chav\u00f3n"},"content":{"rendered":"\n<p><span style=\"font-weight: 400;\">Han pasado 35 a\u00f1os desde la \u00faltima vez que Mark Gordon present\u00f3 su trabajo en La Galer\u00eda. De 1980 a 1983, Gordon dise\u00f1\u00f3 e implement\u00f3 un taller de cer\u00e1mica en Altos de Chav\u00f3n, creando as\u00ed un taller vocacional para el pueblo de La Romana en la Rep\u00fablica Dominicana.<br>\n<\/span><\/p>\n\n\n\n<!--more-->\n\n\n\n<p><span style=\"font-weight: 400;\">Mark Gordon es un muy artista muy dedicado y apasionado de su arte; supervisa todos los detalles durante el proceso de elaboraci\u00f3n. Est\u00e1 de vuelta como Artista en Residencia, trabajando en el mismo taller que \u00e9l cre\u00f3, y estar\u00e1 presentando su m\u00e1s reciente exposici\u00f3n con piezas hechas usando varias t\u00e9cnicas para la \u201cquema\u201d de cer\u00e1mica.<\/span><span style=\"font-weight: 400;\"><br>\n<\/span><\/p>\n\n\n\n<p><span style=\"font-weight: 400;\">Est\u00e1 cordialmente invitado al c\u00f3ctel de inauguraci\u00f3n el 23 de febrero, en el segundo piso de La Galer\u00eda Altos de Chav\u00f3n a las 7:30 pm. No se pierda la oportunidad de conocer al artista y su cautivadora obra el pr\u00f3ximo martes.<\/span><\/p>\n\n\n\n<blockquote><h3>Mark Gordon en La Galer\u00eda Altos de Chav\u00f3n<\/h3><p><b>Cu\u00e1ndo<\/b><span style=\"font-weight: 400;\"><strong>:<\/strong> 23 de f<\/span><span style=\"font-weight: 400;\">ebrero \u2013 15 de marzo<\/span><\/p><p><b>D\u00f3nde<\/b><span style=\"font-weight: 400;\"> : La Galer\u00eda, Altos de Chav\u00f3n, segundo piso<\/span><\/p><p><b>Horario:<\/b><\/p><ul>\n<li><span style=\"font-weight: 400;\">Lunes \u2013 S\u00e1bado, 8am \u2013 9pm<\/span><\/li>\n<li><span style=\"font-weight: 400;\">Domingos, 9am \u2013 6pm<\/span><\/li>\n<\/ul><p><b>Contacto<\/b><span style=\"font-weight: 400;\"><strong>:<\/strong> (809) 523-8470;&nbsp;<\/span><a href=\"http:\/\/www.markgordon.com\"><span style=\"font-weight: 400;\">www.markgordon.com<\/span><\/a><\/p><figure><img decoding=\"async\" loading=\"lazy\" class=\"aligncenter wp-image-117023\" src=\"https:\/\/i0.wp.com\/casadecampoliving.com\/wp-content\/uploads\/2022\/10\/marc-232x300-2.jpg?resize=650%2C841&amp;ssl=1\" alt=\"marc\" width=\"650\" height=\"841\"><\/figure><\/blockquote>\n","protected":false},"excerpt":{"rendered":"<p>Han pasado 35 a\u00f1os desde la \u00faltima vez que Mark Gordon present\u00f3 su trabajo en La Galer\u00eda. De 1980 a 1983, Gordon dise\u00f1\u00f3 e implement\u00f3 un taller de cer\u00e1mica en Altos de Chav\u00f3n, creando as\u00ed un taller vocacional para el pueblo de La Romana en la Rep\u00fablica Dominicana.<\/p>\n","protected":false},"author":36682,"featured_media":285955,"comment_status":"closed","ping_status":"closed","sticky":false,"template":"","format":"standard","meta":{"newspack_ads_suppress_ads":false,"newspack_popups_has_disabled_popups":false,"newspack_sponsor_sponsorship_scope":"","newspack_sponsor_native_byline_display":"inherit","newspack_sponsor_native_category_display":"inherit","newspack_sponsor_underwriter_style":"inherit","newspack_sponsor_underwriter_placement":"inherit","_newspack_byline_active":false,"_newspack_byline":"","newspack_hide_updated_date":false,"newspack_show_updated_date":false,"newspack_content_restriction_is_exempt":false,"newspack_featured_image_position":"","newspack_post_subtitle":"","newspack_article_summary_title":"Overview:","newspack_article_summary":"","_jetpack_memberships_contains_paid_content":false,"footnotes":"","jetpack_publicize_message":"","jetpack_publicize_feature_enabled":true,"jetpack_social_post_already_shared":false,"jetpack_social_options":{"image_generator_settings":{"template":"highway","default_image_id":0,"font":"","enabled":false},"version":2},"_wpas_customize_per_network":false},"categories":[26819,26936,26951,2524,14631,2522,14625,14627,2521,26822],"tags":[15387,2733,13068,10798,4246,14468,14467],"newspack_spnsrs_tax":[],"class_list":["post-349242","post","type-post","status-publish","format-standard","has-post-thumbnail","hentry","category-altos-de-chavon-es","category-casa-de-campo-living-es","category-ccl-presenta","category-destacados","category-estilo-de-vida","category-eventos-es","category-noticias-locales","category-proximamente","category-republica-dominicana-2","category-resort-casa-de-campo","tag-altos-de-chavon-es","tag-apertura","tag-barro","tag-ceramica","tag-coctel","tag-la-galeria-es","tag-mark-gordon-es","entry"],"yoast_head":"<!-- This site is optimized with the Yoast SEO plugin v27.4 - https:\/\/yoast.com\/product\/yoast-seo-wordpress\/ -->\n<title>Mark Gordon nos trae una vez m\u00e1s sus impresionantes obras en cer\u00e1mica a La Galer\u00eda Altos de Chav\u00f3n | Casa de Campo Living<\/title>\n<meta name=\"description\" content=\"Han pasado 35 a\u00f1os desde la \u00faltima vez que Mark Gordon present\u00f3 su trabajo en La Galer\u00eda. De 1980 a 1983, Gordon dise\u00f1\u00f3 e implement\u00f3 un taller de cer\u00e1mica\" \/>\n<meta name=\"robots\" content=\"index, follow, max-snippet:-1, max-image-preview:large, max-video-preview:-1\" \/>\n<link rel=\"canonical\" href=\"https:\/\/casadecampoliving.com\/es\/mark-gordon-obras-ceramica-galeria-altos-de-chavon\/\" \/>\n<meta property=\"og:locale\" content=\"es_ES\" \/>\n<meta property=\"og:type\" content=\"article\" \/>\n<meta property=\"og:title\" content=\"Mark Gordon nos trae una vez m\u00e1s sus impresionantes obras en cer\u00e1mica a La Galer\u00eda Altos de Chav\u00f3n | Casa de Campo Living\" \/>\n<meta property=\"og:description\" content=\"Han pasado 35 a\u00f1os desde la \u00faltima vez que Mark Gordon present\u00f3 su trabajo en La Galer\u00eda. De 1980 a 1983, Gordon dise\u00f1\u00f3 e implement\u00f3 un taller de cer\u00e1mica\" \/>\n<meta property=\"og:url\" content=\"https:\/\/casadecampoliving.com\/es\/mark-gordon-obras-ceramica-galeria-altos-de-chavon\/\" \/>\n<meta property=\"og:site_name\" content=\"Casa de Campo Living\" \/>\n<meta property=\"article:publisher\" content=\"https:\/\/www.facebook.com\/casadecampoliving\" \/>\n<meta property=\"article:published_time\" content=\"2016-02-21T04:00:00+00:00\" \/>\n<meta property=\"article:modified_time\" content=\"2022-10-21T23:06:14+00:00\" \/>\n<meta property=\"og:image\" content=\"https:\/\/i0.wp.com\/casadecampoliving.com\/wp-content\/uploads\/2022\/10\/BLACK_SQUASH_ARCH.jpg?fit=650%2C519&ssl=1\" \/>\n\t<meta property=\"og:image:width\" content=\"650\" \/>\n\t<meta property=\"og:image:height\" content=\"519\" \/>\n\t<meta property=\"og:image:type\" content=\"image\/jpeg\" \/>\n<meta name=\"author\" content=\"Marlenys Guzm\u00e1n Casta\u00f1os\" \/>\n<meta name=\"twitter:card\" content=\"summary_large_image\" \/>\n<meta name=\"twitter:creator\" content=\"@cdcliving\" \/>\n<meta name=\"twitter:site\" content=\"@cdcliving\" \/>\n<meta name=\"twitter:label1\" content=\"Escrito por\" \/>\n\t<meta name=\"twitter:data1\" content=\"Marlenys Guzm\u00e1n Casta\u00f1os\" \/>\n\t<meta name=\"twitter:label2\" content=\"Tiempo de lectura\" \/>\n\t<meta name=\"twitter:data2\" content=\"1 minuto\" \/>\n<script type=\"application\/ld+json\" class=\"yoast-schema-graph\">{\"@context\":\"https:\\\/\\\/schema.org\",\"@graph\":[{\"@type\":\"Article\",\"@id\":\"https:\\\/\\\/casadecampoliving.com\\\/es\\\/mark-gordon-obras-ceramica-galeria-altos-de-chavon\\\/#article\",\"isPartOf\":{\"@id\":\"https:\\\/\\\/casadecampoliving.com\\\/es\\\/mark-gordon-obras-ceramica-galeria-altos-de-chavon\\\/\"},\"author\":{\"name\":\"Marlenys Guzm\u00e1n Casta\u00f1os\",\"@id\":\"https:\\\/\\\/casadecampoliving.com\\\/es\\\/#\\\/schema\\\/person\\\/b6606bd87f9cec8f5903e2141cafda24\"},\"headline\":\"Mark Gordon nos trae una vez m\u00e1s sus impresionantes obras en cer\u00e1mica a La Galer\u00eda Altos de Chav\u00f3n\",\"datePublished\":\"2016-02-21T04:00:00+00:00\",\"dateModified\":\"2022-10-21T23:06:14+00:00\",\"mainEntityOfPage\":{\"@id\":\"https:\\\/\\\/casadecampoliving.com\\\/es\\\/mark-gordon-obras-ceramica-galeria-altos-de-chavon\\\/\"},\"wordCount\":219,\"publisher\":{\"@id\":\"https:\\\/\\\/casadecampoliving.com\\\/es\\\/#organization\"},\"image\":{\"@id\":\"https:\\\/\\\/casadecampoliving.com\\\/es\\\/mark-gordon-obras-ceramica-galeria-altos-de-chavon\\\/#primaryimage\"},\"thumbnailUrl\":\"https:\\\/\\\/i0.wp.com\\\/casadecampoliving.com\\\/wp-content\\\/uploads\\\/2022\\\/10\\\/BLACK_SQUASH_ARCH.jpg?fit=650%2C519&ssl=1\",\"keywords\":[\"Altos de Chavon\",\"apertura\",\"Barro\",\"cer\u00e1mica\",\"coctel\",\"La Galer\u00eda @es\",\"Mark Gordon @es\"],\"articleSection\":[\"Altos de Chavon @es\",\"Casa de Campo Living @es\",\"CCL presenta\",\"Destacados\",\"Estilo de Vida\",\"Eventos\",\"Noticias Locales\",\"Proximamente\",\"Rep\u00fablica Dominicana @es\",\"Resort Casa de Campo\"],\"inLanguage\":\"es\"},{\"@type\":\"WebPage\",\"@id\":\"https:\\\/\\\/casadecampoliving.com\\\/es\\\/mark-gordon-obras-ceramica-galeria-altos-de-chavon\\\/\",\"url\":\"https:\\\/\\\/casadecampoliving.com\\\/es\\\/mark-gordon-obras-ceramica-galeria-altos-de-chavon\\\/\",\"name\":\"Mark Gordon nos trae una vez m\u00e1s sus impresionantes obras en cer\u00e1mica a La Galer\u00eda Altos de Chav\u00f3n | Casa de Campo Living\",\"isPartOf\":{\"@id\":\"https:\\\/\\\/casadecampoliving.com\\\/es\\\/#website\"},\"primaryImageOfPage\":{\"@id\":\"https:\\\/\\\/casadecampoliving.com\\\/es\\\/mark-gordon-obras-ceramica-galeria-altos-de-chavon\\\/#primaryimage\"},\"image\":{\"@id\":\"https:\\\/\\\/casadecampoliving.com\\\/es\\\/mark-gordon-obras-ceramica-galeria-altos-de-chavon\\\/#primaryimage\"},\"thumbnailUrl\":\"https:\\\/\\\/i0.wp.com\\\/casadecampoliving.com\\\/wp-content\\\/uploads\\\/2022\\\/10\\\/BLACK_SQUASH_ARCH.jpg?fit=650%2C519&ssl=1\",\"datePublished\":\"2016-02-21T04:00:00+00:00\",\"dateModified\":\"2022-10-21T23:06:14+00:00\",\"description\":\"Han pasado 35 a\u00f1os desde la \u00faltima vez que Mark Gordon present\u00f3 su trabajo en La Galer\u00eda. De 1980 a 1983, Gordon dise\u00f1\u00f3 e implement\u00f3 un taller de cer\u00e1mica\",\"breadcrumb\":{\"@id\":\"https:\\\/\\\/casadecampoliving.com\\\/es\\\/mark-gordon-obras-ceramica-galeria-altos-de-chavon\\\/#breadcrumb\"},\"inLanguage\":\"es\",\"potentialAction\":[{\"@type\":\"ReadAction\",\"target\":[\"https:\\\/\\\/casadecampoliving.com\\\/es\\\/mark-gordon-obras-ceramica-galeria-altos-de-chavon\\\/\"]}]},{\"@type\":\"ImageObject\",\"inLanguage\":\"es\",\"@id\":\"https:\\\/\\\/casadecampoliving.com\\\/es\\\/mark-gordon-obras-ceramica-galeria-altos-de-chavon\\\/#primaryimage\",\"url\":\"https:\\\/\\\/i0.wp.com\\\/casadecampoliving.com\\\/wp-content\\\/uploads\\\/2022\\\/10\\\/BLACK_SQUASH_ARCH.jpg?fit=650%2C519&ssl=1\",\"contentUrl\":\"https:\\\/\\\/i0.wp.com\\\/casadecampoliving.com\\\/wp-content\\\/uploads\\\/2022\\\/10\\\/BLACK_SQUASH_ARCH.jpg?fit=650%2C519&ssl=1\",\"width\":650,\"height\":519},{\"@type\":\"BreadcrumbList\",\"@id\":\"https:\\\/\\\/casadecampoliving.com\\\/es\\\/mark-gordon-obras-ceramica-galeria-altos-de-chavon\\\/#breadcrumb\",\"itemListElement\":[{\"@type\":\"ListItem\",\"position\":1,\"name\":\"Home\",\"item\":\"https:\\\/\\\/casadecampoliving.com\\\/es\\\/\"},{\"@type\":\"ListItem\",\"position\":2,\"name\":\"Mark Gordon nos trae una vez m\u00e1s sus impresionantes obras en cer\u00e1mica a La Galer\u00eda Altos de Chav\u00f3n\"}]},{\"@type\":\"WebSite\",\"@id\":\"https:\\\/\\\/casadecampoliving.com\\\/es\\\/#website\",\"url\":\"https:\\\/\\\/casadecampoliving.com\\\/es\\\/\",\"name\":\"Casa de Campo Living\",\"description\":\"Resort community news and resources.\",\"publisher\":{\"@id\":\"https:\\\/\\\/casadecampoliving.com\\\/es\\\/#organization\"},\"potentialAction\":[{\"@type\":\"SearchAction\",\"target\":{\"@type\":\"EntryPoint\",\"urlTemplate\":\"https:\\\/\\\/casadecampoliving.com\\\/es\\\/?s={search_term_string}\"},\"query-input\":{\"@type\":\"PropertyValueSpecification\",\"valueRequired\":true,\"valueName\":\"search_term_string\"}}],\"inLanguage\":\"es\"},{\"@type\":\"Organization\",\"@id\":\"https:\\\/\\\/casadecampoliving.com\\\/es\\\/#organization\",\"name\":\"Casa de Campo Living\",\"url\":\"https:\\\/\\\/casadecampoliving.com\\\/es\\\/\",\"logo\":{\"@type\":\"ImageObject\",\"inLanguage\":\"es\",\"@id\":\"https:\\\/\\\/casadecampoliving.com\\\/es\\\/#\\\/schema\\\/logo\\\/image\\\/\",\"url\":\"https:\\\/\\\/i0.wp.com\\\/casadecampoliving.com\\\/wp-content\\\/uploads\\\/2022\\\/07\\\/CDCLivingLogo_V1-white-sized.png?fit=800%2C214&ssl=1\",\"contentUrl\":\"https:\\\/\\\/i0.wp.com\\\/casadecampoliving.com\\\/wp-content\\\/uploads\\\/2022\\\/07\\\/CDCLivingLogo_V1-white-sized.png?fit=800%2C214&ssl=1\",\"width\":800,\"height\":214,\"caption\":\"Casa de Campo Living\"},\"image\":{\"@id\":\"https:\\\/\\\/casadecampoliving.com\\\/es\\\/#\\\/schema\\\/logo\\\/image\\\/\"},\"sameAs\":[\"https:\\\/\\\/www.facebook.com\\\/casadecampoliving\",\"https:\\\/\\\/x.com\\\/cdcliving\"]},{\"@type\":\"Person\",\"@id\":\"https:\\\/\\\/casadecampoliving.com\\\/es\\\/#\\\/schema\\\/person\\\/b6606bd87f9cec8f5903e2141cafda24\",\"name\":\"Marlenys Guzm\u00e1n Casta\u00f1os\",\"image\":{\"@type\":\"ImageObject\",\"inLanguage\":\"es\",\"@id\":\"https:\\\/\\\/secure.gravatar.com\\\/avatar\\\/72f3f86b8e6b3ec744201aeadf11d4a6055e8af194aecd9ad30ffff4437878ee?s=96&d=mm&r=g\",\"url\":\"https:\\\/\\\/secure.gravatar.com\\\/avatar\\\/72f3f86b8e6b3ec744201aeadf11d4a6055e8af194aecd9ad30ffff4437878ee?s=96&d=mm&r=g\",\"contentUrl\":\"https:\\\/\\\/secure.gravatar.com\\\/avatar\\\/72f3f86b8e6b3ec744201aeadf11d4a6055e8af194aecd9ad30ffff4437878ee?s=96&d=mm&r=g\",\"caption\":\"Marlenys Guzm\u00e1n Casta\u00f1os\"},\"url\":\"https:\\\/\\\/casadecampoliving.com\\\/es\\\/author\\\/mguzman\\\/\"}]}<\/script>\n<!-- \/ Yoast SEO plugin. -->","yoast_head_json":{"title":"Mark Gordon nos trae una vez m\u00e1s sus impresionantes obras en cer\u00e1mica a La Galer\u00eda Altos de Chav\u00f3n | Casa de Campo Living","description":"Han pasado 35 a\u00f1os desde la \u00faltima vez que Mark Gordon present\u00f3 su trabajo en La Galer\u00eda. De 1980 a 1983, Gordon dise\u00f1\u00f3 e implement\u00f3 un taller de cer\u00e1mica","robots":{"index":"index","follow":"follow","max-snippet":"max-snippet:-1","max-image-preview":"max-image-preview:large","max-video-preview":"max-video-preview:-1"},"canonical":"https:\/\/casadecampoliving.com\/es\/mark-gordon-obras-ceramica-galeria-altos-de-chavon\/","og_locale":"es_ES","og_type":"article","og_title":"Mark Gordon nos trae una vez m\u00e1s sus impresionantes obras en cer\u00e1mica a La Galer\u00eda Altos de Chav\u00f3n | Casa de Campo Living","og_description":"Han pasado 35 a\u00f1os desde la \u00faltima vez que Mark Gordon present\u00f3 su trabajo en La Galer\u00eda. De 1980 a 1983, Gordon dise\u00f1\u00f3 e implement\u00f3 un taller de cer\u00e1mica","og_url":"https:\/\/casadecampoliving.com\/es\/mark-gordon-obras-ceramica-galeria-altos-de-chavon\/","og_site_name":"Casa de Campo Living","article_publisher":"https:\/\/www.facebook.com\/casadecampoliving","article_published_time":"2016-02-21T04:00:00+00:00","article_modified_time":"2022-10-21T23:06:14+00:00","og_image":[{"width":650,"height":519,"url":"https:\/\/i0.wp.com\/casadecampoliving.com\/wp-content\/uploads\/2022\/10\/BLACK_SQUASH_ARCH.jpg?fit=650%2C519&ssl=1","type":"image\/jpeg"}],"author":"Marlenys Guzm\u00e1n Casta\u00f1os","twitter_card":"summary_large_image","twitter_creator":"@cdcliving","twitter_site":"@cdcliving","twitter_misc":{"Escrito por":"Marlenys Guzm\u00e1n Casta\u00f1os","Tiempo de lectura":"1 minuto"},"schema":{"@context":"https:\/\/schema.org","@graph":[{"@type":"Article","@id":"https:\/\/casadecampoliving.com\/es\/mark-gordon-obras-ceramica-galeria-altos-de-chavon\/#article","isPartOf":{"@id":"https:\/\/casadecampoliving.com\/es\/mark-gordon-obras-ceramica-galeria-altos-de-chavon\/"},"author":{"name":"Marlenys Guzm\u00e1n Casta\u00f1os","@id":"https:\/\/casadecampoliving.com\/es\/#\/schema\/person\/b6606bd87f9cec8f5903e2141cafda24"},"headline":"Mark Gordon nos trae una vez m\u00e1s sus impresionantes obras en cer\u00e1mica a La Galer\u00eda Altos de Chav\u00f3n","datePublished":"2016-02-21T04:00:00+00:00","dateModified":"2022-10-21T23:06:14+00:00","mainEntityOfPage":{"@id":"https:\/\/casadecampoliving.com\/es\/mark-gordon-obras-ceramica-galeria-altos-de-chavon\/"},"wordCount":219,"publisher":{"@id":"https:\/\/casadecampoliving.com\/es\/#organization"},"image":{"@id":"https:\/\/casadecampoliving.com\/es\/mark-gordon-obras-ceramica-galeria-altos-de-chavon\/#primaryimage"},"thumbnailUrl":"https:\/\/i0.wp.com\/casadecampoliving.com\/wp-content\/uploads\/2022\/10\/BLACK_SQUASH_ARCH.jpg?fit=650%2C519&ssl=1","keywords":["Altos de Chavon","apertura","Barro","cer\u00e1mica","coctel","La Galer\u00eda @es","Mark Gordon @es"],"articleSection":["Altos de Chavon @es","Casa de Campo Living @es","CCL presenta","Destacados","Estilo de Vida","Eventos","Noticias Locales","Proximamente","Rep\u00fablica Dominicana @es","Resort Casa de Campo"],"inLanguage":"es"},{"@type":"WebPage","@id":"https:\/\/casadecampoliving.com\/es\/mark-gordon-obras-ceramica-galeria-altos-de-chavon\/","url":"https:\/\/casadecampoliving.com\/es\/mark-gordon-obras-ceramica-galeria-altos-de-chavon\/","name":"Mark Gordon nos trae una vez m\u00e1s sus impresionantes obras en cer\u00e1mica a La Galer\u00eda Altos de Chav\u00f3n | Casa de Campo Living","isPartOf":{"@id":"https:\/\/casadecampoliving.com\/es\/#website"},"primaryImageOfPage":{"@id":"https:\/\/casadecampoliving.com\/es\/mark-gordon-obras-ceramica-galeria-altos-de-chavon\/#primaryimage"},"image":{"@id":"https:\/\/casadecampoliving.com\/es\/mark-gordon-obras-ceramica-galeria-altos-de-chavon\/#primaryimage"},"thumbnailUrl":"https:\/\/i0.wp.com\/casadecampoliving.com\/wp-content\/uploads\/2022\/10\/BLACK_SQUASH_ARCH.jpg?fit=650%2C519&ssl=1","datePublished":"2016-02-21T04:00:00+00:00","dateModified":"2022-10-21T23:06:14+00:00","description":"Han pasado 35 a\u00f1os desde la \u00faltima vez que Mark Gordon present\u00f3 su trabajo en La Galer\u00eda. De 1980 a 1983, Gordon dise\u00f1\u00f3 e implement\u00f3 un taller de cer\u00e1mica","breadcrumb":{"@id":"https:\/\/casadecampoliving.com\/es\/mark-gordon-obras-ceramica-galeria-altos-de-chavon\/#breadcrumb"},"inLanguage":"es","potentialAction":[{"@type":"ReadAction","target":["https:\/\/casadecampoliving.com\/es\/mark-gordon-obras-ceramica-galeria-altos-de-chavon\/"]}]},{"@type":"ImageObject","inLanguage":"es","@id":"https:\/\/casadecampoliving.com\/es\/mark-gordon-obras-ceramica-galeria-altos-de-chavon\/#primaryimage","url":"https:\/\/i0.wp.com\/casadecampoliving.com\/wp-content\/uploads\/2022\/10\/BLACK_SQUASH_ARCH.jpg?fit=650%2C519&ssl=1","contentUrl":"https:\/\/i0.wp.com\/casadecampoliving.com\/wp-content\/uploads\/2022\/10\/BLACK_SQUASH_ARCH.jpg?fit=650%2C519&ssl=1","width":650,"height":519},{"@type":"BreadcrumbList","@id":"https:\/\/casadecampoliving.com\/es\/mark-gordon-obras-ceramica-galeria-altos-de-chavon\/#breadcrumb","itemListElement":[{"@type":"ListItem","position":1,"name":"Home","item":"https:\/\/casadecampoliving.com\/es\/"},{"@type":"ListItem","position":2,"name":"Mark Gordon nos trae una vez m\u00e1s sus impresionantes obras en cer\u00e1mica a La Galer\u00eda Altos de Chav\u00f3n"}]},{"@type":"WebSite","@id":"https:\/\/casadecampoliving.com\/es\/#website","url":"https:\/\/casadecampoliving.com\/es\/","name":"Casa de Campo Living","description":"Resort community news and resources.","publisher":{"@id":"https:\/\/casadecampoliving.com\/es\/#organization"},"potentialAction":[{"@type":"SearchAction","target":{"@type":"EntryPoint","urlTemplate":"https:\/\/casadecampoliving.com\/es\/?s={search_term_string}"},"query-input":{"@type":"PropertyValueSpecification","valueRequired":true,"valueName":"search_term_string"}}],"inLanguage":"es"},{"@type":"Organization","@id":"https:\/\/casadecampoliving.com\/es\/#organization","name":"Casa de Campo Living","url":"https:\/\/casadecampoliving.com\/es\/","logo":{"@type":"ImageObject","inLanguage":"es","@id":"https:\/\/casadecampoliving.com\/es\/#\/schema\/logo\/image\/","url":"https:\/\/i0.wp.com\/casadecampoliving.com\/wp-content\/uploads\/2022\/07\/CDCLivingLogo_V1-white-sized.png?fit=800%2C214&ssl=1","contentUrl":"https:\/\/i0.wp.com\/casadecampoliving.com\/wp-content\/uploads\/2022\/07\/CDCLivingLogo_V1-white-sized.png?fit=800%2C214&ssl=1","width":800,"height":214,"caption":"Casa de Campo Living"},"image":{"@id":"https:\/\/casadecampoliving.com\/es\/#\/schema\/logo\/image\/"},"sameAs":["https:\/\/www.facebook.com\/casadecampoliving","https:\/\/x.com\/cdcliving"]},{"@type":"Person","@id":"https:\/\/casadecampoliving.com\/es\/#\/schema\/person\/b6606bd87f9cec8f5903e2141cafda24","name":"Marlenys Guzm\u00e1n Casta\u00f1os","image":{"@type":"ImageObject","inLanguage":"es","@id":"https:\/\/secure.gravatar.com\/avatar\/72f3f86b8e6b3ec744201aeadf11d4a6055e8af194aecd9ad30ffff4437878ee?s=96&d=mm&r=g","url":"https:\/\/secure.gravatar.com\/avatar\/72f3f86b8e6b3ec744201aeadf11d4a6055e8af194aecd9ad30ffff4437878ee?s=96&d=mm&r=g","contentUrl":"https:\/\/secure.gravatar.com\/avatar\/72f3f86b8e6b3ec744201aeadf11d4a6055e8af194aecd9ad30ffff4437878ee?s=96&d=mm&r=g","caption":"Marlenys Guzm\u00e1n Casta\u00f1os"},"url":"https:\/\/casadecampoliving.com\/es\/author\/mguzman\/"}]}},"parsely":{"version":"1.1.0","canonical_url":"https:\/\/casadecampoliving.com\/es\/mark-gordon-obras-ceramica-galeria-altos-de-chavon\/","smart_links":{"inbound":0,"outbound":0},"traffic_boost_suggestions_count":0,"meta":{"@context":"https:\/\/schema.org","@type":"NewsArticle","headline":"Mark Gordon nos trae una vez m\u00e1s sus impresionantes obras en cer\u00e1mica a La Galer\u00eda Altos de Chav\u00f3n","url":"http:\/\/casadecampoliving.com\/es\/mark-gordon-obras-ceramica-galeria-altos-de-chavon\/","mainEntityOfPage":{"@type":"WebPage","@id":"http:\/\/casadecampoliving.com\/es\/mark-gordon-obras-ceramica-galeria-altos-de-chavon\/"},"thumbnailUrl":"https:\/\/i0.wp.com\/casadecampoliving.com\/wp-content\/uploads\/2022\/10\/BLACK_SQUASH_ARCH.jpg?resize=150%2C150&ssl=1","image":{"@type":"ImageObject","url":"https:\/\/i0.wp.com\/casadecampoliving.com\/wp-content\/uploads\/2022\/10\/BLACK_SQUASH_ARCH.jpg?fit=650%2C519&ssl=1"},"articleSection":"Altos de Chavon @es","author":[{"@type":"Person","name":"Marlenys Guzm\u00e1n Casta\u00f1os"}],"creator":["Marlenys Guzm\u00e1n Casta\u00f1os"],"publisher":{"@type":"Organization","name":"Casa de Campo Living","logo":"https:\/\/casadecampoliving.com\/wp-content\/uploads\/2022\/07\/CDCLivingLogo_V1-white-sized.png"},"keywords":["altos de chavon","apertura","barro","cer\u00e1mica","coctel","la galer\u00eda @es","mark gordon @es"],"dateCreated":"2016-02-21T04:00:00Z","datePublished":"2016-02-21T04:00:00Z","dateModified":"2022-10-21T23:06:14Z"},"rendered":"<script type=\"application\/ld+json\" class=\"wp-parsely-metadata\">{\"@context\":\"https:\\\/\\\/schema.org\",\"@type\":\"NewsArticle\",\"headline\":\"Mark Gordon nos trae una vez m\\u00e1s sus impresionantes obras en cer\\u00e1mica a La Galer\\u00eda Altos de Chav\\u00f3n\",\"url\":\"http:\\\/\\\/casadecampoliving.com\\\/es\\\/mark-gordon-obras-ceramica-galeria-altos-de-chavon\\\/\",\"mainEntityOfPage\":{\"@type\":\"WebPage\",\"@id\":\"http:\\\/\\\/casadecampoliving.com\\\/es\\\/mark-gordon-obras-ceramica-galeria-altos-de-chavon\\\/\"},\"thumbnailUrl\":\"https:\\\/\\\/i0.wp.com\\\/casadecampoliving.com\\\/wp-content\\\/uploads\\\/2022\\\/10\\\/BLACK_SQUASH_ARCH.jpg?resize=150%2C150&ssl=1\",\"image\":{\"@type\":\"ImageObject\",\"url\":\"https:\\\/\\\/i0.wp.com\\\/casadecampoliving.com\\\/wp-content\\\/uploads\\\/2022\\\/10\\\/BLACK_SQUASH_ARCH.jpg?fit=650%2C519&ssl=1\"},\"articleSection\":\"Altos de Chavon @es\",\"author\":[{\"@type\":\"Person\",\"name\":\"Marlenys Guzm\\u00e1n Casta\\u00f1os\"}],\"creator\":[\"Marlenys Guzm\\u00e1n Casta\\u00f1os\"],\"publisher\":{\"@type\":\"Organization\",\"name\":\"Casa de Campo Living\",\"logo\":\"https:\\\/\\\/casadecampoliving.com\\\/wp-content\\\/uploads\\\/2022\\\/07\\\/CDCLivingLogo_V1-white-sized.png\"},\"keywords\":[\"altos de chavon\",\"apertura\",\"barro\",\"cer\\u00e1mica\",\"coctel\",\"la galer\\u00eda @es\",\"mark gordon @es\"],\"dateCreated\":\"2016-02-21T04:00:00Z\",\"datePublished\":\"2016-02-21T04:00:00Z\",\"dateModified\":\"2022-10-21T23:06:14Z\"}<\/script>","tracker_url":"https:\/\/cdn.parsely.com\/keys\/casadecampoliving.com\/p.js"},"jetpack_publicize_connections":[],"jetpack_featured_media_url":"https:\/\/i0.wp.com\/casadecampoliving.com\/wp-content\/uploads\/2022\/10\/BLACK_SQUASH_ARCH.jpg?fit=650%2C519&ssl=1","jetpack-related-posts":[{"id":433460,"url":"https:\/\/casadecampoliving.com\/es\/no-se-pierdan-el-increible-tributo-a-frank-sinatra-para-celebrar-el-40-aniversario-del-anfiteatro-altos-de-chavon\/","url_meta":{"origin":349242,"position":0},"title":"No se pierdan el incre\u00edble tributo a Frank Sinatra para celebrar el 40 aniversario del\u00a0Anfiteatro Altos de Chav\u00f3n","author":"Casa de Campo Living","date":"20 Oct, 2022","format":false,"excerpt":"Siendo uno de los escenarios m\u00e1s emblem\u00e1ticos del pa\u00eds, Casa de Campo Resort\u00ae & Villas celebra las cuatro d\u00e9cadas de aniversario de Altos de Chav\u00f3n con un tributo al gran Frank Sinatra, protagonizado por artistas invitados y una big band tal cual la que acompa\u00f1\u00f3 al artista hace 40 a\u00f1os\u2026","rel":"","context":"En \u00abUncategorized @es\u00bb","block_context":{"text":"Uncategorized @es","link":"https:\/\/casadecampoliving.com\/es\/category\/uncategorized-es\/"},"img":{"alt_text":"","src":"https:\/\/i0.wp.com\/casadecampoliving.com\/wp-content\/uploads\/2022\/10\/Tributo-Frank-Sinatra-Foto-Principal-Amaury-Sanchez-Danilo-Ginebra-Andres-Pichardo-y-Jose-Gabriel-Perez-.jpg?fit=1200%2C873&ssl=1&resize=350%2C200","width":350,"height":200,"srcset":"https:\/\/i0.wp.com\/casadecampoliving.com\/wp-content\/uploads\/2022\/10\/Tributo-Frank-Sinatra-Foto-Principal-Amaury-Sanchez-Danilo-Ginebra-Andres-Pichardo-y-Jose-Gabriel-Perez-.jpg?fit=1200%2C873&ssl=1&resize=350%2C200 1x, https:\/\/i0.wp.com\/casadecampoliving.com\/wp-content\/uploads\/2022\/10\/Tributo-Frank-Sinatra-Foto-Principal-Amaury-Sanchez-Danilo-Ginebra-Andres-Pichardo-y-Jose-Gabriel-Perez-.jpg?fit=1200%2C873&ssl=1&resize=525%2C300 1.5x, https:\/\/i0.wp.com\/casadecampoliving.com\/wp-content\/uploads\/2022\/10\/Tributo-Frank-Sinatra-Foto-Principal-Amaury-Sanchez-Danilo-Ginebra-Andres-Pichardo-y-Jose-Gabriel-Perez-.jpg?fit=1200%2C873&ssl=1&resize=700%2C400 2x, https:\/\/i0.wp.com\/casadecampoliving.com\/wp-content\/uploads\/2022\/10\/Tributo-Frank-Sinatra-Foto-Principal-Amaury-Sanchez-Danilo-Ginebra-Andres-Pichardo-y-Jose-Gabriel-Perez-.jpg?fit=1200%2C873&ssl=1&resize=1050%2C600 3x"},"classes":[]},{"id":349329,"url":"https:\/\/casadecampoliving.com\/es\/mark-gordon-regresa-altos-de-chavon\/","url_meta":{"origin":349242,"position":1},"title":"\u00a1Mark Gordon regresa a Chav\u00f3n con una fabulosa exposici\u00f3n!","author":"Marlenys Guzm\u00e1n Casta\u00f1os","date":"1 Mar, 2016","format":false,"excerpt":"Luego de una ausencia de 35 a\u00f1os de las salas de La Galer\u00eda, Altos de Chav\u00f3n, Mark Gordon regresa presentando su m\u00e1s reciente trabajo. El martes 23 de febrero tuvimos el placer de asistir a la apertura de su exposici\u00f3n en el segundo piso de La Galer\u00eda. Mark Gordon, Profesor\u2026","rel":"","context":"En \u00abAltos de Chavon @es\u00bb","block_context":{"text":"Altos de Chavon @es","link":"https:\/\/casadecampoliving.com\/category\/altos-de-chavon-es\/"},"img":{"alt_text":"Featured Image - Mark Gordon Exhibit","src":"https:\/\/i0.wp.com\/casadecampoliving.com\/wp-content\/uploads\/2022\/10\/Featured-Image-Mark-Gordon-Exhibit.jpg?fit=650%2C400&ssl=1&resize=350%2C200","width":350,"height":200,"srcset":"https:\/\/i0.wp.com\/casadecampoliving.com\/wp-content\/uploads\/2022\/10\/Featured-Image-Mark-Gordon-Exhibit.jpg?fit=650%2C400&ssl=1&resize=350%2C200 1x, https:\/\/i0.wp.com\/casadecampoliving.com\/wp-content\/uploads\/2022\/10\/Featured-Image-Mark-Gordon-Exhibit.jpg?fit=650%2C400&ssl=1&resize=525%2C300 1.5x"},"classes":[]},{"id":350273,"url":"https:\/\/casadecampoliving.com\/es\/hermosa-coleccion-arte-exhibicion-la-galeria-altos-de-chavon\/","url_meta":{"origin":349242,"position":2},"title":"Colecci\u00f3n de arte en exhibicion AHORA en La Galer\u00eda de Altos de Chav\u00f3n","author":"Marlenys Guzm\u00e1n Casta\u00f1os","date":"29 Jul, 2016","format":false,"excerpt":"\u00a1M\u00e1s buenas noticias para los amantes del arte! Ayer les dimos todos los detalles de la edici\u00f3n m\u00e1s reciente de Art Chav\u00f3n 2016 en el nuevo campus de Chav\u00f3n Escuela de Dise\u00f1o en Santo Domingo donde su compra ayudar\u00e1 a financiar el programa de becas de la Fundaci\u00f3n Centro Cultural\u2026","rel":"","context":"En \u00abAltos de Chavon @es\u00bb","block_context":{"text":"Altos de Chavon @es","link":"https:\/\/casadecampoliving.com\/category\/altos-de-chavon-es\/"},"img":{"alt_text":"","src":"https:\/\/i0.wp.com\/casadecampoliving.com\/wp-content\/uploads\/2022\/10\/The-Gallery-1.jpg?fit=1000%2C600&ssl=1&resize=350%2C200","width":350,"height":200,"srcset":"https:\/\/i0.wp.com\/casadecampoliving.com\/wp-content\/uploads\/2022\/10\/The-Gallery-1.jpg?fit=1000%2C600&ssl=1&resize=350%2C200 1x, https:\/\/i0.wp.com\/casadecampoliving.com\/wp-content\/uploads\/2022\/10\/The-Gallery-1.jpg?fit=1000%2C600&ssl=1&resize=525%2C300 1.5x, https:\/\/i0.wp.com\/casadecampoliving.com\/wp-content\/uploads\/2022\/10\/The-Gallery-1.jpg?fit=1000%2C600&ssl=1&resize=700%2C400 2x"},"classes":[]},{"id":345233,"url":"https:\/\/casadecampoliving.com\/es\/exposicion-traces-caribbean-europe\/","url_meta":{"origin":349242,"position":3},"title":"Exposici\u00f3n \u2018\u2019Traces From The Caribbean and Europe\u2019\u2019","author":"Daniela Medina","date":"3 Sep, 2014","format":false,"excerpt":"\u00bfFan\u00e1tico del arte? Pues tenemos buenas noticias, el pr\u00f3ximo jueves 11 de septiembre la Fundaci\u00f3n Altos de Chav\u00f3n inaugurar\u00e1 una nueva exhibici\u00f3n\u00a0\u201cTraces from the Caribbean and Europe\u201d (Rastros del Caribe y Europa) de los artistas Luis Mu\u00f1oz (dominicano) y Aleksandar Azdic (serbio). Una colecci\u00f3n que representa los aportes art\u00edstico-culturales de\u2026","rel":"","context":"En \u00abAltos de Chavon @es\u00bb","block_context":{"text":"Altos de Chavon @es","link":"https:\/\/casadecampoliving.com\/category\/altos-de-chavon-es\/"},"img":{"alt_text":"","src":"https:\/\/i0.wp.com\/casadecampoliving.com\/wp-content\/uploads\/2022\/10\/traces-from-the-caribbean-and-europe-e1409664422992-1.jpg?fit=598%2C451&ssl=1&resize=350%2C200","width":350,"height":200,"srcset":"https:\/\/i0.wp.com\/casadecampoliving.com\/wp-content\/uploads\/2022\/10\/traces-from-the-caribbean-and-europe-e1409664422992-1.jpg?fit=598%2C451&ssl=1&resize=350%2C200 1x, https:\/\/i0.wp.com\/casadecampoliving.com\/wp-content\/uploads\/2022\/10\/traces-from-the-caribbean-and-europe-e1409664422992-1.jpg?fit=598%2C451&ssl=1&resize=525%2C300 1.5x"},"classes":[]},{"id":347084,"url":"https:\/\/casadecampoliving.com\/es\/el-arte-mas-alla-de-las-piedras-continuendo-con-nuestro-legado-indigena\/","url_meta":{"origin":349242,"position":4},"title":"El arte m\u00e1s all\u00e1 de las piedras, continuendo con nuestro legado ind\u00edgena","author":"Eliana Alba","date":"12 Jun, 2015","format":false,"excerpt":"El arte de la cer\u00e1mica en este pa\u00eds se remonta a cuando los ta\u00ednos habitaban la isla, en los d\u00edas cuando Col\u00f3n lleg\u00f3 proclamando la Rep\u00fablica Dominicana \u201clo m\u00e1s bello que los ojos humanos pod\u00edan ver\u201d. Este arte, este legado, que ha sido pasado\u00a0de generaci\u00f3n en generaci\u00f3n, continua creciendo aqu\u00ed\u2026","rel":"","context":"En \u00abAltos de Chavon @es\u00bb","block_context":{"text":"Altos de Chavon @es","link":"https:\/\/casadecampoliving.com\/category\/altos-de-chavon-es\/"},"img":{"alt_text":"Ceramics Altos de Chavon","src":"https:\/\/i0.wp.com\/casadecampoliving.com\/wp-content\/uploads\/2022\/10\/Ceramics_Altos_de_Chavon-1.jpg?fit=1200%2C800&ssl=1&resize=350%2C200","width":350,"height":200,"srcset":"https:\/\/i0.wp.com\/casadecampoliving.com\/wp-content\/uploads\/2022\/10\/Ceramics_Altos_de_Chavon-1.jpg?fit=1200%2C800&ssl=1&resize=350%2C200 1x, https:\/\/i0.wp.com\/casadecampoliving.com\/wp-content\/uploads\/2022\/10\/Ceramics_Altos_de_Chavon-1.jpg?fit=1200%2C800&ssl=1&resize=525%2C300 1.5x, https:\/\/i0.wp.com\/casadecampoliving.com\/wp-content\/uploads\/2022\/10\/Ceramics_Altos_de_Chavon-1.jpg?fit=1200%2C800&ssl=1&resize=700%2C400 2x, https:\/\/i0.wp.com\/casadecampoliving.com\/wp-content\/uploads\/2022\/10\/Ceramics_Altos_de_Chavon-1.jpg?fit=1200%2C800&ssl=1&resize=1050%2C600 3x"},"classes":[]},{"id":345360,"url":"https:\/\/casadecampoliving.com\/es\/exhibicion-de-arte-traces-caribbean-europe\/","url_meta":{"origin":349242,"position":5},"title":"Exhibici\u00f3n de Arte \u00abTraces from the Caribbean and Europe\u00bb","author":"Daniela Medina","date":"17 Sep, 2014","format":false,"excerpt":"El pasado jueves, 11 de septiembre, la galer\u00eda de arte principal en Altos de Chav\u00f3n present\u00f3 esculturas y pinturas asombrosas hechas por los artistas Luis Mu\u00f1oz y Aleksander Azdic en su exhibici\u00f3n de arte llamada Traces from the Caribbean and Europe. Las impresionantes\u00a0obras de arte elaboradas por Luis Mu\u00f1oz (de\u2026","rel":"","context":"En \u00abAltos de Chavon @es\u00bb","block_context":{"text":"Altos de Chavon @es","link":"https:\/\/casadecampoliving.com\/category\/altos-de-chavon-es\/"},"img":{"alt_text":"Traces of the Caribbean and Europe","src":"https:\/\/i0.wp.com\/casadecampoliving.com\/wp-content\/uploads\/2022\/10\/Traces-of-the-Caribbean-and-Europe-4-1.jpg?fit=800%2C533&ssl=1&resize=350%2C200","width":350,"height":200,"srcset":"https:\/\/i0.wp.com\/casadecampoliving.com\/wp-content\/uploads\/2022\/10\/Traces-of-the-Caribbean-and-Europe-4-1.jpg?fit=800%2C533&ssl=1&resize=350%2C200 1x, https:\/\/i0.wp.com\/casadecampoliving.com\/wp-content\/uploads\/2022\/10\/Traces-of-the-Caribbean-and-Europe-4-1.jpg?fit=800%2C533&ssl=1&resize=525%2C300 1.5x, https:\/\/i0.wp.com\/casadecampoliving.com\/wp-content\/uploads\/2022\/10\/Traces-of-the-Caribbean-and-Europe-4-1.jpg?fit=800%2C533&ssl=1&resize=700%2C400 2x"},"classes":[]}],"jetpack_sharing_enabled":true,"_links":{"self":[{"href":"https:\/\/casadecampoliving.com\/es\/wp-json\/wp\/v2\/posts\/349242","targetHints":{"allow":["GET"]}}],"collection":[{"href":"https:\/\/casadecampoliving.com\/es\/wp-json\/wp\/v2\/posts"}],"about":[{"href":"https:\/\/casadecampoliving.com\/es\/wp-json\/wp\/v2\/types\/post"}],"author":[{"embeddable":true,"href":"https:\/\/casadecampoliving.com\/es\/wp-json\/wp\/v2\/users\/36682"}],"replies":[{"embeddable":true,"href":"https:\/\/casadecampoliving.com\/es\/wp-json\/wp\/v2\/comments?post=349242"}],"version-history":[{"count":1,"href":"https:\/\/casadecampoliving.com\/es\/wp-json\/wp\/v2\/posts\/349242\/revisions"}],"predecessor-version":[{"id":349243,"href":"https:\/\/casadecampoliving.com\/es\/wp-json\/wp\/v2\/posts\/349242\/revisions\/349243"}],"wp:featuredmedia":[{"embeddable":true,"href":"https:\/\/casadecampoliving.com\/es\/wp-json\/wp\/v2\/media\/285955"}],"wp:attachment":[{"href":"https:\/\/casadecampoliving.com\/es\/wp-json\/wp\/v2\/media?parent=349242"}],"wp:term":[{"taxonomy":"category","embeddable":true,"href":"https:\/\/casadecampoliving.com\/es\/wp-json\/wp\/v2\/categories?post=349242"},{"taxonomy":"post_tag","embeddable":true,"href":"https:\/\/casadecampoliving.com\/es\/wp-json\/wp\/v2\/tags?post=349242"},{"taxonomy":"newspack_spnsrs_tax","embeddable":true,"href":"https:\/\/casadecampoliving.com\/es\/wp-json\/wp\/v2\/newspack_spnsrs_tax?post=349242"}],"curies":[{"name":"wp","href":"https:\/\/api.w.org\/{rel}","templated":true}]}}