{"id":349154,"date":"2016-02-08T00:00:00","date_gmt":"2016-02-08T04:00:00","guid":{"rendered":"https:\/\/casadecampoliving.com\/pablo-chiasera-arte-inspiracion-y-direccion-davidoff-art-initiative\/"},"modified":"2022-10-21T19:01:29","modified_gmt":"2022-10-21T23:01:29","slug":"pablo-chiasera-arte-inspiracion-y-direccion-davidoff-art-initiative","status":"publish","type":"post","link":"https:\/\/casadecampoliving.com\/es\/pablo-chiasera-arte-inspiracion-y-direccion-davidoff-art-initiative\/","title":{"rendered":"Pablo Chiasera nos habla de Arte, Inspiraci\u00f3n y Direcci\u00f3n con el Davidoff Art Initiative Program"},"content":{"rendered":"<div class=\"wp-block-image\">\n<figure class=\"aligncenter is-resized\"><img loading=\"lazy\" decoding=\"async\" src=\"https:\/\/i0.wp.com\/casadecampoliving.com\/wp-content\/uploads\/2022\/10\/artist2016_Chiasera_work_Secondo_Stile_Tent-500x0-1.jpg?resize=650%2C434&amp;ssl=1\" alt=\"artist2016_Chiasera_work_Secondo_Stile_Tent-500x0\" class=\"wp-image-116703\" height=\"434\" width=\"650\"\/><\/figure>\n<\/div>\n\n\n<p><span style=\"font-weight: 400;\">Gracias al programa de residencia del Davidoff Art Initiative hemos tenido la oportunidad de conversar con un artista muy interesante, Paolo Chiasera. Nos habl\u00f3 de arte, su visi\u00f3n, experiencias en la Rep\u00fablica Dominicana y su participaci\u00f3n con Davidoff.<\/span><\/p>\n\n\n\n<p><\/p>\n\n\n\n<!--more-->\n\n\n\n<h3 class=\"wp-block-heading\">\u00bfComo te convertiste en artista?<\/h3>\n\n\n\n<p><span style=\"font-weight: 400;\">A la edad de 12 a\u00f1os, estuve involucrado con graffiti en Bologna, y colaboraba con varios escritores que tambi\u00e9n participaban. A los 14, mi marquesina fue mi primer estudio y pintaba la mayor parte del tiempo.<\/span><\/p>\n\n\n\n<p><span style=\"font-weight: 400;\">Si tuviera que pensar cuando me di cuenta que quer\u00eda ir a la escuela de arte, ser\u00eda cuando estaba en el patio de recreo del parque. Recuerdo que jugaba con barro en el suelo y que el tiempo no exist\u00eda en ese momento. Ten\u00eda una sensaci\u00f3n de libertad y la intenci\u00f3n de seguirlo. Ese fue el momento abandon\u00e9 los dem\u00e1s sue\u00f1os de la infancia, como ser bombero. Inmediatamente, empec\u00e9 a enfocarme en las im\u00e1genes, y en aquel entonces en la arqueolog\u00eda. La creaci\u00f3n de una imagen puede ser algo muy complejo, algo compuesto de muchas capas.<\/span><\/p>\n\n\n\n<h3 class=\"wp-block-heading\">\u00bfDe d\u00f3nde proviene tu inspiraci\u00f3n?<\/h3>\n\n\n\n<p><span style=\"font-weight: 400;\">La inspiraci\u00f3n me surge muy al azar. Despu\u00e9s de que hacer algo por un tiempo uno puede reconocer la forma en que funciona su mente. La perspectiva es algo que me inspira; ser sorprendido y estar abierto a lo que est\u00e1 delante de usted. Parece una locura tratar de ver algo por primera vez. Entonces te das cuenta de que todo es \u00fanico.<\/span><\/p>\n\n\n\n<p><span style=\"font-weight: 400;\">Una figura clave en mi proceso creativo es Aby Warburg; no es un artista, sino un escritor e historiador del arte. Lo que hizo el siglo pasado constituye un nuevo enfoque en el estudio de la historia como algo no lineal. No es algo que se puede definir como un proceso, pero es circular o como la de una espiral, que proporciona una visi\u00f3n diferente de lo que es contempor\u00e1neo. El conect\u00f3 im\u00e1genes que estaban lejos el uno del otro en el tiempo, pero se refer\u00eda a la misma memoria.<\/span><\/p>\n\n\n\n<h3 class=\"wp-block-heading\">\u00bfHa influido en ti de alguna manera el arte cl\u00e1sico Italiano?<\/h3>\n\n\n\n<p><span style=\"font-weight: 400;\">Bueno, yo soy italiano, pero no viv\u00ed all\u00ed la mitad de mi vida. Por supuesto, tengo recuerdos que definen mi percepci\u00f3n visual, como la niebla de Michelangelo Antonioni. Est\u00e1 presente en mi pensamiento. Sin embargo, en alg\u00fan momento, descubr\u00ed la cultura europea central que fue un momento muy importante en mi investigaci\u00f3n, especialmente en relaci\u00f3n con la instituci\u00f3n y la cr\u00edtica.<\/span><\/p>\n\n\n\n<h3 class=\"wp-block-heading\">\u00bfQu\u00e9 te inspir\u00f3 para integrar el espacio a tu arte y mirarlo desde la perspectiva contextual?<\/h3>\n\n\n\n<p><span style=\"font-weight: 400;\">Mira este vaso sobre la mesa\u2026 Podemos verlo como una vaso o podemos verlo como una serie de pr\u00e1cticas que hace que sea un objeto que reconocemos. De repente, el vaso se nos relata una historia sobre la gente que trabajaba para hacerlo desde su origen como un mineral. Como se puede ver en algo muy simple, el momento en que se intenta indicar el comienzo, el objeto se convierte en una historia. As\u00ed que eso es lo que yo trabajo en mi estudio. Encontrar esta capa de historia para as\u00ed contar una historia.<\/span><\/p>\n\n\n\n<h3 class=\"wp-block-heading\">\u00bfSe considera un narrador?<\/h3>\n\n\n\n<p><span style=\"font-weight: 400;\">S\u00ed; Me intriga la posibilidad de una narraci\u00f3n, la oportunidad de volver a describir las experiencias del pasado y presente. En mi pr\u00e1ctica art\u00edstica, me he interesado cada vez m\u00e1s \u200b\u200ben la calidad de la presentaci\u00f3n y la forma en que afecta a la visibilidad de una obra de arte. Soy un artista, pero al mismo tiempo he comenzado a participar en el discurso curatorial. Esta conversaci\u00f3n de una exposici\u00f3n me ha dado la idea de correr mi propio espacio.<\/span><\/p>\n\n\n\n<h3 class=\"wp-block-heading\">\u00bfEn Berl\u00edn?<\/h3>\n\n\n\n<p><span style=\"font-weight: 400;\">Berl\u00edn sol\u00eda ser una ciudad punk, donde d\u00eda y noche el arte aparec\u00eda. Por desgracia , ya no suele ser as\u00ed; se ha convertido en algo m\u00e1s estructurado y parecido a otras grandes metr\u00f3polis. Esta es una situaci\u00f3n en la que todo el espacio para la libertad comienza a desaparecer. Como forma de resistencia a eso, decid\u00ed abrir mi propio espacio de exposici\u00f3n, titulada <em>\u201cSecondostile\u201d<\/em> . Es arquitectura flexible sobre lienzo.<\/span><\/p>\n\n\n\n<h3 class=\"wp-block-heading\">\u00bfC\u00f3mo te convertiste en parte del Davidoff Art Initiative?<\/h3>\n\n\n\n<p><span style=\"font-weight: 400;\">Tuve la oportunidad de conocer artistas Dominicanos en Miami durante el Art Basel, y seguimos en contacto a trav\u00e9s de las redes sociales. Luego algunos artistas &nbsp;llegaron a Berl\u00edn a trav\u00e9s de Davidoff donde continuamos conversando.Fue nominado por uno de los miembros del programa de arte de Davidoff, y luego fui seleccionado para la residencia. \u00a1Y ahora estoy aqu\u00ed! Esto evolucion\u00f3 gracias a mi contacto con aristas Dominicanos.<\/span><\/p>\n\n\n\n<p><span style=\"font-weight: 400;\">Mi nuevo proyecto para esta residencia es una revista, pero no una tradicional como las que estamos acostumbrados a ver. Es una mezcla de diferentes funciones, se titula <em>\u201cAmbushed\u201d<\/em> (Emboscado en espa\u00f1ol). La primera edici\u00f3n cuestiona el futuro de las instituciones de arte. Es un tema muy interesante para el Caribe considerando muchas de las instituciones de arte en la isla.<\/span><\/p>\n\n\n\n<h3 class=\"wp-block-heading\">\u00bfEs importante para ti trabajar con los estudiantes e influenciar j\u00f3venes artistas?<\/h3>\n\n\n\n<p><span style=\"font-weight: 400;\">Traje uno de mis espacios de <em>\u201cSecondostile\u201d<\/em>, la tienda Bedouin. Cuando present\u00e9 este proyecto durante la charla, los estudiantes se entusiasmaron y comenzaron a proponer como iniciativa propia hacer una exposici\u00f3n dentro de la tienda. Han ido a mi estudio para hacerme preguntas y hemos decidido hacer una taller de c\u00f3mo organizar una exposici\u00f3n<\/span><\/p>\n\n\n\n<h3 class=\"wp-block-heading\">Es la primera vez que est\u00e1s en la Rep\u00fablica Dominicana; \u00bfqu\u00e9 te ha parecido la cultura? \u00bfEl lugar te ha inspirado de alguna manera?<\/h3>\n\n\n\n<p><span style=\"font-weight: 400;\">Si, ha sido muy estimulante el venir aqu\u00ed. No he tenido la oportunidad de experimentar la cultura Dominicana, ya que solo tengo una semana aqu\u00ed. Pero ya he ido a Santo Domingo, y La Romana, y me encanto la playa de Bayahibe. Aqu\u00ed, en Chav\u00f3n, es un hermoso lugar para organizar los pensamientos y trabajar.<\/span><\/p>\n\n\n\n<h3 class=\"wp-block-heading\">S\u00e9 que disfrutas fumar cigarros, \u00bf Cu\u00e1l es tu favorito?<\/h3>\n\n\n\n<p><span style=\"font-weight: 400;\">Debo decir que mi favorito es Nicaragua de Davidoff. Los cigarros aqu\u00ed son incre\u00edbles y una gran parte de la cultura.<\/span><\/p>\n\n\n\n<blockquote><h3><strong><a href=\"https:\/\/i0.wp.com\/casadecampoliving.com\/wp-content\/uploads\/2022\/10\/paolo-chiasera-410x410-410x410-1.jpg?ssl=1\"><img decoding=\"async\" loading=\"lazy\" class=\"alignright wp-image-116707\" src=\"https:\/\/i0.wp.com\/casadecampoliving.com\/wp-content\/uploads\/2022\/10\/paolo-chiasera-410x410-410x410-1.jpg?resize=316%2C316&amp;ssl=1\" alt=\"paolo-chiasera-410x410-410x410\" width=\"316\" height=\"316\"><\/a><a href=\"http:\/\/davidoffartinitiative.com\/artists\/paolo-chiasera\" target=\"_blank\" rel=\"noopener\">Paolo Chiasera<\/a><\/strong><\/h3><p id=\"tw-target-text\" class=\"tw-data-text vk_txt tw-ta tw-text-small\" dir=\"ltr\" data-placeholder=\"Translation\">Artista, escritor y curador Paolo Chiasera, tiene multiples disciplinas entre las cuales abarca la pintura, v\u00eddeo, presentaci\u00f3n e instalaci\u00f3n, se basan en primera instancia a su estudio de im\u00e1genes hist\u00f3ricas, mitos e iconos culturales. El trabajo de Chiasera toma la historia como un punto de partida para un proceso de deconstrucci\u00f3n y reconstrucci\u00f3n creativa, &nbsp;usando como fuente el cine, la literatura y la filosof\u00eda como una forma de reconstituir narrativas e involucrar al espectador. Paolo Chiasera es un artista conceptual italiano, vive y trabaja en Berl\u00edn.<\/p><\/blockquote>\n\n\n\n<div class=\"Mu SP\" data-tooltip=\"2\/8\/16, 5:19 PM\">\n<blockquote><figure><img decoding=\"async\" loading=\"lazy\" class=\"aligncenter size-full wp-image-116760\" src=\"https:\/\/i0.wp.com\/casadecampoliving.com\/wp-content\/uploads\/2022\/10\/Davidoff-Art-Initiative-Studio.jpg?resize=650%2C400&amp;ssl=1\" alt=\"Davidoff Art Initiative Studio\" width=\"650\" height=\"400\"><\/figure><h3>Art &amp; Gourmet&nbsp;Coctel<\/h3><p><span style=\"font-weight: 400;\">Visita a los estudios del Davidoff Art Residency acompa\u00f1ado de tragos.<\/span><\/p><ul>\n<li><b>Ubicaci\u00f3n: <\/b>Altos de Chav\u00f3n<\/li>\n<li><b>Fecha:&nbsp;<\/b>Viernes 19 de febrero<\/li>\n<li><b>Hora: <\/b><span style=\"font-weight: 400;\">5pm \u2013 7pm<\/span><\/li>\n<\/ul><h3>Art &amp; Gourmet Cocktail at Dye Fore<\/h3><p style=\"text-align: justify;\"><span style=\"font-weight: 400;\">Disfrute los platillos insignia de Peter Knogl, Chef suizo de 3 estrellas Michelin, y Anthony Masas, Chef Ejecutivo de Casa de Campo. Los platos estar\u00e1n acompa\u00f1ados de c\u00f3cteles, vino, y cigarros reci\u00e9n hechos.<\/span><\/p><ul>\n<li style=\"text-align: justify;\"><b>Ubicaci\u00f3n: <\/b>Altos de Chav\u00f3n<\/li>\n<li style=\"text-align: justify;\"><b>Fecha:&nbsp;<\/b>Viernes 19 de febrero<\/li>\n<li><b>Hora: <\/b><span style=\"font-weight: 400;\">7pm \u2013 10pm<\/span><\/li>\n<li><b>Costo: <\/b><span style=\"font-weight: 400;\">US$150 por persona. Cupo limitado.<\/span><\/li>\n<li style=\"text-align: justify;\"><span style=\"font-weight: 400;\">Para m\u00e1s informaci\u00f3n, precios de paquetes y reservaciones, por favor contactar: <\/span><a href=\"mailto:gourmet@davidoff.com\"><span style=\"font-weight: 400;\">gourmet@davidoff.com<\/span><\/a><span style=\"font-weight: 400;\"> o Concierge en Casa de Campo, (809)&nbsp;523-3333 ext. 3165 and 3166.<\/span><\/li>\n<\/ul><\/blockquote>\n<blockquote><figure><img decoding=\"async\" loading=\"lazy\" class=\"aligncenter size-full wp-image-116759\" src=\"https:\/\/i0.wp.com\/casadecampoliving.com\/wp-content\/uploads\/2022\/10\/Gera\u0302uchter-Aal-rote-Beete-schwarzer-Knoblauch-und-Wasabi.jpg?resize=650%2C400&amp;ssl=1\" alt=\"Gera\u0302uchter Aal rote Beete schwarzer Knoblauch und Wasabi\" width=\"650\" height=\"400\"><\/figure><h3>Davidoff White Gourmet Night<\/h3><p style=\"text-align: justify;\"><span style=\"font-weight: 400;\">No se pierdan la oportunidad de disfrutar de alta cocina, tragos y ritmos caribe\u00f1os en Playa Minitas. Peter Knogl los llevar\u00e1 en un viaje culinario con una cena gourmet de 5 tiempos, acompa\u00f1ada de vinos exclusivos, ron, y cigarros reci\u00e9n hechos. Durante el evento tambi\u00e9n ser\u00e1n participes del lanzamiento global de un Cigarro de Edici\u00f3n Limitada de Davidoff creado exclusivamente para el <em>Davidoff Tour Gastronomique Weekend<\/em>.<\/span><\/p><p><b>Ubicaci\u00f3n: <\/b><span style=\"font-weight: 400;\">Beach Club, Playa Minitas<\/span><\/p><p><b>Fecha:<\/b> S\u00e1bado 20 de febrero<span style=\"font-weight: 400;\">, 7pm \u2013&nbsp;medianoche<\/span><\/p><p><b>Costo: <\/b><span style=\"font-weight: 400;\">US$360 por persona. Cupo limitado.<\/span><\/p><p style=\"text-align: justify;\"><span style=\"font-weight: 400;\">Para m\u00e1s informaci\u00f3n, precios de paquetes y reservaciones, por favor contactar: <\/span><a href=\"mailto:gourmet@davidoff.com\"><span style=\"font-weight: 400;\">gourmet@davidoff.com<\/span><\/a><span style=\"font-weight: 400;\"> o Concierge en Casa de Campo, (809)&nbsp;523-3333 ext. 3165 and 3166.<\/span><\/p><\/blockquote>\n<blockquote><figure><img decoding=\"async\" loading=\"lazy\" class=\"aligncenter size-full wp-image-116761\" src=\"https:\/\/i0.wp.com\/casadecampoliving.com\/wp-content\/uploads\/2022\/10\/MG_0057-L.jpg?resize=650%2C400&amp;ssl=1\" alt=\"_MG_0057-L\" width=\"650\" height=\"400\"><\/figure><h3>Gourmet Island BBQ<\/h3><p style=\"text-align: justify;\"><span style=\"font-weight: 400;\">Disfrute de un emocionante viaje en catamar\u00e1n a una playa aislada \u201cPlayita Privada\u201d que terminar\u00e1 con&nbsp;un BBQ Marino por el Chef de 3 estrellas Michelin Peter Knogl junto con incre\u00edbles&nbsp;vinos y cigarros en la playa.<\/span><\/p><p><b>Ubicaci\u00f3n: <\/b><span style=\"font-weight: 400;\">Playita Privada<\/span><\/p><p><b>Fecha: <\/b>Domingo&nbsp;21 de febrero<span style=\"font-weight: 400;\">, 10am \u2013 3pm<\/span><\/p><p><b>Costo: <\/b><span style=\"font-weight: 400;\">US$190 por persona. Cupo limitado.<\/span><\/p><p style=\"text-align: justify;\"><span style=\"font-weight: 400;\">Para m\u00e1s informaci\u00f3n, precios de paquetes y reservaciones, por favor contactar: <\/span><a href=\"mailto:gourmet@davidoff.com\"><span style=\"font-weight: 400;\">gourmet@davidoff.com<\/span><\/a><span style=\"font-weight: 400;\"> o Concierge en Casa de Campo, (809)&nbsp;523-3333 ext. 3165 and 3166.<\/span><\/p><\/blockquote>\n<blockquote><figure><img decoding=\"async\" src=\"https:\/\/i0.wp.com\/casadecampoliving.com\/wp-content\/uploads\/2022\/10\/Casa_de_Campo_Davidoff_Tour-e1448977900312.jpg?ssl=1\" alt=\"Casa de Campo Davidoff Tour\"><\/figure><p style=\"text-align: justify;\"><\/p><\/blockquote>\n<\/div>\n\n\n\n<div class=\"PD IF\">\n<div id=\":1df.co\" class=\"JL\">\n<div id=\":1dj.ma\" class=\"Mu SP\" data-tooltip=\"2\/8\/16, 5:19 PM\"><span id=\":1dj.co\" class=\"tL8wMe xAWnQc\" dir=\"ltr\">Im\u00e1genes por&nbsp;<\/span><a style=\"line-height: 1.5;\" href=\"http:\/\/davidoffartinitiative.com\/artists\/\">davidoffartinitiative.com<\/a><\/div>\n<\/div>\n<\/div>\n","protected":false},"excerpt":{"rendered":"<p>Gracias al programa de residencia del Davidoff Art Initiative hemos tenido la oportunidad de conversar con un artista muy interesante, Paolo Chiasera. Nos habl\u00f3 de arte, su visi\u00f3n, experiencias en la Rep\u00fablica Dominicana y su participaci\u00f3n con Davidoff.<\/p>\n","protected":false},"author":36683,"featured_media":283006,"comment_status":"closed","ping_status":"closed","sticky":false,"template":"","format":"standard","meta":{"newspack_ads_suppress_ads":false,"newspack_popups_has_disabled_popups":false,"newspack_sponsor_sponsorship_scope":"","newspack_sponsor_native_byline_display":"inherit","newspack_sponsor_native_category_display":"inherit","newspack_sponsor_underwriter_style":"inherit","newspack_sponsor_underwriter_placement":"inherit","_newspack_byline_active":false,"_newspack_byline":"","newspack_hide_updated_date":false,"newspack_show_updated_date":false,"newspack_content_restriction_is_exempt":false,"newspack_featured_image_position":"","newspack_post_subtitle":"","newspack_article_summary_title":"Overview:","newspack_article_summary":"","_jetpack_memberships_contains_paid_content":false,"footnotes":"","jetpack_publicize_message":"","jetpack_publicize_feature_enabled":true,"jetpack_social_post_already_shared":false,"jetpack_social_options":{"image_generator_settings":{"template":"highway","default_image_id":0,"font":"","enabled":false},"version":2},"_wpas_customize_per_network":false},"categories":[26819,26823,26936,2526],"tags":[15387,3469,14781,24387],"newspack_spnsrs_tax":[],"class_list":["post-349154","post","type-post","status-publish","format-standard","has-post-thumbnail","hentry","category-altos-de-chavon-es","category-arte-y-cultura","category-casa-de-campo-living-es","category-titulares-es","tag-altos-de-chavon-es","tag-arte-y-cultura","tag-artista-es-6","tag-casa-de-campo-living-es","entry"],"yoast_head":"<!-- This site is optimized with the Yoast SEO plugin v27.4 - https:\/\/yoast.com\/product\/yoast-seo-wordpress\/ -->\n<title>Pablo Chiasera nos habla de Arte, Inspiraci\u00f3n y Direcci\u00f3n con el Davidoff Art Initiative Program | Casa de Campo Living<\/title>\n<meta name=\"description\" content=\"Gracias al programa de residencia del Davidoff Art Initiative hemos tenido la oportunidad de conversar con un artista muy interesante, Paolo Chiasera. Nos\" \/>\n<meta name=\"robots\" content=\"index, follow, max-snippet:-1, max-image-preview:large, max-video-preview:-1\" \/>\n<link rel=\"canonical\" href=\"https:\/\/casadecampoliving.com\/es\/pablo-chiasera-arte-inspiracion-y-direccion-davidoff-art-initiative\/\" \/>\n<meta property=\"og:locale\" content=\"es_ES\" \/>\n<meta property=\"og:type\" content=\"article\" \/>\n<meta property=\"og:title\" content=\"Pablo Chiasera nos habla de Arte, Inspiraci\u00f3n y Direcci\u00f3n con el Davidoff Art Initiative Program | Casa de Campo Living\" \/>\n<meta property=\"og:description\" content=\"Gracias al programa de residencia del Davidoff Art Initiative hemos tenido la oportunidad de conversar con un artista muy interesante, Paolo Chiasera. Nos\" \/>\n<meta property=\"og:url\" content=\"https:\/\/casadecampoliving.com\/es\/pablo-chiasera-arte-inspiracion-y-direccion-davidoff-art-initiative\/\" \/>\n<meta property=\"og:site_name\" content=\"Casa de Campo Living\" \/>\n<meta property=\"article:publisher\" content=\"https:\/\/www.facebook.com\/casadecampoliving\" \/>\n<meta property=\"article:published_time\" content=\"2016-02-08T04:00:00+00:00\" \/>\n<meta property=\"article:modified_time\" content=\"2022-10-21T23:01:29+00:00\" \/>\n<meta property=\"og:image\" content=\"https:\/\/i0.wp.com\/casadecampoliving.com\/wp-content\/uploads\/2022\/10\/artist2016_Chiasera_work_Secondo_Stile_Tent-500x0-2.jpg?fit=650%2C434&ssl=1\" \/>\n\t<meta property=\"og:image:width\" content=\"650\" \/>\n\t<meta property=\"og:image:height\" content=\"434\" \/>\n\t<meta property=\"og:image:type\" content=\"image\/jpeg\" \/>\n<meta name=\"author\" content=\"Anna Pavilsova\" \/>\n<meta name=\"twitter:card\" content=\"summary_large_image\" \/>\n<meta name=\"twitter:creator\" content=\"@cdcliving\" \/>\n<meta name=\"twitter:site\" content=\"@cdcliving\" \/>\n<meta name=\"twitter:label1\" content=\"Escrito por\" \/>\n\t<meta name=\"twitter:data1\" content=\"Anna Pavilsova\" \/>\n\t<meta name=\"twitter:label2\" content=\"Tiempo de lectura\" \/>\n\t<meta name=\"twitter:data2\" content=\"7 minutos\" \/>\n<script type=\"application\/ld+json\" class=\"yoast-schema-graph\">{\"@context\":\"https:\\\/\\\/schema.org\",\"@graph\":[{\"@type\":\"Article\",\"@id\":\"https:\\\/\\\/casadecampoliving.com\\\/es\\\/pablo-chiasera-arte-inspiracion-y-direccion-davidoff-art-initiative\\\/#article\",\"isPartOf\":{\"@id\":\"https:\\\/\\\/casadecampoliving.com\\\/es\\\/pablo-chiasera-arte-inspiracion-y-direccion-davidoff-art-initiative\\\/\"},\"author\":{\"name\":\"Anna Pavilsova\",\"@id\":\"https:\\\/\\\/casadecampoliving.com\\\/es\\\/#\\\/schema\\\/person\\\/18471262c056a7d1ee6adbd125d26275\"},\"headline\":\"Pablo Chiasera nos habla de Arte, Inspiraci\u00f3n y Direcci\u00f3n con el Davidoff Art Initiative Program\",\"datePublished\":\"2016-02-08T04:00:00+00:00\",\"dateModified\":\"2022-10-21T23:01:29+00:00\",\"mainEntityOfPage\":{\"@id\":\"https:\\\/\\\/casadecampoliving.com\\\/es\\\/pablo-chiasera-arte-inspiracion-y-direccion-davidoff-art-initiative\\\/\"},\"wordCount\":1494,\"publisher\":{\"@id\":\"https:\\\/\\\/casadecampoliving.com\\\/es\\\/#organization\"},\"image\":{\"@id\":\"https:\\\/\\\/casadecampoliving.com\\\/es\\\/pablo-chiasera-arte-inspiracion-y-direccion-davidoff-art-initiative\\\/#primaryimage\"},\"thumbnailUrl\":\"https:\\\/\\\/i0.wp.com\\\/casadecampoliving.com\\\/wp-content\\\/uploads\\\/2022\\\/10\\\/artist2016_Chiasera_work_Secondo_Stile_Tent-500x0-2.jpg?fit=650%2C434&ssl=1\",\"keywords\":[\"Altos de Chavon\",\"arte y cultura\",\"artista\",\"Casa de Campo Living\"],\"articleSection\":[\"Altos de Chavon @es\",\"Arte y cultura\",\"Casa de Campo Living @es\",\"Titulares\"],\"inLanguage\":\"es\"},{\"@type\":\"WebPage\",\"@id\":\"https:\\\/\\\/casadecampoliving.com\\\/es\\\/pablo-chiasera-arte-inspiracion-y-direccion-davidoff-art-initiative\\\/\",\"url\":\"https:\\\/\\\/casadecampoliving.com\\\/es\\\/pablo-chiasera-arte-inspiracion-y-direccion-davidoff-art-initiative\\\/\",\"name\":\"Pablo Chiasera nos habla de Arte, Inspiraci\u00f3n y Direcci\u00f3n con el Davidoff Art Initiative Program | Casa de Campo Living\",\"isPartOf\":{\"@id\":\"https:\\\/\\\/casadecampoliving.com\\\/es\\\/#website\"},\"primaryImageOfPage\":{\"@id\":\"https:\\\/\\\/casadecampoliving.com\\\/es\\\/pablo-chiasera-arte-inspiracion-y-direccion-davidoff-art-initiative\\\/#primaryimage\"},\"image\":{\"@id\":\"https:\\\/\\\/casadecampoliving.com\\\/es\\\/pablo-chiasera-arte-inspiracion-y-direccion-davidoff-art-initiative\\\/#primaryimage\"},\"thumbnailUrl\":\"https:\\\/\\\/i0.wp.com\\\/casadecampoliving.com\\\/wp-content\\\/uploads\\\/2022\\\/10\\\/artist2016_Chiasera_work_Secondo_Stile_Tent-500x0-2.jpg?fit=650%2C434&ssl=1\",\"datePublished\":\"2016-02-08T04:00:00+00:00\",\"dateModified\":\"2022-10-21T23:01:29+00:00\",\"description\":\"Gracias al programa de residencia del Davidoff Art Initiative hemos tenido la oportunidad de conversar con un artista muy interesante, Paolo Chiasera. Nos\",\"breadcrumb\":{\"@id\":\"https:\\\/\\\/casadecampoliving.com\\\/es\\\/pablo-chiasera-arte-inspiracion-y-direccion-davidoff-art-initiative\\\/#breadcrumb\"},\"inLanguage\":\"es\",\"potentialAction\":[{\"@type\":\"ReadAction\",\"target\":[\"https:\\\/\\\/casadecampoliving.com\\\/es\\\/pablo-chiasera-arte-inspiracion-y-direccion-davidoff-art-initiative\\\/\"]}]},{\"@type\":\"ImageObject\",\"inLanguage\":\"es\",\"@id\":\"https:\\\/\\\/casadecampoliving.com\\\/es\\\/pablo-chiasera-arte-inspiracion-y-direccion-davidoff-art-initiative\\\/#primaryimage\",\"url\":\"https:\\\/\\\/i0.wp.com\\\/casadecampoliving.com\\\/wp-content\\\/uploads\\\/2022\\\/10\\\/artist2016_Chiasera_work_Secondo_Stile_Tent-500x0-2.jpg?fit=650%2C434&ssl=1\",\"contentUrl\":\"https:\\\/\\\/i0.wp.com\\\/casadecampoliving.com\\\/wp-content\\\/uploads\\\/2022\\\/10\\\/artist2016_Chiasera_work_Secondo_Stile_Tent-500x0-2.jpg?fit=650%2C434&ssl=1\",\"width\":650,\"height\":434,\"caption\":\"artist2016_Chiasera_work_Secondo_Stile_Tent-500x0\"},{\"@type\":\"BreadcrumbList\",\"@id\":\"https:\\\/\\\/casadecampoliving.com\\\/es\\\/pablo-chiasera-arte-inspiracion-y-direccion-davidoff-art-initiative\\\/#breadcrumb\",\"itemListElement\":[{\"@type\":\"ListItem\",\"position\":1,\"name\":\"Home\",\"item\":\"https:\\\/\\\/casadecampoliving.com\\\/es\\\/\"},{\"@type\":\"ListItem\",\"position\":2,\"name\":\"Pablo Chiasera nos habla de Arte, Inspiraci\u00f3n y Direcci\u00f3n con el Davidoff Art Initiative Program\"}]},{\"@type\":\"WebSite\",\"@id\":\"https:\\\/\\\/casadecampoliving.com\\\/es\\\/#website\",\"url\":\"https:\\\/\\\/casadecampoliving.com\\\/es\\\/\",\"name\":\"Casa de Campo Living\",\"description\":\"Resort community news and resources.\",\"publisher\":{\"@id\":\"https:\\\/\\\/casadecampoliving.com\\\/es\\\/#organization\"},\"potentialAction\":[{\"@type\":\"SearchAction\",\"target\":{\"@type\":\"EntryPoint\",\"urlTemplate\":\"https:\\\/\\\/casadecampoliving.com\\\/es\\\/?s={search_term_string}\"},\"query-input\":{\"@type\":\"PropertyValueSpecification\",\"valueRequired\":true,\"valueName\":\"search_term_string\"}}],\"inLanguage\":\"es\"},{\"@type\":\"Organization\",\"@id\":\"https:\\\/\\\/casadecampoliving.com\\\/es\\\/#organization\",\"name\":\"Casa de Campo Living\",\"url\":\"https:\\\/\\\/casadecampoliving.com\\\/es\\\/\",\"logo\":{\"@type\":\"ImageObject\",\"inLanguage\":\"es\",\"@id\":\"https:\\\/\\\/casadecampoliving.com\\\/es\\\/#\\\/schema\\\/logo\\\/image\\\/\",\"url\":\"https:\\\/\\\/i0.wp.com\\\/casadecampoliving.com\\\/wp-content\\\/uploads\\\/2022\\\/07\\\/CDCLivingLogo_V1-white-sized.png?fit=800%2C214&ssl=1\",\"contentUrl\":\"https:\\\/\\\/i0.wp.com\\\/casadecampoliving.com\\\/wp-content\\\/uploads\\\/2022\\\/07\\\/CDCLivingLogo_V1-white-sized.png?fit=800%2C214&ssl=1\",\"width\":800,\"height\":214,\"caption\":\"Casa de Campo Living\"},\"image\":{\"@id\":\"https:\\\/\\\/casadecampoliving.com\\\/es\\\/#\\\/schema\\\/logo\\\/image\\\/\"},\"sameAs\":[\"https:\\\/\\\/www.facebook.com\\\/casadecampoliving\",\"https:\\\/\\\/x.com\\\/cdcliving\"]},{\"@type\":\"Person\",\"@id\":\"https:\\\/\\\/casadecampoliving.com\\\/es\\\/#\\\/schema\\\/person\\\/18471262c056a7d1ee6adbd125d26275\",\"name\":\"Anna Pavilsova\",\"image\":{\"@type\":\"ImageObject\",\"inLanguage\":\"es\",\"@id\":\"https:\\\/\\\/secure.gravatar.com\\\/avatar\\\/bd0620e5ffaea93e8727c1933c5adb433b77b6b8bf4cff105478c55b61a3e855?s=96&d=mm&r=g\",\"url\":\"https:\\\/\\\/secure.gravatar.com\\\/avatar\\\/bd0620e5ffaea93e8727c1933c5adb433b77b6b8bf4cff105478c55b61a3e855?s=96&d=mm&r=g\",\"contentUrl\":\"https:\\\/\\\/secure.gravatar.com\\\/avatar\\\/bd0620e5ffaea93e8727c1933c5adb433b77b6b8bf4cff105478c55b61a3e855?s=96&d=mm&r=g\",\"caption\":\"Anna Pavilsova\"},\"url\":\"https:\\\/\\\/casadecampoliving.com\\\/es\\\/author\\\/apavilsova\\\/\"}]}<\/script>\n<!-- \/ Yoast SEO plugin. -->","yoast_head_json":{"title":"Pablo Chiasera nos habla de Arte, Inspiraci\u00f3n y Direcci\u00f3n con el Davidoff Art Initiative Program | Casa de Campo Living","description":"Gracias al programa de residencia del Davidoff Art Initiative hemos tenido la oportunidad de conversar con un artista muy interesante, Paolo Chiasera. Nos","robots":{"index":"index","follow":"follow","max-snippet":"max-snippet:-1","max-image-preview":"max-image-preview:large","max-video-preview":"max-video-preview:-1"},"canonical":"https:\/\/casadecampoliving.com\/es\/pablo-chiasera-arte-inspiracion-y-direccion-davidoff-art-initiative\/","og_locale":"es_ES","og_type":"article","og_title":"Pablo Chiasera nos habla de Arte, Inspiraci\u00f3n y Direcci\u00f3n con el Davidoff Art Initiative Program | Casa de Campo Living","og_description":"Gracias al programa de residencia del Davidoff Art Initiative hemos tenido la oportunidad de conversar con un artista muy interesante, Paolo Chiasera. Nos","og_url":"https:\/\/casadecampoliving.com\/es\/pablo-chiasera-arte-inspiracion-y-direccion-davidoff-art-initiative\/","og_site_name":"Casa de Campo Living","article_publisher":"https:\/\/www.facebook.com\/casadecampoliving","article_published_time":"2016-02-08T04:00:00+00:00","article_modified_time":"2022-10-21T23:01:29+00:00","og_image":[{"width":650,"height":434,"url":"https:\/\/i0.wp.com\/casadecampoliving.com\/wp-content\/uploads\/2022\/10\/artist2016_Chiasera_work_Secondo_Stile_Tent-500x0-2.jpg?fit=650%2C434&ssl=1","type":"image\/jpeg"}],"author":"Anna Pavilsova","twitter_card":"summary_large_image","twitter_creator":"@cdcliving","twitter_site":"@cdcliving","twitter_misc":{"Escrito por":"Anna Pavilsova","Tiempo de lectura":"7 minutos"},"schema":{"@context":"https:\/\/schema.org","@graph":[{"@type":"Article","@id":"https:\/\/casadecampoliving.com\/es\/pablo-chiasera-arte-inspiracion-y-direccion-davidoff-art-initiative\/#article","isPartOf":{"@id":"https:\/\/casadecampoliving.com\/es\/pablo-chiasera-arte-inspiracion-y-direccion-davidoff-art-initiative\/"},"author":{"name":"Anna Pavilsova","@id":"https:\/\/casadecampoliving.com\/es\/#\/schema\/person\/18471262c056a7d1ee6adbd125d26275"},"headline":"Pablo Chiasera nos habla de Arte, Inspiraci\u00f3n y Direcci\u00f3n con el Davidoff Art Initiative Program","datePublished":"2016-02-08T04:00:00+00:00","dateModified":"2022-10-21T23:01:29+00:00","mainEntityOfPage":{"@id":"https:\/\/casadecampoliving.com\/es\/pablo-chiasera-arte-inspiracion-y-direccion-davidoff-art-initiative\/"},"wordCount":1494,"publisher":{"@id":"https:\/\/casadecampoliving.com\/es\/#organization"},"image":{"@id":"https:\/\/casadecampoliving.com\/es\/pablo-chiasera-arte-inspiracion-y-direccion-davidoff-art-initiative\/#primaryimage"},"thumbnailUrl":"https:\/\/i0.wp.com\/casadecampoliving.com\/wp-content\/uploads\/2022\/10\/artist2016_Chiasera_work_Secondo_Stile_Tent-500x0-2.jpg?fit=650%2C434&ssl=1","keywords":["Altos de Chavon","arte y cultura","artista","Casa de Campo Living"],"articleSection":["Altos de Chavon @es","Arte y cultura","Casa de Campo Living @es","Titulares"],"inLanguage":"es"},{"@type":"WebPage","@id":"https:\/\/casadecampoliving.com\/es\/pablo-chiasera-arte-inspiracion-y-direccion-davidoff-art-initiative\/","url":"https:\/\/casadecampoliving.com\/es\/pablo-chiasera-arte-inspiracion-y-direccion-davidoff-art-initiative\/","name":"Pablo Chiasera nos habla de Arte, Inspiraci\u00f3n y Direcci\u00f3n con el Davidoff Art Initiative Program | Casa de Campo Living","isPartOf":{"@id":"https:\/\/casadecampoliving.com\/es\/#website"},"primaryImageOfPage":{"@id":"https:\/\/casadecampoliving.com\/es\/pablo-chiasera-arte-inspiracion-y-direccion-davidoff-art-initiative\/#primaryimage"},"image":{"@id":"https:\/\/casadecampoliving.com\/es\/pablo-chiasera-arte-inspiracion-y-direccion-davidoff-art-initiative\/#primaryimage"},"thumbnailUrl":"https:\/\/i0.wp.com\/casadecampoliving.com\/wp-content\/uploads\/2022\/10\/artist2016_Chiasera_work_Secondo_Stile_Tent-500x0-2.jpg?fit=650%2C434&ssl=1","datePublished":"2016-02-08T04:00:00+00:00","dateModified":"2022-10-21T23:01:29+00:00","description":"Gracias al programa de residencia del Davidoff Art Initiative hemos tenido la oportunidad de conversar con un artista muy interesante, Paolo Chiasera. Nos","breadcrumb":{"@id":"https:\/\/casadecampoliving.com\/es\/pablo-chiasera-arte-inspiracion-y-direccion-davidoff-art-initiative\/#breadcrumb"},"inLanguage":"es","potentialAction":[{"@type":"ReadAction","target":["https:\/\/casadecampoliving.com\/es\/pablo-chiasera-arte-inspiracion-y-direccion-davidoff-art-initiative\/"]}]},{"@type":"ImageObject","inLanguage":"es","@id":"https:\/\/casadecampoliving.com\/es\/pablo-chiasera-arte-inspiracion-y-direccion-davidoff-art-initiative\/#primaryimage","url":"https:\/\/i0.wp.com\/casadecampoliving.com\/wp-content\/uploads\/2022\/10\/artist2016_Chiasera_work_Secondo_Stile_Tent-500x0-2.jpg?fit=650%2C434&ssl=1","contentUrl":"https:\/\/i0.wp.com\/casadecampoliving.com\/wp-content\/uploads\/2022\/10\/artist2016_Chiasera_work_Secondo_Stile_Tent-500x0-2.jpg?fit=650%2C434&ssl=1","width":650,"height":434,"caption":"artist2016_Chiasera_work_Secondo_Stile_Tent-500x0"},{"@type":"BreadcrumbList","@id":"https:\/\/casadecampoliving.com\/es\/pablo-chiasera-arte-inspiracion-y-direccion-davidoff-art-initiative\/#breadcrumb","itemListElement":[{"@type":"ListItem","position":1,"name":"Home","item":"https:\/\/casadecampoliving.com\/es\/"},{"@type":"ListItem","position":2,"name":"Pablo Chiasera nos habla de Arte, Inspiraci\u00f3n y Direcci\u00f3n con el Davidoff Art Initiative Program"}]},{"@type":"WebSite","@id":"https:\/\/casadecampoliving.com\/es\/#website","url":"https:\/\/casadecampoliving.com\/es\/","name":"Casa de Campo Living","description":"Resort community news and resources.","publisher":{"@id":"https:\/\/casadecampoliving.com\/es\/#organization"},"potentialAction":[{"@type":"SearchAction","target":{"@type":"EntryPoint","urlTemplate":"https:\/\/casadecampoliving.com\/es\/?s={search_term_string}"},"query-input":{"@type":"PropertyValueSpecification","valueRequired":true,"valueName":"search_term_string"}}],"inLanguage":"es"},{"@type":"Organization","@id":"https:\/\/casadecampoliving.com\/es\/#organization","name":"Casa de Campo Living","url":"https:\/\/casadecampoliving.com\/es\/","logo":{"@type":"ImageObject","inLanguage":"es","@id":"https:\/\/casadecampoliving.com\/es\/#\/schema\/logo\/image\/","url":"https:\/\/i0.wp.com\/casadecampoliving.com\/wp-content\/uploads\/2022\/07\/CDCLivingLogo_V1-white-sized.png?fit=800%2C214&ssl=1","contentUrl":"https:\/\/i0.wp.com\/casadecampoliving.com\/wp-content\/uploads\/2022\/07\/CDCLivingLogo_V1-white-sized.png?fit=800%2C214&ssl=1","width":800,"height":214,"caption":"Casa de Campo Living"},"image":{"@id":"https:\/\/casadecampoliving.com\/es\/#\/schema\/logo\/image\/"},"sameAs":["https:\/\/www.facebook.com\/casadecampoliving","https:\/\/x.com\/cdcliving"]},{"@type":"Person","@id":"https:\/\/casadecampoliving.com\/es\/#\/schema\/person\/18471262c056a7d1ee6adbd125d26275","name":"Anna Pavilsova","image":{"@type":"ImageObject","inLanguage":"es","@id":"https:\/\/secure.gravatar.com\/avatar\/bd0620e5ffaea93e8727c1933c5adb433b77b6b8bf4cff105478c55b61a3e855?s=96&d=mm&r=g","url":"https:\/\/secure.gravatar.com\/avatar\/bd0620e5ffaea93e8727c1933c5adb433b77b6b8bf4cff105478c55b61a3e855?s=96&d=mm&r=g","contentUrl":"https:\/\/secure.gravatar.com\/avatar\/bd0620e5ffaea93e8727c1933c5adb433b77b6b8bf4cff105478c55b61a3e855?s=96&d=mm&r=g","caption":"Anna Pavilsova"},"url":"https:\/\/casadecampoliving.com\/es\/author\/apavilsova\/"}]}},"parsely":{"version":"1.1.0","canonical_url":"https:\/\/casadecampoliving.com\/es\/pablo-chiasera-arte-inspiracion-y-direccion-davidoff-art-initiative\/","smart_links":{"inbound":0,"outbound":0},"traffic_boost_suggestions_count":0,"meta":{"@context":"https:\/\/schema.org","@type":"NewsArticle","headline":"Pablo Chiasera nos habla de Arte, Inspiraci\u00f3n y Direcci\u00f3n con el Davidoff Art Initiative Program","url":"http:\/\/casadecampoliving.com\/es\/pablo-chiasera-arte-inspiracion-y-direccion-davidoff-art-initiative\/","mainEntityOfPage":{"@type":"WebPage","@id":"http:\/\/casadecampoliving.com\/es\/pablo-chiasera-arte-inspiracion-y-direccion-davidoff-art-initiative\/"},"thumbnailUrl":"https:\/\/i0.wp.com\/casadecampoliving.com\/wp-content\/uploads\/2022\/10\/artist2016_Chiasera_work_Secondo_Stile_Tent-500x0-2.jpg?resize=150%2C150&ssl=1","image":{"@type":"ImageObject","url":"https:\/\/i0.wp.com\/casadecampoliving.com\/wp-content\/uploads\/2022\/10\/artist2016_Chiasera_work_Secondo_Stile_Tent-500x0-2.jpg?fit=650%2C434&ssl=1"},"articleSection":"Altos de Chavon @es","author":[{"@type":"Person","name":"Anna Pavilsova"}],"creator":["Anna Pavilsova"],"publisher":{"@type":"Organization","name":"Casa de Campo Living","logo":"https:\/\/casadecampoliving.com\/wp-content\/uploads\/2022\/07\/CDCLivingLogo_V1-white-sized.png"},"keywords":["altos de chavon","arte y cultura","artista","casa de campo living"],"dateCreated":"2016-02-08T04:00:00Z","datePublished":"2016-02-08T04:00:00Z","dateModified":"2022-10-21T23:01:29Z"},"rendered":"<script type=\"application\/ld+json\" class=\"wp-parsely-metadata\">{\"@context\":\"https:\\\/\\\/schema.org\",\"@type\":\"NewsArticle\",\"headline\":\"Pablo Chiasera nos habla de Arte, Inspiraci\\u00f3n y Direcci\\u00f3n con el Davidoff Art Initiative Program\",\"url\":\"http:\\\/\\\/casadecampoliving.com\\\/es\\\/pablo-chiasera-arte-inspiracion-y-direccion-davidoff-art-initiative\\\/\",\"mainEntityOfPage\":{\"@type\":\"WebPage\",\"@id\":\"http:\\\/\\\/casadecampoliving.com\\\/es\\\/pablo-chiasera-arte-inspiracion-y-direccion-davidoff-art-initiative\\\/\"},\"thumbnailUrl\":\"https:\\\/\\\/i0.wp.com\\\/casadecampoliving.com\\\/wp-content\\\/uploads\\\/2022\\\/10\\\/artist2016_Chiasera_work_Secondo_Stile_Tent-500x0-2.jpg?resize=150%2C150&ssl=1\",\"image\":{\"@type\":\"ImageObject\",\"url\":\"https:\\\/\\\/i0.wp.com\\\/casadecampoliving.com\\\/wp-content\\\/uploads\\\/2022\\\/10\\\/artist2016_Chiasera_work_Secondo_Stile_Tent-500x0-2.jpg?fit=650%2C434&ssl=1\"},\"articleSection\":\"Altos de Chavon @es\",\"author\":[{\"@type\":\"Person\",\"name\":\"Anna Pavilsova\"}],\"creator\":[\"Anna Pavilsova\"],\"publisher\":{\"@type\":\"Organization\",\"name\":\"Casa de Campo Living\",\"logo\":\"https:\\\/\\\/casadecampoliving.com\\\/wp-content\\\/uploads\\\/2022\\\/07\\\/CDCLivingLogo_V1-white-sized.png\"},\"keywords\":[\"altos de chavon\",\"arte y cultura\",\"artista\",\"casa de campo living\"],\"dateCreated\":\"2016-02-08T04:00:00Z\",\"datePublished\":\"2016-02-08T04:00:00Z\",\"dateModified\":\"2022-10-21T23:01:29Z\"}<\/script>","tracker_url":"https:\/\/cdn.parsely.com\/keys\/casadecampoliving.com\/p.js"},"jetpack_publicize_connections":[],"jetpack_featured_media_url":"https:\/\/i0.wp.com\/casadecampoliving.com\/wp-content\/uploads\/2022\/10\/artist2016_Chiasera_work_Secondo_Stile_Tent-500x0-2.jpg?fit=650%2C434&ssl=1","jetpack-related-posts":[{"id":349435,"url":"https:\/\/casadecampoliving.com\/es\/paolo-chiasera\/","url_meta":{"origin":349154,"position":0},"title":"Paolo Chiasera presenta su exposici\u00f3n \u00abSecondo Stile\u00bb con la Escuela de Dise\u00f1o","author":"Heather Lincoln","date":"17 Mar, 2016","format":false,"excerpt":"Ya casi se nos van\u00a0nuestros artistas en residencia Davidoff. Durante un per\u00edodo de tres meses, se han sumergido en una nueva cultura, disfrutado de sus paisajes, costumbres sociales, imperfecciones y belleza. Ellos han sido capaces de conocer nuevos amigos y han elaborado\u00a0nuevas ideas art\u00edsticas al mismo tiempo que comparten con\u2026","rel":"","context":"En \u00abAltos de Chavon @es\u00bb","block_context":{"text":"Altos de Chavon @es","link":"https:\/\/casadecampoliving.com\/category\/altos-de-chavon-es\/"},"img":{"alt_text":"Paolo Chiasera Davidoff Art Residency","src":"https:\/\/i0.wp.com\/casadecampoliving.com\/wp-content\/uploads\/2022\/10\/Paolo-Chiasera-Davidoff-Art-Residency-e1458238825556.jpg?fit=1000%2C702&ssl=1&resize=350%2C200","width":350,"height":200,"srcset":"https:\/\/i0.wp.com\/casadecampoliving.com\/wp-content\/uploads\/2022\/10\/Paolo-Chiasera-Davidoff-Art-Residency-e1458238825556.jpg?fit=1000%2C702&ssl=1&resize=350%2C200 1x, https:\/\/i0.wp.com\/casadecampoliving.com\/wp-content\/uploads\/2022\/10\/Paolo-Chiasera-Davidoff-Art-Residency-e1458238825556.jpg?fit=1000%2C702&ssl=1&resize=525%2C300 1.5x, https:\/\/i0.wp.com\/casadecampoliving.com\/wp-content\/uploads\/2022\/10\/Paolo-Chiasera-Davidoff-Art-Residency-e1458238825556.jpg?fit=1000%2C702&ssl=1&resize=700%2C400 2x"},"classes":[]},{"id":349499,"url":"https:\/\/casadecampoliving.com\/es\/paolo-chiasera-residente-del-davidoff-art-initiative-abre-exposicion-junto-con-estudiantes-de-la-escuela-de-diseno\/","url_meta":{"origin":349154,"position":1},"title":"Paolo Chiasera Residente del Davidoff Art Initiative abre exposici\u00f3n junto con estudiantes de la Escuela de Dise\u00f1o","author":"Anna Pavilsova","date":"27 Mar, 2016","format":false,"excerpt":"Paolo Chiasera es uno de los cuatro artistas muy talentosos que, gracias al programa de residencia del Davidoff Art Initiative, vinieron a vivir en Altos de Chav\u00f3n. El pasado viernes, 18 de marzo \u00e9l junto con tres estudiantes de la Escuela de Arte y Dise\u00f1o, Michele Saiz, William III y\u2026","rel":"","context":"En \u00abArte y cultura\u00bb","block_context":{"text":"Arte y cultura","link":"https:\/\/casadecampoliving.com\/category\/arte-y-cultura\/"},"img":{"alt_text":"Featured Image \u2014 Paolo Chiasera exhibit with School of Design","src":"https:\/\/i0.wp.com\/casadecampoliving.com\/wp-content\/uploads\/2022\/10\/DSC_0469-scaled.jpg?fit=1200%2C800&ssl=1&resize=350%2C200","width":350,"height":200,"srcset":"https:\/\/i0.wp.com\/casadecampoliving.com\/wp-content\/uploads\/2022\/10\/DSC_0469-scaled.jpg?fit=1200%2C800&ssl=1&resize=350%2C200 1x, https:\/\/i0.wp.com\/casadecampoliving.com\/wp-content\/uploads\/2022\/10\/DSC_0469-scaled.jpg?fit=1200%2C800&ssl=1&resize=525%2C300 1.5x, https:\/\/i0.wp.com\/casadecampoliving.com\/wp-content\/uploads\/2022\/10\/DSC_0469-scaled.jpg?fit=1200%2C800&ssl=1&resize=700%2C400 2x, https:\/\/i0.wp.com\/casadecampoliving.com\/wp-content\/uploads\/2022\/10\/DSC_0469-scaled.jpg?fit=1200%2C800&ssl=1&resize=1050%2C600 3x"},"classes":[]},{"id":349065,"url":"https:\/\/casadecampoliving.com\/es\/conoce-nuevos-artistas-residencia-davidoff-art-initiative\/","url_meta":{"origin":349154,"position":2},"title":"Conoce los nuevos artistas en residencia del Davidoff Art Initiative","author":"Carla Campos","date":"25 Ene, 2016","format":false,"excerpt":"Paolo Chiasera, Louis Henderson y\u00a0Oscar Santillan ser\u00e1n introducidos HOY, 25 de enero, como los nuevos artistas en residencia del Davidoff Art Initiative Residency. Est\u00e1n cordialmente invitados al c\u00f3ctel de introducci\u00f3n, que se llevar\u00e1 a cabo en La Galer\u00eda de Altos de Chav\u00f3n a las\u00a07:00pm. Louis Henderson Es un cineasta cuyo\u2026","rel":"","context":"En \u00abAltos de Chavon @es\u00bb","block_context":{"text":"Altos de Chavon @es","link":"https:\/\/casadecampoliving.com\/category\/altos-de-chavon-es\/"},"img":{"alt_text":"","src":"https:\/\/i0.wp.com\/casadecampoliving.com\/wp-content\/uploads\/2022\/10\/large-2-1.jpg?fit=640%2C444&ssl=1&resize=350%2C200","width":350,"height":200,"srcset":"https:\/\/i0.wp.com\/casadecampoliving.com\/wp-content\/uploads\/2022\/10\/large-2-1.jpg?fit=640%2C444&ssl=1&resize=350%2C200 1x, https:\/\/i0.wp.com\/casadecampoliving.com\/wp-content\/uploads\/2022\/10\/large-2-1.jpg?fit=640%2C444&ssl=1&resize=525%2C300 1.5x"},"classes":[]},{"id":349098,"url":"https:\/\/casadecampoliving.com\/es\/nuevos-artistas-residentes-davidoff-altos-de-chavon\/","url_meta":{"origin":349154,"position":3},"title":"Nuevos Artistas en la Residencia Davidoff en Altos de Chav\u00f3n","author":"Anna Pavilsova","date":"29 Ene, 2016","format":false,"excerpt":"\u00a1Hay tres incre\u00edbles artistas en Casa de Campo! Todo gracias al Davidoff Art Residency Initiative, la cual ayuda a los artistas a reunirse y trabajar en distintos pa\u00edses. El programa ayuda a los artistas a desarrollarse proporcion\u00e1ndoles oportunidades para promover su trabajo y obtener contactos internacionales, mientras est\u00e1n inmersos en\u2026","rel":"","context":"En \u00abAltos de Chavon @es\u00bb","block_context":{"text":"Altos de Chavon @es","link":"https:\/\/casadecampoliving.com\/category\/altos-de-chavon-es\/"},"img":{"alt_text":"Art Gallery Piece","src":"https:\/\/i0.wp.com\/casadecampoliving.com\/wp-content\/uploads\/2022\/10\/Art-Gallery-Piece-1.jpg?fit=650%2C323&ssl=1&resize=350%2C200","width":350,"height":200,"srcset":"https:\/\/i0.wp.com\/casadecampoliving.com\/wp-content\/uploads\/2022\/10\/Art-Gallery-Piece-1.jpg?fit=650%2C323&ssl=1&resize=350%2C200 1x, https:\/\/i0.wp.com\/casadecampoliving.com\/wp-content\/uploads\/2022\/10\/Art-Gallery-Piece-1.jpg?fit=650%2C323&ssl=1&resize=525%2C300 1.5x"},"classes":[]},{"id":351059,"url":"https:\/\/casadecampoliving.com\/es\/conoce-los-nuevos-artistas-de-la-residencia-de-la-iniciativa-de-arte-davidoff-de-este-ano\/","url_meta":{"origin":349154,"position":4},"title":"Conoce a los nuevos artistas de la Residencia de la Iniciativa de Arte Davidoff de este a\u00f1o","author":"Marlenys Guzm\u00e1n Casta\u00f1os","date":"23 Ene, 2017","format":false,"excerpt":"Nastasia Meyrat, Yan Xing y Claire Trotignon ser\u00e1n presentados a la comunidad de Casa de Campo ma\u00f1ana, 24 de enero, como los nuevos artistas en residencia de la Iniciativa de Arte Davidoff 2017. Todos est\u00e1n cordialmente invitados a asistir a la presentaci\u00f3n de estos talentosos artistas\u00a0que tendra lugar en el\u2026","rel":"","context":"En \u00abAltos de Chavon @es\u00bb","block_context":{"text":"Altos de Chavon @es","link":"https:\/\/casadecampoliving.com\/category\/altos-de-chavon-es\/"},"img":{"alt_text":"","src":"https:\/\/i0.wp.com\/casadecampoliving.com\/wp-content\/uploads\/2022\/10\/Altos-de-Chavon_Studios_13-1-scaled.jpg?fit=1200%2C801&ssl=1&resize=350%2C200","width":350,"height":200,"srcset":"https:\/\/i0.wp.com\/casadecampoliving.com\/wp-content\/uploads\/2022\/10\/Altos-de-Chavon_Studios_13-1-scaled.jpg?fit=1200%2C801&ssl=1&resize=350%2C200 1x, https:\/\/i0.wp.com\/casadecampoliving.com\/wp-content\/uploads\/2022\/10\/Altos-de-Chavon_Studios_13-1-scaled.jpg?fit=1200%2C801&ssl=1&resize=525%2C300 1.5x, https:\/\/i0.wp.com\/casadecampoliving.com\/wp-content\/uploads\/2022\/10\/Altos-de-Chavon_Studios_13-1-scaled.jpg?fit=1200%2C801&ssl=1&resize=700%2C400 2x, https:\/\/i0.wp.com\/casadecampoliving.com\/wp-content\/uploads\/2022\/10\/Altos-de-Chavon_Studios_13-1-scaled.jpg?fit=1200%2C801&ssl=1&resize=1050%2C600 3x"},"classes":[]},{"id":327258,"url":"https:\/\/casadecampoliving.com\/davidoff-art-initiative-resident-paolo-chiasera-opened-joint-exhibition-school-design-students\/","url_meta":{"origin":349154,"position":5},"title":"Davidoff Art Initiative resident Paolo Chiasera&#8217;s joint exhibition with School of Design","author":"Anna Pavilsova","date":"27 Mar, 2016","format":false,"excerpt":"Paolo Chiasera is one of four very talented artists who, thanks to the Davidoff Art Initiative Residency, came to live in Altos in Chav\u00f3n. Last Friday, March 18th, he and three students from the School of Art and Design, Michele Saiz, William III and Aimee Morales opened a joint exhibit!\u2026","rel":"","context":"En \u00abArt and Culture\u00bb","block_context":{"text":"Art and Culture","link":"https:\/\/casadecampoliving.com\/category\/art-and-culture\/"},"img":{"alt_text":"Featured Image \u2014 Paolo Chiasera exhibit with School of Design","src":"https:\/\/i0.wp.com\/casadecampoliving.com\/wp-content\/uploads\/2022\/10\/DSC_0469-scaled.jpg?fit=1200%2C800&ssl=1&resize=350%2C200","width":350,"height":200,"srcset":"https:\/\/i0.wp.com\/casadecampoliving.com\/wp-content\/uploads\/2022\/10\/DSC_0469-scaled.jpg?fit=1200%2C800&ssl=1&resize=350%2C200 1x, https:\/\/i0.wp.com\/casadecampoliving.com\/wp-content\/uploads\/2022\/10\/DSC_0469-scaled.jpg?fit=1200%2C800&ssl=1&resize=525%2C300 1.5x, https:\/\/i0.wp.com\/casadecampoliving.com\/wp-content\/uploads\/2022\/10\/DSC_0469-scaled.jpg?fit=1200%2C800&ssl=1&resize=700%2C400 2x, https:\/\/i0.wp.com\/casadecampoliving.com\/wp-content\/uploads\/2022\/10\/DSC_0469-scaled.jpg?fit=1200%2C800&ssl=1&resize=1050%2C600 3x"},"classes":[]}],"jetpack_sharing_enabled":true,"_links":{"self":[{"href":"https:\/\/casadecampoliving.com\/es\/wp-json\/wp\/v2\/posts\/349154","targetHints":{"allow":["GET"]}}],"collection":[{"href":"https:\/\/casadecampoliving.com\/es\/wp-json\/wp\/v2\/posts"}],"about":[{"href":"https:\/\/casadecampoliving.com\/es\/wp-json\/wp\/v2\/types\/post"}],"author":[{"embeddable":true,"href":"https:\/\/casadecampoliving.com\/es\/wp-json\/wp\/v2\/users\/36683"}],"replies":[{"embeddable":true,"href":"https:\/\/casadecampoliving.com\/es\/wp-json\/wp\/v2\/comments?post=349154"}],"version-history":[{"count":1,"href":"https:\/\/casadecampoliving.com\/es\/wp-json\/wp\/v2\/posts\/349154\/revisions"}],"predecessor-version":[{"id":349155,"href":"https:\/\/casadecampoliving.com\/es\/wp-json\/wp\/v2\/posts\/349154\/revisions\/349155"}],"wp:featuredmedia":[{"embeddable":true,"href":"https:\/\/casadecampoliving.com\/es\/wp-json\/wp\/v2\/media\/283006"}],"wp:attachment":[{"href":"https:\/\/casadecampoliving.com\/es\/wp-json\/wp\/v2\/media?parent=349154"}],"wp:term":[{"taxonomy":"category","embeddable":true,"href":"https:\/\/casadecampoliving.com\/es\/wp-json\/wp\/v2\/categories?post=349154"},{"taxonomy":"post_tag","embeddable":true,"href":"https:\/\/casadecampoliving.com\/es\/wp-json\/wp\/v2\/tags?post=349154"},{"taxonomy":"newspack_spnsrs_tax","embeddable":true,"href":"https:\/\/casadecampoliving.com\/es\/wp-json\/wp\/v2\/newspack_spnsrs_tax?post=349154"}],"curies":[{"name":"wp","href":"https:\/\/api.w.org\/{rel}","templated":true}]}}